{"id":58312,"date":"2025-04-17T10:42:13","date_gmt":"2025-04-17T07:42:13","guid":{"rendered":"https:\/\/denizcankizil.tr\/uncategorized-tr\/antalyada-yeni-at-ve-esek-eti-vakasi-pidenin-icinden-kalp-cikti\/"},"modified":"2025-04-17T10:42:13","modified_gmt":"2025-04-17T07:42:13","slug":"antalyada-yeni-at-ve-esek-eti-vakasi-pidenin-icinden-kalp-cikti","status":"publish","type":"post","link":"https:\/\/denizcankizil.tr\/en\/haberler\/gundem\/antalyada-yeni-at-ve-esek-eti-vakasi-pidenin-icinden-kalp-cikti\/","title":{"rendered":"Antalya\u2019da yeni at ve e\u015fek eti vakas\u0131! Pidenin i\u00e7inden kalp \u00e7\u0131kt\u0131"},"content":{"rendered":"<p>Tar\u0131m ve Orman Bakanl\u0131\u011f\u0131 17 Nisan 2025 Per\u015fembe g\u00fcn\u00fc (bug\u00fcn) g\u0131dada hile yapan firmalar\u0131n listesini g\u00fcncelledi. Bir\u00e7ok skandal\u0131n yer ald\u0131\u011f\u0131 listede Antalya\u2019da vatanda\u015fa yine at ve e\u015fek eti yedirildi\u011fi ortaya \u00e7\u0131karken bir ba\u015fka firman\u0131n ise pidesinde sakatat (kalp) tespit edildi.<\/p>\n<p>B\u0130R F\u0130RMA DAHA AT VE E\u015eEK ET\u0130 KULLANDI <\/p>\n<p>Bakanl\u0131\u011f\u0131n resmi internet sitesi \u2018guvenilirgida.tarimorman.gov.tr\u2019de yay\u0131nlanan yeni listede Antalya\u2019dan bir i\u015fletme daha yer ald\u0131. Antalya\u2019n\u0131n Muratpa\u015fa il\u00e7esinde faaliyet g\u00f6steren EMR Grup Restoran&#8217;\u0131n dana etinde ve &#8220;Yap\u0131c\u0131&#8221; marka kavurmas\u0131nda tek t\u0131rnakl\u0131 et (at ve e\u015fek eti) tespit edildi. Vatanda\u015flara dana eti ad\u0131 alt\u0131nda at ve e\u015fek eti yediren bir firma daha if\u015fa edilmi\u015f oldu.<\/p>\n<p>VATANDA\u015eLARA KALP YED\u0130RM\u0130\u015eLER <\/p>\n<p>Bakanl\u0131k taraf\u0131ndan yay\u0131nlana bir di\u011fer \u201cTaklit Veya Ta\u011f\u015fi\u015f Yap\u0131lan G\u0131dalar\u201d adl\u0131 listede ise Konyaalt\u0131\u2019nda faaliyet y\u00fcr\u00fcten Yama\u00e7oba Restoran Sanayi Ve Ticaret Limited \u015eirketi\u2019nin \u00e7i\u011f k\u0131ymal\u0131 pide harc\u0131nda kullan\u0131lan dana etinde sakatat (kalp) tespit edildi.<\/p>\n<p>\u200bTar\u0131m ve Orman Bakanl\u0131\u011f\u0131 taraf\u0131ndan yay\u0131nlanan \u201cTaklit ve \u201cta\u011f\u015fi\u015f\u201d listesine Antalya\u2019dan bir firma daha eklendi. Muratpa\u015fa\u2019da faaliyet g\u00f6steren bir firman\u0131n kavurmas\u0131nda tek t\u0131rnakl\u0131 et (at ve e\u015fek eti) tespit edilirken bir ba\u015fka i\u015fletmenin \u00e7i\u011f k\u0131ymal\u0131 pide harc\u0131nda ise sakatat (kalp) oldu\u011fu belirlendi.\u00a0<\/p>\n<p>\u200bHaberin Al\u0131nt\u0131land\u0131\u011f\u0131 Kaynak: www.antalyakorfez.com<\/p>","protected":false},"excerpt":{"rendered":"<p>Tar\u0131m ve Orman Bakanl\u0131\u011f\u0131 17 Nisan 2025 Per\u015fembe g\u00fcn\u00fc (bug\u00fcn) g\u0131dada hile yapan firmalar\u0131n listesini g\u00fcncelledi. Bir\u00e7ok skandal\u0131n yer ald\u0131\u011f\u0131 listede Antalya\u2019da vatanda\u015fa yine at ve e\u015fek eti yedirildi\u011fi ortaya \u00e7\u0131karken bir ba\u015fka firman\u0131n ise pidesinde sakatat (kalp) tespit edildi. B\u0130R F\u0130RMA DAHA AT VE E\u015eEK ET\u0130 KULLANDI Bakanl\u0131\u011f\u0131n resmi internet sitesi \u2018guvenilirgida.tarimorman.gov.tr\u2019de yay\u0131nlanan yeni listede Antalya\u2019dan bir i\u015fletme daha yer ald\u0131. Antalya\u2019n\u0131n Muratpa\u015fa il\u00e7esinde faaliyet g\u00f6steren EMR Grup Restoran&#8217;\u0131n dana etinde ve &#8220;Yap\u0131c\u0131&#8221; marka kavurmas\u0131nda tek t\u0131rnakl\u0131 et (at ve e\u015fek eti) tespit edildi. Vatanda\u015flara dana eti ad\u0131 alt\u0131nda at ve e\u015fek eti yediren bir firma daha if\u015fa edilmi\u015f oldu. VATANDA\u015eLARA KALP YED\u0130RM\u0130\u015eLER Bakanl\u0131k taraf\u0131ndan yay\u0131nlana bir di\u011fer \u201cTaklit Veya Ta\u011f\u015fi\u015f Yap\u0131lan G\u0131dalar\u201d adl\u0131 listede ise Konyaalt\u0131\u2019nda faaliyet y\u00fcr\u00fcten Yama\u00e7oba Restoran Sanayi Ve Ticaret Limited \u015eirketi\u2019nin \u00e7i\u011f k\u0131ymal\u0131 pide harc\u0131nda kullan\u0131lan dana etinde sakatat (kalp) tespit edildi. \u200bTar\u0131m ve Orman Bakanl\u0131\u011f\u0131 taraf\u0131ndan yay\u0131nlanan \u201cTaklit ve \u201cta\u011f\u015fi\u015f\u201d listesine Antalya\u2019dan bir firma daha eklendi. Muratpa\u015fa\u2019da faaliyet g\u00f6steren bir firman\u0131n kavurmas\u0131nda tek t\u0131rnakl\u0131 et (at ve e\u015fek eti) tespit edilirken bir ba\u015fka i\u015fletmenin \u00e7i\u011f k\u0131ymal\u0131 pide harc\u0131nda ise sakatat (kalp) oldu\u011fu belirlendi.\u00a0 \u200bHaberin Al\u0131nt\u0131land\u0131\u011f\u0131 Kaynak: www.antalyakorfez.com<\/p>","protected":false},"author":5,"featured_media":0,"comment_status":"","ping_status":"open","sticky":false,"template":"","format":"standard","meta":{"_acf_changed":false,"footnotes":""},"categories":[24],"tags":[],"class_list":["post-58312","post","type-post","status-publish","format-standard","has-post-thumbnail","hentry","category-gundem"],"acf":[],"yoast_head":"<!-- This site is optimized with the Yoast SEO Premium plugin v26.6 (Yoast SEO v27.1.1) - https:\/\/yoast.com\/product\/yoast-seo-premium-wordpress\/ -->\n<title>Antalya\u2019da yeni at ve e\u015fek eti vakas\u0131! Pidenin i\u00e7inden kalp \u00e7\u0131kt\u0131 - Av. Deniz Can K\u0131z\u0131l<\/title>\n<meta name=\"robots\" content=\"index, follow, max-snippet:-1, max-image-preview:large, max-video-preview:-1\" \/>\n<link rel=\"canonical\" href=\"https:\/\/denizcankizil.tr\/en\/haberler\/gundem\/antalyada-yeni-at-ve-esek-eti-vakasi-pidenin-icinden-kalp-cikti\/\" \/>\n<meta property=\"og:locale\" content=\"en_GB\" \/>\n<meta property=\"og:type\" content=\"article\" \/>\n<meta property=\"og:title\" content=\"Antalya\u2019da yeni at ve e\u015fek eti vakas\u0131! Pidenin i\u00e7inden kalp \u00e7\u0131kt\u0131\" \/>\n<meta property=\"og:description\" content=\"Tar\u0131m ve Orman Bakanl\u0131\u011f\u0131 17 Nisan 2025 Per\u015fembe g\u00fcn\u00fc (bug\u00fcn) g\u0131dada hile yapan firmalar\u0131n listesini g\u00fcncelledi. Bir\u00e7ok skandal\u0131n yer ald\u0131\u011f\u0131 listede Antalya\u2019da vatanda\u015fa yine at ve e\u015fek eti yedirildi\u011fi ortaya \u00e7\u0131karken bir ba\u015fka firman\u0131n ise pidesinde sakatat (kalp) tespit edildi. B\u0130R F\u0130RMA DAHA AT VE E\u015eEK ET\u0130 KULLANDI Bakanl\u0131\u011f\u0131n resmi internet sitesi \u2018guvenilirgida.tarimorman.gov.tr\u2019de yay\u0131nlanan yeni listede Antalya\u2019dan bir i\u015fletme daha yer ald\u0131. Antalya\u2019n\u0131n Muratpa\u015fa il\u00e7esinde faaliyet g\u00f6steren EMR Grup Restoran&#8217;\u0131n dana etinde ve &#8220;Yap\u0131c\u0131&#8221; marka kavurmas\u0131nda tek t\u0131rnakl\u0131 et (at ve e\u015fek eti) tespit edildi. Vatanda\u015flara dana eti ad\u0131 alt\u0131nda at ve e\u015fek eti yediren bir firma daha if\u015fa edilmi\u015f oldu. VATANDA\u015eLARA KALP YED\u0130RM\u0130\u015eLER Bakanl\u0131k taraf\u0131ndan yay\u0131nlana bir di\u011fer \u201cTaklit Veya Ta\u011f\u015fi\u015f Yap\u0131lan G\u0131dalar\u201d adl\u0131 listede ise Konyaalt\u0131\u2019nda faaliyet y\u00fcr\u00fcten Yama\u00e7oba Restoran Sanayi Ve Ticaret Limited \u015eirketi\u2019nin \u00e7i\u011f k\u0131ymal\u0131 pide harc\u0131nda kullan\u0131lan dana etinde sakatat (kalp) tespit edildi. \u200bTar\u0131m ve Orman Bakanl\u0131\u011f\u0131 taraf\u0131ndan yay\u0131nlanan \u201cTaklit ve \u201cta\u011f\u015fi\u015f\u201d listesine Antalya\u2019dan bir firma daha eklendi. Muratpa\u015fa\u2019da faaliyet g\u00f6steren bir firman\u0131n kavurmas\u0131nda tek t\u0131rnakl\u0131 et (at ve e\u015fek eti) tespit edilirken bir ba\u015fka i\u015fletmenin \u00e7i\u011f k\u0131ymal\u0131 pide harc\u0131nda ise sakatat (kalp) oldu\u011fu belirlendi.\u00a0 \u200bHaberin Al\u0131nt\u0131land\u0131\u011f\u0131 Kaynak: www.antalyakorfez.com\" \/>\n<meta property=\"og:url\" content=\"https:\/\/denizcankizil.tr\/en\/haberler\/gundem\/antalyada-yeni-at-ve-esek-eti-vakasi-pidenin-icinden-kalp-cikti\/\" \/>\n<meta property=\"og:site_name\" content=\"Av. Deniz Can K\u0131z\u0131l\" \/>\n<meta property=\"article:published_time\" content=\"2025-04-17T07:42:13+00:00\" \/>\n<meta name=\"author\" content=\"Antalya K\u00f6rfez\" \/>\n<meta name=\"twitter:card\" content=\"summary_large_image\" \/>\n<meta name=\"twitter:label1\" content=\"Written by\" \/>\n\t<meta name=\"twitter:data1\" content=\"Antalya K\u00f6rfez\" \/>\n\t<meta name=\"twitter:label2\" content=\"Estimated reading time\" \/>\n\t<meta name=\"twitter:data2\" content=\"1 minute\" \/>\n<script type=\"application\/ld+json\" class=\"yoast-schema-graph\">{\"@context\":\"https:\/\/schema.org\",\"@graph\":[{\"@type\":\"Article\",\"@id\":\"https:\/\/denizcankizil.tr\/en\/haberler\/gundem\/antalyada-yeni-at-ve-esek-eti-vakasi-pidenin-icinden-kalp-cikti\/#article\",\"isPartOf\":{\"@id\":\"https:\/\/denizcankizil.tr\/en\/haberler\/gundem\/antalyada-yeni-at-ve-esek-eti-vakasi-pidenin-icinden-kalp-cikti\/\"},\"author\":{\"name\":\"Antalya K\u00f6rfez\",\"@id\":\"https:\/\/denizcankizil.tr\/de\/#\/schema\/person\/e1eb71bb4dd684d46563f0af307e1234\"},\"headline\":\"Antalya\u2019da yeni at ve e\u015fek eti vakas\u0131! Pidenin i\u00e7inden kalp \u00e7\u0131kt\u0131\",\"datePublished\":\"2025-04-17T07:42:13+00:00\",\"mainEntityOfPage\":{\"@id\":\"https:\/\/denizcankizil.tr\/en\/haberler\/gundem\/antalyada-yeni-at-ve-esek-eti-vakasi-pidenin-icinden-kalp-cikti\/\"},\"wordCount\":275,\"publisher\":{\"@id\":\"https:\/\/denizcankizil.tr\/de\/#organization\"},\"articleSection\":[\"G\u00fcndem\"],\"inLanguage\":\"en-GB\"},{\"@type\":\"WebPage\",\"@id\":\"https:\/\/denizcankizil.tr\/en\/haberler\/gundem\/antalyada-yeni-at-ve-esek-eti-vakasi-pidenin-icinden-kalp-cikti\/\",\"url\":\"https:\/\/denizcankizil.tr\/en\/haberler\/gundem\/antalyada-yeni-at-ve-esek-eti-vakasi-pidenin-icinden-kalp-cikti\/\",\"name\":\"Antalya\u2019da yeni at ve e\u015fek eti vakas\u0131! Pidenin i\u00e7inden kalp \u00e7\u0131kt\u0131 - Av. Deniz Can K\u0131z\u0131l\",\"isPartOf\":{\"@id\":\"https:\/\/denizcankizil.tr\/de\/#website\"},\"datePublished\":\"2025-04-17T07:42:13+00:00\",\"breadcrumb\":{\"@id\":\"https:\/\/denizcankizil.tr\/en\/haberler\/gundem\/antalyada-yeni-at-ve-esek-eti-vakasi-pidenin-icinden-kalp-cikti\/#breadcrumb\"},\"inLanguage\":\"en-GB\",\"potentialAction\":[{\"@type\":\"ReadAction\",\"target\":[\"https:\/\/denizcankizil.tr\/en\/haberler\/gundem\/antalyada-yeni-at-ve-esek-eti-vakasi-pidenin-icinden-kalp-cikti\/\"]}]},{\"@type\":\"BreadcrumbList\",\"@id\":\"https:\/\/denizcankizil.tr\/en\/haberler\/gundem\/antalyada-yeni-at-ve-esek-eti-vakasi-pidenin-icinden-kalp-cikti\/#breadcrumb\",\"itemListElement\":[{\"@type\":\"ListItem\",\"position\":1,\"name\":\"Home\",\"item\":\"https:\/\/denizcankizil.tr\/de\/\"},{\"@type\":\"ListItem\",\"position\":2,\"name\":\"Antalya\u2019da yeni at ve e\u015fek eti vakas\u0131! Pidenin i\u00e7inden kalp \u00e7\u0131kt\u0131\"}]},{\"@type\":\"WebSite\",\"@id\":\"https:\/\/denizcankizil.tr\/de\/#website\",\"url\":\"https:\/\/denizcankizil.tr\/de\/\",\"name\":\"Av. Deniz Can K\u0131z\u0131l\",\"description\":\"Avukat Deniz Can K\u0131z\u0131l Antalya Barosu\",\"publisher\":{\"@id\":\"https:\/\/denizcankizil.tr\/de\/#organization\"},\"potentialAction\":[{\"@type\":\"SearchAction\",\"target\":{\"@type\":\"EntryPoint\",\"urlTemplate\":\"https:\/\/denizcankizil.tr\/de\/?s={search_term_string}\"},\"query-input\":{\"@type\":\"PropertyValueSpecification\",\"valueRequired\":true,\"valueName\":\"search_term_string\"}}],\"inLanguage\":\"en-GB\"},{\"@type\":\"Organization\",\"@id\":\"https:\/\/denizcankizil.tr\/de\/#organization\",\"name\":\"Av. Deniz Can K\u0131z\u0131l\",\"url\":\"https:\/\/denizcankizil.tr\/de\/\",\"logo\":{\"@type\":\"ImageObject\",\"inLanguage\":\"en-GB\",\"@id\":\"https:\/\/denizcankizil.tr\/de\/#\/schema\/logo\/image\/\",\"url\":\"https:\/\/denizcankizil.tr\/wp-content\/uploads\/2024\/10\/siyah-logo-svg.svg\",\"contentUrl\":\"https:\/\/denizcankizil.tr\/wp-content\/uploads\/2024\/10\/siyah-logo-svg.svg\",\"width\":1080,\"height\":1080,\"caption\":\"Av. Deniz Can K\u0131z\u0131l\"},\"image\":{\"@id\":\"https:\/\/denizcankizil.tr\/de\/#\/schema\/logo\/image\/\"}},{\"@type\":\"Person\",\"@id\":\"https:\/\/denizcankizil.tr\/de\/#\/schema\/person\/e1eb71bb4dd684d46563f0af307e1234\",\"name\":\"Antalya K\u00f6rfez\",\"image\":{\"@type\":\"ImageObject\",\"inLanguage\":\"en-GB\",\"@id\":\"https:\/\/denizcankizil.tr\/de\/#\/schema\/person\/image\/\",\"url\":\"https:\/\/secure.gravatar.com\/avatar\/42b01982558a48a0b501fdcab6a408d3717ea5919095ee2e67b0e521799c5905?s=96&d=mm&r=g\",\"contentUrl\":\"https:\/\/secure.gravatar.com\/avatar\/42b01982558a48a0b501fdcab6a408d3717ea5919095ee2e67b0e521799c5905?s=96&d=mm&r=g\",\"caption\":\"Antalya K\u00f6rfez\"},\"sameAs\":[\"http:\/\/www.antalyakorfez.com\"],\"url\":\"https:\/\/www.antalyakorfez.com\/antalyada-yeni-at-ve-esek-eti-vakasi-pidenin-icinden-kalp-cikti\"}]}<\/script>\n<!-- \/ Yoast SEO Premium plugin. -->","yoast_head_json":{"title":"Antalya\u2019da yeni at ve e\u015fek eti vakas\u0131! Pidenin i\u00e7inden kalp \u00e7\u0131kt\u0131 - Av. Deniz Can K\u0131z\u0131l","robots":{"index":"index","follow":"follow","max-snippet":"max-snippet:-1","max-image-preview":"max-image-preview:large","max-video-preview":"max-video-preview:-1"},"canonical":"https:\/\/denizcankizil.tr\/en\/haberler\/gundem\/antalyada-yeni-at-ve-esek-eti-vakasi-pidenin-icinden-kalp-cikti\/","og_locale":"en_GB","og_type":"article","og_title":"Antalya\u2019da yeni at ve e\u015fek eti vakas\u0131! Pidenin i\u00e7inden kalp \u00e7\u0131kt\u0131","og_description":"Tar\u0131m ve Orman Bakanl\u0131\u011f\u0131 17 Nisan 2025 Per\u015fembe g\u00fcn\u00fc (bug\u00fcn) g\u0131dada hile yapan firmalar\u0131n listesini g\u00fcncelledi. Bir\u00e7ok skandal\u0131n yer ald\u0131\u011f\u0131 listede Antalya\u2019da vatanda\u015fa yine at ve e\u015fek eti yedirildi\u011fi ortaya \u00e7\u0131karken bir ba\u015fka firman\u0131n ise pidesinde sakatat (kalp) tespit edildi. B\u0130R F\u0130RMA DAHA AT VE E\u015eEK ET\u0130 KULLANDI Bakanl\u0131\u011f\u0131n resmi internet sitesi \u2018guvenilirgida.tarimorman.gov.tr\u2019de yay\u0131nlanan yeni listede Antalya\u2019dan bir i\u015fletme daha yer ald\u0131. Antalya\u2019n\u0131n Muratpa\u015fa il\u00e7esinde faaliyet g\u00f6steren EMR Grup Restoran&#8217;\u0131n dana etinde ve &#8220;Yap\u0131c\u0131&#8221; marka kavurmas\u0131nda tek t\u0131rnakl\u0131 et (at ve e\u015fek eti) tespit edildi. Vatanda\u015flara dana eti ad\u0131 alt\u0131nda at ve e\u015fek eti yediren bir firma daha if\u015fa edilmi\u015f oldu. VATANDA\u015eLARA KALP YED\u0130RM\u0130\u015eLER Bakanl\u0131k taraf\u0131ndan yay\u0131nlana bir di\u011fer \u201cTaklit Veya Ta\u011f\u015fi\u015f Yap\u0131lan G\u0131dalar\u201d adl\u0131 listede ise Konyaalt\u0131\u2019nda faaliyet y\u00fcr\u00fcten Yama\u00e7oba Restoran Sanayi Ve Ticaret Limited \u015eirketi\u2019nin \u00e7i\u011f k\u0131ymal\u0131 pide harc\u0131nda kullan\u0131lan dana etinde sakatat (kalp) tespit edildi. \u200bTar\u0131m ve Orman Bakanl\u0131\u011f\u0131 taraf\u0131ndan yay\u0131nlanan \u201cTaklit ve \u201cta\u011f\u015fi\u015f\u201d listesine Antalya\u2019dan bir firma daha eklendi. Muratpa\u015fa\u2019da faaliyet g\u00f6steren bir firman\u0131n kavurmas\u0131nda tek t\u0131rnakl\u0131 et (at ve e\u015fek eti) tespit edilirken bir ba\u015fka i\u015fletmenin \u00e7i\u011f k\u0131ymal\u0131 pide harc\u0131nda ise sakatat (kalp) oldu\u011fu belirlendi.\u00a0 \u200bHaberin Al\u0131nt\u0131land\u0131\u011f\u0131 Kaynak: www.antalyakorfez.com","og_url":"https:\/\/denizcankizil.tr\/en\/haberler\/gundem\/antalyada-yeni-at-ve-esek-eti-vakasi-pidenin-icinden-kalp-cikti\/","og_site_name":"Av. Deniz Can K\u0131z\u0131l","article_published_time":"2025-04-17T07:42:13+00:00","author":"Antalya K\u00f6rfez","twitter_card":"summary_large_image","twitter_misc":{"Written by":"Antalya K\u00f6rfez","Estimated reading time":"1 minute"},"schema":{"@context":"https:\/\/schema.org","@graph":[{"@type":"Article","@id":"https:\/\/denizcankizil.tr\/en\/haberler\/gundem\/antalyada-yeni-at-ve-esek-eti-vakasi-pidenin-icinden-kalp-cikti\/#article","isPartOf":{"@id":"https:\/\/denizcankizil.tr\/en\/haberler\/gundem\/antalyada-yeni-at-ve-esek-eti-vakasi-pidenin-icinden-kalp-cikti\/"},"author":{"name":"Antalya K\u00f6rfez","@id":"https:\/\/denizcankizil.tr\/de\/#\/schema\/person\/e1eb71bb4dd684d46563f0af307e1234"},"headline":"Antalya\u2019da yeni at ve e\u015fek eti vakas\u0131! Pidenin i\u00e7inden kalp \u00e7\u0131kt\u0131","datePublished":"2025-04-17T07:42:13+00:00","mainEntityOfPage":{"@id":"https:\/\/denizcankizil.tr\/en\/haberler\/gundem\/antalyada-yeni-at-ve-esek-eti-vakasi-pidenin-icinden-kalp-cikti\/"},"wordCount":275,"publisher":{"@id":"https:\/\/denizcankizil.tr\/de\/#organization"},"articleSection":["G\u00fcndem"],"inLanguage":"en-GB"},{"@type":"WebPage","@id":"https:\/\/denizcankizil.tr\/en\/haberler\/gundem\/antalyada-yeni-at-ve-esek-eti-vakasi-pidenin-icinden-kalp-cikti\/","url":"https:\/\/denizcankizil.tr\/en\/haberler\/gundem\/antalyada-yeni-at-ve-esek-eti-vakasi-pidenin-icinden-kalp-cikti\/","name":"Antalya\u2019da yeni at ve e\u015fek eti vakas\u0131! Pidenin i\u00e7inden kalp \u00e7\u0131kt\u0131 - Av. Deniz Can K\u0131z\u0131l","isPartOf":{"@id":"https:\/\/denizcankizil.tr\/de\/#website"},"datePublished":"2025-04-17T07:42:13+00:00","breadcrumb":{"@id":"https:\/\/denizcankizil.tr\/en\/haberler\/gundem\/antalyada-yeni-at-ve-esek-eti-vakasi-pidenin-icinden-kalp-cikti\/#breadcrumb"},"inLanguage":"en-GB","potentialAction":[{"@type":"ReadAction","target":["https:\/\/denizcankizil.tr\/en\/haberler\/gundem\/antalyada-yeni-at-ve-esek-eti-vakasi-pidenin-icinden-kalp-cikti\/"]}]},{"@type":"BreadcrumbList","@id":"https:\/\/denizcankizil.tr\/en\/haberler\/gundem\/antalyada-yeni-at-ve-esek-eti-vakasi-pidenin-icinden-kalp-cikti\/#breadcrumb","itemListElement":[{"@type":"ListItem","position":1,"name":"Home","item":"https:\/\/denizcankizil.tr\/de\/"},{"@type":"ListItem","position":2,"name":"Antalya\u2019da yeni at ve e\u015fek eti vakas\u0131! Pidenin i\u00e7inden kalp \u00e7\u0131kt\u0131"}]},{"@type":"WebSite","@id":"https:\/\/denizcankizil.tr\/de\/#website","url":"https:\/\/denizcankizil.tr\/de\/","name":"Av. Deniz Can K\u0131z\u0131l","description":"Avukat Deniz Can K\u0131z\u0131l Antalya Barosu","publisher":{"@id":"https:\/\/denizcankizil.tr\/de\/#organization"},"potentialAction":[{"@type":"SearchAction","target":{"@type":"EntryPoint","urlTemplate":"https:\/\/denizcankizil.tr\/de\/?s={search_term_string}"},"query-input":{"@type":"PropertyValueSpecification","valueRequired":true,"valueName":"search_term_string"}}],"inLanguage":"en-GB"},{"@type":"Organization","@id":"https:\/\/denizcankizil.tr\/de\/#organization","name":"Av. Deniz Can K\u0131z\u0131l","url":"https:\/\/denizcankizil.tr\/de\/","logo":{"@type":"ImageObject","inLanguage":"en-GB","@id":"https:\/\/denizcankizil.tr\/de\/#\/schema\/logo\/image\/","url":"https:\/\/denizcankizil.tr\/wp-content\/uploads\/2024\/10\/siyah-logo-svg.svg","contentUrl":"https:\/\/denizcankizil.tr\/wp-content\/uploads\/2024\/10\/siyah-logo-svg.svg","width":1080,"height":1080,"caption":"Av. Deniz Can K\u0131z\u0131l"},"image":{"@id":"https:\/\/denizcankizil.tr\/de\/#\/schema\/logo\/image\/"}},{"@type":"Person","@id":"https:\/\/denizcankizil.tr\/de\/#\/schema\/person\/e1eb71bb4dd684d46563f0af307e1234","name":"Antalya K\u00f6rfez","image":{"@type":"ImageObject","inLanguage":"en-GB","@id":"https:\/\/denizcankizil.tr\/de\/#\/schema\/person\/image\/","url":"https:\/\/secure.gravatar.com\/avatar\/42b01982558a48a0b501fdcab6a408d3717ea5919095ee2e67b0e521799c5905?s=96&d=mm&r=g","contentUrl":"https:\/\/secure.gravatar.com\/avatar\/42b01982558a48a0b501fdcab6a408d3717ea5919095ee2e67b0e521799c5905?s=96&d=mm&r=g","caption":"Antalya K\u00f6rfez"},"sameAs":["http:\/\/www.antalyakorfez.com"],"url":"https:\/\/www.antalyakorfez.com\/antalyada-yeni-at-ve-esek-eti-vakasi-pidenin-icinden-kalp-cikti"}]}},"_links":{"self":[{"href":"https:\/\/denizcankizil.tr\/en\/wp-json\/wp\/v2\/posts\/58312","targetHints":{"allow":["GET"]}}],"collection":[{"href":"https:\/\/denizcankizil.tr\/en\/wp-json\/wp\/v2\/posts"}],"about":[{"href":"https:\/\/denizcankizil.tr\/en\/wp-json\/wp\/v2\/types\/post"}],"author":[{"embeddable":true,"href":"https:\/\/denizcankizil.tr\/en\/wp-json\/wp\/v2\/users\/5"}],"replies":[{"embeddable":true,"href":"https:\/\/denizcankizil.tr\/en\/wp-json\/wp\/v2\/comments?post=58312"}],"version-history":[{"count":0,"href":"https:\/\/denizcankizil.tr\/en\/wp-json\/wp\/v2\/posts\/58312\/revisions"}],"wp:attachment":[{"href":"https:\/\/denizcankizil.tr\/en\/wp-json\/wp\/v2\/media?parent=58312"}],"wp:term":[{"taxonomy":"category","embeddable":true,"href":"https:\/\/denizcankizil.tr\/en\/wp-json\/wp\/v2\/categories?post=58312"},{"taxonomy":"post_tag","embeddable":true,"href":"https:\/\/denizcankizil.tr\/en\/wp-json\/wp\/v2\/tags?post=58312"}],"curies":[{"name":"wp","href":"https:\/\/api.w.org\/{rel}","templated":true}]}}