{"id":58293,"date":"2025-04-17T09:42:03","date_gmt":"2025-04-17T06:42:03","guid":{"rendered":"https:\/\/denizcankizil.tr\/uncategorized-tr\/trakya-ve-ege-icin-toz-tasinimi-uyarisi\/"},"modified":"2025-04-17T09:42:03","modified_gmt":"2025-04-17T06:42:03","slug":"trakya-ve-ege-icin-toz-tasinimi-uyarisi","status":"publish","type":"post","link":"https:\/\/denizcankizil.tr\/en\/haberler\/gundem\/trakya-ve-ege-icin-toz-tasinimi-uyarisi\/","title":{"rendered":"Trakya ve Ege i\u00e7in toz ta\u015f\u0131n\u0131m\u0131 uyar\u0131s\u0131!"},"content":{"rendered":"<p>T\u00fcrkiye genelinde ya\u011f\u0131\u015f beklenmezken, Meteoroloji Genel M\u00fcd\u00fcrl\u00fc\u011f\u00fc, Trakya ile Kuzey Ege k\u0131y\u0131lar\u0131nda toz ta\u015f\u0131n\u0131m\u0131 g\u00f6r\u00fclece\u011fi tahmin edildi\u011finden bu konuda uyar\u0131da bulundu.ANKARA (\u0130GFA) &#8211; Meteoroloji Genel M\u00fcd\u00fcrl\u00fc\u011f\u00fc, 17 Nisan Per\u015fembe g\u00fcn\u00fcne ili\u015fkin hava tahmin raporunu yay\u0131mlad\u0131.<br \/>\nBuna g\u00f6re, \u00fclke genelinde ya\u011f\u0131\u015f beklenmiyor. Marmara, Ege, Karadeniz ile Do\u011fu Anadolu&#8217;nun par\u00e7al\u0131 ve yer yer \u00e7ok bulutlu, di\u011fer yerlerin az bulutlu ve a\u00e7\u0131k ge\u00e7ece\u011fi tahmin edilen meteorolojik rapora g\u00f6re sabah ve gece saatlerinde kuzey, i\u00e7 ve do\u011fu kesimlerde pus ve yer yer sis bekleniyor.<\/p>\n<p>R\u00fczgar\u0131n ise genellikle kuzey y\u00f6nlerden, hafif, ara s\u0131ra orta kuvvette esmesi bekleniyor.<br \/>\nTrakya ile Kuzey Ege k\u0131y\u0131lar\u0131nda toz ta\u015f\u0131n\u0131m\u0131 beklendi\u011finden ula\u015f\u0131mda aksamalar, g\u00f6r\u00fc\u015f mesafesinde d\u00fc\u015fme, hava kalitesinde azalma, \u00e7amur \u015feklinde ya\u011f\u0131\u015f gibi ya\u015fanabilecek olumsuzluklara kar\u015f\u0131 dikkatli ve tedbirli olunmas\u0131 istendi.<\/p>\n<p>\u200bT\u00fcrkiye genelinde ya\u011f\u0131\u015f beklenmezken, Meteoroloji Genel M\u00fcd\u00fcrl\u00fc\u011f\u00fc, Trakya ile Kuzey Ege k\u0131y\u0131lar\u0131nda toz ta\u015f\u0131n\u0131m\u0131 g\u00f6r\u00fclece\u011fi tahmin edildi\u011finden bu konuda uyar\u0131da bulundu.ANKARA (\u0130GFA) &#8211; Meteoroloji Genel M\u00fcd\u00fcrl\u00fc\u011f\u00fc, 17 Nisan Per\u015fembe g\u00fcn\u00fcne ili\u015fkin hava tahmin raporunu yay\u0131mlad\u0131.<br \/>\nBuna g\u00f6re, \u00fclke genelinde ya\u011f\u0131\u015f beklenmiyor. Marmara, Ege, Karadeniz ile Do\u011fu Anadolu&#8217;nun par\u00e7al\u0131 ve yer yer \u00e7ok bulutlu, di\u011fer yerlerin az bulutlu ve a\u00e7\u0131k ge\u00e7ece\u011fi tahmin edilen meteorolojik rapora g\u00f6re sabah ve gece saatlerinde kuzey, i\u00e7 ve do\u011fu kesimlerde pus ve yer yer sis bekleniyor.<\/p>\n<p>R\u00fczgar\u0131n ise genellikle kuzey y\u00f6nlerden, hafif, ara s\u0131ra orta kuvvette esmesi bekleniyor.<br \/>\nTrakya ile Kuzey Ege k\u0131y\u0131lar\u0131nda toz ta\u015f\u0131n\u0131m\u0131 beklendi\u011finden ula\u015f\u0131mda aksamalar, g\u00f6r\u00fc\u015f mesafesinde d\u00fc\u015fme, hava kalitesinde azalma, \u00e7amur \u015feklinde ya\u011f\u0131\u015f gibi ya\u015fanabilecek olumsuzluklara kar\u015f\u0131 dikkatli ve tedbirli olunmas\u0131 istendi.\u00a0<\/p>\n<p>\u200bHaberin Al\u0131nt\u0131land\u0131\u011f\u0131 Kaynak: www.iskenderun.org<\/p>","protected":false},"excerpt":{"rendered":"<p>T\u00fcrkiye genelinde ya\u011f\u0131\u015f beklenmezken, Meteoroloji Genel M\u00fcd\u00fcrl\u00fc\u011f\u00fc, Trakya ile Kuzey Ege k\u0131y\u0131lar\u0131nda toz ta\u015f\u0131n\u0131m\u0131 g\u00f6r\u00fclece\u011fi tahmin edildi\u011finden bu konuda uyar\u0131da bulundu.ANKARA (\u0130GFA) &#8211; Meteoroloji Genel M\u00fcd\u00fcrl\u00fc\u011f\u00fc, 17 Nisan Per\u015fembe g\u00fcn\u00fcne ili\u015fkin hava tahmin raporunu yay\u0131mlad\u0131. Buna g\u00f6re, \u00fclke genelinde ya\u011f\u0131\u015f beklenmiyor. Marmara, Ege, Karadeniz ile Do\u011fu Anadolu&#8217;nun par\u00e7al\u0131 ve yer yer \u00e7ok bulutlu, di\u011fer yerlerin az bulutlu ve a\u00e7\u0131k ge\u00e7ece\u011fi tahmin edilen meteorolojik rapora g\u00f6re sabah ve gece saatlerinde kuzey, i\u00e7 ve do\u011fu kesimlerde pus ve yer yer sis bekleniyor. R\u00fczgar\u0131n ise genellikle kuzey y\u00f6nlerden, hafif, ara s\u0131ra orta kuvvette esmesi bekleniyor. Trakya ile Kuzey Ege k\u0131y\u0131lar\u0131nda toz ta\u015f\u0131n\u0131m\u0131 beklendi\u011finden ula\u015f\u0131mda aksamalar, g\u00f6r\u00fc\u015f mesafesinde d\u00fc\u015fme, hava kalitesinde azalma, \u00e7amur \u015feklinde ya\u011f\u0131\u015f gibi ya\u015fanabilecek olumsuzluklara kar\u015f\u0131 dikkatli ve tedbirli olunmas\u0131 istendi. \u200bT\u00fcrkiye genelinde ya\u011f\u0131\u015f beklenmezken, Meteoroloji Genel M\u00fcd\u00fcrl\u00fc\u011f\u00fc, Trakya ile Kuzey Ege k\u0131y\u0131lar\u0131nda toz ta\u015f\u0131n\u0131m\u0131 g\u00f6r\u00fclece\u011fi tahmin edildi\u011finden bu konuda uyar\u0131da bulundu.ANKARA (\u0130GFA) &#8211; Meteoroloji Genel M\u00fcd\u00fcrl\u00fc\u011f\u00fc, 17 Nisan Per\u015fembe g\u00fcn\u00fcne ili\u015fkin hava tahmin raporunu yay\u0131mlad\u0131. Buna g\u00f6re, \u00fclke genelinde ya\u011f\u0131\u015f beklenmiyor. Marmara, Ege, Karadeniz ile Do\u011fu Anadolu&#8217;nun par\u00e7al\u0131 ve yer yer \u00e7ok bulutlu, di\u011fer yerlerin az bulutlu ve a\u00e7\u0131k ge\u00e7ece\u011fi tahmin edilen meteorolojik rapora g\u00f6re sabah ve gece saatlerinde kuzey, i\u00e7 ve do\u011fu kesimlerde pus ve yer yer sis bekleniyor. &hellip;<\/p>","protected":false},"author":1,"featured_media":0,"comment_status":"","ping_status":"open","sticky":false,"template":"","format":"standard","meta":{"_acf_changed":false,"footnotes":""},"categories":[24],"tags":[],"class_list":["post-58293","post","type-post","status-publish","format-standard","has-post-thumbnail","hentry","category-gundem"],"acf":[],"yoast_head":"<!-- This site is optimized with the Yoast SEO Premium plugin v26.6 (Yoast SEO v27.1.1) - https:\/\/yoast.com\/product\/yoast-seo-premium-wordpress\/ -->\n<title>Trakya ve Ege i\u00e7in toz ta\u015f\u0131n\u0131m\u0131 uyar\u0131s\u0131! - Av. Deniz Can K\u0131z\u0131l<\/title>\n<meta name=\"robots\" content=\"index, follow, max-snippet:-1, max-image-preview:large, max-video-preview:-1\" \/>\n<link rel=\"canonical\" href=\"https:\/\/denizcankizil.tr\/en\/haberler\/gundem\/trakya-ve-ege-icin-toz-tasinimi-uyarisi\/\" \/>\n<meta property=\"og:locale\" content=\"en_GB\" \/>\n<meta property=\"og:type\" content=\"article\" \/>\n<meta property=\"og:title\" content=\"Trakya ve Ege i\u00e7in toz ta\u015f\u0131n\u0131m\u0131 uyar\u0131s\u0131!\" \/>\n<meta property=\"og:description\" content=\"T\u00fcrkiye genelinde ya\u011f\u0131\u015f beklenmezken, Meteoroloji Genel M\u00fcd\u00fcrl\u00fc\u011f\u00fc, Trakya ile Kuzey Ege k\u0131y\u0131lar\u0131nda toz ta\u015f\u0131n\u0131m\u0131 g\u00f6r\u00fclece\u011fi tahmin edildi\u011finden bu konuda uyar\u0131da bulundu.ANKARA (\u0130GFA) &#8211; Meteoroloji Genel M\u00fcd\u00fcrl\u00fc\u011f\u00fc, 17 Nisan Per\u015fembe g\u00fcn\u00fcne ili\u015fkin hava tahmin raporunu yay\u0131mlad\u0131. Buna g\u00f6re, \u00fclke genelinde ya\u011f\u0131\u015f beklenmiyor. Marmara, Ege, Karadeniz ile Do\u011fu Anadolu&#8217;nun par\u00e7al\u0131 ve yer yer \u00e7ok bulutlu, di\u011fer yerlerin az bulutlu ve a\u00e7\u0131k ge\u00e7ece\u011fi tahmin edilen meteorolojik rapora g\u00f6re sabah ve gece saatlerinde kuzey, i\u00e7 ve do\u011fu kesimlerde pus ve yer yer sis bekleniyor. R\u00fczgar\u0131n ise genellikle kuzey y\u00f6nlerden, hafif, ara s\u0131ra orta kuvvette esmesi bekleniyor. Trakya ile Kuzey Ege k\u0131y\u0131lar\u0131nda toz ta\u015f\u0131n\u0131m\u0131 beklendi\u011finden ula\u015f\u0131mda aksamalar, g\u00f6r\u00fc\u015f mesafesinde d\u00fc\u015fme, hava kalitesinde azalma, \u00e7amur \u015feklinde ya\u011f\u0131\u015f gibi ya\u015fanabilecek olumsuzluklara kar\u015f\u0131 dikkatli ve tedbirli olunmas\u0131 istendi. \u200bT\u00fcrkiye genelinde ya\u011f\u0131\u015f beklenmezken, Meteoroloji Genel M\u00fcd\u00fcrl\u00fc\u011f\u00fc, Trakya ile Kuzey Ege k\u0131y\u0131lar\u0131nda toz ta\u015f\u0131n\u0131m\u0131 g\u00f6r\u00fclece\u011fi tahmin edildi\u011finden bu konuda uyar\u0131da bulundu.ANKARA (\u0130GFA) &#8211; Meteoroloji Genel M\u00fcd\u00fcrl\u00fc\u011f\u00fc, 17 Nisan Per\u015fembe g\u00fcn\u00fcne ili\u015fkin hava tahmin raporunu yay\u0131mlad\u0131. Buna g\u00f6re, \u00fclke genelinde ya\u011f\u0131\u015f beklenmiyor. Marmara, Ege, Karadeniz ile Do\u011fu Anadolu&#8217;nun par\u00e7al\u0131 ve yer yer \u00e7ok bulutlu, di\u011fer yerlerin az bulutlu ve a\u00e7\u0131k ge\u00e7ece\u011fi tahmin edilen meteorolojik rapora g\u00f6re sabah ve gece saatlerinde kuzey, i\u00e7 ve do\u011fu kesimlerde pus ve yer yer sis bekleniyor. &hellip;\" \/>\n<meta property=\"og:url\" content=\"https:\/\/denizcankizil.tr\/en\/haberler\/gundem\/trakya-ve-ege-icin-toz-tasinimi-uyarisi\/\" \/>\n<meta property=\"og:site_name\" content=\"Av. Deniz Can K\u0131z\u0131l\" \/>\n<meta property=\"article:published_time\" content=\"2025-04-17T06:42:03+00:00\" \/>\n<meta name=\"author\" content=\"admin\" \/>\n<meta name=\"twitter:card\" content=\"summary_large_image\" \/>\n<meta name=\"twitter:label1\" content=\"Written by\" \/>\n\t<meta name=\"twitter:data1\" content=\"admin\" \/>\n\t<meta name=\"twitter:label2\" content=\"Estimated reading time\" \/>\n\t<meta name=\"twitter:data2\" content=\"2 minutes\" \/>\n<script type=\"application\/ld+json\" class=\"yoast-schema-graph\">{\"@context\":\"https:\/\/schema.org\",\"@graph\":[{\"@type\":\"Article\",\"@id\":\"https:\/\/denizcankizil.tr\/en\/haberler\/gundem\/trakya-ve-ege-icin-toz-tasinimi-uyarisi\/#article\",\"isPartOf\":{\"@id\":\"https:\/\/denizcankizil.tr\/en\/haberler\/gundem\/trakya-ve-ege-icin-toz-tasinimi-uyarisi\/\"},\"author\":{\"name\":\"admin\",\"@id\":\"https:\/\/denizcankizil.tr\/#\/schema\/person\/be3c05fe6a12686905512445d8185489\"},\"headline\":\"Trakya ve Ege i\u00e7in toz ta\u015f\u0131n\u0131m\u0131 uyar\u0131s\u0131!\",\"datePublished\":\"2025-04-17T06:42:03+00:00\",\"mainEntityOfPage\":{\"@id\":\"https:\/\/denizcankizil.tr\/en\/haberler\/gundem\/trakya-ve-ege-icin-toz-tasinimi-uyarisi\/\"},\"wordCount\":347,\"publisher\":{\"@id\":\"https:\/\/denizcankizil.tr\/#organization\"},\"articleSection\":[\"G\u00fcndem\"],\"inLanguage\":\"en-GB\"},{\"@type\":\"WebPage\",\"@id\":\"https:\/\/denizcankizil.tr\/en\/haberler\/gundem\/trakya-ve-ege-icin-toz-tasinimi-uyarisi\/\",\"url\":\"https:\/\/denizcankizil.tr\/en\/haberler\/gundem\/trakya-ve-ege-icin-toz-tasinimi-uyarisi\/\",\"name\":\"Trakya ve Ege i\u00e7in toz ta\u015f\u0131n\u0131m\u0131 uyar\u0131s\u0131! - Av. Deniz Can K\u0131z\u0131l\",\"isPartOf\":{\"@id\":\"https:\/\/denizcankizil.tr\/#website\"},\"datePublished\":\"2025-04-17T06:42:03+00:00\",\"breadcrumb\":{\"@id\":\"https:\/\/denizcankizil.tr\/en\/haberler\/gundem\/trakya-ve-ege-icin-toz-tasinimi-uyarisi\/#breadcrumb\"},\"inLanguage\":\"en-GB\",\"potentialAction\":[{\"@type\":\"ReadAction\",\"target\":[\"https:\/\/denizcankizil.tr\/en\/haberler\/gundem\/trakya-ve-ege-icin-toz-tasinimi-uyarisi\/\"]}]},{\"@type\":\"BreadcrumbList\",\"@id\":\"https:\/\/denizcankizil.tr\/en\/haberler\/gundem\/trakya-ve-ege-icin-toz-tasinimi-uyarisi\/#breadcrumb\",\"itemListElement\":[{\"@type\":\"ListItem\",\"position\":1,\"name\":\"Home\",\"item\":\"https:\/\/denizcankizil.tr\/de\/\"},{\"@type\":\"ListItem\",\"position\":2,\"name\":\"Trakya ve Ege i\u00e7in toz ta\u015f\u0131n\u0131m\u0131 uyar\u0131s\u0131!\"}]},{\"@type\":\"WebSite\",\"@id\":\"https:\/\/denizcankizil.tr\/#website\",\"url\":\"https:\/\/denizcankizil.tr\/\",\"name\":\"Av. Deniz Can K\u0131z\u0131l\",\"description\":\"Avukat Deniz Can K\u0131z\u0131l Antalya Barosu\",\"publisher\":{\"@id\":\"https:\/\/denizcankizil.tr\/#organization\"},\"potentialAction\":[{\"@type\":\"SearchAction\",\"target\":{\"@type\":\"EntryPoint\",\"urlTemplate\":\"https:\/\/denizcankizil.tr\/?s={search_term_string}\"},\"query-input\":{\"@type\":\"PropertyValueSpecification\",\"valueRequired\":true,\"valueName\":\"search_term_string\"}}],\"inLanguage\":\"en-GB\"},{\"@type\":\"Organization\",\"@id\":\"https:\/\/denizcankizil.tr\/#organization\",\"name\":\"Av. Deniz Can K\u0131z\u0131l\",\"url\":\"https:\/\/denizcankizil.tr\/\",\"logo\":{\"@type\":\"ImageObject\",\"inLanguage\":\"en-GB\",\"@id\":\"https:\/\/denizcankizil.tr\/#\/schema\/logo\/image\/\",\"url\":\"https:\/\/denizcankizil.tr\/wp-content\/uploads\/2024\/10\/siyah-logo-svg.svg\",\"contentUrl\":\"https:\/\/denizcankizil.tr\/wp-content\/uploads\/2024\/10\/siyah-logo-svg.svg\",\"width\":1080,\"height\":1080,\"caption\":\"Av. Deniz Can K\u0131z\u0131l\"},\"image\":{\"@id\":\"https:\/\/denizcankizil.tr\/#\/schema\/logo\/image\/\"}},{\"@type\":\"Person\",\"@id\":\"https:\/\/denizcankizil.tr\/#\/schema\/person\/be3c05fe6a12686905512445d8185489\",\"name\":\"admin\",\"image\":{\"@type\":\"ImageObject\",\"inLanguage\":\"en-GB\",\"@id\":\"https:\/\/denizcankizil.tr\/#\/schema\/person\/image\/\",\"url\":\"https:\/\/secure.gravatar.com\/avatar\/c1fce94c830dc79107e174f890d7210541c4a63e8e5d816341794a2151c9d58c?s=96&d=mm&r=g\",\"contentUrl\":\"https:\/\/secure.gravatar.com\/avatar\/c1fce94c830dc79107e174f890d7210541c4a63e8e5d816341794a2151c9d58c?s=96&d=mm&r=g\",\"caption\":\"admin\"},\"sameAs\":[\"http:\/\/denizcankizil.tr\"],\"url\":\"https:\/\/www.iskenderun.org\/trakya-ve-ege-icin-toz-tasinimi-uyarisi\"}]}<\/script>\n<!-- \/ Yoast SEO Premium plugin. -->","yoast_head_json":{"title":"Trakya ve Ege i\u00e7in toz ta\u015f\u0131n\u0131m\u0131 uyar\u0131s\u0131! - Av. Deniz Can K\u0131z\u0131l","robots":{"index":"index","follow":"follow","max-snippet":"max-snippet:-1","max-image-preview":"max-image-preview:large","max-video-preview":"max-video-preview:-1"},"canonical":"https:\/\/denizcankizil.tr\/en\/haberler\/gundem\/trakya-ve-ege-icin-toz-tasinimi-uyarisi\/","og_locale":"en_GB","og_type":"article","og_title":"Trakya ve Ege i\u00e7in toz ta\u015f\u0131n\u0131m\u0131 uyar\u0131s\u0131!","og_description":"T\u00fcrkiye genelinde ya\u011f\u0131\u015f beklenmezken, Meteoroloji Genel M\u00fcd\u00fcrl\u00fc\u011f\u00fc, Trakya ile Kuzey Ege k\u0131y\u0131lar\u0131nda toz ta\u015f\u0131n\u0131m\u0131 g\u00f6r\u00fclece\u011fi tahmin edildi\u011finden bu konuda uyar\u0131da bulundu.ANKARA (\u0130GFA) &#8211; Meteoroloji Genel M\u00fcd\u00fcrl\u00fc\u011f\u00fc, 17 Nisan Per\u015fembe g\u00fcn\u00fcne ili\u015fkin hava tahmin raporunu yay\u0131mlad\u0131. Buna g\u00f6re, \u00fclke genelinde ya\u011f\u0131\u015f beklenmiyor. Marmara, Ege, Karadeniz ile Do\u011fu Anadolu&#8217;nun par\u00e7al\u0131 ve yer yer \u00e7ok bulutlu, di\u011fer yerlerin az bulutlu ve a\u00e7\u0131k ge\u00e7ece\u011fi tahmin edilen meteorolojik rapora g\u00f6re sabah ve gece saatlerinde kuzey, i\u00e7 ve do\u011fu kesimlerde pus ve yer yer sis bekleniyor. R\u00fczgar\u0131n ise genellikle kuzey y\u00f6nlerden, hafif, ara s\u0131ra orta kuvvette esmesi bekleniyor. Trakya ile Kuzey Ege k\u0131y\u0131lar\u0131nda toz ta\u015f\u0131n\u0131m\u0131 beklendi\u011finden ula\u015f\u0131mda aksamalar, g\u00f6r\u00fc\u015f mesafesinde d\u00fc\u015fme, hava kalitesinde azalma, \u00e7amur \u015feklinde ya\u011f\u0131\u015f gibi ya\u015fanabilecek olumsuzluklara kar\u015f\u0131 dikkatli ve tedbirli olunmas\u0131 istendi. \u200bT\u00fcrkiye genelinde ya\u011f\u0131\u015f beklenmezken, Meteoroloji Genel M\u00fcd\u00fcrl\u00fc\u011f\u00fc, Trakya ile Kuzey Ege k\u0131y\u0131lar\u0131nda toz ta\u015f\u0131n\u0131m\u0131 g\u00f6r\u00fclece\u011fi tahmin edildi\u011finden bu konuda uyar\u0131da bulundu.ANKARA (\u0130GFA) &#8211; Meteoroloji Genel M\u00fcd\u00fcrl\u00fc\u011f\u00fc, 17 Nisan Per\u015fembe g\u00fcn\u00fcne ili\u015fkin hava tahmin raporunu yay\u0131mlad\u0131. Buna g\u00f6re, \u00fclke genelinde ya\u011f\u0131\u015f beklenmiyor. Marmara, Ege, Karadeniz ile Do\u011fu Anadolu&#8217;nun par\u00e7al\u0131 ve yer yer \u00e7ok bulutlu, di\u011fer yerlerin az bulutlu ve a\u00e7\u0131k ge\u00e7ece\u011fi tahmin edilen meteorolojik rapora g\u00f6re sabah ve gece saatlerinde kuzey, i\u00e7 ve do\u011fu kesimlerde pus ve yer yer sis bekleniyor. &hellip;","og_url":"https:\/\/denizcankizil.tr\/en\/haberler\/gundem\/trakya-ve-ege-icin-toz-tasinimi-uyarisi\/","og_site_name":"Av. Deniz Can K\u0131z\u0131l","article_published_time":"2025-04-17T06:42:03+00:00","author":"admin","twitter_card":"summary_large_image","twitter_misc":{"Written by":"admin","Estimated reading time":"2 minutes"},"schema":{"@context":"https:\/\/schema.org","@graph":[{"@type":"Article","@id":"https:\/\/denizcankizil.tr\/en\/haberler\/gundem\/trakya-ve-ege-icin-toz-tasinimi-uyarisi\/#article","isPartOf":{"@id":"https:\/\/denizcankizil.tr\/en\/haberler\/gundem\/trakya-ve-ege-icin-toz-tasinimi-uyarisi\/"},"author":{"name":"admin","@id":"https:\/\/denizcankizil.tr\/#\/schema\/person\/be3c05fe6a12686905512445d8185489"},"headline":"Trakya ve Ege i\u00e7in toz ta\u015f\u0131n\u0131m\u0131 uyar\u0131s\u0131!","datePublished":"2025-04-17T06:42:03+00:00","mainEntityOfPage":{"@id":"https:\/\/denizcankizil.tr\/en\/haberler\/gundem\/trakya-ve-ege-icin-toz-tasinimi-uyarisi\/"},"wordCount":347,"publisher":{"@id":"https:\/\/denizcankizil.tr\/#organization"},"articleSection":["G\u00fcndem"],"inLanguage":"en-GB"},{"@type":"WebPage","@id":"https:\/\/denizcankizil.tr\/en\/haberler\/gundem\/trakya-ve-ege-icin-toz-tasinimi-uyarisi\/","url":"https:\/\/denizcankizil.tr\/en\/haberler\/gundem\/trakya-ve-ege-icin-toz-tasinimi-uyarisi\/","name":"Trakya ve Ege i\u00e7in toz ta\u015f\u0131n\u0131m\u0131 uyar\u0131s\u0131! - Av. Deniz Can K\u0131z\u0131l","isPartOf":{"@id":"https:\/\/denizcankizil.tr\/#website"},"datePublished":"2025-04-17T06:42:03+00:00","breadcrumb":{"@id":"https:\/\/denizcankizil.tr\/en\/haberler\/gundem\/trakya-ve-ege-icin-toz-tasinimi-uyarisi\/#breadcrumb"},"inLanguage":"en-GB","potentialAction":[{"@type":"ReadAction","target":["https:\/\/denizcankizil.tr\/en\/haberler\/gundem\/trakya-ve-ege-icin-toz-tasinimi-uyarisi\/"]}]},{"@type":"BreadcrumbList","@id":"https:\/\/denizcankizil.tr\/en\/haberler\/gundem\/trakya-ve-ege-icin-toz-tasinimi-uyarisi\/#breadcrumb","itemListElement":[{"@type":"ListItem","position":1,"name":"Home","item":"https:\/\/denizcankizil.tr\/de\/"},{"@type":"ListItem","position":2,"name":"Trakya ve Ege i\u00e7in toz ta\u015f\u0131n\u0131m\u0131 uyar\u0131s\u0131!"}]},{"@type":"WebSite","@id":"https:\/\/denizcankizil.tr\/#website","url":"https:\/\/denizcankizil.tr\/","name":"Av. Deniz Can K\u0131z\u0131l","description":"Avukat Deniz Can K\u0131z\u0131l Antalya Barosu","publisher":{"@id":"https:\/\/denizcankizil.tr\/#organization"},"potentialAction":[{"@type":"SearchAction","target":{"@type":"EntryPoint","urlTemplate":"https:\/\/denizcankizil.tr\/?s={search_term_string}"},"query-input":{"@type":"PropertyValueSpecification","valueRequired":true,"valueName":"search_term_string"}}],"inLanguage":"en-GB"},{"@type":"Organization","@id":"https:\/\/denizcankizil.tr\/#organization","name":"Av. Deniz Can K\u0131z\u0131l","url":"https:\/\/denizcankizil.tr\/","logo":{"@type":"ImageObject","inLanguage":"en-GB","@id":"https:\/\/denizcankizil.tr\/#\/schema\/logo\/image\/","url":"https:\/\/denizcankizil.tr\/wp-content\/uploads\/2024\/10\/siyah-logo-svg.svg","contentUrl":"https:\/\/denizcankizil.tr\/wp-content\/uploads\/2024\/10\/siyah-logo-svg.svg","width":1080,"height":1080,"caption":"Av. Deniz Can K\u0131z\u0131l"},"image":{"@id":"https:\/\/denizcankizil.tr\/#\/schema\/logo\/image\/"}},{"@type":"Person","@id":"https:\/\/denizcankizil.tr\/#\/schema\/person\/be3c05fe6a12686905512445d8185489","name":"admin","image":{"@type":"ImageObject","inLanguage":"en-GB","@id":"https:\/\/denizcankizil.tr\/#\/schema\/person\/image\/","url":"https:\/\/secure.gravatar.com\/avatar\/c1fce94c830dc79107e174f890d7210541c4a63e8e5d816341794a2151c9d58c?s=96&d=mm&r=g","contentUrl":"https:\/\/secure.gravatar.com\/avatar\/c1fce94c830dc79107e174f890d7210541c4a63e8e5d816341794a2151c9d58c?s=96&d=mm&r=g","caption":"admin"},"sameAs":["http:\/\/denizcankizil.tr"],"url":"https:\/\/www.iskenderun.org\/trakya-ve-ege-icin-toz-tasinimi-uyarisi"}]}},"_links":{"self":[{"href":"https:\/\/denizcankizil.tr\/en\/wp-json\/wp\/v2\/posts\/58293","targetHints":{"allow":["GET"]}}],"collection":[{"href":"https:\/\/denizcankizil.tr\/en\/wp-json\/wp\/v2\/posts"}],"about":[{"href":"https:\/\/denizcankizil.tr\/en\/wp-json\/wp\/v2\/types\/post"}],"author":[{"embeddable":true,"href":"https:\/\/denizcankizil.tr\/en\/wp-json\/wp\/v2\/users\/1"}],"replies":[{"embeddable":true,"href":"https:\/\/denizcankizil.tr\/en\/wp-json\/wp\/v2\/comments?post=58293"}],"version-history":[{"count":0,"href":"https:\/\/denizcankizil.tr\/en\/wp-json\/wp\/v2\/posts\/58293\/revisions"}],"wp:attachment":[{"href":"https:\/\/denizcankizil.tr\/en\/wp-json\/wp\/v2\/media?parent=58293"}],"wp:term":[{"taxonomy":"category","embeddable":true,"href":"https:\/\/denizcankizil.tr\/en\/wp-json\/wp\/v2\/categories?post=58293"},{"taxonomy":"post_tag","embeddable":true,"href":"https:\/\/denizcankizil.tr\/en\/wp-json\/wp\/v2\/tags?post=58293"}],"curies":[{"name":"wp","href":"https:\/\/api.w.org\/{rel}","templated":true}]}}