{"id":57384,"date":"2025-04-16T11:42:46","date_gmt":"2025-04-16T08:42:46","guid":{"rendered":"https:\/\/denizcankizil.tr\/uncategorized-tr\/sardos-sehit-hasan-yavuz-icin-yurudu\/"},"modified":"2025-04-16T11:42:46","modified_gmt":"2025-04-16T08:42:46","slug":"sardos-sehit-hasan-yavuz-icin-yurudu","status":"publish","type":"post","link":"https:\/\/denizcankizil.tr\/en\/haberler\/gundem\/sardos-sehit-hasan-yavuz-icin-yurudu\/","title":{"rendered":"SARDOS  \u015eehit Hasan Yavuz i\u00e7in y\u00fcr\u00fcd\u00fc"},"content":{"rendered":"<p>Edirne Ke\u015fan Saros Do\u011fa ve Spor Derne\u011fi(SARDOS) \u00fcyeleri ge\u00e7ti\u011fimiz hafta sonu, 1992 Y\u0131l\u0131nda Eruh b\u00f6lgesinde b\u00f6l\u00fcc\u00fc ter\u00f6r \u00f6rg\u00fct\u00fc taraf\u0131ndan \u015eehit edilen Jandarma Komando Er Hasan Yavuz an\u0131s\u0131na bir do\u011fa y\u00fcr\u00fcy\u00fc\u015f\u00fc ger\u00e7ekle\u015ftirdi.Erdo\u011fan DEM\u0130R \/ ED\u0130RNE (\u0130GFA) &#8211;\u00a0Kalabal\u0131k bir kat\u0131l\u0131mla ger\u00e7ekle\u015ftirilen anma y\u00fcr\u00fcy\u00fc\u015f\u00fc sonunda \u015fehidimizin ailesi taraf\u0131ndan kat\u0131l\u0131mc\u0131lara hay\u0131r ikram\u0131 yap\u0131ld\u0131. \u00a0Sardos taraf\u0131ndan haz\u0131rlanan rota &#8221;\u015eehit Hasan Yavuz Parkuru&#8221; ad\u0131 alt\u0131nda Wikiloc.com D\u00fcnya y\u00fcr\u00fcy\u00fc\u015f rotalar\u0131 sitesine kayd\u0131 yap\u0131larak ad\u0131 \u00f6l\u00fcms\u00fczle\u015ftirildi.<br \/>\n\u015eehidimizin ablas\u0131 Sevil \u00d6z\u00e7ak\u0131r ailesi ad\u0131na duygular\u0131n\u0131 \u015fu \u015fekilde ifade etti; \u201c\u00c7ok duygu yo\u011funlu\u011fu ya\u015fad\u0131\u011f\u0131m\u0131z bir g\u00fcn ge\u00e7irdik. Otuz \u00fc\u00e7 y\u0131l \u00f6nce \u015fehadet mertebesine ula\u015fan karde\u015fimizin an\u0131s\u0131 ve ac\u0131s\u0131 hep i\u00e7imizde. Aradan y\u0131llar ge\u00e7se de bu ac\u0131 i\u00e7imizde bir kor olarak hep kalmaya devam edecek, ruhu \u015fad olsun huzur i\u00e7inde uyusun. Karde\u015fimizin ad\u0131n\u0131 ya\u015fatmak i\u00e7in yap\u0131lan bu etkinli\u011fe kat\u0131lan herkese ve organize eden SARDOS dernek y\u00f6netimine y\u00fcrekten te\u015fekk\u00fcr ederiz.\u201d\u00a0<\/p>\n<p>Sardos Dernek Ba\u015fkan\u0131 Faruk Eker de etkinlikle ilgi \u015fu a\u00e7\u0131klamay\u0131 yapt\u0131; \u201cAyn\u0131 zamanda dernek \u00fcyemiz olan aile bireylerinden gelen talep \u00fczerine \u015fehidimiz ad\u0131na bu etkinli\u011fi ger\u00e7ekle\u015ftirdik. \u00dclkemizin bekas\u0131 i\u00e7in can\u0131n\u0131 veren, kan\u0131n\u0131 d\u00f6ken t\u00fcm \u015fehit ve gazilerimiz bizim i\u00e7in k\u0131ymetlidir. Onlar\u0131n sayesinde bug\u00fcn bu topraklar \u00fczerinde h\u00fcr ve korkusuzca hayat\u0131m\u0131z\u0131 s\u00fcrd\u00fcr\u00fcyoruz. \u00a0Ter\u00f6r\u00fcn, \u00f6l\u00fcm\u00fcn, sava\u015f\u0131n, ac\u0131n\u0131n olmad\u0131\u011f\u0131 , huzurun ve karde\u015fli\u011fin hakim oldu\u011fu bir d\u00fcnya en \u00f6ncelikli dile\u011fimizdir. \u00a0Ama ya\u015fanan bir ac\u0131 varsa, bunun i\u00e7in bir bedel \u00f6dendi ise bunu da hi\u00e7bir zaman unutmayaca\u011f\u0131z. Her \u015fehit haberinden sonra harabe g\u00f6r\u00fcn\u00fcml\u00fc evlere as\u0131lan al bayra\u011f\u0131m\u0131z\u0131n ve akabinde d\u00f6k\u00fclen \u00a0&#8221;Vatan Sa\u011f olsun&#8221; s\u00f6zleri ve g\u00f6r\u00fcnt\u00fcleri zihnimize kaz\u0131nd\u0131 unutmad\u0131k, unutturmayaca\u011f\u0131z. \u00a0Ruhlar\u0131 \u015fad olsun, huzur i\u00e7inde uyusunlar.\u201d<\/p>\n<p>\u200bEdirne Ke\u015fan Saros Do\u011fa ve Spor Derne\u011fi(SARDOS) \u00fcyeleri ge\u00e7ti\u011fimiz hafta sonu, 1992 Y\u0131l\u0131nda Eruh b\u00f6lgesinde b\u00f6l\u00fcc\u00fc ter\u00f6r \u00f6rg\u00fct\u00fc taraf\u0131ndan \u015eehit edilen Jandarma Komando Er Hasan Yavuz an\u0131s\u0131na bir do\u011fa y\u00fcr\u00fcy\u00fc\u015f\u00fc ger\u00e7ekle\u015ftirdi.Erdo\u011fan DEM\u0130R \/ ED\u0130RNE (\u0130GFA) &#8211;\u00a0Kalabal\u0131k bir kat\u0131l\u0131mla ger\u00e7ekle\u015ftirilen anma y\u00fcr\u00fcy\u00fc\u015f\u00fc sonunda \u015fehidimizin ailesi taraf\u0131ndan kat\u0131l\u0131mc\u0131lara hay\u0131r ikram\u0131 yap\u0131ld\u0131. \u00a0Sardos taraf\u0131ndan haz\u0131rlanan rota &#8221;\u015eehit Hasan Yavuz Parkuru&#8221; ad\u0131 alt\u0131nda Wikiloc.com D\u00fcnya y\u00fcr\u00fcy\u00fc\u015f rotalar\u0131 sitesine kayd\u0131 yap\u0131larak ad\u0131 \u00f6l\u00fcms\u00fczle\u015ftirildi.<br \/>\n\u015eehidimizin ablas\u0131 Sevil \u00d6z\u00e7ak\u0131r ailesi ad\u0131na duygular\u0131n\u0131 \u015fu \u015fekilde ifade etti; \u201c\u00c7ok duygu yo\u011funlu\u011fu ya\u015fad\u0131\u011f\u0131m\u0131z bir g\u00fcn ge\u00e7irdik. Otuz \u00fc\u00e7 y\u0131l \u00f6nce \u015fehadet mertebesine ula\u015fan karde\u015fimizin an\u0131s\u0131 ve ac\u0131s\u0131 hep i\u00e7imizde. Aradan y\u0131llar ge\u00e7se de bu ac\u0131 i\u00e7imizde bir kor olarak hep kalmaya devam edecek, ruhu \u015fad olsun huzur i\u00e7inde uyusun. Karde\u015fimizin ad\u0131n\u0131 ya\u015fatmak i\u00e7in yap\u0131lan bu etkinli\u011fe kat\u0131lan herkese ve organize eden SARDOS dernek y\u00f6netimine y\u00fcrekten te\u015fekk\u00fcr ederiz.\u201d\u00a0<\/p>\n<p>Sardos Dernek Ba\u015fkan\u0131 Faruk Eker de etkinlikle ilgi \u015fu a\u00e7\u0131klamay\u0131 yapt\u0131; \u201cAyn\u0131 zamanda dernek \u00fcyemiz olan aile bireylerinden gelen talep \u00fczerine \u015fehidimiz ad\u0131na bu etkinli\u011fi ger\u00e7ekle\u015ftirdik. \u00dclkemizin bekas\u0131 i\u00e7in can\u0131n\u0131 veren, kan\u0131n\u0131 d\u00f6ken t\u00fcm \u015fehit ve gazilerimiz bizim i\u00e7in k\u0131ymetlidir. Onlar\u0131n sayesinde bug\u00fcn bu topraklar \u00fczerinde h\u00fcr ve korkusuzca hayat\u0131m\u0131z\u0131 s\u00fcrd\u00fcr\u00fcyoruz. \u00a0Ter\u00f6r\u00fcn, \u00f6l\u00fcm\u00fcn, sava\u015f\u0131n, ac\u0131n\u0131n olmad\u0131\u011f\u0131 , huzurun ve karde\u015fli\u011fin hakim oldu\u011fu bir d\u00fcnya en \u00f6ncelikli dile\u011fimizdir. \u00a0Ama ya\u015fanan bir ac\u0131 varsa, bunun i\u00e7in bir bedel \u00f6dendi ise bunu da hi\u00e7bir zaman unutmayaca\u011f\u0131z. Her \u015fehit haberinden sonra harabe g\u00f6r\u00fcn\u00fcml\u00fc evlere as\u0131lan al bayra\u011f\u0131m\u0131z\u0131n ve akabinde d\u00f6k\u00fclen \u00a0&#8221;Vatan Sa\u011f olsun&#8221; s\u00f6zleri ve g\u00f6r\u00fcnt\u00fcleri zihnimize kaz\u0131nd\u0131 unutmad\u0131k, unutturmayaca\u011f\u0131z. \u00a0Ruhlar\u0131 \u015fad olsun, huzur i\u00e7inde uyusunlar.\u201d\u00a0<\/p>\n<p>\u200bHaberin Al\u0131nt\u0131land\u0131\u011f\u0131 Kaynak: www.iskenderun.org<\/p>","protected":false},"excerpt":{"rendered":"<p>Edirne Ke\u015fan Saros Do\u011fa ve Spor Derne\u011fi(SARDOS) \u00fcyeleri ge\u00e7ti\u011fimiz hafta sonu, 1992 Y\u0131l\u0131nda Eruh b\u00f6lgesinde b\u00f6l\u00fcc\u00fc ter\u00f6r \u00f6rg\u00fct\u00fc taraf\u0131ndan \u015eehit edilen Jandarma Komando Er Hasan Yavuz an\u0131s\u0131na bir do\u011fa y\u00fcr\u00fcy\u00fc\u015f\u00fc ger\u00e7ekle\u015ftirdi.Erdo\u011fan DEM\u0130R \/ ED\u0130RNE (\u0130GFA) &#8211;\u00a0Kalabal\u0131k bir kat\u0131l\u0131mla ger\u00e7ekle\u015ftirilen anma y\u00fcr\u00fcy\u00fc\u015f\u00fc sonunda \u015fehidimizin ailesi taraf\u0131ndan kat\u0131l\u0131mc\u0131lara hay\u0131r ikram\u0131 yap\u0131ld\u0131. \u00a0Sardos taraf\u0131ndan haz\u0131rlanan rota &#8221;\u015eehit Hasan Yavuz Parkuru&#8221; ad\u0131 alt\u0131nda Wikiloc.com D\u00fcnya y\u00fcr\u00fcy\u00fc\u015f rotalar\u0131 sitesine kayd\u0131 yap\u0131larak ad\u0131 \u00f6l\u00fcms\u00fczle\u015ftirildi. \u015eehidimizin ablas\u0131 Sevil \u00d6z\u00e7ak\u0131r ailesi ad\u0131na duygular\u0131n\u0131 \u015fu \u015fekilde ifade etti; \u201c\u00c7ok duygu yo\u011funlu\u011fu ya\u015fad\u0131\u011f\u0131m\u0131z bir g\u00fcn ge\u00e7irdik. Otuz \u00fc\u00e7 y\u0131l \u00f6nce \u015fehadet mertebesine ula\u015fan karde\u015fimizin an\u0131s\u0131 ve ac\u0131s\u0131 hep i\u00e7imizde. Aradan y\u0131llar ge\u00e7se de bu ac\u0131 i\u00e7imizde bir kor olarak hep kalmaya devam edecek, ruhu \u015fad olsun huzur i\u00e7inde uyusun. Karde\u015fimizin ad\u0131n\u0131 ya\u015fatmak i\u00e7in yap\u0131lan bu etkinli\u011fe kat\u0131lan herkese ve organize eden SARDOS dernek y\u00f6netimine y\u00fcrekten te\u015fekk\u00fcr ederiz.\u201d\u00a0 Sardos Dernek Ba\u015fkan\u0131 Faruk Eker de etkinlikle ilgi \u015fu a\u00e7\u0131klamay\u0131 yapt\u0131; \u201cAyn\u0131 zamanda dernek \u00fcyemiz olan aile bireylerinden gelen talep \u00fczerine \u015fehidimiz ad\u0131na bu etkinli\u011fi ger\u00e7ekle\u015ftirdik. \u00dclkemizin bekas\u0131 i\u00e7in can\u0131n\u0131 veren, kan\u0131n\u0131 d\u00f6ken t\u00fcm \u015fehit ve gazilerimiz bizim i\u00e7in k\u0131ymetlidir. Onlar\u0131n sayesinde bug\u00fcn bu topraklar \u00fczerinde h\u00fcr ve korkusuzca hayat\u0131m\u0131z\u0131 s\u00fcrd\u00fcr\u00fcyoruz. \u00a0Ter\u00f6r\u00fcn, \u00f6l\u00fcm\u00fcn, sava\u015f\u0131n, ac\u0131n\u0131n olmad\u0131\u011f\u0131 , huzurun ve karde\u015fli\u011fin hakim oldu\u011fu bir &hellip;<\/p>","protected":false},"author":1,"featured_media":0,"comment_status":"","ping_status":"open","sticky":false,"template":"","format":"standard","meta":{"_acf_changed":false,"footnotes":""},"categories":[24],"tags":[],"class_list":["post-57384","post","type-post","status-publish","format-standard","has-post-thumbnail","hentry","category-gundem"],"acf":[],"yoast_head":"<!-- This site is optimized with the Yoast SEO Premium plugin v26.6 (Yoast SEO v27.1.1) - https:\/\/yoast.com\/product\/yoast-seo-premium-wordpress\/ -->\n<title>SARDOS \u015eehit Hasan Yavuz i\u00e7in y\u00fcr\u00fcd\u00fc - Av. Deniz Can K\u0131z\u0131l<\/title>\n<meta name=\"robots\" content=\"index, follow, max-snippet:-1, max-image-preview:large, max-video-preview:-1\" \/>\n<link rel=\"canonical\" href=\"https:\/\/denizcankizil.tr\/en\/haberler\/gundem\/sardos-sehit-hasan-yavuz-icin-yurudu\/\" \/>\n<meta property=\"og:locale\" content=\"en_GB\" \/>\n<meta property=\"og:type\" content=\"article\" \/>\n<meta property=\"og:title\" content=\"SARDOS \u015eehit Hasan Yavuz i\u00e7in y\u00fcr\u00fcd\u00fc\" \/>\n<meta property=\"og:description\" content=\"Edirne Ke\u015fan Saros Do\u011fa ve Spor Derne\u011fi(SARDOS) \u00fcyeleri ge\u00e7ti\u011fimiz hafta sonu, 1992 Y\u0131l\u0131nda Eruh b\u00f6lgesinde b\u00f6l\u00fcc\u00fc ter\u00f6r \u00f6rg\u00fct\u00fc taraf\u0131ndan \u015eehit edilen Jandarma Komando Er Hasan Yavuz an\u0131s\u0131na bir do\u011fa y\u00fcr\u00fcy\u00fc\u015f\u00fc ger\u00e7ekle\u015ftirdi.Erdo\u011fan DEM\u0130R \/ ED\u0130RNE (\u0130GFA) &#8211;\u00a0Kalabal\u0131k bir kat\u0131l\u0131mla ger\u00e7ekle\u015ftirilen anma y\u00fcr\u00fcy\u00fc\u015f\u00fc sonunda \u015fehidimizin ailesi taraf\u0131ndan kat\u0131l\u0131mc\u0131lara hay\u0131r ikram\u0131 yap\u0131ld\u0131. \u00a0Sardos taraf\u0131ndan haz\u0131rlanan rota &#8221;\u015eehit Hasan Yavuz Parkuru&#8221; ad\u0131 alt\u0131nda Wikiloc.com D\u00fcnya y\u00fcr\u00fcy\u00fc\u015f rotalar\u0131 sitesine kayd\u0131 yap\u0131larak ad\u0131 \u00f6l\u00fcms\u00fczle\u015ftirildi. \u015eehidimizin ablas\u0131 Sevil \u00d6z\u00e7ak\u0131r ailesi ad\u0131na duygular\u0131n\u0131 \u015fu \u015fekilde ifade etti; \u201c\u00c7ok duygu yo\u011funlu\u011fu ya\u015fad\u0131\u011f\u0131m\u0131z bir g\u00fcn ge\u00e7irdik. Otuz \u00fc\u00e7 y\u0131l \u00f6nce \u015fehadet mertebesine ula\u015fan karde\u015fimizin an\u0131s\u0131 ve ac\u0131s\u0131 hep i\u00e7imizde. Aradan y\u0131llar ge\u00e7se de bu ac\u0131 i\u00e7imizde bir kor olarak hep kalmaya devam edecek, ruhu \u015fad olsun huzur i\u00e7inde uyusun. Karde\u015fimizin ad\u0131n\u0131 ya\u015fatmak i\u00e7in yap\u0131lan bu etkinli\u011fe kat\u0131lan herkese ve organize eden SARDOS dernek y\u00f6netimine y\u00fcrekten te\u015fekk\u00fcr ederiz.\u201d\u00a0 Sardos Dernek Ba\u015fkan\u0131 Faruk Eker de etkinlikle ilgi \u015fu a\u00e7\u0131klamay\u0131 yapt\u0131; \u201cAyn\u0131 zamanda dernek \u00fcyemiz olan aile bireylerinden gelen talep \u00fczerine \u015fehidimiz ad\u0131na bu etkinli\u011fi ger\u00e7ekle\u015ftirdik. \u00dclkemizin bekas\u0131 i\u00e7in can\u0131n\u0131 veren, kan\u0131n\u0131 d\u00f6ken t\u00fcm \u015fehit ve gazilerimiz bizim i\u00e7in k\u0131ymetlidir. Onlar\u0131n sayesinde bug\u00fcn bu topraklar \u00fczerinde h\u00fcr ve korkusuzca hayat\u0131m\u0131z\u0131 s\u00fcrd\u00fcr\u00fcyoruz. \u00a0Ter\u00f6r\u00fcn, \u00f6l\u00fcm\u00fcn, sava\u015f\u0131n, ac\u0131n\u0131n olmad\u0131\u011f\u0131 , huzurun ve karde\u015fli\u011fin hakim oldu\u011fu bir &hellip;\" \/>\n<meta property=\"og:url\" content=\"https:\/\/denizcankizil.tr\/en\/haberler\/gundem\/sardos-sehit-hasan-yavuz-icin-yurudu\/\" \/>\n<meta property=\"og:site_name\" content=\"Av. Deniz Can K\u0131z\u0131l\" \/>\n<meta property=\"article:published_time\" content=\"2025-04-16T08:42:46+00:00\" \/>\n<meta name=\"author\" content=\"admin\" \/>\n<meta name=\"twitter:card\" content=\"summary_large_image\" \/>\n<meta name=\"twitter:label1\" content=\"Written by\" \/>\n\t<meta name=\"twitter:data1\" content=\"admin\" \/>\n\t<meta name=\"twitter:label2\" content=\"Estimated reading time\" \/>\n\t<meta name=\"twitter:data2\" content=\"4 minutes\" \/>\n<script type=\"application\/ld+json\" class=\"yoast-schema-graph\">{\"@context\":\"https:\/\/schema.org\",\"@graph\":[{\"@type\":\"Article\",\"@id\":\"https:\/\/denizcankizil.tr\/ru\/haberler\/gundem\/sardos-sehit-hasan-yavuz-icin-yurudu\/#article\",\"isPartOf\":{\"@id\":\"https:\/\/denizcankizil.tr\/ru\/haberler\/gundem\/sardos-sehit-hasan-yavuz-icin-yurudu\/\"},\"author\":{\"name\":\"admin\",\"@id\":\"https:\/\/denizcankizil.tr\/de\/#\/schema\/person\/be3c05fe6a12686905512445d8185489\"},\"headline\":\"SARDOS \u015eehit Hasan Yavuz i\u00e7in y\u00fcr\u00fcd\u00fc\",\"datePublished\":\"2025-04-16T08:42:46+00:00\",\"mainEntityOfPage\":{\"@id\":\"https:\/\/denizcankizil.tr\/ru\/haberler\/gundem\/sardos-sehit-hasan-yavuz-icin-yurudu\/\"},\"wordCount\":779,\"publisher\":{\"@id\":\"https:\/\/denizcankizil.tr\/de\/#organization\"},\"articleSection\":[\"G\u00fcndem\"],\"inLanguage\":\"en-GB\"},{\"@type\":\"WebPage\",\"@id\":\"https:\/\/denizcankizil.tr\/ru\/haberler\/gundem\/sardos-sehit-hasan-yavuz-icin-yurudu\/\",\"url\":\"https:\/\/denizcankizil.tr\/ru\/haberler\/gundem\/sardos-sehit-hasan-yavuz-icin-yurudu\/\",\"name\":\"SARDOS \u015eehit Hasan Yavuz i\u00e7in y\u00fcr\u00fcd\u00fc - Av. Deniz Can K\u0131z\u0131l\",\"isPartOf\":{\"@id\":\"https:\/\/denizcankizil.tr\/de\/#website\"},\"datePublished\":\"2025-04-16T08:42:46+00:00\",\"breadcrumb\":{\"@id\":\"https:\/\/denizcankizil.tr\/ru\/haberler\/gundem\/sardos-sehit-hasan-yavuz-icin-yurudu\/#breadcrumb\"},\"inLanguage\":\"en-GB\",\"potentialAction\":[{\"@type\":\"ReadAction\",\"target\":[\"https:\/\/denizcankizil.tr\/ru\/haberler\/gundem\/sardos-sehit-hasan-yavuz-icin-yurudu\/\"]}]},{\"@type\":\"BreadcrumbList\",\"@id\":\"https:\/\/denizcankizil.tr\/ru\/haberler\/gundem\/sardos-sehit-hasan-yavuz-icin-yurudu\/#breadcrumb\",\"itemListElement\":[{\"@type\":\"ListItem\",\"position\":1,\"name\":\"Home\",\"item\":\"https:\/\/denizcankizil.tr\/de\/\"},{\"@type\":\"ListItem\",\"position\":2,\"name\":\"SARDOS \u015eehit Hasan Yavuz i\u00e7in y\u00fcr\u00fcd\u00fc\"}]},{\"@type\":\"WebSite\",\"@id\":\"https:\/\/denizcankizil.tr\/de\/#website\",\"url\":\"https:\/\/denizcankizil.tr\/de\/\",\"name\":\"Av. Deniz Can K\u0131z\u0131l\",\"description\":\"Avukat Deniz Can K\u0131z\u0131l Antalya Barosu\",\"publisher\":{\"@id\":\"https:\/\/denizcankizil.tr\/de\/#organization\"},\"potentialAction\":[{\"@type\":\"SearchAction\",\"target\":{\"@type\":\"EntryPoint\",\"urlTemplate\":\"https:\/\/denizcankizil.tr\/de\/?s={search_term_string}\"},\"query-input\":{\"@type\":\"PropertyValueSpecification\",\"valueRequired\":true,\"valueName\":\"search_term_string\"}}],\"inLanguage\":\"en-GB\"},{\"@type\":\"Organization\",\"@id\":\"https:\/\/denizcankizil.tr\/de\/#organization\",\"name\":\"Av. Deniz Can K\u0131z\u0131l\",\"url\":\"https:\/\/denizcankizil.tr\/de\/\",\"logo\":{\"@type\":\"ImageObject\",\"inLanguage\":\"en-GB\",\"@id\":\"https:\/\/denizcankizil.tr\/de\/#\/schema\/logo\/image\/\",\"url\":\"https:\/\/denizcankizil.tr\/wp-content\/uploads\/2024\/10\/siyah-logo-svg.svg\",\"contentUrl\":\"https:\/\/denizcankizil.tr\/wp-content\/uploads\/2024\/10\/siyah-logo-svg.svg\",\"width\":1080,\"height\":1080,\"caption\":\"Av. Deniz Can K\u0131z\u0131l\"},\"image\":{\"@id\":\"https:\/\/denizcankizil.tr\/de\/#\/schema\/logo\/image\/\"}},{\"@type\":\"Person\",\"@id\":\"https:\/\/denizcankizil.tr\/de\/#\/schema\/person\/be3c05fe6a12686905512445d8185489\",\"name\":\"admin\",\"image\":{\"@type\":\"ImageObject\",\"inLanguage\":\"en-GB\",\"@id\":\"https:\/\/denizcankizil.tr\/de\/#\/schema\/person\/image\/\",\"url\":\"https:\/\/secure.gravatar.com\/avatar\/c1fce94c830dc79107e174f890d7210541c4a63e8e5d816341794a2151c9d58c?s=96&d=mm&r=g\",\"contentUrl\":\"https:\/\/secure.gravatar.com\/avatar\/c1fce94c830dc79107e174f890d7210541c4a63e8e5d816341794a2151c9d58c?s=96&d=mm&r=g\",\"caption\":\"admin\"},\"sameAs\":[\"http:\/\/denizcankizil.tr\"],\"url\":\"https:\/\/www.iskenderun.org\/sardos-sehit-hasan-yavuz-icin-yurudu\"}]}<\/script>\n<!-- \/ Yoast SEO Premium plugin. -->","yoast_head_json":{"title":"SARDOS \u015eehit Hasan Yavuz i\u00e7in y\u00fcr\u00fcd\u00fc - Av. Deniz Can K\u0131z\u0131l","robots":{"index":"index","follow":"follow","max-snippet":"max-snippet:-1","max-image-preview":"max-image-preview:large","max-video-preview":"max-video-preview:-1"},"canonical":"https:\/\/denizcankizil.tr\/en\/haberler\/gundem\/sardos-sehit-hasan-yavuz-icin-yurudu\/","og_locale":"en_GB","og_type":"article","og_title":"SARDOS \u015eehit Hasan Yavuz i\u00e7in y\u00fcr\u00fcd\u00fc","og_description":"Edirne Ke\u015fan Saros Do\u011fa ve Spor Derne\u011fi(SARDOS) \u00fcyeleri ge\u00e7ti\u011fimiz hafta sonu, 1992 Y\u0131l\u0131nda Eruh b\u00f6lgesinde b\u00f6l\u00fcc\u00fc ter\u00f6r \u00f6rg\u00fct\u00fc taraf\u0131ndan \u015eehit edilen Jandarma Komando Er Hasan Yavuz an\u0131s\u0131na bir do\u011fa y\u00fcr\u00fcy\u00fc\u015f\u00fc ger\u00e7ekle\u015ftirdi.Erdo\u011fan DEM\u0130R \/ ED\u0130RNE (\u0130GFA) &#8211;\u00a0Kalabal\u0131k bir kat\u0131l\u0131mla ger\u00e7ekle\u015ftirilen anma y\u00fcr\u00fcy\u00fc\u015f\u00fc sonunda \u015fehidimizin ailesi taraf\u0131ndan kat\u0131l\u0131mc\u0131lara hay\u0131r ikram\u0131 yap\u0131ld\u0131. \u00a0Sardos taraf\u0131ndan haz\u0131rlanan rota &#8221;\u015eehit Hasan Yavuz Parkuru&#8221; ad\u0131 alt\u0131nda Wikiloc.com D\u00fcnya y\u00fcr\u00fcy\u00fc\u015f rotalar\u0131 sitesine kayd\u0131 yap\u0131larak ad\u0131 \u00f6l\u00fcms\u00fczle\u015ftirildi. \u015eehidimizin ablas\u0131 Sevil \u00d6z\u00e7ak\u0131r ailesi ad\u0131na duygular\u0131n\u0131 \u015fu \u015fekilde ifade etti; \u201c\u00c7ok duygu yo\u011funlu\u011fu ya\u015fad\u0131\u011f\u0131m\u0131z bir g\u00fcn ge\u00e7irdik. Otuz \u00fc\u00e7 y\u0131l \u00f6nce \u015fehadet mertebesine ula\u015fan karde\u015fimizin an\u0131s\u0131 ve ac\u0131s\u0131 hep i\u00e7imizde. Aradan y\u0131llar ge\u00e7se de bu ac\u0131 i\u00e7imizde bir kor olarak hep kalmaya devam edecek, ruhu \u015fad olsun huzur i\u00e7inde uyusun. Karde\u015fimizin ad\u0131n\u0131 ya\u015fatmak i\u00e7in yap\u0131lan bu etkinli\u011fe kat\u0131lan herkese ve organize eden SARDOS dernek y\u00f6netimine y\u00fcrekten te\u015fekk\u00fcr ederiz.\u201d\u00a0 Sardos Dernek Ba\u015fkan\u0131 Faruk Eker de etkinlikle ilgi \u015fu a\u00e7\u0131klamay\u0131 yapt\u0131; \u201cAyn\u0131 zamanda dernek \u00fcyemiz olan aile bireylerinden gelen talep \u00fczerine \u015fehidimiz ad\u0131na bu etkinli\u011fi ger\u00e7ekle\u015ftirdik. \u00dclkemizin bekas\u0131 i\u00e7in can\u0131n\u0131 veren, kan\u0131n\u0131 d\u00f6ken t\u00fcm \u015fehit ve gazilerimiz bizim i\u00e7in k\u0131ymetlidir. Onlar\u0131n sayesinde bug\u00fcn bu topraklar \u00fczerinde h\u00fcr ve korkusuzca hayat\u0131m\u0131z\u0131 s\u00fcrd\u00fcr\u00fcyoruz. \u00a0Ter\u00f6r\u00fcn, \u00f6l\u00fcm\u00fcn, sava\u015f\u0131n, ac\u0131n\u0131n olmad\u0131\u011f\u0131 , huzurun ve karde\u015fli\u011fin hakim oldu\u011fu bir &hellip;","og_url":"https:\/\/denizcankizil.tr\/en\/haberler\/gundem\/sardos-sehit-hasan-yavuz-icin-yurudu\/","og_site_name":"Av. Deniz Can K\u0131z\u0131l","article_published_time":"2025-04-16T08:42:46+00:00","author":"admin","twitter_card":"summary_large_image","twitter_misc":{"Written by":"admin","Estimated reading time":"4 minutes"},"schema":{"@context":"https:\/\/schema.org","@graph":[{"@type":"Article","@id":"https:\/\/denizcankizil.tr\/ru\/haberler\/gundem\/sardos-sehit-hasan-yavuz-icin-yurudu\/#article","isPartOf":{"@id":"https:\/\/denizcankizil.tr\/ru\/haberler\/gundem\/sardos-sehit-hasan-yavuz-icin-yurudu\/"},"author":{"name":"admin","@id":"https:\/\/denizcankizil.tr\/de\/#\/schema\/person\/be3c05fe6a12686905512445d8185489"},"headline":"SARDOS \u015eehit Hasan Yavuz i\u00e7in y\u00fcr\u00fcd\u00fc","datePublished":"2025-04-16T08:42:46+00:00","mainEntityOfPage":{"@id":"https:\/\/denizcankizil.tr\/ru\/haberler\/gundem\/sardos-sehit-hasan-yavuz-icin-yurudu\/"},"wordCount":779,"publisher":{"@id":"https:\/\/denizcankizil.tr\/de\/#organization"},"articleSection":["G\u00fcndem"],"inLanguage":"en-GB"},{"@type":"WebPage","@id":"https:\/\/denizcankizil.tr\/ru\/haberler\/gundem\/sardos-sehit-hasan-yavuz-icin-yurudu\/","url":"https:\/\/denizcankizil.tr\/ru\/haberler\/gundem\/sardos-sehit-hasan-yavuz-icin-yurudu\/","name":"SARDOS \u015eehit Hasan Yavuz i\u00e7in y\u00fcr\u00fcd\u00fc - Av. Deniz Can K\u0131z\u0131l","isPartOf":{"@id":"https:\/\/denizcankizil.tr\/de\/#website"},"datePublished":"2025-04-16T08:42:46+00:00","breadcrumb":{"@id":"https:\/\/denizcankizil.tr\/ru\/haberler\/gundem\/sardos-sehit-hasan-yavuz-icin-yurudu\/#breadcrumb"},"inLanguage":"en-GB","potentialAction":[{"@type":"ReadAction","target":["https:\/\/denizcankizil.tr\/ru\/haberler\/gundem\/sardos-sehit-hasan-yavuz-icin-yurudu\/"]}]},{"@type":"BreadcrumbList","@id":"https:\/\/denizcankizil.tr\/ru\/haberler\/gundem\/sardos-sehit-hasan-yavuz-icin-yurudu\/#breadcrumb","itemListElement":[{"@type":"ListItem","position":1,"name":"Home","item":"https:\/\/denizcankizil.tr\/de\/"},{"@type":"ListItem","position":2,"name":"SARDOS \u015eehit Hasan Yavuz i\u00e7in y\u00fcr\u00fcd\u00fc"}]},{"@type":"WebSite","@id":"https:\/\/denizcankizil.tr\/de\/#website","url":"https:\/\/denizcankizil.tr\/de\/","name":"Av. Deniz Can K\u0131z\u0131l","description":"Avukat Deniz Can K\u0131z\u0131l Antalya Barosu","publisher":{"@id":"https:\/\/denizcankizil.tr\/de\/#organization"},"potentialAction":[{"@type":"SearchAction","target":{"@type":"EntryPoint","urlTemplate":"https:\/\/denizcankizil.tr\/de\/?s={search_term_string}"},"query-input":{"@type":"PropertyValueSpecification","valueRequired":true,"valueName":"search_term_string"}}],"inLanguage":"en-GB"},{"@type":"Organization","@id":"https:\/\/denizcankizil.tr\/de\/#organization","name":"Av. Deniz Can K\u0131z\u0131l","url":"https:\/\/denizcankizil.tr\/de\/","logo":{"@type":"ImageObject","inLanguage":"en-GB","@id":"https:\/\/denizcankizil.tr\/de\/#\/schema\/logo\/image\/","url":"https:\/\/denizcankizil.tr\/wp-content\/uploads\/2024\/10\/siyah-logo-svg.svg","contentUrl":"https:\/\/denizcankizil.tr\/wp-content\/uploads\/2024\/10\/siyah-logo-svg.svg","width":1080,"height":1080,"caption":"Av. Deniz Can K\u0131z\u0131l"},"image":{"@id":"https:\/\/denizcankizil.tr\/de\/#\/schema\/logo\/image\/"}},{"@type":"Person","@id":"https:\/\/denizcankizil.tr\/de\/#\/schema\/person\/be3c05fe6a12686905512445d8185489","name":"admin","image":{"@type":"ImageObject","inLanguage":"en-GB","@id":"https:\/\/denizcankizil.tr\/de\/#\/schema\/person\/image\/","url":"https:\/\/secure.gravatar.com\/avatar\/c1fce94c830dc79107e174f890d7210541c4a63e8e5d816341794a2151c9d58c?s=96&d=mm&r=g","contentUrl":"https:\/\/secure.gravatar.com\/avatar\/c1fce94c830dc79107e174f890d7210541c4a63e8e5d816341794a2151c9d58c?s=96&d=mm&r=g","caption":"admin"},"sameAs":["http:\/\/denizcankizil.tr"],"url":"https:\/\/www.iskenderun.org\/sardos-sehit-hasan-yavuz-icin-yurudu"}]}},"_links":{"self":[{"href":"https:\/\/denizcankizil.tr\/en\/wp-json\/wp\/v2\/posts\/57384","targetHints":{"allow":["GET"]}}],"collection":[{"href":"https:\/\/denizcankizil.tr\/en\/wp-json\/wp\/v2\/posts"}],"about":[{"href":"https:\/\/denizcankizil.tr\/en\/wp-json\/wp\/v2\/types\/post"}],"author":[{"embeddable":true,"href":"https:\/\/denizcankizil.tr\/en\/wp-json\/wp\/v2\/users\/1"}],"replies":[{"embeddable":true,"href":"https:\/\/denizcankizil.tr\/en\/wp-json\/wp\/v2\/comments?post=57384"}],"version-history":[{"count":0,"href":"https:\/\/denizcankizil.tr\/en\/wp-json\/wp\/v2\/posts\/57384\/revisions"}],"wp:attachment":[{"href":"https:\/\/denizcankizil.tr\/en\/wp-json\/wp\/v2\/media?parent=57384"}],"wp:term":[{"taxonomy":"category","embeddable":true,"href":"https:\/\/denizcankizil.tr\/en\/wp-json\/wp\/v2\/categories?post=57384"},{"taxonomy":"post_tag","embeddable":true,"href":"https:\/\/denizcankizil.tr\/en\/wp-json\/wp\/v2\/tags?post=57384"}],"curies":[{"name":"wp","href":"https:\/\/api.w.org\/{rel}","templated":true}]}}