{"id":56385,"date":"2025-04-15T12:41:53","date_gmt":"2025-04-15T09:41:53","guid":{"rendered":"https:\/\/denizcankizil.tr\/uncategorized-tr\/orkinos-bulut-ile-uluslararasi-sebekelere-tarihi-darbe\/"},"modified":"2025-04-15T12:41:53","modified_gmt":"2025-04-15T09:41:53","slug":"orkinos-bulut-ile-uluslararasi-sebekelere-tarihi-darbe","status":"publish","type":"post","link":"https:\/\/denizcankizil.tr\/en\/haberler\/gundem\/orkinos-bulut-ile-uluslararasi-sebekelere-tarihi-darbe\/","title":{"rendered":"&#8216;Orkinos-Bulut&#8217; ile uluslararas\u0131 \u015febekelere tarihi darbe!"},"content":{"rendered":"<p>10&#8217;u k\u0131rm\u0131z\u0131 b\u00fcltenle aranan 9\u2019u yurt d\u0131\u015f\u0131nda, 225\u2019i yurt i\u00e7inde olmak \u00fczere toplam 234 \u00fcst d\u00fczey organize su\u00e7 \u00f6rg\u00fct\u00fc \u00fcyesi \u0130\u00e7i\u015fleri&#8217;nin ulusal ve uluslararas\u0131 operasyonu &#8216;Orkinos-Bulut&#8217; ile g\u00f6zalt\u0131na al\u0131nd\u0131.  4 ayr\u0131 organize su\u00e7 \u00f6rg\u00fct\u00fcne y\u00f6nelik uluslararas\u0131 uyu\u015fturucu \u015febekelerine tarihi darbe vurulan operasyonun ayr\u0131nt\u0131lar\u0131n\u0131 \u0130\u00e7i\u015fleri Bakan\u0131 Ali Yerlikaya duyurdu.ANKARA (\u0130GFA) &#8211; \u0130\u00e7i\u015fleri Bakan\u0131 Ali Yerlikaya, ulusal ve uluslararas\u0131 \u00e7apta uyu\u015fturucu ticareti yapan 4 ayr\u0131 organize su\u00e7 \u00f6rg\u00fct\u00fcne y\u00f6nelik \u201cOrkinos-Bulut\u201d operasyonu d\u00fczenlendi\u011fini duyurdu.<br \/>\nEmniyet Genel M\u00fcd\u00fcrl\u00fc\u011f\u00fc\u2019n\u00fcn koordinesinde, Hollanda, Almanya, \u0130spanya ve Bel\u00e7ika polis te\u015fkilatlar\u0131yla e\u015f zamanl\u0131 ger\u00e7ekle\u015ftirilen operasyonda, Fransa, \u0130ngiltere, Avustralya, ABD ve di\u011fer 10 \u00fclkenin polis te\u015fkilatlar\u0131yla bilgi payla\u015f\u0131m\u0131 yap\u0131ld\u0131. Operasyon kapsam\u0131nda, uyu\u015fturucu ticareti ve kara para aklama su\u00e7lar\u0131n\u0131n yan\u0131 s\u0131ra kasten adam \u00f6ld\u00fcrme, ate\u015fli silahla yaralama, adam ka\u00e7\u0131rma, h\u00fcrriyeti tahdit, i\u015f yeri ve ara\u00e7 kur\u015funlama ile \u015fantaj gibi su\u00e7lar i\u015fleyen \u015febekeler hedef al\u0131nd\u0131.<\/p>\n<p>https:\/\/twitter.com\/AliYerlikaya\/status\/1912059162097324398<\/p>\n<p>Operasyonun ayr\u0131nt\u0131lar\u0131n\u0131 sosyal medya hesab\u0131ndan payla\u015fan \u0130\u00e7i\u015fleri Bakan\u0131 Ali Yerlikaya, 9\u2019u yurt d\u0131\u015f\u0131nda, 225\u2019i yurt i\u00e7inde olmak \u00fczere toplam 234 \u00fcst d\u00fczey su\u00e7 \u00f6rg\u00fct\u00fc \u00fcyesi g\u00f6zalt\u0131na al\u0131nd\u0131\u011f\u0131n\u0131, bunlardan 10\u2019u k\u0131rm\u0131z\u0131 b\u00fcltenle arand\u0131\u011f\u0131n\u0131 kaydetti.<\/p>\n<p>Mali Su\u00e7lar\u0131 Ara\u015ft\u0131rma Kurulu (MASAK) taraf\u0131ndan yap\u0131lan incelemelerde, \u015f\u00fcphelilere ait 681 ta\u015f\u0131nmaz, 127 ara\u00e7, 113 \u015firketteki ortakl\u0131k paylar\u0131 ve banka hesaplar\u0131 dahil yakla\u015f\u0131k 13 milyar TL de\u011ferinde mal varl\u0131\u011f\u0131na el konuldu.<\/p>\n<p>Bakan Yerlikaya, operasyonu ba\u015far\u0131yla y\u00fcr\u00fcten Emniyet Genel M\u00fcd\u00fcrl\u00fc\u011f\u00fc, Narkotik Su\u00e7larla M\u00fccadele Daire Ba\u015fkanl\u0131\u011f\u0131, \u0130nterpol-Europol Daire Ba\u015fkanl\u0131\u011f\u0131, \u0130stanbul Emniyet M\u00fcd\u00fcrl\u00fc\u011f\u00fc, MASAK, \u0130stanbul Cumhuriyet Ba\u015fsavc\u0131l\u0131\u011f\u0131 ve Avrupa Polis Te\u015fkilat\u0131 EUROPOL\u2019e te\u015fekk\u00fcr ederken, zehir tacirleriyle m\u00fccadele etmeye kararl\u0131l\u0131kla devam edeceklerinin alt\u0131 \u00e7izildi.<\/p>\n<p>\u200b10&#8217;u k\u0131rm\u0131z\u0131 b\u00fcltenle aranan 9\u2019u yurt d\u0131\u015f\u0131nda, 225\u2019i yurt i\u00e7inde olmak \u00fczere toplam 234 \u00fcst d\u00fczey organize su\u00e7 \u00f6rg\u00fct\u00fc \u00fcyesi \u0130\u00e7i\u015fleri&#8217;nin ulusal ve uluslararas\u0131 operasyonu &#8216;Orkinos-Bulut&#8217; ile g\u00f6zalt\u0131na al\u0131nd\u0131.  4 ayr\u0131 organize su\u00e7 \u00f6rg\u00fct\u00fcne y\u00f6nelik uluslararas\u0131 uyu\u015fturucu \u015febekelerine tarihi darbe vurulan operasyonun ayr\u0131nt\u0131lar\u0131n\u0131 \u0130\u00e7i\u015fleri Bakan\u0131 Ali Yerlikaya duyurdu.ANKARA (\u0130GFA) &#8211; \u0130\u00e7i\u015fleri Bakan\u0131 Ali Yerlikaya, ulusal ve uluslararas\u0131 \u00e7apta uyu\u015fturucu ticareti yapan 4 ayr\u0131 organize su\u00e7 \u00f6rg\u00fct\u00fcne y\u00f6nelik \u201cOrkinos-Bulut\u201d operasyonu d\u00fczenlendi\u011fini duyurdu.<br \/>\nEmniyet Genel M\u00fcd\u00fcrl\u00fc\u011f\u00fc\u2019n\u00fcn koordinesinde, Hollanda, Almanya, \u0130spanya ve Bel\u00e7ika polis te\u015fkilatlar\u0131yla e\u015f zamanl\u0131 ger\u00e7ekle\u015ftirilen operasyonda, Fransa, \u0130ngiltere, Avustralya, ABD ve di\u011fer 10 \u00fclkenin polis te\u015fkilatlar\u0131yla bilgi payla\u015f\u0131m\u0131 yap\u0131ld\u0131. Operasyon kapsam\u0131nda, uyu\u015fturucu ticareti ve kara para aklama su\u00e7lar\u0131n\u0131n yan\u0131 s\u0131ra kasten adam \u00f6ld\u00fcrme, ate\u015fli silahla yaralama, adam ka\u00e7\u0131rma, h\u00fcrriyeti tahdit, i\u015f yeri ve ara\u00e7 kur\u015funlama ile \u015fantaj gibi su\u00e7lar i\u015fleyen \u015febekeler hedef al\u0131nd\u0131.<\/p>\n<p>https:\/\/twitter.com\/AliYerlikaya\/status\/1912059162097324398<\/p>\n<p>Operasyonun ayr\u0131nt\u0131lar\u0131n\u0131 sosyal medya hesab\u0131ndan payla\u015fan \u0130\u00e7i\u015fleri Bakan\u0131 Ali Yerlikaya, 9\u2019u yurt d\u0131\u015f\u0131nda, 225\u2019i yurt i\u00e7inde olmak \u00fczere toplam 234 \u00fcst d\u00fczey su\u00e7 \u00f6rg\u00fct\u00fc \u00fcyesi g\u00f6zalt\u0131na al\u0131nd\u0131\u011f\u0131n\u0131, bunlardan 10\u2019u k\u0131rm\u0131z\u0131 b\u00fcltenle arand\u0131\u011f\u0131n\u0131 kaydetti.<\/p>\n<p>Mali Su\u00e7lar\u0131 Ara\u015ft\u0131rma Kurulu (MASAK) taraf\u0131ndan yap\u0131lan incelemelerde, \u015f\u00fcphelilere ait 681 ta\u015f\u0131nmaz, 127 ara\u00e7, 113 \u015firketteki ortakl\u0131k paylar\u0131 ve banka hesaplar\u0131 dahil yakla\u015f\u0131k 13 milyar TL de\u011ferinde mal varl\u0131\u011f\u0131na el konuldu.<\/p>\n<p>Bakan Yerlikaya, operasyonu ba\u015far\u0131yla y\u00fcr\u00fcten Emniyet Genel M\u00fcd\u00fcrl\u00fc\u011f\u00fc, Narkotik Su\u00e7larla M\u00fccadele Daire Ba\u015fkanl\u0131\u011f\u0131, \u0130nterpol-Europol Daire Ba\u015fkanl\u0131\u011f\u0131, \u0130stanbul Emniyet M\u00fcd\u00fcrl\u00fc\u011f\u00fc, MASAK, \u0130stanbul Cumhuriyet Ba\u015fsavc\u0131l\u0131\u011f\u0131 ve Avrupa Polis Te\u015fkilat\u0131 EUROPOL\u2019e te\u015fekk\u00fcr ederken, zehir tacirleriyle m\u00fccadele etmeye kararl\u0131l\u0131kla devam edeceklerinin alt\u0131 \u00e7izildi.\u00a0<\/p>\n<p>\u200bHaberin Al\u0131nt\u0131land\u0131\u011f\u0131 Kaynak: www.iskenderun.org<\/p>","protected":false},"excerpt":{"rendered":"<p>10&#8217;u k\u0131rm\u0131z\u0131 b\u00fcltenle aranan 9\u2019u yurt d\u0131\u015f\u0131nda, 225\u2019i yurt i\u00e7inde olmak \u00fczere toplam 234 \u00fcst d\u00fczey organize su\u00e7 \u00f6rg\u00fct\u00fc \u00fcyesi \u0130\u00e7i\u015fleri&#8217;nin ulusal ve uluslararas\u0131 operasyonu &#8216;Orkinos-Bulut&#8217; ile g\u00f6zalt\u0131na al\u0131nd\u0131. 4 ayr\u0131 organize su\u00e7 \u00f6rg\u00fct\u00fcne y\u00f6nelik uluslararas\u0131 uyu\u015fturucu \u015febekelerine tarihi darbe vurulan operasyonun ayr\u0131nt\u0131lar\u0131n\u0131 \u0130\u00e7i\u015fleri Bakan\u0131 Ali Yerlikaya duyurdu.ANKARA (\u0130GFA) &#8211; \u0130\u00e7i\u015fleri Bakan\u0131 Ali Yerlikaya, ulusal ve uluslararas\u0131 \u00e7apta uyu\u015fturucu ticareti yapan 4 ayr\u0131 organize su\u00e7 \u00f6rg\u00fct\u00fcne y\u00f6nelik \u201cOrkinos-Bulut\u201d operasyonu d\u00fczenlendi\u011fini duyurdu. Emniyet Genel M\u00fcd\u00fcrl\u00fc\u011f\u00fc\u2019n\u00fcn koordinesinde, Hollanda, Almanya, \u0130spanya ve Bel\u00e7ika polis te\u015fkilatlar\u0131yla e\u015f zamanl\u0131 ger\u00e7ekle\u015ftirilen operasyonda, Fransa, \u0130ngiltere, Avustralya, ABD ve di\u011fer 10 \u00fclkenin polis te\u015fkilatlar\u0131yla bilgi payla\u015f\u0131m\u0131 yap\u0131ld\u0131. Operasyon kapsam\u0131nda, uyu\u015fturucu ticareti ve kara para aklama su\u00e7lar\u0131n\u0131n yan\u0131 s\u0131ra kasten adam \u00f6ld\u00fcrme, ate\u015fli silahla yaralama, adam ka\u00e7\u0131rma, h\u00fcrriyeti tahdit, i\u015f yeri ve ara\u00e7 kur\u015funlama ile \u015fantaj gibi su\u00e7lar i\u015fleyen \u015febekeler hedef al\u0131nd\u0131. https:\/\/twitter.com\/AliYerlikaya\/status\/1912059162097324398 Operasyonun ayr\u0131nt\u0131lar\u0131n\u0131 sosyal medya hesab\u0131ndan payla\u015fan \u0130\u00e7i\u015fleri Bakan\u0131 Ali Yerlikaya, 9\u2019u yurt d\u0131\u015f\u0131nda, 225\u2019i yurt i\u00e7inde olmak \u00fczere toplam 234 \u00fcst d\u00fczey su\u00e7 \u00f6rg\u00fct\u00fc \u00fcyesi g\u00f6zalt\u0131na al\u0131nd\u0131\u011f\u0131n\u0131, bunlardan 10\u2019u k\u0131rm\u0131z\u0131 b\u00fcltenle arand\u0131\u011f\u0131n\u0131 kaydetti. Mali Su\u00e7lar\u0131 Ara\u015ft\u0131rma Kurulu (MASAK) taraf\u0131ndan yap\u0131lan incelemelerde, \u015f\u00fcphelilere ait 681 ta\u015f\u0131nmaz, 127 ara\u00e7, 113 \u015firketteki ortakl\u0131k paylar\u0131 ve banka hesaplar\u0131 dahil yakla\u015f\u0131k 13 milyar TL de\u011ferinde mal varl\u0131\u011f\u0131na el konuldu. Bakan Yerlikaya, &hellip;<\/p>","protected":false},"author":1,"featured_media":0,"comment_status":"","ping_status":"open","sticky":false,"template":"","format":"standard","meta":{"_acf_changed":false,"footnotes":""},"categories":[24],"tags":[],"class_list":["post-56385","post","type-post","status-publish","format-standard","has-post-thumbnail","hentry","category-gundem"],"acf":[],"yoast_head":"<!-- This site is optimized with the Yoast SEO Premium plugin v26.6 (Yoast SEO v27.1.1) - https:\/\/yoast.com\/product\/yoast-seo-premium-wordpress\/ -->\n<title>&#039;Orkinos-Bulut&#039; ile uluslararas\u0131 \u015febekelere tarihi darbe! - Av. Deniz Can K\u0131z\u0131l<\/title>\n<meta name=\"robots\" content=\"index, follow, max-snippet:-1, max-image-preview:large, max-video-preview:-1\" \/>\n<link rel=\"canonical\" href=\"https:\/\/denizcankizil.tr\/en\/haberler\/gundem\/orkinos-bulut-ile-uluslararasi-sebekelere-tarihi-darbe\/\" \/>\n<meta property=\"og:locale\" content=\"en_GB\" \/>\n<meta property=\"og:type\" content=\"article\" \/>\n<meta property=\"og:title\" content=\"&#039;Orkinos-Bulut&#039; ile uluslararas\u0131 \u015febekelere tarihi darbe!\" \/>\n<meta property=\"og:description\" content=\"10&#8217;u k\u0131rm\u0131z\u0131 b\u00fcltenle aranan 9\u2019u yurt d\u0131\u015f\u0131nda, 225\u2019i yurt i\u00e7inde olmak \u00fczere toplam 234 \u00fcst d\u00fczey organize su\u00e7 \u00f6rg\u00fct\u00fc \u00fcyesi \u0130\u00e7i\u015fleri&#8217;nin ulusal ve uluslararas\u0131 operasyonu &#8216;Orkinos-Bulut&#8217; ile g\u00f6zalt\u0131na al\u0131nd\u0131. 4 ayr\u0131 organize su\u00e7 \u00f6rg\u00fct\u00fcne y\u00f6nelik uluslararas\u0131 uyu\u015fturucu \u015febekelerine tarihi darbe vurulan operasyonun ayr\u0131nt\u0131lar\u0131n\u0131 \u0130\u00e7i\u015fleri Bakan\u0131 Ali Yerlikaya duyurdu.ANKARA (\u0130GFA) &#8211; \u0130\u00e7i\u015fleri Bakan\u0131 Ali Yerlikaya, ulusal ve uluslararas\u0131 \u00e7apta uyu\u015fturucu ticareti yapan 4 ayr\u0131 organize su\u00e7 \u00f6rg\u00fct\u00fcne y\u00f6nelik \u201cOrkinos-Bulut\u201d operasyonu d\u00fczenlendi\u011fini duyurdu. Emniyet Genel M\u00fcd\u00fcrl\u00fc\u011f\u00fc\u2019n\u00fcn koordinesinde, Hollanda, Almanya, \u0130spanya ve Bel\u00e7ika polis te\u015fkilatlar\u0131yla e\u015f zamanl\u0131 ger\u00e7ekle\u015ftirilen operasyonda, Fransa, \u0130ngiltere, Avustralya, ABD ve di\u011fer 10 \u00fclkenin polis te\u015fkilatlar\u0131yla bilgi payla\u015f\u0131m\u0131 yap\u0131ld\u0131. Operasyon kapsam\u0131nda, uyu\u015fturucu ticareti ve kara para aklama su\u00e7lar\u0131n\u0131n yan\u0131 s\u0131ra kasten adam \u00f6ld\u00fcrme, ate\u015fli silahla yaralama, adam ka\u00e7\u0131rma, h\u00fcrriyeti tahdit, i\u015f yeri ve ara\u00e7 kur\u015funlama ile \u015fantaj gibi su\u00e7lar i\u015fleyen \u015febekeler hedef al\u0131nd\u0131. https:\/\/twitter.com\/AliYerlikaya\/status\/1912059162097324398 Operasyonun ayr\u0131nt\u0131lar\u0131n\u0131 sosyal medya hesab\u0131ndan payla\u015fan \u0130\u00e7i\u015fleri Bakan\u0131 Ali Yerlikaya, 9\u2019u yurt d\u0131\u015f\u0131nda, 225\u2019i yurt i\u00e7inde olmak \u00fczere toplam 234 \u00fcst d\u00fczey su\u00e7 \u00f6rg\u00fct\u00fc \u00fcyesi g\u00f6zalt\u0131na al\u0131nd\u0131\u011f\u0131n\u0131, bunlardan 10\u2019u k\u0131rm\u0131z\u0131 b\u00fcltenle arand\u0131\u011f\u0131n\u0131 kaydetti. Mali Su\u00e7lar\u0131 Ara\u015ft\u0131rma Kurulu (MASAK) taraf\u0131ndan yap\u0131lan incelemelerde, \u015f\u00fcphelilere ait 681 ta\u015f\u0131nmaz, 127 ara\u00e7, 113 \u015firketteki ortakl\u0131k paylar\u0131 ve banka hesaplar\u0131 dahil yakla\u015f\u0131k 13 milyar TL de\u011ferinde mal varl\u0131\u011f\u0131na el konuldu. Bakan Yerlikaya, &hellip;\" \/>\n<meta property=\"og:url\" content=\"https:\/\/denizcankizil.tr\/en\/haberler\/gundem\/orkinos-bulut-ile-uluslararasi-sebekelere-tarihi-darbe\/\" \/>\n<meta property=\"og:site_name\" content=\"Av. Deniz Can K\u0131z\u0131l\" \/>\n<meta property=\"article:published_time\" content=\"2025-04-15T09:41:53+00:00\" \/>\n<meta name=\"author\" content=\"admin\" \/>\n<meta name=\"twitter:card\" content=\"summary_large_image\" \/>\n<meta name=\"twitter:label1\" content=\"Written by\" \/>\n\t<meta name=\"twitter:data1\" content=\"admin\" \/>\n\t<meta name=\"twitter:label2\" content=\"Estimated reading time\" \/>\n\t<meta name=\"twitter:data2\" content=\"3 minutes\" \/>\n<script type=\"application\/ld+json\" class=\"yoast-schema-graph\">{\"@context\":\"https:\/\/schema.org\",\"@graph\":[{\"@type\":\"Article\",\"@id\":\"https:\/\/denizcankizil.tr\/en\/haberler\/gundem\/orkinos-bulut-ile-uluslararasi-sebekelere-tarihi-darbe\/#article\",\"isPartOf\":{\"@id\":\"https:\/\/denizcankizil.tr\/en\/haberler\/gundem\/orkinos-bulut-ile-uluslararasi-sebekelere-tarihi-darbe\/\"},\"author\":{\"name\":\"admin\",\"@id\":\"https:\/\/denizcankizil.tr\/de\/#\/schema\/person\/be3c05fe6a12686905512445d8185489\"},\"headline\":\"&#8216;Orkinos-Bulut&#8217; ile uluslararas\u0131 \u015febekelere tarihi darbe!\",\"datePublished\":\"2025-04-15T09:41:53+00:00\",\"mainEntityOfPage\":{\"@id\":\"https:\/\/denizcankizil.tr\/en\/haberler\/gundem\/orkinos-bulut-ile-uluslararasi-sebekelere-tarihi-darbe\/\"},\"wordCount\":688,\"publisher\":{\"@id\":\"https:\/\/denizcankizil.tr\/de\/#organization\"},\"articleSection\":[\"G\u00fcndem\"],\"inLanguage\":\"en-GB\"},{\"@type\":\"WebPage\",\"@id\":\"https:\/\/denizcankizil.tr\/en\/haberler\/gundem\/orkinos-bulut-ile-uluslararasi-sebekelere-tarihi-darbe\/\",\"url\":\"https:\/\/denizcankizil.tr\/en\/haberler\/gundem\/orkinos-bulut-ile-uluslararasi-sebekelere-tarihi-darbe\/\",\"name\":\"'Orkinos-Bulut' ile uluslararas\u0131 \u015febekelere tarihi darbe! - Av. Deniz Can K\u0131z\u0131l\",\"isPartOf\":{\"@id\":\"https:\/\/denizcankizil.tr\/de\/#website\"},\"datePublished\":\"2025-04-15T09:41:53+00:00\",\"breadcrumb\":{\"@id\":\"https:\/\/denizcankizil.tr\/en\/haberler\/gundem\/orkinos-bulut-ile-uluslararasi-sebekelere-tarihi-darbe\/#breadcrumb\"},\"inLanguage\":\"en-GB\",\"potentialAction\":[{\"@type\":\"ReadAction\",\"target\":[\"https:\/\/denizcankizil.tr\/en\/haberler\/gundem\/orkinos-bulut-ile-uluslararasi-sebekelere-tarihi-darbe\/\"]}]},{\"@type\":\"BreadcrumbList\",\"@id\":\"https:\/\/denizcankizil.tr\/en\/haberler\/gundem\/orkinos-bulut-ile-uluslararasi-sebekelere-tarihi-darbe\/#breadcrumb\",\"itemListElement\":[{\"@type\":\"ListItem\",\"position\":1,\"name\":\"Home\",\"item\":\"https:\/\/denizcankizil.tr\/de\/\"},{\"@type\":\"ListItem\",\"position\":2,\"name\":\"&#8216;Orkinos-Bulut&#8217; ile uluslararas\u0131 \u015febekelere tarihi darbe!\"}]},{\"@type\":\"WebSite\",\"@id\":\"https:\/\/denizcankizil.tr\/de\/#website\",\"url\":\"https:\/\/denizcankizil.tr\/de\/\",\"name\":\"Av. Deniz Can K\u0131z\u0131l\",\"description\":\"Avukat Deniz Can K\u0131z\u0131l Antalya Barosu\",\"publisher\":{\"@id\":\"https:\/\/denizcankizil.tr\/de\/#organization\"},\"potentialAction\":[{\"@type\":\"SearchAction\",\"target\":{\"@type\":\"EntryPoint\",\"urlTemplate\":\"https:\/\/denizcankizil.tr\/de\/?s={search_term_string}\"},\"query-input\":{\"@type\":\"PropertyValueSpecification\",\"valueRequired\":true,\"valueName\":\"search_term_string\"}}],\"inLanguage\":\"en-GB\"},{\"@type\":\"Organization\",\"@id\":\"https:\/\/denizcankizil.tr\/de\/#organization\",\"name\":\"Av. Deniz Can K\u0131z\u0131l\",\"url\":\"https:\/\/denizcankizil.tr\/de\/\",\"logo\":{\"@type\":\"ImageObject\",\"inLanguage\":\"en-GB\",\"@id\":\"https:\/\/denizcankizil.tr\/de\/#\/schema\/logo\/image\/\",\"url\":\"https:\/\/denizcankizil.tr\/wp-content\/uploads\/2024\/10\/siyah-logo-svg.svg\",\"contentUrl\":\"https:\/\/denizcankizil.tr\/wp-content\/uploads\/2024\/10\/siyah-logo-svg.svg\",\"width\":1080,\"height\":1080,\"caption\":\"Av. Deniz Can K\u0131z\u0131l\"},\"image\":{\"@id\":\"https:\/\/denizcankizil.tr\/de\/#\/schema\/logo\/image\/\"}},{\"@type\":\"Person\",\"@id\":\"https:\/\/denizcankizil.tr\/de\/#\/schema\/person\/be3c05fe6a12686905512445d8185489\",\"name\":\"admin\",\"image\":{\"@type\":\"ImageObject\",\"inLanguage\":\"en-GB\",\"@id\":\"https:\/\/denizcankizil.tr\/de\/#\/schema\/person\/image\/\",\"url\":\"https:\/\/secure.gravatar.com\/avatar\/c1fce94c830dc79107e174f890d7210541c4a63e8e5d816341794a2151c9d58c?s=96&d=mm&r=g\",\"contentUrl\":\"https:\/\/secure.gravatar.com\/avatar\/c1fce94c830dc79107e174f890d7210541c4a63e8e5d816341794a2151c9d58c?s=96&d=mm&r=g\",\"caption\":\"admin\"},\"sameAs\":[\"http:\/\/denizcankizil.tr\"],\"url\":\"https:\/\/www.iskenderun.org\/orkinos-bulut-ile-uluslararasi-sebekelere-tarihi-darbe\"}]}<\/script>\n<!-- \/ Yoast SEO Premium plugin. -->","yoast_head_json":{"title":"'Orkinos-Bulut' ile uluslararas\u0131 \u015febekelere tarihi darbe! - Av. Deniz Can K\u0131z\u0131l","robots":{"index":"index","follow":"follow","max-snippet":"max-snippet:-1","max-image-preview":"max-image-preview:large","max-video-preview":"max-video-preview:-1"},"canonical":"https:\/\/denizcankizil.tr\/en\/haberler\/gundem\/orkinos-bulut-ile-uluslararasi-sebekelere-tarihi-darbe\/","og_locale":"en_GB","og_type":"article","og_title":"'Orkinos-Bulut' ile uluslararas\u0131 \u015febekelere tarihi darbe!","og_description":"10&#8217;u k\u0131rm\u0131z\u0131 b\u00fcltenle aranan 9\u2019u yurt d\u0131\u015f\u0131nda, 225\u2019i yurt i\u00e7inde olmak \u00fczere toplam 234 \u00fcst d\u00fczey organize su\u00e7 \u00f6rg\u00fct\u00fc \u00fcyesi \u0130\u00e7i\u015fleri&#8217;nin ulusal ve uluslararas\u0131 operasyonu &#8216;Orkinos-Bulut&#8217; ile g\u00f6zalt\u0131na al\u0131nd\u0131. 4 ayr\u0131 organize su\u00e7 \u00f6rg\u00fct\u00fcne y\u00f6nelik uluslararas\u0131 uyu\u015fturucu \u015febekelerine tarihi darbe vurulan operasyonun ayr\u0131nt\u0131lar\u0131n\u0131 \u0130\u00e7i\u015fleri Bakan\u0131 Ali Yerlikaya duyurdu.ANKARA (\u0130GFA) &#8211; \u0130\u00e7i\u015fleri Bakan\u0131 Ali Yerlikaya, ulusal ve uluslararas\u0131 \u00e7apta uyu\u015fturucu ticareti yapan 4 ayr\u0131 organize su\u00e7 \u00f6rg\u00fct\u00fcne y\u00f6nelik \u201cOrkinos-Bulut\u201d operasyonu d\u00fczenlendi\u011fini duyurdu. Emniyet Genel M\u00fcd\u00fcrl\u00fc\u011f\u00fc\u2019n\u00fcn koordinesinde, Hollanda, Almanya, \u0130spanya ve Bel\u00e7ika polis te\u015fkilatlar\u0131yla e\u015f zamanl\u0131 ger\u00e7ekle\u015ftirilen operasyonda, Fransa, \u0130ngiltere, Avustralya, ABD ve di\u011fer 10 \u00fclkenin polis te\u015fkilatlar\u0131yla bilgi payla\u015f\u0131m\u0131 yap\u0131ld\u0131. Operasyon kapsam\u0131nda, uyu\u015fturucu ticareti ve kara para aklama su\u00e7lar\u0131n\u0131n yan\u0131 s\u0131ra kasten adam \u00f6ld\u00fcrme, ate\u015fli silahla yaralama, adam ka\u00e7\u0131rma, h\u00fcrriyeti tahdit, i\u015f yeri ve ara\u00e7 kur\u015funlama ile \u015fantaj gibi su\u00e7lar i\u015fleyen \u015febekeler hedef al\u0131nd\u0131. https:\/\/twitter.com\/AliYerlikaya\/status\/1912059162097324398 Operasyonun ayr\u0131nt\u0131lar\u0131n\u0131 sosyal medya hesab\u0131ndan payla\u015fan \u0130\u00e7i\u015fleri Bakan\u0131 Ali Yerlikaya, 9\u2019u yurt d\u0131\u015f\u0131nda, 225\u2019i yurt i\u00e7inde olmak \u00fczere toplam 234 \u00fcst d\u00fczey su\u00e7 \u00f6rg\u00fct\u00fc \u00fcyesi g\u00f6zalt\u0131na al\u0131nd\u0131\u011f\u0131n\u0131, bunlardan 10\u2019u k\u0131rm\u0131z\u0131 b\u00fcltenle arand\u0131\u011f\u0131n\u0131 kaydetti. Mali Su\u00e7lar\u0131 Ara\u015ft\u0131rma Kurulu (MASAK) taraf\u0131ndan yap\u0131lan incelemelerde, \u015f\u00fcphelilere ait 681 ta\u015f\u0131nmaz, 127 ara\u00e7, 113 \u015firketteki ortakl\u0131k paylar\u0131 ve banka hesaplar\u0131 dahil yakla\u015f\u0131k 13 milyar TL de\u011ferinde mal varl\u0131\u011f\u0131na el konuldu. Bakan Yerlikaya, &hellip;","og_url":"https:\/\/denizcankizil.tr\/en\/haberler\/gundem\/orkinos-bulut-ile-uluslararasi-sebekelere-tarihi-darbe\/","og_site_name":"Av. Deniz Can K\u0131z\u0131l","article_published_time":"2025-04-15T09:41:53+00:00","author":"admin","twitter_card":"summary_large_image","twitter_misc":{"Written by":"admin","Estimated reading time":"3 minutes"},"schema":{"@context":"https:\/\/schema.org","@graph":[{"@type":"Article","@id":"https:\/\/denizcankizil.tr\/en\/haberler\/gundem\/orkinos-bulut-ile-uluslararasi-sebekelere-tarihi-darbe\/#article","isPartOf":{"@id":"https:\/\/denizcankizil.tr\/en\/haberler\/gundem\/orkinos-bulut-ile-uluslararasi-sebekelere-tarihi-darbe\/"},"author":{"name":"admin","@id":"https:\/\/denizcankizil.tr\/de\/#\/schema\/person\/be3c05fe6a12686905512445d8185489"},"headline":"&#8216;Orkinos-Bulut&#8217; ile uluslararas\u0131 \u015febekelere tarihi darbe!","datePublished":"2025-04-15T09:41:53+00:00","mainEntityOfPage":{"@id":"https:\/\/denizcankizil.tr\/en\/haberler\/gundem\/orkinos-bulut-ile-uluslararasi-sebekelere-tarihi-darbe\/"},"wordCount":688,"publisher":{"@id":"https:\/\/denizcankizil.tr\/de\/#organization"},"articleSection":["G\u00fcndem"],"inLanguage":"en-GB"},{"@type":"WebPage","@id":"https:\/\/denizcankizil.tr\/en\/haberler\/gundem\/orkinos-bulut-ile-uluslararasi-sebekelere-tarihi-darbe\/","url":"https:\/\/denizcankizil.tr\/en\/haberler\/gundem\/orkinos-bulut-ile-uluslararasi-sebekelere-tarihi-darbe\/","name":"'Orkinos-Bulut' ile uluslararas\u0131 \u015febekelere tarihi darbe! - Av. Deniz Can K\u0131z\u0131l","isPartOf":{"@id":"https:\/\/denizcankizil.tr\/de\/#website"},"datePublished":"2025-04-15T09:41:53+00:00","breadcrumb":{"@id":"https:\/\/denizcankizil.tr\/en\/haberler\/gundem\/orkinos-bulut-ile-uluslararasi-sebekelere-tarihi-darbe\/#breadcrumb"},"inLanguage":"en-GB","potentialAction":[{"@type":"ReadAction","target":["https:\/\/denizcankizil.tr\/en\/haberler\/gundem\/orkinos-bulut-ile-uluslararasi-sebekelere-tarihi-darbe\/"]}]},{"@type":"BreadcrumbList","@id":"https:\/\/denizcankizil.tr\/en\/haberler\/gundem\/orkinos-bulut-ile-uluslararasi-sebekelere-tarihi-darbe\/#breadcrumb","itemListElement":[{"@type":"ListItem","position":1,"name":"Home","item":"https:\/\/denizcankizil.tr\/de\/"},{"@type":"ListItem","position":2,"name":"&#8216;Orkinos-Bulut&#8217; ile uluslararas\u0131 \u015febekelere tarihi darbe!"}]},{"@type":"WebSite","@id":"https:\/\/denizcankizil.tr\/de\/#website","url":"https:\/\/denizcankizil.tr\/de\/","name":"Av. Deniz Can K\u0131z\u0131l","description":"Avukat Deniz Can K\u0131z\u0131l Antalya Barosu","publisher":{"@id":"https:\/\/denizcankizil.tr\/de\/#organization"},"potentialAction":[{"@type":"SearchAction","target":{"@type":"EntryPoint","urlTemplate":"https:\/\/denizcankizil.tr\/de\/?s={search_term_string}"},"query-input":{"@type":"PropertyValueSpecification","valueRequired":true,"valueName":"search_term_string"}}],"inLanguage":"en-GB"},{"@type":"Organization","@id":"https:\/\/denizcankizil.tr\/de\/#organization","name":"Av. Deniz Can K\u0131z\u0131l","url":"https:\/\/denizcankizil.tr\/de\/","logo":{"@type":"ImageObject","inLanguage":"en-GB","@id":"https:\/\/denizcankizil.tr\/de\/#\/schema\/logo\/image\/","url":"https:\/\/denizcankizil.tr\/wp-content\/uploads\/2024\/10\/siyah-logo-svg.svg","contentUrl":"https:\/\/denizcankizil.tr\/wp-content\/uploads\/2024\/10\/siyah-logo-svg.svg","width":1080,"height":1080,"caption":"Av. Deniz Can K\u0131z\u0131l"},"image":{"@id":"https:\/\/denizcankizil.tr\/de\/#\/schema\/logo\/image\/"}},{"@type":"Person","@id":"https:\/\/denizcankizil.tr\/de\/#\/schema\/person\/be3c05fe6a12686905512445d8185489","name":"admin","image":{"@type":"ImageObject","inLanguage":"en-GB","@id":"https:\/\/denizcankizil.tr\/de\/#\/schema\/person\/image\/","url":"https:\/\/secure.gravatar.com\/avatar\/c1fce94c830dc79107e174f890d7210541c4a63e8e5d816341794a2151c9d58c?s=96&d=mm&r=g","contentUrl":"https:\/\/secure.gravatar.com\/avatar\/c1fce94c830dc79107e174f890d7210541c4a63e8e5d816341794a2151c9d58c?s=96&d=mm&r=g","caption":"admin"},"sameAs":["http:\/\/denizcankizil.tr"],"url":"https:\/\/www.iskenderun.org\/orkinos-bulut-ile-uluslararasi-sebekelere-tarihi-darbe"}]}},"_links":{"self":[{"href":"https:\/\/denizcankizil.tr\/en\/wp-json\/wp\/v2\/posts\/56385","targetHints":{"allow":["GET"]}}],"collection":[{"href":"https:\/\/denizcankizil.tr\/en\/wp-json\/wp\/v2\/posts"}],"about":[{"href":"https:\/\/denizcankizil.tr\/en\/wp-json\/wp\/v2\/types\/post"}],"author":[{"embeddable":true,"href":"https:\/\/denizcankizil.tr\/en\/wp-json\/wp\/v2\/users\/1"}],"replies":[{"embeddable":true,"href":"https:\/\/denizcankizil.tr\/en\/wp-json\/wp\/v2\/comments?post=56385"}],"version-history":[{"count":0,"href":"https:\/\/denizcankizil.tr\/en\/wp-json\/wp\/v2\/posts\/56385\/revisions"}],"wp:attachment":[{"href":"https:\/\/denizcankizil.tr\/en\/wp-json\/wp\/v2\/media?parent=56385"}],"wp:term":[{"taxonomy":"category","embeddable":true,"href":"https:\/\/denizcankizil.tr\/en\/wp-json\/wp\/v2\/categories?post=56385"},{"taxonomy":"post_tag","embeddable":true,"href":"https:\/\/denizcankizil.tr\/en\/wp-json\/wp\/v2\/tags?post=56385"}],"curies":[{"name":"wp","href":"https:\/\/api.w.org\/{rel}","templated":true}]}}