{"id":55381,"date":"2025-04-14T14:41:25","date_gmt":"2025-04-14T11:41:25","guid":{"rendered":"https:\/\/denizcankizil.tr\/uncategorized-tr\/baba-kiz-servis-beklerken-dehseti-yasadi\/"},"modified":"2025-04-14T14:41:25","modified_gmt":"2025-04-14T11:41:25","slug":"baba-kiz-servis-beklerken-dehseti-yasadi","status":"publish","type":"post","link":"https:\/\/denizcankizil.tr\/en\/haberler\/antalya\/baba-kiz-servis-beklerken-dehseti-yasadi\/","title":{"rendered":"Baba-k\u0131z servis beklerken deh\u015feti ya\u015fad\u0131"},"content":{"rendered":"<p>Olay, Aksu il\u00e7esi G\u00fczelyurt Mahallesi&#8217;nde gece saatlerinde ya\u015fand\u0131. \u015eehit Mustafa G\u00f6kt\u00fcrk Caddesi \u00fczerinde saat 00.30 s\u0131ralar\u0131nda meydana gelen olayda, i\u015fe gitmek i\u00e7in babas\u0131yla birlikte servis bekleyen Fadime Ertekin, yanlar\u0131na yakla\u015fan A. T. taraf\u0131ndan defalarca b\u0131\u00e7akland\u0131.<br \/>\nGen\u00e7 kad\u0131n\u0131n \u00e7\u0131\u011fl\u0131klar\u0131n\u0131 duyan mahalle sakinleri, olaya m\u00fcdahale ederek sald\u0131rgan\u0131 etkisiz hale getirdi. \u0130hbar \u00fczerine olay yerine sa\u011fl\u0131k ekipleri ve polis sevk edildi. Yaralanan Fadime Ertekin ve babas\u0131 Fahri Ertekin ambulansla hastaneye kald\u0131r\u0131ld\u0131. \u015e\u00fcpheli polis ekipleri taraf\u0131ndan g\u00f6zalt\u0131na al\u0131nd\u0131. Olayla ilgili geni\u015f \u00e7apl\u0131 inceleme ba\u015flat\u0131rken, sald\u0131r\u0131n\u0131n nedeni hen\u00fcz netlik kazanmad\u0131.<\/p>\n<p>Olay an\u0131 g\u00fcvenlik kameras\u0131nda<br \/>\nG\u00fcvenlik kameralar\u0131na yans\u0131yan olayda, A. T.&#8217;nin gen\u00e7 kad\u0131n\u0131 yol ortas\u0131nda kovalamas\u0131, bir m\u00fcddet sonra yere yat\u0131r\u0131p darp ve b\u0131\u00e7aklad\u0131\u011f\u0131 anlar ile \u00e7evredekilerin durumu fark edince sald\u0131rgan\u0131 etkisiz hale getirmesi yer ald\u0131.<\/p>\n<p>Kaynak: www.kanalv.com.tr Haber Sitesinden Al\u0131nm\u0131\u015ft\u0131r.<\/p>","protected":false},"excerpt":{"rendered":"<p>Olay, Aksu il\u00e7esi G\u00fczelyurt Mahallesi&#8217;nde gece saatlerinde ya\u015fand\u0131. \u015eehit Mustafa G\u00f6kt\u00fcrk Caddesi \u00fczerinde saat 00.30 s\u0131ralar\u0131nda meydana gelen olayda, i\u015fe gitmek i\u00e7in babas\u0131yla birlikte servis bekleyen Fadime Ertekin, yanlar\u0131na yakla\u015fan A. T. taraf\u0131ndan defalarca b\u0131\u00e7akland\u0131. Gen\u00e7 kad\u0131n\u0131n \u00e7\u0131\u011fl\u0131klar\u0131n\u0131 duyan mahalle sakinleri, olaya m\u00fcdahale ederek sald\u0131rgan\u0131 etkisiz hale getirdi. \u0130hbar \u00fczerine olay yerine sa\u011fl\u0131k ekipleri ve polis sevk edildi. Yaralanan Fadime Ertekin ve babas\u0131 Fahri Ertekin ambulansla hastaneye kald\u0131r\u0131ld\u0131. \u015e\u00fcpheli polis ekipleri taraf\u0131ndan g\u00f6zalt\u0131na al\u0131nd\u0131. Olayla ilgili geni\u015f \u00e7apl\u0131 inceleme ba\u015flat\u0131rken, sald\u0131r\u0131n\u0131n nedeni hen\u00fcz netlik kazanmad\u0131. Olay an\u0131 g\u00fcvenlik kameras\u0131nda G\u00fcvenlik kameralar\u0131na yans\u0131yan olayda, A. T.&#8217;nin gen\u00e7 kad\u0131n\u0131 yol ortas\u0131nda kovalamas\u0131, bir m\u00fcddet sonra yere yat\u0131r\u0131p darp ve b\u0131\u00e7aklad\u0131\u011f\u0131 anlar ile \u00e7evredekilerin durumu fark edince sald\u0131rgan\u0131 etkisiz hale getirmesi yer ald\u0131. Kaynak: www.kanalv.com.tr Haber Sitesinden Al\u0131nm\u0131\u015ft\u0131r.<\/p>","protected":false},"author":4,"featured_media":0,"comment_status":"","ping_status":"open","sticky":false,"template":"","format":"standard","meta":{"_acf_changed":false,"footnotes":""},"categories":[26],"tags":[],"class_list":["post-55381","post","type-post","status-publish","format-standard","hentry","category-antalya"],"acf":[],"yoast_head":"<!-- This site is optimized with the Yoast SEO Premium plugin v26.6 (Yoast SEO v27.1.1) - https:\/\/yoast.com\/product\/yoast-seo-premium-wordpress\/ -->\n<title>Baba-k\u0131z servis beklerken deh\u015feti ya\u015fad\u0131 - Av. Deniz Can K\u0131z\u0131l<\/title>\n<meta name=\"robots\" content=\"index, follow, max-snippet:-1, max-image-preview:large, max-video-preview:-1\" \/>\n<link rel=\"canonical\" href=\"https:\/\/denizcankizil.tr\/en\/haberler\/antalya\/baba-kiz-servis-beklerken-dehseti-yasadi\/\" \/>\n<meta property=\"og:locale\" content=\"en_GB\" \/>\n<meta property=\"og:type\" content=\"article\" \/>\n<meta property=\"og:title\" content=\"Baba-k\u0131z servis beklerken deh\u015feti ya\u015fad\u0131\" \/>\n<meta property=\"og:description\" content=\"Olay, Aksu il\u00e7esi G\u00fczelyurt Mahallesi&#8217;nde gece saatlerinde ya\u015fand\u0131. \u015eehit Mustafa G\u00f6kt\u00fcrk Caddesi \u00fczerinde saat 00.30 s\u0131ralar\u0131nda meydana gelen olayda, i\u015fe gitmek i\u00e7in babas\u0131yla birlikte servis bekleyen Fadime Ertekin, yanlar\u0131na yakla\u015fan A. T. taraf\u0131ndan defalarca b\u0131\u00e7akland\u0131. Gen\u00e7 kad\u0131n\u0131n \u00e7\u0131\u011fl\u0131klar\u0131n\u0131 duyan mahalle sakinleri, olaya m\u00fcdahale ederek sald\u0131rgan\u0131 etkisiz hale getirdi. \u0130hbar \u00fczerine olay yerine sa\u011fl\u0131k ekipleri ve polis sevk edildi. Yaralanan Fadime Ertekin ve babas\u0131 Fahri Ertekin ambulansla hastaneye kald\u0131r\u0131ld\u0131. \u015e\u00fcpheli polis ekipleri taraf\u0131ndan g\u00f6zalt\u0131na al\u0131nd\u0131. Olayla ilgili geni\u015f \u00e7apl\u0131 inceleme ba\u015flat\u0131rken, sald\u0131r\u0131n\u0131n nedeni hen\u00fcz netlik kazanmad\u0131. Olay an\u0131 g\u00fcvenlik kameras\u0131nda G\u00fcvenlik kameralar\u0131na yans\u0131yan olayda, A. T.&#8217;nin gen\u00e7 kad\u0131n\u0131 yol ortas\u0131nda kovalamas\u0131, bir m\u00fcddet sonra yere yat\u0131r\u0131p darp ve b\u0131\u00e7aklad\u0131\u011f\u0131 anlar ile \u00e7evredekilerin durumu fark edince sald\u0131rgan\u0131 etkisiz hale getirmesi yer ald\u0131. Kaynak: www.kanalv.com.tr Haber Sitesinden Al\u0131nm\u0131\u015ft\u0131r.\" \/>\n<meta property=\"og:url\" content=\"https:\/\/denizcankizil.tr\/en\/haberler\/antalya\/baba-kiz-servis-beklerken-dehseti-yasadi\/\" \/>\n<meta property=\"og:site_name\" content=\"Av. Deniz Can K\u0131z\u0131l\" \/>\n<meta property=\"article:published_time\" content=\"2025-04-14T11:41:25+00:00\" \/>\n<meta name=\"author\" content=\"Av. Deniz Can K\u0131z\u0131l\" \/>\n<meta name=\"twitter:card\" content=\"summary_large_image\" \/>\n<meta name=\"twitter:label1\" content=\"Written by\" \/>\n\t<meta name=\"twitter:data1\" content=\"Av. Deniz Can K\u0131z\u0131l\" \/>\n\t<meta name=\"twitter:label2\" content=\"Estimated reading time\" \/>\n\t<meta name=\"twitter:data2\" content=\"1 minute\" \/>\n<script type=\"application\/ld+json\" class=\"yoast-schema-graph\">{\"@context\":\"https:\/\/schema.org\",\"@graph\":[{\"@type\":\"Article\",\"@id\":\"https:\/\/denizcankizil.tr\/en\/haberler\/antalya\/baba-kiz-servis-beklerken-dehseti-yasadi\/#article\",\"isPartOf\":{\"@id\":\"https:\/\/denizcankizil.tr\/en\/haberler\/antalya\/baba-kiz-servis-beklerken-dehseti-yasadi\/\"},\"author\":{\"name\":\"Av. Deniz Can K\u0131z\u0131l\",\"@id\":\"https:\/\/denizcankizil.tr\/#\/schema\/person\/5dc1b22991bd7ac833867c10afc9b0ff\"},\"headline\":\"Baba-k\u0131z servis beklerken deh\u015feti ya\u015fad\u0131\",\"datePublished\":\"2025-04-14T11:41:25+00:00\",\"mainEntityOfPage\":{\"@id\":\"https:\/\/denizcankizil.tr\/en\/haberler\/antalya\/baba-kiz-servis-beklerken-dehseti-yasadi\/\"},\"wordCount\":186,\"publisher\":{\"@id\":\"https:\/\/denizcankizil.tr\/#organization\"},\"articleSection\":[\"Antalya\"],\"inLanguage\":\"en-GB\"},{\"@type\":\"WebPage\",\"@id\":\"https:\/\/denizcankizil.tr\/en\/haberler\/antalya\/baba-kiz-servis-beklerken-dehseti-yasadi\/\",\"url\":\"https:\/\/denizcankizil.tr\/en\/haberler\/antalya\/baba-kiz-servis-beklerken-dehseti-yasadi\/\",\"name\":\"Baba-k\u0131z servis beklerken deh\u015feti ya\u015fad\u0131 - Av. Deniz Can K\u0131z\u0131l\",\"isPartOf\":{\"@id\":\"https:\/\/denizcankizil.tr\/#website\"},\"datePublished\":\"2025-04-14T11:41:25+00:00\",\"breadcrumb\":{\"@id\":\"https:\/\/denizcankizil.tr\/en\/haberler\/antalya\/baba-kiz-servis-beklerken-dehseti-yasadi\/#breadcrumb\"},\"inLanguage\":\"en-GB\",\"potentialAction\":[{\"@type\":\"ReadAction\",\"target\":[\"https:\/\/denizcankizil.tr\/en\/haberler\/antalya\/baba-kiz-servis-beklerken-dehseti-yasadi\/\"]}]},{\"@type\":\"BreadcrumbList\",\"@id\":\"https:\/\/denizcankizil.tr\/en\/haberler\/antalya\/baba-kiz-servis-beklerken-dehseti-yasadi\/#breadcrumb\",\"itemListElement\":[{\"@type\":\"ListItem\",\"position\":1,\"name\":\"Home\",\"item\":\"https:\/\/denizcankizil.tr\/de\/\"},{\"@type\":\"ListItem\",\"position\":2,\"name\":\"Baba-k\u0131z servis beklerken deh\u015feti ya\u015fad\u0131\"}]},{\"@type\":\"WebSite\",\"@id\":\"https:\/\/denizcankizil.tr\/#website\",\"url\":\"https:\/\/denizcankizil.tr\/\",\"name\":\"Av. Deniz Can K\u0131z\u0131l\",\"description\":\"Avukat Deniz Can K\u0131z\u0131l Antalya Barosu\",\"publisher\":{\"@id\":\"https:\/\/denizcankizil.tr\/#organization\"},\"potentialAction\":[{\"@type\":\"SearchAction\",\"target\":{\"@type\":\"EntryPoint\",\"urlTemplate\":\"https:\/\/denizcankizil.tr\/?s={search_term_string}\"},\"query-input\":{\"@type\":\"PropertyValueSpecification\",\"valueRequired\":true,\"valueName\":\"search_term_string\"}}],\"inLanguage\":\"en-GB\"},{\"@type\":\"Organization\",\"@id\":\"https:\/\/denizcankizil.tr\/#organization\",\"name\":\"Av. Deniz Can K\u0131z\u0131l\",\"url\":\"https:\/\/denizcankizil.tr\/\",\"logo\":{\"@type\":\"ImageObject\",\"inLanguage\":\"en-GB\",\"@id\":\"https:\/\/denizcankizil.tr\/#\/schema\/logo\/image\/\",\"url\":\"https:\/\/denizcankizil.tr\/wp-content\/uploads\/2024\/10\/siyah-logo-svg.svg\",\"contentUrl\":\"https:\/\/denizcankizil.tr\/wp-content\/uploads\/2024\/10\/siyah-logo-svg.svg\",\"width\":1080,\"height\":1080,\"caption\":\"Av. Deniz Can K\u0131z\u0131l\"},\"image\":{\"@id\":\"https:\/\/denizcankizil.tr\/#\/schema\/logo\/image\/\"}},{\"@type\":\"Person\",\"@id\":\"https:\/\/denizcankizil.tr\/#\/schema\/person\/5dc1b22991bd7ac833867c10afc9b0ff\",\"name\":\"Av. Deniz Can K\u0131z\u0131l\",\"image\":{\"@type\":\"ImageObject\",\"inLanguage\":\"en-GB\",\"@id\":\"https:\/\/denizcankizil.tr\/#\/schema\/person\/image\/\",\"url\":\"https:\/\/secure.gravatar.com\/avatar\/a0b128fb9855c79efc976d5640eedb31dc35ec297594d6016d2cf7c60e975bb6?s=96&d=mm&r=g\",\"contentUrl\":\"https:\/\/secure.gravatar.com\/avatar\/a0b128fb9855c79efc976d5640eedb31dc35ec297594d6016d2cf7c60e975bb6?s=96&d=mm&r=g\",\"caption\":\"Av. Deniz Can K\u0131z\u0131l\"},\"sameAs\":[\"http:\/\/www.denizcankizil.tr\"],\"url\":\"https:\/\/denizcankizil.tr\/en\/author\/denizcankizil\/\"}]}<\/script>\n<!-- \/ Yoast SEO Premium plugin. -->","yoast_head_json":{"title":"Baba-k\u0131z servis beklerken deh\u015feti ya\u015fad\u0131 - Av. Deniz Can K\u0131z\u0131l","robots":{"index":"index","follow":"follow","max-snippet":"max-snippet:-1","max-image-preview":"max-image-preview:large","max-video-preview":"max-video-preview:-1"},"canonical":"https:\/\/denizcankizil.tr\/en\/haberler\/antalya\/baba-kiz-servis-beklerken-dehseti-yasadi\/","og_locale":"en_GB","og_type":"article","og_title":"Baba-k\u0131z servis beklerken deh\u015feti ya\u015fad\u0131","og_description":"Olay, Aksu il\u00e7esi G\u00fczelyurt Mahallesi&#8217;nde gece saatlerinde ya\u015fand\u0131. \u015eehit Mustafa G\u00f6kt\u00fcrk Caddesi \u00fczerinde saat 00.30 s\u0131ralar\u0131nda meydana gelen olayda, i\u015fe gitmek i\u00e7in babas\u0131yla birlikte servis bekleyen Fadime Ertekin, yanlar\u0131na yakla\u015fan A. T. taraf\u0131ndan defalarca b\u0131\u00e7akland\u0131. Gen\u00e7 kad\u0131n\u0131n \u00e7\u0131\u011fl\u0131klar\u0131n\u0131 duyan mahalle sakinleri, olaya m\u00fcdahale ederek sald\u0131rgan\u0131 etkisiz hale getirdi. \u0130hbar \u00fczerine olay yerine sa\u011fl\u0131k ekipleri ve polis sevk edildi. Yaralanan Fadime Ertekin ve babas\u0131 Fahri Ertekin ambulansla hastaneye kald\u0131r\u0131ld\u0131. \u015e\u00fcpheli polis ekipleri taraf\u0131ndan g\u00f6zalt\u0131na al\u0131nd\u0131. Olayla ilgili geni\u015f \u00e7apl\u0131 inceleme ba\u015flat\u0131rken, sald\u0131r\u0131n\u0131n nedeni hen\u00fcz netlik kazanmad\u0131. Olay an\u0131 g\u00fcvenlik kameras\u0131nda G\u00fcvenlik kameralar\u0131na yans\u0131yan olayda, A. T.&#8217;nin gen\u00e7 kad\u0131n\u0131 yol ortas\u0131nda kovalamas\u0131, bir m\u00fcddet sonra yere yat\u0131r\u0131p darp ve b\u0131\u00e7aklad\u0131\u011f\u0131 anlar ile \u00e7evredekilerin durumu fark edince sald\u0131rgan\u0131 etkisiz hale getirmesi yer ald\u0131. Kaynak: www.kanalv.com.tr Haber Sitesinden Al\u0131nm\u0131\u015ft\u0131r.","og_url":"https:\/\/denizcankizil.tr\/en\/haberler\/antalya\/baba-kiz-servis-beklerken-dehseti-yasadi\/","og_site_name":"Av. Deniz Can K\u0131z\u0131l","article_published_time":"2025-04-14T11:41:25+00:00","author":"Av. Deniz Can K\u0131z\u0131l","twitter_card":"summary_large_image","twitter_misc":{"Written by":"Av. Deniz Can K\u0131z\u0131l","Estimated reading time":"1 minute"},"schema":{"@context":"https:\/\/schema.org","@graph":[{"@type":"Article","@id":"https:\/\/denizcankizil.tr\/en\/haberler\/antalya\/baba-kiz-servis-beklerken-dehseti-yasadi\/#article","isPartOf":{"@id":"https:\/\/denizcankizil.tr\/en\/haberler\/antalya\/baba-kiz-servis-beklerken-dehseti-yasadi\/"},"author":{"name":"Av. Deniz Can K\u0131z\u0131l","@id":"https:\/\/denizcankizil.tr\/#\/schema\/person\/5dc1b22991bd7ac833867c10afc9b0ff"},"headline":"Baba-k\u0131z servis beklerken deh\u015feti ya\u015fad\u0131","datePublished":"2025-04-14T11:41:25+00:00","mainEntityOfPage":{"@id":"https:\/\/denizcankizil.tr\/en\/haberler\/antalya\/baba-kiz-servis-beklerken-dehseti-yasadi\/"},"wordCount":186,"publisher":{"@id":"https:\/\/denizcankizil.tr\/#organization"},"articleSection":["Antalya"],"inLanguage":"en-GB"},{"@type":"WebPage","@id":"https:\/\/denizcankizil.tr\/en\/haberler\/antalya\/baba-kiz-servis-beklerken-dehseti-yasadi\/","url":"https:\/\/denizcankizil.tr\/en\/haberler\/antalya\/baba-kiz-servis-beklerken-dehseti-yasadi\/","name":"Baba-k\u0131z servis beklerken deh\u015feti ya\u015fad\u0131 - Av. Deniz Can K\u0131z\u0131l","isPartOf":{"@id":"https:\/\/denizcankizil.tr\/#website"},"datePublished":"2025-04-14T11:41:25+00:00","breadcrumb":{"@id":"https:\/\/denizcankizil.tr\/en\/haberler\/antalya\/baba-kiz-servis-beklerken-dehseti-yasadi\/#breadcrumb"},"inLanguage":"en-GB","potentialAction":[{"@type":"ReadAction","target":["https:\/\/denizcankizil.tr\/en\/haberler\/antalya\/baba-kiz-servis-beklerken-dehseti-yasadi\/"]}]},{"@type":"BreadcrumbList","@id":"https:\/\/denizcankizil.tr\/en\/haberler\/antalya\/baba-kiz-servis-beklerken-dehseti-yasadi\/#breadcrumb","itemListElement":[{"@type":"ListItem","position":1,"name":"Home","item":"https:\/\/denizcankizil.tr\/de\/"},{"@type":"ListItem","position":2,"name":"Baba-k\u0131z servis beklerken deh\u015feti ya\u015fad\u0131"}]},{"@type":"WebSite","@id":"https:\/\/denizcankizil.tr\/#website","url":"https:\/\/denizcankizil.tr\/","name":"Av. Deniz Can K\u0131z\u0131l","description":"Avukat Deniz Can K\u0131z\u0131l Antalya Barosu","publisher":{"@id":"https:\/\/denizcankizil.tr\/#organization"},"potentialAction":[{"@type":"SearchAction","target":{"@type":"EntryPoint","urlTemplate":"https:\/\/denizcankizil.tr\/?s={search_term_string}"},"query-input":{"@type":"PropertyValueSpecification","valueRequired":true,"valueName":"search_term_string"}}],"inLanguage":"en-GB"},{"@type":"Organization","@id":"https:\/\/denizcankizil.tr\/#organization","name":"Av. Deniz Can K\u0131z\u0131l","url":"https:\/\/denizcankizil.tr\/","logo":{"@type":"ImageObject","inLanguage":"en-GB","@id":"https:\/\/denizcankizil.tr\/#\/schema\/logo\/image\/","url":"https:\/\/denizcankizil.tr\/wp-content\/uploads\/2024\/10\/siyah-logo-svg.svg","contentUrl":"https:\/\/denizcankizil.tr\/wp-content\/uploads\/2024\/10\/siyah-logo-svg.svg","width":1080,"height":1080,"caption":"Av. Deniz Can K\u0131z\u0131l"},"image":{"@id":"https:\/\/denizcankizil.tr\/#\/schema\/logo\/image\/"}},{"@type":"Person","@id":"https:\/\/denizcankizil.tr\/#\/schema\/person\/5dc1b22991bd7ac833867c10afc9b0ff","name":"Av. Deniz Can K\u0131z\u0131l","image":{"@type":"ImageObject","inLanguage":"en-GB","@id":"https:\/\/denizcankizil.tr\/#\/schema\/person\/image\/","url":"https:\/\/secure.gravatar.com\/avatar\/a0b128fb9855c79efc976d5640eedb31dc35ec297594d6016d2cf7c60e975bb6?s=96&d=mm&r=g","contentUrl":"https:\/\/secure.gravatar.com\/avatar\/a0b128fb9855c79efc976d5640eedb31dc35ec297594d6016d2cf7c60e975bb6?s=96&d=mm&r=g","caption":"Av. Deniz Can K\u0131z\u0131l"},"sameAs":["http:\/\/www.denizcankizil.tr"],"url":"https:\/\/denizcankizil.tr\/en\/author\/denizcankizil\/"}]}},"_links":{"self":[{"href":"https:\/\/denizcankizil.tr\/en\/wp-json\/wp\/v2\/posts\/55381","targetHints":{"allow":["GET"]}}],"collection":[{"href":"https:\/\/denizcankizil.tr\/en\/wp-json\/wp\/v2\/posts"}],"about":[{"href":"https:\/\/denizcankizil.tr\/en\/wp-json\/wp\/v2\/types\/post"}],"author":[{"embeddable":true,"href":"https:\/\/denizcankizil.tr\/en\/wp-json\/wp\/v2\/users\/4"}],"replies":[{"embeddable":true,"href":"https:\/\/denizcankizil.tr\/en\/wp-json\/wp\/v2\/comments?post=55381"}],"version-history":[{"count":0,"href":"https:\/\/denizcankizil.tr\/en\/wp-json\/wp\/v2\/posts\/55381\/revisions"}],"wp:attachment":[{"href":"https:\/\/denizcankizil.tr\/en\/wp-json\/wp\/v2\/media?parent=55381"}],"wp:term":[{"taxonomy":"category","embeddable":true,"href":"https:\/\/denizcankizil.tr\/en\/wp-json\/wp\/v2\/categories?post=55381"},{"taxonomy":"post_tag","embeddable":true,"href":"https:\/\/denizcankizil.tr\/en\/wp-json\/wp\/v2\/tags?post=55381"}],"curies":[{"name":"wp","href":"https:\/\/api.w.org\/{rel}","templated":true}]}}