{"id":5334,"date":"2024-10-20T15:19:02","date_gmt":"2024-10-20T12:19:02","guid":{"rendered":"https:\/\/denizcankizil.tr\/?p=5334"},"modified":"2024-11-02T13:54:44","modified_gmt":"2024-11-02T10:54:44","slug":"verbis-veri-sorumlulari-sicil-bilgi-sistemi-hakkinda-bilinmesi-gerekenler","status":"publish","type":"post","link":"https:\/\/denizcankizil.tr\/en\/koseyazilari\/makale\/verbis-veri-sorumlulari-sicil-bilgi-sistemi-hakkinda-bilinmesi-gerekenler\/","title":{"rendered":"VERBIS (Data Principals registration information system) you need to know about"},"content":{"rendered":"<p>Veri Sorumlular\u0131 Sicil Bilgi Sistemi yani VERB\u0130S, 6698 Say\u0131l\u0131 Ki\u015fisel Verileri Koruma Kanunu ile hayat\u0131m\u0131za girmi\u015f bir sistemdir. \u00d6nceki yaz\u0131lar\u0131m\u0131zda kimlerin bu sicile kay\u0131t olmas\u0131 gerekti\u011fi konusunda detayl\u0131 bilgi vermi\u015ftik.&nbsp;<em><strong><a href=\"https:\/\/www.kizil.av.tr\/kisisel-verileri-koruma-kanunu-uyarinca-verbise-kayit\/\">(Buna bu yaz\u0131ya t\u0131klayarak ula\u015fabilirsiniz.)<\/a><\/strong><\/em><br><strong>VERB\u0130S sistemine hangi bilgileri girmek gerekmektedir?<\/strong><br>\u00d6ncelikle VERB\u0130S\u2019e d\u00fczg\u00fcn bir kay\u0131t yap\u0131labilmesi i\u00e7in,&nbsp;<strong>Ki\u015fisel Veri Envanteri<\/strong>&nbsp;\u00e7\u0131kar\u0131lmas\u0131 gerekmektedir. Bu envanterde;<\/p>\n\n\n\n<ul class=\"wp-block-list\">\n<li>Veri sorumlusu taraf\u0131ndan i\u015flenen ki\u015fisel veriler,<\/li>\n\n\n\n<li>Bu ki\u015fisel verilerin kategorileri,<\/li>\n\n\n\n<li>Bu ki\u015fisel verilerin hangi veri gruplar\u0131ndan al\u0131nd\u0131\u011f\u0131,<\/li>\n\n\n\n<li>Farkl\u0131 veri gruplar\u0131na g\u00f6re hangi s\u00fcrelerle sakland\u0131\u011f\u0131,<\/li>\n\n\n\n<li>Bu ki\u015fisel verilerin kanunda yaz\u0131l\u0131 maddelerden hangisine dayan\u0131larak al\u0131nd\u0131\u011f\u0131,<\/li>\n\n\n\n<li>Bu verilerin al\u0131nmas\u0131 ile ilgili hukuki gerek\u00e7elerin neler oldu\u011fu,<\/li>\n\n\n\n<li>Bu ki\u015fisel verilerin hangi idari ve teknik tedbirlerle sakland\u0131\u011f\u0131,<\/li>\n\n\n\n<li>Bu ki\u015fisel verilerin kimlerle ve hangi sebeplerle payla\u015f\u0131ld\u0131\u011f\u0131,<\/li>\n\n\n\n<li>Bu verilerin yurt d\u0131\u015f\u0131 ile payla\u015f\u0131p payla\u015f\u0131lmad\u0131\u011f\u0131,<\/li>\n\n\n\n<li>Ve bu verilerle ilgili daha detayland\u0131r\u0131labilecek bir \u00e7ok bilginin<\/li>\n\n\n\n<li>Bulunmas\u0131 gerekmektedir.<\/li>\n<\/ul>\n\n\n\n<p>Bu envanterin \u00e7\u0131kar\u0131labilmesi i\u00e7in&nbsp;<strong>KVKK konusunda uzman bir hukuk\u00e7unun<\/strong>&nbsp;ve baz\u0131 teknik durumlar i\u00e7in&nbsp;<strong>bir bilgisayar teknisyeninin ya da m\u00fchendisin<\/strong>&nbsp;varl\u0131\u011f\u0131 gerekmektedir. Bu envanterin KVKK alan\u0131nda \u00f6zel \u00e7al\u0131\u015fmalar\u0131 bulunmayan bir ki\u015fi taraf\u0131ndan yap\u0131lmas\u0131&nbsp;<strong>36.053<\/strong>&nbsp;TL ile&nbsp;<strong>1.802.626<\/strong>&nbsp;TL aras\u0131nda de\u011fi\u015fen miktarlarda cezan\u0131n yaz\u0131lmas\u0131na sebep olabilecektir.<br>Envanter yan\u0131nda, veri sorumlusunun i\u015fletmesi b\u00fcnyesinde, veri g\u00fcvenli\u011fi ile ilgili<strong>&nbsp;idari ve teknik bir incelemenin<\/strong>&nbsp;de yap\u0131lmas\u0131 gerekmektedir. Keza bu incelemenin de uzman ki\u015filerce yap\u0131lmamas\u0131, yanl\u0131\u015f beyanlar\u0131n VERB\u0130S sistemine girilmesi sonucu yukar\u0131da yaz\u0131l\u0131 miktarlar oran\u0131nca ceza yenilmesine sebep olabilecektir.<br>Bunlar\u0131n ard\u0131ndan, KVKK konusunda&nbsp;<strong>gerekli evrak ve belgelerin bir hukuk\u00e7u<\/strong>&nbsp;taraf\u0131ndan yaz\u0131lmas\u0131, bu evraklar\u0131n nas\u0131l kullan\u0131laca\u011f\u0131 konusunda veri sorumlusu ve \u00e7al\u0131\u015fanlar\u0131n ayd\u0131nlat\u0131lmas\u0131 ve KVKK konusunda e\u011fitim verilmesi gerekecektir.<br><strong>Verilen e\u011fitimin, \u00e7\u0131kar\u0131lan envanterin ve idari\/teknik analizin ard\u0131ndan olu\u015fan bilgiler uyar\u0131nca VERB\u0130S\u2019e kay\u0131t yap\u0131lmas\u0131 gerekmektedir.<\/strong><br>VERB\u0130S kayd\u0131nda girilmesi gereken bilgiler;<\/p>\n\n\n\n<ul class=\"wp-block-list\">\n<li>\u0130\u015flenen ki\u015fisel veri kategorileri,<\/li>\n\n\n\n<li>Ki\u015fisel veri sahibi ki\u015fi gruplar\u0131,<\/li>\n\n\n\n<li>Verileri saklama s\u00fcresi,<\/li>\n\n\n\n<li>Ki\u015fisel veri i\u015fleme ama\u00e7lar\u0131,<\/li>\n\n\n\n<li>Verilerin yurtd\u0131\u015f\u0131na aktar\u0131l\u0131p aktar\u0131lmad\u0131\u011f\u0131<\/li>\n\n\n\n<li>Verilerin kimlerle payla\u015f\u0131ld\u0131\u011f\u0131<\/li>\n\n\n\n<li>Veriler hakk\u0131nda uygulanan idari ve teknik tedbirlerdir.<\/li>\n<\/ul>\n\n\n\n<p>Bu kay\u0131t, kamuya a\u00e7\u0131k bir kay\u0131tt\u0131r. \u0130steyen herkes bu kayda eri\u015febilmekte ve veri sorumlusunun veri i\u015fleme faaliyetleri hakk\u0131nda bilgi alabilmektedir.<br>VERB\u0130S sistemine san\u0131ld\u0131\u011f\u0131 gibi i\u015flenen her ki\u015fisel veri ve bu verilerinin sahiplerinin isimleri yaz\u0131lmamaktad\u0131r. VERB\u0130S\u2019e yap\u0131lan giri\u015f kategorik bir giri\u015ftir kanunda, kurum kararlar\u0131nda veya VERB\u0130S\u2019e girilen bilgilerde bir de\u011fi\u015fiklik olmad\u0131k\u00e7a, VERB\u0130S kayd\u0131n\u0131n de\u011fi\u015ftirilmesi gerekmez.<br>K\u0131z\u0131l Hukuk B\u00fcrosu olarak,<br>KVKK alan\u0131nda; uzman hukuk\u00e7ular\u0131m\u0131z ve bilgisayar m\u00fchendisi i\u015f ortaklar\u0131m\u0131zla, sekt\u00f6rde bir \u00e7ok k\u00f6kl\u00fc ve b\u00fcy\u00fck firmaya, hem VERB\u0130S kayd\u0131, hem KVKK uyum s\u00fcreci hem de ki\u015fisel veriler ile alakal\u0131 do\u011fan Hukuki ve Cezai uyu\u015fmazl\u0131klarda, hizmet vermi\u015f bulunmaktay\u0131z ve bu hizmete devam etmekteyiz. Siz de kendi firman\u0131z\u0131n&nbsp;<strong>KVKK uyum s\u00fcreci ve Verbis Kayd\u0131 konular\u0131nda bize ula\u015fabilirsiniz.<\/strong>&nbsp;\u0130leti\u015fim bilgilerimiz sitemizde mevcuttur.<\/p>\n\n\n\n<p><strong>Email&nbsp; &nbsp; &nbsp; &nbsp; &nbsp;:<\/strong>&nbsp;av@denizcankizil.tr<br><strong>GSM&nbsp; &nbsp; &nbsp; &nbsp; &nbsp; &nbsp;:<\/strong>&nbsp;0 850 441 3374<br>(0 542 KIZIL 96)<\/p>\n\n\n\n<p>Web&nbsp; &nbsp; &nbsp; &nbsp; &nbsp; &nbsp; :&nbsp;<a href=\"https:\/\/denizcankizil.tr\/en\/\">www.denizcankizil.tr<\/a><\/p>\n\n\n\n<p><a href=\"https:\/\/www.kizil.av.tr\/verbis-veri-sorumlulari-sicil-bilgi-sistemi-hakkinda-bilinmesi-gerekenler\/\">R<\/a><\/p>\n\n\n\n<figure class=\"wp-block-image\"><a href=\"https:\/\/www.kizil.av.tr\/kisisel-verileri-koruma-kanunu-uyarinca-verbise-kayit\/\"><img decoding=\"async\" data-src=\"https:\/\/www.kizil.av.tr\/wp-content\/uploads\/2020\/12\/kvkk-verbis-1300x731.png\" alt=\"kvkk verbis\" src=\"data:image\/svg+xml;base64,PHN2ZyB3aWR0aD0iMSIgaGVpZ2h0PSIxIiB4bWxucz0iaHR0cDovL3d3dy53My5vcmcvMjAwMC9zdmciPjwvc3ZnPg==\" class=\"lazyload\" style=\"--smush-placeholder-width: 1300px; --smush-placeholder-aspect-ratio: 1300\/731;\" \/><\/a><\/figure>\n\n\n\n<h3 class=\"wp-block-heading\"><a href=\"https:\/\/www.kizil.av.tr\/kisisel-verileri-koruma-kanunu-uyarinca-verbise-kayit\/\">Verbis Recording In Accordance With The Law On Personal Data Protection<\/a><\/h3>\n\n\n\n<p>6698 Say\u0131l\u0131 Ki\u015fisel Verileri Koruma Kanunu\u2019nun y\u00fcr\u00fcrl\u00fc\u011fe girmesiyle veri sorumlular\u0131na bir \u00e7ok y\u00fck\u00fcml\u00fcl\u00fck getirildi.&nbsp;<strong>Veri Sorumlular\u0131<\/strong>, ki\u015fisel verilerin i\u015fleme ama\u00e7lar\u0131n\u0131 ve vas\u0131talar\u0131n\u0131 belirleyen, veri kay\u0131t sisteminin kurulmas\u0131ndan ve y\u00f6netilmesinden sorumlu olan ger\u00e7ek veya t\u00fczel ki\u015fiyi,&nbsp; ifade eder.<br>Kanuni tan\u0131m\u0131 karma\u015f\u0131k gibi g\u00f6r\u00fcnse de pratikte veri sorumlular\u0131na, hastaneler, oteller, muhasebeciler, eczac\u0131lar, kuaf\u00f6rler, g\u00fczellik merkezleri, marketler ve di\u011fer bir \u00e7ok \u00f6rnek verilebilir. Bunun sebebi, ki\u015fisel veri tan\u0131m\u0131d\u0131r. Ki\u015fisel veri, kimli\u011fi belirli veya belirlenebilir ger\u00e7ek ki\u015fiye ili\u015fkin her t\u00fcrl\u00fc bilgiyi ifade eder. Yani bir market\u00e7inin tuttu\u011fu veresiye defteri, veresiye alan\u0131n ismini ve veresiye bor\u00e7 miktar\u0131n\u0131 i\u00e7erdi\u011fi i\u00e7in asl\u0131nda ki\u015fisel veri ihtiva etmektedir ve bu durum market sahibini de veri sorumlusu yapmaktad\u0131r. Kanuni tan\u0131ma g\u00f6re veri sorumlusu olmak olduk\u00e7a basittir. Bu nedenle 6698 Say\u0131l\u0131 Kanunun getirdi\u011fi y\u00fck\u00fcml\u00fcl\u00fckler i\u015fletme sahibi olan herkes i\u00e7in ge\u00e7erlidir.<br>Kanunun uygulama alan\u0131 olduk\u00e7a geni\u015f olsa da Verbis kayd\u0131, kanunun t\u00fcm veri sorumlular\u0131na y\u00fckledi\u011fi bir sorumluluk de\u011fildir. Buna g\u00f6re,<\/p>\n\n\n\n<ul class=\"wp-block-list\">\n<li>Y\u0131ll\u0131k \u00e7al\u0131\u015fan say\u0131s\u0131 50\u2019den az ve y\u0131ll\u0131k mali bilan\u00e7o toplam\u0131 25 milyon TL\u2019den az olan ger\u00e7ek veya t\u00fczel ki\u015fi veri sorumlular\u0131ndan ana faaliyet konusu \u00f6zel nitelikli ki\u015fisel veri i\u015fleme olmayanlar,<\/li>\n\n\n\n<li>Yaln\u0131zca otomatik olmayan yollarla veri i\u015fleyenler,<\/li>\n\n\n\n<li>Noterler,<\/li>\n\n\n\n<li>Dernek, vak\u0131f ve sendikalar,<\/li>\n\n\n\n<li>Siyasi Partiler,<\/li>\n\n\n\n<li>Avukatlar,<\/li>\n\n\n\n<li>G\u00fcmr\u00fck M\u00fc\u015favirleri,<\/li>\n\n\n\n<li>Arabulucular,<\/li>\n\n\n\n<li>Mali m\u00fc\u015favirler<\/li>\n<\/ul>\n\n\n\n<p><strong>VERB\u0130S kayd\u0131 yapt\u0131rmas\u0131 gerekenler;<\/strong><br>-Y\u0131ll\u0131k \u00c7al\u0131\u015fan Say\u0131s\u0131 50\u2019den fazla olan veri sorumlular\u0131,<br>-Y\u0131ll\u0131k Mali Bilan\u00e7o Toplam\u0131 25 Milyon TL\u2019den fazla olan veri sorumlular\u0131,<br>-Sa\u011fl\u0131k verisi \u00f6zel nitelikli ki\u015fisel veri oldu\u011fundan, Faaliyet Konusu \u00d6zel Nitelikli Ki\u015fisel Veri \u0130\u015flemek oldu\u011fundan;<br><strong>&nbsp;&nbsp;&nbsp;&nbsp;&nbsp;&nbsp;&nbsp;&nbsp;&nbsp; \u2013 Hastaneler<\/strong><br><strong>&nbsp;&nbsp;&nbsp;&nbsp;&nbsp;&nbsp;&nbsp;&nbsp;&nbsp;&nbsp;&nbsp; \u2013 Eczac\u0131lar&nbsp;&nbsp;&nbsp;&nbsp;&nbsp;&nbsp;&nbsp;&nbsp;&nbsp;&nbsp;&nbsp;&nbsp;&nbsp;&nbsp;&nbsp;&nbsp;&nbsp;&nbsp; &nbsp;&nbsp;&nbsp;&nbsp;&nbsp;&nbsp;&nbsp;&nbsp;&nbsp;&nbsp;&nbsp;<\/strong><br><strong>&nbsp;&nbsp;&nbsp;&nbsp;&nbsp;&nbsp;&nbsp;&nbsp;&nbsp;&nbsp;&nbsp; \u2013 Diyetisyenler&nbsp;&nbsp;&nbsp;&nbsp;&nbsp;&nbsp;&nbsp;&nbsp;&nbsp;&nbsp;&nbsp;&nbsp;<\/strong><br><strong>&nbsp;&nbsp;&nbsp;&nbsp;&nbsp;&nbsp;&nbsp;&nbsp;&nbsp;&nbsp;&nbsp; \u2013 \u00d6zel Poliklinikler<\/strong><br><strong>&nbsp;&nbsp;&nbsp;&nbsp;&nbsp;&nbsp;&nbsp;&nbsp;&nbsp;&nbsp;&nbsp; \u2013 Doktor Muayenehaneleri<\/strong><br><strong>&nbsp;&nbsp;&nbsp;&nbsp;&nbsp;&nbsp;&nbsp;&nbsp;&nbsp;&nbsp;&nbsp; \u2013 G\u00fczellik Salonlar\u0131<\/strong><br><strong>&nbsp;&nbsp;&nbsp;&nbsp;&nbsp;&nbsp;&nbsp;&nbsp;&nbsp;&nbsp;&nbsp; \u2013 Di\u015f Hekimleri<\/strong><br><strong>&nbsp;&nbsp;&nbsp;&nbsp;&nbsp;&nbsp;&nbsp;&nbsp;&nbsp;&nbsp;&nbsp; \u2013 Optik\u00e7iler<\/strong><br><strong>&nbsp;&nbsp;&nbsp;&nbsp;&nbsp;&nbsp;&nbsp;&nbsp;&nbsp;&nbsp;&nbsp; \u2013 Fizyoterapi\/ Fizik Tedavi \u0130\u015fletmeleri<\/strong><br><strong>&nbsp;&nbsp;&nbsp;&nbsp;&nbsp;&nbsp;&nbsp;&nbsp;&nbsp;&nbsp;&nbsp; \u2013 Psikologlar<\/strong><\/p>\n\n\n\n<p>VERB\u0130S\u2019e yani Veri Sorumlular\u0131 Sicil Bilgi Sistemi\u2019ne kay\u0131t yapmayan veri sorumlular\u0131n\u0131 ise kanunda belirtildi\u011fi haliyle, 20.000(Yirmi bin) Liradan, 1.000.000(Bir milyon) Liraya kadar ceza Ki\u015fisel Verileri Koruma Kurumu taraf\u0131ndan kesilebilmektedir. Bu ceza miktarlar\u0131 her y\u0131l yeniden de\u011ferleme oran\u0131na g\u00f6re artt\u0131r\u0131ld\u0131\u011f\u0131 i\u00e7in 2020 Y\u0131l\u0131 itibariyle&nbsp;<strong>36.053 TL<\/strong>\u2019den&nbsp;<strong>1.802.626 TL<\/strong>\u2019ye kadar y\u00fckselmi\u015ftir. Ve 2021 y\u0131l\u0131 i\u00e7in \u00fcst s\u0131n\u0131r\u0131n 2.000.000 TL\u2019yi ge\u00e7mesi beklenmektedir.<\/p>\n\n\n\n<p>Kay\u0131t Y\u00fck\u00fcml\u00fcl\u00fckleri Tarihleri<br>Yaz\u0131m\u0131z\u0131 yazd\u0131\u011f\u0131m\u0131z 2020 Aral\u0131k ay\u0131 itibariyle, Y\u0131ll\u0131k \u00c7al\u0131\u015fan Say\u0131s\u0131 50\u2019den fazla olan veya Y\u0131ll\u0131k Mali Bilan\u00e7o Toplam\u0131 25 Milyon TL\u2019den fazla olan Veri sorumlular\u0131 ve Yurt d\u0131\u015f\u0131nda yerle\u015fik veri sorumlular\u0131 i\u00e7in son kay\u0131t tarihi ge\u00e7mi\u015f durumdad\u0131r. Ancak KVK Kurumu d\u00fcnyan\u0131n bulundu\u011fu mevcut pandemi durumu sebebiyle ve de veri sorumlular\u0131n\u0131n ya\u015fad\u0131\u011f\u0131 maddi s\u0131k\u0131nt\u0131lar nedeniyle, yukar\u0131da yaz\u0131l\u0131 cezai i\u015flemlere do\u011frudan ge\u00e7meyip, bizce do\u011fru ve yerinde bir kararla, veri sorumlular\u0131na ihtarla s\u00fcre tan\u0131m\u0131\u015ft\u0131r, yukar\u0131da yaz\u0131l\u0131 ceza miktarlar\u0131n\u0131 uygulamaya ise s\u00fcresi i\u00e7inde kay\u0131t yapmayan veri sorumlular\u0131ndan ba\u015flayacaklard\u0131r.<br>Bunun yan\u0131nda, ana faaliyet konusu \u00f6zel nitelikli ki\u015fisel veri i\u015flemek olan az \u00f6nce sayd\u0131\u011f\u0131m\u0131z,&nbsp;<strong>Eczaneler, hastaneler, diyetisyenler, poliklinikler gibi<\/strong>&nbsp;veri sorumlular\u0131n ise son kay\u0131t tarihi&nbsp;<strong>31.03.2021<\/strong>&nbsp;olarak belirlenmi\u015ftir.<\/p>\n\n\n\n<p>K\u0131z\u0131l Hukuk B\u00fcrosu olarak,<br>KVKK alan\u0131nda; uzman hukuk\u00e7ular\u0131m\u0131z ve bilgisayar m\u00fchendisi i\u015f ortaklar\u0131m\u0131zla, sekt\u00f6rde bir \u00e7ok k\u00f6kl\u00fc ve b\u00fcy\u00fck firmaya, hem VERB\u0130S kayd\u0131, hem KVKK uyum s\u00fcreci hem de ki\u015fisel veriler ile alakal\u0131 do\u011fan Hukuki ve Cezai uyu\u015fmazl\u0131klarda, hizmet vermi\u015f bulunmaktay\u0131z ve bu hizmete devam etmekteyiz. Siz de kendi firman\u0131z\u0131n&nbsp;<strong>KVKK uyum s\u00fcreci ve Verbis Kayd\u0131 konular\u0131nda bize ula\u015fabilirsiniz.<\/strong>&nbsp;\u0130leti\u015fim bilgilerimiz sitemizde mevcuttur.<br><strong>Email&nbsp; &nbsp; &nbsp; &nbsp; &nbsp;:<\/strong>&nbsp;av@denizcankizil.tr<br><strong>GSM&nbsp; &nbsp; &nbsp; &nbsp; &nbsp; &nbsp;:<\/strong>&nbsp;0 850 441 3374<br>(0 542 KIZIL 96)<\/p>\n\n\n\n<p>Web&nbsp; &nbsp; &nbsp; &nbsp; &nbsp; &nbsp; :&nbsp;<a href=\"https:\/\/denizcankizil.tr\/en\/\">www.denizcankizil.tr<\/a><\/p>","protected":false},"excerpt":{"rendered":"<p>Veri Sorumlular\u0131 Sicil Bilgi Sistemi yani VERB\u0130S, 6698 Say\u0131l\u0131 Ki\u015fisel Verileri Koruma Kanunu ile hayat\u0131m\u0131za girmi\u015f bir sistemdir. \u00d6nceki yaz\u0131lar\u0131m\u0131zda kimlerin bu sicile kay\u0131t olmas\u0131 gerekti\u011fi konusunda detayl\u0131 bilgi vermi\u015ftik.&nbsp;(Buna bu yaz\u0131ya t\u0131klayarak ula\u015fabilirsiniz.)VERB\u0130S sistemine hangi bilgileri girmek gerekmektedir?\u00d6ncelikle VERB\u0130S\u2019e d\u00fczg\u00fcn bir kay\u0131t yap\u0131labilmesi i\u00e7in,&nbsp;Ki\u015fisel Veri Envanteri&nbsp;\u00e7\u0131kar\u0131lmas\u0131 gerekmektedir. Bu envanterde; Bu envanterin \u00e7\u0131kar\u0131labilmesi i\u00e7in&nbsp;KVKK konusunda uzman bir hukuk\u00e7unun&nbsp;ve baz\u0131 teknik durumlar i\u00e7in&nbsp;bir bilgisayar teknisyeninin ya da m\u00fchendisin&nbsp;varl\u0131\u011f\u0131 gerekmektedir. Bu envanterin KVKK alan\u0131nda \u00f6zel \u00e7al\u0131\u015fmalar\u0131 bulunmayan bir ki\u015fi taraf\u0131ndan yap\u0131lmas\u0131&nbsp;36.053&nbsp;TL ile&nbsp;1.802.626&nbsp;TL aras\u0131nda de\u011fi\u015fen miktarlarda cezan\u0131n yaz\u0131lmas\u0131na sebep olabilecektir.Envanter yan\u0131nda, veri sorumlusunun i\u015fletmesi b\u00fcnyesinde, veri g\u00fcvenli\u011fi ile ilgili&nbsp;idari ve teknik bir incelemenin&nbsp;de yap\u0131lmas\u0131 gerekmektedir. Keza bu incelemenin de uzman ki\u015filerce yap\u0131lmamas\u0131, yanl\u0131\u015f beyanlar\u0131n VERB\u0130S sistemine girilmesi sonucu yukar\u0131da yaz\u0131l\u0131 miktarlar oran\u0131nca ceza yenilmesine sebep olabilecektir.Bunlar\u0131n ard\u0131ndan, KVKK konusunda&nbsp;gerekli evrak ve belgelerin bir hukuk\u00e7u&nbsp;taraf\u0131ndan yaz\u0131lmas\u0131, bu evraklar\u0131n nas\u0131l kullan\u0131laca\u011f\u0131 konusunda veri sorumlusu ve \u00e7al\u0131\u015fanlar\u0131n ayd\u0131nlat\u0131lmas\u0131 ve KVKK konusunda e\u011fitim verilmesi gerekecektir.Verilen e\u011fitimin, \u00e7\u0131kar\u0131lan envanterin ve idari\/teknik analizin ard\u0131ndan olu\u015fan bilgiler uyar\u0131nca VERB\u0130S\u2019e kay\u0131t yap\u0131lmas\u0131 gerekmektedir.VERB\u0130S kayd\u0131nda girilmesi gereken bilgiler; Bu kay\u0131t, kamuya a\u00e7\u0131k bir kay\u0131tt\u0131r. \u0130steyen herkes bu kayda eri\u015febilmekte ve veri sorumlusunun veri i\u015fleme faaliyetleri hakk\u0131nda bilgi alabilmektedir.VERB\u0130S sistemine san\u0131ld\u0131\u011f\u0131 gibi i\u015flenen her ki\u015fisel veri ve bu verilerinin sahiplerinin isimleri yaz\u0131lmamaktad\u0131r. VERB\u0130S\u2019e &hellip;<\/p>","protected":false},"author":4,"featured_media":6112,"comment_status":"open","ping_status":"open","sticky":false,"template":"","format":"standard","meta":{"_acf_changed":false,"footnotes":""},"categories":[21],"tags":[1103,1101,1104],"class_list":["post-5334","post","type-post","status-publish","format-standard","has-post-thumbnail","hentry","category-makale","tag-kvkk-verbis","tag-verbis","tag-veri-sorumlusu"],"acf":[],"yoast_head":"<!-- This site is optimized with the Yoast SEO Premium plugin v26.6 (Yoast SEO v27.1.1) - https:\/\/yoast.com\/product\/yoast-seo-premium-wordpress\/ -->\n<title>VERB\u0130S (Veri Sorumlular\u0131 Sicil Bilgi Sistemi) Hakk\u0131nda Bilinmesi Gerekenler - Av. Deniz Can K\u0131z\u0131l<\/title>\n<meta name=\"robots\" content=\"index, follow, max-snippet:-1, max-image-preview:large, max-video-preview:-1\" \/>\n<link rel=\"canonical\" href=\"https:\/\/denizcankizil.tr\/en\/koseyazilari\/makale\/verbis-veri-sorumlulari-sicil-bilgi-sistemi-hakkinda-bilinmesi-gerekenler\/\" \/>\n<meta property=\"og:locale\" content=\"en_GB\" \/>\n<meta property=\"og:type\" content=\"article\" \/>\n<meta property=\"og:title\" content=\"VERB\u0130S (Veri Sorumlular\u0131 Sicil Bilgi Sistemi) Hakk\u0131nda Bilinmesi Gerekenler\" \/>\n<meta property=\"og:description\" content=\"Veri Sorumlular\u0131 Sicil Bilgi Sistemi yani VERB\u0130S, 6698 Say\u0131l\u0131 Ki\u015fisel Verileri Koruma Kanunu ile hayat\u0131m\u0131za girmi\u015f bir sistemdir. \u00d6nceki yaz\u0131lar\u0131m\u0131zda kimlerin bu sicile kay\u0131t olmas\u0131 gerekti\u011fi konusunda detayl\u0131 bilgi vermi\u015ftik.&nbsp;(Buna bu yaz\u0131ya t\u0131klayarak ula\u015fabilirsiniz.)VERB\u0130S sistemine hangi bilgileri girmek gerekmektedir?\u00d6ncelikle VERB\u0130S\u2019e d\u00fczg\u00fcn bir kay\u0131t yap\u0131labilmesi i\u00e7in,&nbsp;Ki\u015fisel Veri Envanteri&nbsp;\u00e7\u0131kar\u0131lmas\u0131 gerekmektedir. Bu envanterde; Bu envanterin \u00e7\u0131kar\u0131labilmesi i\u00e7in&nbsp;KVKK konusunda uzman bir hukuk\u00e7unun&nbsp;ve baz\u0131 teknik durumlar i\u00e7in&nbsp;bir bilgisayar teknisyeninin ya da m\u00fchendisin&nbsp;varl\u0131\u011f\u0131 gerekmektedir. Bu envanterin KVKK alan\u0131nda \u00f6zel \u00e7al\u0131\u015fmalar\u0131 bulunmayan bir ki\u015fi taraf\u0131ndan yap\u0131lmas\u0131&nbsp;36.053&nbsp;TL ile&nbsp;1.802.626&nbsp;TL aras\u0131nda de\u011fi\u015fen miktarlarda cezan\u0131n yaz\u0131lmas\u0131na sebep olabilecektir.Envanter yan\u0131nda, veri sorumlusunun i\u015fletmesi b\u00fcnyesinde, veri g\u00fcvenli\u011fi ile ilgili&nbsp;idari ve teknik bir incelemenin&nbsp;de yap\u0131lmas\u0131 gerekmektedir. Keza bu incelemenin de uzman ki\u015filerce yap\u0131lmamas\u0131, yanl\u0131\u015f beyanlar\u0131n VERB\u0130S sistemine girilmesi sonucu yukar\u0131da yaz\u0131l\u0131 miktarlar oran\u0131nca ceza yenilmesine sebep olabilecektir.Bunlar\u0131n ard\u0131ndan, KVKK konusunda&nbsp;gerekli evrak ve belgelerin bir hukuk\u00e7u&nbsp;taraf\u0131ndan yaz\u0131lmas\u0131, bu evraklar\u0131n nas\u0131l kullan\u0131laca\u011f\u0131 konusunda veri sorumlusu ve \u00e7al\u0131\u015fanlar\u0131n ayd\u0131nlat\u0131lmas\u0131 ve KVKK konusunda e\u011fitim verilmesi gerekecektir.Verilen e\u011fitimin, \u00e7\u0131kar\u0131lan envanterin ve idari\/teknik analizin ard\u0131ndan olu\u015fan bilgiler uyar\u0131nca VERB\u0130S\u2019e kay\u0131t yap\u0131lmas\u0131 gerekmektedir.VERB\u0130S kayd\u0131nda girilmesi gereken bilgiler; Bu kay\u0131t, kamuya a\u00e7\u0131k bir kay\u0131tt\u0131r. \u0130steyen herkes bu kayda eri\u015febilmekte ve veri sorumlusunun veri i\u015fleme faaliyetleri hakk\u0131nda bilgi alabilmektedir.VERB\u0130S sistemine san\u0131ld\u0131\u011f\u0131 gibi i\u015flenen her ki\u015fisel veri ve bu verilerinin sahiplerinin isimleri yaz\u0131lmamaktad\u0131r. VERB\u0130S\u2019e &hellip;\" \/>\n<meta property=\"og:url\" content=\"https:\/\/denizcankizil.tr\/en\/koseyazilari\/makale\/verbis-veri-sorumlulari-sicil-bilgi-sistemi-hakkinda-bilinmesi-gerekenler\/\" \/>\n<meta property=\"og:site_name\" content=\"Av. Deniz Can K\u0131z\u0131l\" \/>\n<meta property=\"article:published_time\" content=\"2024-10-20T12:19:02+00:00\" \/>\n<meta property=\"article:modified_time\" content=\"2024-11-02T10:54:44+00:00\" \/>\n<meta property=\"og:image\" content=\"https:\/\/denizcankizil.tr\/wp-content\/uploads\/2024\/10\/image-5.jpg\" \/>\n\t<meta property=\"og:image:width\" content=\"800\" \/>\n\t<meta property=\"og:image:height\" content=\"500\" \/>\n\t<meta property=\"og:image:type\" content=\"image\/jpeg\" \/>\n<meta name=\"author\" content=\"Av. Deniz Can K\u0131z\u0131l\" \/>\n<meta name=\"twitter:card\" content=\"summary_large_image\" \/>\n<meta name=\"twitter:label1\" content=\"Written by\" \/>\n\t<meta name=\"twitter:data1\" content=\"Av. Deniz Can K\u0131z\u0131l\" \/>\n\t<meta name=\"twitter:label2\" content=\"Estimated reading time\" \/>\n\t<meta name=\"twitter:data2\" content=\"8 minutes\" \/>\n<script type=\"application\/ld+json\" class=\"yoast-schema-graph\">{\"@context\":\"https:\/\/schema.org\",\"@graph\":[{\"@type\":\"Article\",\"@id\":\"https:\/\/denizcankizil.tr\/ru\/koseyazilari\/makale\/verbis-veri-sorumlulari-sicil-bilgi-sistemi-hakkinda-bilinmesi-gerekenler\/#article\",\"isPartOf\":{\"@id\":\"https:\/\/denizcankizil.tr\/ru\/koseyazilari\/makale\/verbis-veri-sorumlulari-sicil-bilgi-sistemi-hakkinda-bilinmesi-gerekenler\/\"},\"author\":{\"name\":\"Av. Deniz Can K\u0131z\u0131l\",\"@id\":\"https:\/\/denizcankizil.tr\/de\/#\/schema\/person\/5dc1b22991bd7ac833867c10afc9b0ff\"},\"headline\":\"VERB\u0130S (Veri Sorumlular\u0131 Sicil Bilgi Sistemi) Hakk\u0131nda Bilinmesi Gerekenler\",\"datePublished\":\"2024-10-20T12:19:02+00:00\",\"dateModified\":\"2024-11-02T10:54:44+00:00\",\"mainEntityOfPage\":{\"@id\":\"https:\/\/denizcankizil.tr\/ru\/koseyazilari\/makale\/verbis-veri-sorumlulari-sicil-bilgi-sistemi-hakkinda-bilinmesi-gerekenler\/\"},\"wordCount\":1540,\"commentCount\":0,\"publisher\":{\"@id\":\"https:\/\/denizcankizil.tr\/de\/#organization\"},\"image\":{\"@id\":\"https:\/\/denizcankizil.tr\/ru\/koseyazilari\/makale\/verbis-veri-sorumlulari-sicil-bilgi-sistemi-hakkinda-bilinmesi-gerekenler\/#primaryimage\"},\"thumbnailUrl\":\"https:\/\/denizcankizil.tr\/wp-content\/uploads\/2024\/10\/image-5.jpg\",\"keywords\":[\"kvkk verbis\",\"verbis\",\"veri sorumlusu\"],\"articleSection\":[\"Makale\"],\"inLanguage\":\"en-GB\",\"potentialAction\":[{\"@type\":\"CommentAction\",\"name\":\"Comment\",\"target\":[\"https:\/\/denizcankizil.tr\/ru\/koseyazilari\/makale\/verbis-veri-sorumlulari-sicil-bilgi-sistemi-hakkinda-bilinmesi-gerekenler\/#respond\"]}]},{\"@type\":\"WebPage\",\"@id\":\"https:\/\/denizcankizil.tr\/ru\/koseyazilari\/makale\/verbis-veri-sorumlulari-sicil-bilgi-sistemi-hakkinda-bilinmesi-gerekenler\/\",\"url\":\"https:\/\/denizcankizil.tr\/ru\/koseyazilari\/makale\/verbis-veri-sorumlulari-sicil-bilgi-sistemi-hakkinda-bilinmesi-gerekenler\/\",\"name\":\"VERB\u0130S (Veri Sorumlular\u0131 Sicil Bilgi Sistemi) Hakk\u0131nda Bilinmesi Gerekenler - Av. Deniz Can K\u0131z\u0131l\",\"isPartOf\":{\"@id\":\"https:\/\/denizcankizil.tr\/de\/#website\"},\"primaryImageOfPage\":{\"@id\":\"https:\/\/denizcankizil.tr\/ru\/koseyazilari\/makale\/verbis-veri-sorumlulari-sicil-bilgi-sistemi-hakkinda-bilinmesi-gerekenler\/#primaryimage\"},\"image\":{\"@id\":\"https:\/\/denizcankizil.tr\/ru\/koseyazilari\/makale\/verbis-veri-sorumlulari-sicil-bilgi-sistemi-hakkinda-bilinmesi-gerekenler\/#primaryimage\"},\"thumbnailUrl\":\"https:\/\/denizcankizil.tr\/wp-content\/uploads\/2024\/10\/image-5.jpg\",\"datePublished\":\"2024-10-20T12:19:02+00:00\",\"dateModified\":\"2024-11-02T10:54:44+00:00\",\"breadcrumb\":{\"@id\":\"https:\/\/denizcankizil.tr\/ru\/koseyazilari\/makale\/verbis-veri-sorumlulari-sicil-bilgi-sistemi-hakkinda-bilinmesi-gerekenler\/#breadcrumb\"},\"inLanguage\":\"en-GB\",\"potentialAction\":[{\"@type\":\"ReadAction\",\"target\":[\"https:\/\/denizcankizil.tr\/ru\/koseyazilari\/makale\/verbis-veri-sorumlulari-sicil-bilgi-sistemi-hakkinda-bilinmesi-gerekenler\/\"]}]},{\"@type\":\"ImageObject\",\"inLanguage\":\"en-GB\",\"@id\":\"https:\/\/denizcankizil.tr\/ru\/koseyazilari\/makale\/verbis-veri-sorumlulari-sicil-bilgi-sistemi-hakkinda-bilinmesi-gerekenler\/#primaryimage\",\"url\":\"https:\/\/denizcankizil.tr\/wp-content\/uploads\/2024\/10\/image-5.jpg\",\"contentUrl\":\"https:\/\/denizcankizil.tr\/wp-content\/uploads\/2024\/10\/image-5.jpg\",\"width\":800,\"height\":500,\"caption\":\"image\"},{\"@type\":\"BreadcrumbList\",\"@id\":\"https:\/\/denizcankizil.tr\/ru\/koseyazilari\/makale\/verbis-veri-sorumlulari-sicil-bilgi-sistemi-hakkinda-bilinmesi-gerekenler\/#breadcrumb\",\"itemListElement\":[{\"@type\":\"ListItem\",\"position\":1,\"name\":\"Home\",\"item\":\"https:\/\/denizcankizil.tr\/de\/\"},{\"@type\":\"ListItem\",\"position\":2,\"name\":\"VERB\u0130S (Veri Sorumlular\u0131 Sicil Bilgi Sistemi) Hakk\u0131nda Bilinmesi Gerekenler\"}]},{\"@type\":\"WebSite\",\"@id\":\"https:\/\/denizcankizil.tr\/de\/#website\",\"url\":\"https:\/\/denizcankizil.tr\/de\/\",\"name\":\"Av. Deniz Can K\u0131z\u0131l\",\"description\":\"Avukat Deniz Can K\u0131z\u0131l Antalya Barosu\",\"publisher\":{\"@id\":\"https:\/\/denizcankizil.tr\/de\/#organization\"},\"potentialAction\":[{\"@type\":\"SearchAction\",\"target\":{\"@type\":\"EntryPoint\",\"urlTemplate\":\"https:\/\/denizcankizil.tr\/de\/?s={search_term_string}\"},\"query-input\":{\"@type\":\"PropertyValueSpecification\",\"valueRequired\":true,\"valueName\":\"search_term_string\"}}],\"inLanguage\":\"en-GB\"},{\"@type\":\"Organization\",\"@id\":\"https:\/\/denizcankizil.tr\/de\/#organization\",\"name\":\"Av. Deniz Can K\u0131z\u0131l\",\"url\":\"https:\/\/denizcankizil.tr\/de\/\",\"logo\":{\"@type\":\"ImageObject\",\"inLanguage\":\"en-GB\",\"@id\":\"https:\/\/denizcankizil.tr\/de\/#\/schema\/logo\/image\/\",\"url\":\"https:\/\/denizcankizil.tr\/wp-content\/uploads\/2024\/10\/siyah-logo-svg.svg\",\"contentUrl\":\"https:\/\/denizcankizil.tr\/wp-content\/uploads\/2024\/10\/siyah-logo-svg.svg\",\"width\":1080,\"height\":1080,\"caption\":\"Av. Deniz Can K\u0131z\u0131l\"},\"image\":{\"@id\":\"https:\/\/denizcankizil.tr\/de\/#\/schema\/logo\/image\/\"}},{\"@type\":\"Person\",\"@id\":\"https:\/\/denizcankizil.tr\/de\/#\/schema\/person\/5dc1b22991bd7ac833867c10afc9b0ff\",\"name\":\"Av. Deniz Can K\u0131z\u0131l\",\"image\":{\"@type\":\"ImageObject\",\"inLanguage\":\"en-GB\",\"@id\":\"https:\/\/denizcankizil.tr\/de\/#\/schema\/person\/image\/\",\"url\":\"https:\/\/secure.gravatar.com\/avatar\/a0b128fb9855c79efc976d5640eedb31dc35ec297594d6016d2cf7c60e975bb6?s=96&d=mm&r=g\",\"contentUrl\":\"https:\/\/secure.gravatar.com\/avatar\/a0b128fb9855c79efc976d5640eedb31dc35ec297594d6016d2cf7c60e975bb6?s=96&d=mm&r=g\",\"caption\":\"Av. Deniz Can K\u0131z\u0131l\"},\"sameAs\":[\"http:\/\/www.denizcankizil.tr\"],\"url\":\"https:\/\/denizcankizil.tr\/en\/author\/denizcankizil\/\"}]}<\/script>\n<!-- \/ Yoast SEO Premium plugin. -->","yoast_head_json":{"title":"VERB\u0130S (Veri Sorumlular\u0131 Sicil Bilgi Sistemi) Hakk\u0131nda Bilinmesi Gerekenler - Av. Deniz Can K\u0131z\u0131l","robots":{"index":"index","follow":"follow","max-snippet":"max-snippet:-1","max-image-preview":"max-image-preview:large","max-video-preview":"max-video-preview:-1"},"canonical":"https:\/\/denizcankizil.tr\/en\/koseyazilari\/makale\/verbis-veri-sorumlulari-sicil-bilgi-sistemi-hakkinda-bilinmesi-gerekenler\/","og_locale":"en_GB","og_type":"article","og_title":"VERB\u0130S (Veri Sorumlular\u0131 Sicil Bilgi Sistemi) Hakk\u0131nda Bilinmesi Gerekenler","og_description":"Veri Sorumlular\u0131 Sicil Bilgi Sistemi yani VERB\u0130S, 6698 Say\u0131l\u0131 Ki\u015fisel Verileri Koruma Kanunu ile hayat\u0131m\u0131za girmi\u015f bir sistemdir. \u00d6nceki yaz\u0131lar\u0131m\u0131zda kimlerin bu sicile kay\u0131t olmas\u0131 gerekti\u011fi konusunda detayl\u0131 bilgi vermi\u015ftik.&nbsp;(Buna bu yaz\u0131ya t\u0131klayarak ula\u015fabilirsiniz.)VERB\u0130S sistemine hangi bilgileri girmek gerekmektedir?\u00d6ncelikle VERB\u0130S\u2019e d\u00fczg\u00fcn bir kay\u0131t yap\u0131labilmesi i\u00e7in,&nbsp;Ki\u015fisel Veri Envanteri&nbsp;\u00e7\u0131kar\u0131lmas\u0131 gerekmektedir. Bu envanterde; Bu envanterin \u00e7\u0131kar\u0131labilmesi i\u00e7in&nbsp;KVKK konusunda uzman bir hukuk\u00e7unun&nbsp;ve baz\u0131 teknik durumlar i\u00e7in&nbsp;bir bilgisayar teknisyeninin ya da m\u00fchendisin&nbsp;varl\u0131\u011f\u0131 gerekmektedir. Bu envanterin KVKK alan\u0131nda \u00f6zel \u00e7al\u0131\u015fmalar\u0131 bulunmayan bir ki\u015fi taraf\u0131ndan yap\u0131lmas\u0131&nbsp;36.053&nbsp;TL ile&nbsp;1.802.626&nbsp;TL aras\u0131nda de\u011fi\u015fen miktarlarda cezan\u0131n yaz\u0131lmas\u0131na sebep olabilecektir.Envanter yan\u0131nda, veri sorumlusunun i\u015fletmesi b\u00fcnyesinde, veri g\u00fcvenli\u011fi ile ilgili&nbsp;idari ve teknik bir incelemenin&nbsp;de yap\u0131lmas\u0131 gerekmektedir. Keza bu incelemenin de uzman ki\u015filerce yap\u0131lmamas\u0131, yanl\u0131\u015f beyanlar\u0131n VERB\u0130S sistemine girilmesi sonucu yukar\u0131da yaz\u0131l\u0131 miktarlar oran\u0131nca ceza yenilmesine sebep olabilecektir.Bunlar\u0131n ard\u0131ndan, KVKK konusunda&nbsp;gerekli evrak ve belgelerin bir hukuk\u00e7u&nbsp;taraf\u0131ndan yaz\u0131lmas\u0131, bu evraklar\u0131n nas\u0131l kullan\u0131laca\u011f\u0131 konusunda veri sorumlusu ve \u00e7al\u0131\u015fanlar\u0131n ayd\u0131nlat\u0131lmas\u0131 ve KVKK konusunda e\u011fitim verilmesi gerekecektir.Verilen e\u011fitimin, \u00e7\u0131kar\u0131lan envanterin ve idari\/teknik analizin ard\u0131ndan olu\u015fan bilgiler uyar\u0131nca VERB\u0130S\u2019e kay\u0131t yap\u0131lmas\u0131 gerekmektedir.VERB\u0130S kayd\u0131nda girilmesi gereken bilgiler; Bu kay\u0131t, kamuya a\u00e7\u0131k bir kay\u0131tt\u0131r. \u0130steyen herkes bu kayda eri\u015febilmekte ve veri sorumlusunun veri i\u015fleme faaliyetleri hakk\u0131nda bilgi alabilmektedir.VERB\u0130S sistemine san\u0131ld\u0131\u011f\u0131 gibi i\u015flenen her ki\u015fisel veri ve bu verilerinin sahiplerinin isimleri yaz\u0131lmamaktad\u0131r. VERB\u0130S\u2019e &hellip;","og_url":"https:\/\/denizcankizil.tr\/en\/koseyazilari\/makale\/verbis-veri-sorumlulari-sicil-bilgi-sistemi-hakkinda-bilinmesi-gerekenler\/","og_site_name":"Av. Deniz Can K\u0131z\u0131l","article_published_time":"2024-10-20T12:19:02+00:00","article_modified_time":"2024-11-02T10:54:44+00:00","og_image":[{"width":800,"height":500,"url":"https:\/\/denizcankizil.tr\/wp-content\/uploads\/2024\/10\/image-5.jpg","type":"image\/jpeg"}],"author":"Av. Deniz Can K\u0131z\u0131l","twitter_card":"summary_large_image","twitter_misc":{"Written by":"Av. Deniz Can K\u0131z\u0131l","Estimated reading time":"8 minutes"},"schema":{"@context":"https:\/\/schema.org","@graph":[{"@type":"Article","@id":"https:\/\/denizcankizil.tr\/ru\/koseyazilari\/makale\/verbis-veri-sorumlulari-sicil-bilgi-sistemi-hakkinda-bilinmesi-gerekenler\/#article","isPartOf":{"@id":"https:\/\/denizcankizil.tr\/ru\/koseyazilari\/makale\/verbis-veri-sorumlulari-sicil-bilgi-sistemi-hakkinda-bilinmesi-gerekenler\/"},"author":{"name":"Av. Deniz Can K\u0131z\u0131l","@id":"https:\/\/denizcankizil.tr\/de\/#\/schema\/person\/5dc1b22991bd7ac833867c10afc9b0ff"},"headline":"VERB\u0130S (Veri Sorumlular\u0131 Sicil Bilgi Sistemi) Hakk\u0131nda Bilinmesi Gerekenler","datePublished":"2024-10-20T12:19:02+00:00","dateModified":"2024-11-02T10:54:44+00:00","mainEntityOfPage":{"@id":"https:\/\/denizcankizil.tr\/ru\/koseyazilari\/makale\/verbis-veri-sorumlulari-sicil-bilgi-sistemi-hakkinda-bilinmesi-gerekenler\/"},"wordCount":1540,"commentCount":0,"publisher":{"@id":"https:\/\/denizcankizil.tr\/de\/#organization"},"image":{"@id":"https:\/\/denizcankizil.tr\/ru\/koseyazilari\/makale\/verbis-veri-sorumlulari-sicil-bilgi-sistemi-hakkinda-bilinmesi-gerekenler\/#primaryimage"},"thumbnailUrl":"https:\/\/denizcankizil.tr\/wp-content\/uploads\/2024\/10\/image-5.jpg","keywords":["kvkk verbis","verbis","veri sorumlusu"],"articleSection":["Makale"],"inLanguage":"en-GB","potentialAction":[{"@type":"CommentAction","name":"Comment","target":["https:\/\/denizcankizil.tr\/ru\/koseyazilari\/makale\/verbis-veri-sorumlulari-sicil-bilgi-sistemi-hakkinda-bilinmesi-gerekenler\/#respond"]}]},{"@type":"WebPage","@id":"https:\/\/denizcankizil.tr\/ru\/koseyazilari\/makale\/verbis-veri-sorumlulari-sicil-bilgi-sistemi-hakkinda-bilinmesi-gerekenler\/","url":"https:\/\/denizcankizil.tr\/ru\/koseyazilari\/makale\/verbis-veri-sorumlulari-sicil-bilgi-sistemi-hakkinda-bilinmesi-gerekenler\/","name":"VERB\u0130S (Veri Sorumlular\u0131 Sicil Bilgi Sistemi) Hakk\u0131nda Bilinmesi Gerekenler - Av. Deniz Can K\u0131z\u0131l","isPartOf":{"@id":"https:\/\/denizcankizil.tr\/de\/#website"},"primaryImageOfPage":{"@id":"https:\/\/denizcankizil.tr\/ru\/koseyazilari\/makale\/verbis-veri-sorumlulari-sicil-bilgi-sistemi-hakkinda-bilinmesi-gerekenler\/#primaryimage"},"image":{"@id":"https:\/\/denizcankizil.tr\/ru\/koseyazilari\/makale\/verbis-veri-sorumlulari-sicil-bilgi-sistemi-hakkinda-bilinmesi-gerekenler\/#primaryimage"},"thumbnailUrl":"https:\/\/denizcankizil.tr\/wp-content\/uploads\/2024\/10\/image-5.jpg","datePublished":"2024-10-20T12:19:02+00:00","dateModified":"2024-11-02T10:54:44+00:00","breadcrumb":{"@id":"https:\/\/denizcankizil.tr\/ru\/koseyazilari\/makale\/verbis-veri-sorumlulari-sicil-bilgi-sistemi-hakkinda-bilinmesi-gerekenler\/#breadcrumb"},"inLanguage":"en-GB","potentialAction":[{"@type":"ReadAction","target":["https:\/\/denizcankizil.tr\/ru\/koseyazilari\/makale\/verbis-veri-sorumlulari-sicil-bilgi-sistemi-hakkinda-bilinmesi-gerekenler\/"]}]},{"@type":"ImageObject","inLanguage":"en-GB","@id":"https:\/\/denizcankizil.tr\/ru\/koseyazilari\/makale\/verbis-veri-sorumlulari-sicil-bilgi-sistemi-hakkinda-bilinmesi-gerekenler\/#primaryimage","url":"https:\/\/denizcankizil.tr\/wp-content\/uploads\/2024\/10\/image-5.jpg","contentUrl":"https:\/\/denizcankizil.tr\/wp-content\/uploads\/2024\/10\/image-5.jpg","width":800,"height":500,"caption":"image"},{"@type":"BreadcrumbList","@id":"https:\/\/denizcankizil.tr\/ru\/koseyazilari\/makale\/verbis-veri-sorumlulari-sicil-bilgi-sistemi-hakkinda-bilinmesi-gerekenler\/#breadcrumb","itemListElement":[{"@type":"ListItem","position":1,"name":"Home","item":"https:\/\/denizcankizil.tr\/de\/"},{"@type":"ListItem","position":2,"name":"VERB\u0130S (Veri Sorumlular\u0131 Sicil Bilgi Sistemi) Hakk\u0131nda Bilinmesi Gerekenler"}]},{"@type":"WebSite","@id":"https:\/\/denizcankizil.tr\/de\/#website","url":"https:\/\/denizcankizil.tr\/de\/","name":"Av. Deniz Can K\u0131z\u0131l","description":"Avukat Deniz Can K\u0131z\u0131l Antalya Barosu","publisher":{"@id":"https:\/\/denizcankizil.tr\/de\/#organization"},"potentialAction":[{"@type":"SearchAction","target":{"@type":"EntryPoint","urlTemplate":"https:\/\/denizcankizil.tr\/de\/?s={search_term_string}"},"query-input":{"@type":"PropertyValueSpecification","valueRequired":true,"valueName":"search_term_string"}}],"inLanguage":"en-GB"},{"@type":"Organization","@id":"https:\/\/denizcankizil.tr\/de\/#organization","name":"Av. Deniz Can K\u0131z\u0131l","url":"https:\/\/denizcankizil.tr\/de\/","logo":{"@type":"ImageObject","inLanguage":"en-GB","@id":"https:\/\/denizcankizil.tr\/de\/#\/schema\/logo\/image\/","url":"https:\/\/denizcankizil.tr\/wp-content\/uploads\/2024\/10\/siyah-logo-svg.svg","contentUrl":"https:\/\/denizcankizil.tr\/wp-content\/uploads\/2024\/10\/siyah-logo-svg.svg","width":1080,"height":1080,"caption":"Av. Deniz Can K\u0131z\u0131l"},"image":{"@id":"https:\/\/denizcankizil.tr\/de\/#\/schema\/logo\/image\/"}},{"@type":"Person","@id":"https:\/\/denizcankizil.tr\/de\/#\/schema\/person\/5dc1b22991bd7ac833867c10afc9b0ff","name":"Av. Deniz Can K\u0131z\u0131l","image":{"@type":"ImageObject","inLanguage":"en-GB","@id":"https:\/\/denizcankizil.tr\/de\/#\/schema\/person\/image\/","url":"https:\/\/secure.gravatar.com\/avatar\/a0b128fb9855c79efc976d5640eedb31dc35ec297594d6016d2cf7c60e975bb6?s=96&d=mm&r=g","contentUrl":"https:\/\/secure.gravatar.com\/avatar\/a0b128fb9855c79efc976d5640eedb31dc35ec297594d6016d2cf7c60e975bb6?s=96&d=mm&r=g","caption":"Av. Deniz Can K\u0131z\u0131l"},"sameAs":["http:\/\/www.denizcankizil.tr"],"url":"https:\/\/denizcankizil.tr\/en\/author\/denizcankizil\/"}]}},"_links":{"self":[{"href":"https:\/\/denizcankizil.tr\/en\/wp-json\/wp\/v2\/posts\/5334","targetHints":{"allow":["GET"]}}],"collection":[{"href":"https:\/\/denizcankizil.tr\/en\/wp-json\/wp\/v2\/posts"}],"about":[{"href":"https:\/\/denizcankizil.tr\/en\/wp-json\/wp\/v2\/types\/post"}],"author":[{"embeddable":true,"href":"https:\/\/denizcankizil.tr\/en\/wp-json\/wp\/v2\/users\/4"}],"replies":[{"embeddable":true,"href":"https:\/\/denizcankizil.tr\/en\/wp-json\/wp\/v2\/comments?post=5334"}],"version-history":[{"count":4,"href":"https:\/\/denizcankizil.tr\/en\/wp-json\/wp\/v2\/posts\/5334\/revisions"}],"predecessor-version":[{"id":11490,"href":"https:\/\/denizcankizil.tr\/en\/wp-json\/wp\/v2\/posts\/5334\/revisions\/11490"}],"wp:featuredmedia":[{"embeddable":true,"href":"https:\/\/denizcankizil.tr\/en\/wp-json\/wp\/v2\/media\/6112"}],"wp:attachment":[{"href":"https:\/\/denizcankizil.tr\/en\/wp-json\/wp\/v2\/media?parent=5334"}],"wp:term":[{"taxonomy":"category","embeddable":true,"href":"https:\/\/denizcankizil.tr\/en\/wp-json\/wp\/v2\/categories?post=5334"},{"taxonomy":"post_tag","embeddable":true,"href":"https:\/\/denizcankizil.tr\/en\/wp-json\/wp\/v2\/tags?post=5334"}],"curies":[{"name":"wp","href":"https:\/\/api.w.org\/{rel}","templated":true}]}}