{"id":5332,"date":"2024-10-20T15:16:01","date_gmt":"2024-10-20T12:16:01","guid":{"rendered":"https:\/\/denizcankizil.tr\/?p=5332"},"modified":"2024-11-02T13:54:08","modified_gmt":"2024-11-02T10:54:08","slug":"kisisel-verileri-koruma-kanunu-uyarinca-verbise-kayit","status":"publish","type":"post","link":"https:\/\/denizcankizil.tr\/en\/koseyazilari\/makale\/kisisel-verileri-koruma-kanunu-uyarinca-verbise-kayit\/","title":{"rendered":"Verbis Recording In Accordance With The Law On Personal Data Protection"},"content":{"rendered":"<p>6698 Say\u0131l\u0131 Ki\u015fisel Verileri Koruma Kanunu\u2019nun y\u00fcr\u00fcrl\u00fc\u011fe girmesiyle veri sorumlular\u0131na bir \u00e7ok y\u00fck\u00fcml\u00fcl\u00fck getirildi.&nbsp;<strong>Veri Sorumlular\u0131<\/strong>, ki\u015fisel verilerin i\u015fleme ama\u00e7lar\u0131n\u0131 ve vas\u0131talar\u0131n\u0131 belirleyen, veri kay\u0131t sisteminin kurulmas\u0131ndan ve y\u00f6netilmesinden sorumlu olan ger\u00e7ek veya t\u00fczel ki\u015fiyi,&nbsp; ifade eder.<br>Kanuni tan\u0131m\u0131 karma\u015f\u0131k gibi g\u00f6r\u00fcnse de pratikte veri sorumlular\u0131na, hastaneler, oteller, muhasebeciler, eczac\u0131lar, kuaf\u00f6rler, g\u00fczellik merkezleri, marketler ve di\u011fer bir \u00e7ok \u00f6rnek verilebilir. Bunun sebebi, ki\u015fisel veri tan\u0131m\u0131d\u0131r. Ki\u015fisel veri, kimli\u011fi belirli veya belirlenebilir ger\u00e7ek ki\u015fiye ili\u015fkin her t\u00fcrl\u00fc bilgiyi ifade eder. Yani bir market\u00e7inin tuttu\u011fu veresiye defteri, veresiye alan\u0131n ismini ve veresiye bor\u00e7 miktar\u0131n\u0131 i\u00e7erdi\u011fi i\u00e7in asl\u0131nda ki\u015fisel veri ihtiva etmektedir ve bu durum market sahibini de veri sorumlusu yapmaktad\u0131r. Kanuni tan\u0131ma g\u00f6re veri sorumlusu olmak olduk\u00e7a basittir. Bu nedenle 6698 Say\u0131l\u0131 Kanunun getirdi\u011fi y\u00fck\u00fcml\u00fcl\u00fckler i\u015fletme sahibi olan herkes i\u00e7in ge\u00e7erlidir.<br>Kanunun uygulama alan\u0131 olduk\u00e7a geni\u015f olsa da Verbis kayd\u0131, kanunun t\u00fcm veri sorumlular\u0131na y\u00fckledi\u011fi bir sorumluluk de\u011fildir. Buna g\u00f6re,<\/p>\n\n\n\n<ul class=\"wp-block-list\">\n<li>Y\u0131ll\u0131k \u00e7al\u0131\u015fan say\u0131s\u0131 50\u2019den az ve y\u0131ll\u0131k mali bilan\u00e7o toplam\u0131 25 milyon TL\u2019den az olan ger\u00e7ek veya t\u00fczel ki\u015fi veri sorumlular\u0131ndan ana faaliyet konusu \u00f6zel nitelikli ki\u015fisel veri i\u015fleme olmayanlar,<\/li>\n\n\n\n<li>Yaln\u0131zca otomatik olmayan yollarla veri i\u015fleyenler,<\/li>\n\n\n\n<li>Noterler,<\/li>\n\n\n\n<li>Dernek, vak\u0131f ve sendikalar,<\/li>\n\n\n\n<li>Siyasi Partiler,<\/li>\n\n\n\n<li>Avukatlar,<\/li>\n\n\n\n<li>G\u00fcmr\u00fck M\u00fc\u015favirleri,<\/li>\n\n\n\n<li>Arabulucular,<\/li>\n\n\n\n<li>Mali m\u00fc\u015favirler<\/li>\n<\/ul>\n\n\n\n<p><strong>VERB\u0130S kayd\u0131 yapt\u0131rmas\u0131 gerekenler;<\/strong><br>-Y\u0131ll\u0131k \u00c7al\u0131\u015fan Say\u0131s\u0131 50\u2019den fazla olan veri sorumlular\u0131,<br>-Y\u0131ll\u0131k Mali Bilan\u00e7o Toplam\u0131 25 Milyon TL\u2019den fazla olan veri sorumlular\u0131,<br>-Sa\u011fl\u0131k verisi \u00f6zel nitelikli ki\u015fisel veri oldu\u011fundan, Faaliyet Konusu \u00d6zel Nitelikli Ki\u015fisel Veri \u0130\u015flemek oldu\u011fundan;<br><strong>&nbsp;&nbsp;&nbsp;&nbsp;&nbsp;&nbsp;&nbsp;&nbsp;&nbsp; \u2013 Hastaneler<\/strong><br><strong>&nbsp;&nbsp;&nbsp;&nbsp;&nbsp;&nbsp;&nbsp;&nbsp;&nbsp;&nbsp;&nbsp; \u2013 Eczac\u0131lar&nbsp;&nbsp;&nbsp;&nbsp;&nbsp;&nbsp;&nbsp;&nbsp;&nbsp;&nbsp;&nbsp;&nbsp;&nbsp;&nbsp;&nbsp;&nbsp;&nbsp;&nbsp; &nbsp;&nbsp;&nbsp;&nbsp;&nbsp;&nbsp;&nbsp;&nbsp;&nbsp;&nbsp;&nbsp;<\/strong><br><strong>&nbsp;&nbsp;&nbsp;&nbsp;&nbsp;&nbsp;&nbsp;&nbsp;&nbsp;&nbsp;&nbsp; \u2013 Diyetisyenler&nbsp;&nbsp;&nbsp;&nbsp;&nbsp;&nbsp;&nbsp;&nbsp;&nbsp;&nbsp;&nbsp;&nbsp;<\/strong><br><strong>&nbsp;&nbsp;&nbsp;&nbsp;&nbsp;&nbsp;&nbsp;&nbsp;&nbsp;&nbsp;&nbsp; \u2013 \u00d6zel Poliklinikler<\/strong><br><strong>&nbsp;&nbsp;&nbsp;&nbsp;&nbsp;&nbsp;&nbsp;&nbsp;&nbsp;&nbsp;&nbsp; \u2013 Doktor Muayenehaneleri<\/strong><br><strong>&nbsp;&nbsp;&nbsp;&nbsp;&nbsp;&nbsp;&nbsp;&nbsp;&nbsp;&nbsp;&nbsp; \u2013 G\u00fczellik Salonlar\u0131<\/strong><br><strong>&nbsp;&nbsp;&nbsp;&nbsp;&nbsp;&nbsp;&nbsp;&nbsp;&nbsp;&nbsp;&nbsp; \u2013 Di\u015f Hekimleri<\/strong><br><strong>&nbsp;&nbsp;&nbsp;&nbsp;&nbsp;&nbsp;&nbsp;&nbsp;&nbsp;&nbsp;&nbsp; \u2013 Optik\u00e7iler<\/strong><br><strong>&nbsp;&nbsp;&nbsp;&nbsp;&nbsp;&nbsp;&nbsp;&nbsp;&nbsp;&nbsp;&nbsp; \u2013 Fizyoterapi\/ Fizik Tedavi \u0130\u015fletmeleri<\/strong><br><strong>&nbsp;&nbsp;&nbsp;&nbsp;&nbsp;&nbsp;&nbsp;&nbsp;&nbsp;&nbsp;&nbsp; \u2013 Psikologlar<\/strong><\/p>\n\n\n\n<p>VERB\u0130S\u2019e yani Veri Sorumlular\u0131 Sicil Bilgi Sistemi\u2019ne kay\u0131t yapmayan veri sorumlular\u0131n\u0131 ise kanunda belirtildi\u011fi haliyle, 20.000(Yirmi bin) Liradan, 1.000.000(Bir milyon) Liraya kadar ceza Ki\u015fisel Verileri Koruma Kurumu taraf\u0131ndan kesilebilmektedir. Bu ceza miktarlar\u0131 her y\u0131l yeniden de\u011ferleme oran\u0131na g\u00f6re artt\u0131r\u0131ld\u0131\u011f\u0131 i\u00e7in 2020 Y\u0131l\u0131 itibariyle&nbsp;<strong>36.053 TL<\/strong>\u2019den&nbsp;<strong>1.802.626 TL<\/strong>\u2019ye kadar y\u00fckselmi\u015ftir. Ve 2021 y\u0131l\u0131 i\u00e7in \u00fcst s\u0131n\u0131r\u0131n 2.000.000 TL\u2019yi ge\u00e7mesi beklenmektedir.<\/p>\n\n\n\n<p>Kay\u0131t Y\u00fck\u00fcml\u00fcl\u00fckleri Tarihleri<br>Yaz\u0131m\u0131z\u0131 yazd\u0131\u011f\u0131m\u0131z 2020 Aral\u0131k ay\u0131 itibariyle, Y\u0131ll\u0131k \u00c7al\u0131\u015fan Say\u0131s\u0131 50\u2019den fazla olan veya Y\u0131ll\u0131k Mali Bilan\u00e7o Toplam\u0131 25 Milyon TL\u2019den fazla olan Veri sorumlular\u0131 ve Yurt d\u0131\u015f\u0131nda yerle\u015fik veri sorumlular\u0131 i\u00e7in son kay\u0131t tarihi ge\u00e7mi\u015f durumdad\u0131r. Ancak KVK Kurumu d\u00fcnyan\u0131n bulundu\u011fu mevcut pandemi durumu sebebiyle ve de veri sorumlular\u0131n\u0131n ya\u015fad\u0131\u011f\u0131 maddi s\u0131k\u0131nt\u0131lar nedeniyle, yukar\u0131da yaz\u0131l\u0131 cezai i\u015flemlere do\u011frudan ge\u00e7meyip, bizce do\u011fru ve yerinde bir kararla, veri sorumlular\u0131na ihtarla s\u00fcre tan\u0131m\u0131\u015ft\u0131r, yukar\u0131da yaz\u0131l\u0131 ceza miktarlar\u0131n\u0131 uygulamaya ise s\u00fcresi i\u00e7inde kay\u0131t yapmayan veri sorumlular\u0131ndan ba\u015flayacaklard\u0131r.<br>Bunun yan\u0131nda, ana faaliyet konusu \u00f6zel nitelikli ki\u015fisel veri i\u015flemek olan az \u00f6nce sayd\u0131\u011f\u0131m\u0131z,&nbsp;<strong>Eczaneler, hastaneler, diyetisyenler, poliklinikler gibi<\/strong>&nbsp;veri sorumlular\u0131n ise son kay\u0131t tarihi&nbsp;<strong>31.03.2021<\/strong>&nbsp;olarak belirlenmi\u015ftir.<\/p>\n\n\n\n<p>K\u0131z\u0131l Hukuk B\u00fcrosu olarak,<br>KVKK alan\u0131nda; uzman hukuk\u00e7ular\u0131m\u0131z ve bilgisayar m\u00fchendisi i\u015f ortaklar\u0131m\u0131zla, sekt\u00f6rde bir \u00e7ok k\u00f6kl\u00fc ve b\u00fcy\u00fck firmaya, hem VERB\u0130S kayd\u0131, hem KVKK uyum s\u00fcreci hem de ki\u015fisel veriler ile alakal\u0131 do\u011fan Hukuki ve Cezai uyu\u015fmazl\u0131klarda, hizmet vermi\u015f bulunmaktay\u0131z ve bu hizmete devam etmekteyiz. Siz de kendi firman\u0131z\u0131n&nbsp;<strong>KVKK uyum s\u00fcreci ve Verbis Kayd\u0131 konular\u0131nda bize ula\u015fabilirsiniz.<\/strong>&nbsp;\u0130leti\u015fim bilgilerimiz sitemizde mevcuttur.<br><strong>Email&nbsp; &nbsp; &nbsp; &nbsp; &nbsp;:<\/strong>&nbsp;av@denizcankizil.tr<br><strong>GSM&nbsp; &nbsp; &nbsp; &nbsp; &nbsp; &nbsp;:<\/strong>&nbsp;0 850 441 3374<br>(0 542 KIZIL 96)<\/p>\n\n\n\n<p>Web&nbsp; &nbsp; &nbsp; &nbsp; &nbsp; &nbsp; :&nbsp;<a href=\"https:\/\/denizcankizil.tr\/en\/\">www.denizcankizil.tr<\/a><\/p>","protected":false},"excerpt":{"rendered":"<p>6698 Say\u0131l\u0131 Ki\u015fisel Verileri Koruma Kanunu\u2019nun y\u00fcr\u00fcrl\u00fc\u011fe girmesiyle veri sorumlular\u0131na bir \u00e7ok y\u00fck\u00fcml\u00fcl\u00fck getirildi.&nbsp;Veri Sorumlular\u0131, ki\u015fisel verilerin i\u015fleme ama\u00e7lar\u0131n\u0131 ve vas\u0131talar\u0131n\u0131 belirleyen, veri kay\u0131t sisteminin kurulmas\u0131ndan ve y\u00f6netilmesinden sorumlu olan ger\u00e7ek veya t\u00fczel ki\u015fiyi,&nbsp; ifade eder.Kanuni tan\u0131m\u0131 karma\u015f\u0131k gibi g\u00f6r\u00fcnse de pratikte veri sorumlular\u0131na, hastaneler, oteller, muhasebeciler, eczac\u0131lar, kuaf\u00f6rler, g\u00fczellik merkezleri, marketler ve di\u011fer bir \u00e7ok \u00f6rnek verilebilir. Bunun sebebi, ki\u015fisel veri tan\u0131m\u0131d\u0131r. Ki\u015fisel veri, kimli\u011fi belirli veya belirlenebilir ger\u00e7ek ki\u015fiye ili\u015fkin her t\u00fcrl\u00fc bilgiyi ifade eder. Yani bir market\u00e7inin tuttu\u011fu veresiye defteri, veresiye alan\u0131n ismini ve veresiye bor\u00e7 miktar\u0131n\u0131 i\u00e7erdi\u011fi i\u00e7in asl\u0131nda ki\u015fisel veri ihtiva etmektedir ve bu durum market sahibini de veri sorumlusu yapmaktad\u0131r. Kanuni tan\u0131ma g\u00f6re veri sorumlusu olmak olduk\u00e7a basittir. Bu nedenle 6698 Say\u0131l\u0131 Kanunun getirdi\u011fi y\u00fck\u00fcml\u00fcl\u00fckler i\u015fletme sahibi olan herkes i\u00e7in ge\u00e7erlidir.Kanunun uygulama alan\u0131 olduk\u00e7a geni\u015f olsa da Verbis kayd\u0131, kanunun t\u00fcm veri sorumlular\u0131na y\u00fckledi\u011fi bir sorumluluk de\u011fildir. Buna g\u00f6re, VERB\u0130S kayd\u0131 yapt\u0131rmas\u0131 gerekenler;-Y\u0131ll\u0131k \u00c7al\u0131\u015fan Say\u0131s\u0131 50\u2019den fazla olan veri sorumlular\u0131,-Y\u0131ll\u0131k Mali Bilan\u00e7o Toplam\u0131 25 Milyon TL\u2019den fazla olan veri sorumlular\u0131,-Sa\u011fl\u0131k verisi \u00f6zel nitelikli ki\u015fisel veri oldu\u011fundan, Faaliyet Konusu \u00d6zel Nitelikli Ki\u015fisel Veri \u0130\u015flemek oldu\u011fundan;&nbsp;&nbsp;&nbsp;&nbsp;&nbsp;&nbsp;&nbsp;&nbsp;&nbsp; \u2013 Hastaneler&nbsp;&nbsp;&nbsp;&nbsp;&nbsp;&nbsp;&nbsp;&nbsp;&nbsp;&nbsp;&nbsp; \u2013 Eczac\u0131lar&nbsp;&nbsp;&nbsp;&nbsp;&nbsp;&nbsp;&nbsp;&nbsp;&nbsp;&nbsp;&nbsp;&nbsp;&nbsp;&nbsp;&nbsp;&nbsp;&nbsp;&nbsp; &nbsp;&nbsp;&nbsp;&nbsp;&nbsp;&nbsp;&nbsp;&nbsp;&nbsp;&nbsp;&nbsp;&nbsp;&nbsp;&nbsp;&nbsp;&nbsp;&nbsp;&nbsp;&nbsp;&nbsp;&nbsp;&nbsp; \u2013 Diyetisyenler&nbsp;&nbsp;&nbsp;&nbsp;&nbsp;&nbsp;&nbsp;&nbsp;&nbsp;&nbsp;&nbsp;&nbsp;&nbsp;&nbsp;&nbsp;&nbsp;&nbsp;&nbsp;&nbsp;&nbsp;&nbsp;&nbsp;&nbsp; \u2013 \u00d6zel Poliklinikler&nbsp;&nbsp;&nbsp;&nbsp;&nbsp;&nbsp;&nbsp;&nbsp;&nbsp;&nbsp;&nbsp; \u2013 Doktor Muayenehaneleri&nbsp;&nbsp;&nbsp;&nbsp;&nbsp;&nbsp;&nbsp;&nbsp;&nbsp;&nbsp;&nbsp; \u2013 G\u00fczellik Salonlar\u0131&nbsp;&nbsp;&nbsp;&nbsp;&nbsp;&nbsp;&nbsp;&nbsp;&nbsp;&nbsp;&nbsp; \u2013 Di\u015f Hekimleri&nbsp;&nbsp;&nbsp;&nbsp;&nbsp;&nbsp;&nbsp;&nbsp;&nbsp;&nbsp;&nbsp; \u2013 &hellip;<\/p>","protected":false},"author":4,"featured_media":3617,"comment_status":"open","ping_status":"open","sticky":false,"template":"","format":"standard","meta":{"_acf_changed":false,"footnotes":""},"categories":[21],"tags":[1102,82,1101],"class_list":["post-5332","post","type-post","status-publish","format-standard","has-post-thumbnail","hentry","category-makale","tag-kisisel-verilerin-korunmasi-kanunu","tag-kvkk","tag-verbis"],"acf":[],"yoast_head":"<!-- This site is optimized with the Yoast SEO Premium plugin v26.6 (Yoast SEO v27.1.1) - https:\/\/yoast.com\/product\/yoast-seo-premium-wordpress\/ -->\n<title>Ki\u015fisel Verileri Koruma Kanunu Uyar\u0131nca VERB\u0130S&#039;e Kay\u0131t - Av. Deniz Can K\u0131z\u0131l<\/title>\n<meta name=\"robots\" content=\"index, follow, max-snippet:-1, max-image-preview:large, max-video-preview:-1\" \/>\n<link rel=\"canonical\" href=\"https:\/\/denizcankizil.tr\/en\/koseyazilari\/makale\/kisisel-verileri-koruma-kanunu-uyarinca-verbise-kayit\/\" \/>\n<meta property=\"og:locale\" content=\"en_GB\" \/>\n<meta property=\"og:type\" content=\"article\" \/>\n<meta property=\"og:title\" content=\"Ki\u015fisel Verileri Koruma Kanunu Uyar\u0131nca VERB\u0130S&#039;e Kay\u0131t\" \/>\n<meta property=\"og:description\" content=\"6698 Say\u0131l\u0131 Ki\u015fisel Verileri Koruma Kanunu\u2019nun y\u00fcr\u00fcrl\u00fc\u011fe girmesiyle veri sorumlular\u0131na bir \u00e7ok y\u00fck\u00fcml\u00fcl\u00fck getirildi.&nbsp;Veri Sorumlular\u0131, ki\u015fisel verilerin i\u015fleme ama\u00e7lar\u0131n\u0131 ve vas\u0131talar\u0131n\u0131 belirleyen, veri kay\u0131t sisteminin kurulmas\u0131ndan ve y\u00f6netilmesinden sorumlu olan ger\u00e7ek veya t\u00fczel ki\u015fiyi,&nbsp; ifade eder.Kanuni tan\u0131m\u0131 karma\u015f\u0131k gibi g\u00f6r\u00fcnse de pratikte veri sorumlular\u0131na, hastaneler, oteller, muhasebeciler, eczac\u0131lar, kuaf\u00f6rler, g\u00fczellik merkezleri, marketler ve di\u011fer bir \u00e7ok \u00f6rnek verilebilir. Bunun sebebi, ki\u015fisel veri tan\u0131m\u0131d\u0131r. Ki\u015fisel veri, kimli\u011fi belirli veya belirlenebilir ger\u00e7ek ki\u015fiye ili\u015fkin her t\u00fcrl\u00fc bilgiyi ifade eder. Yani bir market\u00e7inin tuttu\u011fu veresiye defteri, veresiye alan\u0131n ismini ve veresiye bor\u00e7 miktar\u0131n\u0131 i\u00e7erdi\u011fi i\u00e7in asl\u0131nda ki\u015fisel veri ihtiva etmektedir ve bu durum market sahibini de veri sorumlusu yapmaktad\u0131r. Kanuni tan\u0131ma g\u00f6re veri sorumlusu olmak olduk\u00e7a basittir. Bu nedenle 6698 Say\u0131l\u0131 Kanunun getirdi\u011fi y\u00fck\u00fcml\u00fcl\u00fckler i\u015fletme sahibi olan herkes i\u00e7in ge\u00e7erlidir.Kanunun uygulama alan\u0131 olduk\u00e7a geni\u015f olsa da Verbis kayd\u0131, kanunun t\u00fcm veri sorumlular\u0131na y\u00fckledi\u011fi bir sorumluluk de\u011fildir. Buna g\u00f6re, VERB\u0130S kayd\u0131 yapt\u0131rmas\u0131 gerekenler;-Y\u0131ll\u0131k \u00c7al\u0131\u015fan Say\u0131s\u0131 50\u2019den fazla olan veri sorumlular\u0131,-Y\u0131ll\u0131k Mali Bilan\u00e7o Toplam\u0131 25 Milyon TL\u2019den fazla olan veri sorumlular\u0131,-Sa\u011fl\u0131k verisi \u00f6zel nitelikli ki\u015fisel veri oldu\u011fundan, Faaliyet Konusu \u00d6zel Nitelikli Ki\u015fisel Veri \u0130\u015flemek oldu\u011fundan;&nbsp;&nbsp;&nbsp;&nbsp;&nbsp;&nbsp;&nbsp;&nbsp;&nbsp; \u2013 Hastaneler&nbsp;&nbsp;&nbsp;&nbsp;&nbsp;&nbsp;&nbsp;&nbsp;&nbsp;&nbsp;&nbsp; \u2013 Eczac\u0131lar&nbsp;&nbsp;&nbsp;&nbsp;&nbsp;&nbsp;&nbsp;&nbsp;&nbsp;&nbsp;&nbsp;&nbsp;&nbsp;&nbsp;&nbsp;&nbsp;&nbsp;&nbsp; &nbsp;&nbsp;&nbsp;&nbsp;&nbsp;&nbsp;&nbsp;&nbsp;&nbsp;&nbsp;&nbsp;&nbsp;&nbsp;&nbsp;&nbsp;&nbsp;&nbsp;&nbsp;&nbsp;&nbsp;&nbsp;&nbsp; \u2013 Diyetisyenler&nbsp;&nbsp;&nbsp;&nbsp;&nbsp;&nbsp;&nbsp;&nbsp;&nbsp;&nbsp;&nbsp;&nbsp;&nbsp;&nbsp;&nbsp;&nbsp;&nbsp;&nbsp;&nbsp;&nbsp;&nbsp;&nbsp;&nbsp; \u2013 \u00d6zel Poliklinikler&nbsp;&nbsp;&nbsp;&nbsp;&nbsp;&nbsp;&nbsp;&nbsp;&nbsp;&nbsp;&nbsp; \u2013 Doktor Muayenehaneleri&nbsp;&nbsp;&nbsp;&nbsp;&nbsp;&nbsp;&nbsp;&nbsp;&nbsp;&nbsp;&nbsp; \u2013 G\u00fczellik Salonlar\u0131&nbsp;&nbsp;&nbsp;&nbsp;&nbsp;&nbsp;&nbsp;&nbsp;&nbsp;&nbsp;&nbsp; \u2013 Di\u015f Hekimleri&nbsp;&nbsp;&nbsp;&nbsp;&nbsp;&nbsp;&nbsp;&nbsp;&nbsp;&nbsp;&nbsp; \u2013 &hellip;\" \/>\n<meta property=\"og:url\" content=\"https:\/\/denizcankizil.tr\/en\/koseyazilari\/makale\/kisisel-verileri-koruma-kanunu-uyarinca-verbise-kayit\/\" \/>\n<meta property=\"og:site_name\" content=\"Av. Deniz Can K\u0131z\u0131l\" \/>\n<meta property=\"article:published_time\" content=\"2024-10-20T12:16:01+00:00\" \/>\n<meta property=\"article:modified_time\" content=\"2024-11-02T10:54:08+00:00\" \/>\n<meta property=\"og:image\" content=\"https:\/\/denizcankizil.tr\/wp-content\/uploads\/2024\/10\/WxWN8-253D.jpg\" \/>\n\t<meta property=\"og:image:width\" content=\"800\" \/>\n\t<meta property=\"og:image:height\" content=\"800\" \/>\n\t<meta property=\"og:image:type\" content=\"image\/jpeg\" \/>\n<meta name=\"author\" content=\"Av. Deniz Can K\u0131z\u0131l\" \/>\n<meta name=\"twitter:card\" content=\"summary_large_image\" \/>\n<meta name=\"twitter:label1\" content=\"Written by\" \/>\n\t<meta name=\"twitter:data1\" content=\"Av. Deniz Can K\u0131z\u0131l\" \/>\n\t<meta name=\"twitter:label2\" content=\"Estimated reading time\" \/>\n\t<meta name=\"twitter:data2\" content=\"4 minutes\" \/>\n<script type=\"application\/ld+json\" class=\"yoast-schema-graph\">{\"@context\":\"https:\/\/schema.org\",\"@graph\":[{\"@type\":\"Article\",\"@id\":\"https:\/\/denizcankizil.tr\/ru\/koseyazilari\/makale\/kisisel-verileri-koruma-kanunu-uyarinca-verbise-kayit\/#article\",\"isPartOf\":{\"@id\":\"https:\/\/denizcankizil.tr\/ru\/koseyazilari\/makale\/kisisel-verileri-koruma-kanunu-uyarinca-verbise-kayit\/\"},\"author\":{\"name\":\"Av. Deniz Can K\u0131z\u0131l\",\"@id\":\"https:\/\/denizcankizil.tr\/de\/#\/schema\/person\/5dc1b22991bd7ac833867c10afc9b0ff\"},\"headline\":\"Ki\u015fisel Verileri Koruma Kanunu Uyar\u0131nca VERB\u0130S&#8217;e Kay\u0131t\",\"datePublished\":\"2024-10-20T12:16:01+00:00\",\"dateModified\":\"2024-11-02T10:54:08+00:00\",\"mainEntityOfPage\":{\"@id\":\"https:\/\/denizcankizil.tr\/ru\/koseyazilari\/makale\/kisisel-verileri-koruma-kanunu-uyarinca-verbise-kayit\/\"},\"wordCount\":902,\"commentCount\":0,\"publisher\":{\"@id\":\"https:\/\/denizcankizil.tr\/de\/#organization\"},\"image\":{\"@id\":\"https:\/\/denizcankizil.tr\/ru\/koseyazilari\/makale\/kisisel-verileri-koruma-kanunu-uyarinca-verbise-kayit\/#primaryimage\"},\"thumbnailUrl\":\"https:\/\/denizcankizil.tr\/wp-content\/uploads\/2024\/10\/WxWN8-253D.jpg\",\"keywords\":[\"ki\u015fisel verilerin korunmas\u0131 kanunu\",\"KVKK\",\"verbis\"],\"articleSection\":[\"Makale\"],\"inLanguage\":\"en-GB\",\"potentialAction\":[{\"@type\":\"CommentAction\",\"name\":\"Comment\",\"target\":[\"https:\/\/denizcankizil.tr\/ru\/koseyazilari\/makale\/kisisel-verileri-koruma-kanunu-uyarinca-verbise-kayit\/#respond\"]}]},{\"@type\":\"WebPage\",\"@id\":\"https:\/\/denizcankizil.tr\/ru\/koseyazilari\/makale\/kisisel-verileri-koruma-kanunu-uyarinca-verbise-kayit\/\",\"url\":\"https:\/\/denizcankizil.tr\/ru\/koseyazilari\/makale\/kisisel-verileri-koruma-kanunu-uyarinca-verbise-kayit\/\",\"name\":\"Ki\u015fisel Verileri Koruma Kanunu Uyar\u0131nca VERB\u0130S'e Kay\u0131t - Av. Deniz Can K\u0131z\u0131l\",\"isPartOf\":{\"@id\":\"https:\/\/denizcankizil.tr\/de\/#website\"},\"primaryImageOfPage\":{\"@id\":\"https:\/\/denizcankizil.tr\/ru\/koseyazilari\/makale\/kisisel-verileri-koruma-kanunu-uyarinca-verbise-kayit\/#primaryimage\"},\"image\":{\"@id\":\"https:\/\/denizcankizil.tr\/ru\/koseyazilari\/makale\/kisisel-verileri-koruma-kanunu-uyarinca-verbise-kayit\/#primaryimage\"},\"thumbnailUrl\":\"https:\/\/denizcankizil.tr\/wp-content\/uploads\/2024\/10\/WxWN8-253D.jpg\",\"datePublished\":\"2024-10-20T12:16:01+00:00\",\"dateModified\":\"2024-11-02T10:54:08+00:00\",\"breadcrumb\":{\"@id\":\"https:\/\/denizcankizil.tr\/ru\/koseyazilari\/makale\/kisisel-verileri-koruma-kanunu-uyarinca-verbise-kayit\/#breadcrumb\"},\"inLanguage\":\"en-GB\",\"potentialAction\":[{\"@type\":\"ReadAction\",\"target\":[\"https:\/\/denizcankizil.tr\/ru\/koseyazilari\/makale\/kisisel-verileri-koruma-kanunu-uyarinca-verbise-kayit\/\"]}]},{\"@type\":\"ImageObject\",\"inLanguage\":\"en-GB\",\"@id\":\"https:\/\/denizcankizil.tr\/ru\/koseyazilari\/makale\/kisisel-verileri-koruma-kanunu-uyarinca-verbise-kayit\/#primaryimage\",\"url\":\"https:\/\/denizcankizil.tr\/wp-content\/uploads\/2024\/10\/WxWN8-253D.jpg\",\"contentUrl\":\"https:\/\/denizcankizil.tr\/wp-content\/uploads\/2024\/10\/WxWN8-253D.jpg\",\"width\":800,\"height\":800},{\"@type\":\"BreadcrumbList\",\"@id\":\"https:\/\/denizcankizil.tr\/ru\/koseyazilari\/makale\/kisisel-verileri-koruma-kanunu-uyarinca-verbise-kayit\/#breadcrumb\",\"itemListElement\":[{\"@type\":\"ListItem\",\"position\":1,\"name\":\"Home\",\"item\":\"https:\/\/denizcankizil.tr\/de\/\"},{\"@type\":\"ListItem\",\"position\":2,\"name\":\"Ki\u015fisel Verileri Koruma Kanunu Uyar\u0131nca VERB\u0130S&#8217;e Kay\u0131t\"}]},{\"@type\":\"WebSite\",\"@id\":\"https:\/\/denizcankizil.tr\/de\/#website\",\"url\":\"https:\/\/denizcankizil.tr\/de\/\",\"name\":\"Av. Deniz Can K\u0131z\u0131l\",\"description\":\"Avukat Deniz Can K\u0131z\u0131l Antalya Barosu\",\"publisher\":{\"@id\":\"https:\/\/denizcankizil.tr\/de\/#organization\"},\"potentialAction\":[{\"@type\":\"SearchAction\",\"target\":{\"@type\":\"EntryPoint\",\"urlTemplate\":\"https:\/\/denizcankizil.tr\/de\/?s={search_term_string}\"},\"query-input\":{\"@type\":\"PropertyValueSpecification\",\"valueRequired\":true,\"valueName\":\"search_term_string\"}}],\"inLanguage\":\"en-GB\"},{\"@type\":\"Organization\",\"@id\":\"https:\/\/denizcankizil.tr\/de\/#organization\",\"name\":\"Av. Deniz Can K\u0131z\u0131l\",\"url\":\"https:\/\/denizcankizil.tr\/de\/\",\"logo\":{\"@type\":\"ImageObject\",\"inLanguage\":\"en-GB\",\"@id\":\"https:\/\/denizcankizil.tr\/de\/#\/schema\/logo\/image\/\",\"url\":\"https:\/\/denizcankizil.tr\/wp-content\/uploads\/2024\/10\/siyah-logo-svg.svg\",\"contentUrl\":\"https:\/\/denizcankizil.tr\/wp-content\/uploads\/2024\/10\/siyah-logo-svg.svg\",\"width\":1080,\"height\":1080,\"caption\":\"Av. Deniz Can K\u0131z\u0131l\"},\"image\":{\"@id\":\"https:\/\/denizcankizil.tr\/de\/#\/schema\/logo\/image\/\"}},{\"@type\":\"Person\",\"@id\":\"https:\/\/denizcankizil.tr\/de\/#\/schema\/person\/5dc1b22991bd7ac833867c10afc9b0ff\",\"name\":\"Av. Deniz Can K\u0131z\u0131l\",\"image\":{\"@type\":\"ImageObject\",\"inLanguage\":\"en-GB\",\"@id\":\"https:\/\/denizcankizil.tr\/de\/#\/schema\/person\/image\/\",\"url\":\"https:\/\/secure.gravatar.com\/avatar\/a0b128fb9855c79efc976d5640eedb31dc35ec297594d6016d2cf7c60e975bb6?s=96&d=mm&r=g\",\"contentUrl\":\"https:\/\/secure.gravatar.com\/avatar\/a0b128fb9855c79efc976d5640eedb31dc35ec297594d6016d2cf7c60e975bb6?s=96&d=mm&r=g\",\"caption\":\"Av. Deniz Can K\u0131z\u0131l\"},\"sameAs\":[\"http:\/\/www.denizcankizil.tr\"],\"url\":\"https:\/\/denizcankizil.tr\/en\/author\/denizcankizil\/\"}]}<\/script>\n<!-- \/ Yoast SEO Premium plugin. -->","yoast_head_json":{"title":"Ki\u015fisel Verileri Koruma Kanunu Uyar\u0131nca VERB\u0130S'e Kay\u0131t - Av. Deniz Can K\u0131z\u0131l","robots":{"index":"index","follow":"follow","max-snippet":"max-snippet:-1","max-image-preview":"max-image-preview:large","max-video-preview":"max-video-preview:-1"},"canonical":"https:\/\/denizcankizil.tr\/en\/koseyazilari\/makale\/kisisel-verileri-koruma-kanunu-uyarinca-verbise-kayit\/","og_locale":"en_GB","og_type":"article","og_title":"Ki\u015fisel Verileri Koruma Kanunu Uyar\u0131nca VERB\u0130S'e Kay\u0131t","og_description":"6698 Say\u0131l\u0131 Ki\u015fisel Verileri Koruma Kanunu\u2019nun y\u00fcr\u00fcrl\u00fc\u011fe girmesiyle veri sorumlular\u0131na bir \u00e7ok y\u00fck\u00fcml\u00fcl\u00fck getirildi.&nbsp;Veri Sorumlular\u0131, ki\u015fisel verilerin i\u015fleme ama\u00e7lar\u0131n\u0131 ve vas\u0131talar\u0131n\u0131 belirleyen, veri kay\u0131t sisteminin kurulmas\u0131ndan ve y\u00f6netilmesinden sorumlu olan ger\u00e7ek veya t\u00fczel ki\u015fiyi,&nbsp; ifade eder.Kanuni tan\u0131m\u0131 karma\u015f\u0131k gibi g\u00f6r\u00fcnse de pratikte veri sorumlular\u0131na, hastaneler, oteller, muhasebeciler, eczac\u0131lar, kuaf\u00f6rler, g\u00fczellik merkezleri, marketler ve di\u011fer bir \u00e7ok \u00f6rnek verilebilir. Bunun sebebi, ki\u015fisel veri tan\u0131m\u0131d\u0131r. Ki\u015fisel veri, kimli\u011fi belirli veya belirlenebilir ger\u00e7ek ki\u015fiye ili\u015fkin her t\u00fcrl\u00fc bilgiyi ifade eder. Yani bir market\u00e7inin tuttu\u011fu veresiye defteri, veresiye alan\u0131n ismini ve veresiye bor\u00e7 miktar\u0131n\u0131 i\u00e7erdi\u011fi i\u00e7in asl\u0131nda ki\u015fisel veri ihtiva etmektedir ve bu durum market sahibini de veri sorumlusu yapmaktad\u0131r. Kanuni tan\u0131ma g\u00f6re veri sorumlusu olmak olduk\u00e7a basittir. Bu nedenle 6698 Say\u0131l\u0131 Kanunun getirdi\u011fi y\u00fck\u00fcml\u00fcl\u00fckler i\u015fletme sahibi olan herkes i\u00e7in ge\u00e7erlidir.Kanunun uygulama alan\u0131 olduk\u00e7a geni\u015f olsa da Verbis kayd\u0131, kanunun t\u00fcm veri sorumlular\u0131na y\u00fckledi\u011fi bir sorumluluk de\u011fildir. Buna g\u00f6re, VERB\u0130S kayd\u0131 yapt\u0131rmas\u0131 gerekenler;-Y\u0131ll\u0131k \u00c7al\u0131\u015fan Say\u0131s\u0131 50\u2019den fazla olan veri sorumlular\u0131,-Y\u0131ll\u0131k Mali Bilan\u00e7o Toplam\u0131 25 Milyon TL\u2019den fazla olan veri sorumlular\u0131,-Sa\u011fl\u0131k verisi \u00f6zel nitelikli ki\u015fisel veri oldu\u011fundan, Faaliyet Konusu \u00d6zel Nitelikli Ki\u015fisel Veri \u0130\u015flemek oldu\u011fundan;&nbsp;&nbsp;&nbsp;&nbsp;&nbsp;&nbsp;&nbsp;&nbsp;&nbsp; \u2013 Hastaneler&nbsp;&nbsp;&nbsp;&nbsp;&nbsp;&nbsp;&nbsp;&nbsp;&nbsp;&nbsp;&nbsp; \u2013 Eczac\u0131lar&nbsp;&nbsp;&nbsp;&nbsp;&nbsp;&nbsp;&nbsp;&nbsp;&nbsp;&nbsp;&nbsp;&nbsp;&nbsp;&nbsp;&nbsp;&nbsp;&nbsp;&nbsp; &nbsp;&nbsp;&nbsp;&nbsp;&nbsp;&nbsp;&nbsp;&nbsp;&nbsp;&nbsp;&nbsp;&nbsp;&nbsp;&nbsp;&nbsp;&nbsp;&nbsp;&nbsp;&nbsp;&nbsp;&nbsp;&nbsp; \u2013 Diyetisyenler&nbsp;&nbsp;&nbsp;&nbsp;&nbsp;&nbsp;&nbsp;&nbsp;&nbsp;&nbsp;&nbsp;&nbsp;&nbsp;&nbsp;&nbsp;&nbsp;&nbsp;&nbsp;&nbsp;&nbsp;&nbsp;&nbsp;&nbsp; \u2013 \u00d6zel Poliklinikler&nbsp;&nbsp;&nbsp;&nbsp;&nbsp;&nbsp;&nbsp;&nbsp;&nbsp;&nbsp;&nbsp; \u2013 Doktor Muayenehaneleri&nbsp;&nbsp;&nbsp;&nbsp;&nbsp;&nbsp;&nbsp;&nbsp;&nbsp;&nbsp;&nbsp; \u2013 G\u00fczellik Salonlar\u0131&nbsp;&nbsp;&nbsp;&nbsp;&nbsp;&nbsp;&nbsp;&nbsp;&nbsp;&nbsp;&nbsp; \u2013 Di\u015f Hekimleri&nbsp;&nbsp;&nbsp;&nbsp;&nbsp;&nbsp;&nbsp;&nbsp;&nbsp;&nbsp;&nbsp; \u2013 &hellip;","og_url":"https:\/\/denizcankizil.tr\/en\/koseyazilari\/makale\/kisisel-verileri-koruma-kanunu-uyarinca-verbise-kayit\/","og_site_name":"Av. Deniz Can K\u0131z\u0131l","article_published_time":"2024-10-20T12:16:01+00:00","article_modified_time":"2024-11-02T10:54:08+00:00","og_image":[{"width":800,"height":800,"url":"https:\/\/denizcankizil.tr\/wp-content\/uploads\/2024\/10\/WxWN8-253D.jpg","type":"image\/jpeg"}],"author":"Av. Deniz Can K\u0131z\u0131l","twitter_card":"summary_large_image","twitter_misc":{"Written by":"Av. Deniz Can K\u0131z\u0131l","Estimated reading time":"4 minutes"},"schema":{"@context":"https:\/\/schema.org","@graph":[{"@type":"Article","@id":"https:\/\/denizcankizil.tr\/ru\/koseyazilari\/makale\/kisisel-verileri-koruma-kanunu-uyarinca-verbise-kayit\/#article","isPartOf":{"@id":"https:\/\/denizcankizil.tr\/ru\/koseyazilari\/makale\/kisisel-verileri-koruma-kanunu-uyarinca-verbise-kayit\/"},"author":{"name":"Av. Deniz Can K\u0131z\u0131l","@id":"https:\/\/denizcankizil.tr\/de\/#\/schema\/person\/5dc1b22991bd7ac833867c10afc9b0ff"},"headline":"Ki\u015fisel Verileri Koruma Kanunu Uyar\u0131nca VERB\u0130S&#8217;e Kay\u0131t","datePublished":"2024-10-20T12:16:01+00:00","dateModified":"2024-11-02T10:54:08+00:00","mainEntityOfPage":{"@id":"https:\/\/denizcankizil.tr\/ru\/koseyazilari\/makale\/kisisel-verileri-koruma-kanunu-uyarinca-verbise-kayit\/"},"wordCount":902,"commentCount":0,"publisher":{"@id":"https:\/\/denizcankizil.tr\/de\/#organization"},"image":{"@id":"https:\/\/denizcankizil.tr\/ru\/koseyazilari\/makale\/kisisel-verileri-koruma-kanunu-uyarinca-verbise-kayit\/#primaryimage"},"thumbnailUrl":"https:\/\/denizcankizil.tr\/wp-content\/uploads\/2024\/10\/WxWN8-253D.jpg","keywords":["ki\u015fisel verilerin korunmas\u0131 kanunu","KVKK","verbis"],"articleSection":["Makale"],"inLanguage":"en-GB","potentialAction":[{"@type":"CommentAction","name":"Comment","target":["https:\/\/denizcankizil.tr\/ru\/koseyazilari\/makale\/kisisel-verileri-koruma-kanunu-uyarinca-verbise-kayit\/#respond"]}]},{"@type":"WebPage","@id":"https:\/\/denizcankizil.tr\/ru\/koseyazilari\/makale\/kisisel-verileri-koruma-kanunu-uyarinca-verbise-kayit\/","url":"https:\/\/denizcankizil.tr\/ru\/koseyazilari\/makale\/kisisel-verileri-koruma-kanunu-uyarinca-verbise-kayit\/","name":"Ki\u015fisel Verileri Koruma Kanunu Uyar\u0131nca VERB\u0130S'e Kay\u0131t - Av. Deniz Can K\u0131z\u0131l","isPartOf":{"@id":"https:\/\/denizcankizil.tr\/de\/#website"},"primaryImageOfPage":{"@id":"https:\/\/denizcankizil.tr\/ru\/koseyazilari\/makale\/kisisel-verileri-koruma-kanunu-uyarinca-verbise-kayit\/#primaryimage"},"image":{"@id":"https:\/\/denizcankizil.tr\/ru\/koseyazilari\/makale\/kisisel-verileri-koruma-kanunu-uyarinca-verbise-kayit\/#primaryimage"},"thumbnailUrl":"https:\/\/denizcankizil.tr\/wp-content\/uploads\/2024\/10\/WxWN8-253D.jpg","datePublished":"2024-10-20T12:16:01+00:00","dateModified":"2024-11-02T10:54:08+00:00","breadcrumb":{"@id":"https:\/\/denizcankizil.tr\/ru\/koseyazilari\/makale\/kisisel-verileri-koruma-kanunu-uyarinca-verbise-kayit\/#breadcrumb"},"inLanguage":"en-GB","potentialAction":[{"@type":"ReadAction","target":["https:\/\/denizcankizil.tr\/ru\/koseyazilari\/makale\/kisisel-verileri-koruma-kanunu-uyarinca-verbise-kayit\/"]}]},{"@type":"ImageObject","inLanguage":"en-GB","@id":"https:\/\/denizcankizil.tr\/ru\/koseyazilari\/makale\/kisisel-verileri-koruma-kanunu-uyarinca-verbise-kayit\/#primaryimage","url":"https:\/\/denizcankizil.tr\/wp-content\/uploads\/2024\/10\/WxWN8-253D.jpg","contentUrl":"https:\/\/denizcankizil.tr\/wp-content\/uploads\/2024\/10\/WxWN8-253D.jpg","width":800,"height":800},{"@type":"BreadcrumbList","@id":"https:\/\/denizcankizil.tr\/ru\/koseyazilari\/makale\/kisisel-verileri-koruma-kanunu-uyarinca-verbise-kayit\/#breadcrumb","itemListElement":[{"@type":"ListItem","position":1,"name":"Home","item":"https:\/\/denizcankizil.tr\/de\/"},{"@type":"ListItem","position":2,"name":"Ki\u015fisel Verileri Koruma Kanunu Uyar\u0131nca VERB\u0130S&#8217;e Kay\u0131t"}]},{"@type":"WebSite","@id":"https:\/\/denizcankizil.tr\/de\/#website","url":"https:\/\/denizcankizil.tr\/de\/","name":"Av. Deniz Can K\u0131z\u0131l","description":"Avukat Deniz Can K\u0131z\u0131l Antalya Barosu","publisher":{"@id":"https:\/\/denizcankizil.tr\/de\/#organization"},"potentialAction":[{"@type":"SearchAction","target":{"@type":"EntryPoint","urlTemplate":"https:\/\/denizcankizil.tr\/de\/?s={search_term_string}"},"query-input":{"@type":"PropertyValueSpecification","valueRequired":true,"valueName":"search_term_string"}}],"inLanguage":"en-GB"},{"@type":"Organization","@id":"https:\/\/denizcankizil.tr\/de\/#organization","name":"Av. Deniz Can K\u0131z\u0131l","url":"https:\/\/denizcankizil.tr\/de\/","logo":{"@type":"ImageObject","inLanguage":"en-GB","@id":"https:\/\/denizcankizil.tr\/de\/#\/schema\/logo\/image\/","url":"https:\/\/denizcankizil.tr\/wp-content\/uploads\/2024\/10\/siyah-logo-svg.svg","contentUrl":"https:\/\/denizcankizil.tr\/wp-content\/uploads\/2024\/10\/siyah-logo-svg.svg","width":1080,"height":1080,"caption":"Av. Deniz Can K\u0131z\u0131l"},"image":{"@id":"https:\/\/denizcankizil.tr\/de\/#\/schema\/logo\/image\/"}},{"@type":"Person","@id":"https:\/\/denizcankizil.tr\/de\/#\/schema\/person\/5dc1b22991bd7ac833867c10afc9b0ff","name":"Av. Deniz Can K\u0131z\u0131l","image":{"@type":"ImageObject","inLanguage":"en-GB","@id":"https:\/\/denizcankizil.tr\/de\/#\/schema\/person\/image\/","url":"https:\/\/secure.gravatar.com\/avatar\/a0b128fb9855c79efc976d5640eedb31dc35ec297594d6016d2cf7c60e975bb6?s=96&d=mm&r=g","contentUrl":"https:\/\/secure.gravatar.com\/avatar\/a0b128fb9855c79efc976d5640eedb31dc35ec297594d6016d2cf7c60e975bb6?s=96&d=mm&r=g","caption":"Av. Deniz Can K\u0131z\u0131l"},"sameAs":["http:\/\/www.denizcankizil.tr"],"url":"https:\/\/denizcankizil.tr\/en\/author\/denizcankizil\/"}]}},"_links":{"self":[{"href":"https:\/\/denizcankizil.tr\/en\/wp-json\/wp\/v2\/posts\/5332","targetHints":{"allow":["GET"]}}],"collection":[{"href":"https:\/\/denizcankizil.tr\/en\/wp-json\/wp\/v2\/posts"}],"about":[{"href":"https:\/\/denizcankizil.tr\/en\/wp-json\/wp\/v2\/types\/post"}],"author":[{"embeddable":true,"href":"https:\/\/denizcankizil.tr\/en\/wp-json\/wp\/v2\/users\/4"}],"replies":[{"embeddable":true,"href":"https:\/\/denizcankizil.tr\/en\/wp-json\/wp\/v2\/comments?post=5332"}],"version-history":[{"count":3,"href":"https:\/\/denizcankizil.tr\/en\/wp-json\/wp\/v2\/posts\/5332\/revisions"}],"predecessor-version":[{"id":11489,"href":"https:\/\/denizcankizil.tr\/en\/wp-json\/wp\/v2\/posts\/5332\/revisions\/11489"}],"wp:featuredmedia":[{"embeddable":true,"href":"https:\/\/denizcankizil.tr\/en\/wp-json\/wp\/v2\/media\/3617"}],"wp:attachment":[{"href":"https:\/\/denizcankizil.tr\/en\/wp-json\/wp\/v2\/media?parent=5332"}],"wp:term":[{"taxonomy":"category","embeddable":true,"href":"https:\/\/denizcankizil.tr\/en\/wp-json\/wp\/v2\/categories?post=5332"},{"taxonomy":"post_tag","embeddable":true,"href":"https:\/\/denizcankizil.tr\/en\/wp-json\/wp\/v2\/tags?post=5332"}],"curies":[{"name":"wp","href":"https:\/\/api.w.org\/{rel}","templated":true}]}}