{"id":52725,"date":"2025-04-11T18:41:57","date_gmt":"2025-04-11T15:41:57","guid":{"rendered":"https:\/\/denizcankizil.tr\/uncategorized-tr\/kadinlar-siddete-karsi-artik-yeter-diye-haykirdi\/"},"modified":"2025-04-11T18:41:57","modified_gmt":"2025-04-11T15:41:57","slug":"kadinlar-siddete-karsi-artik-yeter-diye-haykirdi","status":"publish","type":"post","link":"https:\/\/denizcankizil.tr\/en\/haberler\/gundem\/kadinlar-siddete-karsi-artik-yeter-diye-haykirdi\/","title":{"rendered":"Kad\u0131nlar, \u2018\u015eiddete kar\u015f\u0131 art\u0131k yeter!\u2019 diye hayk\u0131rd\u0131"},"content":{"rendered":"<p>Havuzlu \u00c7ar\u015f\u0131\u2019da yo\u011fun kat\u0131l\u0131mla ger\u00e7ekle\u015fen etkinlikte d\u00f6vizler ta\u015f\u0131yan kad\u0131nlar, bas\u0131n a\u00e7\u0131klamas\u0131 yapt\u0131 ve ard\u0131ndan oturma eylemi d\u00fczenledi. Kat\u0131l\u0131mc\u0131lar, \u201cArt\u0131k yeter! Kad\u0131na y\u00f6nelik \u015fiddet dursun\u201d \u00e7a\u011fr\u0131s\u0131nda bulundu.<\/p>\n<p>\u0130skenderun Kad\u0131n Platformu ad\u0131na bas\u0131n a\u00e7\u0131klamas\u0131n\u0131 okuyan Filiz Aratemur, kad\u0131na y\u00f6nelik \u015fiddetin yaln\u0131zca bireysel de\u011fil, ayn\u0131 zamanda sistematik ve politik bir mesele oldu\u011funu vurgulad\u0131. Aratemur, sava\u015f b\u00f6lgelerinde ve T\u00fcrkiye\u2019de artan \u015fiddet olaylar\u0131na dikkat \u00e7ekerek, kad\u0131nlara y\u00f6nelik bask\u0131, taciz ve i\u015fkencelerin s\u00fcrd\u00fc\u011f\u00fcn\u00fc ifade etti.<\/p>\n<p>\u00a0<\/p>\n<p>&#8220;BU \u015e\u0130DDET\u0130 TANIYORUZ!&#8221;<\/p>\n<p>Filiz Aratemur \u201cArt\u0131k yeter! Kad\u0131na y\u00f6nelik \u015fiddet dursun. Sava\u015f\u0131n mazeret olarak g\u00f6sterilip \u015fiddetin me\u015frula\u015ft\u0131r\u0131ld\u0131\u011f\u0131 Filistin ve Suriye\u2019den sonra, \u00fclkemizde de sokak eylemleri sonras\u0131nda kad\u0131na y\u00f6nelik \u015fiddet artt\u0131\u201d dedi.<\/p>\n<p>Aratemur, BBC kaynakl\u0131 haberlerden \u00f6rnekler vererek, Suriye\u2019nin Lazkiye ve Tartus gibi b\u00f6lgelerinde ya\u015fanan toplu katliamlar ve kad\u0131n ka\u00e7\u0131rma olaylar\u0131n\u0131n d\u00fcnya kamuoyunun g\u00f6z\u00fc \u00f6n\u00fcnde ya\u015fand\u0131\u011f\u0131n\u0131 dile getirdi.<\/p>\n<p>T\u00fcrkiye&#8217;de de protestolara kat\u0131lan kad\u0131nlar\u0131n karakollarda, cezaevlerinde k\u00f6t\u00fc muameleye maruz kald\u0131\u011f\u0131n\u0131 belirten Aratemur, \u201cBu \u015fiddeti tan\u0131yoruz. Anayasan\u0131n 17. maddesinde d\u00fczenlenen i\u015fkence ve k\u00f6t\u00fc muamele yasa\u011f\u0131na ra\u011fmen kad\u0131nlar ve LGBT\u0130+ bireyler \u015fiddete u\u011framaya devam ediyor. Biz kad\u0131nlar \u00fclkenin d\u00f6rt bir yan\u0131ndan \u2018Art\u0131k yeter\u2019 diyoruz\u201d diye konu\u015ftu.<\/p>\n<p>\u00a0<\/p>\n<p>\u201c\u00dc\u00c7 AYDA 98 KADIN \u00d6LD\u00dcR\u00dcLD\u00dc\u201d<\/p>\n<p>Aratemur, 2025 y\u0131l\u0131n\u0131n ilk \u00fc\u00e7 ay\u0131nda erkekler taraf\u0131ndan 98 kad\u0131n\u0131n \u00f6ld\u00fcr\u00fcld\u00fc\u011f\u00fcn\u00fc, bu cinayetlerin 71\u2019inin kesin olarak kad\u0131n cinayeti oldu\u011funu, 27\u2019sinin ise \u015f\u00fcpheli \u00f6l\u00fcm olarak kay\u0131tlara ge\u00e7ti\u011fini aktard\u0131. \u0130skenderun\u2019da son y\u0131llarda ya\u015fanan kad\u0131n cinayetlerine dikkat \u00e7eken Aratemur, Esra Yal\u00e7\u0131n, Selin \u00c7ulha, Selma Abac\u0131, Nazl\u0131 Karakoyun ve Manal K\u0131y\u0131l\u0131\u2019n\u0131n ard\u0131ndan 9 Mart\u2019ta Kepez\u2019de Halit Can Sakman taraf\u0131ndan \u00f6ld\u00fcr\u00fclen Sevcan Demir cinayetini hat\u0131rlatt\u0131.<\/p>\n<p>Sevcan Demir\u2019in vah\u015fice katledildi\u011fini belirten Aratemur, failin savunmas\u0131n\u0131n ki\u015filik bozuklu\u011fu ve me\u015fru m\u00fcdafaa \u00fczerinden me\u015frula\u015ft\u0131r\u0131lmaya \u00e7al\u0131\u015f\u0131ld\u0131\u011f\u0131n\u0131 ifade eden Aratemur, \u201cGer\u00e7ek adalet ger\u00e7ekle\u015fene kadar olay\u0131n takip\u00e7isi olaca\u011f\u0131z,\u201d dedi.<\/p>\n<p>\u00a0<\/p>\n<p>\u201cS\u00d6Z\u00dcM\u00dcZDEN, SOKA\u011eIMIZDAN, <\/p>\n<p>\u00d6FKEM\u0130ZDEN VAZGE\u00c7M\u0130YORUZ\u201d<\/p>\n<p>Kad\u0131n Platformu \u00fcyeleri, oturma eylemi ger\u00e7ekle\u015ftirerek kad\u0131na y\u00f6nelik \u015fiddete kar\u015f\u0131 m\u00fccadelelerini s\u00fcrd\u00fcreceklerini vurgulayarak \u015funlar\u0131 s\u00f6yledi: \u201cHer ne sebeple olursa olsun me\u015frula\u015ft\u0131r\u0131lmaya \u00e7al\u0131\u015f\u0131lan kad\u0131n katliamlar\u0131na isyan\u0131m\u0131zla buraday\u0131z. Erkek devlet \u015fiddetine kar\u015f\u0131 sesimizi her yerde y\u00fckseltece\u011fiz. Bedenimizden, soka\u011f\u0131m\u0131zdan, s\u00f6z\u00fcm\u00fczden, \u00f6fkemizden vazge\u00e7miyoruz\u201d<\/p>\n<p>\u200bHatay\u2019\u0131n \u0130skenderun il\u00e7esinde, Kad\u0131n Platformu \u00f6nc\u00fcl\u00fc\u011f\u00fcnde d\u00fczenlenen etkinlikte \u015fiddet ma\u011fduru kad\u0131nlar\u0131n yak\u0131nlar\u0131 ad\u0131na bas\u0131n a\u00e7\u0131klamas\u0131 yap\u0131larak \u2018kad\u0131na y\u00f6nelik \u015fiddete kar\u015f\u0131\u2019 seslerini y\u00fckseltti.\u00a0<\/p>\n<p>\u200bHaberin Al\u0131nt\u0131land\u0131\u011f\u0131 Kaynak: www.iskenderun.org<\/p>","protected":false},"excerpt":{"rendered":"<p>Havuzlu \u00c7ar\u015f\u0131\u2019da yo\u011fun kat\u0131l\u0131mla ger\u00e7ekle\u015fen etkinlikte d\u00f6vizler ta\u015f\u0131yan kad\u0131nlar, bas\u0131n a\u00e7\u0131klamas\u0131 yapt\u0131 ve ard\u0131ndan oturma eylemi d\u00fczenledi. Kat\u0131l\u0131mc\u0131lar, \u201cArt\u0131k yeter! Kad\u0131na y\u00f6nelik \u015fiddet dursun\u201d \u00e7a\u011fr\u0131s\u0131nda bulundu. \u0130skenderun Kad\u0131n Platformu ad\u0131na bas\u0131n a\u00e7\u0131klamas\u0131n\u0131 okuyan Filiz Aratemur, kad\u0131na y\u00f6nelik \u015fiddetin yaln\u0131zca bireysel de\u011fil, ayn\u0131 zamanda sistematik ve politik bir mesele oldu\u011funu vurgulad\u0131. Aratemur, sava\u015f b\u00f6lgelerinde ve T\u00fcrkiye\u2019de artan \u015fiddet olaylar\u0131na dikkat \u00e7ekerek, kad\u0131nlara y\u00f6nelik bask\u0131, taciz ve i\u015fkencelerin s\u00fcrd\u00fc\u011f\u00fcn\u00fc ifade etti. \u00a0 &#8220;BU \u015e\u0130DDET\u0130 TANIYORUZ!&#8221; Filiz Aratemur \u201cArt\u0131k yeter! Kad\u0131na y\u00f6nelik \u015fiddet dursun. Sava\u015f\u0131n mazeret olarak g\u00f6sterilip \u015fiddetin me\u015frula\u015ft\u0131r\u0131ld\u0131\u011f\u0131 Filistin ve Suriye\u2019den sonra, \u00fclkemizde de sokak eylemleri sonras\u0131nda kad\u0131na y\u00f6nelik \u015fiddet artt\u0131\u201d dedi. Aratemur, BBC kaynakl\u0131 haberlerden \u00f6rnekler vererek, Suriye\u2019nin Lazkiye ve Tartus gibi b\u00f6lgelerinde ya\u015fanan toplu katliamlar ve kad\u0131n ka\u00e7\u0131rma olaylar\u0131n\u0131n d\u00fcnya kamuoyunun g\u00f6z\u00fc \u00f6n\u00fcnde ya\u015fand\u0131\u011f\u0131n\u0131 dile getirdi. T\u00fcrkiye&#8217;de de protestolara kat\u0131lan kad\u0131nlar\u0131n karakollarda, cezaevlerinde k\u00f6t\u00fc muameleye maruz kald\u0131\u011f\u0131n\u0131 belirten Aratemur, \u201cBu \u015fiddeti tan\u0131yoruz. Anayasan\u0131n 17. maddesinde d\u00fczenlenen i\u015fkence ve k\u00f6t\u00fc muamele yasa\u011f\u0131na ra\u011fmen kad\u0131nlar ve LGBT\u0130+ bireyler \u015fiddete u\u011framaya devam ediyor. Biz kad\u0131nlar \u00fclkenin d\u00f6rt bir yan\u0131ndan \u2018Art\u0131k yeter\u2019 diyoruz\u201d diye konu\u015ftu. \u00a0 \u201c\u00dc\u00c7 AYDA 98 KADIN \u00d6LD\u00dcR\u00dcLD\u00dc\u201d Aratemur, 2025 y\u0131l\u0131n\u0131n ilk \u00fc\u00e7 ay\u0131nda erkekler taraf\u0131ndan 98 kad\u0131n\u0131n \u00f6ld\u00fcr\u00fcld\u00fc\u011f\u00fcn\u00fc, bu cinayetlerin 71\u2019inin kesin olarak kad\u0131n cinayeti oldu\u011funu, 27\u2019sinin ise \u015f\u00fcpheli &hellip;<\/p>","protected":false},"author":1,"featured_media":0,"comment_status":"","ping_status":"open","sticky":false,"template":"","format":"standard","meta":{"_acf_changed":false,"footnotes":""},"categories":[24],"tags":[],"class_list":["post-52725","post","type-post","status-publish","format-standard","has-post-thumbnail","hentry","category-gundem"],"acf":[],"yoast_head":"<!-- This site is optimized with the Yoast SEO Premium plugin v26.6 (Yoast SEO v27.1.1) - https:\/\/yoast.com\/product\/yoast-seo-premium-wordpress\/ -->\n<title>Kad\u0131nlar, \u2018\u015eiddete kar\u015f\u0131 art\u0131k yeter!\u2019 diye hayk\u0131rd\u0131 - Av. Deniz Can K\u0131z\u0131l<\/title>\n<meta name=\"robots\" content=\"index, follow, max-snippet:-1, max-image-preview:large, max-video-preview:-1\" \/>\n<link rel=\"canonical\" href=\"https:\/\/denizcankizil.tr\/en\/haberler\/gundem\/kadinlar-siddete-karsi-artik-yeter-diye-haykirdi\/\" \/>\n<meta property=\"og:locale\" content=\"en_GB\" \/>\n<meta property=\"og:type\" content=\"article\" \/>\n<meta property=\"og:title\" content=\"Kad\u0131nlar, \u2018\u015eiddete kar\u015f\u0131 art\u0131k yeter!\u2019 diye hayk\u0131rd\u0131\" \/>\n<meta property=\"og:description\" content=\"Havuzlu \u00c7ar\u015f\u0131\u2019da yo\u011fun kat\u0131l\u0131mla ger\u00e7ekle\u015fen etkinlikte d\u00f6vizler ta\u015f\u0131yan kad\u0131nlar, bas\u0131n a\u00e7\u0131klamas\u0131 yapt\u0131 ve ard\u0131ndan oturma eylemi d\u00fczenledi. Kat\u0131l\u0131mc\u0131lar, \u201cArt\u0131k yeter! Kad\u0131na y\u00f6nelik \u015fiddet dursun\u201d \u00e7a\u011fr\u0131s\u0131nda bulundu. \u0130skenderun Kad\u0131n Platformu ad\u0131na bas\u0131n a\u00e7\u0131klamas\u0131n\u0131 okuyan Filiz Aratemur, kad\u0131na y\u00f6nelik \u015fiddetin yaln\u0131zca bireysel de\u011fil, ayn\u0131 zamanda sistematik ve politik bir mesele oldu\u011funu vurgulad\u0131. Aratemur, sava\u015f b\u00f6lgelerinde ve T\u00fcrkiye\u2019de artan \u015fiddet olaylar\u0131na dikkat \u00e7ekerek, kad\u0131nlara y\u00f6nelik bask\u0131, taciz ve i\u015fkencelerin s\u00fcrd\u00fc\u011f\u00fcn\u00fc ifade etti. \u00a0 &#8220;BU \u015e\u0130DDET\u0130 TANIYORUZ!&#8221; Filiz Aratemur \u201cArt\u0131k yeter! Kad\u0131na y\u00f6nelik \u015fiddet dursun. Sava\u015f\u0131n mazeret olarak g\u00f6sterilip \u015fiddetin me\u015frula\u015ft\u0131r\u0131ld\u0131\u011f\u0131 Filistin ve Suriye\u2019den sonra, \u00fclkemizde de sokak eylemleri sonras\u0131nda kad\u0131na y\u00f6nelik \u015fiddet artt\u0131\u201d dedi. Aratemur, BBC kaynakl\u0131 haberlerden \u00f6rnekler vererek, Suriye\u2019nin Lazkiye ve Tartus gibi b\u00f6lgelerinde ya\u015fanan toplu katliamlar ve kad\u0131n ka\u00e7\u0131rma olaylar\u0131n\u0131n d\u00fcnya kamuoyunun g\u00f6z\u00fc \u00f6n\u00fcnde ya\u015fand\u0131\u011f\u0131n\u0131 dile getirdi. T\u00fcrkiye&#8217;de de protestolara kat\u0131lan kad\u0131nlar\u0131n karakollarda, cezaevlerinde k\u00f6t\u00fc muameleye maruz kald\u0131\u011f\u0131n\u0131 belirten Aratemur, \u201cBu \u015fiddeti tan\u0131yoruz. Anayasan\u0131n 17. maddesinde d\u00fczenlenen i\u015fkence ve k\u00f6t\u00fc muamele yasa\u011f\u0131na ra\u011fmen kad\u0131nlar ve LGBT\u0130+ bireyler \u015fiddete u\u011framaya devam ediyor. Biz kad\u0131nlar \u00fclkenin d\u00f6rt bir yan\u0131ndan \u2018Art\u0131k yeter\u2019 diyoruz\u201d diye konu\u015ftu. \u00a0 \u201c\u00dc\u00c7 AYDA 98 KADIN \u00d6LD\u00dcR\u00dcLD\u00dc\u201d Aratemur, 2025 y\u0131l\u0131n\u0131n ilk \u00fc\u00e7 ay\u0131nda erkekler taraf\u0131ndan 98 kad\u0131n\u0131n \u00f6ld\u00fcr\u00fcld\u00fc\u011f\u00fcn\u00fc, bu cinayetlerin 71\u2019inin kesin olarak kad\u0131n cinayeti oldu\u011funu, 27\u2019sinin ise \u015f\u00fcpheli &hellip;\" \/>\n<meta property=\"og:url\" content=\"https:\/\/denizcankizil.tr\/en\/haberler\/gundem\/kadinlar-siddete-karsi-artik-yeter-diye-haykirdi\/\" \/>\n<meta property=\"og:site_name\" content=\"Av. Deniz Can K\u0131z\u0131l\" \/>\n<meta property=\"article:published_time\" content=\"2025-04-11T15:41:57+00:00\" \/>\n<meta name=\"author\" content=\"admin\" \/>\n<meta name=\"twitter:card\" content=\"summary_large_image\" \/>\n<meta name=\"twitter:label1\" content=\"Written by\" \/>\n\t<meta name=\"twitter:data1\" content=\"admin\" \/>\n\t<meta name=\"twitter:label2\" content=\"Estimated reading time\" \/>\n\t<meta name=\"twitter:data2\" content=\"3 minutes\" \/>\n<script type=\"application\/ld+json\" class=\"yoast-schema-graph\">{\"@context\":\"https:\/\/schema.org\",\"@graph\":[{\"@type\":\"Article\",\"@id\":\"https:\/\/denizcankizil.tr\/ru\/haberler\/gundem\/kadinlar-siddete-karsi-artik-yeter-diye-haykirdi\/#article\",\"isPartOf\":{\"@id\":\"https:\/\/denizcankizil.tr\/ru\/haberler\/gundem\/kadinlar-siddete-karsi-artik-yeter-diye-haykirdi\/\"},\"author\":{\"name\":\"admin\",\"@id\":\"https:\/\/denizcankizil.tr\/de\/#\/schema\/person\/be3c05fe6a12686905512445d8185489\"},\"headline\":\"Kad\u0131nlar, \u2018\u015eiddete kar\u015f\u0131 art\u0131k yeter!\u2019 diye hayk\u0131rd\u0131\",\"datePublished\":\"2025-04-11T15:41:57+00:00\",\"mainEntityOfPage\":{\"@id\":\"https:\/\/denizcankizil.tr\/ru\/haberler\/gundem\/kadinlar-siddete-karsi-artik-yeter-diye-haykirdi\/\"},\"wordCount\":532,\"publisher\":{\"@id\":\"https:\/\/denizcankizil.tr\/de\/#organization\"},\"articleSection\":[\"G\u00fcndem\"],\"inLanguage\":\"en-GB\"},{\"@type\":\"WebPage\",\"@id\":\"https:\/\/denizcankizil.tr\/ru\/haberler\/gundem\/kadinlar-siddete-karsi-artik-yeter-diye-haykirdi\/\",\"url\":\"https:\/\/denizcankizil.tr\/ru\/haberler\/gundem\/kadinlar-siddete-karsi-artik-yeter-diye-haykirdi\/\",\"name\":\"Kad\u0131nlar, \u2018\u015eiddete kar\u015f\u0131 art\u0131k yeter!\u2019 diye hayk\u0131rd\u0131 - Av. Deniz Can K\u0131z\u0131l\",\"isPartOf\":{\"@id\":\"https:\/\/denizcankizil.tr\/de\/#website\"},\"datePublished\":\"2025-04-11T15:41:57+00:00\",\"breadcrumb\":{\"@id\":\"https:\/\/denizcankizil.tr\/ru\/haberler\/gundem\/kadinlar-siddete-karsi-artik-yeter-diye-haykirdi\/#breadcrumb\"},\"inLanguage\":\"en-GB\",\"potentialAction\":[{\"@type\":\"ReadAction\",\"target\":[\"https:\/\/denizcankizil.tr\/ru\/haberler\/gundem\/kadinlar-siddete-karsi-artik-yeter-diye-haykirdi\/\"]}]},{\"@type\":\"BreadcrumbList\",\"@id\":\"https:\/\/denizcankizil.tr\/ru\/haberler\/gundem\/kadinlar-siddete-karsi-artik-yeter-diye-haykirdi\/#breadcrumb\",\"itemListElement\":[{\"@type\":\"ListItem\",\"position\":1,\"name\":\"Home\",\"item\":\"https:\/\/denizcankizil.tr\/de\/\"},{\"@type\":\"ListItem\",\"position\":2,\"name\":\"Kad\u0131nlar, \u2018\u015eiddete kar\u015f\u0131 art\u0131k yeter!\u2019 diye hayk\u0131rd\u0131\"}]},{\"@type\":\"WebSite\",\"@id\":\"https:\/\/denizcankizil.tr\/de\/#website\",\"url\":\"https:\/\/denizcankizil.tr\/de\/\",\"name\":\"Av. Deniz Can K\u0131z\u0131l\",\"description\":\"Avukat Deniz Can K\u0131z\u0131l Antalya Barosu\",\"publisher\":{\"@id\":\"https:\/\/denizcankizil.tr\/de\/#organization\"},\"potentialAction\":[{\"@type\":\"SearchAction\",\"target\":{\"@type\":\"EntryPoint\",\"urlTemplate\":\"https:\/\/denizcankizil.tr\/de\/?s={search_term_string}\"},\"query-input\":{\"@type\":\"PropertyValueSpecification\",\"valueRequired\":true,\"valueName\":\"search_term_string\"}}],\"inLanguage\":\"en-GB\"},{\"@type\":\"Organization\",\"@id\":\"https:\/\/denizcankizil.tr\/de\/#organization\",\"name\":\"Av. Deniz Can K\u0131z\u0131l\",\"url\":\"https:\/\/denizcankizil.tr\/de\/\",\"logo\":{\"@type\":\"ImageObject\",\"inLanguage\":\"en-GB\",\"@id\":\"https:\/\/denizcankizil.tr\/de\/#\/schema\/logo\/image\/\",\"url\":\"https:\/\/denizcankizil.tr\/wp-content\/uploads\/2024\/10\/siyah-logo-svg.svg\",\"contentUrl\":\"https:\/\/denizcankizil.tr\/wp-content\/uploads\/2024\/10\/siyah-logo-svg.svg\",\"width\":1080,\"height\":1080,\"caption\":\"Av. Deniz Can K\u0131z\u0131l\"},\"image\":{\"@id\":\"https:\/\/denizcankizil.tr\/de\/#\/schema\/logo\/image\/\"}},{\"@type\":\"Person\",\"@id\":\"https:\/\/denizcankizil.tr\/de\/#\/schema\/person\/be3c05fe6a12686905512445d8185489\",\"name\":\"admin\",\"image\":{\"@type\":\"ImageObject\",\"inLanguage\":\"en-GB\",\"@id\":\"https:\/\/denizcankizil.tr\/de\/#\/schema\/person\/image\/\",\"url\":\"https:\/\/secure.gravatar.com\/avatar\/c1fce94c830dc79107e174f890d7210541c4a63e8e5d816341794a2151c9d58c?s=96&d=mm&r=g\",\"contentUrl\":\"https:\/\/secure.gravatar.com\/avatar\/c1fce94c830dc79107e174f890d7210541c4a63e8e5d816341794a2151c9d58c?s=96&d=mm&r=g\",\"caption\":\"admin\"},\"sameAs\":[\"http:\/\/denizcankizil.tr\"],\"url\":\"https:\/\/www.iskenderun.org\/kadinlar-siddete-karsi-artik-yeter-diye-haykirdi\"}]}<\/script>\n<!-- \/ Yoast SEO Premium plugin. -->","yoast_head_json":{"title":"Kad\u0131nlar, \u2018\u015eiddete kar\u015f\u0131 art\u0131k yeter!\u2019 diye hayk\u0131rd\u0131 - Av. Deniz Can K\u0131z\u0131l","robots":{"index":"index","follow":"follow","max-snippet":"max-snippet:-1","max-image-preview":"max-image-preview:large","max-video-preview":"max-video-preview:-1"},"canonical":"https:\/\/denizcankizil.tr\/en\/haberler\/gundem\/kadinlar-siddete-karsi-artik-yeter-diye-haykirdi\/","og_locale":"en_GB","og_type":"article","og_title":"Kad\u0131nlar, \u2018\u015eiddete kar\u015f\u0131 art\u0131k yeter!\u2019 diye hayk\u0131rd\u0131","og_description":"Havuzlu \u00c7ar\u015f\u0131\u2019da yo\u011fun kat\u0131l\u0131mla ger\u00e7ekle\u015fen etkinlikte d\u00f6vizler ta\u015f\u0131yan kad\u0131nlar, bas\u0131n a\u00e7\u0131klamas\u0131 yapt\u0131 ve ard\u0131ndan oturma eylemi d\u00fczenledi. Kat\u0131l\u0131mc\u0131lar, \u201cArt\u0131k yeter! Kad\u0131na y\u00f6nelik \u015fiddet dursun\u201d \u00e7a\u011fr\u0131s\u0131nda bulundu. \u0130skenderun Kad\u0131n Platformu ad\u0131na bas\u0131n a\u00e7\u0131klamas\u0131n\u0131 okuyan Filiz Aratemur, kad\u0131na y\u00f6nelik \u015fiddetin yaln\u0131zca bireysel de\u011fil, ayn\u0131 zamanda sistematik ve politik bir mesele oldu\u011funu vurgulad\u0131. Aratemur, sava\u015f b\u00f6lgelerinde ve T\u00fcrkiye\u2019de artan \u015fiddet olaylar\u0131na dikkat \u00e7ekerek, kad\u0131nlara y\u00f6nelik bask\u0131, taciz ve i\u015fkencelerin s\u00fcrd\u00fc\u011f\u00fcn\u00fc ifade etti. \u00a0 &#8220;BU \u015e\u0130DDET\u0130 TANIYORUZ!&#8221; Filiz Aratemur \u201cArt\u0131k yeter! Kad\u0131na y\u00f6nelik \u015fiddet dursun. Sava\u015f\u0131n mazeret olarak g\u00f6sterilip \u015fiddetin me\u015frula\u015ft\u0131r\u0131ld\u0131\u011f\u0131 Filistin ve Suriye\u2019den sonra, \u00fclkemizde de sokak eylemleri sonras\u0131nda kad\u0131na y\u00f6nelik \u015fiddet artt\u0131\u201d dedi. Aratemur, BBC kaynakl\u0131 haberlerden \u00f6rnekler vererek, Suriye\u2019nin Lazkiye ve Tartus gibi b\u00f6lgelerinde ya\u015fanan toplu katliamlar ve kad\u0131n ka\u00e7\u0131rma olaylar\u0131n\u0131n d\u00fcnya kamuoyunun g\u00f6z\u00fc \u00f6n\u00fcnde ya\u015fand\u0131\u011f\u0131n\u0131 dile getirdi. T\u00fcrkiye&#8217;de de protestolara kat\u0131lan kad\u0131nlar\u0131n karakollarda, cezaevlerinde k\u00f6t\u00fc muameleye maruz kald\u0131\u011f\u0131n\u0131 belirten Aratemur, \u201cBu \u015fiddeti tan\u0131yoruz. Anayasan\u0131n 17. maddesinde d\u00fczenlenen i\u015fkence ve k\u00f6t\u00fc muamele yasa\u011f\u0131na ra\u011fmen kad\u0131nlar ve LGBT\u0130+ bireyler \u015fiddete u\u011framaya devam ediyor. Biz kad\u0131nlar \u00fclkenin d\u00f6rt bir yan\u0131ndan \u2018Art\u0131k yeter\u2019 diyoruz\u201d diye konu\u015ftu. \u00a0 \u201c\u00dc\u00c7 AYDA 98 KADIN \u00d6LD\u00dcR\u00dcLD\u00dc\u201d Aratemur, 2025 y\u0131l\u0131n\u0131n ilk \u00fc\u00e7 ay\u0131nda erkekler taraf\u0131ndan 98 kad\u0131n\u0131n \u00f6ld\u00fcr\u00fcld\u00fc\u011f\u00fcn\u00fc, bu cinayetlerin 71\u2019inin kesin olarak kad\u0131n cinayeti oldu\u011funu, 27\u2019sinin ise \u015f\u00fcpheli &hellip;","og_url":"https:\/\/denizcankizil.tr\/en\/haberler\/gundem\/kadinlar-siddete-karsi-artik-yeter-diye-haykirdi\/","og_site_name":"Av. Deniz Can K\u0131z\u0131l","article_published_time":"2025-04-11T15:41:57+00:00","author":"admin","twitter_card":"summary_large_image","twitter_misc":{"Written by":"admin","Estimated reading time":"3 minutes"},"schema":{"@context":"https:\/\/schema.org","@graph":[{"@type":"Article","@id":"https:\/\/denizcankizil.tr\/ru\/haberler\/gundem\/kadinlar-siddete-karsi-artik-yeter-diye-haykirdi\/#article","isPartOf":{"@id":"https:\/\/denizcankizil.tr\/ru\/haberler\/gundem\/kadinlar-siddete-karsi-artik-yeter-diye-haykirdi\/"},"author":{"name":"admin","@id":"https:\/\/denizcankizil.tr\/de\/#\/schema\/person\/be3c05fe6a12686905512445d8185489"},"headline":"Kad\u0131nlar, \u2018\u015eiddete kar\u015f\u0131 art\u0131k yeter!\u2019 diye hayk\u0131rd\u0131","datePublished":"2025-04-11T15:41:57+00:00","mainEntityOfPage":{"@id":"https:\/\/denizcankizil.tr\/ru\/haberler\/gundem\/kadinlar-siddete-karsi-artik-yeter-diye-haykirdi\/"},"wordCount":532,"publisher":{"@id":"https:\/\/denizcankizil.tr\/de\/#organization"},"articleSection":["G\u00fcndem"],"inLanguage":"en-GB"},{"@type":"WebPage","@id":"https:\/\/denizcankizil.tr\/ru\/haberler\/gundem\/kadinlar-siddete-karsi-artik-yeter-diye-haykirdi\/","url":"https:\/\/denizcankizil.tr\/ru\/haberler\/gundem\/kadinlar-siddete-karsi-artik-yeter-diye-haykirdi\/","name":"Kad\u0131nlar, \u2018\u015eiddete kar\u015f\u0131 art\u0131k yeter!\u2019 diye hayk\u0131rd\u0131 - Av. Deniz Can K\u0131z\u0131l","isPartOf":{"@id":"https:\/\/denizcankizil.tr\/de\/#website"},"datePublished":"2025-04-11T15:41:57+00:00","breadcrumb":{"@id":"https:\/\/denizcankizil.tr\/ru\/haberler\/gundem\/kadinlar-siddete-karsi-artik-yeter-diye-haykirdi\/#breadcrumb"},"inLanguage":"en-GB","potentialAction":[{"@type":"ReadAction","target":["https:\/\/denizcankizil.tr\/ru\/haberler\/gundem\/kadinlar-siddete-karsi-artik-yeter-diye-haykirdi\/"]}]},{"@type":"BreadcrumbList","@id":"https:\/\/denizcankizil.tr\/ru\/haberler\/gundem\/kadinlar-siddete-karsi-artik-yeter-diye-haykirdi\/#breadcrumb","itemListElement":[{"@type":"ListItem","position":1,"name":"Home","item":"https:\/\/denizcankizil.tr\/de\/"},{"@type":"ListItem","position":2,"name":"Kad\u0131nlar, \u2018\u015eiddete kar\u015f\u0131 art\u0131k yeter!\u2019 diye hayk\u0131rd\u0131"}]},{"@type":"WebSite","@id":"https:\/\/denizcankizil.tr\/de\/#website","url":"https:\/\/denizcankizil.tr\/de\/","name":"Av. Deniz Can K\u0131z\u0131l","description":"Avukat Deniz Can K\u0131z\u0131l Antalya Barosu","publisher":{"@id":"https:\/\/denizcankizil.tr\/de\/#organization"},"potentialAction":[{"@type":"SearchAction","target":{"@type":"EntryPoint","urlTemplate":"https:\/\/denizcankizil.tr\/de\/?s={search_term_string}"},"query-input":{"@type":"PropertyValueSpecification","valueRequired":true,"valueName":"search_term_string"}}],"inLanguage":"en-GB"},{"@type":"Organization","@id":"https:\/\/denizcankizil.tr\/de\/#organization","name":"Av. Deniz Can K\u0131z\u0131l","url":"https:\/\/denizcankizil.tr\/de\/","logo":{"@type":"ImageObject","inLanguage":"en-GB","@id":"https:\/\/denizcankizil.tr\/de\/#\/schema\/logo\/image\/","url":"https:\/\/denizcankizil.tr\/wp-content\/uploads\/2024\/10\/siyah-logo-svg.svg","contentUrl":"https:\/\/denizcankizil.tr\/wp-content\/uploads\/2024\/10\/siyah-logo-svg.svg","width":1080,"height":1080,"caption":"Av. Deniz Can K\u0131z\u0131l"},"image":{"@id":"https:\/\/denizcankizil.tr\/de\/#\/schema\/logo\/image\/"}},{"@type":"Person","@id":"https:\/\/denizcankizil.tr\/de\/#\/schema\/person\/be3c05fe6a12686905512445d8185489","name":"admin","image":{"@type":"ImageObject","inLanguage":"en-GB","@id":"https:\/\/denizcankizil.tr\/de\/#\/schema\/person\/image\/","url":"https:\/\/secure.gravatar.com\/avatar\/c1fce94c830dc79107e174f890d7210541c4a63e8e5d816341794a2151c9d58c?s=96&d=mm&r=g","contentUrl":"https:\/\/secure.gravatar.com\/avatar\/c1fce94c830dc79107e174f890d7210541c4a63e8e5d816341794a2151c9d58c?s=96&d=mm&r=g","caption":"admin"},"sameAs":["http:\/\/denizcankizil.tr"],"url":"https:\/\/www.iskenderun.org\/kadinlar-siddete-karsi-artik-yeter-diye-haykirdi"}]}},"_links":{"self":[{"href":"https:\/\/denizcankizil.tr\/en\/wp-json\/wp\/v2\/posts\/52725","targetHints":{"allow":["GET"]}}],"collection":[{"href":"https:\/\/denizcankizil.tr\/en\/wp-json\/wp\/v2\/posts"}],"about":[{"href":"https:\/\/denizcankizil.tr\/en\/wp-json\/wp\/v2\/types\/post"}],"author":[{"embeddable":true,"href":"https:\/\/denizcankizil.tr\/en\/wp-json\/wp\/v2\/users\/1"}],"replies":[{"embeddable":true,"href":"https:\/\/denizcankizil.tr\/en\/wp-json\/wp\/v2\/comments?post=52725"}],"version-history":[{"count":0,"href":"https:\/\/denizcankizil.tr\/en\/wp-json\/wp\/v2\/posts\/52725\/revisions"}],"wp:attachment":[{"href":"https:\/\/denizcankizil.tr\/en\/wp-json\/wp\/v2\/media?parent=52725"}],"wp:term":[{"taxonomy":"category","embeddable":true,"href":"https:\/\/denizcankizil.tr\/en\/wp-json\/wp\/v2\/categories?post=52725"},{"taxonomy":"post_tag","embeddable":true,"href":"https:\/\/denizcankizil.tr\/en\/wp-json\/wp\/v2\/tags?post=52725"}],"curies":[{"name":"wp","href":"https:\/\/api.w.org\/{rel}","templated":true}]}}