{"id":5271,"date":"2024-10-20T14:24:58","date_gmt":"2024-10-20T11:24:58","guid":{"rendered":"https:\/\/denizcankizil.tr\/uncategorized-tr\/konyaalti-ve-muratpasada-icra-cek-ve-senet-hukuku\/"},"modified":"2024-10-20T14:25:48","modified_gmt":"2024-10-20T11:25:48","slug":"konyaalti-ve-muratpasada-icra-cek-ve-senet-hukuku","status":"publish","type":"post","link":"https:\/\/denizcankizil.tr\/en\/seo\/konyaalti-ve-muratpasada-icra-cek-ve-senet-hukuku\/","title":{"rendered":"Konyaalt\u0131 ve Muratpa\u015fa&#8217;da \u0130cra, \u00c7ek ve Senet Hukuku"},"content":{"rendered":"<p><strong>Entrance<\/strong><\/p>\n<p>T\u00fcrkiye&#8217;de bor\u00e7 ili\u015fkilerinin ve ticari i\u015flemlerin d\u00fczenlenmesinde icra, \u00e7ek ve senet hukuku kritik bir rol oynamaktad\u0131r. Bu hukuk dal\u0131, alacakl\u0131lar\u0131n haklar\u0131n\u0131 korumak ve bor\u00e7lular\u0131n y\u00fck\u00fcml\u00fcl\u00fcklerini yerine getirmelerini sa\u011flamak amac\u0131 ta\u015f\u0131r. \u00d6zellikle Antalya&#8217;n\u0131n Konyaalt\u0131 ve Muratpa\u015fa il\u00e7eleri, yo\u011fun ticari faaliyetlerin bulundu\u011fu b\u00f6lgeler olarak dikkat \u00e7ekmekte olup, bu nedenle icra hukuku uygulamalar\u0131n\u0131n incelenmesi a\u00e7\u0131s\u0131ndan \u00f6nemli \u00f6rnekler sunmaktad\u0131r. Bu makalede, s\u00f6z konusu b\u00f6lgelerdeki icra hukuku uygulamalar\u0131 ile \u00e7ek ve senet i\u015flemlerinin yasal \u00e7er\u00e7evesi detayl\u0131 bir \u015fekilde ele al\u0131nacakt\u0131r. Ayr\u0131ca b\u00f6lgedeki mahkemelerin i\u015fleyi\u015f bi\u00e7imi, uygulay\u0131c\u0131lar aras\u0131ndaki farkl\u0131l\u0131klar ve ortak sorunlar\u0131n tespiti \u00fczerine bir de\u011ferlendirme yap\u0131lacakt\u0131r. B\u00f6ylece Konyaalt\u0131 ve Muratpa\u015fa\u2019daki hukuki pratiklerin anla\u015f\u0131lmas\u0131na katk\u0131da bulunarak yerel ekonomik dinamikler ile hukuk aras\u0131ndaki etkile\u015fim hakk\u0131nda daha kapsaml\u0131 bir bak\u0131\u015f a\u00e7\u0131s\u0131 kazand\u0131r\u0131lmas\u0131 hedeflenmektedir.<br \/><img decoding=\"async\" class=\"kimage_class lazyload\" data-src=\"https:\/\/denizcankizil.tr\/wp-content\/uploads\/2024\/10\/bJieI-253D.jpg\" alt=\"Konyaalt\u0131 ve Muratpa\u015fada \u0130cra Hukukunun Temel \u0130lkeleri ve Uygulama Alanlar\u0131\" src=\"data:image\/svg+xml;base64,PHN2ZyB3aWR0aD0iMSIgaGVpZ2h0PSIxIiB4bWxucz0iaHR0cDovL3d3dy53My5vcmcvMjAwMC9zdmciPjwvc3ZnPg==\"><\/p>\n<h2 id=\"konyaalti-ve-muratpasada-icra-hukukunun-temel-ilkeleri-ve-uygulama-alanlari\">Konyaalt\u0131 ve Muratpa\u015fada \u0130cra Hukukunun Temel Prensipleri Ve Uygulama Alanlar\u0131<\/h2>\n<p>\u0130cra hukuku, alacakl\u0131 ile bor\u00e7lu aras\u0131ndaki ili\u015fkilerin d\u00fczenlenmesinde b\u00fcy\u00fck \u00f6nem ta\u015f\u0131maktad\u0131r. <strong>Konyaalt\u0131<\/strong> ve <strong>Muratpa\u015fa<\/strong> b\u00f6lgelerinde icra hukukunu etkin bir \u015fekilde uygulamak i\u00e7in do\u011fru bilgiye sahip olmak gerekmektedir. Bu ba\u011flamda icra hukuku; alacaklar\u0131n tahsil edilmesi i\u00e7in ba\u015fvurulan yasal yollar aras\u0131nda yer almakta olup s\u00fcrecin nas\u0131l i\u015fledi\u011fi konusunda taraflar\u0131n bilgi sahibi olmas\u0131 hayati \u00f6neme sahiptir. \u0130cra takibi s\u00fcreci, \u00f6denmemi\u015f bor\u00e7lar\u0131n tahsilini sa\u011flarken alacakl\u0131lar\u0131n haklar\u0131n\u0131 koruma ad\u0131na belirli a\u015famalardan ge\u00e7mektedir.<\/p>\n<p>Muratpa\u015fa ile Konyaalt\u0131&#8217;nda y\u00fcr\u00fct\u00fclen icra hukukunun temel prensipleri aras\u0131nda <strong>hukukun \u00fcst\u00fcnl\u00fc\u011f\u00fc<\/strong>, <strong>e\u015fitlik ilkesi<\/strong>, <strong>hukuki g\u00fcvenlik<\/strong> gibi unsurlar bulunmaktad\u0131r. Bu ilkeler, adil bir icra s\u00fcrecinin y\u00fcr\u00fct\u00fclmesi i\u00e7in gerekli zeminleri olu\u015fturur. \u0130cra takibinin ba\u015flat\u0131lmas\u0131; mahkemeye ba\u015fvuru yapma s\u00fcre\u00e7leri; itiraz s\u00fcrelerinin takip edilmesi gibi a\u015famalar titizlikle izlenmelidir. \u00d6zellikle icra mahkemelerine yap\u0131lacak ba\u015fvurular\u0131n zaman\u0131nda ger\u00e7ekle\u015ftirilmesi i\u015flemlerin sa\u011fl\u0131kl\u0131 ilerlemesi a\u00e7\u0131s\u0131ndan kritik \u00f6neme sahiptir.<\/p>\n<p>Ayr\u0131ca uygulama alanlar\u0131 bak\u0131m\u0131ndan incelendi\u011finde; icra hukuku \u00f6zellikle \u00e7ekler ile senetlerle ilgili bir\u00e7ok durumu kapsamaktad\u0131r. <strong>\u00c7ekler <\/strong>ve<strong > senetler <\/strong>, ticari i\u015flemler i\u00e7erisinde s\u0131k\u00e7a kullan\u0131lan de\u011ferli evraklar olarak bu alan\u0131n \u00f6nemli bile\u015fenlerini olu\u015fturur. Bu belgelerin i\u015fleme al\u0131nmas\u0131 s\u0131ras\u0131nda dikkat edilmesi gereken baz\u0131 hususlar mevcuttur. Bunun yan\u0131 s\u0131ra bor\u00e7luya tebli\u011f edilen icra bildirimleri; <strong>icra mahkemeleri <\/strong>; \u00a0ve<strong >icra memurlar\u0131 <\/strong> arac\u0131l\u0131\u011f\u0131yla s\u00fcre\u00e7lerin nas\u0131l y\u00fcr\u00fct\u00fcld\u00fc\u011f\u00fc de taraflar\u0131n haklar\u0131 a\u00e7\u0131s\u0131ndan b\u00fcy\u00fck \u00f6nem arz etmektedir . \u0130\u015fte bu noktada uzman avukatlardan destek almak , s\u00fcrecin daha verimli ilerlemesini sa\u011flayabilir.<\/p>\n<p><img decoding=\"async\" class=\"kimage_class lazyload\" data-src=\"https:\/\/denizcankizil.tr\/wp-content\/uploads\/2024\/10\/2JauI-253D.jpg\" alt=\"\u00c7ek Ve Senet Hukuku: Yasal D\u00fczenlemeler Ve Uygulamadaki Zorluklar\" src=\"data:image\/svg+xml;base64,PHN2ZyB3aWR0aD0iMSIgaGVpZ2h0PSIxIiB4bWxucz0iaHR0cDovL3d3dy53My5vcmcvMjAwMC9zdmciPjwvc3ZnPg==\"><\/p>\n<h2 id=\"cek-ve-senet-hukuku-kanuni-duzenlemeler-ve-uygulamadaki-zorluklar\">\u00c7ek Ve Senet Hukuku: Yasal D\u00fczenlemeler Ve Kar\u015f\u0131la\u015f\u0131lan Zorluklar<\/h2>\n<p>\n\u00c7ekler \u00a0ve senetlerle ilgili olan hukuk dal\u0131 , ticari ya\u015famda s\u0131k\u00e7a kar\u015f\u0131la\u015f\u0131lan durumlarla doludur .<\/p>\n<h1>T\u00fcrkiye&#8217;de \u00c7ek ve Senet Hukuku: Mevcut Durum ve Geli\u015fim \u00d6nerileri<\/h1>\n<p>\u00c7ekler ve senetler, T\u00fcrkiye&#8217;deki ticari ili\u015fkilerin d\u00fczenlenmesinde merkezi bir rol \u00fcstlenmektedir. \u00dclkemizdeki <strong>hukuki d\u00fczenlemeler<\/strong>, bu finansal ara\u00e7lar\u0131n yasal stat\u00fcs\u00fcn\u00fc belirleyerek icra s\u00fcre\u00e7lerinde nas\u0131l kullan\u0131laca\u011f\u0131n\u0131 netle\u015ftirmektedir. 6102 say\u0131l\u0131 T\u00fcrk Ticaret Kanunu ile 5941 say\u0131l\u0131 \u00c7ek Kanunu, bu alandaki temel yasal \u00e7er\u00e7eveleri olu\u015fturmaktad\u0131r. Bu yasalar, \u00e7ek ve senet sahiplerinin haklar\u0131n\u0131 koruma amac\u0131 ta\u015f\u0131rken, uygulamada baz\u0131 zorluklarla da kar\u015f\u0131la\u015f\u0131lmaktad\u0131r.<\/p>\n<p>Pratikte, \u00e7eklerin tahsilat\u0131 s\u0131ras\u0131nda s\u0131k\u00e7a ya\u015fanan sorunlar alacakl\u0131lar\u0131n haklar\u0131n\u0131n yeterince korunamamas\u0131yla sonu\u00e7lanmaktad\u0131r. \u00d6rne\u011fin, \u00e7eklerin zaman\u0131nda ibraz edilmemesi veya senetlerin \u00f6denmemesi gibi durumlar alacakl\u0131lar i\u00e7in \u00f6nemli maddi kay\u0131plara yol a\u00e7abilmektedir. Ayr\u0131ca, <strong>icra s\u00fcreci<\/strong> boyunca gerekli belgelerin temin edilmesi ve itiraz s\u00fcreleri gibi a\u015famalar da hukuki zorluklar\u0131 beraberinde getirmektedir. Alacakl\u0131lar\u0131n bor\u00e7lular aleyhine i\u015flem yapabilmeleri i\u00e7in yasal gereklilikleri eksiksiz yerine getirmeleri b\u00fcy\u00fck \u00f6nem ta\u015f\u0131maktad\u0131r.<\/p>\n<h2>Hukukun Modernizasyonu: Yeni D\u00fczenlemelere \u0130htiya\u00e7 Var<\/h2>\n<p>\u00c7ek ve senet hukukundaki mevcut zorluklar\u0131n \u00fcstesinden gelebilmek i\u00e7in hukukun modern ihtiya\u00e7lara uygun olarak yeniden yap\u0131land\u0131r\u0131lmas\u0131 gerekmektedir. Yap\u0131lacak yenilik\u00e7i de\u011fi\u015fiklikler; ticari i\u015flemlerin h\u0131zlanmas\u0131 ve g\u00fcvenilirli\u011finin art\u0131r\u0131lmas\u0131 a\u00e7\u0131s\u0131ndan son derece faydal\u0131 olacakt\u0131r. Bunun yan\u0131 s\u0131ra ilgili taraflar\u0131n <strong>E\u011fitim ve Bilin\u00e7lendirme<\/strong> s\u00fcre\u00e7lerine dahil edilmesi de hukukun etkin bir \u015fekilde uygulanmas\u0131na katk\u0131da bulunacakt\u0131r. Bu ba\u011flamda g\u00fcncel e\u011fitim programlar\u0131 ile seminerlerin d\u00fczenlenmesi; hem alacakl\u0131lar\u0131n hem de bor\u00e7lular\u0131n haklar\u0131n\u0131 daha iyi anlamalar\u0131na yard\u0131mc\u0131 olabilir.<\/p>\n<p><img decoding=\"async\" class=\"kimage_class lazyload\" data-src=\"https:\/\/denizcankizil.tr\/wp-content\/uploads\/2024\/10\/3637-types-of-cases-handled-by-real-estate-attorneys-in-antalya.jpg\" alt=\"Konyaalt\u0131 Ve Muratpa\u015fa'da \u0130cra S\u00fcre\u00e7lerinde Kar\u015f\u0131la\u015f\u0131lan Sorunlar\" src=\"data:image\/svg+xml;base64,PHN2ZyB3aWR0aD0iMSIgaGVpZ2h0PSIxIiB4bWxucz0iaHR0cDovL3d3dy53My5vcmcvMjAwMC9zdmciPjwvc3ZnPg==\"><\/p>\n<h2 id=\"konyaalti-ve-muratpasada-icra-sureclerindeki-zorluklar-ve-cozum-onerileri\">Konyaalt\u0131 Ve Muratpa\u015fa&#8217;da \u0130cra S\u00fcre\u00e7lerinde Ya\u015fanan Zorluklar Ve \u00c7\u00f6z\u00fcm Yollar\u0131<\/h2>\n<div class=\"post-content\">\n<p>K\u00fcresel ekonomik dalgalanmalarla birlikte Konyaalt\u0131 ve Muratpa\u015fa b\u00f6lgelerinde icra s\u00fcre\u00e7lerinde ya\u015fanan sorunlar daha belirgin hale gelmi\u015ftir. Bu durum bor\u00e7lularla alacakl\u0131lar aras\u0131nda ciddi \u00e7at\u0131\u015fmalara yol a\u00e7makta olup \u00e7o\u011fu zaman mahkeme s\u00fcre\u00e7lerinin uzamas\u0131na neden olmaktad\u0131r. Belirsizlikler, <strong>hukuki s\u00fcre\u00e7lerin karma\u015f\u0131kl\u0131\u011f\u0131<\/strong>, ayr\u0131ca yetersiz <a href=\"https:\/\/denizcankizil.tr\/en\/seo\/ceza-avukati-hangi-davalara-bakar-antalyadaki-adliyeler-ve-ceza-mahkemeleri-listesi\/\" title=\"Ceza Avukat\u0131 Hangi Davalara Bakar? Antalya&#039;daki adliyeler\">hukuki dan\u0131\u015fmanl\u0131k hizmetleri<\/a>, bu sorunlar\u0131n ba\u015f\u0131nda gelmektedir.<\/p>\n<p>Ayr\u0131ca icra mahkemelerinin yo\u011funlu\u011fu i\u015flem s\u00fcrelerini uzatarak alacakl\u0131lar\u0131n haklar\u0131na ula\u015fmalar\u0131n\u0131 geciktirmektedir. Bor\u00e7lular\u0131n haklar\u0131n\u0131n korunmas\u0131 a\u00e7\u0131s\u0131ndan ise bu s\u00fcre\u00e7lerde \u015feffafl\u0131k \u00f6nemli bir konu haline gelmi\u015ftir. Sorunlarla ba\u015f edebilmek ad\u0131na \u015fu<strong> \u00e7\u00f6z\u00fcm \u00f6nerileri <\/strong>dikkate al\u0131nmal\u0131d\u0131r:<\/p>\n<ul>\n<li>B\u00fcrokratik engellerin azalt\u0131larak hukuki s\u00fcre\u00e7lerin h\u0131zland\u0131r\u0131lmas\u0131.<\/li>\n<li>Taraflara alternatif uyu\u015fmazl\u0131k \u00e7\u00f6z\u00fcm yollar\u0131n\u0131n sunulmas\u0131.<\/li>\n<li>Eri\u015fim kolayl\u0131\u011f\u0131 sa\u011flamak amac\u0131yla hukuki dan\u0131\u015fmanl\u0131k hizmetlerinin art\u0131r\u0131lmas\u0131.<\/li>\n<\/ul>\n<p>S\u00f6z konusu sorunlar\u0131n \u00e7\u00f6z\u00fclmesi; hem ticari faaliyetlerin sa\u011fl\u0131kl\u0131 ilerlemesini hem de sosyal bar\u0131\u015f\u0131n tesisini sa\u011flamak a\u00e7\u0131s\u0131ndan kritik \u00f6neme sahiptir.<\/p>\n<\/div>\n<div>\n<p>Muratpa\u015fa&#8217;daki icra s\u00fcre\u00e7lerinde adaletin sa\u011flanabilmesi i\u00e7in yerel y\u00f6netimlerin ve hukuk b\u00fcrolar\u0131n\u0131n i\u015fbirli\u011fi i\u00e7inde hareket etmesi elzemdir. Ayr\u0131ca, toplumu bu s\u00fcre\u00e7ler hakk\u0131nda bilgilendirerek hukuki fark\u0131ndal\u0131k olu\u015fturmak da \u00f6nemli bir ad\u0131md\u0131r. A\u015fa\u011f\u0131da, b\u00f6lgedeki icra ve iflas s\u00fcre\u00e7lerinde kar\u015f\u0131la\u015f\u0131lan temel sorunlar ile \u00f6nerilen \u00e7\u00f6z\u00fcmler \u00f6zetlenmi\u015ftir:<\/p>\n<table class=\"wp-block-table\">\n<thead>\n<tr>\n<th>Sorunlar<\/th>\n<th>Solution Suggestions<\/th>\n<\/tr>\n<\/thead>\n<tbody>\n<tr>\n<td>Belirsizlikler<\/td>\n<td>Hukuki s\u00fcre\u00e7lerin netle\u015ftirilmesi<\/td>\n<\/tr>\n<tr>\n<td>Karma\u015f\u0131k i\u015flemler<\/td>\n<td>Alternatif uyu\u015fmazl\u0131k \u00e7\u00f6z\u00fcm y\u00f6ntemlerinin uygulanmas\u0131<\/td>\n<\/tr>\n<tr>\n<td>Zaman kayb\u0131<\/td>\n<td>Mahkeme s\u00fcrecinin h\u0131zland\u0131r\u0131lmas\u0131 gereklili\u011fi<\/td>\n<\/tr>\n<\/tbody>\n<\/table>\n<\/div>\n<p><img decoding=\"async\" class=\"kimage_class lazyload\" data-src=\"https:\/\/denizcankizil.tr\/wp-content\/uploads\/2024\/10\/t-bild.jpg\" alt=\"Hukuki S\u00fcre\u00e7lerde Dan\u0131\u015fmanl\u0131k Hizmetlerinin \u00d6nemi ve Etkili Stratejiler\" src=\"data:image\/svg+xml;base64,PHN2ZyB3aWR0aD0iMSIgaGVpZ2h0PSIxIiB4bWxucz0iaHR0cDovL3d3dy53My5vcmcvMjAwMC9zdmciPjwvc3ZnPg==\"><\/p>\n<h2 id=\"hukuki-sureclerde-danismanlik-hizmetlerinin-onemi-ve-etkili-stratejiler\">Hukuki S\u00fcre\u00e7lerde Dan\u0131\u015fmanl\u0131k Hizmetlerinin \u00d6nemi ve Etkili Stratejiler<\/h2>\n<p><strong>Hukuksal konularda dan\u0131\u015fmanl\u0131k hizmetleri, bireylerin ve i\u015fletmelerin kar\u015f\u0131la\u015ft\u0131\u011f\u0131 hukuki meselelerin \u00e7\u00f6z\u00fcm\u00fcnde hayati bir rol \u00fcstlenmektedir.<\/strong> Bu hizmetler, davalara haz\u0131rl\u0131k a\u015famas\u0131ndan sorunlar\u0131n \u00e7\u00f6z\u00fcm\u00fcne kadar geni\u015f bir yelpazeyi kapsamaktad\u0131r. \u00d6zellikle icra, \u00e7ek ve senet hukuku gibi karma\u015f\u0131k alanlarda hukuk sisteminin do\u011fru anla\u015f\u0131lmas\u0131 a\u00e7\u0131s\u0131ndan son derece \u00f6nemlidir.<\/p>\n<p>Hukuksal dan\u0131\u015fmanl\u0131k almak m\u00fcvekkillere bir\u00e7ok avantaj sunar. Bu avantajlar\u0131n ba\u015f\u0131nda \u015funlar gelir:<\/p>\n<ul>\n<li><strong>Bilin\u00e7li bilgi:<\/strong> Uzman avukatlar, yasal d\u00fczenlemeleri takip ederek m\u00fcvekkillerine en g\u00fcncel bilgileri sa\u011flar.<\/li>\n<li><strong>Taktiksel planlama:<\/strong> \u0130cra veya \u00e7ek sorunlar\u0131yla ilgili etkili stratejiler geli\u015ftirerek m\u00fcvekkillerin en iyi \u015fekilde hareket etmelerine yard\u0131mc\u0131 olurlar.<\/li>\n<li><strong>D\u00fc\u015f\u00fck maliyet:<\/strong> Erken a\u015famalarda al\u0131nan do\u011fru dan\u0131\u015fmanl\u0131k sayesinde gereksiz mahkeme masraflar\u0131n\u0131n \u00f6n\u00fcne ge\u00e7ilebilir.<\/li>\n<\/ul>\n<p>Etkili bir hukuksal dan\u0131\u015fmanl\u0131k almak, m\u00fcvekkillerin haklar\u0131n\u0131 daha etkin koruyabilmeleri a\u00e7\u0131s\u0131ndan kritik \u00f6neme sahiptir. \u00d6zellikle Konyaalt\u0131 ve Muratpa\u015fa b\u00f6lgelerinde icra veya \u00e7ek hukuku ile ilgili s\u0131k\u0131nt\u0131lar ya\u015fayan bireyler i\u00e7in profesyonel destek almak b\u00fcy\u00fck fayda sa\u011flayacakt\u0131r. Bu ba\u011flamda sunulan dan\u0131\u015fmanl\u0131k hizmetlerinden yararlanarak hukuksal s\u00fcre\u00e7leri daha h\u0131zl\u0131 ve etkili y\u00f6netmek m\u00fcmk\u00fcnd\u00fcr. \u0130\u015fte bu noktada dikkate al\u0131nmas\u0131 gereken baz\u0131 \u00f6nemli stratejiler:<\/p>\n<ul><!-- Buraya yeni strateji maddeleri eklenebilir --><\/ul>\n<h3>M\u00fcvekkil \u0130htiya\u00e7lar\u0131n\u0131n Analizi ve Hukuki S\u00fcre\u00e7ler<\/h3>\n<p>Hukuki hizmetlerin etkinli\u011fi, m\u00fcvekkillerin ihtiya\u00e7lar\u0131n\u0131n titizlikle de\u011ferlendirilmesine ba\u011fl\u0131d\u0131r. Bu s\u00fcre\u00e7, yaln\u0131zca mevcut durumun anla\u015f\u0131lmas\u0131yla kalmay\u0131p, ayn\u0131 zamanda gelecekteki olas\u0131 hukuki sorunlar\u0131n \u00f6nceden tespit edilmesi i\u00e7in de kritik bir rol oynamaktad\u0131r. <\/p>\n<h3>Hukuki Belgelerin Haz\u0131rlanmas\u0131 ve Kontrol\u00fc<\/h3>\n<p>Hukuk alan\u0131nda belgelerin haz\u0131rlanmas\u0131, dikkat gerektiren bir s\u00fcre\u00e7tir. Her t\u00fcrl\u00fc hukuki belgenin eksiksiz ve do\u011fru bir \u015fekilde d\u00fczenlenmesi, ileride ya\u015fanabilecek sorunlar\u0131n \u00f6n\u00fcne ge\u00e7mek ad\u0131na son derece \u00f6nemlidir. Bu a\u015famada yap\u0131lan hatalar, m\u00fcvekkiller i\u00e7in ciddi sonu\u00e7lar do\u011furabilir.<\/p>\n<h3>Alternatif \u00c7\u00f6z\u00fcm Y\u00f6ntemlerinin \u0130ncelenmesi<\/h3>\n<p>Hukuksal meselelerde alternatif \u00e7\u00f6z\u00fcm yollar\u0131n\u0131n ara\u015ft\u0131r\u0131lmas\u0131 da \u00f6nemli bir ad\u0131md\u0131r. Mediation (arabuluculuk) veya uzla\u015fma gibi y\u00f6ntemler, mahkeme s\u00fcrecine girmeden sorunlar\u0131n \u00e7\u00f6z\u00fclmesine olanak tan\u0131r ve taraflar aras\u0131nda daha h\u0131zl\u0131 \u00e7\u00f6z\u00fcmler \u00fcretebilir.<\/p>\n<h3>Sonu\u00e7: \u0130cra Hukuku ve Ekonomik Etkileri<\/h3>\n<p>Konyaalt\u0131 ve Muratpa\u015fa b\u00f6lgelerinde icra hukuku ile \u00e7ek ve senet uygulamalar\u0131, bireylerin yan\u0131 s\u0131ra ticari i\u015fletmelerin de hukuksal g\u00fcvenli\u011fini sa\u011flamak a\u00e7\u0131s\u0131ndan hayati \u00f6neme sahiptir. Bu alandaki geli\u015fmeler; yerel mahkemelerin tutumlar\u0131 ile uygulama etkinli\u011fi \u00fczerinde do\u011frudan etkili olmaktad\u0131r. \u00d6zellikle \u00e7eklerin ifa s\u00fcre\u00e7lerinde kar\u015f\u0131la\u015f\u0131lan zorluklar, yasal d\u00fczenlemeler a\u00e7\u0131s\u0131ndan dikkatlice ele al\u0131nmal\u0131d\u0131r.<\/p>\n<p>Mahkemelerin bu t\u00fcr davalara yakla\u015f\u0131m\u0131 ise yerel ekonomik dinamikleri etkilemektedir. Dolay\u0131s\u0131yla bu konularda geli\u015ftirilmesi gereken stratejiler ile hukuk reformlar\u0131; hem bireylerin hem de toplumun genel refah\u0131 i\u00e7in b\u00fcy\u00fck \u00f6nem ta\u015f\u0131maktad\u0131r.<\/p>\n<p>Gelecek d\u00f6nemlerde bu hususlar\u0131n titizlikle izlenip ele al\u0131nmas\u0131; hukuk sistemimizin i\u015fleyi\u015fini g\u00fc\u00e7lendirmek ad\u0131na \u00f6nemli bir ad\u0131m olacakt\u0131r. Konyaalt\u0131 ve Muratpa\u015fa&#8217;daki t\u00fcm payda\u015flar\u0131n i\u015fbirli\u011fi i\u00e7inde hareket ederek daha adil ve etkili bir hukuki ortam yaratmalar\u0131 gerekmektedir.<\/p>","protected":false},"excerpt":{"rendered":"<p>Konyaalt\u0131 ve Muratpa\u015fa b\u00f6lgelerinde icra, \u00e7ek ve senet hukuku, alacaklar\u0131n tahsili ve ticari ili\u015fkilerin g\u00fcvenli\u011fi a\u00e7\u0131s\u0131ndan kritik bir rol oynamaktad\u0131r. Bu ba\u011flamda, hukuki s\u00fcre\u00e7lerin etkinli\u011fi ve adaletin tesis edilmesi \u00f6n plana \u00e7\u0131kmaktad\u0131r.<\/p>","protected":false},"author":1,"featured_media":5276,"comment_status":"open","ping_status":"open","sticky":false,"template":"","format":"standard","meta":{"_acf_changed":false,"footnotes":""},"categories":[28],"tags":[],"class_list":["post-5271","post","type-post","status-publish","format-standard","has-post-thumbnail","hentry","category-seo"],"acf":[],"yoast_head":"<!-- This site is optimized with the Yoast SEO Premium plugin v26.6 (Yoast SEO v27.1.1) - https:\/\/yoast.com\/product\/yoast-seo-premium-wordpress\/ -->\n<title>Konyaalt\u0131 ve Muratpa\u015fa&#039;da \u0130cra, \u00c7ek ve Senet Hukuku - Av. Deniz Can K\u0131z\u0131l<\/title>\n<meta name=\"robots\" content=\"index, follow, max-snippet:-1, max-image-preview:large, max-video-preview:-1\" \/>\n<link rel=\"canonical\" href=\"https:\/\/denizcankizil.tr\/en\/seo\/konyaalti-ve-muratpasada-icra-cek-ve-senet-hukuku\/\" \/>\n<meta property=\"og:locale\" content=\"en_GB\" \/>\n<meta property=\"og:type\" content=\"article\" \/>\n<meta property=\"og:title\" content=\"Konyaalt\u0131 ve Muratpa\u015fa&#039;da \u0130cra, \u00c7ek ve Senet Hukuku\" \/>\n<meta property=\"og:description\" content=\"Konyaalt\u0131 ve Muratpa\u015fa b\u00f6lgelerinde icra, \u00e7ek ve senet hukuku, alacaklar\u0131n tahsili ve ticari ili\u015fkilerin g\u00fcvenli\u011fi a\u00e7\u0131s\u0131ndan kritik bir rol oynamaktad\u0131r. Bu ba\u011flamda, hukuki s\u00fcre\u00e7lerin etkinli\u011fi ve adaletin tesis edilmesi \u00f6n plana \u00e7\u0131kmaktad\u0131r.\" \/>\n<meta property=\"og:url\" content=\"https:\/\/denizcankizil.tr\/en\/seo\/konyaalti-ve-muratpasada-icra-cek-ve-senet-hukuku\/\" \/>\n<meta property=\"og:site_name\" content=\"Av. Deniz Can K\u0131z\u0131l\" \/>\n<meta property=\"article:published_time\" content=\"2024-10-20T11:24:58+00:00\" \/>\n<meta property=\"article:modified_time\" content=\"2024-10-20T11:25:48+00:00\" \/>\n<meta property=\"og:image\" content=\"https:\/\/denizcankizil.tr\/wp-content\/uploads\/2024\/10\/5271-konyaalti-ve-muratpasada-icra-cek-ve-senet-hukuku.jpg\" \/>\n\t<meta property=\"og:image:width\" content=\"800\" \/>\n\t<meta property=\"og:image:height\" content=\"800\" \/>\n\t<meta property=\"og:image:type\" content=\"image\/jpeg\" \/>\n<meta name=\"author\" content=\"admin\" \/>\n<meta name=\"twitter:card\" content=\"summary_large_image\" \/>\n<meta name=\"twitter:label1\" content=\"Written by\" \/>\n\t<meta name=\"twitter:data1\" content=\"admin\" \/>\n\t<meta name=\"twitter:label2\" content=\"Estimated reading time\" \/>\n\t<meta name=\"twitter:data2\" content=\"9 minutes\" \/>\n<script type=\"application\/ld+json\" class=\"yoast-schema-graph\">{\"@context\":\"https:\/\/schema.org\",\"@graph\":[{\"@type\":\"Article\",\"@id\":\"https:\/\/denizcankizil.tr\/en\/seo\/konyaalti-ve-muratpasada-icra-cek-ve-senet-hukuku\/#article\",\"isPartOf\":{\"@id\":\"https:\/\/denizcankizil.tr\/en\/seo\/konyaalti-ve-muratpasada-icra-cek-ve-senet-hukuku\/\"},\"author\":{\"name\":\"admin\",\"@id\":\"https:\/\/denizcankizil.tr\/#\/schema\/person\/be3c05fe6a12686905512445d8185489\"},\"headline\":\"Konyaalt\u0131 ve Muratpa\u015fa&#8217;da \u0130cra, \u00c7ek ve Senet Hukuku\",\"datePublished\":\"2024-10-20T11:24:58+00:00\",\"dateModified\":\"2024-10-20T11:25:48+00:00\",\"mainEntityOfPage\":{\"@id\":\"https:\/\/denizcankizil.tr\/en\/seo\/konyaalti-ve-muratpasada-icra-cek-ve-senet-hukuku\/\"},\"wordCount\":1737,\"commentCount\":0,\"publisher\":{\"@id\":\"https:\/\/denizcankizil.tr\/#organization\"},\"image\":{\"@id\":\"https:\/\/denizcankizil.tr\/en\/seo\/konyaalti-ve-muratpasada-icra-cek-ve-senet-hukuku\/#primaryimage\"},\"thumbnailUrl\":\"https:\/\/denizcankizil.tr\/wp-content\/uploads\/2024\/10\/5271-konyaalti-ve-muratpasada-icra-cek-ve-senet-hukuku.jpg\",\"articleSection\":[\"Seo\"],\"inLanguage\":\"en-GB\",\"potentialAction\":[{\"@type\":\"CommentAction\",\"name\":\"Comment\",\"target\":[\"https:\/\/denizcankizil.tr\/en\/seo\/konyaalti-ve-muratpasada-icra-cek-ve-senet-hukuku\/#respond\"]}]},{\"@type\":\"WebPage\",\"@id\":\"https:\/\/denizcankizil.tr\/en\/seo\/konyaalti-ve-muratpasada-icra-cek-ve-senet-hukuku\/\",\"url\":\"https:\/\/denizcankizil.tr\/en\/seo\/konyaalti-ve-muratpasada-icra-cek-ve-senet-hukuku\/\",\"name\":\"Konyaalt\u0131 ve Muratpa\u015fa'da \u0130cra, \u00c7ek ve Senet Hukuku - Av. Deniz Can K\u0131z\u0131l\",\"isPartOf\":{\"@id\":\"https:\/\/denizcankizil.tr\/#website\"},\"primaryImageOfPage\":{\"@id\":\"https:\/\/denizcankizil.tr\/en\/seo\/konyaalti-ve-muratpasada-icra-cek-ve-senet-hukuku\/#primaryimage\"},\"image\":{\"@id\":\"https:\/\/denizcankizil.tr\/en\/seo\/konyaalti-ve-muratpasada-icra-cek-ve-senet-hukuku\/#primaryimage\"},\"thumbnailUrl\":\"https:\/\/denizcankizil.tr\/wp-content\/uploads\/2024\/10\/5271-konyaalti-ve-muratpasada-icra-cek-ve-senet-hukuku.jpg\",\"datePublished\":\"2024-10-20T11:24:58+00:00\",\"dateModified\":\"2024-10-20T11:25:48+00:00\",\"breadcrumb\":{\"@id\":\"https:\/\/denizcankizil.tr\/en\/seo\/konyaalti-ve-muratpasada-icra-cek-ve-senet-hukuku\/#breadcrumb\"},\"inLanguage\":\"en-GB\",\"potentialAction\":[{\"@type\":\"ReadAction\",\"target\":[\"https:\/\/denizcankizil.tr\/en\/seo\/konyaalti-ve-muratpasada-icra-cek-ve-senet-hukuku\/\"]}]},{\"@type\":\"ImageObject\",\"inLanguage\":\"en-GB\",\"@id\":\"https:\/\/denizcankizil.tr\/en\/seo\/konyaalti-ve-muratpasada-icra-cek-ve-senet-hukuku\/#primaryimage\",\"url\":\"https:\/\/denizcankizil.tr\/wp-content\/uploads\/2024\/10\/5271-konyaalti-ve-muratpasada-icra-cek-ve-senet-hukuku.jpg\",\"contentUrl\":\"https:\/\/denizcankizil.tr\/wp-content\/uploads\/2024\/10\/5271-konyaalti-ve-muratpasada-icra-cek-ve-senet-hukuku.jpg\",\"width\":800,\"height\":800,\"caption\":\"Konyaalt\u0131 ve Muratpa\u015fa&#8217;da \u0130cra, \u00c7ek ve Senet Hukuku\"},{\"@type\":\"BreadcrumbList\",\"@id\":\"https:\/\/denizcankizil.tr\/en\/seo\/konyaalti-ve-muratpasada-icra-cek-ve-senet-hukuku\/#breadcrumb\",\"itemListElement\":[{\"@type\":\"ListItem\",\"position\":1,\"name\":\"Home\",\"item\":\"https:\/\/denizcankizil.tr\/uk\/\"},{\"@type\":\"ListItem\",\"position\":2,\"name\":\"Konyaalt\u0131 ve Muratpa\u015fa&#8217;da \u0130cra, \u00c7ek ve Senet Hukuku\"}]},{\"@type\":\"WebSite\",\"@id\":\"https:\/\/denizcankizil.tr\/#website\",\"url\":\"https:\/\/denizcankizil.tr\/\",\"name\":\"Av. Deniz Can K\u0131z\u0131l\",\"description\":\"Avukat Deniz Can K\u0131z\u0131l Antalya Barosu\",\"publisher\":{\"@id\":\"https:\/\/denizcankizil.tr\/#organization\"},\"potentialAction\":[{\"@type\":\"SearchAction\",\"target\":{\"@type\":\"EntryPoint\",\"urlTemplate\":\"https:\/\/denizcankizil.tr\/?s={search_term_string}\"},\"query-input\":{\"@type\":\"PropertyValueSpecification\",\"valueRequired\":true,\"valueName\":\"search_term_string\"}}],\"inLanguage\":\"en-GB\"},{\"@type\":\"Organization\",\"@id\":\"https:\/\/denizcankizil.tr\/#organization\",\"name\":\"Av. Deniz Can K\u0131z\u0131l\",\"url\":\"https:\/\/denizcankizil.tr\/\",\"logo\":{\"@type\":\"ImageObject\",\"inLanguage\":\"en-GB\",\"@id\":\"https:\/\/denizcankizil.tr\/#\/schema\/logo\/image\/\",\"url\":\"https:\/\/denizcankizil.tr\/wp-content\/uploads\/2024\/10\/siyah-logo-svg.svg\",\"contentUrl\":\"https:\/\/denizcankizil.tr\/wp-content\/uploads\/2024\/10\/siyah-logo-svg.svg\",\"width\":1080,\"height\":1080,\"caption\":\"Av. Deniz Can K\u0131z\u0131l\"},\"image\":{\"@id\":\"https:\/\/denizcankizil.tr\/#\/schema\/logo\/image\/\"}},{\"@type\":\"Person\",\"@id\":\"https:\/\/denizcankizil.tr\/#\/schema\/person\/be3c05fe6a12686905512445d8185489\",\"name\":\"admin\",\"image\":{\"@type\":\"ImageObject\",\"inLanguage\":\"en-GB\",\"@id\":\"https:\/\/denizcankizil.tr\/#\/schema\/person\/image\/\",\"url\":\"https:\/\/secure.gravatar.com\/avatar\/c1fce94c830dc79107e174f890d7210541c4a63e8e5d816341794a2151c9d58c?s=96&d=mm&r=g\",\"contentUrl\":\"https:\/\/secure.gravatar.com\/avatar\/c1fce94c830dc79107e174f890d7210541c4a63e8e5d816341794a2151c9d58c?s=96&d=mm&r=g\",\"caption\":\"admin\"},\"sameAs\":[\"http:\/\/denizcankizil.tr\"],\"url\":\"https:\/\/denizcankizil.tr\/en\/author\/admin\/\"}]}<\/script>\n<!-- \/ Yoast SEO Premium plugin. -->","yoast_head_json":{"title":"Konyaalt\u0131 ve Muratpa\u015fa'da \u0130cra, \u00c7ek ve Senet Hukuku - Av. Deniz Can K\u0131z\u0131l","robots":{"index":"index","follow":"follow","max-snippet":"max-snippet:-1","max-image-preview":"max-image-preview:large","max-video-preview":"max-video-preview:-1"},"canonical":"https:\/\/denizcankizil.tr\/en\/seo\/konyaalti-ve-muratpasada-icra-cek-ve-senet-hukuku\/","og_locale":"en_GB","og_type":"article","og_title":"Konyaalt\u0131 ve Muratpa\u015fa'da \u0130cra, \u00c7ek ve Senet Hukuku","og_description":"Konyaalt\u0131 ve Muratpa\u015fa b\u00f6lgelerinde icra, \u00e7ek ve senet hukuku, alacaklar\u0131n tahsili ve ticari ili\u015fkilerin g\u00fcvenli\u011fi a\u00e7\u0131s\u0131ndan kritik bir rol oynamaktad\u0131r. Bu ba\u011flamda, hukuki s\u00fcre\u00e7lerin etkinli\u011fi ve adaletin tesis edilmesi \u00f6n plana \u00e7\u0131kmaktad\u0131r.","og_url":"https:\/\/denizcankizil.tr\/en\/seo\/konyaalti-ve-muratpasada-icra-cek-ve-senet-hukuku\/","og_site_name":"Av. Deniz Can K\u0131z\u0131l","article_published_time":"2024-10-20T11:24:58+00:00","article_modified_time":"2024-10-20T11:25:48+00:00","og_image":[{"width":800,"height":800,"url":"https:\/\/denizcankizil.tr\/wp-content\/uploads\/2024\/10\/5271-konyaalti-ve-muratpasada-icra-cek-ve-senet-hukuku.jpg","type":"image\/jpeg"}],"author":"admin","twitter_card":"summary_large_image","twitter_misc":{"Written by":"admin","Estimated reading time":"9 minutes"},"schema":{"@context":"https:\/\/schema.org","@graph":[{"@type":"Article","@id":"https:\/\/denizcankizil.tr\/en\/seo\/konyaalti-ve-muratpasada-icra-cek-ve-senet-hukuku\/#article","isPartOf":{"@id":"https:\/\/denizcankizil.tr\/en\/seo\/konyaalti-ve-muratpasada-icra-cek-ve-senet-hukuku\/"},"author":{"name":"admin","@id":"https:\/\/denizcankizil.tr\/#\/schema\/person\/be3c05fe6a12686905512445d8185489"},"headline":"Konyaalt\u0131 ve Muratpa\u015fa&#8217;da \u0130cra, \u00c7ek ve Senet Hukuku","datePublished":"2024-10-20T11:24:58+00:00","dateModified":"2024-10-20T11:25:48+00:00","mainEntityOfPage":{"@id":"https:\/\/denizcankizil.tr\/en\/seo\/konyaalti-ve-muratpasada-icra-cek-ve-senet-hukuku\/"},"wordCount":1737,"commentCount":0,"publisher":{"@id":"https:\/\/denizcankizil.tr\/#organization"},"image":{"@id":"https:\/\/denizcankizil.tr\/en\/seo\/konyaalti-ve-muratpasada-icra-cek-ve-senet-hukuku\/#primaryimage"},"thumbnailUrl":"https:\/\/denizcankizil.tr\/wp-content\/uploads\/2024\/10\/5271-konyaalti-ve-muratpasada-icra-cek-ve-senet-hukuku.jpg","articleSection":["Seo"],"inLanguage":"en-GB","potentialAction":[{"@type":"CommentAction","name":"Comment","target":["https:\/\/denizcankizil.tr\/en\/seo\/konyaalti-ve-muratpasada-icra-cek-ve-senet-hukuku\/#respond"]}]},{"@type":"WebPage","@id":"https:\/\/denizcankizil.tr\/en\/seo\/konyaalti-ve-muratpasada-icra-cek-ve-senet-hukuku\/","url":"https:\/\/denizcankizil.tr\/en\/seo\/konyaalti-ve-muratpasada-icra-cek-ve-senet-hukuku\/","name":"Konyaalt\u0131 ve Muratpa\u015fa'da \u0130cra, \u00c7ek ve Senet Hukuku - Av. Deniz Can K\u0131z\u0131l","isPartOf":{"@id":"https:\/\/denizcankizil.tr\/#website"},"primaryImageOfPage":{"@id":"https:\/\/denizcankizil.tr\/en\/seo\/konyaalti-ve-muratpasada-icra-cek-ve-senet-hukuku\/#primaryimage"},"image":{"@id":"https:\/\/denizcankizil.tr\/en\/seo\/konyaalti-ve-muratpasada-icra-cek-ve-senet-hukuku\/#primaryimage"},"thumbnailUrl":"https:\/\/denizcankizil.tr\/wp-content\/uploads\/2024\/10\/5271-konyaalti-ve-muratpasada-icra-cek-ve-senet-hukuku.jpg","datePublished":"2024-10-20T11:24:58+00:00","dateModified":"2024-10-20T11:25:48+00:00","breadcrumb":{"@id":"https:\/\/denizcankizil.tr\/en\/seo\/konyaalti-ve-muratpasada-icra-cek-ve-senet-hukuku\/#breadcrumb"},"inLanguage":"en-GB","potentialAction":[{"@type":"ReadAction","target":["https:\/\/denizcankizil.tr\/en\/seo\/konyaalti-ve-muratpasada-icra-cek-ve-senet-hukuku\/"]}]},{"@type":"ImageObject","inLanguage":"en-GB","@id":"https:\/\/denizcankizil.tr\/en\/seo\/konyaalti-ve-muratpasada-icra-cek-ve-senet-hukuku\/#primaryimage","url":"https:\/\/denizcankizil.tr\/wp-content\/uploads\/2024\/10\/5271-konyaalti-ve-muratpasada-icra-cek-ve-senet-hukuku.jpg","contentUrl":"https:\/\/denizcankizil.tr\/wp-content\/uploads\/2024\/10\/5271-konyaalti-ve-muratpasada-icra-cek-ve-senet-hukuku.jpg","width":800,"height":800,"caption":"Konyaalt\u0131 ve Muratpa\u015fa&#8217;da \u0130cra, \u00c7ek ve Senet Hukuku"},{"@type":"BreadcrumbList","@id":"https:\/\/denizcankizil.tr\/en\/seo\/konyaalti-ve-muratpasada-icra-cek-ve-senet-hukuku\/#breadcrumb","itemListElement":[{"@type":"ListItem","position":1,"name":"Home","item":"https:\/\/denizcankizil.tr\/uk\/"},{"@type":"ListItem","position":2,"name":"Konyaalt\u0131 ve Muratpa\u015fa&#8217;da \u0130cra, \u00c7ek ve Senet Hukuku"}]},{"@type":"WebSite","@id":"https:\/\/denizcankizil.tr\/#website","url":"https:\/\/denizcankizil.tr\/","name":"Av. Deniz Can K\u0131z\u0131l","description":"Avukat Deniz Can K\u0131z\u0131l Antalya Barosu","publisher":{"@id":"https:\/\/denizcankizil.tr\/#organization"},"potentialAction":[{"@type":"SearchAction","target":{"@type":"EntryPoint","urlTemplate":"https:\/\/denizcankizil.tr\/?s={search_term_string}"},"query-input":{"@type":"PropertyValueSpecification","valueRequired":true,"valueName":"search_term_string"}}],"inLanguage":"en-GB"},{"@type":"Organization","@id":"https:\/\/denizcankizil.tr\/#organization","name":"Av. Deniz Can K\u0131z\u0131l","url":"https:\/\/denizcankizil.tr\/","logo":{"@type":"ImageObject","inLanguage":"en-GB","@id":"https:\/\/denizcankizil.tr\/#\/schema\/logo\/image\/","url":"https:\/\/denizcankizil.tr\/wp-content\/uploads\/2024\/10\/siyah-logo-svg.svg","contentUrl":"https:\/\/denizcankizil.tr\/wp-content\/uploads\/2024\/10\/siyah-logo-svg.svg","width":1080,"height":1080,"caption":"Av. Deniz Can K\u0131z\u0131l"},"image":{"@id":"https:\/\/denizcankizil.tr\/#\/schema\/logo\/image\/"}},{"@type":"Person","@id":"https:\/\/denizcankizil.tr\/#\/schema\/person\/be3c05fe6a12686905512445d8185489","name":"admin","image":{"@type":"ImageObject","inLanguage":"en-GB","@id":"https:\/\/denizcankizil.tr\/#\/schema\/person\/image\/","url":"https:\/\/secure.gravatar.com\/avatar\/c1fce94c830dc79107e174f890d7210541c4a63e8e5d816341794a2151c9d58c?s=96&d=mm&r=g","contentUrl":"https:\/\/secure.gravatar.com\/avatar\/c1fce94c830dc79107e174f890d7210541c4a63e8e5d816341794a2151c9d58c?s=96&d=mm&r=g","caption":"admin"},"sameAs":["http:\/\/denizcankizil.tr"],"url":"https:\/\/denizcankizil.tr\/en\/author\/admin\/"}]}},"_links":{"self":[{"href":"https:\/\/denizcankizil.tr\/en\/wp-json\/wp\/v2\/posts\/5271","targetHints":{"allow":["GET"]}}],"collection":[{"href":"https:\/\/denizcankizil.tr\/en\/wp-json\/wp\/v2\/posts"}],"about":[{"href":"https:\/\/denizcankizil.tr\/en\/wp-json\/wp\/v2\/types\/post"}],"author":[{"embeddable":true,"href":"https:\/\/denizcankizil.tr\/en\/wp-json\/wp\/v2\/users\/1"}],"replies":[{"embeddable":true,"href":"https:\/\/denizcankizil.tr\/en\/wp-json\/wp\/v2\/comments?post=5271"}],"version-history":[{"count":1,"href":"https:\/\/denizcankizil.tr\/en\/wp-json\/wp\/v2\/posts\/5271\/revisions"}],"predecessor-version":[{"id":5275,"href":"https:\/\/denizcankizil.tr\/en\/wp-json\/wp\/v2\/posts\/5271\/revisions\/5275"}],"wp:featuredmedia":[{"embeddable":true,"href":"https:\/\/denizcankizil.tr\/en\/wp-json\/wp\/v2\/media\/5276"}],"wp:attachment":[{"href":"https:\/\/denizcankizil.tr\/en\/wp-json\/wp\/v2\/media?parent=5271"}],"wp:term":[{"taxonomy":"category","embeddable":true,"href":"https:\/\/denizcankizil.tr\/en\/wp-json\/wp\/v2\/categories?post=5271"},{"taxonomy":"post_tag","embeddable":true,"href":"https:\/\/denizcankizil.tr\/en\/wp-json\/wp\/v2\/tags?post=5271"}],"curies":[{"name":"wp","href":"https:\/\/api.w.org\/{rel}","templated":true}]}}