{"id":5263,"date":"2024-10-20T14:19:14","date_gmt":"2024-10-20T11:19:14","guid":{"rendered":"https:\/\/denizcankizil.tr\/uncategorized-tr\/konyaalti-ve-muratpasada-bosanma-ve-nafaka-hukuku\/"},"modified":"2024-10-20T14:25:26","modified_gmt":"2024-10-20T11:25:26","slug":"konyaalti-ve-muratpasada-bosanma-ve-nafaka-hukuku","status":"publish","type":"post","link":"https:\/\/denizcankizil.tr\/en\/seo\/konyaalti-ve-muratpasada-bosanma-ve-nafaka-hukuku\/","title":{"rendered":"Divorce and Alimony Law in Konyaalt\u0131 and Muratpa\u015fa"},"content":{"rendered":"<p><strong>G\u00fcncel Bo\u015fanma ve Nafaka Hukuku: Konyaalt\u0131 ve Muratpa\u015fa \u00dczerine Bir \u0130nceleme<\/strong><\/p>\n<p>Bo\u015fanma, bireylerin duygusal ve mali durumlar\u0131n\u0131 derinden etkileyen \u00f6nemli bir s\u00fcre\u00e7tir. T\u00fcrkiye&#8217;deki hukuk sistemi, bo\u015fanma s\u00fcrecinde taraflar\u0131n haklar\u0131n\u0131 korumaya y\u00f6nelik \u00e7e\u015fitli d\u00fczenlemeler sunmakta; nafaka ise bo\u015fanman\u0131n ard\u0131ndan maddi destek sa\u011flamak amac\u0131yla kritik bir rol oynamaktad\u0131r. Bu makale, Antalya&#8217;n\u0131n Konyaalt\u0131 ve Muratpa\u015fa il\u00e7elerine odaklanarak b\u00f6lgedeki bo\u015fanma ve nafaka hukuku ile ilgili g\u00fcncel durumu, yasal \u00e7er\u00e7eveleri ve uygulamalar\u0131 incelemeyi hedeflemektedir. Ayr\u0131ca, bo\u015fanma davalar\u0131n\u0131n geli\u015fimi, nafaka taleplerinin belirlenme y\u00f6ntemleri ve mahkeme kararlar\u0131n\u0131n taraflar \u00fczerindeki etkileri hakk\u0131nda kapsaml\u0131 analizler sunulacakt\u0131r. Sosyal, psikolojik ve ekonomik boyutlar\u0131 g\u00f6z \u00f6n\u00fcnde bulundurarak yap\u0131lan bu \u00e7al\u0131\u015fma, mevcut hukuki altyap\u0131n\u0131n yan\u0131 s\u0131ra toplumsal dinamiklerin bo\u015fanma s\u00fcre\u00e7lerine yans\u0131malar\u0131n\u0131 anlamaya katk\u0131da bulunmay\u0131 ama\u00e7lamaktad\u0131r.<\/p>\n<p><img decoding=\"async\" class=\"kimage_class lazyload\" data-src=\"https:\/\/denizcankizil.tr\/wp-content\/uploads\/2024\/10\/3984-antalyada-sigorta-hukuku-avukatinin-gorev-alanlari.jpg\" alt=\"Bo\u015fanmada Hukuki Ara\u00e7lar ve Haklar\u0131n Korunmas\u0131\" src=\"data:image\/svg+xml;base64,PHN2ZyB3aWR0aD0iMSIgaGVpZ2h0PSIxIiB4bWxucz0iaHR0cDovL3d3dy53My5vcmcvMjAwMC9zdmciPjwvc3ZnPg==\" \/><\/p>\n<h2 id=\"hukuki-araclar-ve-hak-koruma\">Hukuki Ara\u00e7lar ile Haklar\u0131n Korunmas\u0131<\/h2>\n<div class=\"post-section\">\n<p>Bo\u015fanma s\u00fcreci bireylerin ya\u015famlar\u0131nda k\u00f6kl\u00fc de\u011fi\u015fikliklere yol a\u00e7abilen bir d\u00f6nemdir. Bu a\u015famada hukuki ara\u00e7lar\u0131n kullan\u0131m\u0131 ile haklar\u0131n korunmas\u0131 son derece \u00f6nemlidir. Bo\u015fanma davas\u0131 a\u00e7arken taraflar\u0131n sahip oldu\u011fu haklar\u0131 ihlal etmemek ad\u0131na <strong>hukuksal destek almak<\/strong> gerekmektedir.<\/p>\n<p>Bo\u015fanmada ba\u015fvurulabilecek hukuki ara\u00e7lar \u015funlard\u0131r:<\/p>\n<ul>\n<li><strong>Bo\u015fanma davas\u0131 a\u00e7\u0131lmas\u0131:<\/strong> E\u015flerin ortak karar\u0131 veya tek tarafl\u0131 olarak dava s\u00fcrecinin ba\u015flat\u0131lmas\u0131.<\/li>\n<li><strong>Nafaka talebi:<\/strong> Bo\u015fanmadan \u00f6nce veya sonra maddi ihtiya\u00e7lar\u0131 kar\u015f\u0131lamak i\u00e7in nafaka talep edilmesi.<\/li>\n<li><strong>Velayet hakk\u0131n\u0131n belirlenmesi:<\/strong> \u00c7ocuk bak\u0131m\u0131n\u0131 \u00fcstlenecek olan taraf\u0131n tespit edilmesi i\u00e7in velayet hakk\u0131n\u0131n talep edilmesi.<\/li>\n<\/ul>\n<p>Bunun yan\u0131 s\u0131ra, bo\u015falma s\u00fcrecinde <strong>taraflar\u0131n haklar\u0131n\u0131 koruma yollar\u0131<\/strong>, \u00f6zellikle nafaka ya da mal payla\u015f\u0131m\u0131 gibi konular\u0131n adil sonu\u00e7lanabilmesi a\u00e7\u0131s\u0131ndan b\u00fcy\u00fck \u00f6nem ta\u015f\u0131r. Mahkemeye ba\u015fvuruda bulunmakla birlikte belgelerin eksiksiz haz\u0131rlanmas\u0131 da kritik \u00f6neme sahiptir. Ayr\u0131ca bu s\u00fcre\u00e7te taraflar\u0131n duygusal durumlar\u0131n\u0131n dikkate al\u0131nmas\u0131 gerekti\u011fi unutulmamal\u0131d\u0131r; gerekti\u011finde psikolojik destek sa\u011flanmal\u0131d\u0131r. Bo\u015falma durumu hem ki\u015fisel hem de hukuksal a\u00e7\u0131dan strateji gerektiren karma\u015f\u0131kl\u0131kta oldu\u011fundan profesyonel bir avukattan dan\u0131\u015fmanl\u0131k almak hayati \u00f6neme sahiptir.<\/p>\n<\/div>\n<p><img decoding=\"async\" class=\"kimage_class lazyload\" data-src=\"https:\/\/denizcankizil.tr\/wp-content\/uploads\/2024\/10\/IIKHg-253D.jpg\" alt=\"Nafakan\u0131n T\u00fcrleri Ve Hesaplama Y\u00f6ntemleri \u00dczerine Detayl\u0131 \u0130nceleme\" src=\"data:image\/svg+xml;base64,PHN2ZyB3aWR0aD0iMSIgaGVpZ2h0PSIxIiB4bWxucz0iaHR0cDovL3d3dy53My5vcmcvMjAwMC9zdmciPjwvc3ZnPg==\" \/><\/p>\n<h2 id=\"nafaka-turleri-ve-hesaplama-yontemleri\">Nafakan\u0131n T\u00fcrleri Ve Hesaplama Y\u00f6ntemlerine Dair Kapsaml\u0131 Bir De\u011ferlendirme<\/h2>\n<section>Nafaka, bo\u015fanmadan kaynaklanan ekonomik ihtiya\u00e7lara g\u00f6re belirlenen mali destek mekanizmas\u0131n\u0131 ifade eder. T\u00fcrkiye&#8217;de genel olarak \u00fc\u00e7 ana kategoriye ayr\u0131lan nafakalar bulunmaktad\u0131r: <strong>ge\u00e7ici nafaka<\/strong>, <strong>d\u00fc\u015fk\u00fcnl\u00fck nafakas\u0131<\/strong>, ve <strong>sald\u0131r\u0131 nafakas\u0131 &lt;\/ strong&gt;. Ge\u00e7ici nafaka; dava s\u00fcrerken bir taraf\u0131n mali zorluk \u00e7ekmemesi amac\u0131yla verilirken; d\u00fc\u015fk\u00fcnl\u00fck nafakas\u0131 ise bo\u015fand\u0131ktan sonra yoksulluk durumuna d\u00fc\u015fen tarafa \u00f6denmektedir&#8230;<\/strong><\/p>\n<p><!-- Devam eden i\u00e7erik burada yer alacak --><\/p>\n<section>\n<h1>Nafaka T\u00fcrleri ve Hesaplama Y\u00f6ntemleri<\/h1>\n<p>Nafaka, bo\u015fanma sonras\u0131 bir destek mekanizmas\u0131 olarak tan\u0131mlanabilir. \u0130ddet nafakas\u0131, bo\u015fanma s\u00fcrecinde kad\u0131n\u0131n ekonomik g\u00fcvenli\u011fini sa\u011flamak amac\u0131yla \u00f6nemlidir.<\/p>\n<p>Nafaka hesaplama y\u00f6ntemleri, her bir nafaka t\u00fcr\u00fc i\u00e7in farkl\u0131l\u0131k g\u00f6stermektedir. Ge\u00e7ici nafakan\u0131n belirlenmesinde taraflar\u0131n gelir d\u00fczeyleri, ya\u015fam standartlar\u0131 ve ihtiya\u00e7lar\u0131 dikkate al\u0131n\u0131r. Yoksulluk nafakas\u0131 hesaplan\u0131rken mahkeme, taraflar\u0131n ya\u015fam ko\u015fullar\u0131n\u0131 ve mali durumlar\u0131n\u0131 de\u011ferlendirerek a\u015fa\u011f\u0131daki unsurlar\u0131 g\u00f6z \u00f6n\u00fcnde bulundurur:<\/p>\n<ul>\n<li>Taraflar\u0131n gelir ve gider durumu<\/li>\n<li>\u00c7ocuklar\u0131n ya\u015fam standartlar\u0131<\/li>\n<li>Taraflar\u0131n sosyal ve ekonomik profili<\/li>\n<li>Bo\u015fanman\u0131n getirdi\u011fi olumsuz etkiler<\/li>\n<\/ul>\n<p>Nafaka hesaplamalar\u0131n\u0131 daha iyi anlamak i\u00e7in baz\u0131 fakt\u00f6rlerin etkilerini g\u00f6steren k\u0131sa bir tablo a\u015fa\u011f\u0131da sunulmu\u015ftur. Bu tablo, nafaka miktar\u0131n\u0131n nas\u0131l \u015fekillendi\u011fini ortaya koymaktad\u0131r:<\/p>\n<table class=\"wp-table wp-table-striped\">\n<thead>\n<tr>\n<th>Fakt\u00f6rler<\/th>\n<th>Nafaka Miktar\u0131na Etkisi<\/th>\n<\/tr>\n<\/thead>\n<tbody>\n<tr>\n<td>Gelir D\u00fczeyi<\/td>\n<td>Daha y\u00fcksek gelirler nafakan\u0131n artmas\u0131na neden olur.<\/td>\n<\/tr>\n<tr>\n<td>\u00c7ocuk Say\u0131s\u0131<\/td>\n<td>Art\u0131\u015f g\u00f6sterdi\u011finde nafakan\u0131n miktar\u0131n\u0131 y\u00fckseltir.<\/td>\n<\/tr>\n<tr>\n<td>Sosyal Ya\u015fam Standard\u0131 \u00d6ncesi Durum<\/td>\n<td>Daha y\u00fcksek ya\u015fam standard\u0131 daha fazla nafakay\u0131 gerektirir.<\/td>\n<\/tr>\n<\/tbody>\n<\/table>\n<\/section>\n<p><img decoding=\"async\" class=\"kimage_class lazyload\" data-src=\"https:\/\/denizcankizil.tr\/wp-content\/uploads\/2024\/10\/mpmXk-253D.jpg\" alt=\"Konyaalt\u0131 ve Muratpa\u015fada Uygulanan Nafaka \u0130htiya\u00e7 Analizi\" src=\"data:image\/svg+xml;base64,PHN2ZyB3aWR0aD0iMSIgaGVpZ2h0PSIxIiB4bWxucz0iaHR0cDovL3d3dy53My5vcmcvMjAwMC9zdmciPjwvc3ZnPg==\" \/><\/p>\n<h2 id=\"konyaalti-ve-muratpasada-uygulanan-nafaka-ihtiyac-analizi\">Konyaalt\u0131 ve Muratpa\u015fa&#8217;da Nafaka \u0130htiya\u00e7 Analizi Uygulamalar\u0131<\/h2>\n<section><!-- Konyaalt\u0131 and Muratpa\u015fa Analysis --><br \/>\nKonyaalt\u0131 ile Muratpa\u015fa b\u00f6lgeleri bo\u015fanma s\u00fcre\u00e7lerinin s\u0131k ya\u015fand\u0131\u011f\u0131 yerler aras\u0131nda bulunmaktad\u0131r. Bu durum, nafaka talep eden bireylerin say\u0131s\u0131nda da \u00f6nemli bir art\u0131\u015fa yol a\u00e7maktad\u0131r. Nafaka ihtiya\u00e7 analizi; taraflar\u0131n maddi durumlar\u0131n\u0131n yan\u0131 s\u0131ra sosyal ve psikolojik etkenlerini de g\u00f6z \u00f6n\u00fcnde bulundurarak adil bir de\u011ferlendirme yap\u0131lmas\u0131n\u0131 sa\u011flar. Bu ba\u011flamda, yasal d\u00fczenlemelerin yan\u0131 s\u0131ra mahkemelerin i\u00e7tihatlar\u0131na da dikkat edilmelidir.<\/p>\n<p><!-- Key Factors in Needs Analysis --><br \/>\nNafaka ihtiya\u00e7 analizi s\u00fcrecinde dikkate al\u0131nmas\u0131 gereken baz\u0131 temel unsurlar \u015funlard\u0131r:<br \/>\n&#8211; <strong>Gelir Durumu:<\/strong> Her iki taraf\u0131n gelir d\u00fczeyi ile i\u015f durumu detayl\u0131 \u015fekilde incelenmelidir.<br \/>\n&#8211; <strong>Ekonomik Ko\u015fullar:<\/strong> Ekonomik dalgalanmalar veya di\u011fer sosyal fakt\u00f6rler analiz edilmelidir.<br \/>\n&#8211; <strong>\u00c7ocuklar\u0131n Gereksinimleri:<\/strong> \u00c7ocuk bak\u0131m\u0131na y\u00f6nelik maddi destek ihtiyac\u0131 \u00f6ncelikli olarak ele al\u0131nmal\u0131d\u0131r.<\/p>\n<p>Yukar\u0131da belirtilen kriterler do\u011frultusunda mahkemeye sunulacak delillerle desteklenmesi gereken bilgiler toplanmal\u0131d\u0131r. Ayr\u0131ca, belirlenen nafakan\u0131n s\u00fcresi ile miktar\u0131 gibi unsurlar da titizlikle de\u011ferlendirilmelidir. A\u015fa\u011f\u0131daki tabloda ise analizde referans olabilecek \u00f6nerilen baz\u0131 nafaka tutarlar\u0131 yer almaktad\u0131r:<\/p>\n<table class=\"wp-block-table\">\n<thead>\n<tr>\n<th>Ayl\u0131k Gelir D\u00fczeyi (TL)<\/th>\n<th>Tavsiye Edilen Nafaka Tutar\u0131 (TL)<\/th>\n<\/tr>\n<\/thead>\n<p><!-- Add data rows here --><\/table>\n<section>\n<table>\n<tbody>\n<tr>\n<td>D\u00fc\u015f\u00fck<\/td>\n<td>2.000 &#8211; 4.500 TL<\/td>\n<\/tr>\n<tr>\n<td>Orta<\/td>\n<td>4.500 &#8211; 7500 TL<\/td>\n<\/tr>\n<tr>\n<td>Y\u00fcksek<\/td>\n<td>7.500 TL ve \u00fczeri<\/td>\n<\/tr>\n<\/tbody>\n<\/table>\n<p><img decoding=\"async\" class=\"kimage_class lazyload\" data-src=\"https:\/\/denizcankizil.tr\/wp-content\/uploads\/2024\/10\/o04aha.jpg\" alt=\"Bo\u015fanma ve Nafaka Davalar\u0131nda Mahkeme Kararlar\u0131 ve Temyiz S\u00fcreci\" src=\"data:image\/svg+xml;base64,PHN2ZyB3aWR0aD0iMSIgaGVpZ2h0PSIxIiB4bWxucz0iaHR0cDovL3d3dy53My5vcmcvMjAwMC9zdmciPjwvc3ZnPg==\" \/><\/p>\n<h2 id=\"bosanma-ve-nafaka-davalarinda-mahkeme-kararlari-ve-temyiz-sureci\">Bo\u015fanma ve Nafaka Davalar\u0131: Mahkeme Kararlar\u0131 ile Temyiz S\u00fcrecinin Anla\u015f\u0131lmas\u0131<\/h2>\n<p>Bo\u015fanma ile nafaka davalar\u0131, aile hukuku alan\u0131nda son derece \u00f6nemli bir yere sahiptir. Mahkemelerin verdi\u011fi kararlar, taraflar\u0131n ya\u015famlar\u0131n\u0131 derinden etkileyebilir; bu nedenle mahkeme kararlar\u0131n\u0131n al\u0131n\u0131\u015f \u015fekli ve temyiz s\u00fcrecinin i\u015fleyi\u015fi hakk\u0131nda bilgi sahibi olmak, hem davac\u0131 hem de daval\u0131 i\u00e7in kritik bir \u00f6neme sahiptir. Bo\u015fanma davas\u0131 sonucunda verilen nafaka kararlar\u0131 genellikle taraflar\u0131n mali durumlar\u0131na, ihtiya\u00e7lar\u0131na ve \u00e7ocuklar\u0131n gereksinimlerine g\u00f6re belirlenir.<\/p>\n<p><strong>Mahkeme kararlar\u0131<\/strong>, yaln\u0131zca nafakan\u0131n miktar\u0131yla s\u0131n\u0131rl\u0131 kalmaz; ayn\u0131 zamanda \u00e7ocuklar\u0131n velayeti, mal payla\u015f\u0131m\u0131 gibi konular\u0131 da kapsar. Bu nedenle duru\u015fmalar s\u0131ras\u0131nda sunulan deliller ile tan\u0131k ifadeleri, al\u0131nacak kararlarda b\u00fcy\u00fck rol oynar. Hakim, taraflar\u0131n beyanlar\u0131n\u0131 de\u011ferlendirirken mevcut belgeleri ve \u00e7ocuklar\u0131n menfaatlerini g\u00f6z \u00f6n\u00fcnde bulundurur. Bu a\u015famada hukuki dan\u0131\u015fmanl\u0131k almak, bireylerin haklar\u0131n\u0131 korumak a\u00e7\u0131s\u0131ndan hayati \u00f6nem ta\u015f\u0131r.<\/p>\n<p><strong>Temyiz s\u00fcreci<\/strong>, mahkemenin verdi\u011fi karara itiraz etmek isteyenler i\u00e7in bir f\u0131rsat sunmaktad\u0131r. \u0130lk derece mahkemesinin karar\u0131ndan memnun olmayan taraflar belirtilen s\u00fcre i\u00e7inde temyize ba\u015fvurabilirler; temyiz mahkemesi ise bu karar\u0131 inceleyerek gerekirse iptal edebilir veya onaylayabilir. Temyizde dikkate al\u0131nmas\u0131 gereken unsurlar \u015funlard\u0131r:<\/p>\n<ul>\n<li>\u0130tiraz s\u00fcresine uyulmas\u0131;<\/li>\n<li>A\u00e7\u0131klamalar\u0131n net bir \u015fekilde yap\u0131lmas\u0131;<\/li>\n<li>TEMY\u0130Z a\u015famas\u0131nda yeni delillerin sunulabilmesi.<\/li>\n<\/ul>\n<p>K\u0131sacas\u0131, Konyaalt\u0131 ve Muratpa\u015fa b\u00f6lgelerinde bo\u015fanma ile nafaka hukukunun iyi anla\u015f\u0131lmas\u0131, bireylerin haklar\u0131n\u0131n korunmas\u0131na yard\u0131mc\u0131 olacakt\u0131r; bu s\u00fcre\u00e7ler hukukun sa\u011flad\u0131\u011f\u0131 imkanlarla daha g\u00fcvence alt\u0131na al\u0131nabilir.<\/p>\n<p>Nihayetinde Konyaalt\u0131 ve Muratpa\u015fa&#8217;daki bo\u015fanma ile nafaka hukuku yap\u0131s\u0131 karma\u015f\u0131kt\u0131r ancak bireylerin haklar\u0131n\u0131 koruma amac\u0131 g\u00fctmektedir; ayr\u0131ca toplumsal dengeyi sa\u011flama noktas\u0131nda da \u00f6nemli rol oynamaktad\u0131rlar. Bo\u015fanman\u0131n getirdi\u011fi de\u011fi\u015fiklikler sadece ki\u015fisel hayatlar\u0131 de\u011fil ayn\u0131 zamanda toplumsal yap\u0131y\u0131 da etkilemektedir.<br \/>\nNafakan\u0131n \u00f6zellikle \u00e7ocuklar ile ekonomik olarak dezavantajl\u0131 olan bireylere y\u00f6nelik koruyucu i\u015flevi b\u00fcy\u00fckt\u00fcr.<br \/>\nBu ba\u011flamda adaletin sa\u011flanmas\u0131 ad\u0131na verilen mahkeme kararlar\u0131n\u0131n e\u015fitlik\u00e7i olmas\u0131 son derece \u00f6nemlidir.<\/p>\n<p>Bundan sonraki s\u00fcre\u00e7te bo\u015fanma ile nafaka hukukundaki olas\u0131 de\u011fi\u015fimler sosyal, ekonomik ve k\u00fclt\u00fcrel fakt\u00f6rlerle \u015fekillenecektir.<br \/>\nBu sebeple bu alandaki geli\u015fmeleri takip etmekle birlikte g\u00fcncel verilerle desteklemek de ka\u00e7\u0131n\u0131lmazd\u0131r.<br \/>\nBo\u015fanma konusunda daha derin ara\u015ft\u0131rmalar yapmak ise bu \u00f6nemli meseleleri anlamakla birlikte \u00e7\u00f6z\u00fcm yollar\u0131n\u0131n geli\u015ftirilmesine katk\u0131da bulunacakt\u0131r.<\/p>\n<\/section>\n<\/section>\n<\/section>","protected":false},"excerpt":{"rendered":"<p>Konyaalt\u0131 ve Muratpa\u015fa&#8217;da bo\u015fanma ve nafaka hukuku, sosyal dinamiklerin etkisiyle g\u00fcn ge\u00e7tik\u00e7e daha karma\u015f\u0131k bir hal almaktad\u0131r. Bu \u00e7al\u0131\u015fmada, ilgili mevzuat ve uygulamadaki geli\u015fmelerin analizi, taraflar\u0131n haklar\u0131n\u0131 koruma anlam\u0131nda \u00f6nem arz etmektedir.<\/p>","protected":false},"author":1,"featured_media":5265,"comment_status":"open","ping_status":"open","sticky":false,"template":"","format":"standard","meta":{"_acf_changed":false,"footnotes":""},"categories":[28],"tags":[],"class_list":["post-5263","post","type-post","status-publish","format-standard","has-post-thumbnail","hentry","category-seo"],"acf":[],"yoast_head":"<!-- This site is optimized with the Yoast SEO Premium plugin v26.6 (Yoast SEO v27.1.1) - https:\/\/yoast.com\/product\/yoast-seo-premium-wordpress\/ -->\n<title>Konyaalt\u0131 ve Muratpa\u015fa&#039;da Bo\u015fanma ve Nafaka Hukuku - Av. Deniz Can K\u0131z\u0131l<\/title>\n<meta name=\"robots\" content=\"index, follow, max-snippet:-1, max-image-preview:large, max-video-preview:-1\" \/>\n<link rel=\"canonical\" href=\"https:\/\/denizcankizil.tr\/en\/seo\/konyaalti-ve-muratpasada-bosanma-ve-nafaka-hukuku\/\" \/>\n<meta property=\"og:locale\" content=\"en_GB\" \/>\n<meta property=\"og:type\" content=\"article\" \/>\n<meta property=\"og:title\" content=\"Konyaalt\u0131 ve Muratpa\u015fa&#039;da Bo\u015fanma ve Nafaka Hukuku\" \/>\n<meta property=\"og:description\" content=\"Konyaalt\u0131 ve Muratpa\u015fa&#039;da bo\u015fanma ve nafaka hukuku, sosyal dinamiklerin etkisiyle g\u00fcn ge\u00e7tik\u00e7e daha karma\u015f\u0131k bir hal almaktad\u0131r. Bu \u00e7al\u0131\u015fmada, ilgili mevzuat ve uygulamadaki geli\u015fmelerin analizi, taraflar\u0131n haklar\u0131n\u0131 koruma anlam\u0131nda \u00f6nem arz etmektedir.\" \/>\n<meta property=\"og:url\" content=\"https:\/\/denizcankizil.tr\/en\/seo\/konyaalti-ve-muratpasada-bosanma-ve-nafaka-hukuku\/\" \/>\n<meta property=\"og:site_name\" content=\"Av. Deniz Can K\u0131z\u0131l\" \/>\n<meta property=\"article:published_time\" content=\"2024-10-20T11:19:14+00:00\" \/>\n<meta property=\"article:modified_time\" content=\"2024-10-20T11:25:26+00:00\" \/>\n<meta property=\"og:image\" content=\"https:\/\/denizcankizil.tr\/wp-content\/uploads\/2024\/10\/5263-konyaalti-ve-muratpasada-bosanma-ve-nafaka-hukuku.jpg\" \/>\n\t<meta property=\"og:image:width\" content=\"800\" \/>\n\t<meta property=\"og:image:height\" content=\"800\" \/>\n\t<meta property=\"og:image:type\" content=\"image\/jpeg\" \/>\n<meta name=\"author\" content=\"admin\" \/>\n<meta name=\"twitter:card\" content=\"summary_large_image\" \/>\n<meta name=\"twitter:label1\" content=\"Written by\" \/>\n\t<meta name=\"twitter:data1\" content=\"admin\" \/>\n\t<meta name=\"twitter:label2\" content=\"Estimated reading time\" \/>\n\t<meta name=\"twitter:data2\" content=\"7 minutes\" \/>\n<script type=\"application\/ld+json\" class=\"yoast-schema-graph\">{\"@context\":\"https:\/\/schema.org\",\"@graph\":[{\"@type\":\"Article\",\"@id\":\"https:\/\/denizcankizil.tr\/en\/seo\/konyaalti-ve-muratpasada-bosanma-ve-nafaka-hukuku\/#article\",\"isPartOf\":{\"@id\":\"https:\/\/denizcankizil.tr\/en\/seo\/konyaalti-ve-muratpasada-bosanma-ve-nafaka-hukuku\/\"},\"author\":{\"name\":\"admin\",\"@id\":\"https:\/\/denizcankizil.tr\/#\/schema\/person\/be3c05fe6a12686905512445d8185489\"},\"headline\":\"Konyaalt\u0131 ve Muratpa\u015fa&#8217;da Bo\u015fanma ve Nafaka Hukuku\",\"datePublished\":\"2024-10-20T11:19:14+00:00\",\"dateModified\":\"2024-10-20T11:25:26+00:00\",\"mainEntityOfPage\":{\"@id\":\"https:\/\/denizcankizil.tr\/en\/seo\/konyaalti-ve-muratpasada-bosanma-ve-nafaka-hukuku\/\"},\"wordCount\":1383,\"commentCount\":0,\"publisher\":{\"@id\":\"https:\/\/denizcankizil.tr\/#organization\"},\"image\":{\"@id\":\"https:\/\/denizcankizil.tr\/en\/seo\/konyaalti-ve-muratpasada-bosanma-ve-nafaka-hukuku\/#primaryimage\"},\"thumbnailUrl\":\"https:\/\/denizcankizil.tr\/wp-content\/uploads\/2024\/10\/5263-konyaalti-ve-muratpasada-bosanma-ve-nafaka-hukuku.jpg\",\"articleSection\":[\"Seo\"],\"inLanguage\":\"en-GB\",\"potentialAction\":[{\"@type\":\"CommentAction\",\"name\":\"Comment\",\"target\":[\"https:\/\/denizcankizil.tr\/en\/seo\/konyaalti-ve-muratpasada-bosanma-ve-nafaka-hukuku\/#respond\"]}]},{\"@type\":\"WebPage\",\"@id\":\"https:\/\/denizcankizil.tr\/en\/seo\/konyaalti-ve-muratpasada-bosanma-ve-nafaka-hukuku\/\",\"url\":\"https:\/\/denizcankizil.tr\/en\/seo\/konyaalti-ve-muratpasada-bosanma-ve-nafaka-hukuku\/\",\"name\":\"Konyaalt\u0131 ve Muratpa\u015fa'da Bo\u015fanma ve Nafaka Hukuku - Av. Deniz Can K\u0131z\u0131l\",\"isPartOf\":{\"@id\":\"https:\/\/denizcankizil.tr\/#website\"},\"primaryImageOfPage\":{\"@id\":\"https:\/\/denizcankizil.tr\/en\/seo\/konyaalti-ve-muratpasada-bosanma-ve-nafaka-hukuku\/#primaryimage\"},\"image\":{\"@id\":\"https:\/\/denizcankizil.tr\/en\/seo\/konyaalti-ve-muratpasada-bosanma-ve-nafaka-hukuku\/#primaryimage\"},\"thumbnailUrl\":\"https:\/\/denizcankizil.tr\/wp-content\/uploads\/2024\/10\/5263-konyaalti-ve-muratpasada-bosanma-ve-nafaka-hukuku.jpg\",\"datePublished\":\"2024-10-20T11:19:14+00:00\",\"dateModified\":\"2024-10-20T11:25:26+00:00\",\"breadcrumb\":{\"@id\":\"https:\/\/denizcankizil.tr\/en\/seo\/konyaalti-ve-muratpasada-bosanma-ve-nafaka-hukuku\/#breadcrumb\"},\"inLanguage\":\"en-GB\",\"potentialAction\":[{\"@type\":\"ReadAction\",\"target\":[\"https:\/\/denizcankizil.tr\/en\/seo\/konyaalti-ve-muratpasada-bosanma-ve-nafaka-hukuku\/\"]}]},{\"@type\":\"ImageObject\",\"inLanguage\":\"en-GB\",\"@id\":\"https:\/\/denizcankizil.tr\/en\/seo\/konyaalti-ve-muratpasada-bosanma-ve-nafaka-hukuku\/#primaryimage\",\"url\":\"https:\/\/denizcankizil.tr\/wp-content\/uploads\/2024\/10\/5263-konyaalti-ve-muratpasada-bosanma-ve-nafaka-hukuku.jpg\",\"contentUrl\":\"https:\/\/denizcankizil.tr\/wp-content\/uploads\/2024\/10\/5263-konyaalti-ve-muratpasada-bosanma-ve-nafaka-hukuku.jpg\",\"width\":800,\"height\":800,\"caption\":\"Konyaalt\u0131 ve Muratpa\u015fa&#8217;da Bo\u015fanma ve Nafaka Hukuku\"},{\"@type\":\"BreadcrumbList\",\"@id\":\"https:\/\/denizcankizil.tr\/en\/seo\/konyaalti-ve-muratpasada-bosanma-ve-nafaka-hukuku\/#breadcrumb\",\"itemListElement\":[{\"@type\":\"ListItem\",\"position\":1,\"name\":\"Home\",\"item\":\"https:\/\/denizcankizil.tr\/uk\/\"},{\"@type\":\"ListItem\",\"position\":2,\"name\":\"Konyaalt\u0131 ve Muratpa\u015fa&#8217;da Bo\u015fanma ve Nafaka Hukuku\"}]},{\"@type\":\"WebSite\",\"@id\":\"https:\/\/denizcankizil.tr\/#website\",\"url\":\"https:\/\/denizcankizil.tr\/\",\"name\":\"Av. Deniz Can K\u0131z\u0131l\",\"description\":\"Avukat Deniz Can K\u0131z\u0131l Antalya Barosu\",\"publisher\":{\"@id\":\"https:\/\/denizcankizil.tr\/#organization\"},\"potentialAction\":[{\"@type\":\"SearchAction\",\"target\":{\"@type\":\"EntryPoint\",\"urlTemplate\":\"https:\/\/denizcankizil.tr\/?s={search_term_string}\"},\"query-input\":{\"@type\":\"PropertyValueSpecification\",\"valueRequired\":true,\"valueName\":\"search_term_string\"}}],\"inLanguage\":\"en-GB\"},{\"@type\":\"Organization\",\"@id\":\"https:\/\/denizcankizil.tr\/#organization\",\"name\":\"Av. Deniz Can K\u0131z\u0131l\",\"url\":\"https:\/\/denizcankizil.tr\/\",\"logo\":{\"@type\":\"ImageObject\",\"inLanguage\":\"en-GB\",\"@id\":\"https:\/\/denizcankizil.tr\/#\/schema\/logo\/image\/\",\"url\":\"https:\/\/denizcankizil.tr\/wp-content\/uploads\/2024\/10\/siyah-logo-svg.svg\",\"contentUrl\":\"https:\/\/denizcankizil.tr\/wp-content\/uploads\/2024\/10\/siyah-logo-svg.svg\",\"width\":1080,\"height\":1080,\"caption\":\"Av. Deniz Can K\u0131z\u0131l\"},\"image\":{\"@id\":\"https:\/\/denizcankizil.tr\/#\/schema\/logo\/image\/\"}},{\"@type\":\"Person\",\"@id\":\"https:\/\/denizcankizil.tr\/#\/schema\/person\/be3c05fe6a12686905512445d8185489\",\"name\":\"admin\",\"image\":{\"@type\":\"ImageObject\",\"inLanguage\":\"en-GB\",\"@id\":\"https:\/\/denizcankizil.tr\/#\/schema\/person\/image\/\",\"url\":\"https:\/\/secure.gravatar.com\/avatar\/c1fce94c830dc79107e174f890d7210541c4a63e8e5d816341794a2151c9d58c?s=96&d=mm&r=g\",\"contentUrl\":\"https:\/\/secure.gravatar.com\/avatar\/c1fce94c830dc79107e174f890d7210541c4a63e8e5d816341794a2151c9d58c?s=96&d=mm&r=g\",\"caption\":\"admin\"},\"sameAs\":[\"http:\/\/denizcankizil.tr\"],\"url\":\"https:\/\/denizcankizil.tr\/en\/author\/admin\/\"}]}<\/script>\n<!-- \/ Yoast SEO Premium plugin. -->","yoast_head_json":{"title":"Konyaalt\u0131 ve Muratpa\u015fa'da Bo\u015fanma ve Nafaka Hukuku - Av. Deniz Can K\u0131z\u0131l","robots":{"index":"index","follow":"follow","max-snippet":"max-snippet:-1","max-image-preview":"max-image-preview:large","max-video-preview":"max-video-preview:-1"},"canonical":"https:\/\/denizcankizil.tr\/en\/seo\/konyaalti-ve-muratpasada-bosanma-ve-nafaka-hukuku\/","og_locale":"en_GB","og_type":"article","og_title":"Konyaalt\u0131 ve Muratpa\u015fa'da Bo\u015fanma ve Nafaka Hukuku","og_description":"Konyaalt\u0131 ve Muratpa\u015fa'da bo\u015fanma ve nafaka hukuku, sosyal dinamiklerin etkisiyle g\u00fcn ge\u00e7tik\u00e7e daha karma\u015f\u0131k bir hal almaktad\u0131r. Bu \u00e7al\u0131\u015fmada, ilgili mevzuat ve uygulamadaki geli\u015fmelerin analizi, taraflar\u0131n haklar\u0131n\u0131 koruma anlam\u0131nda \u00f6nem arz etmektedir.","og_url":"https:\/\/denizcankizil.tr\/en\/seo\/konyaalti-ve-muratpasada-bosanma-ve-nafaka-hukuku\/","og_site_name":"Av. Deniz Can K\u0131z\u0131l","article_published_time":"2024-10-20T11:19:14+00:00","article_modified_time":"2024-10-20T11:25:26+00:00","og_image":[{"width":800,"height":800,"url":"https:\/\/denizcankizil.tr\/wp-content\/uploads\/2024\/10\/5263-konyaalti-ve-muratpasada-bosanma-ve-nafaka-hukuku.jpg","type":"image\/jpeg"}],"author":"admin","twitter_card":"summary_large_image","twitter_misc":{"Written by":"admin","Estimated reading time":"7 minutes"},"schema":{"@context":"https:\/\/schema.org","@graph":[{"@type":"Article","@id":"https:\/\/denizcankizil.tr\/en\/seo\/konyaalti-ve-muratpasada-bosanma-ve-nafaka-hukuku\/#article","isPartOf":{"@id":"https:\/\/denizcankizil.tr\/en\/seo\/konyaalti-ve-muratpasada-bosanma-ve-nafaka-hukuku\/"},"author":{"name":"admin","@id":"https:\/\/denizcankizil.tr\/#\/schema\/person\/be3c05fe6a12686905512445d8185489"},"headline":"Konyaalt\u0131 ve Muratpa\u015fa&#8217;da Bo\u015fanma ve Nafaka Hukuku","datePublished":"2024-10-20T11:19:14+00:00","dateModified":"2024-10-20T11:25:26+00:00","mainEntityOfPage":{"@id":"https:\/\/denizcankizil.tr\/en\/seo\/konyaalti-ve-muratpasada-bosanma-ve-nafaka-hukuku\/"},"wordCount":1383,"commentCount":0,"publisher":{"@id":"https:\/\/denizcankizil.tr\/#organization"},"image":{"@id":"https:\/\/denizcankizil.tr\/en\/seo\/konyaalti-ve-muratpasada-bosanma-ve-nafaka-hukuku\/#primaryimage"},"thumbnailUrl":"https:\/\/denizcankizil.tr\/wp-content\/uploads\/2024\/10\/5263-konyaalti-ve-muratpasada-bosanma-ve-nafaka-hukuku.jpg","articleSection":["Seo"],"inLanguage":"en-GB","potentialAction":[{"@type":"CommentAction","name":"Comment","target":["https:\/\/denizcankizil.tr\/en\/seo\/konyaalti-ve-muratpasada-bosanma-ve-nafaka-hukuku\/#respond"]}]},{"@type":"WebPage","@id":"https:\/\/denizcankizil.tr\/en\/seo\/konyaalti-ve-muratpasada-bosanma-ve-nafaka-hukuku\/","url":"https:\/\/denizcankizil.tr\/en\/seo\/konyaalti-ve-muratpasada-bosanma-ve-nafaka-hukuku\/","name":"Konyaalt\u0131 ve Muratpa\u015fa'da Bo\u015fanma ve Nafaka Hukuku - Av. Deniz Can K\u0131z\u0131l","isPartOf":{"@id":"https:\/\/denizcankizil.tr\/#website"},"primaryImageOfPage":{"@id":"https:\/\/denizcankizil.tr\/en\/seo\/konyaalti-ve-muratpasada-bosanma-ve-nafaka-hukuku\/#primaryimage"},"image":{"@id":"https:\/\/denizcankizil.tr\/en\/seo\/konyaalti-ve-muratpasada-bosanma-ve-nafaka-hukuku\/#primaryimage"},"thumbnailUrl":"https:\/\/denizcankizil.tr\/wp-content\/uploads\/2024\/10\/5263-konyaalti-ve-muratpasada-bosanma-ve-nafaka-hukuku.jpg","datePublished":"2024-10-20T11:19:14+00:00","dateModified":"2024-10-20T11:25:26+00:00","breadcrumb":{"@id":"https:\/\/denizcankizil.tr\/en\/seo\/konyaalti-ve-muratpasada-bosanma-ve-nafaka-hukuku\/#breadcrumb"},"inLanguage":"en-GB","potentialAction":[{"@type":"ReadAction","target":["https:\/\/denizcankizil.tr\/en\/seo\/konyaalti-ve-muratpasada-bosanma-ve-nafaka-hukuku\/"]}]},{"@type":"ImageObject","inLanguage":"en-GB","@id":"https:\/\/denizcankizil.tr\/en\/seo\/konyaalti-ve-muratpasada-bosanma-ve-nafaka-hukuku\/#primaryimage","url":"https:\/\/denizcankizil.tr\/wp-content\/uploads\/2024\/10\/5263-konyaalti-ve-muratpasada-bosanma-ve-nafaka-hukuku.jpg","contentUrl":"https:\/\/denizcankizil.tr\/wp-content\/uploads\/2024\/10\/5263-konyaalti-ve-muratpasada-bosanma-ve-nafaka-hukuku.jpg","width":800,"height":800,"caption":"Konyaalt\u0131 ve Muratpa\u015fa&#8217;da Bo\u015fanma ve Nafaka Hukuku"},{"@type":"BreadcrumbList","@id":"https:\/\/denizcankizil.tr\/en\/seo\/konyaalti-ve-muratpasada-bosanma-ve-nafaka-hukuku\/#breadcrumb","itemListElement":[{"@type":"ListItem","position":1,"name":"Home","item":"https:\/\/denizcankizil.tr\/uk\/"},{"@type":"ListItem","position":2,"name":"Konyaalt\u0131 ve Muratpa\u015fa&#8217;da Bo\u015fanma ve Nafaka Hukuku"}]},{"@type":"WebSite","@id":"https:\/\/denizcankizil.tr\/#website","url":"https:\/\/denizcankizil.tr\/","name":"Av. Deniz Can K\u0131z\u0131l","description":"Avukat Deniz Can K\u0131z\u0131l Antalya Barosu","publisher":{"@id":"https:\/\/denizcankizil.tr\/#organization"},"potentialAction":[{"@type":"SearchAction","target":{"@type":"EntryPoint","urlTemplate":"https:\/\/denizcankizil.tr\/?s={search_term_string}"},"query-input":{"@type":"PropertyValueSpecification","valueRequired":true,"valueName":"search_term_string"}}],"inLanguage":"en-GB"},{"@type":"Organization","@id":"https:\/\/denizcankizil.tr\/#organization","name":"Av. Deniz Can K\u0131z\u0131l","url":"https:\/\/denizcankizil.tr\/","logo":{"@type":"ImageObject","inLanguage":"en-GB","@id":"https:\/\/denizcankizil.tr\/#\/schema\/logo\/image\/","url":"https:\/\/denizcankizil.tr\/wp-content\/uploads\/2024\/10\/siyah-logo-svg.svg","contentUrl":"https:\/\/denizcankizil.tr\/wp-content\/uploads\/2024\/10\/siyah-logo-svg.svg","width":1080,"height":1080,"caption":"Av. Deniz Can K\u0131z\u0131l"},"image":{"@id":"https:\/\/denizcankizil.tr\/#\/schema\/logo\/image\/"}},{"@type":"Person","@id":"https:\/\/denizcankizil.tr\/#\/schema\/person\/be3c05fe6a12686905512445d8185489","name":"admin","image":{"@type":"ImageObject","inLanguage":"en-GB","@id":"https:\/\/denizcankizil.tr\/#\/schema\/person\/image\/","url":"https:\/\/secure.gravatar.com\/avatar\/c1fce94c830dc79107e174f890d7210541c4a63e8e5d816341794a2151c9d58c?s=96&d=mm&r=g","contentUrl":"https:\/\/secure.gravatar.com\/avatar\/c1fce94c830dc79107e174f890d7210541c4a63e8e5d816341794a2151c9d58c?s=96&d=mm&r=g","caption":"admin"},"sameAs":["http:\/\/denizcankizil.tr"],"url":"https:\/\/denizcankizil.tr\/en\/author\/admin\/"}]}},"_links":{"self":[{"href":"https:\/\/denizcankizil.tr\/en\/wp-json\/wp\/v2\/posts\/5263","targetHints":{"allow":["GET"]}}],"collection":[{"href":"https:\/\/denizcankizil.tr\/en\/wp-json\/wp\/v2\/posts"}],"about":[{"href":"https:\/\/denizcankizil.tr\/en\/wp-json\/wp\/v2\/types\/post"}],"author":[{"embeddable":true,"href":"https:\/\/denizcankizil.tr\/en\/wp-json\/wp\/v2\/users\/1"}],"replies":[{"embeddable":true,"href":"https:\/\/denizcankizil.tr\/en\/wp-json\/wp\/v2\/comments?post=5263"}],"version-history":[{"count":2,"href":"https:\/\/denizcankizil.tr\/en\/wp-json\/wp\/v2\/posts\/5263\/revisions"}],"predecessor-version":[{"id":5272,"href":"https:\/\/denizcankizil.tr\/en\/wp-json\/wp\/v2\/posts\/5263\/revisions\/5272"}],"wp:featuredmedia":[{"embeddable":true,"href":"https:\/\/denizcankizil.tr\/en\/wp-json\/wp\/v2\/media\/5265"}],"wp:attachment":[{"href":"https:\/\/denizcankizil.tr\/en\/wp-json\/wp\/v2\/media?parent=5263"}],"wp:term":[{"taxonomy":"category","embeddable":true,"href":"https:\/\/denizcankizil.tr\/en\/wp-json\/wp\/v2\/categories?post=5263"},{"taxonomy":"post_tag","embeddable":true,"href":"https:\/\/denizcankizil.tr\/en\/wp-json\/wp\/v2\/tags?post=5263"}],"curies":[{"name":"wp","href":"https:\/\/api.w.org\/{rel}","templated":true}]}}