{"id":5174,"date":"2024-10-20T11:47:38","date_gmt":"2024-10-20T08:47:38","guid":{"rendered":"https:\/\/denizcankizil.tr\/uncategorized-tr\/turkiye-barolar-birliginden-noterlere-dava\/"},"modified":"2024-10-20T11:47:46","modified_gmt":"2024-10-20T08:47:46","slug":"turkiye-barolar-birliginden-noterlere-dava","status":"publish","type":"post","link":"https:\/\/denizcankizil.tr\/en\/haberler\/gundem\/turkiye-barolar-birliginden-noterlere-dava\/","title":{"rendered":"T\u00fcrkiye Barolar Birli\u011fi&#8217;nden noterlere dava!"},"content":{"rendered":"<h1>T\u00fcrkiye Barolar Birli\u011fi&#8217;nden Damga Vergisi Genelgesine \u0130tiraz<\/h1>\n\n<p>T\u00fcrkiye Barolar Birli\u011fi (TBB), noterler arac\u0131l\u0131\u011f\u0131yla iletilecek baz\u0131 fesih bildirimlerinin damga vergisine tabi tutulmas\u0131na dair 29 A\u011fustos 2024 tarihli genelgenin iptali i\u00e7in hukuki s\u00fcre\u00e7 ba\u015flatt\u0131. TBB, bu genelgeye kar\u015f\u0131 y\u00fcr\u00fctmeyi durdurma talebiyle birlikte Anayasa Mahkemesi&#8217;ne ba\u015fvuruda bulunmay\u0131 planlad\u0131\u011f\u0131n\u0131 a\u00e7\u0131klad\u0131.<\/p>\n\n<h2>Genelgenin \u0130\u00e7eri\u011fi ve Ele\u015ftiriler<\/h2>\n<p>TBB&#8217;nin yapt\u0131\u011f\u0131 a\u00e7\u0131klamada, dava konusu olan genelgenin vergi uygulamalar\u0131 konusunda idareye geni\u015f yetkiler tan\u0131d\u0131\u011f\u0131na dikkat \u00e7ekildi. Bu durumun hukuki belirlilik ve \u00f6ng\u00f6r\u00fclebilirlik ilkeleri ile verginin kanunili\u011fi ilkesine ayk\u0131r\u0131 oldu\u011fu vurguland\u0131. Ayr\u0131ca, bu d\u00fczenlemenin m\u00fclkiyet hakk\u0131na m\u00fcdahale etti\u011fi ifade edildi.<\/p>\n\n<h2>T\u00fcketici ve \u0130\u015f Hukuku \u00dczerindeki Etkileri<\/h2>\n<p>A\u00e7\u0131klamada, &#8220;Bu genelge, yasal haklar\u0131n kullan\u0131m\u0131 a\u00e7\u0131s\u0131ndan ihbar niteli\u011findeki i\u015flemleri damga vergisine tabi tutarak t\u00fcketici ve i\u015f hukukuna ili\u015fkin yasal d\u00fczenlemelerle korunmaya \u00e7al\u0131\u015f\u0131lan i\u015f\u00e7i ve t\u00fcketici menfaatlerini orant\u0131s\u0131z bir \u015fekilde ihlal etmektedir.&#8221; denildi. Bu durumun sekt\u00f6rde yarataca\u011f\u0131 olumsuz etkilerin yan\u0131 s\u0131ra, mevcut ekonomik ko\u015fullarda \u00e7al\u0131\u015fanlar\u0131n haklar\u0131n\u0131 daha da zay\u0131flatabilece\u011fi belirtiliyor.<\/p>\n\n<h3>In conclusion<\/h3>\n<p>TBB&#8217;nin a\u00e7t\u0131\u011f\u0131 dava, T\u00fcrkiye&#8217;deki hukuk sisteminin temel prensipleri a\u00e7\u0131s\u0131ndan \u00f6nemli bir tart\u0131\u015fma yaratacak gibi g\u00f6r\u00fcn\u00fcyor. Damga vergisinin uygulanmas\u0131yla ilgili yap\u0131lan bu d\u00fczenlemelerin sonu\u00e7lar\u0131 merakla bekleniyor.<\/p>\n\n<p><em>Haber Kayna\u011f\u0131: www.iskenderun.org<\/em><\/p>","protected":false},"excerpt":{"rendered":"<p>T\u00fcrkiye Barolar Birli\u011fi&#8217;nden Damga Vergisi Genelgesine \u0130tiraz T\u00fcrkiye Barolar Birli\u011fi (TBB), noterler arac\u0131l\u0131\u011f\u0131yla iletilecek baz\u0131 fesih bildirimlerinin damga vergisine tabi tutulmas\u0131na dair 29 A\u011fustos 2024 tarihli genelgenin iptali i\u00e7in hukuki s\u00fcre\u00e7 ba\u015flatt\u0131. TBB, bu genelgeye kar\u015f\u0131 y\u00fcr\u00fctmeyi durdurma talebiyle birlikte Anayasa Mahkemesi&#8217;ne ba\u015fvuruda bulunmay\u0131 planlad\u0131\u011f\u0131n\u0131 a\u00e7\u0131klad\u0131. Genelgenin \u0130\u00e7eri\u011fi ve Ele\u015ftiriler TBB&#8217;nin yapt\u0131\u011f\u0131 a\u00e7\u0131klamada, dava konusu olan genelgenin vergi uygulamalar\u0131 konusunda idareye geni\u015f yetkiler tan\u0131d\u0131\u011f\u0131na dikkat \u00e7ekildi. Bu durumun hukuki belirlilik ve \u00f6ng\u00f6r\u00fclebilirlik ilkeleri ile verginin kanunili\u011fi ilkesine ayk\u0131r\u0131 oldu\u011fu vurguland\u0131. Ayr\u0131ca, bu d\u00fczenlemenin m\u00fclkiyet hakk\u0131na m\u00fcdahale etti\u011fi ifade edildi. T\u00fcketici ve \u0130\u015f Hukuku \u00dczerindeki Etkileri A\u00e7\u0131klamada, &#8220;Bu genelge, yasal haklar\u0131n kullan\u0131m\u0131 a\u00e7\u0131s\u0131ndan ihbar niteli\u011findeki i\u015flemleri damga vergisine tabi tutarak t\u00fcketici ve i\u015f hukukuna ili\u015fkin yasal d\u00fczenlemelerle korunmaya \u00e7al\u0131\u015f\u0131lan i\u015f\u00e7i ve t\u00fcketici menfaatlerini orant\u0131s\u0131z bir \u015fekilde ihlal etmektedir.&#8221; denildi. Bu durumun sekt\u00f6rde yarataca\u011f\u0131 olumsuz etkilerin yan\u0131 s\u0131ra, mevcut ekonomik ko\u015fullarda \u00e7al\u0131\u015fanlar\u0131n haklar\u0131n\u0131 daha da zay\u0131flatabilece\u011fi belirtiliyor. Sonu\u00e7 Olarak TBB&#8217;nin a\u00e7t\u0131\u011f\u0131 dava, T\u00fcrkiye&#8217;deki hukuk sisteminin temel prensipleri a\u00e7\u0131s\u0131ndan \u00f6nemli bir tart\u0131\u015fma yaratacak gibi g\u00f6r\u00fcn\u00fcyor. Damga vergisinin uygulanmas\u0131yla ilgili yap\u0131lan bu d\u00fczenlemelerin sonu\u00e7lar\u0131 merakla bekleniyor. Haber Kayna\u011f\u0131: www.iskenderun.org<\/p>","protected":false},"author":0,"featured_media":0,"comment_status":"open","ping_status":"open","sticky":false,"template":"","format":"standard","meta":{"_acf_changed":false,"footnotes":""},"categories":[24,535],"tags":[],"class_list":["post-5174","post","type-post","status-publish","format-standard","has-post-thumbnail","hentry","category-gundem","category-uncategorized-tr"],"acf":[],"yoast_head":"<!-- This site is optimized with the Yoast SEO Premium plugin v26.6 (Yoast SEO v27.1.1) - https:\/\/yoast.com\/product\/yoast-seo-premium-wordpress\/ -->\n<title>T\u00fcrkiye Barolar Birli\u011fi&#039;nden noterlere dava! - Av. Deniz Can K\u0131z\u0131l<\/title>\n<meta name=\"robots\" content=\"index, follow, max-snippet:-1, max-image-preview:large, max-video-preview:-1\" \/>\n<link rel=\"canonical\" href=\"http:\/\/denizcankizil.tr\/en\/haberler\/gundem\/turkiye-barolar-birliginden-noterlere-dava\/\" \/>\n<meta property=\"og:locale\" content=\"en_GB\" \/>\n<meta property=\"og:type\" content=\"article\" \/>\n<meta property=\"og:title\" content=\"T\u00fcrkiye Barolar Birli\u011fi&#039;nden noterlere dava!\" \/>\n<meta property=\"og:description\" content=\"T\u00fcrkiye Barolar Birli\u011fi&#8217;nden Damga Vergisi Genelgesine \u0130tiraz T\u00fcrkiye Barolar Birli\u011fi (TBB), noterler arac\u0131l\u0131\u011f\u0131yla iletilecek baz\u0131 fesih bildirimlerinin damga vergisine tabi tutulmas\u0131na dair 29 A\u011fustos 2024 tarihli genelgenin iptali i\u00e7in hukuki s\u00fcre\u00e7 ba\u015flatt\u0131. TBB, bu genelgeye kar\u015f\u0131 y\u00fcr\u00fctmeyi durdurma talebiyle birlikte Anayasa Mahkemesi&#8217;ne ba\u015fvuruda bulunmay\u0131 planlad\u0131\u011f\u0131n\u0131 a\u00e7\u0131klad\u0131. Genelgenin \u0130\u00e7eri\u011fi ve Ele\u015ftiriler TBB&#8217;nin yapt\u0131\u011f\u0131 a\u00e7\u0131klamada, dava konusu olan genelgenin vergi uygulamalar\u0131 konusunda idareye geni\u015f yetkiler tan\u0131d\u0131\u011f\u0131na dikkat \u00e7ekildi. Bu durumun hukuki belirlilik ve \u00f6ng\u00f6r\u00fclebilirlik ilkeleri ile verginin kanunili\u011fi ilkesine ayk\u0131r\u0131 oldu\u011fu vurguland\u0131. Ayr\u0131ca, bu d\u00fczenlemenin m\u00fclkiyet hakk\u0131na m\u00fcdahale etti\u011fi ifade edildi. T\u00fcketici ve \u0130\u015f Hukuku \u00dczerindeki Etkileri A\u00e7\u0131klamada, &#8220;Bu genelge, yasal haklar\u0131n kullan\u0131m\u0131 a\u00e7\u0131s\u0131ndan ihbar niteli\u011findeki i\u015flemleri damga vergisine tabi tutarak t\u00fcketici ve i\u015f hukukuna ili\u015fkin yasal d\u00fczenlemelerle korunmaya \u00e7al\u0131\u015f\u0131lan i\u015f\u00e7i ve t\u00fcketici menfaatlerini orant\u0131s\u0131z bir \u015fekilde ihlal etmektedir.&#8221; denildi. Bu durumun sekt\u00f6rde yarataca\u011f\u0131 olumsuz etkilerin yan\u0131 s\u0131ra, mevcut ekonomik ko\u015fullarda \u00e7al\u0131\u015fanlar\u0131n haklar\u0131n\u0131 daha da zay\u0131flatabilece\u011fi belirtiliyor. Sonu\u00e7 Olarak TBB&#8217;nin a\u00e7t\u0131\u011f\u0131 dava, T\u00fcrkiye&#8217;deki hukuk sisteminin temel prensipleri a\u00e7\u0131s\u0131ndan \u00f6nemli bir tart\u0131\u015fma yaratacak gibi g\u00f6r\u00fcn\u00fcyor. Damga vergisinin uygulanmas\u0131yla ilgili yap\u0131lan bu d\u00fczenlemelerin sonu\u00e7lar\u0131 merakla bekleniyor. Haber Kayna\u011f\u0131: www.iskenderun.org\" \/>\n<meta property=\"og:url\" content=\"http:\/\/denizcankizil.tr\/en\/haberler\/gundem\/turkiye-barolar-birliginden-noterlere-dava\/\" \/>\n<meta property=\"og:site_name\" content=\"Av. Deniz Can K\u0131z\u0131l\" \/>\n<meta property=\"article:published_time\" content=\"2024-10-20T08:47:38+00:00\" \/>\n<meta property=\"article:modified_time\" content=\"2024-10-20T08:47:46+00:00\" \/>\n<meta name=\"twitter:card\" content=\"summary_large_image\" \/>\n<meta name=\"twitter:label1\" content=\"Estimated reading time\" \/>\n\t<meta name=\"twitter:data1\" content=\"1 minute\" \/>\n<script type=\"application\/ld+json\" class=\"yoast-schema-graph\">{\"@context\":\"https:\/\/schema.org\",\"@graph\":[{\"@type\":\"Article\",\"@id\":\"http:\/\/denizcankizil.tr\/ru\/haberler\/gundem\/turkiye-barolar-birliginden-noterlere-dava\/#article\",\"isPartOf\":{\"@id\":\"http:\/\/denizcankizil.tr\/ru\/haberler\/gundem\/turkiye-barolar-birliginden-noterlere-dava\/\"},\"author\":{\"name\":\"\",\"@id\":\"\"},\"headline\":\"T\u00fcrkiye Barolar Birli\u011fi&#8217;nden noterlere dava!\",\"datePublished\":\"2024-10-20T08:47:38+00:00\",\"dateModified\":\"2024-10-20T08:47:46+00:00\",\"mainEntityOfPage\":{\"@id\":\"http:\/\/denizcankizil.tr\/ru\/haberler\/gundem\/turkiye-barolar-birliginden-noterlere-dava\/\"},\"wordCount\":255,\"commentCount\":0,\"publisher\":{\"@id\":\"https:\/\/denizcankizil.tr\/de\/#organization\"},\"articleSection\":[\"G\u00fcndem\",\"Uncategorized\"],\"inLanguage\":\"en-GB\",\"potentialAction\":[{\"@type\":\"CommentAction\",\"name\":\"Comment\",\"target\":[\"http:\/\/denizcankizil.tr\/ru\/haberler\/gundem\/turkiye-barolar-birliginden-noterlere-dava\/#respond\"]}]},{\"@type\":\"WebPage\",\"@id\":\"http:\/\/denizcankizil.tr\/ru\/haberler\/gundem\/turkiye-barolar-birliginden-noterlere-dava\/\",\"url\":\"http:\/\/denizcankizil.tr\/ru\/haberler\/gundem\/turkiye-barolar-birliginden-noterlere-dava\/\",\"name\":\"T\u00fcrkiye Barolar Birli\u011fi'nden noterlere dava! - Av. Deniz Can K\u0131z\u0131l\",\"isPartOf\":{\"@id\":\"https:\/\/denizcankizil.tr\/de\/#website\"},\"datePublished\":\"2024-10-20T08:47:38+00:00\",\"dateModified\":\"2024-10-20T08:47:46+00:00\",\"breadcrumb\":{\"@id\":\"http:\/\/denizcankizil.tr\/ru\/haberler\/gundem\/turkiye-barolar-birliginden-noterlere-dava\/#breadcrumb\"},\"inLanguage\":\"en-GB\",\"potentialAction\":[{\"@type\":\"ReadAction\",\"target\":[\"http:\/\/denizcankizil.tr\/ru\/haberler\/gundem\/turkiye-barolar-birliginden-noterlere-dava\/\"]}]},{\"@type\":\"BreadcrumbList\",\"@id\":\"http:\/\/denizcankizil.tr\/ru\/haberler\/gundem\/turkiye-barolar-birliginden-noterlere-dava\/#breadcrumb\",\"itemListElement\":[{\"@type\":\"ListItem\",\"position\":1,\"name\":\"Home\",\"item\":\"https:\/\/denizcankizil.tr\/de\/\"},{\"@type\":\"ListItem\",\"position\":2,\"name\":\"T\u00fcrkiye Barolar Birli\u011fi&#8217;nden noterlere dava!\"}]},{\"@type\":\"WebSite\",\"@id\":\"https:\/\/denizcankizil.tr\/de\/#website\",\"url\":\"https:\/\/denizcankizil.tr\/de\/\",\"name\":\"Av. Deniz Can K\u0131z\u0131l\",\"description\":\"Avukat Deniz Can K\u0131z\u0131l Antalya Barosu\",\"publisher\":{\"@id\":\"https:\/\/denizcankizil.tr\/de\/#organization\"},\"potentialAction\":[{\"@type\":\"SearchAction\",\"target\":{\"@type\":\"EntryPoint\",\"urlTemplate\":\"https:\/\/denizcankizil.tr\/de\/?s={search_term_string}\"},\"query-input\":{\"@type\":\"PropertyValueSpecification\",\"valueRequired\":true,\"valueName\":\"search_term_string\"}}],\"inLanguage\":\"en-GB\"},{\"@type\":\"Organization\",\"@id\":\"https:\/\/denizcankizil.tr\/de\/#organization\",\"name\":\"Av. Deniz Can K\u0131z\u0131l\",\"url\":\"https:\/\/denizcankizil.tr\/de\/\",\"logo\":{\"@type\":\"ImageObject\",\"inLanguage\":\"en-GB\",\"@id\":\"https:\/\/denizcankizil.tr\/de\/#\/schema\/logo\/image\/\",\"url\":\"https:\/\/denizcankizil.tr\/wp-content\/uploads\/2024\/10\/siyah-logo-svg.svg\",\"contentUrl\":\"https:\/\/denizcankizil.tr\/wp-content\/uploads\/2024\/10\/siyah-logo-svg.svg\",\"width\":1080,\"height\":1080,\"caption\":\"Av. Deniz Can K\u0131z\u0131l\"},\"image\":{\"@id\":\"https:\/\/denizcankizil.tr\/de\/#\/schema\/logo\/image\/\"}}]}<\/script>\n<!-- \/ Yoast SEO Premium plugin. -->","yoast_head_json":{"title":"T\u00fcrkiye Barolar Birli\u011fi'nden noterlere dava! - Av. Deniz Can K\u0131z\u0131l","robots":{"index":"index","follow":"follow","max-snippet":"max-snippet:-1","max-image-preview":"max-image-preview:large","max-video-preview":"max-video-preview:-1"},"canonical":"http:\/\/denizcankizil.tr\/en\/haberler\/gundem\/turkiye-barolar-birliginden-noterlere-dava\/","og_locale":"en_GB","og_type":"article","og_title":"T\u00fcrkiye Barolar Birli\u011fi'nden noterlere dava!","og_description":"T\u00fcrkiye Barolar Birli\u011fi&#8217;nden Damga Vergisi Genelgesine \u0130tiraz T\u00fcrkiye Barolar Birli\u011fi (TBB), noterler arac\u0131l\u0131\u011f\u0131yla iletilecek baz\u0131 fesih bildirimlerinin damga vergisine tabi tutulmas\u0131na dair 29 A\u011fustos 2024 tarihli genelgenin iptali i\u00e7in hukuki s\u00fcre\u00e7 ba\u015flatt\u0131. TBB, bu genelgeye kar\u015f\u0131 y\u00fcr\u00fctmeyi durdurma talebiyle birlikte Anayasa Mahkemesi&#8217;ne ba\u015fvuruda bulunmay\u0131 planlad\u0131\u011f\u0131n\u0131 a\u00e7\u0131klad\u0131. Genelgenin \u0130\u00e7eri\u011fi ve Ele\u015ftiriler TBB&#8217;nin yapt\u0131\u011f\u0131 a\u00e7\u0131klamada, dava konusu olan genelgenin vergi uygulamalar\u0131 konusunda idareye geni\u015f yetkiler tan\u0131d\u0131\u011f\u0131na dikkat \u00e7ekildi. Bu durumun hukuki belirlilik ve \u00f6ng\u00f6r\u00fclebilirlik ilkeleri ile verginin kanunili\u011fi ilkesine ayk\u0131r\u0131 oldu\u011fu vurguland\u0131. Ayr\u0131ca, bu d\u00fczenlemenin m\u00fclkiyet hakk\u0131na m\u00fcdahale etti\u011fi ifade edildi. T\u00fcketici ve \u0130\u015f Hukuku \u00dczerindeki Etkileri A\u00e7\u0131klamada, &#8220;Bu genelge, yasal haklar\u0131n kullan\u0131m\u0131 a\u00e7\u0131s\u0131ndan ihbar niteli\u011findeki i\u015flemleri damga vergisine tabi tutarak t\u00fcketici ve i\u015f hukukuna ili\u015fkin yasal d\u00fczenlemelerle korunmaya \u00e7al\u0131\u015f\u0131lan i\u015f\u00e7i ve t\u00fcketici menfaatlerini orant\u0131s\u0131z bir \u015fekilde ihlal etmektedir.&#8221; denildi. Bu durumun sekt\u00f6rde yarataca\u011f\u0131 olumsuz etkilerin yan\u0131 s\u0131ra, mevcut ekonomik ko\u015fullarda \u00e7al\u0131\u015fanlar\u0131n haklar\u0131n\u0131 daha da zay\u0131flatabilece\u011fi belirtiliyor. Sonu\u00e7 Olarak TBB&#8217;nin a\u00e7t\u0131\u011f\u0131 dava, T\u00fcrkiye&#8217;deki hukuk sisteminin temel prensipleri a\u00e7\u0131s\u0131ndan \u00f6nemli bir tart\u0131\u015fma yaratacak gibi g\u00f6r\u00fcn\u00fcyor. Damga vergisinin uygulanmas\u0131yla ilgili yap\u0131lan bu d\u00fczenlemelerin sonu\u00e7lar\u0131 merakla bekleniyor. Haber Kayna\u011f\u0131: www.iskenderun.org","og_url":"http:\/\/denizcankizil.tr\/en\/haberler\/gundem\/turkiye-barolar-birliginden-noterlere-dava\/","og_site_name":"Av. Deniz Can K\u0131z\u0131l","article_published_time":"2024-10-20T08:47:38+00:00","article_modified_time":"2024-10-20T08:47:46+00:00","twitter_card":"summary_large_image","twitter_misc":{"Estimated reading time":"1 minute"},"schema":{"@context":"https:\/\/schema.org","@graph":[{"@type":"Article","@id":"http:\/\/denizcankizil.tr\/ru\/haberler\/gundem\/turkiye-barolar-birliginden-noterlere-dava\/#article","isPartOf":{"@id":"http:\/\/denizcankizil.tr\/ru\/haberler\/gundem\/turkiye-barolar-birliginden-noterlere-dava\/"},"author":{"name":"","@id":""},"headline":"T\u00fcrkiye Barolar Birli\u011fi&#8217;nden noterlere dava!","datePublished":"2024-10-20T08:47:38+00:00","dateModified":"2024-10-20T08:47:46+00:00","mainEntityOfPage":{"@id":"http:\/\/denizcankizil.tr\/ru\/haberler\/gundem\/turkiye-barolar-birliginden-noterlere-dava\/"},"wordCount":255,"commentCount":0,"publisher":{"@id":"https:\/\/denizcankizil.tr\/de\/#organization"},"articleSection":["G\u00fcndem","Uncategorized"],"inLanguage":"en-GB","potentialAction":[{"@type":"CommentAction","name":"Comment","target":["http:\/\/denizcankizil.tr\/ru\/haberler\/gundem\/turkiye-barolar-birliginden-noterlere-dava\/#respond"]}]},{"@type":"WebPage","@id":"http:\/\/denizcankizil.tr\/ru\/haberler\/gundem\/turkiye-barolar-birliginden-noterlere-dava\/","url":"http:\/\/denizcankizil.tr\/ru\/haberler\/gundem\/turkiye-barolar-birliginden-noterlere-dava\/","name":"T\u00fcrkiye Barolar Birli\u011fi'nden noterlere dava! - Av. Deniz Can K\u0131z\u0131l","isPartOf":{"@id":"https:\/\/denizcankizil.tr\/de\/#website"},"datePublished":"2024-10-20T08:47:38+00:00","dateModified":"2024-10-20T08:47:46+00:00","breadcrumb":{"@id":"http:\/\/denizcankizil.tr\/ru\/haberler\/gundem\/turkiye-barolar-birliginden-noterlere-dava\/#breadcrumb"},"inLanguage":"en-GB","potentialAction":[{"@type":"ReadAction","target":["http:\/\/denizcankizil.tr\/ru\/haberler\/gundem\/turkiye-barolar-birliginden-noterlere-dava\/"]}]},{"@type":"BreadcrumbList","@id":"http:\/\/denizcankizil.tr\/ru\/haberler\/gundem\/turkiye-barolar-birliginden-noterlere-dava\/#breadcrumb","itemListElement":[{"@type":"ListItem","position":1,"name":"Home","item":"https:\/\/denizcankizil.tr\/de\/"},{"@type":"ListItem","position":2,"name":"T\u00fcrkiye Barolar Birli\u011fi&#8217;nden noterlere dava!"}]},{"@type":"WebSite","@id":"https:\/\/denizcankizil.tr\/de\/#website","url":"https:\/\/denizcankizil.tr\/de\/","name":"Av. Deniz Can K\u0131z\u0131l","description":"Avukat Deniz Can K\u0131z\u0131l Antalya Barosu","publisher":{"@id":"https:\/\/denizcankizil.tr\/de\/#organization"},"potentialAction":[{"@type":"SearchAction","target":{"@type":"EntryPoint","urlTemplate":"https:\/\/denizcankizil.tr\/de\/?s={search_term_string}"},"query-input":{"@type":"PropertyValueSpecification","valueRequired":true,"valueName":"search_term_string"}}],"inLanguage":"en-GB"},{"@type":"Organization","@id":"https:\/\/denizcankizil.tr\/de\/#organization","name":"Av. Deniz Can K\u0131z\u0131l","url":"https:\/\/denizcankizil.tr\/de\/","logo":{"@type":"ImageObject","inLanguage":"en-GB","@id":"https:\/\/denizcankizil.tr\/de\/#\/schema\/logo\/image\/","url":"https:\/\/denizcankizil.tr\/wp-content\/uploads\/2024\/10\/siyah-logo-svg.svg","contentUrl":"https:\/\/denizcankizil.tr\/wp-content\/uploads\/2024\/10\/siyah-logo-svg.svg","width":1080,"height":1080,"caption":"Av. Deniz Can K\u0131z\u0131l"},"image":{"@id":"https:\/\/denizcankizil.tr\/de\/#\/schema\/logo\/image\/"}}]}},"_links":{"self":[{"href":"https:\/\/denizcankizil.tr\/en\/wp-json\/wp\/v2\/posts\/5174","targetHints":{"allow":["GET"]}}],"collection":[{"href":"https:\/\/denizcankizil.tr\/en\/wp-json\/wp\/v2\/posts"}],"about":[{"href":"https:\/\/denizcankizil.tr\/en\/wp-json\/wp\/v2\/types\/post"}],"replies":[{"embeddable":true,"href":"https:\/\/denizcankizil.tr\/en\/wp-json\/wp\/v2\/comments?post=5174"}],"version-history":[{"count":1,"href":"https:\/\/denizcankizil.tr\/en\/wp-json\/wp\/v2\/posts\/5174\/revisions"}],"predecessor-version":[{"id":5175,"href":"https:\/\/denizcankizil.tr\/en\/wp-json\/wp\/v2\/posts\/5174\/revisions\/5175"}],"wp:attachment":[{"href":"https:\/\/denizcankizil.tr\/en\/wp-json\/wp\/v2\/media?parent=5174"}],"wp:term":[{"taxonomy":"category","embeddable":true,"href":"https:\/\/denizcankizil.tr\/en\/wp-json\/wp\/v2\/categories?post=5174"},{"taxonomy":"post_tag","embeddable":true,"href":"https:\/\/denizcankizil.tr\/en\/wp-json\/wp\/v2\/tags?post=5174"}],"curies":[{"name":"wp","href":"https:\/\/api.w.org\/{rel}","templated":true}]}}