{"id":51585,"date":"2025-04-10T17:41:42","date_gmt":"2025-04-10T14:41:42","guid":{"rendered":"https:\/\/denizcankizil.tr\/uncategorized-tr\/alanyada-gonulluler-sahili-temizledi\/"},"modified":"2025-04-10T17:41:42","modified_gmt":"2025-04-10T14:41:42","slug":"alanyada-gonulluler-sahili-temizledi","status":"publish","type":"post","link":"https:\/\/denizcankizil.tr\/en\/haberler\/antalya\/alanyada-gonulluler-sahili-temizledi\/","title":{"rendered":"Alanya&#8217;da g\u00f6n\u00fcll\u00fcler sahili temizledi"},"content":{"rendered":"<p>Alanya Belediyesi, bir yandan rutin temizlik \u00e7al\u0131\u015fmalar\u0131n\u0131 y\u00fcr\u00fct\u00fcrken di\u011fer yandan da fark\u0131ndal\u0131k olu\u015fturan projeleri hayata ge\u00e7iriyor. Belediye Temizlik \u0130\u015fleri M\u00fcd\u00fcrl\u00fc\u011f\u00fc ile Alanya Do\u011fa Koruma ve Milli Parklar \u015eefli\u011fi i\u015f birli\u011finde Demirta\u015f Mahallesi\u2019nde temizlik ve fark\u0131ndal\u0131k \u00e7al\u0131\u015fmas\u0131 ger\u00e7ekle\u015ftirildi.<\/p>\n<p>Plajda personel ile g\u00f6n\u00fcll\u00fcler temizlik \u00e7al\u0131\u015fmas\u0131 yaparak, temiz sahil ve temiz deniz i\u00e7in fark\u0131ndal\u0131k olu\u015fturdu. Yakla\u015fan yaz aylar\u0131nda vatanda\u015flar\u0131n en s\u0131k kulland\u0131\u011f\u0131 sahillerin temiz ve hijyenik olmas\u0131 i\u00e7in y\u00fcr\u00fct\u00fclen \u00e7al\u0131\u015fmalar \u00e7evre g\u00f6n\u00fcll\u00fcleri ile i\u015f birli\u011fi i\u00e7erisinde ger\u00e7ekle\u015ftirildi. Temizlik \u00e7al\u0131\u015fmas\u0131 s\u0131ras\u0131nda koruma alt\u0131nda olan kum zambaklar\u0131 ile caretta caretta kaplumba\u011falar\u0131 unutulmad\u0131. Hem kum zambaklar\u0131 koruma alt\u0131na al\u0131n\u0131rken hem de caretta carettalar\u0131n ya\u015fam ve yumurtlama alanlar\u0131 temizlendi. \u00c7evre g\u00f6n\u00fcll\u00fcleri, Alanya Belediyesi ve Alanya Do\u011fa Koruma ve Milli Parklar \u015eefli\u011fi\u2019ne b\u00f6yle anlaml\u0131 bir fark\u0131ndal\u0131k \u00e7al\u0131\u015fmas\u0131n\u0131 hayata ge\u00e7irdikleri i\u00e7in te\u015fekk\u00fcr etti.<\/p>\n<p>Kaynak: www.kanalv.com.tr Haber Sitesinden Al\u0131nm\u0131\u015ft\u0131r.<\/p>","protected":false},"excerpt":{"rendered":"<p>Alanya Belediyesi, bir yandan rutin temizlik \u00e7al\u0131\u015fmalar\u0131n\u0131 y\u00fcr\u00fct\u00fcrken di\u011fer yandan da fark\u0131ndal\u0131k olu\u015fturan projeleri hayata ge\u00e7iriyor. Belediye Temizlik \u0130\u015fleri M\u00fcd\u00fcrl\u00fc\u011f\u00fc ile Alanya Do\u011fa Koruma ve Milli Parklar \u015eefli\u011fi i\u015f birli\u011finde Demirta\u015f Mahallesi\u2019nde temizlik ve fark\u0131ndal\u0131k \u00e7al\u0131\u015fmas\u0131 ger\u00e7ekle\u015ftirildi. Plajda personel ile g\u00f6n\u00fcll\u00fcler temizlik \u00e7al\u0131\u015fmas\u0131 yaparak, temiz sahil ve temiz deniz i\u00e7in fark\u0131ndal\u0131k olu\u015fturdu. Yakla\u015fan yaz aylar\u0131nda vatanda\u015flar\u0131n en s\u0131k kulland\u0131\u011f\u0131 sahillerin temiz ve hijyenik olmas\u0131 i\u00e7in y\u00fcr\u00fct\u00fclen \u00e7al\u0131\u015fmalar \u00e7evre g\u00f6n\u00fcll\u00fcleri ile i\u015f birli\u011fi i\u00e7erisinde ger\u00e7ekle\u015ftirildi. Temizlik \u00e7al\u0131\u015fmas\u0131 s\u0131ras\u0131nda koruma alt\u0131nda olan kum zambaklar\u0131 ile caretta caretta kaplumba\u011falar\u0131 unutulmad\u0131. Hem kum zambaklar\u0131 koruma alt\u0131na al\u0131n\u0131rken hem de caretta carettalar\u0131n ya\u015fam ve yumurtlama alanlar\u0131 temizlendi. \u00c7evre g\u00f6n\u00fcll\u00fcleri, Alanya Belediyesi ve Alanya Do\u011fa Koruma ve Milli Parklar \u015eefli\u011fi\u2019ne b\u00f6yle anlaml\u0131 bir fark\u0131ndal\u0131k \u00e7al\u0131\u015fmas\u0131n\u0131 hayata ge\u00e7irdikleri i\u00e7in te\u015fekk\u00fcr etti. Kaynak: www.kanalv.com.tr Haber Sitesinden Al\u0131nm\u0131\u015ft\u0131r.<\/p>","protected":false},"author":4,"featured_media":51586,"comment_status":"","ping_status":"open","sticky":false,"template":"","format":"standard","meta":{"_acf_changed":false,"footnotes":""},"categories":[26],"tags":[],"class_list":["post-51585","post","type-post","status-publish","format-standard","has-post-thumbnail","hentry","category-antalya"],"acf":[],"yoast_head":"<!-- This site is optimized with the Yoast SEO Premium plugin v26.6 (Yoast SEO v27.1.1) - https:\/\/yoast.com\/product\/yoast-seo-premium-wordpress\/ -->\n<title>Alanya&#039;da g\u00f6n\u00fcll\u00fcler sahili temizledi - Av. Deniz Can K\u0131z\u0131l<\/title>\n<meta name=\"robots\" content=\"index, follow, max-snippet:-1, max-image-preview:large, max-video-preview:-1\" \/>\n<link rel=\"canonical\" href=\"https:\/\/denizcankizil.tr\/en\/haberler\/antalya\/alanyada-gonulluler-sahili-temizledi\/\" \/>\n<meta property=\"og:locale\" content=\"en_GB\" \/>\n<meta property=\"og:type\" content=\"article\" \/>\n<meta property=\"og:title\" content=\"Alanya&#039;da g\u00f6n\u00fcll\u00fcler sahili temizledi\" \/>\n<meta property=\"og:description\" content=\"Alanya Belediyesi, bir yandan rutin temizlik \u00e7al\u0131\u015fmalar\u0131n\u0131 y\u00fcr\u00fct\u00fcrken di\u011fer yandan da fark\u0131ndal\u0131k olu\u015fturan projeleri hayata ge\u00e7iriyor. Belediye Temizlik \u0130\u015fleri M\u00fcd\u00fcrl\u00fc\u011f\u00fc ile Alanya Do\u011fa Koruma ve Milli Parklar \u015eefli\u011fi i\u015f birli\u011finde Demirta\u015f Mahallesi\u2019nde temizlik ve fark\u0131ndal\u0131k \u00e7al\u0131\u015fmas\u0131 ger\u00e7ekle\u015ftirildi. Plajda personel ile g\u00f6n\u00fcll\u00fcler temizlik \u00e7al\u0131\u015fmas\u0131 yaparak, temiz sahil ve temiz deniz i\u00e7in fark\u0131ndal\u0131k olu\u015fturdu. Yakla\u015fan yaz aylar\u0131nda vatanda\u015flar\u0131n en s\u0131k kulland\u0131\u011f\u0131 sahillerin temiz ve hijyenik olmas\u0131 i\u00e7in y\u00fcr\u00fct\u00fclen \u00e7al\u0131\u015fmalar \u00e7evre g\u00f6n\u00fcll\u00fcleri ile i\u015f birli\u011fi i\u00e7erisinde ger\u00e7ekle\u015ftirildi. Temizlik \u00e7al\u0131\u015fmas\u0131 s\u0131ras\u0131nda koruma alt\u0131nda olan kum zambaklar\u0131 ile caretta caretta kaplumba\u011falar\u0131 unutulmad\u0131. Hem kum zambaklar\u0131 koruma alt\u0131na al\u0131n\u0131rken hem de caretta carettalar\u0131n ya\u015fam ve yumurtlama alanlar\u0131 temizlendi. \u00c7evre g\u00f6n\u00fcll\u00fcleri, Alanya Belediyesi ve Alanya Do\u011fa Koruma ve Milli Parklar \u015eefli\u011fi\u2019ne b\u00f6yle anlaml\u0131 bir fark\u0131ndal\u0131k \u00e7al\u0131\u015fmas\u0131n\u0131 hayata ge\u00e7irdikleri i\u00e7in te\u015fekk\u00fcr etti. Kaynak: www.kanalv.com.tr Haber Sitesinden Al\u0131nm\u0131\u015ft\u0131r.\" \/>\n<meta property=\"og:url\" content=\"https:\/\/denizcankizil.tr\/en\/haberler\/antalya\/alanyada-gonulluler-sahili-temizledi\/\" \/>\n<meta property=\"og:site_name\" content=\"Av. Deniz Can K\u0131z\u0131l\" \/>\n<meta property=\"article:published_time\" content=\"2025-04-10T14:41:42+00:00\" \/>\n<meta property=\"og:image\" content=\"https:\/\/denizcankizil.tr\/wp-content\/uploads\/2025\/04\/a-w429729-02-mae4W8.jpeg\" \/>\n\t<meta property=\"og:image:width\" content=\"1280\" \/>\n\t<meta property=\"og:image:height\" content=\"720\" \/>\n\t<meta property=\"og:image:type\" content=\"image\/jpeg\" \/>\n<meta name=\"author\" content=\"Av. Deniz Can K\u0131z\u0131l\" \/>\n<meta name=\"twitter:card\" content=\"summary_large_image\" \/>\n<meta name=\"twitter:label1\" content=\"Written by\" \/>\n\t<meta name=\"twitter:data1\" content=\"Av. Deniz Can K\u0131z\u0131l\" \/>\n\t<meta name=\"twitter:label2\" content=\"Estimated reading time\" \/>\n\t<meta name=\"twitter:data2\" content=\"1 minute\" \/>\n<script type=\"application\/ld+json\" class=\"yoast-schema-graph\">{\"@context\":\"https:\/\/schema.org\",\"@graph\":[{\"@type\":\"Article\",\"@id\":\"https:\/\/denizcankizil.tr\/en\/haberler\/antalya\/alanyada-gonulluler-sahili-temizledi\/#article\",\"isPartOf\":{\"@id\":\"https:\/\/denizcankizil.tr\/en\/haberler\/antalya\/alanyada-gonulluler-sahili-temizledi\/\"},\"author\":{\"name\":\"Av. Deniz Can K\u0131z\u0131l\",\"@id\":\"https:\/\/denizcankizil.tr\/de\/#\/schema\/person\/5dc1b22991bd7ac833867c10afc9b0ff\"},\"headline\":\"Alanya&#8217;da g\u00f6n\u00fcll\u00fcler sahili temizledi\",\"datePublished\":\"2025-04-10T14:41:42+00:00\",\"mainEntityOfPage\":{\"@id\":\"https:\/\/denizcankizil.tr\/en\/haberler\/antalya\/alanyada-gonulluler-sahili-temizledi\/\"},\"wordCount\":214,\"publisher\":{\"@id\":\"https:\/\/denizcankizil.tr\/de\/#organization\"},\"image\":{\"@id\":\"https:\/\/denizcankizil.tr\/en\/haberler\/antalya\/alanyada-gonulluler-sahili-temizledi\/#primaryimage\"},\"thumbnailUrl\":\"https:\/\/denizcankizil.tr\/wp-content\/uploads\/2025\/04\/a-w429729-02-mae4W8.jpeg\",\"articleSection\":[\"Antalya\"],\"inLanguage\":\"en-GB\"},{\"@type\":\"WebPage\",\"@id\":\"https:\/\/denizcankizil.tr\/en\/haberler\/antalya\/alanyada-gonulluler-sahili-temizledi\/\",\"url\":\"https:\/\/denizcankizil.tr\/en\/haberler\/antalya\/alanyada-gonulluler-sahili-temizledi\/\",\"name\":\"Alanya'da g\u00f6n\u00fcll\u00fcler sahili temizledi - Av. Deniz Can K\u0131z\u0131l\",\"isPartOf\":{\"@id\":\"https:\/\/denizcankizil.tr\/de\/#website\"},\"primaryImageOfPage\":{\"@id\":\"https:\/\/denizcankizil.tr\/en\/haberler\/antalya\/alanyada-gonulluler-sahili-temizledi\/#primaryimage\"},\"image\":{\"@id\":\"https:\/\/denizcankizil.tr\/en\/haberler\/antalya\/alanyada-gonulluler-sahili-temizledi\/#primaryimage\"},\"thumbnailUrl\":\"https:\/\/denizcankizil.tr\/wp-content\/uploads\/2025\/04\/a-w429729-02-mae4W8.jpeg\",\"datePublished\":\"2025-04-10T14:41:42+00:00\",\"breadcrumb\":{\"@id\":\"https:\/\/denizcankizil.tr\/en\/haberler\/antalya\/alanyada-gonulluler-sahili-temizledi\/#breadcrumb\"},\"inLanguage\":\"en-GB\",\"potentialAction\":[{\"@type\":\"ReadAction\",\"target\":[\"https:\/\/denizcankizil.tr\/en\/haberler\/antalya\/alanyada-gonulluler-sahili-temizledi\/\"]}]},{\"@type\":\"ImageObject\",\"inLanguage\":\"en-GB\",\"@id\":\"https:\/\/denizcankizil.tr\/en\/haberler\/antalya\/alanyada-gonulluler-sahili-temizledi\/#primaryimage\",\"url\":\"https:\/\/denizcankizil.tr\/wp-content\/uploads\/2025\/04\/a-w429729-02-mae4W8.jpeg\",\"contentUrl\":\"https:\/\/denizcankizil.tr\/wp-content\/uploads\/2025\/04\/a-w429729-02-mae4W8.jpeg\",\"width\":1280,\"height\":720},{\"@type\":\"BreadcrumbList\",\"@id\":\"https:\/\/denizcankizil.tr\/en\/haberler\/antalya\/alanyada-gonulluler-sahili-temizledi\/#breadcrumb\",\"itemListElement\":[{\"@type\":\"ListItem\",\"position\":1,\"name\":\"Home\",\"item\":\"https:\/\/denizcankizil.tr\/de\/\"},{\"@type\":\"ListItem\",\"position\":2,\"name\":\"Alanya&#8217;da g\u00f6n\u00fcll\u00fcler sahili temizledi\"}]},{\"@type\":\"WebSite\",\"@id\":\"https:\/\/denizcankizil.tr\/de\/#website\",\"url\":\"https:\/\/denizcankizil.tr\/de\/\",\"name\":\"Av. Deniz Can K\u0131z\u0131l\",\"description\":\"Avukat Deniz Can K\u0131z\u0131l Antalya Barosu\",\"publisher\":{\"@id\":\"https:\/\/denizcankizil.tr\/de\/#organization\"},\"potentialAction\":[{\"@type\":\"SearchAction\",\"target\":{\"@type\":\"EntryPoint\",\"urlTemplate\":\"https:\/\/denizcankizil.tr\/de\/?s={search_term_string}\"},\"query-input\":{\"@type\":\"PropertyValueSpecification\",\"valueRequired\":true,\"valueName\":\"search_term_string\"}}],\"inLanguage\":\"en-GB\"},{\"@type\":\"Organization\",\"@id\":\"https:\/\/denizcankizil.tr\/de\/#organization\",\"name\":\"Av. Deniz Can K\u0131z\u0131l\",\"url\":\"https:\/\/denizcankizil.tr\/de\/\",\"logo\":{\"@type\":\"ImageObject\",\"inLanguage\":\"en-GB\",\"@id\":\"https:\/\/denizcankizil.tr\/de\/#\/schema\/logo\/image\/\",\"url\":\"https:\/\/denizcankizil.tr\/wp-content\/uploads\/2024\/10\/siyah-logo-svg.svg\",\"contentUrl\":\"https:\/\/denizcankizil.tr\/wp-content\/uploads\/2024\/10\/siyah-logo-svg.svg\",\"width\":1080,\"height\":1080,\"caption\":\"Av. Deniz Can K\u0131z\u0131l\"},\"image\":{\"@id\":\"https:\/\/denizcankizil.tr\/de\/#\/schema\/logo\/image\/\"}},{\"@type\":\"Person\",\"@id\":\"https:\/\/denizcankizil.tr\/de\/#\/schema\/person\/5dc1b22991bd7ac833867c10afc9b0ff\",\"name\":\"Av. Deniz Can K\u0131z\u0131l\",\"image\":{\"@type\":\"ImageObject\",\"inLanguage\":\"en-GB\",\"@id\":\"https:\/\/denizcankizil.tr\/de\/#\/schema\/person\/image\/\",\"url\":\"https:\/\/secure.gravatar.com\/avatar\/a0b128fb9855c79efc976d5640eedb31dc35ec297594d6016d2cf7c60e975bb6?s=96&d=mm&r=g\",\"contentUrl\":\"https:\/\/secure.gravatar.com\/avatar\/a0b128fb9855c79efc976d5640eedb31dc35ec297594d6016d2cf7c60e975bb6?s=96&d=mm&r=g\",\"caption\":\"Av. Deniz Can K\u0131z\u0131l\"},\"sameAs\":[\"http:\/\/www.denizcankizil.tr\"],\"url\":\"https:\/\/denizcankizil.tr\/en\/author\/denizcankizil\/\"}]}<\/script>\n<!-- \/ Yoast SEO Premium plugin. -->","yoast_head_json":{"title":"Alanya'da g\u00f6n\u00fcll\u00fcler sahili temizledi - Av. Deniz Can K\u0131z\u0131l","robots":{"index":"index","follow":"follow","max-snippet":"max-snippet:-1","max-image-preview":"max-image-preview:large","max-video-preview":"max-video-preview:-1"},"canonical":"https:\/\/denizcankizil.tr\/en\/haberler\/antalya\/alanyada-gonulluler-sahili-temizledi\/","og_locale":"en_GB","og_type":"article","og_title":"Alanya'da g\u00f6n\u00fcll\u00fcler sahili temizledi","og_description":"Alanya Belediyesi, bir yandan rutin temizlik \u00e7al\u0131\u015fmalar\u0131n\u0131 y\u00fcr\u00fct\u00fcrken di\u011fer yandan da fark\u0131ndal\u0131k olu\u015fturan projeleri hayata ge\u00e7iriyor. Belediye Temizlik \u0130\u015fleri M\u00fcd\u00fcrl\u00fc\u011f\u00fc ile Alanya Do\u011fa Koruma ve Milli Parklar \u015eefli\u011fi i\u015f birli\u011finde Demirta\u015f Mahallesi\u2019nde temizlik ve fark\u0131ndal\u0131k \u00e7al\u0131\u015fmas\u0131 ger\u00e7ekle\u015ftirildi. Plajda personel ile g\u00f6n\u00fcll\u00fcler temizlik \u00e7al\u0131\u015fmas\u0131 yaparak, temiz sahil ve temiz deniz i\u00e7in fark\u0131ndal\u0131k olu\u015fturdu. Yakla\u015fan yaz aylar\u0131nda vatanda\u015flar\u0131n en s\u0131k kulland\u0131\u011f\u0131 sahillerin temiz ve hijyenik olmas\u0131 i\u00e7in y\u00fcr\u00fct\u00fclen \u00e7al\u0131\u015fmalar \u00e7evre g\u00f6n\u00fcll\u00fcleri ile i\u015f birli\u011fi i\u00e7erisinde ger\u00e7ekle\u015ftirildi. Temizlik \u00e7al\u0131\u015fmas\u0131 s\u0131ras\u0131nda koruma alt\u0131nda olan kum zambaklar\u0131 ile caretta caretta kaplumba\u011falar\u0131 unutulmad\u0131. Hem kum zambaklar\u0131 koruma alt\u0131na al\u0131n\u0131rken hem de caretta carettalar\u0131n ya\u015fam ve yumurtlama alanlar\u0131 temizlendi. \u00c7evre g\u00f6n\u00fcll\u00fcleri, Alanya Belediyesi ve Alanya Do\u011fa Koruma ve Milli Parklar \u015eefli\u011fi\u2019ne b\u00f6yle anlaml\u0131 bir fark\u0131ndal\u0131k \u00e7al\u0131\u015fmas\u0131n\u0131 hayata ge\u00e7irdikleri i\u00e7in te\u015fekk\u00fcr etti. Kaynak: www.kanalv.com.tr Haber Sitesinden Al\u0131nm\u0131\u015ft\u0131r.","og_url":"https:\/\/denizcankizil.tr\/en\/haberler\/antalya\/alanyada-gonulluler-sahili-temizledi\/","og_site_name":"Av. Deniz Can K\u0131z\u0131l","article_published_time":"2025-04-10T14:41:42+00:00","og_image":[{"width":1280,"height":720,"url":"https:\/\/denizcankizil.tr\/wp-content\/uploads\/2025\/04\/a-w429729-02-mae4W8.jpeg","type":"image\/jpeg"}],"author":"Av. Deniz Can K\u0131z\u0131l","twitter_card":"summary_large_image","twitter_misc":{"Written by":"Av. Deniz Can K\u0131z\u0131l","Estimated reading time":"1 minute"},"schema":{"@context":"https:\/\/schema.org","@graph":[{"@type":"Article","@id":"https:\/\/denizcankizil.tr\/en\/haberler\/antalya\/alanyada-gonulluler-sahili-temizledi\/#article","isPartOf":{"@id":"https:\/\/denizcankizil.tr\/en\/haberler\/antalya\/alanyada-gonulluler-sahili-temizledi\/"},"author":{"name":"Av. Deniz Can K\u0131z\u0131l","@id":"https:\/\/denizcankizil.tr\/de\/#\/schema\/person\/5dc1b22991bd7ac833867c10afc9b0ff"},"headline":"Alanya&#8217;da g\u00f6n\u00fcll\u00fcler sahili temizledi","datePublished":"2025-04-10T14:41:42+00:00","mainEntityOfPage":{"@id":"https:\/\/denizcankizil.tr\/en\/haberler\/antalya\/alanyada-gonulluler-sahili-temizledi\/"},"wordCount":214,"publisher":{"@id":"https:\/\/denizcankizil.tr\/de\/#organization"},"image":{"@id":"https:\/\/denizcankizil.tr\/en\/haberler\/antalya\/alanyada-gonulluler-sahili-temizledi\/#primaryimage"},"thumbnailUrl":"https:\/\/denizcankizil.tr\/wp-content\/uploads\/2025\/04\/a-w429729-02-mae4W8.jpeg","articleSection":["Antalya"],"inLanguage":"en-GB"},{"@type":"WebPage","@id":"https:\/\/denizcankizil.tr\/en\/haberler\/antalya\/alanyada-gonulluler-sahili-temizledi\/","url":"https:\/\/denizcankizil.tr\/en\/haberler\/antalya\/alanyada-gonulluler-sahili-temizledi\/","name":"Alanya'da g\u00f6n\u00fcll\u00fcler sahili temizledi - Av. Deniz Can K\u0131z\u0131l","isPartOf":{"@id":"https:\/\/denizcankizil.tr\/de\/#website"},"primaryImageOfPage":{"@id":"https:\/\/denizcankizil.tr\/en\/haberler\/antalya\/alanyada-gonulluler-sahili-temizledi\/#primaryimage"},"image":{"@id":"https:\/\/denizcankizil.tr\/en\/haberler\/antalya\/alanyada-gonulluler-sahili-temizledi\/#primaryimage"},"thumbnailUrl":"https:\/\/denizcankizil.tr\/wp-content\/uploads\/2025\/04\/a-w429729-02-mae4W8.jpeg","datePublished":"2025-04-10T14:41:42+00:00","breadcrumb":{"@id":"https:\/\/denizcankizil.tr\/en\/haberler\/antalya\/alanyada-gonulluler-sahili-temizledi\/#breadcrumb"},"inLanguage":"en-GB","potentialAction":[{"@type":"ReadAction","target":["https:\/\/denizcankizil.tr\/en\/haberler\/antalya\/alanyada-gonulluler-sahili-temizledi\/"]}]},{"@type":"ImageObject","inLanguage":"en-GB","@id":"https:\/\/denizcankizil.tr\/en\/haberler\/antalya\/alanyada-gonulluler-sahili-temizledi\/#primaryimage","url":"https:\/\/denizcankizil.tr\/wp-content\/uploads\/2025\/04\/a-w429729-02-mae4W8.jpeg","contentUrl":"https:\/\/denizcankizil.tr\/wp-content\/uploads\/2025\/04\/a-w429729-02-mae4W8.jpeg","width":1280,"height":720},{"@type":"BreadcrumbList","@id":"https:\/\/denizcankizil.tr\/en\/haberler\/antalya\/alanyada-gonulluler-sahili-temizledi\/#breadcrumb","itemListElement":[{"@type":"ListItem","position":1,"name":"Home","item":"https:\/\/denizcankizil.tr\/de\/"},{"@type":"ListItem","position":2,"name":"Alanya&#8217;da g\u00f6n\u00fcll\u00fcler sahili temizledi"}]},{"@type":"WebSite","@id":"https:\/\/denizcankizil.tr\/de\/#website","url":"https:\/\/denizcankizil.tr\/de\/","name":"Av. Deniz Can K\u0131z\u0131l","description":"Avukat Deniz Can K\u0131z\u0131l Antalya Barosu","publisher":{"@id":"https:\/\/denizcankizil.tr\/de\/#organization"},"potentialAction":[{"@type":"SearchAction","target":{"@type":"EntryPoint","urlTemplate":"https:\/\/denizcankizil.tr\/de\/?s={search_term_string}"},"query-input":{"@type":"PropertyValueSpecification","valueRequired":true,"valueName":"search_term_string"}}],"inLanguage":"en-GB"},{"@type":"Organization","@id":"https:\/\/denizcankizil.tr\/de\/#organization","name":"Av. Deniz Can K\u0131z\u0131l","url":"https:\/\/denizcankizil.tr\/de\/","logo":{"@type":"ImageObject","inLanguage":"en-GB","@id":"https:\/\/denizcankizil.tr\/de\/#\/schema\/logo\/image\/","url":"https:\/\/denizcankizil.tr\/wp-content\/uploads\/2024\/10\/siyah-logo-svg.svg","contentUrl":"https:\/\/denizcankizil.tr\/wp-content\/uploads\/2024\/10\/siyah-logo-svg.svg","width":1080,"height":1080,"caption":"Av. Deniz Can K\u0131z\u0131l"},"image":{"@id":"https:\/\/denizcankizil.tr\/de\/#\/schema\/logo\/image\/"}},{"@type":"Person","@id":"https:\/\/denizcankizil.tr\/de\/#\/schema\/person\/5dc1b22991bd7ac833867c10afc9b0ff","name":"Av. Deniz Can K\u0131z\u0131l","image":{"@type":"ImageObject","inLanguage":"en-GB","@id":"https:\/\/denizcankizil.tr\/de\/#\/schema\/person\/image\/","url":"https:\/\/secure.gravatar.com\/avatar\/a0b128fb9855c79efc976d5640eedb31dc35ec297594d6016d2cf7c60e975bb6?s=96&d=mm&r=g","contentUrl":"https:\/\/secure.gravatar.com\/avatar\/a0b128fb9855c79efc976d5640eedb31dc35ec297594d6016d2cf7c60e975bb6?s=96&d=mm&r=g","caption":"Av. Deniz Can K\u0131z\u0131l"},"sameAs":["http:\/\/www.denizcankizil.tr"],"url":"https:\/\/denizcankizil.tr\/en\/author\/denizcankizil\/"}]}},"_links":{"self":[{"href":"https:\/\/denizcankizil.tr\/en\/wp-json\/wp\/v2\/posts\/51585","targetHints":{"allow":["GET"]}}],"collection":[{"href":"https:\/\/denizcankizil.tr\/en\/wp-json\/wp\/v2\/posts"}],"about":[{"href":"https:\/\/denizcankizil.tr\/en\/wp-json\/wp\/v2\/types\/post"}],"author":[{"embeddable":true,"href":"https:\/\/denizcankizil.tr\/en\/wp-json\/wp\/v2\/users\/4"}],"replies":[{"embeddable":true,"href":"https:\/\/denizcankizil.tr\/en\/wp-json\/wp\/v2\/comments?post=51585"}],"version-history":[{"count":0,"href":"https:\/\/denizcankizil.tr\/en\/wp-json\/wp\/v2\/posts\/51585\/revisions"}],"wp:featuredmedia":[{"embeddable":true,"href":"https:\/\/denizcankizil.tr\/en\/wp-json\/wp\/v2\/media\/51586"}],"wp:attachment":[{"href":"https:\/\/denizcankizil.tr\/en\/wp-json\/wp\/v2\/media?parent=51585"}],"wp:term":[{"taxonomy":"category","embeddable":true,"href":"https:\/\/denizcankizil.tr\/en\/wp-json\/wp\/v2\/categories?post=51585"},{"taxonomy":"post_tag","embeddable":true,"href":"https:\/\/denizcankizil.tr\/en\/wp-json\/wp\/v2\/tags?post=51585"}],"curies":[{"name":"wp","href":"https:\/\/api.w.org\/{rel}","templated":true}]}}