{"id":51314,"date":"2025-04-10T10:42:27","date_gmt":"2025-04-10T07:42:27","guid":{"rendered":"https:\/\/denizcankizil.tr\/uncategorized-tr\/mesleki-sorumlulugumuz-buyuk\/"},"modified":"2025-04-10T10:42:27","modified_gmt":"2025-04-10T07:42:27","slug":"mesleki-sorumlulugumuz-buyuk","status":"publish","type":"post","link":"https:\/\/denizcankizil.tr\/en\/haberler\/gundem\/mesleki-sorumlulugumuz-buyuk\/","title":{"rendered":"Mesleki Sorumlulu\u011fumuz B\u00fcy\u00fck"},"content":{"rendered":"<p>Mimar Sinan\u2019\u0131n ya\u015fad\u0131\u011f\u0131 d\u00f6nemin \u00e7ok \u00f6tesine uzanan eserleriyle mimarl\u0131k tarihine y\u00f6n veren, insan\u0131 ve \u00e7evresini merkez alan yakla\u015f\u0131m\u0131yla \u00e7a\u011flar \u00f6tesine y\u00f6n veren bir ki\u015fi oldu\u011funa dikkat \u00e7eken Mimarlar Odas\u0131 \u0130skenderun Temsilcili\u011fi \u015fu a\u00e7\u0131klamay\u0131 yapt\u0131:<\/p>\n<p>\u201c Mimar Sinan, sadece fiziksel yap\u0131lar de\u011fil, ya\u015fad\u0131\u011f\u0131 d\u00f6nemin sosyal, k\u00fclt\u00fcrel ve teknik birikimini yans\u0131tan mek\u00e2nlar \u00fcretmi\u015ftir. Farkl\u0131 co\u011frafi ve k\u00fclt\u00fcrel ba\u011flamlarda, yerin \u00f6zg\u00fcn karakterine uygun bi\u00e7imde geli\u015ftirdi\u011fi yap\u0131lar bulundu\u011fu yerle kurdu\u011fu benzersiz ili\u015fki sayesinde zamana meydan okuyan bir kimlik kazanm\u0131\u015ft\u0131r.<\/p>\n<p>B\u0130L\u0130M VE SORUMLULUK HAYAT\u0130 \u00d6NEM TA\u015eIYOR<\/p>\n<p>\u0130skenderun Temsilcili\u011fi, Bug\u00fcn ya\u015fad\u0131\u011f\u0131m\u0131z kentlerin kar\u015f\u0131 kar\u015f\u0131ya kald\u0131\u011f\u0131 kimliksizlik, plans\u0131z b\u00fcy\u00fcme ve rant odakl\u0131 yakla\u015f\u0131mlar; ne yaz\u0131k ki bu b\u00fcy\u00fck miras\u0131n ruhuyla \u00e7eli\u015fmektedir. Diyerek a\u00e7\u0131klamas\u0131na \u015f\u00f6yle devam etti:<\/p>\n<p>\u201c \u00a06 \u015eubat\u2019ta ve 20 \u015eubat\u2019ta b\u00f6lgemizi sarsan depremler, yap\u0131 \u00fcretim s\u00fcrecinde bilim ve sorumlulu\u011fun ne denli hayati oldu\u011funu bir kez daha g\u00f6stermi\u015ftir. \u0130skenderun da bu ger\u00e7eklikle y\u00fczle\u015fmi\u015f, yeniden yap\u0131lanma s\u00fcrecinde do\u011fru kararlar alman\u0131n ne kadar k\u0131ymetli oldu\u011funu tecr\u00fcbe etmi\u015ftir.<\/p>\n<p>Mimar Sinan\u2019\u0131n b\u0131rakt\u0131\u011f\u0131 mimari anlay\u0131\u015f bizler i\u00e7in yaln\u0131zca ge\u00e7mi\u015fe ait bir miras de\u011fil, ayn\u0131 zamanda gelece\u011fi kurarken rehber ald\u0131\u011f\u0131m\u0131z bir ilham kayna\u011f\u0131d\u0131r. \u0130skenderun Temsilcili\u011fi olarak, onun insan odakl\u0131 yakla\u015f\u0131m\u0131n\u0131 referans alarak, kentimizin yeniden aya\u011fa kalkt\u0131\u011f\u0131 bu s\u00fcre\u00e7te daha sa\u011fl\u0131kl\u0131, daha ya\u015fanabilir ve daha nitelikli bir \u00e7evre i\u00e7in mesleki sorumlulu\u011fumuzu s\u00fcrd\u00fcrmeye kararl\u0131y\u0131z.<\/p>\n<p>Bu vesileyle, mimarl\u0131k sanat\u0131na katt\u0131\u011f\u0131 evrensel de\u011fer ve insan odakl\u0131 yakla\u015f\u0131m\u0131yla yaln\u0131zca kendi d\u00f6nemine de\u011fil, t\u00fcm \u00e7a\u011flara \u0131\u015f\u0131k tutan Mimar Sinan\u2019\u0131 sayg\u0131yla an\u0131yoruz.\u201d<\/p>\n<p>\u200bMimarlar Odas\u0131 \u0130skenderun Temsilcili\u011fi, Mimar Sinan\u2019\u0131 \u00f6l\u00fcm\u00fcn\u00fcn 437. y\u0131l\u0131nda sayg\u0131yla an\u0131yoruz diyerek,\u201d 6 \u015eubat sonras\u0131 yeniden yap\u0131lanmada do\u011fru kararlar\u0131n al\u0131nmas\u0131 \u00e7ok k\u0131ymetli\u201d denildi.\u00a0<\/p>\n<p>\u200bHaberin Al\u0131nt\u0131land\u0131\u011f\u0131 Kaynak: www.iskenderun.org<\/p>","protected":false},"excerpt":{"rendered":"<p>Mimar Sinan\u2019\u0131n ya\u015fad\u0131\u011f\u0131 d\u00f6nemin \u00e7ok \u00f6tesine uzanan eserleriyle mimarl\u0131k tarihine y\u00f6n veren, insan\u0131 ve \u00e7evresini merkez alan yakla\u015f\u0131m\u0131yla \u00e7a\u011flar \u00f6tesine y\u00f6n veren bir ki\u015fi oldu\u011funa dikkat \u00e7eken Mimarlar Odas\u0131 \u0130skenderun Temsilcili\u011fi \u015fu a\u00e7\u0131klamay\u0131 yapt\u0131: \u201c Mimar Sinan, sadece fiziksel yap\u0131lar de\u011fil, ya\u015fad\u0131\u011f\u0131 d\u00f6nemin sosyal, k\u00fclt\u00fcrel ve teknik birikimini yans\u0131tan mek\u00e2nlar \u00fcretmi\u015ftir. Farkl\u0131 co\u011frafi ve k\u00fclt\u00fcrel ba\u011flamlarda, yerin \u00f6zg\u00fcn karakterine uygun bi\u00e7imde geli\u015ftirdi\u011fi yap\u0131lar bulundu\u011fu yerle kurdu\u011fu benzersiz ili\u015fki sayesinde zamana meydan okuyan bir kimlik kazanm\u0131\u015ft\u0131r. B\u0130L\u0130M VE SORUMLULUK HAYAT\u0130 \u00d6NEM TA\u015eIYOR \u0130skenderun Temsilcili\u011fi, Bug\u00fcn ya\u015fad\u0131\u011f\u0131m\u0131z kentlerin kar\u015f\u0131 kar\u015f\u0131ya kald\u0131\u011f\u0131 kimliksizlik, plans\u0131z b\u00fcy\u00fcme ve rant odakl\u0131 yakla\u015f\u0131mlar; ne yaz\u0131k ki bu b\u00fcy\u00fck miras\u0131n ruhuyla \u00e7eli\u015fmektedir. Diyerek a\u00e7\u0131klamas\u0131na \u015f\u00f6yle devam etti: \u201c \u00a06 \u015eubat\u2019ta ve 20 \u015eubat\u2019ta b\u00f6lgemizi sarsan depremler, yap\u0131 \u00fcretim s\u00fcrecinde bilim ve sorumlulu\u011fun ne denli hayati oldu\u011funu bir kez daha g\u00f6stermi\u015ftir. \u0130skenderun da bu ger\u00e7eklikle y\u00fczle\u015fmi\u015f, yeniden yap\u0131lanma s\u00fcrecinde do\u011fru kararlar alman\u0131n ne kadar k\u0131ymetli oldu\u011funu tecr\u00fcbe etmi\u015ftir. Mimar Sinan\u2019\u0131n b\u0131rakt\u0131\u011f\u0131 mimari anlay\u0131\u015f bizler i\u00e7in yaln\u0131zca ge\u00e7mi\u015fe ait bir miras de\u011fil, ayn\u0131 zamanda gelece\u011fi kurarken rehber ald\u0131\u011f\u0131m\u0131z bir ilham kayna\u011f\u0131d\u0131r. \u0130skenderun Temsilcili\u011fi olarak, onun insan odakl\u0131 yakla\u015f\u0131m\u0131n\u0131 referans alarak, kentimizin yeniden aya\u011fa kalkt\u0131\u011f\u0131 bu s\u00fcre\u00e7te daha sa\u011fl\u0131kl\u0131, daha ya\u015fanabilir ve daha nitelikli bir \u00e7evre i\u00e7in mesleki sorumlulu\u011fumuzu s\u00fcrd\u00fcrmeye kararl\u0131y\u0131z. &hellip;<\/p>","protected":false},"author":1,"featured_media":0,"comment_status":"","ping_status":"open","sticky":false,"template":"","format":"standard","meta":{"_acf_changed":false,"footnotes":""},"categories":[24],"tags":[],"class_list":["post-51314","post","type-post","status-publish","format-standard","has-post-thumbnail","hentry","category-gundem"],"acf":[],"yoast_head":"<!-- This site is optimized with the Yoast SEO Premium plugin v26.6 (Yoast SEO v27.1.1) - https:\/\/yoast.com\/product\/yoast-seo-premium-wordpress\/ -->\n<title>Mesleki Sorumlulu\u011fumuz B\u00fcy\u00fck - Av. Deniz Can K\u0131z\u0131l<\/title>\n<meta name=\"robots\" content=\"index, follow, max-snippet:-1, max-image-preview:large, max-video-preview:-1\" \/>\n<link rel=\"canonical\" href=\"https:\/\/denizcankizil.tr\/en\/haberler\/gundem\/mesleki-sorumlulugumuz-buyuk\/\" \/>\n<meta property=\"og:locale\" content=\"en_GB\" \/>\n<meta property=\"og:type\" content=\"article\" \/>\n<meta property=\"og:title\" content=\"Mesleki Sorumlulu\u011fumuz B\u00fcy\u00fck\" \/>\n<meta property=\"og:description\" content=\"Mimar Sinan\u2019\u0131n ya\u015fad\u0131\u011f\u0131 d\u00f6nemin \u00e7ok \u00f6tesine uzanan eserleriyle mimarl\u0131k tarihine y\u00f6n veren, insan\u0131 ve \u00e7evresini merkez alan yakla\u015f\u0131m\u0131yla \u00e7a\u011flar \u00f6tesine y\u00f6n veren bir ki\u015fi oldu\u011funa dikkat \u00e7eken Mimarlar Odas\u0131 \u0130skenderun Temsilcili\u011fi \u015fu a\u00e7\u0131klamay\u0131 yapt\u0131: \u201c Mimar Sinan, sadece fiziksel yap\u0131lar de\u011fil, ya\u015fad\u0131\u011f\u0131 d\u00f6nemin sosyal, k\u00fclt\u00fcrel ve teknik birikimini yans\u0131tan mek\u00e2nlar \u00fcretmi\u015ftir. Farkl\u0131 co\u011frafi ve k\u00fclt\u00fcrel ba\u011flamlarda, yerin \u00f6zg\u00fcn karakterine uygun bi\u00e7imde geli\u015ftirdi\u011fi yap\u0131lar bulundu\u011fu yerle kurdu\u011fu benzersiz ili\u015fki sayesinde zamana meydan okuyan bir kimlik kazanm\u0131\u015ft\u0131r. B\u0130L\u0130M VE SORUMLULUK HAYAT\u0130 \u00d6NEM TA\u015eIYOR \u0130skenderun Temsilcili\u011fi, Bug\u00fcn ya\u015fad\u0131\u011f\u0131m\u0131z kentlerin kar\u015f\u0131 kar\u015f\u0131ya kald\u0131\u011f\u0131 kimliksizlik, plans\u0131z b\u00fcy\u00fcme ve rant odakl\u0131 yakla\u015f\u0131mlar; ne yaz\u0131k ki bu b\u00fcy\u00fck miras\u0131n ruhuyla \u00e7eli\u015fmektedir. Diyerek a\u00e7\u0131klamas\u0131na \u015f\u00f6yle devam etti: \u201c \u00a06 \u015eubat\u2019ta ve 20 \u015eubat\u2019ta b\u00f6lgemizi sarsan depremler, yap\u0131 \u00fcretim s\u00fcrecinde bilim ve sorumlulu\u011fun ne denli hayati oldu\u011funu bir kez daha g\u00f6stermi\u015ftir. \u0130skenderun da bu ger\u00e7eklikle y\u00fczle\u015fmi\u015f, yeniden yap\u0131lanma s\u00fcrecinde do\u011fru kararlar alman\u0131n ne kadar k\u0131ymetli oldu\u011funu tecr\u00fcbe etmi\u015ftir. Mimar Sinan\u2019\u0131n b\u0131rakt\u0131\u011f\u0131 mimari anlay\u0131\u015f bizler i\u00e7in yaln\u0131zca ge\u00e7mi\u015fe ait bir miras de\u011fil, ayn\u0131 zamanda gelece\u011fi kurarken rehber ald\u0131\u011f\u0131m\u0131z bir ilham kayna\u011f\u0131d\u0131r. \u0130skenderun Temsilcili\u011fi olarak, onun insan odakl\u0131 yakla\u015f\u0131m\u0131n\u0131 referans alarak, kentimizin yeniden aya\u011fa kalkt\u0131\u011f\u0131 bu s\u00fcre\u00e7te daha sa\u011fl\u0131kl\u0131, daha ya\u015fanabilir ve daha nitelikli bir \u00e7evre i\u00e7in mesleki sorumlulu\u011fumuzu s\u00fcrd\u00fcrmeye kararl\u0131y\u0131z. &hellip;\" \/>\n<meta property=\"og:url\" content=\"https:\/\/denizcankizil.tr\/en\/haberler\/gundem\/mesleki-sorumlulugumuz-buyuk\/\" \/>\n<meta property=\"og:site_name\" content=\"Av. Deniz Can K\u0131z\u0131l\" \/>\n<meta property=\"article:published_time\" content=\"2025-04-10T07:42:27+00:00\" \/>\n<meta name=\"author\" content=\"admin\" \/>\n<meta name=\"twitter:card\" content=\"summary_large_image\" \/>\n<meta name=\"twitter:label1\" content=\"Written by\" \/>\n\t<meta name=\"twitter:data1\" content=\"admin\" \/>\n\t<meta name=\"twitter:label2\" content=\"Estimated reading time\" \/>\n\t<meta name=\"twitter:data2\" content=\"2 minutes\" \/>\n<script type=\"application\/ld+json\" class=\"yoast-schema-graph\">{\"@context\":\"https:\/\/schema.org\",\"@graph\":[{\"@type\":\"Article\",\"@id\":\"https:\/\/denizcankizil.tr\/en\/haberler\/gundem\/mesleki-sorumlulugumuz-buyuk\/#article\",\"isPartOf\":{\"@id\":\"https:\/\/denizcankizil.tr\/en\/haberler\/gundem\/mesleki-sorumlulugumuz-buyuk\/\"},\"author\":{\"name\":\"admin\",\"@id\":\"https:\/\/denizcankizil.tr\/#\/schema\/person\/be3c05fe6a12686905512445d8185489\"},\"headline\":\"Mesleki Sorumlulu\u011fumuz B\u00fcy\u00fck\",\"datePublished\":\"2025-04-10T07:42:27+00:00\",\"mainEntityOfPage\":{\"@id\":\"https:\/\/denizcankizil.tr\/en\/haberler\/gundem\/mesleki-sorumlulugumuz-buyuk\/\"},\"wordCount\":381,\"publisher\":{\"@id\":\"https:\/\/denizcankizil.tr\/#organization\"},\"articleSection\":[\"G\u00fcndem\"],\"inLanguage\":\"en-GB\"},{\"@type\":\"WebPage\",\"@id\":\"https:\/\/denizcankizil.tr\/en\/haberler\/gundem\/mesleki-sorumlulugumuz-buyuk\/\",\"url\":\"https:\/\/denizcankizil.tr\/en\/haberler\/gundem\/mesleki-sorumlulugumuz-buyuk\/\",\"name\":\"Mesleki Sorumlulu\u011fumuz B\u00fcy\u00fck - Av. Deniz Can K\u0131z\u0131l\",\"isPartOf\":{\"@id\":\"https:\/\/denizcankizil.tr\/#website\"},\"datePublished\":\"2025-04-10T07:42:27+00:00\",\"breadcrumb\":{\"@id\":\"https:\/\/denizcankizil.tr\/en\/haberler\/gundem\/mesleki-sorumlulugumuz-buyuk\/#breadcrumb\"},\"inLanguage\":\"en-GB\",\"potentialAction\":[{\"@type\":\"ReadAction\",\"target\":[\"https:\/\/denizcankizil.tr\/en\/haberler\/gundem\/mesleki-sorumlulugumuz-buyuk\/\"]}]},{\"@type\":\"BreadcrumbList\",\"@id\":\"https:\/\/denizcankizil.tr\/en\/haberler\/gundem\/mesleki-sorumlulugumuz-buyuk\/#breadcrumb\",\"itemListElement\":[{\"@type\":\"ListItem\",\"position\":1,\"name\":\"Home\",\"item\":\"https:\/\/denizcankizil.tr\/de\/\"},{\"@type\":\"ListItem\",\"position\":2,\"name\":\"Mesleki Sorumlulu\u011fumuz B\u00fcy\u00fck\"}]},{\"@type\":\"WebSite\",\"@id\":\"https:\/\/denizcankizil.tr\/#website\",\"url\":\"https:\/\/denizcankizil.tr\/\",\"name\":\"Av. Deniz Can K\u0131z\u0131l\",\"description\":\"Avukat Deniz Can K\u0131z\u0131l Antalya Barosu\",\"publisher\":{\"@id\":\"https:\/\/denizcankizil.tr\/#organization\"},\"potentialAction\":[{\"@type\":\"SearchAction\",\"target\":{\"@type\":\"EntryPoint\",\"urlTemplate\":\"https:\/\/denizcankizil.tr\/?s={search_term_string}\"},\"query-input\":{\"@type\":\"PropertyValueSpecification\",\"valueRequired\":true,\"valueName\":\"search_term_string\"}}],\"inLanguage\":\"en-GB\"},{\"@type\":\"Organization\",\"@id\":\"https:\/\/denizcankizil.tr\/#organization\",\"name\":\"Av. Deniz Can K\u0131z\u0131l\",\"url\":\"https:\/\/denizcankizil.tr\/\",\"logo\":{\"@type\":\"ImageObject\",\"inLanguage\":\"en-GB\",\"@id\":\"https:\/\/denizcankizil.tr\/#\/schema\/logo\/image\/\",\"url\":\"https:\/\/denizcankizil.tr\/wp-content\/uploads\/2024\/10\/siyah-logo-svg.svg\",\"contentUrl\":\"https:\/\/denizcankizil.tr\/wp-content\/uploads\/2024\/10\/siyah-logo-svg.svg\",\"width\":1080,\"height\":1080,\"caption\":\"Av. Deniz Can K\u0131z\u0131l\"},\"image\":{\"@id\":\"https:\/\/denizcankizil.tr\/#\/schema\/logo\/image\/\"}},{\"@type\":\"Person\",\"@id\":\"https:\/\/denizcankizil.tr\/#\/schema\/person\/be3c05fe6a12686905512445d8185489\",\"name\":\"admin\",\"image\":{\"@type\":\"ImageObject\",\"inLanguage\":\"en-GB\",\"@id\":\"https:\/\/denizcankizil.tr\/#\/schema\/person\/image\/\",\"url\":\"https:\/\/secure.gravatar.com\/avatar\/c1fce94c830dc79107e174f890d7210541c4a63e8e5d816341794a2151c9d58c?s=96&d=mm&r=g\",\"contentUrl\":\"https:\/\/secure.gravatar.com\/avatar\/c1fce94c830dc79107e174f890d7210541c4a63e8e5d816341794a2151c9d58c?s=96&d=mm&r=g\",\"caption\":\"admin\"},\"sameAs\":[\"http:\/\/denizcankizil.tr\"],\"url\":\"https:\/\/www.iskenderun.org\/mesleki-sorumlulugumuz-buyuk\"}]}<\/script>\n<!-- \/ Yoast SEO Premium plugin. -->","yoast_head_json":{"title":"Mesleki Sorumlulu\u011fumuz B\u00fcy\u00fck - Av. Deniz Can K\u0131z\u0131l","robots":{"index":"index","follow":"follow","max-snippet":"max-snippet:-1","max-image-preview":"max-image-preview:large","max-video-preview":"max-video-preview:-1"},"canonical":"https:\/\/denizcankizil.tr\/en\/haberler\/gundem\/mesleki-sorumlulugumuz-buyuk\/","og_locale":"en_GB","og_type":"article","og_title":"Mesleki Sorumlulu\u011fumuz B\u00fcy\u00fck","og_description":"Mimar Sinan\u2019\u0131n ya\u015fad\u0131\u011f\u0131 d\u00f6nemin \u00e7ok \u00f6tesine uzanan eserleriyle mimarl\u0131k tarihine y\u00f6n veren, insan\u0131 ve \u00e7evresini merkez alan yakla\u015f\u0131m\u0131yla \u00e7a\u011flar \u00f6tesine y\u00f6n veren bir ki\u015fi oldu\u011funa dikkat \u00e7eken Mimarlar Odas\u0131 \u0130skenderun Temsilcili\u011fi \u015fu a\u00e7\u0131klamay\u0131 yapt\u0131: \u201c Mimar Sinan, sadece fiziksel yap\u0131lar de\u011fil, ya\u015fad\u0131\u011f\u0131 d\u00f6nemin sosyal, k\u00fclt\u00fcrel ve teknik birikimini yans\u0131tan mek\u00e2nlar \u00fcretmi\u015ftir. Farkl\u0131 co\u011frafi ve k\u00fclt\u00fcrel ba\u011flamlarda, yerin \u00f6zg\u00fcn karakterine uygun bi\u00e7imde geli\u015ftirdi\u011fi yap\u0131lar bulundu\u011fu yerle kurdu\u011fu benzersiz ili\u015fki sayesinde zamana meydan okuyan bir kimlik kazanm\u0131\u015ft\u0131r. B\u0130L\u0130M VE SORUMLULUK HAYAT\u0130 \u00d6NEM TA\u015eIYOR \u0130skenderun Temsilcili\u011fi, Bug\u00fcn ya\u015fad\u0131\u011f\u0131m\u0131z kentlerin kar\u015f\u0131 kar\u015f\u0131ya kald\u0131\u011f\u0131 kimliksizlik, plans\u0131z b\u00fcy\u00fcme ve rant odakl\u0131 yakla\u015f\u0131mlar; ne yaz\u0131k ki bu b\u00fcy\u00fck miras\u0131n ruhuyla \u00e7eli\u015fmektedir. Diyerek a\u00e7\u0131klamas\u0131na \u015f\u00f6yle devam etti: \u201c \u00a06 \u015eubat\u2019ta ve 20 \u015eubat\u2019ta b\u00f6lgemizi sarsan depremler, yap\u0131 \u00fcretim s\u00fcrecinde bilim ve sorumlulu\u011fun ne denli hayati oldu\u011funu bir kez daha g\u00f6stermi\u015ftir. \u0130skenderun da bu ger\u00e7eklikle y\u00fczle\u015fmi\u015f, yeniden yap\u0131lanma s\u00fcrecinde do\u011fru kararlar alman\u0131n ne kadar k\u0131ymetli oldu\u011funu tecr\u00fcbe etmi\u015ftir. Mimar Sinan\u2019\u0131n b\u0131rakt\u0131\u011f\u0131 mimari anlay\u0131\u015f bizler i\u00e7in yaln\u0131zca ge\u00e7mi\u015fe ait bir miras de\u011fil, ayn\u0131 zamanda gelece\u011fi kurarken rehber ald\u0131\u011f\u0131m\u0131z bir ilham kayna\u011f\u0131d\u0131r. \u0130skenderun Temsilcili\u011fi olarak, onun insan odakl\u0131 yakla\u015f\u0131m\u0131n\u0131 referans alarak, kentimizin yeniden aya\u011fa kalkt\u0131\u011f\u0131 bu s\u00fcre\u00e7te daha sa\u011fl\u0131kl\u0131, daha ya\u015fanabilir ve daha nitelikli bir \u00e7evre i\u00e7in mesleki sorumlulu\u011fumuzu s\u00fcrd\u00fcrmeye kararl\u0131y\u0131z. &hellip;","og_url":"https:\/\/denizcankizil.tr\/en\/haberler\/gundem\/mesleki-sorumlulugumuz-buyuk\/","og_site_name":"Av. Deniz Can K\u0131z\u0131l","article_published_time":"2025-04-10T07:42:27+00:00","author":"admin","twitter_card":"summary_large_image","twitter_misc":{"Written by":"admin","Estimated reading time":"2 minutes"},"schema":{"@context":"https:\/\/schema.org","@graph":[{"@type":"Article","@id":"https:\/\/denizcankizil.tr\/en\/haberler\/gundem\/mesleki-sorumlulugumuz-buyuk\/#article","isPartOf":{"@id":"https:\/\/denizcankizil.tr\/en\/haberler\/gundem\/mesleki-sorumlulugumuz-buyuk\/"},"author":{"name":"admin","@id":"https:\/\/denizcankizil.tr\/#\/schema\/person\/be3c05fe6a12686905512445d8185489"},"headline":"Mesleki Sorumlulu\u011fumuz B\u00fcy\u00fck","datePublished":"2025-04-10T07:42:27+00:00","mainEntityOfPage":{"@id":"https:\/\/denizcankizil.tr\/en\/haberler\/gundem\/mesleki-sorumlulugumuz-buyuk\/"},"wordCount":381,"publisher":{"@id":"https:\/\/denizcankizil.tr\/#organization"},"articleSection":["G\u00fcndem"],"inLanguage":"en-GB"},{"@type":"WebPage","@id":"https:\/\/denizcankizil.tr\/en\/haberler\/gundem\/mesleki-sorumlulugumuz-buyuk\/","url":"https:\/\/denizcankizil.tr\/en\/haberler\/gundem\/mesleki-sorumlulugumuz-buyuk\/","name":"Mesleki Sorumlulu\u011fumuz B\u00fcy\u00fck - Av. Deniz Can K\u0131z\u0131l","isPartOf":{"@id":"https:\/\/denizcankizil.tr\/#website"},"datePublished":"2025-04-10T07:42:27+00:00","breadcrumb":{"@id":"https:\/\/denizcankizil.tr\/en\/haberler\/gundem\/mesleki-sorumlulugumuz-buyuk\/#breadcrumb"},"inLanguage":"en-GB","potentialAction":[{"@type":"ReadAction","target":["https:\/\/denizcankizil.tr\/en\/haberler\/gundem\/mesleki-sorumlulugumuz-buyuk\/"]}]},{"@type":"BreadcrumbList","@id":"https:\/\/denizcankizil.tr\/en\/haberler\/gundem\/mesleki-sorumlulugumuz-buyuk\/#breadcrumb","itemListElement":[{"@type":"ListItem","position":1,"name":"Home","item":"https:\/\/denizcankizil.tr\/de\/"},{"@type":"ListItem","position":2,"name":"Mesleki Sorumlulu\u011fumuz B\u00fcy\u00fck"}]},{"@type":"WebSite","@id":"https:\/\/denizcankizil.tr\/#website","url":"https:\/\/denizcankizil.tr\/","name":"Av. Deniz Can K\u0131z\u0131l","description":"Avukat Deniz Can K\u0131z\u0131l Antalya Barosu","publisher":{"@id":"https:\/\/denizcankizil.tr\/#organization"},"potentialAction":[{"@type":"SearchAction","target":{"@type":"EntryPoint","urlTemplate":"https:\/\/denizcankizil.tr\/?s={search_term_string}"},"query-input":{"@type":"PropertyValueSpecification","valueRequired":true,"valueName":"search_term_string"}}],"inLanguage":"en-GB"},{"@type":"Organization","@id":"https:\/\/denizcankizil.tr\/#organization","name":"Av. Deniz Can K\u0131z\u0131l","url":"https:\/\/denizcankizil.tr\/","logo":{"@type":"ImageObject","inLanguage":"en-GB","@id":"https:\/\/denizcankizil.tr\/#\/schema\/logo\/image\/","url":"https:\/\/denizcankizil.tr\/wp-content\/uploads\/2024\/10\/siyah-logo-svg.svg","contentUrl":"https:\/\/denizcankizil.tr\/wp-content\/uploads\/2024\/10\/siyah-logo-svg.svg","width":1080,"height":1080,"caption":"Av. Deniz Can K\u0131z\u0131l"},"image":{"@id":"https:\/\/denizcankizil.tr\/#\/schema\/logo\/image\/"}},{"@type":"Person","@id":"https:\/\/denizcankizil.tr\/#\/schema\/person\/be3c05fe6a12686905512445d8185489","name":"admin","image":{"@type":"ImageObject","inLanguage":"en-GB","@id":"https:\/\/denizcankizil.tr\/#\/schema\/person\/image\/","url":"https:\/\/secure.gravatar.com\/avatar\/c1fce94c830dc79107e174f890d7210541c4a63e8e5d816341794a2151c9d58c?s=96&d=mm&r=g","contentUrl":"https:\/\/secure.gravatar.com\/avatar\/c1fce94c830dc79107e174f890d7210541c4a63e8e5d816341794a2151c9d58c?s=96&d=mm&r=g","caption":"admin"},"sameAs":["http:\/\/denizcankizil.tr"],"url":"https:\/\/www.iskenderun.org\/mesleki-sorumlulugumuz-buyuk"}]}},"_links":{"self":[{"href":"https:\/\/denizcankizil.tr\/en\/wp-json\/wp\/v2\/posts\/51314","targetHints":{"allow":["GET"]}}],"collection":[{"href":"https:\/\/denizcankizil.tr\/en\/wp-json\/wp\/v2\/posts"}],"about":[{"href":"https:\/\/denizcankizil.tr\/en\/wp-json\/wp\/v2\/types\/post"}],"author":[{"embeddable":true,"href":"https:\/\/denizcankizil.tr\/en\/wp-json\/wp\/v2\/users\/1"}],"replies":[{"embeddable":true,"href":"https:\/\/denizcankizil.tr\/en\/wp-json\/wp\/v2\/comments?post=51314"}],"version-history":[{"count":0,"href":"https:\/\/denizcankizil.tr\/en\/wp-json\/wp\/v2\/posts\/51314\/revisions"}],"wp:attachment":[{"href":"https:\/\/denizcankizil.tr\/en\/wp-json\/wp\/v2\/media?parent=51314"}],"wp:term":[{"taxonomy":"category","embeddable":true,"href":"https:\/\/denizcankizil.tr\/en\/wp-json\/wp\/v2\/categories?post=51314"},{"taxonomy":"post_tag","embeddable":true,"href":"https:\/\/denizcankizil.tr\/en\/wp-json\/wp\/v2\/tags?post=51314"}],"curies":[{"name":"wp","href":"https:\/\/api.w.org\/{rel}","templated":true}]}}