{"id":50476,"date":"2025-04-09T14:42:09","date_gmt":"2025-04-09T11:42:09","guid":{"rendered":"https:\/\/denizcankizil.tr\/uncategorized-tr\/120-organizator-ile-519-duzensiz-gocmen-yakalandi\/"},"modified":"2025-04-09T14:42:09","modified_gmt":"2025-04-09T11:42:09","slug":"120-organizator-ile-519-duzensiz-gocmen-yakalandi","status":"publish","type":"post","link":"https:\/\/denizcankizil.tr\/en\/haberler\/gundem\/120-organizator-ile-519-duzensiz-gocmen-yakalandi\/","title":{"rendered":"120 organizat\u00f6r ile 519 d\u00fczensiz g\u00f6\u00e7men yakaland\u0131"},"content":{"rendered":"<p>Ramazan Bayram\u0131n\u0131 da i\u00e7ine alan 9 g\u00fcnl\u00fck tatilde d\u00fczensiz g\u00f6\u00e7 ve g\u00f6\u00e7men ka\u00e7ak\u00e7\u0131l\u0131\u011f\u0131na y\u00f6nelik d\u00fczenlenen faaliyetleri payla\u015fan \u0130\u00e7i\u015fleri Bakan\u0131 Ali Yerlikaya, 120 g\u00f6\u00e7men ka\u00e7ak\u00e7\u0131l\u0131\u011f\u0131 organizat\u00f6r\u00fc ile 519 d\u00fczensiz g\u00f6\u00e7menin yakaland\u0131\u011f\u0131n\u0131, bin 951 d\u00fczensiz g\u00f6\u00e7menin ise geri g\u00f6nderme merkezlerine sevk edildi\u011fini a\u00e7\u0131klad\u0131.<\/p>\n<p>(\u0130GFA) &#8211; \u0130\u00e7i\u015fleri Bakan\u0131 Ali Yerlikaya, 19-27 Mart 2025 tarihleri aras\u0131nda, Ramazan Bayram\u0131 tatilinde d\u00fczensiz g\u00f6\u00e7 ve g\u00f6\u00e7men ka\u00e7ak\u00e7\u0131l\u0131\u011f\u0131na y\u00f6nelik d\u00fczenlenen operasyonlar\u0131n sonu\u00e7lar\u0131n\u0131 a\u00e7\u0131klad\u0131.<\/p>\n<p>T\u00fcrkiye genelinde 33 ilde ger\u00e7ekle\u015ftirilen operasyonlarda 120 g\u00f6\u00e7men ka\u00e7ak\u00e7\u0131l\u0131\u011f\u0131 organizat\u00f6r\u00fc ve 519 d\u00fczensiz g\u00f6\u00e7men yakaland\u0131\u011f\u0131n\u0131 duyuran Bakan Yerlikaya, 81 ilde ise 270 Mobil G\u00f6\u00e7 Noktas\u0131 arac\u0131yla yap\u0131lan denetimlerde 107 bin 796 ki\u015fiye kimlik kontrol\u00fc uyguland\u0131\u011f\u0131 ve bin 951 d\u00fczensiz g\u00f6\u00e7men tespit edilerek geri g\u00f6nderme merkezlerine sevk edildi\u011fini kaydetti.<\/p>\n<p>Operasyonlar\u0131n \u015fehir merkezleri, uygulama noktalar\u0131, terminaller, garlar, havalimanlar\u0131, parklar ve sahillerde yo\u011funla\u015ft\u0131r\u0131ld\u0131\u011f\u0131n\u0131 kaydeden Bakan Yerlikaya, 2023 y\u0131l\u0131nda hizmete giren Mobil G\u00f6\u00e7 Noktas\u0131 ara\u00e7lar\u0131yla yap\u0131lan kontrollerde d\u00fczensiz g\u00f6\u00e7men tespit oran\u0131n\u0131n y\u00fczde 74,5\u2019ten 2025 Mart ay\u0131 itibariyle y\u00fczde 1,9\u2019a d\u00fc\u015ft\u00fc\u011f\u00fcn\u00fc belirtti.<\/p>\n<p>T\u00fcrkiye\u2019nin d\u00fczensiz g\u00f6\u00e7 rotas\u0131 olmaktan \u00e7\u0131kt\u0131\u011f\u0131n\u0131 vurgulayan Bakan Yerlikaya, m\u00fccadelelerin s\u0131n\u0131rlar, hudut kap\u0131lar\u0131 ve 81 ilde kararl\u0131l\u0131kla s\u00fcrece\u011fini ifade ederek, operasyonlar\u0131 ger\u00e7ekle\u015ftiren ekipleri tebrik etti.<\/p>\n<p>\u200bRamazan Bayram\u0131n\u0131 da i\u00e7ine alan 9 g\u00fcnl\u00fck tatilde d\u00fczensiz g\u00f6\u00e7 ve g\u00f6\u00e7men ka\u00e7ak\u00e7\u0131l\u0131\u011f\u0131na y\u00f6nelik d\u00fczenlenen faaliyetleri payla\u015fan \u0130\u00e7i\u015fleri Bakan\u0131 Ali Yerlikaya, 120 g\u00f6\u00e7men ka\u00e7ak\u00e7\u0131l\u0131\u011f\u0131 organizat\u00f6r\u00fc ile 519 d\u00fczensiz g\u00f6\u00e7menin yakaland\u0131\u011f\u0131n\u0131, bin 951 d\u00fczensiz g\u00f6\u00e7menin ise geri g\u00f6nderme merkezlerine sevk edildi\u011fini a\u00e7\u0131klad\u0131.<\/p>\n<p>(\u0130GFA) &#8211; \u0130\u00e7i\u015fleri Bakan\u0131 Ali Yerlikaya, 19-27 Mart 2025 tarihleri aras\u0131nda, Ramazan Bayram\u0131 tatilinde d\u00fczensiz g\u00f6\u00e7 ve g\u00f6\u00e7men ka\u00e7ak\u00e7\u0131l\u0131\u011f\u0131na y\u00f6nelik d\u00fczenlenen operasyonlar\u0131n sonu\u00e7lar\u0131n\u0131 a\u00e7\u0131klad\u0131.<\/p>\n<p>T\u00fcrkiye genelinde 33 ilde ger\u00e7ekle\u015ftirilen operasyonlarda 120 g\u00f6\u00e7men ka\u00e7ak\u00e7\u0131l\u0131\u011f\u0131 organizat\u00f6r\u00fc ve 519 d\u00fczensiz g\u00f6\u00e7men yakaland\u0131\u011f\u0131n\u0131 duyuran Bakan Yerlikaya, 81 ilde ise 270 Mobil G\u00f6\u00e7 Noktas\u0131 arac\u0131yla yap\u0131lan denetimlerde 107 bin 796 ki\u015fiye kimlik kontrol\u00fc uyguland\u0131\u011f\u0131 ve bin 951 d\u00fczensiz g\u00f6\u00e7men tespit edilerek geri g\u00f6nderme merkezlerine sevk edildi\u011fini kaydetti.<\/p>\n<p>Operasyonlar\u0131n \u015fehir merkezleri, uygulama noktalar\u0131, terminaller, garlar, havalimanlar\u0131, parklar ve sahillerde yo\u011funla\u015ft\u0131r\u0131ld\u0131\u011f\u0131n\u0131 kaydeden Bakan Yerlikaya, 2023 y\u0131l\u0131nda hizmete giren Mobil G\u00f6\u00e7 Noktas\u0131 ara\u00e7lar\u0131yla yap\u0131lan kontrollerde d\u00fczensiz g\u00f6\u00e7men tespit oran\u0131n\u0131n y\u00fczde 74,5\u2019ten 2025 Mart ay\u0131 itibariyle y\u00fczde 1,9\u2019a d\u00fc\u015ft\u00fc\u011f\u00fcn\u00fc belirtti.<\/p>\n<p>T\u00fcrkiye\u2019nin d\u00fczensiz g\u00f6\u00e7 rotas\u0131 olmaktan \u00e7\u0131kt\u0131\u011f\u0131n\u0131 vurgulayan Bakan Yerlikaya, m\u00fccadelelerin s\u0131n\u0131rlar, hudut kap\u0131lar\u0131 ve 81 ilde kararl\u0131l\u0131kla s\u00fcrece\u011fini ifade ederek, operasyonlar\u0131 ger\u00e7ekle\u015ftiren ekipleri tebrik etti.\u00a0<\/p>\n<p>\u200bHaberin Al\u0131nt\u0131land\u0131\u011f\u0131 Kaynak: www.iskenderun.org<\/p>","protected":false},"excerpt":{"rendered":"<p>Ramazan Bayram\u0131n\u0131 da i\u00e7ine alan 9 g\u00fcnl\u00fck tatilde d\u00fczensiz g\u00f6\u00e7 ve g\u00f6\u00e7men ka\u00e7ak\u00e7\u0131l\u0131\u011f\u0131na y\u00f6nelik d\u00fczenlenen faaliyetleri payla\u015fan \u0130\u00e7i\u015fleri Bakan\u0131 Ali Yerlikaya, 120 g\u00f6\u00e7men ka\u00e7ak\u00e7\u0131l\u0131\u011f\u0131 organizat\u00f6r\u00fc ile 519 d\u00fczensiz g\u00f6\u00e7menin yakaland\u0131\u011f\u0131n\u0131, bin 951 d\u00fczensiz g\u00f6\u00e7menin ise geri g\u00f6nderme merkezlerine sevk edildi\u011fini a\u00e7\u0131klad\u0131. (\u0130GFA) &#8211; \u0130\u00e7i\u015fleri Bakan\u0131 Ali Yerlikaya, 19-27 Mart 2025 tarihleri aras\u0131nda, Ramazan Bayram\u0131 tatilinde d\u00fczensiz g\u00f6\u00e7 ve g\u00f6\u00e7men ka\u00e7ak\u00e7\u0131l\u0131\u011f\u0131na y\u00f6nelik d\u00fczenlenen operasyonlar\u0131n sonu\u00e7lar\u0131n\u0131 a\u00e7\u0131klad\u0131. T\u00fcrkiye genelinde 33 ilde ger\u00e7ekle\u015ftirilen operasyonlarda 120 g\u00f6\u00e7men ka\u00e7ak\u00e7\u0131l\u0131\u011f\u0131 organizat\u00f6r\u00fc ve 519 d\u00fczensiz g\u00f6\u00e7men yakaland\u0131\u011f\u0131n\u0131 duyuran Bakan Yerlikaya, 81 ilde ise 270 Mobil G\u00f6\u00e7 Noktas\u0131 arac\u0131yla yap\u0131lan denetimlerde 107 bin 796 ki\u015fiye kimlik kontrol\u00fc uyguland\u0131\u011f\u0131 ve bin 951 d\u00fczensiz g\u00f6\u00e7men tespit edilerek geri g\u00f6nderme merkezlerine sevk edildi\u011fini kaydetti. Operasyonlar\u0131n \u015fehir merkezleri, uygulama noktalar\u0131, terminaller, garlar, havalimanlar\u0131, parklar ve sahillerde yo\u011funla\u015ft\u0131r\u0131ld\u0131\u011f\u0131n\u0131 kaydeden Bakan Yerlikaya, 2023 y\u0131l\u0131nda hizmete giren Mobil G\u00f6\u00e7 Noktas\u0131 ara\u00e7lar\u0131yla yap\u0131lan kontrollerde d\u00fczensiz g\u00f6\u00e7men tespit oran\u0131n\u0131n y\u00fczde 74,5\u2019ten 2025 Mart ay\u0131 itibariyle y\u00fczde 1,9\u2019a d\u00fc\u015ft\u00fc\u011f\u00fcn\u00fc belirtti. T\u00fcrkiye\u2019nin d\u00fczensiz g\u00f6\u00e7 rotas\u0131 olmaktan \u00e7\u0131kt\u0131\u011f\u0131n\u0131 vurgulayan Bakan Yerlikaya, m\u00fccadelelerin s\u0131n\u0131rlar, hudut kap\u0131lar\u0131 ve 81 ilde kararl\u0131l\u0131kla s\u00fcrece\u011fini ifade ederek, operasyonlar\u0131 ger\u00e7ekle\u015ftiren ekipleri tebrik etti. \u200bRamazan Bayram\u0131n\u0131 da i\u00e7ine alan 9 g\u00fcnl\u00fck tatilde d\u00fczensiz g\u00f6\u00e7 ve g\u00f6\u00e7men ka\u00e7ak\u00e7\u0131l\u0131\u011f\u0131na y\u00f6nelik d\u00fczenlenen faaliyetleri payla\u015fan \u0130\u00e7i\u015fleri Bakan\u0131 Ali Yerlikaya, 120 g\u00f6\u00e7men &hellip;<\/p>","protected":false},"author":1,"featured_media":0,"comment_status":"","ping_status":"open","sticky":false,"template":"","format":"standard","meta":{"_acf_changed":false,"footnotes":""},"categories":[24],"tags":[],"class_list":["post-50476","post","type-post","status-publish","format-standard","has-post-thumbnail","hentry","category-gundem"],"acf":[],"yoast_head":"<!-- This site is optimized with the Yoast SEO Premium plugin v26.6 (Yoast SEO v27.1.1) - https:\/\/yoast.com\/product\/yoast-seo-premium-wordpress\/ -->\n<title>120 organizat\u00f6r ile 519 d\u00fczensiz g\u00f6\u00e7men yakaland\u0131 - Av. Deniz Can K\u0131z\u0131l<\/title>\n<meta name=\"robots\" content=\"index, follow, max-snippet:-1, max-image-preview:large, max-video-preview:-1\" \/>\n<link rel=\"canonical\" href=\"http:\/\/denizcankizil.tr\/en\/haberler\/gundem\/120-organizator-ile-519-duzensiz-gocmen-yakalandi\/\" \/>\n<meta property=\"og:locale\" content=\"en_GB\" \/>\n<meta property=\"og:type\" content=\"article\" \/>\n<meta property=\"og:title\" content=\"120 organizat\u00f6r ile 519 d\u00fczensiz g\u00f6\u00e7men yakaland\u0131\" \/>\n<meta property=\"og:description\" content=\"Ramazan Bayram\u0131n\u0131 da i\u00e7ine alan 9 g\u00fcnl\u00fck tatilde d\u00fczensiz g\u00f6\u00e7 ve g\u00f6\u00e7men ka\u00e7ak\u00e7\u0131l\u0131\u011f\u0131na y\u00f6nelik d\u00fczenlenen faaliyetleri payla\u015fan \u0130\u00e7i\u015fleri Bakan\u0131 Ali Yerlikaya, 120 g\u00f6\u00e7men ka\u00e7ak\u00e7\u0131l\u0131\u011f\u0131 organizat\u00f6r\u00fc ile 519 d\u00fczensiz g\u00f6\u00e7menin yakaland\u0131\u011f\u0131n\u0131, bin 951 d\u00fczensiz g\u00f6\u00e7menin ise geri g\u00f6nderme merkezlerine sevk edildi\u011fini a\u00e7\u0131klad\u0131. (\u0130GFA) &#8211; \u0130\u00e7i\u015fleri Bakan\u0131 Ali Yerlikaya, 19-27 Mart 2025 tarihleri aras\u0131nda, Ramazan Bayram\u0131 tatilinde d\u00fczensiz g\u00f6\u00e7 ve g\u00f6\u00e7men ka\u00e7ak\u00e7\u0131l\u0131\u011f\u0131na y\u00f6nelik d\u00fczenlenen operasyonlar\u0131n sonu\u00e7lar\u0131n\u0131 a\u00e7\u0131klad\u0131. T\u00fcrkiye genelinde 33 ilde ger\u00e7ekle\u015ftirilen operasyonlarda 120 g\u00f6\u00e7men ka\u00e7ak\u00e7\u0131l\u0131\u011f\u0131 organizat\u00f6r\u00fc ve 519 d\u00fczensiz g\u00f6\u00e7men yakaland\u0131\u011f\u0131n\u0131 duyuran Bakan Yerlikaya, 81 ilde ise 270 Mobil G\u00f6\u00e7 Noktas\u0131 arac\u0131yla yap\u0131lan denetimlerde 107 bin 796 ki\u015fiye kimlik kontrol\u00fc uyguland\u0131\u011f\u0131 ve bin 951 d\u00fczensiz g\u00f6\u00e7men tespit edilerek geri g\u00f6nderme merkezlerine sevk edildi\u011fini kaydetti. Operasyonlar\u0131n \u015fehir merkezleri, uygulama noktalar\u0131, terminaller, garlar, havalimanlar\u0131, parklar ve sahillerde yo\u011funla\u015ft\u0131r\u0131ld\u0131\u011f\u0131n\u0131 kaydeden Bakan Yerlikaya, 2023 y\u0131l\u0131nda hizmete giren Mobil G\u00f6\u00e7 Noktas\u0131 ara\u00e7lar\u0131yla yap\u0131lan kontrollerde d\u00fczensiz g\u00f6\u00e7men tespit oran\u0131n\u0131n y\u00fczde 74,5\u2019ten 2025 Mart ay\u0131 itibariyle y\u00fczde 1,9\u2019a d\u00fc\u015ft\u00fc\u011f\u00fcn\u00fc belirtti. T\u00fcrkiye\u2019nin d\u00fczensiz g\u00f6\u00e7 rotas\u0131 olmaktan \u00e7\u0131kt\u0131\u011f\u0131n\u0131 vurgulayan Bakan Yerlikaya, m\u00fccadelelerin s\u0131n\u0131rlar, hudut kap\u0131lar\u0131 ve 81 ilde kararl\u0131l\u0131kla s\u00fcrece\u011fini ifade ederek, operasyonlar\u0131 ger\u00e7ekle\u015ftiren ekipleri tebrik etti. \u200bRamazan Bayram\u0131n\u0131 da i\u00e7ine alan 9 g\u00fcnl\u00fck tatilde d\u00fczensiz g\u00f6\u00e7 ve g\u00f6\u00e7men ka\u00e7ak\u00e7\u0131l\u0131\u011f\u0131na y\u00f6nelik d\u00fczenlenen faaliyetleri payla\u015fan \u0130\u00e7i\u015fleri Bakan\u0131 Ali Yerlikaya, 120 g\u00f6\u00e7men &hellip;\" \/>\n<meta property=\"og:url\" content=\"http:\/\/denizcankizil.tr\/en\/haberler\/gundem\/120-organizator-ile-519-duzensiz-gocmen-yakalandi\/\" \/>\n<meta property=\"og:site_name\" content=\"Av. Deniz Can K\u0131z\u0131l\" \/>\n<meta property=\"article:published_time\" content=\"2025-04-09T11:42:09+00:00\" \/>\n<meta name=\"author\" content=\"admin\" \/>\n<meta name=\"twitter:card\" content=\"summary_large_image\" \/>\n<meta name=\"twitter:label1\" content=\"Written by\" \/>\n\t<meta name=\"twitter:data1\" content=\"admin\" \/>\n\t<meta name=\"twitter:label2\" content=\"Estimated reading time\" \/>\n\t<meta name=\"twitter:data2\" content=\"3 minutes\" \/>\n<script type=\"application\/ld+json\" class=\"yoast-schema-graph\">{\"@context\":\"https:\/\/schema.org\",\"@graph\":[{\"@type\":\"Article\",\"@id\":\"http:\/\/denizcankizil.tr\/de\/haberler\/gundem\/120-organizator-ile-519-duzensiz-gocmen-yakalandi\/#article\",\"isPartOf\":{\"@id\":\"http:\/\/denizcankizil.tr\/de\/haberler\/gundem\/120-organizator-ile-519-duzensiz-gocmen-yakalandi\/\"},\"author\":{\"name\":\"admin\",\"@id\":\"https:\/\/denizcankizil.tr\/de\/#\/schema\/person\/be3c05fe6a12686905512445d8185489\"},\"headline\":\"120 organizat\u00f6r ile 519 d\u00fczensiz g\u00f6\u00e7men yakaland\u0131\",\"datePublished\":\"2025-04-09T11:42:09+00:00\",\"mainEntityOfPage\":{\"@id\":\"http:\/\/denizcankizil.tr\/de\/haberler\/gundem\/120-organizator-ile-519-duzensiz-gocmen-yakalandi\/\"},\"wordCount\":514,\"publisher\":{\"@id\":\"https:\/\/denizcankizil.tr\/de\/#organization\"},\"articleSection\":[\"G\u00fcndem\"],\"inLanguage\":\"en-GB\"},{\"@type\":\"WebPage\",\"@id\":\"http:\/\/denizcankizil.tr\/de\/haberler\/gundem\/120-organizator-ile-519-duzensiz-gocmen-yakalandi\/\",\"url\":\"http:\/\/denizcankizil.tr\/de\/haberler\/gundem\/120-organizator-ile-519-duzensiz-gocmen-yakalandi\/\",\"name\":\"120 organizat\u00f6r ile 519 d\u00fczensiz g\u00f6\u00e7men yakaland\u0131 - Av. Deniz Can K\u0131z\u0131l\",\"isPartOf\":{\"@id\":\"https:\/\/denizcankizil.tr\/de\/#website\"},\"datePublished\":\"2025-04-09T11:42:09+00:00\",\"breadcrumb\":{\"@id\":\"http:\/\/denizcankizil.tr\/de\/haberler\/gundem\/120-organizator-ile-519-duzensiz-gocmen-yakalandi\/#breadcrumb\"},\"inLanguage\":\"en-GB\",\"potentialAction\":[{\"@type\":\"ReadAction\",\"target\":[\"http:\/\/denizcankizil.tr\/de\/haberler\/gundem\/120-organizator-ile-519-duzensiz-gocmen-yakalandi\/\"]}]},{\"@type\":\"BreadcrumbList\",\"@id\":\"http:\/\/denizcankizil.tr\/de\/haberler\/gundem\/120-organizator-ile-519-duzensiz-gocmen-yakalandi\/#breadcrumb\",\"itemListElement\":[{\"@type\":\"ListItem\",\"position\":1,\"name\":\"Home\",\"item\":\"https:\/\/denizcankizil.tr\/de\/\"},{\"@type\":\"ListItem\",\"position\":2,\"name\":\"120 organizat\u00f6r ile 519 d\u00fczensiz g\u00f6\u00e7men yakaland\u0131\"}]},{\"@type\":\"WebSite\",\"@id\":\"https:\/\/denizcankizil.tr\/de\/#website\",\"url\":\"https:\/\/denizcankizil.tr\/de\/\",\"name\":\"Av. Deniz Can K\u0131z\u0131l\",\"description\":\"Avukat Deniz Can K\u0131z\u0131l Antalya Barosu\",\"publisher\":{\"@id\":\"https:\/\/denizcankizil.tr\/de\/#organization\"},\"potentialAction\":[{\"@type\":\"SearchAction\",\"target\":{\"@type\":\"EntryPoint\",\"urlTemplate\":\"https:\/\/denizcankizil.tr\/de\/?s={search_term_string}\"},\"query-input\":{\"@type\":\"PropertyValueSpecification\",\"valueRequired\":true,\"valueName\":\"search_term_string\"}}],\"inLanguage\":\"en-GB\"},{\"@type\":\"Organization\",\"@id\":\"https:\/\/denizcankizil.tr\/de\/#organization\",\"name\":\"Av. Deniz Can K\u0131z\u0131l\",\"url\":\"https:\/\/denizcankizil.tr\/de\/\",\"logo\":{\"@type\":\"ImageObject\",\"inLanguage\":\"en-GB\",\"@id\":\"https:\/\/denizcankizil.tr\/de\/#\/schema\/logo\/image\/\",\"url\":\"https:\/\/denizcankizil.tr\/wp-content\/uploads\/2024\/10\/siyah-logo-svg.svg\",\"contentUrl\":\"https:\/\/denizcankizil.tr\/wp-content\/uploads\/2024\/10\/siyah-logo-svg.svg\",\"width\":1080,\"height\":1080,\"caption\":\"Av. Deniz Can K\u0131z\u0131l\"},\"image\":{\"@id\":\"https:\/\/denizcankizil.tr\/de\/#\/schema\/logo\/image\/\"}},{\"@type\":\"Person\",\"@id\":\"https:\/\/denizcankizil.tr\/de\/#\/schema\/person\/be3c05fe6a12686905512445d8185489\",\"name\":\"admin\",\"image\":{\"@type\":\"ImageObject\",\"inLanguage\":\"en-GB\",\"@id\":\"https:\/\/denizcankizil.tr\/de\/#\/schema\/person\/image\/\",\"url\":\"https:\/\/secure.gravatar.com\/avatar\/c1fce94c830dc79107e174f890d7210541c4a63e8e5d816341794a2151c9d58c?s=96&d=mm&r=g\",\"contentUrl\":\"https:\/\/secure.gravatar.com\/avatar\/c1fce94c830dc79107e174f890d7210541c4a63e8e5d816341794a2151c9d58c?s=96&d=mm&r=g\",\"caption\":\"admin\"},\"sameAs\":[\"http:\/\/denizcankizil.tr\"],\"url\":\"https:\/\/www.iskenderun.org\/icislerinden-duzensiz-goc-bilancosu-120-organizator-ile-519-duzensiz-gocmen-yakalandi\"}]}<\/script>\n<!-- \/ Yoast SEO Premium plugin. -->","yoast_head_json":{"title":"120 organizat\u00f6r ile 519 d\u00fczensiz g\u00f6\u00e7men yakaland\u0131 - Av. Deniz Can K\u0131z\u0131l","robots":{"index":"index","follow":"follow","max-snippet":"max-snippet:-1","max-image-preview":"max-image-preview:large","max-video-preview":"max-video-preview:-1"},"canonical":"http:\/\/denizcankizil.tr\/en\/haberler\/gundem\/120-organizator-ile-519-duzensiz-gocmen-yakalandi\/","og_locale":"en_GB","og_type":"article","og_title":"120 organizat\u00f6r ile 519 d\u00fczensiz g\u00f6\u00e7men yakaland\u0131","og_description":"Ramazan Bayram\u0131n\u0131 da i\u00e7ine alan 9 g\u00fcnl\u00fck tatilde d\u00fczensiz g\u00f6\u00e7 ve g\u00f6\u00e7men ka\u00e7ak\u00e7\u0131l\u0131\u011f\u0131na y\u00f6nelik d\u00fczenlenen faaliyetleri payla\u015fan \u0130\u00e7i\u015fleri Bakan\u0131 Ali Yerlikaya, 120 g\u00f6\u00e7men ka\u00e7ak\u00e7\u0131l\u0131\u011f\u0131 organizat\u00f6r\u00fc ile 519 d\u00fczensiz g\u00f6\u00e7menin yakaland\u0131\u011f\u0131n\u0131, bin 951 d\u00fczensiz g\u00f6\u00e7menin ise geri g\u00f6nderme merkezlerine sevk edildi\u011fini a\u00e7\u0131klad\u0131. (\u0130GFA) &#8211; \u0130\u00e7i\u015fleri Bakan\u0131 Ali Yerlikaya, 19-27 Mart 2025 tarihleri aras\u0131nda, Ramazan Bayram\u0131 tatilinde d\u00fczensiz g\u00f6\u00e7 ve g\u00f6\u00e7men ka\u00e7ak\u00e7\u0131l\u0131\u011f\u0131na y\u00f6nelik d\u00fczenlenen operasyonlar\u0131n sonu\u00e7lar\u0131n\u0131 a\u00e7\u0131klad\u0131. T\u00fcrkiye genelinde 33 ilde ger\u00e7ekle\u015ftirilen operasyonlarda 120 g\u00f6\u00e7men ka\u00e7ak\u00e7\u0131l\u0131\u011f\u0131 organizat\u00f6r\u00fc ve 519 d\u00fczensiz g\u00f6\u00e7men yakaland\u0131\u011f\u0131n\u0131 duyuran Bakan Yerlikaya, 81 ilde ise 270 Mobil G\u00f6\u00e7 Noktas\u0131 arac\u0131yla yap\u0131lan denetimlerde 107 bin 796 ki\u015fiye kimlik kontrol\u00fc uyguland\u0131\u011f\u0131 ve bin 951 d\u00fczensiz g\u00f6\u00e7men tespit edilerek geri g\u00f6nderme merkezlerine sevk edildi\u011fini kaydetti. Operasyonlar\u0131n \u015fehir merkezleri, uygulama noktalar\u0131, terminaller, garlar, havalimanlar\u0131, parklar ve sahillerde yo\u011funla\u015ft\u0131r\u0131ld\u0131\u011f\u0131n\u0131 kaydeden Bakan Yerlikaya, 2023 y\u0131l\u0131nda hizmete giren Mobil G\u00f6\u00e7 Noktas\u0131 ara\u00e7lar\u0131yla yap\u0131lan kontrollerde d\u00fczensiz g\u00f6\u00e7men tespit oran\u0131n\u0131n y\u00fczde 74,5\u2019ten 2025 Mart ay\u0131 itibariyle y\u00fczde 1,9\u2019a d\u00fc\u015ft\u00fc\u011f\u00fcn\u00fc belirtti. T\u00fcrkiye\u2019nin d\u00fczensiz g\u00f6\u00e7 rotas\u0131 olmaktan \u00e7\u0131kt\u0131\u011f\u0131n\u0131 vurgulayan Bakan Yerlikaya, m\u00fccadelelerin s\u0131n\u0131rlar, hudut kap\u0131lar\u0131 ve 81 ilde kararl\u0131l\u0131kla s\u00fcrece\u011fini ifade ederek, operasyonlar\u0131 ger\u00e7ekle\u015ftiren ekipleri tebrik etti. \u200bRamazan Bayram\u0131n\u0131 da i\u00e7ine alan 9 g\u00fcnl\u00fck tatilde d\u00fczensiz g\u00f6\u00e7 ve g\u00f6\u00e7men ka\u00e7ak\u00e7\u0131l\u0131\u011f\u0131na y\u00f6nelik d\u00fczenlenen faaliyetleri payla\u015fan \u0130\u00e7i\u015fleri Bakan\u0131 Ali Yerlikaya, 120 g\u00f6\u00e7men &hellip;","og_url":"http:\/\/denizcankizil.tr\/en\/haberler\/gundem\/120-organizator-ile-519-duzensiz-gocmen-yakalandi\/","og_site_name":"Av. Deniz Can K\u0131z\u0131l","article_published_time":"2025-04-09T11:42:09+00:00","author":"admin","twitter_card":"summary_large_image","twitter_misc":{"Written by":"admin","Estimated reading time":"3 minutes"},"schema":{"@context":"https:\/\/schema.org","@graph":[{"@type":"Article","@id":"http:\/\/denizcankizil.tr\/de\/haberler\/gundem\/120-organizator-ile-519-duzensiz-gocmen-yakalandi\/#article","isPartOf":{"@id":"http:\/\/denizcankizil.tr\/de\/haberler\/gundem\/120-organizator-ile-519-duzensiz-gocmen-yakalandi\/"},"author":{"name":"admin","@id":"https:\/\/denizcankizil.tr\/de\/#\/schema\/person\/be3c05fe6a12686905512445d8185489"},"headline":"120 organizat\u00f6r ile 519 d\u00fczensiz g\u00f6\u00e7men yakaland\u0131","datePublished":"2025-04-09T11:42:09+00:00","mainEntityOfPage":{"@id":"http:\/\/denizcankizil.tr\/de\/haberler\/gundem\/120-organizator-ile-519-duzensiz-gocmen-yakalandi\/"},"wordCount":514,"publisher":{"@id":"https:\/\/denizcankizil.tr\/de\/#organization"},"articleSection":["G\u00fcndem"],"inLanguage":"en-GB"},{"@type":"WebPage","@id":"http:\/\/denizcankizil.tr\/de\/haberler\/gundem\/120-organizator-ile-519-duzensiz-gocmen-yakalandi\/","url":"http:\/\/denizcankizil.tr\/de\/haberler\/gundem\/120-organizator-ile-519-duzensiz-gocmen-yakalandi\/","name":"120 organizat\u00f6r ile 519 d\u00fczensiz g\u00f6\u00e7men yakaland\u0131 - Av. Deniz Can K\u0131z\u0131l","isPartOf":{"@id":"https:\/\/denizcankizil.tr\/de\/#website"},"datePublished":"2025-04-09T11:42:09+00:00","breadcrumb":{"@id":"http:\/\/denizcankizil.tr\/de\/haberler\/gundem\/120-organizator-ile-519-duzensiz-gocmen-yakalandi\/#breadcrumb"},"inLanguage":"en-GB","potentialAction":[{"@type":"ReadAction","target":["http:\/\/denizcankizil.tr\/de\/haberler\/gundem\/120-organizator-ile-519-duzensiz-gocmen-yakalandi\/"]}]},{"@type":"BreadcrumbList","@id":"http:\/\/denizcankizil.tr\/de\/haberler\/gundem\/120-organizator-ile-519-duzensiz-gocmen-yakalandi\/#breadcrumb","itemListElement":[{"@type":"ListItem","position":1,"name":"Home","item":"https:\/\/denizcankizil.tr\/de\/"},{"@type":"ListItem","position":2,"name":"120 organizat\u00f6r ile 519 d\u00fczensiz g\u00f6\u00e7men yakaland\u0131"}]},{"@type":"WebSite","@id":"https:\/\/denizcankizil.tr\/de\/#website","url":"https:\/\/denizcankizil.tr\/de\/","name":"Av. Deniz Can K\u0131z\u0131l","description":"Avukat Deniz Can K\u0131z\u0131l Antalya Barosu","publisher":{"@id":"https:\/\/denizcankizil.tr\/de\/#organization"},"potentialAction":[{"@type":"SearchAction","target":{"@type":"EntryPoint","urlTemplate":"https:\/\/denizcankizil.tr\/de\/?s={search_term_string}"},"query-input":{"@type":"PropertyValueSpecification","valueRequired":true,"valueName":"search_term_string"}}],"inLanguage":"en-GB"},{"@type":"Organization","@id":"https:\/\/denizcankizil.tr\/de\/#organization","name":"Av. Deniz Can K\u0131z\u0131l","url":"https:\/\/denizcankizil.tr\/de\/","logo":{"@type":"ImageObject","inLanguage":"en-GB","@id":"https:\/\/denizcankizil.tr\/de\/#\/schema\/logo\/image\/","url":"https:\/\/denizcankizil.tr\/wp-content\/uploads\/2024\/10\/siyah-logo-svg.svg","contentUrl":"https:\/\/denizcankizil.tr\/wp-content\/uploads\/2024\/10\/siyah-logo-svg.svg","width":1080,"height":1080,"caption":"Av. Deniz Can K\u0131z\u0131l"},"image":{"@id":"https:\/\/denizcankizil.tr\/de\/#\/schema\/logo\/image\/"}},{"@type":"Person","@id":"https:\/\/denizcankizil.tr\/de\/#\/schema\/person\/be3c05fe6a12686905512445d8185489","name":"admin","image":{"@type":"ImageObject","inLanguage":"en-GB","@id":"https:\/\/denizcankizil.tr\/de\/#\/schema\/person\/image\/","url":"https:\/\/secure.gravatar.com\/avatar\/c1fce94c830dc79107e174f890d7210541c4a63e8e5d816341794a2151c9d58c?s=96&d=mm&r=g","contentUrl":"https:\/\/secure.gravatar.com\/avatar\/c1fce94c830dc79107e174f890d7210541c4a63e8e5d816341794a2151c9d58c?s=96&d=mm&r=g","caption":"admin"},"sameAs":["http:\/\/denizcankizil.tr"],"url":"https:\/\/www.iskenderun.org\/icislerinden-duzensiz-goc-bilancosu-120-organizator-ile-519-duzensiz-gocmen-yakalandi"}]}},"_links":{"self":[{"href":"https:\/\/denizcankizil.tr\/en\/wp-json\/wp\/v2\/posts\/50476","targetHints":{"allow":["GET"]}}],"collection":[{"href":"https:\/\/denizcankizil.tr\/en\/wp-json\/wp\/v2\/posts"}],"about":[{"href":"https:\/\/denizcankizil.tr\/en\/wp-json\/wp\/v2\/types\/post"}],"author":[{"embeddable":true,"href":"https:\/\/denizcankizil.tr\/en\/wp-json\/wp\/v2\/users\/1"}],"replies":[{"embeddable":true,"href":"https:\/\/denizcankizil.tr\/en\/wp-json\/wp\/v2\/comments?post=50476"}],"version-history":[{"count":0,"href":"https:\/\/denizcankizil.tr\/en\/wp-json\/wp\/v2\/posts\/50476\/revisions"}],"wp:attachment":[{"href":"https:\/\/denizcankizil.tr\/en\/wp-json\/wp\/v2\/media?parent=50476"}],"wp:term":[{"taxonomy":"category","embeddable":true,"href":"https:\/\/denizcankizil.tr\/en\/wp-json\/wp\/v2\/categories?post=50476"},{"taxonomy":"post_tag","embeddable":true,"href":"https:\/\/denizcankizil.tr\/en\/wp-json\/wp\/v2\/tags?post=50476"}],"curies":[{"name":"wp","href":"https:\/\/api.w.org\/{rel}","templated":true}]}}