{"id":49379,"date":"2025-04-08T15:41:14","date_gmt":"2025-04-08T12:41:14","guid":{"rendered":"https:\/\/denizcankizil.tr\/uncategorized-tr\/konyaalti-sahilini-ve-denizi-temizlediler\/"},"modified":"2025-04-08T15:41:14","modified_gmt":"2025-04-08T12:41:14","slug":"konyaalti-sahilini-ve-denizi-temizlediler","status":"publish","type":"post","link":"https:\/\/denizcankizil.tr\/en\/haberler\/antalya\/konyaalti-sahilini-ve-denizi-temizlediler\/","title":{"rendered":"Konyaalt\u0131 Sahili&#8217;ni ve denizi temizlediler"},"content":{"rendered":"<p>Konyaalt\u0131 Belediyesi, \u00e7evre bilincini art\u0131rmak ve deniz kirlili\u011fine dikkat \u00e7ekmek amac\u0131yla Suda Arama ve Kurtarma Derne\u011fi (SKUT) ile deniz temizli\u011fi fark\u0131ndal\u0131k etkinli\u011fi ger\u00e7ekle\u015ftirdi. \u2018Gelece\u011fi D\u00fc\u015f\u00fcn\u00fcyoruz Suyumuza Sahip \u00c7\u0131k\u0131yoruz\u2019 slogan\u0131yla Konyaalt\u0131 Sahili\u2019nde ger\u00e7ekle\u015fen etkinlikte, SKUT ekipleri su alt\u0131na inerek denizde bulunan plastik, cam ve metal at\u0131klar\u0131n\u0131 toplad\u0131. Konyaalt\u0131 Belediyesi Ba\u015fkan Yard\u0131mc\u0131s\u0131 Mehmet Bilgin\u2019in de kat\u0131ld\u0131\u011f\u0131 etkinlikte, \u0130klim De\u011fi\u015fikli\u011fi ve S\u0131f\u0131r At\u0131k M\u00fcd\u00fcrl\u00fc\u011f\u00fc, Afet \u0130\u015fleri M\u00fcd\u00fcrl\u00fc\u011f\u00fc, Temizlik \u0130\u015fleri M\u00fcd\u00fcrl\u00fc\u011f\u00fc personeli ve vatanda\u015flar sahildeki at\u0131klar\u0131 toplayarak fark\u0131ndal\u0131k etkinli\u011fine katk\u0131 sa\u011flad\u0131.<\/p>\n<p>&#8220;Temiz suyun \u00f6nemine vurgu yap\u0131ld\u0131&#8221;<br \/>\nKonyaalt\u0131 Sahili\u2019nde deniz temizli\u011fi ger\u00e7ekle\u015ftirerek deniz ve sahil kirlili\u011fine dikkat \u00e7ekmeyi ama\u00e7lad\u0131klar\u0131n\u0131 kaydeden Konyaalt\u0131 Belediyesi \u0130klim De\u011fi\u015fikli\u011fi ve S\u0131f\u0131r At\u0131k M\u00fcd\u00fcr\u00fc \u00d6nc\u00fc Ceylan Balo\u011flu, &#8220;D\u00fcnya Su G\u00fcn\u00fc kapsam\u0131nda suyun \u00f6nemini vurgulamak, fark\u0131ndal\u0131k olu\u015fturmak ve temiz suya nas\u0131l ula\u015fabilece\u011fimiz konusunda bilgilendirme yapmak istedik.<br \/>\nKonyaalt\u0131 Belediyemiz ve SKUT aras\u0131nda yap\u0131lan protokol kapsam\u0131nda, iklim krizine kar\u015f\u0131 suyun hayati \u00f6nemine vurgu yapt\u0131\u011f\u0131m\u0131z bir etkinlik oldu&#8221; dedi.<\/p>\n<p>&#8220;Yar\u0131nlara daha temiz bir d\u00fcnya b\u0131rakabilmek i\u00e7in&#8221;<br \/>\n\u0130klim kriziyle temiz suya eri\u015fimin giderek daha b\u00fcy\u00fck bir \u00f6nem kazand\u0131\u011f\u0131n\u0131 vurgulayan Balo\u011flu, &#8220;Su; hayvan, insan ve bitki sa\u011fl\u0131\u011f\u0131 a\u00e7\u0131s\u0131ndan vazge\u00e7ilmez bir unsur. Konyaalt\u0131 Belediyesi olarak daha temiz bir d\u00fcnya i\u00e7in \u00e7al\u0131\u015fmalar\u0131m\u0131z\u0131 s\u00fcrd\u00fcr\u00fcyoruz&#8221; diye konu\u015ftu. Konyaalt\u0131 Belediye Ba\u015fkan\u0131 Cem Kotan\u2019\u0131n talimatlar\u0131 do\u011frultusunda \u00e7al\u0131\u015ft\u0131klar\u0131n\u0131 kaydeden Balo\u011flu, &#8220;\u00c7evremize, do\u011fam\u0131za ve yar\u0131nlar\u0131m\u0131za daha temiz bir d\u00fcnya b\u0131rakabilmek i\u00e7in \u00e7evremizi korumal\u0131y\u0131z. Haz\u0131rlad\u0131\u011f\u0131m\u0131z stratejik planlar kapsam\u0131nda, suyun verimli kullan\u0131lmas\u0131 i\u00e7in daha \u00e7ok \u00e7al\u0131\u015faca\u011f\u0131z&#8221; dedi.<\/p>\n<p>&#8220;Konyaalt\u0131 Belediyesi\u2019yle temizliyoruz&#8221;<br \/>\nSu alt\u0131nda olu\u015fan kirlili\u011fi engellemek amac\u0131yla her y\u0131l belirli periyotlarla dal\u0131\u015f yaparak su alt\u0131 temizli\u011fi ger\u00e7ekle\u015ftirdiklerini belirten SKUT Dernek Ba\u015fkan\u0131 Mustafa Bilyaz, &#8220;Ekolojik dengenin korunmas\u0131na katk\u0131 sa\u011flamak ve fark\u0131ndal\u0131k olu\u015fturmak ad\u0131na bu etkinli\u011fi d\u00fczenliyoruz&#8221; dedi. Bir\u00e7ok ki\u015finin suya att\u0131\u011f\u0131 at\u0131klar\u0131n kayboldu\u011funu d\u00fc\u015f\u00fcnd\u00fc\u011f\u00fcn\u00fc fakat bu at\u0131klar\u0131n sular\u0131 kirletti\u011fini vurgulayan Bilyaz, &#8220;Okyanuslarda ve denizlerde mikroplastik seviyeleri ciddi oranda artt\u0131. D\u00f6rt y\u0131ld\u0131r Konyaalt\u0131 ekibiyle birlikte \u00e7al\u0131\u015f\u0131yoruz ve her y\u0131l bu projede bizlerle birlikte yer al\u0131yorlar. Verdikleri destek i\u00e7in onlara te\u015fekk\u00fcr ediyoruz&#8221; ifadelerini kulland\u0131.<\/p>\n<p>Kaynak: www.kanalv.com.tr Haber Sitesinden Al\u0131nm\u0131\u015ft\u0131r.<\/p>","protected":false},"excerpt":{"rendered":"<p>Konyaalt\u0131 Belediyesi, \u00e7evre bilincini art\u0131rmak ve deniz kirlili\u011fine dikkat \u00e7ekmek amac\u0131yla Suda Arama ve Kurtarma Derne\u011fi (SKUT) ile deniz temizli\u011fi fark\u0131ndal\u0131k etkinli\u011fi ger\u00e7ekle\u015ftirdi. \u2018Gelece\u011fi D\u00fc\u015f\u00fcn\u00fcyoruz Suyumuza Sahip \u00c7\u0131k\u0131yoruz\u2019 slogan\u0131yla Konyaalt\u0131 Sahili\u2019nde ger\u00e7ekle\u015fen etkinlikte, SKUT ekipleri su alt\u0131na inerek denizde bulunan plastik, cam ve metal at\u0131klar\u0131n\u0131 toplad\u0131. Konyaalt\u0131 Belediyesi Ba\u015fkan Yard\u0131mc\u0131s\u0131 Mehmet Bilgin\u2019in de kat\u0131ld\u0131\u011f\u0131 etkinlikte, \u0130klim De\u011fi\u015fikli\u011fi ve S\u0131f\u0131r At\u0131k M\u00fcd\u00fcrl\u00fc\u011f\u00fc, Afet \u0130\u015fleri M\u00fcd\u00fcrl\u00fc\u011f\u00fc, Temizlik \u0130\u015fleri M\u00fcd\u00fcrl\u00fc\u011f\u00fc personeli ve vatanda\u015flar sahildeki at\u0131klar\u0131 toplayarak fark\u0131ndal\u0131k etkinli\u011fine katk\u0131 sa\u011flad\u0131. &#8220;Temiz suyun \u00f6nemine vurgu yap\u0131ld\u0131&#8221; Konyaalt\u0131 Sahili\u2019nde deniz temizli\u011fi ger\u00e7ekle\u015ftirerek deniz ve sahil kirlili\u011fine dikkat \u00e7ekmeyi ama\u00e7lad\u0131klar\u0131n\u0131 kaydeden Konyaalt\u0131 Belediyesi \u0130klim De\u011fi\u015fikli\u011fi ve S\u0131f\u0131r At\u0131k M\u00fcd\u00fcr\u00fc \u00d6nc\u00fc Ceylan Balo\u011flu, &#8220;D\u00fcnya Su G\u00fcn\u00fc kapsam\u0131nda suyun \u00f6nemini vurgulamak, fark\u0131ndal\u0131k olu\u015fturmak ve temiz suya nas\u0131l ula\u015fabilece\u011fimiz konusunda bilgilendirme yapmak istedik. Konyaalt\u0131 Belediyemiz ve SKUT aras\u0131nda yap\u0131lan protokol kapsam\u0131nda, iklim krizine kar\u015f\u0131 suyun hayati \u00f6nemine vurgu yapt\u0131\u011f\u0131m\u0131z bir etkinlik oldu&#8221; dedi. &#8220;Yar\u0131nlara daha temiz bir d\u00fcnya b\u0131rakabilmek i\u00e7in&#8221; \u0130klim kriziyle temiz suya eri\u015fimin giderek daha b\u00fcy\u00fck bir \u00f6nem kazand\u0131\u011f\u0131n\u0131 vurgulayan Balo\u011flu, &#8220;Su; hayvan, insan ve bitki sa\u011fl\u0131\u011f\u0131 a\u00e7\u0131s\u0131ndan vazge\u00e7ilmez bir unsur. Konyaalt\u0131 Belediyesi olarak daha temiz bir d\u00fcnya i\u00e7in \u00e7al\u0131\u015fmalar\u0131m\u0131z\u0131 s\u00fcrd\u00fcr\u00fcyoruz&#8221; diye konu\u015ftu. Konyaalt\u0131 Belediye Ba\u015fkan\u0131 Cem Kotan\u2019\u0131n talimatlar\u0131 do\u011frultusunda \u00e7al\u0131\u015ft\u0131klar\u0131n\u0131 kaydeden Balo\u011flu, &#8220;\u00c7evremize, do\u011fam\u0131za ve yar\u0131nlar\u0131m\u0131za &hellip;<\/p>","protected":false},"author":4,"featured_media":49380,"comment_status":"","ping_status":"open","sticky":false,"template":"","format":"standard","meta":{"_acf_changed":false,"footnotes":""},"categories":[26],"tags":[],"class_list":["post-49379","post","type-post","status-publish","format-standard","has-post-thumbnail","hentry","category-antalya"],"acf":[],"yoast_head":"<!-- This site is optimized with the Yoast SEO Premium plugin v26.6 (Yoast SEO v27.1.1) - https:\/\/yoast.com\/product\/yoast-seo-premium-wordpress\/ -->\n<title>Konyaalt\u0131 Sahili&#039;ni ve denizi temizlediler - Av. Deniz Can K\u0131z\u0131l<\/title>\n<meta name=\"robots\" content=\"index, follow, max-snippet:-1, max-image-preview:large, max-video-preview:-1\" \/>\n<link rel=\"canonical\" href=\"https:\/\/denizcankizil.tr\/en\/haberler\/antalya\/konyaalti-sahilini-ve-denizi-temizlediler\/\" \/>\n<meta property=\"og:locale\" content=\"en_GB\" \/>\n<meta property=\"og:type\" content=\"article\" \/>\n<meta property=\"og:title\" content=\"Konyaalt\u0131 Sahili&#039;ni ve denizi temizlediler\" \/>\n<meta property=\"og:description\" content=\"Konyaalt\u0131 Belediyesi, \u00e7evre bilincini art\u0131rmak ve deniz kirlili\u011fine dikkat \u00e7ekmek amac\u0131yla Suda Arama ve Kurtarma Derne\u011fi (SKUT) ile deniz temizli\u011fi fark\u0131ndal\u0131k etkinli\u011fi ger\u00e7ekle\u015ftirdi. \u2018Gelece\u011fi D\u00fc\u015f\u00fcn\u00fcyoruz Suyumuza Sahip \u00c7\u0131k\u0131yoruz\u2019 slogan\u0131yla Konyaalt\u0131 Sahili\u2019nde ger\u00e7ekle\u015fen etkinlikte, SKUT ekipleri su alt\u0131na inerek denizde bulunan plastik, cam ve metal at\u0131klar\u0131n\u0131 toplad\u0131. Konyaalt\u0131 Belediyesi Ba\u015fkan Yard\u0131mc\u0131s\u0131 Mehmet Bilgin\u2019in de kat\u0131ld\u0131\u011f\u0131 etkinlikte, \u0130klim De\u011fi\u015fikli\u011fi ve S\u0131f\u0131r At\u0131k M\u00fcd\u00fcrl\u00fc\u011f\u00fc, Afet \u0130\u015fleri M\u00fcd\u00fcrl\u00fc\u011f\u00fc, Temizlik \u0130\u015fleri M\u00fcd\u00fcrl\u00fc\u011f\u00fc personeli ve vatanda\u015flar sahildeki at\u0131klar\u0131 toplayarak fark\u0131ndal\u0131k etkinli\u011fine katk\u0131 sa\u011flad\u0131. &#8220;Temiz suyun \u00f6nemine vurgu yap\u0131ld\u0131&#8221; Konyaalt\u0131 Sahili\u2019nde deniz temizli\u011fi ger\u00e7ekle\u015ftirerek deniz ve sahil kirlili\u011fine dikkat \u00e7ekmeyi ama\u00e7lad\u0131klar\u0131n\u0131 kaydeden Konyaalt\u0131 Belediyesi \u0130klim De\u011fi\u015fikli\u011fi ve S\u0131f\u0131r At\u0131k M\u00fcd\u00fcr\u00fc \u00d6nc\u00fc Ceylan Balo\u011flu, &#8220;D\u00fcnya Su G\u00fcn\u00fc kapsam\u0131nda suyun \u00f6nemini vurgulamak, fark\u0131ndal\u0131k olu\u015fturmak ve temiz suya nas\u0131l ula\u015fabilece\u011fimiz konusunda bilgilendirme yapmak istedik. Konyaalt\u0131 Belediyemiz ve SKUT aras\u0131nda yap\u0131lan protokol kapsam\u0131nda, iklim krizine kar\u015f\u0131 suyun hayati \u00f6nemine vurgu yapt\u0131\u011f\u0131m\u0131z bir etkinlik oldu&#8221; dedi. &#8220;Yar\u0131nlara daha temiz bir d\u00fcnya b\u0131rakabilmek i\u00e7in&#8221; \u0130klim kriziyle temiz suya eri\u015fimin giderek daha b\u00fcy\u00fck bir \u00f6nem kazand\u0131\u011f\u0131n\u0131 vurgulayan Balo\u011flu, &#8220;Su; hayvan, insan ve bitki sa\u011fl\u0131\u011f\u0131 a\u00e7\u0131s\u0131ndan vazge\u00e7ilmez bir unsur. Konyaalt\u0131 Belediyesi olarak daha temiz bir d\u00fcnya i\u00e7in \u00e7al\u0131\u015fmalar\u0131m\u0131z\u0131 s\u00fcrd\u00fcr\u00fcyoruz&#8221; diye konu\u015ftu. Konyaalt\u0131 Belediye Ba\u015fkan\u0131 Cem Kotan\u2019\u0131n talimatlar\u0131 do\u011frultusunda \u00e7al\u0131\u015ft\u0131klar\u0131n\u0131 kaydeden Balo\u011flu, &#8220;\u00c7evremize, do\u011fam\u0131za ve yar\u0131nlar\u0131m\u0131za &hellip;\" \/>\n<meta property=\"og:url\" content=\"https:\/\/denizcankizil.tr\/en\/haberler\/antalya\/konyaalti-sahilini-ve-denizi-temizlediler\/\" \/>\n<meta property=\"og:site_name\" content=\"Av. Deniz Can K\u0131z\u0131l\" \/>\n<meta property=\"article:published_time\" content=\"2025-04-08T12:41:14+00:00\" \/>\n<meta property=\"og:image\" content=\"https:\/\/denizcankizil.tr\/wp-content\/uploads\/2025\/04\/e124cf08-7369-4879-8e19-c471d56564e2-sERYGz.jpeg\" \/>\n\t<meta property=\"og:image:width\" content=\"1280\" \/>\n\t<meta property=\"og:image:height\" content=\"720\" \/>\n\t<meta property=\"og:image:type\" content=\"image\/jpeg\" \/>\n<meta name=\"author\" content=\"Av. Deniz Can K\u0131z\u0131l\" \/>\n<meta name=\"twitter:card\" content=\"summary_large_image\" \/>\n<meta name=\"twitter:label1\" content=\"Written by\" \/>\n\t<meta name=\"twitter:data1\" content=\"Av. Deniz Can K\u0131z\u0131l\" \/>\n\t<meta name=\"twitter:label2\" content=\"Estimated reading time\" \/>\n\t<meta name=\"twitter:data2\" content=\"2 minutes\" \/>\n<script type=\"application\/ld+json\" class=\"yoast-schema-graph\">{\"@context\":\"https:\/\/schema.org\",\"@graph\":[{\"@type\":\"Article\",\"@id\":\"https:\/\/denizcankizil.tr\/ru\/haberler\/antalya\/konyaalti-sahilini-ve-denizi-temizlediler\/#article\",\"isPartOf\":{\"@id\":\"https:\/\/denizcankizil.tr\/ru\/haberler\/antalya\/konyaalti-sahilini-ve-denizi-temizlediler\/\"},\"author\":{\"name\":\"Av. Deniz Can K\u0131z\u0131l\",\"@id\":\"https:\/\/denizcankizil.tr\/#\/schema\/person\/5dc1b22991bd7ac833867c10afc9b0ff\"},\"headline\":\"Konyaalt\u0131 Sahili&#8217;ni ve denizi temizlediler\",\"datePublished\":\"2025-04-08T12:41:14+00:00\",\"mainEntityOfPage\":{\"@id\":\"https:\/\/denizcankizil.tr\/ru\/haberler\/antalya\/konyaalti-sahilini-ve-denizi-temizlediler\/\"},\"wordCount\":480,\"publisher\":{\"@id\":\"https:\/\/denizcankizil.tr\/#organization\"},\"image\":{\"@id\":\"https:\/\/denizcankizil.tr\/ru\/haberler\/antalya\/konyaalti-sahilini-ve-denizi-temizlediler\/#primaryimage\"},\"thumbnailUrl\":\"https:\/\/denizcankizil.tr\/wp-content\/uploads\/2025\/04\/e124cf08-7369-4879-8e19-c471d56564e2-sERYGz.jpeg\",\"articleSection\":[\"Antalya\"],\"inLanguage\":\"en-GB\"},{\"@type\":\"WebPage\",\"@id\":\"https:\/\/denizcankizil.tr\/ru\/haberler\/antalya\/konyaalti-sahilini-ve-denizi-temizlediler\/\",\"url\":\"https:\/\/denizcankizil.tr\/ru\/haberler\/antalya\/konyaalti-sahilini-ve-denizi-temizlediler\/\",\"name\":\"Konyaalt\u0131 Sahili'ni ve denizi temizlediler - Av. Deniz Can K\u0131z\u0131l\",\"isPartOf\":{\"@id\":\"https:\/\/denizcankizil.tr\/#website\"},\"primaryImageOfPage\":{\"@id\":\"https:\/\/denizcankizil.tr\/ru\/haberler\/antalya\/konyaalti-sahilini-ve-denizi-temizlediler\/#primaryimage\"},\"image\":{\"@id\":\"https:\/\/denizcankizil.tr\/ru\/haberler\/antalya\/konyaalti-sahilini-ve-denizi-temizlediler\/#primaryimage\"},\"thumbnailUrl\":\"https:\/\/denizcankizil.tr\/wp-content\/uploads\/2025\/04\/e124cf08-7369-4879-8e19-c471d56564e2-sERYGz.jpeg\",\"datePublished\":\"2025-04-08T12:41:14+00:00\",\"breadcrumb\":{\"@id\":\"https:\/\/denizcankizil.tr\/ru\/haberler\/antalya\/konyaalti-sahilini-ve-denizi-temizlediler\/#breadcrumb\"},\"inLanguage\":\"en-GB\",\"potentialAction\":[{\"@type\":\"ReadAction\",\"target\":[\"https:\/\/denizcankizil.tr\/ru\/haberler\/antalya\/konyaalti-sahilini-ve-denizi-temizlediler\/\"]}]},{\"@type\":\"ImageObject\",\"inLanguage\":\"en-GB\",\"@id\":\"https:\/\/denizcankizil.tr\/ru\/haberler\/antalya\/konyaalti-sahilini-ve-denizi-temizlediler\/#primaryimage\",\"url\":\"https:\/\/denizcankizil.tr\/wp-content\/uploads\/2025\/04\/e124cf08-7369-4879-8e19-c471d56564e2-sERYGz.jpeg\",\"contentUrl\":\"https:\/\/denizcankizil.tr\/wp-content\/uploads\/2025\/04\/e124cf08-7369-4879-8e19-c471d56564e2-sERYGz.jpeg\",\"width\":1280,\"height\":720},{\"@type\":\"BreadcrumbList\",\"@id\":\"https:\/\/denizcankizil.tr\/ru\/haberler\/antalya\/konyaalti-sahilini-ve-denizi-temizlediler\/#breadcrumb\",\"itemListElement\":[{\"@type\":\"ListItem\",\"position\":1,\"name\":\"Home\",\"item\":\"https:\/\/denizcankizil.tr\/de\/\"},{\"@type\":\"ListItem\",\"position\":2,\"name\":\"Konyaalt\u0131 Sahili&#8217;ni ve denizi temizlediler\"}]},{\"@type\":\"WebSite\",\"@id\":\"https:\/\/denizcankizil.tr\/#website\",\"url\":\"https:\/\/denizcankizil.tr\/\",\"name\":\"Av. Deniz Can K\u0131z\u0131l\",\"description\":\"Avukat Deniz Can K\u0131z\u0131l Antalya Barosu\",\"publisher\":{\"@id\":\"https:\/\/denizcankizil.tr\/#organization\"},\"potentialAction\":[{\"@type\":\"SearchAction\",\"target\":{\"@type\":\"EntryPoint\",\"urlTemplate\":\"https:\/\/denizcankizil.tr\/?s={search_term_string}\"},\"query-input\":{\"@type\":\"PropertyValueSpecification\",\"valueRequired\":true,\"valueName\":\"search_term_string\"}}],\"inLanguage\":\"en-GB\"},{\"@type\":\"Organization\",\"@id\":\"https:\/\/denizcankizil.tr\/#organization\",\"name\":\"Av. Deniz Can K\u0131z\u0131l\",\"url\":\"https:\/\/denizcankizil.tr\/\",\"logo\":{\"@type\":\"ImageObject\",\"inLanguage\":\"en-GB\",\"@id\":\"https:\/\/denizcankizil.tr\/#\/schema\/logo\/image\/\",\"url\":\"https:\/\/denizcankizil.tr\/wp-content\/uploads\/2024\/10\/siyah-logo-svg.svg\",\"contentUrl\":\"https:\/\/denizcankizil.tr\/wp-content\/uploads\/2024\/10\/siyah-logo-svg.svg\",\"width\":1080,\"height\":1080,\"caption\":\"Av. Deniz Can K\u0131z\u0131l\"},\"image\":{\"@id\":\"https:\/\/denizcankizil.tr\/#\/schema\/logo\/image\/\"}},{\"@type\":\"Person\",\"@id\":\"https:\/\/denizcankizil.tr\/#\/schema\/person\/5dc1b22991bd7ac833867c10afc9b0ff\",\"name\":\"Av. Deniz Can K\u0131z\u0131l\",\"image\":{\"@type\":\"ImageObject\",\"inLanguage\":\"en-GB\",\"@id\":\"https:\/\/denizcankizil.tr\/#\/schema\/person\/image\/\",\"url\":\"https:\/\/secure.gravatar.com\/avatar\/a0b128fb9855c79efc976d5640eedb31dc35ec297594d6016d2cf7c60e975bb6?s=96&d=mm&r=g\",\"contentUrl\":\"https:\/\/secure.gravatar.com\/avatar\/a0b128fb9855c79efc976d5640eedb31dc35ec297594d6016d2cf7c60e975bb6?s=96&d=mm&r=g\",\"caption\":\"Av. Deniz Can K\u0131z\u0131l\"},\"sameAs\":[\"http:\/\/www.denizcankizil.tr\"],\"url\":\"https:\/\/denizcankizil.tr\/en\/author\/denizcankizil\/\"}]}<\/script>\n<!-- \/ Yoast SEO Premium plugin. -->","yoast_head_json":{"title":"Konyaalt\u0131 Sahili'ni ve denizi temizlediler - Av. Deniz Can K\u0131z\u0131l","robots":{"index":"index","follow":"follow","max-snippet":"max-snippet:-1","max-image-preview":"max-image-preview:large","max-video-preview":"max-video-preview:-1"},"canonical":"https:\/\/denizcankizil.tr\/en\/haberler\/antalya\/konyaalti-sahilini-ve-denizi-temizlediler\/","og_locale":"en_GB","og_type":"article","og_title":"Konyaalt\u0131 Sahili'ni ve denizi temizlediler","og_description":"Konyaalt\u0131 Belediyesi, \u00e7evre bilincini art\u0131rmak ve deniz kirlili\u011fine dikkat \u00e7ekmek amac\u0131yla Suda Arama ve Kurtarma Derne\u011fi (SKUT) ile deniz temizli\u011fi fark\u0131ndal\u0131k etkinli\u011fi ger\u00e7ekle\u015ftirdi. \u2018Gelece\u011fi D\u00fc\u015f\u00fcn\u00fcyoruz Suyumuza Sahip \u00c7\u0131k\u0131yoruz\u2019 slogan\u0131yla Konyaalt\u0131 Sahili\u2019nde ger\u00e7ekle\u015fen etkinlikte, SKUT ekipleri su alt\u0131na inerek denizde bulunan plastik, cam ve metal at\u0131klar\u0131n\u0131 toplad\u0131. Konyaalt\u0131 Belediyesi Ba\u015fkan Yard\u0131mc\u0131s\u0131 Mehmet Bilgin\u2019in de kat\u0131ld\u0131\u011f\u0131 etkinlikte, \u0130klim De\u011fi\u015fikli\u011fi ve S\u0131f\u0131r At\u0131k M\u00fcd\u00fcrl\u00fc\u011f\u00fc, Afet \u0130\u015fleri M\u00fcd\u00fcrl\u00fc\u011f\u00fc, Temizlik \u0130\u015fleri M\u00fcd\u00fcrl\u00fc\u011f\u00fc personeli ve vatanda\u015flar sahildeki at\u0131klar\u0131 toplayarak fark\u0131ndal\u0131k etkinli\u011fine katk\u0131 sa\u011flad\u0131. &#8220;Temiz suyun \u00f6nemine vurgu yap\u0131ld\u0131&#8221; Konyaalt\u0131 Sahili\u2019nde deniz temizli\u011fi ger\u00e7ekle\u015ftirerek deniz ve sahil kirlili\u011fine dikkat \u00e7ekmeyi ama\u00e7lad\u0131klar\u0131n\u0131 kaydeden Konyaalt\u0131 Belediyesi \u0130klim De\u011fi\u015fikli\u011fi ve S\u0131f\u0131r At\u0131k M\u00fcd\u00fcr\u00fc \u00d6nc\u00fc Ceylan Balo\u011flu, &#8220;D\u00fcnya Su G\u00fcn\u00fc kapsam\u0131nda suyun \u00f6nemini vurgulamak, fark\u0131ndal\u0131k olu\u015fturmak ve temiz suya nas\u0131l ula\u015fabilece\u011fimiz konusunda bilgilendirme yapmak istedik. Konyaalt\u0131 Belediyemiz ve SKUT aras\u0131nda yap\u0131lan protokol kapsam\u0131nda, iklim krizine kar\u015f\u0131 suyun hayati \u00f6nemine vurgu yapt\u0131\u011f\u0131m\u0131z bir etkinlik oldu&#8221; dedi. &#8220;Yar\u0131nlara daha temiz bir d\u00fcnya b\u0131rakabilmek i\u00e7in&#8221; \u0130klim kriziyle temiz suya eri\u015fimin giderek daha b\u00fcy\u00fck bir \u00f6nem kazand\u0131\u011f\u0131n\u0131 vurgulayan Balo\u011flu, &#8220;Su; hayvan, insan ve bitki sa\u011fl\u0131\u011f\u0131 a\u00e7\u0131s\u0131ndan vazge\u00e7ilmez bir unsur. Konyaalt\u0131 Belediyesi olarak daha temiz bir d\u00fcnya i\u00e7in \u00e7al\u0131\u015fmalar\u0131m\u0131z\u0131 s\u00fcrd\u00fcr\u00fcyoruz&#8221; diye konu\u015ftu. Konyaalt\u0131 Belediye Ba\u015fkan\u0131 Cem Kotan\u2019\u0131n talimatlar\u0131 do\u011frultusunda \u00e7al\u0131\u015ft\u0131klar\u0131n\u0131 kaydeden Balo\u011flu, &#8220;\u00c7evremize, do\u011fam\u0131za ve yar\u0131nlar\u0131m\u0131za &hellip;","og_url":"https:\/\/denizcankizil.tr\/en\/haberler\/antalya\/konyaalti-sahilini-ve-denizi-temizlediler\/","og_site_name":"Av. Deniz Can K\u0131z\u0131l","article_published_time":"2025-04-08T12:41:14+00:00","og_image":[{"width":1280,"height":720,"url":"https:\/\/denizcankizil.tr\/wp-content\/uploads\/2025\/04\/e124cf08-7369-4879-8e19-c471d56564e2-sERYGz.jpeg","type":"image\/jpeg"}],"author":"Av. Deniz Can K\u0131z\u0131l","twitter_card":"summary_large_image","twitter_misc":{"Written by":"Av. Deniz Can K\u0131z\u0131l","Estimated reading time":"2 minutes"},"schema":{"@context":"https:\/\/schema.org","@graph":[{"@type":"Article","@id":"https:\/\/denizcankizil.tr\/ru\/haberler\/antalya\/konyaalti-sahilini-ve-denizi-temizlediler\/#article","isPartOf":{"@id":"https:\/\/denizcankizil.tr\/ru\/haberler\/antalya\/konyaalti-sahilini-ve-denizi-temizlediler\/"},"author":{"name":"Av. Deniz Can K\u0131z\u0131l","@id":"https:\/\/denizcankizil.tr\/#\/schema\/person\/5dc1b22991bd7ac833867c10afc9b0ff"},"headline":"Konyaalt\u0131 Sahili&#8217;ni ve denizi temizlediler","datePublished":"2025-04-08T12:41:14+00:00","mainEntityOfPage":{"@id":"https:\/\/denizcankizil.tr\/ru\/haberler\/antalya\/konyaalti-sahilini-ve-denizi-temizlediler\/"},"wordCount":480,"publisher":{"@id":"https:\/\/denizcankizil.tr\/#organization"},"image":{"@id":"https:\/\/denizcankizil.tr\/ru\/haberler\/antalya\/konyaalti-sahilini-ve-denizi-temizlediler\/#primaryimage"},"thumbnailUrl":"https:\/\/denizcankizil.tr\/wp-content\/uploads\/2025\/04\/e124cf08-7369-4879-8e19-c471d56564e2-sERYGz.jpeg","articleSection":["Antalya"],"inLanguage":"en-GB"},{"@type":"WebPage","@id":"https:\/\/denizcankizil.tr\/ru\/haberler\/antalya\/konyaalti-sahilini-ve-denizi-temizlediler\/","url":"https:\/\/denizcankizil.tr\/ru\/haberler\/antalya\/konyaalti-sahilini-ve-denizi-temizlediler\/","name":"Konyaalt\u0131 Sahili'ni ve denizi temizlediler - Av. Deniz Can K\u0131z\u0131l","isPartOf":{"@id":"https:\/\/denizcankizil.tr\/#website"},"primaryImageOfPage":{"@id":"https:\/\/denizcankizil.tr\/ru\/haberler\/antalya\/konyaalti-sahilini-ve-denizi-temizlediler\/#primaryimage"},"image":{"@id":"https:\/\/denizcankizil.tr\/ru\/haberler\/antalya\/konyaalti-sahilini-ve-denizi-temizlediler\/#primaryimage"},"thumbnailUrl":"https:\/\/denizcankizil.tr\/wp-content\/uploads\/2025\/04\/e124cf08-7369-4879-8e19-c471d56564e2-sERYGz.jpeg","datePublished":"2025-04-08T12:41:14+00:00","breadcrumb":{"@id":"https:\/\/denizcankizil.tr\/ru\/haberler\/antalya\/konyaalti-sahilini-ve-denizi-temizlediler\/#breadcrumb"},"inLanguage":"en-GB","potentialAction":[{"@type":"ReadAction","target":["https:\/\/denizcankizil.tr\/ru\/haberler\/antalya\/konyaalti-sahilini-ve-denizi-temizlediler\/"]}]},{"@type":"ImageObject","inLanguage":"en-GB","@id":"https:\/\/denizcankizil.tr\/ru\/haberler\/antalya\/konyaalti-sahilini-ve-denizi-temizlediler\/#primaryimage","url":"https:\/\/denizcankizil.tr\/wp-content\/uploads\/2025\/04\/e124cf08-7369-4879-8e19-c471d56564e2-sERYGz.jpeg","contentUrl":"https:\/\/denizcankizil.tr\/wp-content\/uploads\/2025\/04\/e124cf08-7369-4879-8e19-c471d56564e2-sERYGz.jpeg","width":1280,"height":720},{"@type":"BreadcrumbList","@id":"https:\/\/denizcankizil.tr\/ru\/haberler\/antalya\/konyaalti-sahilini-ve-denizi-temizlediler\/#breadcrumb","itemListElement":[{"@type":"ListItem","position":1,"name":"Home","item":"https:\/\/denizcankizil.tr\/de\/"},{"@type":"ListItem","position":2,"name":"Konyaalt\u0131 Sahili&#8217;ni ve denizi temizlediler"}]},{"@type":"WebSite","@id":"https:\/\/denizcankizil.tr\/#website","url":"https:\/\/denizcankizil.tr\/","name":"Av. Deniz Can K\u0131z\u0131l","description":"Avukat Deniz Can K\u0131z\u0131l Antalya Barosu","publisher":{"@id":"https:\/\/denizcankizil.tr\/#organization"},"potentialAction":[{"@type":"SearchAction","target":{"@type":"EntryPoint","urlTemplate":"https:\/\/denizcankizil.tr\/?s={search_term_string}"},"query-input":{"@type":"PropertyValueSpecification","valueRequired":true,"valueName":"search_term_string"}}],"inLanguage":"en-GB"},{"@type":"Organization","@id":"https:\/\/denizcankizil.tr\/#organization","name":"Av. Deniz Can K\u0131z\u0131l","url":"https:\/\/denizcankizil.tr\/","logo":{"@type":"ImageObject","inLanguage":"en-GB","@id":"https:\/\/denizcankizil.tr\/#\/schema\/logo\/image\/","url":"https:\/\/denizcankizil.tr\/wp-content\/uploads\/2024\/10\/siyah-logo-svg.svg","contentUrl":"https:\/\/denizcankizil.tr\/wp-content\/uploads\/2024\/10\/siyah-logo-svg.svg","width":1080,"height":1080,"caption":"Av. Deniz Can K\u0131z\u0131l"},"image":{"@id":"https:\/\/denizcankizil.tr\/#\/schema\/logo\/image\/"}},{"@type":"Person","@id":"https:\/\/denizcankizil.tr\/#\/schema\/person\/5dc1b22991bd7ac833867c10afc9b0ff","name":"Av. Deniz Can K\u0131z\u0131l","image":{"@type":"ImageObject","inLanguage":"en-GB","@id":"https:\/\/denizcankizil.tr\/#\/schema\/person\/image\/","url":"https:\/\/secure.gravatar.com\/avatar\/a0b128fb9855c79efc976d5640eedb31dc35ec297594d6016d2cf7c60e975bb6?s=96&d=mm&r=g","contentUrl":"https:\/\/secure.gravatar.com\/avatar\/a0b128fb9855c79efc976d5640eedb31dc35ec297594d6016d2cf7c60e975bb6?s=96&d=mm&r=g","caption":"Av. Deniz Can K\u0131z\u0131l"},"sameAs":["http:\/\/www.denizcankizil.tr"],"url":"https:\/\/denizcankizil.tr\/en\/author\/denizcankizil\/"}]}},"_links":{"self":[{"href":"https:\/\/denizcankizil.tr\/en\/wp-json\/wp\/v2\/posts\/49379","targetHints":{"allow":["GET"]}}],"collection":[{"href":"https:\/\/denizcankizil.tr\/en\/wp-json\/wp\/v2\/posts"}],"about":[{"href":"https:\/\/denizcankizil.tr\/en\/wp-json\/wp\/v2\/types\/post"}],"author":[{"embeddable":true,"href":"https:\/\/denizcankizil.tr\/en\/wp-json\/wp\/v2\/users\/4"}],"replies":[{"embeddable":true,"href":"https:\/\/denizcankizil.tr\/en\/wp-json\/wp\/v2\/comments?post=49379"}],"version-history":[{"count":0,"href":"https:\/\/denizcankizil.tr\/en\/wp-json\/wp\/v2\/posts\/49379\/revisions"}],"wp:featuredmedia":[{"embeddable":true,"href":"https:\/\/denizcankizil.tr\/en\/wp-json\/wp\/v2\/media\/49380"}],"wp:attachment":[{"href":"https:\/\/denizcankizil.tr\/en\/wp-json\/wp\/v2\/media?parent=49379"}],"wp:term":[{"taxonomy":"category","embeddable":true,"href":"https:\/\/denizcankizil.tr\/en\/wp-json\/wp\/v2\/categories?post=49379"},{"taxonomy":"post_tag","embeddable":true,"href":"https:\/\/denizcankizil.tr\/en\/wp-json\/wp\/v2\/tags?post=49379"}],"curies":[{"name":"wp","href":"https:\/\/api.w.org\/{rel}","templated":true}]}}