{"id":48353,"date":"2025-04-07T16:41:26","date_gmt":"2025-04-07T13:41:26","guid":{"rendered":"https:\/\/denizcankizil.tr\/uncategorized-tr\/ytu-ogrencilerinden-vize-sinavi-boykotu-tutuklanan-arkadaslarina-destek-verdiler\/"},"modified":"2025-04-07T16:41:26","modified_gmt":"2025-04-07T13:41:26","slug":"ytu-ogrencilerinden-vize-sinavi-boykotu-tutuklanan-arkadaslarina-destek-verdiler","status":"publish","type":"post","link":"https:\/\/denizcankizil.tr\/en\/haberler\/gundem\/ytu-ogrencilerinden-vize-sinavi-boykotu-tutuklanan-arkadaslarina-destek-verdiler\/","title":{"rendered":"YT\u00dc \u00f6\u011frencilerinden vize s\u0131nav\u0131 boykotu: Tutuklanan arkada\u015flar\u0131na destek verdiler"},"content":{"rendered":"<p>19 Mart\u2019ta \u0130stanbul B\u00fcy\u00fck\u015fehir Belediye Ba\u015fkan\u0131 Ekrem \u0130mamo\u011flu\u2019na y\u00f6nelik operasyonun ard\u0131ndan \u00fcniversite \u00f6\u011frencilerinin \u00f6nc\u00fcl\u00fc\u011f\u00fcnde eylemler d\u00fczenlendi. Polis taraf\u0131ndan eylemlere kat\u0131lanlara y\u00f6nelik \u015fiddet, cinsel taciz, i\u015fkence su\u00e7lar\u0131 ya\u015fan\u0131rken y\u00fczlerce ki\u015fi eylemlerde ve ev bask\u0131lar\u0131yla g\u00f6zalt\u0131na al\u0131nd\u0131.<\/p>\n<p>TUTUKLU ARKADA\u015eLARI \u0130\u00c7\u0130N V\u0130ZE SINAVLARINI BOYKOT ETT\u0130LER<\/p>\n<p>\u0130stanbul&#8217;daki Y\u0131ld\u0131z Teknik \u00dcniversitesi \u00f6\u011frencileri,\u00a0\u0130stanbul B\u00fcy\u00fck\u015fehir Belediye Ba\u015fkan\u0131 Ekrem \u0130mamo\u011flu&#8217;nun tutuklanmas\u0131n\u0131n ard\u0131ndan ya\u015fanan protestolar s\u0131ras\u0131nda tutuklanan arkada\u015flar\u0131na destek olmak amac\u0131yla vize s\u0131navlar\u0131n\u0131 boykot etti. \u00d6\u011frenciler, okulda ger\u00e7ekle\u015ftirdikleri eylemde, anayasal haklar\u0131n\u0131 kullanarak g\u00f6zalt\u0131na al\u0131nan ve tutuklanan arkada\u015flar\u0131 i\u00e7in seslerini duyurdu.\u00a0<\/p>\n<p>&#8220;AKADEM\u0130 BOYKOTTA&#8221;\u00a0<\/p>\n<p>Vize s\u0131navlar\u0131n\u0131n ba\u015flad\u0131\u011f\u0131 Y\u0131ld\u0131z Teknik \u00dcniversitesi\u2019nde (YT\u00dc) \u00f6\u011frenciler, s\u0131ralara \u201cBu alan anayasal haklar\u0131n\u0131n kulland\u0131klar\u0131 i\u00e7in tutuklanan s\u0131ra arkada\u015flar\u0131m\u0131za ayr\u0131lm\u0131\u015ft\u0131r! #akademi boykotta\u201d notu asarak \u00f6\u011frencilerin tutuklanmas\u0131n\u0131 protesto etti.\u00a0<\/p>\n<p>\u200bY\u0131ld\u0131z Teknik \u00dcniversitesi\u2019nde (YT\u00dc) \u00f6\u011frencileri, anayasal haklar\u0131n\u0131 kulland\u0131klar\u0131 gerek\u00e7esiyle tutuklanan arkada\u015flar\u0131na destek olmak amac\u0131yla vize s\u0131navlar\u0131n\u0131 boykot etti.\u00a0<\/p>\n<p>\u200bHaberin Al\u0131nt\u0131land\u0131\u011f\u0131 Kaynak: www.antalyakorfez.com<\/p>","protected":false},"excerpt":{"rendered":"<p>19 Mart\u2019ta \u0130stanbul B\u00fcy\u00fck\u015fehir Belediye Ba\u015fkan\u0131 Ekrem \u0130mamo\u011flu\u2019na y\u00f6nelik operasyonun ard\u0131ndan \u00fcniversite \u00f6\u011frencilerinin \u00f6nc\u00fcl\u00fc\u011f\u00fcnde eylemler d\u00fczenlendi. Polis taraf\u0131ndan eylemlere kat\u0131lanlara y\u00f6nelik \u015fiddet, cinsel taciz, i\u015fkence su\u00e7lar\u0131 ya\u015fan\u0131rken y\u00fczlerce ki\u015fi eylemlerde ve ev bask\u0131lar\u0131yla g\u00f6zalt\u0131na al\u0131nd\u0131. TUTUKLU ARKADA\u015eLARI \u0130\u00c7\u0130N V\u0130ZE SINAVLARINI BOYKOT ETT\u0130LER \u0130stanbul&#8217;daki Y\u0131ld\u0131z Teknik \u00dcniversitesi \u00f6\u011frencileri,\u00a0\u0130stanbul B\u00fcy\u00fck\u015fehir Belediye Ba\u015fkan\u0131 Ekrem \u0130mamo\u011flu&#8217;nun tutuklanmas\u0131n\u0131n ard\u0131ndan ya\u015fanan protestolar s\u0131ras\u0131nda tutuklanan arkada\u015flar\u0131na destek olmak amac\u0131yla vize s\u0131navlar\u0131n\u0131 boykot etti. \u00d6\u011frenciler, okulda ger\u00e7ekle\u015ftirdikleri eylemde, anayasal haklar\u0131n\u0131 kullanarak g\u00f6zalt\u0131na al\u0131nan ve tutuklanan arkada\u015flar\u0131 i\u00e7in seslerini duyurdu.\u00a0 &#8220;AKADEM\u0130 BOYKOTTA&#8221;\u00a0 Vize s\u0131navlar\u0131n\u0131n ba\u015flad\u0131\u011f\u0131 Y\u0131ld\u0131z Teknik \u00dcniversitesi\u2019nde (YT\u00dc) \u00f6\u011frenciler, s\u0131ralara \u201cBu alan anayasal haklar\u0131n\u0131n kulland\u0131klar\u0131 i\u00e7in tutuklanan s\u0131ra arkada\u015flar\u0131m\u0131za ayr\u0131lm\u0131\u015ft\u0131r! #akademi boykotta\u201d notu asarak \u00f6\u011frencilerin tutuklanmas\u0131n\u0131 protesto etti.\u00a0 \u200bY\u0131ld\u0131z Teknik \u00dcniversitesi\u2019nde (YT\u00dc) \u00f6\u011frencileri, anayasal haklar\u0131n\u0131 kulland\u0131klar\u0131 gerek\u00e7esiyle tutuklanan arkada\u015flar\u0131na destek olmak amac\u0131yla vize s\u0131navlar\u0131n\u0131 boykot etti.\u00a0 \u200bHaberin Al\u0131nt\u0131land\u0131\u011f\u0131 Kaynak: www.antalyakorfez.com<\/p>","protected":false},"author":5,"featured_media":0,"comment_status":"","ping_status":"open","sticky":false,"template":"","format":"standard","meta":{"_acf_changed":false,"footnotes":""},"categories":[24],"tags":[],"class_list":["post-48353","post","type-post","status-publish","format-standard","has-post-thumbnail","hentry","category-gundem"],"acf":[],"yoast_head":"<!-- This site is optimized with the Yoast SEO Premium plugin v26.6 (Yoast SEO v27.1.1) - https:\/\/yoast.com\/product\/yoast-seo-premium-wordpress\/ -->\n<title>YT\u00dc \u00f6\u011frencilerinden vize s\u0131nav\u0131 boykotu: Tutuklanan arkada\u015flar\u0131na destek verdiler - Av. Deniz Can K\u0131z\u0131l<\/title>\n<meta name=\"robots\" content=\"index, follow, max-snippet:-1, max-image-preview:large, max-video-preview:-1\" \/>\n<link rel=\"canonical\" href=\"https:\/\/denizcankizil.tr\/en\/haberler\/gundem\/ytu-ogrencilerinden-vize-sinavi-boykotu-tutuklanan-arkadaslarina-destek-verdiler\/\" \/>\n<meta property=\"og:locale\" content=\"en_GB\" \/>\n<meta property=\"og:type\" content=\"article\" \/>\n<meta property=\"og:title\" content=\"YT\u00dc \u00f6\u011frencilerinden vize s\u0131nav\u0131 boykotu: Tutuklanan arkada\u015flar\u0131na destek verdiler\" \/>\n<meta property=\"og:description\" content=\"19 Mart\u2019ta \u0130stanbul B\u00fcy\u00fck\u015fehir Belediye Ba\u015fkan\u0131 Ekrem \u0130mamo\u011flu\u2019na y\u00f6nelik operasyonun ard\u0131ndan \u00fcniversite \u00f6\u011frencilerinin \u00f6nc\u00fcl\u00fc\u011f\u00fcnde eylemler d\u00fczenlendi. Polis taraf\u0131ndan eylemlere kat\u0131lanlara y\u00f6nelik \u015fiddet, cinsel taciz, i\u015fkence su\u00e7lar\u0131 ya\u015fan\u0131rken y\u00fczlerce ki\u015fi eylemlerde ve ev bask\u0131lar\u0131yla g\u00f6zalt\u0131na al\u0131nd\u0131. TUTUKLU ARKADA\u015eLARI \u0130\u00c7\u0130N V\u0130ZE SINAVLARINI BOYKOT ETT\u0130LER \u0130stanbul&#8217;daki Y\u0131ld\u0131z Teknik \u00dcniversitesi \u00f6\u011frencileri,\u00a0\u0130stanbul B\u00fcy\u00fck\u015fehir Belediye Ba\u015fkan\u0131 Ekrem \u0130mamo\u011flu&#8217;nun tutuklanmas\u0131n\u0131n ard\u0131ndan ya\u015fanan protestolar s\u0131ras\u0131nda tutuklanan arkada\u015flar\u0131na destek olmak amac\u0131yla vize s\u0131navlar\u0131n\u0131 boykot etti. \u00d6\u011frenciler, okulda ger\u00e7ekle\u015ftirdikleri eylemde, anayasal haklar\u0131n\u0131 kullanarak g\u00f6zalt\u0131na al\u0131nan ve tutuklanan arkada\u015flar\u0131 i\u00e7in seslerini duyurdu.\u00a0 &#8220;AKADEM\u0130 BOYKOTTA&#8221;\u00a0 Vize s\u0131navlar\u0131n\u0131n ba\u015flad\u0131\u011f\u0131 Y\u0131ld\u0131z Teknik \u00dcniversitesi\u2019nde (YT\u00dc) \u00f6\u011frenciler, s\u0131ralara \u201cBu alan anayasal haklar\u0131n\u0131n kulland\u0131klar\u0131 i\u00e7in tutuklanan s\u0131ra arkada\u015flar\u0131m\u0131za ayr\u0131lm\u0131\u015ft\u0131r! #akademi boykotta\u201d notu asarak \u00f6\u011frencilerin tutuklanmas\u0131n\u0131 protesto etti.\u00a0 \u200bY\u0131ld\u0131z Teknik \u00dcniversitesi\u2019nde (YT\u00dc) \u00f6\u011frencileri, anayasal haklar\u0131n\u0131 kulland\u0131klar\u0131 gerek\u00e7esiyle tutuklanan arkada\u015flar\u0131na destek olmak amac\u0131yla vize s\u0131navlar\u0131n\u0131 boykot etti.\u00a0 \u200bHaberin Al\u0131nt\u0131land\u0131\u011f\u0131 Kaynak: www.antalyakorfez.com\" \/>\n<meta property=\"og:url\" content=\"https:\/\/denizcankizil.tr\/en\/haberler\/gundem\/ytu-ogrencilerinden-vize-sinavi-boykotu-tutuklanan-arkadaslarina-destek-verdiler\/\" \/>\n<meta property=\"og:site_name\" content=\"Av. Deniz Can K\u0131z\u0131l\" \/>\n<meta property=\"article:published_time\" content=\"2025-04-07T13:41:26+00:00\" \/>\n<meta name=\"author\" content=\"Antalya K\u00f6rfez\" \/>\n<meta name=\"twitter:card\" content=\"summary_large_image\" \/>\n<meta name=\"twitter:label1\" content=\"Written by\" \/>\n\t<meta name=\"twitter:data1\" content=\"Antalya K\u00f6rfez\" \/>\n\t<meta name=\"twitter:label2\" content=\"Estimated reading time\" \/>\n\t<meta name=\"twitter:data2\" content=\"1 minute\" \/>\n<script type=\"application\/ld+json\" class=\"yoast-schema-graph\">{\"@context\":\"https:\/\/schema.org\",\"@graph\":[{\"@type\":\"Article\",\"@id\":\"https:\/\/denizcankizil.tr\/en\/haberler\/gundem\/ytu-ogrencilerinden-vize-sinavi-boykotu-tutuklanan-arkadaslarina-destek-verdiler\/#article\",\"isPartOf\":{\"@id\":\"https:\/\/denizcankizil.tr\/en\/haberler\/gundem\/ytu-ogrencilerinden-vize-sinavi-boykotu-tutuklanan-arkadaslarina-destek-verdiler\/\"},\"author\":{\"name\":\"Antalya K\u00f6rfez\",\"@id\":\"https:\/\/denizcankizil.tr\/#\/schema\/person\/e1eb71bb4dd684d46563f0af307e1234\"},\"headline\":\"YT\u00dc \u00f6\u011frencilerinden vize s\u0131nav\u0131 boykotu: Tutuklanan arkada\u015flar\u0131na destek verdiler\",\"datePublished\":\"2025-04-07T13:41:26+00:00\",\"mainEntityOfPage\":{\"@id\":\"https:\/\/denizcankizil.tr\/en\/haberler\/gundem\/ytu-ogrencilerinden-vize-sinavi-boykotu-tutuklanan-arkadaslarina-destek-verdiler\/\"},\"wordCount\":236,\"publisher\":{\"@id\":\"https:\/\/denizcankizil.tr\/#organization\"},\"articleSection\":[\"G\u00fcndem\"],\"inLanguage\":\"en-GB\"},{\"@type\":\"WebPage\",\"@id\":\"https:\/\/denizcankizil.tr\/en\/haberler\/gundem\/ytu-ogrencilerinden-vize-sinavi-boykotu-tutuklanan-arkadaslarina-destek-verdiler\/\",\"url\":\"https:\/\/denizcankizil.tr\/en\/haberler\/gundem\/ytu-ogrencilerinden-vize-sinavi-boykotu-tutuklanan-arkadaslarina-destek-verdiler\/\",\"name\":\"YT\u00dc \u00f6\u011frencilerinden vize s\u0131nav\u0131 boykotu: Tutuklanan arkada\u015flar\u0131na destek verdiler - Av. Deniz Can K\u0131z\u0131l\",\"isPartOf\":{\"@id\":\"https:\/\/denizcankizil.tr\/#website\"},\"datePublished\":\"2025-04-07T13:41:26+00:00\",\"breadcrumb\":{\"@id\":\"https:\/\/denizcankizil.tr\/en\/haberler\/gundem\/ytu-ogrencilerinden-vize-sinavi-boykotu-tutuklanan-arkadaslarina-destek-verdiler\/#breadcrumb\"},\"inLanguage\":\"en-GB\",\"potentialAction\":[{\"@type\":\"ReadAction\",\"target\":[\"https:\/\/denizcankizil.tr\/en\/haberler\/gundem\/ytu-ogrencilerinden-vize-sinavi-boykotu-tutuklanan-arkadaslarina-destek-verdiler\/\"]}]},{\"@type\":\"BreadcrumbList\",\"@id\":\"https:\/\/denizcankizil.tr\/en\/haberler\/gundem\/ytu-ogrencilerinden-vize-sinavi-boykotu-tutuklanan-arkadaslarina-destek-verdiler\/#breadcrumb\",\"itemListElement\":[{\"@type\":\"ListItem\",\"position\":1,\"name\":\"Home\",\"item\":\"https:\/\/denizcankizil.tr\/uk\/\"},{\"@type\":\"ListItem\",\"position\":2,\"name\":\"YT\u00dc \u00f6\u011frencilerinden vize s\u0131nav\u0131 boykotu: Tutuklanan arkada\u015flar\u0131na destek verdiler\"}]},{\"@type\":\"WebSite\",\"@id\":\"https:\/\/denizcankizil.tr\/#website\",\"url\":\"https:\/\/denizcankizil.tr\/\",\"name\":\"Av. Deniz Can K\u0131z\u0131l\",\"description\":\"Avukat Deniz Can K\u0131z\u0131l Antalya Barosu\",\"publisher\":{\"@id\":\"https:\/\/denizcankizil.tr\/#organization\"},\"potentialAction\":[{\"@type\":\"SearchAction\",\"target\":{\"@type\":\"EntryPoint\",\"urlTemplate\":\"https:\/\/denizcankizil.tr\/?s={search_term_string}\"},\"query-input\":{\"@type\":\"PropertyValueSpecification\",\"valueRequired\":true,\"valueName\":\"search_term_string\"}}],\"inLanguage\":\"en-GB\"},{\"@type\":\"Organization\",\"@id\":\"https:\/\/denizcankizil.tr\/#organization\",\"name\":\"Av. Deniz Can K\u0131z\u0131l\",\"url\":\"https:\/\/denizcankizil.tr\/\",\"logo\":{\"@type\":\"ImageObject\",\"inLanguage\":\"en-GB\",\"@id\":\"https:\/\/denizcankizil.tr\/#\/schema\/logo\/image\/\",\"url\":\"https:\/\/denizcankizil.tr\/wp-content\/uploads\/2024\/10\/siyah-logo-svg.svg\",\"contentUrl\":\"https:\/\/denizcankizil.tr\/wp-content\/uploads\/2024\/10\/siyah-logo-svg.svg\",\"width\":1080,\"height\":1080,\"caption\":\"Av. Deniz Can K\u0131z\u0131l\"},\"image\":{\"@id\":\"https:\/\/denizcankizil.tr\/#\/schema\/logo\/image\/\"}},{\"@type\":\"Person\",\"@id\":\"https:\/\/denizcankizil.tr\/#\/schema\/person\/e1eb71bb4dd684d46563f0af307e1234\",\"name\":\"Antalya K\u00f6rfez\",\"image\":{\"@type\":\"ImageObject\",\"inLanguage\":\"en-GB\",\"@id\":\"https:\/\/denizcankizil.tr\/#\/schema\/person\/image\/\",\"url\":\"https:\/\/secure.gravatar.com\/avatar\/42b01982558a48a0b501fdcab6a408d3717ea5919095ee2e67b0e521799c5905?s=96&d=mm&r=g\",\"contentUrl\":\"https:\/\/secure.gravatar.com\/avatar\/42b01982558a48a0b501fdcab6a408d3717ea5919095ee2e67b0e521799c5905?s=96&d=mm&r=g\",\"caption\":\"Antalya K\u00f6rfez\"},\"sameAs\":[\"http:\/\/www.antalyakorfez.com\"],\"url\":\"https:\/\/www.antalyakorfez.com\/ytu-ogrencilerinden-vize-sinavi-boykotu-tutuklanan-arkadaslarina-destek-verdiler\"}]}<\/script>\n<!-- \/ Yoast SEO Premium plugin. -->","yoast_head_json":{"title":"YT\u00dc \u00f6\u011frencilerinden vize s\u0131nav\u0131 boykotu: Tutuklanan arkada\u015flar\u0131na destek verdiler - Av. Deniz Can K\u0131z\u0131l","robots":{"index":"index","follow":"follow","max-snippet":"max-snippet:-1","max-image-preview":"max-image-preview:large","max-video-preview":"max-video-preview:-1"},"canonical":"https:\/\/denizcankizil.tr\/en\/haberler\/gundem\/ytu-ogrencilerinden-vize-sinavi-boykotu-tutuklanan-arkadaslarina-destek-verdiler\/","og_locale":"en_GB","og_type":"article","og_title":"YT\u00dc \u00f6\u011frencilerinden vize s\u0131nav\u0131 boykotu: Tutuklanan arkada\u015flar\u0131na destek verdiler","og_description":"19 Mart\u2019ta \u0130stanbul B\u00fcy\u00fck\u015fehir Belediye Ba\u015fkan\u0131 Ekrem \u0130mamo\u011flu\u2019na y\u00f6nelik operasyonun ard\u0131ndan \u00fcniversite \u00f6\u011frencilerinin \u00f6nc\u00fcl\u00fc\u011f\u00fcnde eylemler d\u00fczenlendi. Polis taraf\u0131ndan eylemlere kat\u0131lanlara y\u00f6nelik \u015fiddet, cinsel taciz, i\u015fkence su\u00e7lar\u0131 ya\u015fan\u0131rken y\u00fczlerce ki\u015fi eylemlerde ve ev bask\u0131lar\u0131yla g\u00f6zalt\u0131na al\u0131nd\u0131. TUTUKLU ARKADA\u015eLARI \u0130\u00c7\u0130N V\u0130ZE SINAVLARINI BOYKOT ETT\u0130LER \u0130stanbul&#8217;daki Y\u0131ld\u0131z Teknik \u00dcniversitesi \u00f6\u011frencileri,\u00a0\u0130stanbul B\u00fcy\u00fck\u015fehir Belediye Ba\u015fkan\u0131 Ekrem \u0130mamo\u011flu&#8217;nun tutuklanmas\u0131n\u0131n ard\u0131ndan ya\u015fanan protestolar s\u0131ras\u0131nda tutuklanan arkada\u015flar\u0131na destek olmak amac\u0131yla vize s\u0131navlar\u0131n\u0131 boykot etti. \u00d6\u011frenciler, okulda ger\u00e7ekle\u015ftirdikleri eylemde, anayasal haklar\u0131n\u0131 kullanarak g\u00f6zalt\u0131na al\u0131nan ve tutuklanan arkada\u015flar\u0131 i\u00e7in seslerini duyurdu.\u00a0 &#8220;AKADEM\u0130 BOYKOTTA&#8221;\u00a0 Vize s\u0131navlar\u0131n\u0131n ba\u015flad\u0131\u011f\u0131 Y\u0131ld\u0131z Teknik \u00dcniversitesi\u2019nde (YT\u00dc) \u00f6\u011frenciler, s\u0131ralara \u201cBu alan anayasal haklar\u0131n\u0131n kulland\u0131klar\u0131 i\u00e7in tutuklanan s\u0131ra arkada\u015flar\u0131m\u0131za ayr\u0131lm\u0131\u015ft\u0131r! #akademi boykotta\u201d notu asarak \u00f6\u011frencilerin tutuklanmas\u0131n\u0131 protesto etti.\u00a0 \u200bY\u0131ld\u0131z Teknik \u00dcniversitesi\u2019nde (YT\u00dc) \u00f6\u011frencileri, anayasal haklar\u0131n\u0131 kulland\u0131klar\u0131 gerek\u00e7esiyle tutuklanan arkada\u015flar\u0131na destek olmak amac\u0131yla vize s\u0131navlar\u0131n\u0131 boykot etti.\u00a0 \u200bHaberin Al\u0131nt\u0131land\u0131\u011f\u0131 Kaynak: www.antalyakorfez.com","og_url":"https:\/\/denizcankizil.tr\/en\/haberler\/gundem\/ytu-ogrencilerinden-vize-sinavi-boykotu-tutuklanan-arkadaslarina-destek-verdiler\/","og_site_name":"Av. Deniz Can K\u0131z\u0131l","article_published_time":"2025-04-07T13:41:26+00:00","author":"Antalya K\u00f6rfez","twitter_card":"summary_large_image","twitter_misc":{"Written by":"Antalya K\u00f6rfez","Estimated reading time":"1 minute"},"schema":{"@context":"https:\/\/schema.org","@graph":[{"@type":"Article","@id":"https:\/\/denizcankizil.tr\/en\/haberler\/gundem\/ytu-ogrencilerinden-vize-sinavi-boykotu-tutuklanan-arkadaslarina-destek-verdiler\/#article","isPartOf":{"@id":"https:\/\/denizcankizil.tr\/en\/haberler\/gundem\/ytu-ogrencilerinden-vize-sinavi-boykotu-tutuklanan-arkadaslarina-destek-verdiler\/"},"author":{"name":"Antalya K\u00f6rfez","@id":"https:\/\/denizcankizil.tr\/#\/schema\/person\/e1eb71bb4dd684d46563f0af307e1234"},"headline":"YT\u00dc \u00f6\u011frencilerinden vize s\u0131nav\u0131 boykotu: Tutuklanan arkada\u015flar\u0131na destek verdiler","datePublished":"2025-04-07T13:41:26+00:00","mainEntityOfPage":{"@id":"https:\/\/denizcankizil.tr\/en\/haberler\/gundem\/ytu-ogrencilerinden-vize-sinavi-boykotu-tutuklanan-arkadaslarina-destek-verdiler\/"},"wordCount":236,"publisher":{"@id":"https:\/\/denizcankizil.tr\/#organization"},"articleSection":["G\u00fcndem"],"inLanguage":"en-GB"},{"@type":"WebPage","@id":"https:\/\/denizcankizil.tr\/en\/haberler\/gundem\/ytu-ogrencilerinden-vize-sinavi-boykotu-tutuklanan-arkadaslarina-destek-verdiler\/","url":"https:\/\/denizcankizil.tr\/en\/haberler\/gundem\/ytu-ogrencilerinden-vize-sinavi-boykotu-tutuklanan-arkadaslarina-destek-verdiler\/","name":"YT\u00dc \u00f6\u011frencilerinden vize s\u0131nav\u0131 boykotu: Tutuklanan arkada\u015flar\u0131na destek verdiler - Av. Deniz Can K\u0131z\u0131l","isPartOf":{"@id":"https:\/\/denizcankizil.tr\/#website"},"datePublished":"2025-04-07T13:41:26+00:00","breadcrumb":{"@id":"https:\/\/denizcankizil.tr\/en\/haberler\/gundem\/ytu-ogrencilerinden-vize-sinavi-boykotu-tutuklanan-arkadaslarina-destek-verdiler\/#breadcrumb"},"inLanguage":"en-GB","potentialAction":[{"@type":"ReadAction","target":["https:\/\/denizcankizil.tr\/en\/haberler\/gundem\/ytu-ogrencilerinden-vize-sinavi-boykotu-tutuklanan-arkadaslarina-destek-verdiler\/"]}]},{"@type":"BreadcrumbList","@id":"https:\/\/denizcankizil.tr\/en\/haberler\/gundem\/ytu-ogrencilerinden-vize-sinavi-boykotu-tutuklanan-arkadaslarina-destek-verdiler\/#breadcrumb","itemListElement":[{"@type":"ListItem","position":1,"name":"Home","item":"https:\/\/denizcankizil.tr\/uk\/"},{"@type":"ListItem","position":2,"name":"YT\u00dc \u00f6\u011frencilerinden vize s\u0131nav\u0131 boykotu: Tutuklanan arkada\u015flar\u0131na destek verdiler"}]},{"@type":"WebSite","@id":"https:\/\/denizcankizil.tr\/#website","url":"https:\/\/denizcankizil.tr\/","name":"Av. Deniz Can K\u0131z\u0131l","description":"Avukat Deniz Can K\u0131z\u0131l Antalya Barosu","publisher":{"@id":"https:\/\/denizcankizil.tr\/#organization"},"potentialAction":[{"@type":"SearchAction","target":{"@type":"EntryPoint","urlTemplate":"https:\/\/denizcankizil.tr\/?s={search_term_string}"},"query-input":{"@type":"PropertyValueSpecification","valueRequired":true,"valueName":"search_term_string"}}],"inLanguage":"en-GB"},{"@type":"Organization","@id":"https:\/\/denizcankizil.tr\/#organization","name":"Av. Deniz Can K\u0131z\u0131l","url":"https:\/\/denizcankizil.tr\/","logo":{"@type":"ImageObject","inLanguage":"en-GB","@id":"https:\/\/denizcankizil.tr\/#\/schema\/logo\/image\/","url":"https:\/\/denizcankizil.tr\/wp-content\/uploads\/2024\/10\/siyah-logo-svg.svg","contentUrl":"https:\/\/denizcankizil.tr\/wp-content\/uploads\/2024\/10\/siyah-logo-svg.svg","width":1080,"height":1080,"caption":"Av. Deniz Can K\u0131z\u0131l"},"image":{"@id":"https:\/\/denizcankizil.tr\/#\/schema\/logo\/image\/"}},{"@type":"Person","@id":"https:\/\/denizcankizil.tr\/#\/schema\/person\/e1eb71bb4dd684d46563f0af307e1234","name":"Antalya K\u00f6rfez","image":{"@type":"ImageObject","inLanguage":"en-GB","@id":"https:\/\/denizcankizil.tr\/#\/schema\/person\/image\/","url":"https:\/\/secure.gravatar.com\/avatar\/42b01982558a48a0b501fdcab6a408d3717ea5919095ee2e67b0e521799c5905?s=96&d=mm&r=g","contentUrl":"https:\/\/secure.gravatar.com\/avatar\/42b01982558a48a0b501fdcab6a408d3717ea5919095ee2e67b0e521799c5905?s=96&d=mm&r=g","caption":"Antalya K\u00f6rfez"},"sameAs":["http:\/\/www.antalyakorfez.com"],"url":"https:\/\/www.antalyakorfez.com\/ytu-ogrencilerinden-vize-sinavi-boykotu-tutuklanan-arkadaslarina-destek-verdiler"}]}},"_links":{"self":[{"href":"https:\/\/denizcankizil.tr\/en\/wp-json\/wp\/v2\/posts\/48353","targetHints":{"allow":["GET"]}}],"collection":[{"href":"https:\/\/denizcankizil.tr\/en\/wp-json\/wp\/v2\/posts"}],"about":[{"href":"https:\/\/denizcankizil.tr\/en\/wp-json\/wp\/v2\/types\/post"}],"author":[{"embeddable":true,"href":"https:\/\/denizcankizil.tr\/en\/wp-json\/wp\/v2\/users\/5"}],"replies":[{"embeddable":true,"href":"https:\/\/denizcankizil.tr\/en\/wp-json\/wp\/v2\/comments?post=48353"}],"version-history":[{"count":0,"href":"https:\/\/denizcankizil.tr\/en\/wp-json\/wp\/v2\/posts\/48353\/revisions"}],"wp:attachment":[{"href":"https:\/\/denizcankizil.tr\/en\/wp-json\/wp\/v2\/media?parent=48353"}],"wp:term":[{"taxonomy":"category","embeddable":true,"href":"https:\/\/denizcankizil.tr\/en\/wp-json\/wp\/v2\/categories?post=48353"},{"taxonomy":"post_tag","embeddable":true,"href":"https:\/\/denizcankizil.tr\/en\/wp-json\/wp\/v2\/tags?post=48353"}],"curies":[{"name":"wp","href":"https:\/\/api.w.org\/{rel}","templated":true}]}}