{"id":48259,"date":"2025-04-07T14:41:32","date_gmt":"2025-04-07T11:41:32","guid":{"rendered":"https:\/\/denizcankizil.tr\/uncategorized-tr\/kepezde-teknoloji-seferberligi\/"},"modified":"2025-04-07T14:41:32","modified_gmt":"2025-04-07T11:41:32","slug":"kepezde-teknoloji-seferberligi","status":"publish","type":"post","link":"https:\/\/denizcankizil.tr\/en\/haberler\/antalya\/kepezde-teknoloji-seferberligi\/","title":{"rendered":"Kepez\u2019de teknoloji seferberli\u011fi"},"content":{"rendered":"<p>Merkezin en fazla kat\u0131l\u0131m sa\u011flanan robotik kodlama at\u00f6lyesinde, Tinkercad ile 3D modelleme yap\u0131larak dijital tasar\u0131m becerileri kazand\u0131r\u0131lmaya ba\u015flan\u0131yor. Mobil uygulama yap\u0131m\u0131 g\u00f6sterilen at\u00f6lyede ise Tinkercad ile 3D matrix tasar\u0131m\u0131, matrix dijital evren, elektronik devre tasar\u0131m\u0131 ve mBot ile elektronik programlama ba\u015fl\u0131klar\u0131nda yeni \u00e7al\u0131\u015fmalar \u00f6\u011fretiliyor.<\/p>\n<p>Teneff\u00fcslere \u00e7\u0131km\u0131yorlar<br \/>\n\u00d6\u011frencilere gelece\u011fin m\u00fchendisleri olmay\u0131 hayal ettiren at\u00f6lye m\u00fcdavimlerinin, T\u00fcrkiye\u2019nin teknolojik geli\u015fimine katk\u0131 sa\u011flayabilece\u011fi \u00f6ng\u00f6r\u00fcl\u00fcyor. Ara tatil ve yaz tatillerindeki birer haftal\u0131k kamp \u00e7al\u0131\u015fmalar\u0131nda teneff\u00fcse \u00e7\u0131kmak yerine at\u00f6lyedeki u\u011fra\u015flar\u0131na devam etmeyi tercih eden kodlama \u00f6\u011frencileri, \u00f6\u011frendiklerini g\u00fcnl\u00fck hayatta kullanabilmek i\u00e7in pratik yap\u0131yor.<\/p>\n<p>Teknolojiyle b\u00fcy\u00fcyen nesiller<br \/>\nKepez Belediye Ba\u015fkan\u0131 Mesut Kocag\u00f6z, \u00e7ocuklar\u0131n erken ya\u015fta teknolojiyle tan\u0131\u015fmalar\u0131n\u0131 istediklerini belirterek, gen\u00e7 ya\u015fta kodlama ve robotik e\u011fitiminin gelecekteki ba\u015far\u0131lar\u0131n temelini olu\u015fturaca\u011f\u0131n\u0131 vurgulad\u0131. Ayr\u0131ca,\u00a0Antalya\u00a0Bilim Merkezi&#8217;nin bu s\u00fcreci destekleyerek teknoloji alan\u0131nda yeni nesillerin yeti\u015fmesine katk\u0131 sa\u011flad\u0131\u011f\u0131n\u0131 ifade etti.<\/p>\n<p>D\u00fc\u015f\u00fcnme becerisi<br \/>\nAntalya\u00a0Bilim Merkezi Elektrik-Elektronik M\u00fchendisi Murat Bahar da, &#8220;\u00d6\u011frencilerimin ders saatleri d\u0131\u015f\u0131nda bile at\u00f6lyelerde projeler yapmak i\u00e7in sab\u0131rs\u0131zlanmalar\u0131 ve s\u00fcrekli yeni fikirler \u00fcretmek istemeleri bizi de heyecanland\u0131r\u0131yor. Bu heyecan ve merak, \u00e7ocuklar\u0131n farkl\u0131 d\u00fc\u015f\u00fcnme, problem \u00e7\u00f6zme ve m\u00fchendislik becerilerini geli\u015ftirmelerine b\u00fcy\u00fck katk\u0131 sa\u011fl\u0131yor&#8221; dedi.<\/p>\n<p>Kaynak: www.kanalv.com.tr Haber Sitesinden Al\u0131nm\u0131\u015ft\u0131r.<\/p>","protected":false},"excerpt":{"rendered":"<p>Merkezin en fazla kat\u0131l\u0131m sa\u011flanan robotik kodlama at\u00f6lyesinde, Tinkercad ile 3D modelleme yap\u0131larak dijital tasar\u0131m becerileri kazand\u0131r\u0131lmaya ba\u015flan\u0131yor. Mobil uygulama yap\u0131m\u0131 g\u00f6sterilen at\u00f6lyede ise Tinkercad ile 3D matrix tasar\u0131m\u0131, matrix dijital evren, elektronik devre tasar\u0131m\u0131 ve mBot ile elektronik programlama ba\u015fl\u0131klar\u0131nda yeni \u00e7al\u0131\u015fmalar \u00f6\u011fretiliyor. Teneff\u00fcslere \u00e7\u0131km\u0131yorlar \u00d6\u011frencilere gelece\u011fin m\u00fchendisleri olmay\u0131 hayal ettiren at\u00f6lye m\u00fcdavimlerinin, T\u00fcrkiye\u2019nin teknolojik geli\u015fimine katk\u0131 sa\u011flayabilece\u011fi \u00f6ng\u00f6r\u00fcl\u00fcyor. Ara tatil ve yaz tatillerindeki birer haftal\u0131k kamp \u00e7al\u0131\u015fmalar\u0131nda teneff\u00fcse \u00e7\u0131kmak yerine at\u00f6lyedeki u\u011fra\u015flar\u0131na devam etmeyi tercih eden kodlama \u00f6\u011frencileri, \u00f6\u011frendiklerini g\u00fcnl\u00fck hayatta kullanabilmek i\u00e7in pratik yap\u0131yor. Teknolojiyle b\u00fcy\u00fcyen nesiller Kepez Belediye Ba\u015fkan\u0131 Mesut Kocag\u00f6z, \u00e7ocuklar\u0131n erken ya\u015fta teknolojiyle tan\u0131\u015fmalar\u0131n\u0131 istediklerini belirterek, gen\u00e7 ya\u015fta kodlama ve robotik e\u011fitiminin gelecekteki ba\u015far\u0131lar\u0131n temelini olu\u015fturaca\u011f\u0131n\u0131 vurgulad\u0131. Ayr\u0131ca,\u00a0Antalya\u00a0Bilim Merkezi&#8217;nin bu s\u00fcreci destekleyerek teknoloji alan\u0131nda yeni nesillerin yeti\u015fmesine katk\u0131 sa\u011flad\u0131\u011f\u0131n\u0131 ifade etti. D\u00fc\u015f\u00fcnme becerisi Antalya\u00a0Bilim Merkezi Elektrik-Elektronik M\u00fchendisi Murat Bahar da, &#8220;\u00d6\u011frencilerimin ders saatleri d\u0131\u015f\u0131nda bile at\u00f6lyelerde projeler yapmak i\u00e7in sab\u0131rs\u0131zlanmalar\u0131 ve s\u00fcrekli yeni fikirler \u00fcretmek istemeleri bizi de heyecanland\u0131r\u0131yor. Bu heyecan ve merak, \u00e7ocuklar\u0131n farkl\u0131 d\u00fc\u015f\u00fcnme, problem \u00e7\u00f6zme ve m\u00fchendislik becerilerini geli\u015ftirmelerine b\u00fcy\u00fck katk\u0131 sa\u011fl\u0131yor&#8221; dedi. Kaynak: www.kanalv.com.tr Haber Sitesinden Al\u0131nm\u0131\u015ft\u0131r.<\/p>","protected":false},"author":4,"featured_media":48260,"comment_status":"","ping_status":"open","sticky":false,"template":"","format":"standard","meta":{"_acf_changed":false,"footnotes":""},"categories":[26],"tags":[],"class_list":["post-48259","post","type-post","status-publish","format-standard","has-post-thumbnail","hentry","category-antalya"],"acf":[],"yoast_head":"<!-- This site is optimized with the Yoast SEO Premium plugin v26.6 (Yoast SEO v27.1.1) - https:\/\/yoast.com\/product\/yoast-seo-premium-wordpress\/ -->\n<title>Kepez\u2019de teknoloji seferberli\u011fi - Av. Deniz Can K\u0131z\u0131l<\/title>\n<meta name=\"robots\" content=\"index, follow, max-snippet:-1, max-image-preview:large, max-video-preview:-1\" \/>\n<link rel=\"canonical\" href=\"https:\/\/denizcankizil.tr\/en\/haberler\/antalya\/kepezde-teknoloji-seferberligi\/\" \/>\n<meta property=\"og:locale\" content=\"en_GB\" \/>\n<meta property=\"og:type\" content=\"article\" \/>\n<meta property=\"og:title\" content=\"Kepez\u2019de teknoloji seferberli\u011fi\" \/>\n<meta property=\"og:description\" content=\"Merkezin en fazla kat\u0131l\u0131m sa\u011flanan robotik kodlama at\u00f6lyesinde, Tinkercad ile 3D modelleme yap\u0131larak dijital tasar\u0131m becerileri kazand\u0131r\u0131lmaya ba\u015flan\u0131yor. Mobil uygulama yap\u0131m\u0131 g\u00f6sterilen at\u00f6lyede ise Tinkercad ile 3D matrix tasar\u0131m\u0131, matrix dijital evren, elektronik devre tasar\u0131m\u0131 ve mBot ile elektronik programlama ba\u015fl\u0131klar\u0131nda yeni \u00e7al\u0131\u015fmalar \u00f6\u011fretiliyor. Teneff\u00fcslere \u00e7\u0131km\u0131yorlar \u00d6\u011frencilere gelece\u011fin m\u00fchendisleri olmay\u0131 hayal ettiren at\u00f6lye m\u00fcdavimlerinin, T\u00fcrkiye\u2019nin teknolojik geli\u015fimine katk\u0131 sa\u011flayabilece\u011fi \u00f6ng\u00f6r\u00fcl\u00fcyor. Ara tatil ve yaz tatillerindeki birer haftal\u0131k kamp \u00e7al\u0131\u015fmalar\u0131nda teneff\u00fcse \u00e7\u0131kmak yerine at\u00f6lyedeki u\u011fra\u015flar\u0131na devam etmeyi tercih eden kodlama \u00f6\u011frencileri, \u00f6\u011frendiklerini g\u00fcnl\u00fck hayatta kullanabilmek i\u00e7in pratik yap\u0131yor. Teknolojiyle b\u00fcy\u00fcyen nesiller Kepez Belediye Ba\u015fkan\u0131 Mesut Kocag\u00f6z, \u00e7ocuklar\u0131n erken ya\u015fta teknolojiyle tan\u0131\u015fmalar\u0131n\u0131 istediklerini belirterek, gen\u00e7 ya\u015fta kodlama ve robotik e\u011fitiminin gelecekteki ba\u015far\u0131lar\u0131n temelini olu\u015fturaca\u011f\u0131n\u0131 vurgulad\u0131. Ayr\u0131ca,\u00a0Antalya\u00a0Bilim Merkezi&#8217;nin bu s\u00fcreci destekleyerek teknoloji alan\u0131nda yeni nesillerin yeti\u015fmesine katk\u0131 sa\u011flad\u0131\u011f\u0131n\u0131 ifade etti. D\u00fc\u015f\u00fcnme becerisi Antalya\u00a0Bilim Merkezi Elektrik-Elektronik M\u00fchendisi Murat Bahar da, &#8220;\u00d6\u011frencilerimin ders saatleri d\u0131\u015f\u0131nda bile at\u00f6lyelerde projeler yapmak i\u00e7in sab\u0131rs\u0131zlanmalar\u0131 ve s\u00fcrekli yeni fikirler \u00fcretmek istemeleri bizi de heyecanland\u0131r\u0131yor. Bu heyecan ve merak, \u00e7ocuklar\u0131n farkl\u0131 d\u00fc\u015f\u00fcnme, problem \u00e7\u00f6zme ve m\u00fchendislik becerilerini geli\u015ftirmelerine b\u00fcy\u00fck katk\u0131 sa\u011fl\u0131yor&#8221; dedi. Kaynak: www.kanalv.com.tr Haber Sitesinden Al\u0131nm\u0131\u015ft\u0131r.\" \/>\n<meta property=\"og:url\" content=\"https:\/\/denizcankizil.tr\/en\/haberler\/antalya\/kepezde-teknoloji-seferberligi\/\" \/>\n<meta property=\"og:site_name\" content=\"Av. Deniz Can K\u0131z\u0131l\" \/>\n<meta property=\"article:published_time\" content=\"2025-04-07T11:41:32+00:00\" \/>\n<meta property=\"og:image\" content=\"https:\/\/denizcankizil.tr\/wp-content\/uploads\/2025\/04\/a-w427234-01-V83EXS.jpeg\" \/>\n\t<meta property=\"og:image:width\" content=\"1280\" \/>\n\t<meta property=\"og:image:height\" content=\"720\" \/>\n\t<meta property=\"og:image:type\" content=\"image\/jpeg\" \/>\n<meta name=\"author\" content=\"Av. Deniz Can K\u0131z\u0131l\" \/>\n<meta name=\"twitter:card\" content=\"summary_large_image\" \/>\n<meta name=\"twitter:label1\" content=\"Written by\" \/>\n\t<meta name=\"twitter:data1\" content=\"Av. Deniz Can K\u0131z\u0131l\" \/>\n\t<meta name=\"twitter:label2\" content=\"Estimated reading time\" \/>\n\t<meta name=\"twitter:data2\" content=\"1 minute\" \/>\n<script type=\"application\/ld+json\" class=\"yoast-schema-graph\">{\"@context\":\"https:\/\/schema.org\",\"@graph\":[{\"@type\":\"Article\",\"@id\":\"https:\/\/denizcankizil.tr\/en\/haberler\/antalya\/kepezde-teknoloji-seferberligi\/#article\",\"isPartOf\":{\"@id\":\"https:\/\/denizcankizil.tr\/en\/haberler\/antalya\/kepezde-teknoloji-seferberligi\/\"},\"author\":{\"name\":\"Av. Deniz Can K\u0131z\u0131l\",\"@id\":\"https:\/\/denizcankizil.tr\/#\/schema\/person\/5dc1b22991bd7ac833867c10afc9b0ff\"},\"headline\":\"Kepez\u2019de teknoloji seferberli\u011fi\",\"datePublished\":\"2025-04-07T11:41:32+00:00\",\"mainEntityOfPage\":{\"@id\":\"https:\/\/denizcankizil.tr\/en\/haberler\/antalya\/kepezde-teknoloji-seferberligi\/\"},\"wordCount\":276,\"publisher\":{\"@id\":\"https:\/\/denizcankizil.tr\/#organization\"},\"image\":{\"@id\":\"https:\/\/denizcankizil.tr\/en\/haberler\/antalya\/kepezde-teknoloji-seferberligi\/#primaryimage\"},\"thumbnailUrl\":\"https:\/\/denizcankizil.tr\/wp-content\/uploads\/2025\/04\/a-w427234-01-V83EXS.jpeg\",\"articleSection\":[\"Antalya\"],\"inLanguage\":\"en-GB\"},{\"@type\":\"WebPage\",\"@id\":\"https:\/\/denizcankizil.tr\/en\/haberler\/antalya\/kepezde-teknoloji-seferberligi\/\",\"url\":\"https:\/\/denizcankizil.tr\/en\/haberler\/antalya\/kepezde-teknoloji-seferberligi\/\",\"name\":\"Kepez\u2019de teknoloji seferberli\u011fi - Av. Deniz Can K\u0131z\u0131l\",\"isPartOf\":{\"@id\":\"https:\/\/denizcankizil.tr\/#website\"},\"primaryImageOfPage\":{\"@id\":\"https:\/\/denizcankizil.tr\/en\/haberler\/antalya\/kepezde-teknoloji-seferberligi\/#primaryimage\"},\"image\":{\"@id\":\"https:\/\/denizcankizil.tr\/en\/haberler\/antalya\/kepezde-teknoloji-seferberligi\/#primaryimage\"},\"thumbnailUrl\":\"https:\/\/denizcankizil.tr\/wp-content\/uploads\/2025\/04\/a-w427234-01-V83EXS.jpeg\",\"datePublished\":\"2025-04-07T11:41:32+00:00\",\"breadcrumb\":{\"@id\":\"https:\/\/denizcankizil.tr\/en\/haberler\/antalya\/kepezde-teknoloji-seferberligi\/#breadcrumb\"},\"inLanguage\":\"en-GB\",\"potentialAction\":[{\"@type\":\"ReadAction\",\"target\":[\"https:\/\/denizcankizil.tr\/en\/haberler\/antalya\/kepezde-teknoloji-seferberligi\/\"]}]},{\"@type\":\"ImageObject\",\"inLanguage\":\"en-GB\",\"@id\":\"https:\/\/denizcankizil.tr\/en\/haberler\/antalya\/kepezde-teknoloji-seferberligi\/#primaryimage\",\"url\":\"https:\/\/denizcankizil.tr\/wp-content\/uploads\/2025\/04\/a-w427234-01-V83EXS.jpeg\",\"contentUrl\":\"https:\/\/denizcankizil.tr\/wp-content\/uploads\/2025\/04\/a-w427234-01-V83EXS.jpeg\",\"width\":1280,\"height\":720},{\"@type\":\"BreadcrumbList\",\"@id\":\"https:\/\/denizcankizil.tr\/en\/haberler\/antalya\/kepezde-teknoloji-seferberligi\/#breadcrumb\",\"itemListElement\":[{\"@type\":\"ListItem\",\"position\":1,\"name\":\"Home\",\"item\":\"https:\/\/denizcankizil.tr\/de\/\"},{\"@type\":\"ListItem\",\"position\":2,\"name\":\"Kepez\u2019de teknoloji seferberli\u011fi\"}]},{\"@type\":\"WebSite\",\"@id\":\"https:\/\/denizcankizil.tr\/#website\",\"url\":\"https:\/\/denizcankizil.tr\/\",\"name\":\"Av. Deniz Can K\u0131z\u0131l\",\"description\":\"Avukat Deniz Can K\u0131z\u0131l Antalya Barosu\",\"publisher\":{\"@id\":\"https:\/\/denizcankizil.tr\/#organization\"},\"potentialAction\":[{\"@type\":\"SearchAction\",\"target\":{\"@type\":\"EntryPoint\",\"urlTemplate\":\"https:\/\/denizcankizil.tr\/?s={search_term_string}\"},\"query-input\":{\"@type\":\"PropertyValueSpecification\",\"valueRequired\":true,\"valueName\":\"search_term_string\"}}],\"inLanguage\":\"en-GB\"},{\"@type\":\"Organization\",\"@id\":\"https:\/\/denizcankizil.tr\/#organization\",\"name\":\"Av. Deniz Can K\u0131z\u0131l\",\"url\":\"https:\/\/denizcankizil.tr\/\",\"logo\":{\"@type\":\"ImageObject\",\"inLanguage\":\"en-GB\",\"@id\":\"https:\/\/denizcankizil.tr\/#\/schema\/logo\/image\/\",\"url\":\"https:\/\/denizcankizil.tr\/wp-content\/uploads\/2024\/10\/siyah-logo-svg.svg\",\"contentUrl\":\"https:\/\/denizcankizil.tr\/wp-content\/uploads\/2024\/10\/siyah-logo-svg.svg\",\"width\":1080,\"height\":1080,\"caption\":\"Av. Deniz Can K\u0131z\u0131l\"},\"image\":{\"@id\":\"https:\/\/denizcankizil.tr\/#\/schema\/logo\/image\/\"}},{\"@type\":\"Person\",\"@id\":\"https:\/\/denizcankizil.tr\/#\/schema\/person\/5dc1b22991bd7ac833867c10afc9b0ff\",\"name\":\"Av. Deniz Can K\u0131z\u0131l\",\"image\":{\"@type\":\"ImageObject\",\"inLanguage\":\"en-GB\",\"@id\":\"https:\/\/denizcankizil.tr\/#\/schema\/person\/image\/\",\"url\":\"https:\/\/secure.gravatar.com\/avatar\/a0b128fb9855c79efc976d5640eedb31dc35ec297594d6016d2cf7c60e975bb6?s=96&d=mm&r=g\",\"contentUrl\":\"https:\/\/secure.gravatar.com\/avatar\/a0b128fb9855c79efc976d5640eedb31dc35ec297594d6016d2cf7c60e975bb6?s=96&d=mm&r=g\",\"caption\":\"Av. Deniz Can K\u0131z\u0131l\"},\"sameAs\":[\"http:\/\/www.denizcankizil.tr\"],\"url\":\"https:\/\/denizcankizil.tr\/en\/author\/denizcankizil\/\"}]}<\/script>\n<!-- \/ Yoast SEO Premium plugin. -->","yoast_head_json":{"title":"Kepez\u2019de teknoloji seferberli\u011fi - Av. Deniz Can K\u0131z\u0131l","robots":{"index":"index","follow":"follow","max-snippet":"max-snippet:-1","max-image-preview":"max-image-preview:large","max-video-preview":"max-video-preview:-1"},"canonical":"https:\/\/denizcankizil.tr\/en\/haberler\/antalya\/kepezde-teknoloji-seferberligi\/","og_locale":"en_GB","og_type":"article","og_title":"Kepez\u2019de teknoloji seferberli\u011fi","og_description":"Merkezin en fazla kat\u0131l\u0131m sa\u011flanan robotik kodlama at\u00f6lyesinde, Tinkercad ile 3D modelleme yap\u0131larak dijital tasar\u0131m becerileri kazand\u0131r\u0131lmaya ba\u015flan\u0131yor. Mobil uygulama yap\u0131m\u0131 g\u00f6sterilen at\u00f6lyede ise Tinkercad ile 3D matrix tasar\u0131m\u0131, matrix dijital evren, elektronik devre tasar\u0131m\u0131 ve mBot ile elektronik programlama ba\u015fl\u0131klar\u0131nda yeni \u00e7al\u0131\u015fmalar \u00f6\u011fretiliyor. Teneff\u00fcslere \u00e7\u0131km\u0131yorlar \u00d6\u011frencilere gelece\u011fin m\u00fchendisleri olmay\u0131 hayal ettiren at\u00f6lye m\u00fcdavimlerinin, T\u00fcrkiye\u2019nin teknolojik geli\u015fimine katk\u0131 sa\u011flayabilece\u011fi \u00f6ng\u00f6r\u00fcl\u00fcyor. Ara tatil ve yaz tatillerindeki birer haftal\u0131k kamp \u00e7al\u0131\u015fmalar\u0131nda teneff\u00fcse \u00e7\u0131kmak yerine at\u00f6lyedeki u\u011fra\u015flar\u0131na devam etmeyi tercih eden kodlama \u00f6\u011frencileri, \u00f6\u011frendiklerini g\u00fcnl\u00fck hayatta kullanabilmek i\u00e7in pratik yap\u0131yor. Teknolojiyle b\u00fcy\u00fcyen nesiller Kepez Belediye Ba\u015fkan\u0131 Mesut Kocag\u00f6z, \u00e7ocuklar\u0131n erken ya\u015fta teknolojiyle tan\u0131\u015fmalar\u0131n\u0131 istediklerini belirterek, gen\u00e7 ya\u015fta kodlama ve robotik e\u011fitiminin gelecekteki ba\u015far\u0131lar\u0131n temelini olu\u015fturaca\u011f\u0131n\u0131 vurgulad\u0131. Ayr\u0131ca,\u00a0Antalya\u00a0Bilim Merkezi&#8217;nin bu s\u00fcreci destekleyerek teknoloji alan\u0131nda yeni nesillerin yeti\u015fmesine katk\u0131 sa\u011flad\u0131\u011f\u0131n\u0131 ifade etti. D\u00fc\u015f\u00fcnme becerisi Antalya\u00a0Bilim Merkezi Elektrik-Elektronik M\u00fchendisi Murat Bahar da, &#8220;\u00d6\u011frencilerimin ders saatleri d\u0131\u015f\u0131nda bile at\u00f6lyelerde projeler yapmak i\u00e7in sab\u0131rs\u0131zlanmalar\u0131 ve s\u00fcrekli yeni fikirler \u00fcretmek istemeleri bizi de heyecanland\u0131r\u0131yor. Bu heyecan ve merak, \u00e7ocuklar\u0131n farkl\u0131 d\u00fc\u015f\u00fcnme, problem \u00e7\u00f6zme ve m\u00fchendislik becerilerini geli\u015ftirmelerine b\u00fcy\u00fck katk\u0131 sa\u011fl\u0131yor&#8221; dedi. Kaynak: www.kanalv.com.tr Haber Sitesinden Al\u0131nm\u0131\u015ft\u0131r.","og_url":"https:\/\/denizcankizil.tr\/en\/haberler\/antalya\/kepezde-teknoloji-seferberligi\/","og_site_name":"Av. Deniz Can K\u0131z\u0131l","article_published_time":"2025-04-07T11:41:32+00:00","og_image":[{"width":1280,"height":720,"url":"https:\/\/denizcankizil.tr\/wp-content\/uploads\/2025\/04\/a-w427234-01-V83EXS.jpeg","type":"image\/jpeg"}],"author":"Av. Deniz Can K\u0131z\u0131l","twitter_card":"summary_large_image","twitter_misc":{"Written by":"Av. Deniz Can K\u0131z\u0131l","Estimated reading time":"1 minute"},"schema":{"@context":"https:\/\/schema.org","@graph":[{"@type":"Article","@id":"https:\/\/denizcankizil.tr\/en\/haberler\/antalya\/kepezde-teknoloji-seferberligi\/#article","isPartOf":{"@id":"https:\/\/denizcankizil.tr\/en\/haberler\/antalya\/kepezde-teknoloji-seferberligi\/"},"author":{"name":"Av. Deniz Can K\u0131z\u0131l","@id":"https:\/\/denizcankizil.tr\/#\/schema\/person\/5dc1b22991bd7ac833867c10afc9b0ff"},"headline":"Kepez\u2019de teknoloji seferberli\u011fi","datePublished":"2025-04-07T11:41:32+00:00","mainEntityOfPage":{"@id":"https:\/\/denizcankizil.tr\/en\/haberler\/antalya\/kepezde-teknoloji-seferberligi\/"},"wordCount":276,"publisher":{"@id":"https:\/\/denizcankizil.tr\/#organization"},"image":{"@id":"https:\/\/denizcankizil.tr\/en\/haberler\/antalya\/kepezde-teknoloji-seferberligi\/#primaryimage"},"thumbnailUrl":"https:\/\/denizcankizil.tr\/wp-content\/uploads\/2025\/04\/a-w427234-01-V83EXS.jpeg","articleSection":["Antalya"],"inLanguage":"en-GB"},{"@type":"WebPage","@id":"https:\/\/denizcankizil.tr\/en\/haberler\/antalya\/kepezde-teknoloji-seferberligi\/","url":"https:\/\/denizcankizil.tr\/en\/haberler\/antalya\/kepezde-teknoloji-seferberligi\/","name":"Kepez\u2019de teknoloji seferberli\u011fi - Av. Deniz Can K\u0131z\u0131l","isPartOf":{"@id":"https:\/\/denizcankizil.tr\/#website"},"primaryImageOfPage":{"@id":"https:\/\/denizcankizil.tr\/en\/haberler\/antalya\/kepezde-teknoloji-seferberligi\/#primaryimage"},"image":{"@id":"https:\/\/denizcankizil.tr\/en\/haberler\/antalya\/kepezde-teknoloji-seferberligi\/#primaryimage"},"thumbnailUrl":"https:\/\/denizcankizil.tr\/wp-content\/uploads\/2025\/04\/a-w427234-01-V83EXS.jpeg","datePublished":"2025-04-07T11:41:32+00:00","breadcrumb":{"@id":"https:\/\/denizcankizil.tr\/en\/haberler\/antalya\/kepezde-teknoloji-seferberligi\/#breadcrumb"},"inLanguage":"en-GB","potentialAction":[{"@type":"ReadAction","target":["https:\/\/denizcankizil.tr\/en\/haberler\/antalya\/kepezde-teknoloji-seferberligi\/"]}]},{"@type":"ImageObject","inLanguage":"en-GB","@id":"https:\/\/denizcankizil.tr\/en\/haberler\/antalya\/kepezde-teknoloji-seferberligi\/#primaryimage","url":"https:\/\/denizcankizil.tr\/wp-content\/uploads\/2025\/04\/a-w427234-01-V83EXS.jpeg","contentUrl":"https:\/\/denizcankizil.tr\/wp-content\/uploads\/2025\/04\/a-w427234-01-V83EXS.jpeg","width":1280,"height":720},{"@type":"BreadcrumbList","@id":"https:\/\/denizcankizil.tr\/en\/haberler\/antalya\/kepezde-teknoloji-seferberligi\/#breadcrumb","itemListElement":[{"@type":"ListItem","position":1,"name":"Home","item":"https:\/\/denizcankizil.tr\/de\/"},{"@type":"ListItem","position":2,"name":"Kepez\u2019de teknoloji seferberli\u011fi"}]},{"@type":"WebSite","@id":"https:\/\/denizcankizil.tr\/#website","url":"https:\/\/denizcankizil.tr\/","name":"Av. Deniz Can K\u0131z\u0131l","description":"Avukat Deniz Can K\u0131z\u0131l Antalya Barosu","publisher":{"@id":"https:\/\/denizcankizil.tr\/#organization"},"potentialAction":[{"@type":"SearchAction","target":{"@type":"EntryPoint","urlTemplate":"https:\/\/denizcankizil.tr\/?s={search_term_string}"},"query-input":{"@type":"PropertyValueSpecification","valueRequired":true,"valueName":"search_term_string"}}],"inLanguage":"en-GB"},{"@type":"Organization","@id":"https:\/\/denizcankizil.tr\/#organization","name":"Av. Deniz Can K\u0131z\u0131l","url":"https:\/\/denizcankizil.tr\/","logo":{"@type":"ImageObject","inLanguage":"en-GB","@id":"https:\/\/denizcankizil.tr\/#\/schema\/logo\/image\/","url":"https:\/\/denizcankizil.tr\/wp-content\/uploads\/2024\/10\/siyah-logo-svg.svg","contentUrl":"https:\/\/denizcankizil.tr\/wp-content\/uploads\/2024\/10\/siyah-logo-svg.svg","width":1080,"height":1080,"caption":"Av. Deniz Can K\u0131z\u0131l"},"image":{"@id":"https:\/\/denizcankizil.tr\/#\/schema\/logo\/image\/"}},{"@type":"Person","@id":"https:\/\/denizcankizil.tr\/#\/schema\/person\/5dc1b22991bd7ac833867c10afc9b0ff","name":"Av. Deniz Can K\u0131z\u0131l","image":{"@type":"ImageObject","inLanguage":"en-GB","@id":"https:\/\/denizcankizil.tr\/#\/schema\/person\/image\/","url":"https:\/\/secure.gravatar.com\/avatar\/a0b128fb9855c79efc976d5640eedb31dc35ec297594d6016d2cf7c60e975bb6?s=96&d=mm&r=g","contentUrl":"https:\/\/secure.gravatar.com\/avatar\/a0b128fb9855c79efc976d5640eedb31dc35ec297594d6016d2cf7c60e975bb6?s=96&d=mm&r=g","caption":"Av. Deniz Can K\u0131z\u0131l"},"sameAs":["http:\/\/www.denizcankizil.tr"],"url":"https:\/\/denizcankizil.tr\/en\/author\/denizcankizil\/"}]}},"_links":{"self":[{"href":"https:\/\/denizcankizil.tr\/en\/wp-json\/wp\/v2\/posts\/48259","targetHints":{"allow":["GET"]}}],"collection":[{"href":"https:\/\/denizcankizil.tr\/en\/wp-json\/wp\/v2\/posts"}],"about":[{"href":"https:\/\/denizcankizil.tr\/en\/wp-json\/wp\/v2\/types\/post"}],"author":[{"embeddable":true,"href":"https:\/\/denizcankizil.tr\/en\/wp-json\/wp\/v2\/users\/4"}],"replies":[{"embeddable":true,"href":"https:\/\/denizcankizil.tr\/en\/wp-json\/wp\/v2\/comments?post=48259"}],"version-history":[{"count":0,"href":"https:\/\/denizcankizil.tr\/en\/wp-json\/wp\/v2\/posts\/48259\/revisions"}],"wp:featuredmedia":[{"embeddable":true,"href":"https:\/\/denizcankizil.tr\/en\/wp-json\/wp\/v2\/media\/48260"}],"wp:attachment":[{"href":"https:\/\/denizcankizil.tr\/en\/wp-json\/wp\/v2\/media?parent=48259"}],"wp:term":[{"taxonomy":"category","embeddable":true,"href":"https:\/\/denizcankizil.tr\/en\/wp-json\/wp\/v2\/categories?post=48259"},{"taxonomy":"post_tag","embeddable":true,"href":"https:\/\/denizcankizil.tr\/en\/wp-json\/wp\/v2\/tags?post=48259"}],"curies":[{"name":"wp","href":"https:\/\/api.w.org\/{rel}","templated":true}]}}