{"id":45578,"date":"2025-04-04T20:41:20","date_gmt":"2025-04-04T17:41:20","guid":{"rendered":"https:\/\/denizcankizil.tr\/uncategorized-tr\/ben-sadece-ogrenciyim-silivride-tutuklu-ogrencilerin-mektubu-kamuoyunda\/"},"modified":"2025-04-04T20:41:20","modified_gmt":"2025-04-04T17:41:20","slug":"ben-sadece-ogrenciyim-silivride-tutuklu-ogrencilerin-mektubu-kamuoyunda","status":"publish","type":"post","link":"https:\/\/denizcankizil.tr\/en\/haberler\/gundem\/ben-sadece-ogrenciyim-silivride-tutuklu-ogrencilerin-mektubu-kamuoyunda\/","title":{"rendered":"&#8220;Ben sadece \u00f6\u011frenciyim&#8221;: Silivri&#8217;de tutuklu \u00f6\u011frencilerin mektubu kamuoyunda"},"content":{"rendered":"<p>\u0130stanbul B\u00fcy\u00fck\u015fehir Belediyesi (\u0130BB) Ba\u015fkan\u0131 Ekrem \u0130mamo\u011flu\u2019nun g\u00f6zalt\u0131na al\u0131nmas\u0131n\u0131n ard\u0131ndan ba\u015flayan protestolarda 301 \u00f6\u011frenci tutukland\u0131.\u00a0Bal\u0131kesir \u0130Y\u0130 Parti Milletvekili Turhan \u00c7\u00f6mez,\u00a0Silivri Cezaevi&#8217;nde tutuklu bulunan baz\u0131 \u00f6\u011frenciler ile T\u00fcrkiye \u0130\u015f\u00e7i Partisi (T\u0130P) Hatay Milletvekili Can Atay&#8217;\u0131n kaleme ald\u0131\u011f\u0131 mektubu sosyal medya hesab\u0131ndan payla\u015ft\u0131.\u00a0<\/p>\n<p>\u00c7\u00d6MEZ, ERG\u00dcN&#8217;\u00dcN TUTUKLANMA ANINI ANLATTI\u00a0<\/p>\n<p>Bal\u0131kesir \u0130Y\u0130 Parti Milletvekili Turhan \u00c7\u00f6mez, Silivri Cezaevi&#8217;nde tutuklu bulunan Beykent \u00dcniversitesi Bilgisayar M\u00fchendisli\u011fi 2.s\u0131n\u0131f \u00f6\u011frencisi Narsay Erg\u00fcn&#8217;\u00fcn mektubunu kamuoyu ile payla\u015ft\u0131. Erg\u00fcn&#8217;\u00fcn tutuklanma an\u0131n\u0131 anlatt\u0131\u011f\u0131 mektuptan baz\u0131 b\u00f6l\u00fcmleri aktaran \u00c7\u00f6mez, \u015funlar\u0131 dile getirdi:<\/p>\n<p>\u201cSara\u00e7hane\u2019deki mitinge gitmi\u015ftim. Uzun s\u00fcre ayakta kald\u0131\u011f\u0131m i\u00e7in yoruldum, dinlenmek i\u00e7in bir ara oturdu\u011fumda polisler gelip beni ald\u0131. Ters kelep\u00e7e tak\u0131p yere yat\u0131rd\u0131lar. Tekmelediler, biri boynumu tekmeledi. (Ters kelep\u00e7enin bileklerindeki, tekmelerin boynundaki izleri hala duruyordu.) Toplad\u0131klar\u0131 gen\u00e7leri \u00fcst \u00fcste at\u0131yorlard\u0131. Bir ara \u00fczerimize biber gaz\u0131 s\u0131k\u0131ld\u0131. Emniyete g\u00f6t\u00fcr\u00fclmek i\u00e7in uzun s\u00fcre otob\u00fcs\u00fcn i\u00e7inde bekletildik. Otob\u00fcste tuvaletini yapan arkada\u015flar\u0131m\u0131z oldu. Mesut\u2019un baca\u011f\u0131nda, kaburgalar\u0131nda k\u0131r\u0131klar vard\u0131. Bir hafta bu vaziyette cezaevinde kald\u0131, sonra hastaneye g\u00f6t\u00fcrd\u00fcler&#8221;\u00a0 \u00a0<\/p>\n<p>&#8220;HEP\u0130N\u0130Z \u0130\u00c7\u0130N BURADAYIZ. HAK, HUKUK, ADALET \u0130ST\u0130YORUZ&#8221;<\/p>\n<p>Silivri Cezaevi&#8217;nde tutuklu bulunan Beykent \u00dcniversitesi Bilgisayar M\u00fchendisli\u011fi 2.s\u0131n\u0131f \u00f6\u011frencisi Narsay Erg\u00fcn, &#8220;Hakl\u0131y\u0131m ve burada olmaktan gurur duyuyorum&#8221; diyerek \u015fu s\u00f6zleri dile getirdi:\u00a0<\/p>\n<p>&#8220;OMUZ OMUZA VERD\u0130K\u00c7E HER \u015eEY G\u00dcZEL OLACAK&#8221;\u00a0<\/p>\n<p>\u00c7\u00f6mez, Berkay&#8217;\u0131n Silivri&#8217;den selam\u0131 var diyerek Berkay Gezgin&#8217;in yazd\u0131\u011f\u0131 mektubu kamuoyu ile payla\u015ft\u0131. Berkay Gezgin&#8217;in kaleme ald\u0131\u011f\u0131 mektup ise \u015fu \u015fekilde;\u00a0<\/p>\n<p>&#8220;TEK \u0130STE\u011e\u0130M E\u011e\u0130T\u0130M\u0130ME DEVAM EDEB\u0130LMEK&#8221;\u00a0<\/p>\n<p>Sabanc\u0131 \u00dcniversitesi End\u00fcstri M\u00fchendisli\u011fi \u00f6\u011frencisi Alp Eren G\u00fcl, mektubunda tutuklanma an\u0131n\u0131 anlatt\u0131. \u00c7\u00f6mez ise mektuptan \u015fu sat\u0131rlar\u0131 aktard\u0131:\u00a0<\/p>\n<p>\u201cCumartesi gecesi Sara\u00e7hane\u2019deki mitinge gittim. Alana girerken yerde bir bayrak buldum, onu al\u0131p sallamaya ba\u015flad\u0131m. D\u00f6n\u00fc\u015fte arkamdan b\u00fcy\u00fck bir kalabal\u0131\u011f\u0131n ko\u015fmakta oldu\u011funu fark ettim. Polis \u00fczerlerine biber gaz\u0131 s\u0131k\u0131yordu. Oradan uzakla\u015f\u0131p Aksaray ba\u011flant\u0131 yoluna do\u011fru ko\u015fmaya ba\u015flad\u0131m. Bir polis arkamdan tutup yere yat\u0131rd\u0131, ters kelep\u00e7e tak\u0131p s\u0131rt\u0131m\u0131, kafam\u0131 tekmeledi. \u015eimdi buraday\u0131m. Di\u011fer \u00f6\u011frencilerle arkada\u015f olduk. Ko\u011fu\u015fu birlikte temizliyoruz. Tek iste\u011fim e\u011fitimime devam edebilmek. Derslere giremiyoruz, ders notlar\u0131m\u0131z yok. S\u0131nava cezaevinde girebilirsiniz dediler ama nas\u0131l olacak bilmiyorum.\u201d<\/p>\n<p>&#8220;B\u0130Z BU \u00dcLKEN\u0130N GELECE\u011e\u0130Y\u0130Z&#8221;<\/p>\n<p>Sabanc\u0131 \u00dcniversitesi End\u00fcstri M\u00fchendisli\u011fi \u00f6\u011frencisi Alp Eren G\u00fcl mektubunda &#8220;Biz bu \u00fclkenin gelece\u011fiyiz. Demokrasimize, adaletimize ve hukukumuza g\u00fcvenmek istiyoruz&#8221; diyerek Silivri Cezaevi&#8217;nden herkese selam g\u00f6nderdi. G\u00fcl&#8217;\u00fcn kaleme ald\u0131\u011f\u0131 sat\u0131rlar ise \u015fu \u015fekilde:\u00a0<\/p>\n<p>&#8220;GR\u0130P OLDUM, \u0130LACIM 4 G\u00dcNDE GELD\u0130&#8221;\u00a0<\/p>\n<p>Bir ma\u011fazada \u00e7al\u0131\u015fan ve ayn\u0131 zamanda \u00fcniversite s\u0131nav\u0131na haz\u0131rlanan Baran \u015eeng\u00fcl&#8217;\u00fcn hem tutuklanma an\u0131n\u0131 hem de cezaevi s\u00fcrecini anlatan \u00c7\u00f6mez, \u015eeng\u00fcl&#8217;\u00fcn dilinden \u015fu s\u00f6zleri aktard\u0131:<\/p>\n<p>\u201cSara\u00e7hane\u2019deki mitinge gitmi\u015ftim. Ge\u00e7 gitti\u011fim i\u00e7in kalabal\u0131\u011f\u0131n en sonunda kald\u0131m. \u201cBir ara arkamdan bir polis seslendi ve beni yan\u0131na \u00e7a\u011f\u0131rd\u0131. Gider gitmez yere yat\u0131rd\u0131, bana ters kelep\u00e7e takt\u0131. \u015eimdi Silivri\u2019deyiz. Ko\u011fu\u015fta 24 ki\u015fi kal\u0131yoruz. Bizi en \u00e7ok yoran \u015fey belirsizlik. Grip oldum, ilac\u0131m 4 g\u00fcnde geldi. Yemekler \u00e7ok az, doymuyoruz. \u0130\u00e7eri girerken t\u00fcm arkada\u015flar\u0131m\u0131z\u0131n aileleri bizi alk\u0131\u015flad\u0131, \u00e7ok gurur duyduk.\u201d<\/p>\n<p>&#8220;D\u0130MD\u0130K AYAKTAYIZ, B\u0130Z KORKMUYORUZ&#8221;<\/p>\n<p>Bir ma\u011fazada \u00e7al\u0131\u015fan ve ayn\u0131 zamanda \u00fcniversite s\u0131nav\u0131na haz\u0131rlanan Baran \u015eeng\u00fcl &#8220;\u015eartlar ne kadar k\u00f6t\u00fc olursa olsun dimdik ayaktay\u0131z&#8221; diyerek \u015fu notu payla\u015ft\u0131:\u00a0<\/p>\n<p>&#8220;FARKLILIKLARIMIZLA YAN YANA DURALIM&#8221;<\/p>\n<p>Son olarak T\u00fcrkiye \u0130\u015f\u00e7i Partisi (T\u0130P) Hatay Milletvekili ve tutuklu Can Atalay\u2019\u0131n mektubunu payla\u015fan\u00a0Bal\u0131kesir \u0130Y\u0130 Parti Milletvekili Turhan \u00c7\u00f6mez, &#8220;Can Atalay\u2019\u0131n Silivri\u2019den t\u00fcm T\u00fcrkiye\u2019ye; Hem selam\u0131 hem de mesaj\u0131 var&#8221; diyerek \u015fu notu payla\u015ft\u0131:\u00a0<\/p>\n<p>\u200bBal\u0131kesir \u0130Y\u0130 Parti Milletvekili Turhan \u00c7\u00f6mez, \u0130BB Ba\u015fkan\u0131 Ekrem \u0130mamo\u011flu&#8217;nun g\u00f6zalt\u0131na al\u0131n\u0131p tutuklanmas\u0131n\u0131n ard\u0131ndan ba\u015flayan protestolarda tutuklanan baz\u0131 \u00f6\u011frencilerin yazd\u0131\u011f\u0131 mektuplar\u0131 &#8220;\u0130\u015fte T\u00fcrkiye Y\u00fczy\u0131l\u0131&#8221; c\u00fcmlesiyle payla\u015ft\u0131.\u00a0<\/p>\n<p>\u200bHaberin Al\u0131nt\u0131land\u0131\u011f\u0131 Kaynak: www.antalyakorfez.com<\/p>","protected":false},"excerpt":{"rendered":"<p>\u0130stanbul B\u00fcy\u00fck\u015fehir Belediyesi (\u0130BB) Ba\u015fkan\u0131 Ekrem \u0130mamo\u011flu\u2019nun g\u00f6zalt\u0131na al\u0131nmas\u0131n\u0131n ard\u0131ndan ba\u015flayan protestolarda 301 \u00f6\u011frenci tutukland\u0131.\u00a0Bal\u0131kesir \u0130Y\u0130 Parti Milletvekili Turhan \u00c7\u00f6mez,\u00a0Silivri Cezaevi&#8217;nde tutuklu bulunan baz\u0131 \u00f6\u011frenciler ile T\u00fcrkiye \u0130\u015f\u00e7i Partisi (T\u0130P) Hatay Milletvekili Can Atay&#8217;\u0131n kaleme ald\u0131\u011f\u0131 mektubu sosyal medya hesab\u0131ndan payla\u015ft\u0131.\u00a0 \u00c7\u00d6MEZ, ERG\u00dcN&#8217;\u00dcN TUTUKLANMA ANINI ANLATTI\u00a0 Bal\u0131kesir \u0130Y\u0130 Parti Milletvekili Turhan \u00c7\u00f6mez, Silivri Cezaevi&#8217;nde tutuklu bulunan Beykent \u00dcniversitesi Bilgisayar M\u00fchendisli\u011fi 2.s\u0131n\u0131f \u00f6\u011frencisi Narsay Erg\u00fcn&#8217;\u00fcn mektubunu kamuoyu ile payla\u015ft\u0131. Erg\u00fcn&#8217;\u00fcn tutuklanma an\u0131n\u0131 anlatt\u0131\u011f\u0131 mektuptan baz\u0131 b\u00f6l\u00fcmleri aktaran \u00c7\u00f6mez, \u015funlar\u0131 dile getirdi: \u201cSara\u00e7hane\u2019deki mitinge gitmi\u015ftim. Uzun s\u00fcre ayakta kald\u0131\u011f\u0131m i\u00e7in yoruldum, dinlenmek i\u00e7in bir ara oturdu\u011fumda polisler gelip beni ald\u0131. Ters kelep\u00e7e tak\u0131p yere yat\u0131rd\u0131lar. Tekmelediler, biri boynumu tekmeledi. (Ters kelep\u00e7enin bileklerindeki, tekmelerin boynundaki izleri hala duruyordu.) Toplad\u0131klar\u0131 gen\u00e7leri \u00fcst \u00fcste at\u0131yorlard\u0131. Bir ara \u00fczerimize biber gaz\u0131 s\u0131k\u0131ld\u0131. Emniyete g\u00f6t\u00fcr\u00fclmek i\u00e7in uzun s\u00fcre otob\u00fcs\u00fcn i\u00e7inde bekletildik. Otob\u00fcste tuvaletini yapan arkada\u015flar\u0131m\u0131z oldu. Mesut\u2019un baca\u011f\u0131nda, kaburgalar\u0131nda k\u0131r\u0131klar vard\u0131. Bir hafta bu vaziyette cezaevinde kald\u0131, sonra hastaneye g\u00f6t\u00fcrd\u00fcler&#8221;\u00a0 \u00a0 &#8220;HEP\u0130N\u0130Z \u0130\u00c7\u0130N BURADAYIZ. HAK, HUKUK, ADALET \u0130ST\u0130YORUZ&#8221; Silivri Cezaevi&#8217;nde tutuklu bulunan Beykent \u00dcniversitesi Bilgisayar M\u00fchendisli\u011fi 2.s\u0131n\u0131f \u00f6\u011frencisi Narsay Erg\u00fcn, &#8220;Hakl\u0131y\u0131m ve burada olmaktan gurur duyuyorum&#8221; diyerek \u015fu s\u00f6zleri dile getirdi:\u00a0 &#8220;OMUZ OMUZA VERD\u0130K\u00c7E HER \u015eEY G\u00dcZEL OLACAK&#8221;\u00a0 \u00c7\u00f6mez, Berkay&#8217;\u0131n Silivri&#8217;den selam\u0131 var diyerek Berkay Gezgin&#8217;in yazd\u0131\u011f\u0131 &hellip;<\/p>","protected":false},"author":5,"featured_media":0,"comment_status":"","ping_status":"open","sticky":false,"template":"","format":"standard","meta":{"_acf_changed":false,"footnotes":""},"categories":[24],"tags":[],"class_list":["post-45578","post","type-post","status-publish","format-standard","has-post-thumbnail","hentry","category-gundem"],"acf":[],"yoast_head":"<!-- This site is optimized with the Yoast SEO Premium plugin v26.6 (Yoast SEO v27.1.1) - https:\/\/yoast.com\/product\/yoast-seo-premium-wordpress\/ -->\n<title>&quot;Ben sadece \u00f6\u011frenciyim&quot;: Silivri&#039;de tutuklu \u00f6\u011frencilerin mektubu kamuoyunda - Av. Deniz Can K\u0131z\u0131l<\/title>\n<meta name=\"robots\" content=\"index, follow, max-snippet:-1, max-image-preview:large, max-video-preview:-1\" \/>\n<link rel=\"canonical\" href=\"https:\/\/denizcankizil.tr\/en\/haberler\/gundem\/ben-sadece-ogrenciyim-silivride-tutuklu-ogrencilerin-mektubu-kamuoyunda\/\" \/>\n<meta property=\"og:locale\" content=\"en_GB\" \/>\n<meta property=\"og:type\" content=\"article\" \/>\n<meta property=\"og:title\" content=\"&quot;Ben sadece \u00f6\u011frenciyim&quot;: Silivri&#039;de tutuklu \u00f6\u011frencilerin mektubu kamuoyunda\" \/>\n<meta property=\"og:description\" content=\"\u0130stanbul B\u00fcy\u00fck\u015fehir Belediyesi (\u0130BB) Ba\u015fkan\u0131 Ekrem \u0130mamo\u011flu\u2019nun g\u00f6zalt\u0131na al\u0131nmas\u0131n\u0131n ard\u0131ndan ba\u015flayan protestolarda 301 \u00f6\u011frenci tutukland\u0131.\u00a0Bal\u0131kesir \u0130Y\u0130 Parti Milletvekili Turhan \u00c7\u00f6mez,\u00a0Silivri Cezaevi&#8217;nde tutuklu bulunan baz\u0131 \u00f6\u011frenciler ile T\u00fcrkiye \u0130\u015f\u00e7i Partisi (T\u0130P) Hatay Milletvekili Can Atay&#8217;\u0131n kaleme ald\u0131\u011f\u0131 mektubu sosyal medya hesab\u0131ndan payla\u015ft\u0131.\u00a0 \u00c7\u00d6MEZ, ERG\u00dcN&#8217;\u00dcN TUTUKLANMA ANINI ANLATTI\u00a0 Bal\u0131kesir \u0130Y\u0130 Parti Milletvekili Turhan \u00c7\u00f6mez, Silivri Cezaevi&#8217;nde tutuklu bulunan Beykent \u00dcniversitesi Bilgisayar M\u00fchendisli\u011fi 2.s\u0131n\u0131f \u00f6\u011frencisi Narsay Erg\u00fcn&#8217;\u00fcn mektubunu kamuoyu ile payla\u015ft\u0131. Erg\u00fcn&#8217;\u00fcn tutuklanma an\u0131n\u0131 anlatt\u0131\u011f\u0131 mektuptan baz\u0131 b\u00f6l\u00fcmleri aktaran \u00c7\u00f6mez, \u015funlar\u0131 dile getirdi: \u201cSara\u00e7hane\u2019deki mitinge gitmi\u015ftim. Uzun s\u00fcre ayakta kald\u0131\u011f\u0131m i\u00e7in yoruldum, dinlenmek i\u00e7in bir ara oturdu\u011fumda polisler gelip beni ald\u0131. Ters kelep\u00e7e tak\u0131p yere yat\u0131rd\u0131lar. Tekmelediler, biri boynumu tekmeledi. (Ters kelep\u00e7enin bileklerindeki, tekmelerin boynundaki izleri hala duruyordu.) Toplad\u0131klar\u0131 gen\u00e7leri \u00fcst \u00fcste at\u0131yorlard\u0131. Bir ara \u00fczerimize biber gaz\u0131 s\u0131k\u0131ld\u0131. Emniyete g\u00f6t\u00fcr\u00fclmek i\u00e7in uzun s\u00fcre otob\u00fcs\u00fcn i\u00e7inde bekletildik. Otob\u00fcste tuvaletini yapan arkada\u015flar\u0131m\u0131z oldu. Mesut\u2019un baca\u011f\u0131nda, kaburgalar\u0131nda k\u0131r\u0131klar vard\u0131. Bir hafta bu vaziyette cezaevinde kald\u0131, sonra hastaneye g\u00f6t\u00fcrd\u00fcler&#8221;\u00a0 \u00a0 &#8220;HEP\u0130N\u0130Z \u0130\u00c7\u0130N BURADAYIZ. HAK, HUKUK, ADALET \u0130ST\u0130YORUZ&#8221; Silivri Cezaevi&#8217;nde tutuklu bulunan Beykent \u00dcniversitesi Bilgisayar M\u00fchendisli\u011fi 2.s\u0131n\u0131f \u00f6\u011frencisi Narsay Erg\u00fcn, &#8220;Hakl\u0131y\u0131m ve burada olmaktan gurur duyuyorum&#8221; diyerek \u015fu s\u00f6zleri dile getirdi:\u00a0 &#8220;OMUZ OMUZA VERD\u0130K\u00c7E HER \u015eEY G\u00dcZEL OLACAK&#8221;\u00a0 \u00c7\u00f6mez, Berkay&#8217;\u0131n Silivri&#8217;den selam\u0131 var diyerek Berkay Gezgin&#8217;in yazd\u0131\u011f\u0131 &hellip;\" \/>\n<meta property=\"og:url\" content=\"https:\/\/denizcankizil.tr\/en\/haberler\/gundem\/ben-sadece-ogrenciyim-silivride-tutuklu-ogrencilerin-mektubu-kamuoyunda\/\" \/>\n<meta property=\"og:site_name\" content=\"Av. Deniz Can K\u0131z\u0131l\" \/>\n<meta property=\"article:published_time\" content=\"2025-04-04T17:41:20+00:00\" \/>\n<meta name=\"author\" content=\"Antalya K\u00f6rfez\" \/>\n<meta name=\"twitter:card\" content=\"summary_large_image\" \/>\n<meta name=\"twitter:label1\" content=\"Written by\" \/>\n\t<meta name=\"twitter:data1\" content=\"Antalya K\u00f6rfez\" \/>\n\t<meta name=\"twitter:label2\" content=\"Estimated reading time\" \/>\n\t<meta name=\"twitter:data2\" content=\"4 minutes\" \/>\n<script type=\"application\/ld+json\" class=\"yoast-schema-graph\">{\"@context\":\"https:\/\/schema.org\",\"@graph\":[{\"@type\":\"Article\",\"@id\":\"https:\/\/denizcankizil.tr\/en\/haberler\/gundem\/ben-sadece-ogrenciyim-silivride-tutuklu-ogrencilerin-mektubu-kamuoyunda\/#article\",\"isPartOf\":{\"@id\":\"https:\/\/denizcankizil.tr\/en\/haberler\/gundem\/ben-sadece-ogrenciyim-silivride-tutuklu-ogrencilerin-mektubu-kamuoyunda\/\"},\"author\":{\"name\":\"Antalya K\u00f6rfez\",\"@id\":\"https:\/\/denizcankizil.tr\/#\/schema\/person\/e1eb71bb4dd684d46563f0af307e1234\"},\"headline\":\"&#8220;Ben sadece \u00f6\u011frenciyim&#8221;: Silivri&#8217;de tutuklu \u00f6\u011frencilerin mektubu kamuoyunda\",\"datePublished\":\"2025-04-04T17:41:20+00:00\",\"mainEntityOfPage\":{\"@id\":\"https:\/\/denizcankizil.tr\/en\/haberler\/gundem\/ben-sadece-ogrenciyim-silivride-tutuklu-ogrencilerin-mektubu-kamuoyunda\/\"},\"wordCount\":777,\"publisher\":{\"@id\":\"https:\/\/denizcankizil.tr\/#organization\"},\"articleSection\":[\"G\u00fcndem\"],\"inLanguage\":\"en-GB\"},{\"@type\":\"WebPage\",\"@id\":\"https:\/\/denizcankizil.tr\/en\/haberler\/gundem\/ben-sadece-ogrenciyim-silivride-tutuklu-ogrencilerin-mektubu-kamuoyunda\/\",\"url\":\"https:\/\/denizcankizil.tr\/en\/haberler\/gundem\/ben-sadece-ogrenciyim-silivride-tutuklu-ogrencilerin-mektubu-kamuoyunda\/\",\"name\":\"\\\"Ben sadece \u00f6\u011frenciyim\\\": Silivri'de tutuklu \u00f6\u011frencilerin mektubu kamuoyunda - Av. Deniz Can K\u0131z\u0131l\",\"isPartOf\":{\"@id\":\"https:\/\/denizcankizil.tr\/#website\"},\"datePublished\":\"2025-04-04T17:41:20+00:00\",\"breadcrumb\":{\"@id\":\"https:\/\/denizcankizil.tr\/en\/haberler\/gundem\/ben-sadece-ogrenciyim-silivride-tutuklu-ogrencilerin-mektubu-kamuoyunda\/#breadcrumb\"},\"inLanguage\":\"en-GB\",\"potentialAction\":[{\"@type\":\"ReadAction\",\"target\":[\"https:\/\/denizcankizil.tr\/en\/haberler\/gundem\/ben-sadece-ogrenciyim-silivride-tutuklu-ogrencilerin-mektubu-kamuoyunda\/\"]}]},{\"@type\":\"BreadcrumbList\",\"@id\":\"https:\/\/denizcankizil.tr\/en\/haberler\/gundem\/ben-sadece-ogrenciyim-silivride-tutuklu-ogrencilerin-mektubu-kamuoyunda\/#breadcrumb\",\"itemListElement\":[{\"@type\":\"ListItem\",\"position\":1,\"name\":\"Home\",\"item\":\"https:\/\/denizcankizil.tr\/de\/\"},{\"@type\":\"ListItem\",\"position\":2,\"name\":\"&#8220;Ben sadece \u00f6\u011frenciyim&#8221;: Silivri&#8217;de tutuklu \u00f6\u011frencilerin mektubu kamuoyunda\"}]},{\"@type\":\"WebSite\",\"@id\":\"https:\/\/denizcankizil.tr\/#website\",\"url\":\"https:\/\/denizcankizil.tr\/\",\"name\":\"Av. Deniz Can K\u0131z\u0131l\",\"description\":\"Avukat Deniz Can K\u0131z\u0131l Antalya Barosu\",\"publisher\":{\"@id\":\"https:\/\/denizcankizil.tr\/#organization\"},\"potentialAction\":[{\"@type\":\"SearchAction\",\"target\":{\"@type\":\"EntryPoint\",\"urlTemplate\":\"https:\/\/denizcankizil.tr\/?s={search_term_string}\"},\"query-input\":{\"@type\":\"PropertyValueSpecification\",\"valueRequired\":true,\"valueName\":\"search_term_string\"}}],\"inLanguage\":\"en-GB\"},{\"@type\":\"Organization\",\"@id\":\"https:\/\/denizcankizil.tr\/#organization\",\"name\":\"Av. Deniz Can K\u0131z\u0131l\",\"url\":\"https:\/\/denizcankizil.tr\/\",\"logo\":{\"@type\":\"ImageObject\",\"inLanguage\":\"en-GB\",\"@id\":\"https:\/\/denizcankizil.tr\/#\/schema\/logo\/image\/\",\"url\":\"https:\/\/denizcankizil.tr\/wp-content\/uploads\/2024\/10\/siyah-logo-svg.svg\",\"contentUrl\":\"https:\/\/denizcankizil.tr\/wp-content\/uploads\/2024\/10\/siyah-logo-svg.svg\",\"width\":1080,\"height\":1080,\"caption\":\"Av. Deniz Can K\u0131z\u0131l\"},\"image\":{\"@id\":\"https:\/\/denizcankizil.tr\/#\/schema\/logo\/image\/\"}},{\"@type\":\"Person\",\"@id\":\"https:\/\/denizcankizil.tr\/#\/schema\/person\/e1eb71bb4dd684d46563f0af307e1234\",\"name\":\"Antalya K\u00f6rfez\",\"image\":{\"@type\":\"ImageObject\",\"inLanguage\":\"en-GB\",\"@id\":\"https:\/\/denizcankizil.tr\/#\/schema\/person\/image\/\",\"url\":\"https:\/\/secure.gravatar.com\/avatar\/42b01982558a48a0b501fdcab6a408d3717ea5919095ee2e67b0e521799c5905?s=96&d=mm&r=g\",\"contentUrl\":\"https:\/\/secure.gravatar.com\/avatar\/42b01982558a48a0b501fdcab6a408d3717ea5919095ee2e67b0e521799c5905?s=96&d=mm&r=g\",\"caption\":\"Antalya K\u00f6rfez\"},\"sameAs\":[\"http:\/\/www.antalyakorfez.com\"],\"url\":\"https:\/\/www.antalyakorfez.com\/ben-sadece-ogrenciyim-silivride-tutuklu-ogrencilerin-mektubu-kamuoyunda\"}]}<\/script>\n<!-- \/ Yoast SEO Premium plugin. -->","yoast_head_json":{"title":"\"Ben sadece \u00f6\u011frenciyim\": Silivri'de tutuklu \u00f6\u011frencilerin mektubu kamuoyunda - Av. Deniz Can K\u0131z\u0131l","robots":{"index":"index","follow":"follow","max-snippet":"max-snippet:-1","max-image-preview":"max-image-preview:large","max-video-preview":"max-video-preview:-1"},"canonical":"https:\/\/denizcankizil.tr\/en\/haberler\/gundem\/ben-sadece-ogrenciyim-silivride-tutuklu-ogrencilerin-mektubu-kamuoyunda\/","og_locale":"en_GB","og_type":"article","og_title":"\"Ben sadece \u00f6\u011frenciyim\": Silivri'de tutuklu \u00f6\u011frencilerin mektubu kamuoyunda","og_description":"\u0130stanbul B\u00fcy\u00fck\u015fehir Belediyesi (\u0130BB) Ba\u015fkan\u0131 Ekrem \u0130mamo\u011flu\u2019nun g\u00f6zalt\u0131na al\u0131nmas\u0131n\u0131n ard\u0131ndan ba\u015flayan protestolarda 301 \u00f6\u011frenci tutukland\u0131.\u00a0Bal\u0131kesir \u0130Y\u0130 Parti Milletvekili Turhan \u00c7\u00f6mez,\u00a0Silivri Cezaevi&#8217;nde tutuklu bulunan baz\u0131 \u00f6\u011frenciler ile T\u00fcrkiye \u0130\u015f\u00e7i Partisi (T\u0130P) Hatay Milletvekili Can Atay&#8217;\u0131n kaleme ald\u0131\u011f\u0131 mektubu sosyal medya hesab\u0131ndan payla\u015ft\u0131.\u00a0 \u00c7\u00d6MEZ, ERG\u00dcN&#8217;\u00dcN TUTUKLANMA ANINI ANLATTI\u00a0 Bal\u0131kesir \u0130Y\u0130 Parti Milletvekili Turhan \u00c7\u00f6mez, Silivri Cezaevi&#8217;nde tutuklu bulunan Beykent \u00dcniversitesi Bilgisayar M\u00fchendisli\u011fi 2.s\u0131n\u0131f \u00f6\u011frencisi Narsay Erg\u00fcn&#8217;\u00fcn mektubunu kamuoyu ile payla\u015ft\u0131. Erg\u00fcn&#8217;\u00fcn tutuklanma an\u0131n\u0131 anlatt\u0131\u011f\u0131 mektuptan baz\u0131 b\u00f6l\u00fcmleri aktaran \u00c7\u00f6mez, \u015funlar\u0131 dile getirdi: \u201cSara\u00e7hane\u2019deki mitinge gitmi\u015ftim. Uzun s\u00fcre ayakta kald\u0131\u011f\u0131m i\u00e7in yoruldum, dinlenmek i\u00e7in bir ara oturdu\u011fumda polisler gelip beni ald\u0131. Ters kelep\u00e7e tak\u0131p yere yat\u0131rd\u0131lar. Tekmelediler, biri boynumu tekmeledi. (Ters kelep\u00e7enin bileklerindeki, tekmelerin boynundaki izleri hala duruyordu.) Toplad\u0131klar\u0131 gen\u00e7leri \u00fcst \u00fcste at\u0131yorlard\u0131. Bir ara \u00fczerimize biber gaz\u0131 s\u0131k\u0131ld\u0131. Emniyete g\u00f6t\u00fcr\u00fclmek i\u00e7in uzun s\u00fcre otob\u00fcs\u00fcn i\u00e7inde bekletildik. Otob\u00fcste tuvaletini yapan arkada\u015flar\u0131m\u0131z oldu. Mesut\u2019un baca\u011f\u0131nda, kaburgalar\u0131nda k\u0131r\u0131klar vard\u0131. Bir hafta bu vaziyette cezaevinde kald\u0131, sonra hastaneye g\u00f6t\u00fcrd\u00fcler&#8221;\u00a0 \u00a0 &#8220;HEP\u0130N\u0130Z \u0130\u00c7\u0130N BURADAYIZ. HAK, HUKUK, ADALET \u0130ST\u0130YORUZ&#8221; Silivri Cezaevi&#8217;nde tutuklu bulunan Beykent \u00dcniversitesi Bilgisayar M\u00fchendisli\u011fi 2.s\u0131n\u0131f \u00f6\u011frencisi Narsay Erg\u00fcn, &#8220;Hakl\u0131y\u0131m ve burada olmaktan gurur duyuyorum&#8221; diyerek \u015fu s\u00f6zleri dile getirdi:\u00a0 &#8220;OMUZ OMUZA VERD\u0130K\u00c7E HER \u015eEY G\u00dcZEL OLACAK&#8221;\u00a0 \u00c7\u00f6mez, Berkay&#8217;\u0131n Silivri&#8217;den selam\u0131 var diyerek Berkay Gezgin&#8217;in yazd\u0131\u011f\u0131 &hellip;","og_url":"https:\/\/denizcankizil.tr\/en\/haberler\/gundem\/ben-sadece-ogrenciyim-silivride-tutuklu-ogrencilerin-mektubu-kamuoyunda\/","og_site_name":"Av. Deniz Can K\u0131z\u0131l","article_published_time":"2025-04-04T17:41:20+00:00","author":"Antalya K\u00f6rfez","twitter_card":"summary_large_image","twitter_misc":{"Written by":"Antalya K\u00f6rfez","Estimated reading time":"4 minutes"},"schema":{"@context":"https:\/\/schema.org","@graph":[{"@type":"Article","@id":"https:\/\/denizcankizil.tr\/en\/haberler\/gundem\/ben-sadece-ogrenciyim-silivride-tutuklu-ogrencilerin-mektubu-kamuoyunda\/#article","isPartOf":{"@id":"https:\/\/denizcankizil.tr\/en\/haberler\/gundem\/ben-sadece-ogrenciyim-silivride-tutuklu-ogrencilerin-mektubu-kamuoyunda\/"},"author":{"name":"Antalya K\u00f6rfez","@id":"https:\/\/denizcankizil.tr\/#\/schema\/person\/e1eb71bb4dd684d46563f0af307e1234"},"headline":"&#8220;Ben sadece \u00f6\u011frenciyim&#8221;: Silivri&#8217;de tutuklu \u00f6\u011frencilerin mektubu kamuoyunda","datePublished":"2025-04-04T17:41:20+00:00","mainEntityOfPage":{"@id":"https:\/\/denizcankizil.tr\/en\/haberler\/gundem\/ben-sadece-ogrenciyim-silivride-tutuklu-ogrencilerin-mektubu-kamuoyunda\/"},"wordCount":777,"publisher":{"@id":"https:\/\/denizcankizil.tr\/#organization"},"articleSection":["G\u00fcndem"],"inLanguage":"en-GB"},{"@type":"WebPage","@id":"https:\/\/denizcankizil.tr\/en\/haberler\/gundem\/ben-sadece-ogrenciyim-silivride-tutuklu-ogrencilerin-mektubu-kamuoyunda\/","url":"https:\/\/denizcankizil.tr\/en\/haberler\/gundem\/ben-sadece-ogrenciyim-silivride-tutuklu-ogrencilerin-mektubu-kamuoyunda\/","name":"\"Ben sadece \u00f6\u011frenciyim\": Silivri'de tutuklu \u00f6\u011frencilerin mektubu kamuoyunda - Av. Deniz Can K\u0131z\u0131l","isPartOf":{"@id":"https:\/\/denizcankizil.tr\/#website"},"datePublished":"2025-04-04T17:41:20+00:00","breadcrumb":{"@id":"https:\/\/denizcankizil.tr\/en\/haberler\/gundem\/ben-sadece-ogrenciyim-silivride-tutuklu-ogrencilerin-mektubu-kamuoyunda\/#breadcrumb"},"inLanguage":"en-GB","potentialAction":[{"@type":"ReadAction","target":["https:\/\/denizcankizil.tr\/en\/haberler\/gundem\/ben-sadece-ogrenciyim-silivride-tutuklu-ogrencilerin-mektubu-kamuoyunda\/"]}]},{"@type":"BreadcrumbList","@id":"https:\/\/denizcankizil.tr\/en\/haberler\/gundem\/ben-sadece-ogrenciyim-silivride-tutuklu-ogrencilerin-mektubu-kamuoyunda\/#breadcrumb","itemListElement":[{"@type":"ListItem","position":1,"name":"Home","item":"https:\/\/denizcankizil.tr\/de\/"},{"@type":"ListItem","position":2,"name":"&#8220;Ben sadece \u00f6\u011frenciyim&#8221;: Silivri&#8217;de tutuklu \u00f6\u011frencilerin mektubu kamuoyunda"}]},{"@type":"WebSite","@id":"https:\/\/denizcankizil.tr\/#website","url":"https:\/\/denizcankizil.tr\/","name":"Av. Deniz Can K\u0131z\u0131l","description":"Avukat Deniz Can K\u0131z\u0131l Antalya Barosu","publisher":{"@id":"https:\/\/denizcankizil.tr\/#organization"},"potentialAction":[{"@type":"SearchAction","target":{"@type":"EntryPoint","urlTemplate":"https:\/\/denizcankizil.tr\/?s={search_term_string}"},"query-input":{"@type":"PropertyValueSpecification","valueRequired":true,"valueName":"search_term_string"}}],"inLanguage":"en-GB"},{"@type":"Organization","@id":"https:\/\/denizcankizil.tr\/#organization","name":"Av. Deniz Can K\u0131z\u0131l","url":"https:\/\/denizcankizil.tr\/","logo":{"@type":"ImageObject","inLanguage":"en-GB","@id":"https:\/\/denizcankizil.tr\/#\/schema\/logo\/image\/","url":"https:\/\/denizcankizil.tr\/wp-content\/uploads\/2024\/10\/siyah-logo-svg.svg","contentUrl":"https:\/\/denizcankizil.tr\/wp-content\/uploads\/2024\/10\/siyah-logo-svg.svg","width":1080,"height":1080,"caption":"Av. Deniz Can K\u0131z\u0131l"},"image":{"@id":"https:\/\/denizcankizil.tr\/#\/schema\/logo\/image\/"}},{"@type":"Person","@id":"https:\/\/denizcankizil.tr\/#\/schema\/person\/e1eb71bb4dd684d46563f0af307e1234","name":"Antalya K\u00f6rfez","image":{"@type":"ImageObject","inLanguage":"en-GB","@id":"https:\/\/denizcankizil.tr\/#\/schema\/person\/image\/","url":"https:\/\/secure.gravatar.com\/avatar\/42b01982558a48a0b501fdcab6a408d3717ea5919095ee2e67b0e521799c5905?s=96&d=mm&r=g","contentUrl":"https:\/\/secure.gravatar.com\/avatar\/42b01982558a48a0b501fdcab6a408d3717ea5919095ee2e67b0e521799c5905?s=96&d=mm&r=g","caption":"Antalya K\u00f6rfez"},"sameAs":["http:\/\/www.antalyakorfez.com"],"url":"https:\/\/www.antalyakorfez.com\/ben-sadece-ogrenciyim-silivride-tutuklu-ogrencilerin-mektubu-kamuoyunda"}]}},"_links":{"self":[{"href":"https:\/\/denizcankizil.tr\/en\/wp-json\/wp\/v2\/posts\/45578","targetHints":{"allow":["GET"]}}],"collection":[{"href":"https:\/\/denizcankizil.tr\/en\/wp-json\/wp\/v2\/posts"}],"about":[{"href":"https:\/\/denizcankizil.tr\/en\/wp-json\/wp\/v2\/types\/post"}],"author":[{"embeddable":true,"href":"https:\/\/denizcankizil.tr\/en\/wp-json\/wp\/v2\/users\/5"}],"replies":[{"embeddable":true,"href":"https:\/\/denizcankizil.tr\/en\/wp-json\/wp\/v2\/comments?post=45578"}],"version-history":[{"count":0,"href":"https:\/\/denizcankizil.tr\/en\/wp-json\/wp\/v2\/posts\/45578\/revisions"}],"wp:attachment":[{"href":"https:\/\/denizcankizil.tr\/en\/wp-json\/wp\/v2\/media?parent=45578"}],"wp:term":[{"taxonomy":"category","embeddable":true,"href":"https:\/\/denizcankizil.tr\/en\/wp-json\/wp\/v2\/categories?post=45578"},{"taxonomy":"post_tag","embeddable":true,"href":"https:\/\/denizcankizil.tr\/en\/wp-json\/wp\/v2\/tags?post=45578"}],"curies":[{"name":"wp","href":"https:\/\/api.w.org\/{rel}","templated":true}]}}