{"id":45494,"date":"2025-04-04T17:42:20","date_gmt":"2025-04-04T14:42:20","guid":{"rendered":"https:\/\/denizcankizil.tr\/uncategorized-tr\/27-ilde-feto-operasyonu-73-gozalti\/"},"modified":"2025-04-04T17:42:20","modified_gmt":"2025-04-04T14:42:20","slug":"27-ilde-feto-operasyonu-73-gozalti","status":"publish","type":"post","link":"https:\/\/denizcankizil.tr\/en\/haberler\/gundem\/27-ilde-feto-operasyonu-73-gozalti\/","title":{"rendered":"27 ilde FET\u00d6 operasyonu: 73 g\u00f6zalt\u0131!"},"content":{"rendered":"<p>27 ilde, 19-27 Mart 2025 tarihleri aras\u0131nda devam eden FET\u00d6&#8217;ye y\u00f6nelik operasyonlarda; 73 \u015f\u00fcpheli yakaland\u0131.ANKARA (\u0130GFA) &#8211; \u0130\u00e7i\u015fleri Bakan\u0131 ali Yerlikaya sosyal medya hesab\u0131ndan\u00a0yapt\u0131\u011f\u0131\u00a0a\u00e7\u0131klamada,\u00a0Cumhuriyet Ba\u015fsavc\u0131l\u0131klar\u0131 ile Jandarma Genel Komutanl\u0131\u011f\u0131 TEM Daire Ba\u015fkanl\u0131\u011f\u0131 ve Emniyet Genel M\u00fcd\u00fcrl\u00fc\u011f\u00fc TEM Daire Ba\u015fkanl\u0131\u011f\u0131, KOM ve \u0130stihbarat Ba\u015fkanl\u0131klar\u0131 koordinesinde; \u0130l Jandarma Komutanl\u0131klar\u0131 ve \u0130l Emniyet M\u00fcd\u00fcrl\u00fcklerince yap\u0131lan \u00e7al\u0131\u015fmalar sonucu, aralar\u0131nda Ankara, \u0130stanbul ve \u0130zmir&#8217;inde bulundu\u011fu 27 ilde d\u00fczenlenen operasyonlarda, 73 \u015f\u00fcphelinin yakaland\u0131\u011f\u0131n\u0131, bunlardan 48&#8217;i tutukland\u0131\u011f\u0131, 16&#8217;s\u0131 hakk\u0131nda adli kontrol karar\u0131 verildi\u011fini bildirdi.\u00a0<br \/>\nOperasyonlarda yakalanan \u015f\u00fcpheliler; ter\u00f6r \u00f6rg\u00fct\u00fcn\u00fcn &#8220;Askeri gizli yap\u0131lanmas\u0131 ve g\u00fcncel yap\u0131lanmas\u0131&#8221; i\u00e7erisinde faaliyet y\u00fcr\u00fctmek, ankes\u00f6rl\u00fc telefonlarla \u00f6rg\u00fct i\u00e7erisinde sorumlu \u015fah\u0131slar ile irtibatta bulunmak, \u00f6rg\u00fct\u00fcn kripto haberle\u015fme program\u0131 \u201cByLock\u201d kullan\u0131c\u0131s\u0131 olmak, ter\u00f6r \u00f6rg\u00fct\u00fcne finans sa\u011flamak ve sosyal medya hesaplar\u0131 \u00fczerinden FET\u00d6 propagandas\u0131 yapmak su\u00e7lar\u0131ndan aran\u0131yordu.<br \/>\nOperasyonlarda ayr\u0131ca FET\u00d6 soru\u015fturmalar\u0131 kapsam\u0131nda ifade ve te\u015fhislerde adlar\u0131 ge\u00e7en, haklar\u0131nda kesinle\u015fmi\u015f hapis cezas\u0131 ve aranma kayd\u0131 olanlar\u0131n da yakaland\u0131\u011f\u0131n\u0131 belirten Yerlikaya, &#8220;FET\u00d6 eleba\u015f\u0131n\u0131n \u00f6l\u00fcm\u00fcnden sonra da; bu hain ter\u00f6r \u00f6rg\u00fct\u00fcne y\u00f6nelik y\u00fcr\u00fctt\u00fc\u011f\u00fcm\u00fcz m\u00fccadelede hi\u00e7bir gev\u015femeye yer yok. Milli irademize darbe yapmaya yeltenen bu hain yap\u0131y\u0131 temizleyene kadar m\u00fccadelemize devam edece\u011fiz.&#8221; Ifadelerini kulland\u0131.\u00a0<br \/>\nBakan Yerlikaya, operasyonlar\u0131 koordine eden Cumhuriyet Ba\u015fsavc\u0131l\u0131klar\u0131n\u0131 ve operasyonlar\u0131 ger\u00e7ekle\u015ftiren jandarma ve polis ekiplerini tebrik etti.<\/p>\n<p>https:\/\/twitter.com\/AliYerlikaya\/status\/1908144903630078414<\/p>\n<p>\u200b27 ilde, 19-27 Mart 2025 tarihleri aras\u0131nda devam eden FET\u00d6&#8217;ye y\u00f6nelik operasyonlarda; 73 \u015f\u00fcpheli yakaland\u0131.ANKARA (\u0130GFA) &#8211; \u0130\u00e7i\u015fleri Bakan\u0131 ali Yerlikaya sosyal medya hesab\u0131ndan\u00a0yapt\u0131\u011f\u0131\u00a0a\u00e7\u0131klamada,\u00a0Cumhuriyet Ba\u015fsavc\u0131l\u0131klar\u0131 ile Jandarma Genel Komutanl\u0131\u011f\u0131 TEM Daire Ba\u015fkanl\u0131\u011f\u0131 ve Emniyet Genel M\u00fcd\u00fcrl\u00fc\u011f\u00fc TEM Daire Ba\u015fkanl\u0131\u011f\u0131, KOM ve \u0130stihbarat Ba\u015fkanl\u0131klar\u0131 koordinesinde; \u0130l Jandarma Komutanl\u0131klar\u0131 ve \u0130l Emniyet M\u00fcd\u00fcrl\u00fcklerince yap\u0131lan \u00e7al\u0131\u015fmalar sonucu, aralar\u0131nda Ankara, \u0130stanbul ve \u0130zmir&#8217;inde bulundu\u011fu 27 ilde d\u00fczenlenen operasyonlarda, 73 \u015f\u00fcphelinin yakaland\u0131\u011f\u0131n\u0131, bunlardan 48&#8217;i tutukland\u0131\u011f\u0131, 16&#8217;s\u0131 hakk\u0131nda adli kontrol karar\u0131 verildi\u011fini bildirdi.\u00a0<br \/>\nOperasyonlarda yakalanan \u015f\u00fcpheliler; ter\u00f6r \u00f6rg\u00fct\u00fcn\u00fcn &#8220;Askeri gizli yap\u0131lanmas\u0131 ve g\u00fcncel yap\u0131lanmas\u0131&#8221; i\u00e7erisinde faaliyet y\u00fcr\u00fctmek, ankes\u00f6rl\u00fc telefonlarla \u00f6rg\u00fct i\u00e7erisinde sorumlu \u015fah\u0131slar ile irtibatta bulunmak, \u00f6rg\u00fct\u00fcn kripto haberle\u015fme program\u0131 \u201cByLock\u201d kullan\u0131c\u0131s\u0131 olmak, ter\u00f6r \u00f6rg\u00fct\u00fcne finans sa\u011flamak ve sosyal medya hesaplar\u0131 \u00fczerinden FET\u00d6 propagandas\u0131 yapmak su\u00e7lar\u0131ndan aran\u0131yordu.<br \/>\nOperasyonlarda ayr\u0131ca FET\u00d6 soru\u015fturmalar\u0131 kapsam\u0131nda ifade ve te\u015fhislerde adlar\u0131 ge\u00e7en, haklar\u0131nda kesinle\u015fmi\u015f hapis cezas\u0131 ve aranma kayd\u0131 olanlar\u0131n da yakaland\u0131\u011f\u0131n\u0131 belirten Yerlikaya, &#8220;FET\u00d6 eleba\u015f\u0131n\u0131n \u00f6l\u00fcm\u00fcnden sonra da; bu hain ter\u00f6r \u00f6rg\u00fct\u00fcne y\u00f6nelik y\u00fcr\u00fctt\u00fc\u011f\u00fcm\u00fcz m\u00fccadelede hi\u00e7bir gev\u015femeye yer yok. Milli irademize darbe yapmaya yeltenen bu hain yap\u0131y\u0131 temizleyene kadar m\u00fccadelemize devam edece\u011fiz.&#8221; Ifadelerini kulland\u0131.\u00a0<br \/>\nBakan Yerlikaya, operasyonlar\u0131 koordine eden Cumhuriyet Ba\u015fsavc\u0131l\u0131klar\u0131n\u0131 ve operasyonlar\u0131 ger\u00e7ekle\u015ftiren jandarma ve polis ekiplerini tebrik etti.<\/p>\n<p>https:\/\/twitter.com\/AliYerlikaya\/status\/1908144903630078414\u00a0<\/p>\n<p>\u200bHaberin Al\u0131nt\u0131land\u0131\u011f\u0131 Kaynak: www.iskenderun.org<\/p>","protected":false},"excerpt":{"rendered":"<p>27 ilde, 19-27 Mart 2025 tarihleri aras\u0131nda devam eden FET\u00d6&#8217;ye y\u00f6nelik operasyonlarda; 73 \u015f\u00fcpheli yakaland\u0131.ANKARA (\u0130GFA) &#8211; \u0130\u00e7i\u015fleri Bakan\u0131 ali Yerlikaya sosyal medya hesab\u0131ndan\u00a0yapt\u0131\u011f\u0131\u00a0a\u00e7\u0131klamada,\u00a0Cumhuriyet Ba\u015fsavc\u0131l\u0131klar\u0131 ile Jandarma Genel Komutanl\u0131\u011f\u0131 TEM Daire Ba\u015fkanl\u0131\u011f\u0131 ve Emniyet Genel M\u00fcd\u00fcrl\u00fc\u011f\u00fc TEM Daire Ba\u015fkanl\u0131\u011f\u0131, KOM ve \u0130stihbarat Ba\u015fkanl\u0131klar\u0131 koordinesinde; \u0130l Jandarma Komutanl\u0131klar\u0131 ve \u0130l Emniyet M\u00fcd\u00fcrl\u00fcklerince yap\u0131lan \u00e7al\u0131\u015fmalar sonucu, aralar\u0131nda Ankara, \u0130stanbul ve \u0130zmir&#8217;inde bulundu\u011fu 27 ilde d\u00fczenlenen operasyonlarda, 73 \u015f\u00fcphelinin yakaland\u0131\u011f\u0131n\u0131, bunlardan 48&#8217;i tutukland\u0131\u011f\u0131, 16&#8217;s\u0131 hakk\u0131nda adli kontrol karar\u0131 verildi\u011fini bildirdi.\u00a0 Operasyonlarda yakalanan \u015f\u00fcpheliler; ter\u00f6r \u00f6rg\u00fct\u00fcn\u00fcn &#8220;Askeri gizli yap\u0131lanmas\u0131 ve g\u00fcncel yap\u0131lanmas\u0131&#8221; i\u00e7erisinde faaliyet y\u00fcr\u00fctmek, ankes\u00f6rl\u00fc telefonlarla \u00f6rg\u00fct i\u00e7erisinde sorumlu \u015fah\u0131slar ile irtibatta bulunmak, \u00f6rg\u00fct\u00fcn kripto haberle\u015fme program\u0131 \u201cByLock\u201d kullan\u0131c\u0131s\u0131 olmak, ter\u00f6r \u00f6rg\u00fct\u00fcne finans sa\u011flamak ve sosyal medya hesaplar\u0131 \u00fczerinden FET\u00d6 propagandas\u0131 yapmak su\u00e7lar\u0131ndan aran\u0131yordu. Operasyonlarda ayr\u0131ca FET\u00d6 soru\u015fturmalar\u0131 kapsam\u0131nda ifade ve te\u015fhislerde adlar\u0131 ge\u00e7en, haklar\u0131nda kesinle\u015fmi\u015f hapis cezas\u0131 ve aranma kayd\u0131 olanlar\u0131n da yakaland\u0131\u011f\u0131n\u0131 belirten Yerlikaya, &#8220;FET\u00d6 eleba\u015f\u0131n\u0131n \u00f6l\u00fcm\u00fcnden sonra da; bu hain ter\u00f6r \u00f6rg\u00fct\u00fcne y\u00f6nelik y\u00fcr\u00fctt\u00fc\u011f\u00fcm\u00fcz m\u00fccadelede hi\u00e7bir gev\u015femeye yer yok. Milli irademize darbe yapmaya yeltenen bu hain yap\u0131y\u0131 temizleyene kadar m\u00fccadelemize devam edece\u011fiz.&#8221; Ifadelerini kulland\u0131.\u00a0 Bakan Yerlikaya, operasyonlar\u0131 koordine eden Cumhuriyet Ba\u015fsavc\u0131l\u0131klar\u0131n\u0131 ve operasyonlar\u0131 ger\u00e7ekle\u015ftiren jandarma ve polis ekiplerini tebrik etti. https:\/\/twitter.com\/AliYerlikaya\/status\/1908144903630078414 \u200b27 ilde, 19-27 Mart 2025 tarihleri aras\u0131nda devam eden &hellip;<\/p>","protected":false},"author":1,"featured_media":0,"comment_status":"","ping_status":"open","sticky":false,"template":"","format":"standard","meta":{"_acf_changed":false,"footnotes":""},"categories":[24],"tags":[],"class_list":["post-45494","post","type-post","status-publish","format-standard","has-post-thumbnail","hentry","category-gundem"],"acf":[],"yoast_head":"<!-- This site is optimized with the Yoast SEO Premium plugin v26.6 (Yoast SEO v27.1.1) - https:\/\/yoast.com\/product\/yoast-seo-premium-wordpress\/ -->\n<title>27 ilde FET\u00d6 operasyonu: 73 g\u00f6zalt\u0131! - Av. Deniz Can K\u0131z\u0131l<\/title>\n<meta name=\"robots\" content=\"index, follow, max-snippet:-1, max-image-preview:large, max-video-preview:-1\" \/>\n<link rel=\"canonical\" href=\"https:\/\/denizcankizil.tr\/en\/haberler\/gundem\/27-ilde-feto-operasyonu-73-gozalti\/\" \/>\n<meta property=\"og:locale\" content=\"en_GB\" \/>\n<meta property=\"og:type\" content=\"article\" \/>\n<meta property=\"og:title\" content=\"27 ilde FET\u00d6 operasyonu: 73 g\u00f6zalt\u0131!\" \/>\n<meta property=\"og:description\" content=\"27 ilde, 19-27 Mart 2025 tarihleri aras\u0131nda devam eden FET\u00d6&#8217;ye y\u00f6nelik operasyonlarda; 73 \u015f\u00fcpheli yakaland\u0131.ANKARA (\u0130GFA) &#8211; \u0130\u00e7i\u015fleri Bakan\u0131 ali Yerlikaya sosyal medya hesab\u0131ndan\u00a0yapt\u0131\u011f\u0131\u00a0a\u00e7\u0131klamada,\u00a0Cumhuriyet Ba\u015fsavc\u0131l\u0131klar\u0131 ile Jandarma Genel Komutanl\u0131\u011f\u0131 TEM Daire Ba\u015fkanl\u0131\u011f\u0131 ve Emniyet Genel M\u00fcd\u00fcrl\u00fc\u011f\u00fc TEM Daire Ba\u015fkanl\u0131\u011f\u0131, KOM ve \u0130stihbarat Ba\u015fkanl\u0131klar\u0131 koordinesinde; \u0130l Jandarma Komutanl\u0131klar\u0131 ve \u0130l Emniyet M\u00fcd\u00fcrl\u00fcklerince yap\u0131lan \u00e7al\u0131\u015fmalar sonucu, aralar\u0131nda Ankara, \u0130stanbul ve \u0130zmir&#8217;inde bulundu\u011fu 27 ilde d\u00fczenlenen operasyonlarda, 73 \u015f\u00fcphelinin yakaland\u0131\u011f\u0131n\u0131, bunlardan 48&#8217;i tutukland\u0131\u011f\u0131, 16&#8217;s\u0131 hakk\u0131nda adli kontrol karar\u0131 verildi\u011fini bildirdi.\u00a0 Operasyonlarda yakalanan \u015f\u00fcpheliler; ter\u00f6r \u00f6rg\u00fct\u00fcn\u00fcn &#8220;Askeri gizli yap\u0131lanmas\u0131 ve g\u00fcncel yap\u0131lanmas\u0131&#8221; i\u00e7erisinde faaliyet y\u00fcr\u00fctmek, ankes\u00f6rl\u00fc telefonlarla \u00f6rg\u00fct i\u00e7erisinde sorumlu \u015fah\u0131slar ile irtibatta bulunmak, \u00f6rg\u00fct\u00fcn kripto haberle\u015fme program\u0131 \u201cByLock\u201d kullan\u0131c\u0131s\u0131 olmak, ter\u00f6r \u00f6rg\u00fct\u00fcne finans sa\u011flamak ve sosyal medya hesaplar\u0131 \u00fczerinden FET\u00d6 propagandas\u0131 yapmak su\u00e7lar\u0131ndan aran\u0131yordu. Operasyonlarda ayr\u0131ca FET\u00d6 soru\u015fturmalar\u0131 kapsam\u0131nda ifade ve te\u015fhislerde adlar\u0131 ge\u00e7en, haklar\u0131nda kesinle\u015fmi\u015f hapis cezas\u0131 ve aranma kayd\u0131 olanlar\u0131n da yakaland\u0131\u011f\u0131n\u0131 belirten Yerlikaya, &#8220;FET\u00d6 eleba\u015f\u0131n\u0131n \u00f6l\u00fcm\u00fcnden sonra da; bu hain ter\u00f6r \u00f6rg\u00fct\u00fcne y\u00f6nelik y\u00fcr\u00fctt\u00fc\u011f\u00fcm\u00fcz m\u00fccadelede hi\u00e7bir gev\u015femeye yer yok. Milli irademize darbe yapmaya yeltenen bu hain yap\u0131y\u0131 temizleyene kadar m\u00fccadelemize devam edece\u011fiz.&#8221; Ifadelerini kulland\u0131.\u00a0 Bakan Yerlikaya, operasyonlar\u0131 koordine eden Cumhuriyet Ba\u015fsavc\u0131l\u0131klar\u0131n\u0131 ve operasyonlar\u0131 ger\u00e7ekle\u015ftiren jandarma ve polis ekiplerini tebrik etti. https:\/\/twitter.com\/AliYerlikaya\/status\/1908144903630078414 \u200b27 ilde, 19-27 Mart 2025 tarihleri aras\u0131nda devam eden &hellip;\" \/>\n<meta property=\"og:url\" content=\"https:\/\/denizcankizil.tr\/en\/haberler\/gundem\/27-ilde-feto-operasyonu-73-gozalti\/\" \/>\n<meta property=\"og:site_name\" content=\"Av. Deniz Can K\u0131z\u0131l\" \/>\n<meta property=\"article:published_time\" content=\"2025-04-04T14:42:20+00:00\" \/>\n<meta name=\"author\" content=\"admin\" \/>\n<meta name=\"twitter:card\" content=\"summary_large_image\" \/>\n<meta name=\"twitter:label1\" content=\"Written by\" \/>\n\t<meta name=\"twitter:data1\" content=\"admin\" \/>\n\t<meta name=\"twitter:label2\" content=\"Estimated reading time\" \/>\n\t<meta name=\"twitter:data2\" content=\"3 minutes\" \/>\n<script type=\"application\/ld+json\" class=\"yoast-schema-graph\">{\"@context\":\"https:\/\/schema.org\",\"@graph\":[{\"@type\":\"Article\",\"@id\":\"https:\/\/denizcankizil.tr\/en\/haberler\/gundem\/27-ilde-feto-operasyonu-73-gozalti\/#article\",\"isPartOf\":{\"@id\":\"https:\/\/denizcankizil.tr\/en\/haberler\/gundem\/27-ilde-feto-operasyonu-73-gozalti\/\"},\"author\":{\"name\":\"admin\",\"@id\":\"https:\/\/denizcankizil.tr\/#\/schema\/person\/be3c05fe6a12686905512445d8185489\"},\"headline\":\"27 ilde FET\u00d6 operasyonu: 73 g\u00f6zalt\u0131!\",\"datePublished\":\"2025-04-04T14:42:20+00:00\",\"mainEntityOfPage\":{\"@id\":\"https:\/\/denizcankizil.tr\/en\/haberler\/gundem\/27-ilde-feto-operasyonu-73-gozalti\/\"},\"wordCount\":575,\"publisher\":{\"@id\":\"https:\/\/denizcankizil.tr\/#organization\"},\"articleSection\":[\"G\u00fcndem\"],\"inLanguage\":\"en-GB\"},{\"@type\":\"WebPage\",\"@id\":\"https:\/\/denizcankizil.tr\/en\/haberler\/gundem\/27-ilde-feto-operasyonu-73-gozalti\/\",\"url\":\"https:\/\/denizcankizil.tr\/en\/haberler\/gundem\/27-ilde-feto-operasyonu-73-gozalti\/\",\"name\":\"27 ilde FET\u00d6 operasyonu: 73 g\u00f6zalt\u0131! - Av. Deniz Can K\u0131z\u0131l\",\"isPartOf\":{\"@id\":\"https:\/\/denizcankizil.tr\/#website\"},\"datePublished\":\"2025-04-04T14:42:20+00:00\",\"breadcrumb\":{\"@id\":\"https:\/\/denizcankizil.tr\/en\/haberler\/gundem\/27-ilde-feto-operasyonu-73-gozalti\/#breadcrumb\"},\"inLanguage\":\"en-GB\",\"potentialAction\":[{\"@type\":\"ReadAction\",\"target\":[\"https:\/\/denizcankizil.tr\/en\/haberler\/gundem\/27-ilde-feto-operasyonu-73-gozalti\/\"]}]},{\"@type\":\"BreadcrumbList\",\"@id\":\"https:\/\/denizcankizil.tr\/en\/haberler\/gundem\/27-ilde-feto-operasyonu-73-gozalti\/#breadcrumb\",\"itemListElement\":[{\"@type\":\"ListItem\",\"position\":1,\"name\":\"Home\",\"item\":\"https:\/\/denizcankizil.tr\/uk\/\"},{\"@type\":\"ListItem\",\"position\":2,\"name\":\"27 ilde FET\u00d6 operasyonu: 73 g\u00f6zalt\u0131!\"}]},{\"@type\":\"WebSite\",\"@id\":\"https:\/\/denizcankizil.tr\/#website\",\"url\":\"https:\/\/denizcankizil.tr\/\",\"name\":\"Av. Deniz Can K\u0131z\u0131l\",\"description\":\"Avukat Deniz Can K\u0131z\u0131l Antalya Barosu\",\"publisher\":{\"@id\":\"https:\/\/denizcankizil.tr\/#organization\"},\"potentialAction\":[{\"@type\":\"SearchAction\",\"target\":{\"@type\":\"EntryPoint\",\"urlTemplate\":\"https:\/\/denizcankizil.tr\/?s={search_term_string}\"},\"query-input\":{\"@type\":\"PropertyValueSpecification\",\"valueRequired\":true,\"valueName\":\"search_term_string\"}}],\"inLanguage\":\"en-GB\"},{\"@type\":\"Organization\",\"@id\":\"https:\/\/denizcankizil.tr\/#organization\",\"name\":\"Av. Deniz Can K\u0131z\u0131l\",\"url\":\"https:\/\/denizcankizil.tr\/\",\"logo\":{\"@type\":\"ImageObject\",\"inLanguage\":\"en-GB\",\"@id\":\"https:\/\/denizcankizil.tr\/#\/schema\/logo\/image\/\",\"url\":\"https:\/\/denizcankizil.tr\/wp-content\/uploads\/2024\/10\/siyah-logo-svg.svg\",\"contentUrl\":\"https:\/\/denizcankizil.tr\/wp-content\/uploads\/2024\/10\/siyah-logo-svg.svg\",\"width\":1080,\"height\":1080,\"caption\":\"Av. Deniz Can K\u0131z\u0131l\"},\"image\":{\"@id\":\"https:\/\/denizcankizil.tr\/#\/schema\/logo\/image\/\"}},{\"@type\":\"Person\",\"@id\":\"https:\/\/denizcankizil.tr\/#\/schema\/person\/be3c05fe6a12686905512445d8185489\",\"name\":\"admin\",\"image\":{\"@type\":\"ImageObject\",\"inLanguage\":\"en-GB\",\"@id\":\"https:\/\/denizcankizil.tr\/#\/schema\/person\/image\/\",\"url\":\"https:\/\/secure.gravatar.com\/avatar\/c1fce94c830dc79107e174f890d7210541c4a63e8e5d816341794a2151c9d58c?s=96&d=mm&r=g\",\"contentUrl\":\"https:\/\/secure.gravatar.com\/avatar\/c1fce94c830dc79107e174f890d7210541c4a63e8e5d816341794a2151c9d58c?s=96&d=mm&r=g\",\"caption\":\"admin\"},\"sameAs\":[\"http:\/\/denizcankizil.tr\"],\"url\":\"https:\/\/www.iskenderun.org\/27-ilde-feto-operasyonu-73-gozalti\"}]}<\/script>\n<!-- \/ Yoast SEO Premium plugin. -->","yoast_head_json":{"title":"27 ilde FET\u00d6 operasyonu: 73 g\u00f6zalt\u0131! - Av. Deniz Can K\u0131z\u0131l","robots":{"index":"index","follow":"follow","max-snippet":"max-snippet:-1","max-image-preview":"max-image-preview:large","max-video-preview":"max-video-preview:-1"},"canonical":"https:\/\/denizcankizil.tr\/en\/haberler\/gundem\/27-ilde-feto-operasyonu-73-gozalti\/","og_locale":"en_GB","og_type":"article","og_title":"27 ilde FET\u00d6 operasyonu: 73 g\u00f6zalt\u0131!","og_description":"27 ilde, 19-27 Mart 2025 tarihleri aras\u0131nda devam eden FET\u00d6&#8217;ye y\u00f6nelik operasyonlarda; 73 \u015f\u00fcpheli yakaland\u0131.ANKARA (\u0130GFA) &#8211; \u0130\u00e7i\u015fleri Bakan\u0131 ali Yerlikaya sosyal medya hesab\u0131ndan\u00a0yapt\u0131\u011f\u0131\u00a0a\u00e7\u0131klamada,\u00a0Cumhuriyet Ba\u015fsavc\u0131l\u0131klar\u0131 ile Jandarma Genel Komutanl\u0131\u011f\u0131 TEM Daire Ba\u015fkanl\u0131\u011f\u0131 ve Emniyet Genel M\u00fcd\u00fcrl\u00fc\u011f\u00fc TEM Daire Ba\u015fkanl\u0131\u011f\u0131, KOM ve \u0130stihbarat Ba\u015fkanl\u0131klar\u0131 koordinesinde; \u0130l Jandarma Komutanl\u0131klar\u0131 ve \u0130l Emniyet M\u00fcd\u00fcrl\u00fcklerince yap\u0131lan \u00e7al\u0131\u015fmalar sonucu, aralar\u0131nda Ankara, \u0130stanbul ve \u0130zmir&#8217;inde bulundu\u011fu 27 ilde d\u00fczenlenen operasyonlarda, 73 \u015f\u00fcphelinin yakaland\u0131\u011f\u0131n\u0131, bunlardan 48&#8217;i tutukland\u0131\u011f\u0131, 16&#8217;s\u0131 hakk\u0131nda adli kontrol karar\u0131 verildi\u011fini bildirdi.\u00a0 Operasyonlarda yakalanan \u015f\u00fcpheliler; ter\u00f6r \u00f6rg\u00fct\u00fcn\u00fcn &#8220;Askeri gizli yap\u0131lanmas\u0131 ve g\u00fcncel yap\u0131lanmas\u0131&#8221; i\u00e7erisinde faaliyet y\u00fcr\u00fctmek, ankes\u00f6rl\u00fc telefonlarla \u00f6rg\u00fct i\u00e7erisinde sorumlu \u015fah\u0131slar ile irtibatta bulunmak, \u00f6rg\u00fct\u00fcn kripto haberle\u015fme program\u0131 \u201cByLock\u201d kullan\u0131c\u0131s\u0131 olmak, ter\u00f6r \u00f6rg\u00fct\u00fcne finans sa\u011flamak ve sosyal medya hesaplar\u0131 \u00fczerinden FET\u00d6 propagandas\u0131 yapmak su\u00e7lar\u0131ndan aran\u0131yordu. Operasyonlarda ayr\u0131ca FET\u00d6 soru\u015fturmalar\u0131 kapsam\u0131nda ifade ve te\u015fhislerde adlar\u0131 ge\u00e7en, haklar\u0131nda kesinle\u015fmi\u015f hapis cezas\u0131 ve aranma kayd\u0131 olanlar\u0131n da yakaland\u0131\u011f\u0131n\u0131 belirten Yerlikaya, &#8220;FET\u00d6 eleba\u015f\u0131n\u0131n \u00f6l\u00fcm\u00fcnden sonra da; bu hain ter\u00f6r \u00f6rg\u00fct\u00fcne y\u00f6nelik y\u00fcr\u00fctt\u00fc\u011f\u00fcm\u00fcz m\u00fccadelede hi\u00e7bir gev\u015femeye yer yok. Milli irademize darbe yapmaya yeltenen bu hain yap\u0131y\u0131 temizleyene kadar m\u00fccadelemize devam edece\u011fiz.&#8221; Ifadelerini kulland\u0131.\u00a0 Bakan Yerlikaya, operasyonlar\u0131 koordine eden Cumhuriyet Ba\u015fsavc\u0131l\u0131klar\u0131n\u0131 ve operasyonlar\u0131 ger\u00e7ekle\u015ftiren jandarma ve polis ekiplerini tebrik etti. https:\/\/twitter.com\/AliYerlikaya\/status\/1908144903630078414 \u200b27 ilde, 19-27 Mart 2025 tarihleri aras\u0131nda devam eden &hellip;","og_url":"https:\/\/denizcankizil.tr\/en\/haberler\/gundem\/27-ilde-feto-operasyonu-73-gozalti\/","og_site_name":"Av. Deniz Can K\u0131z\u0131l","article_published_time":"2025-04-04T14:42:20+00:00","author":"admin","twitter_card":"summary_large_image","twitter_misc":{"Written by":"admin","Estimated reading time":"3 minutes"},"schema":{"@context":"https:\/\/schema.org","@graph":[{"@type":"Article","@id":"https:\/\/denizcankizil.tr\/en\/haberler\/gundem\/27-ilde-feto-operasyonu-73-gozalti\/#article","isPartOf":{"@id":"https:\/\/denizcankizil.tr\/en\/haberler\/gundem\/27-ilde-feto-operasyonu-73-gozalti\/"},"author":{"name":"admin","@id":"https:\/\/denizcankizil.tr\/#\/schema\/person\/be3c05fe6a12686905512445d8185489"},"headline":"27 ilde FET\u00d6 operasyonu: 73 g\u00f6zalt\u0131!","datePublished":"2025-04-04T14:42:20+00:00","mainEntityOfPage":{"@id":"https:\/\/denizcankizil.tr\/en\/haberler\/gundem\/27-ilde-feto-operasyonu-73-gozalti\/"},"wordCount":575,"publisher":{"@id":"https:\/\/denizcankizil.tr\/#organization"},"articleSection":["G\u00fcndem"],"inLanguage":"en-GB"},{"@type":"WebPage","@id":"https:\/\/denizcankizil.tr\/en\/haberler\/gundem\/27-ilde-feto-operasyonu-73-gozalti\/","url":"https:\/\/denizcankizil.tr\/en\/haberler\/gundem\/27-ilde-feto-operasyonu-73-gozalti\/","name":"27 ilde FET\u00d6 operasyonu: 73 g\u00f6zalt\u0131! - Av. Deniz Can K\u0131z\u0131l","isPartOf":{"@id":"https:\/\/denizcankizil.tr\/#website"},"datePublished":"2025-04-04T14:42:20+00:00","breadcrumb":{"@id":"https:\/\/denizcankizil.tr\/en\/haberler\/gundem\/27-ilde-feto-operasyonu-73-gozalti\/#breadcrumb"},"inLanguage":"en-GB","potentialAction":[{"@type":"ReadAction","target":["https:\/\/denizcankizil.tr\/en\/haberler\/gundem\/27-ilde-feto-operasyonu-73-gozalti\/"]}]},{"@type":"BreadcrumbList","@id":"https:\/\/denizcankizil.tr\/en\/haberler\/gundem\/27-ilde-feto-operasyonu-73-gozalti\/#breadcrumb","itemListElement":[{"@type":"ListItem","position":1,"name":"Home","item":"https:\/\/denizcankizil.tr\/uk\/"},{"@type":"ListItem","position":2,"name":"27 ilde FET\u00d6 operasyonu: 73 g\u00f6zalt\u0131!"}]},{"@type":"WebSite","@id":"https:\/\/denizcankizil.tr\/#website","url":"https:\/\/denizcankizil.tr\/","name":"Av. Deniz Can K\u0131z\u0131l","description":"Avukat Deniz Can K\u0131z\u0131l Antalya Barosu","publisher":{"@id":"https:\/\/denizcankizil.tr\/#organization"},"potentialAction":[{"@type":"SearchAction","target":{"@type":"EntryPoint","urlTemplate":"https:\/\/denizcankizil.tr\/?s={search_term_string}"},"query-input":{"@type":"PropertyValueSpecification","valueRequired":true,"valueName":"search_term_string"}}],"inLanguage":"en-GB"},{"@type":"Organization","@id":"https:\/\/denizcankizil.tr\/#organization","name":"Av. Deniz Can K\u0131z\u0131l","url":"https:\/\/denizcankizil.tr\/","logo":{"@type":"ImageObject","inLanguage":"en-GB","@id":"https:\/\/denizcankizil.tr\/#\/schema\/logo\/image\/","url":"https:\/\/denizcankizil.tr\/wp-content\/uploads\/2024\/10\/siyah-logo-svg.svg","contentUrl":"https:\/\/denizcankizil.tr\/wp-content\/uploads\/2024\/10\/siyah-logo-svg.svg","width":1080,"height":1080,"caption":"Av. Deniz Can K\u0131z\u0131l"},"image":{"@id":"https:\/\/denizcankizil.tr\/#\/schema\/logo\/image\/"}},{"@type":"Person","@id":"https:\/\/denizcankizil.tr\/#\/schema\/person\/be3c05fe6a12686905512445d8185489","name":"admin","image":{"@type":"ImageObject","inLanguage":"en-GB","@id":"https:\/\/denizcankizil.tr\/#\/schema\/person\/image\/","url":"https:\/\/secure.gravatar.com\/avatar\/c1fce94c830dc79107e174f890d7210541c4a63e8e5d816341794a2151c9d58c?s=96&d=mm&r=g","contentUrl":"https:\/\/secure.gravatar.com\/avatar\/c1fce94c830dc79107e174f890d7210541c4a63e8e5d816341794a2151c9d58c?s=96&d=mm&r=g","caption":"admin"},"sameAs":["http:\/\/denizcankizil.tr"],"url":"https:\/\/www.iskenderun.org\/27-ilde-feto-operasyonu-73-gozalti"}]}},"_links":{"self":[{"href":"https:\/\/denizcankizil.tr\/en\/wp-json\/wp\/v2\/posts\/45494","targetHints":{"allow":["GET"]}}],"collection":[{"href":"https:\/\/denizcankizil.tr\/en\/wp-json\/wp\/v2\/posts"}],"about":[{"href":"https:\/\/denizcankizil.tr\/en\/wp-json\/wp\/v2\/types\/post"}],"author":[{"embeddable":true,"href":"https:\/\/denizcankizil.tr\/en\/wp-json\/wp\/v2\/users\/1"}],"replies":[{"embeddable":true,"href":"https:\/\/denizcankizil.tr\/en\/wp-json\/wp\/v2\/comments?post=45494"}],"version-history":[{"count":0,"href":"https:\/\/denizcankizil.tr\/en\/wp-json\/wp\/v2\/posts\/45494\/revisions"}],"wp:attachment":[{"href":"https:\/\/denizcankizil.tr\/en\/wp-json\/wp\/v2\/media?parent=45494"}],"wp:term":[{"taxonomy":"category","embeddable":true,"href":"https:\/\/denizcankizil.tr\/en\/wp-json\/wp\/v2\/categories?post=45494"},{"taxonomy":"post_tag","embeddable":true,"href":"https:\/\/denizcankizil.tr\/en\/wp-json\/wp\/v2\/tags?post=45494"}],"curies":[{"name":"wp","href":"https:\/\/api.w.org\/{rel}","templated":true}]}}