{"id":43362,"date":"2025-04-02T15:42:14","date_gmt":"2025-04-02T12:42:14","guid":{"rendered":"https:\/\/denizcankizil.tr\/uncategorized-tr\/erzincan-kelkit-karayolu-goctu\/"},"modified":"2025-04-02T15:42:14","modified_gmt":"2025-04-02T12:42:14","slug":"erzincan-kelkit-karayolu-goctu","status":"publish","type":"post","link":"https:\/\/denizcankizil.tr\/en\/haberler\/gundem\/erzincan-kelkit-karayolu-goctu\/","title":{"rendered":"Erzincan-Kelkit karayolu g\u00f6\u00e7t\u00fc!"},"content":{"rendered":"<p>Erzincan-Kelkit karayolunda Balkaya K\u00f6y\u00fc mevkiinde ya\u015fanan yol kaymas\u0131 nedeniyle yol \u00e7ift y\u00f6nl\u00fc trafi\u011fe kapat\u0131ld\u0131. CHP&#8217;li Milletvekili Mustafa Sar\u0131g\u00fcl, b\u00f6lgeden bakanl\u0131\u011fa seslenerek, acil \u00e7\u00f6z\u00fcm istedi.ANKARA (\u0130GFA) &#8211; Kelkit-Erzincan Karayolu\u2019nun Balkaya K\u00f6y\u00fc mevkiinde meydana gelen heyelan ve yol g\u00f6\u00e7mesi nedeniyle yol \u00e7ift y\u00f6nl\u00fc trafi\u011fe kapat\u0131ld\u0131.<br \/>\nKelkit Kaymakaml\u0131\u011f\u0131, Erzincan-Kelkit karayoluna ya\u015fanan yol kaymas\u0131 dolay\u0131s\u0131yla kullan\u0131lamaz hale geldi\u011fini belirtti.<br \/>\nB\u00f6lgede trafik tamamen dururken, Kaymakaml\u0131k, b\u00f6lgeye y\u00f6nlendirilen ekiplerin alternatif yol g\u00fczergahlar\u0131 \u00fczerinden s\u00fcr\u00fcc\u00fcleri y\u00f6nlendirmeye ba\u015flad\u0131\u011f\u0131n\u0131 duyurdu.<br \/>\nCHP Erzincan Milletvekili Mustafa Sar\u0131g\u00fcl ise, sosyal medyadan yapt\u0131\u011f\u0131 payla\u015f\u0131mda, &#8220;Ahmediye T\u00fcneli projesinin bir an \u00f6nce hayata ge\u00e7irilmesini talep ediyoruz&#8221; diyerek, Ula\u015ft\u0131rma ve Altyap\u0131 Bakan\u0131 Abdulkadir Uralo\u011flu&#8217;na \u00e7a\u011fr\u0131da bulundu. Sar\u0131g\u00fcl, b\u00f6lgenin ula\u015f\u0131m sorunlar\u0131na kal\u0131c\u0131 \u00e7\u00f6z\u00fcm beklediklerini kaydetti.<br \/>\n????An itibariyle Erzincan Kelkit yolu. #erzincan #kelkit #yol #t\u00fcrkiye #bayram #afet pic.twitter.com\/eX2ZwFx6rN\u2014 Mustafa Sar\u0131g\u00fcl (@M_Sarigul) April 2, 2025<\/p>\n<p>\u200bErzincan-Kelkit karayolunda Balkaya K\u00f6y\u00fc mevkiinde ya\u015fanan yol kaymas\u0131 nedeniyle yol \u00e7ift y\u00f6nl\u00fc trafi\u011fe kapat\u0131ld\u0131. CHP&#8217;li Milletvekili Mustafa Sar\u0131g\u00fcl, b\u00f6lgeden bakanl\u0131\u011fa seslenerek, acil \u00e7\u00f6z\u00fcm istedi.ANKARA (\u0130GFA) &#8211; Kelkit-Erzincan Karayolu\u2019nun Balkaya K\u00f6y\u00fc mevkiinde meydana gelen heyelan ve yol g\u00f6\u00e7mesi nedeniyle yol \u00e7ift y\u00f6nl\u00fc trafi\u011fe kapat\u0131ld\u0131.<br \/>\nKelkit Kaymakaml\u0131\u011f\u0131, Erzincan-Kelkit karayoluna ya\u015fanan yol kaymas\u0131 dolay\u0131s\u0131yla kullan\u0131lamaz hale geldi\u011fini belirtti.<br \/>\nB\u00f6lgede trafik tamamen dururken, Kaymakaml\u0131k, b\u00f6lgeye y\u00f6nlendirilen ekiplerin alternatif yol g\u00fczergahlar\u0131 \u00fczerinden s\u00fcr\u00fcc\u00fcleri y\u00f6nlendirmeye ba\u015flad\u0131\u011f\u0131n\u0131 duyurdu.<br \/>\nCHP Erzincan Milletvekili Mustafa Sar\u0131g\u00fcl ise, sosyal medyadan yapt\u0131\u011f\u0131 payla\u015f\u0131mda, &#8220;Ahmediye T\u00fcneli projesinin bir an \u00f6nce hayata ge\u00e7irilmesini talep ediyoruz&#8221; diyerek, Ula\u015ft\u0131rma ve Altyap\u0131 Bakan\u0131 Abdulkadir Uralo\u011flu&#8217;na \u00e7a\u011fr\u0131da bulundu. Sar\u0131g\u00fcl, b\u00f6lgenin ula\u015f\u0131m sorunlar\u0131na kal\u0131c\u0131 \u00e7\u00f6z\u00fcm beklediklerini kaydetti.<br \/>\n????An itibariyle Erzincan Kelkit yolu. #erzincan #kelkit #yol #t\u00fcrkiye #bayram #afet pic.twitter.com\/eX2ZwFx6rN\u2014 Mustafa Sar\u0131g\u00fcl (@M_Sarigul) April 2, 2025\u00a0<\/p>\n<p>\u200bHaberin Al\u0131nt\u0131land\u0131\u011f\u0131 Kaynak: www.iskenderun.org<\/p>","protected":false},"excerpt":{"rendered":"<p>Erzincan-Kelkit karayolunda Balkaya K\u00f6y\u00fc mevkiinde ya\u015fanan yol kaymas\u0131 nedeniyle yol \u00e7ift y\u00f6nl\u00fc trafi\u011fe kapat\u0131ld\u0131. CHP&#8217;li Milletvekili Mustafa Sar\u0131g\u00fcl, b\u00f6lgeden bakanl\u0131\u011fa seslenerek, acil \u00e7\u00f6z\u00fcm istedi.ANKARA (\u0130GFA) &#8211; Kelkit-Erzincan Karayolu\u2019nun Balkaya K\u00f6y\u00fc mevkiinde meydana gelen heyelan ve yol g\u00f6\u00e7mesi nedeniyle yol \u00e7ift y\u00f6nl\u00fc trafi\u011fe kapat\u0131ld\u0131. Kelkit Kaymakaml\u0131\u011f\u0131, Erzincan-Kelkit karayoluna ya\u015fanan yol kaymas\u0131 dolay\u0131s\u0131yla kullan\u0131lamaz hale geldi\u011fini belirtti. B\u00f6lgede trafik tamamen dururken, Kaymakaml\u0131k, b\u00f6lgeye y\u00f6nlendirilen ekiplerin alternatif yol g\u00fczergahlar\u0131 \u00fczerinden s\u00fcr\u00fcc\u00fcleri y\u00f6nlendirmeye ba\u015flad\u0131\u011f\u0131n\u0131 duyurdu. CHP Erzincan Milletvekili Mustafa Sar\u0131g\u00fcl ise, sosyal medyadan yapt\u0131\u011f\u0131 payla\u015f\u0131mda, &#8220;Ahmediye T\u00fcneli projesinin bir an \u00f6nce hayata ge\u00e7irilmesini talep ediyoruz&#8221; diyerek, Ula\u015ft\u0131rma ve Altyap\u0131 Bakan\u0131 Abdulkadir Uralo\u011flu&#8217;na \u00e7a\u011fr\u0131da bulundu. Sar\u0131g\u00fcl, b\u00f6lgenin ula\u015f\u0131m sorunlar\u0131na kal\u0131c\u0131 \u00e7\u00f6z\u00fcm beklediklerini kaydetti. ????An itibariyle Erzincan Kelkit yolu. #erzincan #kelkit #yol #t\u00fcrkiye #bayram #afet pic.twitter.com\/eX2ZwFx6rN\u2014 Mustafa Sar\u0131g\u00fcl (@M_Sarigul) April 2, 2025 \u200bErzincan-Kelkit karayolunda Balkaya K\u00f6y\u00fc mevkiinde ya\u015fanan yol kaymas\u0131 nedeniyle yol \u00e7ift y\u00f6nl\u00fc trafi\u011fe kapat\u0131ld\u0131. CHP&#8217;li Milletvekili Mustafa Sar\u0131g\u00fcl, b\u00f6lgeden bakanl\u0131\u011fa seslenerek, acil \u00e7\u00f6z\u00fcm istedi.ANKARA (\u0130GFA) &#8211; Kelkit-Erzincan Karayolu\u2019nun Balkaya K\u00f6y\u00fc mevkiinde meydana gelen heyelan ve yol g\u00f6\u00e7mesi nedeniyle yol \u00e7ift y\u00f6nl\u00fc trafi\u011fe kapat\u0131ld\u0131. Kelkit Kaymakaml\u0131\u011f\u0131, Erzincan-Kelkit karayoluna ya\u015fanan yol kaymas\u0131 dolay\u0131s\u0131yla kullan\u0131lamaz hale geldi\u011fini belirtti. B\u00f6lgede trafik tamamen dururken, Kaymakaml\u0131k, b\u00f6lgeye y\u00f6nlendirilen ekiplerin alternatif yol g\u00fczergahlar\u0131 \u00fczerinden s\u00fcr\u00fcc\u00fcleri y\u00f6nlendirmeye ba\u015flad\u0131\u011f\u0131n\u0131 duyurdu. CHP Erzincan Milletvekili &hellip;<\/p>","protected":false},"author":1,"featured_media":0,"comment_status":"","ping_status":"open","sticky":false,"template":"","format":"standard","meta":{"_acf_changed":false,"footnotes":""},"categories":[24],"tags":[],"class_list":["post-43362","post","type-post","status-publish","format-standard","has-post-thumbnail","hentry","category-gundem"],"acf":[],"yoast_head":"<!-- This site is optimized with the Yoast SEO Premium plugin v26.6 (Yoast SEO v27.1.1) - https:\/\/yoast.com\/product\/yoast-seo-premium-wordpress\/ -->\n<title>Erzincan-Kelkit karayolu g\u00f6\u00e7t\u00fc! - Av. Deniz Can K\u0131z\u0131l<\/title>\n<meta name=\"robots\" content=\"index, follow, max-snippet:-1, max-image-preview:large, max-video-preview:-1\" \/>\n<link rel=\"canonical\" href=\"https:\/\/denizcankizil.tr\/en\/haberler\/gundem\/erzincan-kelkit-karayolu-goctu\/\" \/>\n<meta property=\"og:locale\" content=\"en_GB\" \/>\n<meta property=\"og:type\" content=\"article\" \/>\n<meta property=\"og:title\" content=\"Erzincan-Kelkit karayolu g\u00f6\u00e7t\u00fc!\" \/>\n<meta property=\"og:description\" content=\"Erzincan-Kelkit karayolunda Balkaya K\u00f6y\u00fc mevkiinde ya\u015fanan yol kaymas\u0131 nedeniyle yol \u00e7ift y\u00f6nl\u00fc trafi\u011fe kapat\u0131ld\u0131. CHP&#8217;li Milletvekili Mustafa Sar\u0131g\u00fcl, b\u00f6lgeden bakanl\u0131\u011fa seslenerek, acil \u00e7\u00f6z\u00fcm istedi.ANKARA (\u0130GFA) &#8211; Kelkit-Erzincan Karayolu\u2019nun Balkaya K\u00f6y\u00fc mevkiinde meydana gelen heyelan ve yol g\u00f6\u00e7mesi nedeniyle yol \u00e7ift y\u00f6nl\u00fc trafi\u011fe kapat\u0131ld\u0131. Kelkit Kaymakaml\u0131\u011f\u0131, Erzincan-Kelkit karayoluna ya\u015fanan yol kaymas\u0131 dolay\u0131s\u0131yla kullan\u0131lamaz hale geldi\u011fini belirtti. B\u00f6lgede trafik tamamen dururken, Kaymakaml\u0131k, b\u00f6lgeye y\u00f6nlendirilen ekiplerin alternatif yol g\u00fczergahlar\u0131 \u00fczerinden s\u00fcr\u00fcc\u00fcleri y\u00f6nlendirmeye ba\u015flad\u0131\u011f\u0131n\u0131 duyurdu. CHP Erzincan Milletvekili Mustafa Sar\u0131g\u00fcl ise, sosyal medyadan yapt\u0131\u011f\u0131 payla\u015f\u0131mda, &#8220;Ahmediye T\u00fcneli projesinin bir an \u00f6nce hayata ge\u00e7irilmesini talep ediyoruz&#8221; diyerek, Ula\u015ft\u0131rma ve Altyap\u0131 Bakan\u0131 Abdulkadir Uralo\u011flu&#8217;na \u00e7a\u011fr\u0131da bulundu. Sar\u0131g\u00fcl, b\u00f6lgenin ula\u015f\u0131m sorunlar\u0131na kal\u0131c\u0131 \u00e7\u00f6z\u00fcm beklediklerini kaydetti. ????An itibariyle Erzincan Kelkit yolu. #erzincan #kelkit #yol #t\u00fcrkiye #bayram #afet pic.twitter.com\/eX2ZwFx6rN\u2014 Mustafa Sar\u0131g\u00fcl (@M_Sarigul) April 2, 2025 \u200bErzincan-Kelkit karayolunda Balkaya K\u00f6y\u00fc mevkiinde ya\u015fanan yol kaymas\u0131 nedeniyle yol \u00e7ift y\u00f6nl\u00fc trafi\u011fe kapat\u0131ld\u0131. CHP&#8217;li Milletvekili Mustafa Sar\u0131g\u00fcl, b\u00f6lgeden bakanl\u0131\u011fa seslenerek, acil \u00e7\u00f6z\u00fcm istedi.ANKARA (\u0130GFA) &#8211; Kelkit-Erzincan Karayolu\u2019nun Balkaya K\u00f6y\u00fc mevkiinde meydana gelen heyelan ve yol g\u00f6\u00e7mesi nedeniyle yol \u00e7ift y\u00f6nl\u00fc trafi\u011fe kapat\u0131ld\u0131. Kelkit Kaymakaml\u0131\u011f\u0131, Erzincan-Kelkit karayoluna ya\u015fanan yol kaymas\u0131 dolay\u0131s\u0131yla kullan\u0131lamaz hale geldi\u011fini belirtti. B\u00f6lgede trafik tamamen dururken, Kaymakaml\u0131k, b\u00f6lgeye y\u00f6nlendirilen ekiplerin alternatif yol g\u00fczergahlar\u0131 \u00fczerinden s\u00fcr\u00fcc\u00fcleri y\u00f6nlendirmeye ba\u015flad\u0131\u011f\u0131n\u0131 duyurdu. CHP Erzincan Milletvekili &hellip;\" \/>\n<meta property=\"og:url\" content=\"https:\/\/denizcankizil.tr\/en\/haberler\/gundem\/erzincan-kelkit-karayolu-goctu\/\" \/>\n<meta property=\"og:site_name\" content=\"Av. Deniz Can K\u0131z\u0131l\" \/>\n<meta property=\"article:published_time\" content=\"2025-04-02T12:42:14+00:00\" \/>\n<meta name=\"author\" content=\"admin\" \/>\n<meta name=\"twitter:card\" content=\"summary_large_image\" \/>\n<meta name=\"twitter:label1\" content=\"Written by\" \/>\n\t<meta name=\"twitter:data1\" content=\"admin\" \/>\n\t<meta name=\"twitter:label2\" content=\"Estimated reading time\" \/>\n\t<meta name=\"twitter:data2\" content=\"2 minutes\" \/>\n<script type=\"application\/ld+json\" class=\"yoast-schema-graph\">{\"@context\":\"https:\/\/schema.org\",\"@graph\":[{\"@type\":\"Article\",\"@id\":\"https:\/\/denizcankizil.tr\/en\/haberler\/gundem\/erzincan-kelkit-karayolu-goctu\/#article\",\"isPartOf\":{\"@id\":\"https:\/\/denizcankizil.tr\/en\/haberler\/gundem\/erzincan-kelkit-karayolu-goctu\/\"},\"author\":{\"name\":\"admin\",\"@id\":\"https:\/\/denizcankizil.tr\/#\/schema\/person\/be3c05fe6a12686905512445d8185489\"},\"headline\":\"Erzincan-Kelkit karayolu g\u00f6\u00e7t\u00fc!\",\"datePublished\":\"2025-04-02T12:42:14+00:00\",\"mainEntityOfPage\":{\"@id\":\"https:\/\/denizcankizil.tr\/en\/haberler\/gundem\/erzincan-kelkit-karayolu-goctu\/\"},\"wordCount\":382,\"publisher\":{\"@id\":\"https:\/\/denizcankizil.tr\/#organization\"},\"articleSection\":[\"G\u00fcndem\"],\"inLanguage\":\"en-GB\"},{\"@type\":\"WebPage\",\"@id\":\"https:\/\/denizcankizil.tr\/en\/haberler\/gundem\/erzincan-kelkit-karayolu-goctu\/\",\"url\":\"https:\/\/denizcankizil.tr\/en\/haberler\/gundem\/erzincan-kelkit-karayolu-goctu\/\",\"name\":\"Erzincan-Kelkit karayolu g\u00f6\u00e7t\u00fc! - Av. Deniz Can K\u0131z\u0131l\",\"isPartOf\":{\"@id\":\"https:\/\/denizcankizil.tr\/#website\"},\"datePublished\":\"2025-04-02T12:42:14+00:00\",\"breadcrumb\":{\"@id\":\"https:\/\/denizcankizil.tr\/en\/haberler\/gundem\/erzincan-kelkit-karayolu-goctu\/#breadcrumb\"},\"inLanguage\":\"en-GB\",\"potentialAction\":[{\"@type\":\"ReadAction\",\"target\":[\"https:\/\/denizcankizil.tr\/en\/haberler\/gundem\/erzincan-kelkit-karayolu-goctu\/\"]}]},{\"@type\":\"BreadcrumbList\",\"@id\":\"https:\/\/denizcankizil.tr\/en\/haberler\/gundem\/erzincan-kelkit-karayolu-goctu\/#breadcrumb\",\"itemListElement\":[{\"@type\":\"ListItem\",\"position\":1,\"name\":\"Home\",\"item\":\"https:\/\/denizcankizil.tr\/de\/\"},{\"@type\":\"ListItem\",\"position\":2,\"name\":\"Erzincan-Kelkit karayolu g\u00f6\u00e7t\u00fc!\"}]},{\"@type\":\"WebSite\",\"@id\":\"https:\/\/denizcankizil.tr\/#website\",\"url\":\"https:\/\/denizcankizil.tr\/\",\"name\":\"Av. Deniz Can K\u0131z\u0131l\",\"description\":\"Avukat Deniz Can K\u0131z\u0131l Antalya Barosu\",\"publisher\":{\"@id\":\"https:\/\/denizcankizil.tr\/#organization\"},\"potentialAction\":[{\"@type\":\"SearchAction\",\"target\":{\"@type\":\"EntryPoint\",\"urlTemplate\":\"https:\/\/denizcankizil.tr\/?s={search_term_string}\"},\"query-input\":{\"@type\":\"PropertyValueSpecification\",\"valueRequired\":true,\"valueName\":\"search_term_string\"}}],\"inLanguage\":\"en-GB\"},{\"@type\":\"Organization\",\"@id\":\"https:\/\/denizcankizil.tr\/#organization\",\"name\":\"Av. Deniz Can K\u0131z\u0131l\",\"url\":\"https:\/\/denizcankizil.tr\/\",\"logo\":{\"@type\":\"ImageObject\",\"inLanguage\":\"en-GB\",\"@id\":\"https:\/\/denizcankizil.tr\/#\/schema\/logo\/image\/\",\"url\":\"https:\/\/denizcankizil.tr\/wp-content\/uploads\/2024\/10\/siyah-logo-svg.svg\",\"contentUrl\":\"https:\/\/denizcankizil.tr\/wp-content\/uploads\/2024\/10\/siyah-logo-svg.svg\",\"width\":1080,\"height\":1080,\"caption\":\"Av. Deniz Can K\u0131z\u0131l\"},\"image\":{\"@id\":\"https:\/\/denizcankizil.tr\/#\/schema\/logo\/image\/\"}},{\"@type\":\"Person\",\"@id\":\"https:\/\/denizcankizil.tr\/#\/schema\/person\/be3c05fe6a12686905512445d8185489\",\"name\":\"admin\",\"image\":{\"@type\":\"ImageObject\",\"inLanguage\":\"en-GB\",\"@id\":\"https:\/\/denizcankizil.tr\/#\/schema\/person\/image\/\",\"url\":\"https:\/\/secure.gravatar.com\/avatar\/c1fce94c830dc79107e174f890d7210541c4a63e8e5d816341794a2151c9d58c?s=96&d=mm&r=g\",\"contentUrl\":\"https:\/\/secure.gravatar.com\/avatar\/c1fce94c830dc79107e174f890d7210541c4a63e8e5d816341794a2151c9d58c?s=96&d=mm&r=g\",\"caption\":\"admin\"},\"sameAs\":[\"http:\/\/denizcankizil.tr\"],\"url\":\"https:\/\/www.iskenderun.org\/erzincan-kelkit-karayolu-goctu\"}]}<\/script>\n<!-- \/ Yoast SEO Premium plugin. -->","yoast_head_json":{"title":"Erzincan-Kelkit karayolu g\u00f6\u00e7t\u00fc! - Av. Deniz Can K\u0131z\u0131l","robots":{"index":"index","follow":"follow","max-snippet":"max-snippet:-1","max-image-preview":"max-image-preview:large","max-video-preview":"max-video-preview:-1"},"canonical":"https:\/\/denizcankizil.tr\/en\/haberler\/gundem\/erzincan-kelkit-karayolu-goctu\/","og_locale":"en_GB","og_type":"article","og_title":"Erzincan-Kelkit karayolu g\u00f6\u00e7t\u00fc!","og_description":"Erzincan-Kelkit karayolunda Balkaya K\u00f6y\u00fc mevkiinde ya\u015fanan yol kaymas\u0131 nedeniyle yol \u00e7ift y\u00f6nl\u00fc trafi\u011fe kapat\u0131ld\u0131. CHP&#8217;li Milletvekili Mustafa Sar\u0131g\u00fcl, b\u00f6lgeden bakanl\u0131\u011fa seslenerek, acil \u00e7\u00f6z\u00fcm istedi.ANKARA (\u0130GFA) &#8211; Kelkit-Erzincan Karayolu\u2019nun Balkaya K\u00f6y\u00fc mevkiinde meydana gelen heyelan ve yol g\u00f6\u00e7mesi nedeniyle yol \u00e7ift y\u00f6nl\u00fc trafi\u011fe kapat\u0131ld\u0131. Kelkit Kaymakaml\u0131\u011f\u0131, Erzincan-Kelkit karayoluna ya\u015fanan yol kaymas\u0131 dolay\u0131s\u0131yla kullan\u0131lamaz hale geldi\u011fini belirtti. B\u00f6lgede trafik tamamen dururken, Kaymakaml\u0131k, b\u00f6lgeye y\u00f6nlendirilen ekiplerin alternatif yol g\u00fczergahlar\u0131 \u00fczerinden s\u00fcr\u00fcc\u00fcleri y\u00f6nlendirmeye ba\u015flad\u0131\u011f\u0131n\u0131 duyurdu. CHP Erzincan Milletvekili Mustafa Sar\u0131g\u00fcl ise, sosyal medyadan yapt\u0131\u011f\u0131 payla\u015f\u0131mda, &#8220;Ahmediye T\u00fcneli projesinin bir an \u00f6nce hayata ge\u00e7irilmesini talep ediyoruz&#8221; diyerek, Ula\u015ft\u0131rma ve Altyap\u0131 Bakan\u0131 Abdulkadir Uralo\u011flu&#8217;na \u00e7a\u011fr\u0131da bulundu. Sar\u0131g\u00fcl, b\u00f6lgenin ula\u015f\u0131m sorunlar\u0131na kal\u0131c\u0131 \u00e7\u00f6z\u00fcm beklediklerini kaydetti. ????An itibariyle Erzincan Kelkit yolu. #erzincan #kelkit #yol #t\u00fcrkiye #bayram #afet pic.twitter.com\/eX2ZwFx6rN\u2014 Mustafa Sar\u0131g\u00fcl (@M_Sarigul) April 2, 2025 \u200bErzincan-Kelkit karayolunda Balkaya K\u00f6y\u00fc mevkiinde ya\u015fanan yol kaymas\u0131 nedeniyle yol \u00e7ift y\u00f6nl\u00fc trafi\u011fe kapat\u0131ld\u0131. CHP&#8217;li Milletvekili Mustafa Sar\u0131g\u00fcl, b\u00f6lgeden bakanl\u0131\u011fa seslenerek, acil \u00e7\u00f6z\u00fcm istedi.ANKARA (\u0130GFA) &#8211; Kelkit-Erzincan Karayolu\u2019nun Balkaya K\u00f6y\u00fc mevkiinde meydana gelen heyelan ve yol g\u00f6\u00e7mesi nedeniyle yol \u00e7ift y\u00f6nl\u00fc trafi\u011fe kapat\u0131ld\u0131. Kelkit Kaymakaml\u0131\u011f\u0131, Erzincan-Kelkit karayoluna ya\u015fanan yol kaymas\u0131 dolay\u0131s\u0131yla kullan\u0131lamaz hale geldi\u011fini belirtti. B\u00f6lgede trafik tamamen dururken, Kaymakaml\u0131k, b\u00f6lgeye y\u00f6nlendirilen ekiplerin alternatif yol g\u00fczergahlar\u0131 \u00fczerinden s\u00fcr\u00fcc\u00fcleri y\u00f6nlendirmeye ba\u015flad\u0131\u011f\u0131n\u0131 duyurdu. CHP Erzincan Milletvekili &hellip;","og_url":"https:\/\/denizcankizil.tr\/en\/haberler\/gundem\/erzincan-kelkit-karayolu-goctu\/","og_site_name":"Av. Deniz Can K\u0131z\u0131l","article_published_time":"2025-04-02T12:42:14+00:00","author":"admin","twitter_card":"summary_large_image","twitter_misc":{"Written by":"admin","Estimated reading time":"2 minutes"},"schema":{"@context":"https:\/\/schema.org","@graph":[{"@type":"Article","@id":"https:\/\/denizcankizil.tr\/en\/haberler\/gundem\/erzincan-kelkit-karayolu-goctu\/#article","isPartOf":{"@id":"https:\/\/denizcankizil.tr\/en\/haberler\/gundem\/erzincan-kelkit-karayolu-goctu\/"},"author":{"name":"admin","@id":"https:\/\/denizcankizil.tr\/#\/schema\/person\/be3c05fe6a12686905512445d8185489"},"headline":"Erzincan-Kelkit karayolu g\u00f6\u00e7t\u00fc!","datePublished":"2025-04-02T12:42:14+00:00","mainEntityOfPage":{"@id":"https:\/\/denizcankizil.tr\/en\/haberler\/gundem\/erzincan-kelkit-karayolu-goctu\/"},"wordCount":382,"publisher":{"@id":"https:\/\/denizcankizil.tr\/#organization"},"articleSection":["G\u00fcndem"],"inLanguage":"en-GB"},{"@type":"WebPage","@id":"https:\/\/denizcankizil.tr\/en\/haberler\/gundem\/erzincan-kelkit-karayolu-goctu\/","url":"https:\/\/denizcankizil.tr\/en\/haberler\/gundem\/erzincan-kelkit-karayolu-goctu\/","name":"Erzincan-Kelkit karayolu g\u00f6\u00e7t\u00fc! - Av. Deniz Can K\u0131z\u0131l","isPartOf":{"@id":"https:\/\/denizcankizil.tr\/#website"},"datePublished":"2025-04-02T12:42:14+00:00","breadcrumb":{"@id":"https:\/\/denizcankizil.tr\/en\/haberler\/gundem\/erzincan-kelkit-karayolu-goctu\/#breadcrumb"},"inLanguage":"en-GB","potentialAction":[{"@type":"ReadAction","target":["https:\/\/denizcankizil.tr\/en\/haberler\/gundem\/erzincan-kelkit-karayolu-goctu\/"]}]},{"@type":"BreadcrumbList","@id":"https:\/\/denizcankizil.tr\/en\/haberler\/gundem\/erzincan-kelkit-karayolu-goctu\/#breadcrumb","itemListElement":[{"@type":"ListItem","position":1,"name":"Home","item":"https:\/\/denizcankizil.tr\/de\/"},{"@type":"ListItem","position":2,"name":"Erzincan-Kelkit karayolu g\u00f6\u00e7t\u00fc!"}]},{"@type":"WebSite","@id":"https:\/\/denizcankizil.tr\/#website","url":"https:\/\/denizcankizil.tr\/","name":"Av. Deniz Can K\u0131z\u0131l","description":"Avukat Deniz Can K\u0131z\u0131l Antalya Barosu","publisher":{"@id":"https:\/\/denizcankizil.tr\/#organization"},"potentialAction":[{"@type":"SearchAction","target":{"@type":"EntryPoint","urlTemplate":"https:\/\/denizcankizil.tr\/?s={search_term_string}"},"query-input":{"@type":"PropertyValueSpecification","valueRequired":true,"valueName":"search_term_string"}}],"inLanguage":"en-GB"},{"@type":"Organization","@id":"https:\/\/denizcankizil.tr\/#organization","name":"Av. Deniz Can K\u0131z\u0131l","url":"https:\/\/denizcankizil.tr\/","logo":{"@type":"ImageObject","inLanguage":"en-GB","@id":"https:\/\/denizcankizil.tr\/#\/schema\/logo\/image\/","url":"https:\/\/denizcankizil.tr\/wp-content\/uploads\/2024\/10\/siyah-logo-svg.svg","contentUrl":"https:\/\/denizcankizil.tr\/wp-content\/uploads\/2024\/10\/siyah-logo-svg.svg","width":1080,"height":1080,"caption":"Av. Deniz Can K\u0131z\u0131l"},"image":{"@id":"https:\/\/denizcankizil.tr\/#\/schema\/logo\/image\/"}},{"@type":"Person","@id":"https:\/\/denizcankizil.tr\/#\/schema\/person\/be3c05fe6a12686905512445d8185489","name":"admin","image":{"@type":"ImageObject","inLanguage":"en-GB","@id":"https:\/\/denizcankizil.tr\/#\/schema\/person\/image\/","url":"https:\/\/secure.gravatar.com\/avatar\/c1fce94c830dc79107e174f890d7210541c4a63e8e5d816341794a2151c9d58c?s=96&d=mm&r=g","contentUrl":"https:\/\/secure.gravatar.com\/avatar\/c1fce94c830dc79107e174f890d7210541c4a63e8e5d816341794a2151c9d58c?s=96&d=mm&r=g","caption":"admin"},"sameAs":["http:\/\/denizcankizil.tr"],"url":"https:\/\/www.iskenderun.org\/erzincan-kelkit-karayolu-goctu"}]}},"_links":{"self":[{"href":"https:\/\/denizcankizil.tr\/en\/wp-json\/wp\/v2\/posts\/43362","targetHints":{"allow":["GET"]}}],"collection":[{"href":"https:\/\/denizcankizil.tr\/en\/wp-json\/wp\/v2\/posts"}],"about":[{"href":"https:\/\/denizcankizil.tr\/en\/wp-json\/wp\/v2\/types\/post"}],"author":[{"embeddable":true,"href":"https:\/\/denizcankizil.tr\/en\/wp-json\/wp\/v2\/users\/1"}],"replies":[{"embeddable":true,"href":"https:\/\/denizcankizil.tr\/en\/wp-json\/wp\/v2\/comments?post=43362"}],"version-history":[{"count":0,"href":"https:\/\/denizcankizil.tr\/en\/wp-json\/wp\/v2\/posts\/43362\/revisions"}],"wp:attachment":[{"href":"https:\/\/denizcankizil.tr\/en\/wp-json\/wp\/v2\/media?parent=43362"}],"wp:term":[{"taxonomy":"category","embeddable":true,"href":"https:\/\/denizcankizil.tr\/en\/wp-json\/wp\/v2\/categories?post=43362"},{"taxonomy":"post_tag","embeddable":true,"href":"https:\/\/denizcankizil.tr\/en\/wp-json\/wp\/v2\/tags?post=43362"}],"curies":[{"name":"wp","href":"https:\/\/api.w.org\/{rel}","templated":true}]}}