{"id":4321,"date":"2024-10-19T15:41:37","date_gmt":"2024-10-19T12:41:37","guid":{"rendered":"https:\/\/denizcankizil.tr\/uncategorized-tr\/oturma-eylemi-yaptilar\/"},"modified":"2024-10-19T15:41:37","modified_gmt":"2024-10-19T12:41:37","slug":"oturma-eylemi-yaptilar","status":"publish","type":"post","link":"https:\/\/denizcankizil.tr\/en\/haberler\/gundem\/oturma-eylemi-yaptilar\/","title":{"rendered":"Oturma Eylemi Yapt\u0131lar"},"content":{"rendered":"<p>CHP Hatay Milletvekili Nermin Y\u0131ld\u0131r\u0131m Kara, \u00f6nceki d\u00f6nem Milletvekili Suzan \u015eahin, CHP Arsuz kad\u0131n kollar\u0131 Ba\u015fkan\u0131 Vahide Karpuz sivil tolum kurulu\u015f temsilcileri ile kad\u0131nlar kad\u0131n ve \u00e7ocuk cinayetlerine kar\u015f\u0131 seslerini duyurmaya \u00e7al\u0131\u015ft\u0131lar.<\/p>\n<p>CHP Arsuz Kad\u0131n kollar\u0131 Ba\u015fkan\u0131 Vahide Karpuz, Kad\u0131n ve \u00e7ocuklar\u0131n sa\u011f\u0131r edici \u00e7\u0131\u011fl\u0131klar\u0131n\u0131n duyulmad\u0131\u011f\u0131 bu s\u00fcre\u00e7te bizler hala sesimizi duyurmaya \u00e7al\u0131\u015f\u0131yoruz diyerek \u015f\u00f6yle konu\u015ftu:<\/p>\n<p>\u201c Son y\u0131llarda kad\u0131na y\u00f6nelen \u015fiddet, taciz ve i\u015fkencelerin artt\u0131\u011f\u0131 ve bu \u015fiddetleri normalle\u015ftirmeye \u00e7al\u0131\u015fanlara kar\u015f\u0131 bir ki\u015fi dahi eksilmeye tahamm\u00fcl\u00fcm\u00fcz yok diyerek sesimizi y\u00fckseltmek istiyoruz. Her ge\u00e7en g\u00fcn ac\u0131m\u0131z katlanarak art\u0131yor. Bu \u00fclkede kendini g\u00fcvende hissetmeyen kad\u0131n m\u00fccadelesine tan\u0131kl\u0131k ederken, korumas\u0131z, sevgiye muhta\u00e7 tertemiz \u00e7ocuklar\u0131m\u0131z\u0131n evde, okulda, parkta sokakta oynamas\u0131 gerekirken istismara u\u011framas\u0131 \u00f6ld\u00fcr\u00fclmesi b\u0131\u00e7a\u011f\u0131 kemi\u011fe dayayan son durum olmu\u015ftur.\u201d<\/p>\n<p>\u200bAruz\u2019da kad\u0131nlar bir araya gelerek Kad\u0131n cinayetlerine kar\u015f\u0131 tepkilerini dile getirdiler.\u00a0<\/p>\n<p>\u200bHaberin Al\u0131nt\u0131land\u0131\u011f\u0131 Kaynak: www.iskenderun.org<\/p>","protected":false},"excerpt":{"rendered":"<p>CHP Hatay Milletvekili Nermin Y\u0131ld\u0131r\u0131m Kara, \u00f6nceki d\u00f6nem Milletvekili Suzan \u015eahin, CHP Arsuz kad\u0131n kollar\u0131 Ba\u015fkan\u0131 Vahide Karpuz sivil tolum kurulu\u015f temsilcileri ile kad\u0131nlar kad\u0131n ve \u00e7ocuk cinayetlerine kar\u015f\u0131 seslerini duyurmaya \u00e7al\u0131\u015ft\u0131lar. CHP Arsuz Kad\u0131n kollar\u0131 Ba\u015fkan\u0131 Vahide Karpuz, Kad\u0131n ve \u00e7ocuklar\u0131n sa\u011f\u0131r edici \u00e7\u0131\u011fl\u0131klar\u0131n\u0131n duyulmad\u0131\u011f\u0131 bu s\u00fcre\u00e7te bizler hala sesimizi duyurmaya \u00e7al\u0131\u015f\u0131yoruz diyerek \u015f\u00f6yle konu\u015ftu: \u201c Son y\u0131llarda kad\u0131na y\u00f6nelen \u015fiddet, taciz ve i\u015fkencelerin artt\u0131\u011f\u0131 ve bu \u015fiddetleri normalle\u015ftirmeye \u00e7al\u0131\u015fanlara kar\u015f\u0131 bir ki\u015fi dahi eksilmeye tahamm\u00fcl\u00fcm\u00fcz yok diyerek sesimizi y\u00fckseltmek istiyoruz. Her ge\u00e7en g\u00fcn ac\u0131m\u0131z katlanarak art\u0131yor. Bu \u00fclkede kendini g\u00fcvende hissetmeyen kad\u0131n m\u00fccadelesine tan\u0131kl\u0131k ederken, korumas\u0131z, sevgiye muhta\u00e7 tertemiz \u00e7ocuklar\u0131m\u0131z\u0131n evde, okulda, parkta sokakta oynamas\u0131 gerekirken istismara u\u011framas\u0131 \u00f6ld\u00fcr\u00fclmesi b\u0131\u00e7a\u011f\u0131 kemi\u011fe dayayan son durum olmu\u015ftur.\u201d \u200bAruz\u2019da kad\u0131nlar bir araya gelerek Kad\u0131n cinayetlerine kar\u015f\u0131 tepkilerini dile getirdiler.\u00a0 \u200bHaberin Al\u0131nt\u0131land\u0131\u011f\u0131 Kaynak: www.iskenderun.org<\/p>","protected":false},"author":0,"featured_media":0,"comment_status":"open","ping_status":"open","sticky":false,"template":"","format":"standard","meta":{"_acf_changed":false,"footnotes":""},"categories":[24,535],"tags":[],"class_list":["post-4321","post","type-post","status-publish","format-standard","has-post-thumbnail","hentry","category-gundem","category-uncategorized-tr"],"acf":[],"yoast_head":"<!-- This site is optimized with the Yoast SEO Premium plugin v26.6 (Yoast SEO v27.1.1) - https:\/\/yoast.com\/product\/yoast-seo-premium-wordpress\/ -->\n<title>Oturma Eylemi Yapt\u0131lar - Av. Deniz Can K\u0131z\u0131l<\/title>\n<meta name=\"robots\" content=\"index, follow, max-snippet:-1, max-image-preview:large, max-video-preview:-1\" \/>\n<link rel=\"canonical\" href=\"https:\/\/denizcankizil.tr\/en\/haberler\/gundem\/oturma-eylemi-yaptilar\/\" \/>\n<meta property=\"og:locale\" content=\"en_GB\" \/>\n<meta property=\"og:type\" content=\"article\" \/>\n<meta property=\"og:title\" content=\"Oturma Eylemi Yapt\u0131lar\" \/>\n<meta property=\"og:description\" content=\"CHP Hatay Milletvekili Nermin Y\u0131ld\u0131r\u0131m Kara, \u00f6nceki d\u00f6nem Milletvekili Suzan \u015eahin, CHP Arsuz kad\u0131n kollar\u0131 Ba\u015fkan\u0131 Vahide Karpuz sivil tolum kurulu\u015f temsilcileri ile kad\u0131nlar kad\u0131n ve \u00e7ocuk cinayetlerine kar\u015f\u0131 seslerini duyurmaya \u00e7al\u0131\u015ft\u0131lar. CHP Arsuz Kad\u0131n kollar\u0131 Ba\u015fkan\u0131 Vahide Karpuz, Kad\u0131n ve \u00e7ocuklar\u0131n sa\u011f\u0131r edici \u00e7\u0131\u011fl\u0131klar\u0131n\u0131n duyulmad\u0131\u011f\u0131 bu s\u00fcre\u00e7te bizler hala sesimizi duyurmaya \u00e7al\u0131\u015f\u0131yoruz diyerek \u015f\u00f6yle konu\u015ftu: \u201c Son y\u0131llarda kad\u0131na y\u00f6nelen \u015fiddet, taciz ve i\u015fkencelerin artt\u0131\u011f\u0131 ve bu \u015fiddetleri normalle\u015ftirmeye \u00e7al\u0131\u015fanlara kar\u015f\u0131 bir ki\u015fi dahi eksilmeye tahamm\u00fcl\u00fcm\u00fcz yok diyerek sesimizi y\u00fckseltmek istiyoruz. Her ge\u00e7en g\u00fcn ac\u0131m\u0131z katlanarak art\u0131yor. Bu \u00fclkede kendini g\u00fcvende hissetmeyen kad\u0131n m\u00fccadelesine tan\u0131kl\u0131k ederken, korumas\u0131z, sevgiye muhta\u00e7 tertemiz \u00e7ocuklar\u0131m\u0131z\u0131n evde, okulda, parkta sokakta oynamas\u0131 gerekirken istismara u\u011framas\u0131 \u00f6ld\u00fcr\u00fclmesi b\u0131\u00e7a\u011f\u0131 kemi\u011fe dayayan son durum olmu\u015ftur.\u201d \u200bAruz\u2019da kad\u0131nlar bir araya gelerek Kad\u0131n cinayetlerine kar\u015f\u0131 tepkilerini dile getirdiler.\u00a0 \u200bHaberin Al\u0131nt\u0131land\u0131\u011f\u0131 Kaynak: www.iskenderun.org\" \/>\n<meta property=\"og:url\" content=\"https:\/\/denizcankizil.tr\/en\/haberler\/gundem\/oturma-eylemi-yaptilar\/\" \/>\n<meta property=\"og:site_name\" content=\"Av. Deniz Can K\u0131z\u0131l\" \/>\n<meta property=\"article:published_time\" content=\"2024-10-19T12:41:37+00:00\" \/>\n<meta name=\"twitter:card\" content=\"summary_large_image\" \/>\n<meta name=\"twitter:label1\" content=\"Estimated reading time\" \/>\n\t<meta name=\"twitter:data1\" content=\"1 minute\" \/>\n<script type=\"application\/ld+json\" class=\"yoast-schema-graph\">{\"@context\":\"https:\/\/schema.org\",\"@graph\":[{\"@type\":\"Article\",\"@id\":\"https:\/\/denizcankizil.tr\/en\/haberler\/gundem\/oturma-eylemi-yaptilar\/#article\",\"isPartOf\":{\"@id\":\"https:\/\/denizcankizil.tr\/en\/haberler\/gundem\/oturma-eylemi-yaptilar\/\"},\"author\":{\"name\":\"\",\"@id\":\"\"},\"headline\":\"Oturma Eylemi Yapt\u0131lar\",\"datePublished\":\"2024-10-19T12:41:37+00:00\",\"mainEntityOfPage\":{\"@id\":\"https:\/\/denizcankizil.tr\/en\/haberler\/gundem\/oturma-eylemi-yaptilar\/\"},\"wordCount\":195,\"commentCount\":0,\"publisher\":{\"@id\":\"https:\/\/denizcankizil.tr\/#organization\"},\"articleSection\":[\"G\u00fcndem\",\"Uncategorized\"],\"inLanguage\":\"en-GB\",\"potentialAction\":[{\"@type\":\"CommentAction\",\"name\":\"Comment\",\"target\":[\"https:\/\/denizcankizil.tr\/en\/haberler\/gundem\/oturma-eylemi-yaptilar\/#respond\"]}]},{\"@type\":\"WebPage\",\"@id\":\"https:\/\/denizcankizil.tr\/en\/haberler\/gundem\/oturma-eylemi-yaptilar\/\",\"url\":\"https:\/\/denizcankizil.tr\/en\/haberler\/gundem\/oturma-eylemi-yaptilar\/\",\"name\":\"Oturma Eylemi Yapt\u0131lar - Av. Deniz Can K\u0131z\u0131l\",\"isPartOf\":{\"@id\":\"https:\/\/denizcankizil.tr\/#website\"},\"datePublished\":\"2024-10-19T12:41:37+00:00\",\"breadcrumb\":{\"@id\":\"https:\/\/denizcankizil.tr\/en\/haberler\/gundem\/oturma-eylemi-yaptilar\/#breadcrumb\"},\"inLanguage\":\"en-GB\",\"potentialAction\":[{\"@type\":\"ReadAction\",\"target\":[\"https:\/\/denizcankizil.tr\/en\/haberler\/gundem\/oturma-eylemi-yaptilar\/\"]}]},{\"@type\":\"BreadcrumbList\",\"@id\":\"https:\/\/denizcankizil.tr\/en\/haberler\/gundem\/oturma-eylemi-yaptilar\/#breadcrumb\",\"itemListElement\":[{\"@type\":\"ListItem\",\"position\":1,\"name\":\"Home\",\"item\":\"https:\/\/denizcankizil.tr\/uk\/\"},{\"@type\":\"ListItem\",\"position\":2,\"name\":\"Oturma Eylemi Yapt\u0131lar\"}]},{\"@type\":\"WebSite\",\"@id\":\"https:\/\/denizcankizil.tr\/#website\",\"url\":\"https:\/\/denizcankizil.tr\/\",\"name\":\"Av. Deniz Can K\u0131z\u0131l\",\"description\":\"Avukat Deniz Can K\u0131z\u0131l Antalya Barosu\",\"publisher\":{\"@id\":\"https:\/\/denizcankizil.tr\/#organization\"},\"potentialAction\":[{\"@type\":\"SearchAction\",\"target\":{\"@type\":\"EntryPoint\",\"urlTemplate\":\"https:\/\/denizcankizil.tr\/?s={search_term_string}\"},\"query-input\":{\"@type\":\"PropertyValueSpecification\",\"valueRequired\":true,\"valueName\":\"search_term_string\"}}],\"inLanguage\":\"en-GB\"},{\"@type\":\"Organization\",\"@id\":\"https:\/\/denizcankizil.tr\/#organization\",\"name\":\"Av. Deniz Can K\u0131z\u0131l\",\"url\":\"https:\/\/denizcankizil.tr\/\",\"logo\":{\"@type\":\"ImageObject\",\"inLanguage\":\"en-GB\",\"@id\":\"https:\/\/denizcankizil.tr\/#\/schema\/logo\/image\/\",\"url\":\"https:\/\/denizcankizil.tr\/wp-content\/uploads\/2024\/10\/siyah-logo-svg.svg\",\"contentUrl\":\"https:\/\/denizcankizil.tr\/wp-content\/uploads\/2024\/10\/siyah-logo-svg.svg\",\"width\":1080,\"height\":1080,\"caption\":\"Av. Deniz Can K\u0131z\u0131l\"},\"image\":{\"@id\":\"https:\/\/denizcankizil.tr\/#\/schema\/logo\/image\/\"}}]}<\/script>\n<!-- \/ Yoast SEO Premium plugin. -->","yoast_head_json":{"title":"Oturma Eylemi Yapt\u0131lar - Av. Deniz Can K\u0131z\u0131l","robots":{"index":"index","follow":"follow","max-snippet":"max-snippet:-1","max-image-preview":"max-image-preview:large","max-video-preview":"max-video-preview:-1"},"canonical":"https:\/\/denizcankizil.tr\/en\/haberler\/gundem\/oturma-eylemi-yaptilar\/","og_locale":"en_GB","og_type":"article","og_title":"Oturma Eylemi Yapt\u0131lar","og_description":"CHP Hatay Milletvekili Nermin Y\u0131ld\u0131r\u0131m Kara, \u00f6nceki d\u00f6nem Milletvekili Suzan \u015eahin, CHP Arsuz kad\u0131n kollar\u0131 Ba\u015fkan\u0131 Vahide Karpuz sivil tolum kurulu\u015f temsilcileri ile kad\u0131nlar kad\u0131n ve \u00e7ocuk cinayetlerine kar\u015f\u0131 seslerini duyurmaya \u00e7al\u0131\u015ft\u0131lar. CHP Arsuz Kad\u0131n kollar\u0131 Ba\u015fkan\u0131 Vahide Karpuz, Kad\u0131n ve \u00e7ocuklar\u0131n sa\u011f\u0131r edici \u00e7\u0131\u011fl\u0131klar\u0131n\u0131n duyulmad\u0131\u011f\u0131 bu s\u00fcre\u00e7te bizler hala sesimizi duyurmaya \u00e7al\u0131\u015f\u0131yoruz diyerek \u015f\u00f6yle konu\u015ftu: \u201c Son y\u0131llarda kad\u0131na y\u00f6nelen \u015fiddet, taciz ve i\u015fkencelerin artt\u0131\u011f\u0131 ve bu \u015fiddetleri normalle\u015ftirmeye \u00e7al\u0131\u015fanlara kar\u015f\u0131 bir ki\u015fi dahi eksilmeye tahamm\u00fcl\u00fcm\u00fcz yok diyerek sesimizi y\u00fckseltmek istiyoruz. Her ge\u00e7en g\u00fcn ac\u0131m\u0131z katlanarak art\u0131yor. Bu \u00fclkede kendini g\u00fcvende hissetmeyen kad\u0131n m\u00fccadelesine tan\u0131kl\u0131k ederken, korumas\u0131z, sevgiye muhta\u00e7 tertemiz \u00e7ocuklar\u0131m\u0131z\u0131n evde, okulda, parkta sokakta oynamas\u0131 gerekirken istismara u\u011framas\u0131 \u00f6ld\u00fcr\u00fclmesi b\u0131\u00e7a\u011f\u0131 kemi\u011fe dayayan son durum olmu\u015ftur.\u201d \u200bAruz\u2019da kad\u0131nlar bir araya gelerek Kad\u0131n cinayetlerine kar\u015f\u0131 tepkilerini dile getirdiler.\u00a0 \u200bHaberin Al\u0131nt\u0131land\u0131\u011f\u0131 Kaynak: www.iskenderun.org","og_url":"https:\/\/denizcankizil.tr\/en\/haberler\/gundem\/oturma-eylemi-yaptilar\/","og_site_name":"Av. Deniz Can K\u0131z\u0131l","article_published_time":"2024-10-19T12:41:37+00:00","twitter_card":"summary_large_image","twitter_misc":{"Estimated reading time":"1 minute"},"schema":{"@context":"https:\/\/schema.org","@graph":[{"@type":"Article","@id":"https:\/\/denizcankizil.tr\/en\/haberler\/gundem\/oturma-eylemi-yaptilar\/#article","isPartOf":{"@id":"https:\/\/denizcankizil.tr\/en\/haberler\/gundem\/oturma-eylemi-yaptilar\/"},"author":{"name":"","@id":""},"headline":"Oturma Eylemi Yapt\u0131lar","datePublished":"2024-10-19T12:41:37+00:00","mainEntityOfPage":{"@id":"https:\/\/denizcankizil.tr\/en\/haberler\/gundem\/oturma-eylemi-yaptilar\/"},"wordCount":195,"commentCount":0,"publisher":{"@id":"https:\/\/denizcankizil.tr\/#organization"},"articleSection":["G\u00fcndem","Uncategorized"],"inLanguage":"en-GB","potentialAction":[{"@type":"CommentAction","name":"Comment","target":["https:\/\/denizcankizil.tr\/en\/haberler\/gundem\/oturma-eylemi-yaptilar\/#respond"]}]},{"@type":"WebPage","@id":"https:\/\/denizcankizil.tr\/en\/haberler\/gundem\/oturma-eylemi-yaptilar\/","url":"https:\/\/denizcankizil.tr\/en\/haberler\/gundem\/oturma-eylemi-yaptilar\/","name":"Oturma Eylemi Yapt\u0131lar - Av. Deniz Can K\u0131z\u0131l","isPartOf":{"@id":"https:\/\/denizcankizil.tr\/#website"},"datePublished":"2024-10-19T12:41:37+00:00","breadcrumb":{"@id":"https:\/\/denizcankizil.tr\/en\/haberler\/gundem\/oturma-eylemi-yaptilar\/#breadcrumb"},"inLanguage":"en-GB","potentialAction":[{"@type":"ReadAction","target":["https:\/\/denizcankizil.tr\/en\/haberler\/gundem\/oturma-eylemi-yaptilar\/"]}]},{"@type":"BreadcrumbList","@id":"https:\/\/denizcankizil.tr\/en\/haberler\/gundem\/oturma-eylemi-yaptilar\/#breadcrumb","itemListElement":[{"@type":"ListItem","position":1,"name":"Home","item":"https:\/\/denizcankizil.tr\/uk\/"},{"@type":"ListItem","position":2,"name":"Oturma Eylemi Yapt\u0131lar"}]},{"@type":"WebSite","@id":"https:\/\/denizcankizil.tr\/#website","url":"https:\/\/denizcankizil.tr\/","name":"Av. Deniz Can K\u0131z\u0131l","description":"Avukat Deniz Can K\u0131z\u0131l Antalya Barosu","publisher":{"@id":"https:\/\/denizcankizil.tr\/#organization"},"potentialAction":[{"@type":"SearchAction","target":{"@type":"EntryPoint","urlTemplate":"https:\/\/denizcankizil.tr\/?s={search_term_string}"},"query-input":{"@type":"PropertyValueSpecification","valueRequired":true,"valueName":"search_term_string"}}],"inLanguage":"en-GB"},{"@type":"Organization","@id":"https:\/\/denizcankizil.tr\/#organization","name":"Av. Deniz Can K\u0131z\u0131l","url":"https:\/\/denizcankizil.tr\/","logo":{"@type":"ImageObject","inLanguage":"en-GB","@id":"https:\/\/denizcankizil.tr\/#\/schema\/logo\/image\/","url":"https:\/\/denizcankizil.tr\/wp-content\/uploads\/2024\/10\/siyah-logo-svg.svg","contentUrl":"https:\/\/denizcankizil.tr\/wp-content\/uploads\/2024\/10\/siyah-logo-svg.svg","width":1080,"height":1080,"caption":"Av. Deniz Can K\u0131z\u0131l"},"image":{"@id":"https:\/\/denizcankizil.tr\/#\/schema\/logo\/image\/"}}]}},"_links":{"self":[{"href":"https:\/\/denizcankizil.tr\/en\/wp-json\/wp\/v2\/posts\/4321","targetHints":{"allow":["GET"]}}],"collection":[{"href":"https:\/\/denizcankizil.tr\/en\/wp-json\/wp\/v2\/posts"}],"about":[{"href":"https:\/\/denizcankizil.tr\/en\/wp-json\/wp\/v2\/types\/post"}],"replies":[{"embeddable":true,"href":"https:\/\/denizcankizil.tr\/en\/wp-json\/wp\/v2\/comments?post=4321"}],"version-history":[{"count":0,"href":"https:\/\/denizcankizil.tr\/en\/wp-json\/wp\/v2\/posts\/4321\/revisions"}],"wp:attachment":[{"href":"https:\/\/denizcankizil.tr\/en\/wp-json\/wp\/v2\/media?parent=4321"}],"wp:term":[{"taxonomy":"category","embeddable":true,"href":"https:\/\/denizcankizil.tr\/en\/wp-json\/wp\/v2\/categories?post=4321"},{"taxonomy":"post_tag","embeddable":true,"href":"https:\/\/denizcankizil.tr\/en\/wp-json\/wp\/v2\/tags?post=4321"}],"curies":[{"name":"wp","href":"https:\/\/api.w.org\/{rel}","templated":true}]}}