{"id":4316,"date":"2024-10-19T15:41:37","date_gmt":"2024-10-19T12:41:37","guid":{"rendered":"https:\/\/denizcankizil.tr\/uncategorized-tr\/cumhurbaskani-erdogan-4-ulkenin-disisleri-bakanlarini-kabul-etti\/"},"modified":"2024-10-19T15:41:37","modified_gmt":"2024-10-19T12:41:37","slug":"cumhurbaskani-erdogan-4-ulkenin-disisleri-bakanlarini-kabul-etti","status":"publish","type":"post","link":"https:\/\/denizcankizil.tr\/en\/haberler\/gundem\/cumhurbaskani-erdogan-4-ulkenin-disisleri-bakanlarini-kabul-etti\/","title":{"rendered":"Cumhurba\u015fkan\u0131 Erdo\u011fan, 4 \u00fclkenin D\u0131\u015fi\u015fleri Bakanlar\u0131n\u0131 kabul etti"},"content":{"rendered":"<p>Cumhurba\u015fkan\u0131 Recep Tayyip Erdo\u011fan, Azerbaycan D\u0131\u015fi\u015fleri Bakan\u0131 Ceyhun Bayramov, Rusya D\u0131\u015fi\u015fleri Bakan\u0131 Sergey Lavrov, \u0130ran D\u0131\u015fi\u015fleri Bakan\u0131 Abbas Erak\u00e7i ve Ermenistan D\u0131\u015fi\u015fleri Bakan\u0131 Ararat Mirzoyan&#8217;\u0131, Dolmabah\u00e7e&#8217;deki \u00c7al\u0131\u015fma Ofisi&#8217;nde kabul etti.\u0130STANBUL (\u0130GFA) &#8211; Cumhurba\u015fkan\u0131 Erdo\u011fan, Azerbaycan, Rusya, \u0130ran ve Ermenistan D\u0131\u015fi\u015fleri Bakanlar\u0131n\u0131 kabul etti<br \/>\nDolmabah\u00e7e&#8217;de \u00c7al\u0131\u015fma Ofisi&#8217;ndeki kabulde G\u00fcney Kafkasya\u2019daki kal\u0131c\u0131 bar\u0131\u015f s\u00fcreci ile b\u00f6lgesel ve k\u00fcresel konular ele al\u0131nd\u0131.<br \/>\n\u0130leti\u015fim Ba\u015fkanl\u0131\u011f\u0131&#8217;ndan aktar\u0131lan habere g\u00f6re Cumhurba\u015fkan\u0131 Erdo\u011fan kabulde, T\u00fcrkiye\u2019nin b\u00f6lgesel sorunlar\u0131n diyalog yoluyla \u00e7\u00f6z\u00fclmesi anlay\u0131\u015f\u0131 ile olu\u015fturulan platforma b\u00fcy\u00fck \u00f6nem verdi\u011fini, G\u00fcney Kafkasya\u2019n\u0131n \u00e7ehresinin kal\u0131c\u0131 bar\u0131\u015f yolunda de\u011fi\u015fmesinin sevindirici oldu\u011funu belirtti.<br \/>\nT\u00fcrkiye\u2019nin Azerbaycan ile Ermenistan aras\u0131nda kal\u0131c\u0131 bar\u0131\u015f\u0131 sa\u011flamak i\u00e7in ortaya konan \u00e7abalara her t\u00fcrl\u00fc deste\u011fi vermeye devam edece\u011fini s\u00f6yleyen Cumhurba\u015fkan\u0131 Erdo\u011fan, b\u00f6lgede ya\u015fanan geli\u015fmelerin i\u015f birli\u011fi ve dayan\u0131\u015fmay\u0131 g\u00fc\u00e7lendirmeyi gerekli k\u0131ld\u0131\u011f\u0131n\u0131, platformun kurumsal bir yap\u0131ya d\u00f6n\u00fc\u015ft\u00fcr\u00fclmesinin, ortaya konan diyalog mekanizmas\u0131n\u0131 daha etkili h\u00e2le getirece\u011fini ifade etti.<\/p>\n<p>Cumhurba\u015fkan\u0131 Erdo\u011fan, \u0130srail\u2019in b\u00f6lgede \u00e7at\u0131\u015fmalar\u0131 yaymak i\u00e7in provokasyon aray\u0131\u015f\u0131nda oldu\u011funu, ate\u015fkesin sa\u011flanmad\u0131\u011f\u0131 her ge\u00e7en g\u00fcn b\u00f6lgesel bir sava\u015fa daha \u00e7ok yakla\u015f\u0131ld\u0131\u011f\u0131n\u0131, Birle\u015fmi\u015f Milletler nezdinde \u0130srail\u2019e uygulanacak silah ambargosunun \u0130srail sald\u0131rganl\u0131\u011f\u0131n\u0131 durdurmak i\u00e7in etkili bir ad\u0131m olaca\u011f\u0131n\u0131, T\u00fcrkiye\u2019nin bunu her platformda dillendirmeye devam edece\u011fini belirtti.<br \/>\nYakla\u015f\u0131k 1 saat s\u00fcren kabulde, Cumhurba\u015fkan\u0131 Erdo\u011fan\u2019a D\u0131\u015fi\u015fleri Bakan\u0131 Hakan Fidan, Cumhurba\u015fkanl\u0131\u011f\u0131 \u0130leti\u015fim Ba\u015fkan\u0131 Fahrettin Altun ve Cumhurba\u015fkan\u0131 D\u0131\u015f Politika ve G\u00fcvenlik Ba\u015fdan\u0131\u015fman\u0131 Akif \u00c7a\u011fatay K\u0131l\u0131\u00e7 da e\u015flik etti.<\/p>\n<p>\u200bCumhurba\u015fkan\u0131 Recep Tayyip Erdo\u011fan, Azerbaycan D\u0131\u015fi\u015fleri Bakan\u0131 Ceyhun Bayramov, Rusya D\u0131\u015fi\u015fleri Bakan\u0131 Sergey Lavrov, \u0130ran D\u0131\u015fi\u015fleri Bakan\u0131 Abbas Erak\u00e7i ve Ermenistan D\u0131\u015fi\u015fleri Bakan\u0131 Ararat Mirzoyan&#8217;\u0131, Dolmabah\u00e7e&#8217;deki \u00c7al\u0131\u015fma Ofisi&#8217;nde kabul etti\u00a0<\/p>\n<p>\u200bHaberin Al\u0131nt\u0131land\u0131\u011f\u0131 Kaynak: www.iskenderun.org<\/p>","protected":false},"excerpt":{"rendered":"<p>Cumhurba\u015fkan\u0131 Recep Tayyip Erdo\u011fan, Azerbaycan D\u0131\u015fi\u015fleri Bakan\u0131 Ceyhun Bayramov, Rusya D\u0131\u015fi\u015fleri Bakan\u0131 Sergey Lavrov, \u0130ran D\u0131\u015fi\u015fleri Bakan\u0131 Abbas Erak\u00e7i ve Ermenistan D\u0131\u015fi\u015fleri Bakan\u0131 Ararat Mirzoyan&#8217;\u0131, Dolmabah\u00e7e&#8217;deki \u00c7al\u0131\u015fma Ofisi&#8217;nde kabul etti.\u0130STANBUL (\u0130GFA) &#8211; Cumhurba\u015fkan\u0131 Erdo\u011fan, Azerbaycan, Rusya, \u0130ran ve Ermenistan D\u0131\u015fi\u015fleri Bakanlar\u0131n\u0131 kabul etti Dolmabah\u00e7e&#8217;de \u00c7al\u0131\u015fma Ofisi&#8217;ndeki kabulde G\u00fcney Kafkasya\u2019daki kal\u0131c\u0131 bar\u0131\u015f s\u00fcreci ile b\u00f6lgesel ve k\u00fcresel konular ele al\u0131nd\u0131. \u0130leti\u015fim Ba\u015fkanl\u0131\u011f\u0131&#8217;ndan aktar\u0131lan habere g\u00f6re Cumhurba\u015fkan\u0131 Erdo\u011fan kabulde, T\u00fcrkiye\u2019nin b\u00f6lgesel sorunlar\u0131n diyalog yoluyla \u00e7\u00f6z\u00fclmesi anlay\u0131\u015f\u0131 ile olu\u015fturulan platforma b\u00fcy\u00fck \u00f6nem verdi\u011fini, G\u00fcney Kafkasya\u2019n\u0131n \u00e7ehresinin kal\u0131c\u0131 bar\u0131\u015f yolunda de\u011fi\u015fmesinin sevindirici oldu\u011funu belirtti. T\u00fcrkiye\u2019nin Azerbaycan ile Ermenistan aras\u0131nda kal\u0131c\u0131 bar\u0131\u015f\u0131 sa\u011flamak i\u00e7in ortaya konan \u00e7abalara her t\u00fcrl\u00fc deste\u011fi vermeye devam edece\u011fini s\u00f6yleyen Cumhurba\u015fkan\u0131 Erdo\u011fan, b\u00f6lgede ya\u015fanan geli\u015fmelerin i\u015f birli\u011fi ve dayan\u0131\u015fmay\u0131 g\u00fc\u00e7lendirmeyi gerekli k\u0131ld\u0131\u011f\u0131n\u0131, platformun kurumsal bir yap\u0131ya d\u00f6n\u00fc\u015ft\u00fcr\u00fclmesinin, ortaya konan diyalog mekanizmas\u0131n\u0131 daha etkili h\u00e2le getirece\u011fini ifade etti. Cumhurba\u015fkan\u0131 Erdo\u011fan, \u0130srail\u2019in b\u00f6lgede \u00e7at\u0131\u015fmalar\u0131 yaymak i\u00e7in provokasyon aray\u0131\u015f\u0131nda oldu\u011funu, ate\u015fkesin sa\u011flanmad\u0131\u011f\u0131 her ge\u00e7en g\u00fcn b\u00f6lgesel bir sava\u015fa daha \u00e7ok yakla\u015f\u0131ld\u0131\u011f\u0131n\u0131, Birle\u015fmi\u015f Milletler nezdinde \u0130srail\u2019e uygulanacak silah ambargosunun \u0130srail sald\u0131rganl\u0131\u011f\u0131n\u0131 durdurmak i\u00e7in etkili bir ad\u0131m olaca\u011f\u0131n\u0131, T\u00fcrkiye\u2019nin bunu her platformda dillendirmeye devam edece\u011fini belirtti. Yakla\u015f\u0131k 1 saat s\u00fcren kabulde, Cumhurba\u015fkan\u0131 Erdo\u011fan\u2019a D\u0131\u015fi\u015fleri Bakan\u0131 Hakan Fidan, Cumhurba\u015fkanl\u0131\u011f\u0131 \u0130leti\u015fim Ba\u015fkan\u0131 Fahrettin Altun ve Cumhurba\u015fkan\u0131 D\u0131\u015f Politika &hellip;<\/p>","protected":false},"author":0,"featured_media":0,"comment_status":"open","ping_status":"open","sticky":false,"template":"","format":"standard","meta":{"_acf_changed":false,"footnotes":""},"categories":[24,535],"tags":[],"class_list":["post-4316","post","type-post","status-publish","format-standard","has-post-thumbnail","hentry","category-gundem","category-uncategorized-tr"],"acf":[],"yoast_head":"<!-- This site is optimized with the Yoast SEO Premium plugin v26.6 (Yoast SEO v27.1.1) - https:\/\/yoast.com\/product\/yoast-seo-premium-wordpress\/ -->\n<title>Cumhurba\u015fkan\u0131 Erdo\u011fan, 4 \u00fclkenin D\u0131\u015fi\u015fleri Bakanlar\u0131n\u0131 kabul etti - Av. Deniz Can K\u0131z\u0131l<\/title>\n<meta name=\"robots\" content=\"index, follow, max-snippet:-1, max-image-preview:large, max-video-preview:-1\" \/>\n<link rel=\"canonical\" href=\"https:\/\/denizcankizil.tr\/en\/haberler\/gundem\/cumhurbaskani-erdogan-4-ulkenin-disisleri-bakanlarini-kabul-etti\/\" \/>\n<meta property=\"og:locale\" content=\"en_GB\" \/>\n<meta property=\"og:type\" content=\"article\" \/>\n<meta property=\"og:title\" content=\"Cumhurba\u015fkan\u0131 Erdo\u011fan, 4 \u00fclkenin D\u0131\u015fi\u015fleri Bakanlar\u0131n\u0131 kabul etti\" \/>\n<meta property=\"og:description\" content=\"Cumhurba\u015fkan\u0131 Recep Tayyip Erdo\u011fan, Azerbaycan D\u0131\u015fi\u015fleri Bakan\u0131 Ceyhun Bayramov, Rusya D\u0131\u015fi\u015fleri Bakan\u0131 Sergey Lavrov, \u0130ran D\u0131\u015fi\u015fleri Bakan\u0131 Abbas Erak\u00e7i ve Ermenistan D\u0131\u015fi\u015fleri Bakan\u0131 Ararat Mirzoyan&#8217;\u0131, Dolmabah\u00e7e&#8217;deki \u00c7al\u0131\u015fma Ofisi&#8217;nde kabul etti.\u0130STANBUL (\u0130GFA) &#8211; Cumhurba\u015fkan\u0131 Erdo\u011fan, Azerbaycan, Rusya, \u0130ran ve Ermenistan D\u0131\u015fi\u015fleri Bakanlar\u0131n\u0131 kabul etti Dolmabah\u00e7e&#8217;de \u00c7al\u0131\u015fma Ofisi&#8217;ndeki kabulde G\u00fcney Kafkasya\u2019daki kal\u0131c\u0131 bar\u0131\u015f s\u00fcreci ile b\u00f6lgesel ve k\u00fcresel konular ele al\u0131nd\u0131. \u0130leti\u015fim Ba\u015fkanl\u0131\u011f\u0131&#8217;ndan aktar\u0131lan habere g\u00f6re Cumhurba\u015fkan\u0131 Erdo\u011fan kabulde, T\u00fcrkiye\u2019nin b\u00f6lgesel sorunlar\u0131n diyalog yoluyla \u00e7\u00f6z\u00fclmesi anlay\u0131\u015f\u0131 ile olu\u015fturulan platforma b\u00fcy\u00fck \u00f6nem verdi\u011fini, G\u00fcney Kafkasya\u2019n\u0131n \u00e7ehresinin kal\u0131c\u0131 bar\u0131\u015f yolunda de\u011fi\u015fmesinin sevindirici oldu\u011funu belirtti. T\u00fcrkiye\u2019nin Azerbaycan ile Ermenistan aras\u0131nda kal\u0131c\u0131 bar\u0131\u015f\u0131 sa\u011flamak i\u00e7in ortaya konan \u00e7abalara her t\u00fcrl\u00fc deste\u011fi vermeye devam edece\u011fini s\u00f6yleyen Cumhurba\u015fkan\u0131 Erdo\u011fan, b\u00f6lgede ya\u015fanan geli\u015fmelerin i\u015f birli\u011fi ve dayan\u0131\u015fmay\u0131 g\u00fc\u00e7lendirmeyi gerekli k\u0131ld\u0131\u011f\u0131n\u0131, platformun kurumsal bir yap\u0131ya d\u00f6n\u00fc\u015ft\u00fcr\u00fclmesinin, ortaya konan diyalog mekanizmas\u0131n\u0131 daha etkili h\u00e2le getirece\u011fini ifade etti. Cumhurba\u015fkan\u0131 Erdo\u011fan, \u0130srail\u2019in b\u00f6lgede \u00e7at\u0131\u015fmalar\u0131 yaymak i\u00e7in provokasyon aray\u0131\u015f\u0131nda oldu\u011funu, ate\u015fkesin sa\u011flanmad\u0131\u011f\u0131 her ge\u00e7en g\u00fcn b\u00f6lgesel bir sava\u015fa daha \u00e7ok yakla\u015f\u0131ld\u0131\u011f\u0131n\u0131, Birle\u015fmi\u015f Milletler nezdinde \u0130srail\u2019e uygulanacak silah ambargosunun \u0130srail sald\u0131rganl\u0131\u011f\u0131n\u0131 durdurmak i\u00e7in etkili bir ad\u0131m olaca\u011f\u0131n\u0131, T\u00fcrkiye\u2019nin bunu her platformda dillendirmeye devam edece\u011fini belirtti. Yakla\u015f\u0131k 1 saat s\u00fcren kabulde, Cumhurba\u015fkan\u0131 Erdo\u011fan\u2019a D\u0131\u015fi\u015fleri Bakan\u0131 Hakan Fidan, Cumhurba\u015fkanl\u0131\u011f\u0131 \u0130leti\u015fim Ba\u015fkan\u0131 Fahrettin Altun ve Cumhurba\u015fkan\u0131 D\u0131\u015f Politika &hellip;\" \/>\n<meta property=\"og:url\" content=\"https:\/\/denizcankizil.tr\/en\/haberler\/gundem\/cumhurbaskani-erdogan-4-ulkenin-disisleri-bakanlarini-kabul-etti\/\" \/>\n<meta property=\"og:site_name\" content=\"Av. Deniz Can K\u0131z\u0131l\" \/>\n<meta property=\"article:published_time\" content=\"2024-10-19T12:41:37+00:00\" \/>\n<meta name=\"twitter:card\" content=\"summary_large_image\" \/>\n<meta name=\"twitter:label1\" content=\"Estimated reading time\" \/>\n\t<meta name=\"twitter:data1\" content=\"2 minutes\" \/>\n<script type=\"application\/ld+json\" class=\"yoast-schema-graph\">{\"@context\":\"https:\/\/schema.org\",\"@graph\":[{\"@type\":\"Article\",\"@id\":\"https:\/\/denizcankizil.tr\/en\/haberler\/gundem\/cumhurbaskani-erdogan-4-ulkenin-disisleri-bakanlarini-kabul-etti\/#article\",\"isPartOf\":{\"@id\":\"https:\/\/denizcankizil.tr\/en\/haberler\/gundem\/cumhurbaskani-erdogan-4-ulkenin-disisleri-bakanlarini-kabul-etti\/\"},\"author\":{\"name\":\"\",\"@id\":\"\"},\"headline\":\"Cumhurba\u015fkan\u0131 Erdo\u011fan, 4 \u00fclkenin D\u0131\u015fi\u015fleri Bakanlar\u0131n\u0131 kabul etti\",\"datePublished\":\"2024-10-19T12:41:37+00:00\",\"mainEntityOfPage\":{\"@id\":\"https:\/\/denizcankizil.tr\/en\/haberler\/gundem\/cumhurbaskani-erdogan-4-ulkenin-disisleri-bakanlarini-kabul-etti\/\"},\"wordCount\":399,\"commentCount\":0,\"publisher\":{\"@id\":\"https:\/\/denizcankizil.tr\/de\/#organization\"},\"articleSection\":[\"G\u00fcndem\",\"Uncategorized\"],\"inLanguage\":\"en-GB\",\"potentialAction\":[{\"@type\":\"CommentAction\",\"name\":\"Comment\",\"target\":[\"https:\/\/denizcankizil.tr\/en\/haberler\/gundem\/cumhurbaskani-erdogan-4-ulkenin-disisleri-bakanlarini-kabul-etti\/#respond\"]}]},{\"@type\":\"WebPage\",\"@id\":\"https:\/\/denizcankizil.tr\/en\/haberler\/gundem\/cumhurbaskani-erdogan-4-ulkenin-disisleri-bakanlarini-kabul-etti\/\",\"url\":\"https:\/\/denizcankizil.tr\/en\/haberler\/gundem\/cumhurbaskani-erdogan-4-ulkenin-disisleri-bakanlarini-kabul-etti\/\",\"name\":\"Cumhurba\u015fkan\u0131 Erdo\u011fan, 4 \u00fclkenin D\u0131\u015fi\u015fleri Bakanlar\u0131n\u0131 kabul etti - Av. Deniz Can K\u0131z\u0131l\",\"isPartOf\":{\"@id\":\"https:\/\/denizcankizil.tr\/de\/#website\"},\"datePublished\":\"2024-10-19T12:41:37+00:00\",\"breadcrumb\":{\"@id\":\"https:\/\/denizcankizil.tr\/en\/haberler\/gundem\/cumhurbaskani-erdogan-4-ulkenin-disisleri-bakanlarini-kabul-etti\/#breadcrumb\"},\"inLanguage\":\"en-GB\",\"potentialAction\":[{\"@type\":\"ReadAction\",\"target\":[\"https:\/\/denizcankizil.tr\/en\/haberler\/gundem\/cumhurbaskani-erdogan-4-ulkenin-disisleri-bakanlarini-kabul-etti\/\"]}]},{\"@type\":\"BreadcrumbList\",\"@id\":\"https:\/\/denizcankizil.tr\/en\/haberler\/gundem\/cumhurbaskani-erdogan-4-ulkenin-disisleri-bakanlarini-kabul-etti\/#breadcrumb\",\"itemListElement\":[{\"@type\":\"ListItem\",\"position\":1,\"name\":\"Home\",\"item\":\"https:\/\/denizcankizil.tr\/de\/\"},{\"@type\":\"ListItem\",\"position\":2,\"name\":\"Cumhurba\u015fkan\u0131 Erdo\u011fan, 4 \u00fclkenin D\u0131\u015fi\u015fleri Bakanlar\u0131n\u0131 kabul etti\"}]},{\"@type\":\"WebSite\",\"@id\":\"https:\/\/denizcankizil.tr\/de\/#website\",\"url\":\"https:\/\/denizcankizil.tr\/de\/\",\"name\":\"Av. Deniz Can K\u0131z\u0131l\",\"description\":\"Avukat Deniz Can K\u0131z\u0131l Antalya Barosu\",\"publisher\":{\"@id\":\"https:\/\/denizcankizil.tr\/de\/#organization\"},\"potentialAction\":[{\"@type\":\"SearchAction\",\"target\":{\"@type\":\"EntryPoint\",\"urlTemplate\":\"https:\/\/denizcankizil.tr\/de\/?s={search_term_string}\"},\"query-input\":{\"@type\":\"PropertyValueSpecification\",\"valueRequired\":true,\"valueName\":\"search_term_string\"}}],\"inLanguage\":\"en-GB\"},{\"@type\":\"Organization\",\"@id\":\"https:\/\/denizcankizil.tr\/de\/#organization\",\"name\":\"Av. Deniz Can K\u0131z\u0131l\",\"url\":\"https:\/\/denizcankizil.tr\/de\/\",\"logo\":{\"@type\":\"ImageObject\",\"inLanguage\":\"en-GB\",\"@id\":\"https:\/\/denizcankizil.tr\/de\/#\/schema\/logo\/image\/\",\"url\":\"https:\/\/denizcankizil.tr\/wp-content\/uploads\/2024\/10\/siyah-logo-svg.svg\",\"contentUrl\":\"https:\/\/denizcankizil.tr\/wp-content\/uploads\/2024\/10\/siyah-logo-svg.svg\",\"width\":1080,\"height\":1080,\"caption\":\"Av. Deniz Can K\u0131z\u0131l\"},\"image\":{\"@id\":\"https:\/\/denizcankizil.tr\/de\/#\/schema\/logo\/image\/\"}}]}<\/script>\n<!-- \/ Yoast SEO Premium plugin. -->","yoast_head_json":{"title":"Cumhurba\u015fkan\u0131 Erdo\u011fan, 4 \u00fclkenin D\u0131\u015fi\u015fleri Bakanlar\u0131n\u0131 kabul etti - Av. Deniz Can K\u0131z\u0131l","robots":{"index":"index","follow":"follow","max-snippet":"max-snippet:-1","max-image-preview":"max-image-preview:large","max-video-preview":"max-video-preview:-1"},"canonical":"https:\/\/denizcankizil.tr\/en\/haberler\/gundem\/cumhurbaskani-erdogan-4-ulkenin-disisleri-bakanlarini-kabul-etti\/","og_locale":"en_GB","og_type":"article","og_title":"Cumhurba\u015fkan\u0131 Erdo\u011fan, 4 \u00fclkenin D\u0131\u015fi\u015fleri Bakanlar\u0131n\u0131 kabul etti","og_description":"Cumhurba\u015fkan\u0131 Recep Tayyip Erdo\u011fan, Azerbaycan D\u0131\u015fi\u015fleri Bakan\u0131 Ceyhun Bayramov, Rusya D\u0131\u015fi\u015fleri Bakan\u0131 Sergey Lavrov, \u0130ran D\u0131\u015fi\u015fleri Bakan\u0131 Abbas Erak\u00e7i ve Ermenistan D\u0131\u015fi\u015fleri Bakan\u0131 Ararat Mirzoyan&#8217;\u0131, Dolmabah\u00e7e&#8217;deki \u00c7al\u0131\u015fma Ofisi&#8217;nde kabul etti.\u0130STANBUL (\u0130GFA) &#8211; Cumhurba\u015fkan\u0131 Erdo\u011fan, Azerbaycan, Rusya, \u0130ran ve Ermenistan D\u0131\u015fi\u015fleri Bakanlar\u0131n\u0131 kabul etti Dolmabah\u00e7e&#8217;de \u00c7al\u0131\u015fma Ofisi&#8217;ndeki kabulde G\u00fcney Kafkasya\u2019daki kal\u0131c\u0131 bar\u0131\u015f s\u00fcreci ile b\u00f6lgesel ve k\u00fcresel konular ele al\u0131nd\u0131. \u0130leti\u015fim Ba\u015fkanl\u0131\u011f\u0131&#8217;ndan aktar\u0131lan habere g\u00f6re Cumhurba\u015fkan\u0131 Erdo\u011fan kabulde, T\u00fcrkiye\u2019nin b\u00f6lgesel sorunlar\u0131n diyalog yoluyla \u00e7\u00f6z\u00fclmesi anlay\u0131\u015f\u0131 ile olu\u015fturulan platforma b\u00fcy\u00fck \u00f6nem verdi\u011fini, G\u00fcney Kafkasya\u2019n\u0131n \u00e7ehresinin kal\u0131c\u0131 bar\u0131\u015f yolunda de\u011fi\u015fmesinin sevindirici oldu\u011funu belirtti. T\u00fcrkiye\u2019nin Azerbaycan ile Ermenistan aras\u0131nda kal\u0131c\u0131 bar\u0131\u015f\u0131 sa\u011flamak i\u00e7in ortaya konan \u00e7abalara her t\u00fcrl\u00fc deste\u011fi vermeye devam edece\u011fini s\u00f6yleyen Cumhurba\u015fkan\u0131 Erdo\u011fan, b\u00f6lgede ya\u015fanan geli\u015fmelerin i\u015f birli\u011fi ve dayan\u0131\u015fmay\u0131 g\u00fc\u00e7lendirmeyi gerekli k\u0131ld\u0131\u011f\u0131n\u0131, platformun kurumsal bir yap\u0131ya d\u00f6n\u00fc\u015ft\u00fcr\u00fclmesinin, ortaya konan diyalog mekanizmas\u0131n\u0131 daha etkili h\u00e2le getirece\u011fini ifade etti. Cumhurba\u015fkan\u0131 Erdo\u011fan, \u0130srail\u2019in b\u00f6lgede \u00e7at\u0131\u015fmalar\u0131 yaymak i\u00e7in provokasyon aray\u0131\u015f\u0131nda oldu\u011funu, ate\u015fkesin sa\u011flanmad\u0131\u011f\u0131 her ge\u00e7en g\u00fcn b\u00f6lgesel bir sava\u015fa daha \u00e7ok yakla\u015f\u0131ld\u0131\u011f\u0131n\u0131, Birle\u015fmi\u015f Milletler nezdinde \u0130srail\u2019e uygulanacak silah ambargosunun \u0130srail sald\u0131rganl\u0131\u011f\u0131n\u0131 durdurmak i\u00e7in etkili bir ad\u0131m olaca\u011f\u0131n\u0131, T\u00fcrkiye\u2019nin bunu her platformda dillendirmeye devam edece\u011fini belirtti. Yakla\u015f\u0131k 1 saat s\u00fcren kabulde, Cumhurba\u015fkan\u0131 Erdo\u011fan\u2019a D\u0131\u015fi\u015fleri Bakan\u0131 Hakan Fidan, Cumhurba\u015fkanl\u0131\u011f\u0131 \u0130leti\u015fim Ba\u015fkan\u0131 Fahrettin Altun ve Cumhurba\u015fkan\u0131 D\u0131\u015f Politika &hellip;","og_url":"https:\/\/denizcankizil.tr\/en\/haberler\/gundem\/cumhurbaskani-erdogan-4-ulkenin-disisleri-bakanlarini-kabul-etti\/","og_site_name":"Av. Deniz Can K\u0131z\u0131l","article_published_time":"2024-10-19T12:41:37+00:00","twitter_card":"summary_large_image","twitter_misc":{"Estimated reading time":"2 minutes"},"schema":{"@context":"https:\/\/schema.org","@graph":[{"@type":"Article","@id":"https:\/\/denizcankizil.tr\/en\/haberler\/gundem\/cumhurbaskani-erdogan-4-ulkenin-disisleri-bakanlarini-kabul-etti\/#article","isPartOf":{"@id":"https:\/\/denizcankizil.tr\/en\/haberler\/gundem\/cumhurbaskani-erdogan-4-ulkenin-disisleri-bakanlarini-kabul-etti\/"},"author":{"name":"","@id":""},"headline":"Cumhurba\u015fkan\u0131 Erdo\u011fan, 4 \u00fclkenin D\u0131\u015fi\u015fleri Bakanlar\u0131n\u0131 kabul etti","datePublished":"2024-10-19T12:41:37+00:00","mainEntityOfPage":{"@id":"https:\/\/denizcankizil.tr\/en\/haberler\/gundem\/cumhurbaskani-erdogan-4-ulkenin-disisleri-bakanlarini-kabul-etti\/"},"wordCount":399,"commentCount":0,"publisher":{"@id":"https:\/\/denizcankizil.tr\/de\/#organization"},"articleSection":["G\u00fcndem","Uncategorized"],"inLanguage":"en-GB","potentialAction":[{"@type":"CommentAction","name":"Comment","target":["https:\/\/denizcankizil.tr\/en\/haberler\/gundem\/cumhurbaskani-erdogan-4-ulkenin-disisleri-bakanlarini-kabul-etti\/#respond"]}]},{"@type":"WebPage","@id":"https:\/\/denizcankizil.tr\/en\/haberler\/gundem\/cumhurbaskani-erdogan-4-ulkenin-disisleri-bakanlarini-kabul-etti\/","url":"https:\/\/denizcankizil.tr\/en\/haberler\/gundem\/cumhurbaskani-erdogan-4-ulkenin-disisleri-bakanlarini-kabul-etti\/","name":"Cumhurba\u015fkan\u0131 Erdo\u011fan, 4 \u00fclkenin D\u0131\u015fi\u015fleri Bakanlar\u0131n\u0131 kabul etti - Av. Deniz Can K\u0131z\u0131l","isPartOf":{"@id":"https:\/\/denizcankizil.tr\/de\/#website"},"datePublished":"2024-10-19T12:41:37+00:00","breadcrumb":{"@id":"https:\/\/denizcankizil.tr\/en\/haberler\/gundem\/cumhurbaskani-erdogan-4-ulkenin-disisleri-bakanlarini-kabul-etti\/#breadcrumb"},"inLanguage":"en-GB","potentialAction":[{"@type":"ReadAction","target":["https:\/\/denizcankizil.tr\/en\/haberler\/gundem\/cumhurbaskani-erdogan-4-ulkenin-disisleri-bakanlarini-kabul-etti\/"]}]},{"@type":"BreadcrumbList","@id":"https:\/\/denizcankizil.tr\/en\/haberler\/gundem\/cumhurbaskani-erdogan-4-ulkenin-disisleri-bakanlarini-kabul-etti\/#breadcrumb","itemListElement":[{"@type":"ListItem","position":1,"name":"Home","item":"https:\/\/denizcankizil.tr\/de\/"},{"@type":"ListItem","position":2,"name":"Cumhurba\u015fkan\u0131 Erdo\u011fan, 4 \u00fclkenin D\u0131\u015fi\u015fleri Bakanlar\u0131n\u0131 kabul etti"}]},{"@type":"WebSite","@id":"https:\/\/denizcankizil.tr\/de\/#website","url":"https:\/\/denizcankizil.tr\/de\/","name":"Av. Deniz Can K\u0131z\u0131l","description":"Avukat Deniz Can K\u0131z\u0131l Antalya Barosu","publisher":{"@id":"https:\/\/denizcankizil.tr\/de\/#organization"},"potentialAction":[{"@type":"SearchAction","target":{"@type":"EntryPoint","urlTemplate":"https:\/\/denizcankizil.tr\/de\/?s={search_term_string}"},"query-input":{"@type":"PropertyValueSpecification","valueRequired":true,"valueName":"search_term_string"}}],"inLanguage":"en-GB"},{"@type":"Organization","@id":"https:\/\/denizcankizil.tr\/de\/#organization","name":"Av. Deniz Can K\u0131z\u0131l","url":"https:\/\/denizcankizil.tr\/de\/","logo":{"@type":"ImageObject","inLanguage":"en-GB","@id":"https:\/\/denizcankizil.tr\/de\/#\/schema\/logo\/image\/","url":"https:\/\/denizcankizil.tr\/wp-content\/uploads\/2024\/10\/siyah-logo-svg.svg","contentUrl":"https:\/\/denizcankizil.tr\/wp-content\/uploads\/2024\/10\/siyah-logo-svg.svg","width":1080,"height":1080,"caption":"Av. Deniz Can K\u0131z\u0131l"},"image":{"@id":"https:\/\/denizcankizil.tr\/de\/#\/schema\/logo\/image\/"}}]}},"_links":{"self":[{"href":"https:\/\/denizcankizil.tr\/en\/wp-json\/wp\/v2\/posts\/4316","targetHints":{"allow":["GET"]}}],"collection":[{"href":"https:\/\/denizcankizil.tr\/en\/wp-json\/wp\/v2\/posts"}],"about":[{"href":"https:\/\/denizcankizil.tr\/en\/wp-json\/wp\/v2\/types\/post"}],"replies":[{"embeddable":true,"href":"https:\/\/denizcankizil.tr\/en\/wp-json\/wp\/v2\/comments?post=4316"}],"version-history":[{"count":0,"href":"https:\/\/denizcankizil.tr\/en\/wp-json\/wp\/v2\/posts\/4316\/revisions"}],"wp:attachment":[{"href":"https:\/\/denizcankizil.tr\/en\/wp-json\/wp\/v2\/media?parent=4316"}],"wp:term":[{"taxonomy":"category","embeddable":true,"href":"https:\/\/denizcankizil.tr\/en\/wp-json\/wp\/v2\/categories?post=4316"},{"taxonomy":"post_tag","embeddable":true,"href":"https:\/\/denizcankizil.tr\/en\/wp-json\/wp\/v2\/tags?post=4316"}],"curies":[{"name":"wp","href":"https:\/\/api.w.org\/{rel}","templated":true}]}}