{"id":43141,"date":"2025-04-02T10:42:07","date_gmt":"2025-04-02T07:42:07","guid":{"rendered":"https:\/\/denizcankizil.tr\/uncategorized-tr\/sivasta-otobus-devrildi-2-olu-23-yarali\/"},"modified":"2025-04-02T10:42:07","modified_gmt":"2025-04-02T07:42:07","slug":"sivasta-otobus-devrildi-2-olu-23-yarali","status":"publish","type":"post","link":"https:\/\/denizcankizil.tr\/en\/haberler\/gundem\/sivasta-otobus-devrildi-2-olu-23-yarali\/","title":{"rendered":"Sivas&#8217;ta otob\u00fcs devrildi: 2 \u00f6l\u00fc, 23 yaral\u0131"},"content":{"rendered":"<p>Yalova&#8217;dan Erzincan&#8217;a seyir halinde olan otob\u00fcs\u00fcn Sivas&#8217;\u0131n \u0130mranl\u0131 il\u00e7esi yak\u0131nlar\u0131nda yapt\u0131\u011f\u0131 kazada 2 ki\u015fi \u00f6ld\u00fc, 23 ki\u015fi yaraland\u0131. Sivas Valili\u011fi, yaral\u0131lar\u0131n \u00e7evre hastanelerde tedavi alt\u0131na al\u0131nd\u0131\u011f\u0131 ve soru\u015fturma ba\u015flat\u0131ld\u0131\u011f\u0131n\u0131 duyurdu.S\u0130VAS (\u0130GFA) &#8211; Sivas Valili\u011fi, \u0130mranl\u0131 il\u00e7esi yak\u0131nlar\u0131nda meydana gelen trafik kazas\u0131na ili\u015fkin bir bas\u0131n a\u00e7\u0131klamas\u0131 yay\u0131mlad\u0131.<br \/>\nA\u00e7\u0131klamaya g\u00f6re, bug\u00fcn saat 04:40 s\u0131ralar\u0131nda D-200 karayolu \u0130mranl\u0131 il\u00e7esi yak\u0131nlar\u0131nda, Yalova\u2019dan Erzincan\u2019a seyir halinde olan E.C. y\u00f6netimindeki 24 EE 062 plakal\u0131 yolcu otob\u00fcs\u00fc, \u015fof\u00f6r\u00fcn direksiyon hakimiyetini kaybetmesi sonucu devrildi. Kazada 3&#8217;\u00fc m\u00fcrettebat olan 27 ki\u015finin i\u00e7inde oldu\u011fu otob\u00fcste, 2 ki\u015fi olay yerinde hayat\u0131n\u0131 kaybederken, 23 ki\u015fi yaraland\u0131.<br \/>\nKazan\u0131n ard\u0131ndan sa\u011fl\u0131k, itfaiye, emniyet, jandarma ile arama-kurtarma ekipleri olay yerine sevk edildi.<br \/>\nYaral\u0131lar, \u0130mranl\u0131, Zara ve Hafik il\u00e7elerindeki devlet hastanelerine kald\u0131r\u0131larak tedavi alt\u0131na al\u0131nd\u0131.<br \/>\nKazayla ilgili adli soru\u015fturma ba\u015flat\u0131ld\u0131.<br \/>\nSivas Valili\u011fi, kazada hayat\u0131n\u0131 kaybeden vatanda\u015flara Allah\u2019tan rahmet, yaral\u0131lara acil \u015fifalar dilerken, &#8216;ge\u00e7mi\u015f olsun&#8217; dileklerini iletti.<\/p>\n<p>\u200bYalova&#8217;dan Erzincan&#8217;a seyir halinde olan otob\u00fcs\u00fcn Sivas&#8217;\u0131n \u0130mranl\u0131 il\u00e7esi yak\u0131nlar\u0131nda yapt\u0131\u011f\u0131 kazada 2 ki\u015fi \u00f6ld\u00fc, 23 ki\u015fi yaraland\u0131. Sivas Valili\u011fi, yaral\u0131lar\u0131n \u00e7evre hastanelerde tedavi alt\u0131na al\u0131nd\u0131\u011f\u0131 ve soru\u015fturma ba\u015flat\u0131ld\u0131\u011f\u0131n\u0131 duyurdu.S\u0130VAS (\u0130GFA) &#8211; Sivas Valili\u011fi, \u0130mranl\u0131 il\u00e7esi yak\u0131nlar\u0131nda meydana gelen trafik kazas\u0131na ili\u015fkin bir bas\u0131n a\u00e7\u0131klamas\u0131 yay\u0131mlad\u0131.<br \/>\nA\u00e7\u0131klamaya g\u00f6re, bug\u00fcn saat 04:40 s\u0131ralar\u0131nda D-200 karayolu \u0130mranl\u0131 il\u00e7esi yak\u0131nlar\u0131nda, Yalova\u2019dan Erzincan\u2019a seyir halinde olan E.C. y\u00f6netimindeki 24 EE 062 plakal\u0131 yolcu otob\u00fcs\u00fc, \u015fof\u00f6r\u00fcn direksiyon hakimiyetini kaybetmesi sonucu devrildi. Kazada 3&#8217;\u00fc m\u00fcrettebat olan 27 ki\u015finin i\u00e7inde oldu\u011fu otob\u00fcste, 2 ki\u015fi olay yerinde hayat\u0131n\u0131 kaybederken, 23 ki\u015fi yaraland\u0131.<br \/>\nKazan\u0131n ard\u0131ndan sa\u011fl\u0131k, itfaiye, emniyet, jandarma ile arama-kurtarma ekipleri olay yerine sevk edildi.<br \/>\nYaral\u0131lar, \u0130mranl\u0131, Zara ve Hafik il\u00e7elerindeki devlet hastanelerine kald\u0131r\u0131larak tedavi alt\u0131na al\u0131nd\u0131.<br \/>\nKazayla ilgili adli soru\u015fturma ba\u015flat\u0131ld\u0131.<br \/>\nSivas Valili\u011fi, kazada hayat\u0131n\u0131 kaybeden vatanda\u015flara Allah\u2019tan rahmet, yaral\u0131lara acil \u015fifalar dilerken, &#8216;ge\u00e7mi\u015f olsun&#8217; dileklerini iletti.\u00a0<\/p>\n<p>\u200bHaberin Al\u0131nt\u0131land\u0131\u011f\u0131 Kaynak: www.iskenderun.org<\/p>","protected":false},"excerpt":{"rendered":"<p>Yalova&#8217;dan Erzincan&#8217;a seyir halinde olan otob\u00fcs\u00fcn Sivas&#8217;\u0131n \u0130mranl\u0131 il\u00e7esi yak\u0131nlar\u0131nda yapt\u0131\u011f\u0131 kazada 2 ki\u015fi \u00f6ld\u00fc, 23 ki\u015fi yaraland\u0131. Sivas Valili\u011fi, yaral\u0131lar\u0131n \u00e7evre hastanelerde tedavi alt\u0131na al\u0131nd\u0131\u011f\u0131 ve soru\u015fturma ba\u015flat\u0131ld\u0131\u011f\u0131n\u0131 duyurdu.S\u0130VAS (\u0130GFA) &#8211; Sivas Valili\u011fi, \u0130mranl\u0131 il\u00e7esi yak\u0131nlar\u0131nda meydana gelen trafik kazas\u0131na ili\u015fkin bir bas\u0131n a\u00e7\u0131klamas\u0131 yay\u0131mlad\u0131. A\u00e7\u0131klamaya g\u00f6re, bug\u00fcn saat 04:40 s\u0131ralar\u0131nda D-200 karayolu \u0130mranl\u0131 il\u00e7esi yak\u0131nlar\u0131nda, Yalova\u2019dan Erzincan\u2019a seyir halinde olan E.C. y\u00f6netimindeki 24 EE 062 plakal\u0131 yolcu otob\u00fcs\u00fc, \u015fof\u00f6r\u00fcn direksiyon hakimiyetini kaybetmesi sonucu devrildi. Kazada 3&#8217;\u00fc m\u00fcrettebat olan 27 ki\u015finin i\u00e7inde oldu\u011fu otob\u00fcste, 2 ki\u015fi olay yerinde hayat\u0131n\u0131 kaybederken, 23 ki\u015fi yaraland\u0131. Kazan\u0131n ard\u0131ndan sa\u011fl\u0131k, itfaiye, emniyet, jandarma ile arama-kurtarma ekipleri olay yerine sevk edildi. Yaral\u0131lar, \u0130mranl\u0131, Zara ve Hafik il\u00e7elerindeki devlet hastanelerine kald\u0131r\u0131larak tedavi alt\u0131na al\u0131nd\u0131. Kazayla ilgili adli soru\u015fturma ba\u015flat\u0131ld\u0131. Sivas Valili\u011fi, kazada hayat\u0131n\u0131 kaybeden vatanda\u015flara Allah\u2019tan rahmet, yaral\u0131lara acil \u015fifalar dilerken, &#8216;ge\u00e7mi\u015f olsun&#8217; dileklerini iletti. \u200bYalova&#8217;dan Erzincan&#8217;a seyir halinde olan otob\u00fcs\u00fcn Sivas&#8217;\u0131n \u0130mranl\u0131 il\u00e7esi yak\u0131nlar\u0131nda yapt\u0131\u011f\u0131 kazada 2 ki\u015fi \u00f6ld\u00fc, 23 ki\u015fi yaraland\u0131. Sivas Valili\u011fi, yaral\u0131lar\u0131n \u00e7evre hastanelerde tedavi alt\u0131na al\u0131nd\u0131\u011f\u0131 ve soru\u015fturma ba\u015flat\u0131ld\u0131\u011f\u0131n\u0131 duyurdu.S\u0130VAS (\u0130GFA) &#8211; Sivas Valili\u011fi, \u0130mranl\u0131 il\u00e7esi yak\u0131nlar\u0131nda meydana gelen trafik kazas\u0131na ili\u015fkin bir bas\u0131n a\u00e7\u0131klamas\u0131 yay\u0131mlad\u0131. A\u00e7\u0131klamaya g\u00f6re, bug\u00fcn saat 04:40 s\u0131ralar\u0131nda D-200 karayolu \u0130mranl\u0131 il\u00e7esi yak\u0131nlar\u0131nda, Yalova\u2019dan Erzincan\u2019a seyir &hellip;<\/p>","protected":false},"author":1,"featured_media":0,"comment_status":"","ping_status":"open","sticky":false,"template":"","format":"standard","meta":{"_acf_changed":false,"footnotes":""},"categories":[24],"tags":[],"class_list":["post-43141","post","type-post","status-publish","format-standard","has-post-thumbnail","hentry","category-gundem"],"acf":[],"yoast_head":"<!-- This site is optimized with the Yoast SEO Premium plugin v26.6 (Yoast SEO v27.1.1) - https:\/\/yoast.com\/product\/yoast-seo-premium-wordpress\/ -->\n<title>Sivas&#039;ta otob\u00fcs devrildi: 2 \u00f6l\u00fc, 23 yaral\u0131 - Av. Deniz Can K\u0131z\u0131l<\/title>\n<meta name=\"robots\" content=\"index, follow, max-snippet:-1, max-image-preview:large, max-video-preview:-1\" \/>\n<link rel=\"canonical\" href=\"https:\/\/denizcankizil.tr\/en\/haberler\/gundem\/sivasta-otobus-devrildi-2-olu-23-yarali\/\" \/>\n<meta property=\"og:locale\" content=\"en_GB\" \/>\n<meta property=\"og:type\" content=\"article\" \/>\n<meta property=\"og:title\" content=\"Sivas&#039;ta otob\u00fcs devrildi: 2 \u00f6l\u00fc, 23 yaral\u0131\" \/>\n<meta property=\"og:description\" content=\"Yalova&#8217;dan Erzincan&#8217;a seyir halinde olan otob\u00fcs\u00fcn Sivas&#8217;\u0131n \u0130mranl\u0131 il\u00e7esi yak\u0131nlar\u0131nda yapt\u0131\u011f\u0131 kazada 2 ki\u015fi \u00f6ld\u00fc, 23 ki\u015fi yaraland\u0131. Sivas Valili\u011fi, yaral\u0131lar\u0131n \u00e7evre hastanelerde tedavi alt\u0131na al\u0131nd\u0131\u011f\u0131 ve soru\u015fturma ba\u015flat\u0131ld\u0131\u011f\u0131n\u0131 duyurdu.S\u0130VAS (\u0130GFA) &#8211; Sivas Valili\u011fi, \u0130mranl\u0131 il\u00e7esi yak\u0131nlar\u0131nda meydana gelen trafik kazas\u0131na ili\u015fkin bir bas\u0131n a\u00e7\u0131klamas\u0131 yay\u0131mlad\u0131. A\u00e7\u0131klamaya g\u00f6re, bug\u00fcn saat 04:40 s\u0131ralar\u0131nda D-200 karayolu \u0130mranl\u0131 il\u00e7esi yak\u0131nlar\u0131nda, Yalova\u2019dan Erzincan\u2019a seyir halinde olan E.C. y\u00f6netimindeki 24 EE 062 plakal\u0131 yolcu otob\u00fcs\u00fc, \u015fof\u00f6r\u00fcn direksiyon hakimiyetini kaybetmesi sonucu devrildi. Kazada 3&#8217;\u00fc m\u00fcrettebat olan 27 ki\u015finin i\u00e7inde oldu\u011fu otob\u00fcste, 2 ki\u015fi olay yerinde hayat\u0131n\u0131 kaybederken, 23 ki\u015fi yaraland\u0131. Kazan\u0131n ard\u0131ndan sa\u011fl\u0131k, itfaiye, emniyet, jandarma ile arama-kurtarma ekipleri olay yerine sevk edildi. Yaral\u0131lar, \u0130mranl\u0131, Zara ve Hafik il\u00e7elerindeki devlet hastanelerine kald\u0131r\u0131larak tedavi alt\u0131na al\u0131nd\u0131. Kazayla ilgili adli soru\u015fturma ba\u015flat\u0131ld\u0131. Sivas Valili\u011fi, kazada hayat\u0131n\u0131 kaybeden vatanda\u015flara Allah\u2019tan rahmet, yaral\u0131lara acil \u015fifalar dilerken, &#8216;ge\u00e7mi\u015f olsun&#8217; dileklerini iletti. \u200bYalova&#8217;dan Erzincan&#8217;a seyir halinde olan otob\u00fcs\u00fcn Sivas&#8217;\u0131n \u0130mranl\u0131 il\u00e7esi yak\u0131nlar\u0131nda yapt\u0131\u011f\u0131 kazada 2 ki\u015fi \u00f6ld\u00fc, 23 ki\u015fi yaraland\u0131. Sivas Valili\u011fi, yaral\u0131lar\u0131n \u00e7evre hastanelerde tedavi alt\u0131na al\u0131nd\u0131\u011f\u0131 ve soru\u015fturma ba\u015flat\u0131ld\u0131\u011f\u0131n\u0131 duyurdu.S\u0130VAS (\u0130GFA) &#8211; Sivas Valili\u011fi, \u0130mranl\u0131 il\u00e7esi yak\u0131nlar\u0131nda meydana gelen trafik kazas\u0131na ili\u015fkin bir bas\u0131n a\u00e7\u0131klamas\u0131 yay\u0131mlad\u0131. A\u00e7\u0131klamaya g\u00f6re, bug\u00fcn saat 04:40 s\u0131ralar\u0131nda D-200 karayolu \u0130mranl\u0131 il\u00e7esi yak\u0131nlar\u0131nda, Yalova\u2019dan Erzincan\u2019a seyir &hellip;\" \/>\n<meta property=\"og:url\" content=\"https:\/\/denizcankizil.tr\/en\/haberler\/gundem\/sivasta-otobus-devrildi-2-olu-23-yarali\/\" \/>\n<meta property=\"og:site_name\" content=\"Av. Deniz Can K\u0131z\u0131l\" \/>\n<meta property=\"article:published_time\" content=\"2025-04-02T07:42:07+00:00\" \/>\n<meta name=\"author\" content=\"admin\" \/>\n<meta name=\"twitter:card\" content=\"summary_large_image\" \/>\n<meta name=\"twitter:label1\" content=\"Written by\" \/>\n\t<meta name=\"twitter:data1\" content=\"admin\" \/>\n\t<meta name=\"twitter:label2\" content=\"Estimated reading time\" \/>\n\t<meta name=\"twitter:data2\" content=\"2 minutes\" \/>\n<script type=\"application\/ld+json\" class=\"yoast-schema-graph\">{\"@context\":\"https:\/\/schema.org\",\"@graph\":[{\"@type\":\"Article\",\"@id\":\"https:\/\/denizcankizil.tr\/uk\/haberler\/gundem\/sivasta-otobus-devrildi-2-olu-23-yarali\/#article\",\"isPartOf\":{\"@id\":\"https:\/\/denizcankizil.tr\/uk\/haberler\/gundem\/sivasta-otobus-devrildi-2-olu-23-yarali\/\"},\"author\":{\"name\":\"admin\",\"@id\":\"https:\/\/denizcankizil.tr\/de\/#\/schema\/person\/be3c05fe6a12686905512445d8185489\"},\"headline\":\"Sivas&#8217;ta otob\u00fcs devrildi: 2 \u00f6l\u00fc, 23 yaral\u0131\",\"datePublished\":\"2025-04-02T07:42:07+00:00\",\"mainEntityOfPage\":{\"@id\":\"https:\/\/denizcankizil.tr\/uk\/haberler\/gundem\/sivasta-otobus-devrildi-2-olu-23-yarali\/\"},\"wordCount\":421,\"publisher\":{\"@id\":\"https:\/\/denizcankizil.tr\/de\/#organization\"},\"articleSection\":[\"G\u00fcndem\"],\"inLanguage\":\"en-GB\"},{\"@type\":\"WebPage\",\"@id\":\"https:\/\/denizcankizil.tr\/uk\/haberler\/gundem\/sivasta-otobus-devrildi-2-olu-23-yarali\/\",\"url\":\"https:\/\/denizcankizil.tr\/uk\/haberler\/gundem\/sivasta-otobus-devrildi-2-olu-23-yarali\/\",\"name\":\"Sivas'ta otob\u00fcs devrildi: 2 \u00f6l\u00fc, 23 yaral\u0131 - Av. Deniz Can K\u0131z\u0131l\",\"isPartOf\":{\"@id\":\"https:\/\/denizcankizil.tr\/de\/#website\"},\"datePublished\":\"2025-04-02T07:42:07+00:00\",\"breadcrumb\":{\"@id\":\"https:\/\/denizcankizil.tr\/uk\/haberler\/gundem\/sivasta-otobus-devrildi-2-olu-23-yarali\/#breadcrumb\"},\"inLanguage\":\"en-GB\",\"potentialAction\":[{\"@type\":\"ReadAction\",\"target\":[\"https:\/\/denizcankizil.tr\/uk\/haberler\/gundem\/sivasta-otobus-devrildi-2-olu-23-yarali\/\"]}]},{\"@type\":\"BreadcrumbList\",\"@id\":\"https:\/\/denizcankizil.tr\/uk\/haberler\/gundem\/sivasta-otobus-devrildi-2-olu-23-yarali\/#breadcrumb\",\"itemListElement\":[{\"@type\":\"ListItem\",\"position\":1,\"name\":\"Home\",\"item\":\"https:\/\/denizcankizil.tr\/de\/\"},{\"@type\":\"ListItem\",\"position\":2,\"name\":\"Sivas&#8217;ta otob\u00fcs devrildi: 2 \u00f6l\u00fc, 23 yaral\u0131\"}]},{\"@type\":\"WebSite\",\"@id\":\"https:\/\/denizcankizil.tr\/de\/#website\",\"url\":\"https:\/\/denizcankizil.tr\/de\/\",\"name\":\"Av. Deniz Can K\u0131z\u0131l\",\"description\":\"Avukat Deniz Can K\u0131z\u0131l Antalya Barosu\",\"publisher\":{\"@id\":\"https:\/\/denizcankizil.tr\/de\/#organization\"},\"potentialAction\":[{\"@type\":\"SearchAction\",\"target\":{\"@type\":\"EntryPoint\",\"urlTemplate\":\"https:\/\/denizcankizil.tr\/de\/?s={search_term_string}\"},\"query-input\":{\"@type\":\"PropertyValueSpecification\",\"valueRequired\":true,\"valueName\":\"search_term_string\"}}],\"inLanguage\":\"en-GB\"},{\"@type\":\"Organization\",\"@id\":\"https:\/\/denizcankizil.tr\/de\/#organization\",\"name\":\"Av. Deniz Can K\u0131z\u0131l\",\"url\":\"https:\/\/denizcankizil.tr\/de\/\",\"logo\":{\"@type\":\"ImageObject\",\"inLanguage\":\"en-GB\",\"@id\":\"https:\/\/denizcankizil.tr\/de\/#\/schema\/logo\/image\/\",\"url\":\"https:\/\/denizcankizil.tr\/wp-content\/uploads\/2024\/10\/siyah-logo-svg.svg\",\"contentUrl\":\"https:\/\/denizcankizil.tr\/wp-content\/uploads\/2024\/10\/siyah-logo-svg.svg\",\"width\":1080,\"height\":1080,\"caption\":\"Av. Deniz Can K\u0131z\u0131l\"},\"image\":{\"@id\":\"https:\/\/denizcankizil.tr\/de\/#\/schema\/logo\/image\/\"}},{\"@type\":\"Person\",\"@id\":\"https:\/\/denizcankizil.tr\/de\/#\/schema\/person\/be3c05fe6a12686905512445d8185489\",\"name\":\"admin\",\"image\":{\"@type\":\"ImageObject\",\"inLanguage\":\"en-GB\",\"@id\":\"https:\/\/denizcankizil.tr\/de\/#\/schema\/person\/image\/\",\"url\":\"https:\/\/secure.gravatar.com\/avatar\/c1fce94c830dc79107e174f890d7210541c4a63e8e5d816341794a2151c9d58c?s=96&d=mm&r=g\",\"contentUrl\":\"https:\/\/secure.gravatar.com\/avatar\/c1fce94c830dc79107e174f890d7210541c4a63e8e5d816341794a2151c9d58c?s=96&d=mm&r=g\",\"caption\":\"admin\"},\"sameAs\":[\"http:\/\/denizcankizil.tr\"],\"url\":\"https:\/\/www.iskenderun.org\/sivasta-otobus-devrildi-2-olu-23-yarali\"}]}<\/script>\n<!-- \/ Yoast SEO Premium plugin. -->","yoast_head_json":{"title":"Sivas'ta otob\u00fcs devrildi: 2 \u00f6l\u00fc, 23 yaral\u0131 - Av. Deniz Can K\u0131z\u0131l","robots":{"index":"index","follow":"follow","max-snippet":"max-snippet:-1","max-image-preview":"max-image-preview:large","max-video-preview":"max-video-preview:-1"},"canonical":"https:\/\/denizcankizil.tr\/en\/haberler\/gundem\/sivasta-otobus-devrildi-2-olu-23-yarali\/","og_locale":"en_GB","og_type":"article","og_title":"Sivas'ta otob\u00fcs devrildi: 2 \u00f6l\u00fc, 23 yaral\u0131","og_description":"Yalova&#8217;dan Erzincan&#8217;a seyir halinde olan otob\u00fcs\u00fcn Sivas&#8217;\u0131n \u0130mranl\u0131 il\u00e7esi yak\u0131nlar\u0131nda yapt\u0131\u011f\u0131 kazada 2 ki\u015fi \u00f6ld\u00fc, 23 ki\u015fi yaraland\u0131. Sivas Valili\u011fi, yaral\u0131lar\u0131n \u00e7evre hastanelerde tedavi alt\u0131na al\u0131nd\u0131\u011f\u0131 ve soru\u015fturma ba\u015flat\u0131ld\u0131\u011f\u0131n\u0131 duyurdu.S\u0130VAS (\u0130GFA) &#8211; Sivas Valili\u011fi, \u0130mranl\u0131 il\u00e7esi yak\u0131nlar\u0131nda meydana gelen trafik kazas\u0131na ili\u015fkin bir bas\u0131n a\u00e7\u0131klamas\u0131 yay\u0131mlad\u0131. A\u00e7\u0131klamaya g\u00f6re, bug\u00fcn saat 04:40 s\u0131ralar\u0131nda D-200 karayolu \u0130mranl\u0131 il\u00e7esi yak\u0131nlar\u0131nda, Yalova\u2019dan Erzincan\u2019a seyir halinde olan E.C. y\u00f6netimindeki 24 EE 062 plakal\u0131 yolcu otob\u00fcs\u00fc, \u015fof\u00f6r\u00fcn direksiyon hakimiyetini kaybetmesi sonucu devrildi. Kazada 3&#8217;\u00fc m\u00fcrettebat olan 27 ki\u015finin i\u00e7inde oldu\u011fu otob\u00fcste, 2 ki\u015fi olay yerinde hayat\u0131n\u0131 kaybederken, 23 ki\u015fi yaraland\u0131. Kazan\u0131n ard\u0131ndan sa\u011fl\u0131k, itfaiye, emniyet, jandarma ile arama-kurtarma ekipleri olay yerine sevk edildi. Yaral\u0131lar, \u0130mranl\u0131, Zara ve Hafik il\u00e7elerindeki devlet hastanelerine kald\u0131r\u0131larak tedavi alt\u0131na al\u0131nd\u0131. Kazayla ilgili adli soru\u015fturma ba\u015flat\u0131ld\u0131. Sivas Valili\u011fi, kazada hayat\u0131n\u0131 kaybeden vatanda\u015flara Allah\u2019tan rahmet, yaral\u0131lara acil \u015fifalar dilerken, &#8216;ge\u00e7mi\u015f olsun&#8217; dileklerini iletti. \u200bYalova&#8217;dan Erzincan&#8217;a seyir halinde olan otob\u00fcs\u00fcn Sivas&#8217;\u0131n \u0130mranl\u0131 il\u00e7esi yak\u0131nlar\u0131nda yapt\u0131\u011f\u0131 kazada 2 ki\u015fi \u00f6ld\u00fc, 23 ki\u015fi yaraland\u0131. Sivas Valili\u011fi, yaral\u0131lar\u0131n \u00e7evre hastanelerde tedavi alt\u0131na al\u0131nd\u0131\u011f\u0131 ve soru\u015fturma ba\u015flat\u0131ld\u0131\u011f\u0131n\u0131 duyurdu.S\u0130VAS (\u0130GFA) &#8211; Sivas Valili\u011fi, \u0130mranl\u0131 il\u00e7esi yak\u0131nlar\u0131nda meydana gelen trafik kazas\u0131na ili\u015fkin bir bas\u0131n a\u00e7\u0131klamas\u0131 yay\u0131mlad\u0131. A\u00e7\u0131klamaya g\u00f6re, bug\u00fcn saat 04:40 s\u0131ralar\u0131nda D-200 karayolu \u0130mranl\u0131 il\u00e7esi yak\u0131nlar\u0131nda, Yalova\u2019dan Erzincan\u2019a seyir &hellip;","og_url":"https:\/\/denizcankizil.tr\/en\/haberler\/gundem\/sivasta-otobus-devrildi-2-olu-23-yarali\/","og_site_name":"Av. Deniz Can K\u0131z\u0131l","article_published_time":"2025-04-02T07:42:07+00:00","author":"admin","twitter_card":"summary_large_image","twitter_misc":{"Written by":"admin","Estimated reading time":"2 minutes"},"schema":{"@context":"https:\/\/schema.org","@graph":[{"@type":"Article","@id":"https:\/\/denizcankizil.tr\/uk\/haberler\/gundem\/sivasta-otobus-devrildi-2-olu-23-yarali\/#article","isPartOf":{"@id":"https:\/\/denizcankizil.tr\/uk\/haberler\/gundem\/sivasta-otobus-devrildi-2-olu-23-yarali\/"},"author":{"name":"admin","@id":"https:\/\/denizcankizil.tr\/de\/#\/schema\/person\/be3c05fe6a12686905512445d8185489"},"headline":"Sivas&#8217;ta otob\u00fcs devrildi: 2 \u00f6l\u00fc, 23 yaral\u0131","datePublished":"2025-04-02T07:42:07+00:00","mainEntityOfPage":{"@id":"https:\/\/denizcankizil.tr\/uk\/haberler\/gundem\/sivasta-otobus-devrildi-2-olu-23-yarali\/"},"wordCount":421,"publisher":{"@id":"https:\/\/denizcankizil.tr\/de\/#organization"},"articleSection":["G\u00fcndem"],"inLanguage":"en-GB"},{"@type":"WebPage","@id":"https:\/\/denizcankizil.tr\/uk\/haberler\/gundem\/sivasta-otobus-devrildi-2-olu-23-yarali\/","url":"https:\/\/denizcankizil.tr\/uk\/haberler\/gundem\/sivasta-otobus-devrildi-2-olu-23-yarali\/","name":"Sivas'ta otob\u00fcs devrildi: 2 \u00f6l\u00fc, 23 yaral\u0131 - Av. Deniz Can K\u0131z\u0131l","isPartOf":{"@id":"https:\/\/denizcankizil.tr\/de\/#website"},"datePublished":"2025-04-02T07:42:07+00:00","breadcrumb":{"@id":"https:\/\/denizcankizil.tr\/uk\/haberler\/gundem\/sivasta-otobus-devrildi-2-olu-23-yarali\/#breadcrumb"},"inLanguage":"en-GB","potentialAction":[{"@type":"ReadAction","target":["https:\/\/denizcankizil.tr\/uk\/haberler\/gundem\/sivasta-otobus-devrildi-2-olu-23-yarali\/"]}]},{"@type":"BreadcrumbList","@id":"https:\/\/denizcankizil.tr\/uk\/haberler\/gundem\/sivasta-otobus-devrildi-2-olu-23-yarali\/#breadcrumb","itemListElement":[{"@type":"ListItem","position":1,"name":"Home","item":"https:\/\/denizcankizil.tr\/de\/"},{"@type":"ListItem","position":2,"name":"Sivas&#8217;ta otob\u00fcs devrildi: 2 \u00f6l\u00fc, 23 yaral\u0131"}]},{"@type":"WebSite","@id":"https:\/\/denizcankizil.tr\/de\/#website","url":"https:\/\/denizcankizil.tr\/de\/","name":"Av. Deniz Can K\u0131z\u0131l","description":"Avukat Deniz Can K\u0131z\u0131l Antalya Barosu","publisher":{"@id":"https:\/\/denizcankizil.tr\/de\/#organization"},"potentialAction":[{"@type":"SearchAction","target":{"@type":"EntryPoint","urlTemplate":"https:\/\/denizcankizil.tr\/de\/?s={search_term_string}"},"query-input":{"@type":"PropertyValueSpecification","valueRequired":true,"valueName":"search_term_string"}}],"inLanguage":"en-GB"},{"@type":"Organization","@id":"https:\/\/denizcankizil.tr\/de\/#organization","name":"Av. Deniz Can K\u0131z\u0131l","url":"https:\/\/denizcankizil.tr\/de\/","logo":{"@type":"ImageObject","inLanguage":"en-GB","@id":"https:\/\/denizcankizil.tr\/de\/#\/schema\/logo\/image\/","url":"https:\/\/denizcankizil.tr\/wp-content\/uploads\/2024\/10\/siyah-logo-svg.svg","contentUrl":"https:\/\/denizcankizil.tr\/wp-content\/uploads\/2024\/10\/siyah-logo-svg.svg","width":1080,"height":1080,"caption":"Av. Deniz Can K\u0131z\u0131l"},"image":{"@id":"https:\/\/denizcankizil.tr\/de\/#\/schema\/logo\/image\/"}},{"@type":"Person","@id":"https:\/\/denizcankizil.tr\/de\/#\/schema\/person\/be3c05fe6a12686905512445d8185489","name":"admin","image":{"@type":"ImageObject","inLanguage":"en-GB","@id":"https:\/\/denizcankizil.tr\/de\/#\/schema\/person\/image\/","url":"https:\/\/secure.gravatar.com\/avatar\/c1fce94c830dc79107e174f890d7210541c4a63e8e5d816341794a2151c9d58c?s=96&d=mm&r=g","contentUrl":"https:\/\/secure.gravatar.com\/avatar\/c1fce94c830dc79107e174f890d7210541c4a63e8e5d816341794a2151c9d58c?s=96&d=mm&r=g","caption":"admin"},"sameAs":["http:\/\/denizcankizil.tr"],"url":"https:\/\/www.iskenderun.org\/sivasta-otobus-devrildi-2-olu-23-yarali"}]}},"_links":{"self":[{"href":"https:\/\/denizcankizil.tr\/en\/wp-json\/wp\/v2\/posts\/43141","targetHints":{"allow":["GET"]}}],"collection":[{"href":"https:\/\/denizcankizil.tr\/en\/wp-json\/wp\/v2\/posts"}],"about":[{"href":"https:\/\/denizcankizil.tr\/en\/wp-json\/wp\/v2\/types\/post"}],"author":[{"embeddable":true,"href":"https:\/\/denizcankizil.tr\/en\/wp-json\/wp\/v2\/users\/1"}],"replies":[{"embeddable":true,"href":"https:\/\/denizcankizil.tr\/en\/wp-json\/wp\/v2\/comments?post=43141"}],"version-history":[{"count":0,"href":"https:\/\/denizcankizil.tr\/en\/wp-json\/wp\/v2\/posts\/43141\/revisions"}],"wp:attachment":[{"href":"https:\/\/denizcankizil.tr\/en\/wp-json\/wp\/v2\/media?parent=43141"}],"wp:term":[{"taxonomy":"category","embeddable":true,"href":"https:\/\/denizcankizil.tr\/en\/wp-json\/wp\/v2\/categories?post=43141"},{"taxonomy":"post_tag","embeddable":true,"href":"https:\/\/denizcankizil.tr\/en\/wp-json\/wp\/v2\/tags?post=43141"}],"curies":[{"name":"wp","href":"https:\/\/api.w.org\/{rel}","templated":true}]}}