{"id":41559,"date":"2025-03-31T22:22:54","date_gmt":"2025-03-31T19:22:54","guid":{"rendered":"https:\/\/denizcankizil.tr\/uncategorized-tr\/boykot-kelimesinin-tarihcesi-bir-soyad-bir-direnis-hikayesi\/"},"modified":"2025-03-31T22:22:54","modified_gmt":"2025-03-31T19:22:54","slug":"boykot-kelimesinin-tarihcesi-bir-soyad-bir-direnis-hikayesi","status":"publish","type":"post","link":"https:\/\/denizcankizil.tr\/en\/haberler\/gundem\/boykot-kelimesinin-tarihcesi-bir-soyad-bir-direnis-hikayesi\/","title":{"rendered":"Boykot kelimesinin tarih\u00e7esi: Bir soyad, bir direni\u015f hikayesi"},"content":{"rendered":"<p>Boykot kelimesi, asl\u0131nda bir soyad. 1880 y\u0131l\u0131nda \u0130rlanda&#8217;da ya\u015fanan bir olaydan do\u011fdu. \u0130ngiliz toprak y\u00f6neticisi Charles Boycott,\u00a0\u0130rlandal\u0131 k\u00f6yl\u00fclerle \u00e7al\u0131\u015f\u0131yordu. Ancak k\u0131tl\u0131k ve yoksullu\u011fun h\u00fck\u00fcm s\u00fcrd\u00fc\u011f\u00fc o d\u00f6nemde k\u00f6yl\u00fcler, kira indirimi talep etti. Boycott ise bu talebe kar\u015f\u0131l\u0131k vermek bir yana, baz\u0131 \u00e7ift\u00e7ileri topraklar\u0131ndan \u00e7\u0131kard\u0131.<\/p>\n<p>\u0130RLANDALI K\u00d6YL\u00dcLERDEN, BOYCOTT&#8217;A KAR\u015eI S\u0130V\u0130L D\u0130REN\u0130\u015e\u00a0<\/p>\n<p>Bu duruma tepki g\u00f6steren \u0130rlandal\u0131 k\u00f6yl\u00fcler, Boycott&#8217;a kar\u015f\u0131 tarihi bir sivil direni\u015f ba\u015flatt\u0131. Onunla konu\u015fmay\u0131, al\u0131\u015fveri\u015f yapmay\u0131, \u00e7al\u0131\u015fmay\u0131 ve hatta g\u00f6z g\u00f6ze gelmeyi bile reddetiler. Fiziksel bir sald\u0131r\u0131 olmaks\u0131z\u0131n uygulanan bu tam izolasyon, Boycott&#8217;un yaln\u0131zla\u015fmas\u0131na neden oldu. \u00dcr\u00fcnlerini toplayacak i\u015f\u00e7i bile bulamayan Boycott, sonunda orduyu \u00e7a\u011f\u0131rmak zorunda kald\u0131.<\/p>\n<p>Bu olay, d\u00fcnya literat\u00fcr\u00fcne yeni bir kelime kazand\u0131rd\u0131: Boycott (boykot). O g\u00fcnden sonra bu kelime, bir ki\u015fi, kurum veya markaya kar\u015f\u0131 toplu pasif direni\u015f ve d\u0131\u015flamay\u0131 tan\u0131mlamak i\u00e7in kullan\u0131lmaya ba\u015fland\u0131.\u00a0<\/p>\n<p>BOYKOT BUG\u00dcN NE ANLAMA GEL\u0130YOR?\u00a0<\/p>\n<p>G\u00fcn\u00fcm\u00fczde boykot, ekonomik, siyasi ve toplumsal alanlarda s\u0131k\u00e7a ba\u015fvurulan bir protesto y\u00f6ntemi olarak kullan\u0131yor. Son olarak Cumhuriyet Halk Partisi (CHP) Genel Ba\u015fkan\u0131 \u00d6zg\u00fcr \u00d6zel&#8217;in baz\u0131 \u00fcr\u00fcn ve markalara y\u00f6nelik boykot \u00e7a\u011fr\u0131s\u0131yla birlikte, bu kelimenin k\u00f6keni ve anlam\u0131 yeniden g\u00fcndeme geldi.<\/p>\n<p>Boykot, bir soyaddan \u00e7ok daha fazlas\u0131; toplumlar\u0131n sesini \u00e7\u0131karmak i\u00e7in ba\u015fvurdu\u011fu kolektif bir duru\u015f bi\u00e7imi olarak tarih sahnesindeki yerini koruyor.\u00a0<\/p>\n<p>\u200bCHP Genel Ba\u015fkan\u0131 \u00d6zg\u00fcr \u00d6zel&#8217;in son g\u00fcnlerde yapt\u0131\u011f\u0131 boykot \u00e7a\u011fr\u0131lar\u0131n\u0131n ard\u0131ndan kamuoyunda s\u0131k\u00e7a kullan\u0131lan &#8216;boykot&#8217; kelimesinin k\u00f6keni merak konusu oldu. Peki, bu kelime nereden geliyor ve nas\u0131l bug\u00fcnk\u00fc anlam\u0131n\u0131 kazand\u0131?\u00a0<\/p>\n<p>\u200bHaberin Al\u0131nt\u0131land\u0131\u011f\u0131 Kaynak: www.antalyakorfez.com<\/p>","protected":false},"excerpt":{"rendered":"<p>Boykot kelimesi, asl\u0131nda bir soyad. 1880 y\u0131l\u0131nda \u0130rlanda&#8217;da ya\u015fanan bir olaydan do\u011fdu. \u0130ngiliz toprak y\u00f6neticisi Charles Boycott,\u00a0\u0130rlandal\u0131 k\u00f6yl\u00fclerle \u00e7al\u0131\u015f\u0131yordu. Ancak k\u0131tl\u0131k ve yoksullu\u011fun h\u00fck\u00fcm s\u00fcrd\u00fc\u011f\u00fc o d\u00f6nemde k\u00f6yl\u00fcler, kira indirimi talep etti. Boycott ise bu talebe kar\u015f\u0131l\u0131k vermek bir yana, baz\u0131 \u00e7ift\u00e7ileri topraklar\u0131ndan \u00e7\u0131kard\u0131. \u0130RLANDALI K\u00d6YL\u00dcLERDEN, BOYCOTT&#8217;A KAR\u015eI S\u0130V\u0130L D\u0130REN\u0130\u015e\u00a0 Bu duruma tepki g\u00f6steren \u0130rlandal\u0131 k\u00f6yl\u00fcler, Boycott&#8217;a kar\u015f\u0131 tarihi bir sivil direni\u015f ba\u015flatt\u0131. Onunla konu\u015fmay\u0131, al\u0131\u015fveri\u015f yapmay\u0131, \u00e7al\u0131\u015fmay\u0131 ve hatta g\u00f6z g\u00f6ze gelmeyi bile reddetiler. Fiziksel bir sald\u0131r\u0131 olmaks\u0131z\u0131n uygulanan bu tam izolasyon, Boycott&#8217;un yaln\u0131zla\u015fmas\u0131na neden oldu. \u00dcr\u00fcnlerini toplayacak i\u015f\u00e7i bile bulamayan Boycott, sonunda orduyu \u00e7a\u011f\u0131rmak zorunda kald\u0131. Bu olay, d\u00fcnya literat\u00fcr\u00fcne yeni bir kelime kazand\u0131rd\u0131: Boycott (boykot). O g\u00fcnden sonra bu kelime, bir ki\u015fi, kurum veya markaya kar\u015f\u0131 toplu pasif direni\u015f ve d\u0131\u015flamay\u0131 tan\u0131mlamak i\u00e7in kullan\u0131lmaya ba\u015fland\u0131.\u00a0 BOYKOT BUG\u00dcN NE ANLAMA GEL\u0130YOR?\u00a0 G\u00fcn\u00fcm\u00fczde boykot, ekonomik, siyasi ve toplumsal alanlarda s\u0131k\u00e7a ba\u015fvurulan bir protesto y\u00f6ntemi olarak kullan\u0131yor. Son olarak Cumhuriyet Halk Partisi (CHP) Genel Ba\u015fkan\u0131 \u00d6zg\u00fcr \u00d6zel&#8217;in baz\u0131 \u00fcr\u00fcn ve markalara y\u00f6nelik boykot \u00e7a\u011fr\u0131s\u0131yla birlikte, bu kelimenin k\u00f6keni ve anlam\u0131 yeniden g\u00fcndeme geldi. Boykot, bir soyaddan \u00e7ok daha fazlas\u0131; toplumlar\u0131n sesini \u00e7\u0131karmak i\u00e7in ba\u015fvurdu\u011fu kolektif bir duru\u015f bi\u00e7imi olarak tarih sahnesindeki yerini koruyor.\u00a0 \u200bCHP Genel Ba\u015fkan\u0131 \u00d6zg\u00fcr \u00d6zel&#8217;in son g\u00fcnlerde &hellip;<\/p>","protected":false},"author":5,"featured_media":0,"comment_status":"","ping_status":"open","sticky":false,"template":"","format":"standard","meta":{"_acf_changed":false,"footnotes":""},"categories":[24],"tags":[],"class_list":["post-41559","post","type-post","status-publish","format-standard","has-post-thumbnail","hentry","category-gundem"],"acf":[],"yoast_head":"<!-- This site is optimized with the Yoast SEO Premium plugin v26.6 (Yoast SEO v27.1.1) - https:\/\/yoast.com\/product\/yoast-seo-premium-wordpress\/ -->\n<title>Boykot kelimesinin tarih\u00e7esi: Bir soyad, bir direni\u015f hikayesi - Av. Deniz Can K\u0131z\u0131l<\/title>\n<meta name=\"robots\" content=\"index, follow, max-snippet:-1, max-image-preview:large, max-video-preview:-1\" \/>\n<link rel=\"canonical\" href=\"https:\/\/denizcankizil.tr\/en\/haberler\/gundem\/boykot-kelimesinin-tarihcesi-bir-soyad-bir-direnis-hikayesi\/\" \/>\n<meta property=\"og:locale\" content=\"en_GB\" \/>\n<meta property=\"og:type\" content=\"article\" \/>\n<meta property=\"og:title\" content=\"Boykot kelimesinin tarih\u00e7esi: Bir soyad, bir direni\u015f hikayesi\" \/>\n<meta property=\"og:description\" content=\"Boykot kelimesi, asl\u0131nda bir soyad. 1880 y\u0131l\u0131nda \u0130rlanda&#8217;da ya\u015fanan bir olaydan do\u011fdu. \u0130ngiliz toprak y\u00f6neticisi Charles Boycott,\u00a0\u0130rlandal\u0131 k\u00f6yl\u00fclerle \u00e7al\u0131\u015f\u0131yordu. Ancak k\u0131tl\u0131k ve yoksullu\u011fun h\u00fck\u00fcm s\u00fcrd\u00fc\u011f\u00fc o d\u00f6nemde k\u00f6yl\u00fcler, kira indirimi talep etti. Boycott ise bu talebe kar\u015f\u0131l\u0131k vermek bir yana, baz\u0131 \u00e7ift\u00e7ileri topraklar\u0131ndan \u00e7\u0131kard\u0131. \u0130RLANDALI K\u00d6YL\u00dcLERDEN, BOYCOTT&#8217;A KAR\u015eI S\u0130V\u0130L D\u0130REN\u0130\u015e\u00a0 Bu duruma tepki g\u00f6steren \u0130rlandal\u0131 k\u00f6yl\u00fcler, Boycott&#8217;a kar\u015f\u0131 tarihi bir sivil direni\u015f ba\u015flatt\u0131. Onunla konu\u015fmay\u0131, al\u0131\u015fveri\u015f yapmay\u0131, \u00e7al\u0131\u015fmay\u0131 ve hatta g\u00f6z g\u00f6ze gelmeyi bile reddetiler. Fiziksel bir sald\u0131r\u0131 olmaks\u0131z\u0131n uygulanan bu tam izolasyon, Boycott&#8217;un yaln\u0131zla\u015fmas\u0131na neden oldu. \u00dcr\u00fcnlerini toplayacak i\u015f\u00e7i bile bulamayan Boycott, sonunda orduyu \u00e7a\u011f\u0131rmak zorunda kald\u0131. Bu olay, d\u00fcnya literat\u00fcr\u00fcne yeni bir kelime kazand\u0131rd\u0131: Boycott (boykot). O g\u00fcnden sonra bu kelime, bir ki\u015fi, kurum veya markaya kar\u015f\u0131 toplu pasif direni\u015f ve d\u0131\u015flamay\u0131 tan\u0131mlamak i\u00e7in kullan\u0131lmaya ba\u015fland\u0131.\u00a0 BOYKOT BUG\u00dcN NE ANLAMA GEL\u0130YOR?\u00a0 G\u00fcn\u00fcm\u00fczde boykot, ekonomik, siyasi ve toplumsal alanlarda s\u0131k\u00e7a ba\u015fvurulan bir protesto y\u00f6ntemi olarak kullan\u0131yor. Son olarak Cumhuriyet Halk Partisi (CHP) Genel Ba\u015fkan\u0131 \u00d6zg\u00fcr \u00d6zel&#8217;in baz\u0131 \u00fcr\u00fcn ve markalara y\u00f6nelik boykot \u00e7a\u011fr\u0131s\u0131yla birlikte, bu kelimenin k\u00f6keni ve anlam\u0131 yeniden g\u00fcndeme geldi. Boykot, bir soyaddan \u00e7ok daha fazlas\u0131; toplumlar\u0131n sesini \u00e7\u0131karmak i\u00e7in ba\u015fvurdu\u011fu kolektif bir duru\u015f bi\u00e7imi olarak tarih sahnesindeki yerini koruyor.\u00a0 \u200bCHP Genel Ba\u015fkan\u0131 \u00d6zg\u00fcr \u00d6zel&#8217;in son g\u00fcnlerde &hellip;\" \/>\n<meta property=\"og:url\" content=\"https:\/\/denizcankizil.tr\/en\/haberler\/gundem\/boykot-kelimesinin-tarihcesi-bir-soyad-bir-direnis-hikayesi\/\" \/>\n<meta property=\"og:site_name\" content=\"Av. Deniz Can K\u0131z\u0131l\" \/>\n<meta property=\"article:published_time\" content=\"2025-03-31T19:22:54+00:00\" \/>\n<meta name=\"author\" content=\"Antalya K\u00f6rfez\" \/>\n<meta name=\"twitter:card\" content=\"summary_large_image\" \/>\n<meta name=\"twitter:label1\" content=\"Written by\" \/>\n\t<meta name=\"twitter:data1\" content=\"Antalya K\u00f6rfez\" \/>\n\t<meta name=\"twitter:label2\" content=\"Estimated reading time\" \/>\n\t<meta name=\"twitter:data2\" content=\"2 minutes\" \/>\n<script type=\"application\/ld+json\" class=\"yoast-schema-graph\">{\"@context\":\"https:\/\/schema.org\",\"@graph\":[{\"@type\":\"Article\",\"@id\":\"https:\/\/denizcankizil.tr\/de\/haberler\/gundem\/boykot-kelimesinin-tarihcesi-bir-soyad-bir-direnis-hikayesi\/#article\",\"isPartOf\":{\"@id\":\"https:\/\/denizcankizil.tr\/de\/haberler\/gundem\/boykot-kelimesinin-tarihcesi-bir-soyad-bir-direnis-hikayesi\/\"},\"author\":{\"name\":\"Antalya K\u00f6rfez\",\"@id\":\"https:\/\/denizcankizil.tr\/de\/#\/schema\/person\/e1eb71bb4dd684d46563f0af307e1234\"},\"headline\":\"Boykot kelimesinin tarih\u00e7esi: Bir soyad, bir direni\u015f hikayesi\",\"datePublished\":\"2025-03-31T19:22:54+00:00\",\"mainEntityOfPage\":{\"@id\":\"https:\/\/denizcankizil.tr\/de\/haberler\/gundem\/boykot-kelimesinin-tarihcesi-bir-soyad-bir-direnis-hikayesi\/\"},\"wordCount\":342,\"publisher\":{\"@id\":\"https:\/\/denizcankizil.tr\/de\/#organization\"},\"articleSection\":[\"G\u00fcndem\"],\"inLanguage\":\"en-GB\"},{\"@type\":\"WebPage\",\"@id\":\"https:\/\/denizcankizil.tr\/de\/haberler\/gundem\/boykot-kelimesinin-tarihcesi-bir-soyad-bir-direnis-hikayesi\/\",\"url\":\"https:\/\/denizcankizil.tr\/de\/haberler\/gundem\/boykot-kelimesinin-tarihcesi-bir-soyad-bir-direnis-hikayesi\/\",\"name\":\"Boykot kelimesinin tarih\u00e7esi: Bir soyad, bir direni\u015f hikayesi - Av. Deniz Can K\u0131z\u0131l\",\"isPartOf\":{\"@id\":\"https:\/\/denizcankizil.tr\/de\/#website\"},\"datePublished\":\"2025-03-31T19:22:54+00:00\",\"breadcrumb\":{\"@id\":\"https:\/\/denizcankizil.tr\/de\/haberler\/gundem\/boykot-kelimesinin-tarihcesi-bir-soyad-bir-direnis-hikayesi\/#breadcrumb\"},\"inLanguage\":\"en-GB\",\"potentialAction\":[{\"@type\":\"ReadAction\",\"target\":[\"https:\/\/denizcankizil.tr\/de\/haberler\/gundem\/boykot-kelimesinin-tarihcesi-bir-soyad-bir-direnis-hikayesi\/\"]}]},{\"@type\":\"BreadcrumbList\",\"@id\":\"https:\/\/denizcankizil.tr\/de\/haberler\/gundem\/boykot-kelimesinin-tarihcesi-bir-soyad-bir-direnis-hikayesi\/#breadcrumb\",\"itemListElement\":[{\"@type\":\"ListItem\",\"position\":1,\"name\":\"Home\",\"item\":\"https:\/\/denizcankizil.tr\/de\/\"},{\"@type\":\"ListItem\",\"position\":2,\"name\":\"Boykot kelimesinin tarih\u00e7esi: Bir soyad, bir direni\u015f hikayesi\"}]},{\"@type\":\"WebSite\",\"@id\":\"https:\/\/denizcankizil.tr\/de\/#website\",\"url\":\"https:\/\/denizcankizil.tr\/de\/\",\"name\":\"Av. Deniz Can K\u0131z\u0131l\",\"description\":\"Avukat Deniz Can K\u0131z\u0131l Antalya Barosu\",\"publisher\":{\"@id\":\"https:\/\/denizcankizil.tr\/de\/#organization\"},\"potentialAction\":[{\"@type\":\"SearchAction\",\"target\":{\"@type\":\"EntryPoint\",\"urlTemplate\":\"https:\/\/denizcankizil.tr\/de\/?s={search_term_string}\"},\"query-input\":{\"@type\":\"PropertyValueSpecification\",\"valueRequired\":true,\"valueName\":\"search_term_string\"}}],\"inLanguage\":\"en-GB\"},{\"@type\":\"Organization\",\"@id\":\"https:\/\/denizcankizil.tr\/de\/#organization\",\"name\":\"Av. Deniz Can K\u0131z\u0131l\",\"url\":\"https:\/\/denizcankizil.tr\/de\/\",\"logo\":{\"@type\":\"ImageObject\",\"inLanguage\":\"en-GB\",\"@id\":\"https:\/\/denizcankizil.tr\/de\/#\/schema\/logo\/image\/\",\"url\":\"https:\/\/denizcankizil.tr\/wp-content\/uploads\/2024\/10\/siyah-logo-svg.svg\",\"contentUrl\":\"https:\/\/denizcankizil.tr\/wp-content\/uploads\/2024\/10\/siyah-logo-svg.svg\",\"width\":1080,\"height\":1080,\"caption\":\"Av. Deniz Can K\u0131z\u0131l\"},\"image\":{\"@id\":\"https:\/\/denizcankizil.tr\/de\/#\/schema\/logo\/image\/\"}},{\"@type\":\"Person\",\"@id\":\"https:\/\/denizcankizil.tr\/de\/#\/schema\/person\/e1eb71bb4dd684d46563f0af307e1234\",\"name\":\"Antalya K\u00f6rfez\",\"image\":{\"@type\":\"ImageObject\",\"inLanguage\":\"en-GB\",\"@id\":\"https:\/\/denizcankizil.tr\/de\/#\/schema\/person\/image\/\",\"url\":\"https:\/\/secure.gravatar.com\/avatar\/42b01982558a48a0b501fdcab6a408d3717ea5919095ee2e67b0e521799c5905?s=96&d=mm&r=g\",\"contentUrl\":\"https:\/\/secure.gravatar.com\/avatar\/42b01982558a48a0b501fdcab6a408d3717ea5919095ee2e67b0e521799c5905?s=96&d=mm&r=g\",\"caption\":\"Antalya K\u00f6rfez\"},\"sameAs\":[\"http:\/\/www.antalyakorfez.com\"],\"url\":\"https:\/\/www.antalyakorfez.com\/boykot-kelimesinin-tarihcesi-bir-soyad-bir-direnis-hikayesi\"}]}<\/script>\n<!-- \/ Yoast SEO Premium plugin. -->","yoast_head_json":{"title":"Boykot kelimesinin tarih\u00e7esi: Bir soyad, bir direni\u015f hikayesi - Av. Deniz Can K\u0131z\u0131l","robots":{"index":"index","follow":"follow","max-snippet":"max-snippet:-1","max-image-preview":"max-image-preview:large","max-video-preview":"max-video-preview:-1"},"canonical":"https:\/\/denizcankizil.tr\/en\/haberler\/gundem\/boykot-kelimesinin-tarihcesi-bir-soyad-bir-direnis-hikayesi\/","og_locale":"en_GB","og_type":"article","og_title":"Boykot kelimesinin tarih\u00e7esi: Bir soyad, bir direni\u015f hikayesi","og_description":"Boykot kelimesi, asl\u0131nda bir soyad. 1880 y\u0131l\u0131nda \u0130rlanda&#8217;da ya\u015fanan bir olaydan do\u011fdu. \u0130ngiliz toprak y\u00f6neticisi Charles Boycott,\u00a0\u0130rlandal\u0131 k\u00f6yl\u00fclerle \u00e7al\u0131\u015f\u0131yordu. Ancak k\u0131tl\u0131k ve yoksullu\u011fun h\u00fck\u00fcm s\u00fcrd\u00fc\u011f\u00fc o d\u00f6nemde k\u00f6yl\u00fcler, kira indirimi talep etti. Boycott ise bu talebe kar\u015f\u0131l\u0131k vermek bir yana, baz\u0131 \u00e7ift\u00e7ileri topraklar\u0131ndan \u00e7\u0131kard\u0131. \u0130RLANDALI K\u00d6YL\u00dcLERDEN, BOYCOTT&#8217;A KAR\u015eI S\u0130V\u0130L D\u0130REN\u0130\u015e\u00a0 Bu duruma tepki g\u00f6steren \u0130rlandal\u0131 k\u00f6yl\u00fcler, Boycott&#8217;a kar\u015f\u0131 tarihi bir sivil direni\u015f ba\u015flatt\u0131. Onunla konu\u015fmay\u0131, al\u0131\u015fveri\u015f yapmay\u0131, \u00e7al\u0131\u015fmay\u0131 ve hatta g\u00f6z g\u00f6ze gelmeyi bile reddetiler. Fiziksel bir sald\u0131r\u0131 olmaks\u0131z\u0131n uygulanan bu tam izolasyon, Boycott&#8217;un yaln\u0131zla\u015fmas\u0131na neden oldu. \u00dcr\u00fcnlerini toplayacak i\u015f\u00e7i bile bulamayan Boycott, sonunda orduyu \u00e7a\u011f\u0131rmak zorunda kald\u0131. Bu olay, d\u00fcnya literat\u00fcr\u00fcne yeni bir kelime kazand\u0131rd\u0131: Boycott (boykot). O g\u00fcnden sonra bu kelime, bir ki\u015fi, kurum veya markaya kar\u015f\u0131 toplu pasif direni\u015f ve d\u0131\u015flamay\u0131 tan\u0131mlamak i\u00e7in kullan\u0131lmaya ba\u015fland\u0131.\u00a0 BOYKOT BUG\u00dcN NE ANLAMA GEL\u0130YOR?\u00a0 G\u00fcn\u00fcm\u00fczde boykot, ekonomik, siyasi ve toplumsal alanlarda s\u0131k\u00e7a ba\u015fvurulan bir protesto y\u00f6ntemi olarak kullan\u0131yor. Son olarak Cumhuriyet Halk Partisi (CHP) Genel Ba\u015fkan\u0131 \u00d6zg\u00fcr \u00d6zel&#8217;in baz\u0131 \u00fcr\u00fcn ve markalara y\u00f6nelik boykot \u00e7a\u011fr\u0131s\u0131yla birlikte, bu kelimenin k\u00f6keni ve anlam\u0131 yeniden g\u00fcndeme geldi. Boykot, bir soyaddan \u00e7ok daha fazlas\u0131; toplumlar\u0131n sesini \u00e7\u0131karmak i\u00e7in ba\u015fvurdu\u011fu kolektif bir duru\u015f bi\u00e7imi olarak tarih sahnesindeki yerini koruyor.\u00a0 \u200bCHP Genel Ba\u015fkan\u0131 \u00d6zg\u00fcr \u00d6zel&#8217;in son g\u00fcnlerde &hellip;","og_url":"https:\/\/denizcankizil.tr\/en\/haberler\/gundem\/boykot-kelimesinin-tarihcesi-bir-soyad-bir-direnis-hikayesi\/","og_site_name":"Av. Deniz Can K\u0131z\u0131l","article_published_time":"2025-03-31T19:22:54+00:00","author":"Antalya K\u00f6rfez","twitter_card":"summary_large_image","twitter_misc":{"Written by":"Antalya K\u00f6rfez","Estimated reading time":"2 minutes"},"schema":{"@context":"https:\/\/schema.org","@graph":[{"@type":"Article","@id":"https:\/\/denizcankizil.tr\/de\/haberler\/gundem\/boykot-kelimesinin-tarihcesi-bir-soyad-bir-direnis-hikayesi\/#article","isPartOf":{"@id":"https:\/\/denizcankizil.tr\/de\/haberler\/gundem\/boykot-kelimesinin-tarihcesi-bir-soyad-bir-direnis-hikayesi\/"},"author":{"name":"Antalya K\u00f6rfez","@id":"https:\/\/denizcankizil.tr\/de\/#\/schema\/person\/e1eb71bb4dd684d46563f0af307e1234"},"headline":"Boykot kelimesinin tarih\u00e7esi: Bir soyad, bir direni\u015f hikayesi","datePublished":"2025-03-31T19:22:54+00:00","mainEntityOfPage":{"@id":"https:\/\/denizcankizil.tr\/de\/haberler\/gundem\/boykot-kelimesinin-tarihcesi-bir-soyad-bir-direnis-hikayesi\/"},"wordCount":342,"publisher":{"@id":"https:\/\/denizcankizil.tr\/de\/#organization"},"articleSection":["G\u00fcndem"],"inLanguage":"en-GB"},{"@type":"WebPage","@id":"https:\/\/denizcankizil.tr\/de\/haberler\/gundem\/boykot-kelimesinin-tarihcesi-bir-soyad-bir-direnis-hikayesi\/","url":"https:\/\/denizcankizil.tr\/de\/haberler\/gundem\/boykot-kelimesinin-tarihcesi-bir-soyad-bir-direnis-hikayesi\/","name":"Boykot kelimesinin tarih\u00e7esi: Bir soyad, bir direni\u015f hikayesi - Av. Deniz Can K\u0131z\u0131l","isPartOf":{"@id":"https:\/\/denizcankizil.tr\/de\/#website"},"datePublished":"2025-03-31T19:22:54+00:00","breadcrumb":{"@id":"https:\/\/denizcankizil.tr\/de\/haberler\/gundem\/boykot-kelimesinin-tarihcesi-bir-soyad-bir-direnis-hikayesi\/#breadcrumb"},"inLanguage":"en-GB","potentialAction":[{"@type":"ReadAction","target":["https:\/\/denizcankizil.tr\/de\/haberler\/gundem\/boykot-kelimesinin-tarihcesi-bir-soyad-bir-direnis-hikayesi\/"]}]},{"@type":"BreadcrumbList","@id":"https:\/\/denizcankizil.tr\/de\/haberler\/gundem\/boykot-kelimesinin-tarihcesi-bir-soyad-bir-direnis-hikayesi\/#breadcrumb","itemListElement":[{"@type":"ListItem","position":1,"name":"Home","item":"https:\/\/denizcankizil.tr\/de\/"},{"@type":"ListItem","position":2,"name":"Boykot kelimesinin tarih\u00e7esi: Bir soyad, bir direni\u015f hikayesi"}]},{"@type":"WebSite","@id":"https:\/\/denizcankizil.tr\/de\/#website","url":"https:\/\/denizcankizil.tr\/de\/","name":"Av. Deniz Can K\u0131z\u0131l","description":"Avukat Deniz Can K\u0131z\u0131l Antalya Barosu","publisher":{"@id":"https:\/\/denizcankizil.tr\/de\/#organization"},"potentialAction":[{"@type":"SearchAction","target":{"@type":"EntryPoint","urlTemplate":"https:\/\/denizcankizil.tr\/de\/?s={search_term_string}"},"query-input":{"@type":"PropertyValueSpecification","valueRequired":true,"valueName":"search_term_string"}}],"inLanguage":"en-GB"},{"@type":"Organization","@id":"https:\/\/denizcankizil.tr\/de\/#organization","name":"Av. Deniz Can K\u0131z\u0131l","url":"https:\/\/denizcankizil.tr\/de\/","logo":{"@type":"ImageObject","inLanguage":"en-GB","@id":"https:\/\/denizcankizil.tr\/de\/#\/schema\/logo\/image\/","url":"https:\/\/denizcankizil.tr\/wp-content\/uploads\/2024\/10\/siyah-logo-svg.svg","contentUrl":"https:\/\/denizcankizil.tr\/wp-content\/uploads\/2024\/10\/siyah-logo-svg.svg","width":1080,"height":1080,"caption":"Av. Deniz Can K\u0131z\u0131l"},"image":{"@id":"https:\/\/denizcankizil.tr\/de\/#\/schema\/logo\/image\/"}},{"@type":"Person","@id":"https:\/\/denizcankizil.tr\/de\/#\/schema\/person\/e1eb71bb4dd684d46563f0af307e1234","name":"Antalya K\u00f6rfez","image":{"@type":"ImageObject","inLanguage":"en-GB","@id":"https:\/\/denizcankizil.tr\/de\/#\/schema\/person\/image\/","url":"https:\/\/secure.gravatar.com\/avatar\/42b01982558a48a0b501fdcab6a408d3717ea5919095ee2e67b0e521799c5905?s=96&d=mm&r=g","contentUrl":"https:\/\/secure.gravatar.com\/avatar\/42b01982558a48a0b501fdcab6a408d3717ea5919095ee2e67b0e521799c5905?s=96&d=mm&r=g","caption":"Antalya K\u00f6rfez"},"sameAs":["http:\/\/www.antalyakorfez.com"],"url":"https:\/\/www.antalyakorfez.com\/boykot-kelimesinin-tarihcesi-bir-soyad-bir-direnis-hikayesi"}]}},"_links":{"self":[{"href":"https:\/\/denizcankizil.tr\/en\/wp-json\/wp\/v2\/posts\/41559","targetHints":{"allow":["GET"]}}],"collection":[{"href":"https:\/\/denizcankizil.tr\/en\/wp-json\/wp\/v2\/posts"}],"about":[{"href":"https:\/\/denizcankizil.tr\/en\/wp-json\/wp\/v2\/types\/post"}],"author":[{"embeddable":true,"href":"https:\/\/denizcankizil.tr\/en\/wp-json\/wp\/v2\/users\/5"}],"replies":[{"embeddable":true,"href":"https:\/\/denizcankizil.tr\/en\/wp-json\/wp\/v2\/comments?post=41559"}],"version-history":[{"count":0,"href":"https:\/\/denizcankizil.tr\/en\/wp-json\/wp\/v2\/posts\/41559\/revisions"}],"wp:attachment":[{"href":"https:\/\/denizcankizil.tr\/en\/wp-json\/wp\/v2\/media?parent=41559"}],"wp:term":[{"taxonomy":"category","embeddable":true,"href":"https:\/\/denizcankizil.tr\/en\/wp-json\/wp\/v2\/categories?post=41559"},{"taxonomy":"post_tag","embeddable":true,"href":"https:\/\/denizcankizil.tr\/en\/wp-json\/wp\/v2\/tags?post=41559"}],"curies":[{"name":"wp","href":"https:\/\/api.w.org\/{rel}","templated":true}]}}