{"id":41440,"date":"2025-03-31T19:41:23","date_gmt":"2025-03-31T16:41:23","guid":{"rendered":"https:\/\/denizcankizil.tr\/uncategorized-tr\/imamoglundan-31-mart-mesaji-milletin-iradesine-darbe-yapildi\/"},"modified":"2025-03-31T19:41:23","modified_gmt":"2025-03-31T16:41:23","slug":"imamoglundan-31-mart-mesaji-milletin-iradesine-darbe-yapildi","status":"publish","type":"post","link":"https:\/\/denizcankizil.tr\/en\/haberler\/gundem\/imamoglundan-31-mart-mesaji-milletin-iradesine-darbe-yapildi\/","title":{"rendered":"\u0130mamo\u011flu&#8217;ndan 31 Mart mesaj\u0131: &#8220;Milletin iradesine darbe yap\u0131ld\u0131&#8221;"},"content":{"rendered":"<p>\u0130stanbul B\u00fcy\u00fck\u015fehir Belediyesi (\u0130BB) Ba\u015fkan\u0131 Ekrem \u0130mamo\u011flu, sosyal medya hesab\u0131ndan yapt\u0131\u011f\u0131 payla\u015f\u0131mda, ge\u00e7en y\u0131l 1 milyon oy farkla kazand\u0131klar\u0131 se\u00e7imden sonra h\u00fck\u00fcmetin \u0130stanbul&#8217;a y\u00f6nelik &#8220;hukuksuz operasyonlar&#8221; ger\u00e7ekle\u015ftirdi\u011fini \u00f6ne s\u00fcrd\u00fc.\u00a0<\/p>\n<p>&#8220;\u0130\u015e\u0130NE GELENE SAYGI DUYAN &#8216;1 K\u0130\u015e\u0130, M\u0130LLET \u0130RADES\u0130NE SALDIRDI&#8221;<\/p>\n<p>\u0130mamo\u011flu&#8217;nun a\u00e7\u0131klamas\u0131nda \u015fu ifadeler yer ald\u0131:\u00a0<\/p>\n<p>&#8220;1 y\u0131l \u00f6nce bug\u00fcn, 1 milyon oy farkla 16 milyon \u0130stanbullu bir kez daha kazand\u0131. Ancak milletin tercihine sadece i\u015fine geldi\u011finde sayg\u0131 duyan &#8216;1 ki\u015fi&#8217;, ge\u00e7en 1 y\u0131l i\u00e7inde milletin iradesine sald\u0131rd\u0131k\u00e7a sald\u0131rd\u0131.&#8221;\u00a0<\/p>\n<p>SAYISIZ TUTUKLAMA VE KAYYUMLAR&#8230;\u00a0<\/p>\n<p>\u0130mamo\u011flu, \u0130stanbul&#8217;da ya\u015fanan s\u00fcrece dikkat \u00e7ekerek \u015funlar\u0131 belirtti:\u00a0<\/p>\n<p>5 il\u00e7e ba\u015fkan\u0131n\u0131n tutukland\u0131\u011f\u0131n\u0131, 2 il\u00e7e belediyesine kayyum atand\u0131\u011f\u0131n\u0131, bir\u00e7ok belediye \u00e7al\u0131\u015fan\u0131n\u0131n tutukland\u0131\u011f\u0131n\u0131, kendisine y\u00f6nelik tutuklama karar\u0131 oldu\u011funu ifade etti.\u00a0Bu ya\u015fananlar\u0131 &#8220;hukuksuz operasyonlar&#8221; olarak nitelendiren \u0130mamo\u011flu, &#8220;Bu yap\u0131lanlar a\u00e7\u0131k\u00e7a su\u00e7tur, milletin iradesini yok saymakt\u0131r, milli iradeye darbedir. &#8216;\u0130stanbul hukuksuzlu\u011fu&#8217; net olarak darbedir&#8221; dedi.\u00a0<\/p>\n<p>&#8220;86 M\u0130LYON \u0130\u00c7\u0130N YOLA \u00c7IKTIM&#8221;<\/p>\n<p>A\u00e7\u0131klamas\u0131nda T\u00fcrkiye&#8217;nin gelece\u011fine dair mesajlar da veren \u0130mamo\u011flu, &#8220;Art\u0131k 86 milyon vatanda\u015f\u0131m\u0131z\u0131n hakk\u0131, hukuku ve refah\u0131 i\u00e7in yola \u00e7\u0131km\u0131\u015f biriyim. Milli iradeye d\u00fc\u015fmanla\u015fan bir avu\u00e7 insan\u0131, yine milli iradenin \u00fcc\u00fcyle durduraca\u011f\u0131z&#8221; diyerek m\u00fccadeleye devam edece\u011fini belirtti.<\/p>\n<p>\u200b\u0130stanbul B\u00fcy\u00fck\u015fehir Belediyesi Ba\u015fkan\u0131 Ekrem \u0130mamo\u011flu, 31 Mart yerel se\u00e7imlerinin y\u0131l d\u00f6n\u00fcm\u00fcnde bir mesaj yay\u0131nlad\u0131. Se\u00e7imden bir y\u0131l sonra \u0130stanbul&#8217;da ya\u015fanan s\u00fcreci &#8220;hukuksuzluk&#8221; olarak de\u011ferlendiren \u0130mamo\u011flu, h\u00fck\u00fcmete sert ele\u015ftirilerde bulundu.\u00a0<\/p>\n<p>\u200bHaberin Al\u0131nt\u0131land\u0131\u011f\u0131 Kaynak: www.antalyakorfez.com<\/p>","protected":false},"excerpt":{"rendered":"<p>\u0130stanbul B\u00fcy\u00fck\u015fehir Belediyesi (\u0130BB) Ba\u015fkan\u0131 Ekrem \u0130mamo\u011flu, sosyal medya hesab\u0131ndan yapt\u0131\u011f\u0131 payla\u015f\u0131mda, ge\u00e7en y\u0131l 1 milyon oy farkla kazand\u0131klar\u0131 se\u00e7imden sonra h\u00fck\u00fcmetin \u0130stanbul&#8217;a y\u00f6nelik &#8220;hukuksuz operasyonlar&#8221; ger\u00e7ekle\u015ftirdi\u011fini \u00f6ne s\u00fcrd\u00fc.\u00a0 &#8220;\u0130\u015e\u0130NE GELENE SAYGI DUYAN &#8216;1 K\u0130\u015e\u0130, M\u0130LLET \u0130RADES\u0130NE SALDIRDI&#8221; \u0130mamo\u011flu&#8217;nun a\u00e7\u0131klamas\u0131nda \u015fu ifadeler yer ald\u0131:\u00a0 &#8220;1 y\u0131l \u00f6nce bug\u00fcn, 1 milyon oy farkla 16 milyon \u0130stanbullu bir kez daha kazand\u0131. Ancak milletin tercihine sadece i\u015fine geldi\u011finde sayg\u0131 duyan &#8216;1 ki\u015fi&#8217;, ge\u00e7en 1 y\u0131l i\u00e7inde milletin iradesine sald\u0131rd\u0131k\u00e7a sald\u0131rd\u0131.&#8221;\u00a0 SAYISIZ TUTUKLAMA VE KAYYUMLAR&#8230;\u00a0 \u0130mamo\u011flu, \u0130stanbul&#8217;da ya\u015fanan s\u00fcrece dikkat \u00e7ekerek \u015funlar\u0131 belirtti:\u00a0 5 il\u00e7e ba\u015fkan\u0131n\u0131n tutukland\u0131\u011f\u0131n\u0131, 2 il\u00e7e belediyesine kayyum atand\u0131\u011f\u0131n\u0131, bir\u00e7ok belediye \u00e7al\u0131\u015fan\u0131n\u0131n tutukland\u0131\u011f\u0131n\u0131, kendisine y\u00f6nelik tutuklama karar\u0131 oldu\u011funu ifade etti.\u00a0Bu ya\u015fananlar\u0131 &#8220;hukuksuz operasyonlar&#8221; olarak nitelendiren \u0130mamo\u011flu, &#8220;Bu yap\u0131lanlar a\u00e7\u0131k\u00e7a su\u00e7tur, milletin iradesini yok saymakt\u0131r, milli iradeye darbedir. &#8216;\u0130stanbul hukuksuzlu\u011fu&#8217; net olarak darbedir&#8221; dedi.\u00a0 &#8220;86 M\u0130LYON \u0130\u00c7\u0130N YOLA \u00c7IKTIM&#8221; A\u00e7\u0131klamas\u0131nda T\u00fcrkiye&#8217;nin gelece\u011fine dair mesajlar da veren \u0130mamo\u011flu, &#8220;Art\u0131k 86 milyon vatanda\u015f\u0131m\u0131z\u0131n hakk\u0131, hukuku ve refah\u0131 i\u00e7in yola \u00e7\u0131km\u0131\u015f biriyim. Milli iradeye d\u00fc\u015fmanla\u015fan bir avu\u00e7 insan\u0131, yine milli iradenin \u00fcc\u00fcyle durduraca\u011f\u0131z&#8221; diyerek m\u00fccadeleye devam edece\u011fini belirtti. \u200b\u0130stanbul B\u00fcy\u00fck\u015fehir Belediyesi Ba\u015fkan\u0131 Ekrem \u0130mamo\u011flu, 31 Mart yerel se\u00e7imlerinin y\u0131l d\u00f6n\u00fcm\u00fcnde bir mesaj yay\u0131nlad\u0131. Se\u00e7imden bir y\u0131l sonra \u0130stanbul&#8217;da ya\u015fanan s\u00fcreci &#8220;hukuksuzluk&#8221; olarak de\u011ferlendiren \u0130mamo\u011flu, h\u00fck\u00fcmete &hellip;<\/p>","protected":false},"author":5,"featured_media":0,"comment_status":"","ping_status":"open","sticky":false,"template":"","format":"standard","meta":{"_acf_changed":false,"footnotes":""},"categories":[24],"tags":[],"class_list":["post-41440","post","type-post","status-publish","format-standard","has-post-thumbnail","hentry","category-gundem"],"acf":[],"yoast_head":"<!-- This site is optimized with the Yoast SEO Premium plugin v26.6 (Yoast SEO v27.1.1) - https:\/\/yoast.com\/product\/yoast-seo-premium-wordpress\/ -->\n<title>\u0130mamo\u011flu&#039;ndan 31 Mart mesaj\u0131: &quot;Milletin iradesine darbe yap\u0131ld\u0131&quot; - Av. Deniz Can K\u0131z\u0131l<\/title>\n<meta name=\"robots\" content=\"index, follow, max-snippet:-1, max-image-preview:large, max-video-preview:-1\" \/>\n<link rel=\"canonical\" href=\"https:\/\/denizcankizil.tr\/en\/haberler\/gundem\/imamoglundan-31-mart-mesaji-milletin-iradesine-darbe-yapildi\/\" \/>\n<meta property=\"og:locale\" content=\"en_GB\" \/>\n<meta property=\"og:type\" content=\"article\" \/>\n<meta property=\"og:title\" content=\"\u0130mamo\u011flu&#039;ndan 31 Mart mesaj\u0131: &quot;Milletin iradesine darbe yap\u0131ld\u0131&quot;\" \/>\n<meta property=\"og:description\" content=\"\u0130stanbul B\u00fcy\u00fck\u015fehir Belediyesi (\u0130BB) Ba\u015fkan\u0131 Ekrem \u0130mamo\u011flu, sosyal medya hesab\u0131ndan yapt\u0131\u011f\u0131 payla\u015f\u0131mda, ge\u00e7en y\u0131l 1 milyon oy farkla kazand\u0131klar\u0131 se\u00e7imden sonra h\u00fck\u00fcmetin \u0130stanbul&#8217;a y\u00f6nelik &#8220;hukuksuz operasyonlar&#8221; ger\u00e7ekle\u015ftirdi\u011fini \u00f6ne s\u00fcrd\u00fc.\u00a0 &#8220;\u0130\u015e\u0130NE GELENE SAYGI DUYAN &#8216;1 K\u0130\u015e\u0130, M\u0130LLET \u0130RADES\u0130NE SALDIRDI&#8221; \u0130mamo\u011flu&#8217;nun a\u00e7\u0131klamas\u0131nda \u015fu ifadeler yer ald\u0131:\u00a0 &#8220;1 y\u0131l \u00f6nce bug\u00fcn, 1 milyon oy farkla 16 milyon \u0130stanbullu bir kez daha kazand\u0131. Ancak milletin tercihine sadece i\u015fine geldi\u011finde sayg\u0131 duyan &#8216;1 ki\u015fi&#8217;, ge\u00e7en 1 y\u0131l i\u00e7inde milletin iradesine sald\u0131rd\u0131k\u00e7a sald\u0131rd\u0131.&#8221;\u00a0 SAYISIZ TUTUKLAMA VE KAYYUMLAR&#8230;\u00a0 \u0130mamo\u011flu, \u0130stanbul&#8217;da ya\u015fanan s\u00fcrece dikkat \u00e7ekerek \u015funlar\u0131 belirtti:\u00a0 5 il\u00e7e ba\u015fkan\u0131n\u0131n tutukland\u0131\u011f\u0131n\u0131, 2 il\u00e7e belediyesine kayyum atand\u0131\u011f\u0131n\u0131, bir\u00e7ok belediye \u00e7al\u0131\u015fan\u0131n\u0131n tutukland\u0131\u011f\u0131n\u0131, kendisine y\u00f6nelik tutuklama karar\u0131 oldu\u011funu ifade etti.\u00a0Bu ya\u015fananlar\u0131 &#8220;hukuksuz operasyonlar&#8221; olarak nitelendiren \u0130mamo\u011flu, &#8220;Bu yap\u0131lanlar a\u00e7\u0131k\u00e7a su\u00e7tur, milletin iradesini yok saymakt\u0131r, milli iradeye darbedir. &#8216;\u0130stanbul hukuksuzlu\u011fu&#8217; net olarak darbedir&#8221; dedi.\u00a0 &#8220;86 M\u0130LYON \u0130\u00c7\u0130N YOLA \u00c7IKTIM&#8221; A\u00e7\u0131klamas\u0131nda T\u00fcrkiye&#8217;nin gelece\u011fine dair mesajlar da veren \u0130mamo\u011flu, &#8220;Art\u0131k 86 milyon vatanda\u015f\u0131m\u0131z\u0131n hakk\u0131, hukuku ve refah\u0131 i\u00e7in yola \u00e7\u0131km\u0131\u015f biriyim. Milli iradeye d\u00fc\u015fmanla\u015fan bir avu\u00e7 insan\u0131, yine milli iradenin \u00fcc\u00fcyle durduraca\u011f\u0131z&#8221; diyerek m\u00fccadeleye devam edece\u011fini belirtti. \u200b\u0130stanbul B\u00fcy\u00fck\u015fehir Belediyesi Ba\u015fkan\u0131 Ekrem \u0130mamo\u011flu, 31 Mart yerel se\u00e7imlerinin y\u0131l d\u00f6n\u00fcm\u00fcnde bir mesaj yay\u0131nlad\u0131. Se\u00e7imden bir y\u0131l sonra \u0130stanbul&#8217;da ya\u015fanan s\u00fcreci &#8220;hukuksuzluk&#8221; olarak de\u011ferlendiren \u0130mamo\u011flu, h\u00fck\u00fcmete &hellip;\" \/>\n<meta property=\"og:url\" content=\"https:\/\/denizcankizil.tr\/en\/haberler\/gundem\/imamoglundan-31-mart-mesaji-milletin-iradesine-darbe-yapildi\/\" \/>\n<meta property=\"og:site_name\" content=\"Av. Deniz Can K\u0131z\u0131l\" \/>\n<meta property=\"article:published_time\" content=\"2025-03-31T16:41:23+00:00\" \/>\n<meta name=\"author\" content=\"Antalya K\u00f6rfez\" \/>\n<meta name=\"twitter:card\" content=\"summary_large_image\" \/>\n<meta name=\"twitter:label1\" content=\"Written by\" \/>\n\t<meta name=\"twitter:data1\" content=\"Antalya K\u00f6rfez\" \/>\n\t<meta name=\"twitter:label2\" content=\"Estimated reading time\" \/>\n\t<meta name=\"twitter:data2\" content=\"2 minutes\" \/>\n<script type=\"application\/ld+json\" class=\"yoast-schema-graph\">{\"@context\":\"https:\/\/schema.org\",\"@graph\":[{\"@type\":\"Article\",\"@id\":\"https:\/\/denizcankizil.tr\/en\/haberler\/gundem\/imamoglundan-31-mart-mesaji-milletin-iradesine-darbe-yapildi\/#article\",\"isPartOf\":{\"@id\":\"https:\/\/denizcankizil.tr\/en\/haberler\/gundem\/imamoglundan-31-mart-mesaji-milletin-iradesine-darbe-yapildi\/\"},\"author\":{\"name\":\"Antalya K\u00f6rfez\",\"@id\":\"https:\/\/denizcankizil.tr\/de\/#\/schema\/person\/e1eb71bb4dd684d46563f0af307e1234\"},\"headline\":\"\u0130mamo\u011flu&#8217;ndan 31 Mart mesaj\u0131: &#8220;Milletin iradesine darbe yap\u0131ld\u0131&#8221;\",\"datePublished\":\"2025-03-31T16:41:23+00:00\",\"mainEntityOfPage\":{\"@id\":\"https:\/\/denizcankizil.tr\/en\/haberler\/gundem\/imamoglundan-31-mart-mesaji-milletin-iradesine-darbe-yapildi\/\"},\"wordCount\":312,\"publisher\":{\"@id\":\"https:\/\/denizcankizil.tr\/de\/#organization\"},\"articleSection\":[\"G\u00fcndem\"],\"inLanguage\":\"en-GB\"},{\"@type\":\"WebPage\",\"@id\":\"https:\/\/denizcankizil.tr\/en\/haberler\/gundem\/imamoglundan-31-mart-mesaji-milletin-iradesine-darbe-yapildi\/\",\"url\":\"https:\/\/denizcankizil.tr\/en\/haberler\/gundem\/imamoglundan-31-mart-mesaji-milletin-iradesine-darbe-yapildi\/\",\"name\":\"\u0130mamo\u011flu'ndan 31 Mart mesaj\u0131: \\\"Milletin iradesine darbe yap\u0131ld\u0131\\\" - Av. Deniz Can K\u0131z\u0131l\",\"isPartOf\":{\"@id\":\"https:\/\/denizcankizil.tr\/de\/#website\"},\"datePublished\":\"2025-03-31T16:41:23+00:00\",\"breadcrumb\":{\"@id\":\"https:\/\/denizcankizil.tr\/en\/haberler\/gundem\/imamoglundan-31-mart-mesaji-milletin-iradesine-darbe-yapildi\/#breadcrumb\"},\"inLanguage\":\"en-GB\",\"potentialAction\":[{\"@type\":\"ReadAction\",\"target\":[\"https:\/\/denizcankizil.tr\/en\/haberler\/gundem\/imamoglundan-31-mart-mesaji-milletin-iradesine-darbe-yapildi\/\"]}]},{\"@type\":\"BreadcrumbList\",\"@id\":\"https:\/\/denizcankizil.tr\/en\/haberler\/gundem\/imamoglundan-31-mart-mesaji-milletin-iradesine-darbe-yapildi\/#breadcrumb\",\"itemListElement\":[{\"@type\":\"ListItem\",\"position\":1,\"name\":\"Home\",\"item\":\"https:\/\/denizcankizil.tr\/de\/\"},{\"@type\":\"ListItem\",\"position\":2,\"name\":\"\u0130mamo\u011flu&#8217;ndan 31 Mart mesaj\u0131: &#8220;Milletin iradesine darbe yap\u0131ld\u0131&#8221;\"}]},{\"@type\":\"WebSite\",\"@id\":\"https:\/\/denizcankizil.tr\/de\/#website\",\"url\":\"https:\/\/denizcankizil.tr\/de\/\",\"name\":\"Av. Deniz Can K\u0131z\u0131l\",\"description\":\"Avukat Deniz Can K\u0131z\u0131l Antalya Barosu\",\"publisher\":{\"@id\":\"https:\/\/denizcankizil.tr\/de\/#organization\"},\"potentialAction\":[{\"@type\":\"SearchAction\",\"target\":{\"@type\":\"EntryPoint\",\"urlTemplate\":\"https:\/\/denizcankizil.tr\/de\/?s={search_term_string}\"},\"query-input\":{\"@type\":\"PropertyValueSpecification\",\"valueRequired\":true,\"valueName\":\"search_term_string\"}}],\"inLanguage\":\"en-GB\"},{\"@type\":\"Organization\",\"@id\":\"https:\/\/denizcankizil.tr\/de\/#organization\",\"name\":\"Av. Deniz Can K\u0131z\u0131l\",\"url\":\"https:\/\/denizcankizil.tr\/de\/\",\"logo\":{\"@type\":\"ImageObject\",\"inLanguage\":\"en-GB\",\"@id\":\"https:\/\/denizcankizil.tr\/de\/#\/schema\/logo\/image\/\",\"url\":\"https:\/\/denizcankizil.tr\/wp-content\/uploads\/2024\/10\/siyah-logo-svg.svg\",\"contentUrl\":\"https:\/\/denizcankizil.tr\/wp-content\/uploads\/2024\/10\/siyah-logo-svg.svg\",\"width\":1080,\"height\":1080,\"caption\":\"Av. Deniz Can K\u0131z\u0131l\"},\"image\":{\"@id\":\"https:\/\/denizcankizil.tr\/de\/#\/schema\/logo\/image\/\"}},{\"@type\":\"Person\",\"@id\":\"https:\/\/denizcankizil.tr\/de\/#\/schema\/person\/e1eb71bb4dd684d46563f0af307e1234\",\"name\":\"Antalya K\u00f6rfez\",\"image\":{\"@type\":\"ImageObject\",\"inLanguage\":\"en-GB\",\"@id\":\"https:\/\/denizcankizil.tr\/de\/#\/schema\/person\/image\/\",\"url\":\"https:\/\/secure.gravatar.com\/avatar\/42b01982558a48a0b501fdcab6a408d3717ea5919095ee2e67b0e521799c5905?s=96&d=mm&r=g\",\"contentUrl\":\"https:\/\/secure.gravatar.com\/avatar\/42b01982558a48a0b501fdcab6a408d3717ea5919095ee2e67b0e521799c5905?s=96&d=mm&r=g\",\"caption\":\"Antalya K\u00f6rfez\"},\"sameAs\":[\"http:\/\/www.antalyakorfez.com\"],\"url\":\"https:\/\/www.antalyakorfez.com\/imamoglundan-31-mart-mesaji-milletin-iradesine-darbe-yapildi\"}]}<\/script>\n<!-- \/ Yoast SEO Premium plugin. -->","yoast_head_json":{"title":"\u0130mamo\u011flu'ndan 31 Mart mesaj\u0131: \"Milletin iradesine darbe yap\u0131ld\u0131\" - Av. Deniz Can K\u0131z\u0131l","robots":{"index":"index","follow":"follow","max-snippet":"max-snippet:-1","max-image-preview":"max-image-preview:large","max-video-preview":"max-video-preview:-1"},"canonical":"https:\/\/denizcankizil.tr\/en\/haberler\/gundem\/imamoglundan-31-mart-mesaji-milletin-iradesine-darbe-yapildi\/","og_locale":"en_GB","og_type":"article","og_title":"\u0130mamo\u011flu'ndan 31 Mart mesaj\u0131: \"Milletin iradesine darbe yap\u0131ld\u0131\"","og_description":"\u0130stanbul B\u00fcy\u00fck\u015fehir Belediyesi (\u0130BB) Ba\u015fkan\u0131 Ekrem \u0130mamo\u011flu, sosyal medya hesab\u0131ndan yapt\u0131\u011f\u0131 payla\u015f\u0131mda, ge\u00e7en y\u0131l 1 milyon oy farkla kazand\u0131klar\u0131 se\u00e7imden sonra h\u00fck\u00fcmetin \u0130stanbul&#8217;a y\u00f6nelik &#8220;hukuksuz operasyonlar&#8221; ger\u00e7ekle\u015ftirdi\u011fini \u00f6ne s\u00fcrd\u00fc.\u00a0 &#8220;\u0130\u015e\u0130NE GELENE SAYGI DUYAN &#8216;1 K\u0130\u015e\u0130, M\u0130LLET \u0130RADES\u0130NE SALDIRDI&#8221; \u0130mamo\u011flu&#8217;nun a\u00e7\u0131klamas\u0131nda \u015fu ifadeler yer ald\u0131:\u00a0 &#8220;1 y\u0131l \u00f6nce bug\u00fcn, 1 milyon oy farkla 16 milyon \u0130stanbullu bir kez daha kazand\u0131. Ancak milletin tercihine sadece i\u015fine geldi\u011finde sayg\u0131 duyan &#8216;1 ki\u015fi&#8217;, ge\u00e7en 1 y\u0131l i\u00e7inde milletin iradesine sald\u0131rd\u0131k\u00e7a sald\u0131rd\u0131.&#8221;\u00a0 SAYISIZ TUTUKLAMA VE KAYYUMLAR&#8230;\u00a0 \u0130mamo\u011flu, \u0130stanbul&#8217;da ya\u015fanan s\u00fcrece dikkat \u00e7ekerek \u015funlar\u0131 belirtti:\u00a0 5 il\u00e7e ba\u015fkan\u0131n\u0131n tutukland\u0131\u011f\u0131n\u0131, 2 il\u00e7e belediyesine kayyum atand\u0131\u011f\u0131n\u0131, bir\u00e7ok belediye \u00e7al\u0131\u015fan\u0131n\u0131n tutukland\u0131\u011f\u0131n\u0131, kendisine y\u00f6nelik tutuklama karar\u0131 oldu\u011funu ifade etti.\u00a0Bu ya\u015fananlar\u0131 &#8220;hukuksuz operasyonlar&#8221; olarak nitelendiren \u0130mamo\u011flu, &#8220;Bu yap\u0131lanlar a\u00e7\u0131k\u00e7a su\u00e7tur, milletin iradesini yok saymakt\u0131r, milli iradeye darbedir. &#8216;\u0130stanbul hukuksuzlu\u011fu&#8217; net olarak darbedir&#8221; dedi.\u00a0 &#8220;86 M\u0130LYON \u0130\u00c7\u0130N YOLA \u00c7IKTIM&#8221; A\u00e7\u0131klamas\u0131nda T\u00fcrkiye&#8217;nin gelece\u011fine dair mesajlar da veren \u0130mamo\u011flu, &#8220;Art\u0131k 86 milyon vatanda\u015f\u0131m\u0131z\u0131n hakk\u0131, hukuku ve refah\u0131 i\u00e7in yola \u00e7\u0131km\u0131\u015f biriyim. Milli iradeye d\u00fc\u015fmanla\u015fan bir avu\u00e7 insan\u0131, yine milli iradenin \u00fcc\u00fcyle durduraca\u011f\u0131z&#8221; diyerek m\u00fccadeleye devam edece\u011fini belirtti. \u200b\u0130stanbul B\u00fcy\u00fck\u015fehir Belediyesi Ba\u015fkan\u0131 Ekrem \u0130mamo\u011flu, 31 Mart yerel se\u00e7imlerinin y\u0131l d\u00f6n\u00fcm\u00fcnde bir mesaj yay\u0131nlad\u0131. Se\u00e7imden bir y\u0131l sonra \u0130stanbul&#8217;da ya\u015fanan s\u00fcreci &#8220;hukuksuzluk&#8221; olarak de\u011ferlendiren \u0130mamo\u011flu, h\u00fck\u00fcmete &hellip;","og_url":"https:\/\/denizcankizil.tr\/en\/haberler\/gundem\/imamoglundan-31-mart-mesaji-milletin-iradesine-darbe-yapildi\/","og_site_name":"Av. Deniz Can K\u0131z\u0131l","article_published_time":"2025-03-31T16:41:23+00:00","author":"Antalya K\u00f6rfez","twitter_card":"summary_large_image","twitter_misc":{"Written by":"Antalya K\u00f6rfez","Estimated reading time":"2 minutes"},"schema":{"@context":"https:\/\/schema.org","@graph":[{"@type":"Article","@id":"https:\/\/denizcankizil.tr\/en\/haberler\/gundem\/imamoglundan-31-mart-mesaji-milletin-iradesine-darbe-yapildi\/#article","isPartOf":{"@id":"https:\/\/denizcankizil.tr\/en\/haberler\/gundem\/imamoglundan-31-mart-mesaji-milletin-iradesine-darbe-yapildi\/"},"author":{"name":"Antalya K\u00f6rfez","@id":"https:\/\/denizcankizil.tr\/de\/#\/schema\/person\/e1eb71bb4dd684d46563f0af307e1234"},"headline":"\u0130mamo\u011flu&#8217;ndan 31 Mart mesaj\u0131: &#8220;Milletin iradesine darbe yap\u0131ld\u0131&#8221;","datePublished":"2025-03-31T16:41:23+00:00","mainEntityOfPage":{"@id":"https:\/\/denizcankizil.tr\/en\/haberler\/gundem\/imamoglundan-31-mart-mesaji-milletin-iradesine-darbe-yapildi\/"},"wordCount":312,"publisher":{"@id":"https:\/\/denizcankizil.tr\/de\/#organization"},"articleSection":["G\u00fcndem"],"inLanguage":"en-GB"},{"@type":"WebPage","@id":"https:\/\/denizcankizil.tr\/en\/haberler\/gundem\/imamoglundan-31-mart-mesaji-milletin-iradesine-darbe-yapildi\/","url":"https:\/\/denizcankizil.tr\/en\/haberler\/gundem\/imamoglundan-31-mart-mesaji-milletin-iradesine-darbe-yapildi\/","name":"\u0130mamo\u011flu'ndan 31 Mart mesaj\u0131: \"Milletin iradesine darbe yap\u0131ld\u0131\" - Av. Deniz Can K\u0131z\u0131l","isPartOf":{"@id":"https:\/\/denizcankizil.tr\/de\/#website"},"datePublished":"2025-03-31T16:41:23+00:00","breadcrumb":{"@id":"https:\/\/denizcankizil.tr\/en\/haberler\/gundem\/imamoglundan-31-mart-mesaji-milletin-iradesine-darbe-yapildi\/#breadcrumb"},"inLanguage":"en-GB","potentialAction":[{"@type":"ReadAction","target":["https:\/\/denizcankizil.tr\/en\/haberler\/gundem\/imamoglundan-31-mart-mesaji-milletin-iradesine-darbe-yapildi\/"]}]},{"@type":"BreadcrumbList","@id":"https:\/\/denizcankizil.tr\/en\/haberler\/gundem\/imamoglundan-31-mart-mesaji-milletin-iradesine-darbe-yapildi\/#breadcrumb","itemListElement":[{"@type":"ListItem","position":1,"name":"Home","item":"https:\/\/denizcankizil.tr\/de\/"},{"@type":"ListItem","position":2,"name":"\u0130mamo\u011flu&#8217;ndan 31 Mart mesaj\u0131: &#8220;Milletin iradesine darbe yap\u0131ld\u0131&#8221;"}]},{"@type":"WebSite","@id":"https:\/\/denizcankizil.tr\/de\/#website","url":"https:\/\/denizcankizil.tr\/de\/","name":"Av. Deniz Can K\u0131z\u0131l","description":"Avukat Deniz Can K\u0131z\u0131l Antalya Barosu","publisher":{"@id":"https:\/\/denizcankizil.tr\/de\/#organization"},"potentialAction":[{"@type":"SearchAction","target":{"@type":"EntryPoint","urlTemplate":"https:\/\/denizcankizil.tr\/de\/?s={search_term_string}"},"query-input":{"@type":"PropertyValueSpecification","valueRequired":true,"valueName":"search_term_string"}}],"inLanguage":"en-GB"},{"@type":"Organization","@id":"https:\/\/denizcankizil.tr\/de\/#organization","name":"Av. Deniz Can K\u0131z\u0131l","url":"https:\/\/denizcankizil.tr\/de\/","logo":{"@type":"ImageObject","inLanguage":"en-GB","@id":"https:\/\/denizcankizil.tr\/de\/#\/schema\/logo\/image\/","url":"https:\/\/denizcankizil.tr\/wp-content\/uploads\/2024\/10\/siyah-logo-svg.svg","contentUrl":"https:\/\/denizcankizil.tr\/wp-content\/uploads\/2024\/10\/siyah-logo-svg.svg","width":1080,"height":1080,"caption":"Av. Deniz Can K\u0131z\u0131l"},"image":{"@id":"https:\/\/denizcankizil.tr\/de\/#\/schema\/logo\/image\/"}},{"@type":"Person","@id":"https:\/\/denizcankizil.tr\/de\/#\/schema\/person\/e1eb71bb4dd684d46563f0af307e1234","name":"Antalya K\u00f6rfez","image":{"@type":"ImageObject","inLanguage":"en-GB","@id":"https:\/\/denizcankizil.tr\/de\/#\/schema\/person\/image\/","url":"https:\/\/secure.gravatar.com\/avatar\/42b01982558a48a0b501fdcab6a408d3717ea5919095ee2e67b0e521799c5905?s=96&d=mm&r=g","contentUrl":"https:\/\/secure.gravatar.com\/avatar\/42b01982558a48a0b501fdcab6a408d3717ea5919095ee2e67b0e521799c5905?s=96&d=mm&r=g","caption":"Antalya K\u00f6rfez"},"sameAs":["http:\/\/www.antalyakorfez.com"],"url":"https:\/\/www.antalyakorfez.com\/imamoglundan-31-mart-mesaji-milletin-iradesine-darbe-yapildi"}]}},"_links":{"self":[{"href":"https:\/\/denizcankizil.tr\/en\/wp-json\/wp\/v2\/posts\/41440","targetHints":{"allow":["GET"]}}],"collection":[{"href":"https:\/\/denizcankizil.tr\/en\/wp-json\/wp\/v2\/posts"}],"about":[{"href":"https:\/\/denizcankizil.tr\/en\/wp-json\/wp\/v2\/types\/post"}],"author":[{"embeddable":true,"href":"https:\/\/denizcankizil.tr\/en\/wp-json\/wp\/v2\/users\/5"}],"replies":[{"embeddable":true,"href":"https:\/\/denizcankizil.tr\/en\/wp-json\/wp\/v2\/comments?post=41440"}],"version-history":[{"count":0,"href":"https:\/\/denizcankizil.tr\/en\/wp-json\/wp\/v2\/posts\/41440\/revisions"}],"wp:attachment":[{"href":"https:\/\/denizcankizil.tr\/en\/wp-json\/wp\/v2\/media?parent=41440"}],"wp:term":[{"taxonomy":"category","embeddable":true,"href":"https:\/\/denizcankizil.tr\/en\/wp-json\/wp\/v2\/categories?post=41440"},{"taxonomy":"post_tag","embeddable":true,"href":"https:\/\/denizcankizil.tr\/en\/wp-json\/wp\/v2\/tags?post=41440"}],"curies":[{"name":"wp","href":"https:\/\/api.w.org\/{rel}","templated":true}]}}