{"id":4077,"date":"2024-10-18T17:58:00","date_gmt":"2024-10-18T14:58:00","guid":{"rendered":"https:\/\/denizcankizil.tr\/uncategorized-tr\/ak-partiden-23-maddelik-kanun-teklifi-9uncu-yargi-paketinin-bir-parcasi\/"},"modified":"2024-10-18T17:58:00","modified_gmt":"2024-10-18T14:58:00","slug":"ak-partiden-23-maddelik-kanun-teklifi-9uncu-yargi-paketinin-bir-parcasi","status":"publish","type":"post","link":"https:\/\/denizcankizil.tr\/en\/hukukihaber\/ak-partiden-23-maddelik-kanun-teklifi-9uncu-yargi-paketinin-bir-parcasi\/","title":{"rendered":"AK Parti&#8217;den 23 maddelik kanun teklifi: &#8216;9&#8217;uncu Yarg\u0131 Paketi&#8217;nin bir par\u00e7as\u0131&#8217;"},"content":{"rendered":"<p>AK Parti Grup Ba\u015fkan\u0131 Abdullah G\u00fcler, teklife ili\u015fkin TBMM&#8217;de bas\u0131n toplant\u0131s\u0131 d\u00fczenledi. G\u00fcler, kanun teklifinin 9&#8217;uncu Yarg\u0131 Paketi&#8217;nin bir par\u00e7as\u0131 oldu\u011funu ve teklif \u00fczerinde uzun bir s\u00fcredir \u00e7al\u0131\u015ft\u0131klar\u0131n\u0131 belirtti. G\u00fcler, &#8220;Temel hak ve \u00f6zg\u00fcrl\u00fcklerin daha etkili korunmas\u0131, yarg\u0131 ba\u011f\u0131ms\u0131zl\u0131\u011f\u0131 ve tarafs\u0131zl\u0131\u011f\u0131n\u0131n geli\u015ftirilmesi, hukuki g\u00fcvenli\u011fin g\u00fc\u00e7lendirilmesi, adalete eri\u015fimin kolayla\u015ft\u0131r\u0131lmas\u0131, makul s\u00fcrede yarg\u0131lanma hakk\u0131n\u0131n g\u00f6zetilmesi, yarg\u0131ya g\u00fcvenin artt\u0131r\u0131lmas\u0131 ve insan odakl\u0131 hizmet anlay\u0131\u015f\u0131n\u0131n geli\u015ftirilmesi g\u00fcn\u00fcm\u00fczde ana ilke ve de\u011ferler olarak b\u00fct\u00fcn d\u00fcnyada kabul edilir. \u00dclkemizde, 2002 y\u0131l\u0131ndan bug\u00fcne kadar aral\u0131ks\u0131z bir \u015fekilde s\u00fcre gelen reform irademiz, bu ilke ve de\u011ferlerin geli\u015ftirilmesinin somut bir tezah\u00fcr\u00fc olarak da ortaya \u00e7\u0131kmaktad\u0131r&#8221; dedi.<\/p>\n<p>&#8216;NOTERDE KRED\u0130 KARTI \u0130LE \u00d6DEME HEDEFLENMEKTED\u0130R&#8217;<\/p>\n<p>G\u00fcler, AK Parti iktidar\u0131n\u0131n yarg\u0131 alan\u0131nda uygulamaya koydu\u011fu eylem planlar\u0131n\u0131n hayata ge\u00e7irildi\u011fini ve Cumhurba\u015fkan\u0131 Recep Tayyip Erdo\u011fan&#8217;\u0131n \u00f6n\u00fcm\u00fczdeki g\u00fcnlerde Yarg\u0131 Reformu Strateji Belgesi&#8217;ni kamuoyuyla payla\u015faca\u011f\u0131n\u0131 s\u00f6yledi. G\u00fcler, TBMM Ba\u015fkanl\u0131\u011f\u0131na sunulan kanun teklifi ile ilgili, &#8220;Otellerin tatil g\u00fcn ve \u00e7al\u0131\u015fma saatleri ilgili ile usul ve esaslar\u0131n y\u00f6netmelikler \u00fczerinden belirlenebilmesi ve bu konuda esnek \u00e7al\u0131\u015fmay\u0131 \u00f6neren d\u00fczenleme, teklifimizde yer almakt\u0131r. Otellerin \u00fccret tarifesinin her y\u0131l mart ay\u0131 yerine ocak ay\u0131n\u0131n ba\u015f\u0131nda yeniden de\u011ferlendirme yap\u0131lmas\u0131 suretiyle ve mali takvimle de uyumlu hale getirilmesi ama\u00e7lanm\u0131\u015ft\u0131r. Noterliklerde yap\u0131lan i\u015flemler i\u00e7in al\u0131nacak vergi, resim, har\u00e7, de\u011ferli ka\u011f\u0131t bedelleri, noterlik \u00fccretleri ve di\u011fer i\u015flem bedellerinin kredi kart\u0131 gibi \u00f6deme ara\u00e7lar\u0131 vas\u0131tas\u0131yla tahsil edilebilmesi hedeflenmektedir. Di\u011fer bir teklifle noterlerin; tahsil ettikleri vergi, resim, har\u00e7 ile de\u011ferli ka\u011f\u0131t bedellerinden ve di\u011fer beyannamelerdeki tekliflerin, beyanname verme s\u00fcrelerinin her ay\u0131n ilk 5 g\u00fcn\u00fc i\u00e7erisinde vermeleri ve bu s\u00fcre i\u00e7erisinde d\u00fczenli bir \u015fekilde maliyeye \u00f6demeleri \u00f6nerilmektedir. Di\u011fer bir teklifimiz ile ara\u00e7 sicil ve tescil sisteminde yer alan bilgilerin ki\u015fi ve kurumlarla payla\u015f\u0131lmas\u0131 kar\u015f\u0131l\u0131\u011f\u0131nda, sorgu veya d\u00f6nem kay\u0131t ba\u015f\u0131na T\u00fcrkiye Noterler Birli\u011fi taraf\u0131ndan i\u015flem kat\u0131l\u0131m pay\u0131n\u0131n al\u0131nmas\u0131 bu teklifimizde yer almaktad\u0131r&#8221; diye konu\u015ftu.<\/p>\n<p>&#8216;S\u00dcREY\u0130 1 YILA \u0130ND\u0130R\u0130YORUZ&#8217;<\/p>\n<p>G\u00fcler, \u00fcniversitelerin de \u00e7ocuk izlem merkezi kurabilme yetkisinin kanun teklifinde yer ald\u0131\u011f\u0131n\u0131 vurgulad\u0131. G\u00fcler, &#8220;Mahkeme karar\u0131yla isim de\u011fi\u015ftirilmesi halinde yap\u0131lacak ilan\u0131n kapsam\u0131; ilanda yer alacak bilgiler ve ilan\u0131n \u015fekline ili\u015fkin yeni bir d\u00fczenleme hayata ge\u00e7iriliyor. Di\u011fer bir maddeyle; bo\u015fanma davas\u0131n\u0131n reddine dair karar\u0131n kesinle\u015fmesinden itibaren 3 y\u0131l i\u00e7inde ortak hayat\u0131n yeniden kurulamamas\u0131 durumunda, e\u015flerden birinin istemi \u00fczerine bo\u015fanmaya karar verilece\u011fine ili\u015fkin h\u00fck\u00fcmde yer alan s\u00fcreyi 1 y\u0131la indiriyoruz. Di\u011fer bir madde teklifinde ise su\u00e7un niteli\u011finin de\u011fi\u015fmesi durumunda tek savunma hakk\u0131na ili\u015fkin bildirimlerin san\u0131\u011fa da bizzat yap\u0131lmas\u0131na ili\u015fkin d\u00fczenleme teklifimizde yer al\u0131yor&#8221; dedi.<\/p>\n<p>&#8216;CASUSLUK EYLEMLER\u0130 \u0130LE \u0130LG\u0130L\u0130 SU\u00c7LARA AYRI B\u0130R CEZA VER\u0130LECEK&#8217;<\/p>\n<p>G\u00fcler, AYM&#8217;nin iptal kararlar\u0131 kapsam\u0131nda; kamu kurum ve kurulu\u015flar\u0131nda kadro veya farkl\u0131 pozisyonlarda g\u00f6rev yapanlar\u0131n avukatl\u0131k staj\u0131 yapabilmesi ve Yarg\u0131tay, Dan\u0131\u015ftay ve Say\u0131\u015ftay&#8217;da yer alan hakim ve savc\u0131lara verilen kadrolara ili\u015fkin d\u00fczenlemenin teklifte yer alaca\u011f\u0131n\u0131 kaydetti. G\u00fcler, &#8220;Bir ba\u015fka maddeyle B\u00f6lge Adliye Mahkemelerinde olan Cumhuriyet ba\u015fsavc\u0131 vekilinin, Hakimler ve Savc\u0131lar Kurulu (HSK) taraf\u0131ndan belirlenmesi de hedeflenmektedir. Ayr\u0131ca i\u015f durumunun gerekli k\u0131ld\u0131\u011f\u0131 yerlerde, birden fazla Cumhuriyet ba\u015fsavc\u0131s\u0131 da g\u00f6revlendirilebilecektir. Di\u011fer bir maddemizde, h\u00fck\u00fcml\u00fclerin \u00f6rg\u00fcn ve yayg\u0131n \u00f6\u011fretim hakk\u0131n\u0131n kapsam\u0131 geni\u015fletilmektedir. Bu kapsamda yine mahkumlar\u0131n topluma kazand\u0131r\u0131lmas\u0131 noktas\u0131nda hem e\u011fitim deste\u011fi hem de meslek edindirme durumlar\u0131n\u0131 da geli\u015ftirmi\u015f oluyoruz. Di\u011fer bir maddeyle ise son zamanlarda casusluk eylemleri kapsam\u0131nda gerek T\u00fcrkiye vatanda\u015flar\u0131 gerekse yabanc\u0131 vatanda\u015flara y\u00f6nelik bir ba\u015fka \u00fclkenin istihbarat elemanlar\u0131 taraf\u0131ndan farkl\u0131 su\u00e7lar\u0131n i\u015flendi\u011fini g\u00f6r\u00fcyoruz. Adam \u00f6ld\u00fcrme, gasp, tehdit, \u015fantaj gibi bir\u00e7ok su\u00e7un, farkl\u0131 \u00fclkelere ait istihbarat birimlerine hizmet edenler taraf\u0131ndan g\u00f6r\u00fcyoruz. Bu su\u00e7lar\u0131n soru\u015fturma konusu yap\u0131lmas\u0131 ve ayr\u0131 bir ceza verilmesi hususu da teklifimizde yer al\u0131yor&#8221; dedi.<\/p>\n<p>&#8216;\u0130NFAZ D\u00dcZENLEMES\u0130 10&#8217;UNCU YARGI PAKET\u0130NDE YER ALACAK&#8217;<\/p>\n<p>G\u00fcler, cezas\u0131zl\u0131k alg\u0131s\u0131 ve infaz sistemindeki baz\u0131 hususlar\u0131n\u0131n yeniden de\u011ferlendirildi\u011fini, Adalet Bakanl\u0131\u011f\u0131 b\u00fcrokrasisiyle beraber bu konuda ciddi, titiz bir \u00e7al\u0131\u015fma y\u00fcr\u00fct\u00fcld\u00fc\u011f\u00fcn\u00fc, bu kapsamda haz\u0131rlanacak bir yasa tasla\u011f\u0131n\u0131 da 10&#8217;uncu Yarg\u0131 Paketi olarak \u00f6n\u00fcm\u00fczdeki g\u00fcnlerde Meclis Ba\u015fkanl\u0131\u011f\u0131&#8217;na sunacaklar\u0131n\u0131 kaydetti. G\u00fcler, T\u00fcrk Silahl\u0131 Kuvvetleri&#8217;nin Birle\u015fmi\u015f Milletler Bar\u0131\u015f G\u00fcc\u00fc kapsam\u0131nda L\u00fcbnan&#8217;daki g\u00f6rev s\u00fcresini uzatan tezkerenin \u00f6n\u00fcm\u00fczdeki hafta Genel Kurul&#8217;da g\u00f6r\u00fc\u015f\u00fclece\u011fini belirtti. G\u00fcler, casusluk ile ilgili maddenin, &#8216;etki ajanl\u0131\u011f\u0131&#8217; ile bir ba\u011f\u0131n\u0131n olmad\u0131\u011f\u0131n\u0131 belirterek, &#8220;\u00dclkemizdeki hukuk g\u00fcvenli\u011fi ve bu kapsam i\u00e7erisinde vatanda\u015flar\u0131m\u0131z\u0131n ve di\u011fer \u00fclke vatanda\u015flar\u0131n\u0131n g\u00fcvenli\u011fini de en \u00fcst seviyeye \u00e7\u0131karm\u0131\u015f oluyoruz. &#8216;Etki ajanl\u0131\u011f\u0131&#8217; gibi farkl\u0131 kavramlar ile alakas\u0131 yoktur&#8221; diye konu\u015ftu.<\/p>\n<p>\u200bAK Parti 23 maddeden olu\u015fan &#8216;Noterlik Kanunu ile Baz\u0131 Kanunlarda De\u011fi\u015fiklik Yap\u0131lmas\u0131na Dair Kanun Teklifi&#8217;ni TBMM Ba\u015fkanl\u0131\u011f\u0131na sundu.\u00a0Hukuki Haber<\/p>","protected":false},"excerpt":{"rendered":"<p>AK Parti Grup Ba\u015fkan\u0131 Abdullah G\u00fcler, teklife ili\u015fkin TBMM&#8217;de bas\u0131n toplant\u0131s\u0131 d\u00fczenledi. G\u00fcler, kanun teklifinin 9&#8217;uncu Yarg\u0131 Paketi&#8217;nin bir par\u00e7as\u0131 oldu\u011funu ve teklif \u00fczerinde uzun bir s\u00fcredir \u00e7al\u0131\u015ft\u0131klar\u0131n\u0131 belirtti. G\u00fcler, &#8220;Temel hak ve \u00f6zg\u00fcrl\u00fcklerin daha etkili korunmas\u0131, yarg\u0131 ba\u011f\u0131ms\u0131zl\u0131\u011f\u0131 ve tarafs\u0131zl\u0131\u011f\u0131n\u0131n geli\u015ftirilmesi, hukuki g\u00fcvenli\u011fin g\u00fc\u00e7lendirilmesi, adalete eri\u015fimin kolayla\u015ft\u0131r\u0131lmas\u0131, makul s\u00fcrede yarg\u0131lanma hakk\u0131n\u0131n g\u00f6zetilmesi, yarg\u0131ya g\u00fcvenin artt\u0131r\u0131lmas\u0131 ve insan odakl\u0131 hizmet anlay\u0131\u015f\u0131n\u0131n geli\u015ftirilmesi g\u00fcn\u00fcm\u00fczde ana ilke ve de\u011ferler olarak b\u00fct\u00fcn d\u00fcnyada kabul edilir. \u00dclkemizde, 2002 y\u0131l\u0131ndan bug\u00fcne kadar aral\u0131ks\u0131z bir \u015fekilde s\u00fcre gelen reform irademiz, bu ilke ve de\u011ferlerin geli\u015ftirilmesinin somut bir tezah\u00fcr\u00fc olarak da ortaya \u00e7\u0131kmaktad\u0131r&#8221; dedi. &#8216;NOTERDE KRED\u0130 KARTI \u0130LE \u00d6DEME HEDEFLENMEKTED\u0130R&#8217; G\u00fcler, AK Parti iktidar\u0131n\u0131n yarg\u0131 alan\u0131nda uygulamaya koydu\u011fu eylem planlar\u0131n\u0131n hayata ge\u00e7irildi\u011fini ve Cumhurba\u015fkan\u0131 Recep Tayyip Erdo\u011fan&#8217;\u0131n \u00f6n\u00fcm\u00fczdeki g\u00fcnlerde Yarg\u0131 Reformu Strateji Belgesi&#8217;ni kamuoyuyla payla\u015faca\u011f\u0131n\u0131 s\u00f6yledi. G\u00fcler, TBMM Ba\u015fkanl\u0131\u011f\u0131na sunulan kanun teklifi ile ilgili, &#8220;Otellerin tatil g\u00fcn ve \u00e7al\u0131\u015fma saatleri ilgili ile usul ve esaslar\u0131n y\u00f6netmelikler \u00fczerinden belirlenebilmesi ve bu konuda esnek \u00e7al\u0131\u015fmay\u0131 \u00f6neren d\u00fczenleme, teklifimizde yer almakt\u0131r. Otellerin \u00fccret tarifesinin her y\u0131l mart ay\u0131 yerine ocak ay\u0131n\u0131n ba\u015f\u0131nda yeniden de\u011ferlendirme yap\u0131lmas\u0131 suretiyle ve mali takvimle de uyumlu hale getirilmesi ama\u00e7lanm\u0131\u015ft\u0131r. Noterliklerde yap\u0131lan i\u015flemler i\u00e7in al\u0131nacak vergi, resim, har\u00e7, de\u011ferli ka\u011f\u0131t bedelleri, noterlik \u00fccretleri ve di\u011fer i\u015flem &hellip;<\/p>","protected":false},"author":0,"featured_media":0,"comment_status":"open","ping_status":"open","sticky":false,"template":"","format":"standard","meta":{"_acf_changed":false,"footnotes":""},"categories":[27,535],"tags":[],"class_list":["post-4077","post","type-post","status-publish","format-standard","has-post-thumbnail","hentry","category-hukukihaber","category-uncategorized-tr"],"acf":[],"yoast_head":"<!-- This site is optimized with the Yoast SEO Premium plugin v26.6 (Yoast SEO v27.1.1) - https:\/\/yoast.com\/product\/yoast-seo-premium-wordpress\/ -->\n<title>AK Parti&#039;den 23 maddelik kanun teklifi: &#039;9&#039;uncu Yarg\u0131 Paketi&#039;nin bir par\u00e7as\u0131&#039; - Av. Deniz Can K\u0131z\u0131l<\/title>\n<meta name=\"robots\" content=\"index, follow, max-snippet:-1, max-image-preview:large, max-video-preview:-1\" \/>\n<link rel=\"canonical\" href=\"https:\/\/denizcankizil.tr\/en\/hukukihaber\/ak-partiden-23-maddelik-kanun-teklifi-9uncu-yargi-paketinin-bir-parcasi\/\" \/>\n<meta property=\"og:locale\" content=\"en_GB\" \/>\n<meta property=\"og:type\" content=\"article\" \/>\n<meta property=\"og:title\" content=\"AK Parti&#039;den 23 maddelik kanun teklifi: &#039;9&#039;uncu Yarg\u0131 Paketi&#039;nin bir par\u00e7as\u0131&#039;\" \/>\n<meta property=\"og:description\" content=\"AK Parti Grup Ba\u015fkan\u0131 Abdullah G\u00fcler, teklife ili\u015fkin TBMM&#8217;de bas\u0131n toplant\u0131s\u0131 d\u00fczenledi. G\u00fcler, kanun teklifinin 9&#8217;uncu Yarg\u0131 Paketi&#8217;nin bir par\u00e7as\u0131 oldu\u011funu ve teklif \u00fczerinde uzun bir s\u00fcredir \u00e7al\u0131\u015ft\u0131klar\u0131n\u0131 belirtti. G\u00fcler, &#8220;Temel hak ve \u00f6zg\u00fcrl\u00fcklerin daha etkili korunmas\u0131, yarg\u0131 ba\u011f\u0131ms\u0131zl\u0131\u011f\u0131 ve tarafs\u0131zl\u0131\u011f\u0131n\u0131n geli\u015ftirilmesi, hukuki g\u00fcvenli\u011fin g\u00fc\u00e7lendirilmesi, adalete eri\u015fimin kolayla\u015ft\u0131r\u0131lmas\u0131, makul s\u00fcrede yarg\u0131lanma hakk\u0131n\u0131n g\u00f6zetilmesi, yarg\u0131ya g\u00fcvenin artt\u0131r\u0131lmas\u0131 ve insan odakl\u0131 hizmet anlay\u0131\u015f\u0131n\u0131n geli\u015ftirilmesi g\u00fcn\u00fcm\u00fczde ana ilke ve de\u011ferler olarak b\u00fct\u00fcn d\u00fcnyada kabul edilir. \u00dclkemizde, 2002 y\u0131l\u0131ndan bug\u00fcne kadar aral\u0131ks\u0131z bir \u015fekilde s\u00fcre gelen reform irademiz, bu ilke ve de\u011ferlerin geli\u015ftirilmesinin somut bir tezah\u00fcr\u00fc olarak da ortaya \u00e7\u0131kmaktad\u0131r&#8221; dedi. &#8216;NOTERDE KRED\u0130 KARTI \u0130LE \u00d6DEME HEDEFLENMEKTED\u0130R&#8217; G\u00fcler, AK Parti iktidar\u0131n\u0131n yarg\u0131 alan\u0131nda uygulamaya koydu\u011fu eylem planlar\u0131n\u0131n hayata ge\u00e7irildi\u011fini ve Cumhurba\u015fkan\u0131 Recep Tayyip Erdo\u011fan&#8217;\u0131n \u00f6n\u00fcm\u00fczdeki g\u00fcnlerde Yarg\u0131 Reformu Strateji Belgesi&#8217;ni kamuoyuyla payla\u015faca\u011f\u0131n\u0131 s\u00f6yledi. G\u00fcler, TBMM Ba\u015fkanl\u0131\u011f\u0131na sunulan kanun teklifi ile ilgili, &#8220;Otellerin tatil g\u00fcn ve \u00e7al\u0131\u015fma saatleri ilgili ile usul ve esaslar\u0131n y\u00f6netmelikler \u00fczerinden belirlenebilmesi ve bu konuda esnek \u00e7al\u0131\u015fmay\u0131 \u00f6neren d\u00fczenleme, teklifimizde yer almakt\u0131r. Otellerin \u00fccret tarifesinin her y\u0131l mart ay\u0131 yerine ocak ay\u0131n\u0131n ba\u015f\u0131nda yeniden de\u011ferlendirme yap\u0131lmas\u0131 suretiyle ve mali takvimle de uyumlu hale getirilmesi ama\u00e7lanm\u0131\u015ft\u0131r. Noterliklerde yap\u0131lan i\u015flemler i\u00e7in al\u0131nacak vergi, resim, har\u00e7, de\u011ferli ka\u011f\u0131t bedelleri, noterlik \u00fccretleri ve di\u011fer i\u015flem &hellip;\" \/>\n<meta property=\"og:url\" content=\"https:\/\/denizcankizil.tr\/en\/hukukihaber\/ak-partiden-23-maddelik-kanun-teklifi-9uncu-yargi-paketinin-bir-parcasi\/\" \/>\n<meta property=\"og:site_name\" content=\"Av. Deniz Can K\u0131z\u0131l\" \/>\n<meta property=\"article:published_time\" content=\"2024-10-18T14:58:00+00:00\" \/>\n<meta name=\"twitter:card\" content=\"summary_large_image\" \/>\n<meta name=\"twitter:label1\" content=\"Estimated reading time\" \/>\n\t<meta name=\"twitter:data1\" content=\"5 minutes\" \/>\n<script type=\"application\/ld+json\" class=\"yoast-schema-graph\">{\"@context\":\"https:\/\/schema.org\",\"@graph\":[{\"@type\":\"Article\",\"@id\":\"https:\/\/denizcankizil.tr\/en\/hukukihaber\/ak-partiden-23-maddelik-kanun-teklifi-9uncu-yargi-paketinin-bir-parcasi\/#article\",\"isPartOf\":{\"@id\":\"https:\/\/denizcankizil.tr\/en\/hukukihaber\/ak-partiden-23-maddelik-kanun-teklifi-9uncu-yargi-paketinin-bir-parcasi\/\"},\"author\":{\"name\":\"\",\"@id\":\"\"},\"headline\":\"AK Parti&#8217;den 23 maddelik kanun teklifi: &#8216;9&#8217;uncu Yarg\u0131 Paketi&#8217;nin bir par\u00e7as\u0131&#8217;\",\"datePublished\":\"2024-10-18T14:58:00+00:00\",\"mainEntityOfPage\":{\"@id\":\"https:\/\/denizcankizil.tr\/en\/hukukihaber\/ak-partiden-23-maddelik-kanun-teklifi-9uncu-yargi-paketinin-bir-parcasi\/\"},\"wordCount\":1001,\"commentCount\":0,\"publisher\":{\"@id\":\"https:\/\/denizcankizil.tr\/de\/#organization\"},\"articleSection\":[\"Hukuki Haberler\",\"Uncategorized\"],\"inLanguage\":\"en-GB\",\"potentialAction\":[{\"@type\":\"CommentAction\",\"name\":\"Comment\",\"target\":[\"https:\/\/denizcankizil.tr\/en\/hukukihaber\/ak-partiden-23-maddelik-kanun-teklifi-9uncu-yargi-paketinin-bir-parcasi\/#respond\"]}]},{\"@type\":\"WebPage\",\"@id\":\"https:\/\/denizcankizil.tr\/en\/hukukihaber\/ak-partiden-23-maddelik-kanun-teklifi-9uncu-yargi-paketinin-bir-parcasi\/\",\"url\":\"https:\/\/denizcankizil.tr\/en\/hukukihaber\/ak-partiden-23-maddelik-kanun-teklifi-9uncu-yargi-paketinin-bir-parcasi\/\",\"name\":\"AK Parti'den 23 maddelik kanun teklifi: '9'uncu Yarg\u0131 Paketi'nin bir par\u00e7as\u0131' - Av. Deniz Can K\u0131z\u0131l\",\"isPartOf\":{\"@id\":\"https:\/\/denizcankizil.tr\/de\/#website\"},\"datePublished\":\"2024-10-18T14:58:00+00:00\",\"breadcrumb\":{\"@id\":\"https:\/\/denizcankizil.tr\/en\/hukukihaber\/ak-partiden-23-maddelik-kanun-teklifi-9uncu-yargi-paketinin-bir-parcasi\/#breadcrumb\"},\"inLanguage\":\"en-GB\",\"potentialAction\":[{\"@type\":\"ReadAction\",\"target\":[\"https:\/\/denizcankizil.tr\/en\/hukukihaber\/ak-partiden-23-maddelik-kanun-teklifi-9uncu-yargi-paketinin-bir-parcasi\/\"]}]},{\"@type\":\"BreadcrumbList\",\"@id\":\"https:\/\/denizcankizil.tr\/en\/hukukihaber\/ak-partiden-23-maddelik-kanun-teklifi-9uncu-yargi-paketinin-bir-parcasi\/#breadcrumb\",\"itemListElement\":[{\"@type\":\"ListItem\",\"position\":1,\"name\":\"Home\",\"item\":\"https:\/\/denizcankizil.tr\/de\/\"},{\"@type\":\"ListItem\",\"position\":2,\"name\":\"AK Parti&#8217;den 23 maddelik kanun teklifi: &#8216;9&#8217;uncu Yarg\u0131 Paketi&#8217;nin bir par\u00e7as\u0131&#8217;\"}]},{\"@type\":\"WebSite\",\"@id\":\"https:\/\/denizcankizil.tr\/de\/#website\",\"url\":\"https:\/\/denizcankizil.tr\/de\/\",\"name\":\"Av. Deniz Can K\u0131z\u0131l\",\"description\":\"Avukat Deniz Can K\u0131z\u0131l Antalya Barosu\",\"publisher\":{\"@id\":\"https:\/\/denizcankizil.tr\/de\/#organization\"},\"potentialAction\":[{\"@type\":\"SearchAction\",\"target\":{\"@type\":\"EntryPoint\",\"urlTemplate\":\"https:\/\/denizcankizil.tr\/de\/?s={search_term_string}\"},\"query-input\":{\"@type\":\"PropertyValueSpecification\",\"valueRequired\":true,\"valueName\":\"search_term_string\"}}],\"inLanguage\":\"en-GB\"},{\"@type\":\"Organization\",\"@id\":\"https:\/\/denizcankizil.tr\/de\/#organization\",\"name\":\"Av. Deniz Can K\u0131z\u0131l\",\"url\":\"https:\/\/denizcankizil.tr\/de\/\",\"logo\":{\"@type\":\"ImageObject\",\"inLanguage\":\"en-GB\",\"@id\":\"https:\/\/denizcankizil.tr\/de\/#\/schema\/logo\/image\/\",\"url\":\"https:\/\/denizcankizil.tr\/wp-content\/uploads\/2024\/10\/siyah-logo-svg.svg\",\"contentUrl\":\"https:\/\/denizcankizil.tr\/wp-content\/uploads\/2024\/10\/siyah-logo-svg.svg\",\"width\":1080,\"height\":1080,\"caption\":\"Av. Deniz Can K\u0131z\u0131l\"},\"image\":{\"@id\":\"https:\/\/denizcankizil.tr\/de\/#\/schema\/logo\/image\/\"}}]}<\/script>\n<!-- \/ Yoast SEO Premium plugin. -->","yoast_head_json":{"title":"AK Parti'den 23 maddelik kanun teklifi: '9'uncu Yarg\u0131 Paketi'nin bir par\u00e7as\u0131' - Av. Deniz Can K\u0131z\u0131l","robots":{"index":"index","follow":"follow","max-snippet":"max-snippet:-1","max-image-preview":"max-image-preview:large","max-video-preview":"max-video-preview:-1"},"canonical":"https:\/\/denizcankizil.tr\/en\/hukukihaber\/ak-partiden-23-maddelik-kanun-teklifi-9uncu-yargi-paketinin-bir-parcasi\/","og_locale":"en_GB","og_type":"article","og_title":"AK Parti'den 23 maddelik kanun teklifi: '9'uncu Yarg\u0131 Paketi'nin bir par\u00e7as\u0131'","og_description":"AK Parti Grup Ba\u015fkan\u0131 Abdullah G\u00fcler, teklife ili\u015fkin TBMM&#8217;de bas\u0131n toplant\u0131s\u0131 d\u00fczenledi. G\u00fcler, kanun teklifinin 9&#8217;uncu Yarg\u0131 Paketi&#8217;nin bir par\u00e7as\u0131 oldu\u011funu ve teklif \u00fczerinde uzun bir s\u00fcredir \u00e7al\u0131\u015ft\u0131klar\u0131n\u0131 belirtti. G\u00fcler, &#8220;Temel hak ve \u00f6zg\u00fcrl\u00fcklerin daha etkili korunmas\u0131, yarg\u0131 ba\u011f\u0131ms\u0131zl\u0131\u011f\u0131 ve tarafs\u0131zl\u0131\u011f\u0131n\u0131n geli\u015ftirilmesi, hukuki g\u00fcvenli\u011fin g\u00fc\u00e7lendirilmesi, adalete eri\u015fimin kolayla\u015ft\u0131r\u0131lmas\u0131, makul s\u00fcrede yarg\u0131lanma hakk\u0131n\u0131n g\u00f6zetilmesi, yarg\u0131ya g\u00fcvenin artt\u0131r\u0131lmas\u0131 ve insan odakl\u0131 hizmet anlay\u0131\u015f\u0131n\u0131n geli\u015ftirilmesi g\u00fcn\u00fcm\u00fczde ana ilke ve de\u011ferler olarak b\u00fct\u00fcn d\u00fcnyada kabul edilir. \u00dclkemizde, 2002 y\u0131l\u0131ndan bug\u00fcne kadar aral\u0131ks\u0131z bir \u015fekilde s\u00fcre gelen reform irademiz, bu ilke ve de\u011ferlerin geli\u015ftirilmesinin somut bir tezah\u00fcr\u00fc olarak da ortaya \u00e7\u0131kmaktad\u0131r&#8221; dedi. &#8216;NOTERDE KRED\u0130 KARTI \u0130LE \u00d6DEME HEDEFLENMEKTED\u0130R&#8217; G\u00fcler, AK Parti iktidar\u0131n\u0131n yarg\u0131 alan\u0131nda uygulamaya koydu\u011fu eylem planlar\u0131n\u0131n hayata ge\u00e7irildi\u011fini ve Cumhurba\u015fkan\u0131 Recep Tayyip Erdo\u011fan&#8217;\u0131n \u00f6n\u00fcm\u00fczdeki g\u00fcnlerde Yarg\u0131 Reformu Strateji Belgesi&#8217;ni kamuoyuyla payla\u015faca\u011f\u0131n\u0131 s\u00f6yledi. G\u00fcler, TBMM Ba\u015fkanl\u0131\u011f\u0131na sunulan kanun teklifi ile ilgili, &#8220;Otellerin tatil g\u00fcn ve \u00e7al\u0131\u015fma saatleri ilgili ile usul ve esaslar\u0131n y\u00f6netmelikler \u00fczerinden belirlenebilmesi ve bu konuda esnek \u00e7al\u0131\u015fmay\u0131 \u00f6neren d\u00fczenleme, teklifimizde yer almakt\u0131r. Otellerin \u00fccret tarifesinin her y\u0131l mart ay\u0131 yerine ocak ay\u0131n\u0131n ba\u015f\u0131nda yeniden de\u011ferlendirme yap\u0131lmas\u0131 suretiyle ve mali takvimle de uyumlu hale getirilmesi ama\u00e7lanm\u0131\u015ft\u0131r. Noterliklerde yap\u0131lan i\u015flemler i\u00e7in al\u0131nacak vergi, resim, har\u00e7, de\u011ferli ka\u011f\u0131t bedelleri, noterlik \u00fccretleri ve di\u011fer i\u015flem &hellip;","og_url":"https:\/\/denizcankizil.tr\/en\/hukukihaber\/ak-partiden-23-maddelik-kanun-teklifi-9uncu-yargi-paketinin-bir-parcasi\/","og_site_name":"Av. Deniz Can K\u0131z\u0131l","article_published_time":"2024-10-18T14:58:00+00:00","twitter_card":"summary_large_image","twitter_misc":{"Estimated reading time":"5 minutes"},"schema":{"@context":"https:\/\/schema.org","@graph":[{"@type":"Article","@id":"https:\/\/denizcankizil.tr\/en\/hukukihaber\/ak-partiden-23-maddelik-kanun-teklifi-9uncu-yargi-paketinin-bir-parcasi\/#article","isPartOf":{"@id":"https:\/\/denizcankizil.tr\/en\/hukukihaber\/ak-partiden-23-maddelik-kanun-teklifi-9uncu-yargi-paketinin-bir-parcasi\/"},"author":{"name":"","@id":""},"headline":"AK Parti&#8217;den 23 maddelik kanun teklifi: &#8216;9&#8217;uncu Yarg\u0131 Paketi&#8217;nin bir par\u00e7as\u0131&#8217;","datePublished":"2024-10-18T14:58:00+00:00","mainEntityOfPage":{"@id":"https:\/\/denizcankizil.tr\/en\/hukukihaber\/ak-partiden-23-maddelik-kanun-teklifi-9uncu-yargi-paketinin-bir-parcasi\/"},"wordCount":1001,"commentCount":0,"publisher":{"@id":"https:\/\/denizcankizil.tr\/de\/#organization"},"articleSection":["Hukuki Haberler","Uncategorized"],"inLanguage":"en-GB","potentialAction":[{"@type":"CommentAction","name":"Comment","target":["https:\/\/denizcankizil.tr\/en\/hukukihaber\/ak-partiden-23-maddelik-kanun-teklifi-9uncu-yargi-paketinin-bir-parcasi\/#respond"]}]},{"@type":"WebPage","@id":"https:\/\/denizcankizil.tr\/en\/hukukihaber\/ak-partiden-23-maddelik-kanun-teklifi-9uncu-yargi-paketinin-bir-parcasi\/","url":"https:\/\/denizcankizil.tr\/en\/hukukihaber\/ak-partiden-23-maddelik-kanun-teklifi-9uncu-yargi-paketinin-bir-parcasi\/","name":"AK Parti'den 23 maddelik kanun teklifi: '9'uncu Yarg\u0131 Paketi'nin bir par\u00e7as\u0131' - Av. Deniz Can K\u0131z\u0131l","isPartOf":{"@id":"https:\/\/denizcankizil.tr\/de\/#website"},"datePublished":"2024-10-18T14:58:00+00:00","breadcrumb":{"@id":"https:\/\/denizcankizil.tr\/en\/hukukihaber\/ak-partiden-23-maddelik-kanun-teklifi-9uncu-yargi-paketinin-bir-parcasi\/#breadcrumb"},"inLanguage":"en-GB","potentialAction":[{"@type":"ReadAction","target":["https:\/\/denizcankizil.tr\/en\/hukukihaber\/ak-partiden-23-maddelik-kanun-teklifi-9uncu-yargi-paketinin-bir-parcasi\/"]}]},{"@type":"BreadcrumbList","@id":"https:\/\/denizcankizil.tr\/en\/hukukihaber\/ak-partiden-23-maddelik-kanun-teklifi-9uncu-yargi-paketinin-bir-parcasi\/#breadcrumb","itemListElement":[{"@type":"ListItem","position":1,"name":"Home","item":"https:\/\/denizcankizil.tr\/de\/"},{"@type":"ListItem","position":2,"name":"AK Parti&#8217;den 23 maddelik kanun teklifi: &#8216;9&#8217;uncu Yarg\u0131 Paketi&#8217;nin bir par\u00e7as\u0131&#8217;"}]},{"@type":"WebSite","@id":"https:\/\/denizcankizil.tr\/de\/#website","url":"https:\/\/denizcankizil.tr\/de\/","name":"Av. Deniz Can K\u0131z\u0131l","description":"Avukat Deniz Can K\u0131z\u0131l Antalya Barosu","publisher":{"@id":"https:\/\/denizcankizil.tr\/de\/#organization"},"potentialAction":[{"@type":"SearchAction","target":{"@type":"EntryPoint","urlTemplate":"https:\/\/denizcankizil.tr\/de\/?s={search_term_string}"},"query-input":{"@type":"PropertyValueSpecification","valueRequired":true,"valueName":"search_term_string"}}],"inLanguage":"en-GB"},{"@type":"Organization","@id":"https:\/\/denizcankizil.tr\/de\/#organization","name":"Av. Deniz Can K\u0131z\u0131l","url":"https:\/\/denizcankizil.tr\/de\/","logo":{"@type":"ImageObject","inLanguage":"en-GB","@id":"https:\/\/denizcankizil.tr\/de\/#\/schema\/logo\/image\/","url":"https:\/\/denizcankizil.tr\/wp-content\/uploads\/2024\/10\/siyah-logo-svg.svg","contentUrl":"https:\/\/denizcankizil.tr\/wp-content\/uploads\/2024\/10\/siyah-logo-svg.svg","width":1080,"height":1080,"caption":"Av. Deniz Can K\u0131z\u0131l"},"image":{"@id":"https:\/\/denizcankizil.tr\/de\/#\/schema\/logo\/image\/"}}]}},"_links":{"self":[{"href":"https:\/\/denizcankizil.tr\/en\/wp-json\/wp\/v2\/posts\/4077","targetHints":{"allow":["GET"]}}],"collection":[{"href":"https:\/\/denizcankizil.tr\/en\/wp-json\/wp\/v2\/posts"}],"about":[{"href":"https:\/\/denizcankizil.tr\/en\/wp-json\/wp\/v2\/types\/post"}],"replies":[{"embeddable":true,"href":"https:\/\/denizcankizil.tr\/en\/wp-json\/wp\/v2\/comments?post=4077"}],"version-history":[{"count":0,"href":"https:\/\/denizcankizil.tr\/en\/wp-json\/wp\/v2\/posts\/4077\/revisions"}],"wp:attachment":[{"href":"https:\/\/denizcankizil.tr\/en\/wp-json\/wp\/v2\/media?parent=4077"}],"wp:term":[{"taxonomy":"category","embeddable":true,"href":"https:\/\/denizcankizil.tr\/en\/wp-json\/wp\/v2\/categories?post=4077"},{"taxonomy":"post_tag","embeddable":true,"href":"https:\/\/denizcankizil.tr\/en\/wp-json\/wp\/v2\/tags?post=4077"}],"curies":[{"name":"wp","href":"https:\/\/api.w.org\/{rel}","templated":true}]}}