{"id":4076,"date":"2024-10-18T17:12:57","date_gmt":"2024-10-18T14:12:57","guid":{"rendered":"https:\/\/denizcankizil.tr\/uncategorized-tr\/2025-butce-kanunu-teklifi-mecliste\/"},"modified":"2024-10-18T17:12:57","modified_gmt":"2024-10-18T14:12:57","slug":"2025-butce-kanunu-teklifi-mecliste","status":"publish","type":"post","link":"https:\/\/denizcankizil.tr\/en\/haberler\/gundem\/2025-butce-kanunu-teklifi-mecliste\/","title":{"rendered":"2025 B\u00fct\u00e7e Kanunu Teklifi Meclis&#8217;te"},"content":{"rendered":"<p>Cumhurba\u015fkan\u0131 Recep Tayyip Erdo\u011fan&#8217;\u0131n imzas\u0131n\u0131 ta\u015f\u0131yan 2025 Y\u0131l\u0131 Merkezi Y\u00f6netim B\u00fct\u00e7e Kanunu Teklifi, TBMM Ba\u015fkanl\u0131\u011f\u0131na sunuldu.ANKARA (\u0130GFA) &#8211; TBMM Ba\u015fkanl\u0131\u011f\u0131 taraf\u0131ndan Plan ve B\u00fct\u00e7e Komisyonuna havale edilecek.<br \/>\n2025 Y\u0131l\u0131 Merkezi Y\u00f6netim B\u00fct\u00e7e Kanunu Teklifi ve 2023 Y\u0131l\u0131 Merkezi Y\u00f6netim Kesin Hesap Kanunu Teklifi ile Say\u0131\u015ftay raporlar\u0131n\u0131n komisyondaki m\u00fczakerelerinin bir ay s\u00fcrmesi \u00f6ng\u00f6r\u00fcl\u00fcyor.<br \/>\nTBMM&#8217;nin resmi internet sitesinde yer alan habere g\u00f6re Plan ve B\u00fct\u00e7e Komisyonundaki b\u00fct\u00e7e g\u00f6r\u00fc\u015fmelerine, Cumhurba\u015fkan\u0131 Yard\u0131mc\u0131s\u0131 Cevdet Y\u0131lmaz&#8217;\u0131n 22 Ekim&#8217;de yapaca\u011f\u0131 sunumla ba\u015flanacak.<br \/>\nSunumun ard\u0131ndan komisyon \u00fcyelerinin haz\u0131rl\u0131klar\u0131 i\u00e7in \u00e7al\u0131\u015fmalara bir hafta ara verilecek.<br \/>\nKomisyon m\u00fczakerelerinin tamamlanmas\u0131n\u0131n ard\u0131ndan s\u00fcre\u00e7, TBMM Genel Kurulunda devam edecek.<\/p>\n<p>\u200bCumhurba\u015fkan\u0131 Recep Tayyip Erdo\u011fan&#8217;\u0131n imzas\u0131n\u0131 ta\u015f\u0131yan 2025 Y\u0131l\u0131 Merkezi Y\u00f6netim B\u00fct\u00e7e Kanunu Teklifi, TBMM Ba\u015fkanl\u0131\u011f\u0131na sunuldu\u00a0<\/p>\n<p>\u200bHaberin Al\u0131nt\u0131land\u0131\u011f\u0131 Kaynak: www.iskenderun.org<\/p>","protected":false},"excerpt":{"rendered":"<p>Cumhurba\u015fkan\u0131 Recep Tayyip Erdo\u011fan&#8217;\u0131n imzas\u0131n\u0131 ta\u015f\u0131yan 2025 Y\u0131l\u0131 Merkezi Y\u00f6netim B\u00fct\u00e7e Kanunu Teklifi, TBMM Ba\u015fkanl\u0131\u011f\u0131na sunuldu.ANKARA (\u0130GFA) &#8211; TBMM Ba\u015fkanl\u0131\u011f\u0131 taraf\u0131ndan Plan ve B\u00fct\u00e7e Komisyonuna havale edilecek. 2025 Y\u0131l\u0131 Merkezi Y\u00f6netim B\u00fct\u00e7e Kanunu Teklifi ve 2023 Y\u0131l\u0131 Merkezi Y\u00f6netim Kesin Hesap Kanunu Teklifi ile Say\u0131\u015ftay raporlar\u0131n\u0131n komisyondaki m\u00fczakerelerinin bir ay s\u00fcrmesi \u00f6ng\u00f6r\u00fcl\u00fcyor. TBMM&#8217;nin resmi internet sitesinde yer alan habere g\u00f6re Plan ve B\u00fct\u00e7e Komisyonundaki b\u00fct\u00e7e g\u00f6r\u00fc\u015fmelerine, Cumhurba\u015fkan\u0131 Yard\u0131mc\u0131s\u0131 Cevdet Y\u0131lmaz&#8217;\u0131n 22 Ekim&#8217;de yapaca\u011f\u0131 sunumla ba\u015flanacak. Sunumun ard\u0131ndan komisyon \u00fcyelerinin haz\u0131rl\u0131klar\u0131 i\u00e7in \u00e7al\u0131\u015fmalara bir hafta ara verilecek. Komisyon m\u00fczakerelerinin tamamlanmas\u0131n\u0131n ard\u0131ndan s\u00fcre\u00e7, TBMM Genel Kurulunda devam edecek. \u200bCumhurba\u015fkan\u0131 Recep Tayyip Erdo\u011fan&#8217;\u0131n imzas\u0131n\u0131 ta\u015f\u0131yan 2025 Y\u0131l\u0131 Merkezi Y\u00f6netim B\u00fct\u00e7e Kanunu Teklifi, TBMM Ba\u015fkanl\u0131\u011f\u0131na sunuldu\u00a0 \u200bHaberin Al\u0131nt\u0131land\u0131\u011f\u0131 Kaynak: www.iskenderun.org<\/p>","protected":false},"author":0,"featured_media":0,"comment_status":"open","ping_status":"open","sticky":false,"template":"","format":"standard","meta":{"_acf_changed":false,"footnotes":""},"categories":[24,535],"tags":[],"class_list":["post-4076","post","type-post","status-publish","format-standard","has-post-thumbnail","hentry","category-gundem","category-uncategorized-tr"],"acf":[],"yoast_head":"<!-- This site is optimized with the Yoast SEO Premium plugin v26.6 (Yoast SEO v27.1.1) - https:\/\/yoast.com\/product\/yoast-seo-premium-wordpress\/ -->\n<title>2025 B\u00fct\u00e7e Kanunu Teklifi Meclis&#039;te - Av. Deniz Can K\u0131z\u0131l<\/title>\n<meta name=\"robots\" content=\"index, follow, max-snippet:-1, max-image-preview:large, max-video-preview:-1\" \/>\n<link rel=\"canonical\" href=\"https:\/\/denizcankizil.tr\/en\/haberler\/gundem\/2025-butce-kanunu-teklifi-mecliste\/\" \/>\n<meta property=\"og:locale\" content=\"en_GB\" \/>\n<meta property=\"og:type\" content=\"article\" \/>\n<meta property=\"og:title\" content=\"2025 B\u00fct\u00e7e Kanunu Teklifi Meclis&#039;te\" \/>\n<meta property=\"og:description\" content=\"Cumhurba\u015fkan\u0131 Recep Tayyip Erdo\u011fan&#8217;\u0131n imzas\u0131n\u0131 ta\u015f\u0131yan 2025 Y\u0131l\u0131 Merkezi Y\u00f6netim B\u00fct\u00e7e Kanunu Teklifi, TBMM Ba\u015fkanl\u0131\u011f\u0131na sunuldu.ANKARA (\u0130GFA) &#8211; TBMM Ba\u015fkanl\u0131\u011f\u0131 taraf\u0131ndan Plan ve B\u00fct\u00e7e Komisyonuna havale edilecek. 2025 Y\u0131l\u0131 Merkezi Y\u00f6netim B\u00fct\u00e7e Kanunu Teklifi ve 2023 Y\u0131l\u0131 Merkezi Y\u00f6netim Kesin Hesap Kanunu Teklifi ile Say\u0131\u015ftay raporlar\u0131n\u0131n komisyondaki m\u00fczakerelerinin bir ay s\u00fcrmesi \u00f6ng\u00f6r\u00fcl\u00fcyor. TBMM&#8217;nin resmi internet sitesinde yer alan habere g\u00f6re Plan ve B\u00fct\u00e7e Komisyonundaki b\u00fct\u00e7e g\u00f6r\u00fc\u015fmelerine, Cumhurba\u015fkan\u0131 Yard\u0131mc\u0131s\u0131 Cevdet Y\u0131lmaz&#8217;\u0131n 22 Ekim&#8217;de yapaca\u011f\u0131 sunumla ba\u015flanacak. Sunumun ard\u0131ndan komisyon \u00fcyelerinin haz\u0131rl\u0131klar\u0131 i\u00e7in \u00e7al\u0131\u015fmalara bir hafta ara verilecek. Komisyon m\u00fczakerelerinin tamamlanmas\u0131n\u0131n ard\u0131ndan s\u00fcre\u00e7, TBMM Genel Kurulunda devam edecek. \u200bCumhurba\u015fkan\u0131 Recep Tayyip Erdo\u011fan&#8217;\u0131n imzas\u0131n\u0131 ta\u015f\u0131yan 2025 Y\u0131l\u0131 Merkezi Y\u00f6netim B\u00fct\u00e7e Kanunu Teklifi, TBMM Ba\u015fkanl\u0131\u011f\u0131na sunuldu\u00a0 \u200bHaberin Al\u0131nt\u0131land\u0131\u011f\u0131 Kaynak: www.iskenderun.org\" \/>\n<meta property=\"og:url\" content=\"https:\/\/denizcankizil.tr\/en\/haberler\/gundem\/2025-butce-kanunu-teklifi-mecliste\/\" \/>\n<meta property=\"og:site_name\" content=\"Av. Deniz Can K\u0131z\u0131l\" \/>\n<meta property=\"article:published_time\" content=\"2024-10-18T14:12:57+00:00\" \/>\n<meta name=\"twitter:card\" content=\"summary_large_image\" \/>\n<meta name=\"twitter:label1\" content=\"Estimated reading time\" \/>\n\t<meta name=\"twitter:data1\" content=\"1 minute\" \/>\n<script type=\"application\/ld+json\" class=\"yoast-schema-graph\">{\"@context\":\"https:\/\/schema.org\",\"@graph\":[{\"@type\":\"Article\",\"@id\":\"https:\/\/denizcankizil.tr\/en\/haberler\/gundem\/2025-butce-kanunu-teklifi-mecliste\/#article\",\"isPartOf\":{\"@id\":\"https:\/\/denizcankizil.tr\/en\/haberler\/gundem\/2025-butce-kanunu-teklifi-mecliste\/\"},\"author\":{\"name\":\"\",\"@id\":\"\"},\"headline\":\"2025 B\u00fct\u00e7e Kanunu Teklifi Meclis&#8217;te\",\"datePublished\":\"2024-10-18T14:12:57+00:00\",\"mainEntityOfPage\":{\"@id\":\"https:\/\/denizcankizil.tr\/en\/haberler\/gundem\/2025-butce-kanunu-teklifi-mecliste\/\"},\"wordCount\":188,\"commentCount\":0,\"publisher\":{\"@id\":\"https:\/\/denizcankizil.tr\/#organization\"},\"articleSection\":[\"G\u00fcndem\",\"Uncategorized\"],\"inLanguage\":\"en-GB\",\"potentialAction\":[{\"@type\":\"CommentAction\",\"name\":\"Comment\",\"target\":[\"https:\/\/denizcankizil.tr\/en\/haberler\/gundem\/2025-butce-kanunu-teklifi-mecliste\/#respond\"]}]},{\"@type\":\"WebPage\",\"@id\":\"https:\/\/denizcankizil.tr\/en\/haberler\/gundem\/2025-butce-kanunu-teklifi-mecliste\/\",\"url\":\"https:\/\/denizcankizil.tr\/en\/haberler\/gundem\/2025-butce-kanunu-teklifi-mecliste\/\",\"name\":\"2025 B\u00fct\u00e7e Kanunu Teklifi Meclis'te - Av. Deniz Can K\u0131z\u0131l\",\"isPartOf\":{\"@id\":\"https:\/\/denizcankizil.tr\/#website\"},\"datePublished\":\"2024-10-18T14:12:57+00:00\",\"breadcrumb\":{\"@id\":\"https:\/\/denizcankizil.tr\/en\/haberler\/gundem\/2025-butce-kanunu-teklifi-mecliste\/#breadcrumb\"},\"inLanguage\":\"en-GB\",\"potentialAction\":[{\"@type\":\"ReadAction\",\"target\":[\"https:\/\/denizcankizil.tr\/en\/haberler\/gundem\/2025-butce-kanunu-teklifi-mecliste\/\"]}]},{\"@type\":\"BreadcrumbList\",\"@id\":\"https:\/\/denizcankizil.tr\/en\/haberler\/gundem\/2025-butce-kanunu-teklifi-mecliste\/#breadcrumb\",\"itemListElement\":[{\"@type\":\"ListItem\",\"position\":1,\"name\":\"Home\",\"item\":\"https:\/\/denizcankizil.tr\/uk\/\"},{\"@type\":\"ListItem\",\"position\":2,\"name\":\"2025 B\u00fct\u00e7e Kanunu Teklifi Meclis&#8217;te\"}]},{\"@type\":\"WebSite\",\"@id\":\"https:\/\/denizcankizil.tr\/#website\",\"url\":\"https:\/\/denizcankizil.tr\/\",\"name\":\"Av. Deniz Can K\u0131z\u0131l\",\"description\":\"Avukat Deniz Can K\u0131z\u0131l Antalya Barosu\",\"publisher\":{\"@id\":\"https:\/\/denizcankizil.tr\/#organization\"},\"potentialAction\":[{\"@type\":\"SearchAction\",\"target\":{\"@type\":\"EntryPoint\",\"urlTemplate\":\"https:\/\/denizcankizil.tr\/?s={search_term_string}\"},\"query-input\":{\"@type\":\"PropertyValueSpecification\",\"valueRequired\":true,\"valueName\":\"search_term_string\"}}],\"inLanguage\":\"en-GB\"},{\"@type\":\"Organization\",\"@id\":\"https:\/\/denizcankizil.tr\/#organization\",\"name\":\"Av. Deniz Can K\u0131z\u0131l\",\"url\":\"https:\/\/denizcankizil.tr\/\",\"logo\":{\"@type\":\"ImageObject\",\"inLanguage\":\"en-GB\",\"@id\":\"https:\/\/denizcankizil.tr\/#\/schema\/logo\/image\/\",\"url\":\"https:\/\/denizcankizil.tr\/wp-content\/uploads\/2024\/10\/siyah-logo-svg.svg\",\"contentUrl\":\"https:\/\/denizcankizil.tr\/wp-content\/uploads\/2024\/10\/siyah-logo-svg.svg\",\"width\":1080,\"height\":1080,\"caption\":\"Av. Deniz Can K\u0131z\u0131l\"},\"image\":{\"@id\":\"https:\/\/denizcankizil.tr\/#\/schema\/logo\/image\/\"}}]}<\/script>\n<!-- \/ Yoast SEO Premium plugin. -->","yoast_head_json":{"title":"2025 B\u00fct\u00e7e Kanunu Teklifi Meclis'te - Av. Deniz Can K\u0131z\u0131l","robots":{"index":"index","follow":"follow","max-snippet":"max-snippet:-1","max-image-preview":"max-image-preview:large","max-video-preview":"max-video-preview:-1"},"canonical":"https:\/\/denizcankizil.tr\/en\/haberler\/gundem\/2025-butce-kanunu-teklifi-mecliste\/","og_locale":"en_GB","og_type":"article","og_title":"2025 B\u00fct\u00e7e Kanunu Teklifi Meclis'te","og_description":"Cumhurba\u015fkan\u0131 Recep Tayyip Erdo\u011fan&#8217;\u0131n imzas\u0131n\u0131 ta\u015f\u0131yan 2025 Y\u0131l\u0131 Merkezi Y\u00f6netim B\u00fct\u00e7e Kanunu Teklifi, TBMM Ba\u015fkanl\u0131\u011f\u0131na sunuldu.ANKARA (\u0130GFA) &#8211; TBMM Ba\u015fkanl\u0131\u011f\u0131 taraf\u0131ndan Plan ve B\u00fct\u00e7e Komisyonuna havale edilecek. 2025 Y\u0131l\u0131 Merkezi Y\u00f6netim B\u00fct\u00e7e Kanunu Teklifi ve 2023 Y\u0131l\u0131 Merkezi Y\u00f6netim Kesin Hesap Kanunu Teklifi ile Say\u0131\u015ftay raporlar\u0131n\u0131n komisyondaki m\u00fczakerelerinin bir ay s\u00fcrmesi \u00f6ng\u00f6r\u00fcl\u00fcyor. TBMM&#8217;nin resmi internet sitesinde yer alan habere g\u00f6re Plan ve B\u00fct\u00e7e Komisyonundaki b\u00fct\u00e7e g\u00f6r\u00fc\u015fmelerine, Cumhurba\u015fkan\u0131 Yard\u0131mc\u0131s\u0131 Cevdet Y\u0131lmaz&#8217;\u0131n 22 Ekim&#8217;de yapaca\u011f\u0131 sunumla ba\u015flanacak. Sunumun ard\u0131ndan komisyon \u00fcyelerinin haz\u0131rl\u0131klar\u0131 i\u00e7in \u00e7al\u0131\u015fmalara bir hafta ara verilecek. Komisyon m\u00fczakerelerinin tamamlanmas\u0131n\u0131n ard\u0131ndan s\u00fcre\u00e7, TBMM Genel Kurulunda devam edecek. \u200bCumhurba\u015fkan\u0131 Recep Tayyip Erdo\u011fan&#8217;\u0131n imzas\u0131n\u0131 ta\u015f\u0131yan 2025 Y\u0131l\u0131 Merkezi Y\u00f6netim B\u00fct\u00e7e Kanunu Teklifi, TBMM Ba\u015fkanl\u0131\u011f\u0131na sunuldu\u00a0 \u200bHaberin Al\u0131nt\u0131land\u0131\u011f\u0131 Kaynak: www.iskenderun.org","og_url":"https:\/\/denizcankizil.tr\/en\/haberler\/gundem\/2025-butce-kanunu-teklifi-mecliste\/","og_site_name":"Av. Deniz Can K\u0131z\u0131l","article_published_time":"2024-10-18T14:12:57+00:00","twitter_card":"summary_large_image","twitter_misc":{"Estimated reading time":"1 minute"},"schema":{"@context":"https:\/\/schema.org","@graph":[{"@type":"Article","@id":"https:\/\/denizcankizil.tr\/en\/haberler\/gundem\/2025-butce-kanunu-teklifi-mecliste\/#article","isPartOf":{"@id":"https:\/\/denizcankizil.tr\/en\/haberler\/gundem\/2025-butce-kanunu-teklifi-mecliste\/"},"author":{"name":"","@id":""},"headline":"2025 B\u00fct\u00e7e Kanunu Teklifi Meclis&#8217;te","datePublished":"2024-10-18T14:12:57+00:00","mainEntityOfPage":{"@id":"https:\/\/denizcankizil.tr\/en\/haberler\/gundem\/2025-butce-kanunu-teklifi-mecliste\/"},"wordCount":188,"commentCount":0,"publisher":{"@id":"https:\/\/denizcankizil.tr\/#organization"},"articleSection":["G\u00fcndem","Uncategorized"],"inLanguage":"en-GB","potentialAction":[{"@type":"CommentAction","name":"Comment","target":["https:\/\/denizcankizil.tr\/en\/haberler\/gundem\/2025-butce-kanunu-teklifi-mecliste\/#respond"]}]},{"@type":"WebPage","@id":"https:\/\/denizcankizil.tr\/en\/haberler\/gundem\/2025-butce-kanunu-teklifi-mecliste\/","url":"https:\/\/denizcankizil.tr\/en\/haberler\/gundem\/2025-butce-kanunu-teklifi-mecliste\/","name":"2025 B\u00fct\u00e7e Kanunu Teklifi Meclis'te - Av. Deniz Can K\u0131z\u0131l","isPartOf":{"@id":"https:\/\/denizcankizil.tr\/#website"},"datePublished":"2024-10-18T14:12:57+00:00","breadcrumb":{"@id":"https:\/\/denizcankizil.tr\/en\/haberler\/gundem\/2025-butce-kanunu-teklifi-mecliste\/#breadcrumb"},"inLanguage":"en-GB","potentialAction":[{"@type":"ReadAction","target":["https:\/\/denizcankizil.tr\/en\/haberler\/gundem\/2025-butce-kanunu-teklifi-mecliste\/"]}]},{"@type":"BreadcrumbList","@id":"https:\/\/denizcankizil.tr\/en\/haberler\/gundem\/2025-butce-kanunu-teklifi-mecliste\/#breadcrumb","itemListElement":[{"@type":"ListItem","position":1,"name":"Home","item":"https:\/\/denizcankizil.tr\/uk\/"},{"@type":"ListItem","position":2,"name":"2025 B\u00fct\u00e7e Kanunu Teklifi Meclis&#8217;te"}]},{"@type":"WebSite","@id":"https:\/\/denizcankizil.tr\/#website","url":"https:\/\/denizcankizil.tr\/","name":"Av. Deniz Can K\u0131z\u0131l","description":"Avukat Deniz Can K\u0131z\u0131l Antalya Barosu","publisher":{"@id":"https:\/\/denizcankizil.tr\/#organization"},"potentialAction":[{"@type":"SearchAction","target":{"@type":"EntryPoint","urlTemplate":"https:\/\/denizcankizil.tr\/?s={search_term_string}"},"query-input":{"@type":"PropertyValueSpecification","valueRequired":true,"valueName":"search_term_string"}}],"inLanguage":"en-GB"},{"@type":"Organization","@id":"https:\/\/denizcankizil.tr\/#organization","name":"Av. Deniz Can K\u0131z\u0131l","url":"https:\/\/denizcankizil.tr\/","logo":{"@type":"ImageObject","inLanguage":"en-GB","@id":"https:\/\/denizcankizil.tr\/#\/schema\/logo\/image\/","url":"https:\/\/denizcankizil.tr\/wp-content\/uploads\/2024\/10\/siyah-logo-svg.svg","contentUrl":"https:\/\/denizcankizil.tr\/wp-content\/uploads\/2024\/10\/siyah-logo-svg.svg","width":1080,"height":1080,"caption":"Av. Deniz Can K\u0131z\u0131l"},"image":{"@id":"https:\/\/denizcankizil.tr\/#\/schema\/logo\/image\/"}}]}},"_links":{"self":[{"href":"https:\/\/denizcankizil.tr\/en\/wp-json\/wp\/v2\/posts\/4076","targetHints":{"allow":["GET"]}}],"collection":[{"href":"https:\/\/denizcankizil.tr\/en\/wp-json\/wp\/v2\/posts"}],"about":[{"href":"https:\/\/denizcankizil.tr\/en\/wp-json\/wp\/v2\/types\/post"}],"replies":[{"embeddable":true,"href":"https:\/\/denizcankizil.tr\/en\/wp-json\/wp\/v2\/comments?post=4076"}],"version-history":[{"count":0,"href":"https:\/\/denizcankizil.tr\/en\/wp-json\/wp\/v2\/posts\/4076\/revisions"}],"wp:attachment":[{"href":"https:\/\/denizcankizil.tr\/en\/wp-json\/wp\/v2\/media?parent=4076"}],"wp:term":[{"taxonomy":"category","embeddable":true,"href":"https:\/\/denizcankizil.tr\/en\/wp-json\/wp\/v2\/categories?post=4076"},{"taxonomy":"post_tag","embeddable":true,"href":"https:\/\/denizcankizil.tr\/en\/wp-json\/wp\/v2\/tags?post=4076"}],"curies":[{"name":"wp","href":"https:\/\/api.w.org\/{rel}","templated":true}]}}