{"id":4051,"date":"2024-10-18T14:18:03","date_gmt":"2024-10-18T11:18:03","guid":{"rendered":"https:\/\/denizcankizil.tr\/uncategorized-tr\/mkude-100-yil-koyu-1-faz-acilisi-gercekesti\/"},"modified":"2024-10-18T14:18:03","modified_gmt":"2024-10-18T11:18:03","slug":"mkude-100-yil-koyu-1-faz-acilisi-gercekesti","status":"publish","type":"post","link":"https:\/\/denizcankizil.tr\/en\/haberler\/gundem\/mkude-100-yil-koyu-1-faz-acilisi-gercekesti\/","title":{"rendered":"MK\u00dc\u2019de 100. Y\u0131l k\u00f6y\u00fc 1. Faz a\u00e7\u0131l\u0131\u015f\u0131 ger\u00e7eke\u015fti\u2026"},"content":{"rendered":"<p>T\u00f6rene Rekt\u00f6r\u00fc Prof. Dr. Veysel Eren, Rekt\u00f6r Yard\u0131mc\u0131lar\u0131 Prof. Dr. Erhan Yengil, Prof. Dr. Mehmet Turan, Genel Sekreteri Prof. Dr. \u0130brahim Halil \u00c7er\u00e7i, projenin hayata ge\u00e7mesine katk\u0131 sunan payda\u015flar, hay\u0131rseverler ile personeli kat\u0131ld\u0131.<\/p>\n<p>Atat\u00fcrk Konferans Salonunda ger\u00e7ekle\u015ftirilen t\u00f6renin ilk k\u0131sm\u0131 a\u00e7\u0131l\u0131\u015f konu\u015fmalar\u0131 ve projeye katk\u0131 sunan payda\u015flara plaket takdimi ile ge\u00e7ti. Sayg\u0131 duru\u015fu ve \u0130stiklal Mar\u015f\u0131n\u0131n akabinde ba\u015flayan programda Blocks For Hope, G\u00fclmek \u0130yile\u015ftirir Derne\u011fi ve Jandarma Asayi\u015f Vakf\u0131 temsilcileri 100. Y\u0131l K\u00f6y\u00fc projesinin hayata ge\u00e7i\u015f s\u00fcrecini programa kat\u0131lanlarla payla\u015ft\u0131lar.<\/p>\n<p>100. Y\u0131l K\u00f6y\u00fc projesine katk\u0131 sunan ki\u015fi ve kurumlara te\u015fekk\u00fcr eden Rekt\u00f6r Prof. Dr. Veysel Eren, \u00fcniversitenin ya\u015fanan depremler sonras\u0131 ba\u015fta \u00f6\u011frenciler ve personel olmak \u00fczere vatanda\u015flar ve kurumlar i\u00e7in g\u00fcvenli bir alan sundu\u011funu s\u00f6yledi.<\/p>\n<p>Kendileri de depremzede olan personelin b\u00fcy\u00fck bir fedakarl\u0131kla depremin yaralar\u0131n\u0131 sarmak i\u00e7in canlar\u0131n\u0131 di\u015flerine takarak \u00e7al\u0131\u015ft\u0131klar\u0131n\u0131 ifade eden Rekt\u00f6r Prof. Dr. Veysel Eren, 100. Y\u0131l K\u00f6y\u00fc projesinin 6 \u015eubat depremleri sonras\u0131 sevdi\u011fi insanlar\u0131, ya\u015fad\u0131klar\u0131 yuvalar\u0131n\u0131 kaybeden personelin hayatlar\u0131n\u0131 normalle\u015ftirmeleri ve gelece\u011fe umutla bakabilmeleri ad\u0131na b\u00fcy\u00fck bir ad\u0131m oldu\u011funu kaydetti.<\/p>\n<p>Rekt\u00f6r Prof. Dr. Veysel Eren taraf\u0131ndan projenin hayata ge\u00e7mesinde \u00f6nc\u00fc rol \u00fcstlenen Blocks For Hope, G\u00fclmek \u0130yile\u015ftirir Derne\u011fi ve Jandarma Asayi\u015f Vakf\u0131 temsilcilerine plaket takdimi yap\u0131ld\u0131.<\/p>\n<p>Program\u0131n ikinci k\u0131sm\u0131 olan 100. Y\u0131l K\u00f6y\u00fc projesinin 1. Faz\u0131n\u0131n a\u00e7\u0131l\u0131\u015f\u0131na ge\u00e7ildi. A\u00e7\u0131l\u0131\u015f kurdelesinin kesilmesiyle programa kat\u0131lanlar yap\u0131m\u0131 tamamlanan konutlar\u0131 gezerek incelemelerde bulundular.<\/p>\n<p>B\u00fcy\u00fck bir emekle yap\u0131m\u0131 tamamlanan 1. Fazdaki 46 konutun kuras\u0131 \u00e7ekilerek personele teslimi yap\u0131lacak.<\/p>\n<p>\u200bMustafa Kemal \u00dcniversitesi Tayfur S\u00f6kmen Kamp\u00fcs\u00fc i\u00e7erisinde in\u015fa s\u00fcreci devam eden 100. Y\u0131l k\u00f6y\u00fcn\u00fcn birinci Faz a\u00e7\u0131l\u0131\u015f t\u00f6reni ger\u00e7ekle\u015ftirildi.\u00a0<\/p>\n<p>\u200bHaberin Al\u0131nt\u0131land\u0131\u011f\u0131 Kaynak: www.iskenderun.org<\/p>","protected":false},"excerpt":{"rendered":"<p>T\u00f6rene Rekt\u00f6r\u00fc Prof. Dr. Veysel Eren, Rekt\u00f6r Yard\u0131mc\u0131lar\u0131 Prof. Dr. Erhan Yengil, Prof. Dr. Mehmet Turan, Genel Sekreteri Prof. Dr. \u0130brahim Halil \u00c7er\u00e7i, projenin hayata ge\u00e7mesine katk\u0131 sunan payda\u015flar, hay\u0131rseverler ile personeli kat\u0131ld\u0131. Atat\u00fcrk Konferans Salonunda ger\u00e7ekle\u015ftirilen t\u00f6renin ilk k\u0131sm\u0131 a\u00e7\u0131l\u0131\u015f konu\u015fmalar\u0131 ve projeye katk\u0131 sunan payda\u015flara plaket takdimi ile ge\u00e7ti. Sayg\u0131 duru\u015fu ve \u0130stiklal Mar\u015f\u0131n\u0131n akabinde ba\u015flayan programda Blocks For Hope, G\u00fclmek \u0130yile\u015ftirir Derne\u011fi ve Jandarma Asayi\u015f Vakf\u0131 temsilcileri 100. Y\u0131l K\u00f6y\u00fc projesinin hayata ge\u00e7i\u015f s\u00fcrecini programa kat\u0131lanlarla payla\u015ft\u0131lar. 100. Y\u0131l K\u00f6y\u00fc projesine katk\u0131 sunan ki\u015fi ve kurumlara te\u015fekk\u00fcr eden Rekt\u00f6r Prof. Dr. Veysel Eren, \u00fcniversitenin ya\u015fanan depremler sonras\u0131 ba\u015fta \u00f6\u011frenciler ve personel olmak \u00fczere vatanda\u015flar ve kurumlar i\u00e7in g\u00fcvenli bir alan sundu\u011funu s\u00f6yledi. Kendileri de depremzede olan personelin b\u00fcy\u00fck bir fedakarl\u0131kla depremin yaralar\u0131n\u0131 sarmak i\u00e7in canlar\u0131n\u0131 di\u015flerine takarak \u00e7al\u0131\u015ft\u0131klar\u0131n\u0131 ifade eden Rekt\u00f6r Prof. Dr. Veysel Eren, 100. Y\u0131l K\u00f6y\u00fc projesinin 6 \u015eubat depremleri sonras\u0131 sevdi\u011fi insanlar\u0131, ya\u015fad\u0131klar\u0131 yuvalar\u0131n\u0131 kaybeden personelin hayatlar\u0131n\u0131 normalle\u015ftirmeleri ve gelece\u011fe umutla bakabilmeleri ad\u0131na b\u00fcy\u00fck bir ad\u0131m oldu\u011funu kaydetti. Rekt\u00f6r Prof. Dr. Veysel Eren taraf\u0131ndan projenin hayata ge\u00e7mesinde \u00f6nc\u00fc rol \u00fcstlenen Blocks For Hope, G\u00fclmek \u0130yile\u015ftirir Derne\u011fi ve Jandarma Asayi\u015f Vakf\u0131 temsilcilerine plaket takdimi yap\u0131ld\u0131. Program\u0131n ikinci k\u0131sm\u0131 olan 100. Y\u0131l K\u00f6y\u00fc projesinin 1. Faz\u0131n\u0131n &hellip;<\/p>","protected":false},"author":0,"featured_media":0,"comment_status":"open","ping_status":"open","sticky":false,"template":"","format":"standard","meta":{"_acf_changed":false,"footnotes":""},"categories":[24,535],"tags":[],"class_list":["post-4051","post","type-post","status-publish","format-standard","has-post-thumbnail","hentry","category-gundem","category-uncategorized-tr"],"acf":[],"yoast_head":"<!-- This site is optimized with the Yoast SEO Premium plugin v26.6 (Yoast SEO v27.1.1) - https:\/\/yoast.com\/product\/yoast-seo-premium-wordpress\/ -->\n<title>MK\u00dc\u2019de 100. Y\u0131l k\u00f6y\u00fc 1. Faz a\u00e7\u0131l\u0131\u015f\u0131 ger\u00e7eke\u015fti\u2026 - Av. Deniz Can K\u0131z\u0131l<\/title>\n<meta name=\"robots\" content=\"index, follow, max-snippet:-1, max-image-preview:large, max-video-preview:-1\" \/>\n<link rel=\"canonical\" href=\"https:\/\/denizcankizil.tr\/en\/haberler\/gundem\/mkude-100-yil-koyu-1-faz-acilisi-gercekesti\/\" \/>\n<meta property=\"og:locale\" content=\"en_GB\" \/>\n<meta property=\"og:type\" content=\"article\" \/>\n<meta property=\"og:title\" content=\"MK\u00dc\u2019de 100. Y\u0131l k\u00f6y\u00fc 1. Faz a\u00e7\u0131l\u0131\u015f\u0131 ger\u00e7eke\u015fti\u2026\" \/>\n<meta property=\"og:description\" content=\"T\u00f6rene Rekt\u00f6r\u00fc Prof. Dr. Veysel Eren, Rekt\u00f6r Yard\u0131mc\u0131lar\u0131 Prof. Dr. Erhan Yengil, Prof. Dr. Mehmet Turan, Genel Sekreteri Prof. Dr. \u0130brahim Halil \u00c7er\u00e7i, projenin hayata ge\u00e7mesine katk\u0131 sunan payda\u015flar, hay\u0131rseverler ile personeli kat\u0131ld\u0131. Atat\u00fcrk Konferans Salonunda ger\u00e7ekle\u015ftirilen t\u00f6renin ilk k\u0131sm\u0131 a\u00e7\u0131l\u0131\u015f konu\u015fmalar\u0131 ve projeye katk\u0131 sunan payda\u015flara plaket takdimi ile ge\u00e7ti. Sayg\u0131 duru\u015fu ve \u0130stiklal Mar\u015f\u0131n\u0131n akabinde ba\u015flayan programda Blocks For Hope, G\u00fclmek \u0130yile\u015ftirir Derne\u011fi ve Jandarma Asayi\u015f Vakf\u0131 temsilcileri 100. Y\u0131l K\u00f6y\u00fc projesinin hayata ge\u00e7i\u015f s\u00fcrecini programa kat\u0131lanlarla payla\u015ft\u0131lar. 100. Y\u0131l K\u00f6y\u00fc projesine katk\u0131 sunan ki\u015fi ve kurumlara te\u015fekk\u00fcr eden Rekt\u00f6r Prof. Dr. Veysel Eren, \u00fcniversitenin ya\u015fanan depremler sonras\u0131 ba\u015fta \u00f6\u011frenciler ve personel olmak \u00fczere vatanda\u015flar ve kurumlar i\u00e7in g\u00fcvenli bir alan sundu\u011funu s\u00f6yledi. Kendileri de depremzede olan personelin b\u00fcy\u00fck bir fedakarl\u0131kla depremin yaralar\u0131n\u0131 sarmak i\u00e7in canlar\u0131n\u0131 di\u015flerine takarak \u00e7al\u0131\u015ft\u0131klar\u0131n\u0131 ifade eden Rekt\u00f6r Prof. Dr. Veysel Eren, 100. Y\u0131l K\u00f6y\u00fc projesinin 6 \u015eubat depremleri sonras\u0131 sevdi\u011fi insanlar\u0131, ya\u015fad\u0131klar\u0131 yuvalar\u0131n\u0131 kaybeden personelin hayatlar\u0131n\u0131 normalle\u015ftirmeleri ve gelece\u011fe umutla bakabilmeleri ad\u0131na b\u00fcy\u00fck bir ad\u0131m oldu\u011funu kaydetti. Rekt\u00f6r Prof. Dr. Veysel Eren taraf\u0131ndan projenin hayata ge\u00e7mesinde \u00f6nc\u00fc rol \u00fcstlenen Blocks For Hope, G\u00fclmek \u0130yile\u015ftirir Derne\u011fi ve Jandarma Asayi\u015f Vakf\u0131 temsilcilerine plaket takdimi yap\u0131ld\u0131. Program\u0131n ikinci k\u0131sm\u0131 olan 100. Y\u0131l K\u00f6y\u00fc projesinin 1. Faz\u0131n\u0131n &hellip;\" \/>\n<meta property=\"og:url\" content=\"https:\/\/denizcankizil.tr\/en\/haberler\/gundem\/mkude-100-yil-koyu-1-faz-acilisi-gercekesti\/\" \/>\n<meta property=\"og:site_name\" content=\"Av. Deniz Can K\u0131z\u0131l\" \/>\n<meta property=\"article:published_time\" content=\"2024-10-18T11:18:03+00:00\" \/>\n<meta name=\"twitter:card\" content=\"summary_large_image\" \/>\n<meta name=\"twitter:label1\" content=\"Estimated reading time\" \/>\n\t<meta name=\"twitter:data1\" content=\"2 minutes\" \/>\n<script type=\"application\/ld+json\" class=\"yoast-schema-graph\">{\"@context\":\"https:\/\/schema.org\",\"@graph\":[{\"@type\":\"Article\",\"@id\":\"https:\/\/denizcankizil.tr\/en\/haberler\/gundem\/mkude-100-yil-koyu-1-faz-acilisi-gercekesti\/#article\",\"isPartOf\":{\"@id\":\"https:\/\/denizcankizil.tr\/en\/haberler\/gundem\/mkude-100-yil-koyu-1-faz-acilisi-gercekesti\/\"},\"author\":{\"name\":\"\",\"@id\":\"\"},\"headline\":\"MK\u00dc\u2019de 100. Y\u0131l k\u00f6y\u00fc 1. Faz a\u00e7\u0131l\u0131\u015f\u0131 ger\u00e7eke\u015fti\u2026\",\"datePublished\":\"2024-10-18T11:18:03+00:00\",\"mainEntityOfPage\":{\"@id\":\"https:\/\/denizcankizil.tr\/en\/haberler\/gundem\/mkude-100-yil-koyu-1-faz-acilisi-gercekesti\/\"},\"wordCount\":364,\"commentCount\":0,\"publisher\":{\"@id\":\"https:\/\/denizcankizil.tr\/de\/#organization\"},\"articleSection\":[\"G\u00fcndem\",\"Uncategorized\"],\"inLanguage\":\"en-GB\",\"potentialAction\":[{\"@type\":\"CommentAction\",\"name\":\"Comment\",\"target\":[\"https:\/\/denizcankizil.tr\/en\/haberler\/gundem\/mkude-100-yil-koyu-1-faz-acilisi-gercekesti\/#respond\"]}]},{\"@type\":\"WebPage\",\"@id\":\"https:\/\/denizcankizil.tr\/en\/haberler\/gundem\/mkude-100-yil-koyu-1-faz-acilisi-gercekesti\/\",\"url\":\"https:\/\/denizcankizil.tr\/en\/haberler\/gundem\/mkude-100-yil-koyu-1-faz-acilisi-gercekesti\/\",\"name\":\"MK\u00dc\u2019de 100. Y\u0131l k\u00f6y\u00fc 1. Faz a\u00e7\u0131l\u0131\u015f\u0131 ger\u00e7eke\u015fti\u2026 - Av. Deniz Can K\u0131z\u0131l\",\"isPartOf\":{\"@id\":\"https:\/\/denizcankizil.tr\/de\/#website\"},\"datePublished\":\"2024-10-18T11:18:03+00:00\",\"breadcrumb\":{\"@id\":\"https:\/\/denizcankizil.tr\/en\/haberler\/gundem\/mkude-100-yil-koyu-1-faz-acilisi-gercekesti\/#breadcrumb\"},\"inLanguage\":\"en-GB\",\"potentialAction\":[{\"@type\":\"ReadAction\",\"target\":[\"https:\/\/denizcankizil.tr\/en\/haberler\/gundem\/mkude-100-yil-koyu-1-faz-acilisi-gercekesti\/\"]}]},{\"@type\":\"BreadcrumbList\",\"@id\":\"https:\/\/denizcankizil.tr\/en\/haberler\/gundem\/mkude-100-yil-koyu-1-faz-acilisi-gercekesti\/#breadcrumb\",\"itemListElement\":[{\"@type\":\"ListItem\",\"position\":1,\"name\":\"Home\",\"item\":\"https:\/\/denizcankizil.tr\/de\/\"},{\"@type\":\"ListItem\",\"position\":2,\"name\":\"MK\u00dc\u2019de 100. Y\u0131l k\u00f6y\u00fc 1. Faz a\u00e7\u0131l\u0131\u015f\u0131 ger\u00e7eke\u015fti\u2026\"}]},{\"@type\":\"WebSite\",\"@id\":\"https:\/\/denizcankizil.tr\/de\/#website\",\"url\":\"https:\/\/denizcankizil.tr\/de\/\",\"name\":\"Av. Deniz Can K\u0131z\u0131l\",\"description\":\"Avukat Deniz Can K\u0131z\u0131l Antalya Barosu\",\"publisher\":{\"@id\":\"https:\/\/denizcankizil.tr\/de\/#organization\"},\"potentialAction\":[{\"@type\":\"SearchAction\",\"target\":{\"@type\":\"EntryPoint\",\"urlTemplate\":\"https:\/\/denizcankizil.tr\/de\/?s={search_term_string}\"},\"query-input\":{\"@type\":\"PropertyValueSpecification\",\"valueRequired\":true,\"valueName\":\"search_term_string\"}}],\"inLanguage\":\"en-GB\"},{\"@type\":\"Organization\",\"@id\":\"https:\/\/denizcankizil.tr\/de\/#organization\",\"name\":\"Av. Deniz Can K\u0131z\u0131l\",\"url\":\"https:\/\/denizcankizil.tr\/de\/\",\"logo\":{\"@type\":\"ImageObject\",\"inLanguage\":\"en-GB\",\"@id\":\"https:\/\/denizcankizil.tr\/de\/#\/schema\/logo\/image\/\",\"url\":\"https:\/\/denizcankizil.tr\/wp-content\/uploads\/2024\/10\/siyah-logo-svg.svg\",\"contentUrl\":\"https:\/\/denizcankizil.tr\/wp-content\/uploads\/2024\/10\/siyah-logo-svg.svg\",\"width\":1080,\"height\":1080,\"caption\":\"Av. Deniz Can K\u0131z\u0131l\"},\"image\":{\"@id\":\"https:\/\/denizcankizil.tr\/de\/#\/schema\/logo\/image\/\"}}]}<\/script>\n<!-- \/ Yoast SEO Premium plugin. -->","yoast_head_json":{"title":"MK\u00dc\u2019de 100. Y\u0131l k\u00f6y\u00fc 1. Faz a\u00e7\u0131l\u0131\u015f\u0131 ger\u00e7eke\u015fti\u2026 - Av. Deniz Can K\u0131z\u0131l","robots":{"index":"index","follow":"follow","max-snippet":"max-snippet:-1","max-image-preview":"max-image-preview:large","max-video-preview":"max-video-preview:-1"},"canonical":"https:\/\/denizcankizil.tr\/en\/haberler\/gundem\/mkude-100-yil-koyu-1-faz-acilisi-gercekesti\/","og_locale":"en_GB","og_type":"article","og_title":"MK\u00dc\u2019de 100. Y\u0131l k\u00f6y\u00fc 1. Faz a\u00e7\u0131l\u0131\u015f\u0131 ger\u00e7eke\u015fti\u2026","og_description":"T\u00f6rene Rekt\u00f6r\u00fc Prof. Dr. Veysel Eren, Rekt\u00f6r Yard\u0131mc\u0131lar\u0131 Prof. Dr. Erhan Yengil, Prof. Dr. Mehmet Turan, Genel Sekreteri Prof. Dr. \u0130brahim Halil \u00c7er\u00e7i, projenin hayata ge\u00e7mesine katk\u0131 sunan payda\u015flar, hay\u0131rseverler ile personeli kat\u0131ld\u0131. Atat\u00fcrk Konferans Salonunda ger\u00e7ekle\u015ftirilen t\u00f6renin ilk k\u0131sm\u0131 a\u00e7\u0131l\u0131\u015f konu\u015fmalar\u0131 ve projeye katk\u0131 sunan payda\u015flara plaket takdimi ile ge\u00e7ti. Sayg\u0131 duru\u015fu ve \u0130stiklal Mar\u015f\u0131n\u0131n akabinde ba\u015flayan programda Blocks For Hope, G\u00fclmek \u0130yile\u015ftirir Derne\u011fi ve Jandarma Asayi\u015f Vakf\u0131 temsilcileri 100. Y\u0131l K\u00f6y\u00fc projesinin hayata ge\u00e7i\u015f s\u00fcrecini programa kat\u0131lanlarla payla\u015ft\u0131lar. 100. Y\u0131l K\u00f6y\u00fc projesine katk\u0131 sunan ki\u015fi ve kurumlara te\u015fekk\u00fcr eden Rekt\u00f6r Prof. Dr. Veysel Eren, \u00fcniversitenin ya\u015fanan depremler sonras\u0131 ba\u015fta \u00f6\u011frenciler ve personel olmak \u00fczere vatanda\u015flar ve kurumlar i\u00e7in g\u00fcvenli bir alan sundu\u011funu s\u00f6yledi. Kendileri de depremzede olan personelin b\u00fcy\u00fck bir fedakarl\u0131kla depremin yaralar\u0131n\u0131 sarmak i\u00e7in canlar\u0131n\u0131 di\u015flerine takarak \u00e7al\u0131\u015ft\u0131klar\u0131n\u0131 ifade eden Rekt\u00f6r Prof. Dr. Veysel Eren, 100. Y\u0131l K\u00f6y\u00fc projesinin 6 \u015eubat depremleri sonras\u0131 sevdi\u011fi insanlar\u0131, ya\u015fad\u0131klar\u0131 yuvalar\u0131n\u0131 kaybeden personelin hayatlar\u0131n\u0131 normalle\u015ftirmeleri ve gelece\u011fe umutla bakabilmeleri ad\u0131na b\u00fcy\u00fck bir ad\u0131m oldu\u011funu kaydetti. Rekt\u00f6r Prof. Dr. Veysel Eren taraf\u0131ndan projenin hayata ge\u00e7mesinde \u00f6nc\u00fc rol \u00fcstlenen Blocks For Hope, G\u00fclmek \u0130yile\u015ftirir Derne\u011fi ve Jandarma Asayi\u015f Vakf\u0131 temsilcilerine plaket takdimi yap\u0131ld\u0131. Program\u0131n ikinci k\u0131sm\u0131 olan 100. Y\u0131l K\u00f6y\u00fc projesinin 1. Faz\u0131n\u0131n &hellip;","og_url":"https:\/\/denizcankizil.tr\/en\/haberler\/gundem\/mkude-100-yil-koyu-1-faz-acilisi-gercekesti\/","og_site_name":"Av. Deniz Can K\u0131z\u0131l","article_published_time":"2024-10-18T11:18:03+00:00","twitter_card":"summary_large_image","twitter_misc":{"Estimated reading time":"2 minutes"},"schema":{"@context":"https:\/\/schema.org","@graph":[{"@type":"Article","@id":"https:\/\/denizcankizil.tr\/en\/haberler\/gundem\/mkude-100-yil-koyu-1-faz-acilisi-gercekesti\/#article","isPartOf":{"@id":"https:\/\/denizcankizil.tr\/en\/haberler\/gundem\/mkude-100-yil-koyu-1-faz-acilisi-gercekesti\/"},"author":{"name":"","@id":""},"headline":"MK\u00dc\u2019de 100. Y\u0131l k\u00f6y\u00fc 1. Faz a\u00e7\u0131l\u0131\u015f\u0131 ger\u00e7eke\u015fti\u2026","datePublished":"2024-10-18T11:18:03+00:00","mainEntityOfPage":{"@id":"https:\/\/denizcankizil.tr\/en\/haberler\/gundem\/mkude-100-yil-koyu-1-faz-acilisi-gercekesti\/"},"wordCount":364,"commentCount":0,"publisher":{"@id":"https:\/\/denizcankizil.tr\/de\/#organization"},"articleSection":["G\u00fcndem","Uncategorized"],"inLanguage":"en-GB","potentialAction":[{"@type":"CommentAction","name":"Comment","target":["https:\/\/denizcankizil.tr\/en\/haberler\/gundem\/mkude-100-yil-koyu-1-faz-acilisi-gercekesti\/#respond"]}]},{"@type":"WebPage","@id":"https:\/\/denizcankizil.tr\/en\/haberler\/gundem\/mkude-100-yil-koyu-1-faz-acilisi-gercekesti\/","url":"https:\/\/denizcankizil.tr\/en\/haberler\/gundem\/mkude-100-yil-koyu-1-faz-acilisi-gercekesti\/","name":"MK\u00dc\u2019de 100. Y\u0131l k\u00f6y\u00fc 1. Faz a\u00e7\u0131l\u0131\u015f\u0131 ger\u00e7eke\u015fti\u2026 - Av. Deniz Can K\u0131z\u0131l","isPartOf":{"@id":"https:\/\/denizcankizil.tr\/de\/#website"},"datePublished":"2024-10-18T11:18:03+00:00","breadcrumb":{"@id":"https:\/\/denizcankizil.tr\/en\/haberler\/gundem\/mkude-100-yil-koyu-1-faz-acilisi-gercekesti\/#breadcrumb"},"inLanguage":"en-GB","potentialAction":[{"@type":"ReadAction","target":["https:\/\/denizcankizil.tr\/en\/haberler\/gundem\/mkude-100-yil-koyu-1-faz-acilisi-gercekesti\/"]}]},{"@type":"BreadcrumbList","@id":"https:\/\/denizcankizil.tr\/en\/haberler\/gundem\/mkude-100-yil-koyu-1-faz-acilisi-gercekesti\/#breadcrumb","itemListElement":[{"@type":"ListItem","position":1,"name":"Home","item":"https:\/\/denizcankizil.tr\/de\/"},{"@type":"ListItem","position":2,"name":"MK\u00dc\u2019de 100. Y\u0131l k\u00f6y\u00fc 1. Faz a\u00e7\u0131l\u0131\u015f\u0131 ger\u00e7eke\u015fti\u2026"}]},{"@type":"WebSite","@id":"https:\/\/denizcankizil.tr\/de\/#website","url":"https:\/\/denizcankizil.tr\/de\/","name":"Av. Deniz Can K\u0131z\u0131l","description":"Avukat Deniz Can K\u0131z\u0131l Antalya Barosu","publisher":{"@id":"https:\/\/denizcankizil.tr\/de\/#organization"},"potentialAction":[{"@type":"SearchAction","target":{"@type":"EntryPoint","urlTemplate":"https:\/\/denizcankizil.tr\/de\/?s={search_term_string}"},"query-input":{"@type":"PropertyValueSpecification","valueRequired":true,"valueName":"search_term_string"}}],"inLanguage":"en-GB"},{"@type":"Organization","@id":"https:\/\/denizcankizil.tr\/de\/#organization","name":"Av. Deniz Can K\u0131z\u0131l","url":"https:\/\/denizcankizil.tr\/de\/","logo":{"@type":"ImageObject","inLanguage":"en-GB","@id":"https:\/\/denizcankizil.tr\/de\/#\/schema\/logo\/image\/","url":"https:\/\/denizcankizil.tr\/wp-content\/uploads\/2024\/10\/siyah-logo-svg.svg","contentUrl":"https:\/\/denizcankizil.tr\/wp-content\/uploads\/2024\/10\/siyah-logo-svg.svg","width":1080,"height":1080,"caption":"Av. Deniz Can K\u0131z\u0131l"},"image":{"@id":"https:\/\/denizcankizil.tr\/de\/#\/schema\/logo\/image\/"}}]}},"_links":{"self":[{"href":"https:\/\/denizcankizil.tr\/en\/wp-json\/wp\/v2\/posts\/4051","targetHints":{"allow":["GET"]}}],"collection":[{"href":"https:\/\/denizcankizil.tr\/en\/wp-json\/wp\/v2\/posts"}],"about":[{"href":"https:\/\/denizcankizil.tr\/en\/wp-json\/wp\/v2\/types\/post"}],"replies":[{"embeddable":true,"href":"https:\/\/denizcankizil.tr\/en\/wp-json\/wp\/v2\/comments?post=4051"}],"version-history":[{"count":0,"href":"https:\/\/denizcankizil.tr\/en\/wp-json\/wp\/v2\/posts\/4051\/revisions"}],"wp:attachment":[{"href":"https:\/\/denizcankizil.tr\/en\/wp-json\/wp\/v2\/media?parent=4051"}],"wp:term":[{"taxonomy":"category","embeddable":true,"href":"https:\/\/denizcankizil.tr\/en\/wp-json\/wp\/v2\/categories?post=4051"},{"taxonomy":"post_tag","embeddable":true,"href":"https:\/\/denizcankizil.tr\/en\/wp-json\/wp\/v2\/tags?post=4051"}],"curies":[{"name":"wp","href":"https:\/\/api.w.org\/{rel}","templated":true}]}}