{"id":37357,"date":"2025-03-27T15:41:46","date_gmt":"2025-03-27T12:41:46","guid":{"rendered":"https:\/\/denizcankizil.tr\/uncategorized-tr\/trafik-kazasinda-metrelerce-suruklendiler\/"},"modified":"2025-03-27T15:41:46","modified_gmt":"2025-03-27T12:41:46","slug":"trafik-kazasinda-metrelerce-suruklendiler","status":"publish","type":"post","link":"https:\/\/denizcankizil.tr\/en\/haberler\/antalya\/trafik-kazasinda-metrelerce-suruklendiler\/","title":{"rendered":"Trafik kazas\u0131nda metrelerce s\u00fcr\u00fcklendiler"},"content":{"rendered":"<p>Kaza, \u0130brahim S\u00f6zen Caddesi&#8217;nde meydana geldi. Edinilen bilgiye g\u00f6re, Fikret E.E.&#8217;nin kulland\u0131\u011f\u0131 07 BLM 141 plakal\u0131 motosikletin, AKM kav\u015fa\u011f\u0131na geldi\u011finde AKM istikametinden gelip 1005 Sokak istikametine gitmekte olan Yener G.&#8217;nin kulland\u0131\u011f\u0131 07 VHJ 19 plakal\u0131 otomobille kav\u015fakta \u00e7arp\u0131\u015ft\u0131.<\/p>\n<p>S\u00fcr\u00fcc\u00fc<br \/>\nKazada, \u00e7arpman\u0131n \u015fiddetiyle otomobilin \u00fczerinden yola f\u0131rlayan motosiklet s\u00fcr\u00fcc\u00fcs\u00fc Fikret E.E. ve motosiklette yolcu olarak bulunan Mustafa \u00d6. yaraland\u0131. 112 Sa\u011fl\u0131k ekiplerinin olay yerindeki m\u00fcdahalesinin ard\u0131ndan ambulansla hastaneye kald\u0131r\u0131lan motosiklet s\u00fcr\u00fcc\u00fcs\u00fcn\u00fcn hayati tehlikesinin bulundu\u011fu bildirildi.<\/p>\n<p>Kaza an\u0131 kamerada<br \/>\n\u00d6te yandan kaza an\u0131ysa g\u00fcvenlik kameras\u0131na anbean yans\u0131d\u0131. Kazada otomobil ile motosikletin \u00e7arp\u0131\u015fmas\u0131 sonucu, motosikletteki s\u00fcr\u00fcc\u00fc ile yolcu konumundaki ki\u015finin yola f\u0131rlay\u0131p metrelerce s\u00fcr\u00fcklendi\u011fi anlar yer ald\u0131.<\/p>\n<p>Kaynak: www.kanalv.com.tr Haber Sitesinden Al\u0131nm\u0131\u015ft\u0131r.<\/p>","protected":false},"excerpt":{"rendered":"<p>Kaza, \u0130brahim S\u00f6zen Caddesi&#8217;nde meydana geldi. Edinilen bilgiye g\u00f6re, Fikret E.E.&#8217;nin kulland\u0131\u011f\u0131 07 BLM 141 plakal\u0131 motosikletin, AKM kav\u015fa\u011f\u0131na geldi\u011finde AKM istikametinden gelip 1005 Sokak istikametine gitmekte olan Yener G.&#8217;nin kulland\u0131\u011f\u0131 07 VHJ 19 plakal\u0131 otomobille kav\u015fakta \u00e7arp\u0131\u015ft\u0131. S\u00fcr\u00fcc\u00fc Kazada, \u00e7arpman\u0131n \u015fiddetiyle otomobilin \u00fczerinden yola f\u0131rlayan motosiklet s\u00fcr\u00fcc\u00fcs\u00fc Fikret E.E. ve motosiklette yolcu olarak bulunan Mustafa \u00d6. yaraland\u0131. 112 Sa\u011fl\u0131k ekiplerinin olay yerindeki m\u00fcdahalesinin ard\u0131ndan ambulansla hastaneye kald\u0131r\u0131lan motosiklet s\u00fcr\u00fcc\u00fcs\u00fcn\u00fcn hayati tehlikesinin bulundu\u011fu bildirildi. Kaza an\u0131 kamerada \u00d6te yandan kaza an\u0131ysa g\u00fcvenlik kameras\u0131na anbean yans\u0131d\u0131. Kazada otomobil ile motosikletin \u00e7arp\u0131\u015fmas\u0131 sonucu, motosikletteki s\u00fcr\u00fcc\u00fc ile yolcu konumundaki ki\u015finin yola f\u0131rlay\u0131p metrelerce s\u00fcr\u00fcklendi\u011fi anlar yer ald\u0131. Kaynak: www.kanalv.com.tr Haber Sitesinden Al\u0131nm\u0131\u015ft\u0131r.<\/p>","protected":false},"author":4,"featured_media":37358,"comment_status":"","ping_status":"open","sticky":false,"template":"","format":"standard","meta":{"_acf_changed":false,"footnotes":""},"categories":[26],"tags":[],"class_list":["post-37357","post","type-post","status-publish","format-standard","has-post-thumbnail","hentry","category-antalya"],"acf":[],"yoast_head":"<!-- This site is optimized with the Yoast SEO Premium plugin v26.6 (Yoast SEO v27.1.1) - https:\/\/yoast.com\/product\/yoast-seo-premium-wordpress\/ -->\n<title>Trafik kazas\u0131nda metrelerce s\u00fcr\u00fcklendiler - Av. Deniz Can K\u0131z\u0131l<\/title>\n<meta name=\"robots\" content=\"index, follow, max-snippet:-1, max-image-preview:large, max-video-preview:-1\" \/>\n<link rel=\"canonical\" href=\"https:\/\/denizcankizil.tr\/en\/haberler\/antalya\/trafik-kazasinda-metrelerce-suruklendiler\/\" \/>\n<meta property=\"og:locale\" content=\"en_GB\" \/>\n<meta property=\"og:type\" content=\"article\" \/>\n<meta property=\"og:title\" content=\"Trafik kazas\u0131nda metrelerce s\u00fcr\u00fcklendiler\" \/>\n<meta property=\"og:description\" content=\"Kaza, \u0130brahim S\u00f6zen Caddesi&#8217;nde meydana geldi. Edinilen bilgiye g\u00f6re, Fikret E.E.&#8217;nin kulland\u0131\u011f\u0131 07 BLM 141 plakal\u0131 motosikletin, AKM kav\u015fa\u011f\u0131na geldi\u011finde AKM istikametinden gelip 1005 Sokak istikametine gitmekte olan Yener G.&#8217;nin kulland\u0131\u011f\u0131 07 VHJ 19 plakal\u0131 otomobille kav\u015fakta \u00e7arp\u0131\u015ft\u0131. S\u00fcr\u00fcc\u00fc Kazada, \u00e7arpman\u0131n \u015fiddetiyle otomobilin \u00fczerinden yola f\u0131rlayan motosiklet s\u00fcr\u00fcc\u00fcs\u00fc Fikret E.E. ve motosiklette yolcu olarak bulunan Mustafa \u00d6. yaraland\u0131. 112 Sa\u011fl\u0131k ekiplerinin olay yerindeki m\u00fcdahalesinin ard\u0131ndan ambulansla hastaneye kald\u0131r\u0131lan motosiklet s\u00fcr\u00fcc\u00fcs\u00fcn\u00fcn hayati tehlikesinin bulundu\u011fu bildirildi. Kaza an\u0131 kamerada \u00d6te yandan kaza an\u0131ysa g\u00fcvenlik kameras\u0131na anbean yans\u0131d\u0131. Kazada otomobil ile motosikletin \u00e7arp\u0131\u015fmas\u0131 sonucu, motosikletteki s\u00fcr\u00fcc\u00fc ile yolcu konumundaki ki\u015finin yola f\u0131rlay\u0131p metrelerce s\u00fcr\u00fcklendi\u011fi anlar yer ald\u0131. Kaynak: www.kanalv.com.tr Haber Sitesinden Al\u0131nm\u0131\u015ft\u0131r.\" \/>\n<meta property=\"og:url\" content=\"https:\/\/denizcankizil.tr\/en\/haberler\/antalya\/trafik-kazasinda-metrelerce-suruklendiler\/\" \/>\n<meta property=\"og:site_name\" content=\"Av. Deniz Can K\u0131z\u0131l\" \/>\n<meta property=\"article:published_time\" content=\"2025-03-27T12:41:46+00:00\" \/>\n<meta property=\"og:image\" content=\"https:\/\/denizcankizil.tr\/wp-content\/uploads\/2025\/03\/5762-01-eGvSzC.jpeg\" \/>\n\t<meta property=\"og:image:width\" content=\"1280\" \/>\n\t<meta property=\"og:image:height\" content=\"720\" \/>\n\t<meta property=\"og:image:type\" content=\"image\/jpeg\" \/>\n<meta name=\"author\" content=\"Av. Deniz Can K\u0131z\u0131l\" \/>\n<meta name=\"twitter:card\" content=\"summary_large_image\" \/>\n<meta name=\"twitter:label1\" content=\"Written by\" \/>\n\t<meta name=\"twitter:data1\" content=\"Av. Deniz Can K\u0131z\u0131l\" \/>\n\t<meta name=\"twitter:label2\" content=\"Estimated reading time\" \/>\n\t<meta name=\"twitter:data2\" content=\"1 minute\" \/>\n<script type=\"application\/ld+json\" class=\"yoast-schema-graph\">{\"@context\":\"https:\/\/schema.org\",\"@graph\":[{\"@type\":\"Article\",\"@id\":\"https:\/\/denizcankizil.tr\/en\/haberler\/antalya\/trafik-kazasinda-metrelerce-suruklendiler\/#article\",\"isPartOf\":{\"@id\":\"https:\/\/denizcankizil.tr\/en\/haberler\/antalya\/trafik-kazasinda-metrelerce-suruklendiler\/\"},\"author\":{\"name\":\"Av. Deniz Can K\u0131z\u0131l\",\"@id\":\"https:\/\/denizcankizil.tr\/de\/#\/schema\/person\/5dc1b22991bd7ac833867c10afc9b0ff\"},\"headline\":\"Trafik kazas\u0131nda metrelerce s\u00fcr\u00fcklendiler\",\"datePublished\":\"2025-03-27T12:41:46+00:00\",\"mainEntityOfPage\":{\"@id\":\"https:\/\/denizcankizil.tr\/en\/haberler\/antalya\/trafik-kazasinda-metrelerce-suruklendiler\/\"},\"wordCount\":159,\"publisher\":{\"@id\":\"https:\/\/denizcankizil.tr\/de\/#organization\"},\"image\":{\"@id\":\"https:\/\/denizcankizil.tr\/en\/haberler\/antalya\/trafik-kazasinda-metrelerce-suruklendiler\/#primaryimage\"},\"thumbnailUrl\":\"https:\/\/denizcankizil.tr\/wp-content\/uploads\/2025\/03\/5762-01-eGvSzC.jpeg\",\"articleSection\":[\"Antalya\"],\"inLanguage\":\"en-GB\"},{\"@type\":\"WebPage\",\"@id\":\"https:\/\/denizcankizil.tr\/en\/haberler\/antalya\/trafik-kazasinda-metrelerce-suruklendiler\/\",\"url\":\"https:\/\/denizcankizil.tr\/en\/haberler\/antalya\/trafik-kazasinda-metrelerce-suruklendiler\/\",\"name\":\"Trafik kazas\u0131nda metrelerce s\u00fcr\u00fcklendiler - Av. Deniz Can K\u0131z\u0131l\",\"isPartOf\":{\"@id\":\"https:\/\/denizcankizil.tr\/de\/#website\"},\"primaryImageOfPage\":{\"@id\":\"https:\/\/denizcankizil.tr\/en\/haberler\/antalya\/trafik-kazasinda-metrelerce-suruklendiler\/#primaryimage\"},\"image\":{\"@id\":\"https:\/\/denizcankizil.tr\/en\/haberler\/antalya\/trafik-kazasinda-metrelerce-suruklendiler\/#primaryimage\"},\"thumbnailUrl\":\"https:\/\/denizcankizil.tr\/wp-content\/uploads\/2025\/03\/5762-01-eGvSzC.jpeg\",\"datePublished\":\"2025-03-27T12:41:46+00:00\",\"breadcrumb\":{\"@id\":\"https:\/\/denizcankizil.tr\/en\/haberler\/antalya\/trafik-kazasinda-metrelerce-suruklendiler\/#breadcrumb\"},\"inLanguage\":\"en-GB\",\"potentialAction\":[{\"@type\":\"ReadAction\",\"target\":[\"https:\/\/denizcankizil.tr\/en\/haberler\/antalya\/trafik-kazasinda-metrelerce-suruklendiler\/\"]}]},{\"@type\":\"ImageObject\",\"inLanguage\":\"en-GB\",\"@id\":\"https:\/\/denizcankizil.tr\/en\/haberler\/antalya\/trafik-kazasinda-metrelerce-suruklendiler\/#primaryimage\",\"url\":\"https:\/\/denizcankizil.tr\/wp-content\/uploads\/2025\/03\/5762-01-eGvSzC.jpeg\",\"contentUrl\":\"https:\/\/denizcankizil.tr\/wp-content\/uploads\/2025\/03\/5762-01-eGvSzC.jpeg\",\"width\":1280,\"height\":720},{\"@type\":\"BreadcrumbList\",\"@id\":\"https:\/\/denizcankizil.tr\/en\/haberler\/antalya\/trafik-kazasinda-metrelerce-suruklendiler\/#breadcrumb\",\"itemListElement\":[{\"@type\":\"ListItem\",\"position\":1,\"name\":\"Home\",\"item\":\"https:\/\/denizcankizil.tr\/de\/\"},{\"@type\":\"ListItem\",\"position\":2,\"name\":\"Trafik kazas\u0131nda metrelerce s\u00fcr\u00fcklendiler\"}]},{\"@type\":\"WebSite\",\"@id\":\"https:\/\/denizcankizil.tr\/de\/#website\",\"url\":\"https:\/\/denizcankizil.tr\/de\/\",\"name\":\"Av. Deniz Can K\u0131z\u0131l\",\"description\":\"Avukat Deniz Can K\u0131z\u0131l Antalya Barosu\",\"publisher\":{\"@id\":\"https:\/\/denizcankizil.tr\/de\/#organization\"},\"potentialAction\":[{\"@type\":\"SearchAction\",\"target\":{\"@type\":\"EntryPoint\",\"urlTemplate\":\"https:\/\/denizcankizil.tr\/de\/?s={search_term_string}\"},\"query-input\":{\"@type\":\"PropertyValueSpecification\",\"valueRequired\":true,\"valueName\":\"search_term_string\"}}],\"inLanguage\":\"en-GB\"},{\"@type\":\"Organization\",\"@id\":\"https:\/\/denizcankizil.tr\/de\/#organization\",\"name\":\"Av. Deniz Can K\u0131z\u0131l\",\"url\":\"https:\/\/denizcankizil.tr\/de\/\",\"logo\":{\"@type\":\"ImageObject\",\"inLanguage\":\"en-GB\",\"@id\":\"https:\/\/denizcankizil.tr\/de\/#\/schema\/logo\/image\/\",\"url\":\"https:\/\/denizcankizil.tr\/wp-content\/uploads\/2024\/10\/siyah-logo-svg.svg\",\"contentUrl\":\"https:\/\/denizcankizil.tr\/wp-content\/uploads\/2024\/10\/siyah-logo-svg.svg\",\"width\":1080,\"height\":1080,\"caption\":\"Av. Deniz Can K\u0131z\u0131l\"},\"image\":{\"@id\":\"https:\/\/denizcankizil.tr\/de\/#\/schema\/logo\/image\/\"}},{\"@type\":\"Person\",\"@id\":\"https:\/\/denizcankizil.tr\/de\/#\/schema\/person\/5dc1b22991bd7ac833867c10afc9b0ff\",\"name\":\"Av. Deniz Can K\u0131z\u0131l\",\"image\":{\"@type\":\"ImageObject\",\"inLanguage\":\"en-GB\",\"@id\":\"https:\/\/denizcankizil.tr\/de\/#\/schema\/person\/image\/\",\"url\":\"https:\/\/secure.gravatar.com\/avatar\/a0b128fb9855c79efc976d5640eedb31dc35ec297594d6016d2cf7c60e975bb6?s=96&d=mm&r=g\",\"contentUrl\":\"https:\/\/secure.gravatar.com\/avatar\/a0b128fb9855c79efc976d5640eedb31dc35ec297594d6016d2cf7c60e975bb6?s=96&d=mm&r=g\",\"caption\":\"Av. Deniz Can K\u0131z\u0131l\"},\"sameAs\":[\"http:\/\/www.denizcankizil.tr\"],\"url\":\"https:\/\/denizcankizil.tr\/en\/author\/denizcankizil\/\"}]}<\/script>\n<!-- \/ Yoast SEO Premium plugin. -->","yoast_head_json":{"title":"Trafik kazas\u0131nda metrelerce s\u00fcr\u00fcklendiler - Av. Deniz Can K\u0131z\u0131l","robots":{"index":"index","follow":"follow","max-snippet":"max-snippet:-1","max-image-preview":"max-image-preview:large","max-video-preview":"max-video-preview:-1"},"canonical":"https:\/\/denizcankizil.tr\/en\/haberler\/antalya\/trafik-kazasinda-metrelerce-suruklendiler\/","og_locale":"en_GB","og_type":"article","og_title":"Trafik kazas\u0131nda metrelerce s\u00fcr\u00fcklendiler","og_description":"Kaza, \u0130brahim S\u00f6zen Caddesi&#8217;nde meydana geldi. Edinilen bilgiye g\u00f6re, Fikret E.E.&#8217;nin kulland\u0131\u011f\u0131 07 BLM 141 plakal\u0131 motosikletin, AKM kav\u015fa\u011f\u0131na geldi\u011finde AKM istikametinden gelip 1005 Sokak istikametine gitmekte olan Yener G.&#8217;nin kulland\u0131\u011f\u0131 07 VHJ 19 plakal\u0131 otomobille kav\u015fakta \u00e7arp\u0131\u015ft\u0131. S\u00fcr\u00fcc\u00fc Kazada, \u00e7arpman\u0131n \u015fiddetiyle otomobilin \u00fczerinden yola f\u0131rlayan motosiklet s\u00fcr\u00fcc\u00fcs\u00fc Fikret E.E. ve motosiklette yolcu olarak bulunan Mustafa \u00d6. yaraland\u0131. 112 Sa\u011fl\u0131k ekiplerinin olay yerindeki m\u00fcdahalesinin ard\u0131ndan ambulansla hastaneye kald\u0131r\u0131lan motosiklet s\u00fcr\u00fcc\u00fcs\u00fcn\u00fcn hayati tehlikesinin bulundu\u011fu bildirildi. Kaza an\u0131 kamerada \u00d6te yandan kaza an\u0131ysa g\u00fcvenlik kameras\u0131na anbean yans\u0131d\u0131. Kazada otomobil ile motosikletin \u00e7arp\u0131\u015fmas\u0131 sonucu, motosikletteki s\u00fcr\u00fcc\u00fc ile yolcu konumundaki ki\u015finin yola f\u0131rlay\u0131p metrelerce s\u00fcr\u00fcklendi\u011fi anlar yer ald\u0131. Kaynak: www.kanalv.com.tr Haber Sitesinden Al\u0131nm\u0131\u015ft\u0131r.","og_url":"https:\/\/denizcankizil.tr\/en\/haberler\/antalya\/trafik-kazasinda-metrelerce-suruklendiler\/","og_site_name":"Av. Deniz Can K\u0131z\u0131l","article_published_time":"2025-03-27T12:41:46+00:00","og_image":[{"width":1280,"height":720,"url":"https:\/\/denizcankizil.tr\/wp-content\/uploads\/2025\/03\/5762-01-eGvSzC.jpeg","type":"image\/jpeg"}],"author":"Av. Deniz Can K\u0131z\u0131l","twitter_card":"summary_large_image","twitter_misc":{"Written by":"Av. Deniz Can K\u0131z\u0131l","Estimated reading time":"1 minute"},"schema":{"@context":"https:\/\/schema.org","@graph":[{"@type":"Article","@id":"https:\/\/denizcankizil.tr\/en\/haberler\/antalya\/trafik-kazasinda-metrelerce-suruklendiler\/#article","isPartOf":{"@id":"https:\/\/denizcankizil.tr\/en\/haberler\/antalya\/trafik-kazasinda-metrelerce-suruklendiler\/"},"author":{"name":"Av. Deniz Can K\u0131z\u0131l","@id":"https:\/\/denizcankizil.tr\/de\/#\/schema\/person\/5dc1b22991bd7ac833867c10afc9b0ff"},"headline":"Trafik kazas\u0131nda metrelerce s\u00fcr\u00fcklendiler","datePublished":"2025-03-27T12:41:46+00:00","mainEntityOfPage":{"@id":"https:\/\/denizcankizil.tr\/en\/haberler\/antalya\/trafik-kazasinda-metrelerce-suruklendiler\/"},"wordCount":159,"publisher":{"@id":"https:\/\/denizcankizil.tr\/de\/#organization"},"image":{"@id":"https:\/\/denizcankizil.tr\/en\/haberler\/antalya\/trafik-kazasinda-metrelerce-suruklendiler\/#primaryimage"},"thumbnailUrl":"https:\/\/denizcankizil.tr\/wp-content\/uploads\/2025\/03\/5762-01-eGvSzC.jpeg","articleSection":["Antalya"],"inLanguage":"en-GB"},{"@type":"WebPage","@id":"https:\/\/denizcankizil.tr\/en\/haberler\/antalya\/trafik-kazasinda-metrelerce-suruklendiler\/","url":"https:\/\/denizcankizil.tr\/en\/haberler\/antalya\/trafik-kazasinda-metrelerce-suruklendiler\/","name":"Trafik kazas\u0131nda metrelerce s\u00fcr\u00fcklendiler - Av. Deniz Can K\u0131z\u0131l","isPartOf":{"@id":"https:\/\/denizcankizil.tr\/de\/#website"},"primaryImageOfPage":{"@id":"https:\/\/denizcankizil.tr\/en\/haberler\/antalya\/trafik-kazasinda-metrelerce-suruklendiler\/#primaryimage"},"image":{"@id":"https:\/\/denizcankizil.tr\/en\/haberler\/antalya\/trafik-kazasinda-metrelerce-suruklendiler\/#primaryimage"},"thumbnailUrl":"https:\/\/denizcankizil.tr\/wp-content\/uploads\/2025\/03\/5762-01-eGvSzC.jpeg","datePublished":"2025-03-27T12:41:46+00:00","breadcrumb":{"@id":"https:\/\/denizcankizil.tr\/en\/haberler\/antalya\/trafik-kazasinda-metrelerce-suruklendiler\/#breadcrumb"},"inLanguage":"en-GB","potentialAction":[{"@type":"ReadAction","target":["https:\/\/denizcankizil.tr\/en\/haberler\/antalya\/trafik-kazasinda-metrelerce-suruklendiler\/"]}]},{"@type":"ImageObject","inLanguage":"en-GB","@id":"https:\/\/denizcankizil.tr\/en\/haberler\/antalya\/trafik-kazasinda-metrelerce-suruklendiler\/#primaryimage","url":"https:\/\/denizcankizil.tr\/wp-content\/uploads\/2025\/03\/5762-01-eGvSzC.jpeg","contentUrl":"https:\/\/denizcankizil.tr\/wp-content\/uploads\/2025\/03\/5762-01-eGvSzC.jpeg","width":1280,"height":720},{"@type":"BreadcrumbList","@id":"https:\/\/denizcankizil.tr\/en\/haberler\/antalya\/trafik-kazasinda-metrelerce-suruklendiler\/#breadcrumb","itemListElement":[{"@type":"ListItem","position":1,"name":"Home","item":"https:\/\/denizcankizil.tr\/de\/"},{"@type":"ListItem","position":2,"name":"Trafik kazas\u0131nda metrelerce s\u00fcr\u00fcklendiler"}]},{"@type":"WebSite","@id":"https:\/\/denizcankizil.tr\/de\/#website","url":"https:\/\/denizcankizil.tr\/de\/","name":"Av. Deniz Can K\u0131z\u0131l","description":"Avukat Deniz Can K\u0131z\u0131l Antalya Barosu","publisher":{"@id":"https:\/\/denizcankizil.tr\/de\/#organization"},"potentialAction":[{"@type":"SearchAction","target":{"@type":"EntryPoint","urlTemplate":"https:\/\/denizcankizil.tr\/de\/?s={search_term_string}"},"query-input":{"@type":"PropertyValueSpecification","valueRequired":true,"valueName":"search_term_string"}}],"inLanguage":"en-GB"},{"@type":"Organization","@id":"https:\/\/denizcankizil.tr\/de\/#organization","name":"Av. Deniz Can K\u0131z\u0131l","url":"https:\/\/denizcankizil.tr\/de\/","logo":{"@type":"ImageObject","inLanguage":"en-GB","@id":"https:\/\/denizcankizil.tr\/de\/#\/schema\/logo\/image\/","url":"https:\/\/denizcankizil.tr\/wp-content\/uploads\/2024\/10\/siyah-logo-svg.svg","contentUrl":"https:\/\/denizcankizil.tr\/wp-content\/uploads\/2024\/10\/siyah-logo-svg.svg","width":1080,"height":1080,"caption":"Av. Deniz Can K\u0131z\u0131l"},"image":{"@id":"https:\/\/denizcankizil.tr\/de\/#\/schema\/logo\/image\/"}},{"@type":"Person","@id":"https:\/\/denizcankizil.tr\/de\/#\/schema\/person\/5dc1b22991bd7ac833867c10afc9b0ff","name":"Av. Deniz Can K\u0131z\u0131l","image":{"@type":"ImageObject","inLanguage":"en-GB","@id":"https:\/\/denizcankizil.tr\/de\/#\/schema\/person\/image\/","url":"https:\/\/secure.gravatar.com\/avatar\/a0b128fb9855c79efc976d5640eedb31dc35ec297594d6016d2cf7c60e975bb6?s=96&d=mm&r=g","contentUrl":"https:\/\/secure.gravatar.com\/avatar\/a0b128fb9855c79efc976d5640eedb31dc35ec297594d6016d2cf7c60e975bb6?s=96&d=mm&r=g","caption":"Av. Deniz Can K\u0131z\u0131l"},"sameAs":["http:\/\/www.denizcankizil.tr"],"url":"https:\/\/denizcankizil.tr\/en\/author\/denizcankizil\/"}]}},"_links":{"self":[{"href":"https:\/\/denizcankizil.tr\/en\/wp-json\/wp\/v2\/posts\/37357","targetHints":{"allow":["GET"]}}],"collection":[{"href":"https:\/\/denizcankizil.tr\/en\/wp-json\/wp\/v2\/posts"}],"about":[{"href":"https:\/\/denizcankizil.tr\/en\/wp-json\/wp\/v2\/types\/post"}],"author":[{"embeddable":true,"href":"https:\/\/denizcankizil.tr\/en\/wp-json\/wp\/v2\/users\/4"}],"replies":[{"embeddable":true,"href":"https:\/\/denizcankizil.tr\/en\/wp-json\/wp\/v2\/comments?post=37357"}],"version-history":[{"count":0,"href":"https:\/\/denizcankizil.tr\/en\/wp-json\/wp\/v2\/posts\/37357\/revisions"}],"wp:featuredmedia":[{"embeddable":true,"href":"https:\/\/denizcankizil.tr\/en\/wp-json\/wp\/v2\/media\/37358"}],"wp:attachment":[{"href":"https:\/\/denizcankizil.tr\/en\/wp-json\/wp\/v2\/media?parent=37357"}],"wp:term":[{"taxonomy":"category","embeddable":true,"href":"https:\/\/denizcankizil.tr\/en\/wp-json\/wp\/v2\/categories?post=37357"},{"taxonomy":"post_tag","embeddable":true,"href":"https:\/\/denizcankizil.tr\/en\/wp-json\/wp\/v2\/tags?post=37357"}],"curies":[{"name":"wp","href":"https:\/\/api.w.org\/{rel}","templated":true}]}}