{"id":37209,"date":"2025-03-27T11:41:28","date_gmt":"2025-03-27T08:41:28","guid":{"rendered":"https:\/\/denizcankizil.tr\/uncategorized-tr\/antalyada-bu-yolda-ogrencilerin-can-guvenligi-yok\/"},"modified":"2025-03-27T11:41:28","modified_gmt":"2025-03-27T08:41:28","slug":"antalyada-bu-yolda-ogrencilerin-can-guvenligi-yok","status":"publish","type":"post","link":"https:\/\/denizcankizil.tr\/en\/haberler\/gundem\/antalyada-bu-yolda-ogrencilerin-can-guvenligi-yok\/","title":{"rendered":"Antalya\u2019da bu yolda \u00f6\u011frencilerin can g\u00fcvenli\u011fi yok"},"content":{"rendered":"<p>Antalya\u2019n\u0131n Aksu il\u00e7esinde, Barbaros ve Macun Mahalleleri\u2019ndeki okullara giden \u00f6\u011frenciler, trafik g\u00fcvenli\u011fi konusunda b\u00fcy\u00fck bir riskle kar\u015f\u0131 kal\u0131yor. Aksu Fen Lisesi, Aksu Ortaokulu, Aksu \u0130lk\u00f6\u011fretim Okulu, Aksu Halk E\u011fitim Merkezi ve Mustafa Melek Hamursuz Anaokulu\u2019na giden binlerce \u00f6\u011frenci, her g\u00fcn tehlikeli bir yol g\u00fczergah\u0131ndan ge\u00e7erek okullar\u0131na ula\u015f\u0131yor.<\/p>\n<p>CAN G\u00dcVENL\u0130\u011e\u0130 YOK<\/p>\n<p>\u00d6\u011frencilerin ve yayalar\u0131n kulland\u0131\u011f\u0131 4 yolun birle\u015fti\u011fi kav\u015fakta, ara\u00e7 s\u00fcr\u00fcc\u00fclerinin h\u0131z s\u0131n\u0131r\u0131na uymamas\u0131 nedeniyle her an kaza olas\u0131l\u0131\u011f\u0131 bulunuyor. Yol \u00fczerinde 30 kilometre h\u0131z s\u0131n\u0131r\u0131 tabelas\u0131 bulunsa da s\u00fcr\u00fcc\u00fcler bu kurala uymayarak s\u00fcrat yapt\u0131klar\u0131 g\u00f6r\u00fcld\u00fc. \u00d6zellikle sabah ve ak\u015fam saatlerinde, \u00e7ocuklar\u0131n\u0131 okula g\u00f6t\u00fcr\u00fcp getiren veliler b\u00fcy\u00fck bir tedirginlik i\u00e7erisinde olduklar\u0131n\u0131 ifade etti.\u00a0<\/p>\n<p>KAS\u0130S TALEB\u0130<\/p>\n<p>Antalya K\u00f6rfez Gazetesi muhabiri Ertu\u011frul G\u00fcn&#8217;\u00fcn haberine g\u00f6re; veliler, yetkililerden yolun her iki taraf\u0131na h\u0131z kesici kasis yap\u0131lmas\u0131n\u0131 talep etti. Mahalle sakinlerinden Emine \u015eall\u0131, \u201cKar\u015f\u0131ya ge\u00e7erken b\u00fcy\u00fck zorluk ya\u015f\u0131yoruz. \u00c7ocuklar\u0131m\u0131z\u0131 tek ba\u015f\u0131na yola b\u0131rakmaya korkuyoruz. Ara\u00e7lar s\u00fcratle \u00fczerimize geliyor. Sadece h\u0131z s\u0131n\u0131r\u0131 tabelas\u0131 yeterli de\u011fil, mutlaka kasis yap\u0131lmal\u0131. Yetkililerden bir an \u00f6nce \u00e7\u00f6z\u00fcm bekliyoruz.\u201d dedi.<\/p>\n<p>AC\u0130L \u00d6NLEM \u00c7A\u011eRISI<\/p>\n<p>\u00d6\u011frenci velileri ve mahalle sakinleri, aylard\u0131r kasis yap\u0131lmas\u0131n\u0131 talep etmelerine ra\u011fmen hen\u00fcz bir ad\u0131m at\u0131lmad\u0131. Trafik g\u00fcvenli\u011fi konusunda acil \u00f6nlem al\u0131nmas\u0131 gerekti\u011fini vurgulayan vatanda\u015flar, olas\u0131 bir kazan\u0131n \u00f6n\u00fcne ge\u00e7mek i\u00e7in yetkililere \u00e7a\u011fr\u0131da bulundu.\u00a0<\/p>\n<p>\u200bAntalya\u2019n\u0131n Aksu il\u00e7esinde okul g\u00fczergah\u0131nda yer alan ge\u00e7i\u015f noktas\u0131 tehlike sa\u00e7\u0131yor. \u00d6\u011frenci ve  yayalar\u0131n can g\u00fcvenli\u011fi olmad\u0131\u011f\u0131 yolda aylard\u0131r s\u00fcren kasis talebi yerine getirilmedi\u00a0<\/p>\n<p>\u200bHaberin Al\u0131nt\u0131land\u0131\u011f\u0131 Kaynak: www.antalyakorfez.com<\/p>","protected":false},"excerpt":{"rendered":"<p>Antalya\u2019n\u0131n Aksu il\u00e7esinde, Barbaros ve Macun Mahalleleri\u2019ndeki okullara giden \u00f6\u011frenciler, trafik g\u00fcvenli\u011fi konusunda b\u00fcy\u00fck bir riskle kar\u015f\u0131 kal\u0131yor. Aksu Fen Lisesi, Aksu Ortaokulu, Aksu \u0130lk\u00f6\u011fretim Okulu, Aksu Halk E\u011fitim Merkezi ve Mustafa Melek Hamursuz Anaokulu\u2019na giden binlerce \u00f6\u011frenci, her g\u00fcn tehlikeli bir yol g\u00fczergah\u0131ndan ge\u00e7erek okullar\u0131na ula\u015f\u0131yor. CAN G\u00dcVENL\u0130\u011e\u0130 YOK \u00d6\u011frencilerin ve yayalar\u0131n kulland\u0131\u011f\u0131 4 yolun birle\u015fti\u011fi kav\u015fakta, ara\u00e7 s\u00fcr\u00fcc\u00fclerinin h\u0131z s\u0131n\u0131r\u0131na uymamas\u0131 nedeniyle her an kaza olas\u0131l\u0131\u011f\u0131 bulunuyor. Yol \u00fczerinde 30 kilometre h\u0131z s\u0131n\u0131r\u0131 tabelas\u0131 bulunsa da s\u00fcr\u00fcc\u00fcler bu kurala uymayarak s\u00fcrat yapt\u0131klar\u0131 g\u00f6r\u00fcld\u00fc. \u00d6zellikle sabah ve ak\u015fam saatlerinde, \u00e7ocuklar\u0131n\u0131 okula g\u00f6t\u00fcr\u00fcp getiren veliler b\u00fcy\u00fck bir tedirginlik i\u00e7erisinde olduklar\u0131n\u0131 ifade etti.\u00a0 KAS\u0130S TALEB\u0130 Antalya K\u00f6rfez Gazetesi muhabiri Ertu\u011frul G\u00fcn&#8217;\u00fcn haberine g\u00f6re; veliler, yetkililerden yolun her iki taraf\u0131na h\u0131z kesici kasis yap\u0131lmas\u0131n\u0131 talep etti. Mahalle sakinlerinden Emine \u015eall\u0131, \u201cKar\u015f\u0131ya ge\u00e7erken b\u00fcy\u00fck zorluk ya\u015f\u0131yoruz. \u00c7ocuklar\u0131m\u0131z\u0131 tek ba\u015f\u0131na yola b\u0131rakmaya korkuyoruz. Ara\u00e7lar s\u00fcratle \u00fczerimize geliyor. Sadece h\u0131z s\u0131n\u0131r\u0131 tabelas\u0131 yeterli de\u011fil, mutlaka kasis yap\u0131lmal\u0131. Yetkililerden bir an \u00f6nce \u00e7\u00f6z\u00fcm bekliyoruz.\u201d dedi. AC\u0130L \u00d6NLEM \u00c7A\u011eRISI \u00d6\u011frenci velileri ve mahalle sakinleri, aylard\u0131r kasis yap\u0131lmas\u0131n\u0131 talep etmelerine ra\u011fmen hen\u00fcz bir ad\u0131m at\u0131lmad\u0131. Trafik g\u00fcvenli\u011fi konusunda acil \u00f6nlem al\u0131nmas\u0131 gerekti\u011fini vurgulayan vatanda\u015flar, olas\u0131 bir kazan\u0131n \u00f6n\u00fcne ge\u00e7mek i\u00e7in yetkililere \u00e7a\u011fr\u0131da bulundu.\u00a0 \u200bAntalya\u2019n\u0131n Aksu il\u00e7esinde okul g\u00fczergah\u0131nda &hellip;<\/p>","protected":false},"author":5,"featured_media":0,"comment_status":"","ping_status":"open","sticky":false,"template":"","format":"standard","meta":{"_acf_changed":false,"footnotes":""},"categories":[24],"tags":[],"class_list":["post-37209","post","type-post","status-publish","format-standard","has-post-thumbnail","hentry","category-gundem"],"acf":[],"yoast_head":"<!-- This site is optimized with the Yoast SEO Premium plugin v26.6 (Yoast SEO v27.1.1) - https:\/\/yoast.com\/product\/yoast-seo-premium-wordpress\/ -->\n<title>Antalya\u2019da bu yolda \u00f6\u011frencilerin can g\u00fcvenli\u011fi yok - Av. Deniz Can K\u0131z\u0131l<\/title>\n<meta name=\"robots\" content=\"index, follow, max-snippet:-1, max-image-preview:large, max-video-preview:-1\" \/>\n<link rel=\"canonical\" href=\"https:\/\/denizcankizil.tr\/en\/haberler\/gundem\/antalyada-bu-yolda-ogrencilerin-can-guvenligi-yok\/\" \/>\n<meta property=\"og:locale\" content=\"en_GB\" \/>\n<meta property=\"og:type\" content=\"article\" \/>\n<meta property=\"og:title\" content=\"Antalya\u2019da bu yolda \u00f6\u011frencilerin can g\u00fcvenli\u011fi yok\" \/>\n<meta property=\"og:description\" content=\"Antalya\u2019n\u0131n Aksu il\u00e7esinde, Barbaros ve Macun Mahalleleri\u2019ndeki okullara giden \u00f6\u011frenciler, trafik g\u00fcvenli\u011fi konusunda b\u00fcy\u00fck bir riskle kar\u015f\u0131 kal\u0131yor. Aksu Fen Lisesi, Aksu Ortaokulu, Aksu \u0130lk\u00f6\u011fretim Okulu, Aksu Halk E\u011fitim Merkezi ve Mustafa Melek Hamursuz Anaokulu\u2019na giden binlerce \u00f6\u011frenci, her g\u00fcn tehlikeli bir yol g\u00fczergah\u0131ndan ge\u00e7erek okullar\u0131na ula\u015f\u0131yor. CAN G\u00dcVENL\u0130\u011e\u0130 YOK \u00d6\u011frencilerin ve yayalar\u0131n kulland\u0131\u011f\u0131 4 yolun birle\u015fti\u011fi kav\u015fakta, ara\u00e7 s\u00fcr\u00fcc\u00fclerinin h\u0131z s\u0131n\u0131r\u0131na uymamas\u0131 nedeniyle her an kaza olas\u0131l\u0131\u011f\u0131 bulunuyor. Yol \u00fczerinde 30 kilometre h\u0131z s\u0131n\u0131r\u0131 tabelas\u0131 bulunsa da s\u00fcr\u00fcc\u00fcler bu kurala uymayarak s\u00fcrat yapt\u0131klar\u0131 g\u00f6r\u00fcld\u00fc. \u00d6zellikle sabah ve ak\u015fam saatlerinde, \u00e7ocuklar\u0131n\u0131 okula g\u00f6t\u00fcr\u00fcp getiren veliler b\u00fcy\u00fck bir tedirginlik i\u00e7erisinde olduklar\u0131n\u0131 ifade etti.\u00a0 KAS\u0130S TALEB\u0130 Antalya K\u00f6rfez Gazetesi muhabiri Ertu\u011frul G\u00fcn&#8217;\u00fcn haberine g\u00f6re; veliler, yetkililerden yolun her iki taraf\u0131na h\u0131z kesici kasis yap\u0131lmas\u0131n\u0131 talep etti. Mahalle sakinlerinden Emine \u015eall\u0131, \u201cKar\u015f\u0131ya ge\u00e7erken b\u00fcy\u00fck zorluk ya\u015f\u0131yoruz. \u00c7ocuklar\u0131m\u0131z\u0131 tek ba\u015f\u0131na yola b\u0131rakmaya korkuyoruz. Ara\u00e7lar s\u00fcratle \u00fczerimize geliyor. Sadece h\u0131z s\u0131n\u0131r\u0131 tabelas\u0131 yeterli de\u011fil, mutlaka kasis yap\u0131lmal\u0131. Yetkililerden bir an \u00f6nce \u00e7\u00f6z\u00fcm bekliyoruz.\u201d dedi. AC\u0130L \u00d6NLEM \u00c7A\u011eRISI \u00d6\u011frenci velileri ve mahalle sakinleri, aylard\u0131r kasis yap\u0131lmas\u0131n\u0131 talep etmelerine ra\u011fmen hen\u00fcz bir ad\u0131m at\u0131lmad\u0131. Trafik g\u00fcvenli\u011fi konusunda acil \u00f6nlem al\u0131nmas\u0131 gerekti\u011fini vurgulayan vatanda\u015flar, olas\u0131 bir kazan\u0131n \u00f6n\u00fcne ge\u00e7mek i\u00e7in yetkililere \u00e7a\u011fr\u0131da bulundu.\u00a0 \u200bAntalya\u2019n\u0131n Aksu il\u00e7esinde okul g\u00fczergah\u0131nda &hellip;\" \/>\n<meta property=\"og:url\" content=\"https:\/\/denizcankizil.tr\/en\/haberler\/gundem\/antalyada-bu-yolda-ogrencilerin-can-guvenligi-yok\/\" \/>\n<meta property=\"og:site_name\" content=\"Av. Deniz Can K\u0131z\u0131l\" \/>\n<meta property=\"article:published_time\" content=\"2025-03-27T08:41:28+00:00\" \/>\n<meta name=\"author\" content=\"Antalya K\u00f6rfez\" \/>\n<meta name=\"twitter:card\" content=\"summary_large_image\" \/>\n<meta name=\"twitter:label1\" content=\"Written by\" \/>\n\t<meta name=\"twitter:data1\" content=\"Antalya K\u00f6rfez\" \/>\n\t<meta name=\"twitter:label2\" content=\"Estimated reading time\" \/>\n\t<meta name=\"twitter:data2\" content=\"2 minutes\" \/>\n<script type=\"application\/ld+json\" class=\"yoast-schema-graph\">{\"@context\":\"https:\/\/schema.org\",\"@graph\":[{\"@type\":\"Article\",\"@id\":\"https:\/\/denizcankizil.tr\/en\/haberler\/gundem\/antalyada-bu-yolda-ogrencilerin-can-guvenligi-yok\/#article\",\"isPartOf\":{\"@id\":\"https:\/\/denizcankizil.tr\/en\/haberler\/gundem\/antalyada-bu-yolda-ogrencilerin-can-guvenligi-yok\/\"},\"author\":{\"name\":\"Antalya K\u00f6rfez\",\"@id\":\"https:\/\/denizcankizil.tr\/de\/#\/schema\/person\/e1eb71bb4dd684d46563f0af307e1234\"},\"headline\":\"Antalya\u2019da bu yolda \u00f6\u011frencilerin can g\u00fcvenli\u011fi yok\",\"datePublished\":\"2025-03-27T08:41:28+00:00\",\"mainEntityOfPage\":{\"@id\":\"https:\/\/denizcankizil.tr\/en\/haberler\/gundem\/antalyada-bu-yolda-ogrencilerin-can-guvenligi-yok\/\"},\"wordCount\":344,\"publisher\":{\"@id\":\"https:\/\/denizcankizil.tr\/de\/#organization\"},\"articleSection\":[\"G\u00fcndem\"],\"inLanguage\":\"en-GB\"},{\"@type\":\"WebPage\",\"@id\":\"https:\/\/denizcankizil.tr\/en\/haberler\/gundem\/antalyada-bu-yolda-ogrencilerin-can-guvenligi-yok\/\",\"url\":\"https:\/\/denizcankizil.tr\/en\/haberler\/gundem\/antalyada-bu-yolda-ogrencilerin-can-guvenligi-yok\/\",\"name\":\"Antalya\u2019da bu yolda \u00f6\u011frencilerin can g\u00fcvenli\u011fi yok - Av. Deniz Can K\u0131z\u0131l\",\"isPartOf\":{\"@id\":\"https:\/\/denizcankizil.tr\/de\/#website\"},\"datePublished\":\"2025-03-27T08:41:28+00:00\",\"breadcrumb\":{\"@id\":\"https:\/\/denizcankizil.tr\/en\/haberler\/gundem\/antalyada-bu-yolda-ogrencilerin-can-guvenligi-yok\/#breadcrumb\"},\"inLanguage\":\"en-GB\",\"potentialAction\":[{\"@type\":\"ReadAction\",\"target\":[\"https:\/\/denizcankizil.tr\/en\/haberler\/gundem\/antalyada-bu-yolda-ogrencilerin-can-guvenligi-yok\/\"]}]},{\"@type\":\"BreadcrumbList\",\"@id\":\"https:\/\/denizcankizil.tr\/en\/haberler\/gundem\/antalyada-bu-yolda-ogrencilerin-can-guvenligi-yok\/#breadcrumb\",\"itemListElement\":[{\"@type\":\"ListItem\",\"position\":1,\"name\":\"Home\",\"item\":\"https:\/\/denizcankizil.tr\/de\/\"},{\"@type\":\"ListItem\",\"position\":2,\"name\":\"Antalya\u2019da bu yolda \u00f6\u011frencilerin can g\u00fcvenli\u011fi yok\"}]},{\"@type\":\"WebSite\",\"@id\":\"https:\/\/denizcankizil.tr\/de\/#website\",\"url\":\"https:\/\/denizcankizil.tr\/de\/\",\"name\":\"Av. Deniz Can K\u0131z\u0131l\",\"description\":\"Avukat Deniz Can K\u0131z\u0131l Antalya Barosu\",\"publisher\":{\"@id\":\"https:\/\/denizcankizil.tr\/de\/#organization\"},\"potentialAction\":[{\"@type\":\"SearchAction\",\"target\":{\"@type\":\"EntryPoint\",\"urlTemplate\":\"https:\/\/denizcankizil.tr\/de\/?s={search_term_string}\"},\"query-input\":{\"@type\":\"PropertyValueSpecification\",\"valueRequired\":true,\"valueName\":\"search_term_string\"}}],\"inLanguage\":\"en-GB\"},{\"@type\":\"Organization\",\"@id\":\"https:\/\/denizcankizil.tr\/de\/#organization\",\"name\":\"Av. Deniz Can K\u0131z\u0131l\",\"url\":\"https:\/\/denizcankizil.tr\/de\/\",\"logo\":{\"@type\":\"ImageObject\",\"inLanguage\":\"en-GB\",\"@id\":\"https:\/\/denizcankizil.tr\/de\/#\/schema\/logo\/image\/\",\"url\":\"https:\/\/denizcankizil.tr\/wp-content\/uploads\/2024\/10\/siyah-logo-svg.svg\",\"contentUrl\":\"https:\/\/denizcankizil.tr\/wp-content\/uploads\/2024\/10\/siyah-logo-svg.svg\",\"width\":1080,\"height\":1080,\"caption\":\"Av. Deniz Can K\u0131z\u0131l\"},\"image\":{\"@id\":\"https:\/\/denizcankizil.tr\/de\/#\/schema\/logo\/image\/\"}},{\"@type\":\"Person\",\"@id\":\"https:\/\/denizcankizil.tr\/de\/#\/schema\/person\/e1eb71bb4dd684d46563f0af307e1234\",\"name\":\"Antalya K\u00f6rfez\",\"image\":{\"@type\":\"ImageObject\",\"inLanguage\":\"en-GB\",\"@id\":\"https:\/\/denizcankizil.tr\/de\/#\/schema\/person\/image\/\",\"url\":\"https:\/\/secure.gravatar.com\/avatar\/42b01982558a48a0b501fdcab6a408d3717ea5919095ee2e67b0e521799c5905?s=96&d=mm&r=g\",\"contentUrl\":\"https:\/\/secure.gravatar.com\/avatar\/42b01982558a48a0b501fdcab6a408d3717ea5919095ee2e67b0e521799c5905?s=96&d=mm&r=g\",\"caption\":\"Antalya K\u00f6rfez\"},\"sameAs\":[\"http:\/\/www.antalyakorfez.com\"],\"url\":\"https:\/\/www.antalyakorfez.com\/antalyada-bu-yolda-ogrencilerin-can-guvenligi-yok\"}]}<\/script>\n<!-- \/ Yoast SEO Premium plugin. -->","yoast_head_json":{"title":"Antalya\u2019da bu yolda \u00f6\u011frencilerin can g\u00fcvenli\u011fi yok - Av. Deniz Can K\u0131z\u0131l","robots":{"index":"index","follow":"follow","max-snippet":"max-snippet:-1","max-image-preview":"max-image-preview:large","max-video-preview":"max-video-preview:-1"},"canonical":"https:\/\/denizcankizil.tr\/en\/haberler\/gundem\/antalyada-bu-yolda-ogrencilerin-can-guvenligi-yok\/","og_locale":"en_GB","og_type":"article","og_title":"Antalya\u2019da bu yolda \u00f6\u011frencilerin can g\u00fcvenli\u011fi yok","og_description":"Antalya\u2019n\u0131n Aksu il\u00e7esinde, Barbaros ve Macun Mahalleleri\u2019ndeki okullara giden \u00f6\u011frenciler, trafik g\u00fcvenli\u011fi konusunda b\u00fcy\u00fck bir riskle kar\u015f\u0131 kal\u0131yor. Aksu Fen Lisesi, Aksu Ortaokulu, Aksu \u0130lk\u00f6\u011fretim Okulu, Aksu Halk E\u011fitim Merkezi ve Mustafa Melek Hamursuz Anaokulu\u2019na giden binlerce \u00f6\u011frenci, her g\u00fcn tehlikeli bir yol g\u00fczergah\u0131ndan ge\u00e7erek okullar\u0131na ula\u015f\u0131yor. CAN G\u00dcVENL\u0130\u011e\u0130 YOK \u00d6\u011frencilerin ve yayalar\u0131n kulland\u0131\u011f\u0131 4 yolun birle\u015fti\u011fi kav\u015fakta, ara\u00e7 s\u00fcr\u00fcc\u00fclerinin h\u0131z s\u0131n\u0131r\u0131na uymamas\u0131 nedeniyle her an kaza olas\u0131l\u0131\u011f\u0131 bulunuyor. Yol \u00fczerinde 30 kilometre h\u0131z s\u0131n\u0131r\u0131 tabelas\u0131 bulunsa da s\u00fcr\u00fcc\u00fcler bu kurala uymayarak s\u00fcrat yapt\u0131klar\u0131 g\u00f6r\u00fcld\u00fc. \u00d6zellikle sabah ve ak\u015fam saatlerinde, \u00e7ocuklar\u0131n\u0131 okula g\u00f6t\u00fcr\u00fcp getiren veliler b\u00fcy\u00fck bir tedirginlik i\u00e7erisinde olduklar\u0131n\u0131 ifade etti.\u00a0 KAS\u0130S TALEB\u0130 Antalya K\u00f6rfez Gazetesi muhabiri Ertu\u011frul G\u00fcn&#8217;\u00fcn haberine g\u00f6re; veliler, yetkililerden yolun her iki taraf\u0131na h\u0131z kesici kasis yap\u0131lmas\u0131n\u0131 talep etti. Mahalle sakinlerinden Emine \u015eall\u0131, \u201cKar\u015f\u0131ya ge\u00e7erken b\u00fcy\u00fck zorluk ya\u015f\u0131yoruz. \u00c7ocuklar\u0131m\u0131z\u0131 tek ba\u015f\u0131na yola b\u0131rakmaya korkuyoruz. Ara\u00e7lar s\u00fcratle \u00fczerimize geliyor. Sadece h\u0131z s\u0131n\u0131r\u0131 tabelas\u0131 yeterli de\u011fil, mutlaka kasis yap\u0131lmal\u0131. Yetkililerden bir an \u00f6nce \u00e7\u00f6z\u00fcm bekliyoruz.\u201d dedi. AC\u0130L \u00d6NLEM \u00c7A\u011eRISI \u00d6\u011frenci velileri ve mahalle sakinleri, aylard\u0131r kasis yap\u0131lmas\u0131n\u0131 talep etmelerine ra\u011fmen hen\u00fcz bir ad\u0131m at\u0131lmad\u0131. Trafik g\u00fcvenli\u011fi konusunda acil \u00f6nlem al\u0131nmas\u0131 gerekti\u011fini vurgulayan vatanda\u015flar, olas\u0131 bir kazan\u0131n \u00f6n\u00fcne ge\u00e7mek i\u00e7in yetkililere \u00e7a\u011fr\u0131da bulundu.\u00a0 \u200bAntalya\u2019n\u0131n Aksu il\u00e7esinde okul g\u00fczergah\u0131nda &hellip;","og_url":"https:\/\/denizcankizil.tr\/en\/haberler\/gundem\/antalyada-bu-yolda-ogrencilerin-can-guvenligi-yok\/","og_site_name":"Av. Deniz Can K\u0131z\u0131l","article_published_time":"2025-03-27T08:41:28+00:00","author":"Antalya K\u00f6rfez","twitter_card":"summary_large_image","twitter_misc":{"Written by":"Antalya K\u00f6rfez","Estimated reading time":"2 minutes"},"schema":{"@context":"https:\/\/schema.org","@graph":[{"@type":"Article","@id":"https:\/\/denizcankizil.tr\/en\/haberler\/gundem\/antalyada-bu-yolda-ogrencilerin-can-guvenligi-yok\/#article","isPartOf":{"@id":"https:\/\/denizcankizil.tr\/en\/haberler\/gundem\/antalyada-bu-yolda-ogrencilerin-can-guvenligi-yok\/"},"author":{"name":"Antalya K\u00f6rfez","@id":"https:\/\/denizcankizil.tr\/de\/#\/schema\/person\/e1eb71bb4dd684d46563f0af307e1234"},"headline":"Antalya\u2019da bu yolda \u00f6\u011frencilerin can g\u00fcvenli\u011fi yok","datePublished":"2025-03-27T08:41:28+00:00","mainEntityOfPage":{"@id":"https:\/\/denizcankizil.tr\/en\/haberler\/gundem\/antalyada-bu-yolda-ogrencilerin-can-guvenligi-yok\/"},"wordCount":344,"publisher":{"@id":"https:\/\/denizcankizil.tr\/de\/#organization"},"articleSection":["G\u00fcndem"],"inLanguage":"en-GB"},{"@type":"WebPage","@id":"https:\/\/denizcankizil.tr\/en\/haberler\/gundem\/antalyada-bu-yolda-ogrencilerin-can-guvenligi-yok\/","url":"https:\/\/denizcankizil.tr\/en\/haberler\/gundem\/antalyada-bu-yolda-ogrencilerin-can-guvenligi-yok\/","name":"Antalya\u2019da bu yolda \u00f6\u011frencilerin can g\u00fcvenli\u011fi yok - Av. Deniz Can K\u0131z\u0131l","isPartOf":{"@id":"https:\/\/denizcankizil.tr\/de\/#website"},"datePublished":"2025-03-27T08:41:28+00:00","breadcrumb":{"@id":"https:\/\/denizcankizil.tr\/en\/haberler\/gundem\/antalyada-bu-yolda-ogrencilerin-can-guvenligi-yok\/#breadcrumb"},"inLanguage":"en-GB","potentialAction":[{"@type":"ReadAction","target":["https:\/\/denizcankizil.tr\/en\/haberler\/gundem\/antalyada-bu-yolda-ogrencilerin-can-guvenligi-yok\/"]}]},{"@type":"BreadcrumbList","@id":"https:\/\/denizcankizil.tr\/en\/haberler\/gundem\/antalyada-bu-yolda-ogrencilerin-can-guvenligi-yok\/#breadcrumb","itemListElement":[{"@type":"ListItem","position":1,"name":"Home","item":"https:\/\/denizcankizil.tr\/de\/"},{"@type":"ListItem","position":2,"name":"Antalya\u2019da bu yolda \u00f6\u011frencilerin can g\u00fcvenli\u011fi yok"}]},{"@type":"WebSite","@id":"https:\/\/denizcankizil.tr\/de\/#website","url":"https:\/\/denizcankizil.tr\/de\/","name":"Av. Deniz Can K\u0131z\u0131l","description":"Avukat Deniz Can K\u0131z\u0131l Antalya Barosu","publisher":{"@id":"https:\/\/denizcankizil.tr\/de\/#organization"},"potentialAction":[{"@type":"SearchAction","target":{"@type":"EntryPoint","urlTemplate":"https:\/\/denizcankizil.tr\/de\/?s={search_term_string}"},"query-input":{"@type":"PropertyValueSpecification","valueRequired":true,"valueName":"search_term_string"}}],"inLanguage":"en-GB"},{"@type":"Organization","@id":"https:\/\/denizcankizil.tr\/de\/#organization","name":"Av. Deniz Can K\u0131z\u0131l","url":"https:\/\/denizcankizil.tr\/de\/","logo":{"@type":"ImageObject","inLanguage":"en-GB","@id":"https:\/\/denizcankizil.tr\/de\/#\/schema\/logo\/image\/","url":"https:\/\/denizcankizil.tr\/wp-content\/uploads\/2024\/10\/siyah-logo-svg.svg","contentUrl":"https:\/\/denizcankizil.tr\/wp-content\/uploads\/2024\/10\/siyah-logo-svg.svg","width":1080,"height":1080,"caption":"Av. Deniz Can K\u0131z\u0131l"},"image":{"@id":"https:\/\/denizcankizil.tr\/de\/#\/schema\/logo\/image\/"}},{"@type":"Person","@id":"https:\/\/denizcankizil.tr\/de\/#\/schema\/person\/e1eb71bb4dd684d46563f0af307e1234","name":"Antalya K\u00f6rfez","image":{"@type":"ImageObject","inLanguage":"en-GB","@id":"https:\/\/denizcankizil.tr\/de\/#\/schema\/person\/image\/","url":"https:\/\/secure.gravatar.com\/avatar\/42b01982558a48a0b501fdcab6a408d3717ea5919095ee2e67b0e521799c5905?s=96&d=mm&r=g","contentUrl":"https:\/\/secure.gravatar.com\/avatar\/42b01982558a48a0b501fdcab6a408d3717ea5919095ee2e67b0e521799c5905?s=96&d=mm&r=g","caption":"Antalya K\u00f6rfez"},"sameAs":["http:\/\/www.antalyakorfez.com"],"url":"https:\/\/www.antalyakorfez.com\/antalyada-bu-yolda-ogrencilerin-can-guvenligi-yok"}]}},"_links":{"self":[{"href":"https:\/\/denizcankizil.tr\/en\/wp-json\/wp\/v2\/posts\/37209","targetHints":{"allow":["GET"]}}],"collection":[{"href":"https:\/\/denizcankizil.tr\/en\/wp-json\/wp\/v2\/posts"}],"about":[{"href":"https:\/\/denizcankizil.tr\/en\/wp-json\/wp\/v2\/types\/post"}],"author":[{"embeddable":true,"href":"https:\/\/denizcankizil.tr\/en\/wp-json\/wp\/v2\/users\/5"}],"replies":[{"embeddable":true,"href":"https:\/\/denizcankizil.tr\/en\/wp-json\/wp\/v2\/comments?post=37209"}],"version-history":[{"count":0,"href":"https:\/\/denizcankizil.tr\/en\/wp-json\/wp\/v2\/posts\/37209\/revisions"}],"wp:attachment":[{"href":"https:\/\/denizcankizil.tr\/en\/wp-json\/wp\/v2\/media?parent=37209"}],"wp:term":[{"taxonomy":"category","embeddable":true,"href":"https:\/\/denizcankizil.tr\/en\/wp-json\/wp\/v2\/categories?post=37209"},{"taxonomy":"post_tag","embeddable":true,"href":"https:\/\/denizcankizil.tr\/en\/wp-json\/wp\/v2\/tags?post=37209"}],"curies":[{"name":"wp","href":"https:\/\/api.w.org\/{rel}","templated":true}]}}