{"id":37208,"date":"2025-03-27T11:41:27","date_gmt":"2025-03-27T08:41:27","guid":{"rendered":"https:\/\/denizcankizil.tr\/uncategorized-tr\/veli-der-egitim-sene-yapilan-sorusturmayi-kinadi-ogrencilerin-yanindayiz\/"},"modified":"2025-03-27T11:41:27","modified_gmt":"2025-03-27T08:41:27","slug":"veli-der-egitim-sene-yapilan-sorusturmayi-kinadi-ogrencilerin-yanindayiz","status":"publish","type":"post","link":"https:\/\/denizcankizil.tr\/en\/haberler\/gundem\/veli-der-egitim-sene-yapilan-sorusturmayi-kinadi-ogrencilerin-yanindayiz\/","title":{"rendered":"Veli-Der, E\u011fitim-Sen&#8217;e yap\u0131lan soru\u015fturmay\u0131 k\u0131nad\u0131: \u00d6\u011frencilerin yan\u0131nday\u0131z"},"content":{"rendered":"<p>\u0130BB Ba\u015fkan\u0131 Ekrem \u0130mamo\u011flu\u2019nun tutuklanmas\u0131yla ba\u015flayan s\u00fcre\u00e7te E\u011fitim-Sen hakk\u0131nda soru\u015fturma a\u00e7\u0131lm\u0131\u015ft\u0131. \u00d6\u011frenci Velileri Derne\u011fi (Veli-Der) Antalya \u015eubesi, E\u011fitim-Sen\u2019e ba\u015flat\u0131lan soru\u015fturmay\u0131 k\u0131nad\u0131. Veli-Der Antalya \u015eubesi Ba\u015fkan\u0131 T\u00fclin Ko\u00e7, yapt\u0131\u011f\u0131 a\u00e7\u0131klamada, \u00fcniversite \u00f6\u011frencilerinin \u00f6zg\u00fcrl\u00fckleri ve e\u011fitim haklar\u0131 i\u00e7in verdikleri m\u00fccadeleye ve E\u011fitim-Sen\u2019in sendikal faaliyetlerine yap\u0131lan bask\u0131lara kar\u015f\u0131 net bir duru\u015f sergilediklerini belirtti.<\/p>\n<p>\u00d6\u011eRENC\u0130LER\u0130N YANINDA OLMAK HEP\u0130M\u0130Z\u0130N G\u00d6REV\u0130\u00a0<\/p>\n<p>Demokrasiyi savunman\u0131n t\u00fcm vatanda\u015f olarak g\u00f6rev oldu\u011funu s\u00f6yleyen Ko\u00e7, \u015funlar\u0131 ifade etti: \u201cYarg\u0131n\u0131n ara\u00e7salla\u015ft\u0131r\u0131larak, toplumun t\u00fcm kesimlerinin susturulmaya \u00e7al\u0131\u015f\u0131ld\u0131\u011f\u0131 bir d\u00f6nemi ya\u015f\u0131yoruz. \u00dcniversite \u00f6\u011frencileri, haklar\u0131n\u0131 kullanma iradelerini ortaya koyarak, yoksulluk, geleceksizlik ve \u00f6zg\u00fcrl\u00fcklerinin k\u0131s\u0131tlanmas\u0131na kar\u015f\u0131 demokratik haklar\u0131n\u0131 kullanmaktad\u0131rlar. Bu haklar\u0131 savunmak, anayasal bir sorumluluktur ve \u00f6\u011frencilerin yan\u0131nda olmak hepimizin g\u00f6revidir.\u201d<\/p>\n<p>SORU\u015eTURMANIN HUKUK\u0130 DAYANA\u011eI YOK\u00a0<\/p>\n<p>E\u011fitim-Sen\u2019e y\u00f6nelik al\u0131nan karar\u0131n hukuki dayana\u011f\u0131n\u0131n olmad\u0131\u011f\u0131n\u0131 vurgulayan Ba\u015fkan Ko\u00e7, \u00a0\u201cLaik, bilimsel, paras\u0131z, kamusal e\u011fitim hakk\u0131 m\u00fccadelemizde her zaman dayan\u0131\u015fma i\u00e7inde birlikte m\u00fccadele etti\u011fimiz E\u011fitim ve Bilim Emek\u00e7ileri Sendikas\u0131na y\u00f6nelik a\u00e7\u0131lan soru\u015fturman\u0131n ve verilen karar\u0131n hukuki dayana\u011f\u0131 yoktur. Bu hak m\u00fccadelesinin itibars\u0131zla\u015ft\u0131r\u0131lmas\u0131 ve sendikal haklar\u0131n yok say\u0131lmas\u0131ndan ba\u015fka bir \u015fey de\u011fildir. E\u011fitim Sen t\u00fcm sendikal faaliyet \u00fcretmeye devam edecektir\u201d dedi.<\/p>\n<p>ORTAK B\u0130R M\u00dcCADELE Y\u00dcR\u00dcTME \u00c7A\u011eRISI YAPTI\u00a0<\/p>\n<p>Ko\u00e7, Antalya \u015eubesi olarak E\u011fitim-Sen&#8217;in yan\u0131nda olduklar\u0131n\u0131 belirterek, \u201cHaklar\u0131 ve \u00f6zg\u00fcrl\u00fckleri i\u00e7in demokratik protesto hakk\u0131n\u0131 kullanan \u00f6\u011frencilerimizin, \u00f6\u011frencilerin e\u011fitim \u00f6\u011fretim haklar\u0131 i\u00e7in sendikal faaliyet \u00fcreten E\u011fitim ve Bilim Emek\u00e7ileri Sendikas\u0131n\u0131n yan\u0131nday\u0131z. Kurtulu\u015f yok tek ba\u015f\u0131na ya hep beraber ya hi\u00e7birimiz\u201d ifadelerini kulland\u0131. Veli-Der, E\u011fitim-Sen\u2019in yan\u0131 s\u0131ra \u00f6\u011frencilerin e\u011fitim haklar\u0131 i\u00e7in verdi\u011fi m\u00fccadeleyi de savunarak, bu s\u00fcre\u00e7te dayan\u0131\u015fma i\u00e7inde olduklar\u0131n\u0131 dile getirdi. Ko\u00e7, \u00f6\u011frencilere ve sendikalara y\u00f6nelik bask\u0131lara kar\u015f\u0131 ortak bir m\u00fccadele y\u00fcr\u00fctme \u00e7a\u011fr\u0131s\u0131 yapt\u0131.<\/p>\n<p>\u00a0<\/p>\n<p>\u200b\u0130BB Ba\u015fkan\u0131 Ekrem \u0130mamo\u011flu\u2019na destek a\u00e7\u0131klamas\u0131nda bulunan E\u011fitim-Sen hakk\u0131nda soru\u015fturma ba\u015flat\u0131ld\u0131. Veli-Der Antalya \u015eube Ba\u015fkan\u0131 T\u00fclin Ko\u00e7, hukuki dayana\u011f\u0131 olmad\u0131\u011f\u0131 gerek\u00e7esiyle soru\u015fturmay\u0131 k\u0131nad\u0131. Eylem yapan \u00f6\u011frencilere de destek veren Ko\u00e7, \u201c\u00dcniversite \u00f6\u011frencileri; biriken sorunlar\u0131, yoksulluk, geleceksizlik, halk ve \u00f6zg\u00fcrl\u00fcklerinin k\u0131s\u0131tlanmas\u0131na ve bask\u0131lara kar\u015f\u0131 demokratik haklar\u0131n\u0131 kullan\u0131yor\u201d dedi.\u00a0<\/p>\n<p>\u200bHaberin Al\u0131nt\u0131land\u0131\u011f\u0131 Kaynak: www.antalyakorfez.com<\/p>","protected":false},"excerpt":{"rendered":"<p>\u0130BB Ba\u015fkan\u0131 Ekrem \u0130mamo\u011flu\u2019nun tutuklanmas\u0131yla ba\u015flayan s\u00fcre\u00e7te E\u011fitim-Sen hakk\u0131nda soru\u015fturma a\u00e7\u0131lm\u0131\u015ft\u0131. \u00d6\u011frenci Velileri Derne\u011fi (Veli-Der) Antalya \u015eubesi, E\u011fitim-Sen\u2019e ba\u015flat\u0131lan soru\u015fturmay\u0131 k\u0131nad\u0131. Veli-Der Antalya \u015eubesi Ba\u015fkan\u0131 T\u00fclin Ko\u00e7, yapt\u0131\u011f\u0131 a\u00e7\u0131klamada, \u00fcniversite \u00f6\u011frencilerinin \u00f6zg\u00fcrl\u00fckleri ve e\u011fitim haklar\u0131 i\u00e7in verdikleri m\u00fccadeleye ve E\u011fitim-Sen\u2019in sendikal faaliyetlerine yap\u0131lan bask\u0131lara kar\u015f\u0131 net bir duru\u015f sergilediklerini belirtti. \u00d6\u011eRENC\u0130LER\u0130N YANINDA OLMAK HEP\u0130M\u0130Z\u0130N G\u00d6REV\u0130\u00a0 Demokrasiyi savunman\u0131n t\u00fcm vatanda\u015f olarak g\u00f6rev oldu\u011funu s\u00f6yleyen Ko\u00e7, \u015funlar\u0131 ifade etti: \u201cYarg\u0131n\u0131n ara\u00e7salla\u015ft\u0131r\u0131larak, toplumun t\u00fcm kesimlerinin susturulmaya \u00e7al\u0131\u015f\u0131ld\u0131\u011f\u0131 bir d\u00f6nemi ya\u015f\u0131yoruz. \u00dcniversite \u00f6\u011frencileri, haklar\u0131n\u0131 kullanma iradelerini ortaya koyarak, yoksulluk, geleceksizlik ve \u00f6zg\u00fcrl\u00fcklerinin k\u0131s\u0131tlanmas\u0131na kar\u015f\u0131 demokratik haklar\u0131n\u0131 kullanmaktad\u0131rlar. Bu haklar\u0131 savunmak, anayasal bir sorumluluktur ve \u00f6\u011frencilerin yan\u0131nda olmak hepimizin g\u00f6revidir.\u201d SORU\u015eTURMANIN HUKUK\u0130 DAYANA\u011eI YOK\u00a0 E\u011fitim-Sen\u2019e y\u00f6nelik al\u0131nan karar\u0131n hukuki dayana\u011f\u0131n\u0131n olmad\u0131\u011f\u0131n\u0131 vurgulayan Ba\u015fkan Ko\u00e7, \u00a0\u201cLaik, bilimsel, paras\u0131z, kamusal e\u011fitim hakk\u0131 m\u00fccadelemizde her zaman dayan\u0131\u015fma i\u00e7inde birlikte m\u00fccadele etti\u011fimiz E\u011fitim ve Bilim Emek\u00e7ileri Sendikas\u0131na y\u00f6nelik a\u00e7\u0131lan soru\u015fturman\u0131n ve verilen karar\u0131n hukuki dayana\u011f\u0131 yoktur. Bu hak m\u00fccadelesinin itibars\u0131zla\u015ft\u0131r\u0131lmas\u0131 ve sendikal haklar\u0131n yok say\u0131lmas\u0131ndan ba\u015fka bir \u015fey de\u011fildir. E\u011fitim Sen t\u00fcm sendikal faaliyet \u00fcretmeye devam edecektir\u201d dedi. ORTAK B\u0130R M\u00dcCADELE Y\u00dcR\u00dcTME \u00c7A\u011eRISI YAPTI\u00a0 Ko\u00e7, Antalya \u015eubesi olarak E\u011fitim-Sen&#8217;in yan\u0131nda olduklar\u0131n\u0131 belirterek, \u201cHaklar\u0131 ve \u00f6zg\u00fcrl\u00fckleri i\u00e7in demokratik protesto hakk\u0131n\u0131 kullanan \u00f6\u011frencilerimizin, \u00f6\u011frencilerin e\u011fitim \u00f6\u011fretim haklar\u0131 i\u00e7in sendikal faaliyet \u00fcreten &hellip;<\/p>","protected":false},"author":5,"featured_media":0,"comment_status":"","ping_status":"open","sticky":false,"template":"","format":"standard","meta":{"_acf_changed":false,"footnotes":""},"categories":[24],"tags":[],"class_list":["post-37208","post","type-post","status-publish","format-standard","has-post-thumbnail","hentry","category-gundem"],"acf":[],"yoast_head":"<!-- This site is optimized with the Yoast SEO Premium plugin v26.6 (Yoast SEO v27.1.1) - https:\/\/yoast.com\/product\/yoast-seo-premium-wordpress\/ -->\n<title>Veli-Der, E\u011fitim-Sen&#039;e yap\u0131lan soru\u015fturmay\u0131 k\u0131nad\u0131: \u00d6\u011frencilerin yan\u0131nday\u0131z - Av. Deniz Can K\u0131z\u0131l<\/title>\n<meta name=\"robots\" content=\"index, follow, max-snippet:-1, max-image-preview:large, max-video-preview:-1\" \/>\n<link rel=\"canonical\" href=\"https:\/\/denizcankizil.tr\/en\/haberler\/gundem\/veli-der-egitim-sene-yapilan-sorusturmayi-kinadi-ogrencilerin-yanindayiz\/\" \/>\n<meta property=\"og:locale\" content=\"en_GB\" \/>\n<meta property=\"og:type\" content=\"article\" \/>\n<meta property=\"og:title\" content=\"Veli-Der, E\u011fitim-Sen&#039;e yap\u0131lan soru\u015fturmay\u0131 k\u0131nad\u0131: \u00d6\u011frencilerin yan\u0131nday\u0131z\" \/>\n<meta property=\"og:description\" content=\"\u0130BB Ba\u015fkan\u0131 Ekrem \u0130mamo\u011flu\u2019nun tutuklanmas\u0131yla ba\u015flayan s\u00fcre\u00e7te E\u011fitim-Sen hakk\u0131nda soru\u015fturma a\u00e7\u0131lm\u0131\u015ft\u0131. \u00d6\u011frenci Velileri Derne\u011fi (Veli-Der) Antalya \u015eubesi, E\u011fitim-Sen\u2019e ba\u015flat\u0131lan soru\u015fturmay\u0131 k\u0131nad\u0131. Veli-Der Antalya \u015eubesi Ba\u015fkan\u0131 T\u00fclin Ko\u00e7, yapt\u0131\u011f\u0131 a\u00e7\u0131klamada, \u00fcniversite \u00f6\u011frencilerinin \u00f6zg\u00fcrl\u00fckleri ve e\u011fitim haklar\u0131 i\u00e7in verdikleri m\u00fccadeleye ve E\u011fitim-Sen\u2019in sendikal faaliyetlerine yap\u0131lan bask\u0131lara kar\u015f\u0131 net bir duru\u015f sergilediklerini belirtti. \u00d6\u011eRENC\u0130LER\u0130N YANINDA OLMAK HEP\u0130M\u0130Z\u0130N G\u00d6REV\u0130\u00a0 Demokrasiyi savunman\u0131n t\u00fcm vatanda\u015f olarak g\u00f6rev oldu\u011funu s\u00f6yleyen Ko\u00e7, \u015funlar\u0131 ifade etti: \u201cYarg\u0131n\u0131n ara\u00e7salla\u015ft\u0131r\u0131larak, toplumun t\u00fcm kesimlerinin susturulmaya \u00e7al\u0131\u015f\u0131ld\u0131\u011f\u0131 bir d\u00f6nemi ya\u015f\u0131yoruz. \u00dcniversite \u00f6\u011frencileri, haklar\u0131n\u0131 kullanma iradelerini ortaya koyarak, yoksulluk, geleceksizlik ve \u00f6zg\u00fcrl\u00fcklerinin k\u0131s\u0131tlanmas\u0131na kar\u015f\u0131 demokratik haklar\u0131n\u0131 kullanmaktad\u0131rlar. Bu haklar\u0131 savunmak, anayasal bir sorumluluktur ve \u00f6\u011frencilerin yan\u0131nda olmak hepimizin g\u00f6revidir.\u201d SORU\u015eTURMANIN HUKUK\u0130 DAYANA\u011eI YOK\u00a0 E\u011fitim-Sen\u2019e y\u00f6nelik al\u0131nan karar\u0131n hukuki dayana\u011f\u0131n\u0131n olmad\u0131\u011f\u0131n\u0131 vurgulayan Ba\u015fkan Ko\u00e7, \u00a0\u201cLaik, bilimsel, paras\u0131z, kamusal e\u011fitim hakk\u0131 m\u00fccadelemizde her zaman dayan\u0131\u015fma i\u00e7inde birlikte m\u00fccadele etti\u011fimiz E\u011fitim ve Bilim Emek\u00e7ileri Sendikas\u0131na y\u00f6nelik a\u00e7\u0131lan soru\u015fturman\u0131n ve verilen karar\u0131n hukuki dayana\u011f\u0131 yoktur. Bu hak m\u00fccadelesinin itibars\u0131zla\u015ft\u0131r\u0131lmas\u0131 ve sendikal haklar\u0131n yok say\u0131lmas\u0131ndan ba\u015fka bir \u015fey de\u011fildir. E\u011fitim Sen t\u00fcm sendikal faaliyet \u00fcretmeye devam edecektir\u201d dedi. ORTAK B\u0130R M\u00dcCADELE Y\u00dcR\u00dcTME \u00c7A\u011eRISI YAPTI\u00a0 Ko\u00e7, Antalya \u015eubesi olarak E\u011fitim-Sen&#8217;in yan\u0131nda olduklar\u0131n\u0131 belirterek, \u201cHaklar\u0131 ve \u00f6zg\u00fcrl\u00fckleri i\u00e7in demokratik protesto hakk\u0131n\u0131 kullanan \u00f6\u011frencilerimizin, \u00f6\u011frencilerin e\u011fitim \u00f6\u011fretim haklar\u0131 i\u00e7in sendikal faaliyet \u00fcreten &hellip;\" \/>\n<meta property=\"og:url\" content=\"https:\/\/denizcankizil.tr\/en\/haberler\/gundem\/veli-der-egitim-sene-yapilan-sorusturmayi-kinadi-ogrencilerin-yanindayiz\/\" \/>\n<meta property=\"og:site_name\" content=\"Av. Deniz Can K\u0131z\u0131l\" \/>\n<meta property=\"article:published_time\" content=\"2025-03-27T08:41:27+00:00\" \/>\n<meta name=\"author\" content=\"Antalya K\u00f6rfez\" \/>\n<meta name=\"twitter:card\" content=\"summary_large_image\" \/>\n<meta name=\"twitter:label1\" content=\"Written by\" \/>\n\t<meta name=\"twitter:data1\" content=\"Antalya K\u00f6rfez\" \/>\n\t<meta name=\"twitter:label2\" content=\"Estimated reading time\" \/>\n\t<meta name=\"twitter:data2\" content=\"2 minutes\" \/>\n<script type=\"application\/ld+json\" class=\"yoast-schema-graph\">{\"@context\":\"https:\/\/schema.org\",\"@graph\":[{\"@type\":\"Article\",\"@id\":\"https:\/\/denizcankizil.tr\/en\/haberler\/gundem\/veli-der-egitim-sene-yapilan-sorusturmayi-kinadi-ogrencilerin-yanindayiz\/#article\",\"isPartOf\":{\"@id\":\"https:\/\/denizcankizil.tr\/en\/haberler\/gundem\/veli-der-egitim-sene-yapilan-sorusturmayi-kinadi-ogrencilerin-yanindayiz\/\"},\"author\":{\"name\":\"Antalya K\u00f6rfez\",\"@id\":\"https:\/\/denizcankizil.tr\/de\/#\/schema\/person\/e1eb71bb4dd684d46563f0af307e1234\"},\"headline\":\"Veli-Der, E\u011fitim-Sen&#8217;e yap\u0131lan soru\u015fturmay\u0131 k\u0131nad\u0131: \u00d6\u011frencilerin yan\u0131nday\u0131z\",\"datePublished\":\"2025-03-27T08:41:27+00:00\",\"mainEntityOfPage\":{\"@id\":\"https:\/\/denizcankizil.tr\/en\/haberler\/gundem\/veli-der-egitim-sene-yapilan-sorusturmayi-kinadi-ogrencilerin-yanindayiz\/\"},\"wordCount\":483,\"publisher\":{\"@id\":\"https:\/\/denizcankizil.tr\/de\/#organization\"},\"articleSection\":[\"G\u00fcndem\"],\"inLanguage\":\"en-GB\"},{\"@type\":\"WebPage\",\"@id\":\"https:\/\/denizcankizil.tr\/en\/haberler\/gundem\/veli-der-egitim-sene-yapilan-sorusturmayi-kinadi-ogrencilerin-yanindayiz\/\",\"url\":\"https:\/\/denizcankizil.tr\/en\/haberler\/gundem\/veli-der-egitim-sene-yapilan-sorusturmayi-kinadi-ogrencilerin-yanindayiz\/\",\"name\":\"Veli-Der, E\u011fitim-Sen'e yap\u0131lan soru\u015fturmay\u0131 k\u0131nad\u0131: \u00d6\u011frencilerin yan\u0131nday\u0131z - Av. Deniz Can K\u0131z\u0131l\",\"isPartOf\":{\"@id\":\"https:\/\/denizcankizil.tr\/de\/#website\"},\"datePublished\":\"2025-03-27T08:41:27+00:00\",\"breadcrumb\":{\"@id\":\"https:\/\/denizcankizil.tr\/en\/haberler\/gundem\/veli-der-egitim-sene-yapilan-sorusturmayi-kinadi-ogrencilerin-yanindayiz\/#breadcrumb\"},\"inLanguage\":\"en-GB\",\"potentialAction\":[{\"@type\":\"ReadAction\",\"target\":[\"https:\/\/denizcankizil.tr\/en\/haberler\/gundem\/veli-der-egitim-sene-yapilan-sorusturmayi-kinadi-ogrencilerin-yanindayiz\/\"]}]},{\"@type\":\"BreadcrumbList\",\"@id\":\"https:\/\/denizcankizil.tr\/en\/haberler\/gundem\/veli-der-egitim-sene-yapilan-sorusturmayi-kinadi-ogrencilerin-yanindayiz\/#breadcrumb\",\"itemListElement\":[{\"@type\":\"ListItem\",\"position\":1,\"name\":\"Home\",\"item\":\"https:\/\/denizcankizil.tr\/de\/\"},{\"@type\":\"ListItem\",\"position\":2,\"name\":\"Veli-Der, E\u011fitim-Sen&#8217;e yap\u0131lan soru\u015fturmay\u0131 k\u0131nad\u0131: \u00d6\u011frencilerin yan\u0131nday\u0131z\"}]},{\"@type\":\"WebSite\",\"@id\":\"https:\/\/denizcankizil.tr\/de\/#website\",\"url\":\"https:\/\/denizcankizil.tr\/de\/\",\"name\":\"Av. Deniz Can K\u0131z\u0131l\",\"description\":\"Avukat Deniz Can K\u0131z\u0131l Antalya Barosu\",\"publisher\":{\"@id\":\"https:\/\/denizcankizil.tr\/de\/#organization\"},\"potentialAction\":[{\"@type\":\"SearchAction\",\"target\":{\"@type\":\"EntryPoint\",\"urlTemplate\":\"https:\/\/denizcankizil.tr\/de\/?s={search_term_string}\"},\"query-input\":{\"@type\":\"PropertyValueSpecification\",\"valueRequired\":true,\"valueName\":\"search_term_string\"}}],\"inLanguage\":\"en-GB\"},{\"@type\":\"Organization\",\"@id\":\"https:\/\/denizcankizil.tr\/de\/#organization\",\"name\":\"Av. Deniz Can K\u0131z\u0131l\",\"url\":\"https:\/\/denizcankizil.tr\/de\/\",\"logo\":{\"@type\":\"ImageObject\",\"inLanguage\":\"en-GB\",\"@id\":\"https:\/\/denizcankizil.tr\/de\/#\/schema\/logo\/image\/\",\"url\":\"https:\/\/denizcankizil.tr\/wp-content\/uploads\/2024\/10\/siyah-logo-svg.svg\",\"contentUrl\":\"https:\/\/denizcankizil.tr\/wp-content\/uploads\/2024\/10\/siyah-logo-svg.svg\",\"width\":1080,\"height\":1080,\"caption\":\"Av. Deniz Can K\u0131z\u0131l\"},\"image\":{\"@id\":\"https:\/\/denizcankizil.tr\/de\/#\/schema\/logo\/image\/\"}},{\"@type\":\"Person\",\"@id\":\"https:\/\/denizcankizil.tr\/de\/#\/schema\/person\/e1eb71bb4dd684d46563f0af307e1234\",\"name\":\"Antalya K\u00f6rfez\",\"image\":{\"@type\":\"ImageObject\",\"inLanguage\":\"en-GB\",\"@id\":\"https:\/\/denizcankizil.tr\/de\/#\/schema\/person\/image\/\",\"url\":\"https:\/\/secure.gravatar.com\/avatar\/42b01982558a48a0b501fdcab6a408d3717ea5919095ee2e67b0e521799c5905?s=96&d=mm&r=g\",\"contentUrl\":\"https:\/\/secure.gravatar.com\/avatar\/42b01982558a48a0b501fdcab6a408d3717ea5919095ee2e67b0e521799c5905?s=96&d=mm&r=g\",\"caption\":\"Antalya K\u00f6rfez\"},\"sameAs\":[\"http:\/\/www.antalyakorfez.com\"],\"url\":\"https:\/\/www.antalyakorfez.com\/veli-der-egitim-sene-yapilan-sorusturmayi-kinadi-ogrencilerin-yanindayiz\"}]}<\/script>\n<!-- \/ Yoast SEO Premium plugin. -->","yoast_head_json":{"title":"Veli-Der, E\u011fitim-Sen'e yap\u0131lan soru\u015fturmay\u0131 k\u0131nad\u0131: \u00d6\u011frencilerin yan\u0131nday\u0131z - Av. Deniz Can K\u0131z\u0131l","robots":{"index":"index","follow":"follow","max-snippet":"max-snippet:-1","max-image-preview":"max-image-preview:large","max-video-preview":"max-video-preview:-1"},"canonical":"https:\/\/denizcankizil.tr\/en\/haberler\/gundem\/veli-der-egitim-sene-yapilan-sorusturmayi-kinadi-ogrencilerin-yanindayiz\/","og_locale":"en_GB","og_type":"article","og_title":"Veli-Der, E\u011fitim-Sen'e yap\u0131lan soru\u015fturmay\u0131 k\u0131nad\u0131: \u00d6\u011frencilerin yan\u0131nday\u0131z","og_description":"\u0130BB Ba\u015fkan\u0131 Ekrem \u0130mamo\u011flu\u2019nun tutuklanmas\u0131yla ba\u015flayan s\u00fcre\u00e7te E\u011fitim-Sen hakk\u0131nda soru\u015fturma a\u00e7\u0131lm\u0131\u015ft\u0131. \u00d6\u011frenci Velileri Derne\u011fi (Veli-Der) Antalya \u015eubesi, E\u011fitim-Sen\u2019e ba\u015flat\u0131lan soru\u015fturmay\u0131 k\u0131nad\u0131. Veli-Der Antalya \u015eubesi Ba\u015fkan\u0131 T\u00fclin Ko\u00e7, yapt\u0131\u011f\u0131 a\u00e7\u0131klamada, \u00fcniversite \u00f6\u011frencilerinin \u00f6zg\u00fcrl\u00fckleri ve e\u011fitim haklar\u0131 i\u00e7in verdikleri m\u00fccadeleye ve E\u011fitim-Sen\u2019in sendikal faaliyetlerine yap\u0131lan bask\u0131lara kar\u015f\u0131 net bir duru\u015f sergilediklerini belirtti. \u00d6\u011eRENC\u0130LER\u0130N YANINDA OLMAK HEP\u0130M\u0130Z\u0130N G\u00d6REV\u0130\u00a0 Demokrasiyi savunman\u0131n t\u00fcm vatanda\u015f olarak g\u00f6rev oldu\u011funu s\u00f6yleyen Ko\u00e7, \u015funlar\u0131 ifade etti: \u201cYarg\u0131n\u0131n ara\u00e7salla\u015ft\u0131r\u0131larak, toplumun t\u00fcm kesimlerinin susturulmaya \u00e7al\u0131\u015f\u0131ld\u0131\u011f\u0131 bir d\u00f6nemi ya\u015f\u0131yoruz. \u00dcniversite \u00f6\u011frencileri, haklar\u0131n\u0131 kullanma iradelerini ortaya koyarak, yoksulluk, geleceksizlik ve \u00f6zg\u00fcrl\u00fcklerinin k\u0131s\u0131tlanmas\u0131na kar\u015f\u0131 demokratik haklar\u0131n\u0131 kullanmaktad\u0131rlar. Bu haklar\u0131 savunmak, anayasal bir sorumluluktur ve \u00f6\u011frencilerin yan\u0131nda olmak hepimizin g\u00f6revidir.\u201d SORU\u015eTURMANIN HUKUK\u0130 DAYANA\u011eI YOK\u00a0 E\u011fitim-Sen\u2019e y\u00f6nelik al\u0131nan karar\u0131n hukuki dayana\u011f\u0131n\u0131n olmad\u0131\u011f\u0131n\u0131 vurgulayan Ba\u015fkan Ko\u00e7, \u00a0\u201cLaik, bilimsel, paras\u0131z, kamusal e\u011fitim hakk\u0131 m\u00fccadelemizde her zaman dayan\u0131\u015fma i\u00e7inde birlikte m\u00fccadele etti\u011fimiz E\u011fitim ve Bilim Emek\u00e7ileri Sendikas\u0131na y\u00f6nelik a\u00e7\u0131lan soru\u015fturman\u0131n ve verilen karar\u0131n hukuki dayana\u011f\u0131 yoktur. Bu hak m\u00fccadelesinin itibars\u0131zla\u015ft\u0131r\u0131lmas\u0131 ve sendikal haklar\u0131n yok say\u0131lmas\u0131ndan ba\u015fka bir \u015fey de\u011fildir. E\u011fitim Sen t\u00fcm sendikal faaliyet \u00fcretmeye devam edecektir\u201d dedi. ORTAK B\u0130R M\u00dcCADELE Y\u00dcR\u00dcTME \u00c7A\u011eRISI YAPTI\u00a0 Ko\u00e7, Antalya \u015eubesi olarak E\u011fitim-Sen&#8217;in yan\u0131nda olduklar\u0131n\u0131 belirterek, \u201cHaklar\u0131 ve \u00f6zg\u00fcrl\u00fckleri i\u00e7in demokratik protesto hakk\u0131n\u0131 kullanan \u00f6\u011frencilerimizin, \u00f6\u011frencilerin e\u011fitim \u00f6\u011fretim haklar\u0131 i\u00e7in sendikal faaliyet \u00fcreten &hellip;","og_url":"https:\/\/denizcankizil.tr\/en\/haberler\/gundem\/veli-der-egitim-sene-yapilan-sorusturmayi-kinadi-ogrencilerin-yanindayiz\/","og_site_name":"Av. Deniz Can K\u0131z\u0131l","article_published_time":"2025-03-27T08:41:27+00:00","author":"Antalya K\u00f6rfez","twitter_card":"summary_large_image","twitter_misc":{"Written by":"Antalya K\u00f6rfez","Estimated reading time":"2 minutes"},"schema":{"@context":"https:\/\/schema.org","@graph":[{"@type":"Article","@id":"https:\/\/denizcankizil.tr\/en\/haberler\/gundem\/veli-der-egitim-sene-yapilan-sorusturmayi-kinadi-ogrencilerin-yanindayiz\/#article","isPartOf":{"@id":"https:\/\/denizcankizil.tr\/en\/haberler\/gundem\/veli-der-egitim-sene-yapilan-sorusturmayi-kinadi-ogrencilerin-yanindayiz\/"},"author":{"name":"Antalya K\u00f6rfez","@id":"https:\/\/denizcankizil.tr\/de\/#\/schema\/person\/e1eb71bb4dd684d46563f0af307e1234"},"headline":"Veli-Der, E\u011fitim-Sen&#8217;e yap\u0131lan soru\u015fturmay\u0131 k\u0131nad\u0131: \u00d6\u011frencilerin yan\u0131nday\u0131z","datePublished":"2025-03-27T08:41:27+00:00","mainEntityOfPage":{"@id":"https:\/\/denizcankizil.tr\/en\/haberler\/gundem\/veli-der-egitim-sene-yapilan-sorusturmayi-kinadi-ogrencilerin-yanindayiz\/"},"wordCount":483,"publisher":{"@id":"https:\/\/denizcankizil.tr\/de\/#organization"},"articleSection":["G\u00fcndem"],"inLanguage":"en-GB"},{"@type":"WebPage","@id":"https:\/\/denizcankizil.tr\/en\/haberler\/gundem\/veli-der-egitim-sene-yapilan-sorusturmayi-kinadi-ogrencilerin-yanindayiz\/","url":"https:\/\/denizcankizil.tr\/en\/haberler\/gundem\/veli-der-egitim-sene-yapilan-sorusturmayi-kinadi-ogrencilerin-yanindayiz\/","name":"Veli-Der, E\u011fitim-Sen'e yap\u0131lan soru\u015fturmay\u0131 k\u0131nad\u0131: \u00d6\u011frencilerin yan\u0131nday\u0131z - Av. Deniz Can K\u0131z\u0131l","isPartOf":{"@id":"https:\/\/denizcankizil.tr\/de\/#website"},"datePublished":"2025-03-27T08:41:27+00:00","breadcrumb":{"@id":"https:\/\/denizcankizil.tr\/en\/haberler\/gundem\/veli-der-egitim-sene-yapilan-sorusturmayi-kinadi-ogrencilerin-yanindayiz\/#breadcrumb"},"inLanguage":"en-GB","potentialAction":[{"@type":"ReadAction","target":["https:\/\/denizcankizil.tr\/en\/haberler\/gundem\/veli-der-egitim-sene-yapilan-sorusturmayi-kinadi-ogrencilerin-yanindayiz\/"]}]},{"@type":"BreadcrumbList","@id":"https:\/\/denizcankizil.tr\/en\/haberler\/gundem\/veli-der-egitim-sene-yapilan-sorusturmayi-kinadi-ogrencilerin-yanindayiz\/#breadcrumb","itemListElement":[{"@type":"ListItem","position":1,"name":"Home","item":"https:\/\/denizcankizil.tr\/de\/"},{"@type":"ListItem","position":2,"name":"Veli-Der, E\u011fitim-Sen&#8217;e yap\u0131lan soru\u015fturmay\u0131 k\u0131nad\u0131: \u00d6\u011frencilerin yan\u0131nday\u0131z"}]},{"@type":"WebSite","@id":"https:\/\/denizcankizil.tr\/de\/#website","url":"https:\/\/denizcankizil.tr\/de\/","name":"Av. Deniz Can K\u0131z\u0131l","description":"Avukat Deniz Can K\u0131z\u0131l Antalya Barosu","publisher":{"@id":"https:\/\/denizcankizil.tr\/de\/#organization"},"potentialAction":[{"@type":"SearchAction","target":{"@type":"EntryPoint","urlTemplate":"https:\/\/denizcankizil.tr\/de\/?s={search_term_string}"},"query-input":{"@type":"PropertyValueSpecification","valueRequired":true,"valueName":"search_term_string"}}],"inLanguage":"en-GB"},{"@type":"Organization","@id":"https:\/\/denizcankizil.tr\/de\/#organization","name":"Av. Deniz Can K\u0131z\u0131l","url":"https:\/\/denizcankizil.tr\/de\/","logo":{"@type":"ImageObject","inLanguage":"en-GB","@id":"https:\/\/denizcankizil.tr\/de\/#\/schema\/logo\/image\/","url":"https:\/\/denizcankizil.tr\/wp-content\/uploads\/2024\/10\/siyah-logo-svg.svg","contentUrl":"https:\/\/denizcankizil.tr\/wp-content\/uploads\/2024\/10\/siyah-logo-svg.svg","width":1080,"height":1080,"caption":"Av. Deniz Can K\u0131z\u0131l"},"image":{"@id":"https:\/\/denizcankizil.tr\/de\/#\/schema\/logo\/image\/"}},{"@type":"Person","@id":"https:\/\/denizcankizil.tr\/de\/#\/schema\/person\/e1eb71bb4dd684d46563f0af307e1234","name":"Antalya K\u00f6rfez","image":{"@type":"ImageObject","inLanguage":"en-GB","@id":"https:\/\/denizcankizil.tr\/de\/#\/schema\/person\/image\/","url":"https:\/\/secure.gravatar.com\/avatar\/42b01982558a48a0b501fdcab6a408d3717ea5919095ee2e67b0e521799c5905?s=96&d=mm&r=g","contentUrl":"https:\/\/secure.gravatar.com\/avatar\/42b01982558a48a0b501fdcab6a408d3717ea5919095ee2e67b0e521799c5905?s=96&d=mm&r=g","caption":"Antalya K\u00f6rfez"},"sameAs":["http:\/\/www.antalyakorfez.com"],"url":"https:\/\/www.antalyakorfez.com\/veli-der-egitim-sene-yapilan-sorusturmayi-kinadi-ogrencilerin-yanindayiz"}]}},"_links":{"self":[{"href":"https:\/\/denizcankizil.tr\/en\/wp-json\/wp\/v2\/posts\/37208","targetHints":{"allow":["GET"]}}],"collection":[{"href":"https:\/\/denizcankizil.tr\/en\/wp-json\/wp\/v2\/posts"}],"about":[{"href":"https:\/\/denizcankizil.tr\/en\/wp-json\/wp\/v2\/types\/post"}],"author":[{"embeddable":true,"href":"https:\/\/denizcankizil.tr\/en\/wp-json\/wp\/v2\/users\/5"}],"replies":[{"embeddable":true,"href":"https:\/\/denizcankizil.tr\/en\/wp-json\/wp\/v2\/comments?post=37208"}],"version-history":[{"count":0,"href":"https:\/\/denizcankizil.tr\/en\/wp-json\/wp\/v2\/posts\/37208\/revisions"}],"wp:attachment":[{"href":"https:\/\/denizcankizil.tr\/en\/wp-json\/wp\/v2\/media?parent=37208"}],"wp:term":[{"taxonomy":"category","embeddable":true,"href":"https:\/\/denizcankizil.tr\/en\/wp-json\/wp\/v2\/categories?post=37208"},{"taxonomy":"post_tag","embeddable":true,"href":"https:\/\/denizcankizil.tr\/en\/wp-json\/wp\/v2\/tags?post=37208"}],"curies":[{"name":"wp","href":"https:\/\/api.w.org\/{rel}","templated":true}]}}