{"id":3715,"date":"2024-10-17T13:01:45","date_gmt":"2024-10-17T10:01:45","guid":{"rendered":"https:\/\/denizcankizil.tr\/uncategorized\/isyerinin-tavani-coktu\/"},"modified":"2024-10-17T13:01:45","modified_gmt":"2024-10-17T10:01:45","slug":"isyerinin-tavani-coktu","status":"publish","type":"post","link":"https:\/\/denizcankizil.tr\/en\/haberler\/gundem\/isyerinin-tavani-coktu\/","title":{"rendered":"\u0130\u015fyerinin Tavan\u0131 \u00c7\u00f6kt\u00fc"},"content":{"rendered":"<p>Hatay\u2019\u0131n \u0130skenderun il\u00e7esinde bir i\u015fyerinin tavan\u0131 \u00e7\u00f6kt\u00fc, kald\u0131r\u0131mda y\u00fcr\u00fcyen vatanda\u015flar tehlikeyi ucuz atlatt\u0131.<\/p>\n<p>Dumlup\u0131nar Mahallesi Ulu cami caddesi \u00fczerinde sabah ya\u011fan ya\u011fmur sonras\u0131 tek katl\u0131 bir i\u015f yerinin tavan\u0131nda \u00e7\u00f6kme ya\u015fand\u0131. Giyim ma\u011fazas\u0131 olarak hizmet veren i\u015f yerinin tavan\u0131nda d\u00f6k\u00fclen beton par\u00e7alar\u0131 kald\u0131r\u0131ma d\u00fc\u015ft\u00fc. Ya\u015fanan \u00e7\u00f6kme s\u0131ras\u0131nda b\u00fcy\u00fck panik ya\u015fand\u0131.<\/p>\n<p>Vatanda\u015flar \u015fans eseri kimsenin kald\u0131r\u0131m \u00fczerinde bulunmamas\u0131 en b\u00fcy\u00fck tesellimiz oldu dediler.<\/p>\n<p>\u200bHatay\u2019\u0131n \u0130skenderun il\u00e7esinde bir i\u015fyerinin tavan\u0131 \u00e7\u00f6kt\u00fc, kald\u0131r\u0131mda y\u00fcr\u00fcyen vatanda\u015flar tehlikeyi ucuz atlatt\u0131.<\/p>\n<p>Dumlup\u0131nar Mahallesi Ulu cami caddesi \u00fczerinde sabah ya\u011fan ya\u011fmur sonras\u0131 tek katl\u0131 bir i\u015f yerinin tavan\u0131nda \u00e7\u00f6kme ya\u015fand\u0131. Giyim ma\u011fazas\u0131 olarak hizmet veren i\u015f yerinin tavan\u0131nda d\u00f6k\u00fclen beton par\u00e7alar\u0131 kald\u0131r\u0131ma d\u00fc\u015ft\u00fc. Ya\u015fanan \u00e7\u00f6kme s\u0131ras\u0131nda b\u00fcy\u00fck panik ya\u015fand\u0131.<\/p>\n<p>Vatanda\u015flar \u015fans eseri kimsenin kald\u0131r\u0131m \u00fczerinde bulunmamas\u0131 en b\u00fcy\u00fck tesellimiz oldu dediler.\u00a0<\/p>\n<p>\u200bHaberin Al\u0131nt\u0131land\u0131\u011f\u0131 Kaynak: www.iskenderun.org<\/p>","protected":false},"excerpt":{"rendered":"<p>Hatay\u2019\u0131n \u0130skenderun il\u00e7esinde bir i\u015fyerinin tavan\u0131 \u00e7\u00f6kt\u00fc, kald\u0131r\u0131mda y\u00fcr\u00fcyen vatanda\u015flar tehlikeyi ucuz atlatt\u0131. Dumlup\u0131nar Mahallesi Ulu cami caddesi \u00fczerinde sabah ya\u011fan ya\u011fmur sonras\u0131 tek katl\u0131 bir i\u015f yerinin tavan\u0131nda \u00e7\u00f6kme ya\u015fand\u0131. Giyim ma\u011fazas\u0131 olarak hizmet veren i\u015f yerinin tavan\u0131nda d\u00f6k\u00fclen beton par\u00e7alar\u0131 kald\u0131r\u0131ma d\u00fc\u015ft\u00fc. Ya\u015fanan \u00e7\u00f6kme s\u0131ras\u0131nda b\u00fcy\u00fck panik ya\u015fand\u0131. Vatanda\u015flar \u015fans eseri kimsenin kald\u0131r\u0131m \u00fczerinde bulunmamas\u0131 en b\u00fcy\u00fck tesellimiz oldu dediler. \u200bHatay\u2019\u0131n \u0130skenderun il\u00e7esinde bir i\u015fyerinin tavan\u0131 \u00e7\u00f6kt\u00fc, kald\u0131r\u0131mda y\u00fcr\u00fcyen vatanda\u015flar tehlikeyi ucuz atlatt\u0131. Dumlup\u0131nar Mahallesi Ulu cami caddesi \u00fczerinde sabah ya\u011fan ya\u011fmur sonras\u0131 tek katl\u0131 bir i\u015f yerinin tavan\u0131nda \u00e7\u00f6kme ya\u015fand\u0131. Giyim ma\u011fazas\u0131 olarak hizmet veren i\u015f yerinin tavan\u0131nda d\u00f6k\u00fclen beton par\u00e7alar\u0131 kald\u0131r\u0131ma d\u00fc\u015ft\u00fc. Ya\u015fanan \u00e7\u00f6kme s\u0131ras\u0131nda b\u00fcy\u00fck panik ya\u015fand\u0131. Vatanda\u015flar \u015fans eseri kimsenin kald\u0131r\u0131m \u00fczerinde bulunmamas\u0131 en b\u00fcy\u00fck tesellimiz oldu dediler.\u00a0 \u200bHaberin Al\u0131nt\u0131land\u0131\u011f\u0131 Kaynak: www.iskenderun.org<\/p>","protected":false},"author":0,"featured_media":0,"comment_status":"open","ping_status":"open","sticky":false,"template":"","format":"standard","meta":{"_acf_changed":false,"footnotes":""},"categories":[24],"tags":[],"class_list":["post-3715","post","type-post","status-publish","format-standard","has-post-thumbnail","hentry","category-gundem"],"acf":[],"yoast_head":"<!-- This site is optimized with the Yoast SEO Premium plugin v26.6 (Yoast SEO v27.1.1) - https:\/\/yoast.com\/product\/yoast-seo-premium-wordpress\/ -->\n<title>\u0130\u015fyerinin Tavan\u0131 \u00c7\u00f6kt\u00fc - Av. Deniz Can K\u0131z\u0131l<\/title>\n<meta name=\"robots\" content=\"index, follow, max-snippet:-1, max-image-preview:large, max-video-preview:-1\" \/>\n<link rel=\"canonical\" href=\"https:\/\/denizcankizil.tr\/en\/haberler\/gundem\/isyerinin-tavani-coktu\/\" \/>\n<meta property=\"og:locale\" content=\"en_GB\" \/>\n<meta property=\"og:type\" content=\"article\" \/>\n<meta property=\"og:title\" content=\"\u0130\u015fyerinin Tavan\u0131 \u00c7\u00f6kt\u00fc\" \/>\n<meta property=\"og:description\" content=\"Hatay\u2019\u0131n \u0130skenderun il\u00e7esinde bir i\u015fyerinin tavan\u0131 \u00e7\u00f6kt\u00fc, kald\u0131r\u0131mda y\u00fcr\u00fcyen vatanda\u015flar tehlikeyi ucuz atlatt\u0131. Dumlup\u0131nar Mahallesi Ulu cami caddesi \u00fczerinde sabah ya\u011fan ya\u011fmur sonras\u0131 tek katl\u0131 bir i\u015f yerinin tavan\u0131nda \u00e7\u00f6kme ya\u015fand\u0131. Giyim ma\u011fazas\u0131 olarak hizmet veren i\u015f yerinin tavan\u0131nda d\u00f6k\u00fclen beton par\u00e7alar\u0131 kald\u0131r\u0131ma d\u00fc\u015ft\u00fc. Ya\u015fanan \u00e7\u00f6kme s\u0131ras\u0131nda b\u00fcy\u00fck panik ya\u015fand\u0131. Vatanda\u015flar \u015fans eseri kimsenin kald\u0131r\u0131m \u00fczerinde bulunmamas\u0131 en b\u00fcy\u00fck tesellimiz oldu dediler. \u200bHatay\u2019\u0131n \u0130skenderun il\u00e7esinde bir i\u015fyerinin tavan\u0131 \u00e7\u00f6kt\u00fc, kald\u0131r\u0131mda y\u00fcr\u00fcyen vatanda\u015flar tehlikeyi ucuz atlatt\u0131. Dumlup\u0131nar Mahallesi Ulu cami caddesi \u00fczerinde sabah ya\u011fan ya\u011fmur sonras\u0131 tek katl\u0131 bir i\u015f yerinin tavan\u0131nda \u00e7\u00f6kme ya\u015fand\u0131. Giyim ma\u011fazas\u0131 olarak hizmet veren i\u015f yerinin tavan\u0131nda d\u00f6k\u00fclen beton par\u00e7alar\u0131 kald\u0131r\u0131ma d\u00fc\u015ft\u00fc. Ya\u015fanan \u00e7\u00f6kme s\u0131ras\u0131nda b\u00fcy\u00fck panik ya\u015fand\u0131. Vatanda\u015flar \u015fans eseri kimsenin kald\u0131r\u0131m \u00fczerinde bulunmamas\u0131 en b\u00fcy\u00fck tesellimiz oldu dediler.\u00a0 \u200bHaberin Al\u0131nt\u0131land\u0131\u011f\u0131 Kaynak: www.iskenderun.org\" \/>\n<meta property=\"og:url\" content=\"https:\/\/denizcankizil.tr\/en\/haberler\/gundem\/isyerinin-tavani-coktu\/\" \/>\n<meta property=\"og:site_name\" content=\"Av. Deniz Can K\u0131z\u0131l\" \/>\n<meta property=\"article:published_time\" content=\"2024-10-17T10:01:45+00:00\" \/>\n<meta name=\"twitter:card\" content=\"summary_large_image\" \/>\n<meta name=\"twitter:label1\" content=\"Estimated reading time\" \/>\n\t<meta name=\"twitter:data1\" content=\"1 minute\" \/>\n<script type=\"application\/ld+json\" class=\"yoast-schema-graph\">{\"@context\":\"https:\/\/schema.org\",\"@graph\":[{\"@type\":\"Article\",\"@id\":\"https:\/\/denizcankizil.tr\/en\/haberler\/gundem\/isyerinin-tavani-coktu\/#article\",\"isPartOf\":{\"@id\":\"https:\/\/denizcankizil.tr\/en\/haberler\/gundem\/isyerinin-tavani-coktu\/\"},\"author\":{\"name\":\"\",\"@id\":\"\"},\"headline\":\"\u0130\u015fyerinin Tavan\u0131 \u00c7\u00f6kt\u00fc\",\"datePublished\":\"2024-10-17T10:01:45+00:00\",\"mainEntityOfPage\":{\"@id\":\"https:\/\/denizcankizil.tr\/en\/haberler\/gundem\/isyerinin-tavani-coktu\/\"},\"wordCount\":199,\"commentCount\":0,\"publisher\":{\"@id\":\"https:\/\/denizcankizil.tr\/de\/#organization\"},\"articleSection\":[\"G\u00fcndem\"],\"inLanguage\":\"en-GB\",\"potentialAction\":[{\"@type\":\"CommentAction\",\"name\":\"Comment\",\"target\":[\"https:\/\/denizcankizil.tr\/en\/haberler\/gundem\/isyerinin-tavani-coktu\/#respond\"]}]},{\"@type\":\"WebPage\",\"@id\":\"https:\/\/denizcankizil.tr\/en\/haberler\/gundem\/isyerinin-tavani-coktu\/\",\"url\":\"https:\/\/denizcankizil.tr\/en\/haberler\/gundem\/isyerinin-tavani-coktu\/\",\"name\":\"\u0130\u015fyerinin Tavan\u0131 \u00c7\u00f6kt\u00fc - Av. Deniz Can K\u0131z\u0131l\",\"isPartOf\":{\"@id\":\"https:\/\/denizcankizil.tr\/de\/#website\"},\"datePublished\":\"2024-10-17T10:01:45+00:00\",\"breadcrumb\":{\"@id\":\"https:\/\/denizcankizil.tr\/en\/haberler\/gundem\/isyerinin-tavani-coktu\/#breadcrumb\"},\"inLanguage\":\"en-GB\",\"potentialAction\":[{\"@type\":\"ReadAction\",\"target\":[\"https:\/\/denizcankizil.tr\/en\/haberler\/gundem\/isyerinin-tavani-coktu\/\"]}]},{\"@type\":\"BreadcrumbList\",\"@id\":\"https:\/\/denizcankizil.tr\/en\/haberler\/gundem\/isyerinin-tavani-coktu\/#breadcrumb\",\"itemListElement\":[{\"@type\":\"ListItem\",\"position\":1,\"name\":\"Home\",\"item\":\"https:\/\/denizcankizil.tr\/de\/\"},{\"@type\":\"ListItem\",\"position\":2,\"name\":\"\u0130\u015fyerinin Tavan\u0131 \u00c7\u00f6kt\u00fc\"}]},{\"@type\":\"WebSite\",\"@id\":\"https:\/\/denizcankizil.tr\/de\/#website\",\"url\":\"https:\/\/denizcankizil.tr\/de\/\",\"name\":\"Av. Deniz Can K\u0131z\u0131l\",\"description\":\"Avukat Deniz Can K\u0131z\u0131l Antalya Barosu\",\"publisher\":{\"@id\":\"https:\/\/denizcankizil.tr\/de\/#organization\"},\"potentialAction\":[{\"@type\":\"SearchAction\",\"target\":{\"@type\":\"EntryPoint\",\"urlTemplate\":\"https:\/\/denizcankizil.tr\/de\/?s={search_term_string}\"},\"query-input\":{\"@type\":\"PropertyValueSpecification\",\"valueRequired\":true,\"valueName\":\"search_term_string\"}}],\"inLanguage\":\"en-GB\"},{\"@type\":\"Organization\",\"@id\":\"https:\/\/denizcankizil.tr\/de\/#organization\",\"name\":\"Av. Deniz Can K\u0131z\u0131l\",\"url\":\"https:\/\/denizcankizil.tr\/de\/\",\"logo\":{\"@type\":\"ImageObject\",\"inLanguage\":\"en-GB\",\"@id\":\"https:\/\/denizcankizil.tr\/de\/#\/schema\/logo\/image\/\",\"url\":\"https:\/\/denizcankizil.tr\/wp-content\/uploads\/2024\/10\/siyah-logo-svg.svg\",\"contentUrl\":\"https:\/\/denizcankizil.tr\/wp-content\/uploads\/2024\/10\/siyah-logo-svg.svg\",\"width\":1080,\"height\":1080,\"caption\":\"Av. Deniz Can K\u0131z\u0131l\"},\"image\":{\"@id\":\"https:\/\/denizcankizil.tr\/de\/#\/schema\/logo\/image\/\"}}]}<\/script>\n<!-- \/ Yoast SEO Premium plugin. -->","yoast_head_json":{"title":"\u0130\u015fyerinin Tavan\u0131 \u00c7\u00f6kt\u00fc - Av. Deniz Can K\u0131z\u0131l","robots":{"index":"index","follow":"follow","max-snippet":"max-snippet:-1","max-image-preview":"max-image-preview:large","max-video-preview":"max-video-preview:-1"},"canonical":"https:\/\/denizcankizil.tr\/en\/haberler\/gundem\/isyerinin-tavani-coktu\/","og_locale":"en_GB","og_type":"article","og_title":"\u0130\u015fyerinin Tavan\u0131 \u00c7\u00f6kt\u00fc","og_description":"Hatay\u2019\u0131n \u0130skenderun il\u00e7esinde bir i\u015fyerinin tavan\u0131 \u00e7\u00f6kt\u00fc, kald\u0131r\u0131mda y\u00fcr\u00fcyen vatanda\u015flar tehlikeyi ucuz atlatt\u0131. Dumlup\u0131nar Mahallesi Ulu cami caddesi \u00fczerinde sabah ya\u011fan ya\u011fmur sonras\u0131 tek katl\u0131 bir i\u015f yerinin tavan\u0131nda \u00e7\u00f6kme ya\u015fand\u0131. Giyim ma\u011fazas\u0131 olarak hizmet veren i\u015f yerinin tavan\u0131nda d\u00f6k\u00fclen beton par\u00e7alar\u0131 kald\u0131r\u0131ma d\u00fc\u015ft\u00fc. Ya\u015fanan \u00e7\u00f6kme s\u0131ras\u0131nda b\u00fcy\u00fck panik ya\u015fand\u0131. Vatanda\u015flar \u015fans eseri kimsenin kald\u0131r\u0131m \u00fczerinde bulunmamas\u0131 en b\u00fcy\u00fck tesellimiz oldu dediler. \u200bHatay\u2019\u0131n \u0130skenderun il\u00e7esinde bir i\u015fyerinin tavan\u0131 \u00e7\u00f6kt\u00fc, kald\u0131r\u0131mda y\u00fcr\u00fcyen vatanda\u015flar tehlikeyi ucuz atlatt\u0131. Dumlup\u0131nar Mahallesi Ulu cami caddesi \u00fczerinde sabah ya\u011fan ya\u011fmur sonras\u0131 tek katl\u0131 bir i\u015f yerinin tavan\u0131nda \u00e7\u00f6kme ya\u015fand\u0131. Giyim ma\u011fazas\u0131 olarak hizmet veren i\u015f yerinin tavan\u0131nda d\u00f6k\u00fclen beton par\u00e7alar\u0131 kald\u0131r\u0131ma d\u00fc\u015ft\u00fc. Ya\u015fanan \u00e7\u00f6kme s\u0131ras\u0131nda b\u00fcy\u00fck panik ya\u015fand\u0131. Vatanda\u015flar \u015fans eseri kimsenin kald\u0131r\u0131m \u00fczerinde bulunmamas\u0131 en b\u00fcy\u00fck tesellimiz oldu dediler.\u00a0 \u200bHaberin Al\u0131nt\u0131land\u0131\u011f\u0131 Kaynak: www.iskenderun.org","og_url":"https:\/\/denizcankizil.tr\/en\/haberler\/gundem\/isyerinin-tavani-coktu\/","og_site_name":"Av. Deniz Can K\u0131z\u0131l","article_published_time":"2024-10-17T10:01:45+00:00","twitter_card":"summary_large_image","twitter_misc":{"Estimated reading time":"1 minute"},"schema":{"@context":"https:\/\/schema.org","@graph":[{"@type":"Article","@id":"https:\/\/denizcankizil.tr\/en\/haberler\/gundem\/isyerinin-tavani-coktu\/#article","isPartOf":{"@id":"https:\/\/denizcankizil.tr\/en\/haberler\/gundem\/isyerinin-tavani-coktu\/"},"author":{"name":"","@id":""},"headline":"\u0130\u015fyerinin Tavan\u0131 \u00c7\u00f6kt\u00fc","datePublished":"2024-10-17T10:01:45+00:00","mainEntityOfPage":{"@id":"https:\/\/denizcankizil.tr\/en\/haberler\/gundem\/isyerinin-tavani-coktu\/"},"wordCount":199,"commentCount":0,"publisher":{"@id":"https:\/\/denizcankizil.tr\/de\/#organization"},"articleSection":["G\u00fcndem"],"inLanguage":"en-GB","potentialAction":[{"@type":"CommentAction","name":"Comment","target":["https:\/\/denizcankizil.tr\/en\/haberler\/gundem\/isyerinin-tavani-coktu\/#respond"]}]},{"@type":"WebPage","@id":"https:\/\/denizcankizil.tr\/en\/haberler\/gundem\/isyerinin-tavani-coktu\/","url":"https:\/\/denizcankizil.tr\/en\/haberler\/gundem\/isyerinin-tavani-coktu\/","name":"\u0130\u015fyerinin Tavan\u0131 \u00c7\u00f6kt\u00fc - Av. Deniz Can K\u0131z\u0131l","isPartOf":{"@id":"https:\/\/denizcankizil.tr\/de\/#website"},"datePublished":"2024-10-17T10:01:45+00:00","breadcrumb":{"@id":"https:\/\/denizcankizil.tr\/en\/haberler\/gundem\/isyerinin-tavani-coktu\/#breadcrumb"},"inLanguage":"en-GB","potentialAction":[{"@type":"ReadAction","target":["https:\/\/denizcankizil.tr\/en\/haberler\/gundem\/isyerinin-tavani-coktu\/"]}]},{"@type":"BreadcrumbList","@id":"https:\/\/denizcankizil.tr\/en\/haberler\/gundem\/isyerinin-tavani-coktu\/#breadcrumb","itemListElement":[{"@type":"ListItem","position":1,"name":"Home","item":"https:\/\/denizcankizil.tr\/de\/"},{"@type":"ListItem","position":2,"name":"\u0130\u015fyerinin Tavan\u0131 \u00c7\u00f6kt\u00fc"}]},{"@type":"WebSite","@id":"https:\/\/denizcankizil.tr\/de\/#website","url":"https:\/\/denizcankizil.tr\/de\/","name":"Av. Deniz Can K\u0131z\u0131l","description":"Avukat Deniz Can K\u0131z\u0131l Antalya Barosu","publisher":{"@id":"https:\/\/denizcankizil.tr\/de\/#organization"},"potentialAction":[{"@type":"SearchAction","target":{"@type":"EntryPoint","urlTemplate":"https:\/\/denizcankizil.tr\/de\/?s={search_term_string}"},"query-input":{"@type":"PropertyValueSpecification","valueRequired":true,"valueName":"search_term_string"}}],"inLanguage":"en-GB"},{"@type":"Organization","@id":"https:\/\/denizcankizil.tr\/de\/#organization","name":"Av. Deniz Can K\u0131z\u0131l","url":"https:\/\/denizcankizil.tr\/de\/","logo":{"@type":"ImageObject","inLanguage":"en-GB","@id":"https:\/\/denizcankizil.tr\/de\/#\/schema\/logo\/image\/","url":"https:\/\/denizcankizil.tr\/wp-content\/uploads\/2024\/10\/siyah-logo-svg.svg","contentUrl":"https:\/\/denizcankizil.tr\/wp-content\/uploads\/2024\/10\/siyah-logo-svg.svg","width":1080,"height":1080,"caption":"Av. Deniz Can K\u0131z\u0131l"},"image":{"@id":"https:\/\/denizcankizil.tr\/de\/#\/schema\/logo\/image\/"}}]}},"_links":{"self":[{"href":"https:\/\/denizcankizil.tr\/en\/wp-json\/wp\/v2\/posts\/3715","targetHints":{"allow":["GET"]}}],"collection":[{"href":"https:\/\/denizcankizil.tr\/en\/wp-json\/wp\/v2\/posts"}],"about":[{"href":"https:\/\/denizcankizil.tr\/en\/wp-json\/wp\/v2\/types\/post"}],"replies":[{"embeddable":true,"href":"https:\/\/denizcankizil.tr\/en\/wp-json\/wp\/v2\/comments?post=3715"}],"version-history":[{"count":0,"href":"https:\/\/denizcankizil.tr\/en\/wp-json\/wp\/v2\/posts\/3715\/revisions"}],"wp:attachment":[{"href":"https:\/\/denizcankizil.tr\/en\/wp-json\/wp\/v2\/media?parent=3715"}],"wp:term":[{"taxonomy":"category","embeddable":true,"href":"https:\/\/denizcankizil.tr\/en\/wp-json\/wp\/v2\/categories?post=3715"},{"taxonomy":"post_tag","embeddable":true,"href":"https:\/\/denizcankizil.tr\/en\/wp-json\/wp\/v2\/tags?post=3715"}],"curies":[{"name":"wp","href":"https:\/\/api.w.org\/{rel}","templated":true}]}}