{"id":36981,"date":"2025-03-25T16:41:58","date_gmt":"2025-03-25T13:41:58","guid":{"rendered":"https:\/\/denizcankizil.tr\/uncategorized-tr\/emekli-iki-belediye-baskan-yardimcisi-bulustu\/"},"modified":"2025-03-25T16:41:58","modified_gmt":"2025-03-25T13:41:58","slug":"emekli-iki-belediye-baskan-yardimcisi-bulustu","status":"publish","type":"post","link":"https:\/\/denizcankizil.tr\/en\/haberler\/gundem\/emekli-iki-belediye-baskan-yardimcisi-bulustu\/","title":{"rendered":"Emekli iki belediye ba\u015fkan yard\u0131mc\u0131s\u0131 bulu\u015ftu\u2026"},"content":{"rendered":"<p>Adil Co\u015fkuner\/Erzin<\/p>\n<p>HEM eski M\u00fcd\u00fcrl\u00fc\u011f\u00fc ile Erzin Belediye Ba\u015fkan yard\u0131mc\u0131l\u0131\u011f\u0131 yapan emekli \u00d6kke\u015f Ko\u00e7ak, ge\u00e7mi\u015fte mesai yapt\u0131\u011f\u0131 Mehmet Vural\u2019\u0131 Vural Gayrimenkul Dan\u0131\u015fmanl\u0131k Ofisinde ziyaret etti. Emekli her iki Ba\u015fkan yard\u0131mc\u0131s\u0131 bir araya geldikleri ziyarette ho\u015f sohbet ortam\u0131nda bulu\u015ftu. Erzin Belediyesi emeklisi Ersan Vural, birlikte mesai yapt\u0131\u011f\u0131 HEM (Halk E\u011fitim Merkezi M\u00fcd\u00fcrl\u00fc\u011f\u00fc)\u2019nden emekli olan Belediye Ba\u015fkan yard\u0131mc\u0131lar\u0131ndan \u00d6kke\u015f Ko\u00e7ak\u2019la hem il\u00e7ede ya\u015fanan sorunlar \u00fczerine, hem de \u00fclke g\u00fcndemine ili\u015fkin kar\u015f\u0131l\u0131kl\u0131 al\u0131\u015fveri\u015finde bulundu. Ge\u00e7mi\u015f g\u00fcnlerde birlikte mesai yapt\u0131\u011f\u0131 zamanlar\u0131 da anmadan ge\u00e7emeyen her iki dost eski g\u00fcnleri de yad ettiler.<\/p>\n<p>\u200bHatay Erzin il\u00e7esinde Belediye ba\u015fkan yard\u0131mc\u0131l\u0131\u011f\u0131 g\u00f6revinde birlikte \u00e7al\u0131\u015fan \u00d6kke\u015f Ko\u00e7ak ve Mehmet Vural, uzun bir ardan sonda bir araya gelerek keyifli bir sohbet etti, birlikte eski g\u00fcnleri yad etti.\u00a0<\/p>\n<p>\u200bHaberin Al\u0131nt\u0131land\u0131\u011f\u0131 Kaynak: www.iskenderun.org<\/p>","protected":false},"excerpt":{"rendered":"<p>Adil Co\u015fkuner\/Erzin HEM eski M\u00fcd\u00fcrl\u00fc\u011f\u00fc ile Erzin Belediye Ba\u015fkan yard\u0131mc\u0131l\u0131\u011f\u0131 yapan emekli \u00d6kke\u015f Ko\u00e7ak, ge\u00e7mi\u015fte mesai yapt\u0131\u011f\u0131 Mehmet Vural\u2019\u0131 Vural Gayrimenkul Dan\u0131\u015fmanl\u0131k Ofisinde ziyaret etti. Emekli her iki Ba\u015fkan yard\u0131mc\u0131s\u0131 bir araya geldikleri ziyarette ho\u015f sohbet ortam\u0131nda bulu\u015ftu. Erzin Belediyesi emeklisi Ersan Vural, birlikte mesai yapt\u0131\u011f\u0131 HEM (Halk E\u011fitim Merkezi M\u00fcd\u00fcrl\u00fc\u011f\u00fc)\u2019nden emekli olan Belediye Ba\u015fkan yard\u0131mc\u0131lar\u0131ndan \u00d6kke\u015f Ko\u00e7ak\u2019la hem il\u00e7ede ya\u015fanan sorunlar \u00fczerine, hem de \u00fclke g\u00fcndemine ili\u015fkin kar\u015f\u0131l\u0131kl\u0131 al\u0131\u015fveri\u015finde bulundu. Ge\u00e7mi\u015f g\u00fcnlerde birlikte mesai yapt\u0131\u011f\u0131 zamanlar\u0131 da anmadan ge\u00e7emeyen her iki dost eski g\u00fcnleri de yad ettiler. \u200bHatay Erzin il\u00e7esinde Belediye ba\u015fkan yard\u0131mc\u0131l\u0131\u011f\u0131 g\u00f6revinde birlikte \u00e7al\u0131\u015fan \u00d6kke\u015f Ko\u00e7ak ve Mehmet Vural, uzun bir ardan sonda bir araya gelerek keyifli bir sohbet etti, birlikte eski g\u00fcnleri yad etti.\u00a0 \u200bHaberin Al\u0131nt\u0131land\u0131\u011f\u0131 Kaynak: www.iskenderun.org<\/p>","protected":false},"author":1,"featured_media":0,"comment_status":"","ping_status":"open","sticky":false,"template":"","format":"standard","meta":{"_acf_changed":false,"footnotes":""},"categories":[24],"tags":[],"class_list":["post-36981","post","type-post","status-publish","format-standard","has-post-thumbnail","hentry","category-gundem"],"acf":[],"yoast_head":"<!-- This site is optimized with the Yoast SEO Premium plugin v26.6 (Yoast SEO v27.1.1) - https:\/\/yoast.com\/product\/yoast-seo-premium-wordpress\/ -->\n<title>Emekli iki belediye ba\u015fkan yard\u0131mc\u0131s\u0131 bulu\u015ftu\u2026 - Av. Deniz Can K\u0131z\u0131l<\/title>\n<meta name=\"robots\" content=\"index, follow, max-snippet:-1, max-image-preview:large, max-video-preview:-1\" \/>\n<link rel=\"canonical\" href=\"https:\/\/denizcankizil.tr\/en\/haberler\/gundem\/emekli-iki-belediye-baskan-yardimcisi-bulustu\/\" \/>\n<meta property=\"og:locale\" content=\"en_GB\" \/>\n<meta property=\"og:type\" content=\"article\" \/>\n<meta property=\"og:title\" content=\"Emekli iki belediye ba\u015fkan yard\u0131mc\u0131s\u0131 bulu\u015ftu\u2026\" \/>\n<meta property=\"og:description\" content=\"Adil Co\u015fkuner\/Erzin HEM eski M\u00fcd\u00fcrl\u00fc\u011f\u00fc ile Erzin Belediye Ba\u015fkan yard\u0131mc\u0131l\u0131\u011f\u0131 yapan emekli \u00d6kke\u015f Ko\u00e7ak, ge\u00e7mi\u015fte mesai yapt\u0131\u011f\u0131 Mehmet Vural\u2019\u0131 Vural Gayrimenkul Dan\u0131\u015fmanl\u0131k Ofisinde ziyaret etti. Emekli her iki Ba\u015fkan yard\u0131mc\u0131s\u0131 bir araya geldikleri ziyarette ho\u015f sohbet ortam\u0131nda bulu\u015ftu. Erzin Belediyesi emeklisi Ersan Vural, birlikte mesai yapt\u0131\u011f\u0131 HEM (Halk E\u011fitim Merkezi M\u00fcd\u00fcrl\u00fc\u011f\u00fc)\u2019nden emekli olan Belediye Ba\u015fkan yard\u0131mc\u0131lar\u0131ndan \u00d6kke\u015f Ko\u00e7ak\u2019la hem il\u00e7ede ya\u015fanan sorunlar \u00fczerine, hem de \u00fclke g\u00fcndemine ili\u015fkin kar\u015f\u0131l\u0131kl\u0131 al\u0131\u015fveri\u015finde bulundu. Ge\u00e7mi\u015f g\u00fcnlerde birlikte mesai yapt\u0131\u011f\u0131 zamanlar\u0131 da anmadan ge\u00e7emeyen her iki dost eski g\u00fcnleri de yad ettiler. \u200bHatay Erzin il\u00e7esinde Belediye ba\u015fkan yard\u0131mc\u0131l\u0131\u011f\u0131 g\u00f6revinde birlikte \u00e7al\u0131\u015fan \u00d6kke\u015f Ko\u00e7ak ve Mehmet Vural, uzun bir ardan sonda bir araya gelerek keyifli bir sohbet etti, birlikte eski g\u00fcnleri yad etti.\u00a0 \u200bHaberin Al\u0131nt\u0131land\u0131\u011f\u0131 Kaynak: www.iskenderun.org\" \/>\n<meta property=\"og:url\" content=\"https:\/\/denizcankizil.tr\/en\/haberler\/gundem\/emekli-iki-belediye-baskan-yardimcisi-bulustu\/\" \/>\n<meta property=\"og:site_name\" content=\"Av. Deniz Can K\u0131z\u0131l\" \/>\n<meta property=\"article:published_time\" content=\"2025-03-25T13:41:58+00:00\" \/>\n<meta name=\"author\" content=\"admin\" \/>\n<meta name=\"twitter:card\" content=\"summary_large_image\" \/>\n<meta name=\"twitter:label1\" content=\"Written by\" \/>\n\t<meta name=\"twitter:data1\" content=\"admin\" \/>\n\t<meta name=\"twitter:label2\" content=\"Estimated reading time\" \/>\n\t<meta name=\"twitter:data2\" content=\"1 minute\" \/>\n<script type=\"application\/ld+json\" class=\"yoast-schema-graph\">{\"@context\":\"https:\/\/schema.org\",\"@graph\":[{\"@type\":\"Article\",\"@id\":\"https:\/\/denizcankizil.tr\/en\/haberler\/gundem\/emekli-iki-belediye-baskan-yardimcisi-bulustu\/#article\",\"isPartOf\":{\"@id\":\"https:\/\/denizcankizil.tr\/en\/haberler\/gundem\/emekli-iki-belediye-baskan-yardimcisi-bulustu\/\"},\"author\":{\"name\":\"admin\",\"@id\":\"https:\/\/denizcankizil.tr\/de\/#\/schema\/person\/be3c05fe6a12686905512445d8185489\"},\"headline\":\"Emekli iki belediye ba\u015fkan yard\u0131mc\u0131s\u0131 bulu\u015ftu\u2026\",\"datePublished\":\"2025-03-25T13:41:58+00:00\",\"mainEntityOfPage\":{\"@id\":\"https:\/\/denizcankizil.tr\/en\/haberler\/gundem\/emekli-iki-belediye-baskan-yardimcisi-bulustu\/\"},\"wordCount\":183,\"publisher\":{\"@id\":\"https:\/\/denizcankizil.tr\/de\/#organization\"},\"articleSection\":[\"G\u00fcndem\"],\"inLanguage\":\"en-GB\"},{\"@type\":\"WebPage\",\"@id\":\"https:\/\/denizcankizil.tr\/en\/haberler\/gundem\/emekli-iki-belediye-baskan-yardimcisi-bulustu\/\",\"url\":\"https:\/\/denizcankizil.tr\/en\/haberler\/gundem\/emekli-iki-belediye-baskan-yardimcisi-bulustu\/\",\"name\":\"Emekli iki belediye ba\u015fkan yard\u0131mc\u0131s\u0131 bulu\u015ftu\u2026 - Av. Deniz Can K\u0131z\u0131l\",\"isPartOf\":{\"@id\":\"https:\/\/denizcankizil.tr\/de\/#website\"},\"datePublished\":\"2025-03-25T13:41:58+00:00\",\"breadcrumb\":{\"@id\":\"https:\/\/denizcankizil.tr\/en\/haberler\/gundem\/emekli-iki-belediye-baskan-yardimcisi-bulustu\/#breadcrumb\"},\"inLanguage\":\"en-GB\",\"potentialAction\":[{\"@type\":\"ReadAction\",\"target\":[\"https:\/\/denizcankizil.tr\/en\/haberler\/gundem\/emekli-iki-belediye-baskan-yardimcisi-bulustu\/\"]}]},{\"@type\":\"BreadcrumbList\",\"@id\":\"https:\/\/denizcankizil.tr\/en\/haberler\/gundem\/emekli-iki-belediye-baskan-yardimcisi-bulustu\/#breadcrumb\",\"itemListElement\":[{\"@type\":\"ListItem\",\"position\":1,\"name\":\"Home\",\"item\":\"https:\/\/denizcankizil.tr\/de\/\"},{\"@type\":\"ListItem\",\"position\":2,\"name\":\"Emekli iki belediye ba\u015fkan yard\u0131mc\u0131s\u0131 bulu\u015ftu\u2026\"}]},{\"@type\":\"WebSite\",\"@id\":\"https:\/\/denizcankizil.tr\/de\/#website\",\"url\":\"https:\/\/denizcankizil.tr\/de\/\",\"name\":\"Av. Deniz Can K\u0131z\u0131l\",\"description\":\"Avukat Deniz Can K\u0131z\u0131l Antalya Barosu\",\"publisher\":{\"@id\":\"https:\/\/denizcankizil.tr\/de\/#organization\"},\"potentialAction\":[{\"@type\":\"SearchAction\",\"target\":{\"@type\":\"EntryPoint\",\"urlTemplate\":\"https:\/\/denizcankizil.tr\/de\/?s={search_term_string}\"},\"query-input\":{\"@type\":\"PropertyValueSpecification\",\"valueRequired\":true,\"valueName\":\"search_term_string\"}}],\"inLanguage\":\"en-GB\"},{\"@type\":\"Organization\",\"@id\":\"https:\/\/denizcankizil.tr\/de\/#organization\",\"name\":\"Av. Deniz Can K\u0131z\u0131l\",\"url\":\"https:\/\/denizcankizil.tr\/de\/\",\"logo\":{\"@type\":\"ImageObject\",\"inLanguage\":\"en-GB\",\"@id\":\"https:\/\/denizcankizil.tr\/de\/#\/schema\/logo\/image\/\",\"url\":\"https:\/\/denizcankizil.tr\/wp-content\/uploads\/2024\/10\/siyah-logo-svg.svg\",\"contentUrl\":\"https:\/\/denizcankizil.tr\/wp-content\/uploads\/2024\/10\/siyah-logo-svg.svg\",\"width\":1080,\"height\":1080,\"caption\":\"Av. Deniz Can K\u0131z\u0131l\"},\"image\":{\"@id\":\"https:\/\/denizcankizil.tr\/de\/#\/schema\/logo\/image\/\"}},{\"@type\":\"Person\",\"@id\":\"https:\/\/denizcankizil.tr\/de\/#\/schema\/person\/be3c05fe6a12686905512445d8185489\",\"name\":\"admin\",\"image\":{\"@type\":\"ImageObject\",\"inLanguage\":\"en-GB\",\"@id\":\"https:\/\/denizcankizil.tr\/de\/#\/schema\/person\/image\/\",\"url\":\"https:\/\/secure.gravatar.com\/avatar\/c1fce94c830dc79107e174f890d7210541c4a63e8e5d816341794a2151c9d58c?s=96&d=mm&r=g\",\"contentUrl\":\"https:\/\/secure.gravatar.com\/avatar\/c1fce94c830dc79107e174f890d7210541c4a63e8e5d816341794a2151c9d58c?s=96&d=mm&r=g\",\"caption\":\"admin\"},\"sameAs\":[\"http:\/\/denizcankizil.tr\"],\"url\":\"https:\/\/www.iskenderun.org\/emekli-iki-belediye-baskan-yardimcisi-bulustu\"}]}<\/script>\n<!-- \/ Yoast SEO Premium plugin. -->","yoast_head_json":{"title":"Emekli iki belediye ba\u015fkan yard\u0131mc\u0131s\u0131 bulu\u015ftu\u2026 - Av. Deniz Can K\u0131z\u0131l","robots":{"index":"index","follow":"follow","max-snippet":"max-snippet:-1","max-image-preview":"max-image-preview:large","max-video-preview":"max-video-preview:-1"},"canonical":"https:\/\/denizcankizil.tr\/en\/haberler\/gundem\/emekli-iki-belediye-baskan-yardimcisi-bulustu\/","og_locale":"en_GB","og_type":"article","og_title":"Emekli iki belediye ba\u015fkan yard\u0131mc\u0131s\u0131 bulu\u015ftu\u2026","og_description":"Adil Co\u015fkuner\/Erzin HEM eski M\u00fcd\u00fcrl\u00fc\u011f\u00fc ile Erzin Belediye Ba\u015fkan yard\u0131mc\u0131l\u0131\u011f\u0131 yapan emekli \u00d6kke\u015f Ko\u00e7ak, ge\u00e7mi\u015fte mesai yapt\u0131\u011f\u0131 Mehmet Vural\u2019\u0131 Vural Gayrimenkul Dan\u0131\u015fmanl\u0131k Ofisinde ziyaret etti. Emekli her iki Ba\u015fkan yard\u0131mc\u0131s\u0131 bir araya geldikleri ziyarette ho\u015f sohbet ortam\u0131nda bulu\u015ftu. Erzin Belediyesi emeklisi Ersan Vural, birlikte mesai yapt\u0131\u011f\u0131 HEM (Halk E\u011fitim Merkezi M\u00fcd\u00fcrl\u00fc\u011f\u00fc)\u2019nden emekli olan Belediye Ba\u015fkan yard\u0131mc\u0131lar\u0131ndan \u00d6kke\u015f Ko\u00e7ak\u2019la hem il\u00e7ede ya\u015fanan sorunlar \u00fczerine, hem de \u00fclke g\u00fcndemine ili\u015fkin kar\u015f\u0131l\u0131kl\u0131 al\u0131\u015fveri\u015finde bulundu. Ge\u00e7mi\u015f g\u00fcnlerde birlikte mesai yapt\u0131\u011f\u0131 zamanlar\u0131 da anmadan ge\u00e7emeyen her iki dost eski g\u00fcnleri de yad ettiler. \u200bHatay Erzin il\u00e7esinde Belediye ba\u015fkan yard\u0131mc\u0131l\u0131\u011f\u0131 g\u00f6revinde birlikte \u00e7al\u0131\u015fan \u00d6kke\u015f Ko\u00e7ak ve Mehmet Vural, uzun bir ardan sonda bir araya gelerek keyifli bir sohbet etti, birlikte eski g\u00fcnleri yad etti.\u00a0 \u200bHaberin Al\u0131nt\u0131land\u0131\u011f\u0131 Kaynak: www.iskenderun.org","og_url":"https:\/\/denizcankizil.tr\/en\/haberler\/gundem\/emekli-iki-belediye-baskan-yardimcisi-bulustu\/","og_site_name":"Av. Deniz Can K\u0131z\u0131l","article_published_time":"2025-03-25T13:41:58+00:00","author":"admin","twitter_card":"summary_large_image","twitter_misc":{"Written by":"admin","Estimated reading time":"1 minute"},"schema":{"@context":"https:\/\/schema.org","@graph":[{"@type":"Article","@id":"https:\/\/denizcankizil.tr\/en\/haberler\/gundem\/emekli-iki-belediye-baskan-yardimcisi-bulustu\/#article","isPartOf":{"@id":"https:\/\/denizcankizil.tr\/en\/haberler\/gundem\/emekli-iki-belediye-baskan-yardimcisi-bulustu\/"},"author":{"name":"admin","@id":"https:\/\/denizcankizil.tr\/de\/#\/schema\/person\/be3c05fe6a12686905512445d8185489"},"headline":"Emekli iki belediye ba\u015fkan yard\u0131mc\u0131s\u0131 bulu\u015ftu\u2026","datePublished":"2025-03-25T13:41:58+00:00","mainEntityOfPage":{"@id":"https:\/\/denizcankizil.tr\/en\/haberler\/gundem\/emekli-iki-belediye-baskan-yardimcisi-bulustu\/"},"wordCount":183,"publisher":{"@id":"https:\/\/denizcankizil.tr\/de\/#organization"},"articleSection":["G\u00fcndem"],"inLanguage":"en-GB"},{"@type":"WebPage","@id":"https:\/\/denizcankizil.tr\/en\/haberler\/gundem\/emekli-iki-belediye-baskan-yardimcisi-bulustu\/","url":"https:\/\/denizcankizil.tr\/en\/haberler\/gundem\/emekli-iki-belediye-baskan-yardimcisi-bulustu\/","name":"Emekli iki belediye ba\u015fkan yard\u0131mc\u0131s\u0131 bulu\u015ftu\u2026 - Av. Deniz Can K\u0131z\u0131l","isPartOf":{"@id":"https:\/\/denizcankizil.tr\/de\/#website"},"datePublished":"2025-03-25T13:41:58+00:00","breadcrumb":{"@id":"https:\/\/denizcankizil.tr\/en\/haberler\/gundem\/emekli-iki-belediye-baskan-yardimcisi-bulustu\/#breadcrumb"},"inLanguage":"en-GB","potentialAction":[{"@type":"ReadAction","target":["https:\/\/denizcankizil.tr\/en\/haberler\/gundem\/emekli-iki-belediye-baskan-yardimcisi-bulustu\/"]}]},{"@type":"BreadcrumbList","@id":"https:\/\/denizcankizil.tr\/en\/haberler\/gundem\/emekli-iki-belediye-baskan-yardimcisi-bulustu\/#breadcrumb","itemListElement":[{"@type":"ListItem","position":1,"name":"Home","item":"https:\/\/denizcankizil.tr\/de\/"},{"@type":"ListItem","position":2,"name":"Emekli iki belediye ba\u015fkan yard\u0131mc\u0131s\u0131 bulu\u015ftu\u2026"}]},{"@type":"WebSite","@id":"https:\/\/denizcankizil.tr\/de\/#website","url":"https:\/\/denizcankizil.tr\/de\/","name":"Av. Deniz Can K\u0131z\u0131l","description":"Avukat Deniz Can K\u0131z\u0131l Antalya Barosu","publisher":{"@id":"https:\/\/denizcankizil.tr\/de\/#organization"},"potentialAction":[{"@type":"SearchAction","target":{"@type":"EntryPoint","urlTemplate":"https:\/\/denizcankizil.tr\/de\/?s={search_term_string}"},"query-input":{"@type":"PropertyValueSpecification","valueRequired":true,"valueName":"search_term_string"}}],"inLanguage":"en-GB"},{"@type":"Organization","@id":"https:\/\/denizcankizil.tr\/de\/#organization","name":"Av. Deniz Can K\u0131z\u0131l","url":"https:\/\/denizcankizil.tr\/de\/","logo":{"@type":"ImageObject","inLanguage":"en-GB","@id":"https:\/\/denizcankizil.tr\/de\/#\/schema\/logo\/image\/","url":"https:\/\/denizcankizil.tr\/wp-content\/uploads\/2024\/10\/siyah-logo-svg.svg","contentUrl":"https:\/\/denizcankizil.tr\/wp-content\/uploads\/2024\/10\/siyah-logo-svg.svg","width":1080,"height":1080,"caption":"Av. Deniz Can K\u0131z\u0131l"},"image":{"@id":"https:\/\/denizcankizil.tr\/de\/#\/schema\/logo\/image\/"}},{"@type":"Person","@id":"https:\/\/denizcankizil.tr\/de\/#\/schema\/person\/be3c05fe6a12686905512445d8185489","name":"admin","image":{"@type":"ImageObject","inLanguage":"en-GB","@id":"https:\/\/denizcankizil.tr\/de\/#\/schema\/person\/image\/","url":"https:\/\/secure.gravatar.com\/avatar\/c1fce94c830dc79107e174f890d7210541c4a63e8e5d816341794a2151c9d58c?s=96&d=mm&r=g","contentUrl":"https:\/\/secure.gravatar.com\/avatar\/c1fce94c830dc79107e174f890d7210541c4a63e8e5d816341794a2151c9d58c?s=96&d=mm&r=g","caption":"admin"},"sameAs":["http:\/\/denizcankizil.tr"],"url":"https:\/\/www.iskenderun.org\/emekli-iki-belediye-baskan-yardimcisi-bulustu"}]}},"_links":{"self":[{"href":"https:\/\/denizcankizil.tr\/en\/wp-json\/wp\/v2\/posts\/36981","targetHints":{"allow":["GET"]}}],"collection":[{"href":"https:\/\/denizcankizil.tr\/en\/wp-json\/wp\/v2\/posts"}],"about":[{"href":"https:\/\/denizcankizil.tr\/en\/wp-json\/wp\/v2\/types\/post"}],"author":[{"embeddable":true,"href":"https:\/\/denizcankizil.tr\/en\/wp-json\/wp\/v2\/users\/1"}],"replies":[{"embeddable":true,"href":"https:\/\/denizcankizil.tr\/en\/wp-json\/wp\/v2\/comments?post=36981"}],"version-history":[{"count":0,"href":"https:\/\/denizcankizil.tr\/en\/wp-json\/wp\/v2\/posts\/36981\/revisions"}],"wp:attachment":[{"href":"https:\/\/denizcankizil.tr\/en\/wp-json\/wp\/v2\/media?parent=36981"}],"wp:term":[{"taxonomy":"category","embeddable":true,"href":"https:\/\/denizcankizil.tr\/en\/wp-json\/wp\/v2\/categories?post=36981"},{"taxonomy":"post_tag","embeddable":true,"href":"https:\/\/denizcankizil.tr\/en\/wp-json\/wp\/v2\/tags?post=36981"}],"curies":[{"name":"wp","href":"https:\/\/api.w.org\/{rel}","templated":true}]}}