{"id":36976,"date":"2025-03-25T16:41:47","date_gmt":"2025-03-25T13:41:47","guid":{"rendered":"https:\/\/denizcankizil.tr\/uncategorized-tr\/ekrem-imamoglundan-gokceke-sert-cevap-savcilari-goreve-davet-etti\/"},"modified":"2025-03-25T16:41:47","modified_gmt":"2025-03-25T13:41:47","slug":"ekrem-imamoglundan-gokceke-sert-cevap-savcilari-goreve-davet-etti","status":"publish","type":"post","link":"https:\/\/denizcankizil.tr\/en\/haberler\/gundem\/ekrem-imamoglundan-gokceke-sert-cevap-savcilari-goreve-davet-etti\/","title":{"rendered":"Ekrem \u0130mamo\u011flu&#8217;ndan G\u00f6k\u00e7ek&#8217;e sert cevap! Savc\u0131lar\u0131 g\u00f6reve davet etti"},"content":{"rendered":"<p>Eski Ankara B\u00fcy\u00fck\u015fehir Belediye Ba\u015fkan\u0131 Melih G\u00f6k\u00e7ek\u2019in ge\u00e7ti\u011fimiz g\u00fcn sosyal medya \u00fczerinden \u0130stanbul B\u00fcy\u00fck\u015fehir Belediye (\u0130BB) Ba\u015fkan\u0131 Ekrem \u0130mamo\u011flu\u2019nun e\u015fi Dilek \u0130mamo\u011flu\u2019na y\u00f6nelik yapt\u0131\u011f\u0131 payla\u015f\u0131m tart\u0131\u015fma yaratt\u0131. Hapishanede tutuklu olarak yarg\u0131lanan \u0130mamo\u011flu ise G\u00f6k\u00e7ek\u2019in kulland\u0131\u011f\u0131 kelimelere sert tepki g\u00f6sterdi. \u0130mamo\u011flu, ailesin ve e\u015finin hedef al\u0131nd\u0131\u011f\u0131 belirterek savc\u0131lara gerekli \u00f6nlemleri almas\u0131 i\u00e7in \u00e7a\u011fr\u0131da bulundu.\u00a0<\/p>\n<p>TARTI\u015eMA YARATTI\u00a0<\/p>\n<p>\u0130stanbul B\u00fcy\u00fck\u015fehir Belediye (\u0130BB) Ba\u015fkan\u0131 Ekrem \u0130mamo\u011flu\u2019nun tutuklanmas\u0131n\u0131n ard\u0131ndan ba\u015flayan protestolar devam ediyor. Ge\u00e7ti\u011fimiz g\u00fcn CHP Genel Ba\u015fkan\u0131 \u00d6zg\u00fcr \u00d6zel, Sara\u00e7hane\u2019de konu\u015fma yapt\u0131. Burada yapt\u0131\u011f\u0131 konu\u015fma s\u0131ras\u0131nda eyleme kat\u0131lan baz\u0131 ki\u015filer Cumhurba\u015fkan\u0131 Recep Tayyip Erdo\u011fan\u2019\u0131n annesine k\u00fcf\u00fcr etti. Ya\u015fanan bu olay tart\u0131\u015fmalar\u0131 alevlendirdi.\u00a0<\/p>\n<p>MEL\u0130H G\u00d6K\u00c7EK\u2019\u0130N PAYLA\u015eIMI\u00a0<\/p>\n<p>Tart\u0131\u015fmalar devam ederken eski Ankara B\u00fcy\u00fck\u015fehir Belediye Ba\u015fkan\u0131 Melih G\u00f6k\u00e7ek ise yapt\u0131\u011f\u0131 payla\u015f\u0131mla ele\u015ftiri oklar\u0131n\u0131n hedefi oldu. Sosyal medya \u00fczerinden yapt\u0131\u011f\u0131 a\u00e7\u0131klamalarla s\u0131k s\u0131k g\u00fcndem olan G\u00f6k\u00e7ek, bu sefer Ekrem \u0130mamo\u011flu\u2019nun e\u015fi Dilek \u0130mamo\u011flu\u2019nu hedef ald\u0131. Melih G\u00f6k\u00e7ek yapt\u0131\u011f\u0131 payla\u015f\u0131m\u0131nda, \u201cDilek \u0130mamo\u011flu belli ki kocan\u0131n i\u00e7eriye girmesinden \u00e7ok memnunsun. Aran\u0131z a\u00e7\u0131km\u0131\u015f. Bu kadar belli etmene de gerek yok. \u015eimdi Ekrem bunu duyunca acayip can\u0131 s\u0131k\u0131lm\u0131\u015ft\u0131r\u201d dedi.<\/p>\n<p>\u0130MAMO\u011eLU\u2019NDA SERT TEPK\u0130<\/p>\n<p>\u015eu anda cezaevinde tutuklu bulunan Ekrem \u0130mamo\u011flu ise Melih G\u00f6k\u00e7ek\u2019in bu payla\u015f\u0131m\u0131na sert tepki g\u00f6sterdi. \u0130mamo\u011flu sosyal medya \u00fczerinden yapt\u0131\u011f\u0131 payla\u015f\u0131mda ailesi ve sevdiklerinin hedef al\u0131nd\u0131\u011f\u0131n\u0131 belirtip, savc\u0131lar\u0131 g\u00f6reve davet etti. \u0130mamo\u011flu, \u201cSiyasi tarihimizin g\u00f6rd\u00fc\u011f\u00fc en b\u00fcy\u00fck adaletsizliklerden biriyle kar\u015f\u0131 kar\u015f\u0131yay\u0131m. Elbette 19 Mart darbesine kar\u015f\u0131 me\u015fru her yolu kullanarak m\u00fccadele edece\u011fiz. Ancak bu darbe i\u00e7in bile, ekmek gibi su gibi hava gibi m\u00fcbarek bildi\u011fim annelerimize hakaretler ya\u011fd\u0131r\u0131lmas\u0131na g\u00f6nl\u00fcm raz\u0131 gelmez. Cumhurba\u015fkan\u0131n\u0131n annesine y\u00f6nelik hakaretleri t\u00fcm kalbimle sonuna kadar k\u0131n\u0131yorum. Bu vesileyle kendisine y\u00fcce Yaradan\u2019dan tekrar rahmet diliyorum.\u00a0<\/p>\n<p>Cezaevinde olmam\u0131z\u0131 f\u0131rsat bilip annemle, e\u015fimle ve ailemle ilgili ahlaks\u0131z payla\u015f\u0131mlar yapan ki\u015filerle ilgili de savc\u0131l\u0131\u011f\u0131 g\u00f6reve davet ediyorum. Her konuda re\u2019sen, jet h\u0131z\u0131nda soru\u015fturma a\u00e7anlar s\u00f6z konusu bizim ailemiz olunca kafas\u0131n\u0131 sokacak yer ar\u0131yor. Biz iktidara gelince sizin bize yapt\u0131\u011f\u0131n\u0131z\u0131 yapmayaca\u011f\u0131z. Adalet herkesin g\u00fcvencesi olacak, hukuk herkesin can ve mal g\u00fcvenli\u011fini sa\u011flayacak, kimse kimsenin mal\u0131na m\u00fclk\u00fcne, \u015ferefine, onuruna, haysiyetine el uzatamayacak\u201d diye konu\u015ftu.\u00a0<\/p>\n<p>Siyasi tarihimizin g\u00f6rd\u00fc\u011f\u00fc en b\u00fcy\u00fck adaletsizliklerden biriyle kar\u015f\u0131 kar\u015f\u0131yay\u0131m.<\/p>\n<p>Elbette 19 Mart darbesine kar\u015f\u0131 me\u015fru her yolu kullanarak m\u00fccadele edece\u011fiz.<\/p>\n<p>Ancak bu darbe i\u00e7in bile, ekmek gibi su gibi hava gibi m\u00fcbarek bildi\u011fim annelerimize hakaretler ya\u011fd\u0131r\u0131lmas\u0131na g\u00f6nl\u00fcm\u2026<br \/>\n\u2014 Ekrem \u0130mamo\u011flu (@ekrem_imamoglu) March 25, 2025<\/p>\n<p>\u200b\u0130stanbul B\u00fcy\u00fck\u015fehir Belediye (\u0130BB) Ba\u015fkan\u0131 Ekrem \u0130mamo\u011flu, eski Ankara B\u00fcy\u00fck\u015fehir Belediye Ba\u015fkan\u0131 Melih G\u00f6k\u00e7ek\u2019in s\u00f6zlerine sert yan\u0131t verdi. Hapiste olmas\u0131ndan dolay\u0131 annesi ve e\u015finin hedef ald\u0131\u011f\u0131n\u0131 belirten \u0130mamo\u011flu, G\u00f6k\u00e7ek\u2019in kulland\u0131\u011f\u0131 s\u00f6zlerden sonra savc\u0131l\u0131\u011f\u0131 g\u00f6reve davet etti.\u00a0<\/p>\n<p>\u200bHaberin Al\u0131nt\u0131land\u0131\u011f\u0131 Kaynak: www.antalyakorfez.com<\/p>","protected":false},"excerpt":{"rendered":"<p>Eski Ankara B\u00fcy\u00fck\u015fehir Belediye Ba\u015fkan\u0131 Melih G\u00f6k\u00e7ek\u2019in ge\u00e7ti\u011fimiz g\u00fcn sosyal medya \u00fczerinden \u0130stanbul B\u00fcy\u00fck\u015fehir Belediye (\u0130BB) Ba\u015fkan\u0131 Ekrem \u0130mamo\u011flu\u2019nun e\u015fi Dilek \u0130mamo\u011flu\u2019na y\u00f6nelik yapt\u0131\u011f\u0131 payla\u015f\u0131m tart\u0131\u015fma yaratt\u0131. Hapishanede tutuklu olarak yarg\u0131lanan \u0130mamo\u011flu ise G\u00f6k\u00e7ek\u2019in kulland\u0131\u011f\u0131 kelimelere sert tepki g\u00f6sterdi. \u0130mamo\u011flu, ailesin ve e\u015finin hedef al\u0131nd\u0131\u011f\u0131 belirterek savc\u0131lara gerekli \u00f6nlemleri almas\u0131 i\u00e7in \u00e7a\u011fr\u0131da bulundu.\u00a0 TARTI\u015eMA YARATTI\u00a0 \u0130stanbul B\u00fcy\u00fck\u015fehir Belediye (\u0130BB) Ba\u015fkan\u0131 Ekrem \u0130mamo\u011flu\u2019nun tutuklanmas\u0131n\u0131n ard\u0131ndan ba\u015flayan protestolar devam ediyor. Ge\u00e7ti\u011fimiz g\u00fcn CHP Genel Ba\u015fkan\u0131 \u00d6zg\u00fcr \u00d6zel, Sara\u00e7hane\u2019de konu\u015fma yapt\u0131. Burada yapt\u0131\u011f\u0131 konu\u015fma s\u0131ras\u0131nda eyleme kat\u0131lan baz\u0131 ki\u015filer Cumhurba\u015fkan\u0131 Recep Tayyip Erdo\u011fan\u2019\u0131n annesine k\u00fcf\u00fcr etti. Ya\u015fanan bu olay tart\u0131\u015fmalar\u0131 alevlendirdi.\u00a0 MEL\u0130H G\u00d6K\u00c7EK\u2019\u0130N PAYLA\u015eIMI\u00a0 Tart\u0131\u015fmalar devam ederken eski Ankara B\u00fcy\u00fck\u015fehir Belediye Ba\u015fkan\u0131 Melih G\u00f6k\u00e7ek ise yapt\u0131\u011f\u0131 payla\u015f\u0131mla ele\u015ftiri oklar\u0131n\u0131n hedefi oldu. Sosyal medya \u00fczerinden yapt\u0131\u011f\u0131 a\u00e7\u0131klamalarla s\u0131k s\u0131k g\u00fcndem olan G\u00f6k\u00e7ek, bu sefer Ekrem \u0130mamo\u011flu\u2019nun e\u015fi Dilek \u0130mamo\u011flu\u2019nu hedef ald\u0131. Melih G\u00f6k\u00e7ek yapt\u0131\u011f\u0131 payla\u015f\u0131m\u0131nda, \u201cDilek \u0130mamo\u011flu belli ki kocan\u0131n i\u00e7eriye girmesinden \u00e7ok memnunsun. Aran\u0131z a\u00e7\u0131km\u0131\u015f. Bu kadar belli etmene de gerek yok. \u015eimdi Ekrem bunu duyunca acayip can\u0131 s\u0131k\u0131lm\u0131\u015ft\u0131r\u201d dedi. \u0130MAMO\u011eLU\u2019NDA SERT TEPK\u0130 \u015eu anda cezaevinde tutuklu bulunan Ekrem \u0130mamo\u011flu ise Melih G\u00f6k\u00e7ek\u2019in bu payla\u015f\u0131m\u0131na sert tepki g\u00f6sterdi. \u0130mamo\u011flu sosyal medya \u00fczerinden yapt\u0131\u011f\u0131 payla\u015f\u0131mda ailesi ve sevdiklerinin hedef al\u0131nd\u0131\u011f\u0131n\u0131 belirtip, savc\u0131lar\u0131 g\u00f6reve davet &hellip;<\/p>","protected":false},"author":5,"featured_media":0,"comment_status":"","ping_status":"open","sticky":false,"template":"","format":"standard","meta":{"_acf_changed":false,"footnotes":""},"categories":[24],"tags":[],"class_list":["post-36976","post","type-post","status-publish","format-standard","has-post-thumbnail","hentry","category-gundem"],"acf":[],"yoast_head":"<!-- This site is optimized with the Yoast SEO Premium plugin v26.6 (Yoast SEO v27.1.1) - https:\/\/yoast.com\/product\/yoast-seo-premium-wordpress\/ -->\n<title>Ekrem \u0130mamo\u011flu&#039;ndan G\u00f6k\u00e7ek&#039;e sert cevap! Savc\u0131lar\u0131 g\u00f6reve davet etti - Av. Deniz Can K\u0131z\u0131l<\/title>\n<meta name=\"robots\" content=\"index, follow, max-snippet:-1, max-image-preview:large, max-video-preview:-1\" \/>\n<link rel=\"canonical\" href=\"http:\/\/denizcankizil.tr\/en\/haberler\/gundem\/ekrem-imamoglundan-gokceke-sert-cevap-savcilari-goreve-davet-etti\/\" \/>\n<meta property=\"og:locale\" content=\"en_GB\" \/>\n<meta property=\"og:type\" content=\"article\" \/>\n<meta property=\"og:title\" content=\"Ekrem \u0130mamo\u011flu&#039;ndan G\u00f6k\u00e7ek&#039;e sert cevap! Savc\u0131lar\u0131 g\u00f6reve davet etti\" \/>\n<meta property=\"og:description\" content=\"Eski Ankara B\u00fcy\u00fck\u015fehir Belediye Ba\u015fkan\u0131 Melih G\u00f6k\u00e7ek\u2019in ge\u00e7ti\u011fimiz g\u00fcn sosyal medya \u00fczerinden \u0130stanbul B\u00fcy\u00fck\u015fehir Belediye (\u0130BB) Ba\u015fkan\u0131 Ekrem \u0130mamo\u011flu\u2019nun e\u015fi Dilek \u0130mamo\u011flu\u2019na y\u00f6nelik yapt\u0131\u011f\u0131 payla\u015f\u0131m tart\u0131\u015fma yaratt\u0131. Hapishanede tutuklu olarak yarg\u0131lanan \u0130mamo\u011flu ise G\u00f6k\u00e7ek\u2019in kulland\u0131\u011f\u0131 kelimelere sert tepki g\u00f6sterdi. \u0130mamo\u011flu, ailesin ve e\u015finin hedef al\u0131nd\u0131\u011f\u0131 belirterek savc\u0131lara gerekli \u00f6nlemleri almas\u0131 i\u00e7in \u00e7a\u011fr\u0131da bulundu.\u00a0 TARTI\u015eMA YARATTI\u00a0 \u0130stanbul B\u00fcy\u00fck\u015fehir Belediye (\u0130BB) Ba\u015fkan\u0131 Ekrem \u0130mamo\u011flu\u2019nun tutuklanmas\u0131n\u0131n ard\u0131ndan ba\u015flayan protestolar devam ediyor. Ge\u00e7ti\u011fimiz g\u00fcn CHP Genel Ba\u015fkan\u0131 \u00d6zg\u00fcr \u00d6zel, Sara\u00e7hane\u2019de konu\u015fma yapt\u0131. Burada yapt\u0131\u011f\u0131 konu\u015fma s\u0131ras\u0131nda eyleme kat\u0131lan baz\u0131 ki\u015filer Cumhurba\u015fkan\u0131 Recep Tayyip Erdo\u011fan\u2019\u0131n annesine k\u00fcf\u00fcr etti. Ya\u015fanan bu olay tart\u0131\u015fmalar\u0131 alevlendirdi.\u00a0 MEL\u0130H G\u00d6K\u00c7EK\u2019\u0130N PAYLA\u015eIMI\u00a0 Tart\u0131\u015fmalar devam ederken eski Ankara B\u00fcy\u00fck\u015fehir Belediye Ba\u015fkan\u0131 Melih G\u00f6k\u00e7ek ise yapt\u0131\u011f\u0131 payla\u015f\u0131mla ele\u015ftiri oklar\u0131n\u0131n hedefi oldu. Sosyal medya \u00fczerinden yapt\u0131\u011f\u0131 a\u00e7\u0131klamalarla s\u0131k s\u0131k g\u00fcndem olan G\u00f6k\u00e7ek, bu sefer Ekrem \u0130mamo\u011flu\u2019nun e\u015fi Dilek \u0130mamo\u011flu\u2019nu hedef ald\u0131. Melih G\u00f6k\u00e7ek yapt\u0131\u011f\u0131 payla\u015f\u0131m\u0131nda, \u201cDilek \u0130mamo\u011flu belli ki kocan\u0131n i\u00e7eriye girmesinden \u00e7ok memnunsun. Aran\u0131z a\u00e7\u0131km\u0131\u015f. Bu kadar belli etmene de gerek yok. \u015eimdi Ekrem bunu duyunca acayip can\u0131 s\u0131k\u0131lm\u0131\u015ft\u0131r\u201d dedi. \u0130MAMO\u011eLU\u2019NDA SERT TEPK\u0130 \u015eu anda cezaevinde tutuklu bulunan Ekrem \u0130mamo\u011flu ise Melih G\u00f6k\u00e7ek\u2019in bu payla\u015f\u0131m\u0131na sert tepki g\u00f6sterdi. \u0130mamo\u011flu sosyal medya \u00fczerinden yapt\u0131\u011f\u0131 payla\u015f\u0131mda ailesi ve sevdiklerinin hedef al\u0131nd\u0131\u011f\u0131n\u0131 belirtip, savc\u0131lar\u0131 g\u00f6reve davet &hellip;\" \/>\n<meta property=\"og:url\" content=\"http:\/\/denizcankizil.tr\/en\/haberler\/gundem\/ekrem-imamoglundan-gokceke-sert-cevap-savcilari-goreve-davet-etti\/\" \/>\n<meta property=\"og:site_name\" content=\"Av. Deniz Can K\u0131z\u0131l\" \/>\n<meta property=\"article:published_time\" content=\"2025-03-25T13:41:47+00:00\" \/>\n<meta name=\"author\" content=\"Antalya K\u00f6rfez\" \/>\n<meta name=\"twitter:card\" content=\"summary_large_image\" \/>\n<meta name=\"twitter:label1\" content=\"Written by\" \/>\n\t<meta name=\"twitter:data1\" content=\"Antalya K\u00f6rfez\" \/>\n\t<meta name=\"twitter:label2\" content=\"Estimated reading time\" \/>\n\t<meta name=\"twitter:data2\" content=\"3 minutes\" \/>\n<script type=\"application\/ld+json\" class=\"yoast-schema-graph\">{\"@context\":\"https:\/\/schema.org\",\"@graph\":[{\"@type\":\"Article\",\"@id\":\"http:\/\/denizcankizil.tr\/ru\/haberler\/gundem\/ekrem-imamoglundan-gokceke-sert-cevap-savcilari-goreve-davet-etti\/#article\",\"isPartOf\":{\"@id\":\"http:\/\/denizcankizil.tr\/ru\/haberler\/gundem\/ekrem-imamoglundan-gokceke-sert-cevap-savcilari-goreve-davet-etti\/\"},\"author\":{\"name\":\"Antalya K\u00f6rfez\",\"@id\":\"https:\/\/denizcankizil.tr\/de\/#\/schema\/person\/e1eb71bb4dd684d46563f0af307e1234\"},\"headline\":\"Ekrem \u0130mamo\u011flu&#8217;ndan G\u00f6k\u00e7ek&#8217;e sert cevap! Savc\u0131lar\u0131 g\u00f6reve davet etti\",\"datePublished\":\"2025-03-25T13:41:47+00:00\",\"mainEntityOfPage\":{\"@id\":\"http:\/\/denizcankizil.tr\/ru\/haberler\/gundem\/ekrem-imamoglundan-gokceke-sert-cevap-savcilari-goreve-davet-etti\/\"},\"wordCount\":639,\"publisher\":{\"@id\":\"https:\/\/denizcankizil.tr\/de\/#organization\"},\"articleSection\":[\"G\u00fcndem\"],\"inLanguage\":\"en-GB\"},{\"@type\":\"WebPage\",\"@id\":\"http:\/\/denizcankizil.tr\/ru\/haberler\/gundem\/ekrem-imamoglundan-gokceke-sert-cevap-savcilari-goreve-davet-etti\/\",\"url\":\"http:\/\/denizcankizil.tr\/ru\/haberler\/gundem\/ekrem-imamoglundan-gokceke-sert-cevap-savcilari-goreve-davet-etti\/\",\"name\":\"Ekrem \u0130mamo\u011flu'ndan G\u00f6k\u00e7ek'e sert cevap! Savc\u0131lar\u0131 g\u00f6reve davet etti - Av. Deniz Can K\u0131z\u0131l\",\"isPartOf\":{\"@id\":\"https:\/\/denizcankizil.tr\/de\/#website\"},\"datePublished\":\"2025-03-25T13:41:47+00:00\",\"breadcrumb\":{\"@id\":\"http:\/\/denizcankizil.tr\/ru\/haberler\/gundem\/ekrem-imamoglundan-gokceke-sert-cevap-savcilari-goreve-davet-etti\/#breadcrumb\"},\"inLanguage\":\"en-GB\",\"potentialAction\":[{\"@type\":\"ReadAction\",\"target\":[\"http:\/\/denizcankizil.tr\/ru\/haberler\/gundem\/ekrem-imamoglundan-gokceke-sert-cevap-savcilari-goreve-davet-etti\/\"]}]},{\"@type\":\"BreadcrumbList\",\"@id\":\"http:\/\/denizcankizil.tr\/ru\/haberler\/gundem\/ekrem-imamoglundan-gokceke-sert-cevap-savcilari-goreve-davet-etti\/#breadcrumb\",\"itemListElement\":[{\"@type\":\"ListItem\",\"position\":1,\"name\":\"Home\",\"item\":\"https:\/\/denizcankizil.tr\/de\/\"},{\"@type\":\"ListItem\",\"position\":2,\"name\":\"Ekrem \u0130mamo\u011flu&#8217;ndan G\u00f6k\u00e7ek&#8217;e sert cevap! Savc\u0131lar\u0131 g\u00f6reve davet etti\"}]},{\"@type\":\"WebSite\",\"@id\":\"https:\/\/denizcankizil.tr\/de\/#website\",\"url\":\"https:\/\/denizcankizil.tr\/de\/\",\"name\":\"Av. Deniz Can K\u0131z\u0131l\",\"description\":\"Avukat Deniz Can K\u0131z\u0131l Antalya Barosu\",\"publisher\":{\"@id\":\"https:\/\/denizcankizil.tr\/de\/#organization\"},\"potentialAction\":[{\"@type\":\"SearchAction\",\"target\":{\"@type\":\"EntryPoint\",\"urlTemplate\":\"https:\/\/denizcankizil.tr\/de\/?s={search_term_string}\"},\"query-input\":{\"@type\":\"PropertyValueSpecification\",\"valueRequired\":true,\"valueName\":\"search_term_string\"}}],\"inLanguage\":\"en-GB\"},{\"@type\":\"Organization\",\"@id\":\"https:\/\/denizcankizil.tr\/de\/#organization\",\"name\":\"Av. Deniz Can K\u0131z\u0131l\",\"url\":\"https:\/\/denizcankizil.tr\/de\/\",\"logo\":{\"@type\":\"ImageObject\",\"inLanguage\":\"en-GB\",\"@id\":\"https:\/\/denizcankizil.tr\/de\/#\/schema\/logo\/image\/\",\"url\":\"https:\/\/denizcankizil.tr\/wp-content\/uploads\/2024\/10\/siyah-logo-svg.svg\",\"contentUrl\":\"https:\/\/denizcankizil.tr\/wp-content\/uploads\/2024\/10\/siyah-logo-svg.svg\",\"width\":1080,\"height\":1080,\"caption\":\"Av. Deniz Can K\u0131z\u0131l\"},\"image\":{\"@id\":\"https:\/\/denizcankizil.tr\/de\/#\/schema\/logo\/image\/\"}},{\"@type\":\"Person\",\"@id\":\"https:\/\/denizcankizil.tr\/de\/#\/schema\/person\/e1eb71bb4dd684d46563f0af307e1234\",\"name\":\"Antalya K\u00f6rfez\",\"image\":{\"@type\":\"ImageObject\",\"inLanguage\":\"en-GB\",\"@id\":\"https:\/\/denizcankizil.tr\/de\/#\/schema\/person\/image\/\",\"url\":\"https:\/\/secure.gravatar.com\/avatar\/42b01982558a48a0b501fdcab6a408d3717ea5919095ee2e67b0e521799c5905?s=96&d=mm&r=g\",\"contentUrl\":\"https:\/\/secure.gravatar.com\/avatar\/42b01982558a48a0b501fdcab6a408d3717ea5919095ee2e67b0e521799c5905?s=96&d=mm&r=g\",\"caption\":\"Antalya K\u00f6rfez\"},\"sameAs\":[\"http:\/\/www.antalyakorfez.com\"],\"url\":\"https:\/\/www.antalyakorfez.com\/ekrem-imamoglundan-gokceke-sert-cevap-savcilari-goreve-davet-etti\"}]}<\/script>\n<!-- \/ Yoast SEO Premium plugin. -->","yoast_head_json":{"title":"Ekrem \u0130mamo\u011flu'ndan G\u00f6k\u00e7ek'e sert cevap! Savc\u0131lar\u0131 g\u00f6reve davet etti - Av. Deniz Can K\u0131z\u0131l","robots":{"index":"index","follow":"follow","max-snippet":"max-snippet:-1","max-image-preview":"max-image-preview:large","max-video-preview":"max-video-preview:-1"},"canonical":"http:\/\/denizcankizil.tr\/en\/haberler\/gundem\/ekrem-imamoglundan-gokceke-sert-cevap-savcilari-goreve-davet-etti\/","og_locale":"en_GB","og_type":"article","og_title":"Ekrem \u0130mamo\u011flu'ndan G\u00f6k\u00e7ek'e sert cevap! Savc\u0131lar\u0131 g\u00f6reve davet etti","og_description":"Eski Ankara B\u00fcy\u00fck\u015fehir Belediye Ba\u015fkan\u0131 Melih G\u00f6k\u00e7ek\u2019in ge\u00e7ti\u011fimiz g\u00fcn sosyal medya \u00fczerinden \u0130stanbul B\u00fcy\u00fck\u015fehir Belediye (\u0130BB) Ba\u015fkan\u0131 Ekrem \u0130mamo\u011flu\u2019nun e\u015fi Dilek \u0130mamo\u011flu\u2019na y\u00f6nelik yapt\u0131\u011f\u0131 payla\u015f\u0131m tart\u0131\u015fma yaratt\u0131. Hapishanede tutuklu olarak yarg\u0131lanan \u0130mamo\u011flu ise G\u00f6k\u00e7ek\u2019in kulland\u0131\u011f\u0131 kelimelere sert tepki g\u00f6sterdi. \u0130mamo\u011flu, ailesin ve e\u015finin hedef al\u0131nd\u0131\u011f\u0131 belirterek savc\u0131lara gerekli \u00f6nlemleri almas\u0131 i\u00e7in \u00e7a\u011fr\u0131da bulundu.\u00a0 TARTI\u015eMA YARATTI\u00a0 \u0130stanbul B\u00fcy\u00fck\u015fehir Belediye (\u0130BB) Ba\u015fkan\u0131 Ekrem \u0130mamo\u011flu\u2019nun tutuklanmas\u0131n\u0131n ard\u0131ndan ba\u015flayan protestolar devam ediyor. Ge\u00e7ti\u011fimiz g\u00fcn CHP Genel Ba\u015fkan\u0131 \u00d6zg\u00fcr \u00d6zel, Sara\u00e7hane\u2019de konu\u015fma yapt\u0131. Burada yapt\u0131\u011f\u0131 konu\u015fma s\u0131ras\u0131nda eyleme kat\u0131lan baz\u0131 ki\u015filer Cumhurba\u015fkan\u0131 Recep Tayyip Erdo\u011fan\u2019\u0131n annesine k\u00fcf\u00fcr etti. Ya\u015fanan bu olay tart\u0131\u015fmalar\u0131 alevlendirdi.\u00a0 MEL\u0130H G\u00d6K\u00c7EK\u2019\u0130N PAYLA\u015eIMI\u00a0 Tart\u0131\u015fmalar devam ederken eski Ankara B\u00fcy\u00fck\u015fehir Belediye Ba\u015fkan\u0131 Melih G\u00f6k\u00e7ek ise yapt\u0131\u011f\u0131 payla\u015f\u0131mla ele\u015ftiri oklar\u0131n\u0131n hedefi oldu. Sosyal medya \u00fczerinden yapt\u0131\u011f\u0131 a\u00e7\u0131klamalarla s\u0131k s\u0131k g\u00fcndem olan G\u00f6k\u00e7ek, bu sefer Ekrem \u0130mamo\u011flu\u2019nun e\u015fi Dilek \u0130mamo\u011flu\u2019nu hedef ald\u0131. Melih G\u00f6k\u00e7ek yapt\u0131\u011f\u0131 payla\u015f\u0131m\u0131nda, \u201cDilek \u0130mamo\u011flu belli ki kocan\u0131n i\u00e7eriye girmesinden \u00e7ok memnunsun. Aran\u0131z a\u00e7\u0131km\u0131\u015f. Bu kadar belli etmene de gerek yok. \u015eimdi Ekrem bunu duyunca acayip can\u0131 s\u0131k\u0131lm\u0131\u015ft\u0131r\u201d dedi. \u0130MAMO\u011eLU\u2019NDA SERT TEPK\u0130 \u015eu anda cezaevinde tutuklu bulunan Ekrem \u0130mamo\u011flu ise Melih G\u00f6k\u00e7ek\u2019in bu payla\u015f\u0131m\u0131na sert tepki g\u00f6sterdi. \u0130mamo\u011flu sosyal medya \u00fczerinden yapt\u0131\u011f\u0131 payla\u015f\u0131mda ailesi ve sevdiklerinin hedef al\u0131nd\u0131\u011f\u0131n\u0131 belirtip, savc\u0131lar\u0131 g\u00f6reve davet &hellip;","og_url":"http:\/\/denizcankizil.tr\/en\/haberler\/gundem\/ekrem-imamoglundan-gokceke-sert-cevap-savcilari-goreve-davet-etti\/","og_site_name":"Av. Deniz Can K\u0131z\u0131l","article_published_time":"2025-03-25T13:41:47+00:00","author":"Antalya K\u00f6rfez","twitter_card":"summary_large_image","twitter_misc":{"Written by":"Antalya K\u00f6rfez","Estimated reading time":"3 minutes"},"schema":{"@context":"https:\/\/schema.org","@graph":[{"@type":"Article","@id":"http:\/\/denizcankizil.tr\/ru\/haberler\/gundem\/ekrem-imamoglundan-gokceke-sert-cevap-savcilari-goreve-davet-etti\/#article","isPartOf":{"@id":"http:\/\/denizcankizil.tr\/ru\/haberler\/gundem\/ekrem-imamoglundan-gokceke-sert-cevap-savcilari-goreve-davet-etti\/"},"author":{"name":"Antalya K\u00f6rfez","@id":"https:\/\/denizcankizil.tr\/de\/#\/schema\/person\/e1eb71bb4dd684d46563f0af307e1234"},"headline":"Ekrem \u0130mamo\u011flu&#8217;ndan G\u00f6k\u00e7ek&#8217;e sert cevap! Savc\u0131lar\u0131 g\u00f6reve davet etti","datePublished":"2025-03-25T13:41:47+00:00","mainEntityOfPage":{"@id":"http:\/\/denizcankizil.tr\/ru\/haberler\/gundem\/ekrem-imamoglundan-gokceke-sert-cevap-savcilari-goreve-davet-etti\/"},"wordCount":639,"publisher":{"@id":"https:\/\/denizcankizil.tr\/de\/#organization"},"articleSection":["G\u00fcndem"],"inLanguage":"en-GB"},{"@type":"WebPage","@id":"http:\/\/denizcankizil.tr\/ru\/haberler\/gundem\/ekrem-imamoglundan-gokceke-sert-cevap-savcilari-goreve-davet-etti\/","url":"http:\/\/denizcankizil.tr\/ru\/haberler\/gundem\/ekrem-imamoglundan-gokceke-sert-cevap-savcilari-goreve-davet-etti\/","name":"Ekrem \u0130mamo\u011flu'ndan G\u00f6k\u00e7ek'e sert cevap! Savc\u0131lar\u0131 g\u00f6reve davet etti - Av. Deniz Can K\u0131z\u0131l","isPartOf":{"@id":"https:\/\/denizcankizil.tr\/de\/#website"},"datePublished":"2025-03-25T13:41:47+00:00","breadcrumb":{"@id":"http:\/\/denizcankizil.tr\/ru\/haberler\/gundem\/ekrem-imamoglundan-gokceke-sert-cevap-savcilari-goreve-davet-etti\/#breadcrumb"},"inLanguage":"en-GB","potentialAction":[{"@type":"ReadAction","target":["http:\/\/denizcankizil.tr\/ru\/haberler\/gundem\/ekrem-imamoglundan-gokceke-sert-cevap-savcilari-goreve-davet-etti\/"]}]},{"@type":"BreadcrumbList","@id":"http:\/\/denizcankizil.tr\/ru\/haberler\/gundem\/ekrem-imamoglundan-gokceke-sert-cevap-savcilari-goreve-davet-etti\/#breadcrumb","itemListElement":[{"@type":"ListItem","position":1,"name":"Home","item":"https:\/\/denizcankizil.tr\/de\/"},{"@type":"ListItem","position":2,"name":"Ekrem \u0130mamo\u011flu&#8217;ndan G\u00f6k\u00e7ek&#8217;e sert cevap! Savc\u0131lar\u0131 g\u00f6reve davet etti"}]},{"@type":"WebSite","@id":"https:\/\/denizcankizil.tr\/de\/#website","url":"https:\/\/denizcankizil.tr\/de\/","name":"Av. Deniz Can K\u0131z\u0131l","description":"Avukat Deniz Can K\u0131z\u0131l Antalya Barosu","publisher":{"@id":"https:\/\/denizcankizil.tr\/de\/#organization"},"potentialAction":[{"@type":"SearchAction","target":{"@type":"EntryPoint","urlTemplate":"https:\/\/denizcankizil.tr\/de\/?s={search_term_string}"},"query-input":{"@type":"PropertyValueSpecification","valueRequired":true,"valueName":"search_term_string"}}],"inLanguage":"en-GB"},{"@type":"Organization","@id":"https:\/\/denizcankizil.tr\/de\/#organization","name":"Av. Deniz Can K\u0131z\u0131l","url":"https:\/\/denizcankizil.tr\/de\/","logo":{"@type":"ImageObject","inLanguage":"en-GB","@id":"https:\/\/denizcankizil.tr\/de\/#\/schema\/logo\/image\/","url":"https:\/\/denizcankizil.tr\/wp-content\/uploads\/2024\/10\/siyah-logo-svg.svg","contentUrl":"https:\/\/denizcankizil.tr\/wp-content\/uploads\/2024\/10\/siyah-logo-svg.svg","width":1080,"height":1080,"caption":"Av. Deniz Can K\u0131z\u0131l"},"image":{"@id":"https:\/\/denizcankizil.tr\/de\/#\/schema\/logo\/image\/"}},{"@type":"Person","@id":"https:\/\/denizcankizil.tr\/de\/#\/schema\/person\/e1eb71bb4dd684d46563f0af307e1234","name":"Antalya K\u00f6rfez","image":{"@type":"ImageObject","inLanguage":"en-GB","@id":"https:\/\/denizcankizil.tr\/de\/#\/schema\/person\/image\/","url":"https:\/\/secure.gravatar.com\/avatar\/42b01982558a48a0b501fdcab6a408d3717ea5919095ee2e67b0e521799c5905?s=96&d=mm&r=g","contentUrl":"https:\/\/secure.gravatar.com\/avatar\/42b01982558a48a0b501fdcab6a408d3717ea5919095ee2e67b0e521799c5905?s=96&d=mm&r=g","caption":"Antalya K\u00f6rfez"},"sameAs":["http:\/\/www.antalyakorfez.com"],"url":"https:\/\/www.antalyakorfez.com\/ekrem-imamoglundan-gokceke-sert-cevap-savcilari-goreve-davet-etti"}]}},"_links":{"self":[{"href":"https:\/\/denizcankizil.tr\/en\/wp-json\/wp\/v2\/posts\/36976","targetHints":{"allow":["GET"]}}],"collection":[{"href":"https:\/\/denizcankizil.tr\/en\/wp-json\/wp\/v2\/posts"}],"about":[{"href":"https:\/\/denizcankizil.tr\/en\/wp-json\/wp\/v2\/types\/post"}],"author":[{"embeddable":true,"href":"https:\/\/denizcankizil.tr\/en\/wp-json\/wp\/v2\/users\/5"}],"replies":[{"embeddable":true,"href":"https:\/\/denizcankizil.tr\/en\/wp-json\/wp\/v2\/comments?post=36976"}],"version-history":[{"count":0,"href":"https:\/\/denizcankizil.tr\/en\/wp-json\/wp\/v2\/posts\/36976\/revisions"}],"wp:attachment":[{"href":"https:\/\/denizcankizil.tr\/en\/wp-json\/wp\/v2\/media?parent=36976"}],"wp:term":[{"taxonomy":"category","embeddable":true,"href":"https:\/\/denizcankizil.tr\/en\/wp-json\/wp\/v2\/categories?post=36976"},{"taxonomy":"post_tag","embeddable":true,"href":"https:\/\/denizcankizil.tr\/en\/wp-json\/wp\/v2\/tags?post=36976"}],"curies":[{"name":"wp","href":"https:\/\/api.w.org\/{rel}","templated":true}]}}