{"id":36966,"date":"2025-03-25T15:42:26","date_gmt":"2025-03-25T12:42:26","guid":{"rendered":"https:\/\/denizcankizil.tr\/uncategorized-tr\/serikte-tror-gazisi-ilhan-ucar-son-yolculuguna-ugurlandi\/"},"modified":"2025-03-25T15:42:26","modified_gmt":"2025-03-25T12:42:26","slug":"serikte-tror-gazisi-ilhan-ucar-son-yolculuguna-ugurlandi","status":"publish","type":"post","link":"https:\/\/denizcankizil.tr\/en\/haberler\/gundem\/serikte-tror-gazisi-ilhan-ucar-son-yolculuguna-ugurlandi\/","title":{"rendered":"Serik&#8217;te t*r\u00f6r gazisi \u0130lhan U\u00e7ar, son yolculu\u011funa u\u011furland\u0131"},"content":{"rendered":"<p>Antalya&#8217;da 18 Mart&#8217;ta ge\u00e7irdi\u011fi kaza sonras\u0131 Antalya \u015eehir Hastanesi&#8217;nde tedaviye al\u0131nan ve 6 g\u00fcn sonra ya\u015fam\u0131n\u0131 yitiren Gazi \u0130lhan U\u00e7ar i\u00e7in Serik&#8217;e ba\u011fl\u0131 Dikmen Mahallesi&#8217;nde askeri t\u00f6ren d\u00fczenlendi.\u00a0<\/p>\n<p>CENAZEYE B\u0130R\u00c7OK S\u0130YAS\u0130 \u0130S\u0130M KATILIM G\u00d6STERD\u0130\u00a0<\/p>\n<p>Cenazeye Vali Hulusi \u015eahin, Kaymakam Cemal \u015eahin, Serik Belediye Ba\u015fkan\u0131 Kadir Kumbul, Muratpa\u015fa Belediye Ba\u015fkan\u0131 \u00dcmit Uysal, Serik Cumhuriyet Ba\u015fsavc\u0131s\u0131 Muhammed Kaan \u00d6zel, \u0130l\u00e7e Jandarma Komutan\u0131 \u00dcste\u011fmen Ali Duman, \u0130l\u00e7e Emniyet M\u00fcd\u00fcr\u00fc Harun Mere, \u0130l\u00e7e M\u00fcft\u00fcs\u00fc \u0130brahim K\u00f6ksal, askeri ve sivil erkan ile vatanda\u015flar kat\u0131ld\u0131. \u0130l\u00e7e M\u00fcft\u00fcs\u00fc \u0130brahim K\u00f6ksal&#8217;\u0131n k\u0131ld\u0131rd\u0131\u011f\u0131 namaz sonras\u0131 Gazi \u0130lhan U\u00e7ar&#8217;\u0131n cenazesi Dikmen Mahalle Mezarl\u0131\u011f\u0131&#8217;na defnedildi. Cenazeye kat\u0131lan Vali Hulusi \u015eahin ve beraberindeki protokol, gazinin evinde ailesine ba\u015f sa\u011fl\u0131\u011f\u0131 diledi.\u00a0<\/p>\n<p>\u00a0 \u00a0 \u00a0 \u00a0<\/p>\n<p>\u200bAntalya&#8217;da trafik kazas\u0131 sonras\u0131 tedavi g\u00f6rd\u00fc\u011f\u00fc hastanede hayat\u0131n\u0131 kaybeden 53 ya\u015f\u0131ndaki t*r\u00f6r gazisi \u0130lhan U\u00e7ar, memleketi Serik il\u00e7esinde askeri t\u00f6renle son yolculu\u011funa u\u011furland\u0131.\u00a0<\/p>\n<p>\u200bHaberin Al\u0131nt\u0131land\u0131\u011f\u0131 Kaynak: www.antalyakorfez.com<\/p>","protected":false},"excerpt":{"rendered":"<p>Antalya&#8217;da 18 Mart&#8217;ta ge\u00e7irdi\u011fi kaza sonras\u0131 Antalya \u015eehir Hastanesi&#8217;nde tedaviye al\u0131nan ve 6 g\u00fcn sonra ya\u015fam\u0131n\u0131 yitiren Gazi \u0130lhan U\u00e7ar i\u00e7in Serik&#8217;e ba\u011fl\u0131 Dikmen Mahallesi&#8217;nde askeri t\u00f6ren d\u00fczenlendi.\u00a0 CENAZEYE B\u0130R\u00c7OK S\u0130YAS\u0130 \u0130S\u0130M KATILIM G\u00d6STERD\u0130\u00a0 Cenazeye Vali Hulusi \u015eahin, Kaymakam Cemal \u015eahin, Serik Belediye Ba\u015fkan\u0131 Kadir Kumbul, Muratpa\u015fa Belediye Ba\u015fkan\u0131 \u00dcmit Uysal, Serik Cumhuriyet Ba\u015fsavc\u0131s\u0131 Muhammed Kaan \u00d6zel, \u0130l\u00e7e Jandarma Komutan\u0131 \u00dcste\u011fmen Ali Duman, \u0130l\u00e7e Emniyet M\u00fcd\u00fcr\u00fc Harun Mere, \u0130l\u00e7e M\u00fcft\u00fcs\u00fc \u0130brahim K\u00f6ksal, askeri ve sivil erkan ile vatanda\u015flar kat\u0131ld\u0131. \u0130l\u00e7e M\u00fcft\u00fcs\u00fc \u0130brahim K\u00f6ksal&#8217;\u0131n k\u0131ld\u0131rd\u0131\u011f\u0131 namaz sonras\u0131 Gazi \u0130lhan U\u00e7ar&#8217;\u0131n cenazesi Dikmen Mahalle Mezarl\u0131\u011f\u0131&#8217;na defnedildi. Cenazeye kat\u0131lan Vali Hulusi \u015eahin ve beraberindeki protokol, gazinin evinde ailesine ba\u015f sa\u011fl\u0131\u011f\u0131 diledi.\u00a0 \u00a0 \u00a0 \u00a0 \u00a0 \u200bAntalya&#8217;da trafik kazas\u0131 sonras\u0131 tedavi g\u00f6rd\u00fc\u011f\u00fc hastanede hayat\u0131n\u0131 kaybeden 53 ya\u015f\u0131ndaki t*r\u00f6r gazisi \u0130lhan U\u00e7ar, memleketi Serik il\u00e7esinde askeri t\u00f6renle son yolculu\u011funa u\u011furland\u0131.\u00a0 \u200bHaberin Al\u0131nt\u0131land\u0131\u011f\u0131 Kaynak: www.antalyakorfez.com<\/p>","protected":false},"author":5,"featured_media":0,"comment_status":"","ping_status":"open","sticky":false,"template":"","format":"standard","meta":{"_acf_changed":false,"footnotes":""},"categories":[24],"tags":[],"class_list":["post-36966","post","type-post","status-publish","format-standard","has-post-thumbnail","hentry","category-gundem"],"acf":[],"yoast_head":"<!-- This site is optimized with the Yoast SEO Premium plugin v26.6 (Yoast SEO v27.1.1) - https:\/\/yoast.com\/product\/yoast-seo-premium-wordpress\/ -->\n<title>Serik&#039;te t*r\u00f6r gazisi \u0130lhan U\u00e7ar, son yolculu\u011funa u\u011furland\u0131 - Av. Deniz Can K\u0131z\u0131l<\/title>\n<meta name=\"robots\" content=\"index, follow, max-snippet:-1, max-image-preview:large, max-video-preview:-1\" \/>\n<link rel=\"canonical\" href=\"http:\/\/denizcankizil.tr\/en\/haberler\/gundem\/serikte-tror-gazisi-ilhan-ucar-son-yolculuguna-ugurlandi\/\" \/>\n<meta property=\"og:locale\" content=\"en_GB\" \/>\n<meta property=\"og:type\" content=\"article\" \/>\n<meta property=\"og:title\" content=\"Serik&#039;te t*r\u00f6r gazisi \u0130lhan U\u00e7ar, son yolculu\u011funa u\u011furland\u0131\" \/>\n<meta property=\"og:description\" content=\"Antalya&#8217;da 18 Mart&#8217;ta ge\u00e7irdi\u011fi kaza sonras\u0131 Antalya \u015eehir Hastanesi&#8217;nde tedaviye al\u0131nan ve 6 g\u00fcn sonra ya\u015fam\u0131n\u0131 yitiren Gazi \u0130lhan U\u00e7ar i\u00e7in Serik&#8217;e ba\u011fl\u0131 Dikmen Mahallesi&#8217;nde askeri t\u00f6ren d\u00fczenlendi.\u00a0 CENAZEYE B\u0130R\u00c7OK S\u0130YAS\u0130 \u0130S\u0130M KATILIM G\u00d6STERD\u0130\u00a0 Cenazeye Vali Hulusi \u015eahin, Kaymakam Cemal \u015eahin, Serik Belediye Ba\u015fkan\u0131 Kadir Kumbul, Muratpa\u015fa Belediye Ba\u015fkan\u0131 \u00dcmit Uysal, Serik Cumhuriyet Ba\u015fsavc\u0131s\u0131 Muhammed Kaan \u00d6zel, \u0130l\u00e7e Jandarma Komutan\u0131 \u00dcste\u011fmen Ali Duman, \u0130l\u00e7e Emniyet M\u00fcd\u00fcr\u00fc Harun Mere, \u0130l\u00e7e M\u00fcft\u00fcs\u00fc \u0130brahim K\u00f6ksal, askeri ve sivil erkan ile vatanda\u015flar kat\u0131ld\u0131. \u0130l\u00e7e M\u00fcft\u00fcs\u00fc \u0130brahim K\u00f6ksal&#8217;\u0131n k\u0131ld\u0131rd\u0131\u011f\u0131 namaz sonras\u0131 Gazi \u0130lhan U\u00e7ar&#8217;\u0131n cenazesi Dikmen Mahalle Mezarl\u0131\u011f\u0131&#8217;na defnedildi. Cenazeye kat\u0131lan Vali Hulusi \u015eahin ve beraberindeki protokol, gazinin evinde ailesine ba\u015f sa\u011fl\u0131\u011f\u0131 diledi.\u00a0 \u00a0 \u00a0 \u00a0 \u00a0 \u200bAntalya&#8217;da trafik kazas\u0131 sonras\u0131 tedavi g\u00f6rd\u00fc\u011f\u00fc hastanede hayat\u0131n\u0131 kaybeden 53 ya\u015f\u0131ndaki t*r\u00f6r gazisi \u0130lhan U\u00e7ar, memleketi Serik il\u00e7esinde askeri t\u00f6renle son yolculu\u011funa u\u011furland\u0131.\u00a0 \u200bHaberin Al\u0131nt\u0131land\u0131\u011f\u0131 Kaynak: www.antalyakorfez.com\" \/>\n<meta property=\"og:url\" content=\"http:\/\/denizcankizil.tr\/en\/haberler\/gundem\/serikte-tror-gazisi-ilhan-ucar-son-yolculuguna-ugurlandi\/\" \/>\n<meta property=\"og:site_name\" content=\"Av. Deniz Can K\u0131z\u0131l\" \/>\n<meta property=\"article:published_time\" content=\"2025-03-25T12:42:26+00:00\" \/>\n<meta name=\"author\" content=\"Antalya K\u00f6rfez\" \/>\n<meta name=\"twitter:card\" content=\"summary_large_image\" \/>\n<meta name=\"twitter:label1\" content=\"Written by\" \/>\n\t<meta name=\"twitter:data1\" content=\"Antalya K\u00f6rfez\" \/>\n\t<meta name=\"twitter:label2\" content=\"Estimated reading time\" \/>\n\t<meta name=\"twitter:data2\" content=\"1 minute\" \/>\n<script type=\"application\/ld+json\" class=\"yoast-schema-graph\">{\"@context\":\"https:\/\/schema.org\",\"@graph\":[{\"@type\":\"Article\",\"@id\":\"http:\/\/denizcankizil.tr\/de\/haberler\/gundem\/serikte-tror-gazisi-ilhan-ucar-son-yolculuguna-ugurlandi\/#article\",\"isPartOf\":{\"@id\":\"http:\/\/denizcankizil.tr\/de\/haberler\/gundem\/serikte-tror-gazisi-ilhan-ucar-son-yolculuguna-ugurlandi\/\"},\"author\":{\"name\":\"Antalya K\u00f6rfez\",\"@id\":\"https:\/\/denizcankizil.tr\/de\/#\/schema\/person\/e1eb71bb4dd684d46563f0af307e1234\"},\"headline\":\"Serik&#8217;te t*r\u00f6r gazisi \u0130lhan U\u00e7ar, son yolculu\u011funa u\u011furland\u0131\",\"datePublished\":\"2025-03-25T12:42:26+00:00\",\"mainEntityOfPage\":{\"@id\":\"http:\/\/denizcankizil.tr\/de\/haberler\/gundem\/serikte-tror-gazisi-ilhan-ucar-son-yolculuguna-ugurlandi\/\"},\"wordCount\":210,\"publisher\":{\"@id\":\"https:\/\/denizcankizil.tr\/de\/#organization\"},\"articleSection\":[\"G\u00fcndem\"],\"inLanguage\":\"en-GB\"},{\"@type\":\"WebPage\",\"@id\":\"http:\/\/denizcankizil.tr\/de\/haberler\/gundem\/serikte-tror-gazisi-ilhan-ucar-son-yolculuguna-ugurlandi\/\",\"url\":\"http:\/\/denizcankizil.tr\/de\/haberler\/gundem\/serikte-tror-gazisi-ilhan-ucar-son-yolculuguna-ugurlandi\/\",\"name\":\"Serik'te t*r\u00f6r gazisi \u0130lhan U\u00e7ar, son yolculu\u011funa u\u011furland\u0131 - Av. Deniz Can K\u0131z\u0131l\",\"isPartOf\":{\"@id\":\"https:\/\/denizcankizil.tr\/de\/#website\"},\"datePublished\":\"2025-03-25T12:42:26+00:00\",\"breadcrumb\":{\"@id\":\"http:\/\/denizcankizil.tr\/de\/haberler\/gundem\/serikte-tror-gazisi-ilhan-ucar-son-yolculuguna-ugurlandi\/#breadcrumb\"},\"inLanguage\":\"en-GB\",\"potentialAction\":[{\"@type\":\"ReadAction\",\"target\":[\"http:\/\/denizcankizil.tr\/de\/haberler\/gundem\/serikte-tror-gazisi-ilhan-ucar-son-yolculuguna-ugurlandi\/\"]}]},{\"@type\":\"BreadcrumbList\",\"@id\":\"http:\/\/denizcankizil.tr\/de\/haberler\/gundem\/serikte-tror-gazisi-ilhan-ucar-son-yolculuguna-ugurlandi\/#breadcrumb\",\"itemListElement\":[{\"@type\":\"ListItem\",\"position\":1,\"name\":\"Home\",\"item\":\"https:\/\/denizcankizil.tr\/de\/\"},{\"@type\":\"ListItem\",\"position\":2,\"name\":\"Serik&#8217;te t*r\u00f6r gazisi \u0130lhan U\u00e7ar, son yolculu\u011funa u\u011furland\u0131\"}]},{\"@type\":\"WebSite\",\"@id\":\"https:\/\/denizcankizil.tr\/de\/#website\",\"url\":\"https:\/\/denizcankizil.tr\/de\/\",\"name\":\"Av. Deniz Can K\u0131z\u0131l\",\"description\":\"Avukat Deniz Can K\u0131z\u0131l Antalya Barosu\",\"publisher\":{\"@id\":\"https:\/\/denizcankizil.tr\/de\/#organization\"},\"potentialAction\":[{\"@type\":\"SearchAction\",\"target\":{\"@type\":\"EntryPoint\",\"urlTemplate\":\"https:\/\/denizcankizil.tr\/de\/?s={search_term_string}\"},\"query-input\":{\"@type\":\"PropertyValueSpecification\",\"valueRequired\":true,\"valueName\":\"search_term_string\"}}],\"inLanguage\":\"en-GB\"},{\"@type\":\"Organization\",\"@id\":\"https:\/\/denizcankizil.tr\/de\/#organization\",\"name\":\"Av. Deniz Can K\u0131z\u0131l\",\"url\":\"https:\/\/denizcankizil.tr\/de\/\",\"logo\":{\"@type\":\"ImageObject\",\"inLanguage\":\"en-GB\",\"@id\":\"https:\/\/denizcankizil.tr\/de\/#\/schema\/logo\/image\/\",\"url\":\"https:\/\/denizcankizil.tr\/wp-content\/uploads\/2024\/10\/siyah-logo-svg.svg\",\"contentUrl\":\"https:\/\/denizcankizil.tr\/wp-content\/uploads\/2024\/10\/siyah-logo-svg.svg\",\"width\":1080,\"height\":1080,\"caption\":\"Av. Deniz Can K\u0131z\u0131l\"},\"image\":{\"@id\":\"https:\/\/denizcankizil.tr\/de\/#\/schema\/logo\/image\/\"}},{\"@type\":\"Person\",\"@id\":\"https:\/\/denizcankizil.tr\/de\/#\/schema\/person\/e1eb71bb4dd684d46563f0af307e1234\",\"name\":\"Antalya K\u00f6rfez\",\"image\":{\"@type\":\"ImageObject\",\"inLanguage\":\"en-GB\",\"@id\":\"https:\/\/denizcankizil.tr\/de\/#\/schema\/person\/image\/\",\"url\":\"https:\/\/secure.gravatar.com\/avatar\/42b01982558a48a0b501fdcab6a408d3717ea5919095ee2e67b0e521799c5905?s=96&d=mm&r=g\",\"contentUrl\":\"https:\/\/secure.gravatar.com\/avatar\/42b01982558a48a0b501fdcab6a408d3717ea5919095ee2e67b0e521799c5905?s=96&d=mm&r=g\",\"caption\":\"Antalya K\u00f6rfez\"},\"sameAs\":[\"http:\/\/www.antalyakorfez.com\"],\"url\":\"https:\/\/www.antalyakorfez.com\/serikte-tror-gazisi-ilhan-ucar-son-yolculuguna-ugurlandi\"}]}<\/script>\n<!-- \/ Yoast SEO Premium plugin. -->","yoast_head_json":{"title":"Serik'te t*r\u00f6r gazisi \u0130lhan U\u00e7ar, son yolculu\u011funa u\u011furland\u0131 - Av. Deniz Can K\u0131z\u0131l","robots":{"index":"index","follow":"follow","max-snippet":"max-snippet:-1","max-image-preview":"max-image-preview:large","max-video-preview":"max-video-preview:-1"},"canonical":"http:\/\/denizcankizil.tr\/en\/haberler\/gundem\/serikte-tror-gazisi-ilhan-ucar-son-yolculuguna-ugurlandi\/","og_locale":"en_GB","og_type":"article","og_title":"Serik'te t*r\u00f6r gazisi \u0130lhan U\u00e7ar, son yolculu\u011funa u\u011furland\u0131","og_description":"Antalya&#8217;da 18 Mart&#8217;ta ge\u00e7irdi\u011fi kaza sonras\u0131 Antalya \u015eehir Hastanesi&#8217;nde tedaviye al\u0131nan ve 6 g\u00fcn sonra ya\u015fam\u0131n\u0131 yitiren Gazi \u0130lhan U\u00e7ar i\u00e7in Serik&#8217;e ba\u011fl\u0131 Dikmen Mahallesi&#8217;nde askeri t\u00f6ren d\u00fczenlendi.\u00a0 CENAZEYE B\u0130R\u00c7OK S\u0130YAS\u0130 \u0130S\u0130M KATILIM G\u00d6STERD\u0130\u00a0 Cenazeye Vali Hulusi \u015eahin, Kaymakam Cemal \u015eahin, Serik Belediye Ba\u015fkan\u0131 Kadir Kumbul, Muratpa\u015fa Belediye Ba\u015fkan\u0131 \u00dcmit Uysal, Serik Cumhuriyet Ba\u015fsavc\u0131s\u0131 Muhammed Kaan \u00d6zel, \u0130l\u00e7e Jandarma Komutan\u0131 \u00dcste\u011fmen Ali Duman, \u0130l\u00e7e Emniyet M\u00fcd\u00fcr\u00fc Harun Mere, \u0130l\u00e7e M\u00fcft\u00fcs\u00fc \u0130brahim K\u00f6ksal, askeri ve sivil erkan ile vatanda\u015flar kat\u0131ld\u0131. \u0130l\u00e7e M\u00fcft\u00fcs\u00fc \u0130brahim K\u00f6ksal&#8217;\u0131n k\u0131ld\u0131rd\u0131\u011f\u0131 namaz sonras\u0131 Gazi \u0130lhan U\u00e7ar&#8217;\u0131n cenazesi Dikmen Mahalle Mezarl\u0131\u011f\u0131&#8217;na defnedildi. Cenazeye kat\u0131lan Vali Hulusi \u015eahin ve beraberindeki protokol, gazinin evinde ailesine ba\u015f sa\u011fl\u0131\u011f\u0131 diledi.\u00a0 \u00a0 \u00a0 \u00a0 \u00a0 \u200bAntalya&#8217;da trafik kazas\u0131 sonras\u0131 tedavi g\u00f6rd\u00fc\u011f\u00fc hastanede hayat\u0131n\u0131 kaybeden 53 ya\u015f\u0131ndaki t*r\u00f6r gazisi \u0130lhan U\u00e7ar, memleketi Serik il\u00e7esinde askeri t\u00f6renle son yolculu\u011funa u\u011furland\u0131.\u00a0 \u200bHaberin Al\u0131nt\u0131land\u0131\u011f\u0131 Kaynak: www.antalyakorfez.com","og_url":"http:\/\/denizcankizil.tr\/en\/haberler\/gundem\/serikte-tror-gazisi-ilhan-ucar-son-yolculuguna-ugurlandi\/","og_site_name":"Av. Deniz Can K\u0131z\u0131l","article_published_time":"2025-03-25T12:42:26+00:00","author":"Antalya K\u00f6rfez","twitter_card":"summary_large_image","twitter_misc":{"Written by":"Antalya K\u00f6rfez","Estimated reading time":"1 minute"},"schema":{"@context":"https:\/\/schema.org","@graph":[{"@type":"Article","@id":"http:\/\/denizcankizil.tr\/de\/haberler\/gundem\/serikte-tror-gazisi-ilhan-ucar-son-yolculuguna-ugurlandi\/#article","isPartOf":{"@id":"http:\/\/denizcankizil.tr\/de\/haberler\/gundem\/serikte-tror-gazisi-ilhan-ucar-son-yolculuguna-ugurlandi\/"},"author":{"name":"Antalya K\u00f6rfez","@id":"https:\/\/denizcankizil.tr\/de\/#\/schema\/person\/e1eb71bb4dd684d46563f0af307e1234"},"headline":"Serik&#8217;te t*r\u00f6r gazisi \u0130lhan U\u00e7ar, son yolculu\u011funa u\u011furland\u0131","datePublished":"2025-03-25T12:42:26+00:00","mainEntityOfPage":{"@id":"http:\/\/denizcankizil.tr\/de\/haberler\/gundem\/serikte-tror-gazisi-ilhan-ucar-son-yolculuguna-ugurlandi\/"},"wordCount":210,"publisher":{"@id":"https:\/\/denizcankizil.tr\/de\/#organization"},"articleSection":["G\u00fcndem"],"inLanguage":"en-GB"},{"@type":"WebPage","@id":"http:\/\/denizcankizil.tr\/de\/haberler\/gundem\/serikte-tror-gazisi-ilhan-ucar-son-yolculuguna-ugurlandi\/","url":"http:\/\/denizcankizil.tr\/de\/haberler\/gundem\/serikte-tror-gazisi-ilhan-ucar-son-yolculuguna-ugurlandi\/","name":"Serik'te t*r\u00f6r gazisi \u0130lhan U\u00e7ar, son yolculu\u011funa u\u011furland\u0131 - Av. Deniz Can K\u0131z\u0131l","isPartOf":{"@id":"https:\/\/denizcankizil.tr\/de\/#website"},"datePublished":"2025-03-25T12:42:26+00:00","breadcrumb":{"@id":"http:\/\/denizcankizil.tr\/de\/haberler\/gundem\/serikte-tror-gazisi-ilhan-ucar-son-yolculuguna-ugurlandi\/#breadcrumb"},"inLanguage":"en-GB","potentialAction":[{"@type":"ReadAction","target":["http:\/\/denizcankizil.tr\/de\/haberler\/gundem\/serikte-tror-gazisi-ilhan-ucar-son-yolculuguna-ugurlandi\/"]}]},{"@type":"BreadcrumbList","@id":"http:\/\/denizcankizil.tr\/de\/haberler\/gundem\/serikte-tror-gazisi-ilhan-ucar-son-yolculuguna-ugurlandi\/#breadcrumb","itemListElement":[{"@type":"ListItem","position":1,"name":"Home","item":"https:\/\/denizcankizil.tr\/de\/"},{"@type":"ListItem","position":2,"name":"Serik&#8217;te t*r\u00f6r gazisi \u0130lhan U\u00e7ar, son yolculu\u011funa u\u011furland\u0131"}]},{"@type":"WebSite","@id":"https:\/\/denizcankizil.tr\/de\/#website","url":"https:\/\/denizcankizil.tr\/de\/","name":"Av. Deniz Can K\u0131z\u0131l","description":"Avukat Deniz Can K\u0131z\u0131l Antalya Barosu","publisher":{"@id":"https:\/\/denizcankizil.tr\/de\/#organization"},"potentialAction":[{"@type":"SearchAction","target":{"@type":"EntryPoint","urlTemplate":"https:\/\/denizcankizil.tr\/de\/?s={search_term_string}"},"query-input":{"@type":"PropertyValueSpecification","valueRequired":true,"valueName":"search_term_string"}}],"inLanguage":"en-GB"},{"@type":"Organization","@id":"https:\/\/denizcankizil.tr\/de\/#organization","name":"Av. Deniz Can K\u0131z\u0131l","url":"https:\/\/denizcankizil.tr\/de\/","logo":{"@type":"ImageObject","inLanguage":"en-GB","@id":"https:\/\/denizcankizil.tr\/de\/#\/schema\/logo\/image\/","url":"https:\/\/denizcankizil.tr\/wp-content\/uploads\/2024\/10\/siyah-logo-svg.svg","contentUrl":"https:\/\/denizcankizil.tr\/wp-content\/uploads\/2024\/10\/siyah-logo-svg.svg","width":1080,"height":1080,"caption":"Av. Deniz Can K\u0131z\u0131l"},"image":{"@id":"https:\/\/denizcankizil.tr\/de\/#\/schema\/logo\/image\/"}},{"@type":"Person","@id":"https:\/\/denizcankizil.tr\/de\/#\/schema\/person\/e1eb71bb4dd684d46563f0af307e1234","name":"Antalya K\u00f6rfez","image":{"@type":"ImageObject","inLanguage":"en-GB","@id":"https:\/\/denizcankizil.tr\/de\/#\/schema\/person\/image\/","url":"https:\/\/secure.gravatar.com\/avatar\/42b01982558a48a0b501fdcab6a408d3717ea5919095ee2e67b0e521799c5905?s=96&d=mm&r=g","contentUrl":"https:\/\/secure.gravatar.com\/avatar\/42b01982558a48a0b501fdcab6a408d3717ea5919095ee2e67b0e521799c5905?s=96&d=mm&r=g","caption":"Antalya K\u00f6rfez"},"sameAs":["http:\/\/www.antalyakorfez.com"],"url":"https:\/\/www.antalyakorfez.com\/serikte-tror-gazisi-ilhan-ucar-son-yolculuguna-ugurlandi"}]}},"_links":{"self":[{"href":"https:\/\/denizcankizil.tr\/en\/wp-json\/wp\/v2\/posts\/36966","targetHints":{"allow":["GET"]}}],"collection":[{"href":"https:\/\/denizcankizil.tr\/en\/wp-json\/wp\/v2\/posts"}],"about":[{"href":"https:\/\/denizcankizil.tr\/en\/wp-json\/wp\/v2\/types\/post"}],"author":[{"embeddable":true,"href":"https:\/\/denizcankizil.tr\/en\/wp-json\/wp\/v2\/users\/5"}],"replies":[{"embeddable":true,"href":"https:\/\/denizcankizil.tr\/en\/wp-json\/wp\/v2\/comments?post=36966"}],"version-history":[{"count":0,"href":"https:\/\/denizcankizil.tr\/en\/wp-json\/wp\/v2\/posts\/36966\/revisions"}],"wp:attachment":[{"href":"https:\/\/denizcankizil.tr\/en\/wp-json\/wp\/v2\/media?parent=36966"}],"wp:term":[{"taxonomy":"category","embeddable":true,"href":"https:\/\/denizcankizil.tr\/en\/wp-json\/wp\/v2\/categories?post=36966"},{"taxonomy":"post_tag","embeddable":true,"href":"https:\/\/denizcankizil.tr\/en\/wp-json\/wp\/v2\/tags?post=36966"}],"curies":[{"name":"wp","href":"https:\/\/api.w.org\/{rel}","templated":true}]}}