{"id":36899,"date":"2025-03-25T11:41:57","date_gmt":"2025-03-25T08:41:57","guid":{"rendered":"https:\/\/denizcankizil.tr\/uncategorized-tr\/atik-malzeme-yangini-gokyuzunu-siyaha-boyadi\/"},"modified":"2025-03-25T11:41:57","modified_gmt":"2025-03-25T08:41:57","slug":"atik-malzeme-yangini-gokyuzunu-siyaha-boyadi","status":"publish","type":"post","link":"https:\/\/denizcankizil.tr\/en\/haberler\/antalya\/atik-malzeme-yangini-gokyuzunu-siyaha-boyadi\/","title":{"rendered":"At\u0131k malzeme yang\u0131n\u0131 g\u00f6ky\u00fcz\u00fcn\u00fc siyaha boyad\u0131"},"content":{"rendered":"<p>Yang\u0131n, saat 18.30 s\u0131ralar\u0131nda Kepez il\u00e7esi \u015eafak Mahallesi Yeni Sanayi Sitesi i\u00e7erisinde bulunan bo\u015fluk alanda meydana geldi. Hen\u00fcz belirlenemeyen bir nedenle \u00e7\u0131kan yang\u0131nda at\u0131k malzemelerin bulundu\u011fu bo\u015fluk alandan alevlerin y\u00fckseldi\u011fini g\u00f6ren vatanda\u015flar durumu 112 Acil \u00c7a\u011fr\u0131 Merkezine bildirdi. \u0130hbarla verilen adrese itfaiye ekipleri sevk edilirken, belediyeden de kep\u00e7e deste\u011fi istedi.<\/p>\n<p>Yang\u0131n nedeniyle g\u00f6ky\u00fcz\u00fcn\u00fc siyah dumanlar kaplarken, dumanlar kentin di\u011fer ucundan g\u00f6r\u00fcld\u00fc. Ekiplerin yakla\u015f\u0131k 2 saatlik m\u00fcdahalesinin ard\u0131ndan yang\u0131n s\u00f6nd\u00fcr\u00fcld\u00fc.<\/p>\n<p>Kaynak: www.kanalv.com.tr Haber Sitesinden Al\u0131nm\u0131\u015ft\u0131r.<\/p>","protected":false},"excerpt":{"rendered":"<p>Yang\u0131n, saat 18.30 s\u0131ralar\u0131nda Kepez il\u00e7esi \u015eafak Mahallesi Yeni Sanayi Sitesi i\u00e7erisinde bulunan bo\u015fluk alanda meydana geldi. Hen\u00fcz belirlenemeyen bir nedenle \u00e7\u0131kan yang\u0131nda at\u0131k malzemelerin bulundu\u011fu bo\u015fluk alandan alevlerin y\u00fckseldi\u011fini g\u00f6ren vatanda\u015flar durumu 112 Acil \u00c7a\u011fr\u0131 Merkezine bildirdi. \u0130hbarla verilen adrese itfaiye ekipleri sevk edilirken, belediyeden de kep\u00e7e deste\u011fi istedi. Yang\u0131n nedeniyle g\u00f6ky\u00fcz\u00fcn\u00fc siyah dumanlar kaplarken, dumanlar kentin di\u011fer ucundan g\u00f6r\u00fcld\u00fc. Ekiplerin yakla\u015f\u0131k 2 saatlik m\u00fcdahalesinin ard\u0131ndan yang\u0131n s\u00f6nd\u00fcr\u00fcld\u00fc. Kaynak: www.kanalv.com.tr Haber Sitesinden Al\u0131nm\u0131\u015ft\u0131r.<\/p>","protected":false},"author":4,"featured_media":36900,"comment_status":"","ping_status":"open","sticky":false,"template":"","format":"standard","meta":{"_acf_changed":false,"footnotes":""},"categories":[26],"tags":[],"class_list":["post-36899","post","type-post","status-publish","format-standard","has-post-thumbnail","hentry","category-antalya"],"acf":[],"yoast_head":"<!-- This site is optimized with the Yoast SEO Premium plugin v26.6 (Yoast SEO v27.1.1) - https:\/\/yoast.com\/product\/yoast-seo-premium-wordpress\/ -->\n<title>At\u0131k malzeme yang\u0131n\u0131 g\u00f6ky\u00fcz\u00fcn\u00fc siyaha boyad\u0131 - Av. Deniz Can K\u0131z\u0131l<\/title>\n<meta name=\"robots\" content=\"index, follow, max-snippet:-1, max-image-preview:large, max-video-preview:-1\" \/>\n<link rel=\"canonical\" href=\"https:\/\/denizcankizil.tr\/en\/haberler\/antalya\/atik-malzeme-yangini-gokyuzunu-siyaha-boyadi\/\" \/>\n<meta property=\"og:locale\" content=\"en_GB\" \/>\n<meta property=\"og:type\" content=\"article\" \/>\n<meta property=\"og:title\" content=\"At\u0131k malzeme yang\u0131n\u0131 g\u00f6ky\u00fcz\u00fcn\u00fc siyaha boyad\u0131\" \/>\n<meta property=\"og:description\" content=\"Yang\u0131n, saat 18.30 s\u0131ralar\u0131nda Kepez il\u00e7esi \u015eafak Mahallesi Yeni Sanayi Sitesi i\u00e7erisinde bulunan bo\u015fluk alanda meydana geldi. Hen\u00fcz belirlenemeyen bir nedenle \u00e7\u0131kan yang\u0131nda at\u0131k malzemelerin bulundu\u011fu bo\u015fluk alandan alevlerin y\u00fckseldi\u011fini g\u00f6ren vatanda\u015flar durumu 112 Acil \u00c7a\u011fr\u0131 Merkezine bildirdi. \u0130hbarla verilen adrese itfaiye ekipleri sevk edilirken, belediyeden de kep\u00e7e deste\u011fi istedi. Yang\u0131n nedeniyle g\u00f6ky\u00fcz\u00fcn\u00fc siyah dumanlar kaplarken, dumanlar kentin di\u011fer ucundan g\u00f6r\u00fcld\u00fc. Ekiplerin yakla\u015f\u0131k 2 saatlik m\u00fcdahalesinin ard\u0131ndan yang\u0131n s\u00f6nd\u00fcr\u00fcld\u00fc. Kaynak: www.kanalv.com.tr Haber Sitesinden Al\u0131nm\u0131\u015ft\u0131r.\" \/>\n<meta property=\"og:url\" content=\"https:\/\/denizcankizil.tr\/en\/haberler\/antalya\/atik-malzeme-yangini-gokyuzunu-siyaha-boyadi\/\" \/>\n<meta property=\"og:site_name\" content=\"Av. Deniz Can K\u0131z\u0131l\" \/>\n<meta property=\"article:published_time\" content=\"2025-03-25T08:41:57+00:00\" \/>\n<meta property=\"og:image\" content=\"https:\/\/denizcankizil.tr\/wp-content\/uploads\/2025\/03\/5695-01-vbP237.jpeg\" \/>\n\t<meta property=\"og:image:width\" content=\"1280\" \/>\n\t<meta property=\"og:image:height\" content=\"720\" \/>\n\t<meta property=\"og:image:type\" content=\"image\/jpeg\" \/>\n<meta name=\"author\" content=\"Av. Deniz Can K\u0131z\u0131l\" \/>\n<meta name=\"twitter:card\" content=\"summary_large_image\" \/>\n<meta name=\"twitter:label1\" content=\"Written by\" \/>\n\t<meta name=\"twitter:data1\" content=\"Av. Deniz Can K\u0131z\u0131l\" \/>\n\t<meta name=\"twitter:label2\" content=\"Estimated reading time\" \/>\n\t<meta name=\"twitter:data2\" content=\"1 minute\" \/>\n<script type=\"application\/ld+json\" class=\"yoast-schema-graph\">{\"@context\":\"https:\/\/schema.org\",\"@graph\":[{\"@type\":\"Article\",\"@id\":\"https:\/\/denizcankizil.tr\/en\/haberler\/antalya\/atik-malzeme-yangini-gokyuzunu-siyaha-boyadi\/#article\",\"isPartOf\":{\"@id\":\"https:\/\/denizcankizil.tr\/en\/haberler\/antalya\/atik-malzeme-yangini-gokyuzunu-siyaha-boyadi\/\"},\"author\":{\"name\":\"Av. Deniz Can K\u0131z\u0131l\",\"@id\":\"https:\/\/denizcankizil.tr\/de\/#\/schema\/person\/5dc1b22991bd7ac833867c10afc9b0ff\"},\"headline\":\"At\u0131k malzeme yang\u0131n\u0131 g\u00f6ky\u00fcz\u00fcn\u00fc siyaha boyad\u0131\",\"datePublished\":\"2025-03-25T08:41:57+00:00\",\"mainEntityOfPage\":{\"@id\":\"https:\/\/denizcankizil.tr\/en\/haberler\/antalya\/atik-malzeme-yangini-gokyuzunu-siyaha-boyadi\/\"},\"wordCount\":120,\"publisher\":{\"@id\":\"https:\/\/denizcankizil.tr\/de\/#organization\"},\"image\":{\"@id\":\"https:\/\/denizcankizil.tr\/en\/haberler\/antalya\/atik-malzeme-yangini-gokyuzunu-siyaha-boyadi\/#primaryimage\"},\"thumbnailUrl\":\"https:\/\/denizcankizil.tr\/wp-content\/uploads\/2025\/03\/5695-01-vbP237.jpeg\",\"articleSection\":[\"Antalya\"],\"inLanguage\":\"en-GB\"},{\"@type\":\"WebPage\",\"@id\":\"https:\/\/denizcankizil.tr\/en\/haberler\/antalya\/atik-malzeme-yangini-gokyuzunu-siyaha-boyadi\/\",\"url\":\"https:\/\/denizcankizil.tr\/en\/haberler\/antalya\/atik-malzeme-yangini-gokyuzunu-siyaha-boyadi\/\",\"name\":\"At\u0131k malzeme yang\u0131n\u0131 g\u00f6ky\u00fcz\u00fcn\u00fc siyaha boyad\u0131 - Av. Deniz Can K\u0131z\u0131l\",\"isPartOf\":{\"@id\":\"https:\/\/denizcankizil.tr\/de\/#website\"},\"primaryImageOfPage\":{\"@id\":\"https:\/\/denizcankizil.tr\/en\/haberler\/antalya\/atik-malzeme-yangini-gokyuzunu-siyaha-boyadi\/#primaryimage\"},\"image\":{\"@id\":\"https:\/\/denizcankizil.tr\/en\/haberler\/antalya\/atik-malzeme-yangini-gokyuzunu-siyaha-boyadi\/#primaryimage\"},\"thumbnailUrl\":\"https:\/\/denizcankizil.tr\/wp-content\/uploads\/2025\/03\/5695-01-vbP237.jpeg\",\"datePublished\":\"2025-03-25T08:41:57+00:00\",\"breadcrumb\":{\"@id\":\"https:\/\/denizcankizil.tr\/en\/haberler\/antalya\/atik-malzeme-yangini-gokyuzunu-siyaha-boyadi\/#breadcrumb\"},\"inLanguage\":\"en-GB\",\"potentialAction\":[{\"@type\":\"ReadAction\",\"target\":[\"https:\/\/denizcankizil.tr\/en\/haberler\/antalya\/atik-malzeme-yangini-gokyuzunu-siyaha-boyadi\/\"]}]},{\"@type\":\"ImageObject\",\"inLanguage\":\"en-GB\",\"@id\":\"https:\/\/denizcankizil.tr\/en\/haberler\/antalya\/atik-malzeme-yangini-gokyuzunu-siyaha-boyadi\/#primaryimage\",\"url\":\"https:\/\/denizcankizil.tr\/wp-content\/uploads\/2025\/03\/5695-01-vbP237.jpeg\",\"contentUrl\":\"https:\/\/denizcankizil.tr\/wp-content\/uploads\/2025\/03\/5695-01-vbP237.jpeg\",\"width\":1280,\"height\":720},{\"@type\":\"BreadcrumbList\",\"@id\":\"https:\/\/denizcankizil.tr\/en\/haberler\/antalya\/atik-malzeme-yangini-gokyuzunu-siyaha-boyadi\/#breadcrumb\",\"itemListElement\":[{\"@type\":\"ListItem\",\"position\":1,\"name\":\"Home\",\"item\":\"https:\/\/denizcankizil.tr\/de\/\"},{\"@type\":\"ListItem\",\"position\":2,\"name\":\"At\u0131k malzeme yang\u0131n\u0131 g\u00f6ky\u00fcz\u00fcn\u00fc siyaha boyad\u0131\"}]},{\"@type\":\"WebSite\",\"@id\":\"https:\/\/denizcankizil.tr\/de\/#website\",\"url\":\"https:\/\/denizcankizil.tr\/de\/\",\"name\":\"Av. Deniz Can K\u0131z\u0131l\",\"description\":\"Avukat Deniz Can K\u0131z\u0131l Antalya Barosu\",\"publisher\":{\"@id\":\"https:\/\/denizcankizil.tr\/de\/#organization\"},\"potentialAction\":[{\"@type\":\"SearchAction\",\"target\":{\"@type\":\"EntryPoint\",\"urlTemplate\":\"https:\/\/denizcankizil.tr\/de\/?s={search_term_string}\"},\"query-input\":{\"@type\":\"PropertyValueSpecification\",\"valueRequired\":true,\"valueName\":\"search_term_string\"}}],\"inLanguage\":\"en-GB\"},{\"@type\":\"Organization\",\"@id\":\"https:\/\/denizcankizil.tr\/de\/#organization\",\"name\":\"Av. Deniz Can K\u0131z\u0131l\",\"url\":\"https:\/\/denizcankizil.tr\/de\/\",\"logo\":{\"@type\":\"ImageObject\",\"inLanguage\":\"en-GB\",\"@id\":\"https:\/\/denizcankizil.tr\/de\/#\/schema\/logo\/image\/\",\"url\":\"https:\/\/denizcankizil.tr\/wp-content\/uploads\/2024\/10\/siyah-logo-svg.svg\",\"contentUrl\":\"https:\/\/denizcankizil.tr\/wp-content\/uploads\/2024\/10\/siyah-logo-svg.svg\",\"width\":1080,\"height\":1080,\"caption\":\"Av. Deniz Can K\u0131z\u0131l\"},\"image\":{\"@id\":\"https:\/\/denizcankizil.tr\/de\/#\/schema\/logo\/image\/\"}},{\"@type\":\"Person\",\"@id\":\"https:\/\/denizcankizil.tr\/de\/#\/schema\/person\/5dc1b22991bd7ac833867c10afc9b0ff\",\"name\":\"Av. Deniz Can K\u0131z\u0131l\",\"image\":{\"@type\":\"ImageObject\",\"inLanguage\":\"en-GB\",\"@id\":\"https:\/\/denizcankizil.tr\/de\/#\/schema\/person\/image\/\",\"url\":\"https:\/\/secure.gravatar.com\/avatar\/a0b128fb9855c79efc976d5640eedb31dc35ec297594d6016d2cf7c60e975bb6?s=96&d=mm&r=g\",\"contentUrl\":\"https:\/\/secure.gravatar.com\/avatar\/a0b128fb9855c79efc976d5640eedb31dc35ec297594d6016d2cf7c60e975bb6?s=96&d=mm&r=g\",\"caption\":\"Av. Deniz Can K\u0131z\u0131l\"},\"sameAs\":[\"http:\/\/www.denizcankizil.tr\"],\"url\":\"https:\/\/denizcankizil.tr\/en\/author\/denizcankizil\/\"}]}<\/script>\n<!-- \/ Yoast SEO Premium plugin. -->","yoast_head_json":{"title":"At\u0131k malzeme yang\u0131n\u0131 g\u00f6ky\u00fcz\u00fcn\u00fc siyaha boyad\u0131 - Av. Deniz Can K\u0131z\u0131l","robots":{"index":"index","follow":"follow","max-snippet":"max-snippet:-1","max-image-preview":"max-image-preview:large","max-video-preview":"max-video-preview:-1"},"canonical":"https:\/\/denizcankizil.tr\/en\/haberler\/antalya\/atik-malzeme-yangini-gokyuzunu-siyaha-boyadi\/","og_locale":"en_GB","og_type":"article","og_title":"At\u0131k malzeme yang\u0131n\u0131 g\u00f6ky\u00fcz\u00fcn\u00fc siyaha boyad\u0131","og_description":"Yang\u0131n, saat 18.30 s\u0131ralar\u0131nda Kepez il\u00e7esi \u015eafak Mahallesi Yeni Sanayi Sitesi i\u00e7erisinde bulunan bo\u015fluk alanda meydana geldi. Hen\u00fcz belirlenemeyen bir nedenle \u00e7\u0131kan yang\u0131nda at\u0131k malzemelerin bulundu\u011fu bo\u015fluk alandan alevlerin y\u00fckseldi\u011fini g\u00f6ren vatanda\u015flar durumu 112 Acil \u00c7a\u011fr\u0131 Merkezine bildirdi. \u0130hbarla verilen adrese itfaiye ekipleri sevk edilirken, belediyeden de kep\u00e7e deste\u011fi istedi. Yang\u0131n nedeniyle g\u00f6ky\u00fcz\u00fcn\u00fc siyah dumanlar kaplarken, dumanlar kentin di\u011fer ucundan g\u00f6r\u00fcld\u00fc. Ekiplerin yakla\u015f\u0131k 2 saatlik m\u00fcdahalesinin ard\u0131ndan yang\u0131n s\u00f6nd\u00fcr\u00fcld\u00fc. Kaynak: www.kanalv.com.tr Haber Sitesinden Al\u0131nm\u0131\u015ft\u0131r.","og_url":"https:\/\/denizcankizil.tr\/en\/haberler\/antalya\/atik-malzeme-yangini-gokyuzunu-siyaha-boyadi\/","og_site_name":"Av. Deniz Can K\u0131z\u0131l","article_published_time":"2025-03-25T08:41:57+00:00","og_image":[{"width":1280,"height":720,"url":"https:\/\/denizcankizil.tr\/wp-content\/uploads\/2025\/03\/5695-01-vbP237.jpeg","type":"image\/jpeg"}],"author":"Av. Deniz Can K\u0131z\u0131l","twitter_card":"summary_large_image","twitter_misc":{"Written by":"Av. Deniz Can K\u0131z\u0131l","Estimated reading time":"1 minute"},"schema":{"@context":"https:\/\/schema.org","@graph":[{"@type":"Article","@id":"https:\/\/denizcankizil.tr\/en\/haberler\/antalya\/atik-malzeme-yangini-gokyuzunu-siyaha-boyadi\/#article","isPartOf":{"@id":"https:\/\/denizcankizil.tr\/en\/haberler\/antalya\/atik-malzeme-yangini-gokyuzunu-siyaha-boyadi\/"},"author":{"name":"Av. Deniz Can K\u0131z\u0131l","@id":"https:\/\/denizcankizil.tr\/de\/#\/schema\/person\/5dc1b22991bd7ac833867c10afc9b0ff"},"headline":"At\u0131k malzeme yang\u0131n\u0131 g\u00f6ky\u00fcz\u00fcn\u00fc siyaha boyad\u0131","datePublished":"2025-03-25T08:41:57+00:00","mainEntityOfPage":{"@id":"https:\/\/denizcankizil.tr\/en\/haberler\/antalya\/atik-malzeme-yangini-gokyuzunu-siyaha-boyadi\/"},"wordCount":120,"publisher":{"@id":"https:\/\/denizcankizil.tr\/de\/#organization"},"image":{"@id":"https:\/\/denizcankizil.tr\/en\/haberler\/antalya\/atik-malzeme-yangini-gokyuzunu-siyaha-boyadi\/#primaryimage"},"thumbnailUrl":"https:\/\/denizcankizil.tr\/wp-content\/uploads\/2025\/03\/5695-01-vbP237.jpeg","articleSection":["Antalya"],"inLanguage":"en-GB"},{"@type":"WebPage","@id":"https:\/\/denizcankizil.tr\/en\/haberler\/antalya\/atik-malzeme-yangini-gokyuzunu-siyaha-boyadi\/","url":"https:\/\/denizcankizil.tr\/en\/haberler\/antalya\/atik-malzeme-yangini-gokyuzunu-siyaha-boyadi\/","name":"At\u0131k malzeme yang\u0131n\u0131 g\u00f6ky\u00fcz\u00fcn\u00fc siyaha boyad\u0131 - Av. Deniz Can K\u0131z\u0131l","isPartOf":{"@id":"https:\/\/denizcankizil.tr\/de\/#website"},"primaryImageOfPage":{"@id":"https:\/\/denizcankizil.tr\/en\/haberler\/antalya\/atik-malzeme-yangini-gokyuzunu-siyaha-boyadi\/#primaryimage"},"image":{"@id":"https:\/\/denizcankizil.tr\/en\/haberler\/antalya\/atik-malzeme-yangini-gokyuzunu-siyaha-boyadi\/#primaryimage"},"thumbnailUrl":"https:\/\/denizcankizil.tr\/wp-content\/uploads\/2025\/03\/5695-01-vbP237.jpeg","datePublished":"2025-03-25T08:41:57+00:00","breadcrumb":{"@id":"https:\/\/denizcankizil.tr\/en\/haberler\/antalya\/atik-malzeme-yangini-gokyuzunu-siyaha-boyadi\/#breadcrumb"},"inLanguage":"en-GB","potentialAction":[{"@type":"ReadAction","target":["https:\/\/denizcankizil.tr\/en\/haberler\/antalya\/atik-malzeme-yangini-gokyuzunu-siyaha-boyadi\/"]}]},{"@type":"ImageObject","inLanguage":"en-GB","@id":"https:\/\/denizcankizil.tr\/en\/haberler\/antalya\/atik-malzeme-yangini-gokyuzunu-siyaha-boyadi\/#primaryimage","url":"https:\/\/denizcankizil.tr\/wp-content\/uploads\/2025\/03\/5695-01-vbP237.jpeg","contentUrl":"https:\/\/denizcankizil.tr\/wp-content\/uploads\/2025\/03\/5695-01-vbP237.jpeg","width":1280,"height":720},{"@type":"BreadcrumbList","@id":"https:\/\/denizcankizil.tr\/en\/haberler\/antalya\/atik-malzeme-yangini-gokyuzunu-siyaha-boyadi\/#breadcrumb","itemListElement":[{"@type":"ListItem","position":1,"name":"Home","item":"https:\/\/denizcankizil.tr\/de\/"},{"@type":"ListItem","position":2,"name":"At\u0131k malzeme yang\u0131n\u0131 g\u00f6ky\u00fcz\u00fcn\u00fc siyaha boyad\u0131"}]},{"@type":"WebSite","@id":"https:\/\/denizcankizil.tr\/de\/#website","url":"https:\/\/denizcankizil.tr\/de\/","name":"Av. Deniz Can K\u0131z\u0131l","description":"Avukat Deniz Can K\u0131z\u0131l Antalya Barosu","publisher":{"@id":"https:\/\/denizcankizil.tr\/de\/#organization"},"potentialAction":[{"@type":"SearchAction","target":{"@type":"EntryPoint","urlTemplate":"https:\/\/denizcankizil.tr\/de\/?s={search_term_string}"},"query-input":{"@type":"PropertyValueSpecification","valueRequired":true,"valueName":"search_term_string"}}],"inLanguage":"en-GB"},{"@type":"Organization","@id":"https:\/\/denizcankizil.tr\/de\/#organization","name":"Av. Deniz Can K\u0131z\u0131l","url":"https:\/\/denizcankizil.tr\/de\/","logo":{"@type":"ImageObject","inLanguage":"en-GB","@id":"https:\/\/denizcankizil.tr\/de\/#\/schema\/logo\/image\/","url":"https:\/\/denizcankizil.tr\/wp-content\/uploads\/2024\/10\/siyah-logo-svg.svg","contentUrl":"https:\/\/denizcankizil.tr\/wp-content\/uploads\/2024\/10\/siyah-logo-svg.svg","width":1080,"height":1080,"caption":"Av. Deniz Can K\u0131z\u0131l"},"image":{"@id":"https:\/\/denizcankizil.tr\/de\/#\/schema\/logo\/image\/"}},{"@type":"Person","@id":"https:\/\/denizcankizil.tr\/de\/#\/schema\/person\/5dc1b22991bd7ac833867c10afc9b0ff","name":"Av. Deniz Can K\u0131z\u0131l","image":{"@type":"ImageObject","inLanguage":"en-GB","@id":"https:\/\/denizcankizil.tr\/de\/#\/schema\/person\/image\/","url":"https:\/\/secure.gravatar.com\/avatar\/a0b128fb9855c79efc976d5640eedb31dc35ec297594d6016d2cf7c60e975bb6?s=96&d=mm&r=g","contentUrl":"https:\/\/secure.gravatar.com\/avatar\/a0b128fb9855c79efc976d5640eedb31dc35ec297594d6016d2cf7c60e975bb6?s=96&d=mm&r=g","caption":"Av. Deniz Can K\u0131z\u0131l"},"sameAs":["http:\/\/www.denizcankizil.tr"],"url":"https:\/\/denizcankizil.tr\/en\/author\/denizcankizil\/"}]}},"_links":{"self":[{"href":"https:\/\/denizcankizil.tr\/en\/wp-json\/wp\/v2\/posts\/36899","targetHints":{"allow":["GET"]}}],"collection":[{"href":"https:\/\/denizcankizil.tr\/en\/wp-json\/wp\/v2\/posts"}],"about":[{"href":"https:\/\/denizcankizil.tr\/en\/wp-json\/wp\/v2\/types\/post"}],"author":[{"embeddable":true,"href":"https:\/\/denizcankizil.tr\/en\/wp-json\/wp\/v2\/users\/4"}],"replies":[{"embeddable":true,"href":"https:\/\/denizcankizil.tr\/en\/wp-json\/wp\/v2\/comments?post=36899"}],"version-history":[{"count":0,"href":"https:\/\/denizcankizil.tr\/en\/wp-json\/wp\/v2\/posts\/36899\/revisions"}],"wp:featuredmedia":[{"embeddable":true,"href":"https:\/\/denizcankizil.tr\/en\/wp-json\/wp\/v2\/media\/36900"}],"wp:attachment":[{"href":"https:\/\/denizcankizil.tr\/en\/wp-json\/wp\/v2\/media?parent=36899"}],"wp:term":[{"taxonomy":"category","embeddable":true,"href":"https:\/\/denizcankizil.tr\/en\/wp-json\/wp\/v2\/categories?post=36899"},{"taxonomy":"post_tag","embeddable":true,"href":"https:\/\/denizcankizil.tr\/en\/wp-json\/wp\/v2\/tags?post=36899"}],"curies":[{"name":"wp","href":"https:\/\/api.w.org\/{rel}","templated":true}]}}