{"id":36794,"date":"2025-03-24T15:24:06","date_gmt":"2025-03-24T12:24:06","guid":{"rendered":"https:\/\/denizcankizil.tr\/uncategorized-tr\/emniyet-mensuplarinin-mazerete-bagli-yer-degisikligi-sureci\/"},"modified":"2025-03-24T15:24:51","modified_gmt":"2025-03-24T12:24:51","slug":"emniyet-mensuplarinin-mazerete-bagli-yer-degisikligi-sureci","status":"publish","type":"post","link":"https:\/\/denizcankizil.tr\/en\/koseyazilari\/degerlendirme\/emniyet-mensuplarinin-mazerete-bagli-yer-degisikligi-sureci\/","title":{"rendered":"Emniyet Mensuplar\u0131n\u0131n Mazerete Ba\u011fl\u0131 Yer De\u011fi\u015fikli\u011fi S\u00fcreci"},"content":{"rendered":"<p> <strong>Emniyet \u200bMensuplar\u0131n\u0131n \u200bMazerete Ba\u011fl\u0131\u2062 Yer De\u011fi\u015fikli\u011fi S\u00fcreci: Hukuki \u00c7er\u00e7eve \u2063ve\u200d uygulama\u200b Prensipleri<\/strong><\/p>\n<p>Emniyet\u2062 mensuplar\u0131n\u0131n \u200cmazerete\u2063 ba\u011fl\u0131 yer de\u011fi\u015fikli\u011fi \u2062s\u00fcreci, kamu g\u00fcvenli\u011fini\u200b sa\u011flamakla y\u00fck\u00fcml\u00fc olan bu bireylerin \u00e7al\u0131\u015fma ko\u015fullar\u0131n\u0131 ve sosyal ya\u015famlar\u0131n\u0131\u200c do\u011frudan etkileyen \u00f6nemli bir\u200b konudur. T\u00fcrkiye&#8217;de,\u200b <a href=\"https:\/\/denizcankizil.tr\/en\/hukukihaber\/aymnin-2023-25-esas-2024-139-karar-sayili-karari\/\" title=\"AYM&#039;nin 2023\/25 esas - 2024\/139 karar say\u0131l\u0131 karar\u0131\">emniyet te\u015fkilat\u0131n\u0131n<\/a> \u200ci\u015fleyi\u015fi ve personel y\u00f6netimi, belirli hukuki \u00e7er\u00e7eveler ve d\u00fczenlemelerle \u015fekillendirilmi\u015ftir. \u2064Bu ba\u011flamda,mazerete dayal\u0131 \u2062yer de\u011fi\u015fikli\u011fi,<a href=\"https:\/\/denizcankizil.tr\/en\/koseyazilari\/degerlendirme\/muvazaa-hukuksal-nedeniyle-tasarrufun-iptali-davasi\/\" title=\"The Legal Case Of Cancellation Due To Savings Muvazaa\">yaln\u0131zca\u2064 bireysel haklar\u0131n korunmas\u0131 a\u00e7\u0131s\u0131ndan de\u011fil<\/a>,ayn\u0131 zamanda kamu hizmetinin etkinli\u011fi ve \u200cverimlili\u011fi\u2063 a\u00e7\u0131s\u0131ndan \u200cda kritik bir \u00f6neme \u2064sahiptir. <\/p>\n<p>Bu makalede,emniyet\u2062 mensuplar\u0131n\u0131n mazerete ba\u011fl\u0131 yer de\u011fi\u015fikli\u011fi s\u00fcrecinin \u2064hukuki dayanaklar\u0131,uygulama esaslar\u0131 ve\u2064 kar\u015f\u0131la\u015f\u0131lan zorluklar ele al\u0131nacakt\u0131r. Ayr\u0131ca, \u2063bu s\u00fcre\u00e7teki yasal d\u00fczenlemelerin\u2063 ve \u200dYarg\u0131tay i\u00e7tihatlar\u0131n\u0131n incelenmesi,\u2063 konunun daha iyi anla\u015f\u0131lmas\u0131na katk\u0131\u200c sa\u011flayacakt\u0131r.\u2064 Emniyet mensuplar\u0131n\u0131n haklar\u0131n\u0131n korunmas\u0131 ve \u200dkamu hizmetinin s\u00fcreklili\u011fi a\u00e7\u0131s\u0131ndan bu s\u00fcrecin\u200b \u00f6nemi vurgulanacak,\u2063 ilgili mevzuat \u00e7er\u00e7evesinde \u200buygulama \u00f6rnekleri\u2063 sunulacakt\u0131r.<br \/><img decoding=\"async\" class=\"kimage_class lazyload\" data-src=\"https:\/\/denizcankizil.tr\/wp-content\/uploads\/2024\/10\/o04aha.jpg\" alt=\"Emniyet \u2064Mensuplar\u0131n\u0131n Mazerete \u200bBa\u011fl\u0131 Yer De\u011fi\u015fikli\u011fi S\u00fcrecinin\u2063 hukuki \u00c7er\u00e7evesi\" src=\"data:image\/svg+xml;base64,PHN2ZyB3aWR0aD0iMSIgaGVpZ2h0PSIxIiB4bWxucz0iaHR0cDovL3d3dy53My5vcmcvMjAwMC9zdmciPjwvc3ZnPg==\"><\/p>\n<h2 id=\"emniyet-mensuplarinin-mazerete-bagli-yer-degisikligi-surecinin-hukuki-cercevesi\">Emniyet Mensuplar\u0131n\u0131n mazerete Ba\u011fl\u0131 Yer De\u011fi\u015fikli\u011fi S\u00fcrecinin Hukuki\u2063 \u00c7er\u00e7evesi<\/h2>\n<p>Emniyet\u200c mensuplar\u0131n\u0131n mazerete ba\u011fl\u0131 yer de\u011fi\u015fikli\u011fi s\u00fcreci,\u200c hukuki a\u00e7\u0131dan belirli bir\u2064 \u00e7er\u00e7eveye oturtulmu\u015ftur. Bu s\u00fcre\u00e7, kamu g\u00f6revlilerinin haklar\u0131n\u0131 \u2064koruma amac\u0131 g\u00fcderken, ayn\u0131 \u2063zamanda hizmetin etkinli\u011fini \u200bart\u0131rmay\u0131 da hedeflemektedir. Mazeretler,genellikle sa\u011fl\u0131k \u2064sorunlar\u0131,ailevi durumlar\u200c veya di\u011fer zorunlu nedenler gibi \u00e7e\u015fitli sebeplerle \u2063ortaya \u00e7\u0131kmaktad\u0131r.<\/p>\n<p>Yer de\u011fi\u015fikli\u011fi\u200b talebinde\u200d bulunacak <a href=\"https:\/\/denizcankizil.tr\/en\/hukukihaber\/aymnin-2020-35386-basvuru-numarali-karari\/\" title=\"AYM&#039;nin 2020\/35386 ba\u015fvuru numaral\u0131 karar\u0131\">emniyet mensuplar\u0131n\u0131n<\/a>, \u00f6ncelikle\u200c <strong>ilgili\u200c mevzuat<\/strong> \u2063 \u00e7er\u00e7evesinde hareket \u2062etmeleri gerekmektedir. \u2063Bu \u2064ba\u011flamda, <a href=\"https:\/\/denizcankizil.tr\/en\/koseyazilari\/degerlendirme\/sosyal-medya-fenomenlerinin-reklam-faaliyetlerine-yonelik-hukuki-duzenlemeler\/\" title=\"Sosyal Medya Fenomenlerinin Reklam Faaliyetlerine Y\u00f6nelik Hukuki D\u00fczenlemeler\">a\u015fa\u011f\u0131daki hususlara dikkat edilmesi \u00f6nemlidir<\/a>:<\/p>\n<ul>\n<li><strong>Ba\u015fvuru \u200bS\u00fcreci:<\/strong> Mazeret talebinin, belirlenen s\u00fcreler i\u00e7inde\u200b ve \u2062gerekli belgelerle\u200c birlikte yap\u0131lmas\u0131 gerekmektedir.<\/li>\n<li><strong>De\u011ferlendirme kriterleri:<\/strong> Ba\u015fvurular, ilgili birimler taraf\u0131ndan\u200d belirlenen kriterlere \u2064g\u00f6re de\u011ferlendirilmektedir.<\/li>\n<li><strong>Sonu\u00e7lar\u0131n bildirilmesi:<\/strong> Yer de\u011fi\u015fikli\u011fi taleplerinin sonu\u00e7lar\u0131, ba\u015fvuru \u2064sahiplerine yaz\u0131l\u0131\u200d olarak iletilmektedir.<\/li>\n<\/ul>\n<p>Bu s\u00fcre\u00e7te, emniyet mensuplar\u0131n\u0131n haklar\u0131n\u0131n korunmas\u0131 ve\u200d adil bir de\u011ferlendirme yap\u0131lmas\u0131, hukukun \u00fcst\u00fcnl\u00fc\u011f\u00fc ilkesinin \u200cbir gere\u011fidir. Mazerete ba\u011fl\u0131\u200c yer\u2064 de\u011fi\u015fikli\u011fi, yaln\u0131zca \u200dbireysel haklar\u0131n\u200d de\u011fil,\u200d ayn\u0131 zamanda kamu\u200d hizmetinin etkinli\u011finin\u200b de \u200csa\u011flanmas\u0131 a\u00e7\u0131s\u0131ndan b\u00fcy\u00fck \u2063\u00f6nem ta\u015f\u0131maktad\u0131r.<\/p>\n<p><img decoding=\"async\" class=\"kimage_class lazyload\" data-src=\"https:\/\/denizcankizil.tr\/wp-content\/uploads\/2024\/10\/x504-1.jpg\" alt=\"Mazerete Ba\u011fl\u0131 Yer De\u011fi\u015fikli\u011fi Talep \u200dS\u00fcrecinin A\u015famalar\u0131\" src=\"data:image\/svg+xml;base64,PHN2ZyB3aWR0aD0iMSIgaGVpZ2h0PSIxIiB4bWxucz0iaHR0cDovL3d3dy53My5vcmcvMjAwMC9zdmciPjwvc3ZnPg==\"><\/p>\n<h2 id=\"mazerete-bagli-yer-degisikligi-talep-surecinin-asamalari\">Mazerete Ba\u011fl\u0131 Yer\u200b De\u011fi\u015fikli\u011fi Talep S\u00fcrecinin A\u015famalar\u0131<\/h2>\n<section>\n<p>Emniyet mensuplar\u0131n\u0131n mazerete \u2063ba\u011fl\u0131 yer\u200c de\u011fi\u015fikli\u011fi talep s\u00fcreci,\u2064 belirli a\u015famalardan olu\u015fmaktad\u0131r. Bu\u2062 s\u00fcre\u00e7, ilgili\u200d personelin ihtiya\u00e7lar\u0131na\u2064 ve mevcut durumuna g\u00f6re \u015fekillenmektedir. A\u015fa\u011f\u0131da, bu\u2063 s\u00fcrecin temel \u2063a\u015famalar\u0131 s\u0131ralanm\u0131\u015ft\u0131r:<\/p>\n<ul>\n<li><strong>Ba\u015fvuru\u2062 Haz\u0131rl\u0131\u011f\u0131:<\/strong> \u2062\u0130lk olarak, personelin yer de\u011fi\u015fikli\u011fi talebi\u2064 i\u00e7in \u2062gerekli belgeleri ve mazeretini\u200d haz\u0131rlamas\u0131 gerekmektedir. Bu\u200d a\u015famada, talebin\u200c dayana\u011f\u0131 olan belgelerin \u200deksiksiz olmas\u0131 \u00f6nemlidir.<\/li>\n<li><strong>Resmi Ba\u015fvuru:<\/strong> \u2062 Haz\u0131rlanan belgelerle\u2063 birlikte, \u2064ilgili birime resmi\u2063 ba\u015fvuru yap\u0131lmal\u0131d\u0131r. Ba\u015fvurunun zaman\u0131nda \u2062ve do\u011fru bir \u015fekilde\u2064 yap\u0131lmas\u0131, s\u00fcrecin sa\u011fl\u0131kl\u0131 ilerlemesi\u2064 a\u00e7\u0131s\u0131ndan kritik \u00f6neme sahiptir.<\/li>\n<li><strong>De\u011ferlendirme S\u00fcreci:<\/strong> Ba\u015fvurunun ard\u0131ndan, ilgili birim taraf\u0131ndan\u2063 talep de\u011ferlendirilmektedir. Bu a\u015famada,\u2064 ba\u015fvurunun uygunlu\u011fu ve\u2062 mazeretin ge\u00e7erlili\u011fi incelenir.<\/li>\n<li><strong>Sonu\u00e7 Bildirimi:<\/strong> \u200bDe\u011ferlendirme tamamland\u0131ktan\u200c sonra, ba\u015fvuru sahibine sonu\u00e7 hakk\u0131nda \u200bbilgi verilmektedir. Talebin \u200bkabul edilmesi durumunda, yer de\u011fi\u015fikli\u011fi i\u015flemleri ba\u015flat\u0131l\u0131r.<\/li>\n<\/ul>\n<p>Bu a\u015famalar, emniyet mensuplar\u0131n\u0131n mazerete ba\u011fl\u0131 yer de\u011fi\u015fikli\u011fi\u200c taleplerinin sistematik bir\u2062 \u015fekilde ele \u200dal\u0131nmas\u0131n\u0131 \u200dsa\u011flamaktad\u0131r. Her a\u015faman\u0131n dikkatli bir \u015fekilde\u2063 y\u00fcr\u00fct\u00fclmesi, s\u00fcrecin\u200b etkinli\u011fini art\u0131rmaktad\u0131r.<\/p>\n<\/section>\n<p><img decoding=\"async\" class=\"kimage_class lazyload\" data-src=\"https:\/\/denizcankizil.tr\/wp-content\/uploads\/2024\/10\/bJieI-253D.jpg\" alt=\"Emniyet\u200b Mensuplar\u0131n\u0131n Mazeret Kriterleri\u200c ve De\u011ferlendirme \u00d6l\u00e7\u00fctleri\" src=\"data:image\/svg+xml;base64,PHN2ZyB3aWR0aD0iMSIgaGVpZ2h0PSIxIiB4bWxucz0iaHR0cDovL3d3dy53My5vcmcvMjAwMC9zdmciPjwvc3ZnPg==\"><\/p>\n<h2 id=\"emniyet-mensuplarinin-mazeret-kriterleri-ve-degerlendirme-olcutleri\">Emniyet Mensuplar\u0131n\u0131n Mazeret \u2062Kriterleri ve De\u011ferlendirme \u00d6l\u00e7\u00fctleri<\/h2>\n<p>Emniyet mensuplar\u0131n\u0131n\u2063 mazerete \u200cba\u011fl\u0131 yer de\u011fi\u015fikli\u011fi s\u00fcreci, belirli\u200d kriterler ve\u200d de\u011ferlendirme\u200b \u00f6l\u00e7\u00fctleri \u00e7er\u00e7evesinde y\u00fcr\u00fct\u00fclmektedir. Bu s\u00fcre\u00e7, emniyet te\u015fkilat\u0131n\u0131n etkinli\u011fini art\u0131rmak ve\u200c personelin motivasyonunu\u2063 sa\u011flamak \u200camac\u0131yla d\u00fczenlenmi\u015ftir. Mazeret kriterleri,\u2063 genellikle \u200ca\u015fa\u011f\u0131daki unsurlar\u0131 i\u00e7ermektedir:<\/p>\n<ul>\n<li><strong>Sa\u011fl\u0131k Durumu:<\/strong> Personelin \u2062sa\u011fl\u0131k sorunlar\u0131, yer de\u011fi\u015fikli\u011fi \u2062talebinin en \u00f6nemli gerek\u00e7elerinden biridir. Sa\u011fl\u0131k \u200braporlar\u0131, \u2062bu talebin \u200dde\u011ferlendirilmesinde dikkate \u2062al\u0131n\u0131r.<\/li>\n<li><strong>Ailevi\u2063 Durumlar:<\/strong> \u200bE\u015f\u200c veya\u200b \u00e7ocuklar\u0131n durumu, yer \u2064de\u011fi\u015fikli\u011fi taleplerinde \u00f6nemli bir\u2063 rol \u200coynamaktad\u0131r. ailevi y\u00fck\u00fcml\u00fcl\u00fckler,\u200c bu s\u00fcre\u00e7te g\u00f6z \u00f6n\u00fcnde \u2063bulundurulmal\u0131d\u0131r.<\/li>\n<li><strong>Psikolojik Durum:<\/strong> Personelin\u2064 psikolojik sa\u011fl\u0131\u011f\u0131, i\u015f verimlili\u011fi \u2063a\u00e7\u0131s\u0131ndan kritik bir fakt\u00f6rd\u00fcr.Psikolojik\u200c destek gereksinimi, yer de\u011fi\u015fikli\u011fi talebinin\u200c de\u011ferlendirilmesinde etkili olabilir.<\/li>\n<\/ul>\n<p>De\u011ferlendirme \u00f6l\u00e7\u00fctleri ise, \u200cba\u015fvurular\u0131n\u2063 objektif bir \u015fekilde incelenmesini sa\u011flamak \u200camac\u0131yla \u200dbelirlenmi\u015ftir. \u2062Bu \u00f6l\u00e7\u00fctler aras\u0131nda, ba\u015fvurunun \u200czamanlamas\u0131, personelin hizmet\u200d s\u00fcresi ve daha\u2063 \u00f6nceki yer de\u011fi\u015fikli\u011fi talepleri gibi unsurlar \u200dyer almaktad\u0131r. T\u00fcm bu \u2062kriterler,emniyet\u200b mensuplar\u0131n\u0131n yer de\u011fi\u015fikli\u011fi taleplerinin adil ve \u015feffaf bir \u015fekilde de\u011ferlendirilmesine olanak tan\u0131maktad\u0131r.<\/p>\n<p><img decoding=\"async\" class=\"kimage_class lazyload\" data-src=\"https:\/\/denizcankizil.tr\/wp-content\/uploads\/2024\/10\/78x381.jpg\" alt=\"Yer De\u011fi\u015fikli\u011fi S\u00fcrecinde \u0130tiraz\u2063 ve \u0130dari Yarg\u0131 Yolu\" src=\"data:image\/svg+xml;base64,PHN2ZyB3aWR0aD0iMSIgaGVpZ2h0PSIxIiB4bWxucz0iaHR0cDovL3d3dy53My5vcmcvMjAwMC9zdmciPjwvc3ZnPg==\"><\/p>\n<h2 id=\"yer-degisikligi-surecinde-itiraz-ve-idari-yargi-yolu\">Yer De\u011fi\u015fikli\u011fi S\u00fcrecinde \u0130tiraz ve \u0130dari Yarg\u0131\u2063 Yolu<\/h2>\n<section>\n<p>Emniyet\u200c mensuplar\u0131n\u0131n\u200b mazerete ba\u011fl\u0131 \u200cyer \u200cde\u011fi\u015fikli\u011fi \u2063s\u00fcreci, belirli kurallar \u00e7er\u00e7evesinde y\u00fcr\u00fct\u00fclmekte olup,\u2063 bu s\u00fcre\u00e7te\u2063 yap\u0131lan i\u015flemlere kar\u015f\u0131 itiraz\u200b hakk\u0131 bulunmaktad\u0131r.\u200c \u0130tiraz, yer de\u011fi\u015fikli\u011fi karar\u0131n\u0131n\u200c hukuka \u2064uygunlu\u011funu sorgulamak amac\u0131yla yap\u0131l\u0131r ve\u200c bu s\u00fcre\u00e7, idari \u200byarg\u0131 yoluna ba\u015fvurma imkan\u0131\u2063 sunar.\u2063 \u0130tiraz \u2064s\u00fcreci, \u200da\u015fa\u011f\u0131daki a\u015famalar\u0131 i\u00e7ermektedir:<\/p>\n<ul>\n<li><strong>\u0130tiraz\u2064 Ba\u015fvurusu:<\/strong> Yer de\u011fi\u015fikli\u011fi karar\u0131na\u200c itiraz\u2062 etmek \u200bisteyen emniyet mensuplar\u0131, ilgili idareye ba\u015fvurarak\u2064 itirazlar\u0131n\u0131 iletmelidir.<\/li>\n<li><strong>\u0130dari \u0130nceleme:<\/strong> \u0130tiraz \u2062ba\u015fvurusu, ilgili\u2062 idare taraf\u0131ndan\u200c incelenir ve karar\u0131n\u2063 hukuka uygunlu\u011fu \u2062de\u011ferlendirilir.<\/li>\n<li><strong>\u0130dari Yarg\u0131 Yolu:<\/strong> \u200b \u0130tiraz\u0131n reddedilmesi durumunda,\u2062 emniyet\u2063 mensuplar\u0131 idari yarg\u0131 yoluna ba\u015fvurarak,\u2063 karar\u0131n iptali i\u00e7in dava a\u00e7abilirler.<\/li>\n<\/ul>\n<p>\u0130dari yarg\u0131, itiraz s\u00fcrecinin son a\u015famas\u0131n\u0131 olu\u015fturmakta olup, bu a\u015famada mahkeme, yer de\u011fi\u015fikli\u011fi karar\u0131n\u0131n hukuka\u2064 uygunlu\u011funu \u2063denetler. Mahkeme, ba\u015fvuruyu de\u011ferlendirirken, \u200dilgili mevzuat\u200c ve i\u00e7tihatlar\u0131 g\u00f6z \u00f6n\u00fcnde bulundurarak karar verir. Bu \u200bs\u00fcre\u00e7, emniyet mensuplar\u0131n\u0131n\u2064 haklar\u0131n\u0131n\u200c korunmas\u0131\u200d a\u00e7\u0131s\u0131ndan b\u00fcy\u00fck \u200c\u00f6nem\u2062 ta\u015f\u0131maktad\u0131r.<\/p>\n<\/section>\n<p><img decoding=\"async\" class=\"kimage_class lazyload\" data-src=\"https:\/\/denizcankizil.tr\/wp-content\/uploads\/2024\/10\/3984-antalyada-sigorta-hukuku-avukatinin-gorev-alanlari.jpg\" alt=\"Mazerete Ba\u011fl\u0131 Yer De\u011fi\u015fikli\u011finin Emniyet Te\u015fkilat\u0131na Etkileri\" src=\"data:image\/svg+xml;base64,PHN2ZyB3aWR0aD0iMSIgaGVpZ2h0PSIxIiB4bWxucz0iaHR0cDovL3d3dy53My5vcmcvMjAwMC9zdmciPjwvc3ZnPg==\"><\/p>\n<h2 id=\"mazerete-bagli-yer-degisikliginin-emniyet-teskilatina-etkileri\">Mazerete Ba\u011fl\u0131 Yer De\u011fi\u015fikli\u011finin Emniyet Te\u015fkilat\u0131na Etkileri<\/h2>\n<p><strong>Mazerete \u200cba\u011fl\u0131\u200d yer de\u011fi\u015fikli\u011fi, \u200demniyet te\u015fkilat\u0131nda \u2062\u00f6nemli bir s\u00fcre\u00e7tir\u200d ve bu s\u00fcre\u00e7, \u00e7e\u015fitli a\u00e7\u0131lardan \u200dte\u015fkilat\u0131n i\u015fleyi\u015fini etkileyebilir.<\/strong> Emniyet mensuplar\u0131n\u0131n, ki\u015fisel veya ailevi nedenlerle yer\u2063 de\u011fi\u015fikli\u011fi\u200b talep etmeleri, hem bireysel hem de kurumsal d\u00fczeyde baz\u0131 \u2063sonu\u00e7lar \u200ddo\u011furur. Bu durum, te\u015fkilat\u0131n genel verimlili\u011fi\u200c ve personel motivasyonu\u200d \u00fczerinde\u200c belirleyici bir \u2064rol oynar.<\/p>\n<p><strong>Yer \u200bde\u011fi\u015fikli\u011finin \u200cemniyet\u2062 te\u015fkilat\u0131na olan etkileri aras\u0131nda \u015funlar yer almaktad\u0131r:<\/strong><\/p>\n<ul>\n<li><strong>Personel Devaml\u0131l\u0131\u011f\u0131:<\/strong> S\u00fcrekli yer de\u011fi\u015fiklikleri, personelin ba\u011fl\u0131l\u0131k hissini zay\u0131flatabilir ve te\u015fkilat\u2063 i\u00e7indeki \u2063s\u00fcreklili\u011fi olumsuz etkileyebilir.<\/li>\n<li><strong>Deneyim \u200bve Bilgi\u2063 transferi:<\/strong> \u200b yer de\u011fi\u015fiklikleri, deneyimli\u200b personelin yeni \u200bbirimlere ge\u00e7i\u015f yapmas\u0131yla bilgi ve deneyim aktar\u0131m\u0131n\u0131 zorla\u015ft\u0131rabilir.<\/li>\n<li><strong>\u0130\u015f Y\u00fck\u00fc ve Planlama:<\/strong> \u200bYer de\u011fi\u015fikli\u011fi talepleri, birimlerin\u200b i\u015f \u2064y\u00fck\u00fcn\u00fc art\u0131rabilir\u200d ve planlama \u200cs\u00fcre\u00e7lerini karma\u015f\u0131k hale\u200b getirebilir.<\/li>\n<li><strong>Motivasyon ve\u200b Moral:<\/strong> \u2064Mazerete ba\u011fl\u0131\u2063 yer de\u011fi\u015fikli\u011fi, baz\u0131 personel i\u00e7in motivasyon kayna\u011f\u0131 olurken,\u200d di\u011ferleri i\u00e7in\u2062 stres kayna\u011f\u0131 \u200colabilir.<\/li>\n<\/ul>\n<p><strong>Sonu\u00e7 olarak, emniyet \u200cte\u015fkilat\u0131nda mazerete \u200bba\u011fl\u0131 yer de\u011fi\u015fikli\u011fi \u200bs\u00fcreci, dikkatli\u2062 bir\u200c \u015fekilde\u2062 y\u00f6netilmesi\u200d gereken bir konudur.<\/strong> \u2062Bu s\u00fcre\u00e7, hem bireysel hem\u200d de kurumsal \u200bd\u00fczeyde\u2064 etkilerini hissettirmekte\u200b ve\u200c bu nedenle, ilgili birimlerin bu\u2063 durumu g\u00f6z \u00f6n\u00fcnde bulundurarak stratejiler geli\u015ftirmesi \u00f6nem arz \u200betmektedir.<\/p>\n<p><img decoding=\"async\" class=\"kimage_class lazyload\" data-src=\"https:\/\/denizcankizil.tr\/wp-content\/uploads\/2024\/10\/t-bild.jpg\" alt=\"Uygulamada Kar\u015f\u0131la\u015f\u0131lan Sorunlar \u2062ve \u00c7\u00f6z\u00fcm \u2063\u00d6nerileri\" src=\"data:image\/svg+xml;base64,PHN2ZyB3aWR0aD0iMSIgaGVpZ2h0PSIxIiB4bWxucz0iaHR0cDovL3d3dy53My5vcmcvMjAwMC9zdmciPjwvc3ZnPg==\"><\/p>\n<h2 id=\"uygulamada-karsilasilan-sorunlar-ve-cozum-onerileri\">Uygulamada Kar\u015f\u0131la\u015f\u0131lan Sorunlar\u200c ve \u00c7\u00f6z\u00fcm \u00d6nerileri<\/h2>\n<section>\n<p>Emniyet\u2063 mensuplar\u0131n\u0131n \u200bmazerete ba\u011fl\u0131 yer de\u011fi\u015ftirme s\u00fcre\u00e7lerinde\u200c \u00e7e\u015fitli \u200dzorluklarla kar\u015f\u0131la\u015f\u0131lmaktad\u0131r. Bu \u200bsorunlar, hem bireysel hem de kurumsal \u2063d\u00fczeyde etkiler yaratmakta ve s\u00fcrecin etkinli\u011fini azaltmaktad\u0131r. A\u015fa\u011f\u0131da, bu \u200bs\u00fcre\u00e7te s\u0131k\u00e7a kar\u015f\u0131la\u015f\u0131lan sorunlar ve bunlara y\u00f6nelik \u00e7\u00f6z\u00fcm \u00f6nerileri s\u0131ralanm\u0131\u015ft\u0131r:<\/p>\n<ul>\n<li><strong>Ba\u015fvuru S\u00fcrecinin Karma\u015f\u0131kl\u0131\u011f\u0131:<\/strong> Mazeret\u200c ba\u015fvurular\u0131n\u0131n de\u011ferlendirilmesi\u2064 s\u0131ras\u0131nda ya\u015fanan karma\u015f\u0131k\u2064 prosed\u00fcrler, zaman kayb\u0131na neden olmaktad\u0131r.\u200b Bu \u2062sorunun a\u015f\u0131lmas\u0131 i\u00e7in,\u2063 ba\u015fvuru s\u00fcre\u00e7lerinin sadele\u015ftirilmesi\u2063 ve \u200cnet \u200bbir rehberlik sa\u011flanmas\u0131 \u00f6nerilmektedir.<\/li>\n<li><strong>\u0130leti\u015fim eksiklikleri:<\/strong> \u2064 Emniyet \u200dmensuplar\u0131 ile ilgili birimlerin aras\u0131nda yeterli ileti\u015fim sa\u011flanamamas\u0131, bilgi ak\u0131\u015f\u0131n\u0131 olumsuz etkilemektedir.\u200c Bu durumu d\u00fczeltmek amac\u0131yla, d\u00fczenli bilgilendirme toplant\u0131lar\u0131\u200d ve dijital \u200cplatformlar arac\u0131l\u0131\u011f\u0131yla ileti\u015fimin g\u00fc\u00e7lendirilmesi \u00f6nerilmektedir.<\/li>\n<li><strong>De\u011ferlendirme \u200dKriterlerinin Belirsizli\u011fi:<\/strong> Yer\u2062 de\u011fi\u015ftirme taleplerinin de\u011ferlendirilmesinde kullan\u0131lan kriterlerin\u200d belirsizli\u011fi, \u2063adalet duygusunu zedelemekte ve \u2063memurlar aras\u0131nda g\u00fcvensizlik yaratmaktad\u0131r. Bu sorunun\u2062 \u00e7\u00f6z\u00fcm\u00fc i\u00e7in, de\u011ferlendirme kriterlerinin \u200c\u015feffaf\u200d bir \u200c\u015fekilde\u2062 belirlenmesi \u200cve kamuoyuna duyurulmas\u0131 gerekmektedir.<\/li>\n<li><strong>Psikolojik Etkiler:<\/strong> S\u00fcrecin getirdi\u011fi belirsizlikler,\u200c emniyet mensuplar\u0131 \u00fczerinde\u2064 psikolojik bask\u0131\u2064 olu\u015fturabilmektedir.\u2064 Bu durumu hafifletmek \u2064i\u00e7in, psikolojik destek \u2064hizmetlerinin sa\u011flanmas\u0131 ve stres\u2063 y\u00f6netimi e\u011fitimlerinin verilmesi \u00f6nerilmektedir.<\/li>\n<\/ul>\n<p>Yukar\u0131da \u2062belirtilen \u200csorunlar\u0131n \u2063\u00e7\u00f6z\u00fcm\u00fc, emniyet mensuplar\u0131n\u0131n yer de\u011fi\u015ftirme s\u00fcre\u00e7lerinin daha sa\u011fl\u0131kl\u0131 ve \u200bverimli bir \u015fekilde y\u00fcr\u00fct\u00fclmesine katk\u0131\u200b sa\u011flayacakt\u0131r.Bu ba\u011flamda, ilgili birimlerin i\u015fbirli\u011fi\u200c i\u00e7inde \u00e7al\u0131\u015farak, s\u00fcre\u00e7lerin iyile\u015ftirilmesi i\u00e7in gerekli ad\u0131mlar\u0131 atmas\u0131 \u00f6nem arz \u200betmektedir.<\/p>\n<\/section>\n<p>Sonu\u00e7 \u200dolarak, emniyet mensuplar\u0131n\u0131n mazerete \u200cba\u011fl\u0131 yer de\u011fi\u015fikli\u011fi s\u00fcreci, hem bireysel haklar\u0131n korunmas\u0131 hem de kamu \u200bhizmetinin\u2062 etkinli\u011fi a\u00e7\u0131s\u0131ndan b\u00fcy\u00fck bir \u00f6neme sahiptir.\u200c Bu \u200bs\u00fcre\u00e7, ilgili mevzuat \u00e7er\u00e7evesinde \u2062titizlikle\u2062 y\u00fcr\u00fct\u00fclmeli ve her a\u015famada \u015feffafl\u0131k\u200d sa\u011flanmal\u0131d\u0131r. Emniyet te\u015fkilat\u0131n\u0131n, \u200cpersonelinin ihtiya\u00e7lar\u0131n\u0131 dikkate alarak adil \u2063ve e\u015fitlik\u00e7i bir yakla\u015f\u0131m \u2062sergilemesi,\u2063 hem \u00e7al\u0131\u015fanlar\u0131n motivasyonunu art\u0131racak \u200chem de hizmet kalitesini y\u00fckseltecektir. Gelecekte,\u200b bu s\u00fcrecin daha \u2063da \u200diyile\u015ftirilmesi i\u00e7in gerekli yasal\u200c d\u00fczenlemelerin \u2063yap\u0131lmas\u0131 ve uygulama a\u015famas\u0131nda kar\u015f\u0131la\u015f\u0131lan \u2064sorunlar\u0131n \u2064\u00e7\u00f6z\u00fcm\u00fcne y\u00f6nelik stratejilerin geli\u015ftirilmesi \u00f6nem arz etmektedir. Bu ba\u011flamda, \u200cemniyet mensuplar\u0131n\u0131n haklar\u0131n\u0131n korunmas\u0131 ve mesleki \u2063tatminlerinin\u2064 sa\u011flanmas\u0131, \u2062kamu g\u00fcvenli\u011finin\u2062 teminat\u0131\u200d olan emniyet \u2062te\u015fkilat\u0131n\u0131n ba\u015far\u0131s\u0131n\u0131 do\u011frudan etkileyecektir. <\/p>","protected":false},"excerpt":{"rendered":"<p>Emniyet mensuplar\u0131n\u0131n mazerete ba\u011fl\u0131 yer de\u011fi\u015fikli\u011fi s\u00fcreci, 657 say\u0131l\u0131 Devlet Memurlar\u0131 Kanunu \u00e7er\u00e7evesinde d\u00fczenlenmektedir. Bu s\u00fcre\u00e7, \u00e7al\u0131\u015fanlar\u0131n ailevi ve sa\u011fl\u0131k gibi mazeretlerini g\u00f6z \u00f6n\u00fcnde bulundurarak, hizmetin etkinli\u011fini art\u0131rmay\u0131 hedefler.<\/p>","protected":false},"author":4,"featured_media":36795,"comment_status":"open","ping_status":"open","sticky":false,"template":"","format":"standard","meta":{"_acf_changed":false,"footnotes":""},"categories":[22],"tags":[],"class_list":["post-36794","post","type-post","status-publish","format-standard","has-post-thumbnail","hentry","category-degerlendirme"],"acf":[],"yoast_head":"<!-- This site is optimized with the Yoast SEO Premium plugin v26.6 (Yoast SEO v27.1.1) - https:\/\/yoast.com\/product\/yoast-seo-premium-wordpress\/ -->\n<title>Emniyet Mensuplar\u0131n\u0131n Mazerete Ba\u011fl\u0131 Yer De\u011fi\u015fikli\u011fi S\u00fcreci - Av. Deniz Can K\u0131z\u0131l<\/title>\n<meta name=\"robots\" content=\"index, follow, max-snippet:-1, max-image-preview:large, max-video-preview:-1\" \/>\n<link rel=\"canonical\" href=\"https:\/\/denizcankizil.tr\/en\/koseyazilari\/degerlendirme\/emniyet-mensuplarinin-mazerete-bagli-yer-degisikligi-sureci\/\" \/>\n<meta property=\"og:locale\" content=\"en_GB\" \/>\n<meta property=\"og:type\" content=\"article\" \/>\n<meta property=\"og:title\" content=\"Emniyet Mensuplar\u0131n\u0131n Mazerete Ba\u011fl\u0131 Yer De\u011fi\u015fikli\u011fi S\u00fcreci\" \/>\n<meta property=\"og:description\" content=\"Emniyet mensuplar\u0131n\u0131n mazerete ba\u011fl\u0131 yer de\u011fi\u015fikli\u011fi s\u00fcreci, 657 say\u0131l\u0131 Devlet Memurlar\u0131 Kanunu \u00e7er\u00e7evesinde d\u00fczenlenmektedir. Bu s\u00fcre\u00e7, \u00e7al\u0131\u015fanlar\u0131n ailevi ve sa\u011fl\u0131k gibi mazeretlerini g\u00f6z \u00f6n\u00fcnde bulundurarak, hizmetin etkinli\u011fini art\u0131rmay\u0131 hedefler.\" \/>\n<meta property=\"og:url\" content=\"https:\/\/denizcankizil.tr\/en\/koseyazilari\/degerlendirme\/emniyet-mensuplarinin-mazerete-bagli-yer-degisikligi-sureci\/\" \/>\n<meta property=\"og:site_name\" content=\"Av. Deniz Can K\u0131z\u0131l\" \/>\n<meta property=\"article:published_time\" content=\"2025-03-24T12:24:06+00:00\" \/>\n<meta property=\"article:modified_time\" content=\"2025-03-24T12:24:51+00:00\" \/>\n<meta property=\"og:image\" content=\"https:\/\/denizcankizil.tr\/wp-content\/uploads\/2025\/03\/36794-emniyet-mensuplarinin-mazerete-bagli-yer-degisikligi-sureci.jpg\" \/>\n\t<meta property=\"og:image:width\" content=\"800\" \/>\n\t<meta property=\"og:image:height\" content=\"800\" \/>\n\t<meta property=\"og:image:type\" content=\"image\/jpeg\" \/>\n<meta name=\"author\" content=\"Av. Deniz Can K\u0131z\u0131l\" \/>\n<meta name=\"twitter:card\" content=\"summary_large_image\" \/>\n<meta name=\"twitter:label1\" content=\"Written by\" \/>\n\t<meta name=\"twitter:data1\" content=\"Av. Deniz Can K\u0131z\u0131l\" \/>\n\t<meta name=\"twitter:label2\" content=\"Estimated reading time\" \/>\n\t<meta name=\"twitter:data2\" content=\"9 minutes\" \/>\n<script type=\"application\/ld+json\" class=\"yoast-schema-graph\">{\"@context\":\"https:\/\/schema.org\",\"@graph\":[{\"@type\":\"Article\",\"@id\":\"https:\/\/denizcankizil.tr\/ru\/koseyazilari\/degerlendirme\/emniyet-mensuplarinin-mazerete-bagli-yer-degisikligi-sureci\/#article\",\"isPartOf\":{\"@id\":\"https:\/\/denizcankizil.tr\/ru\/koseyazilari\/degerlendirme\/emniyet-mensuplarinin-mazerete-bagli-yer-degisikligi-sureci\/\"},\"author\":{\"name\":\"Av. Deniz Can K\u0131z\u0131l\",\"@id\":\"https:\/\/denizcankizil.tr\/de\/#\/schema\/person\/5dc1b22991bd7ac833867c10afc9b0ff\"},\"headline\":\"Emniyet Mensuplar\u0131n\u0131n Mazerete Ba\u011fl\u0131 Yer De\u011fi\u015fikli\u011fi S\u00fcreci\",\"datePublished\":\"2025-03-24T12:24:06+00:00\",\"dateModified\":\"2025-03-24T12:24:51+00:00\",\"mainEntityOfPage\":{\"@id\":\"https:\/\/denizcankizil.tr\/ru\/koseyazilari\/degerlendirme\/emniyet-mensuplarinin-mazerete-bagli-yer-degisikligi-sureci\/\"},\"wordCount\":1855,\"commentCount\":0,\"publisher\":{\"@id\":\"https:\/\/denizcankizil.tr\/de\/#organization\"},\"image\":{\"@id\":\"https:\/\/denizcankizil.tr\/ru\/koseyazilari\/degerlendirme\/emniyet-mensuplarinin-mazerete-bagli-yer-degisikligi-sureci\/#primaryimage\"},\"thumbnailUrl\":\"https:\/\/denizcankizil.tr\/wp-content\/uploads\/2025\/03\/36794-emniyet-mensuplarinin-mazerete-bagli-yer-degisikligi-sureci.jpg\",\"articleSection\":[\"De\u011ferlendirme\"],\"inLanguage\":\"en-GB\",\"potentialAction\":[{\"@type\":\"CommentAction\",\"name\":\"Comment\",\"target\":[\"https:\/\/denizcankizil.tr\/ru\/koseyazilari\/degerlendirme\/emniyet-mensuplarinin-mazerete-bagli-yer-degisikligi-sureci\/#respond\"]}]},{\"@type\":\"WebPage\",\"@id\":\"https:\/\/denizcankizil.tr\/ru\/koseyazilari\/degerlendirme\/emniyet-mensuplarinin-mazerete-bagli-yer-degisikligi-sureci\/\",\"url\":\"https:\/\/denizcankizil.tr\/ru\/koseyazilari\/degerlendirme\/emniyet-mensuplarinin-mazerete-bagli-yer-degisikligi-sureci\/\",\"name\":\"Emniyet Mensuplar\u0131n\u0131n Mazerete Ba\u011fl\u0131 Yer De\u011fi\u015fikli\u011fi S\u00fcreci - Av. Deniz Can K\u0131z\u0131l\",\"isPartOf\":{\"@id\":\"https:\/\/denizcankizil.tr\/de\/#website\"},\"primaryImageOfPage\":{\"@id\":\"https:\/\/denizcankizil.tr\/ru\/koseyazilari\/degerlendirme\/emniyet-mensuplarinin-mazerete-bagli-yer-degisikligi-sureci\/#primaryimage\"},\"image\":{\"@id\":\"https:\/\/denizcankizil.tr\/ru\/koseyazilari\/degerlendirme\/emniyet-mensuplarinin-mazerete-bagli-yer-degisikligi-sureci\/#primaryimage\"},\"thumbnailUrl\":\"https:\/\/denizcankizil.tr\/wp-content\/uploads\/2025\/03\/36794-emniyet-mensuplarinin-mazerete-bagli-yer-degisikligi-sureci.jpg\",\"datePublished\":\"2025-03-24T12:24:06+00:00\",\"dateModified\":\"2025-03-24T12:24:51+00:00\",\"breadcrumb\":{\"@id\":\"https:\/\/denizcankizil.tr\/ru\/koseyazilari\/degerlendirme\/emniyet-mensuplarinin-mazerete-bagli-yer-degisikligi-sureci\/#breadcrumb\"},\"inLanguage\":\"en-GB\",\"potentialAction\":[{\"@type\":\"ReadAction\",\"target\":[\"https:\/\/denizcankizil.tr\/ru\/koseyazilari\/degerlendirme\/emniyet-mensuplarinin-mazerete-bagli-yer-degisikligi-sureci\/\"]}]},{\"@type\":\"ImageObject\",\"inLanguage\":\"en-GB\",\"@id\":\"https:\/\/denizcankizil.tr\/ru\/koseyazilari\/degerlendirme\/emniyet-mensuplarinin-mazerete-bagli-yer-degisikligi-sureci\/#primaryimage\",\"url\":\"https:\/\/denizcankizil.tr\/wp-content\/uploads\/2025\/03\/36794-emniyet-mensuplarinin-mazerete-bagli-yer-degisikligi-sureci.jpg\",\"contentUrl\":\"https:\/\/denizcankizil.tr\/wp-content\/uploads\/2025\/03\/36794-emniyet-mensuplarinin-mazerete-bagli-yer-degisikligi-sureci.jpg\",\"width\":800,\"height\":800,\"caption\":\"Emniyet Mensuplar\u0131n\u0131n Mazerete Ba\u011fl\u0131 Yer De\u011fi\u015fikli\u011fi S\u00fcreci\"},{\"@type\":\"BreadcrumbList\",\"@id\":\"https:\/\/denizcankizil.tr\/ru\/koseyazilari\/degerlendirme\/emniyet-mensuplarinin-mazerete-bagli-yer-degisikligi-sureci\/#breadcrumb\",\"itemListElement\":[{\"@type\":\"ListItem\",\"position\":1,\"name\":\"Home\",\"item\":\"https:\/\/denizcankizil.tr\/de\/\"},{\"@type\":\"ListItem\",\"position\":2,\"name\":\"Emniyet Mensuplar\u0131n\u0131n Mazerete Ba\u011fl\u0131 Yer De\u011fi\u015fikli\u011fi S\u00fcreci\"}]},{\"@type\":\"WebSite\",\"@id\":\"https:\/\/denizcankizil.tr\/de\/#website\",\"url\":\"https:\/\/denizcankizil.tr\/de\/\",\"name\":\"Av. Deniz Can K\u0131z\u0131l\",\"description\":\"Avukat Deniz Can K\u0131z\u0131l Antalya Barosu\",\"publisher\":{\"@id\":\"https:\/\/denizcankizil.tr\/de\/#organization\"},\"potentialAction\":[{\"@type\":\"SearchAction\",\"target\":{\"@type\":\"EntryPoint\",\"urlTemplate\":\"https:\/\/denizcankizil.tr\/de\/?s={search_term_string}\"},\"query-input\":{\"@type\":\"PropertyValueSpecification\",\"valueRequired\":true,\"valueName\":\"search_term_string\"}}],\"inLanguage\":\"en-GB\"},{\"@type\":\"Organization\",\"@id\":\"https:\/\/denizcankizil.tr\/de\/#organization\",\"name\":\"Av. Deniz Can K\u0131z\u0131l\",\"url\":\"https:\/\/denizcankizil.tr\/de\/\",\"logo\":{\"@type\":\"ImageObject\",\"inLanguage\":\"en-GB\",\"@id\":\"https:\/\/denizcankizil.tr\/de\/#\/schema\/logo\/image\/\",\"url\":\"https:\/\/denizcankizil.tr\/wp-content\/uploads\/2024\/10\/siyah-logo-svg.svg\",\"contentUrl\":\"https:\/\/denizcankizil.tr\/wp-content\/uploads\/2024\/10\/siyah-logo-svg.svg\",\"width\":1080,\"height\":1080,\"caption\":\"Av. Deniz Can K\u0131z\u0131l\"},\"image\":{\"@id\":\"https:\/\/denizcankizil.tr\/de\/#\/schema\/logo\/image\/\"}},{\"@type\":\"Person\",\"@id\":\"https:\/\/denizcankizil.tr\/de\/#\/schema\/person\/5dc1b22991bd7ac833867c10afc9b0ff\",\"name\":\"Av. Deniz Can K\u0131z\u0131l\",\"image\":{\"@type\":\"ImageObject\",\"inLanguage\":\"en-GB\",\"@id\":\"https:\/\/denizcankizil.tr\/de\/#\/schema\/person\/image\/\",\"url\":\"https:\/\/secure.gravatar.com\/avatar\/a0b128fb9855c79efc976d5640eedb31dc35ec297594d6016d2cf7c60e975bb6?s=96&d=mm&r=g\",\"contentUrl\":\"https:\/\/secure.gravatar.com\/avatar\/a0b128fb9855c79efc976d5640eedb31dc35ec297594d6016d2cf7c60e975bb6?s=96&d=mm&r=g\",\"caption\":\"Av. Deniz Can K\u0131z\u0131l\"},\"sameAs\":[\"http:\/\/www.denizcankizil.tr\"],\"url\":\"https:\/\/denizcankizil.tr\/en\/author\/denizcankizil\/\"}]}<\/script>\n<!-- \/ Yoast SEO Premium plugin. -->","yoast_head_json":{"title":"Emniyet Mensuplar\u0131n\u0131n Mazerete Ba\u011fl\u0131 Yer De\u011fi\u015fikli\u011fi S\u00fcreci - Av. Deniz Can K\u0131z\u0131l","robots":{"index":"index","follow":"follow","max-snippet":"max-snippet:-1","max-image-preview":"max-image-preview:large","max-video-preview":"max-video-preview:-1"},"canonical":"https:\/\/denizcankizil.tr\/en\/koseyazilari\/degerlendirme\/emniyet-mensuplarinin-mazerete-bagli-yer-degisikligi-sureci\/","og_locale":"en_GB","og_type":"article","og_title":"Emniyet Mensuplar\u0131n\u0131n Mazerete Ba\u011fl\u0131 Yer De\u011fi\u015fikli\u011fi S\u00fcreci","og_description":"Emniyet mensuplar\u0131n\u0131n mazerete ba\u011fl\u0131 yer de\u011fi\u015fikli\u011fi s\u00fcreci, 657 say\u0131l\u0131 Devlet Memurlar\u0131 Kanunu \u00e7er\u00e7evesinde d\u00fczenlenmektedir. Bu s\u00fcre\u00e7, \u00e7al\u0131\u015fanlar\u0131n ailevi ve sa\u011fl\u0131k gibi mazeretlerini g\u00f6z \u00f6n\u00fcnde bulundurarak, hizmetin etkinli\u011fini art\u0131rmay\u0131 hedefler.","og_url":"https:\/\/denizcankizil.tr\/en\/koseyazilari\/degerlendirme\/emniyet-mensuplarinin-mazerete-bagli-yer-degisikligi-sureci\/","og_site_name":"Av. Deniz Can K\u0131z\u0131l","article_published_time":"2025-03-24T12:24:06+00:00","article_modified_time":"2025-03-24T12:24:51+00:00","og_image":[{"width":800,"height":800,"url":"https:\/\/denizcankizil.tr\/wp-content\/uploads\/2025\/03\/36794-emniyet-mensuplarinin-mazerete-bagli-yer-degisikligi-sureci.jpg","type":"image\/jpeg"}],"author":"Av. Deniz Can K\u0131z\u0131l","twitter_card":"summary_large_image","twitter_misc":{"Written by":"Av. Deniz Can K\u0131z\u0131l","Estimated reading time":"9 minutes"},"schema":{"@context":"https:\/\/schema.org","@graph":[{"@type":"Article","@id":"https:\/\/denizcankizil.tr\/ru\/koseyazilari\/degerlendirme\/emniyet-mensuplarinin-mazerete-bagli-yer-degisikligi-sureci\/#article","isPartOf":{"@id":"https:\/\/denizcankizil.tr\/ru\/koseyazilari\/degerlendirme\/emniyet-mensuplarinin-mazerete-bagli-yer-degisikligi-sureci\/"},"author":{"name":"Av. Deniz Can K\u0131z\u0131l","@id":"https:\/\/denizcankizil.tr\/de\/#\/schema\/person\/5dc1b22991bd7ac833867c10afc9b0ff"},"headline":"Emniyet Mensuplar\u0131n\u0131n Mazerete Ba\u011fl\u0131 Yer De\u011fi\u015fikli\u011fi S\u00fcreci","datePublished":"2025-03-24T12:24:06+00:00","dateModified":"2025-03-24T12:24:51+00:00","mainEntityOfPage":{"@id":"https:\/\/denizcankizil.tr\/ru\/koseyazilari\/degerlendirme\/emniyet-mensuplarinin-mazerete-bagli-yer-degisikligi-sureci\/"},"wordCount":1855,"commentCount":0,"publisher":{"@id":"https:\/\/denizcankizil.tr\/de\/#organization"},"image":{"@id":"https:\/\/denizcankizil.tr\/ru\/koseyazilari\/degerlendirme\/emniyet-mensuplarinin-mazerete-bagli-yer-degisikligi-sureci\/#primaryimage"},"thumbnailUrl":"https:\/\/denizcankizil.tr\/wp-content\/uploads\/2025\/03\/36794-emniyet-mensuplarinin-mazerete-bagli-yer-degisikligi-sureci.jpg","articleSection":["De\u011ferlendirme"],"inLanguage":"en-GB","potentialAction":[{"@type":"CommentAction","name":"Comment","target":["https:\/\/denizcankizil.tr\/ru\/koseyazilari\/degerlendirme\/emniyet-mensuplarinin-mazerete-bagli-yer-degisikligi-sureci\/#respond"]}]},{"@type":"WebPage","@id":"https:\/\/denizcankizil.tr\/ru\/koseyazilari\/degerlendirme\/emniyet-mensuplarinin-mazerete-bagli-yer-degisikligi-sureci\/","url":"https:\/\/denizcankizil.tr\/ru\/koseyazilari\/degerlendirme\/emniyet-mensuplarinin-mazerete-bagli-yer-degisikligi-sureci\/","name":"Emniyet Mensuplar\u0131n\u0131n Mazerete Ba\u011fl\u0131 Yer De\u011fi\u015fikli\u011fi S\u00fcreci - Av. Deniz Can K\u0131z\u0131l","isPartOf":{"@id":"https:\/\/denizcankizil.tr\/de\/#website"},"primaryImageOfPage":{"@id":"https:\/\/denizcankizil.tr\/ru\/koseyazilari\/degerlendirme\/emniyet-mensuplarinin-mazerete-bagli-yer-degisikligi-sureci\/#primaryimage"},"image":{"@id":"https:\/\/denizcankizil.tr\/ru\/koseyazilari\/degerlendirme\/emniyet-mensuplarinin-mazerete-bagli-yer-degisikligi-sureci\/#primaryimage"},"thumbnailUrl":"https:\/\/denizcankizil.tr\/wp-content\/uploads\/2025\/03\/36794-emniyet-mensuplarinin-mazerete-bagli-yer-degisikligi-sureci.jpg","datePublished":"2025-03-24T12:24:06+00:00","dateModified":"2025-03-24T12:24:51+00:00","breadcrumb":{"@id":"https:\/\/denizcankizil.tr\/ru\/koseyazilari\/degerlendirme\/emniyet-mensuplarinin-mazerete-bagli-yer-degisikligi-sureci\/#breadcrumb"},"inLanguage":"en-GB","potentialAction":[{"@type":"ReadAction","target":["https:\/\/denizcankizil.tr\/ru\/koseyazilari\/degerlendirme\/emniyet-mensuplarinin-mazerete-bagli-yer-degisikligi-sureci\/"]}]},{"@type":"ImageObject","inLanguage":"en-GB","@id":"https:\/\/denizcankizil.tr\/ru\/koseyazilari\/degerlendirme\/emniyet-mensuplarinin-mazerete-bagli-yer-degisikligi-sureci\/#primaryimage","url":"https:\/\/denizcankizil.tr\/wp-content\/uploads\/2025\/03\/36794-emniyet-mensuplarinin-mazerete-bagli-yer-degisikligi-sureci.jpg","contentUrl":"https:\/\/denizcankizil.tr\/wp-content\/uploads\/2025\/03\/36794-emniyet-mensuplarinin-mazerete-bagli-yer-degisikligi-sureci.jpg","width":800,"height":800,"caption":"Emniyet Mensuplar\u0131n\u0131n Mazerete Ba\u011fl\u0131 Yer De\u011fi\u015fikli\u011fi S\u00fcreci"},{"@type":"BreadcrumbList","@id":"https:\/\/denizcankizil.tr\/ru\/koseyazilari\/degerlendirme\/emniyet-mensuplarinin-mazerete-bagli-yer-degisikligi-sureci\/#breadcrumb","itemListElement":[{"@type":"ListItem","position":1,"name":"Home","item":"https:\/\/denizcankizil.tr\/de\/"},{"@type":"ListItem","position":2,"name":"Emniyet Mensuplar\u0131n\u0131n Mazerete Ba\u011fl\u0131 Yer De\u011fi\u015fikli\u011fi S\u00fcreci"}]},{"@type":"WebSite","@id":"https:\/\/denizcankizil.tr\/de\/#website","url":"https:\/\/denizcankizil.tr\/de\/","name":"Av. Deniz Can K\u0131z\u0131l","description":"Avukat Deniz Can K\u0131z\u0131l Antalya Barosu","publisher":{"@id":"https:\/\/denizcankizil.tr\/de\/#organization"},"potentialAction":[{"@type":"SearchAction","target":{"@type":"EntryPoint","urlTemplate":"https:\/\/denizcankizil.tr\/de\/?s={search_term_string}"},"query-input":{"@type":"PropertyValueSpecification","valueRequired":true,"valueName":"search_term_string"}}],"inLanguage":"en-GB"},{"@type":"Organization","@id":"https:\/\/denizcankizil.tr\/de\/#organization","name":"Av. Deniz Can K\u0131z\u0131l","url":"https:\/\/denizcankizil.tr\/de\/","logo":{"@type":"ImageObject","inLanguage":"en-GB","@id":"https:\/\/denizcankizil.tr\/de\/#\/schema\/logo\/image\/","url":"https:\/\/denizcankizil.tr\/wp-content\/uploads\/2024\/10\/siyah-logo-svg.svg","contentUrl":"https:\/\/denizcankizil.tr\/wp-content\/uploads\/2024\/10\/siyah-logo-svg.svg","width":1080,"height":1080,"caption":"Av. Deniz Can K\u0131z\u0131l"},"image":{"@id":"https:\/\/denizcankizil.tr\/de\/#\/schema\/logo\/image\/"}},{"@type":"Person","@id":"https:\/\/denizcankizil.tr\/de\/#\/schema\/person\/5dc1b22991bd7ac833867c10afc9b0ff","name":"Av. Deniz Can K\u0131z\u0131l","image":{"@type":"ImageObject","inLanguage":"en-GB","@id":"https:\/\/denizcankizil.tr\/de\/#\/schema\/person\/image\/","url":"https:\/\/secure.gravatar.com\/avatar\/a0b128fb9855c79efc976d5640eedb31dc35ec297594d6016d2cf7c60e975bb6?s=96&d=mm&r=g","contentUrl":"https:\/\/secure.gravatar.com\/avatar\/a0b128fb9855c79efc976d5640eedb31dc35ec297594d6016d2cf7c60e975bb6?s=96&d=mm&r=g","caption":"Av. Deniz Can K\u0131z\u0131l"},"sameAs":["http:\/\/www.denizcankizil.tr"],"url":"https:\/\/denizcankizil.tr\/en\/author\/denizcankizil\/"}]}},"_links":{"self":[{"href":"https:\/\/denizcankizil.tr\/en\/wp-json\/wp\/v2\/posts\/36794","targetHints":{"allow":["GET"]}}],"collection":[{"href":"https:\/\/denizcankizil.tr\/en\/wp-json\/wp\/v2\/posts"}],"about":[{"href":"https:\/\/denizcankizil.tr\/en\/wp-json\/wp\/v2\/types\/post"}],"author":[{"embeddable":true,"href":"https:\/\/denizcankizil.tr\/en\/wp-json\/wp\/v2\/users\/4"}],"replies":[{"embeddable":true,"href":"https:\/\/denizcankizil.tr\/en\/wp-json\/wp\/v2\/comments?post=36794"}],"version-history":[{"count":1,"href":"https:\/\/denizcankizil.tr\/en\/wp-json\/wp\/v2\/posts\/36794\/revisions"}],"predecessor-version":[{"id":36796,"href":"https:\/\/denizcankizil.tr\/en\/wp-json\/wp\/v2\/posts\/36794\/revisions\/36796"}],"wp:featuredmedia":[{"embeddable":true,"href":"https:\/\/denizcankizil.tr\/en\/wp-json\/wp\/v2\/media\/36795"}],"wp:attachment":[{"href":"https:\/\/denizcankizil.tr\/en\/wp-json\/wp\/v2\/media?parent=36794"}],"wp:term":[{"taxonomy":"category","embeddable":true,"href":"https:\/\/denizcankizil.tr\/en\/wp-json\/wp\/v2\/categories?post=36794"},{"taxonomy":"post_tag","embeddable":true,"href":"https:\/\/denizcankizil.tr\/en\/wp-json\/wp\/v2\/tags?post=36794"}],"curies":[{"name":"wp","href":"https:\/\/api.w.org\/{rel}","templated":true}]}}