{"id":36656,"date":"2025-03-23T16:41:14","date_gmt":"2025-03-23T13:41:14","guid":{"rendered":"https:\/\/denizcankizil.tr\/uncategorized-tr\/chp-on-secim-sonuclarini-saat-21-00de-aciklayacak-toplanma-yeri-antalya-il-baskanligi\/"},"modified":"2025-03-23T16:41:14","modified_gmt":"2025-03-23T13:41:14","slug":"chp-on-secim-sonuclarini-saat-21-00de-aciklayacak-toplanma-yeri-antalya-il-baskanligi","status":"publish","type":"post","link":"https:\/\/denizcankizil.tr\/en\/haberler\/gundem\/chp-on-secim-sonuclarini-saat-21-00de-aciklayacak-toplanma-yeri-antalya-il-baskanligi\/","title":{"rendered":"CHP \u00f6n se\u00e7im sonu\u00e7lar\u0131n\u0131 saat 21.00\u2019de a\u00e7\u0131klayacak! Toplanma yeri Antalya \u0130l Ba\u015fkanl\u0131\u011f\u0131\u2026"},"content":{"rendered":"<p>\u0130stanbul B\u00fcy\u00fck\u015fehir Belediye Ba\u015fkan\u0131 Ekrem \u0130mamo\u011flu\u2019nun g\u00f6zalt\u0131na al\u0131nmas\u0131n\u0131n ard\u0131ndan, CHP y\u00f6netimi h\u0131zl\u0131 bir \u015fekilde harekete ge\u00e7erek, partinin cumhurba\u015fkan\u0131 aday\u0131n\u0131 belirtmek i\u00e7in \u00f6n se\u00e7imi ertelemeyeceklerini a\u00e7\u0131klam\u0131\u015ft\u0131. Bu kapsamda, 23 Mart 2025 tarihinde 81 il ve 973 il\u00e7ede toplam 5 bin 600 sand\u0131k kuruldu. CHP \u00fcyeleri ve \u00fcye olmayan vatanda\u015flar i\u00e7in \u201cDayan\u0131\u015fma Sand\u0131\u011f\u0131\u201d ad\u0131 alt\u0131nda iki ayr\u0131 sand\u0131k olu\u015fturdu. Vatanda\u015flar, sabah 08.00\u2019den itibaren oylar\u0131n\u0131 kullanmaya ba\u015flad\u0131. Oy kullanma s\u00fcreci 17.00\u2019a kadar devam edecek.<\/p>\n<p>ANTALYA\u2019DA \u00d6N SE\u00c7\u0130M HEYECANI<\/p>\n<p>Antalya\u2019da \u00f6n se\u00e7imlere yo\u011fun bir kat\u0131l\u0131m g\u00f6zlendi. Konyaalt\u0131 il\u00e7esinde ya\u015fayan vatanda\u015flar Naz\u0131m Hikmet Fuar ve Kongre Merkezi\u2019nde, Kepez\u2019de ya\u015fayan vatanda\u015flar Mimar Sinan Kongre Merkezi\u2019nde, Muratpa\u015fa\u2019da ya\u015fayan vatanda\u015flar ise 52 farkl\u0131 sand\u0131kta oy kullanmaya devam ediyor. Se\u00e7menler, ba\u011fl\u0131 olduklar\u0131 mahalleye g\u00f6re il\u00e7edeki farkl\u0131 noktalarda, ya\u015fl\u0131 evleri, k\u00fclt\u00fcr merkezi ve mahalle temsilciklerinde oy kullanmaya devam ediyor.<\/p>\n<p>[related-posts id=&#8221;18098821&#8243; color=&#8221;bg-warning&#8221;][\/related-posts]<\/p>\n<p>SONU\u00c7LARIN A\u00c7IKLANMASI<\/p>\n<p>CHP Antalya \u0130l Ba\u015fkanl\u0131\u011f\u0131, \u00f6n se\u00e7im sonu\u00e7lar\u0131n\u0131 a\u00e7\u0131klamak \u00fczere bug\u00fcn 21.00\u2019de il ba\u015fkanl\u0131\u011f\u0131 binas\u0131 \u00f6n\u00fcnde toplanacaklar\u0131n\u0131 duyurdu. Parti yetkilileri ve vatanda\u015flar\u0131n kat\u0131l\u0131m\u0131yla ger\u00e7ekle\u015ftirilecek bu etkinlikte, Antalya genelindeki oylar\u0131n sonu\u00e7lar\u0131 payla\u015f\u0131lacak ve s\u00fcrece dair de\u011ferlendirmelerde bulunulacak.<\/p>\n<p>Ekrem \u0130mamo\u011flu\u2019nun g\u00f6zalt\u0131na al\u0131nmas\u0131yla ba\u015flayan bu s\u00fcre\u00e7, T\u00fcrkiye\u2019de demokrasi ve hukuk devleti ilkelerinin tart\u0131\u015f\u0131lmas\u0131na neden oldu. CHP\u2019nin se\u00e7im karar\u0131 ve vatanda\u015flar\u0131n yo\u011fun kat\u0131l\u0131m\u0131, demokratik de\u011ferlere olan ba\u011fl\u0131l\u0131\u011f\u0131n bir g\u00f6stergesi olarak de\u011ferlendiriliyor.<\/p>\n<p>\u200b\u0130stanbul B\u00fcy\u00fck\u015fehir Belediye Ba\u015fkan\u0131 Ekrem \u0130mamo\u011flu\u2019nun 19 Mart 2025 tarihinde yolsuzluk ve t*r\u00f6r su\u00e7lamalar\u0131yla g\u00f6zalt\u0131na al\u0131nmas\u0131n\u0131n ard\u0131ndan, CHP \u00fclke genelinde ba\u015flatt\u0131klar\u0131 \u00f6n se\u00e7im s\u00fcrecine devam edeceklerini a\u00e7\u0131klam\u0131\u015ft\u0131. Bu kapsamda, CHP Antalya \u0130l Ba\u015fkanl\u0131\u011f\u0131, \u00f6n se\u00e7im sonu\u00e7lar\u0131n\u0131 a\u00e7\u0131klamak \u00fczere bug\u00fcn saat 21.00\u2019de il ba\u015fkanl\u0131\u011f\u0131 binas\u0131 \u00f6n\u00fcnde bir araya geleceklerini duyurdu.\u00a0<\/p>\n<p>\u200bHaberin Al\u0131nt\u0131land\u0131\u011f\u0131 Kaynak: www.antalyakorfez.com<\/p>","protected":false},"excerpt":{"rendered":"<p>\u0130stanbul B\u00fcy\u00fck\u015fehir Belediye Ba\u015fkan\u0131 Ekrem \u0130mamo\u011flu\u2019nun g\u00f6zalt\u0131na al\u0131nmas\u0131n\u0131n ard\u0131ndan, CHP y\u00f6netimi h\u0131zl\u0131 bir \u015fekilde harekete ge\u00e7erek, partinin cumhurba\u015fkan\u0131 aday\u0131n\u0131 belirtmek i\u00e7in \u00f6n se\u00e7imi ertelemeyeceklerini a\u00e7\u0131klam\u0131\u015ft\u0131. Bu kapsamda, 23 Mart 2025 tarihinde 81 il ve 973 il\u00e7ede toplam 5 bin 600 sand\u0131k kuruldu. CHP \u00fcyeleri ve \u00fcye olmayan vatanda\u015flar i\u00e7in \u201cDayan\u0131\u015fma Sand\u0131\u011f\u0131\u201d ad\u0131 alt\u0131nda iki ayr\u0131 sand\u0131k olu\u015fturdu. Vatanda\u015flar, sabah 08.00\u2019den itibaren oylar\u0131n\u0131 kullanmaya ba\u015flad\u0131. Oy kullanma s\u00fcreci 17.00\u2019a kadar devam edecek. ANTALYA\u2019DA \u00d6N SE\u00c7\u0130M HEYECANI Antalya\u2019da \u00f6n se\u00e7imlere yo\u011fun bir kat\u0131l\u0131m g\u00f6zlendi. Konyaalt\u0131 il\u00e7esinde ya\u015fayan vatanda\u015flar Naz\u0131m Hikmet Fuar ve Kongre Merkezi\u2019nde, Kepez\u2019de ya\u015fayan vatanda\u015flar Mimar Sinan Kongre Merkezi\u2019nde, Muratpa\u015fa\u2019da ya\u015fayan vatanda\u015flar ise 52 farkl\u0131 sand\u0131kta oy kullanmaya devam ediyor. Se\u00e7menler, ba\u011fl\u0131 olduklar\u0131 mahalleye g\u00f6re il\u00e7edeki farkl\u0131 noktalarda, ya\u015fl\u0131 evleri, k\u00fclt\u00fcr merkezi ve mahalle temsilciklerinde oy kullanmaya devam ediyor. [related-posts id=&#8221;18098821&#8243; color=&#8221;bg-warning&#8221;][\/related-posts] SONU\u00c7LARIN A\u00c7IKLANMASI CHP Antalya \u0130l Ba\u015fkanl\u0131\u011f\u0131, \u00f6n se\u00e7im sonu\u00e7lar\u0131n\u0131 a\u00e7\u0131klamak \u00fczere bug\u00fcn 21.00\u2019de il ba\u015fkanl\u0131\u011f\u0131 binas\u0131 \u00f6n\u00fcnde toplanacaklar\u0131n\u0131 duyurdu. Parti yetkilileri ve vatanda\u015flar\u0131n kat\u0131l\u0131m\u0131yla ger\u00e7ekle\u015ftirilecek bu etkinlikte, Antalya genelindeki oylar\u0131n sonu\u00e7lar\u0131 payla\u015f\u0131lacak ve s\u00fcrece dair de\u011ferlendirmelerde bulunulacak. Ekrem \u0130mamo\u011flu\u2019nun g\u00f6zalt\u0131na al\u0131nmas\u0131yla ba\u015flayan bu s\u00fcre\u00e7, T\u00fcrkiye\u2019de demokrasi ve hukuk devleti ilkelerinin tart\u0131\u015f\u0131lmas\u0131na neden oldu. CHP\u2019nin se\u00e7im karar\u0131 ve vatanda\u015flar\u0131n yo\u011fun kat\u0131l\u0131m\u0131, demokratik de\u011ferlere olan ba\u011fl\u0131l\u0131\u011f\u0131n bir g\u00f6stergesi olarak de\u011ferlendiriliyor. &hellip;<\/p>\n","protected":false},"author":5,"featured_media":0,"comment_status":"","ping_status":"open","sticky":false,"template":"","format":"standard","meta":{"_acf_changed":false,"footnotes":""},"categories":[24],"tags":[],"class_list":["post-36656","post","type-post","status-publish","format-standard","has-post-thumbnail","hentry","category-gundem"],"acf":[],"yoast_head":"<!-- This site is optimized with the Yoast SEO Premium plugin v26.6 (Yoast SEO v27.1.1) - https:\/\/yoast.com\/product\/yoast-seo-premium-wordpress\/ -->\n<title>CHP \u00f6n se\u00e7im sonu\u00e7lar\u0131n\u0131 saat 21.00\u2019de a\u00e7\u0131klayacak! Toplanma yeri Antalya \u0130l Ba\u015fkanl\u0131\u011f\u0131\u2026 - Av. Deniz Can K\u0131z\u0131l<\/title>\n<meta name=\"robots\" content=\"index, follow, max-snippet:-1, max-image-preview:large, max-video-preview:-1\" \/>\n<link rel=\"canonical\" href=\"https:\/\/denizcankizil.tr\/en\/haberler\/gundem\/chp-on-secim-sonuclarini-saat-21-00de-aciklayacak-toplanma-yeri-antalya-il-baskanligi\/\" \/>\n<meta property=\"og:locale\" content=\"en_GB\" \/>\n<meta property=\"og:type\" content=\"article\" \/>\n<meta property=\"og:title\" content=\"CHP \u00f6n se\u00e7im sonu\u00e7lar\u0131n\u0131 saat 21.00\u2019de a\u00e7\u0131klayacak! Toplanma yeri Antalya \u0130l Ba\u015fkanl\u0131\u011f\u0131\u2026\" \/>\n<meta property=\"og:description\" content=\"\u0130stanbul B\u00fcy\u00fck\u015fehir Belediye Ba\u015fkan\u0131 Ekrem \u0130mamo\u011flu\u2019nun g\u00f6zalt\u0131na al\u0131nmas\u0131n\u0131n ard\u0131ndan, CHP y\u00f6netimi h\u0131zl\u0131 bir \u015fekilde harekete ge\u00e7erek, partinin cumhurba\u015fkan\u0131 aday\u0131n\u0131 belirtmek i\u00e7in \u00f6n se\u00e7imi ertelemeyeceklerini a\u00e7\u0131klam\u0131\u015ft\u0131. Bu kapsamda, 23 Mart 2025 tarihinde 81 il ve 973 il\u00e7ede toplam 5 bin 600 sand\u0131k kuruldu. CHP \u00fcyeleri ve \u00fcye olmayan vatanda\u015flar i\u00e7in \u201cDayan\u0131\u015fma Sand\u0131\u011f\u0131\u201d ad\u0131 alt\u0131nda iki ayr\u0131 sand\u0131k olu\u015fturdu. Vatanda\u015flar, sabah 08.00\u2019den itibaren oylar\u0131n\u0131 kullanmaya ba\u015flad\u0131. Oy kullanma s\u00fcreci 17.00\u2019a kadar devam edecek. ANTALYA\u2019DA \u00d6N SE\u00c7\u0130M HEYECANI Antalya\u2019da \u00f6n se\u00e7imlere yo\u011fun bir kat\u0131l\u0131m g\u00f6zlendi. Konyaalt\u0131 il\u00e7esinde ya\u015fayan vatanda\u015flar Naz\u0131m Hikmet Fuar ve Kongre Merkezi\u2019nde, Kepez\u2019de ya\u015fayan vatanda\u015flar Mimar Sinan Kongre Merkezi\u2019nde, Muratpa\u015fa\u2019da ya\u015fayan vatanda\u015flar ise 52 farkl\u0131 sand\u0131kta oy kullanmaya devam ediyor. Se\u00e7menler, ba\u011fl\u0131 olduklar\u0131 mahalleye g\u00f6re il\u00e7edeki farkl\u0131 noktalarda, ya\u015fl\u0131 evleri, k\u00fclt\u00fcr merkezi ve mahalle temsilciklerinde oy kullanmaya devam ediyor. [related-posts id=&#8221;18098821&#8243; color=&#8221;bg-warning&#8221;][\/related-posts] SONU\u00c7LARIN A\u00c7IKLANMASI CHP Antalya \u0130l Ba\u015fkanl\u0131\u011f\u0131, \u00f6n se\u00e7im sonu\u00e7lar\u0131n\u0131 a\u00e7\u0131klamak \u00fczere bug\u00fcn 21.00\u2019de il ba\u015fkanl\u0131\u011f\u0131 binas\u0131 \u00f6n\u00fcnde toplanacaklar\u0131n\u0131 duyurdu. Parti yetkilileri ve vatanda\u015flar\u0131n kat\u0131l\u0131m\u0131yla ger\u00e7ekle\u015ftirilecek bu etkinlikte, Antalya genelindeki oylar\u0131n sonu\u00e7lar\u0131 payla\u015f\u0131lacak ve s\u00fcrece dair de\u011ferlendirmelerde bulunulacak. Ekrem \u0130mamo\u011flu\u2019nun g\u00f6zalt\u0131na al\u0131nmas\u0131yla ba\u015flayan bu s\u00fcre\u00e7, T\u00fcrkiye\u2019de demokrasi ve hukuk devleti ilkelerinin tart\u0131\u015f\u0131lmas\u0131na neden oldu. CHP\u2019nin se\u00e7im karar\u0131 ve vatanda\u015flar\u0131n yo\u011fun kat\u0131l\u0131m\u0131, demokratik de\u011ferlere olan ba\u011fl\u0131l\u0131\u011f\u0131n bir g\u00f6stergesi olarak de\u011ferlendiriliyor. &hellip;\" \/>\n<meta property=\"og:url\" content=\"https:\/\/denizcankizil.tr\/en\/haberler\/gundem\/chp-on-secim-sonuclarini-saat-21-00de-aciklayacak-toplanma-yeri-antalya-il-baskanligi\/\" \/>\n<meta property=\"og:site_name\" content=\"Av. Deniz Can K\u0131z\u0131l\" \/>\n<meta property=\"article:published_time\" content=\"2025-03-23T13:41:14+00:00\" \/>\n<meta name=\"author\" content=\"Antalya K\u00f6rfez\" \/>\n<meta name=\"twitter:card\" content=\"summary_large_image\" \/>\n<meta name=\"twitter:label1\" content=\"Written by\" \/>\n\t<meta name=\"twitter:data1\" content=\"Antalya K\u00f6rfez\" \/>\n\t<meta name=\"twitter:label2\" content=\"Estimated reading time\" \/>\n\t<meta name=\"twitter:data2\" content=\"2 minutes\" \/>\n<script type=\"application\/ld+json\" class=\"yoast-schema-graph\">{\"@context\":\"https:\/\/schema.org\",\"@graph\":[{\"@type\":\"Article\",\"@id\":\"https:\/\/denizcankizil.tr\/en\/haberler\/gundem\/chp-on-secim-sonuclarini-saat-21-00de-aciklayacak-toplanma-yeri-antalya-il-baskanligi\/#article\",\"isPartOf\":{\"@id\":\"https:\/\/denizcankizil.tr\/en\/haberler\/gundem\/chp-on-secim-sonuclarini-saat-21-00de-aciklayacak-toplanma-yeri-antalya-il-baskanligi\/\"},\"author\":{\"name\":\"Antalya K\u00f6rfez\",\"@id\":\"https:\/\/denizcankizil.tr\/#\/schema\/person\/e1eb71bb4dd684d46563f0af307e1234\"},\"headline\":\"CHP \u00f6n se\u00e7im sonu\u00e7lar\u0131n\u0131 saat 21.00\u2019de a\u00e7\u0131klayacak! Toplanma yeri Antalya \u0130l Ba\u015fkanl\u0131\u011f\u0131\u2026\",\"datePublished\":\"2025-03-23T13:41:14+00:00\",\"mainEntityOfPage\":{\"@id\":\"https:\/\/denizcankizil.tr\/en\/haberler\/gundem\/chp-on-secim-sonuclarini-saat-21-00de-aciklayacak-toplanma-yeri-antalya-il-baskanligi\/\"},\"wordCount\":407,\"publisher\":{\"@id\":\"https:\/\/denizcankizil.tr\/#organization\"},\"articleSection\":[\"G\u00fcndem\"],\"inLanguage\":\"en-GB\"},{\"@type\":\"WebPage\",\"@id\":\"https:\/\/denizcankizil.tr\/en\/haberler\/gundem\/chp-on-secim-sonuclarini-saat-21-00de-aciklayacak-toplanma-yeri-antalya-il-baskanligi\/\",\"url\":\"https:\/\/denizcankizil.tr\/en\/haberler\/gundem\/chp-on-secim-sonuclarini-saat-21-00de-aciklayacak-toplanma-yeri-antalya-il-baskanligi\/\",\"name\":\"CHP \u00f6n se\u00e7im sonu\u00e7lar\u0131n\u0131 saat 21.00\u2019de a\u00e7\u0131klayacak! Toplanma yeri Antalya \u0130l Ba\u015fkanl\u0131\u011f\u0131\u2026 - Av. Deniz Can K\u0131z\u0131l\",\"isPartOf\":{\"@id\":\"https:\/\/denizcankizil.tr\/#website\"},\"datePublished\":\"2025-03-23T13:41:14+00:00\",\"breadcrumb\":{\"@id\":\"https:\/\/denizcankizil.tr\/en\/haberler\/gundem\/chp-on-secim-sonuclarini-saat-21-00de-aciklayacak-toplanma-yeri-antalya-il-baskanligi\/#breadcrumb\"},\"inLanguage\":\"en-GB\",\"potentialAction\":[{\"@type\":\"ReadAction\",\"target\":[\"https:\/\/denizcankizil.tr\/en\/haberler\/gundem\/chp-on-secim-sonuclarini-saat-21-00de-aciklayacak-toplanma-yeri-antalya-il-baskanligi\/\"]}]},{\"@type\":\"BreadcrumbList\",\"@id\":\"https:\/\/denizcankizil.tr\/en\/haberler\/gundem\/chp-on-secim-sonuclarini-saat-21-00de-aciklayacak-toplanma-yeri-antalya-il-baskanligi\/#breadcrumb\",\"itemListElement\":[{\"@type\":\"ListItem\",\"position\":1,\"name\":\"Home\",\"item\":\"https:\/\/denizcankizil.tr\/de\/\"},{\"@type\":\"ListItem\",\"position\":2,\"name\":\"CHP \u00f6n se\u00e7im sonu\u00e7lar\u0131n\u0131 saat 21.00\u2019de a\u00e7\u0131klayacak! Toplanma yeri Antalya \u0130l Ba\u015fkanl\u0131\u011f\u0131\u2026\"}]},{\"@type\":\"WebSite\",\"@id\":\"https:\/\/denizcankizil.tr\/#website\",\"url\":\"https:\/\/denizcankizil.tr\/\",\"name\":\"Av. Deniz Can K\u0131z\u0131l\",\"description\":\"Avukat Deniz Can K\u0131z\u0131l Antalya Barosu\",\"publisher\":{\"@id\":\"https:\/\/denizcankizil.tr\/#organization\"},\"potentialAction\":[{\"@type\":\"SearchAction\",\"target\":{\"@type\":\"EntryPoint\",\"urlTemplate\":\"https:\/\/denizcankizil.tr\/?s={search_term_string}\"},\"query-input\":{\"@type\":\"PropertyValueSpecification\",\"valueRequired\":true,\"valueName\":\"search_term_string\"}}],\"inLanguage\":\"en-GB\"},{\"@type\":\"Organization\",\"@id\":\"https:\/\/denizcankizil.tr\/#organization\",\"name\":\"Av. Deniz Can K\u0131z\u0131l\",\"url\":\"https:\/\/denizcankizil.tr\/\",\"logo\":{\"@type\":\"ImageObject\",\"inLanguage\":\"en-GB\",\"@id\":\"https:\/\/denizcankizil.tr\/#\/schema\/logo\/image\/\",\"url\":\"https:\/\/denizcankizil.tr\/wp-content\/uploads\/2024\/10\/siyah-logo-svg.svg\",\"contentUrl\":\"https:\/\/denizcankizil.tr\/wp-content\/uploads\/2024\/10\/siyah-logo-svg.svg\",\"width\":1080,\"height\":1080,\"caption\":\"Av. Deniz Can K\u0131z\u0131l\"},\"image\":{\"@id\":\"https:\/\/denizcankizil.tr\/#\/schema\/logo\/image\/\"}},{\"@type\":\"Person\",\"@id\":\"https:\/\/denizcankizil.tr\/#\/schema\/person\/e1eb71bb4dd684d46563f0af307e1234\",\"name\":\"Antalya K\u00f6rfez\",\"image\":{\"@type\":\"ImageObject\",\"inLanguage\":\"en-GB\",\"@id\":\"https:\/\/denizcankizil.tr\/#\/schema\/person\/image\/\",\"url\":\"https:\/\/secure.gravatar.com\/avatar\/42b01982558a48a0b501fdcab6a408d3717ea5919095ee2e67b0e521799c5905?s=96&d=mm&r=g\",\"contentUrl\":\"https:\/\/secure.gravatar.com\/avatar\/42b01982558a48a0b501fdcab6a408d3717ea5919095ee2e67b0e521799c5905?s=96&d=mm&r=g\",\"caption\":\"Antalya K\u00f6rfez\"},\"sameAs\":[\"http:\/\/www.antalyakorfez.com\"],\"url\":\"https:\/\/www.antalyakorfez.com\/chp-on-secim-sonuclarini-saat-2100de-aciklayacak-toplanma-yeri-antalya-il-baskanligi\"}]}<\/script>\n<!-- \/ Yoast SEO Premium plugin. -->","yoast_head_json":{"title":"CHP \u00f6n se\u00e7im sonu\u00e7lar\u0131n\u0131 saat 21.00\u2019de a\u00e7\u0131klayacak! Toplanma yeri Antalya \u0130l Ba\u015fkanl\u0131\u011f\u0131\u2026 - Av. Deniz Can K\u0131z\u0131l","robots":{"index":"index","follow":"follow","max-snippet":"max-snippet:-1","max-image-preview":"max-image-preview:large","max-video-preview":"max-video-preview:-1"},"canonical":"https:\/\/denizcankizil.tr\/en\/haberler\/gundem\/chp-on-secim-sonuclarini-saat-21-00de-aciklayacak-toplanma-yeri-antalya-il-baskanligi\/","og_locale":"en_GB","og_type":"article","og_title":"CHP \u00f6n se\u00e7im sonu\u00e7lar\u0131n\u0131 saat 21.00\u2019de a\u00e7\u0131klayacak! Toplanma yeri Antalya \u0130l Ba\u015fkanl\u0131\u011f\u0131\u2026","og_description":"\u0130stanbul B\u00fcy\u00fck\u015fehir Belediye Ba\u015fkan\u0131 Ekrem \u0130mamo\u011flu\u2019nun g\u00f6zalt\u0131na al\u0131nmas\u0131n\u0131n ard\u0131ndan, CHP y\u00f6netimi h\u0131zl\u0131 bir \u015fekilde harekete ge\u00e7erek, partinin cumhurba\u015fkan\u0131 aday\u0131n\u0131 belirtmek i\u00e7in \u00f6n se\u00e7imi ertelemeyeceklerini a\u00e7\u0131klam\u0131\u015ft\u0131. Bu kapsamda, 23 Mart 2025 tarihinde 81 il ve 973 il\u00e7ede toplam 5 bin 600 sand\u0131k kuruldu. CHP \u00fcyeleri ve \u00fcye olmayan vatanda\u015flar i\u00e7in \u201cDayan\u0131\u015fma Sand\u0131\u011f\u0131\u201d ad\u0131 alt\u0131nda iki ayr\u0131 sand\u0131k olu\u015fturdu. Vatanda\u015flar, sabah 08.00\u2019den itibaren oylar\u0131n\u0131 kullanmaya ba\u015flad\u0131. Oy kullanma s\u00fcreci 17.00\u2019a kadar devam edecek. ANTALYA\u2019DA \u00d6N SE\u00c7\u0130M HEYECANI Antalya\u2019da \u00f6n se\u00e7imlere yo\u011fun bir kat\u0131l\u0131m g\u00f6zlendi. Konyaalt\u0131 il\u00e7esinde ya\u015fayan vatanda\u015flar Naz\u0131m Hikmet Fuar ve Kongre Merkezi\u2019nde, Kepez\u2019de ya\u015fayan vatanda\u015flar Mimar Sinan Kongre Merkezi\u2019nde, Muratpa\u015fa\u2019da ya\u015fayan vatanda\u015flar ise 52 farkl\u0131 sand\u0131kta oy kullanmaya devam ediyor. Se\u00e7menler, ba\u011fl\u0131 olduklar\u0131 mahalleye g\u00f6re il\u00e7edeki farkl\u0131 noktalarda, ya\u015fl\u0131 evleri, k\u00fclt\u00fcr merkezi ve mahalle temsilciklerinde oy kullanmaya devam ediyor. [related-posts id=&#8221;18098821&#8243; color=&#8221;bg-warning&#8221;][\/related-posts] SONU\u00c7LARIN A\u00c7IKLANMASI CHP Antalya \u0130l Ba\u015fkanl\u0131\u011f\u0131, \u00f6n se\u00e7im sonu\u00e7lar\u0131n\u0131 a\u00e7\u0131klamak \u00fczere bug\u00fcn 21.00\u2019de il ba\u015fkanl\u0131\u011f\u0131 binas\u0131 \u00f6n\u00fcnde toplanacaklar\u0131n\u0131 duyurdu. Parti yetkilileri ve vatanda\u015flar\u0131n kat\u0131l\u0131m\u0131yla ger\u00e7ekle\u015ftirilecek bu etkinlikte, Antalya genelindeki oylar\u0131n sonu\u00e7lar\u0131 payla\u015f\u0131lacak ve s\u00fcrece dair de\u011ferlendirmelerde bulunulacak. Ekrem \u0130mamo\u011flu\u2019nun g\u00f6zalt\u0131na al\u0131nmas\u0131yla ba\u015flayan bu s\u00fcre\u00e7, T\u00fcrkiye\u2019de demokrasi ve hukuk devleti ilkelerinin tart\u0131\u015f\u0131lmas\u0131na neden oldu. CHP\u2019nin se\u00e7im karar\u0131 ve vatanda\u015flar\u0131n yo\u011fun kat\u0131l\u0131m\u0131, demokratik de\u011ferlere olan ba\u011fl\u0131l\u0131\u011f\u0131n bir g\u00f6stergesi olarak de\u011ferlendiriliyor. &hellip;","og_url":"https:\/\/denizcankizil.tr\/en\/haberler\/gundem\/chp-on-secim-sonuclarini-saat-21-00de-aciklayacak-toplanma-yeri-antalya-il-baskanligi\/","og_site_name":"Av. Deniz Can K\u0131z\u0131l","article_published_time":"2025-03-23T13:41:14+00:00","author":"Antalya K\u00f6rfez","twitter_card":"summary_large_image","twitter_misc":{"Written by":"Antalya K\u00f6rfez","Estimated reading time":"2 minutes"},"schema":{"@context":"https:\/\/schema.org","@graph":[{"@type":"Article","@id":"https:\/\/denizcankizil.tr\/en\/haberler\/gundem\/chp-on-secim-sonuclarini-saat-21-00de-aciklayacak-toplanma-yeri-antalya-il-baskanligi\/#article","isPartOf":{"@id":"https:\/\/denizcankizil.tr\/en\/haberler\/gundem\/chp-on-secim-sonuclarini-saat-21-00de-aciklayacak-toplanma-yeri-antalya-il-baskanligi\/"},"author":{"name":"Antalya K\u00f6rfez","@id":"https:\/\/denizcankizil.tr\/#\/schema\/person\/e1eb71bb4dd684d46563f0af307e1234"},"headline":"CHP \u00f6n se\u00e7im sonu\u00e7lar\u0131n\u0131 saat 21.00\u2019de a\u00e7\u0131klayacak! Toplanma yeri Antalya \u0130l Ba\u015fkanl\u0131\u011f\u0131\u2026","datePublished":"2025-03-23T13:41:14+00:00","mainEntityOfPage":{"@id":"https:\/\/denizcankizil.tr\/en\/haberler\/gundem\/chp-on-secim-sonuclarini-saat-21-00de-aciklayacak-toplanma-yeri-antalya-il-baskanligi\/"},"wordCount":407,"publisher":{"@id":"https:\/\/denizcankizil.tr\/#organization"},"articleSection":["G\u00fcndem"],"inLanguage":"en-GB"},{"@type":"WebPage","@id":"https:\/\/denizcankizil.tr\/en\/haberler\/gundem\/chp-on-secim-sonuclarini-saat-21-00de-aciklayacak-toplanma-yeri-antalya-il-baskanligi\/","url":"https:\/\/denizcankizil.tr\/en\/haberler\/gundem\/chp-on-secim-sonuclarini-saat-21-00de-aciklayacak-toplanma-yeri-antalya-il-baskanligi\/","name":"CHP \u00f6n se\u00e7im sonu\u00e7lar\u0131n\u0131 saat 21.00\u2019de a\u00e7\u0131klayacak! Toplanma yeri Antalya \u0130l Ba\u015fkanl\u0131\u011f\u0131\u2026 - Av. Deniz Can K\u0131z\u0131l","isPartOf":{"@id":"https:\/\/denizcankizil.tr\/#website"},"datePublished":"2025-03-23T13:41:14+00:00","breadcrumb":{"@id":"https:\/\/denizcankizil.tr\/en\/haberler\/gundem\/chp-on-secim-sonuclarini-saat-21-00de-aciklayacak-toplanma-yeri-antalya-il-baskanligi\/#breadcrumb"},"inLanguage":"en-GB","potentialAction":[{"@type":"ReadAction","target":["https:\/\/denizcankizil.tr\/en\/haberler\/gundem\/chp-on-secim-sonuclarini-saat-21-00de-aciklayacak-toplanma-yeri-antalya-il-baskanligi\/"]}]},{"@type":"BreadcrumbList","@id":"https:\/\/denizcankizil.tr\/en\/haberler\/gundem\/chp-on-secim-sonuclarini-saat-21-00de-aciklayacak-toplanma-yeri-antalya-il-baskanligi\/#breadcrumb","itemListElement":[{"@type":"ListItem","position":1,"name":"Home","item":"https:\/\/denizcankizil.tr\/de\/"},{"@type":"ListItem","position":2,"name":"CHP \u00f6n se\u00e7im sonu\u00e7lar\u0131n\u0131 saat 21.00\u2019de a\u00e7\u0131klayacak! Toplanma yeri Antalya \u0130l Ba\u015fkanl\u0131\u011f\u0131\u2026"}]},{"@type":"WebSite","@id":"https:\/\/denizcankizil.tr\/#website","url":"https:\/\/denizcankizil.tr\/","name":"Av. Deniz Can K\u0131z\u0131l","description":"Avukat Deniz Can K\u0131z\u0131l Antalya Barosu","publisher":{"@id":"https:\/\/denizcankizil.tr\/#organization"},"potentialAction":[{"@type":"SearchAction","target":{"@type":"EntryPoint","urlTemplate":"https:\/\/denizcankizil.tr\/?s={search_term_string}"},"query-input":{"@type":"PropertyValueSpecification","valueRequired":true,"valueName":"search_term_string"}}],"inLanguage":"en-GB"},{"@type":"Organization","@id":"https:\/\/denizcankizil.tr\/#organization","name":"Av. Deniz Can K\u0131z\u0131l","url":"https:\/\/denizcankizil.tr\/","logo":{"@type":"ImageObject","inLanguage":"en-GB","@id":"https:\/\/denizcankizil.tr\/#\/schema\/logo\/image\/","url":"https:\/\/denizcankizil.tr\/wp-content\/uploads\/2024\/10\/siyah-logo-svg.svg","contentUrl":"https:\/\/denizcankizil.tr\/wp-content\/uploads\/2024\/10\/siyah-logo-svg.svg","width":1080,"height":1080,"caption":"Av. Deniz Can K\u0131z\u0131l"},"image":{"@id":"https:\/\/denizcankizil.tr\/#\/schema\/logo\/image\/"}},{"@type":"Person","@id":"https:\/\/denizcankizil.tr\/#\/schema\/person\/e1eb71bb4dd684d46563f0af307e1234","name":"Antalya K\u00f6rfez","image":{"@type":"ImageObject","inLanguage":"en-GB","@id":"https:\/\/denizcankizil.tr\/#\/schema\/person\/image\/","url":"https:\/\/secure.gravatar.com\/avatar\/42b01982558a48a0b501fdcab6a408d3717ea5919095ee2e67b0e521799c5905?s=96&d=mm&r=g","contentUrl":"https:\/\/secure.gravatar.com\/avatar\/42b01982558a48a0b501fdcab6a408d3717ea5919095ee2e67b0e521799c5905?s=96&d=mm&r=g","caption":"Antalya K\u00f6rfez"},"sameAs":["http:\/\/www.antalyakorfez.com"],"url":"https:\/\/www.antalyakorfez.com\/chp-on-secim-sonuclarini-saat-2100de-aciklayacak-toplanma-yeri-antalya-il-baskanligi"}]}},"_links":{"self":[{"href":"https:\/\/denizcankizil.tr\/en\/wp-json\/wp\/v2\/posts\/36656","targetHints":{"allow":["GET"]}}],"collection":[{"href":"https:\/\/denizcankizil.tr\/en\/wp-json\/wp\/v2\/posts"}],"about":[{"href":"https:\/\/denizcankizil.tr\/en\/wp-json\/wp\/v2\/types\/post"}],"author":[{"embeddable":true,"href":"https:\/\/denizcankizil.tr\/en\/wp-json\/wp\/v2\/users\/5"}],"replies":[{"embeddable":true,"href":"https:\/\/denizcankizil.tr\/en\/wp-json\/wp\/v2\/comments?post=36656"}],"version-history":[{"count":0,"href":"https:\/\/denizcankizil.tr\/en\/wp-json\/wp\/v2\/posts\/36656\/revisions"}],"wp:attachment":[{"href":"https:\/\/denizcankizil.tr\/en\/wp-json\/wp\/v2\/media?parent=36656"}],"wp:term":[{"taxonomy":"category","embeddable":true,"href":"https:\/\/denizcankizil.tr\/en\/wp-json\/wp\/v2\/categories?post=36656"},{"taxonomy":"post_tag","embeddable":true,"href":"https:\/\/denizcankizil.tr\/en\/wp-json\/wp\/v2\/tags?post=36656"}],"curies":[{"name":"wp","href":"https:\/\/api.w.org\/{rel}","templated":true}]}}