{"id":36626,"date":"2025-03-23T11:41:16","date_gmt":"2025-03-23T08:41:16","guid":{"rendered":"https:\/\/denizcankizil.tr\/uncategorized-tr\/ramazan-bayrami-oncesi-dikkat-urun-alirken-bunlara-bakin\/"},"modified":"2025-03-23T11:41:16","modified_gmt":"2025-03-23T08:41:16","slug":"ramazan-bayrami-oncesi-dikkat-urun-alirken-bunlara-bakin","status":"publish","type":"post","link":"https:\/\/denizcankizil.tr\/en\/haberler\/gundem\/ramazan-bayrami-oncesi-dikkat-urun-alirken-bunlara-bakin\/","title":{"rendered":"Ramazan Bayram\u0131 \u00f6ncesi dikkat! \u00dcr\u00fcn al\u0131rken bunlara bak\u0131n"},"content":{"rendered":"<p>Ramazan Bayram\u0131\u2019na say\u0131l\u0131 g\u00fcnler kala Tar\u0131m ve Orman Bakanl\u0131\u011f\u0131 sosyal medya \u00fczerinden vatanda\u015flara i\u015fletmelerde sat\u0131lan g\u0131dalara y\u00f6nelik baz\u0131 uyar\u0131larda bulundu. Bakanl\u0131\u011fa ba\u011fl\u0131 G\u0131da ve Kontrol Genel M\u00fcd\u00fcrl\u00fc\u011f\u00fc, sosyal medya hesaplar\u0131 \u00fczerinden yay\u0131nlad\u0131\u011f\u0131 g\u0131dalara y\u00f6nelik bilgiler ile vatanda\u015flar\u0131 bilgilendirmeyi ama\u00e7lad\u0131.\u00a0<\/p>\n<p>EKMEKTE GIDA MADDES\u0130 VAR MI?\u00a0<\/p>\n<p>Bakanl\u0131k taraf\u0131ndan yap\u0131lan a\u00e7\u0131klamada \u00f6ncelikle her evin ayr\u0131lmaz bir par\u00e7as\u0131 olan ekme\u011fi konu ald\u0131. Bakanl\u0131k y\u0131llard\u0131r merak edilen \u201cekmekte katk\u0131 maddeleri var m\u0131\u201d sorusuna cevap verdi. Yap\u0131lan a\u00e7\u0131klamada, \u201cMevzuat gere\u011fi ekmek, tam bu\u011fday unlu ekmek, tam bu\u011fday ekme\u011fi, kepekli ekmek ve ek\u015fi hamur ekmeklerinde E 920 (L-Sistein) adl\u0131 katk\u0131 maddesi de dahil olmak \u00fczere hi\u00e7bir katk\u0131 maddesinin kullan\u0131lmas\u0131na izin verilmemektedir. Sadece ad\u0131 ge\u00e7en bu ekmeklerin yap\u0131m\u0131nda kullan\u0131lan bu\u011fday unlar\u0131na un \u00fcretimi yap\u0131lan g\u0131da i\u015fletmelerinde olmak \u00fczere E 300 (Askorbik asit) kat\u0131lmas\u0131na izin verilmektedir\u201d denildi.\u00a0<\/p>\n<p>#MerakEttikleriniz<\/p>\n<p>\ud83e\udd56Ekmeklerde katk\u0131 maddeleri var m\u0131?<\/p>\n<p>Ekmeklerde sistein adl\u0131 katk\u0131 maddesi kullan\u0131yor mu?#G\u00fcvenilirG\u0131da #Ekmek@TCTarim @ibrahimyumakli @AhmetGumen @ErsinDILBER_ pic.twitter.com\/1fp0baEGeh<br \/>\n\u2014 G\u0131da ve Kontrol Genel M\u00fcd\u00fcrl\u00fc\u011f\u00fc (@GidaveKontrolGM) March 18, 2025<\/p>\n<p>DONDURULMU\u015e \u00dcR\u00dcNLERE D\u0130KKAT\u00a0<\/p>\n<p>Bakanl\u0131k, dondurulmu\u015f peynir, yo\u011furt kanatl\u0131 ve k\u0131rm\u0131z\u0131 et gibi \u00e7abuk bozulacak \u00fcr\u00fcnlerin en son al\u0131nmas\u0131n\u0131 i\u00e7in vatanda\u015flara tavsiyede bulundu. Yap\u0131lan a\u00e7\u0131klamada, \u201cK\u0131rm\u0131z\u0131 et, kanatl\u0131 eti, su \u00fcr\u00fcnleri, peynir ve yo\u011furt gibi \u00e7abuk bozulabilen \u00fcr\u00fcnleri al\u0131\u015fveri\u015fin sonunda almak, bu \u00fcr\u00fcnlerin \u00f6deme yapmadan hemen \u00f6nceye kadar buzdolab\u0131 veya dondurucuda kalmas\u0131n\u0131 sa\u011flar. B\u00f6ylece, eve ula\u015fana kadar ge\u00e7en s\u00fcre k\u0131sal\u0131r ve \u00fcr\u00fcnlerin s\u0131cakl\u0131\u011fa maruz kalma s\u00fcresi azal\u0131r\u201d denildi.<\/p>\n<p>#G\u00fcvenilirG\u0131da #Ramazan #G\u0131daG\u00fcvenilirli\u011fi #Bilin\u00e7liT\u00fcketici pic.twitter.com\/dcIEhbpbn2<br \/>\n\u2014 G\u0131da ve Kontrol Genel M\u00fcd\u00fcrl\u00fc\u011f\u00fc (@GidaveKontrolGM) March 10, 2025<\/p>\n<p>YUMURTANIN \u00dcZER\u0130NDEK\u0130 YAZILARIN ANLAMI NE?\u00a0<\/p>\n<p>Bir di\u011fer \u00f6nemli g\u0131da olan yumurta i\u00e7inde \u00e7e\u015fitli uyar\u0131lar yap\u0131ld\u0131. Bakanl\u0131k, \u201cYumurta kabu\u011fu \u00fczerinde hangi bilgiler yer al\u0131yor? Bu bilgiler neyi ifade ediyor\u201d adl\u0131 payla\u015f\u0131m\u0131 ile vatanda\u015flar\u0131n yumurta al\u0131rken dikkat etmesi gerek konular\u0131 s\u0131ralad\u0131. \u0130\u015fte bakanl\u0131\u011f\u0131n payla\u015f\u0131m\u0131:\u00a0<\/p>\n<p>#MerakEttikleriniz<\/p>\n<p>\ud83e\udd5aYumurta kabu\u011fu \u00fczerinde hangi bilgiler yer al\u0131yor?<br \/>\nBu bilgiler neyi ifade ediyor?#G\u00fcvenilirG\u0131da #Yumurta@TCTarim @ibrahimyumakli @AhmetGumen @ErsinDILBER_ pic.twitter.com\/LRt70Lb609<br \/>\n\u2014 G\u0131da ve Kontrol Genel M\u00fcd\u00fcrl\u00fc\u011f\u00fc (@GidaveKontrolGM) March 21, 2025<\/p>\n<p>\u200bTar\u0131m ve Orman Bakanl\u0131\u011f\u0131, Ramazan Bayram\u0131 \u00f6ncesi yay\u0131nlad\u0131\u011f\u0131 duyuru ile i\u015fletmelerden g\u0131da alacak vatanda\u015flara dikkat etmesi gereken konular hakk\u0131nda bilgi verdi. \u0130\u015fte detaylar&#8230;\u00a0<\/p>\n<p>\u200bHaberin Al\u0131nt\u0131land\u0131\u011f\u0131 Kaynak: www.antalyakorfez.com<\/p>","protected":false},"excerpt":{"rendered":"<p>Ramazan Bayram\u0131\u2019na say\u0131l\u0131 g\u00fcnler kala Tar\u0131m ve Orman Bakanl\u0131\u011f\u0131 sosyal medya \u00fczerinden vatanda\u015flara i\u015fletmelerde sat\u0131lan g\u0131dalara y\u00f6nelik baz\u0131 uyar\u0131larda bulundu. Bakanl\u0131\u011fa ba\u011fl\u0131 G\u0131da ve Kontrol Genel M\u00fcd\u00fcrl\u00fc\u011f\u00fc, sosyal medya hesaplar\u0131 \u00fczerinden yay\u0131nlad\u0131\u011f\u0131 g\u0131dalara y\u00f6nelik bilgiler ile vatanda\u015flar\u0131 bilgilendirmeyi ama\u00e7lad\u0131.\u00a0 EKMEKTE GIDA MADDES\u0130 VAR MI?\u00a0 Bakanl\u0131k taraf\u0131ndan yap\u0131lan a\u00e7\u0131klamada \u00f6ncelikle her evin ayr\u0131lmaz bir par\u00e7as\u0131 olan ekme\u011fi konu ald\u0131. Bakanl\u0131k y\u0131llard\u0131r merak edilen \u201cekmekte katk\u0131 maddeleri var m\u0131\u201d sorusuna cevap verdi. Yap\u0131lan a\u00e7\u0131klamada, \u201cMevzuat gere\u011fi ekmek, tam bu\u011fday unlu ekmek, tam bu\u011fday ekme\u011fi, kepekli ekmek ve ek\u015fi hamur ekmeklerinde E 920 (L-Sistein) adl\u0131 katk\u0131 maddesi de dahil olmak \u00fczere hi\u00e7bir katk\u0131 maddesinin kullan\u0131lmas\u0131na izin verilmemektedir. Sadece ad\u0131 ge\u00e7en bu ekmeklerin yap\u0131m\u0131nda kullan\u0131lan bu\u011fday unlar\u0131na un \u00fcretimi yap\u0131lan g\u0131da i\u015fletmelerinde olmak \u00fczere E 300 (Askorbik asit) kat\u0131lmas\u0131na izin verilmektedir\u201d denildi.\u00a0 #MerakEttikleriniz \ud83e\udd56Ekmeklerde katk\u0131 maddeleri var m\u0131? Ekmeklerde sistein adl\u0131 katk\u0131 maddesi kullan\u0131yor mu?#G\u00fcvenilirG\u0131da #Ekmek@TCTarim @ibrahimyumakli @AhmetGumen @ErsinDILBER_ pic.twitter.com\/1fp0baEGeh \u2014 G\u0131da ve Kontrol Genel M\u00fcd\u00fcrl\u00fc\u011f\u00fc (@GidaveKontrolGM) March 18, 2025 DONDURULMU\u015e \u00dcR\u00dcNLERE D\u0130KKAT\u00a0 Bakanl\u0131k, dondurulmu\u015f peynir, yo\u011furt kanatl\u0131 ve k\u0131rm\u0131z\u0131 et gibi \u00e7abuk bozulacak \u00fcr\u00fcnlerin en son al\u0131nmas\u0131n\u0131 i\u00e7in vatanda\u015flara tavsiyede bulundu. Yap\u0131lan a\u00e7\u0131klamada, \u201cK\u0131rm\u0131z\u0131 et, kanatl\u0131 eti, su \u00fcr\u00fcnleri, peynir ve yo\u011furt gibi \u00e7abuk bozulabilen \u00fcr\u00fcnleri al\u0131\u015fveri\u015fin sonunda almak, bu \u00fcr\u00fcnlerin \u00f6deme yapmadan &hellip;<\/p>","protected":false},"author":5,"featured_media":0,"comment_status":"","ping_status":"open","sticky":false,"template":"","format":"standard","meta":{"_acf_changed":false,"footnotes":""},"categories":[24],"tags":[],"class_list":["post-36626","post","type-post","status-publish","format-standard","has-post-thumbnail","hentry","category-gundem"],"acf":[],"yoast_head":"<!-- This site is optimized with the Yoast SEO Premium plugin v26.6 (Yoast SEO v27.1.1) - https:\/\/yoast.com\/product\/yoast-seo-premium-wordpress\/ -->\n<title>Ramazan Bayram\u0131 \u00f6ncesi dikkat! \u00dcr\u00fcn al\u0131rken bunlara bak\u0131n - Av. Deniz Can K\u0131z\u0131l<\/title>\n<meta name=\"robots\" content=\"index, follow, max-snippet:-1, max-image-preview:large, max-video-preview:-1\" \/>\n<link rel=\"canonical\" href=\"https:\/\/denizcankizil.tr\/en\/haberler\/gundem\/ramazan-bayrami-oncesi-dikkat-urun-alirken-bunlara-bakin\/\" \/>\n<meta property=\"og:locale\" content=\"en_GB\" \/>\n<meta property=\"og:type\" content=\"article\" \/>\n<meta property=\"og:title\" content=\"Ramazan Bayram\u0131 \u00f6ncesi dikkat! \u00dcr\u00fcn al\u0131rken bunlara bak\u0131n\" \/>\n<meta property=\"og:description\" content=\"Ramazan Bayram\u0131\u2019na say\u0131l\u0131 g\u00fcnler kala Tar\u0131m ve Orman Bakanl\u0131\u011f\u0131 sosyal medya \u00fczerinden vatanda\u015flara i\u015fletmelerde sat\u0131lan g\u0131dalara y\u00f6nelik baz\u0131 uyar\u0131larda bulundu. Bakanl\u0131\u011fa ba\u011fl\u0131 G\u0131da ve Kontrol Genel M\u00fcd\u00fcrl\u00fc\u011f\u00fc, sosyal medya hesaplar\u0131 \u00fczerinden yay\u0131nlad\u0131\u011f\u0131 g\u0131dalara y\u00f6nelik bilgiler ile vatanda\u015flar\u0131 bilgilendirmeyi ama\u00e7lad\u0131.\u00a0 EKMEKTE GIDA MADDES\u0130 VAR MI?\u00a0 Bakanl\u0131k taraf\u0131ndan yap\u0131lan a\u00e7\u0131klamada \u00f6ncelikle her evin ayr\u0131lmaz bir par\u00e7as\u0131 olan ekme\u011fi konu ald\u0131. Bakanl\u0131k y\u0131llard\u0131r merak edilen \u201cekmekte katk\u0131 maddeleri var m\u0131\u201d sorusuna cevap verdi. Yap\u0131lan a\u00e7\u0131klamada, \u201cMevzuat gere\u011fi ekmek, tam bu\u011fday unlu ekmek, tam bu\u011fday ekme\u011fi, kepekli ekmek ve ek\u015fi hamur ekmeklerinde E 920 (L-Sistein) adl\u0131 katk\u0131 maddesi de dahil olmak \u00fczere hi\u00e7bir katk\u0131 maddesinin kullan\u0131lmas\u0131na izin verilmemektedir. Sadece ad\u0131 ge\u00e7en bu ekmeklerin yap\u0131m\u0131nda kullan\u0131lan bu\u011fday unlar\u0131na un \u00fcretimi yap\u0131lan g\u0131da i\u015fletmelerinde olmak \u00fczere E 300 (Askorbik asit) kat\u0131lmas\u0131na izin verilmektedir\u201d denildi.\u00a0 #MerakEttikleriniz \ud83e\udd56Ekmeklerde katk\u0131 maddeleri var m\u0131? Ekmeklerde sistein adl\u0131 katk\u0131 maddesi kullan\u0131yor mu?#G\u00fcvenilirG\u0131da #Ekmek@TCTarim @ibrahimyumakli @AhmetGumen @ErsinDILBER_ pic.twitter.com\/1fp0baEGeh \u2014 G\u0131da ve Kontrol Genel M\u00fcd\u00fcrl\u00fc\u011f\u00fc (@GidaveKontrolGM) March 18, 2025 DONDURULMU\u015e \u00dcR\u00dcNLERE D\u0130KKAT\u00a0 Bakanl\u0131k, dondurulmu\u015f peynir, yo\u011furt kanatl\u0131 ve k\u0131rm\u0131z\u0131 et gibi \u00e7abuk bozulacak \u00fcr\u00fcnlerin en son al\u0131nmas\u0131n\u0131 i\u00e7in vatanda\u015flara tavsiyede bulundu. Yap\u0131lan a\u00e7\u0131klamada, \u201cK\u0131rm\u0131z\u0131 et, kanatl\u0131 eti, su \u00fcr\u00fcnleri, peynir ve yo\u011furt gibi \u00e7abuk bozulabilen \u00fcr\u00fcnleri al\u0131\u015fveri\u015fin sonunda almak, bu \u00fcr\u00fcnlerin \u00f6deme yapmadan &hellip;\" \/>\n<meta property=\"og:url\" content=\"https:\/\/denizcankizil.tr\/en\/haberler\/gundem\/ramazan-bayrami-oncesi-dikkat-urun-alirken-bunlara-bakin\/\" \/>\n<meta property=\"og:site_name\" content=\"Av. Deniz Can K\u0131z\u0131l\" \/>\n<meta property=\"article:published_time\" content=\"2025-03-23T08:41:16+00:00\" \/>\n<meta name=\"author\" content=\"Antalya K\u00f6rfez\" \/>\n<meta name=\"twitter:card\" content=\"summary_large_image\" \/>\n<meta name=\"twitter:label1\" content=\"Written by\" \/>\n\t<meta name=\"twitter:data1\" content=\"Antalya K\u00f6rfez\" \/>\n\t<meta name=\"twitter:label2\" content=\"Estimated reading time\" \/>\n\t<meta name=\"twitter:data2\" content=\"2 minutes\" \/>\n<script type=\"application\/ld+json\" class=\"yoast-schema-graph\">{\"@context\":\"https:\/\/schema.org\",\"@graph\":[{\"@type\":\"Article\",\"@id\":\"https:\/\/denizcankizil.tr\/en\/haberler\/gundem\/ramazan-bayrami-oncesi-dikkat-urun-alirken-bunlara-bakin\/#article\",\"isPartOf\":{\"@id\":\"https:\/\/denizcankizil.tr\/en\/haberler\/gundem\/ramazan-bayrami-oncesi-dikkat-urun-alirken-bunlara-bakin\/\"},\"author\":{\"name\":\"Antalya K\u00f6rfez\",\"@id\":\"https:\/\/denizcankizil.tr\/#\/schema\/person\/e1eb71bb4dd684d46563f0af307e1234\"},\"headline\":\"Ramazan Bayram\u0131 \u00f6ncesi dikkat! \u00dcr\u00fcn al\u0131rken bunlara bak\u0131n\",\"datePublished\":\"2025-03-23T08:41:16+00:00\",\"mainEntityOfPage\":{\"@id\":\"https:\/\/denizcankizil.tr\/en\/haberler\/gundem\/ramazan-bayrami-oncesi-dikkat-urun-alirken-bunlara-bakin\/\"},\"wordCount\":485,\"publisher\":{\"@id\":\"https:\/\/denizcankizil.tr\/#organization\"},\"articleSection\":[\"G\u00fcndem\"],\"inLanguage\":\"en-GB\"},{\"@type\":\"WebPage\",\"@id\":\"https:\/\/denizcankizil.tr\/en\/haberler\/gundem\/ramazan-bayrami-oncesi-dikkat-urun-alirken-bunlara-bakin\/\",\"url\":\"https:\/\/denizcankizil.tr\/en\/haberler\/gundem\/ramazan-bayrami-oncesi-dikkat-urun-alirken-bunlara-bakin\/\",\"name\":\"Ramazan Bayram\u0131 \u00f6ncesi dikkat! \u00dcr\u00fcn al\u0131rken bunlara bak\u0131n - Av. Deniz Can K\u0131z\u0131l\",\"isPartOf\":{\"@id\":\"https:\/\/denizcankizil.tr\/#website\"},\"datePublished\":\"2025-03-23T08:41:16+00:00\",\"breadcrumb\":{\"@id\":\"https:\/\/denizcankizil.tr\/en\/haberler\/gundem\/ramazan-bayrami-oncesi-dikkat-urun-alirken-bunlara-bakin\/#breadcrumb\"},\"inLanguage\":\"en-GB\",\"potentialAction\":[{\"@type\":\"ReadAction\",\"target\":[\"https:\/\/denizcankizil.tr\/en\/haberler\/gundem\/ramazan-bayrami-oncesi-dikkat-urun-alirken-bunlara-bakin\/\"]}]},{\"@type\":\"BreadcrumbList\",\"@id\":\"https:\/\/denizcankizil.tr\/en\/haberler\/gundem\/ramazan-bayrami-oncesi-dikkat-urun-alirken-bunlara-bakin\/#breadcrumb\",\"itemListElement\":[{\"@type\":\"ListItem\",\"position\":1,\"name\":\"Home\",\"item\":\"https:\/\/denizcankizil.tr\/de\/\"},{\"@type\":\"ListItem\",\"position\":2,\"name\":\"Ramazan Bayram\u0131 \u00f6ncesi dikkat! \u00dcr\u00fcn al\u0131rken bunlara bak\u0131n\"}]},{\"@type\":\"WebSite\",\"@id\":\"https:\/\/denizcankizil.tr\/#website\",\"url\":\"https:\/\/denizcankizil.tr\/\",\"name\":\"Av. Deniz Can K\u0131z\u0131l\",\"description\":\"Avukat Deniz Can K\u0131z\u0131l Antalya Barosu\",\"publisher\":{\"@id\":\"https:\/\/denizcankizil.tr\/#organization\"},\"potentialAction\":[{\"@type\":\"SearchAction\",\"target\":{\"@type\":\"EntryPoint\",\"urlTemplate\":\"https:\/\/denizcankizil.tr\/?s={search_term_string}\"},\"query-input\":{\"@type\":\"PropertyValueSpecification\",\"valueRequired\":true,\"valueName\":\"search_term_string\"}}],\"inLanguage\":\"en-GB\"},{\"@type\":\"Organization\",\"@id\":\"https:\/\/denizcankizil.tr\/#organization\",\"name\":\"Av. Deniz Can K\u0131z\u0131l\",\"url\":\"https:\/\/denizcankizil.tr\/\",\"logo\":{\"@type\":\"ImageObject\",\"inLanguage\":\"en-GB\",\"@id\":\"https:\/\/denizcankizil.tr\/#\/schema\/logo\/image\/\",\"url\":\"https:\/\/denizcankizil.tr\/wp-content\/uploads\/2024\/10\/siyah-logo-svg.svg\",\"contentUrl\":\"https:\/\/denizcankizil.tr\/wp-content\/uploads\/2024\/10\/siyah-logo-svg.svg\",\"width\":1080,\"height\":1080,\"caption\":\"Av. Deniz Can K\u0131z\u0131l\"},\"image\":{\"@id\":\"https:\/\/denizcankizil.tr\/#\/schema\/logo\/image\/\"}},{\"@type\":\"Person\",\"@id\":\"https:\/\/denizcankizil.tr\/#\/schema\/person\/e1eb71bb4dd684d46563f0af307e1234\",\"name\":\"Antalya K\u00f6rfez\",\"image\":{\"@type\":\"ImageObject\",\"inLanguage\":\"en-GB\",\"@id\":\"https:\/\/denizcankizil.tr\/#\/schema\/person\/image\/\",\"url\":\"https:\/\/secure.gravatar.com\/avatar\/42b01982558a48a0b501fdcab6a408d3717ea5919095ee2e67b0e521799c5905?s=96&d=mm&r=g\",\"contentUrl\":\"https:\/\/secure.gravatar.com\/avatar\/42b01982558a48a0b501fdcab6a408d3717ea5919095ee2e67b0e521799c5905?s=96&d=mm&r=g\",\"caption\":\"Antalya K\u00f6rfez\"},\"sameAs\":[\"http:\/\/www.antalyakorfez.com\"],\"url\":\"https:\/\/www.antalyakorfez.com\/ramazan-bayrami-oncesi-dikkat-urun-alirken-bunlara-bakin\"}]}<\/script>\n<!-- \/ Yoast SEO Premium plugin. -->","yoast_head_json":{"title":"Ramazan Bayram\u0131 \u00f6ncesi dikkat! \u00dcr\u00fcn al\u0131rken bunlara bak\u0131n - Av. Deniz Can K\u0131z\u0131l","robots":{"index":"index","follow":"follow","max-snippet":"max-snippet:-1","max-image-preview":"max-image-preview:large","max-video-preview":"max-video-preview:-1"},"canonical":"https:\/\/denizcankizil.tr\/en\/haberler\/gundem\/ramazan-bayrami-oncesi-dikkat-urun-alirken-bunlara-bakin\/","og_locale":"en_GB","og_type":"article","og_title":"Ramazan Bayram\u0131 \u00f6ncesi dikkat! \u00dcr\u00fcn al\u0131rken bunlara bak\u0131n","og_description":"Ramazan Bayram\u0131\u2019na say\u0131l\u0131 g\u00fcnler kala Tar\u0131m ve Orman Bakanl\u0131\u011f\u0131 sosyal medya \u00fczerinden vatanda\u015flara i\u015fletmelerde sat\u0131lan g\u0131dalara y\u00f6nelik baz\u0131 uyar\u0131larda bulundu. Bakanl\u0131\u011fa ba\u011fl\u0131 G\u0131da ve Kontrol Genel M\u00fcd\u00fcrl\u00fc\u011f\u00fc, sosyal medya hesaplar\u0131 \u00fczerinden yay\u0131nlad\u0131\u011f\u0131 g\u0131dalara y\u00f6nelik bilgiler ile vatanda\u015flar\u0131 bilgilendirmeyi ama\u00e7lad\u0131.\u00a0 EKMEKTE GIDA MADDES\u0130 VAR MI?\u00a0 Bakanl\u0131k taraf\u0131ndan yap\u0131lan a\u00e7\u0131klamada \u00f6ncelikle her evin ayr\u0131lmaz bir par\u00e7as\u0131 olan ekme\u011fi konu ald\u0131. Bakanl\u0131k y\u0131llard\u0131r merak edilen \u201cekmekte katk\u0131 maddeleri var m\u0131\u201d sorusuna cevap verdi. Yap\u0131lan a\u00e7\u0131klamada, \u201cMevzuat gere\u011fi ekmek, tam bu\u011fday unlu ekmek, tam bu\u011fday ekme\u011fi, kepekli ekmek ve ek\u015fi hamur ekmeklerinde E 920 (L-Sistein) adl\u0131 katk\u0131 maddesi de dahil olmak \u00fczere hi\u00e7bir katk\u0131 maddesinin kullan\u0131lmas\u0131na izin verilmemektedir. Sadece ad\u0131 ge\u00e7en bu ekmeklerin yap\u0131m\u0131nda kullan\u0131lan bu\u011fday unlar\u0131na un \u00fcretimi yap\u0131lan g\u0131da i\u015fletmelerinde olmak \u00fczere E 300 (Askorbik asit) kat\u0131lmas\u0131na izin verilmektedir\u201d denildi.\u00a0 #MerakEttikleriniz \ud83e\udd56Ekmeklerde katk\u0131 maddeleri var m\u0131? Ekmeklerde sistein adl\u0131 katk\u0131 maddesi kullan\u0131yor mu?#G\u00fcvenilirG\u0131da #Ekmek@TCTarim @ibrahimyumakli @AhmetGumen @ErsinDILBER_ pic.twitter.com\/1fp0baEGeh \u2014 G\u0131da ve Kontrol Genel M\u00fcd\u00fcrl\u00fc\u011f\u00fc (@GidaveKontrolGM) March 18, 2025 DONDURULMU\u015e \u00dcR\u00dcNLERE D\u0130KKAT\u00a0 Bakanl\u0131k, dondurulmu\u015f peynir, yo\u011furt kanatl\u0131 ve k\u0131rm\u0131z\u0131 et gibi \u00e7abuk bozulacak \u00fcr\u00fcnlerin en son al\u0131nmas\u0131n\u0131 i\u00e7in vatanda\u015flara tavsiyede bulundu. Yap\u0131lan a\u00e7\u0131klamada, \u201cK\u0131rm\u0131z\u0131 et, kanatl\u0131 eti, su \u00fcr\u00fcnleri, peynir ve yo\u011furt gibi \u00e7abuk bozulabilen \u00fcr\u00fcnleri al\u0131\u015fveri\u015fin sonunda almak, bu \u00fcr\u00fcnlerin \u00f6deme yapmadan &hellip;","og_url":"https:\/\/denizcankizil.tr\/en\/haberler\/gundem\/ramazan-bayrami-oncesi-dikkat-urun-alirken-bunlara-bakin\/","og_site_name":"Av. Deniz Can K\u0131z\u0131l","article_published_time":"2025-03-23T08:41:16+00:00","author":"Antalya K\u00f6rfez","twitter_card":"summary_large_image","twitter_misc":{"Written by":"Antalya K\u00f6rfez","Estimated reading time":"2 minutes"},"schema":{"@context":"https:\/\/schema.org","@graph":[{"@type":"Article","@id":"https:\/\/denizcankizil.tr\/en\/haberler\/gundem\/ramazan-bayrami-oncesi-dikkat-urun-alirken-bunlara-bakin\/#article","isPartOf":{"@id":"https:\/\/denizcankizil.tr\/en\/haberler\/gundem\/ramazan-bayrami-oncesi-dikkat-urun-alirken-bunlara-bakin\/"},"author":{"name":"Antalya K\u00f6rfez","@id":"https:\/\/denizcankizil.tr\/#\/schema\/person\/e1eb71bb4dd684d46563f0af307e1234"},"headline":"Ramazan Bayram\u0131 \u00f6ncesi dikkat! \u00dcr\u00fcn al\u0131rken bunlara bak\u0131n","datePublished":"2025-03-23T08:41:16+00:00","mainEntityOfPage":{"@id":"https:\/\/denizcankizil.tr\/en\/haberler\/gundem\/ramazan-bayrami-oncesi-dikkat-urun-alirken-bunlara-bakin\/"},"wordCount":485,"publisher":{"@id":"https:\/\/denizcankizil.tr\/#organization"},"articleSection":["G\u00fcndem"],"inLanguage":"en-GB"},{"@type":"WebPage","@id":"https:\/\/denizcankizil.tr\/en\/haberler\/gundem\/ramazan-bayrami-oncesi-dikkat-urun-alirken-bunlara-bakin\/","url":"https:\/\/denizcankizil.tr\/en\/haberler\/gundem\/ramazan-bayrami-oncesi-dikkat-urun-alirken-bunlara-bakin\/","name":"Ramazan Bayram\u0131 \u00f6ncesi dikkat! \u00dcr\u00fcn al\u0131rken bunlara bak\u0131n - Av. Deniz Can K\u0131z\u0131l","isPartOf":{"@id":"https:\/\/denizcankizil.tr\/#website"},"datePublished":"2025-03-23T08:41:16+00:00","breadcrumb":{"@id":"https:\/\/denizcankizil.tr\/en\/haberler\/gundem\/ramazan-bayrami-oncesi-dikkat-urun-alirken-bunlara-bakin\/#breadcrumb"},"inLanguage":"en-GB","potentialAction":[{"@type":"ReadAction","target":["https:\/\/denizcankizil.tr\/en\/haberler\/gundem\/ramazan-bayrami-oncesi-dikkat-urun-alirken-bunlara-bakin\/"]}]},{"@type":"BreadcrumbList","@id":"https:\/\/denizcankizil.tr\/en\/haberler\/gundem\/ramazan-bayrami-oncesi-dikkat-urun-alirken-bunlara-bakin\/#breadcrumb","itemListElement":[{"@type":"ListItem","position":1,"name":"Home","item":"https:\/\/denizcankizil.tr\/de\/"},{"@type":"ListItem","position":2,"name":"Ramazan Bayram\u0131 \u00f6ncesi dikkat! \u00dcr\u00fcn al\u0131rken bunlara bak\u0131n"}]},{"@type":"WebSite","@id":"https:\/\/denizcankizil.tr\/#website","url":"https:\/\/denizcankizil.tr\/","name":"Av. Deniz Can K\u0131z\u0131l","description":"Avukat Deniz Can K\u0131z\u0131l Antalya Barosu","publisher":{"@id":"https:\/\/denizcankizil.tr\/#organization"},"potentialAction":[{"@type":"SearchAction","target":{"@type":"EntryPoint","urlTemplate":"https:\/\/denizcankizil.tr\/?s={search_term_string}"},"query-input":{"@type":"PropertyValueSpecification","valueRequired":true,"valueName":"search_term_string"}}],"inLanguage":"en-GB"},{"@type":"Organization","@id":"https:\/\/denizcankizil.tr\/#organization","name":"Av. Deniz Can K\u0131z\u0131l","url":"https:\/\/denizcankizil.tr\/","logo":{"@type":"ImageObject","inLanguage":"en-GB","@id":"https:\/\/denizcankizil.tr\/#\/schema\/logo\/image\/","url":"https:\/\/denizcankizil.tr\/wp-content\/uploads\/2024\/10\/siyah-logo-svg.svg","contentUrl":"https:\/\/denizcankizil.tr\/wp-content\/uploads\/2024\/10\/siyah-logo-svg.svg","width":1080,"height":1080,"caption":"Av. Deniz Can K\u0131z\u0131l"},"image":{"@id":"https:\/\/denizcankizil.tr\/#\/schema\/logo\/image\/"}},{"@type":"Person","@id":"https:\/\/denizcankizil.tr\/#\/schema\/person\/e1eb71bb4dd684d46563f0af307e1234","name":"Antalya K\u00f6rfez","image":{"@type":"ImageObject","inLanguage":"en-GB","@id":"https:\/\/denizcankizil.tr\/#\/schema\/person\/image\/","url":"https:\/\/secure.gravatar.com\/avatar\/42b01982558a48a0b501fdcab6a408d3717ea5919095ee2e67b0e521799c5905?s=96&d=mm&r=g","contentUrl":"https:\/\/secure.gravatar.com\/avatar\/42b01982558a48a0b501fdcab6a408d3717ea5919095ee2e67b0e521799c5905?s=96&d=mm&r=g","caption":"Antalya K\u00f6rfez"},"sameAs":["http:\/\/www.antalyakorfez.com"],"url":"https:\/\/www.antalyakorfez.com\/ramazan-bayrami-oncesi-dikkat-urun-alirken-bunlara-bakin"}]}},"_links":{"self":[{"href":"https:\/\/denizcankizil.tr\/en\/wp-json\/wp\/v2\/posts\/36626","targetHints":{"allow":["GET"]}}],"collection":[{"href":"https:\/\/denizcankizil.tr\/en\/wp-json\/wp\/v2\/posts"}],"about":[{"href":"https:\/\/denizcankizil.tr\/en\/wp-json\/wp\/v2\/types\/post"}],"author":[{"embeddable":true,"href":"https:\/\/denizcankizil.tr\/en\/wp-json\/wp\/v2\/users\/5"}],"replies":[{"embeddable":true,"href":"https:\/\/denizcankizil.tr\/en\/wp-json\/wp\/v2\/comments?post=36626"}],"version-history":[{"count":0,"href":"https:\/\/denizcankizil.tr\/en\/wp-json\/wp\/v2\/posts\/36626\/revisions"}],"wp:attachment":[{"href":"https:\/\/denizcankizil.tr\/en\/wp-json\/wp\/v2\/media?parent=36626"}],"wp:term":[{"taxonomy":"category","embeddable":true,"href":"https:\/\/denizcankizil.tr\/en\/wp-json\/wp\/v2\/categories?post=36626"},{"taxonomy":"post_tag","embeddable":true,"href":"https:\/\/denizcankizil.tr\/en\/wp-json\/wp\/v2\/tags?post=36626"}],"curies":[{"name":"wp","href":"https:\/\/api.w.org\/{rel}","templated":true}]}}