{"id":36476,"date":"2025-03-21T15:23:52","date_gmt":"2025-03-21T12:23:52","guid":{"rendered":"https:\/\/denizcankizil.tr\/uncategorized-tr\/5718-sayili-mohuk-md-27-1-iptalinin-yurt-disindaki-iscilere-etkisi\/"},"modified":"2025-03-21T15:23:52","modified_gmt":"2025-03-21T12:23:52","slug":"5718-sayili-mohuk-md-27-1-iptalinin-yurt-disindaki-iscilere-etkisi","status":"publish","type":"post","link":"https:\/\/denizcankizil.tr\/en\/koseyazilari\/degerlendirme\/5718-sayili-mohuk-md-27-1-iptalinin-yurt-disindaki-iscilere-etkisi\/","title":{"rendered":"5718 Say\u0131l\u0131 M\u00d6HUK MD.27\/(1) \u0130ptalinin Yurt D\u0131\u015f\u0131ndaki \u0130\u015f\u00e7ilere Etkisi"},"content":{"rendered":"<p> <strong>5718 Say\u0131l\u0131 M\u00d6HUK MD.27\/(1) \u0130ptalinin Yurt D\u0131\u015f\u0131ndaki \u0130\u015f\u00e7ilere Etkisi<\/strong><\/p>\n<p>5718 say\u0131l\u0131 Milletleraras\u0131 \u00d6zel Hukuk ve\u2064 Usul Hukuku Hakk\u0131nda Kanun&#8217;un (M\u00d6HUK) \u200b27. maddesinin birinci f\u0131kras\u0131n\u0131n \u2064iptali,yurt d\u0131\u015f\u0131nda \u00e7al\u0131\u015fan T\u00fcrk \u2064i\u015f\u00e7ileri a\u00e7\u0131s\u0131ndan \u00f6nemli hukuki \u2062sonu\u00e7lar do\u011furmaktad\u0131r. Bu\u2062 iptal, uluslararas\u0131 i\u015f hukuku\u200c ba\u011flam\u0131nda, T\u00fcrk i\u015f\u00e7ilerin\u200b yurt d\u0131\u015f\u0131nda maruz kald\u0131klar\u0131 hukuki durumlar\u0131n ve\u200c haklar\u0131n\u0131n yeniden de\u011ferlendirilmesine zemin haz\u0131rlamaktad\u0131r. M\u00d6HUK&#8217;un bu \u2064maddesi, yurt \u200bd\u0131\u015f\u0131nda \u00e7al\u0131\u015fan T\u00fcrk\u200c vatanda\u015flar\u0131n\u0131n i\u015f ili\u015fkileri \u200dve\u2062 bu ili\u015fkilerin denetlenmesi a\u00e7\u0131s\u0131ndan kritik\u2064 bir\u2062 \u00f6neme \u200dsahipti. \u0130ptal \u2062karar\u0131, i\u015f\u00e7ilerin haklar\u0131n\u0131n korunmas\u0131,\u200c i\u015fverenlerle olan ili\u015fkileri ve uluslararas\u0131 hukuk normlar\u0131yla uyum a\u00e7\u0131s\u0131ndan \u00e7e\u015fitli tart\u0131\u015fmalara yol a\u00e7maktad\u0131r. Bu makalede, \u200b5718 say\u0131l\u0131 M\u00d6HUK&#8217;un 27.maddesinin\u2064 iptalinin yurt d\u0131\u015f\u0131ndaki T\u00fcrk i\u015f\u00e7ileri \u00fczerindeki etkileri, hukuki\u2064 \u00e7er\u00e7eve \u2062ve olas\u0131 sonu\u00e7lar\u0131 detayl\u0131 bir\u2062 \u015fekilde ele \u200cal\u0131nacakt\u0131r.<br \/><img decoding=\"async\" class=\"kimage_class lazyload\" data-src=\"https:\/\/denizcankizil.tr\/wp-content\/uploads\/2024\/10\/P8RPY-253D.jpg\" alt=\"M\u00d6HUK'un\u2063 5718 \u2064Say\u0131l\u0131 \u200dKanununa \u2063G\u00f6re \u0130ptal S\u00fcreci\u200d ve Yasal \u00c7er\u00e7eve\" src=\"data:image\/svg+xml;base64,PHN2ZyB3aWR0aD0iMSIgaGVpZ2h0PSIxIiB4bWxucz0iaHR0cDovL3d3dy53My5vcmcvMjAwMC9zdmciPjwvc3ZnPg==\"><\/p>\n<h2 id=\"mohukun-5718-sayili-kanununa-gore-iptal-sureci-ve-yasal-cerceve\">M\u00d6HUK&#8217;un 5718 Say\u0131l\u0131 Kanununa \u2062G\u00f6re \u0130ptal\u200b S\u00fcreci\u200b ve Yasal \u00c7er\u00e7eve<\/h2>\n<p><strong><\/strong><\/p>\n<p>5718 say\u0131l\u0131 Milletleraras\u0131 \u200b\u00d6zel \u2064Hukuk ve Usul Hukuku Hakk\u0131nda \u200cKanun\u2062 (M\u00d6HUK), yurt d\u0131\u015f\u0131nda \u00e7al\u0131\u015fan\u2063 i\u015f\u00e7ilerin hukuki durumlar\u0131n\u0131 d\u00fczenleyen \u200d\u00f6nemli \u2062bir mevzuatt\u0131r. \u2064Bu kanunun \u206227. maddesi, belirli ko\u015fullar alt\u0131nda \u2064iptal s\u00fcre\u00e7lerini ve \u200byasal\u2063 \u00e7er\u00e7eveyi belirlemektedir. Yurt d\u0131\u015f\u0131nda \u2062\u00e7al\u0131\u015fan i\u015f\u00e7ilerin,bu iptallerden\u200b nas\u0131l etkilenece\u011fi,hem bireysel hem \u200dde toplumsal \u200da\u00e7\u0131dan\u2064 b\u00fcy\u00fck bir \u00f6neme\u2064 sahiptir.<\/p>\n<p>\u0130ptal \u200bs\u00fcreci, <a href=\"https:\/\/denizcankizil.tr\/en\/seo\/antalyada-kvkk-avukatlarinin-davalari-ve-yetki-alanlari\/\" title=\"Antalya&#039;da KVKK Avukatlar\u0131n\u0131n Davalar\u0131 ve Yetki Alanlar\u0131\">genel olarak a\u015fa\u011f\u0131daki a\u015famalar\u0131 i\u00e7ermektedir<\/a>:<\/p>\n<ul>\n<li><strong>Ba\u015fvuru S\u00fcreci:<\/strong> \u0130ptal talebi, ilgili mahkemeye yap\u0131lmal\u0131d\u0131r.<\/li>\n<li><strong>\u0130nceleme A\u015famas\u0131:<\/strong> Mahkeme, \u200bba\u015fvuruyu de\u011ferlendirerek gerekli incelemeleri yapar.<\/li>\n<li><strong>karar\u200b Verme:<\/strong> Mahkeme, iptal talebine ili\u015fkin \u2064karar\u0131n\u0131 verir.<\/li>\n<\/ul>\n<p>Bu \u200cs\u00fcre\u00e7, yurt d\u0131\u015f\u0131nda \u00e7al\u0131\u015fan i\u015f\u00e7ilerin haklar\u0131n\u0131 do\u011frudan\u200b etkileyebilir. \u00d6zellikle, i\u015f s\u00f6zle\u015fmelerinin ge\u00e7erlili\u011fi\u200b ve i\u015f\u00e7i haklar\u0131n\u0131n korunmas\u0131 a\u00e7\u0131s\u0131ndan, M\u00d6HUK&#8217;un \u20645718 say\u0131l\u0131 kanunundaki d\u00fczenlemeler b\u00fcy\u00fck \u00f6nem ta\u015f\u0131maktad\u0131r.\u2064 \u0130\u015f\u00e7ilerin, yurt d\u0131\u015f\u0131nda kar\u015f\u0131la\u015fabilecekleri \u200dhukuki sorunlar kar\u015f\u0131s\u0131nda, bu yasal \u00e7er\u00e7eveye hakim olmalar\u0131 gerekmektedir. B\u00f6ylece, haklar\u0131n\u0131 koruma\u200b ve yasal s\u00fcre\u00e7leri \u2062etkin bir \u015fekilde\u200d y\u00fcr\u00fctme \u015fanslar\u0131 artacakt\u0131r.<\/p>\n<h2 id=\"yurt-disindaki-iscilerin-hukuki-statusu-ve-mohukun-uygulama-alani\">Yurt D\u0131\u015f\u0131ndaki \u200c\u0130\u015f\u00e7ilerin\u200b Hukuki Stat\u00fcs\u00fc ve M\u00d6HUK&#8217;un Uygulama \u2063Alan\u0131<\/h2>\n<p>Yurt d\u0131\u015f\u0131nda \u00e7al\u0131\u015fan i\u015f\u00e7ilerin hukuki\u200d stat\u00fcs\u00fc,\u200c uluslararas\u0131 \u2063i\u015f hukuku ve \u2064\u00f6zel \u200dhukuk \u2064alan\u0131nda \u00f6nemli bir yer tutmaktad\u0131r. Bu ba\u011flamda, 5718 \u2062say\u0131l\u0131\u2063 Milletleraras\u0131\u2063 \u00d6zel\u2064 Hukuk \u2064ve \u200bUsul Hukuku Hakk\u0131nda Kanun (M\u00d6HUK) \u200b\u00e7er\u00e7evesinde, yurt\u200d d\u0131\u015f\u0131nda \u00e7al\u0131\u015fan T\u00fcrk i\u015f\u00e7ilerin haklar\u0131\u200c ve\u2064 y\u00fck\u00fcml\u00fcl\u00fckleri belirlenmi\u015ftir.\u2064 M\u00d6HUK&#8217;un 27. maddesi, yurt \u200bd\u0131\u015f\u0131nda\u200b \u00e7al\u0131\u015fan i\u015f\u00e7ilerin hukuki durumunu d\u00fczenleyen \u00f6nemli bir h\u00fck\u00fcm olarak \u00f6ne \u00e7\u0131kmaktad\u0131r.<\/p>\n<p>Ancak,\u2064 M\u00d6HUK&#8217;un\u2062 27.\u2062 maddesinin bir k\u0131sm\u0131n\u0131n iptali, yurt d\u0131\u015f\u0131nda \u00e7al\u0131\u015fan i\u015f\u00e7ilerin hukuki \u2064stat\u00fcs\u00fcn\u00fc \u200cdo\u011frudan\u2064 etkilemi\u015ftir. \u2062Bu iptal, a\u015fa\u011f\u0131daki gibi sonu\u00e7lar\u2062 do\u011furmu\u015ftur:<\/p>\n<ul>\n<li><strong>Hukuki Belirsizlik:<\/strong> \u0130ptal edilen madde, \u2062i\u015f\u00e7ilerin hangi hukukun uygulanaca\u011f\u0131 konusunda belirsizlik \u2062yaratm\u0131\u015ft\u0131r.<\/li>\n<li><strong>Haklar\u0131n Korunmas\u0131:<\/strong> Yurt \u200bd\u0131\u015f\u0131nda \u00e7al\u0131\u015fan i\u015f\u00e7ilerin haklar\u0131n\u0131n korunmas\u0131 a\u00e7\u0131s\u0131ndan yeni d\u00fczenlemelere ihtiya\u00e7 \u2064duyulmaktad\u0131r.<\/li>\n<li><strong>Uluslararas\u0131\u200d Anla\u015fmalar:<\/strong> \u0130ptal \u200csonras\u0131, uluslararas\u0131 \u200ci\u015f\u2064 hukuku \u00e7er\u00e7evesinde yap\u0131lacak \u2064anla\u015fmalar\u0131n \u00f6nemi artm\u0131\u015ft\u0131r.<\/li>\n<\/ul>\n<p>Sonu\u00e7 olarak, M\u00d6HUK&#8217;un 27.\u2062 maddesinin iptali, yurt d\u0131\u015f\u0131nda \u00e7al\u0131\u015fan i\u015f\u00e7ilerin hukuki stat\u00fcs\u00fcn\u00fc etkileyen\u200c \u00f6nemli \u2064bir geli\u015fme olarak\u2064 de\u011ferlendirilmektedir.\u2063 Bu durum, i\u015f\u00e7ilerin haklar\u0131n\u0131n \u2064korunmas\u0131 \u2064ve \u2063hukuki\u2062 belirsizliklerin \u2064giderilmesi a\u00e7\u0131s\u0131ndan yeni d\u00fczenlemelerin gereklili\u011fini \u2062ortaya koymaktad\u0131r.<\/p>\n<p><img decoding=\"async\" class=\"kimage_class lazyload\" data-src=\"https:\/\/denizcankizil.tr\/wp-content\/uploads\/2024\/10\/4376-antalyada-tuketici-hukuku-avukatlarinin-sorumluluklari.jpg\" alt=\"\u0130ptalin Yurt D\u0131\u015f\u0131ndaki\u2063 \u0130\u015f\u00e7ilere Yans\u0131malar\u0131 ve Etkileri\" src=\"data:image\/svg+xml;base64,PHN2ZyB3aWR0aD0iMSIgaGVpZ2h0PSIxIiB4bWxucz0iaHR0cDovL3d3dy53My5vcmcvMjAwMC9zdmciPjwvc3ZnPg==\"><\/p>\n<h2 id=\"iptalin-yurt-disindaki-iscilere-yansimalari-ve-etkileri\">\u0130ptalin \u200cYurt \u200cD\u0131\u015f\u0131ndaki \u0130\u015f\u00e7ilere Yans\u0131malar\u0131 \u2064ve Etkileri<\/h2>\n<p>5718 say\u0131l\u0131\u200d Milletleraras\u0131 \u00d6zel Hukuk ve\u2063 Usul Hukuku Hakk\u0131nda Kanun&#8217;un 27. maddesinin birinci\u200c f\u0131kras\u0131n\u0131n \u200ciptali, yurt d\u0131\u015f\u0131nda \u00e7al\u0131\u015fan\u200c i\u015f\u00e7iler \u00fczerinde \u00f6nemli etkilere\u2064 yol a\u00e7maktad\u0131r. Bu durum, \u00f6zellikle i\u015f\u00e7ilerin\u2064 haklar\u0131n\u0131n korunmas\u0131 ve yurt d\u0131\u015f\u0131nda ge\u00e7erli \u2063olan hukuki \u200dd\u00fczenlemelerin uygulanabilirli\u011fi \u2064a\u00e7\u0131s\u0131ndan dikkate\u2064 de\u011ferdir.<\/p>\n<p>\u0130ptalin yurt \u2062d\u0131\u015f\u0131ndaki i\u015f\u00e7ilere yans\u0131malar\u0131 \u015fu \u200c\u015fekilde \u00f6zetlenebilir:<\/p>\n<ul>\n<li><strong>Hukuki Belirsizlik:<\/strong> \u2064 \u0130ptal karar\u0131, yurt d\u0131\u015f\u0131nda\u2064 \u00e7al\u0131\u015fan T\u00fcrk i\u015f\u00e7ilerin \u200chukuki durumunu belirsiz hale getirebilir.Bu \u2063durum, i\u015f\u00e7ilerin \u2062haklar\u0131n\u0131 arama s\u00fcre\u00e7lerinde zorluklar\u2062 ya\u015famas\u0131na neden \u200dolabilir.<\/li>\n<li><strong>\u0130\u015f \u0130li\u015fkileri \u00dczerindeki \u200cEtkiler:<\/strong> Yurt d\u0131\u015f\u0131nda\u2063 \u00e7al\u0131\u015fan i\u015f\u00e7ilerin i\u015f s\u00f6zle\u015fmeleri ve\u2063 \u00e7al\u0131\u015fma ko\u015fullar\u0131, iptal sonras\u0131\u200d de\u011fi\u015fiklik g\u00f6sterebilir. Bu durum,\u2063 i\u015fverenler ile \u2062i\u015f\u00e7iler aras\u0131ndaki ili\u015fkileri \u200columsuz \u200betkileyebilir.<\/li>\n<li><strong>uluslararas\u0131 Uygulamalar:<\/strong> \u2064 \u0130ptal, uluslararas\u0131\u200d hukuk \u2064normlar\u0131 ve di\u011fer \u00fclkelerin \u2062uygulamalar\u0131 ile uyum sorunlar\u0131\u2062 yaratabilir.Yurt d\u0131\u015f\u0131nda \u00e7al\u0131\u015fan T\u00fcrk\u200b i\u015f\u00e7ilerin haklar\u0131n\u0131n korunmas\u0131 a\u00e7\u0131s\u0131ndan uluslararas\u0131 standartlar\u0131n g\u00f6z \u00f6n\u00fcnde bulundurulmas\u0131\u200c \u00f6nemlidir.<\/li>\n<\/ul>\n<p>sonu\u00e7 olarak,5718 say\u0131l\u0131 \u200bM\u00d6HUK&#8217;un \u206327. maddesinin\u200c iptali, yurt d\u0131\u015f\u0131nda \u00e7al\u0131\u015fan\u2063 i\u015f\u00e7ilerin haklar\u0131 ve i\u015f ili\u015fkileri \u00fczerinde derin etkiler yaratmaktad\u0131r. \u200dBu\u200c nedenle, yurt\u2063 d\u0131\u015f\u0131nda\u200c \u00e7al\u0131\u015fan\u2064 T\u00fcrk i\u015f\u00e7ilerinin haklar\u0131n\u0131n\u200c korunmas\u0131 ve \u2064hukuki\u2063 belirsizliklerin giderilmesi \u2063i\u00e7in\u2062 gerekli ad\u0131mlar\u0131n at\u0131lmas\u0131 \u2062b\u00fcy\u00fck \u00f6nem ta\u015f\u0131maktad\u0131r.<\/p>\n<p><img decoding=\"async\" class=\"kimage_class lazyload\" data-src=\"https:\/\/denizcankizil.tr\/wp-content\/uploads\/2024\/10\/4380-antalyada-sahtecilik-suclarina-bakan-avukat-ve-mahkemeler.jpg\" alt=\"M\u00d6HUK \u2064MD.27\/(1) \u0130ptalinin \u0130\u015f\u00e7i Haklar\u0131 \u00dczerindeki \u200bEtkileri\" src=\"data:image\/svg+xml;base64,PHN2ZyB3aWR0aD0iMSIgaGVpZ2h0PSIxIiB4bWxucz0iaHR0cDovL3d3dy53My5vcmcvMjAwMC9zdmciPjwvc3ZnPg==\"><\/p>\n<h2 id=\"mohuk-md-27-1-iptalinin-isci-haklari-uzerindeki-etkileri\">M\u00d6HUK \u2062MD.27\/(1) \u0130ptalinin \u0130\u015f\u00e7i Haklar\u0131 \u00dczerindeki Etkileri<\/h2>\n<p><strong>5718 Say\u0131l\u0131 M\u00d6HUK MD.27\/(1) iptali, yurt d\u0131\u015f\u0131nda \u00e7al\u0131\u015fan i\u015f\u00e7ilerin haklar\u0131 \u00fczerinde \u00f6nemli etkilere yol a\u00e7maktad\u0131r.<\/strong> Bu d\u00fczenlemenin\u200c iptali,\u2062 \u00f6zellikle uluslararas\u0131 \u2064i\u015f g\u00fcc\u00fc \u200chareketlili\u011fi a\u00e7\u0131s\u0131ndan baz\u0131 \u200bsonu\u00e7lar do\u011furmu\u015ftur. \u0130\u015f\u00e7ilerin yurt d\u0131\u015f\u0131nda \u00e7al\u0131\u015fma ko\u015fullar\u0131 \u200cve \u200bhaklar\u0131,bu iptalle\u2064 birlikte\u2063 yeniden \u2063de\u011ferlendirilmek zorunda kal\u0131nm\u0131\u015ft\u0131r.<\/p>\n<p>\u0130ptalin\u2063 getirdi\u011fi \u2063de\u011fi\u015fiklikler aras\u0131nda \u015funlar bulunmaktad\u0131r:<\/p>\n<ul>\n<li><strong>Yarg\u0131 Yetkisi:<\/strong> yurt d\u0131\u015f\u0131nda \u00e7al\u0131\u015fan\u2062 i\u015f\u00e7ilerin,\u200c i\u015fverenleriyle olan uyu\u015fmazl\u0131klar\u0131nda hangi mahkemelerin yetkili olaca\u011f\u0131 konusunda belirsizlikler ortaya \u00e7\u0131km\u0131\u015ft\u0131r.<\/li>\n<li><strong>\u0130\u015f\u00e7i Haklar\u0131:<\/strong> \u200c\u0130\u015f\u00e7ilerin, yurt d\u0131\u015f\u0131nda \u2064maruz\u2064 kald\u0131klar\u0131\u2064 haks\u0131z uygulamalara kar\u015f\u0131 koruma \u2063mekanizmalar\u0131 zay\u0131flam\u0131\u015ft\u0131r.<\/li>\n<li><strong>Uluslararas\u0131 Anla\u015fmalar:<\/strong> \u200b\u0130ptal, T\u00fcrkiye&#8217;nin \u200btaraf oldu\u011fu \u200buluslararas\u0131 i\u015f\u00e7i\u200d haklar\u0131 s\u00f6zle\u015fmeleri \u200dile uyumlu bir uygulama sergilemesini zorla\u015ft\u0131rabilir.<\/li>\n<\/ul>\n<p>Sonu\u00e7\u200c olarak, M\u00d6HUK MD.27\/(1) iptali, yurt d\u0131\u015f\u0131nda\u200c \u00e7al\u0131\u015fan <a href=\"https:\/\/denizcankizil.tr\/en\/seo\/antalyada-is-hukuku-avukati-hangi-dava-turlerine-bakar-is-hukuku-dava-turlerinin-tamami-iscilerin-isten-ayrilmanin-ardindan-hangi-tazminat-ve-alacaklari-alma-haklari-vardir-antalyadaki-adliye-ve\/\" title=\"Antalya&#039;da \u0130\u015f Hukuku Avukat\u0131 Hangi Dava T\u00fcrlerine Bakar ? \u0130\u015f Hukuku Dava T\u00fcrlerinin Tamam\u0131. \u0130\u015f\u00e7ilerin i\u015ften ayr\u0131lman\u0131n ard\u0131ndan hangi tazminat ve alacaklar\u0131 alma haklar\u0131 vard\u0131r? Antalya&#039;daki Adliye ve ...ler Listesi Nelerdir? Antalya\">i\u015f\u00e7ilerin haklar\u0131n\u0131n korunmas\u0131<\/a>nda \u2064ciddi sorunlar\u200d yaratmakta ve bu durum, i\u015f\u00e7ilerin\u2062 uluslararas\u0131 d\u00fczeydeki hak \u200baray\u0131\u015flar\u0131n\u0131 olumsuz etkilemektedir. Bu\u2064 ba\u011flamda, \u200di\u015f\u00e7i haklar\u0131n\u0131n g\u00fcvence alt\u0131na al\u0131nmas\u0131 \u2064i\u00e7in yeni d\u00fczenlemelere ihtiya\u00e7 duyulmaktad\u0131r.<\/p>\n<p><img decoding=\"async\" class=\"kimage_class lazyload\" data-src=\"https:\/\/denizcankizil.tr\/wp-content\/uploads\/2024\/10\/Ntgv4-253D.jpg\" alt=\"Uluslararas\u0131 Hukuk ve M\u00d6HUK'un\u200b Yurt D\u0131\u015f\u0131ndaki\u200b \u0130\u015f\u00e7ilere \u0130li\u015fkin \u2064Uygulamalar\u0131\" src=\"data:image\/svg+xml;base64,PHN2ZyB3aWR0aD0iMSIgaGVpZ2h0PSIxIiB4bWxucz0iaHR0cDovL3d3dy53My5vcmcvMjAwMC9zdmciPjwvc3ZnPg==\"><\/p>\n<h2 id=\"uluslararasi-hukuk-ve-mohukun-yurt-disindaki-iscilere-iliskin-uygulamalari\">Uluslararas\u0131 Hukuk ve M\u00d6HUK&#8217;un Yurt \u2062D\u0131\u015f\u0131ndaki\u200b \u0130\u015f\u00e7ilere \u0130li\u015fkin Uygulamalar\u0131<\/h2>\n<p>Uluslararas\u0131 hukuk, devletler aras\u0131ndaki ili\u015fkileri d\u00fczenleyen kurallar b\u00fct\u00fcn\u00fcd\u00fcr ve bu ba\u011flamda, yurt \u2062d\u0131\u015f\u0131nda \u00e7al\u0131\u015fan i\u015f\u00e7ilerin haklar\u0131 da \u00f6nemli \u2062bir \u200cyer tutmaktad\u0131r. 5718 say\u0131l\u0131 Milletleraras\u0131 \u00d6zel Hukuk ve Usul Hukuku Hakk\u0131nda Kanun (M\u00d6HUK) \u00e7er\u00e7evesinde,yurt d\u0131\u015f\u0131ndaki i\u015f\u00e7ilerin hukuki durumlar\u0131 ve bu durumlar\u0131n\u2064 nas\u0131l d\u00fczenlendi\u011fi,uluslararas\u0131 hukuk normlar\u0131 ile uyumlu\u2062 bir \u2064\u015fekilde ele al\u0131nmaktad\u0131r.<\/p>\n<p>M\u00d6HUK&#8217;un 27.maddesi, yurt\u200c d\u0131\u015f\u0131nda \u00e7al\u0131\u015fan\u200c i\u015f\u00e7ilerin hukuki ili\u015fkilerini belirleyen \u00f6nemli bir \u2062d\u00fczenleme olarak \u00f6ne \u200d\u00e7\u0131kmaktad\u0131r. Ancak, bu maddenin iptali, yurt d\u0131\u015f\u0131ndaki i\u015f\u00e7ilerin \u200chaklar\u0131 \u00fczerinde\u200b \u00e7e\u015fitli etkiler yaratabilir. \u0130ptal\u2063 sonras\u0131 ortaya \u200d\u00e7\u0131kan durumlar, <a href=\"https:\/\/denizcankizil.tr\/en\/seo\/antalyada-is-hukuku-avukati-hangi-dava-turlerine-bakar-is-hukuku-dava-turlerinin-tamami-iscilerin-isten-ayrilmanin-ardindan-hangi-tazminat-ve-alacaklari-alma-haklari-vardir-antalyadaki-adliye-ve-2\/\" title=\"Antalya&#039;da \u0130\u015f Hukuku Avukat\u0131 Hangi Dava T\u00fcrlerine Bakar ? \u0130\u015f Hukuku Dava T\u00fcrlerinin Tamam\u0131. \u0130\u015f\u00e7ilerin i\u015ften ayr\u0131lman\u0131n ard\u0131ndan hangi tazminat ve alacaklar\u0131 alma haklar\u0131 vard\u0131r? Antalya&#039;daki Adliye ve ...ler Listesi Nelerdir? Antalya\">i\u015f\u00e7ilerin sosyal g\u00fcvenlik<\/a>, \u00e7al\u0131\u015fma ko\u015fullar\u0131 ve i\u015f \u200bs\u00f6zle\u015fmeleri gibi konularda\u200b belirsizlikler do\u011furabilir. Bu ba\u011flamda, a\u015fa\u011f\u0131daki \u2063hususlar\u2063 dikkate \u200dal\u0131nmal\u0131d\u0131r:<\/p>\n<ul>\n<li><strong>Hukuki \u2063Belirsizlikler:<\/strong> \u2064\u0130ptal sonras\u0131, yurt d\u0131\u015f\u0131nda\u2064 \u00e7al\u0131\u015fan i\u015f\u00e7ilerin hangi hukukun\u2063 uygulanaca\u011f\u0131 konusunda belirsizlikler ortaya \u00e7\u0131kabilir.<\/li>\n<li><strong>\u00c7al\u0131\u015fma Ko\u015fullar\u0131:<\/strong> \u0130\u015f\u00e7ilerin \u00e7al\u0131\u015fma ko\u015fullar\u0131 ve\u2063 haklar\u0131,\u2064 uluslararas\u0131 standartlarla uyumlu bir\u2063 \u015fekilde korunamayabilir.<\/li>\n<li><strong>Sosyal G\u00fcvenlik \u200bHaklar\u0131:<\/strong> \u2064Sosyal g\u00fcvenlik sistemleri aras\u0131ndaki uyumsuzluklar, i\u015f\u00e7ilerin \u200bhak kay\u0131plar\u0131na yol a\u00e7abilir.<\/li>\n<\/ul>\n<p>Sonu\u00e7 \u2062olarak, M\u00d6HUK&#8217;un 27.maddesinin iptali, yurt d\u0131\u015f\u0131ndaki i\u015f\u00e7ilerin haklar\u0131 \u00fczerinde \u00f6nemli etkiler\u200b yaratmakta ve bu \u200cdurum, uluslararas\u0131 hukuk\u2063 \u00e7er\u00e7evesinde yeniden de\u011ferlendirilmesi gereken bir konu olarak kar\u015f\u0131m\u0131za \u00e7\u0131kmaktad\u0131r.\u2062 \u0130\u015f\u00e7ilerin haklar\u0131n\u0131n korunmas\u0131 ve uluslararas\u0131 standartlar\u0131n \u2063sa\u011flanmas\u0131, \u2064bu s\u00fcre\u00e7te kritik \u2062bir \u00f6neme sahiptir.<\/p>\n<p><img decoding=\"async\" class=\"kimage_class lazyload\" data-src=\"https:\/\/denizcankizil.tr\/wp-content\/uploads\/2024\/10\/t-bild.jpg\" alt=\"Gelecek \u200bPerspektifi: \u2063M\u00d6HUK'un Revizyonu ve Yurt \u200cD\u0131\u015f\u0131ndaki \u0130\u015f\u00e7iler i\u00e7in Olas\u0131 De\u011fi\u015fiklikler\" src=\"data:image\/svg+xml;base64,PHN2ZyB3aWR0aD0iMSIgaGVpZ2h0PSIxIiB4bWxucz0iaHR0cDovL3d3dy53My5vcmcvMjAwMC9zdmciPjwvc3ZnPg==\"><\/p>\n<h2 id=\"gelecek-perspektifi-mohukun-revizyonu-ve-yurt-disindaki-isciler-icin-olasi-degisiklikler\">Gelecek Perspektifi: M\u00d6HUK&#8217;un Revizyonu ve Yurt D\u0131\u015f\u0131ndaki \u0130\u015f\u00e7iler i\u00e7in Olas\u0131 De\u011fi\u015fiklikler<\/h2>\n<section>\n<p>5718 say\u0131l\u0131 Milletleraras\u0131\u200c \u00d6zel Hukuk ve Usul Hukuku Hakk\u0131nda\u2062 Kanun&#8217;un (M\u00d6HUK) \u200c27. maddesinin\u2062 birinci f\u0131kras\u0131n\u0131n iptali,\u200c yurt d\u0131\u015f\u0131nda\u2062 \u00e7al\u0131\u015fan \u200dT\u00fcrk\u200c i\u015f\u00e7ileri a\u00e7\u0131s\u0131ndan \u00f6nemli sonu\u00e7lar do\u011furabilir.\u200d Bu de\u011fi\u015fiklik, uluslararas\u0131 \u2062i\u015f ili\u015fkilerinin d\u00fczenlenmesinde\u2062 yeni \u200dbir \u00e7er\u00e7eve \u200dsunarak, i\u015f\u00e7ilerin haklar\u0131n\u0131n\u2062 korunmas\u0131 ve uyu\u015fmazl\u0131klar\u0131n \u00e7\u00f6z\u00fcm\u00fcnde daha etkin\u200b bir\u2062 yakla\u015f\u0131m geli\u015ftirilmesine olanak tan\u0131yabilir.<\/p>\n<p>Yurt d\u0131\u015f\u0131nda \u00e7al\u0131\u015fan i\u015f\u00e7ilerin kar\u015f\u0131la\u015ft\u0131\u011f\u0131 hukuki sorunlar,\u200b genellikle karma\u015f\u0131k ve \u00e7ok uluslu bir yap\u0131ya\u2062 sahiptir. Bu ba\u011flamda, M\u00d6HUK&#8217;un revizyonu ile\u200b birlikte a\u015fa\u011f\u0131daki hususlar\u0131n g\u00f6z \u00f6n\u00fcnde\u2063 bulundurulmas\u0131 gerekmektedir:<\/p>\n<ul>\n<li><strong>Hukuki G\u00fcvencelerin \u200dArt\u0131r\u0131lmas\u0131:<\/strong> \u2064yurt d\u0131\u015f\u0131nda \u00e7al\u0131\u015fan i\u015f\u00e7ilerin haklar\u0131n\u0131n daha iyi korunmas\u0131 i\u00e7in hukuki d\u00fczenlemelerin g\u00fc\u00e7lendirilmesi.<\/li>\n<li><strong>Uyu\u015fmazl\u0131k \u00c7\u00f6z\u00fcm Mekanizmalar\u0131n\u0131n Geli\u015ftirilmesi:<\/strong> \u0130\u015f\u00e7i-i\u015fveren \u2064ili\u015fkilerinde\u2062 ortaya \u00e7\u0131kan\u200c uyu\u015fmazl\u0131klar\u0131n daha h\u0131zl\u0131 ve etkili bir \u015fekilde\u2062 \u00e7\u00f6z\u00fclebilmesi i\u00e7in alternatif \u00e7\u00f6z\u00fcm yollar\u0131n\u0131n te\u015fvik edilmesi.<\/li>\n<li><strong>Uluslararas\u0131 \u0130\u015fbirli\u011finin Sa\u011flanmas\u0131:<\/strong> Yurt\u200d d\u0131\u015f\u0131nda \u00e7al\u0131\u015fan T\u00fcrk i\u015f\u00e7ileri i\u00e7in uluslararas\u0131 d\u00fczeyde i\u015fbirli\u011fi ve bilgi payla\u015f\u0131m\u0131n\u0131n\u200b art\u0131r\u0131lmas\u0131.<\/li>\n<\/ul>\n<p>Sonu\u00e7 olarak, M\u00d6HUK&#8217;un revizyonu, yurt d\u0131\u015f\u0131nda\u200b \u00e7al\u0131\u015fan\u2062 i\u015f\u00e7ilerin hukuki durumunu iyile\u015ftirme potansiyeline sahip\u200d bir ad\u0131m olarak de\u011ferlendirilmektedir. \u2062Bu de\u011fi\u015fikliklerin, i\u015f\u00e7ilerin haklar\u0131n\u0131n korunmas\u0131\u2063 ve uluslararas\u0131 i\u015f ili\u015fkilerinin\u200d daha sa\u011fl\u0131kl\u0131 bir\u200b \u015fekilde y\u00fcr\u00fct\u00fclmesi a\u00e7\u0131s\u0131ndan \u00f6nemli bir \u2064f\u0131rsat sunaca\u011f\u0131 \u00f6ng\u00f6r\u00fclmektedir.<\/p>\n<\/section>\n<p>Sonu\u00e7 olarak, 5718 \u200bsay\u0131l\u0131 Milletleraras\u0131 \u00d6zel\u200b Hukuk ve Usul Hukuku Hakk\u0131nda Kanun&#8217;un 27. maddesinin birinci f\u0131kras\u0131n\u0131n iptali,\u2064 yurt d\u0131\u015f\u0131nda \u200c\u00e7al\u0131\u015fan T\u00fcrk i\u015f\u00e7ileri \u2063a\u00e7\u0131s\u0131ndan \u2064\u00f6nemli hukuki\u2062 sonu\u00e7lar do\u011furmaktad\u0131r. Bu iptal, uluslararas\u0131 i\u015f ili\u015fkilerinin \u200bd\u00fczenlenmesinde \u200bbelirsizlikler yaratmakta ve i\u015f\u00e7ilerin haklar\u0131n\u0131n korunmas\u0131nda yeni zorluklar \u200cortaya \u00e7\u0131karmaktad\u0131r. Yurt d\u0131\u015f\u0131nda\u2063 \u00e7al\u0131\u015fan T\u00fcrk i\u015f\u00e7ilerin,\u2062 bulunduklar\u0131 \u00fclkelerdeki hukuki d\u00fczenlemelere ve uygulamalara daha fazla dikkat etmeleri gerekmektedir. Ayr\u0131ca, bu durumun, i\u015f\u00e7ilerin \u200dsosyal g\u00fcvenlik haklar\u0131 ve \u00e7al\u0131\u015fma\u200d ko\u015fullar\u0131 \u00fczerindeki etkileri de dikkatle \u2063izlenmelidir. Gelecekte, bu \u2063konunun daha kapsaml\u0131 bir \u015fekilde ele al\u0131nmas\u0131 ve gerekli d\u00fczenlemelerin yap\u0131lmas\u0131, hem \u200di\u015f\u00e7ilerin\u200c haklar\u0131n\u0131n korunmas\u0131 hem \u200bde uluslararas\u0131\u200c i\u015f g\u00fcc\u00fc \u2064hareketlili\u011finin sa\u011fl\u0131kl\u0131 bir \u015fekilde s\u00fcrd\u00fcr\u00fclmesi \u2063a\u00e7\u0131s\u0131ndan\u2063 b\u00fcy\u00fck \u00f6nem ta\u015f\u0131maktad\u0131r. Bu ba\u011flamda, ilgili mevzuat\u0131n g\u00fcncellenmesi ve i\u015f\u00e7ilerin haklar\u0131n\u0131n\u200c g\u00fcvence alt\u0131na al\u0131nmas\u0131 \u200bi\u00e7in hukuki \u2064reformlar\u0131n gereklili\u011fi\u200b bir kez daha ortaya \u00e7\u0131kmaktad\u0131r. <\/p>","protected":false},"excerpt":{"rendered":"<p>5718 Say\u0131l\u0131 Milletleraras\u0131 \u00d6zel Hukuk ve Usul Hukuku Hakk\u0131nda Kanun&#8217;un 27. maddesinin birinci f\u0131kras\u0131n\u0131n iptali, yurt d\u0131\u015f\u0131ndaki T\u00fcrk i\u015f\u00e7ilerin hukuki stat\u00fclerini ve haklar\u0131n\u0131 do\u011frudan etkilemekte, uluslararas\u0131 i\u015f ili\u015fkilerinde belirsizlik yaratmaktad\u0131r.<\/p>","protected":false},"author":4,"featured_media":0,"comment_status":"open","ping_status":"open","sticky":false,"template":"","format":"standard","meta":{"_acf_changed":false,"footnotes":""},"categories":[22],"tags":[],"class_list":["post-36476","post","type-post","status-publish","format-standard","hentry","category-degerlendirme"],"acf":[],"yoast_head":"<!-- This site is optimized with the Yoast SEO Premium plugin v26.6 (Yoast SEO v27.1.1) - https:\/\/yoast.com\/product\/yoast-seo-premium-wordpress\/ -->\n<title>5718 Say\u0131l\u0131 M\u00d6HUK MD.27\/(1) \u0130ptalinin Yurt D\u0131\u015f\u0131ndaki \u0130\u015f\u00e7ilere Etkisi - Av. Deniz Can K\u0131z\u0131l<\/title>\n<meta name=\"robots\" content=\"index, follow, max-snippet:-1, max-image-preview:large, max-video-preview:-1\" \/>\n<link rel=\"canonical\" href=\"https:\/\/denizcankizil.tr\/en\/koseyazilari\/degerlendirme\/5718-sayili-mohuk-md-27-1-iptalinin-yurt-disindaki-iscilere-etkisi\/\" \/>\n<meta property=\"og:locale\" content=\"en_GB\" \/>\n<meta property=\"og:type\" content=\"article\" \/>\n<meta property=\"og:title\" content=\"5718 Say\u0131l\u0131 M\u00d6HUK MD.27\/(1) \u0130ptalinin Yurt D\u0131\u015f\u0131ndaki \u0130\u015f\u00e7ilere Etkisi\" \/>\n<meta property=\"og:description\" content=\"5718 Say\u0131l\u0131 Milletleraras\u0131 \u00d6zel Hukuk ve Usul Hukuku Hakk\u0131nda Kanun&#039;un 27. maddesinin birinci f\u0131kras\u0131n\u0131n iptali, yurt d\u0131\u015f\u0131ndaki T\u00fcrk i\u015f\u00e7ilerin hukuki stat\u00fclerini ve haklar\u0131n\u0131 do\u011frudan etkilemekte, uluslararas\u0131 i\u015f ili\u015fkilerinde belirsizlik yaratmaktad\u0131r.\" \/>\n<meta property=\"og:url\" content=\"https:\/\/denizcankizil.tr\/en\/koseyazilari\/degerlendirme\/5718-sayili-mohuk-md-27-1-iptalinin-yurt-disindaki-iscilere-etkisi\/\" \/>\n<meta property=\"og:site_name\" content=\"Av. Deniz Can K\u0131z\u0131l\" \/>\n<meta property=\"article:published_time\" content=\"2025-03-21T12:23:52+00:00\" \/>\n<meta property=\"og:image\" content=\"https:\/\/denizcankizil.tr\/wp-content\/uploads\/2024\/10\/P8RPY-253D.jpg\" \/>\n<meta name=\"author\" content=\"Av. Deniz Can K\u0131z\u0131l\" \/>\n<meta name=\"twitter:card\" content=\"summary_large_image\" \/>\n<meta name=\"twitter:label1\" content=\"Written by\" \/>\n\t<meta name=\"twitter:data1\" content=\"Av. Deniz Can K\u0131z\u0131l\" \/>\n\t<meta name=\"twitter:label2\" content=\"Estimated reading time\" \/>\n\t<meta name=\"twitter:data2\" content=\"9 minutes\" \/>\n<script type=\"application\/ld+json\" class=\"yoast-schema-graph\">{\"@context\":\"https:\/\/schema.org\",\"@graph\":[{\"@type\":\"Article\",\"@id\":\"https:\/\/denizcankizil.tr\/en\/koseyazilari\/degerlendirme\/5718-sayili-mohuk-md-27-1-iptalinin-yurt-disindaki-iscilere-etkisi\/#article\",\"isPartOf\":{\"@id\":\"https:\/\/denizcankizil.tr\/en\/koseyazilari\/degerlendirme\/5718-sayili-mohuk-md-27-1-iptalinin-yurt-disindaki-iscilere-etkisi\/\"},\"author\":{\"name\":\"Av. Deniz Can K\u0131z\u0131l\",\"@id\":\"https:\/\/denizcankizil.tr\/de\/#\/schema\/person\/5dc1b22991bd7ac833867c10afc9b0ff\"},\"headline\":\"5718 Say\u0131l\u0131 M\u00d6HUK MD.27\/(1) \u0130ptalinin Yurt D\u0131\u015f\u0131ndaki \u0130\u015f\u00e7ilere Etkisi\",\"datePublished\":\"2025-03-21T12:23:52+00:00\",\"mainEntityOfPage\":{\"@id\":\"https:\/\/denizcankizil.tr\/en\/koseyazilari\/degerlendirme\/5718-sayili-mohuk-md-27-1-iptalinin-yurt-disindaki-iscilere-etkisi\/\"},\"wordCount\":1859,\"commentCount\":0,\"publisher\":{\"@id\":\"https:\/\/denizcankizil.tr\/de\/#organization\"},\"image\":{\"@id\":\"https:\/\/denizcankizil.tr\/en\/koseyazilari\/degerlendirme\/5718-sayili-mohuk-md-27-1-iptalinin-yurt-disindaki-iscilere-etkisi\/#primaryimage\"},\"thumbnailUrl\":\"https:\/\/denizcankizil.tr\/wp-content\/uploads\/2024\/10\/P8RPY-253D.jpg\",\"articleSection\":[\"De\u011ferlendirme\"],\"inLanguage\":\"en-GB\",\"potentialAction\":[{\"@type\":\"CommentAction\",\"name\":\"Comment\",\"target\":[\"https:\/\/denizcankizil.tr\/en\/koseyazilari\/degerlendirme\/5718-sayili-mohuk-md-27-1-iptalinin-yurt-disindaki-iscilere-etkisi\/#respond\"]}]},{\"@type\":\"WebPage\",\"@id\":\"https:\/\/denizcankizil.tr\/en\/koseyazilari\/degerlendirme\/5718-sayili-mohuk-md-27-1-iptalinin-yurt-disindaki-iscilere-etkisi\/\",\"url\":\"https:\/\/denizcankizil.tr\/en\/koseyazilari\/degerlendirme\/5718-sayili-mohuk-md-27-1-iptalinin-yurt-disindaki-iscilere-etkisi\/\",\"name\":\"5718 Say\u0131l\u0131 M\u00d6HUK MD.27\/(1) \u0130ptalinin Yurt D\u0131\u015f\u0131ndaki \u0130\u015f\u00e7ilere Etkisi - Av. Deniz Can K\u0131z\u0131l\",\"isPartOf\":{\"@id\":\"https:\/\/denizcankizil.tr\/de\/#website\"},\"primaryImageOfPage\":{\"@id\":\"https:\/\/denizcankizil.tr\/en\/koseyazilari\/degerlendirme\/5718-sayili-mohuk-md-27-1-iptalinin-yurt-disindaki-iscilere-etkisi\/#primaryimage\"},\"image\":{\"@id\":\"https:\/\/denizcankizil.tr\/en\/koseyazilari\/degerlendirme\/5718-sayili-mohuk-md-27-1-iptalinin-yurt-disindaki-iscilere-etkisi\/#primaryimage\"},\"thumbnailUrl\":\"https:\/\/denizcankizil.tr\/wp-content\/uploads\/2024\/10\/P8RPY-253D.jpg\",\"datePublished\":\"2025-03-21T12:23:52+00:00\",\"breadcrumb\":{\"@id\":\"https:\/\/denizcankizil.tr\/en\/koseyazilari\/degerlendirme\/5718-sayili-mohuk-md-27-1-iptalinin-yurt-disindaki-iscilere-etkisi\/#breadcrumb\"},\"inLanguage\":\"en-GB\",\"potentialAction\":[{\"@type\":\"ReadAction\",\"target\":[\"https:\/\/denizcankizil.tr\/en\/koseyazilari\/degerlendirme\/5718-sayili-mohuk-md-27-1-iptalinin-yurt-disindaki-iscilere-etkisi\/\"]}]},{\"@type\":\"ImageObject\",\"inLanguage\":\"en-GB\",\"@id\":\"https:\/\/denizcankizil.tr\/en\/koseyazilari\/degerlendirme\/5718-sayili-mohuk-md-27-1-iptalinin-yurt-disindaki-iscilere-etkisi\/#primaryimage\",\"url\":\"https:\/\/denizcankizil.tr\/wp-content\/uploads\/2024\/10\/P8RPY-253D.jpg\",\"contentUrl\":\"https:\/\/denizcankizil.tr\/wp-content\/uploads\/2024\/10\/P8RPY-253D.jpg\"},{\"@type\":\"BreadcrumbList\",\"@id\":\"https:\/\/denizcankizil.tr\/en\/koseyazilari\/degerlendirme\/5718-sayili-mohuk-md-27-1-iptalinin-yurt-disindaki-iscilere-etkisi\/#breadcrumb\",\"itemListElement\":[{\"@type\":\"ListItem\",\"position\":1,\"name\":\"Home\",\"item\":\"https:\/\/denizcankizil.tr\/de\/\"},{\"@type\":\"ListItem\",\"position\":2,\"name\":\"5718 Say\u0131l\u0131 M\u00d6HUK MD.27\/(1) \u0130ptalinin Yurt D\u0131\u015f\u0131ndaki \u0130\u015f\u00e7ilere Etkisi\"}]},{\"@type\":\"WebSite\",\"@id\":\"https:\/\/denizcankizil.tr\/de\/#website\",\"url\":\"https:\/\/denizcankizil.tr\/de\/\",\"name\":\"Av. Deniz Can K\u0131z\u0131l\",\"description\":\"Avukat Deniz Can K\u0131z\u0131l Antalya Barosu\",\"publisher\":{\"@id\":\"https:\/\/denizcankizil.tr\/de\/#organization\"},\"potentialAction\":[{\"@type\":\"SearchAction\",\"target\":{\"@type\":\"EntryPoint\",\"urlTemplate\":\"https:\/\/denizcankizil.tr\/de\/?s={search_term_string}\"},\"query-input\":{\"@type\":\"PropertyValueSpecification\",\"valueRequired\":true,\"valueName\":\"search_term_string\"}}],\"inLanguage\":\"en-GB\"},{\"@type\":\"Organization\",\"@id\":\"https:\/\/denizcankizil.tr\/de\/#organization\",\"name\":\"Av. Deniz Can K\u0131z\u0131l\",\"url\":\"https:\/\/denizcankizil.tr\/de\/\",\"logo\":{\"@type\":\"ImageObject\",\"inLanguage\":\"en-GB\",\"@id\":\"https:\/\/denizcankizil.tr\/de\/#\/schema\/logo\/image\/\",\"url\":\"https:\/\/denizcankizil.tr\/wp-content\/uploads\/2024\/10\/siyah-logo-svg.svg\",\"contentUrl\":\"https:\/\/denizcankizil.tr\/wp-content\/uploads\/2024\/10\/siyah-logo-svg.svg\",\"width\":1080,\"height\":1080,\"caption\":\"Av. Deniz Can K\u0131z\u0131l\"},\"image\":{\"@id\":\"https:\/\/denizcankizil.tr\/de\/#\/schema\/logo\/image\/\"}},{\"@type\":\"Person\",\"@id\":\"https:\/\/denizcankizil.tr\/de\/#\/schema\/person\/5dc1b22991bd7ac833867c10afc9b0ff\",\"name\":\"Av. Deniz Can K\u0131z\u0131l\",\"image\":{\"@type\":\"ImageObject\",\"inLanguage\":\"en-GB\",\"@id\":\"https:\/\/denizcankizil.tr\/de\/#\/schema\/person\/image\/\",\"url\":\"https:\/\/secure.gravatar.com\/avatar\/a0b128fb9855c79efc976d5640eedb31dc35ec297594d6016d2cf7c60e975bb6?s=96&d=mm&r=g\",\"contentUrl\":\"https:\/\/secure.gravatar.com\/avatar\/a0b128fb9855c79efc976d5640eedb31dc35ec297594d6016d2cf7c60e975bb6?s=96&d=mm&r=g\",\"caption\":\"Av. Deniz Can K\u0131z\u0131l\"},\"sameAs\":[\"http:\/\/www.denizcankizil.tr\"],\"url\":\"https:\/\/denizcankizil.tr\/en\/author\/denizcankizil\/\"}]}<\/script>\n<!-- \/ Yoast SEO Premium plugin. -->","yoast_head_json":{"title":"5718 Say\u0131l\u0131 M\u00d6HUK MD.27\/(1) \u0130ptalinin Yurt D\u0131\u015f\u0131ndaki \u0130\u015f\u00e7ilere Etkisi - Av. Deniz Can K\u0131z\u0131l","robots":{"index":"index","follow":"follow","max-snippet":"max-snippet:-1","max-image-preview":"max-image-preview:large","max-video-preview":"max-video-preview:-1"},"canonical":"https:\/\/denizcankizil.tr\/en\/koseyazilari\/degerlendirme\/5718-sayili-mohuk-md-27-1-iptalinin-yurt-disindaki-iscilere-etkisi\/","og_locale":"en_GB","og_type":"article","og_title":"5718 Say\u0131l\u0131 M\u00d6HUK MD.27\/(1) \u0130ptalinin Yurt D\u0131\u015f\u0131ndaki \u0130\u015f\u00e7ilere Etkisi","og_description":"5718 Say\u0131l\u0131 Milletleraras\u0131 \u00d6zel Hukuk ve Usul Hukuku Hakk\u0131nda Kanun'un 27. maddesinin birinci f\u0131kras\u0131n\u0131n iptali, yurt d\u0131\u015f\u0131ndaki T\u00fcrk i\u015f\u00e7ilerin hukuki stat\u00fclerini ve haklar\u0131n\u0131 do\u011frudan etkilemekte, uluslararas\u0131 i\u015f ili\u015fkilerinde belirsizlik yaratmaktad\u0131r.","og_url":"https:\/\/denizcankizil.tr\/en\/koseyazilari\/degerlendirme\/5718-sayili-mohuk-md-27-1-iptalinin-yurt-disindaki-iscilere-etkisi\/","og_site_name":"Av. Deniz Can K\u0131z\u0131l","article_published_time":"2025-03-21T12:23:52+00:00","og_image":[{"url":"https:\/\/denizcankizil.tr\/wp-content\/uploads\/2024\/10\/P8RPY-253D.jpg","type":"","width":"","height":""}],"author":"Av. Deniz Can K\u0131z\u0131l","twitter_card":"summary_large_image","twitter_misc":{"Written by":"Av. Deniz Can K\u0131z\u0131l","Estimated reading time":"9 minutes"},"schema":{"@context":"https:\/\/schema.org","@graph":[{"@type":"Article","@id":"https:\/\/denizcankizil.tr\/en\/koseyazilari\/degerlendirme\/5718-sayili-mohuk-md-27-1-iptalinin-yurt-disindaki-iscilere-etkisi\/#article","isPartOf":{"@id":"https:\/\/denizcankizil.tr\/en\/koseyazilari\/degerlendirme\/5718-sayili-mohuk-md-27-1-iptalinin-yurt-disindaki-iscilere-etkisi\/"},"author":{"name":"Av. Deniz Can K\u0131z\u0131l","@id":"https:\/\/denizcankizil.tr\/de\/#\/schema\/person\/5dc1b22991bd7ac833867c10afc9b0ff"},"headline":"5718 Say\u0131l\u0131 M\u00d6HUK MD.27\/(1) \u0130ptalinin Yurt D\u0131\u015f\u0131ndaki \u0130\u015f\u00e7ilere Etkisi","datePublished":"2025-03-21T12:23:52+00:00","mainEntityOfPage":{"@id":"https:\/\/denizcankizil.tr\/en\/koseyazilari\/degerlendirme\/5718-sayili-mohuk-md-27-1-iptalinin-yurt-disindaki-iscilere-etkisi\/"},"wordCount":1859,"commentCount":0,"publisher":{"@id":"https:\/\/denizcankizil.tr\/de\/#organization"},"image":{"@id":"https:\/\/denizcankizil.tr\/en\/koseyazilari\/degerlendirme\/5718-sayili-mohuk-md-27-1-iptalinin-yurt-disindaki-iscilere-etkisi\/#primaryimage"},"thumbnailUrl":"https:\/\/denizcankizil.tr\/wp-content\/uploads\/2024\/10\/P8RPY-253D.jpg","articleSection":["De\u011ferlendirme"],"inLanguage":"en-GB","potentialAction":[{"@type":"CommentAction","name":"Comment","target":["https:\/\/denizcankizil.tr\/en\/koseyazilari\/degerlendirme\/5718-sayili-mohuk-md-27-1-iptalinin-yurt-disindaki-iscilere-etkisi\/#respond"]}]},{"@type":"WebPage","@id":"https:\/\/denizcankizil.tr\/en\/koseyazilari\/degerlendirme\/5718-sayili-mohuk-md-27-1-iptalinin-yurt-disindaki-iscilere-etkisi\/","url":"https:\/\/denizcankizil.tr\/en\/koseyazilari\/degerlendirme\/5718-sayili-mohuk-md-27-1-iptalinin-yurt-disindaki-iscilere-etkisi\/","name":"5718 Say\u0131l\u0131 M\u00d6HUK MD.27\/(1) \u0130ptalinin Yurt D\u0131\u015f\u0131ndaki \u0130\u015f\u00e7ilere Etkisi - Av. Deniz Can K\u0131z\u0131l","isPartOf":{"@id":"https:\/\/denizcankizil.tr\/de\/#website"},"primaryImageOfPage":{"@id":"https:\/\/denizcankizil.tr\/en\/koseyazilari\/degerlendirme\/5718-sayili-mohuk-md-27-1-iptalinin-yurt-disindaki-iscilere-etkisi\/#primaryimage"},"image":{"@id":"https:\/\/denizcankizil.tr\/en\/koseyazilari\/degerlendirme\/5718-sayili-mohuk-md-27-1-iptalinin-yurt-disindaki-iscilere-etkisi\/#primaryimage"},"thumbnailUrl":"https:\/\/denizcankizil.tr\/wp-content\/uploads\/2024\/10\/P8RPY-253D.jpg","datePublished":"2025-03-21T12:23:52+00:00","breadcrumb":{"@id":"https:\/\/denizcankizil.tr\/en\/koseyazilari\/degerlendirme\/5718-sayili-mohuk-md-27-1-iptalinin-yurt-disindaki-iscilere-etkisi\/#breadcrumb"},"inLanguage":"en-GB","potentialAction":[{"@type":"ReadAction","target":["https:\/\/denizcankizil.tr\/en\/koseyazilari\/degerlendirme\/5718-sayili-mohuk-md-27-1-iptalinin-yurt-disindaki-iscilere-etkisi\/"]}]},{"@type":"ImageObject","inLanguage":"en-GB","@id":"https:\/\/denizcankizil.tr\/en\/koseyazilari\/degerlendirme\/5718-sayili-mohuk-md-27-1-iptalinin-yurt-disindaki-iscilere-etkisi\/#primaryimage","url":"https:\/\/denizcankizil.tr\/wp-content\/uploads\/2024\/10\/P8RPY-253D.jpg","contentUrl":"https:\/\/denizcankizil.tr\/wp-content\/uploads\/2024\/10\/P8RPY-253D.jpg"},{"@type":"BreadcrumbList","@id":"https:\/\/denizcankizil.tr\/en\/koseyazilari\/degerlendirme\/5718-sayili-mohuk-md-27-1-iptalinin-yurt-disindaki-iscilere-etkisi\/#breadcrumb","itemListElement":[{"@type":"ListItem","position":1,"name":"Home","item":"https:\/\/denizcankizil.tr\/de\/"},{"@type":"ListItem","position":2,"name":"5718 Say\u0131l\u0131 M\u00d6HUK MD.27\/(1) \u0130ptalinin Yurt D\u0131\u015f\u0131ndaki \u0130\u015f\u00e7ilere Etkisi"}]},{"@type":"WebSite","@id":"https:\/\/denizcankizil.tr\/de\/#website","url":"https:\/\/denizcankizil.tr\/de\/","name":"Av. Deniz Can K\u0131z\u0131l","description":"Avukat Deniz Can K\u0131z\u0131l Antalya Barosu","publisher":{"@id":"https:\/\/denizcankizil.tr\/de\/#organization"},"potentialAction":[{"@type":"SearchAction","target":{"@type":"EntryPoint","urlTemplate":"https:\/\/denizcankizil.tr\/de\/?s={search_term_string}"},"query-input":{"@type":"PropertyValueSpecification","valueRequired":true,"valueName":"search_term_string"}}],"inLanguage":"en-GB"},{"@type":"Organization","@id":"https:\/\/denizcankizil.tr\/de\/#organization","name":"Av. Deniz Can K\u0131z\u0131l","url":"https:\/\/denizcankizil.tr\/de\/","logo":{"@type":"ImageObject","inLanguage":"en-GB","@id":"https:\/\/denizcankizil.tr\/de\/#\/schema\/logo\/image\/","url":"https:\/\/denizcankizil.tr\/wp-content\/uploads\/2024\/10\/siyah-logo-svg.svg","contentUrl":"https:\/\/denizcankizil.tr\/wp-content\/uploads\/2024\/10\/siyah-logo-svg.svg","width":1080,"height":1080,"caption":"Av. Deniz Can K\u0131z\u0131l"},"image":{"@id":"https:\/\/denizcankizil.tr\/de\/#\/schema\/logo\/image\/"}},{"@type":"Person","@id":"https:\/\/denizcankizil.tr\/de\/#\/schema\/person\/5dc1b22991bd7ac833867c10afc9b0ff","name":"Av. Deniz Can K\u0131z\u0131l","image":{"@type":"ImageObject","inLanguage":"en-GB","@id":"https:\/\/denizcankizil.tr\/de\/#\/schema\/person\/image\/","url":"https:\/\/secure.gravatar.com\/avatar\/a0b128fb9855c79efc976d5640eedb31dc35ec297594d6016d2cf7c60e975bb6?s=96&d=mm&r=g","contentUrl":"https:\/\/secure.gravatar.com\/avatar\/a0b128fb9855c79efc976d5640eedb31dc35ec297594d6016d2cf7c60e975bb6?s=96&d=mm&r=g","caption":"Av. Deniz Can K\u0131z\u0131l"},"sameAs":["http:\/\/www.denizcankizil.tr"],"url":"https:\/\/denizcankizil.tr\/en\/author\/denizcankizil\/"}]}},"_links":{"self":[{"href":"https:\/\/denizcankizil.tr\/en\/wp-json\/wp\/v2\/posts\/36476","targetHints":{"allow":["GET"]}}],"collection":[{"href":"https:\/\/denizcankizil.tr\/en\/wp-json\/wp\/v2\/posts"}],"about":[{"href":"https:\/\/denizcankizil.tr\/en\/wp-json\/wp\/v2\/types\/post"}],"author":[{"embeddable":true,"href":"https:\/\/denizcankizil.tr\/en\/wp-json\/wp\/v2\/users\/4"}],"replies":[{"embeddable":true,"href":"https:\/\/denizcankizil.tr\/en\/wp-json\/wp\/v2\/comments?post=36476"}],"version-history":[{"count":0,"href":"https:\/\/denizcankizil.tr\/en\/wp-json\/wp\/v2\/posts\/36476\/revisions"}],"wp:attachment":[{"href":"https:\/\/denizcankizil.tr\/en\/wp-json\/wp\/v2\/media?parent=36476"}],"wp:term":[{"taxonomy":"category","embeddable":true,"href":"https:\/\/denizcankizil.tr\/en\/wp-json\/wp\/v2\/categories?post=36476"},{"taxonomy":"post_tag","embeddable":true,"href":"https:\/\/denizcankizil.tr\/en\/wp-json\/wp\/v2\/tags?post=36476"}],"curies":[{"name":"wp","href":"https:\/\/api.w.org\/{rel}","templated":true}]}}