{"id":36349,"date":"2025-03-20T09:41:24","date_gmt":"2025-03-20T06:41:24","guid":{"rendered":"https:\/\/denizcankizil.tr\/uncategorized-tr\/ekrem-imamoglundan-bir-yeni-mesaj-daha\/"},"modified":"2025-03-20T09:41:24","modified_gmt":"2025-03-20T06:41:24","slug":"ekrem-imamoglundan-bir-yeni-mesaj-daha","status":"publish","type":"post","link":"https:\/\/denizcankizil.tr\/en\/haberler\/gundem\/ekrem-imamoglundan-bir-yeni-mesaj-daha\/","title":{"rendered":"Ekrem \u0130mamo\u011flu&#8217;ndan bir yeni mesaj daha"},"content":{"rendered":"<p>\u0130stanbul B\u00fcy\u00fck\u015fehir Belediye Ba\u015fkan\u0131 Ekrem \u0130mamo\u011flu avukat\u0131 arac\u0131l\u0131\u011f\u0131yla mesaj yay\u0131nlad\u0131. Moralinin yerinde oldu\u011funu belirten \u0130mamo\u011flu &#8220;Biz bu s\u00fcre\u00e7ten g\u00fc\u00e7lenerek \u00e7\u0131kaca\u011f\u0131z&#8221; dedi.\u0130STANBUL (\u0130GFA) &#8211;\u00a0Sabah saatlerinde d\u00fczenlenen operasyonda g\u00f6zalt\u0131nda olan\u00a0Ekrem \u0130mamo\u011flu\u00a0avukat\u0131 Mehmet Pehlivan ile sosyal medya hesab\u0131ndan payla\u015f\u0131m yapt\u0131.<br \/>\n&#8220;BIZ BU S\u00dcRE\u00c7TEN G\u00dc\u00c7LENEREK \u00c7IKACA\u011eIZ&#8221;<br \/>\n\u0130stanbul B\u00fcy\u00fck\u015fehir Belediye Ba\u015fkan\u0131m\u0131z Ekrem \u0130mamo\u011flu\u2019nu bug\u00fcn saat 11:00\u2019da ziyaret ettim. Ba\u015fkan\u0131m\u0131z\u0131n milletine bir mesaj\u0131 daha var:\u00a0<br \/>\n\u201cMoralim gayet iyi, herkesin de morali iyi olsun, biz bu s\u00fcre\u00e7ten g\u00fc\u00e7lenerek \u00e7\u0131kaca\u011f\u0131z. Hi\u00e7bir \u015fey milletin iradesinden, ferasetinden daha b\u00fcy\u00fck de\u011fildir. Milletin iradesi bir ki\u015fiden b\u00fcy\u00fckt\u00fcr.\u201d<\/p>\n<p>https:\/\/twitter.com\/mehmettpehlivan\/status\/1902363196993716235<\/p>\n<p>\u200b\u0130stanbul B\u00fcy\u00fck\u015fehir Belediye Ba\u015fkan\u0131 Ekrem \u0130mamo\u011flu avukat\u0131 arac\u0131l\u0131\u011f\u0131yla mesaj yay\u0131nlad\u0131. Moralinin yerinde oldu\u011funu belirten \u0130mamo\u011flu &#8220;Biz bu s\u00fcre\u00e7ten g\u00fc\u00e7lenerek \u00e7\u0131kaca\u011f\u0131z&#8221; dedi.\u0130STANBUL (\u0130GFA) &#8211;\u00a0Sabah saatlerinde d\u00fczenlenen operasyonda g\u00f6zalt\u0131nda olan\u00a0Ekrem \u0130mamo\u011flu\u00a0avukat\u0131 Mehmet Pehlivan ile sosyal medya hesab\u0131ndan payla\u015f\u0131m yapt\u0131.<br \/>\n&#8220;BIZ BU S\u00dcRE\u00c7TEN G\u00dc\u00c7LENEREK \u00c7IKACA\u011eIZ&#8221;<br \/>\n\u0130stanbul B\u00fcy\u00fck\u015fehir Belediye Ba\u015fkan\u0131m\u0131z Ekrem \u0130mamo\u011flu\u2019nu bug\u00fcn saat 11:00\u2019da ziyaret ettim. Ba\u015fkan\u0131m\u0131z\u0131n milletine bir mesaj\u0131 daha var:\u00a0<br \/>\n\u201cMoralim gayet iyi, herkesin de morali iyi olsun, biz bu s\u00fcre\u00e7ten g\u00fc\u00e7lenerek \u00e7\u0131kaca\u011f\u0131z. Hi\u00e7bir \u015fey milletin iradesinden, ferasetinden daha b\u00fcy\u00fck de\u011fildir. Milletin iradesi bir ki\u015fiden b\u00fcy\u00fckt\u00fcr.\u201d<\/p>\n<p>https:\/\/twitter.com\/mehmettpehlivan\/status\/1902363196993716235\u00a0<\/p>\n<p>\u200bHaberin Al\u0131nt\u0131land\u0131\u011f\u0131 Kaynak: www.iskenderun.org<\/p>","protected":false},"excerpt":{"rendered":"<p>\u0130stanbul B\u00fcy\u00fck\u015fehir Belediye Ba\u015fkan\u0131 Ekrem \u0130mamo\u011flu avukat\u0131 arac\u0131l\u0131\u011f\u0131yla mesaj yay\u0131nlad\u0131. Moralinin yerinde oldu\u011funu belirten \u0130mamo\u011flu &#8220;Biz bu s\u00fcre\u00e7ten g\u00fc\u00e7lenerek \u00e7\u0131kaca\u011f\u0131z&#8221; dedi.\u0130STANBUL (\u0130GFA) &#8211;\u00a0Sabah saatlerinde d\u00fczenlenen operasyonda g\u00f6zalt\u0131nda olan\u00a0Ekrem \u0130mamo\u011flu\u00a0avukat\u0131 Mehmet Pehlivan ile sosyal medya hesab\u0131ndan payla\u015f\u0131m yapt\u0131. &#8220;BIZ BU S\u00dcRE\u00c7TEN G\u00dc\u00c7LENEREK \u00c7IKACA\u011eIZ&#8221; \u0130stanbul B\u00fcy\u00fck\u015fehir Belediye Ba\u015fkan\u0131m\u0131z Ekrem \u0130mamo\u011flu\u2019nu bug\u00fcn saat 11:00\u2019da ziyaret ettim. Ba\u015fkan\u0131m\u0131z\u0131n milletine bir mesaj\u0131 daha var:\u00a0 \u201cMoralim gayet iyi, herkesin de morali iyi olsun, biz bu s\u00fcre\u00e7ten g\u00fc\u00e7lenerek \u00e7\u0131kaca\u011f\u0131z. Hi\u00e7bir \u015fey milletin iradesinden, ferasetinden daha b\u00fcy\u00fck de\u011fildir. Milletin iradesi bir ki\u015fiden b\u00fcy\u00fckt\u00fcr.\u201d https:\/\/twitter.com\/mehmettpehlivan\/status\/1902363196993716235 \u200b\u0130stanbul B\u00fcy\u00fck\u015fehir Belediye Ba\u015fkan\u0131 Ekrem \u0130mamo\u011flu avukat\u0131 arac\u0131l\u0131\u011f\u0131yla mesaj yay\u0131nlad\u0131. Moralinin yerinde oldu\u011funu belirten \u0130mamo\u011flu &#8220;Biz bu s\u00fcre\u00e7ten g\u00fc\u00e7lenerek \u00e7\u0131kaca\u011f\u0131z&#8221; dedi.\u0130STANBUL (\u0130GFA) &#8211;\u00a0Sabah saatlerinde d\u00fczenlenen operasyonda g\u00f6zalt\u0131nda olan\u00a0Ekrem \u0130mamo\u011flu\u00a0avukat\u0131 Mehmet Pehlivan ile sosyal medya hesab\u0131ndan payla\u015f\u0131m yapt\u0131. &#8220;BIZ BU S\u00dcRE\u00c7TEN G\u00dc\u00c7LENEREK \u00c7IKACA\u011eIZ&#8221; \u0130stanbul B\u00fcy\u00fck\u015fehir Belediye Ba\u015fkan\u0131m\u0131z Ekrem \u0130mamo\u011flu\u2019nu bug\u00fcn saat 11:00\u2019da ziyaret ettim. Ba\u015fkan\u0131m\u0131z\u0131n milletine bir mesaj\u0131 daha var:\u00a0 \u201cMoralim gayet iyi, herkesin de morali iyi olsun, biz bu s\u00fcre\u00e7ten g\u00fc\u00e7lenerek \u00e7\u0131kaca\u011f\u0131z. Hi\u00e7bir \u015fey milletin iradesinden, ferasetinden daha b\u00fcy\u00fck de\u011fildir. Milletin iradesi bir ki\u015fiden b\u00fcy\u00fckt\u00fcr.\u201d https:\/\/twitter.com\/mehmettpehlivan\/status\/1902363196993716235\u00a0 \u200bHaberin Al\u0131nt\u0131land\u0131\u011f\u0131 Kaynak: www.iskenderun.org<\/p>","protected":false},"author":1,"featured_media":0,"comment_status":"","ping_status":"open","sticky":false,"template":"","format":"standard","meta":{"_acf_changed":false,"footnotes":""},"categories":[24],"tags":[],"class_list":["post-36349","post","type-post","status-publish","format-standard","has-post-thumbnail","hentry","category-gundem"],"acf":[],"yoast_head":"<!-- This site is optimized with the Yoast SEO Premium plugin v26.6 (Yoast SEO v27.1.1) - https:\/\/yoast.com\/product\/yoast-seo-premium-wordpress\/ -->\n<title>Ekrem \u0130mamo\u011flu&#039;ndan bir yeni mesaj daha - Av. Deniz Can K\u0131z\u0131l<\/title>\n<meta name=\"robots\" content=\"index, follow, max-snippet:-1, max-image-preview:large, max-video-preview:-1\" \/>\n<link rel=\"canonical\" href=\"https:\/\/denizcankizil.tr\/en\/haberler\/gundem\/ekrem-imamoglundan-bir-yeni-mesaj-daha\/\" \/>\n<meta property=\"og:locale\" content=\"en_GB\" \/>\n<meta property=\"og:type\" content=\"article\" \/>\n<meta property=\"og:title\" content=\"Ekrem \u0130mamo\u011flu&#039;ndan bir yeni mesaj daha\" \/>\n<meta property=\"og:description\" content=\"\u0130stanbul B\u00fcy\u00fck\u015fehir Belediye Ba\u015fkan\u0131 Ekrem \u0130mamo\u011flu avukat\u0131 arac\u0131l\u0131\u011f\u0131yla mesaj yay\u0131nlad\u0131. Moralinin yerinde oldu\u011funu belirten \u0130mamo\u011flu &#8220;Biz bu s\u00fcre\u00e7ten g\u00fc\u00e7lenerek \u00e7\u0131kaca\u011f\u0131z&#8221; dedi.\u0130STANBUL (\u0130GFA) &#8211;\u00a0Sabah saatlerinde d\u00fczenlenen operasyonda g\u00f6zalt\u0131nda olan\u00a0Ekrem \u0130mamo\u011flu\u00a0avukat\u0131 Mehmet Pehlivan ile sosyal medya hesab\u0131ndan payla\u015f\u0131m yapt\u0131. &#8220;BIZ BU S\u00dcRE\u00c7TEN G\u00dc\u00c7LENEREK \u00c7IKACA\u011eIZ&#8221; \u0130stanbul B\u00fcy\u00fck\u015fehir Belediye Ba\u015fkan\u0131m\u0131z Ekrem \u0130mamo\u011flu\u2019nu bug\u00fcn saat 11:00\u2019da ziyaret ettim. Ba\u015fkan\u0131m\u0131z\u0131n milletine bir mesaj\u0131 daha var:\u00a0 \u201cMoralim gayet iyi, herkesin de morali iyi olsun, biz bu s\u00fcre\u00e7ten g\u00fc\u00e7lenerek \u00e7\u0131kaca\u011f\u0131z. Hi\u00e7bir \u015fey milletin iradesinden, ferasetinden daha b\u00fcy\u00fck de\u011fildir. Milletin iradesi bir ki\u015fiden b\u00fcy\u00fckt\u00fcr.\u201d https:\/\/twitter.com\/mehmettpehlivan\/status\/1902363196993716235 \u200b\u0130stanbul B\u00fcy\u00fck\u015fehir Belediye Ba\u015fkan\u0131 Ekrem \u0130mamo\u011flu avukat\u0131 arac\u0131l\u0131\u011f\u0131yla mesaj yay\u0131nlad\u0131. Moralinin yerinde oldu\u011funu belirten \u0130mamo\u011flu &#8220;Biz bu s\u00fcre\u00e7ten g\u00fc\u00e7lenerek \u00e7\u0131kaca\u011f\u0131z&#8221; dedi.\u0130STANBUL (\u0130GFA) &#8211;\u00a0Sabah saatlerinde d\u00fczenlenen operasyonda g\u00f6zalt\u0131nda olan\u00a0Ekrem \u0130mamo\u011flu\u00a0avukat\u0131 Mehmet Pehlivan ile sosyal medya hesab\u0131ndan payla\u015f\u0131m yapt\u0131. &#8220;BIZ BU S\u00dcRE\u00c7TEN G\u00dc\u00c7LENEREK \u00c7IKACA\u011eIZ&#8221; \u0130stanbul B\u00fcy\u00fck\u015fehir Belediye Ba\u015fkan\u0131m\u0131z Ekrem \u0130mamo\u011flu\u2019nu bug\u00fcn saat 11:00\u2019da ziyaret ettim. Ba\u015fkan\u0131m\u0131z\u0131n milletine bir mesaj\u0131 daha var:\u00a0 \u201cMoralim gayet iyi, herkesin de morali iyi olsun, biz bu s\u00fcre\u00e7ten g\u00fc\u00e7lenerek \u00e7\u0131kaca\u011f\u0131z. Hi\u00e7bir \u015fey milletin iradesinden, ferasetinden daha b\u00fcy\u00fck de\u011fildir. Milletin iradesi bir ki\u015fiden b\u00fcy\u00fckt\u00fcr.\u201d https:\/\/twitter.com\/mehmettpehlivan\/status\/1902363196993716235\u00a0 \u200bHaberin Al\u0131nt\u0131land\u0131\u011f\u0131 Kaynak: www.iskenderun.org\" \/>\n<meta property=\"og:url\" content=\"https:\/\/denizcankizil.tr\/en\/haberler\/gundem\/ekrem-imamoglundan-bir-yeni-mesaj-daha\/\" \/>\n<meta property=\"og:site_name\" content=\"Av. Deniz Can K\u0131z\u0131l\" \/>\n<meta property=\"article:published_time\" content=\"2025-03-20T06:41:24+00:00\" \/>\n<meta name=\"author\" content=\"admin\" \/>\n<meta name=\"twitter:card\" content=\"summary_large_image\" \/>\n<meta name=\"twitter:label1\" content=\"Written by\" \/>\n\t<meta name=\"twitter:data1\" content=\"admin\" \/>\n\t<meta name=\"twitter:label2\" content=\"Estimated reading time\" \/>\n\t<meta name=\"twitter:data2\" content=\"1 minute\" \/>\n<script type=\"application\/ld+json\" class=\"yoast-schema-graph\">{\"@context\":\"https:\/\/schema.org\",\"@graph\":[{\"@type\":\"Article\",\"@id\":\"https:\/\/denizcankizil.tr\/en\/haberler\/gundem\/ekrem-imamoglundan-bir-yeni-mesaj-daha\/#article\",\"isPartOf\":{\"@id\":\"https:\/\/denizcankizil.tr\/en\/haberler\/gundem\/ekrem-imamoglundan-bir-yeni-mesaj-daha\/\"},\"author\":{\"name\":\"admin\",\"@id\":\"https:\/\/denizcankizil.tr\/#\/schema\/person\/be3c05fe6a12686905512445d8185489\"},\"headline\":\"Ekrem \u0130mamo\u011flu&#8217;ndan bir yeni mesaj daha\",\"datePublished\":\"2025-03-20T06:41:24+00:00\",\"mainEntityOfPage\":{\"@id\":\"https:\/\/denizcankizil.tr\/en\/haberler\/gundem\/ekrem-imamoglundan-bir-yeni-mesaj-daha\/\"},\"wordCount\":302,\"publisher\":{\"@id\":\"https:\/\/denizcankizil.tr\/#organization\"},\"articleSection\":[\"G\u00fcndem\"],\"inLanguage\":\"en-GB\"},{\"@type\":\"WebPage\",\"@id\":\"https:\/\/denizcankizil.tr\/en\/haberler\/gundem\/ekrem-imamoglundan-bir-yeni-mesaj-daha\/\",\"url\":\"https:\/\/denizcankizil.tr\/en\/haberler\/gundem\/ekrem-imamoglundan-bir-yeni-mesaj-daha\/\",\"name\":\"Ekrem \u0130mamo\u011flu'ndan bir yeni mesaj daha - Av. Deniz Can K\u0131z\u0131l\",\"isPartOf\":{\"@id\":\"https:\/\/denizcankizil.tr\/#website\"},\"datePublished\":\"2025-03-20T06:41:24+00:00\",\"breadcrumb\":{\"@id\":\"https:\/\/denizcankizil.tr\/en\/haberler\/gundem\/ekrem-imamoglundan-bir-yeni-mesaj-daha\/#breadcrumb\"},\"inLanguage\":\"en-GB\",\"potentialAction\":[{\"@type\":\"ReadAction\",\"target\":[\"https:\/\/denizcankizil.tr\/en\/haberler\/gundem\/ekrem-imamoglundan-bir-yeni-mesaj-daha\/\"]}]},{\"@type\":\"BreadcrumbList\",\"@id\":\"https:\/\/denizcankizil.tr\/en\/haberler\/gundem\/ekrem-imamoglundan-bir-yeni-mesaj-daha\/#breadcrumb\",\"itemListElement\":[{\"@type\":\"ListItem\",\"position\":1,\"name\":\"Home\",\"item\":\"https:\/\/denizcankizil.tr\/uk\/\"},{\"@type\":\"ListItem\",\"position\":2,\"name\":\"Ekrem \u0130mamo\u011flu&#8217;ndan bir yeni mesaj daha\"}]},{\"@type\":\"WebSite\",\"@id\":\"https:\/\/denizcankizil.tr\/#website\",\"url\":\"https:\/\/denizcankizil.tr\/\",\"name\":\"Av. Deniz Can K\u0131z\u0131l\",\"description\":\"Avukat Deniz Can K\u0131z\u0131l Antalya Barosu\",\"publisher\":{\"@id\":\"https:\/\/denizcankizil.tr\/#organization\"},\"potentialAction\":[{\"@type\":\"SearchAction\",\"target\":{\"@type\":\"EntryPoint\",\"urlTemplate\":\"https:\/\/denizcankizil.tr\/?s={search_term_string}\"},\"query-input\":{\"@type\":\"PropertyValueSpecification\",\"valueRequired\":true,\"valueName\":\"search_term_string\"}}],\"inLanguage\":\"en-GB\"},{\"@type\":\"Organization\",\"@id\":\"https:\/\/denizcankizil.tr\/#organization\",\"name\":\"Av. Deniz Can K\u0131z\u0131l\",\"url\":\"https:\/\/denizcankizil.tr\/\",\"logo\":{\"@type\":\"ImageObject\",\"inLanguage\":\"en-GB\",\"@id\":\"https:\/\/denizcankizil.tr\/#\/schema\/logo\/image\/\",\"url\":\"https:\/\/denizcankizil.tr\/wp-content\/uploads\/2024\/10\/siyah-logo-svg.svg\",\"contentUrl\":\"https:\/\/denizcankizil.tr\/wp-content\/uploads\/2024\/10\/siyah-logo-svg.svg\",\"width\":1080,\"height\":1080,\"caption\":\"Av. Deniz Can K\u0131z\u0131l\"},\"image\":{\"@id\":\"https:\/\/denizcankizil.tr\/#\/schema\/logo\/image\/\"}},{\"@type\":\"Person\",\"@id\":\"https:\/\/denizcankizil.tr\/#\/schema\/person\/be3c05fe6a12686905512445d8185489\",\"name\":\"admin\",\"image\":{\"@type\":\"ImageObject\",\"inLanguage\":\"en-GB\",\"@id\":\"https:\/\/denizcankizil.tr\/#\/schema\/person\/image\/\",\"url\":\"https:\/\/secure.gravatar.com\/avatar\/c1fce94c830dc79107e174f890d7210541c4a63e8e5d816341794a2151c9d58c?s=96&d=mm&r=g\",\"contentUrl\":\"https:\/\/secure.gravatar.com\/avatar\/c1fce94c830dc79107e174f890d7210541c4a63e8e5d816341794a2151c9d58c?s=96&d=mm&r=g\",\"caption\":\"admin\"},\"sameAs\":[\"http:\/\/denizcankizil.tr\"],\"url\":\"https:\/\/www.iskenderun.org\/ekrem-imamoglundan-bir-yeni-mesaj-daha\"}]}<\/script>\n<!-- \/ Yoast SEO Premium plugin. -->","yoast_head_json":{"title":"Ekrem \u0130mamo\u011flu'ndan bir yeni mesaj daha - Av. Deniz Can K\u0131z\u0131l","robots":{"index":"index","follow":"follow","max-snippet":"max-snippet:-1","max-image-preview":"max-image-preview:large","max-video-preview":"max-video-preview:-1"},"canonical":"https:\/\/denizcankizil.tr\/en\/haberler\/gundem\/ekrem-imamoglundan-bir-yeni-mesaj-daha\/","og_locale":"en_GB","og_type":"article","og_title":"Ekrem \u0130mamo\u011flu'ndan bir yeni mesaj daha","og_description":"\u0130stanbul B\u00fcy\u00fck\u015fehir Belediye Ba\u015fkan\u0131 Ekrem \u0130mamo\u011flu avukat\u0131 arac\u0131l\u0131\u011f\u0131yla mesaj yay\u0131nlad\u0131. Moralinin yerinde oldu\u011funu belirten \u0130mamo\u011flu &#8220;Biz bu s\u00fcre\u00e7ten g\u00fc\u00e7lenerek \u00e7\u0131kaca\u011f\u0131z&#8221; dedi.\u0130STANBUL (\u0130GFA) &#8211;\u00a0Sabah saatlerinde d\u00fczenlenen operasyonda g\u00f6zalt\u0131nda olan\u00a0Ekrem \u0130mamo\u011flu\u00a0avukat\u0131 Mehmet Pehlivan ile sosyal medya hesab\u0131ndan payla\u015f\u0131m yapt\u0131. &#8220;BIZ BU S\u00dcRE\u00c7TEN G\u00dc\u00c7LENEREK \u00c7IKACA\u011eIZ&#8221; \u0130stanbul B\u00fcy\u00fck\u015fehir Belediye Ba\u015fkan\u0131m\u0131z Ekrem \u0130mamo\u011flu\u2019nu bug\u00fcn saat 11:00\u2019da ziyaret ettim. Ba\u015fkan\u0131m\u0131z\u0131n milletine bir mesaj\u0131 daha var:\u00a0 \u201cMoralim gayet iyi, herkesin de morali iyi olsun, biz bu s\u00fcre\u00e7ten g\u00fc\u00e7lenerek \u00e7\u0131kaca\u011f\u0131z. Hi\u00e7bir \u015fey milletin iradesinden, ferasetinden daha b\u00fcy\u00fck de\u011fildir. Milletin iradesi bir ki\u015fiden b\u00fcy\u00fckt\u00fcr.\u201d https:\/\/twitter.com\/mehmettpehlivan\/status\/1902363196993716235 \u200b\u0130stanbul B\u00fcy\u00fck\u015fehir Belediye Ba\u015fkan\u0131 Ekrem \u0130mamo\u011flu avukat\u0131 arac\u0131l\u0131\u011f\u0131yla mesaj yay\u0131nlad\u0131. Moralinin yerinde oldu\u011funu belirten \u0130mamo\u011flu &#8220;Biz bu s\u00fcre\u00e7ten g\u00fc\u00e7lenerek \u00e7\u0131kaca\u011f\u0131z&#8221; dedi.\u0130STANBUL (\u0130GFA) &#8211;\u00a0Sabah saatlerinde d\u00fczenlenen operasyonda g\u00f6zalt\u0131nda olan\u00a0Ekrem \u0130mamo\u011flu\u00a0avukat\u0131 Mehmet Pehlivan ile sosyal medya hesab\u0131ndan payla\u015f\u0131m yapt\u0131. &#8220;BIZ BU S\u00dcRE\u00c7TEN G\u00dc\u00c7LENEREK \u00c7IKACA\u011eIZ&#8221; \u0130stanbul B\u00fcy\u00fck\u015fehir Belediye Ba\u015fkan\u0131m\u0131z Ekrem \u0130mamo\u011flu\u2019nu bug\u00fcn saat 11:00\u2019da ziyaret ettim. Ba\u015fkan\u0131m\u0131z\u0131n milletine bir mesaj\u0131 daha var:\u00a0 \u201cMoralim gayet iyi, herkesin de morali iyi olsun, biz bu s\u00fcre\u00e7ten g\u00fc\u00e7lenerek \u00e7\u0131kaca\u011f\u0131z. Hi\u00e7bir \u015fey milletin iradesinden, ferasetinden daha b\u00fcy\u00fck de\u011fildir. Milletin iradesi bir ki\u015fiden b\u00fcy\u00fckt\u00fcr.\u201d https:\/\/twitter.com\/mehmettpehlivan\/status\/1902363196993716235\u00a0 \u200bHaberin Al\u0131nt\u0131land\u0131\u011f\u0131 Kaynak: www.iskenderun.org","og_url":"https:\/\/denizcankizil.tr\/en\/haberler\/gundem\/ekrem-imamoglundan-bir-yeni-mesaj-daha\/","og_site_name":"Av. Deniz Can K\u0131z\u0131l","article_published_time":"2025-03-20T06:41:24+00:00","author":"admin","twitter_card":"summary_large_image","twitter_misc":{"Written by":"admin","Estimated reading time":"1 minute"},"schema":{"@context":"https:\/\/schema.org","@graph":[{"@type":"Article","@id":"https:\/\/denizcankizil.tr\/en\/haberler\/gundem\/ekrem-imamoglundan-bir-yeni-mesaj-daha\/#article","isPartOf":{"@id":"https:\/\/denizcankizil.tr\/en\/haberler\/gundem\/ekrem-imamoglundan-bir-yeni-mesaj-daha\/"},"author":{"name":"admin","@id":"https:\/\/denizcankizil.tr\/#\/schema\/person\/be3c05fe6a12686905512445d8185489"},"headline":"Ekrem \u0130mamo\u011flu&#8217;ndan bir yeni mesaj daha","datePublished":"2025-03-20T06:41:24+00:00","mainEntityOfPage":{"@id":"https:\/\/denizcankizil.tr\/en\/haberler\/gundem\/ekrem-imamoglundan-bir-yeni-mesaj-daha\/"},"wordCount":302,"publisher":{"@id":"https:\/\/denizcankizil.tr\/#organization"},"articleSection":["G\u00fcndem"],"inLanguage":"en-GB"},{"@type":"WebPage","@id":"https:\/\/denizcankizil.tr\/en\/haberler\/gundem\/ekrem-imamoglundan-bir-yeni-mesaj-daha\/","url":"https:\/\/denizcankizil.tr\/en\/haberler\/gundem\/ekrem-imamoglundan-bir-yeni-mesaj-daha\/","name":"Ekrem \u0130mamo\u011flu'ndan bir yeni mesaj daha - Av. Deniz Can K\u0131z\u0131l","isPartOf":{"@id":"https:\/\/denizcankizil.tr\/#website"},"datePublished":"2025-03-20T06:41:24+00:00","breadcrumb":{"@id":"https:\/\/denizcankizil.tr\/en\/haberler\/gundem\/ekrem-imamoglundan-bir-yeni-mesaj-daha\/#breadcrumb"},"inLanguage":"en-GB","potentialAction":[{"@type":"ReadAction","target":["https:\/\/denizcankizil.tr\/en\/haberler\/gundem\/ekrem-imamoglundan-bir-yeni-mesaj-daha\/"]}]},{"@type":"BreadcrumbList","@id":"https:\/\/denizcankizil.tr\/en\/haberler\/gundem\/ekrem-imamoglundan-bir-yeni-mesaj-daha\/#breadcrumb","itemListElement":[{"@type":"ListItem","position":1,"name":"Home","item":"https:\/\/denizcankizil.tr\/uk\/"},{"@type":"ListItem","position":2,"name":"Ekrem \u0130mamo\u011flu&#8217;ndan bir yeni mesaj daha"}]},{"@type":"WebSite","@id":"https:\/\/denizcankizil.tr\/#website","url":"https:\/\/denizcankizil.tr\/","name":"Av. Deniz Can K\u0131z\u0131l","description":"Avukat Deniz Can K\u0131z\u0131l Antalya Barosu","publisher":{"@id":"https:\/\/denizcankizil.tr\/#organization"},"potentialAction":[{"@type":"SearchAction","target":{"@type":"EntryPoint","urlTemplate":"https:\/\/denizcankizil.tr\/?s={search_term_string}"},"query-input":{"@type":"PropertyValueSpecification","valueRequired":true,"valueName":"search_term_string"}}],"inLanguage":"en-GB"},{"@type":"Organization","@id":"https:\/\/denizcankizil.tr\/#organization","name":"Av. Deniz Can K\u0131z\u0131l","url":"https:\/\/denizcankizil.tr\/","logo":{"@type":"ImageObject","inLanguage":"en-GB","@id":"https:\/\/denizcankizil.tr\/#\/schema\/logo\/image\/","url":"https:\/\/denizcankizil.tr\/wp-content\/uploads\/2024\/10\/siyah-logo-svg.svg","contentUrl":"https:\/\/denizcankizil.tr\/wp-content\/uploads\/2024\/10\/siyah-logo-svg.svg","width":1080,"height":1080,"caption":"Av. Deniz Can K\u0131z\u0131l"},"image":{"@id":"https:\/\/denizcankizil.tr\/#\/schema\/logo\/image\/"}},{"@type":"Person","@id":"https:\/\/denizcankizil.tr\/#\/schema\/person\/be3c05fe6a12686905512445d8185489","name":"admin","image":{"@type":"ImageObject","inLanguage":"en-GB","@id":"https:\/\/denizcankizil.tr\/#\/schema\/person\/image\/","url":"https:\/\/secure.gravatar.com\/avatar\/c1fce94c830dc79107e174f890d7210541c4a63e8e5d816341794a2151c9d58c?s=96&d=mm&r=g","contentUrl":"https:\/\/secure.gravatar.com\/avatar\/c1fce94c830dc79107e174f890d7210541c4a63e8e5d816341794a2151c9d58c?s=96&d=mm&r=g","caption":"admin"},"sameAs":["http:\/\/denizcankizil.tr"],"url":"https:\/\/www.iskenderun.org\/ekrem-imamoglundan-bir-yeni-mesaj-daha"}]}},"_links":{"self":[{"href":"https:\/\/denizcankizil.tr\/en\/wp-json\/wp\/v2\/posts\/36349","targetHints":{"allow":["GET"]}}],"collection":[{"href":"https:\/\/denizcankizil.tr\/en\/wp-json\/wp\/v2\/posts"}],"about":[{"href":"https:\/\/denizcankizil.tr\/en\/wp-json\/wp\/v2\/types\/post"}],"author":[{"embeddable":true,"href":"https:\/\/denizcankizil.tr\/en\/wp-json\/wp\/v2\/users\/1"}],"replies":[{"embeddable":true,"href":"https:\/\/denizcankizil.tr\/en\/wp-json\/wp\/v2\/comments?post=36349"}],"version-history":[{"count":0,"href":"https:\/\/denizcankizil.tr\/en\/wp-json\/wp\/v2\/posts\/36349\/revisions"}],"wp:attachment":[{"href":"https:\/\/denizcankizil.tr\/en\/wp-json\/wp\/v2\/media?parent=36349"}],"wp:term":[{"taxonomy":"category","embeddable":true,"href":"https:\/\/denizcankizil.tr\/en\/wp-json\/wp\/v2\/categories?post=36349"},{"taxonomy":"post_tag","embeddable":true,"href":"https:\/\/denizcankizil.tr\/en\/wp-json\/wp\/v2\/tags?post=36349"}],"curies":[{"name":"wp","href":"https:\/\/api.w.org\/{rel}","templated":true}]}}