{"id":36244,"date":"2025-03-18T20:41:25","date_gmt":"2025-03-18T17:41:25","guid":{"rendered":"https:\/\/denizcankizil.tr\/uncategorized-tr\/sakarya-canakkale-sehitlerini-andi\/"},"modified":"2025-03-18T20:41:25","modified_gmt":"2025-03-18T17:41:25","slug":"sakarya-canakkale-sehitlerini-andi","status":"publish","type":"post","link":"https:\/\/denizcankizil.tr\/en\/haberler\/gundem\/sakarya-canakkale-sehitlerini-andi\/","title":{"rendered":"Sakarya \u00c7anakkale \u015fehitlerini and\u0131"},"content":{"rendered":"<p>Sakarya B\u00fcy\u00fck\u015fehir Belediye Ba\u015fkan\u0131 Yusuf Alemdar, 18 Mart \u00c7anakkale Zaferi\u2019nin 110. y\u0131l d\u00f6n\u00fcm\u00fc sebebiyle \u015fehir protokol\u00fcn\u00fcn kat\u0131l\u0131m\u0131yla ger\u00e7ekle\u015ftirilen anma t\u00f6renlerine kat\u0131ld\u0131.SAKARYA (\u0130GFA) &#8211;\u00a0Programlar\u0131n ilk dura\u011f\u0131nda Serdivan \u015eehitli\u011fi ve Yorgalar \u015eehitli\u011fi\u2019nde aziz \u015fehitlerin kabirleri ba\u015f\u0131nda dua edildi.<br \/>\nGEN\u0130\u015e KATILIM<br \/>\nT\u00f6renlere ayr\u0131ca Sakarya Valisi Rahmi Do\u011fan, Sakarya Cumhuriyet Ba\u015fsavc\u0131s\u0131 Hasan U\u011furlu, Sakarya Garnizon Komutan\u0131 Piyade Albay Ramazan Sedat Ba\u015f, Sakarya \u0130l Jandarma Komutan\u0131 Nejdet Karaca, \u0130l Emniyet M\u00fcd\u00fcr\u00fc Sel\u00e7uk Do\u011fu\u015f,SUB\u00dc Rekt\u00f6r\u00fc Prof. Dr. Mehmet Sar\u0131b\u0131y\u0131k, il\u00e7e belediye ba\u015fkanlar\u0131, kaymakamlar, il m\u00fcd\u00fcrleri, STK temsilcileri, \u015fehit ve gazi dernekleri ve \u015fehit yak\u0131nlar\u0131 kat\u0131ld\u0131.<br \/>\nT\u00f6rende Kur\u2019an-\u0131 Kerim tilaveti okunarak, vatan i\u00e7in canlar\u0131n\u0131 feda eden aziz \u015fehitlerimiz dualarla an\u0131ld\u0131.Daha sonra \u015fehit ve gazi derneklerini ziyaret eden Ba\u015fkan Alemdar, \u015fehit yak\u0131nlar\u0131yla bir araya geldi.<br \/>\n\u201cT\u00fcrk Milleti\u2019nin azim ve iradesinin kan\u0131t\u0131d\u0131r\u201d<br \/>\nB\u00fcy\u00fck zaferin y\u0131ld\u00f6n\u00fcm\u00fc m\u00fcnasebetiyle bir mesaj yay\u0131nlayan B\u00fcy\u00fck\u015fehir Belediye Ba\u015fkan\u0131 Yusuf Alemdar, \u201c\u00c7anakkale, yaln\u0131zca bir askeri ba\u015far\u0131 de\u011fil; ayn\u0131 zamanda vatan sevgisi, inan\u00e7 ve kararl\u0131l\u0131\u011f\u0131n destans\u0131 bir ifadesidir. Aziz \u015fehitlerimiz, bir milletin \u00f6zg\u00fcrl\u00fc\u011f\u00fc ve ba\u011f\u0131ms\u0131zl\u0131\u011f\u0131 i\u00e7in canlar\u0131n\u0131 feda etmi\u015f, tarihin ak\u0131\u015f\u0131n\u0131 de\u011fi\u015ftiren b\u00fcy\u00fck bir zaferin temel ta\u015flar\u0131n\u0131 yerle\u015ftirmi\u015flerdir. \u00c7anakkale\u2019de yaz\u0131lan bu destan, T\u00fcrk milletinin azim ve iradesinin en g\u00fc\u00e7l\u00fc kan\u0131t\u0131d\u0131r. \u2018Ge\u00e7ilmez\u2019 olarak an\u0131lan\u00c7anakkale, T\u00fcrk askerinin cesareti ve kararl\u0131l\u0131\u011f\u0131 sayesinde d\u00fc\u015fmana ge\u00e7it vermemi\u015ftir\u201d diye konu\u015ftu.<br \/>\n\u201c\u015eehitlerimize lay\u0131k bir gelecek in\u015fa etmek i\u00e7in\u2026\u201d<br \/>\nAlemdar \u015fu ifadeleri kulland\u0131: \u201cBu zafer, yaln\u0131zca sava\u015f meydan\u0131ndaki bir ba\u015far\u0131 olarak kalmam\u0131\u015f; Kurtulu\u015f Sava\u015f\u0131\u2019n\u0131n ve T\u00fcrkiye Cumhuriyeti\u2019nin kurulmas\u0131na giden yolda, milli ruhun alevlenmesine vesile olmu\u015ftur. Mustafa Kemal Atat\u00fcrk ve silah arkada\u015flar\u0131, imkans\u0131zl\u0131klar i\u00e7erisinde bile inan\u00e7la ve dayan\u0131\u015fma ile neler ba\u015far\u0131labilece\u011fini g\u00f6stermi\u015ftir. Bug\u00fcn, bizlere miras b\u0131rak\u0131lan bu e\u015fsiz vatan\u0131n k\u0131ymetini bilerek, \u015fehitlerimize lay\u0131k bir gelecek in\u015fa etmek durumunday\u0131z.Bu vesileyle aziz \u015fehitlerimizi rahmet ve minnetle an\u0131yorum\u201d dedi.<\/p>\n<p>\u200bSakarya B\u00fcy\u00fck\u015fehir Belediye Ba\u015fkan\u0131 Yusuf Alemdar, 18 Mart \u00c7anakkale Zaferi\u2019nin 110. y\u0131l d\u00f6n\u00fcm\u00fc sebebiyle \u015fehir protokol\u00fcn\u00fcn kat\u0131l\u0131m\u0131yla ger\u00e7ekle\u015ftirilen anma t\u00f6renlerine kat\u0131ld\u0131.SAKARYA (\u0130GFA) &#8211;\u00a0Programlar\u0131n ilk dura\u011f\u0131nda Serdivan \u015eehitli\u011fi ve Yorgalar \u015eehitli\u011fi\u2019nde aziz \u015fehitlerin kabirleri ba\u015f\u0131nda dua edildi.<br \/>\nGEN\u0130\u015e KATILIM<br \/>\nT\u00f6renlere ayr\u0131ca Sakarya Valisi Rahmi Do\u011fan, Sakarya Cumhuriyet Ba\u015fsavc\u0131s\u0131 Hasan U\u011furlu, Sakarya Garnizon Komutan\u0131 Piyade Albay Ramazan Sedat Ba\u015f, Sakarya \u0130l Jandarma Komutan\u0131 Nejdet Karaca, \u0130l Emniyet M\u00fcd\u00fcr\u00fc Sel\u00e7uk Do\u011fu\u015f,SUB\u00dc Rekt\u00f6r\u00fc Prof. Dr. Mehmet Sar\u0131b\u0131y\u0131k, il\u00e7e belediye ba\u015fkanlar\u0131, kaymakamlar, il m\u00fcd\u00fcrleri, STK temsilcileri, \u015fehit ve gazi dernekleri ve \u015fehit yak\u0131nlar\u0131 kat\u0131ld\u0131.<br \/>\nT\u00f6rende Kur\u2019an-\u0131 Kerim tilaveti okunarak, vatan i\u00e7in canlar\u0131n\u0131 feda eden aziz \u015fehitlerimiz dualarla an\u0131ld\u0131.Daha sonra \u015fehit ve gazi derneklerini ziyaret eden Ba\u015fkan Alemdar, \u015fehit yak\u0131nlar\u0131yla bir araya geldi.<br \/>\n\u201cT\u00fcrk Milleti\u2019nin azim ve iradesinin kan\u0131t\u0131d\u0131r\u201d<br \/>\nB\u00fcy\u00fck zaferin y\u0131ld\u00f6n\u00fcm\u00fc m\u00fcnasebetiyle bir mesaj yay\u0131nlayan B\u00fcy\u00fck\u015fehir Belediye Ba\u015fkan\u0131 Yusuf Alemdar, \u201c\u00c7anakkale, yaln\u0131zca bir askeri ba\u015far\u0131 de\u011fil; ayn\u0131 zamanda vatan sevgisi, inan\u00e7 ve kararl\u0131l\u0131\u011f\u0131n destans\u0131 bir ifadesidir. Aziz \u015fehitlerimiz, bir milletin \u00f6zg\u00fcrl\u00fc\u011f\u00fc ve ba\u011f\u0131ms\u0131zl\u0131\u011f\u0131 i\u00e7in canlar\u0131n\u0131 feda etmi\u015f, tarihin ak\u0131\u015f\u0131n\u0131 de\u011fi\u015ftiren b\u00fcy\u00fck bir zaferin temel ta\u015flar\u0131n\u0131 yerle\u015ftirmi\u015flerdir. \u00c7anakkale\u2019de yaz\u0131lan bu destan, T\u00fcrk milletinin azim ve iradesinin en g\u00fc\u00e7l\u00fc kan\u0131t\u0131d\u0131r. \u2018Ge\u00e7ilmez\u2019 olarak an\u0131lan\u00c7anakkale, T\u00fcrk askerinin cesareti ve kararl\u0131l\u0131\u011f\u0131 sayesinde d\u00fc\u015fmana ge\u00e7it vermemi\u015ftir\u201d diye konu\u015ftu.<br \/>\n\u201c\u015eehitlerimize lay\u0131k bir gelecek in\u015fa etmek i\u00e7in\u2026\u201d<br \/>\nAlemdar \u015fu ifadeleri kulland\u0131: \u201cBu zafer, yaln\u0131zca sava\u015f meydan\u0131ndaki bir ba\u015far\u0131 olarak kalmam\u0131\u015f; Kurtulu\u015f Sava\u015f\u0131\u2019n\u0131n ve T\u00fcrkiye Cumhuriyeti\u2019nin kurulmas\u0131na giden yolda, milli ruhun alevlenmesine vesile olmu\u015ftur. Mustafa Kemal Atat\u00fcrk ve silah arkada\u015flar\u0131, imkans\u0131zl\u0131klar i\u00e7erisinde bile inan\u00e7la ve dayan\u0131\u015fma ile neler ba\u015far\u0131labilece\u011fini g\u00f6stermi\u015ftir. Bug\u00fcn, bizlere miras b\u0131rak\u0131lan bu e\u015fsiz vatan\u0131n k\u0131ymetini bilerek, \u015fehitlerimize lay\u0131k bir gelecek in\u015fa etmek durumunday\u0131z.Bu vesileyle aziz \u015fehitlerimizi rahmet ve minnetle an\u0131yorum\u201d dedi.\u00a0<\/p>\n<p>\u200bHaberin Al\u0131nt\u0131land\u0131\u011f\u0131 Kaynak: www.iskenderun.org<\/p>","protected":false},"excerpt":{"rendered":"<p>Sakarya B\u00fcy\u00fck\u015fehir Belediye Ba\u015fkan\u0131 Yusuf Alemdar, 18 Mart \u00c7anakkale Zaferi\u2019nin 110. y\u0131l d\u00f6n\u00fcm\u00fc sebebiyle \u015fehir protokol\u00fcn\u00fcn kat\u0131l\u0131m\u0131yla ger\u00e7ekle\u015ftirilen anma t\u00f6renlerine kat\u0131ld\u0131.SAKARYA (\u0130GFA) &#8211;\u00a0Programlar\u0131n ilk dura\u011f\u0131nda Serdivan \u015eehitli\u011fi ve Yorgalar \u015eehitli\u011fi\u2019nde aziz \u015fehitlerin kabirleri ba\u015f\u0131nda dua edildi. GEN\u0130\u015e KATILIM T\u00f6renlere ayr\u0131ca Sakarya Valisi Rahmi Do\u011fan, Sakarya Cumhuriyet Ba\u015fsavc\u0131s\u0131 Hasan U\u011furlu, Sakarya Garnizon Komutan\u0131 Piyade Albay Ramazan Sedat Ba\u015f, Sakarya \u0130l Jandarma Komutan\u0131 Nejdet Karaca, \u0130l Emniyet M\u00fcd\u00fcr\u00fc Sel\u00e7uk Do\u011fu\u015f,SUB\u00dc Rekt\u00f6r\u00fc Prof. Dr. Mehmet Sar\u0131b\u0131y\u0131k, il\u00e7e belediye ba\u015fkanlar\u0131, kaymakamlar, il m\u00fcd\u00fcrleri, STK temsilcileri, \u015fehit ve gazi dernekleri ve \u015fehit yak\u0131nlar\u0131 kat\u0131ld\u0131. T\u00f6rende Kur\u2019an-\u0131 Kerim tilaveti okunarak, vatan i\u00e7in canlar\u0131n\u0131 feda eden aziz \u015fehitlerimiz dualarla an\u0131ld\u0131.Daha sonra \u015fehit ve gazi derneklerini ziyaret eden Ba\u015fkan Alemdar, \u015fehit yak\u0131nlar\u0131yla bir araya geldi. \u201cT\u00fcrk Milleti\u2019nin azim ve iradesinin kan\u0131t\u0131d\u0131r\u201d B\u00fcy\u00fck zaferin y\u0131ld\u00f6n\u00fcm\u00fc m\u00fcnasebetiyle bir mesaj yay\u0131nlayan B\u00fcy\u00fck\u015fehir Belediye Ba\u015fkan\u0131 Yusuf Alemdar, \u201c\u00c7anakkale, yaln\u0131zca bir askeri ba\u015far\u0131 de\u011fil; ayn\u0131 zamanda vatan sevgisi, inan\u00e7 ve kararl\u0131l\u0131\u011f\u0131n destans\u0131 bir ifadesidir. Aziz \u015fehitlerimiz, bir milletin \u00f6zg\u00fcrl\u00fc\u011f\u00fc ve ba\u011f\u0131ms\u0131zl\u0131\u011f\u0131 i\u00e7in canlar\u0131n\u0131 feda etmi\u015f, tarihin ak\u0131\u015f\u0131n\u0131 de\u011fi\u015ftiren b\u00fcy\u00fck bir zaferin temel ta\u015flar\u0131n\u0131 yerle\u015ftirmi\u015flerdir. \u00c7anakkale\u2019de yaz\u0131lan bu destan, T\u00fcrk milletinin azim ve iradesinin en g\u00fc\u00e7l\u00fc kan\u0131t\u0131d\u0131r. \u2018Ge\u00e7ilmez\u2019 olarak an\u0131lan\u00c7anakkale, T\u00fcrk askerinin cesareti ve kararl\u0131l\u0131\u011f\u0131 sayesinde d\u00fc\u015fmana ge\u00e7it vermemi\u015ftir\u201d diye konu\u015ftu. \u201c\u015eehitlerimize lay\u0131k bir &hellip;<\/p>","protected":false},"author":1,"featured_media":0,"comment_status":"","ping_status":"open","sticky":false,"template":"","format":"standard","meta":{"_acf_changed":false,"footnotes":""},"categories":[24],"tags":[],"class_list":["post-36244","post","type-post","status-publish","format-standard","has-post-thumbnail","hentry","category-gundem"],"acf":[],"yoast_head":"<!-- This site is optimized with the Yoast SEO Premium plugin v26.6 (Yoast SEO v27.1.1) - https:\/\/yoast.com\/product\/yoast-seo-premium-wordpress\/ -->\n<title>Sakarya \u00c7anakkale \u015fehitlerini and\u0131 - Av. Deniz Can K\u0131z\u0131l<\/title>\n<meta name=\"robots\" content=\"index, follow, max-snippet:-1, max-image-preview:large, max-video-preview:-1\" \/>\n<link rel=\"canonical\" href=\"https:\/\/denizcankizil.tr\/en\/haberler\/gundem\/sakarya-canakkale-sehitlerini-andi\/\" \/>\n<meta property=\"og:locale\" content=\"en_GB\" \/>\n<meta property=\"og:type\" content=\"article\" \/>\n<meta property=\"og:title\" content=\"Sakarya \u00c7anakkale \u015fehitlerini and\u0131\" \/>\n<meta property=\"og:description\" content=\"Sakarya B\u00fcy\u00fck\u015fehir Belediye Ba\u015fkan\u0131 Yusuf Alemdar, 18 Mart \u00c7anakkale Zaferi\u2019nin 110. y\u0131l d\u00f6n\u00fcm\u00fc sebebiyle \u015fehir protokol\u00fcn\u00fcn kat\u0131l\u0131m\u0131yla ger\u00e7ekle\u015ftirilen anma t\u00f6renlerine kat\u0131ld\u0131.SAKARYA (\u0130GFA) &#8211;\u00a0Programlar\u0131n ilk dura\u011f\u0131nda Serdivan \u015eehitli\u011fi ve Yorgalar \u015eehitli\u011fi\u2019nde aziz \u015fehitlerin kabirleri ba\u015f\u0131nda dua edildi. GEN\u0130\u015e KATILIM T\u00f6renlere ayr\u0131ca Sakarya Valisi Rahmi Do\u011fan, Sakarya Cumhuriyet Ba\u015fsavc\u0131s\u0131 Hasan U\u011furlu, Sakarya Garnizon Komutan\u0131 Piyade Albay Ramazan Sedat Ba\u015f, Sakarya \u0130l Jandarma Komutan\u0131 Nejdet Karaca, \u0130l Emniyet M\u00fcd\u00fcr\u00fc Sel\u00e7uk Do\u011fu\u015f,SUB\u00dc Rekt\u00f6r\u00fc Prof. Dr. Mehmet Sar\u0131b\u0131y\u0131k, il\u00e7e belediye ba\u015fkanlar\u0131, kaymakamlar, il m\u00fcd\u00fcrleri, STK temsilcileri, \u015fehit ve gazi dernekleri ve \u015fehit yak\u0131nlar\u0131 kat\u0131ld\u0131. T\u00f6rende Kur\u2019an-\u0131 Kerim tilaveti okunarak, vatan i\u00e7in canlar\u0131n\u0131 feda eden aziz \u015fehitlerimiz dualarla an\u0131ld\u0131.Daha sonra \u015fehit ve gazi derneklerini ziyaret eden Ba\u015fkan Alemdar, \u015fehit yak\u0131nlar\u0131yla bir araya geldi. \u201cT\u00fcrk Milleti\u2019nin azim ve iradesinin kan\u0131t\u0131d\u0131r\u201d B\u00fcy\u00fck zaferin y\u0131ld\u00f6n\u00fcm\u00fc m\u00fcnasebetiyle bir mesaj yay\u0131nlayan B\u00fcy\u00fck\u015fehir Belediye Ba\u015fkan\u0131 Yusuf Alemdar, \u201c\u00c7anakkale, yaln\u0131zca bir askeri ba\u015far\u0131 de\u011fil; ayn\u0131 zamanda vatan sevgisi, inan\u00e7 ve kararl\u0131l\u0131\u011f\u0131n destans\u0131 bir ifadesidir. Aziz \u015fehitlerimiz, bir milletin \u00f6zg\u00fcrl\u00fc\u011f\u00fc ve ba\u011f\u0131ms\u0131zl\u0131\u011f\u0131 i\u00e7in canlar\u0131n\u0131 feda etmi\u015f, tarihin ak\u0131\u015f\u0131n\u0131 de\u011fi\u015ftiren b\u00fcy\u00fck bir zaferin temel ta\u015flar\u0131n\u0131 yerle\u015ftirmi\u015flerdir. \u00c7anakkale\u2019de yaz\u0131lan bu destan, T\u00fcrk milletinin azim ve iradesinin en g\u00fc\u00e7l\u00fc kan\u0131t\u0131d\u0131r. \u2018Ge\u00e7ilmez\u2019 olarak an\u0131lan\u00c7anakkale, T\u00fcrk askerinin cesareti ve kararl\u0131l\u0131\u011f\u0131 sayesinde d\u00fc\u015fmana ge\u00e7it vermemi\u015ftir\u201d diye konu\u015ftu. \u201c\u015eehitlerimize lay\u0131k bir &hellip;\" \/>\n<meta property=\"og:url\" content=\"https:\/\/denizcankizil.tr\/en\/haberler\/gundem\/sakarya-canakkale-sehitlerini-andi\/\" \/>\n<meta property=\"og:site_name\" content=\"Av. Deniz Can K\u0131z\u0131l\" \/>\n<meta property=\"article:published_time\" content=\"2025-03-18T17:41:25+00:00\" \/>\n<meta name=\"author\" content=\"admin\" \/>\n<meta name=\"twitter:card\" content=\"summary_large_image\" \/>\n<meta name=\"twitter:label1\" content=\"Written by\" \/>\n\t<meta name=\"twitter:data1\" content=\"admin\" \/>\n\t<meta name=\"twitter:label2\" content=\"Estimated reading time\" \/>\n\t<meta name=\"twitter:data2\" content=\"4 minutes\" \/>\n<script type=\"application\/ld+json\" class=\"yoast-schema-graph\">{\"@context\":\"https:\/\/schema.org\",\"@graph\":[{\"@type\":\"Article\",\"@id\":\"https:\/\/denizcankizil.tr\/en\/haberler\/gundem\/sakarya-canakkale-sehitlerini-andi\/#article\",\"isPartOf\":{\"@id\":\"https:\/\/denizcankizil.tr\/en\/haberler\/gundem\/sakarya-canakkale-sehitlerini-andi\/\"},\"author\":{\"name\":\"admin\",\"@id\":\"https:\/\/denizcankizil.tr\/de\/#\/schema\/person\/be3c05fe6a12686905512445d8185489\"},\"headline\":\"Sakarya \u00c7anakkale \u015fehitlerini and\u0131\",\"datePublished\":\"2025-03-18T17:41:25+00:00\",\"mainEntityOfPage\":{\"@id\":\"https:\/\/denizcankizil.tr\/en\/haberler\/gundem\/sakarya-canakkale-sehitlerini-andi\/\"},\"wordCount\":830,\"publisher\":{\"@id\":\"https:\/\/denizcankizil.tr\/de\/#organization\"},\"articleSection\":[\"G\u00fcndem\"],\"inLanguage\":\"en-GB\"},{\"@type\":\"WebPage\",\"@id\":\"https:\/\/denizcankizil.tr\/en\/haberler\/gundem\/sakarya-canakkale-sehitlerini-andi\/\",\"url\":\"https:\/\/denizcankizil.tr\/en\/haberler\/gundem\/sakarya-canakkale-sehitlerini-andi\/\",\"name\":\"Sakarya \u00c7anakkale \u015fehitlerini and\u0131 - Av. Deniz Can K\u0131z\u0131l\",\"isPartOf\":{\"@id\":\"https:\/\/denizcankizil.tr\/de\/#website\"},\"datePublished\":\"2025-03-18T17:41:25+00:00\",\"breadcrumb\":{\"@id\":\"https:\/\/denizcankizil.tr\/en\/haberler\/gundem\/sakarya-canakkale-sehitlerini-andi\/#breadcrumb\"},\"inLanguage\":\"en-GB\",\"potentialAction\":[{\"@type\":\"ReadAction\",\"target\":[\"https:\/\/denizcankizil.tr\/en\/haberler\/gundem\/sakarya-canakkale-sehitlerini-andi\/\"]}]},{\"@type\":\"BreadcrumbList\",\"@id\":\"https:\/\/denizcankizil.tr\/en\/haberler\/gundem\/sakarya-canakkale-sehitlerini-andi\/#breadcrumb\",\"itemListElement\":[{\"@type\":\"ListItem\",\"position\":1,\"name\":\"Home\",\"item\":\"https:\/\/denizcankizil.tr\/de\/\"},{\"@type\":\"ListItem\",\"position\":2,\"name\":\"Sakarya \u00c7anakkale \u015fehitlerini and\u0131\"}]},{\"@type\":\"WebSite\",\"@id\":\"https:\/\/denizcankizil.tr\/de\/#website\",\"url\":\"https:\/\/denizcankizil.tr\/de\/\",\"name\":\"Av. Deniz Can K\u0131z\u0131l\",\"description\":\"Avukat Deniz Can K\u0131z\u0131l Antalya Barosu\",\"publisher\":{\"@id\":\"https:\/\/denizcankizil.tr\/de\/#organization\"},\"potentialAction\":[{\"@type\":\"SearchAction\",\"target\":{\"@type\":\"EntryPoint\",\"urlTemplate\":\"https:\/\/denizcankizil.tr\/de\/?s={search_term_string}\"},\"query-input\":{\"@type\":\"PropertyValueSpecification\",\"valueRequired\":true,\"valueName\":\"search_term_string\"}}],\"inLanguage\":\"en-GB\"},{\"@type\":\"Organization\",\"@id\":\"https:\/\/denizcankizil.tr\/de\/#organization\",\"name\":\"Av. Deniz Can K\u0131z\u0131l\",\"url\":\"https:\/\/denizcankizil.tr\/de\/\",\"logo\":{\"@type\":\"ImageObject\",\"inLanguage\":\"en-GB\",\"@id\":\"https:\/\/denizcankizil.tr\/de\/#\/schema\/logo\/image\/\",\"url\":\"https:\/\/denizcankizil.tr\/wp-content\/uploads\/2024\/10\/siyah-logo-svg.svg\",\"contentUrl\":\"https:\/\/denizcankizil.tr\/wp-content\/uploads\/2024\/10\/siyah-logo-svg.svg\",\"width\":1080,\"height\":1080,\"caption\":\"Av. Deniz Can K\u0131z\u0131l\"},\"image\":{\"@id\":\"https:\/\/denizcankizil.tr\/de\/#\/schema\/logo\/image\/\"}},{\"@type\":\"Person\",\"@id\":\"https:\/\/denizcankizil.tr\/de\/#\/schema\/person\/be3c05fe6a12686905512445d8185489\",\"name\":\"admin\",\"image\":{\"@type\":\"ImageObject\",\"inLanguage\":\"en-GB\",\"@id\":\"https:\/\/denizcankizil.tr\/de\/#\/schema\/person\/image\/\",\"url\":\"https:\/\/secure.gravatar.com\/avatar\/c1fce94c830dc79107e174f890d7210541c4a63e8e5d816341794a2151c9d58c?s=96&d=mm&r=g\",\"contentUrl\":\"https:\/\/secure.gravatar.com\/avatar\/c1fce94c830dc79107e174f890d7210541c4a63e8e5d816341794a2151c9d58c?s=96&d=mm&r=g\",\"caption\":\"admin\"},\"sameAs\":[\"http:\/\/denizcankizil.tr\"],\"url\":\"https:\/\/www.iskenderun.org\/sakarya-canakkale-sehitlerini-andi\"}]}<\/script>\n<!-- \/ Yoast SEO Premium plugin. -->","yoast_head_json":{"title":"Sakarya \u00c7anakkale \u015fehitlerini and\u0131 - Av. Deniz Can K\u0131z\u0131l","robots":{"index":"index","follow":"follow","max-snippet":"max-snippet:-1","max-image-preview":"max-image-preview:large","max-video-preview":"max-video-preview:-1"},"canonical":"https:\/\/denizcankizil.tr\/en\/haberler\/gundem\/sakarya-canakkale-sehitlerini-andi\/","og_locale":"en_GB","og_type":"article","og_title":"Sakarya \u00c7anakkale \u015fehitlerini and\u0131","og_description":"Sakarya B\u00fcy\u00fck\u015fehir Belediye Ba\u015fkan\u0131 Yusuf Alemdar, 18 Mart \u00c7anakkale Zaferi\u2019nin 110. y\u0131l d\u00f6n\u00fcm\u00fc sebebiyle \u015fehir protokol\u00fcn\u00fcn kat\u0131l\u0131m\u0131yla ger\u00e7ekle\u015ftirilen anma t\u00f6renlerine kat\u0131ld\u0131.SAKARYA (\u0130GFA) &#8211;\u00a0Programlar\u0131n ilk dura\u011f\u0131nda Serdivan \u015eehitli\u011fi ve Yorgalar \u015eehitli\u011fi\u2019nde aziz \u015fehitlerin kabirleri ba\u015f\u0131nda dua edildi. GEN\u0130\u015e KATILIM T\u00f6renlere ayr\u0131ca Sakarya Valisi Rahmi Do\u011fan, Sakarya Cumhuriyet Ba\u015fsavc\u0131s\u0131 Hasan U\u011furlu, Sakarya Garnizon Komutan\u0131 Piyade Albay Ramazan Sedat Ba\u015f, Sakarya \u0130l Jandarma Komutan\u0131 Nejdet Karaca, \u0130l Emniyet M\u00fcd\u00fcr\u00fc Sel\u00e7uk Do\u011fu\u015f,SUB\u00dc Rekt\u00f6r\u00fc Prof. Dr. Mehmet Sar\u0131b\u0131y\u0131k, il\u00e7e belediye ba\u015fkanlar\u0131, kaymakamlar, il m\u00fcd\u00fcrleri, STK temsilcileri, \u015fehit ve gazi dernekleri ve \u015fehit yak\u0131nlar\u0131 kat\u0131ld\u0131. T\u00f6rende Kur\u2019an-\u0131 Kerim tilaveti okunarak, vatan i\u00e7in canlar\u0131n\u0131 feda eden aziz \u015fehitlerimiz dualarla an\u0131ld\u0131.Daha sonra \u015fehit ve gazi derneklerini ziyaret eden Ba\u015fkan Alemdar, \u015fehit yak\u0131nlar\u0131yla bir araya geldi. \u201cT\u00fcrk Milleti\u2019nin azim ve iradesinin kan\u0131t\u0131d\u0131r\u201d B\u00fcy\u00fck zaferin y\u0131ld\u00f6n\u00fcm\u00fc m\u00fcnasebetiyle bir mesaj yay\u0131nlayan B\u00fcy\u00fck\u015fehir Belediye Ba\u015fkan\u0131 Yusuf Alemdar, \u201c\u00c7anakkale, yaln\u0131zca bir askeri ba\u015far\u0131 de\u011fil; ayn\u0131 zamanda vatan sevgisi, inan\u00e7 ve kararl\u0131l\u0131\u011f\u0131n destans\u0131 bir ifadesidir. Aziz \u015fehitlerimiz, bir milletin \u00f6zg\u00fcrl\u00fc\u011f\u00fc ve ba\u011f\u0131ms\u0131zl\u0131\u011f\u0131 i\u00e7in canlar\u0131n\u0131 feda etmi\u015f, tarihin ak\u0131\u015f\u0131n\u0131 de\u011fi\u015ftiren b\u00fcy\u00fck bir zaferin temel ta\u015flar\u0131n\u0131 yerle\u015ftirmi\u015flerdir. \u00c7anakkale\u2019de yaz\u0131lan bu destan, T\u00fcrk milletinin azim ve iradesinin en g\u00fc\u00e7l\u00fc kan\u0131t\u0131d\u0131r. \u2018Ge\u00e7ilmez\u2019 olarak an\u0131lan\u00c7anakkale, T\u00fcrk askerinin cesareti ve kararl\u0131l\u0131\u011f\u0131 sayesinde d\u00fc\u015fmana ge\u00e7it vermemi\u015ftir\u201d diye konu\u015ftu. \u201c\u015eehitlerimize lay\u0131k bir &hellip;","og_url":"https:\/\/denizcankizil.tr\/en\/haberler\/gundem\/sakarya-canakkale-sehitlerini-andi\/","og_site_name":"Av. Deniz Can K\u0131z\u0131l","article_published_time":"2025-03-18T17:41:25+00:00","author":"admin","twitter_card":"summary_large_image","twitter_misc":{"Written by":"admin","Estimated reading time":"4 minutes"},"schema":{"@context":"https:\/\/schema.org","@graph":[{"@type":"Article","@id":"https:\/\/denizcankizil.tr\/en\/haberler\/gundem\/sakarya-canakkale-sehitlerini-andi\/#article","isPartOf":{"@id":"https:\/\/denizcankizil.tr\/en\/haberler\/gundem\/sakarya-canakkale-sehitlerini-andi\/"},"author":{"name":"admin","@id":"https:\/\/denizcankizil.tr\/de\/#\/schema\/person\/be3c05fe6a12686905512445d8185489"},"headline":"Sakarya \u00c7anakkale \u015fehitlerini and\u0131","datePublished":"2025-03-18T17:41:25+00:00","mainEntityOfPage":{"@id":"https:\/\/denizcankizil.tr\/en\/haberler\/gundem\/sakarya-canakkale-sehitlerini-andi\/"},"wordCount":830,"publisher":{"@id":"https:\/\/denizcankizil.tr\/de\/#organization"},"articleSection":["G\u00fcndem"],"inLanguage":"en-GB"},{"@type":"WebPage","@id":"https:\/\/denizcankizil.tr\/en\/haberler\/gundem\/sakarya-canakkale-sehitlerini-andi\/","url":"https:\/\/denizcankizil.tr\/en\/haberler\/gundem\/sakarya-canakkale-sehitlerini-andi\/","name":"Sakarya \u00c7anakkale \u015fehitlerini and\u0131 - Av. Deniz Can K\u0131z\u0131l","isPartOf":{"@id":"https:\/\/denizcankizil.tr\/de\/#website"},"datePublished":"2025-03-18T17:41:25+00:00","breadcrumb":{"@id":"https:\/\/denizcankizil.tr\/en\/haberler\/gundem\/sakarya-canakkale-sehitlerini-andi\/#breadcrumb"},"inLanguage":"en-GB","potentialAction":[{"@type":"ReadAction","target":["https:\/\/denizcankizil.tr\/en\/haberler\/gundem\/sakarya-canakkale-sehitlerini-andi\/"]}]},{"@type":"BreadcrumbList","@id":"https:\/\/denizcankizil.tr\/en\/haberler\/gundem\/sakarya-canakkale-sehitlerini-andi\/#breadcrumb","itemListElement":[{"@type":"ListItem","position":1,"name":"Home","item":"https:\/\/denizcankizil.tr\/de\/"},{"@type":"ListItem","position":2,"name":"Sakarya \u00c7anakkale \u015fehitlerini and\u0131"}]},{"@type":"WebSite","@id":"https:\/\/denizcankizil.tr\/de\/#website","url":"https:\/\/denizcankizil.tr\/de\/","name":"Av. Deniz Can K\u0131z\u0131l","description":"Avukat Deniz Can K\u0131z\u0131l Antalya Barosu","publisher":{"@id":"https:\/\/denizcankizil.tr\/de\/#organization"},"potentialAction":[{"@type":"SearchAction","target":{"@type":"EntryPoint","urlTemplate":"https:\/\/denizcankizil.tr\/de\/?s={search_term_string}"},"query-input":{"@type":"PropertyValueSpecification","valueRequired":true,"valueName":"search_term_string"}}],"inLanguage":"en-GB"},{"@type":"Organization","@id":"https:\/\/denizcankizil.tr\/de\/#organization","name":"Av. Deniz Can K\u0131z\u0131l","url":"https:\/\/denizcankizil.tr\/de\/","logo":{"@type":"ImageObject","inLanguage":"en-GB","@id":"https:\/\/denizcankizil.tr\/de\/#\/schema\/logo\/image\/","url":"https:\/\/denizcankizil.tr\/wp-content\/uploads\/2024\/10\/siyah-logo-svg.svg","contentUrl":"https:\/\/denizcankizil.tr\/wp-content\/uploads\/2024\/10\/siyah-logo-svg.svg","width":1080,"height":1080,"caption":"Av. Deniz Can K\u0131z\u0131l"},"image":{"@id":"https:\/\/denizcankizil.tr\/de\/#\/schema\/logo\/image\/"}},{"@type":"Person","@id":"https:\/\/denizcankizil.tr\/de\/#\/schema\/person\/be3c05fe6a12686905512445d8185489","name":"admin","image":{"@type":"ImageObject","inLanguage":"en-GB","@id":"https:\/\/denizcankizil.tr\/de\/#\/schema\/person\/image\/","url":"https:\/\/secure.gravatar.com\/avatar\/c1fce94c830dc79107e174f890d7210541c4a63e8e5d816341794a2151c9d58c?s=96&d=mm&r=g","contentUrl":"https:\/\/secure.gravatar.com\/avatar\/c1fce94c830dc79107e174f890d7210541c4a63e8e5d816341794a2151c9d58c?s=96&d=mm&r=g","caption":"admin"},"sameAs":["http:\/\/denizcankizil.tr"],"url":"https:\/\/www.iskenderun.org\/sakarya-canakkale-sehitlerini-andi"}]}},"_links":{"self":[{"href":"https:\/\/denizcankizil.tr\/en\/wp-json\/wp\/v2\/posts\/36244","targetHints":{"allow":["GET"]}}],"collection":[{"href":"https:\/\/denizcankizil.tr\/en\/wp-json\/wp\/v2\/posts"}],"about":[{"href":"https:\/\/denizcankizil.tr\/en\/wp-json\/wp\/v2\/types\/post"}],"author":[{"embeddable":true,"href":"https:\/\/denizcankizil.tr\/en\/wp-json\/wp\/v2\/users\/1"}],"replies":[{"embeddable":true,"href":"https:\/\/denizcankizil.tr\/en\/wp-json\/wp\/v2\/comments?post=36244"}],"version-history":[{"count":0,"href":"https:\/\/denizcankizil.tr\/en\/wp-json\/wp\/v2\/posts\/36244\/revisions"}],"wp:attachment":[{"href":"https:\/\/denizcankizil.tr\/en\/wp-json\/wp\/v2\/media?parent=36244"}],"wp:term":[{"taxonomy":"category","embeddable":true,"href":"https:\/\/denizcankizil.tr\/en\/wp-json\/wp\/v2\/categories?post=36244"},{"taxonomy":"post_tag","embeddable":true,"href":"https:\/\/denizcankizil.tr\/en\/wp-json\/wp\/v2\/tags?post=36244"}],"curies":[{"name":"wp","href":"https:\/\/api.w.org\/{rel}","templated":true}]}}