{"id":36201,"date":"2025-03-18T15:41:15","date_gmt":"2025-03-18T12:41:15","guid":{"rendered":"https:\/\/denizcankizil.tr\/uncategorized-tr\/serikte-canakkale-zaferi-kutlandi\/"},"modified":"2025-03-18T15:41:15","modified_gmt":"2025-03-18T12:41:15","slug":"serikte-canakkale-zaferi-kutlandi","status":"publish","type":"post","link":"https:\/\/denizcankizil.tr\/en\/haberler\/antalya\/serikte-canakkale-zaferi-kutlandi\/","title":{"rendered":"Serik&#8217;te \u00c7anakkale Zaferi kutland\u0131"},"content":{"rendered":"<p>Serik&#8217;teki ilk t\u00f6ren Cumhuriyet Meydan\u0131&#8217;nda Atat\u00fcrk An\u0131t\u0131&#8217;na \u00e7elenk sunulmas\u0131 ile ba\u015flad\u0131. Buradaki t\u00f6rene Kaymakam Cemal \u015eahin, Belediye Ba\u015fkan\u0131 Kadir Kumbul, gaziler, \u015fehit aileleri, daire m\u00fcd\u00fcrleri, siyasi parti temsilcileri, sivil toplum kurulu\u015flar\u0131n\u0131n temsilcileri ve vatanda\u015flar kat\u0131ld\u0131. T\u00f6rene Serik K\u0131z Anadolu \u0130mam Hatip Lisesi&#8217;nin haz\u0131rlad\u0131\u011f\u0131 programla devam edildi. Okulun konferans salonundaki programda protokol \u00fcyeleri, \u00f6\u011fretmenler, \u00f6\u011frenciler ve veliler yer ald\u0131.<\/p>\n<p>T\u00fcrk dili ve edebiyat\u0131 \u00f6\u011fretmeni Ertan Alp&#8217;\u0131n g\u00fcn\u00fcn anlam ve \u00f6nemine ili\u015fkin konu\u015fmas\u0131n\u0131n sonras\u0131nda &#8216;Bir Milletin Hik\u00e2yesi: Hilal&#8217; adl\u0131 tiyatro oyunu sahnelendi. Program\u0131n sonunda ilkokul, ortaokul ve lise \u00f6\u011frencilerine y\u00f6nelik d\u00fczenlenen &#8216;\u00c7anakkale Zaferi ve \u015eehitlerimiz&#8217; konulu resim, \u015fiir ve kompozisyon yar\u0131\u015fmalar\u0131nda dereceye giren \u00f6\u011frencilere \u00f6d\u00fclleri verildi.<\/p>\n<p>18 Mart \u015eehitleri Anma G\u00fcn\u00fc ve \u00c7anakkale Zaferi&#8217;nin 110. Y\u0131l D\u00f6n\u00fcm\u00fc programlar\u0131 sonras\u0131nda Kaymakam Cemal \u015eahin beraberinde, cumhuriyet ba\u015fsavc\u0131s\u0131, jandarma komutan\u0131, emniyet m\u00fcd\u00fcr\u00fc ve il\u00e7e m\u00fcft\u00fcs\u00fc ile birlikte \u015eehit Jandarma Er Aytekin G\u00f6kku\u015f&#8217;un kabrini ziyaret etti.<\/p>\n<p>Kaynak: www.kanalv.com.tr Haber Sitesinden Al\u0131nm\u0131\u015ft\u0131r.<\/p>","protected":false},"excerpt":{"rendered":"<p>Serik&#8217;teki ilk t\u00f6ren Cumhuriyet Meydan\u0131&#8217;nda Atat\u00fcrk An\u0131t\u0131&#8217;na \u00e7elenk sunulmas\u0131 ile ba\u015flad\u0131. Buradaki t\u00f6rene Kaymakam Cemal \u015eahin, Belediye Ba\u015fkan\u0131 Kadir Kumbul, gaziler, \u015fehit aileleri, daire m\u00fcd\u00fcrleri, siyasi parti temsilcileri, sivil toplum kurulu\u015flar\u0131n\u0131n temsilcileri ve vatanda\u015flar kat\u0131ld\u0131. T\u00f6rene Serik K\u0131z Anadolu \u0130mam Hatip Lisesi&#8217;nin haz\u0131rlad\u0131\u011f\u0131 programla devam edildi. Okulun konferans salonundaki programda protokol \u00fcyeleri, \u00f6\u011fretmenler, \u00f6\u011frenciler ve veliler yer ald\u0131. T\u00fcrk dili ve edebiyat\u0131 \u00f6\u011fretmeni Ertan Alp&#8217;\u0131n g\u00fcn\u00fcn anlam ve \u00f6nemine ili\u015fkin konu\u015fmas\u0131n\u0131n sonras\u0131nda &#8216;Bir Milletin Hik\u00e2yesi: Hilal&#8217; adl\u0131 tiyatro oyunu sahnelendi. Program\u0131n sonunda ilkokul, ortaokul ve lise \u00f6\u011frencilerine y\u00f6nelik d\u00fczenlenen &#8216;\u00c7anakkale Zaferi ve \u015eehitlerimiz&#8217; konulu resim, \u015fiir ve kompozisyon yar\u0131\u015fmalar\u0131nda dereceye giren \u00f6\u011frencilere \u00f6d\u00fclleri verildi. 18 Mart \u015eehitleri Anma G\u00fcn\u00fc ve \u00c7anakkale Zaferi&#8217;nin 110. Y\u0131l D\u00f6n\u00fcm\u00fc programlar\u0131 sonras\u0131nda Kaymakam Cemal \u015eahin beraberinde, cumhuriyet ba\u015fsavc\u0131s\u0131, jandarma komutan\u0131, emniyet m\u00fcd\u00fcr\u00fc ve il\u00e7e m\u00fcft\u00fcs\u00fc ile birlikte \u015eehit Jandarma Er Aytekin G\u00f6kku\u015f&#8217;un kabrini ziyaret etti. Kaynak: www.kanalv.com.tr Haber Sitesinden Al\u0131nm\u0131\u015ft\u0131r.<\/p>","protected":false},"author":4,"featured_media":36202,"comment_status":"","ping_status":"open","sticky":false,"template":"","format":"standard","meta":{"_acf_changed":false,"footnotes":""},"categories":[26],"tags":[],"class_list":["post-36201","post","type-post","status-publish","format-standard","has-post-thumbnail","hentry","category-antalya"],"acf":[],"yoast_head":"<!-- This site is optimized with the Yoast SEO Premium plugin v26.6 (Yoast SEO v27.1.1) - https:\/\/yoast.com\/product\/yoast-seo-premium-wordpress\/ -->\n<title>Serik&#039;te \u00c7anakkale Zaferi kutland\u0131 - Av. Deniz Can K\u0131z\u0131l<\/title>\n<meta name=\"robots\" content=\"index, follow, max-snippet:-1, max-image-preview:large, max-video-preview:-1\" \/>\n<link rel=\"canonical\" href=\"https:\/\/denizcankizil.tr\/en\/haberler\/antalya\/serikte-canakkale-zaferi-kutlandi\/\" \/>\n<meta property=\"og:locale\" content=\"en_GB\" \/>\n<meta property=\"og:type\" content=\"article\" \/>\n<meta property=\"og:title\" content=\"Serik&#039;te \u00c7anakkale Zaferi kutland\u0131\" \/>\n<meta property=\"og:description\" content=\"Serik&#8217;teki ilk t\u00f6ren Cumhuriyet Meydan\u0131&#8217;nda Atat\u00fcrk An\u0131t\u0131&#8217;na \u00e7elenk sunulmas\u0131 ile ba\u015flad\u0131. Buradaki t\u00f6rene Kaymakam Cemal \u015eahin, Belediye Ba\u015fkan\u0131 Kadir Kumbul, gaziler, \u015fehit aileleri, daire m\u00fcd\u00fcrleri, siyasi parti temsilcileri, sivil toplum kurulu\u015flar\u0131n\u0131n temsilcileri ve vatanda\u015flar kat\u0131ld\u0131. T\u00f6rene Serik K\u0131z Anadolu \u0130mam Hatip Lisesi&#8217;nin haz\u0131rlad\u0131\u011f\u0131 programla devam edildi. Okulun konferans salonundaki programda protokol \u00fcyeleri, \u00f6\u011fretmenler, \u00f6\u011frenciler ve veliler yer ald\u0131. T\u00fcrk dili ve edebiyat\u0131 \u00f6\u011fretmeni Ertan Alp&#8217;\u0131n g\u00fcn\u00fcn anlam ve \u00f6nemine ili\u015fkin konu\u015fmas\u0131n\u0131n sonras\u0131nda &#8216;Bir Milletin Hik\u00e2yesi: Hilal&#8217; adl\u0131 tiyatro oyunu sahnelendi. Program\u0131n sonunda ilkokul, ortaokul ve lise \u00f6\u011frencilerine y\u00f6nelik d\u00fczenlenen &#8216;\u00c7anakkale Zaferi ve \u015eehitlerimiz&#8217; konulu resim, \u015fiir ve kompozisyon yar\u0131\u015fmalar\u0131nda dereceye giren \u00f6\u011frencilere \u00f6d\u00fclleri verildi. 18 Mart \u015eehitleri Anma G\u00fcn\u00fc ve \u00c7anakkale Zaferi&#8217;nin 110. Y\u0131l D\u00f6n\u00fcm\u00fc programlar\u0131 sonras\u0131nda Kaymakam Cemal \u015eahin beraberinde, cumhuriyet ba\u015fsavc\u0131s\u0131, jandarma komutan\u0131, emniyet m\u00fcd\u00fcr\u00fc ve il\u00e7e m\u00fcft\u00fcs\u00fc ile birlikte \u015eehit Jandarma Er Aytekin G\u00f6kku\u015f&#8217;un kabrini ziyaret etti. Kaynak: www.kanalv.com.tr Haber Sitesinden Al\u0131nm\u0131\u015ft\u0131r.\" \/>\n<meta property=\"og:url\" content=\"https:\/\/denizcankizil.tr\/en\/haberler\/antalya\/serikte-canakkale-zaferi-kutlandi\/\" \/>\n<meta property=\"og:site_name\" content=\"Av. Deniz Can K\u0131z\u0131l\" \/>\n<meta property=\"article:published_time\" content=\"2025-03-18T12:41:15+00:00\" \/>\n<meta property=\"og:image\" content=\"https:\/\/denizcankizil.tr\/wp-content\/uploads\/2025\/03\/5575-01-EsKaGW.jpeg\" \/>\n\t<meta property=\"og:image:width\" content=\"1280\" \/>\n\t<meta property=\"og:image:height\" content=\"720\" \/>\n\t<meta property=\"og:image:type\" content=\"image\/jpeg\" \/>\n<meta name=\"author\" content=\"Av. Deniz Can K\u0131z\u0131l\" \/>\n<meta name=\"twitter:card\" content=\"summary_large_image\" \/>\n<meta name=\"twitter:label1\" content=\"Written by\" \/>\n\t<meta name=\"twitter:data1\" content=\"Av. Deniz Can K\u0131z\u0131l\" \/>\n\t<meta name=\"twitter:label2\" content=\"Estimated reading time\" \/>\n\t<meta name=\"twitter:data2\" content=\"1 minute\" \/>\n<script type=\"application\/ld+json\" class=\"yoast-schema-graph\">{\"@context\":\"https:\/\/schema.org\",\"@graph\":[{\"@type\":\"Article\",\"@id\":\"https:\/\/denizcankizil.tr\/en\/haberler\/antalya\/serikte-canakkale-zaferi-kutlandi\/#article\",\"isPartOf\":{\"@id\":\"https:\/\/denizcankizil.tr\/en\/haberler\/antalya\/serikte-canakkale-zaferi-kutlandi\/\"},\"author\":{\"name\":\"Av. Deniz Can K\u0131z\u0131l\",\"@id\":\"https:\/\/denizcankizil.tr\/#\/schema\/person\/5dc1b22991bd7ac833867c10afc9b0ff\"},\"headline\":\"Serik&#8217;te \u00c7anakkale Zaferi kutland\u0131\",\"datePublished\":\"2025-03-18T12:41:15+00:00\",\"mainEntityOfPage\":{\"@id\":\"https:\/\/denizcankizil.tr\/en\/haberler\/antalya\/serikte-canakkale-zaferi-kutlandi\/\"},\"wordCount\":205,\"publisher\":{\"@id\":\"https:\/\/denizcankizil.tr\/#organization\"},\"image\":{\"@id\":\"https:\/\/denizcankizil.tr\/en\/haberler\/antalya\/serikte-canakkale-zaferi-kutlandi\/#primaryimage\"},\"thumbnailUrl\":\"https:\/\/denizcankizil.tr\/wp-content\/uploads\/2025\/03\/5575-01-EsKaGW.jpeg\",\"articleSection\":[\"Antalya\"],\"inLanguage\":\"en-GB\"},{\"@type\":\"WebPage\",\"@id\":\"https:\/\/denizcankizil.tr\/en\/haberler\/antalya\/serikte-canakkale-zaferi-kutlandi\/\",\"url\":\"https:\/\/denizcankizil.tr\/en\/haberler\/antalya\/serikte-canakkale-zaferi-kutlandi\/\",\"name\":\"Serik'te \u00c7anakkale Zaferi kutland\u0131 - Av. Deniz Can K\u0131z\u0131l\",\"isPartOf\":{\"@id\":\"https:\/\/denizcankizil.tr\/#website\"},\"primaryImageOfPage\":{\"@id\":\"https:\/\/denizcankizil.tr\/en\/haberler\/antalya\/serikte-canakkale-zaferi-kutlandi\/#primaryimage\"},\"image\":{\"@id\":\"https:\/\/denizcankizil.tr\/en\/haberler\/antalya\/serikte-canakkale-zaferi-kutlandi\/#primaryimage\"},\"thumbnailUrl\":\"https:\/\/denizcankizil.tr\/wp-content\/uploads\/2025\/03\/5575-01-EsKaGW.jpeg\",\"datePublished\":\"2025-03-18T12:41:15+00:00\",\"breadcrumb\":{\"@id\":\"https:\/\/denizcankizil.tr\/en\/haberler\/antalya\/serikte-canakkale-zaferi-kutlandi\/#breadcrumb\"},\"inLanguage\":\"en-GB\",\"potentialAction\":[{\"@type\":\"ReadAction\",\"target\":[\"https:\/\/denizcankizil.tr\/en\/haberler\/antalya\/serikte-canakkale-zaferi-kutlandi\/\"]}]},{\"@type\":\"ImageObject\",\"inLanguage\":\"en-GB\",\"@id\":\"https:\/\/denizcankizil.tr\/en\/haberler\/antalya\/serikte-canakkale-zaferi-kutlandi\/#primaryimage\",\"url\":\"https:\/\/denizcankizil.tr\/wp-content\/uploads\/2025\/03\/5575-01-EsKaGW.jpeg\",\"contentUrl\":\"https:\/\/denizcankizil.tr\/wp-content\/uploads\/2025\/03\/5575-01-EsKaGW.jpeg\",\"width\":1280,\"height\":720},{\"@type\":\"BreadcrumbList\",\"@id\":\"https:\/\/denizcankizil.tr\/en\/haberler\/antalya\/serikte-canakkale-zaferi-kutlandi\/#breadcrumb\",\"itemListElement\":[{\"@type\":\"ListItem\",\"position\":1,\"name\":\"Home\",\"item\":\"https:\/\/denizcankizil.tr\/uk\/\"},{\"@type\":\"ListItem\",\"position\":2,\"name\":\"Serik&#8217;te \u00c7anakkale Zaferi kutland\u0131\"}]},{\"@type\":\"WebSite\",\"@id\":\"https:\/\/denizcankizil.tr\/#website\",\"url\":\"https:\/\/denizcankizil.tr\/\",\"name\":\"Av. Deniz Can K\u0131z\u0131l\",\"description\":\"Avukat Deniz Can K\u0131z\u0131l Antalya Barosu\",\"publisher\":{\"@id\":\"https:\/\/denizcankizil.tr\/#organization\"},\"potentialAction\":[{\"@type\":\"SearchAction\",\"target\":{\"@type\":\"EntryPoint\",\"urlTemplate\":\"https:\/\/denizcankizil.tr\/?s={search_term_string}\"},\"query-input\":{\"@type\":\"PropertyValueSpecification\",\"valueRequired\":true,\"valueName\":\"search_term_string\"}}],\"inLanguage\":\"en-GB\"},{\"@type\":\"Organization\",\"@id\":\"https:\/\/denizcankizil.tr\/#organization\",\"name\":\"Av. Deniz Can K\u0131z\u0131l\",\"url\":\"https:\/\/denizcankizil.tr\/\",\"logo\":{\"@type\":\"ImageObject\",\"inLanguage\":\"en-GB\",\"@id\":\"https:\/\/denizcankizil.tr\/#\/schema\/logo\/image\/\",\"url\":\"https:\/\/denizcankizil.tr\/wp-content\/uploads\/2024\/10\/siyah-logo-svg.svg\",\"contentUrl\":\"https:\/\/denizcankizil.tr\/wp-content\/uploads\/2024\/10\/siyah-logo-svg.svg\",\"width\":1080,\"height\":1080,\"caption\":\"Av. Deniz Can K\u0131z\u0131l\"},\"image\":{\"@id\":\"https:\/\/denizcankizil.tr\/#\/schema\/logo\/image\/\"}},{\"@type\":\"Person\",\"@id\":\"https:\/\/denizcankizil.tr\/#\/schema\/person\/5dc1b22991bd7ac833867c10afc9b0ff\",\"name\":\"Av. Deniz Can K\u0131z\u0131l\",\"image\":{\"@type\":\"ImageObject\",\"inLanguage\":\"en-GB\",\"@id\":\"https:\/\/denizcankizil.tr\/#\/schema\/person\/image\/\",\"url\":\"https:\/\/secure.gravatar.com\/avatar\/a0b128fb9855c79efc976d5640eedb31dc35ec297594d6016d2cf7c60e975bb6?s=96&d=mm&r=g\",\"contentUrl\":\"https:\/\/secure.gravatar.com\/avatar\/a0b128fb9855c79efc976d5640eedb31dc35ec297594d6016d2cf7c60e975bb6?s=96&d=mm&r=g\",\"caption\":\"Av. Deniz Can K\u0131z\u0131l\"},\"sameAs\":[\"http:\/\/www.denizcankizil.tr\"],\"url\":\"https:\/\/denizcankizil.tr\/en\/author\/denizcankizil\/\"}]}<\/script>\n<!-- \/ Yoast SEO Premium plugin. -->","yoast_head_json":{"title":"Serik'te \u00c7anakkale Zaferi kutland\u0131 - Av. Deniz Can K\u0131z\u0131l","robots":{"index":"index","follow":"follow","max-snippet":"max-snippet:-1","max-image-preview":"max-image-preview:large","max-video-preview":"max-video-preview:-1"},"canonical":"https:\/\/denizcankizil.tr\/en\/haberler\/antalya\/serikte-canakkale-zaferi-kutlandi\/","og_locale":"en_GB","og_type":"article","og_title":"Serik'te \u00c7anakkale Zaferi kutland\u0131","og_description":"Serik&#8217;teki ilk t\u00f6ren Cumhuriyet Meydan\u0131&#8217;nda Atat\u00fcrk An\u0131t\u0131&#8217;na \u00e7elenk sunulmas\u0131 ile ba\u015flad\u0131. Buradaki t\u00f6rene Kaymakam Cemal \u015eahin, Belediye Ba\u015fkan\u0131 Kadir Kumbul, gaziler, \u015fehit aileleri, daire m\u00fcd\u00fcrleri, siyasi parti temsilcileri, sivil toplum kurulu\u015flar\u0131n\u0131n temsilcileri ve vatanda\u015flar kat\u0131ld\u0131. T\u00f6rene Serik K\u0131z Anadolu \u0130mam Hatip Lisesi&#8217;nin haz\u0131rlad\u0131\u011f\u0131 programla devam edildi. Okulun konferans salonundaki programda protokol \u00fcyeleri, \u00f6\u011fretmenler, \u00f6\u011frenciler ve veliler yer ald\u0131. T\u00fcrk dili ve edebiyat\u0131 \u00f6\u011fretmeni Ertan Alp&#8217;\u0131n g\u00fcn\u00fcn anlam ve \u00f6nemine ili\u015fkin konu\u015fmas\u0131n\u0131n sonras\u0131nda &#8216;Bir Milletin Hik\u00e2yesi: Hilal&#8217; adl\u0131 tiyatro oyunu sahnelendi. Program\u0131n sonunda ilkokul, ortaokul ve lise \u00f6\u011frencilerine y\u00f6nelik d\u00fczenlenen &#8216;\u00c7anakkale Zaferi ve \u015eehitlerimiz&#8217; konulu resim, \u015fiir ve kompozisyon yar\u0131\u015fmalar\u0131nda dereceye giren \u00f6\u011frencilere \u00f6d\u00fclleri verildi. 18 Mart \u015eehitleri Anma G\u00fcn\u00fc ve \u00c7anakkale Zaferi&#8217;nin 110. Y\u0131l D\u00f6n\u00fcm\u00fc programlar\u0131 sonras\u0131nda Kaymakam Cemal \u015eahin beraberinde, cumhuriyet ba\u015fsavc\u0131s\u0131, jandarma komutan\u0131, emniyet m\u00fcd\u00fcr\u00fc ve il\u00e7e m\u00fcft\u00fcs\u00fc ile birlikte \u015eehit Jandarma Er Aytekin G\u00f6kku\u015f&#8217;un kabrini ziyaret etti. Kaynak: www.kanalv.com.tr Haber Sitesinden Al\u0131nm\u0131\u015ft\u0131r.","og_url":"https:\/\/denizcankizil.tr\/en\/haberler\/antalya\/serikte-canakkale-zaferi-kutlandi\/","og_site_name":"Av. Deniz Can K\u0131z\u0131l","article_published_time":"2025-03-18T12:41:15+00:00","og_image":[{"width":1280,"height":720,"url":"https:\/\/denizcankizil.tr\/wp-content\/uploads\/2025\/03\/5575-01-EsKaGW.jpeg","type":"image\/jpeg"}],"author":"Av. Deniz Can K\u0131z\u0131l","twitter_card":"summary_large_image","twitter_misc":{"Written by":"Av. Deniz Can K\u0131z\u0131l","Estimated reading time":"1 minute"},"schema":{"@context":"https:\/\/schema.org","@graph":[{"@type":"Article","@id":"https:\/\/denizcankizil.tr\/en\/haberler\/antalya\/serikte-canakkale-zaferi-kutlandi\/#article","isPartOf":{"@id":"https:\/\/denizcankizil.tr\/en\/haberler\/antalya\/serikte-canakkale-zaferi-kutlandi\/"},"author":{"name":"Av. Deniz Can K\u0131z\u0131l","@id":"https:\/\/denizcankizil.tr\/#\/schema\/person\/5dc1b22991bd7ac833867c10afc9b0ff"},"headline":"Serik&#8217;te \u00c7anakkale Zaferi kutland\u0131","datePublished":"2025-03-18T12:41:15+00:00","mainEntityOfPage":{"@id":"https:\/\/denizcankizil.tr\/en\/haberler\/antalya\/serikte-canakkale-zaferi-kutlandi\/"},"wordCount":205,"publisher":{"@id":"https:\/\/denizcankizil.tr\/#organization"},"image":{"@id":"https:\/\/denizcankizil.tr\/en\/haberler\/antalya\/serikte-canakkale-zaferi-kutlandi\/#primaryimage"},"thumbnailUrl":"https:\/\/denizcankizil.tr\/wp-content\/uploads\/2025\/03\/5575-01-EsKaGW.jpeg","articleSection":["Antalya"],"inLanguage":"en-GB"},{"@type":"WebPage","@id":"https:\/\/denizcankizil.tr\/en\/haberler\/antalya\/serikte-canakkale-zaferi-kutlandi\/","url":"https:\/\/denizcankizil.tr\/en\/haberler\/antalya\/serikte-canakkale-zaferi-kutlandi\/","name":"Serik'te \u00c7anakkale Zaferi kutland\u0131 - Av. Deniz Can K\u0131z\u0131l","isPartOf":{"@id":"https:\/\/denizcankizil.tr\/#website"},"primaryImageOfPage":{"@id":"https:\/\/denizcankizil.tr\/en\/haberler\/antalya\/serikte-canakkale-zaferi-kutlandi\/#primaryimage"},"image":{"@id":"https:\/\/denizcankizil.tr\/en\/haberler\/antalya\/serikte-canakkale-zaferi-kutlandi\/#primaryimage"},"thumbnailUrl":"https:\/\/denizcankizil.tr\/wp-content\/uploads\/2025\/03\/5575-01-EsKaGW.jpeg","datePublished":"2025-03-18T12:41:15+00:00","breadcrumb":{"@id":"https:\/\/denizcankizil.tr\/en\/haberler\/antalya\/serikte-canakkale-zaferi-kutlandi\/#breadcrumb"},"inLanguage":"en-GB","potentialAction":[{"@type":"ReadAction","target":["https:\/\/denizcankizil.tr\/en\/haberler\/antalya\/serikte-canakkale-zaferi-kutlandi\/"]}]},{"@type":"ImageObject","inLanguage":"en-GB","@id":"https:\/\/denizcankizil.tr\/en\/haberler\/antalya\/serikte-canakkale-zaferi-kutlandi\/#primaryimage","url":"https:\/\/denizcankizil.tr\/wp-content\/uploads\/2025\/03\/5575-01-EsKaGW.jpeg","contentUrl":"https:\/\/denizcankizil.tr\/wp-content\/uploads\/2025\/03\/5575-01-EsKaGW.jpeg","width":1280,"height":720},{"@type":"BreadcrumbList","@id":"https:\/\/denizcankizil.tr\/en\/haberler\/antalya\/serikte-canakkale-zaferi-kutlandi\/#breadcrumb","itemListElement":[{"@type":"ListItem","position":1,"name":"Home","item":"https:\/\/denizcankizil.tr\/uk\/"},{"@type":"ListItem","position":2,"name":"Serik&#8217;te \u00c7anakkale Zaferi kutland\u0131"}]},{"@type":"WebSite","@id":"https:\/\/denizcankizil.tr\/#website","url":"https:\/\/denizcankizil.tr\/","name":"Av. Deniz Can K\u0131z\u0131l","description":"Avukat Deniz Can K\u0131z\u0131l Antalya Barosu","publisher":{"@id":"https:\/\/denizcankizil.tr\/#organization"},"potentialAction":[{"@type":"SearchAction","target":{"@type":"EntryPoint","urlTemplate":"https:\/\/denizcankizil.tr\/?s={search_term_string}"},"query-input":{"@type":"PropertyValueSpecification","valueRequired":true,"valueName":"search_term_string"}}],"inLanguage":"en-GB"},{"@type":"Organization","@id":"https:\/\/denizcankizil.tr\/#organization","name":"Av. Deniz Can K\u0131z\u0131l","url":"https:\/\/denizcankizil.tr\/","logo":{"@type":"ImageObject","inLanguage":"en-GB","@id":"https:\/\/denizcankizil.tr\/#\/schema\/logo\/image\/","url":"https:\/\/denizcankizil.tr\/wp-content\/uploads\/2024\/10\/siyah-logo-svg.svg","contentUrl":"https:\/\/denizcankizil.tr\/wp-content\/uploads\/2024\/10\/siyah-logo-svg.svg","width":1080,"height":1080,"caption":"Av. Deniz Can K\u0131z\u0131l"},"image":{"@id":"https:\/\/denizcankizil.tr\/#\/schema\/logo\/image\/"}},{"@type":"Person","@id":"https:\/\/denizcankizil.tr\/#\/schema\/person\/5dc1b22991bd7ac833867c10afc9b0ff","name":"Av. Deniz Can K\u0131z\u0131l","image":{"@type":"ImageObject","inLanguage":"en-GB","@id":"https:\/\/denizcankizil.tr\/#\/schema\/person\/image\/","url":"https:\/\/secure.gravatar.com\/avatar\/a0b128fb9855c79efc976d5640eedb31dc35ec297594d6016d2cf7c60e975bb6?s=96&d=mm&r=g","contentUrl":"https:\/\/secure.gravatar.com\/avatar\/a0b128fb9855c79efc976d5640eedb31dc35ec297594d6016d2cf7c60e975bb6?s=96&d=mm&r=g","caption":"Av. Deniz Can K\u0131z\u0131l"},"sameAs":["http:\/\/www.denizcankizil.tr"],"url":"https:\/\/denizcankizil.tr\/en\/author\/denizcankizil\/"}]}},"_links":{"self":[{"href":"https:\/\/denizcankizil.tr\/en\/wp-json\/wp\/v2\/posts\/36201","targetHints":{"allow":["GET"]}}],"collection":[{"href":"https:\/\/denizcankizil.tr\/en\/wp-json\/wp\/v2\/posts"}],"about":[{"href":"https:\/\/denizcankizil.tr\/en\/wp-json\/wp\/v2\/types\/post"}],"author":[{"embeddable":true,"href":"https:\/\/denizcankizil.tr\/en\/wp-json\/wp\/v2\/users\/4"}],"replies":[{"embeddable":true,"href":"https:\/\/denizcankizil.tr\/en\/wp-json\/wp\/v2\/comments?post=36201"}],"version-history":[{"count":0,"href":"https:\/\/denizcankizil.tr\/en\/wp-json\/wp\/v2\/posts\/36201\/revisions"}],"wp:featuredmedia":[{"embeddable":true,"href":"https:\/\/denizcankizil.tr\/en\/wp-json\/wp\/v2\/media\/36202"}],"wp:attachment":[{"href":"https:\/\/denizcankizil.tr\/en\/wp-json\/wp\/v2\/media?parent=36201"}],"wp:term":[{"taxonomy":"category","embeddable":true,"href":"https:\/\/denizcankizil.tr\/en\/wp-json\/wp\/v2\/categories?post=36201"},{"taxonomy":"post_tag","embeddable":true,"href":"https:\/\/denizcankizil.tr\/en\/wp-json\/wp\/v2\/tags?post=36201"}],"curies":[{"name":"wp","href":"https:\/\/api.w.org\/{rel}","templated":true}]}}