{"id":36158,"date":"2025-03-18T12:42:16","date_gmt":"2025-03-18T09:42:16","guid":{"rendered":"https:\/\/denizcankizil.tr\/uncategorized-tr\/erzinde-canakkale-zaferini-kutlama-ve-anma\/"},"modified":"2025-03-18T12:42:16","modified_gmt":"2025-03-18T09:42:16","slug":"erzinde-canakkale-zaferini-kutlama-ve-anma","status":"publish","type":"post","link":"https:\/\/denizcankizil.tr\/en\/haberler\/gundem\/erzinde-canakkale-zaferini-kutlama-ve-anma\/","title":{"rendered":"Erzin&#8217;de \u00c7anakkale Zaferi\u2019ni Kutlama ve anma\u2026"},"content":{"rendered":"<p>Adil Co\u015fkuner\/Erzin<\/p>\n<p>\u00c7anakkale Zaferi\u2019nin y\u0131ld\u00f6n\u00fcm\u00fc program\u0131, il\u00e7ede Cumhuriyet Meydan\u0131\u2019nda ger\u00e7ekle\u015ftirilen \u00e7elenk sunma t\u00f6reniyle ba\u015flad\u0131. T\u00f6rene, Erzin Kaymakam\u0131 Onur \u00d6zayd\u0131n, Belediye Ba\u015fkan\u0131 \u00d6kke\u015f Elmaso\u011flu, Ba\u015fsavc\u0131 Leyla T\u00fcrkay, \u0130l\u00e7e Jandarma Komutan\u0131 \u00dcste\u011fmen Harun Baykal, \u0130l\u00e7e Emniyet M\u00fcd\u00fcr\u00fc \u0130sa Alt\u0131nda\u015f, protokol \u00fcyeleri, sivil toplum kurulu\u015fu temsilcileri, askeri ve sivil erkan STK ve Siyasi parti temsilcileri ile \u00f6\u011frenciler kat\u0131ld\u0131.<\/p>\n<p>T\u00f6rende, Atat\u00fcrk&#8217;\u00fcn manevi huzuruna sayg\u0131 \u00e7elenkleri, Kaymakaml\u0131k, Garnizon Komutanl\u0131\u011f\u0131, Belediye Ba\u015fkanl\u0131\u011f\u0131 ve \u015eehit ve Gazi Aileleri Dernekleri taraf\u0131ndan sunuldu. Sayg\u0131 duru\u015fu ve \u0130stiklal Mar\u015f\u0131\u2019n\u0131n okunmas\u0131n\u0131n ard\u0131ndan \u00e7elenk sunma t\u00f6reni sona erdi.<\/p>\n<p>\u00c7anakkale Zaferi\u2019nin 110. Y\u0131ld\u00f6n\u00fcm\u00fc Program\u0131, daha sonra \u00d6mer Halis \u00d6zdemir K\u00fclt\u00fcr Merkezi&#8217;nde devam etti. Burada, \u00f6\u011frencilerin haz\u0131rlad\u0131\u011f\u0131 \u201c\u00c7anakkale Ge\u00e7ilmez\u201d sunumu ve \u201c\u00c7anakkale\u201d \u015fark\u0131lar\u0131 b\u00fcy\u00fck be\u011feni toplad\u0131. Etkinlik, kat\u0131l\u0131mc\u0131lara \u00c7anakkale ruhunu bir kez daha hat\u0131rlatt\u0131.<\/p>\n<p>Ayr\u0131ca \u00e7e\u015fitli yar\u0131\u015fmalarda dereceye giren \u00f6\u011frencilere madalyalar\u0131 kaymakam Onur \u00d6zayd\u0131n, Belediye Ba\u015fkan\u0131 \u00d6kke\u015f Elmasoglu, \u0130l\u00e7e Jandarma Komutan\u0131 \u00fcste\u011fmen Harun Baykal, Emniyet M\u00fcd\u00fcr\u00fc \u0130sa Alt\u0131nda\u015f taraf\u0131ndan takdim edildi.<\/p>\n<p>\u200bHatay\u2019\u0131n Erzin il\u00e7esinde de, T\u00fcrk ve d\u00fcnya tarihine alt\u0131n harflerle kaz\u0131nan \u00c7anakkale Zaferi&#8217;nin 110. y\u0131ld\u00f6n\u00fcm\u00fc d\u00fczenlenen t\u00f6renlerle kutland\u0131. Ebediyete intikal eden \u015fehitler ve gaziler de, yap\u0131lan etkinliklerle an\u0131ld\u0131.\u00a0<\/p>\n<p>\u200bHaberin Al\u0131nt\u0131land\u0131\u011f\u0131 Kaynak: www.iskenderun.org<\/p>","protected":false},"excerpt":{"rendered":"<p>Adil Co\u015fkuner\/Erzin \u00c7anakkale Zaferi\u2019nin y\u0131ld\u00f6n\u00fcm\u00fc program\u0131, il\u00e7ede Cumhuriyet Meydan\u0131\u2019nda ger\u00e7ekle\u015ftirilen \u00e7elenk sunma t\u00f6reniyle ba\u015flad\u0131. T\u00f6rene, Erzin Kaymakam\u0131 Onur \u00d6zayd\u0131n, Belediye Ba\u015fkan\u0131 \u00d6kke\u015f Elmaso\u011flu, Ba\u015fsavc\u0131 Leyla T\u00fcrkay, \u0130l\u00e7e Jandarma Komutan\u0131 \u00dcste\u011fmen Harun Baykal, \u0130l\u00e7e Emniyet M\u00fcd\u00fcr\u00fc \u0130sa Alt\u0131nda\u015f, protokol \u00fcyeleri, sivil toplum kurulu\u015fu temsilcileri, askeri ve sivil erkan STK ve Siyasi parti temsilcileri ile \u00f6\u011frenciler kat\u0131ld\u0131. T\u00f6rende, Atat\u00fcrk&#8217;\u00fcn manevi huzuruna sayg\u0131 \u00e7elenkleri, Kaymakaml\u0131k, Garnizon Komutanl\u0131\u011f\u0131, Belediye Ba\u015fkanl\u0131\u011f\u0131 ve \u015eehit ve Gazi Aileleri Dernekleri taraf\u0131ndan sunuldu. Sayg\u0131 duru\u015fu ve \u0130stiklal Mar\u015f\u0131\u2019n\u0131n okunmas\u0131n\u0131n ard\u0131ndan \u00e7elenk sunma t\u00f6reni sona erdi. \u00c7anakkale Zaferi\u2019nin 110. Y\u0131ld\u00f6n\u00fcm\u00fc Program\u0131, daha sonra \u00d6mer Halis \u00d6zdemir K\u00fclt\u00fcr Merkezi&#8217;nde devam etti. Burada, \u00f6\u011frencilerin haz\u0131rlad\u0131\u011f\u0131 \u201c\u00c7anakkale Ge\u00e7ilmez\u201d sunumu ve \u201c\u00c7anakkale\u201d \u015fark\u0131lar\u0131 b\u00fcy\u00fck be\u011feni toplad\u0131. Etkinlik, kat\u0131l\u0131mc\u0131lara \u00c7anakkale ruhunu bir kez daha hat\u0131rlatt\u0131. Ayr\u0131ca \u00e7e\u015fitli yar\u0131\u015fmalarda dereceye giren \u00f6\u011frencilere madalyalar\u0131 kaymakam Onur \u00d6zayd\u0131n, Belediye Ba\u015fkan\u0131 \u00d6kke\u015f Elmasoglu, \u0130l\u00e7e Jandarma Komutan\u0131 \u00fcste\u011fmen Harun Baykal, Emniyet M\u00fcd\u00fcr\u00fc \u0130sa Alt\u0131nda\u015f taraf\u0131ndan takdim edildi. \u200bHatay\u2019\u0131n Erzin il\u00e7esinde de, T\u00fcrk ve d\u00fcnya tarihine alt\u0131n harflerle kaz\u0131nan \u00c7anakkale Zaferi&#8217;nin 110. y\u0131ld\u00f6n\u00fcm\u00fc d\u00fczenlenen t\u00f6renlerle kutland\u0131. Ebediyete intikal eden \u015fehitler ve gaziler de, yap\u0131lan etkinliklerle an\u0131ld\u0131.\u00a0 \u200bHaberin Al\u0131nt\u0131land\u0131\u011f\u0131 Kaynak: www.iskenderun.org<\/p>","protected":false},"author":1,"featured_media":0,"comment_status":"","ping_status":"open","sticky":false,"template":"","format":"standard","meta":{"_acf_changed":false,"footnotes":""},"categories":[24],"tags":[],"class_list":["post-36158","post","type-post","status-publish","format-standard","has-post-thumbnail","hentry","category-gundem"],"acf":[],"yoast_head":"<!-- This site is optimized with the Yoast SEO Premium plugin v26.6 (Yoast SEO v27.1.1) - https:\/\/yoast.com\/product\/yoast-seo-premium-wordpress\/ -->\n<title>Erzin&#039;de \u00c7anakkale Zaferi\u2019ni Kutlama ve anma\u2026 - Av. Deniz Can K\u0131z\u0131l<\/title>\n<meta name=\"robots\" content=\"index, follow, max-snippet:-1, max-image-preview:large, max-video-preview:-1\" \/>\n<link rel=\"canonical\" href=\"https:\/\/denizcankizil.tr\/en\/haberler\/gundem\/erzinde-canakkale-zaferini-kutlama-ve-anma\/\" \/>\n<meta property=\"og:locale\" content=\"en_GB\" \/>\n<meta property=\"og:type\" content=\"article\" \/>\n<meta property=\"og:title\" content=\"Erzin&#039;de \u00c7anakkale Zaferi\u2019ni Kutlama ve anma\u2026\" \/>\n<meta property=\"og:description\" content=\"Adil Co\u015fkuner\/Erzin \u00c7anakkale Zaferi\u2019nin y\u0131ld\u00f6n\u00fcm\u00fc program\u0131, il\u00e7ede Cumhuriyet Meydan\u0131\u2019nda ger\u00e7ekle\u015ftirilen \u00e7elenk sunma t\u00f6reniyle ba\u015flad\u0131. T\u00f6rene, Erzin Kaymakam\u0131 Onur \u00d6zayd\u0131n, Belediye Ba\u015fkan\u0131 \u00d6kke\u015f Elmaso\u011flu, Ba\u015fsavc\u0131 Leyla T\u00fcrkay, \u0130l\u00e7e Jandarma Komutan\u0131 \u00dcste\u011fmen Harun Baykal, \u0130l\u00e7e Emniyet M\u00fcd\u00fcr\u00fc \u0130sa Alt\u0131nda\u015f, protokol \u00fcyeleri, sivil toplum kurulu\u015fu temsilcileri, askeri ve sivil erkan STK ve Siyasi parti temsilcileri ile \u00f6\u011frenciler kat\u0131ld\u0131. T\u00f6rende, Atat\u00fcrk&#8217;\u00fcn manevi huzuruna sayg\u0131 \u00e7elenkleri, Kaymakaml\u0131k, Garnizon Komutanl\u0131\u011f\u0131, Belediye Ba\u015fkanl\u0131\u011f\u0131 ve \u015eehit ve Gazi Aileleri Dernekleri taraf\u0131ndan sunuldu. Sayg\u0131 duru\u015fu ve \u0130stiklal Mar\u015f\u0131\u2019n\u0131n okunmas\u0131n\u0131n ard\u0131ndan \u00e7elenk sunma t\u00f6reni sona erdi. \u00c7anakkale Zaferi\u2019nin 110. Y\u0131ld\u00f6n\u00fcm\u00fc Program\u0131, daha sonra \u00d6mer Halis \u00d6zdemir K\u00fclt\u00fcr Merkezi&#8217;nde devam etti. Burada, \u00f6\u011frencilerin haz\u0131rlad\u0131\u011f\u0131 \u201c\u00c7anakkale Ge\u00e7ilmez\u201d sunumu ve \u201c\u00c7anakkale\u201d \u015fark\u0131lar\u0131 b\u00fcy\u00fck be\u011feni toplad\u0131. Etkinlik, kat\u0131l\u0131mc\u0131lara \u00c7anakkale ruhunu bir kez daha hat\u0131rlatt\u0131. Ayr\u0131ca \u00e7e\u015fitli yar\u0131\u015fmalarda dereceye giren \u00f6\u011frencilere madalyalar\u0131 kaymakam Onur \u00d6zayd\u0131n, Belediye Ba\u015fkan\u0131 \u00d6kke\u015f Elmasoglu, \u0130l\u00e7e Jandarma Komutan\u0131 \u00fcste\u011fmen Harun Baykal, Emniyet M\u00fcd\u00fcr\u00fc \u0130sa Alt\u0131nda\u015f taraf\u0131ndan takdim edildi. \u200bHatay\u2019\u0131n Erzin il\u00e7esinde de, T\u00fcrk ve d\u00fcnya tarihine alt\u0131n harflerle kaz\u0131nan \u00c7anakkale Zaferi&#8217;nin 110. y\u0131ld\u00f6n\u00fcm\u00fc d\u00fczenlenen t\u00f6renlerle kutland\u0131. Ebediyete intikal eden \u015fehitler ve gaziler de, yap\u0131lan etkinliklerle an\u0131ld\u0131.\u00a0 \u200bHaberin Al\u0131nt\u0131land\u0131\u011f\u0131 Kaynak: www.iskenderun.org\" \/>\n<meta property=\"og:url\" content=\"https:\/\/denizcankizil.tr\/en\/haberler\/gundem\/erzinde-canakkale-zaferini-kutlama-ve-anma\/\" \/>\n<meta property=\"og:site_name\" content=\"Av. Deniz Can K\u0131z\u0131l\" \/>\n<meta property=\"article:published_time\" content=\"2025-03-18T09:42:16+00:00\" \/>\n<meta name=\"author\" content=\"admin\" \/>\n<meta name=\"twitter:card\" content=\"summary_large_image\" \/>\n<meta name=\"twitter:label1\" content=\"Written by\" \/>\n\t<meta name=\"twitter:data1\" content=\"admin\" \/>\n\t<meta name=\"twitter:label2\" content=\"Estimated reading time\" \/>\n\t<meta name=\"twitter:data2\" content=\"1 minute\" \/>\n<script type=\"application\/ld+json\" class=\"yoast-schema-graph\">{\"@context\":\"https:\/\/schema.org\",\"@graph\":[{\"@type\":\"Article\",\"@id\":\"https:\/\/denizcankizil.tr\/en\/haberler\/gundem\/erzinde-canakkale-zaferini-kutlama-ve-anma\/#article\",\"isPartOf\":{\"@id\":\"https:\/\/denizcankizil.tr\/en\/haberler\/gundem\/erzinde-canakkale-zaferini-kutlama-ve-anma\/\"},\"author\":{\"name\":\"admin\",\"@id\":\"https:\/\/denizcankizil.tr\/de\/#\/schema\/person\/be3c05fe6a12686905512445d8185489\"},\"headline\":\"Erzin&#8217;de \u00c7anakkale Zaferi\u2019ni Kutlama ve anma\u2026\",\"datePublished\":\"2025-03-18T09:42:16+00:00\",\"mainEntityOfPage\":{\"@id\":\"https:\/\/denizcankizil.tr\/en\/haberler\/gundem\/erzinde-canakkale-zaferini-kutlama-ve-anma\/\"},\"wordCount\":270,\"publisher\":{\"@id\":\"https:\/\/denizcankizil.tr\/de\/#organization\"},\"articleSection\":[\"G\u00fcndem\"],\"inLanguage\":\"en-GB\"},{\"@type\":\"WebPage\",\"@id\":\"https:\/\/denizcankizil.tr\/en\/haberler\/gundem\/erzinde-canakkale-zaferini-kutlama-ve-anma\/\",\"url\":\"https:\/\/denizcankizil.tr\/en\/haberler\/gundem\/erzinde-canakkale-zaferini-kutlama-ve-anma\/\",\"name\":\"Erzin'de \u00c7anakkale Zaferi\u2019ni Kutlama ve anma\u2026 - Av. Deniz Can K\u0131z\u0131l\",\"isPartOf\":{\"@id\":\"https:\/\/denizcankizil.tr\/de\/#website\"},\"datePublished\":\"2025-03-18T09:42:16+00:00\",\"breadcrumb\":{\"@id\":\"https:\/\/denizcankizil.tr\/en\/haberler\/gundem\/erzinde-canakkale-zaferini-kutlama-ve-anma\/#breadcrumb\"},\"inLanguage\":\"en-GB\",\"potentialAction\":[{\"@type\":\"ReadAction\",\"target\":[\"https:\/\/denizcankizil.tr\/en\/haberler\/gundem\/erzinde-canakkale-zaferini-kutlama-ve-anma\/\"]}]},{\"@type\":\"BreadcrumbList\",\"@id\":\"https:\/\/denizcankizil.tr\/en\/haberler\/gundem\/erzinde-canakkale-zaferini-kutlama-ve-anma\/#breadcrumb\",\"itemListElement\":[{\"@type\":\"ListItem\",\"position\":1,\"name\":\"Home\",\"item\":\"https:\/\/denizcankizil.tr\/de\/\"},{\"@type\":\"ListItem\",\"position\":2,\"name\":\"Erzin&#8217;de \u00c7anakkale Zaferi\u2019ni Kutlama ve anma\u2026\"}]},{\"@type\":\"WebSite\",\"@id\":\"https:\/\/denizcankizil.tr\/de\/#website\",\"url\":\"https:\/\/denizcankizil.tr\/de\/\",\"name\":\"Av. Deniz Can K\u0131z\u0131l\",\"description\":\"Avukat Deniz Can K\u0131z\u0131l Antalya Barosu\",\"publisher\":{\"@id\":\"https:\/\/denizcankizil.tr\/de\/#organization\"},\"potentialAction\":[{\"@type\":\"SearchAction\",\"target\":{\"@type\":\"EntryPoint\",\"urlTemplate\":\"https:\/\/denizcankizil.tr\/de\/?s={search_term_string}\"},\"query-input\":{\"@type\":\"PropertyValueSpecification\",\"valueRequired\":true,\"valueName\":\"search_term_string\"}}],\"inLanguage\":\"en-GB\"},{\"@type\":\"Organization\",\"@id\":\"https:\/\/denizcankizil.tr\/de\/#organization\",\"name\":\"Av. Deniz Can K\u0131z\u0131l\",\"url\":\"https:\/\/denizcankizil.tr\/de\/\",\"logo\":{\"@type\":\"ImageObject\",\"inLanguage\":\"en-GB\",\"@id\":\"https:\/\/denizcankizil.tr\/de\/#\/schema\/logo\/image\/\",\"url\":\"https:\/\/denizcankizil.tr\/wp-content\/uploads\/2024\/10\/siyah-logo-svg.svg\",\"contentUrl\":\"https:\/\/denizcankizil.tr\/wp-content\/uploads\/2024\/10\/siyah-logo-svg.svg\",\"width\":1080,\"height\":1080,\"caption\":\"Av. Deniz Can K\u0131z\u0131l\"},\"image\":{\"@id\":\"https:\/\/denizcankizil.tr\/de\/#\/schema\/logo\/image\/\"}},{\"@type\":\"Person\",\"@id\":\"https:\/\/denizcankizil.tr\/de\/#\/schema\/person\/be3c05fe6a12686905512445d8185489\",\"name\":\"admin\",\"image\":{\"@type\":\"ImageObject\",\"inLanguage\":\"en-GB\",\"@id\":\"https:\/\/denizcankizil.tr\/de\/#\/schema\/person\/image\/\",\"url\":\"https:\/\/secure.gravatar.com\/avatar\/c1fce94c830dc79107e174f890d7210541c4a63e8e5d816341794a2151c9d58c?s=96&d=mm&r=g\",\"contentUrl\":\"https:\/\/secure.gravatar.com\/avatar\/c1fce94c830dc79107e174f890d7210541c4a63e8e5d816341794a2151c9d58c?s=96&d=mm&r=g\",\"caption\":\"admin\"},\"sameAs\":[\"http:\/\/denizcankizil.tr\"],\"url\":\"https:\/\/www.iskenderun.org\/erzinde-canakkale-zaferini-kutlama-ve-anma\"}]}<\/script>\n<!-- \/ Yoast SEO Premium plugin. -->","yoast_head_json":{"title":"Erzin'de \u00c7anakkale Zaferi\u2019ni Kutlama ve anma\u2026 - Av. Deniz Can K\u0131z\u0131l","robots":{"index":"index","follow":"follow","max-snippet":"max-snippet:-1","max-image-preview":"max-image-preview:large","max-video-preview":"max-video-preview:-1"},"canonical":"https:\/\/denizcankizil.tr\/en\/haberler\/gundem\/erzinde-canakkale-zaferini-kutlama-ve-anma\/","og_locale":"en_GB","og_type":"article","og_title":"Erzin'de \u00c7anakkale Zaferi\u2019ni Kutlama ve anma\u2026","og_description":"Adil Co\u015fkuner\/Erzin \u00c7anakkale Zaferi\u2019nin y\u0131ld\u00f6n\u00fcm\u00fc program\u0131, il\u00e7ede Cumhuriyet Meydan\u0131\u2019nda ger\u00e7ekle\u015ftirilen \u00e7elenk sunma t\u00f6reniyle ba\u015flad\u0131. T\u00f6rene, Erzin Kaymakam\u0131 Onur \u00d6zayd\u0131n, Belediye Ba\u015fkan\u0131 \u00d6kke\u015f Elmaso\u011flu, Ba\u015fsavc\u0131 Leyla T\u00fcrkay, \u0130l\u00e7e Jandarma Komutan\u0131 \u00dcste\u011fmen Harun Baykal, \u0130l\u00e7e Emniyet M\u00fcd\u00fcr\u00fc \u0130sa Alt\u0131nda\u015f, protokol \u00fcyeleri, sivil toplum kurulu\u015fu temsilcileri, askeri ve sivil erkan STK ve Siyasi parti temsilcileri ile \u00f6\u011frenciler kat\u0131ld\u0131. T\u00f6rende, Atat\u00fcrk&#8217;\u00fcn manevi huzuruna sayg\u0131 \u00e7elenkleri, Kaymakaml\u0131k, Garnizon Komutanl\u0131\u011f\u0131, Belediye Ba\u015fkanl\u0131\u011f\u0131 ve \u015eehit ve Gazi Aileleri Dernekleri taraf\u0131ndan sunuldu. Sayg\u0131 duru\u015fu ve \u0130stiklal Mar\u015f\u0131\u2019n\u0131n okunmas\u0131n\u0131n ard\u0131ndan \u00e7elenk sunma t\u00f6reni sona erdi. \u00c7anakkale Zaferi\u2019nin 110. Y\u0131ld\u00f6n\u00fcm\u00fc Program\u0131, daha sonra \u00d6mer Halis \u00d6zdemir K\u00fclt\u00fcr Merkezi&#8217;nde devam etti. Burada, \u00f6\u011frencilerin haz\u0131rlad\u0131\u011f\u0131 \u201c\u00c7anakkale Ge\u00e7ilmez\u201d sunumu ve \u201c\u00c7anakkale\u201d \u015fark\u0131lar\u0131 b\u00fcy\u00fck be\u011feni toplad\u0131. Etkinlik, kat\u0131l\u0131mc\u0131lara \u00c7anakkale ruhunu bir kez daha hat\u0131rlatt\u0131. Ayr\u0131ca \u00e7e\u015fitli yar\u0131\u015fmalarda dereceye giren \u00f6\u011frencilere madalyalar\u0131 kaymakam Onur \u00d6zayd\u0131n, Belediye Ba\u015fkan\u0131 \u00d6kke\u015f Elmasoglu, \u0130l\u00e7e Jandarma Komutan\u0131 \u00fcste\u011fmen Harun Baykal, Emniyet M\u00fcd\u00fcr\u00fc \u0130sa Alt\u0131nda\u015f taraf\u0131ndan takdim edildi. \u200bHatay\u2019\u0131n Erzin il\u00e7esinde de, T\u00fcrk ve d\u00fcnya tarihine alt\u0131n harflerle kaz\u0131nan \u00c7anakkale Zaferi&#8217;nin 110. y\u0131ld\u00f6n\u00fcm\u00fc d\u00fczenlenen t\u00f6renlerle kutland\u0131. Ebediyete intikal eden \u015fehitler ve gaziler de, yap\u0131lan etkinliklerle an\u0131ld\u0131.\u00a0 \u200bHaberin Al\u0131nt\u0131land\u0131\u011f\u0131 Kaynak: www.iskenderun.org","og_url":"https:\/\/denizcankizil.tr\/en\/haberler\/gundem\/erzinde-canakkale-zaferini-kutlama-ve-anma\/","og_site_name":"Av. Deniz Can K\u0131z\u0131l","article_published_time":"2025-03-18T09:42:16+00:00","author":"admin","twitter_card":"summary_large_image","twitter_misc":{"Written by":"admin","Estimated reading time":"1 minute"},"schema":{"@context":"https:\/\/schema.org","@graph":[{"@type":"Article","@id":"https:\/\/denizcankizil.tr\/en\/haberler\/gundem\/erzinde-canakkale-zaferini-kutlama-ve-anma\/#article","isPartOf":{"@id":"https:\/\/denizcankizil.tr\/en\/haberler\/gundem\/erzinde-canakkale-zaferini-kutlama-ve-anma\/"},"author":{"name":"admin","@id":"https:\/\/denizcankizil.tr\/de\/#\/schema\/person\/be3c05fe6a12686905512445d8185489"},"headline":"Erzin&#8217;de \u00c7anakkale Zaferi\u2019ni Kutlama ve anma\u2026","datePublished":"2025-03-18T09:42:16+00:00","mainEntityOfPage":{"@id":"https:\/\/denizcankizil.tr\/en\/haberler\/gundem\/erzinde-canakkale-zaferini-kutlama-ve-anma\/"},"wordCount":270,"publisher":{"@id":"https:\/\/denizcankizil.tr\/de\/#organization"},"articleSection":["G\u00fcndem"],"inLanguage":"en-GB"},{"@type":"WebPage","@id":"https:\/\/denizcankizil.tr\/en\/haberler\/gundem\/erzinde-canakkale-zaferini-kutlama-ve-anma\/","url":"https:\/\/denizcankizil.tr\/en\/haberler\/gundem\/erzinde-canakkale-zaferini-kutlama-ve-anma\/","name":"Erzin'de \u00c7anakkale Zaferi\u2019ni Kutlama ve anma\u2026 - Av. Deniz Can K\u0131z\u0131l","isPartOf":{"@id":"https:\/\/denizcankizil.tr\/de\/#website"},"datePublished":"2025-03-18T09:42:16+00:00","breadcrumb":{"@id":"https:\/\/denizcankizil.tr\/en\/haberler\/gundem\/erzinde-canakkale-zaferini-kutlama-ve-anma\/#breadcrumb"},"inLanguage":"en-GB","potentialAction":[{"@type":"ReadAction","target":["https:\/\/denizcankizil.tr\/en\/haberler\/gundem\/erzinde-canakkale-zaferini-kutlama-ve-anma\/"]}]},{"@type":"BreadcrumbList","@id":"https:\/\/denizcankizil.tr\/en\/haberler\/gundem\/erzinde-canakkale-zaferini-kutlama-ve-anma\/#breadcrumb","itemListElement":[{"@type":"ListItem","position":1,"name":"Home","item":"https:\/\/denizcankizil.tr\/de\/"},{"@type":"ListItem","position":2,"name":"Erzin&#8217;de \u00c7anakkale Zaferi\u2019ni Kutlama ve anma\u2026"}]},{"@type":"WebSite","@id":"https:\/\/denizcankizil.tr\/de\/#website","url":"https:\/\/denizcankizil.tr\/de\/","name":"Av. Deniz Can K\u0131z\u0131l","description":"Avukat Deniz Can K\u0131z\u0131l Antalya Barosu","publisher":{"@id":"https:\/\/denizcankizil.tr\/de\/#organization"},"potentialAction":[{"@type":"SearchAction","target":{"@type":"EntryPoint","urlTemplate":"https:\/\/denizcankizil.tr\/de\/?s={search_term_string}"},"query-input":{"@type":"PropertyValueSpecification","valueRequired":true,"valueName":"search_term_string"}}],"inLanguage":"en-GB"},{"@type":"Organization","@id":"https:\/\/denizcankizil.tr\/de\/#organization","name":"Av. Deniz Can K\u0131z\u0131l","url":"https:\/\/denizcankizil.tr\/de\/","logo":{"@type":"ImageObject","inLanguage":"en-GB","@id":"https:\/\/denizcankizil.tr\/de\/#\/schema\/logo\/image\/","url":"https:\/\/denizcankizil.tr\/wp-content\/uploads\/2024\/10\/siyah-logo-svg.svg","contentUrl":"https:\/\/denizcankizil.tr\/wp-content\/uploads\/2024\/10\/siyah-logo-svg.svg","width":1080,"height":1080,"caption":"Av. Deniz Can K\u0131z\u0131l"},"image":{"@id":"https:\/\/denizcankizil.tr\/de\/#\/schema\/logo\/image\/"}},{"@type":"Person","@id":"https:\/\/denizcankizil.tr\/de\/#\/schema\/person\/be3c05fe6a12686905512445d8185489","name":"admin","image":{"@type":"ImageObject","inLanguage":"en-GB","@id":"https:\/\/denizcankizil.tr\/de\/#\/schema\/person\/image\/","url":"https:\/\/secure.gravatar.com\/avatar\/c1fce94c830dc79107e174f890d7210541c4a63e8e5d816341794a2151c9d58c?s=96&d=mm&r=g","contentUrl":"https:\/\/secure.gravatar.com\/avatar\/c1fce94c830dc79107e174f890d7210541c4a63e8e5d816341794a2151c9d58c?s=96&d=mm&r=g","caption":"admin"},"sameAs":["http:\/\/denizcankizil.tr"],"url":"https:\/\/www.iskenderun.org\/erzinde-canakkale-zaferini-kutlama-ve-anma"}]}},"_links":{"self":[{"href":"https:\/\/denizcankizil.tr\/en\/wp-json\/wp\/v2\/posts\/36158","targetHints":{"allow":["GET"]}}],"collection":[{"href":"https:\/\/denizcankizil.tr\/en\/wp-json\/wp\/v2\/posts"}],"about":[{"href":"https:\/\/denizcankizil.tr\/en\/wp-json\/wp\/v2\/types\/post"}],"author":[{"embeddable":true,"href":"https:\/\/denizcankizil.tr\/en\/wp-json\/wp\/v2\/users\/1"}],"replies":[{"embeddable":true,"href":"https:\/\/denizcankizil.tr\/en\/wp-json\/wp\/v2\/comments?post=36158"}],"version-history":[{"count":0,"href":"https:\/\/denizcankizil.tr\/en\/wp-json\/wp\/v2\/posts\/36158\/revisions"}],"wp:attachment":[{"href":"https:\/\/denizcankizil.tr\/en\/wp-json\/wp\/v2\/media?parent=36158"}],"wp:term":[{"taxonomy":"category","embeddable":true,"href":"https:\/\/denizcankizil.tr\/en\/wp-json\/wp\/v2\/categories?post=36158"},{"taxonomy":"post_tag","embeddable":true,"href":"https:\/\/denizcankizil.tr\/en\/wp-json\/wp\/v2\/tags?post=36158"}],"curies":[{"name":"wp","href":"https:\/\/api.w.org\/{rel}","templated":true}]}}