{"id":36110,"date":"2025-03-17T18:41:16","date_gmt":"2025-03-17T15:41:16","guid":{"rendered":"https:\/\/denizcankizil.tr\/uncategorized-tr\/tacz-skandali-ile-anilan-belediye-calisani-yurt-disina-cikiyor-esyalarini-satisa-cikardi\/"},"modified":"2025-03-17T18:41:16","modified_gmt":"2025-03-17T15:41:16","slug":"tacz-skandali-ile-anilan-belediye-calisani-yurt-disina-cikiyor-esyalarini-satisa-cikardi","status":"publish","type":"post","link":"https:\/\/denizcankizil.tr\/en\/haberler\/gundem\/tacz-skandali-ile-anilan-belediye-calisani-yurt-disina-cikiyor-esyalarini-satisa-cikardi\/","title":{"rendered":"Tac*z skandal\u0131 ile an\u0131lan belediye \u00e7al\u0131\u015fan\u0131 yurt d\u0131\u015f\u0131na \u00e7\u0131k\u0131yor! E\u015fyalar\u0131n\u0131 sat\u0131\u015fa \u00e7\u0131kard\u0131"},"content":{"rendered":"<p>Antalya B\u00fcy\u00fck\u015fehir Belediyesi Gen\u00e7lik Meclisi eski ba\u015fkan\u0131 ve belediye \u00e7al\u0131\u015fan\u0131 O.\u015e.K.\u2019nin son olarak Gazete Duvar\u2019da Ceren Deniz\u2019in imzas\u0131yla \u00e7\u0131kan haberin yay\u0131nland\u0131\u011f\u0131 d\u00f6nemde ikinci el e\u015fya satan bir sayfaya yurt d\u0131\u015f\u0131na ta\u015f\u0131naca\u011f\u0131n\u0131 belirterek ev e\u015fyalar\u0131n\u0131 sat\u0131\u015fa koydu\u011fu g\u00f6r\u00fcld\u00fc.<\/p>\n<p>SON HABER \u0130NF\u0130AL YARATTI <\/p>\n<p>Antalya B\u00fcy\u00fck\u015fehir Belediyesi Gen\u00e7lik Meclisi eski ba\u015fkan\u0131 ve belediye \u00e7al\u0131\u015fan\u0131 O.\u015e.K. hakk\u0131nda, yakla\u015f\u0131k bir senedir ortaya at\u0131lan iddialar\u0131n ard\u0131ndan ge\u00e7ti\u011fimiz g\u00fcn Gazete Duvar\u2019da yay\u0131nlanan son haberi sonras\u0131nda ortal\u0131k kar\u0131\u015ft\u0131. \u0130ddialar\u0131n oda\u011f\u0131ndaki O.\u015e.K\u2019nin 3 kad\u0131na istismarda bulundu\u011fu ve darp etti\u011fi ileri s\u00fcr\u00fcld\u00fc.<\/p>\n<p>EV E\u015eYALARINI SATMAK \u0130STED\u0130 <\/p>\n<p>Bu haberin yay\u0131nland\u0131\u011f\u0131 d\u00f6nemde O.\u015e.K\u2019nin sosyal medya hesab\u0131nda ikinci el e\u015fya sat\u0131\u015f\u0131 yapan bir sayfaya e\u015fyalar\u0131n\u0131 koyarak \u201c3 ay \u00f6nce al\u0131nd\u0131. Yurt d\u0131\u015f\u0131na ta\u015f\u0131nma sebebiyle sat\u0131l\u0131kt\u0131r. Tertemiz, hi\u00e7bir deforme yoktur. \u00dcst\u00fcnde do\u011fru d\u00fcr\u00fcst oturulmam\u0131\u015ft\u0131r bile. Ma\u011fazada koltuk tak\u0131m\u0131 85 bin, yemek tak\u0131m\u0131 70 bin TL g\u00fcncel sat\u0131\u015f fiyat\u0131d\u0131r\u201d ifadelerine yer verdi\u011fi g\u00f6r\u00fcld\u00fc.<\/p>\n<p>\u200bAntalya B\u00fcy\u00fck\u015fehir Belediyesi Gen\u00e7lik Meclisi eski ba\u015fkan\u0131 ve belediye \u00e7al\u0131\u015fan\u0131 O.\u015e.K., son g\u00fcnlerde hakk\u0131nda \u00e7\u0131kan kad\u0131na \u015fiddet ve taci*z haberlerinin ard\u0131ndan kritik bir hamle yapt\u0131. O.\u015e.K. hakk\u0131ndaki iddialar\u0131n ayyuka \u00e7\u0131kmas\u0131na paralel olarak verdi\u011fi bir ilanda yurt d\u0131\u015f\u0131na \u00e7\u0131kacak olmas\u0131 sebebiyle ev e\u015fyalar\u0131n\u0131 sat\u0131\u015fa \u00e7\u0131kard\u0131.\u00a0<\/p>\n<p>\u200bHaberin Al\u0131nt\u0131land\u0131\u011f\u0131 Kaynak: www.antalyakorfez.com<\/p>","protected":false},"excerpt":{"rendered":"<p>Antalya B\u00fcy\u00fck\u015fehir Belediyesi Gen\u00e7lik Meclisi eski ba\u015fkan\u0131 ve belediye \u00e7al\u0131\u015fan\u0131 O.\u015e.K.\u2019nin son olarak Gazete Duvar\u2019da Ceren Deniz\u2019in imzas\u0131yla \u00e7\u0131kan haberin yay\u0131nland\u0131\u011f\u0131 d\u00f6nemde ikinci el e\u015fya satan bir sayfaya yurt d\u0131\u015f\u0131na ta\u015f\u0131naca\u011f\u0131n\u0131 belirterek ev e\u015fyalar\u0131n\u0131 sat\u0131\u015fa koydu\u011fu g\u00f6r\u00fcld\u00fc. SON HABER \u0130NF\u0130AL YARATTI Antalya B\u00fcy\u00fck\u015fehir Belediyesi Gen\u00e7lik Meclisi eski ba\u015fkan\u0131 ve belediye \u00e7al\u0131\u015fan\u0131 O.\u015e.K. hakk\u0131nda, yakla\u015f\u0131k bir senedir ortaya at\u0131lan iddialar\u0131n ard\u0131ndan ge\u00e7ti\u011fimiz g\u00fcn Gazete Duvar\u2019da yay\u0131nlanan son haberi sonras\u0131nda ortal\u0131k kar\u0131\u015ft\u0131. \u0130ddialar\u0131n oda\u011f\u0131ndaki O.\u015e.K\u2019nin 3 kad\u0131na istismarda bulundu\u011fu ve darp etti\u011fi ileri s\u00fcr\u00fcld\u00fc. EV E\u015eYALARINI SATMAK \u0130STED\u0130 Bu haberin yay\u0131nland\u0131\u011f\u0131 d\u00f6nemde O.\u015e.K\u2019nin sosyal medya hesab\u0131nda ikinci el e\u015fya sat\u0131\u015f\u0131 yapan bir sayfaya e\u015fyalar\u0131n\u0131 koyarak \u201c3 ay \u00f6nce al\u0131nd\u0131. Yurt d\u0131\u015f\u0131na ta\u015f\u0131nma sebebiyle sat\u0131l\u0131kt\u0131r. Tertemiz, hi\u00e7bir deforme yoktur. \u00dcst\u00fcnde do\u011fru d\u00fcr\u00fcst oturulmam\u0131\u015ft\u0131r bile. Ma\u011fazada koltuk tak\u0131m\u0131 85 bin, yemek tak\u0131m\u0131 70 bin TL g\u00fcncel sat\u0131\u015f fiyat\u0131d\u0131r\u201d ifadelerine yer verdi\u011fi g\u00f6r\u00fcld\u00fc. \u200bAntalya B\u00fcy\u00fck\u015fehir Belediyesi Gen\u00e7lik Meclisi eski ba\u015fkan\u0131 ve belediye \u00e7al\u0131\u015fan\u0131 O.\u015e.K., son g\u00fcnlerde hakk\u0131nda \u00e7\u0131kan kad\u0131na \u015fiddet ve taci*z haberlerinin ard\u0131ndan kritik bir hamle yapt\u0131. O.\u015e.K. hakk\u0131ndaki iddialar\u0131n ayyuka \u00e7\u0131kmas\u0131na paralel olarak verdi\u011fi bir ilanda yurt d\u0131\u015f\u0131na \u00e7\u0131kacak olmas\u0131 sebebiyle ev e\u015fyalar\u0131n\u0131 sat\u0131\u015fa \u00e7\u0131kard\u0131.\u00a0 \u200bHaberin Al\u0131nt\u0131land\u0131\u011f\u0131 Kaynak: www.antalyakorfez.com<\/p>","protected":false},"author":5,"featured_media":0,"comment_status":"","ping_status":"open","sticky":false,"template":"","format":"standard","meta":{"_acf_changed":false,"footnotes":""},"categories":[24],"tags":[],"class_list":["post-36110","post","type-post","status-publish","format-standard","has-post-thumbnail","hentry","category-gundem"],"acf":[],"yoast_head":"<!-- This site is optimized with the Yoast SEO Premium plugin v26.6 (Yoast SEO v27.1.1) - https:\/\/yoast.com\/product\/yoast-seo-premium-wordpress\/ -->\n<title>Tac*z skandal\u0131 ile an\u0131lan belediye \u00e7al\u0131\u015fan\u0131 yurt d\u0131\u015f\u0131na \u00e7\u0131k\u0131yor! E\u015fyalar\u0131n\u0131 sat\u0131\u015fa \u00e7\u0131kard\u0131 - Av. Deniz Can K\u0131z\u0131l<\/title>\n<meta name=\"robots\" content=\"index, follow, max-snippet:-1, max-image-preview:large, max-video-preview:-1\" \/>\n<link rel=\"canonical\" href=\"http:\/\/denizcankizil.tr\/en\/haberler\/gundem\/tacz-skandali-ile-anilan-belediye-calisani-yurt-disina-cikiyor-esyalarini-satisa-cikardi\/\" \/>\n<meta property=\"og:locale\" content=\"en_GB\" \/>\n<meta property=\"og:type\" content=\"article\" \/>\n<meta property=\"og:title\" content=\"Tac*z skandal\u0131 ile an\u0131lan belediye \u00e7al\u0131\u015fan\u0131 yurt d\u0131\u015f\u0131na \u00e7\u0131k\u0131yor! E\u015fyalar\u0131n\u0131 sat\u0131\u015fa \u00e7\u0131kard\u0131\" \/>\n<meta property=\"og:description\" content=\"Antalya B\u00fcy\u00fck\u015fehir Belediyesi Gen\u00e7lik Meclisi eski ba\u015fkan\u0131 ve belediye \u00e7al\u0131\u015fan\u0131 O.\u015e.K.\u2019nin son olarak Gazete Duvar\u2019da Ceren Deniz\u2019in imzas\u0131yla \u00e7\u0131kan haberin yay\u0131nland\u0131\u011f\u0131 d\u00f6nemde ikinci el e\u015fya satan bir sayfaya yurt d\u0131\u015f\u0131na ta\u015f\u0131naca\u011f\u0131n\u0131 belirterek ev e\u015fyalar\u0131n\u0131 sat\u0131\u015fa koydu\u011fu g\u00f6r\u00fcld\u00fc. SON HABER \u0130NF\u0130AL YARATTI Antalya B\u00fcy\u00fck\u015fehir Belediyesi Gen\u00e7lik Meclisi eski ba\u015fkan\u0131 ve belediye \u00e7al\u0131\u015fan\u0131 O.\u015e.K. hakk\u0131nda, yakla\u015f\u0131k bir senedir ortaya at\u0131lan iddialar\u0131n ard\u0131ndan ge\u00e7ti\u011fimiz g\u00fcn Gazete Duvar\u2019da yay\u0131nlanan son haberi sonras\u0131nda ortal\u0131k kar\u0131\u015ft\u0131. \u0130ddialar\u0131n oda\u011f\u0131ndaki O.\u015e.K\u2019nin 3 kad\u0131na istismarda bulundu\u011fu ve darp etti\u011fi ileri s\u00fcr\u00fcld\u00fc. EV E\u015eYALARINI SATMAK \u0130STED\u0130 Bu haberin yay\u0131nland\u0131\u011f\u0131 d\u00f6nemde O.\u015e.K\u2019nin sosyal medya hesab\u0131nda ikinci el e\u015fya sat\u0131\u015f\u0131 yapan bir sayfaya e\u015fyalar\u0131n\u0131 koyarak \u201c3 ay \u00f6nce al\u0131nd\u0131. Yurt d\u0131\u015f\u0131na ta\u015f\u0131nma sebebiyle sat\u0131l\u0131kt\u0131r. Tertemiz, hi\u00e7bir deforme yoktur. \u00dcst\u00fcnde do\u011fru d\u00fcr\u00fcst oturulmam\u0131\u015ft\u0131r bile. Ma\u011fazada koltuk tak\u0131m\u0131 85 bin, yemek tak\u0131m\u0131 70 bin TL g\u00fcncel sat\u0131\u015f fiyat\u0131d\u0131r\u201d ifadelerine yer verdi\u011fi g\u00f6r\u00fcld\u00fc. \u200bAntalya B\u00fcy\u00fck\u015fehir Belediyesi Gen\u00e7lik Meclisi eski ba\u015fkan\u0131 ve belediye \u00e7al\u0131\u015fan\u0131 O.\u015e.K., son g\u00fcnlerde hakk\u0131nda \u00e7\u0131kan kad\u0131na \u015fiddet ve taci*z haberlerinin ard\u0131ndan kritik bir hamle yapt\u0131. O.\u015e.K. hakk\u0131ndaki iddialar\u0131n ayyuka \u00e7\u0131kmas\u0131na paralel olarak verdi\u011fi bir ilanda yurt d\u0131\u015f\u0131na \u00e7\u0131kacak olmas\u0131 sebebiyle ev e\u015fyalar\u0131n\u0131 sat\u0131\u015fa \u00e7\u0131kard\u0131.\u00a0 \u200bHaberin Al\u0131nt\u0131land\u0131\u011f\u0131 Kaynak: www.antalyakorfez.com\" \/>\n<meta property=\"og:url\" content=\"http:\/\/denizcankizil.tr\/en\/haberler\/gundem\/tacz-skandali-ile-anilan-belediye-calisani-yurt-disina-cikiyor-esyalarini-satisa-cikardi\/\" \/>\n<meta property=\"og:site_name\" content=\"Av. Deniz Can K\u0131z\u0131l\" \/>\n<meta property=\"article:published_time\" content=\"2025-03-17T15:41:16+00:00\" \/>\n<meta name=\"author\" content=\"Antalya K\u00f6rfez\" \/>\n<meta name=\"twitter:card\" content=\"summary_large_image\" \/>\n<meta name=\"twitter:label1\" content=\"Written by\" \/>\n\t<meta name=\"twitter:data1\" content=\"Antalya K\u00f6rfez\" \/>\n\t<meta name=\"twitter:label2\" content=\"Estimated reading time\" \/>\n\t<meta name=\"twitter:data2\" content=\"1 minute\" \/>\n<script type=\"application\/ld+json\" class=\"yoast-schema-graph\">{\"@context\":\"https:\/\/schema.org\",\"@graph\":[{\"@type\":\"Article\",\"@id\":\"http:\/\/denizcankizil.tr\/uk\/haberler\/gundem\/tacz-skandali-ile-anilan-belediye-calisani-yurt-disina-cikiyor-esyalarini-satisa-cikardi\/#article\",\"isPartOf\":{\"@id\":\"http:\/\/denizcankizil.tr\/uk\/haberler\/gundem\/tacz-skandali-ile-anilan-belediye-calisani-yurt-disina-cikiyor-esyalarini-satisa-cikardi\/\"},\"author\":{\"name\":\"Antalya K\u00f6rfez\",\"@id\":\"https:\/\/denizcankizil.tr\/de\/#\/schema\/person\/e1eb71bb4dd684d46563f0af307e1234\"},\"headline\":\"Tac*z skandal\u0131 ile an\u0131lan belediye \u00e7al\u0131\u015fan\u0131 yurt d\u0131\u015f\u0131na \u00e7\u0131k\u0131yor! E\u015fyalar\u0131n\u0131 sat\u0131\u015fa \u00e7\u0131kard\u0131\",\"datePublished\":\"2025-03-17T15:41:16+00:00\",\"mainEntityOfPage\":{\"@id\":\"http:\/\/denizcankizil.tr\/uk\/haberler\/gundem\/tacz-skandali-ile-anilan-belediye-calisani-yurt-disina-cikiyor-esyalarini-satisa-cikardi\/\"},\"wordCount\":311,\"publisher\":{\"@id\":\"https:\/\/denizcankizil.tr\/de\/#organization\"},\"articleSection\":[\"G\u00fcndem\"],\"inLanguage\":\"en-GB\"},{\"@type\":\"WebPage\",\"@id\":\"http:\/\/denizcankizil.tr\/uk\/haberler\/gundem\/tacz-skandali-ile-anilan-belediye-calisani-yurt-disina-cikiyor-esyalarini-satisa-cikardi\/\",\"url\":\"http:\/\/denizcankizil.tr\/uk\/haberler\/gundem\/tacz-skandali-ile-anilan-belediye-calisani-yurt-disina-cikiyor-esyalarini-satisa-cikardi\/\",\"name\":\"Tac*z skandal\u0131 ile an\u0131lan belediye \u00e7al\u0131\u015fan\u0131 yurt d\u0131\u015f\u0131na \u00e7\u0131k\u0131yor! E\u015fyalar\u0131n\u0131 sat\u0131\u015fa \u00e7\u0131kard\u0131 - Av. Deniz Can K\u0131z\u0131l\",\"isPartOf\":{\"@id\":\"https:\/\/denizcankizil.tr\/de\/#website\"},\"datePublished\":\"2025-03-17T15:41:16+00:00\",\"breadcrumb\":{\"@id\":\"http:\/\/denizcankizil.tr\/uk\/haberler\/gundem\/tacz-skandali-ile-anilan-belediye-calisani-yurt-disina-cikiyor-esyalarini-satisa-cikardi\/#breadcrumb\"},\"inLanguage\":\"en-GB\",\"potentialAction\":[{\"@type\":\"ReadAction\",\"target\":[\"http:\/\/denizcankizil.tr\/uk\/haberler\/gundem\/tacz-skandali-ile-anilan-belediye-calisani-yurt-disina-cikiyor-esyalarini-satisa-cikardi\/\"]}]},{\"@type\":\"BreadcrumbList\",\"@id\":\"http:\/\/denizcankizil.tr\/uk\/haberler\/gundem\/tacz-skandali-ile-anilan-belediye-calisani-yurt-disina-cikiyor-esyalarini-satisa-cikardi\/#breadcrumb\",\"itemListElement\":[{\"@type\":\"ListItem\",\"position\":1,\"name\":\"Home\",\"item\":\"https:\/\/denizcankizil.tr\/de\/\"},{\"@type\":\"ListItem\",\"position\":2,\"name\":\"Tac*z skandal\u0131 ile an\u0131lan belediye \u00e7al\u0131\u015fan\u0131 yurt d\u0131\u015f\u0131na \u00e7\u0131k\u0131yor! E\u015fyalar\u0131n\u0131 sat\u0131\u015fa \u00e7\u0131kard\u0131\"}]},{\"@type\":\"WebSite\",\"@id\":\"https:\/\/denizcankizil.tr\/de\/#website\",\"url\":\"https:\/\/denizcankizil.tr\/de\/\",\"name\":\"Av. Deniz Can K\u0131z\u0131l\",\"description\":\"Avukat Deniz Can K\u0131z\u0131l Antalya Barosu\",\"publisher\":{\"@id\":\"https:\/\/denizcankizil.tr\/de\/#organization\"},\"potentialAction\":[{\"@type\":\"SearchAction\",\"target\":{\"@type\":\"EntryPoint\",\"urlTemplate\":\"https:\/\/denizcankizil.tr\/de\/?s={search_term_string}\"},\"query-input\":{\"@type\":\"PropertyValueSpecification\",\"valueRequired\":true,\"valueName\":\"search_term_string\"}}],\"inLanguage\":\"en-GB\"},{\"@type\":\"Organization\",\"@id\":\"https:\/\/denizcankizil.tr\/de\/#organization\",\"name\":\"Av. Deniz Can K\u0131z\u0131l\",\"url\":\"https:\/\/denizcankizil.tr\/de\/\",\"logo\":{\"@type\":\"ImageObject\",\"inLanguage\":\"en-GB\",\"@id\":\"https:\/\/denizcankizil.tr\/de\/#\/schema\/logo\/image\/\",\"url\":\"https:\/\/denizcankizil.tr\/wp-content\/uploads\/2024\/10\/siyah-logo-svg.svg\",\"contentUrl\":\"https:\/\/denizcankizil.tr\/wp-content\/uploads\/2024\/10\/siyah-logo-svg.svg\",\"width\":1080,\"height\":1080,\"caption\":\"Av. Deniz Can K\u0131z\u0131l\"},\"image\":{\"@id\":\"https:\/\/denizcankizil.tr\/de\/#\/schema\/logo\/image\/\"}},{\"@type\":\"Person\",\"@id\":\"https:\/\/denizcankizil.tr\/de\/#\/schema\/person\/e1eb71bb4dd684d46563f0af307e1234\",\"name\":\"Antalya K\u00f6rfez\",\"image\":{\"@type\":\"ImageObject\",\"inLanguage\":\"en-GB\",\"@id\":\"https:\/\/denizcankizil.tr\/de\/#\/schema\/person\/image\/\",\"url\":\"https:\/\/secure.gravatar.com\/avatar\/42b01982558a48a0b501fdcab6a408d3717ea5919095ee2e67b0e521799c5905?s=96&d=mm&r=g\",\"contentUrl\":\"https:\/\/secure.gravatar.com\/avatar\/42b01982558a48a0b501fdcab6a408d3717ea5919095ee2e67b0e521799c5905?s=96&d=mm&r=g\",\"caption\":\"Antalya K\u00f6rfez\"},\"sameAs\":[\"http:\/\/www.antalyakorfez.com\"],\"url\":\"https:\/\/www.antalyakorfez.com\/tacz-skandali-ile-anilan-belediye-calisani-yurt-disina-cikiyor-esyalarini-satisa-cikardi\"}]}<\/script>\n<!-- \/ Yoast SEO Premium plugin. -->","yoast_head_json":{"title":"Tac*z skandal\u0131 ile an\u0131lan belediye \u00e7al\u0131\u015fan\u0131 yurt d\u0131\u015f\u0131na \u00e7\u0131k\u0131yor! E\u015fyalar\u0131n\u0131 sat\u0131\u015fa \u00e7\u0131kard\u0131 - Av. Deniz Can K\u0131z\u0131l","robots":{"index":"index","follow":"follow","max-snippet":"max-snippet:-1","max-image-preview":"max-image-preview:large","max-video-preview":"max-video-preview:-1"},"canonical":"http:\/\/denizcankizil.tr\/en\/haberler\/gundem\/tacz-skandali-ile-anilan-belediye-calisani-yurt-disina-cikiyor-esyalarini-satisa-cikardi\/","og_locale":"en_GB","og_type":"article","og_title":"Tac*z skandal\u0131 ile an\u0131lan belediye \u00e7al\u0131\u015fan\u0131 yurt d\u0131\u015f\u0131na \u00e7\u0131k\u0131yor! E\u015fyalar\u0131n\u0131 sat\u0131\u015fa \u00e7\u0131kard\u0131","og_description":"Antalya B\u00fcy\u00fck\u015fehir Belediyesi Gen\u00e7lik Meclisi eski ba\u015fkan\u0131 ve belediye \u00e7al\u0131\u015fan\u0131 O.\u015e.K.\u2019nin son olarak Gazete Duvar\u2019da Ceren Deniz\u2019in imzas\u0131yla \u00e7\u0131kan haberin yay\u0131nland\u0131\u011f\u0131 d\u00f6nemde ikinci el e\u015fya satan bir sayfaya yurt d\u0131\u015f\u0131na ta\u015f\u0131naca\u011f\u0131n\u0131 belirterek ev e\u015fyalar\u0131n\u0131 sat\u0131\u015fa koydu\u011fu g\u00f6r\u00fcld\u00fc. SON HABER \u0130NF\u0130AL YARATTI Antalya B\u00fcy\u00fck\u015fehir Belediyesi Gen\u00e7lik Meclisi eski ba\u015fkan\u0131 ve belediye \u00e7al\u0131\u015fan\u0131 O.\u015e.K. hakk\u0131nda, yakla\u015f\u0131k bir senedir ortaya at\u0131lan iddialar\u0131n ard\u0131ndan ge\u00e7ti\u011fimiz g\u00fcn Gazete Duvar\u2019da yay\u0131nlanan son haberi sonras\u0131nda ortal\u0131k kar\u0131\u015ft\u0131. \u0130ddialar\u0131n oda\u011f\u0131ndaki O.\u015e.K\u2019nin 3 kad\u0131na istismarda bulundu\u011fu ve darp etti\u011fi ileri s\u00fcr\u00fcld\u00fc. EV E\u015eYALARINI SATMAK \u0130STED\u0130 Bu haberin yay\u0131nland\u0131\u011f\u0131 d\u00f6nemde O.\u015e.K\u2019nin sosyal medya hesab\u0131nda ikinci el e\u015fya sat\u0131\u015f\u0131 yapan bir sayfaya e\u015fyalar\u0131n\u0131 koyarak \u201c3 ay \u00f6nce al\u0131nd\u0131. Yurt d\u0131\u015f\u0131na ta\u015f\u0131nma sebebiyle sat\u0131l\u0131kt\u0131r. Tertemiz, hi\u00e7bir deforme yoktur. \u00dcst\u00fcnde do\u011fru d\u00fcr\u00fcst oturulmam\u0131\u015ft\u0131r bile. Ma\u011fazada koltuk tak\u0131m\u0131 85 bin, yemek tak\u0131m\u0131 70 bin TL g\u00fcncel sat\u0131\u015f fiyat\u0131d\u0131r\u201d ifadelerine yer verdi\u011fi g\u00f6r\u00fcld\u00fc. \u200bAntalya B\u00fcy\u00fck\u015fehir Belediyesi Gen\u00e7lik Meclisi eski ba\u015fkan\u0131 ve belediye \u00e7al\u0131\u015fan\u0131 O.\u015e.K., son g\u00fcnlerde hakk\u0131nda \u00e7\u0131kan kad\u0131na \u015fiddet ve taci*z haberlerinin ard\u0131ndan kritik bir hamle yapt\u0131. O.\u015e.K. hakk\u0131ndaki iddialar\u0131n ayyuka \u00e7\u0131kmas\u0131na paralel olarak verdi\u011fi bir ilanda yurt d\u0131\u015f\u0131na \u00e7\u0131kacak olmas\u0131 sebebiyle ev e\u015fyalar\u0131n\u0131 sat\u0131\u015fa \u00e7\u0131kard\u0131.\u00a0 \u200bHaberin Al\u0131nt\u0131land\u0131\u011f\u0131 Kaynak: www.antalyakorfez.com","og_url":"http:\/\/denizcankizil.tr\/en\/haberler\/gundem\/tacz-skandali-ile-anilan-belediye-calisani-yurt-disina-cikiyor-esyalarini-satisa-cikardi\/","og_site_name":"Av. Deniz Can K\u0131z\u0131l","article_published_time":"2025-03-17T15:41:16+00:00","author":"Antalya K\u00f6rfez","twitter_card":"summary_large_image","twitter_misc":{"Written by":"Antalya K\u00f6rfez","Estimated reading time":"1 minute"},"schema":{"@context":"https:\/\/schema.org","@graph":[{"@type":"Article","@id":"http:\/\/denizcankizil.tr\/uk\/haberler\/gundem\/tacz-skandali-ile-anilan-belediye-calisani-yurt-disina-cikiyor-esyalarini-satisa-cikardi\/#article","isPartOf":{"@id":"http:\/\/denizcankizil.tr\/uk\/haberler\/gundem\/tacz-skandali-ile-anilan-belediye-calisani-yurt-disina-cikiyor-esyalarini-satisa-cikardi\/"},"author":{"name":"Antalya K\u00f6rfez","@id":"https:\/\/denizcankizil.tr\/de\/#\/schema\/person\/e1eb71bb4dd684d46563f0af307e1234"},"headline":"Tac*z skandal\u0131 ile an\u0131lan belediye \u00e7al\u0131\u015fan\u0131 yurt d\u0131\u015f\u0131na \u00e7\u0131k\u0131yor! E\u015fyalar\u0131n\u0131 sat\u0131\u015fa \u00e7\u0131kard\u0131","datePublished":"2025-03-17T15:41:16+00:00","mainEntityOfPage":{"@id":"http:\/\/denizcankizil.tr\/uk\/haberler\/gundem\/tacz-skandali-ile-anilan-belediye-calisani-yurt-disina-cikiyor-esyalarini-satisa-cikardi\/"},"wordCount":311,"publisher":{"@id":"https:\/\/denizcankizil.tr\/de\/#organization"},"articleSection":["G\u00fcndem"],"inLanguage":"en-GB"},{"@type":"WebPage","@id":"http:\/\/denizcankizil.tr\/uk\/haberler\/gundem\/tacz-skandali-ile-anilan-belediye-calisani-yurt-disina-cikiyor-esyalarini-satisa-cikardi\/","url":"http:\/\/denizcankizil.tr\/uk\/haberler\/gundem\/tacz-skandali-ile-anilan-belediye-calisani-yurt-disina-cikiyor-esyalarini-satisa-cikardi\/","name":"Tac*z skandal\u0131 ile an\u0131lan belediye \u00e7al\u0131\u015fan\u0131 yurt d\u0131\u015f\u0131na \u00e7\u0131k\u0131yor! E\u015fyalar\u0131n\u0131 sat\u0131\u015fa \u00e7\u0131kard\u0131 - Av. Deniz Can K\u0131z\u0131l","isPartOf":{"@id":"https:\/\/denizcankizil.tr\/de\/#website"},"datePublished":"2025-03-17T15:41:16+00:00","breadcrumb":{"@id":"http:\/\/denizcankizil.tr\/uk\/haberler\/gundem\/tacz-skandali-ile-anilan-belediye-calisani-yurt-disina-cikiyor-esyalarini-satisa-cikardi\/#breadcrumb"},"inLanguage":"en-GB","potentialAction":[{"@type":"ReadAction","target":["http:\/\/denizcankizil.tr\/uk\/haberler\/gundem\/tacz-skandali-ile-anilan-belediye-calisani-yurt-disina-cikiyor-esyalarini-satisa-cikardi\/"]}]},{"@type":"BreadcrumbList","@id":"http:\/\/denizcankizil.tr\/uk\/haberler\/gundem\/tacz-skandali-ile-anilan-belediye-calisani-yurt-disina-cikiyor-esyalarini-satisa-cikardi\/#breadcrumb","itemListElement":[{"@type":"ListItem","position":1,"name":"Home","item":"https:\/\/denizcankizil.tr\/de\/"},{"@type":"ListItem","position":2,"name":"Tac*z skandal\u0131 ile an\u0131lan belediye \u00e7al\u0131\u015fan\u0131 yurt d\u0131\u015f\u0131na \u00e7\u0131k\u0131yor! E\u015fyalar\u0131n\u0131 sat\u0131\u015fa \u00e7\u0131kard\u0131"}]},{"@type":"WebSite","@id":"https:\/\/denizcankizil.tr\/de\/#website","url":"https:\/\/denizcankizil.tr\/de\/","name":"Av. Deniz Can K\u0131z\u0131l","description":"Avukat Deniz Can K\u0131z\u0131l Antalya Barosu","publisher":{"@id":"https:\/\/denizcankizil.tr\/de\/#organization"},"potentialAction":[{"@type":"SearchAction","target":{"@type":"EntryPoint","urlTemplate":"https:\/\/denizcankizil.tr\/de\/?s={search_term_string}"},"query-input":{"@type":"PropertyValueSpecification","valueRequired":true,"valueName":"search_term_string"}}],"inLanguage":"en-GB"},{"@type":"Organization","@id":"https:\/\/denizcankizil.tr\/de\/#organization","name":"Av. Deniz Can K\u0131z\u0131l","url":"https:\/\/denizcankizil.tr\/de\/","logo":{"@type":"ImageObject","inLanguage":"en-GB","@id":"https:\/\/denizcankizil.tr\/de\/#\/schema\/logo\/image\/","url":"https:\/\/denizcankizil.tr\/wp-content\/uploads\/2024\/10\/siyah-logo-svg.svg","contentUrl":"https:\/\/denizcankizil.tr\/wp-content\/uploads\/2024\/10\/siyah-logo-svg.svg","width":1080,"height":1080,"caption":"Av. Deniz Can K\u0131z\u0131l"},"image":{"@id":"https:\/\/denizcankizil.tr\/de\/#\/schema\/logo\/image\/"}},{"@type":"Person","@id":"https:\/\/denizcankizil.tr\/de\/#\/schema\/person\/e1eb71bb4dd684d46563f0af307e1234","name":"Antalya K\u00f6rfez","image":{"@type":"ImageObject","inLanguage":"en-GB","@id":"https:\/\/denizcankizil.tr\/de\/#\/schema\/person\/image\/","url":"https:\/\/secure.gravatar.com\/avatar\/42b01982558a48a0b501fdcab6a408d3717ea5919095ee2e67b0e521799c5905?s=96&d=mm&r=g","contentUrl":"https:\/\/secure.gravatar.com\/avatar\/42b01982558a48a0b501fdcab6a408d3717ea5919095ee2e67b0e521799c5905?s=96&d=mm&r=g","caption":"Antalya K\u00f6rfez"},"sameAs":["http:\/\/www.antalyakorfez.com"],"url":"https:\/\/www.antalyakorfez.com\/tacz-skandali-ile-anilan-belediye-calisani-yurt-disina-cikiyor-esyalarini-satisa-cikardi"}]}},"_links":{"self":[{"href":"https:\/\/denizcankizil.tr\/en\/wp-json\/wp\/v2\/posts\/36110","targetHints":{"allow":["GET"]}}],"collection":[{"href":"https:\/\/denizcankizil.tr\/en\/wp-json\/wp\/v2\/posts"}],"about":[{"href":"https:\/\/denizcankizil.tr\/en\/wp-json\/wp\/v2\/types\/post"}],"author":[{"embeddable":true,"href":"https:\/\/denizcankizil.tr\/en\/wp-json\/wp\/v2\/users\/5"}],"replies":[{"embeddable":true,"href":"https:\/\/denizcankizil.tr\/en\/wp-json\/wp\/v2\/comments?post=36110"}],"version-history":[{"count":0,"href":"https:\/\/denizcankizil.tr\/en\/wp-json\/wp\/v2\/posts\/36110\/revisions"}],"wp:attachment":[{"href":"https:\/\/denizcankizil.tr\/en\/wp-json\/wp\/v2\/media?parent=36110"}],"wp:term":[{"taxonomy":"category","embeddable":true,"href":"https:\/\/denizcankizil.tr\/en\/wp-json\/wp\/v2\/categories?post=36110"},{"taxonomy":"post_tag","embeddable":true,"href":"https:\/\/denizcankizil.tr\/en\/wp-json\/wp\/v2\/tags?post=36110"}],"curies":[{"name":"wp","href":"https:\/\/api.w.org\/{rel}","templated":true}]}}