{"id":35722,"date":"2025-03-15T11:41:31","date_gmt":"2025-03-15T08:41:31","guid":{"rendered":"https:\/\/denizcankizil.tr\/uncategorized-tr\/sagliga-37-bin-personel-alinacak\/"},"modified":"2025-03-16T00:42:01","modified_gmt":"2025-03-15T21:42:01","slug":"sagliga-37-bin-personel-alinacak","status":"publish","type":"post","link":"https:\/\/denizcankizil.tr\/en\/haberler\/gundem\/sagliga-37-bin-personel-alinacak\/","title":{"rendered":"Sa\u011fl\u0131\u011fa 37 bin personel al\u0131nacak"},"content":{"rendered":"<p>Cumhurba\u015fkan\u0131 Erdo\u011fan, 2025 y\u0131l\u0131nda sa\u011fl\u0131k te\u015fkilat\u0131n\u0131, istihdam edilecek 37 bin hekim d\u0131\u015f\u0131 yeni personelle daha da g\u00fc\u00e7lendireceklerini s\u00f6yledi.\u0130STANBUL (\u0130GFA) &#8211; Cumhurba\u015fkan\u0131 Recep Tayyip Erdo\u011fan, Ba\u015fak\u015fehir \u00c7am ve Sakura \u015eehir Hastanesi&#8217;nde Sa\u011fl\u0131k \u00c7al\u0131\u015fanlar\u0131 ile \u0130ftar Program\u0131\u2019na kat\u0131larak bir konu\u015fma yapt\u0131.<br \/>\nCumhurba\u015fkan\u0131 Erdo\u011fan, konu\u015fmas\u0131nda, sofralar\u0131n\u0131 sa\u011fl\u0131k \u00e7al\u0131\u015fanlar\u0131yla payla\u015fman\u0131n memnuniyeti i\u00e7erisinde oldu\u011funu s\u00f6yledi. Erdo\u011fan, salg\u0131n\u0131n ard\u0131ndan toplumun ertelenmi\u015f sa\u011fl\u0131k hizmeti talebinde \u00e7ok ciddi art\u0131\u015flar ya\u015fand\u0131\u011f\u0131n\u0131, t\u00fcm d\u00fcnya gibi T\u00fcrkiye&#8217;nin de bu yeni durumla s\u0131nand\u0131\u011f\u0131n\u0131 belirtti.<br \/>\n&#8220;SA\u011eLIK PERSONEL\u0130M\u0130ZE EL KALDIRILMASINI ASLA KABUL ETMEY\u0130Z&#8221;<br \/>\nCumhurba\u015fkan\u0131 Erdo\u011fan, \u0130stanbul&#8217;dan Hakkari&#8217;ye, Van&#8217;dan Mu\u011fla&#8217;ya, Antalya&#8217;dan Trabzon&#8217;a, \u00fclkenin d\u00f6rt bir yan\u0131ndaki vatanda\u015flar\u0131n sa\u011fl\u0131k hizmetlerinin son 22 y\u0131lda nereden nereye geldi\u011fini zaten \u00e7ok iyi bildi\u011fini belirtti.<br \/>\n&#8220;Halk i\u00e7inde muteber bir nesne yok devlet gibi. Olmaya devlet cihanda bir nefes s\u0131hhat gibi&#8221; d\u00fcsturuyla emanetini ta\u015f\u0131d\u0131klar\u0131 millete en kaliteli sa\u011fl\u0131k hizmetini sunabilmek i\u00e7in gece-g\u00fcnd\u00fcz demeden ko\u015fturduklar\u0131n\u0131 ifade eden Cumhurba\u015fkan\u0131 Erdo\u011fan, s\u00f6zlerini \u015f\u00f6yle s\u00fcrd\u00fcrd\u00fc:<\/p>\n<p>&#8220;De\u011ferli dostlar, de\u011fi\u015fen ihtiya\u00e7lara ve beklentilere cevap verebilmek amac\u0131yla in\u015fallah \u00f6n\u00fcm\u00fczdeki d\u00f6nemde kamunun sa\u011fl\u0131k alan\u0131nda \u00fcstlendi\u011fi \u00f6nc\u00fc rol\u00fc g\u00fc\u00e7lendirmeyi, vatanda\u015f\u0131n acil sa\u011fl\u0131k hizmet talebinde ambulanstan taburcu oldu\u011fu aral\u0131\u011fa kadar sa\u011fl\u0131k hizmet sunumunun kalitesinin art\u0131r\u0131lmas\u0131n\u0131, kronik hastal\u0131klar\u0131n erken te\u015fhisi, takibi ve tedavisinin yan\u0131 s\u0131ra gereksiz ila\u00e7 kullan\u0131m\u0131n\u0131n \u00f6nlenmesini, a\u015f\u0131r\u0131 kilo ve hareketsizlik yan\u0131nda madde, t\u00fct\u00fcn ve teknoloji ba\u011f\u0131ml\u0131l\u0131\u011f\u0131yla m\u00fccadeleyi daha etkin bir \u015fekilde y\u00fcr\u00fctmeyi hedefliyoruz. Her alanda oldu\u011fu gibi sa\u011fl\u0131kta da \u015fiddete asla m\u00fcsamaham\u0131z yoktur. Bu konuda ilkemiz s\u0131f\u0131r toleranst\u0131r. Hayat kurtaran, insan\u0131n en de\u011ferli nimeti olan sa\u011fl\u0131\u011f\u0131na kavu\u015fmas\u0131na yard\u0131mc\u0131 olan hekimlerimize ve sa\u011fl\u0131k personelimize el kald\u0131r\u0131lmas\u0131n\u0131 asla kabul etmeyiz. Sa\u011fl\u0131k \u00e7al\u0131\u015fanlar\u0131na y\u00f6nelik \u015fiddet konusunda zaten en \u00fcst d\u00fczeyde olan hassasiyetimizin de\u011fi\u015fmeyece\u011fini tekrar alt\u0131n\u0131 \u00e7izerek s\u00f6yl\u00fcyorum.&#8221;<br \/>\n&#8220;2025&#8217;TE SA\u011eLIK TE\u015eK\u0130LATIMIZI 37 B\u0130N YEN\u0130 PERSONEL \u0130LE DAHA DA G\u00dc\u00c7LEND\u0130RECE\u011e\u0130Z&#8221;<br \/>\nCumhurba\u015fkan\u0131 Erdo\u011fan, 22 sene boyunca ne yapt\u0131larsa, ba\u015fta doktorlar olmak \u00fczere sa\u011fl\u0131k \u00e7al\u0131\u015fanlar\u0131yla birlikte dayan\u0131\u015fma i\u00e7inde yapt\u0131klar\u0131n\u0131 kaydederek, &#8220;Neyi ba\u015fard\u0131ysak, hekimlerimizle, hem\u015firelerimizle, sa\u011fl\u0131k \u00e7al\u0131\u015fanlar\u0131m\u0131zla birlikte omuz omuza vererek ba\u015fard\u0131k. \u0130n\u015fallah bu \u015fekilde de yola devam edece\u011fiz&#8221; dedi.<br \/>\nSa\u011fl\u0131k camias\u0131n\u0131n bekledi\u011fi \u00f6nemli bir m\u00fcjdeyi sa\u011fl\u0131k \u00e7al\u0131\u015fanlar\u0131 ve aziz milletiyle payla\u015fmak istedi\u011fini s\u00f6yleyen Cumhurba\u015fkan\u0131 Erdo\u011fan, &#8220;\u0130n\u015fallah 2025 senesi i\u00e7inde sa\u011fl\u0131k te\u015fkilat\u0131m\u0131z\u0131, istihdam edece\u011fimiz 37 bin hekim d\u0131\u015f\u0131 yeni personelle daha da g\u00fc\u00e7lendirece\u011fiz. Hay\u0131rl\u0131 u\u011furlu olsun diyorum. Bu d\u00fc\u015f\u00fcncelerle, hekimlerimiz ba\u015fta olmak \u00fczere \u00fclkemizin d\u00f6rt bir ucunda sab\u0131r, \u015fefkat ve metanetle insan\u0131m\u0131za hizmet etmeyi g\u00f6rev bilen t\u00fcm sa\u011fl\u0131k \u00e7al\u0131\u015fanlar\u0131m\u0131z\u0131n 14 Mart T\u0131p Bayram\u0131&#8217;n\u0131 tekrar tebrik ediyorum&#8221; diye konu\u015ftu.<br \/>\nSa\u011fl\u0131k Bakan\u0131 Kemal Memi\u015fo\u011flu, Cumhurba\u015fkan\u0131 Erdo\u011fan&#8217;a, Hazreti Muhammed&#8217;in t\u00fcm insanl\u0131\u011fa rahmet olarak g\u00f6nderildi\u011fini ve ahlaki m\u00fckemmelli\u011fini anlatan &#8220;k\u00e2inat\u0131n iftihar tablosu&#8221;nu g\u00fcn\u00fcn an\u0131s\u0131na takdim etti.<br \/>\nKonu\u015fmalar\u0131n ard\u0131ndan 14 Mart T\u0131p Bayram\u0131 kapsam\u0131nda d\u00fczenlenen Sabuncuo\u011flu \u015eerefeddin \u00d6d\u00fclleri t\u00f6renine ge\u00e7ildi. T\u00f6rende, \u00f6d\u00fclleri Cumhurba\u015fkan\u0131 Erdo\u011fan takdim etti.<br \/>\nYapt\u0131rd\u0131\u011f\u0131 normal do\u011fum oran\u0131 y\u00fcksek, sezaryen do\u011fum oran\u0131 d\u00fc\u015f\u00fck olan kad\u0131n hastal\u0131klar\u0131 ve do\u011fum uzman\u0131 Sevdenur Su &#8220;hizmet \u00f6d\u00fclleri&#8221; kategorisinde, Konya-Ankara yolundaki trafik kazas\u0131nda yaralanan 8 ya\u015f\u0131ndaki Eymen&#8217;e kendi \u00e7orab\u0131n\u0131 giydiren acil t\u0131p teknisyeni Aysen G\u00f6\u00e7er &#8220;vefa \u00f6d\u00fcl\u00fc&#8221; kategorisinde \u00f6d\u00fcl ald\u0131.<\/p>\n<p>Kovid-19 nedeniyle Haziran 2020&#8217;de vefat eden hem\u015fire Dilek Ak\u00e7abelen&#8217;in e\u015fi Tansu Ak\u00e7abelen ve o\u011flu Tun\u00e7 Ak\u00e7abelen&#8217;e de \u00f6zel plaket verildi.<br \/>\nCumhurba\u015fkan\u0131 Erdo\u011fan ile Sa\u011fl\u0131k Bakan\u0131 Memi\u015fo\u011flu, \u00f6d\u00fcle de\u011fer g\u00f6r\u00fclenlerle hat\u0131ra foto\u011fraf\u0131 \u00e7ektirdi.<\/p>\n<p>\u200bCumhurba\u015fkan\u0131 Erdo\u011fan, 2025 y\u0131l\u0131nda sa\u011fl\u0131k te\u015fkilat\u0131n\u0131, istihdam edilecek 37 bin hekim d\u0131\u015f\u0131 yeni personelle daha da g\u00fc\u00e7lendireceklerini s\u00f6yledi.\u0130STANBUL (\u0130GFA) &#8211; Cumhurba\u015fkan\u0131 Recep Tayyip Erdo\u011fan, Ba\u015fak\u015fehir \u00c7am ve Sakura \u015eehir Hastanesi&#8217;nde Sa\u011fl\u0131k \u00c7al\u0131\u015fanlar\u0131 ile \u0130ftar Program\u0131\u2019na kat\u0131larak bir konu\u015fma yapt\u0131.<br \/>\nCumhurba\u015fkan\u0131 Erdo\u011fan, konu\u015fmas\u0131nda, sofralar\u0131n\u0131 sa\u011fl\u0131k \u00e7al\u0131\u015fanlar\u0131yla payla\u015fman\u0131n memnuniyeti i\u00e7erisinde oldu\u011funu s\u00f6yledi. Erdo\u011fan, salg\u0131n\u0131n ard\u0131ndan toplumun ertelenmi\u015f sa\u011fl\u0131k hizmeti talebinde \u00e7ok ciddi art\u0131\u015flar ya\u015fand\u0131\u011f\u0131n\u0131, t\u00fcm d\u00fcnya gibi T\u00fcrkiye&#8217;nin de bu yeni durumla s\u0131nand\u0131\u011f\u0131n\u0131 belirtti.<br \/>\n&#8220;SA\u011eLIK PERSONEL\u0130M\u0130ZE EL KALDIRILMASINI ASLA KABUL ETMEY\u0130Z&#8221;<br \/>\nCumhurba\u015fkan\u0131 Erdo\u011fan, \u0130stanbul&#8217;dan Hakkari&#8217;ye, Van&#8217;dan Mu\u011fla&#8217;ya, Antalya&#8217;dan Trabzon&#8217;a, \u00fclkenin d\u00f6rt bir yan\u0131ndaki vatanda\u015flar\u0131n sa\u011fl\u0131k hizmetlerinin son 22 y\u0131lda nereden nereye geldi\u011fini zaten \u00e7ok iyi bildi\u011fini belirtti.<br \/>\n&#8220;Halk i\u00e7inde muteber bir nesne yok devlet gibi. Olmaya devlet cihanda bir nefes s\u0131hhat gibi&#8221; d\u00fcsturuyla emanetini ta\u015f\u0131d\u0131klar\u0131 millete en kaliteli sa\u011fl\u0131k hizmetini sunabilmek i\u00e7in gece-g\u00fcnd\u00fcz demeden ko\u015fturduklar\u0131n\u0131 ifade eden Cumhurba\u015fkan\u0131 Erdo\u011fan, s\u00f6zlerini \u015f\u00f6yle s\u00fcrd\u00fcrd\u00fc:<\/p>\n<p>&#8220;De\u011ferli dostlar, de\u011fi\u015fen ihtiya\u00e7lara ve beklentilere cevap verebilmek amac\u0131yla in\u015fallah \u00f6n\u00fcm\u00fczdeki d\u00f6nemde kamunun sa\u011fl\u0131k alan\u0131nda \u00fcstlendi\u011fi \u00f6nc\u00fc rol\u00fc g\u00fc\u00e7lendirmeyi, vatanda\u015f\u0131n acil sa\u011fl\u0131k hizmet talebinde ambulanstan taburcu oldu\u011fu aral\u0131\u011fa kadar sa\u011fl\u0131k hizmet sunumunun kalitesinin art\u0131r\u0131lmas\u0131n\u0131, kronik hastal\u0131klar\u0131n erken te\u015fhisi, takibi ve tedavisinin yan\u0131 s\u0131ra gereksiz ila\u00e7 kullan\u0131m\u0131n\u0131n \u00f6nlenmesini, a\u015f\u0131r\u0131 kilo ve hareketsizlik yan\u0131nda madde, t\u00fct\u00fcn ve teknoloji ba\u011f\u0131ml\u0131l\u0131\u011f\u0131yla m\u00fccadeleyi daha etkin bir \u015fekilde y\u00fcr\u00fctmeyi hedefliyoruz. Her alanda oldu\u011fu gibi sa\u011fl\u0131kta da \u015fiddete asla m\u00fcsamaham\u0131z yoktur. Bu konuda ilkemiz s\u0131f\u0131r toleranst\u0131r. Hayat kurtaran, insan\u0131n en de\u011ferli nimeti olan sa\u011fl\u0131\u011f\u0131na kavu\u015fmas\u0131na yard\u0131mc\u0131 olan hekimlerimize ve sa\u011fl\u0131k personelimize el kald\u0131r\u0131lmas\u0131n\u0131 asla kabul etmeyiz. Sa\u011fl\u0131k \u00e7al\u0131\u015fanlar\u0131na y\u00f6nelik \u015fiddet konusunda zaten en \u00fcst d\u00fczeyde olan hassasiyetimizin de\u011fi\u015fmeyece\u011fini tekrar alt\u0131n\u0131 \u00e7izerek s\u00f6yl\u00fcyorum.&#8221;<br \/>\n&#8220;2025&#8217;TE SA\u011eLIK TE\u015eK\u0130LATIMIZI 37 B\u0130N YEN\u0130 PERSONEL \u0130LE DAHA DA G\u00dc\u00c7LEND\u0130RECE\u011e\u0130Z&#8221;<br \/>\nCumhurba\u015fkan\u0131 Erdo\u011fan, 22 sene boyunca ne yapt\u0131larsa, ba\u015fta doktorlar olmak \u00fczere sa\u011fl\u0131k \u00e7al\u0131\u015fanlar\u0131yla birlikte dayan\u0131\u015fma i\u00e7inde yapt\u0131klar\u0131n\u0131 kaydederek, &#8220;Neyi ba\u015fard\u0131ysak, hekimlerimizle, hem\u015firelerimizle, sa\u011fl\u0131k \u00e7al\u0131\u015fanlar\u0131m\u0131zla birlikte omuz omuza vererek ba\u015fard\u0131k. \u0130n\u015fallah bu \u015fekilde de yola devam edece\u011fiz&#8221; dedi.<br \/>\nSa\u011fl\u0131k camias\u0131n\u0131n bekledi\u011fi \u00f6nemli bir m\u00fcjdeyi sa\u011fl\u0131k \u00e7al\u0131\u015fanlar\u0131 ve aziz milletiyle payla\u015fmak istedi\u011fini s\u00f6yleyen Cumhurba\u015fkan\u0131 Erdo\u011fan, &#8220;\u0130n\u015fallah 2025 senesi i\u00e7inde sa\u011fl\u0131k te\u015fkilat\u0131m\u0131z\u0131, istihdam edece\u011fimiz 37 bin hekim d\u0131\u015f\u0131 yeni personelle daha da g\u00fc\u00e7lendirece\u011fiz. Hay\u0131rl\u0131 u\u011furlu olsun diyorum. Bu d\u00fc\u015f\u00fcncelerle, hekimlerimiz ba\u015fta olmak \u00fczere \u00fclkemizin d\u00f6rt bir ucunda sab\u0131r, \u015fefkat ve metanetle insan\u0131m\u0131za hizmet etmeyi g\u00f6rev bilen t\u00fcm sa\u011fl\u0131k \u00e7al\u0131\u015fanlar\u0131m\u0131z\u0131n 14 Mart T\u0131p Bayram\u0131&#8217;n\u0131 tekrar tebrik ediyorum&#8221; diye konu\u015ftu.<br \/>\nSa\u011fl\u0131k Bakan\u0131 Kemal Memi\u015fo\u011flu, Cumhurba\u015fkan\u0131 Erdo\u011fan&#8217;a, Hazreti Muhammed&#8217;in t\u00fcm insanl\u0131\u011fa rahmet olarak g\u00f6nderildi\u011fini ve ahlaki m\u00fckemmelli\u011fini anlatan &#8220;k\u00e2inat\u0131n iftihar tablosu&#8221;nu g\u00fcn\u00fcn an\u0131s\u0131na takdim etti.<br \/>\nKonu\u015fmalar\u0131n ard\u0131ndan 14 Mart T\u0131p Bayram\u0131 kapsam\u0131nda d\u00fczenlenen Sabuncuo\u011flu \u015eerefeddin \u00d6d\u00fclleri t\u00f6renine ge\u00e7ildi. T\u00f6rende, \u00f6d\u00fclleri Cumhurba\u015fkan\u0131 Erdo\u011fan takdim etti.<br \/>\nYapt\u0131rd\u0131\u011f\u0131 normal do\u011fum oran\u0131 y\u00fcksek, sezaryen do\u011fum oran\u0131 d\u00fc\u015f\u00fck olan kad\u0131n hastal\u0131klar\u0131 ve do\u011fum uzman\u0131 Sevdenur Su &#8220;hizmet \u00f6d\u00fclleri&#8221; kategorisinde, Konya-Ankara yolundaki trafik kazas\u0131nda yaralanan 8 ya\u015f\u0131ndaki Eymen&#8217;e kendi \u00e7orab\u0131n\u0131 giydiren acil t\u0131p teknisyeni Aysen G\u00f6\u00e7er &#8220;vefa \u00f6d\u00fcl\u00fc&#8221; kategorisinde \u00f6d\u00fcl ald\u0131.<\/p>\n<p>Kovid-19 nedeniyle Haziran 2020&#8217;de vefat eden hem\u015fire Dilek Ak\u00e7abelen&#8217;in e\u015fi Tansu Ak\u00e7abelen ve o\u011flu Tun\u00e7 Ak\u00e7abelen&#8217;e de \u00f6zel plaket verildi.<br \/>\nCumhurba\u015fkan\u0131 Erdo\u011fan ile Sa\u011fl\u0131k Bakan\u0131 Memi\u015fo\u011flu, \u00f6d\u00fcle de\u011fer g\u00f6r\u00fclenlerle hat\u0131ra foto\u011fraf\u0131 \u00e7ektirdi.\u00a0<\/p>\n<p>\u200bHaberin Al\u0131nt\u0131land\u0131\u011f\u0131 Kaynak: www.iskenderun.org<\/p>","protected":false},"excerpt":{"rendered":"<p>Cumhurba\u015fkan\u0131 Erdo\u011fan, 2025 y\u0131l\u0131nda sa\u011fl\u0131k te\u015fkilat\u0131n\u0131, istihdam edilecek 37 bin hekim d\u0131\u015f\u0131 yeni personelle daha da g\u00fc\u00e7lendireceklerini s\u00f6yledi.\u0130STANBUL (\u0130GFA) &#8211; Cumhurba\u015fkan\u0131 Recep Tayyip Erdo\u011fan, Ba\u015fak\u015fehir \u00c7am ve Sakura \u015eehir Hastanesi&#8217;nde Sa\u011fl\u0131k \u00c7al\u0131\u015fanlar\u0131 ile \u0130ftar Program\u0131\u2019na kat\u0131larak bir konu\u015fma yapt\u0131. Cumhurba\u015fkan\u0131 Erdo\u011fan, konu\u015fmas\u0131nda, sofralar\u0131n\u0131 sa\u011fl\u0131k \u00e7al\u0131\u015fanlar\u0131yla payla\u015fman\u0131n memnuniyeti i\u00e7erisinde oldu\u011funu s\u00f6yledi. Erdo\u011fan, salg\u0131n\u0131n ard\u0131ndan toplumun ertelenmi\u015f sa\u011fl\u0131k hizmeti talebinde \u00e7ok ciddi art\u0131\u015flar ya\u015fand\u0131\u011f\u0131n\u0131, t\u00fcm d\u00fcnya gibi T\u00fcrkiye&#8217;nin de bu yeni durumla s\u0131nand\u0131\u011f\u0131n\u0131 belirtti. &#8220;SA\u011eLIK PERSONEL\u0130M\u0130ZE EL KALDIRILMASINI ASLA KABUL ETMEY\u0130Z&#8221; Cumhurba\u015fkan\u0131 Erdo\u011fan, \u0130stanbul&#8217;dan Hakkari&#8217;ye, Van&#8217;dan Mu\u011fla&#8217;ya, Antalya&#8217;dan Trabzon&#8217;a, \u00fclkenin d\u00f6rt bir yan\u0131ndaki vatanda\u015flar\u0131n sa\u011fl\u0131k hizmetlerinin son 22 y\u0131lda nereden nereye geldi\u011fini zaten \u00e7ok iyi bildi\u011fini belirtti. &#8220;Halk i\u00e7inde muteber bir nesne yok devlet gibi. Olmaya devlet cihanda bir nefes s\u0131hhat gibi&#8221; d\u00fcsturuyla emanetini ta\u015f\u0131d\u0131klar\u0131 millete en kaliteli sa\u011fl\u0131k hizmetini sunabilmek i\u00e7in gece-g\u00fcnd\u00fcz demeden ko\u015fturduklar\u0131n\u0131 ifade eden Cumhurba\u015fkan\u0131 Erdo\u011fan, s\u00f6zlerini \u015f\u00f6yle s\u00fcrd\u00fcrd\u00fc: &#8220;De\u011ferli dostlar, de\u011fi\u015fen ihtiya\u00e7lara ve beklentilere cevap verebilmek amac\u0131yla in\u015fallah \u00f6n\u00fcm\u00fczdeki d\u00f6nemde kamunun sa\u011fl\u0131k alan\u0131nda \u00fcstlendi\u011fi \u00f6nc\u00fc rol\u00fc g\u00fc\u00e7lendirmeyi, vatanda\u015f\u0131n acil sa\u011fl\u0131k hizmet talebinde ambulanstan taburcu oldu\u011fu aral\u0131\u011fa kadar sa\u011fl\u0131k hizmet sunumunun kalitesinin art\u0131r\u0131lmas\u0131n\u0131, kronik hastal\u0131klar\u0131n erken te\u015fhisi, takibi ve tedavisinin yan\u0131 s\u0131ra gereksiz ila\u00e7 kullan\u0131m\u0131n\u0131n \u00f6nlenmesini, a\u015f\u0131r\u0131 kilo ve hareketsizlik yan\u0131nda madde, t\u00fct\u00fcn ve teknoloji ba\u011f\u0131ml\u0131l\u0131\u011f\u0131yla m\u00fccadeleyi daha etkin &hellip;<\/p>","protected":false},"author":1,"featured_media":0,"comment_status":"closed","ping_status":"open","sticky":false,"template":"","format":"standard","meta":{"_acf_changed":false,"footnotes":""},"categories":[24],"tags":[],"class_list":["post-35722","post","type-post","status-publish","format-standard","has-post-thumbnail","hentry","category-gundem"],"acf":[],"yoast_head":"<!-- This site is optimized with the Yoast SEO Premium plugin v26.6 (Yoast SEO v27.1.1) - https:\/\/yoast.com\/product\/yoast-seo-premium-wordpress\/ -->\n<title>Sa\u011fl\u0131\u011fa 37 bin personel al\u0131nacak - Av. Deniz Can K\u0131z\u0131l<\/title>\n<meta name=\"robots\" content=\"index, follow, max-snippet:-1, max-image-preview:large, max-video-preview:-1\" \/>\n<link rel=\"canonical\" href=\"https:\/\/denizcankizil.tr\/en\/haberler\/gundem\/sagliga-37-bin-personel-alinacak\/\" \/>\n<meta property=\"og:locale\" content=\"en_GB\" \/>\n<meta property=\"og:type\" content=\"article\" \/>\n<meta property=\"og:title\" content=\"Sa\u011fl\u0131\u011fa 37 bin personel al\u0131nacak\" \/>\n<meta property=\"og:description\" content=\"Cumhurba\u015fkan\u0131 Erdo\u011fan, 2025 y\u0131l\u0131nda sa\u011fl\u0131k te\u015fkilat\u0131n\u0131, istihdam edilecek 37 bin hekim d\u0131\u015f\u0131 yeni personelle daha da g\u00fc\u00e7lendireceklerini s\u00f6yledi.\u0130STANBUL (\u0130GFA) &#8211; Cumhurba\u015fkan\u0131 Recep Tayyip Erdo\u011fan, Ba\u015fak\u015fehir \u00c7am ve Sakura \u015eehir Hastanesi&#8217;nde Sa\u011fl\u0131k \u00c7al\u0131\u015fanlar\u0131 ile \u0130ftar Program\u0131\u2019na kat\u0131larak bir konu\u015fma yapt\u0131. Cumhurba\u015fkan\u0131 Erdo\u011fan, konu\u015fmas\u0131nda, sofralar\u0131n\u0131 sa\u011fl\u0131k \u00e7al\u0131\u015fanlar\u0131yla payla\u015fman\u0131n memnuniyeti i\u00e7erisinde oldu\u011funu s\u00f6yledi. Erdo\u011fan, salg\u0131n\u0131n ard\u0131ndan toplumun ertelenmi\u015f sa\u011fl\u0131k hizmeti talebinde \u00e7ok ciddi art\u0131\u015flar ya\u015fand\u0131\u011f\u0131n\u0131, t\u00fcm d\u00fcnya gibi T\u00fcrkiye&#8217;nin de bu yeni durumla s\u0131nand\u0131\u011f\u0131n\u0131 belirtti. &#8220;SA\u011eLIK PERSONEL\u0130M\u0130ZE EL KALDIRILMASINI ASLA KABUL ETMEY\u0130Z&#8221; Cumhurba\u015fkan\u0131 Erdo\u011fan, \u0130stanbul&#8217;dan Hakkari&#8217;ye, Van&#8217;dan Mu\u011fla&#8217;ya, Antalya&#8217;dan Trabzon&#8217;a, \u00fclkenin d\u00f6rt bir yan\u0131ndaki vatanda\u015flar\u0131n sa\u011fl\u0131k hizmetlerinin son 22 y\u0131lda nereden nereye geldi\u011fini zaten \u00e7ok iyi bildi\u011fini belirtti. &#8220;Halk i\u00e7inde muteber bir nesne yok devlet gibi. Olmaya devlet cihanda bir nefes s\u0131hhat gibi&#8221; d\u00fcsturuyla emanetini ta\u015f\u0131d\u0131klar\u0131 millete en kaliteli sa\u011fl\u0131k hizmetini sunabilmek i\u00e7in gece-g\u00fcnd\u00fcz demeden ko\u015fturduklar\u0131n\u0131 ifade eden Cumhurba\u015fkan\u0131 Erdo\u011fan, s\u00f6zlerini \u015f\u00f6yle s\u00fcrd\u00fcrd\u00fc: &#8220;De\u011ferli dostlar, de\u011fi\u015fen ihtiya\u00e7lara ve beklentilere cevap verebilmek amac\u0131yla in\u015fallah \u00f6n\u00fcm\u00fczdeki d\u00f6nemde kamunun sa\u011fl\u0131k alan\u0131nda \u00fcstlendi\u011fi \u00f6nc\u00fc rol\u00fc g\u00fc\u00e7lendirmeyi, vatanda\u015f\u0131n acil sa\u011fl\u0131k hizmet talebinde ambulanstan taburcu oldu\u011fu aral\u0131\u011fa kadar sa\u011fl\u0131k hizmet sunumunun kalitesinin art\u0131r\u0131lmas\u0131n\u0131, kronik hastal\u0131klar\u0131n erken te\u015fhisi, takibi ve tedavisinin yan\u0131 s\u0131ra gereksiz ila\u00e7 kullan\u0131m\u0131n\u0131n \u00f6nlenmesini, a\u015f\u0131r\u0131 kilo ve hareketsizlik yan\u0131nda madde, t\u00fct\u00fcn ve teknoloji ba\u011f\u0131ml\u0131l\u0131\u011f\u0131yla m\u00fccadeleyi daha etkin &hellip;\" \/>\n<meta property=\"og:url\" content=\"https:\/\/denizcankizil.tr\/en\/haberler\/gundem\/sagliga-37-bin-personel-alinacak\/\" \/>\n<meta property=\"og:site_name\" content=\"Av. Deniz Can K\u0131z\u0131l\" \/>\n<meta property=\"article:published_time\" content=\"2025-03-15T08:41:31+00:00\" \/>\n<meta property=\"article:modified_time\" content=\"2025-03-15T21:42:01+00:00\" \/>\n<meta name=\"author\" content=\"admin\" \/>\n<meta name=\"twitter:card\" content=\"summary_large_image\" \/>\n<meta name=\"twitter:label1\" content=\"Written by\" \/>\n\t<meta name=\"twitter:data1\" content=\"admin\" \/>\n\t<meta name=\"twitter:label2\" content=\"Estimated reading time\" \/>\n\t<meta name=\"twitter:data2\" content=\"8 minutes\" \/>\n<script type=\"application\/ld+json\" class=\"yoast-schema-graph\">{\"@context\":\"https:\/\/schema.org\",\"@graph\":[{\"@type\":\"Article\",\"@id\":\"https:\/\/denizcankizil.tr\/en\/haberler\/gundem\/sagliga-37-bin-personel-alinacak\/#article\",\"isPartOf\":{\"@id\":\"https:\/\/denizcankizil.tr\/en\/haberler\/gundem\/sagliga-37-bin-personel-alinacak\/\"},\"author\":{\"name\":\"admin\",\"@id\":\"https:\/\/denizcankizil.tr\/#\/schema\/person\/be3c05fe6a12686905512445d8185489\"},\"headline\":\"Sa\u011fl\u0131\u011fa 37 bin personel al\u0131nacak\",\"datePublished\":\"2025-03-15T08:41:31+00:00\",\"dateModified\":\"2025-03-15T21:42:01+00:00\",\"mainEntityOfPage\":{\"@id\":\"https:\/\/denizcankizil.tr\/en\/haberler\/gundem\/sagliga-37-bin-personel-alinacak\/\"},\"wordCount\":1587,\"publisher\":{\"@id\":\"https:\/\/denizcankizil.tr\/#organization\"},\"articleSection\":[\"G\u00fcndem\"],\"inLanguage\":\"en-GB\"},{\"@type\":\"WebPage\",\"@id\":\"https:\/\/denizcankizil.tr\/en\/haberler\/gundem\/sagliga-37-bin-personel-alinacak\/\",\"url\":\"https:\/\/denizcankizil.tr\/en\/haberler\/gundem\/sagliga-37-bin-personel-alinacak\/\",\"name\":\"Sa\u011fl\u0131\u011fa 37 bin personel al\u0131nacak - Av. Deniz Can K\u0131z\u0131l\",\"isPartOf\":{\"@id\":\"https:\/\/denizcankizil.tr\/#website\"},\"datePublished\":\"2025-03-15T08:41:31+00:00\",\"dateModified\":\"2025-03-15T21:42:01+00:00\",\"breadcrumb\":{\"@id\":\"https:\/\/denizcankizil.tr\/en\/haberler\/gundem\/sagliga-37-bin-personel-alinacak\/#breadcrumb\"},\"inLanguage\":\"en-GB\",\"potentialAction\":[{\"@type\":\"ReadAction\",\"target\":[\"https:\/\/denizcankizil.tr\/en\/haberler\/gundem\/sagliga-37-bin-personel-alinacak\/\"]}]},{\"@type\":\"BreadcrumbList\",\"@id\":\"https:\/\/denizcankizil.tr\/en\/haberler\/gundem\/sagliga-37-bin-personel-alinacak\/#breadcrumb\",\"itemListElement\":[{\"@type\":\"ListItem\",\"position\":1,\"name\":\"Home\",\"item\":\"https:\/\/denizcankizil.tr\/uk\/\"},{\"@type\":\"ListItem\",\"position\":2,\"name\":\"Sa\u011fl\u0131\u011fa 37 bin personel al\u0131nacak\"}]},{\"@type\":\"WebSite\",\"@id\":\"https:\/\/denizcankizil.tr\/#website\",\"url\":\"https:\/\/denizcankizil.tr\/\",\"name\":\"Av. Deniz Can K\u0131z\u0131l\",\"description\":\"Avukat Deniz Can K\u0131z\u0131l Antalya Barosu\",\"publisher\":{\"@id\":\"https:\/\/denizcankizil.tr\/#organization\"},\"potentialAction\":[{\"@type\":\"SearchAction\",\"target\":{\"@type\":\"EntryPoint\",\"urlTemplate\":\"https:\/\/denizcankizil.tr\/?s={search_term_string}\"},\"query-input\":{\"@type\":\"PropertyValueSpecification\",\"valueRequired\":true,\"valueName\":\"search_term_string\"}}],\"inLanguage\":\"en-GB\"},{\"@type\":\"Organization\",\"@id\":\"https:\/\/denizcankizil.tr\/#organization\",\"name\":\"Av. Deniz Can K\u0131z\u0131l\",\"url\":\"https:\/\/denizcankizil.tr\/\",\"logo\":{\"@type\":\"ImageObject\",\"inLanguage\":\"en-GB\",\"@id\":\"https:\/\/denizcankizil.tr\/#\/schema\/logo\/image\/\",\"url\":\"https:\/\/denizcankizil.tr\/wp-content\/uploads\/2024\/10\/siyah-logo-svg.svg\",\"contentUrl\":\"https:\/\/denizcankizil.tr\/wp-content\/uploads\/2024\/10\/siyah-logo-svg.svg\",\"width\":1080,\"height\":1080,\"caption\":\"Av. Deniz Can K\u0131z\u0131l\"},\"image\":{\"@id\":\"https:\/\/denizcankizil.tr\/#\/schema\/logo\/image\/\"}},{\"@type\":\"Person\",\"@id\":\"https:\/\/denizcankizil.tr\/#\/schema\/person\/be3c05fe6a12686905512445d8185489\",\"name\":\"admin\",\"image\":{\"@type\":\"ImageObject\",\"inLanguage\":\"en-GB\",\"@id\":\"https:\/\/denizcankizil.tr\/#\/schema\/person\/image\/\",\"url\":\"https:\/\/secure.gravatar.com\/avatar\/c1fce94c830dc79107e174f890d7210541c4a63e8e5d816341794a2151c9d58c?s=96&d=mm&r=g\",\"contentUrl\":\"https:\/\/secure.gravatar.com\/avatar\/c1fce94c830dc79107e174f890d7210541c4a63e8e5d816341794a2151c9d58c?s=96&d=mm&r=g\",\"caption\":\"admin\"},\"sameAs\":[\"http:\/\/denizcankizil.tr\"],\"url\":\"https:\/\/www.iskenderun.org\/sagliga-37-bin-personel-alinacak\"}]}<\/script>\n<!-- \/ Yoast SEO Premium plugin. -->","yoast_head_json":{"title":"Sa\u011fl\u0131\u011fa 37 bin personel al\u0131nacak - Av. Deniz Can K\u0131z\u0131l","robots":{"index":"index","follow":"follow","max-snippet":"max-snippet:-1","max-image-preview":"max-image-preview:large","max-video-preview":"max-video-preview:-1"},"canonical":"https:\/\/denizcankizil.tr\/en\/haberler\/gundem\/sagliga-37-bin-personel-alinacak\/","og_locale":"en_GB","og_type":"article","og_title":"Sa\u011fl\u0131\u011fa 37 bin personel al\u0131nacak","og_description":"Cumhurba\u015fkan\u0131 Erdo\u011fan, 2025 y\u0131l\u0131nda sa\u011fl\u0131k te\u015fkilat\u0131n\u0131, istihdam edilecek 37 bin hekim d\u0131\u015f\u0131 yeni personelle daha da g\u00fc\u00e7lendireceklerini s\u00f6yledi.\u0130STANBUL (\u0130GFA) &#8211; Cumhurba\u015fkan\u0131 Recep Tayyip Erdo\u011fan, Ba\u015fak\u015fehir \u00c7am ve Sakura \u015eehir Hastanesi&#8217;nde Sa\u011fl\u0131k \u00c7al\u0131\u015fanlar\u0131 ile \u0130ftar Program\u0131\u2019na kat\u0131larak bir konu\u015fma yapt\u0131. Cumhurba\u015fkan\u0131 Erdo\u011fan, konu\u015fmas\u0131nda, sofralar\u0131n\u0131 sa\u011fl\u0131k \u00e7al\u0131\u015fanlar\u0131yla payla\u015fman\u0131n memnuniyeti i\u00e7erisinde oldu\u011funu s\u00f6yledi. Erdo\u011fan, salg\u0131n\u0131n ard\u0131ndan toplumun ertelenmi\u015f sa\u011fl\u0131k hizmeti talebinde \u00e7ok ciddi art\u0131\u015flar ya\u015fand\u0131\u011f\u0131n\u0131, t\u00fcm d\u00fcnya gibi T\u00fcrkiye&#8217;nin de bu yeni durumla s\u0131nand\u0131\u011f\u0131n\u0131 belirtti. &#8220;SA\u011eLIK PERSONEL\u0130M\u0130ZE EL KALDIRILMASINI ASLA KABUL ETMEY\u0130Z&#8221; Cumhurba\u015fkan\u0131 Erdo\u011fan, \u0130stanbul&#8217;dan Hakkari&#8217;ye, Van&#8217;dan Mu\u011fla&#8217;ya, Antalya&#8217;dan Trabzon&#8217;a, \u00fclkenin d\u00f6rt bir yan\u0131ndaki vatanda\u015flar\u0131n sa\u011fl\u0131k hizmetlerinin son 22 y\u0131lda nereden nereye geldi\u011fini zaten \u00e7ok iyi bildi\u011fini belirtti. &#8220;Halk i\u00e7inde muteber bir nesne yok devlet gibi. Olmaya devlet cihanda bir nefes s\u0131hhat gibi&#8221; d\u00fcsturuyla emanetini ta\u015f\u0131d\u0131klar\u0131 millete en kaliteli sa\u011fl\u0131k hizmetini sunabilmek i\u00e7in gece-g\u00fcnd\u00fcz demeden ko\u015fturduklar\u0131n\u0131 ifade eden Cumhurba\u015fkan\u0131 Erdo\u011fan, s\u00f6zlerini \u015f\u00f6yle s\u00fcrd\u00fcrd\u00fc: &#8220;De\u011ferli dostlar, de\u011fi\u015fen ihtiya\u00e7lara ve beklentilere cevap verebilmek amac\u0131yla in\u015fallah \u00f6n\u00fcm\u00fczdeki d\u00f6nemde kamunun sa\u011fl\u0131k alan\u0131nda \u00fcstlendi\u011fi \u00f6nc\u00fc rol\u00fc g\u00fc\u00e7lendirmeyi, vatanda\u015f\u0131n acil sa\u011fl\u0131k hizmet talebinde ambulanstan taburcu oldu\u011fu aral\u0131\u011fa kadar sa\u011fl\u0131k hizmet sunumunun kalitesinin art\u0131r\u0131lmas\u0131n\u0131, kronik hastal\u0131klar\u0131n erken te\u015fhisi, takibi ve tedavisinin yan\u0131 s\u0131ra gereksiz ila\u00e7 kullan\u0131m\u0131n\u0131n \u00f6nlenmesini, a\u015f\u0131r\u0131 kilo ve hareketsizlik yan\u0131nda madde, t\u00fct\u00fcn ve teknoloji ba\u011f\u0131ml\u0131l\u0131\u011f\u0131yla m\u00fccadeleyi daha etkin &hellip;","og_url":"https:\/\/denizcankizil.tr\/en\/haberler\/gundem\/sagliga-37-bin-personel-alinacak\/","og_site_name":"Av. Deniz Can K\u0131z\u0131l","article_published_time":"2025-03-15T08:41:31+00:00","article_modified_time":"2025-03-15T21:42:01+00:00","author":"admin","twitter_card":"summary_large_image","twitter_misc":{"Written by":"admin","Estimated reading time":"8 minutes"},"schema":{"@context":"https:\/\/schema.org","@graph":[{"@type":"Article","@id":"https:\/\/denizcankizil.tr\/en\/haberler\/gundem\/sagliga-37-bin-personel-alinacak\/#article","isPartOf":{"@id":"https:\/\/denizcankizil.tr\/en\/haberler\/gundem\/sagliga-37-bin-personel-alinacak\/"},"author":{"name":"admin","@id":"https:\/\/denizcankizil.tr\/#\/schema\/person\/be3c05fe6a12686905512445d8185489"},"headline":"Sa\u011fl\u0131\u011fa 37 bin personel al\u0131nacak","datePublished":"2025-03-15T08:41:31+00:00","dateModified":"2025-03-15T21:42:01+00:00","mainEntityOfPage":{"@id":"https:\/\/denizcankizil.tr\/en\/haberler\/gundem\/sagliga-37-bin-personel-alinacak\/"},"wordCount":1587,"publisher":{"@id":"https:\/\/denizcankizil.tr\/#organization"},"articleSection":["G\u00fcndem"],"inLanguage":"en-GB"},{"@type":"WebPage","@id":"https:\/\/denizcankizil.tr\/en\/haberler\/gundem\/sagliga-37-bin-personel-alinacak\/","url":"https:\/\/denizcankizil.tr\/en\/haberler\/gundem\/sagliga-37-bin-personel-alinacak\/","name":"Sa\u011fl\u0131\u011fa 37 bin personel al\u0131nacak - Av. Deniz Can K\u0131z\u0131l","isPartOf":{"@id":"https:\/\/denizcankizil.tr\/#website"},"datePublished":"2025-03-15T08:41:31+00:00","dateModified":"2025-03-15T21:42:01+00:00","breadcrumb":{"@id":"https:\/\/denizcankizil.tr\/en\/haberler\/gundem\/sagliga-37-bin-personel-alinacak\/#breadcrumb"},"inLanguage":"en-GB","potentialAction":[{"@type":"ReadAction","target":["https:\/\/denizcankizil.tr\/en\/haberler\/gundem\/sagliga-37-bin-personel-alinacak\/"]}]},{"@type":"BreadcrumbList","@id":"https:\/\/denizcankizil.tr\/en\/haberler\/gundem\/sagliga-37-bin-personel-alinacak\/#breadcrumb","itemListElement":[{"@type":"ListItem","position":1,"name":"Home","item":"https:\/\/denizcankizil.tr\/uk\/"},{"@type":"ListItem","position":2,"name":"Sa\u011fl\u0131\u011fa 37 bin personel al\u0131nacak"}]},{"@type":"WebSite","@id":"https:\/\/denizcankizil.tr\/#website","url":"https:\/\/denizcankizil.tr\/","name":"Av. Deniz Can K\u0131z\u0131l","description":"Avukat Deniz Can K\u0131z\u0131l Antalya Barosu","publisher":{"@id":"https:\/\/denizcankizil.tr\/#organization"},"potentialAction":[{"@type":"SearchAction","target":{"@type":"EntryPoint","urlTemplate":"https:\/\/denizcankizil.tr\/?s={search_term_string}"},"query-input":{"@type":"PropertyValueSpecification","valueRequired":true,"valueName":"search_term_string"}}],"inLanguage":"en-GB"},{"@type":"Organization","@id":"https:\/\/denizcankizil.tr\/#organization","name":"Av. Deniz Can K\u0131z\u0131l","url":"https:\/\/denizcankizil.tr\/","logo":{"@type":"ImageObject","inLanguage":"en-GB","@id":"https:\/\/denizcankizil.tr\/#\/schema\/logo\/image\/","url":"https:\/\/denizcankizil.tr\/wp-content\/uploads\/2024\/10\/siyah-logo-svg.svg","contentUrl":"https:\/\/denizcankizil.tr\/wp-content\/uploads\/2024\/10\/siyah-logo-svg.svg","width":1080,"height":1080,"caption":"Av. Deniz Can K\u0131z\u0131l"},"image":{"@id":"https:\/\/denizcankizil.tr\/#\/schema\/logo\/image\/"}},{"@type":"Person","@id":"https:\/\/denizcankizil.tr\/#\/schema\/person\/be3c05fe6a12686905512445d8185489","name":"admin","image":{"@type":"ImageObject","inLanguage":"en-GB","@id":"https:\/\/denizcankizil.tr\/#\/schema\/person\/image\/","url":"https:\/\/secure.gravatar.com\/avatar\/c1fce94c830dc79107e174f890d7210541c4a63e8e5d816341794a2151c9d58c?s=96&d=mm&r=g","contentUrl":"https:\/\/secure.gravatar.com\/avatar\/c1fce94c830dc79107e174f890d7210541c4a63e8e5d816341794a2151c9d58c?s=96&d=mm&r=g","caption":"admin"},"sameAs":["http:\/\/denizcankizil.tr"],"url":"https:\/\/www.iskenderun.org\/sagliga-37-bin-personel-alinacak"}]}},"_links":{"self":[{"href":"https:\/\/denizcankizil.tr\/en\/wp-json\/wp\/v2\/posts\/35722","targetHints":{"allow":["GET"]}}],"collection":[{"href":"https:\/\/denizcankizil.tr\/en\/wp-json\/wp\/v2\/posts"}],"about":[{"href":"https:\/\/denizcankizil.tr\/en\/wp-json\/wp\/v2\/types\/post"}],"author":[{"embeddable":true,"href":"https:\/\/denizcankizil.tr\/en\/wp-json\/wp\/v2\/users\/1"}],"replies":[{"embeddable":true,"href":"https:\/\/denizcankizil.tr\/en\/wp-json\/wp\/v2\/comments?post=35722"}],"version-history":[{"count":1,"href":"https:\/\/denizcankizil.tr\/en\/wp-json\/wp\/v2\/posts\/35722\/revisions"}],"predecessor-version":[{"id":35798,"href":"https:\/\/denizcankizil.tr\/en\/wp-json\/wp\/v2\/posts\/35722\/revisions\/35798"}],"wp:attachment":[{"href":"https:\/\/denizcankizil.tr\/en\/wp-json\/wp\/v2\/media?parent=35722"}],"wp:term":[{"taxonomy":"category","embeddable":true,"href":"https:\/\/denizcankizil.tr\/en\/wp-json\/wp\/v2\/categories?post=35722"},{"taxonomy":"post_tag","embeddable":true,"href":"https:\/\/denizcankizil.tr\/en\/wp-json\/wp\/v2\/tags?post=35722"}],"curies":[{"name":"wp","href":"https:\/\/api.w.org\/{rel}","templated":true}]}}