{"id":35582,"date":"2025-03-13T11:42:51","date_gmt":"2025-03-13T08:42:51","guid":{"rendered":"https:\/\/denizcankizil.tr\/uncategorized-tr\/suriyedeki-alevilere-yonelik-saldirilara-dur-denmeli\/"},"modified":"2025-03-16T00:43:27","modified_gmt":"2025-03-15T21:43:27","slug":"suriyedeki-alevilere-yonelik-saldirilara-dur-denmeli","status":"publish","type":"post","link":"https:\/\/denizcankizil.tr\/en\/haberler\/gundem\/suriyedeki-alevilere-yonelik-saldirilara-dur-denmeli\/","title":{"rendered":"&#8220;Suriye&#8217;deki Alevilere Y\u00f6nelik Sald\u0131r\u0131lara Dur Denmeli&#8221;"},"content":{"rendered":"<p>\u0130skenderun Mustafa Kemal Mahallesi&#8217;nde AKAD binas\u0131 \u00f6n\u00fcnde bas\u0131n a\u00e7\u0131klamas\u0131 yapan Ba\u015fkan Nihat Yenmi\u015f\u2019e \u00e7e\u015fitli STK\u2019lar, siyasi parti temsilcileri ile kalabal\u0131k vatanda\u015f toplulu\u011fu da destek verdi. AKAD Ba\u015fkan\u0131 Nihat Yenmi\u015f, yapt\u0131\u011f\u0131 a\u00e7\u0131klamada, Suriye&#8217;deki Baas rejiminin y\u0131k\u0131lmas\u0131n\u0131n ard\u0131ndan y\u00fckselen Selefi anlay\u0131\u015f\u0131n, Alevi toplumuna y\u00f6nelik \u015fiddeti sistematik hale getirdi\u011fini belirterek &#8220;Baas rejimi y\u0131k\u0131ld\u0131ktan sonra, Selefi anlay\u0131\u015f\u0131n ortaya \u00e7\u0131kmas\u0131yla, inan\u00e7sal ve etnik a\u00e7\u0131dan toplumun farkl\u0131 kesimlerine y\u00f6nelik bask\u0131lar ba\u015flad\u0131. Bu bask\u0131lar, \u00f6zellikle Alevi toplumu \u00fczerinde son d\u00f6nemde daha organize bir \u015fekilde ve soyk\u0131r\u0131m boyutlar\u0131na varan sald\u0131r\u0131lar \u015feklinde devam ediyor&#8221; dedi.<\/p>\n<p>T\u00fcrkiye&#8217;de ya\u015fayan Alevilerin, kan ba\u011f\u0131yla ba\u011fl\u0131 olduklar\u0131 Alevi karde\u015flerinin ya\u015fad\u0131\u011f\u0131 bu vahim durumu derinden \u00fcz\u00fcnt\u00fcyle izlediklerini ifade eden Yenmi\u015f, &#8220;D\u00fcnyay\u0131, T\u00fcrk kamuoyunu ve t\u00fcm duyarl\u0131 insanlar\u0131 bu konuda harekete ge\u00e7meye \u00e7a\u011f\u0131r\u0131yoruz. Alevilere y\u00f6nelik bu sald\u0131r\u0131lar durdurulmal\u0131, sald\u0131r\u0131lar\u0131n \u00f6zellikle Ramazan ay\u0131nda cihat ad\u0131 alt\u0131nda ger\u00e7ekle\u015ftirilmekte, bu sald\u0131r\u0131lar\u0131n uluslararas\u0131 toplumda b\u00fcy\u00fck yank\u0131 uyand\u0131rmas\u0131 gerekir. \u00a0Suriye&#8217;deki Alevi toplum h\u00fck\u00fcmette g\u00fc\u00e7l\u00fc bir konumda de\u011fil, Alevilerin iktidarda oldu\u011fu, h\u00fck\u00fcmetin kontrol\u00fcnde herhangi bir durum s\u00f6z konusu da de\u011fildi. Suriye h\u00fck\u00fcmetinde 28 bakan vard\u0131, bunlar\u0131n sadece biri Aleviydi. Bu sald\u0131r\u0131lar\u0131n arkas\u0131nda farkl\u0131 uluslararas\u0131 g\u00fc\u00e7lerin oldu\u011funa dair g\u00f6r\u00fc\u015fler hakim. Bu olaylar\u0131 \u0130srail ve Amerika&#8217;n\u0131n \u00e7\u0131karlar\u0131 do\u011frultusunda bir anla\u015fma olarak g\u00f6r\u00fcyorum&#8221; \u015feklinde konu\u015ftu.<\/p>\n<p>Yenmi\u015f, Ortado\u011fu&#8217;da bar\u0131\u015f\u0131n sa\u011flanmas\u0131n\u0131n \u00f6nemine vurgu yaparak, &#8220;Ortado\u011fu demek T\u00fcrkiye demek, Ortado\u011fu&#8217;da bar\u0131\u015f demek T\u00fcrkiye&#8217;de bar\u0131\u015f demektir. Bu nedenle d\u00fcnyadaki t\u00fcm insanlar, hangi g\u00f6r\u00fc\u015ften olursa olsun, bu katliamlar\u0131n son bulmas\u0131 i\u00e7in duyarl\u0131 olmal\u0131d\u0131r. Hazreti Ali&#8217;nin \u2018\u0130nsanlar\u0131 sevin, ya dinde karde\u015finizdir ya da yarat\u0131l\u0131\u015fta e\u015finizdir\u2019 s\u00f6z\u00fc unutulmamal\u0131, insan sevgisi \u00f6nemli ve \u015fiddetin kar\u015f\u0131s\u0131nda durulmas\u0131 gerekir. Suriye&#8217;deki Alevi toplumuna y\u00f6nelik sald\u0131r\u0131lar\u0131n son bulmas\u0131 i\u00e7in Birle\u015fmi\u015f Milletler ve uluslararas\u0131 toplumun daha aktif bir \u015fekilde devreye girmesini talep ediyoruz\u201d diye konu\u015ftu.<\/p>\n<p>\u200bAKAD (Alevi K\u00fclt\u00fcr\u00fcn\u00fc Ara\u015ft\u0131rma Derne\u011fi) Ba\u015fkan\u0131 Nihat Yenmi\u015f, Suriye&#8217;deki Alevi cemaatine y\u00f6nelik son d\u00f6nemdeki sald\u0131r\u0131lara t\u00fcm d\u00fcnyan\u0131n \u2018dur!\u2019 demesi gerekti\u011fini vurgulad\u0131.\u00a0<\/p>\n<p>\u200bHaberin Al\u0131nt\u0131land\u0131\u011f\u0131 Kaynak: www.iskenderun.org<\/p>","protected":false},"excerpt":{"rendered":"<p>\u0130skenderun Mustafa Kemal Mahallesi&#8217;nde AKAD binas\u0131 \u00f6n\u00fcnde bas\u0131n a\u00e7\u0131klamas\u0131 yapan Ba\u015fkan Nihat Yenmi\u015f\u2019e \u00e7e\u015fitli STK\u2019lar, siyasi parti temsilcileri ile kalabal\u0131k vatanda\u015f toplulu\u011fu da destek verdi. AKAD Ba\u015fkan\u0131 Nihat Yenmi\u015f, yapt\u0131\u011f\u0131 a\u00e7\u0131klamada, Suriye&#8217;deki Baas rejiminin y\u0131k\u0131lmas\u0131n\u0131n ard\u0131ndan y\u00fckselen Selefi anlay\u0131\u015f\u0131n, Alevi toplumuna y\u00f6nelik \u015fiddeti sistematik hale getirdi\u011fini belirterek &#8220;Baas rejimi y\u0131k\u0131ld\u0131ktan sonra, Selefi anlay\u0131\u015f\u0131n ortaya \u00e7\u0131kmas\u0131yla, inan\u00e7sal ve etnik a\u00e7\u0131dan toplumun farkl\u0131 kesimlerine y\u00f6nelik bask\u0131lar ba\u015flad\u0131. Bu bask\u0131lar, \u00f6zellikle Alevi toplumu \u00fczerinde son d\u00f6nemde daha organize bir \u015fekilde ve soyk\u0131r\u0131m boyutlar\u0131na varan sald\u0131r\u0131lar \u015feklinde devam ediyor&#8221; dedi. T\u00fcrkiye&#8217;de ya\u015fayan Alevilerin, kan ba\u011f\u0131yla ba\u011fl\u0131 olduklar\u0131 Alevi karde\u015flerinin ya\u015fad\u0131\u011f\u0131 bu vahim durumu derinden \u00fcz\u00fcnt\u00fcyle izlediklerini ifade eden Yenmi\u015f, &#8220;D\u00fcnyay\u0131, T\u00fcrk kamuoyunu ve t\u00fcm duyarl\u0131 insanlar\u0131 bu konuda harekete ge\u00e7meye \u00e7a\u011f\u0131r\u0131yoruz. Alevilere y\u00f6nelik bu sald\u0131r\u0131lar durdurulmal\u0131, sald\u0131r\u0131lar\u0131n \u00f6zellikle Ramazan ay\u0131nda cihat ad\u0131 alt\u0131nda ger\u00e7ekle\u015ftirilmekte, bu sald\u0131r\u0131lar\u0131n uluslararas\u0131 toplumda b\u00fcy\u00fck yank\u0131 uyand\u0131rmas\u0131 gerekir. \u00a0Suriye&#8217;deki Alevi toplum h\u00fck\u00fcmette g\u00fc\u00e7l\u00fc bir konumda de\u011fil, Alevilerin iktidarda oldu\u011fu, h\u00fck\u00fcmetin kontrol\u00fcnde herhangi bir durum s\u00f6z konusu da de\u011fildi. Suriye h\u00fck\u00fcmetinde 28 bakan vard\u0131, bunlar\u0131n sadece biri Aleviydi. Bu sald\u0131r\u0131lar\u0131n arkas\u0131nda farkl\u0131 uluslararas\u0131 g\u00fc\u00e7lerin oldu\u011funa dair g\u00f6r\u00fc\u015fler hakim. Bu olaylar\u0131 \u0130srail ve Amerika&#8217;n\u0131n \u00e7\u0131karlar\u0131 do\u011frultusunda bir anla\u015fma olarak g\u00f6r\u00fcyorum&#8221; \u015feklinde konu\u015ftu. Yenmi\u015f, Ortado\u011fu&#8217;da bar\u0131\u015f\u0131n sa\u011flanmas\u0131n\u0131n \u00f6nemine vurgu yaparak, &#8220;Ortado\u011fu demek T\u00fcrkiye &hellip;<\/p>","protected":false},"author":1,"featured_media":0,"comment_status":"closed","ping_status":"open","sticky":false,"template":"","format":"standard","meta":{"_acf_changed":false,"footnotes":""},"categories":[24],"tags":[],"class_list":["post-35582","post","type-post","status-publish","format-standard","has-post-thumbnail","hentry","category-gundem"],"acf":[],"yoast_head":"<!-- This site is optimized with the Yoast SEO Premium plugin v26.6 (Yoast SEO v27.1.1) - https:\/\/yoast.com\/product\/yoast-seo-premium-wordpress\/ -->\n<title>&quot;Suriye&#039;deki Alevilere Y\u00f6nelik Sald\u0131r\u0131lara Dur Denmeli&quot; - Av. Deniz Can K\u0131z\u0131l<\/title>\n<meta name=\"robots\" content=\"index, follow, max-snippet:-1, max-image-preview:large, max-video-preview:-1\" \/>\n<link rel=\"canonical\" href=\"https:\/\/denizcankizil.tr\/en\/haberler\/gundem\/suriyedeki-alevilere-yonelik-saldirilara-dur-denmeli\/\" \/>\n<meta property=\"og:locale\" content=\"en_GB\" \/>\n<meta property=\"og:type\" content=\"article\" \/>\n<meta property=\"og:title\" content=\"&quot;Suriye&#039;deki Alevilere Y\u00f6nelik Sald\u0131r\u0131lara Dur Denmeli&quot;\" \/>\n<meta property=\"og:description\" content=\"\u0130skenderun Mustafa Kemal Mahallesi&#8217;nde AKAD binas\u0131 \u00f6n\u00fcnde bas\u0131n a\u00e7\u0131klamas\u0131 yapan Ba\u015fkan Nihat Yenmi\u015f\u2019e \u00e7e\u015fitli STK\u2019lar, siyasi parti temsilcileri ile kalabal\u0131k vatanda\u015f toplulu\u011fu da destek verdi. AKAD Ba\u015fkan\u0131 Nihat Yenmi\u015f, yapt\u0131\u011f\u0131 a\u00e7\u0131klamada, Suriye&#8217;deki Baas rejiminin y\u0131k\u0131lmas\u0131n\u0131n ard\u0131ndan y\u00fckselen Selefi anlay\u0131\u015f\u0131n, Alevi toplumuna y\u00f6nelik \u015fiddeti sistematik hale getirdi\u011fini belirterek &#8220;Baas rejimi y\u0131k\u0131ld\u0131ktan sonra, Selefi anlay\u0131\u015f\u0131n ortaya \u00e7\u0131kmas\u0131yla, inan\u00e7sal ve etnik a\u00e7\u0131dan toplumun farkl\u0131 kesimlerine y\u00f6nelik bask\u0131lar ba\u015flad\u0131. Bu bask\u0131lar, \u00f6zellikle Alevi toplumu \u00fczerinde son d\u00f6nemde daha organize bir \u015fekilde ve soyk\u0131r\u0131m boyutlar\u0131na varan sald\u0131r\u0131lar \u015feklinde devam ediyor&#8221; dedi. T\u00fcrkiye&#8217;de ya\u015fayan Alevilerin, kan ba\u011f\u0131yla ba\u011fl\u0131 olduklar\u0131 Alevi karde\u015flerinin ya\u015fad\u0131\u011f\u0131 bu vahim durumu derinden \u00fcz\u00fcnt\u00fcyle izlediklerini ifade eden Yenmi\u015f, &#8220;D\u00fcnyay\u0131, T\u00fcrk kamuoyunu ve t\u00fcm duyarl\u0131 insanlar\u0131 bu konuda harekete ge\u00e7meye \u00e7a\u011f\u0131r\u0131yoruz. Alevilere y\u00f6nelik bu sald\u0131r\u0131lar durdurulmal\u0131, sald\u0131r\u0131lar\u0131n \u00f6zellikle Ramazan ay\u0131nda cihat ad\u0131 alt\u0131nda ger\u00e7ekle\u015ftirilmekte, bu sald\u0131r\u0131lar\u0131n uluslararas\u0131 toplumda b\u00fcy\u00fck yank\u0131 uyand\u0131rmas\u0131 gerekir. \u00a0Suriye&#8217;deki Alevi toplum h\u00fck\u00fcmette g\u00fc\u00e7l\u00fc bir konumda de\u011fil, Alevilerin iktidarda oldu\u011fu, h\u00fck\u00fcmetin kontrol\u00fcnde herhangi bir durum s\u00f6z konusu da de\u011fildi. Suriye h\u00fck\u00fcmetinde 28 bakan vard\u0131, bunlar\u0131n sadece biri Aleviydi. Bu sald\u0131r\u0131lar\u0131n arkas\u0131nda farkl\u0131 uluslararas\u0131 g\u00fc\u00e7lerin oldu\u011funa dair g\u00f6r\u00fc\u015fler hakim. Bu olaylar\u0131 \u0130srail ve Amerika&#8217;n\u0131n \u00e7\u0131karlar\u0131 do\u011frultusunda bir anla\u015fma olarak g\u00f6r\u00fcyorum&#8221; \u015feklinde konu\u015ftu. Yenmi\u015f, Ortado\u011fu&#8217;da bar\u0131\u015f\u0131n sa\u011flanmas\u0131n\u0131n \u00f6nemine vurgu yaparak, &#8220;Ortado\u011fu demek T\u00fcrkiye &hellip;\" \/>\n<meta property=\"og:url\" content=\"https:\/\/denizcankizil.tr\/en\/haberler\/gundem\/suriyedeki-alevilere-yonelik-saldirilara-dur-denmeli\/\" \/>\n<meta property=\"og:site_name\" content=\"Av. Deniz Can K\u0131z\u0131l\" \/>\n<meta property=\"article:published_time\" content=\"2025-03-13T08:42:51+00:00\" \/>\n<meta property=\"article:modified_time\" content=\"2025-03-15T21:43:27+00:00\" \/>\n<meta name=\"author\" content=\"admin\" \/>\n<meta name=\"twitter:card\" content=\"summary_large_image\" \/>\n<meta name=\"twitter:label1\" content=\"Written by\" \/>\n\t<meta name=\"twitter:data1\" content=\"admin\" \/>\n\t<meta name=\"twitter:label2\" content=\"Estimated reading time\" \/>\n\t<meta name=\"twitter:data2\" content=\"2 minutes\" \/>\n<script type=\"application\/ld+json\" class=\"yoast-schema-graph\">{\"@context\":\"https:\/\/schema.org\",\"@graph\":[{\"@type\":\"Article\",\"@id\":\"https:\/\/denizcankizil.tr\/en\/haberler\/gundem\/suriyedeki-alevilere-yonelik-saldirilara-dur-denmeli\/#article\",\"isPartOf\":{\"@id\":\"https:\/\/denizcankizil.tr\/en\/haberler\/gundem\/suriyedeki-alevilere-yonelik-saldirilara-dur-denmeli\/\"},\"author\":{\"name\":\"admin\",\"@id\":\"https:\/\/denizcankizil.tr\/de\/#\/schema\/person\/be3c05fe6a12686905512445d8185489\"},\"headline\":\"&#8220;Suriye&#8217;deki Alevilere Y\u00f6nelik Sald\u0131r\u0131lara Dur Denmeli&#8221;\",\"datePublished\":\"2025-03-13T08:42:51+00:00\",\"dateModified\":\"2025-03-15T21:43:27+00:00\",\"mainEntityOfPage\":{\"@id\":\"https:\/\/denizcankizil.tr\/en\/haberler\/gundem\/suriyedeki-alevilere-yonelik-saldirilara-dur-denmeli\/\"},\"wordCount\":456,\"publisher\":{\"@id\":\"https:\/\/denizcankizil.tr\/de\/#organization\"},\"articleSection\":[\"G\u00fcndem\"],\"inLanguage\":\"en-GB\"},{\"@type\":\"WebPage\",\"@id\":\"https:\/\/denizcankizil.tr\/en\/haberler\/gundem\/suriyedeki-alevilere-yonelik-saldirilara-dur-denmeli\/\",\"url\":\"https:\/\/denizcankizil.tr\/en\/haberler\/gundem\/suriyedeki-alevilere-yonelik-saldirilara-dur-denmeli\/\",\"name\":\"\\\"Suriye'deki Alevilere Y\u00f6nelik Sald\u0131r\u0131lara Dur Denmeli\\\" - Av. Deniz Can K\u0131z\u0131l\",\"isPartOf\":{\"@id\":\"https:\/\/denizcankizil.tr\/de\/#website\"},\"datePublished\":\"2025-03-13T08:42:51+00:00\",\"dateModified\":\"2025-03-15T21:43:27+00:00\",\"breadcrumb\":{\"@id\":\"https:\/\/denizcankizil.tr\/en\/haberler\/gundem\/suriyedeki-alevilere-yonelik-saldirilara-dur-denmeli\/#breadcrumb\"},\"inLanguage\":\"en-GB\",\"potentialAction\":[{\"@type\":\"ReadAction\",\"target\":[\"https:\/\/denizcankizil.tr\/en\/haberler\/gundem\/suriyedeki-alevilere-yonelik-saldirilara-dur-denmeli\/\"]}]},{\"@type\":\"BreadcrumbList\",\"@id\":\"https:\/\/denizcankizil.tr\/en\/haberler\/gundem\/suriyedeki-alevilere-yonelik-saldirilara-dur-denmeli\/#breadcrumb\",\"itemListElement\":[{\"@type\":\"ListItem\",\"position\":1,\"name\":\"Home\",\"item\":\"https:\/\/denizcankizil.tr\/de\/\"},{\"@type\":\"ListItem\",\"position\":2,\"name\":\"&#8220;Suriye&#8217;deki Alevilere Y\u00f6nelik Sald\u0131r\u0131lara Dur Denmeli&#8221;\"}]},{\"@type\":\"WebSite\",\"@id\":\"https:\/\/denizcankizil.tr\/de\/#website\",\"url\":\"https:\/\/denizcankizil.tr\/de\/\",\"name\":\"Av. Deniz Can K\u0131z\u0131l\",\"description\":\"Avukat Deniz Can K\u0131z\u0131l Antalya Barosu\",\"publisher\":{\"@id\":\"https:\/\/denizcankizil.tr\/de\/#organization\"},\"potentialAction\":[{\"@type\":\"SearchAction\",\"target\":{\"@type\":\"EntryPoint\",\"urlTemplate\":\"https:\/\/denizcankizil.tr\/de\/?s={search_term_string}\"},\"query-input\":{\"@type\":\"PropertyValueSpecification\",\"valueRequired\":true,\"valueName\":\"search_term_string\"}}],\"inLanguage\":\"en-GB\"},{\"@type\":\"Organization\",\"@id\":\"https:\/\/denizcankizil.tr\/de\/#organization\",\"name\":\"Av. Deniz Can K\u0131z\u0131l\",\"url\":\"https:\/\/denizcankizil.tr\/de\/\",\"logo\":{\"@type\":\"ImageObject\",\"inLanguage\":\"en-GB\",\"@id\":\"https:\/\/denizcankizil.tr\/de\/#\/schema\/logo\/image\/\",\"url\":\"https:\/\/denizcankizil.tr\/wp-content\/uploads\/2024\/10\/siyah-logo-svg.svg\",\"contentUrl\":\"https:\/\/denizcankizil.tr\/wp-content\/uploads\/2024\/10\/siyah-logo-svg.svg\",\"width\":1080,\"height\":1080,\"caption\":\"Av. Deniz Can K\u0131z\u0131l\"},\"image\":{\"@id\":\"https:\/\/denizcankizil.tr\/de\/#\/schema\/logo\/image\/\"}},{\"@type\":\"Person\",\"@id\":\"https:\/\/denizcankizil.tr\/de\/#\/schema\/person\/be3c05fe6a12686905512445d8185489\",\"name\":\"admin\",\"image\":{\"@type\":\"ImageObject\",\"inLanguage\":\"en-GB\",\"@id\":\"https:\/\/denizcankizil.tr\/de\/#\/schema\/person\/image\/\",\"url\":\"https:\/\/secure.gravatar.com\/avatar\/c1fce94c830dc79107e174f890d7210541c4a63e8e5d816341794a2151c9d58c?s=96&d=mm&r=g\",\"contentUrl\":\"https:\/\/secure.gravatar.com\/avatar\/c1fce94c830dc79107e174f890d7210541c4a63e8e5d816341794a2151c9d58c?s=96&d=mm&r=g\",\"caption\":\"admin\"},\"sameAs\":[\"http:\/\/denizcankizil.tr\"],\"url\":\"https:\/\/www.iskenderun.org\/suriyedeki-alevilere-yonelik-saldirilara-dur-denmeli\"}]}<\/script>\n<!-- \/ Yoast SEO Premium plugin. -->","yoast_head_json":{"title":"\"Suriye'deki Alevilere Y\u00f6nelik Sald\u0131r\u0131lara Dur Denmeli\" - Av. Deniz Can K\u0131z\u0131l","robots":{"index":"index","follow":"follow","max-snippet":"max-snippet:-1","max-image-preview":"max-image-preview:large","max-video-preview":"max-video-preview:-1"},"canonical":"https:\/\/denizcankizil.tr\/en\/haberler\/gundem\/suriyedeki-alevilere-yonelik-saldirilara-dur-denmeli\/","og_locale":"en_GB","og_type":"article","og_title":"\"Suriye'deki Alevilere Y\u00f6nelik Sald\u0131r\u0131lara Dur Denmeli\"","og_description":"\u0130skenderun Mustafa Kemal Mahallesi&#8217;nde AKAD binas\u0131 \u00f6n\u00fcnde bas\u0131n a\u00e7\u0131klamas\u0131 yapan Ba\u015fkan Nihat Yenmi\u015f\u2019e \u00e7e\u015fitli STK\u2019lar, siyasi parti temsilcileri ile kalabal\u0131k vatanda\u015f toplulu\u011fu da destek verdi. AKAD Ba\u015fkan\u0131 Nihat Yenmi\u015f, yapt\u0131\u011f\u0131 a\u00e7\u0131klamada, Suriye&#8217;deki Baas rejiminin y\u0131k\u0131lmas\u0131n\u0131n ard\u0131ndan y\u00fckselen Selefi anlay\u0131\u015f\u0131n, Alevi toplumuna y\u00f6nelik \u015fiddeti sistematik hale getirdi\u011fini belirterek &#8220;Baas rejimi y\u0131k\u0131ld\u0131ktan sonra, Selefi anlay\u0131\u015f\u0131n ortaya \u00e7\u0131kmas\u0131yla, inan\u00e7sal ve etnik a\u00e7\u0131dan toplumun farkl\u0131 kesimlerine y\u00f6nelik bask\u0131lar ba\u015flad\u0131. Bu bask\u0131lar, \u00f6zellikle Alevi toplumu \u00fczerinde son d\u00f6nemde daha organize bir \u015fekilde ve soyk\u0131r\u0131m boyutlar\u0131na varan sald\u0131r\u0131lar \u015feklinde devam ediyor&#8221; dedi. T\u00fcrkiye&#8217;de ya\u015fayan Alevilerin, kan ba\u011f\u0131yla ba\u011fl\u0131 olduklar\u0131 Alevi karde\u015flerinin ya\u015fad\u0131\u011f\u0131 bu vahim durumu derinden \u00fcz\u00fcnt\u00fcyle izlediklerini ifade eden Yenmi\u015f, &#8220;D\u00fcnyay\u0131, T\u00fcrk kamuoyunu ve t\u00fcm duyarl\u0131 insanlar\u0131 bu konuda harekete ge\u00e7meye \u00e7a\u011f\u0131r\u0131yoruz. Alevilere y\u00f6nelik bu sald\u0131r\u0131lar durdurulmal\u0131, sald\u0131r\u0131lar\u0131n \u00f6zellikle Ramazan ay\u0131nda cihat ad\u0131 alt\u0131nda ger\u00e7ekle\u015ftirilmekte, bu sald\u0131r\u0131lar\u0131n uluslararas\u0131 toplumda b\u00fcy\u00fck yank\u0131 uyand\u0131rmas\u0131 gerekir. \u00a0Suriye&#8217;deki Alevi toplum h\u00fck\u00fcmette g\u00fc\u00e7l\u00fc bir konumda de\u011fil, Alevilerin iktidarda oldu\u011fu, h\u00fck\u00fcmetin kontrol\u00fcnde herhangi bir durum s\u00f6z konusu da de\u011fildi. Suriye h\u00fck\u00fcmetinde 28 bakan vard\u0131, bunlar\u0131n sadece biri Aleviydi. Bu sald\u0131r\u0131lar\u0131n arkas\u0131nda farkl\u0131 uluslararas\u0131 g\u00fc\u00e7lerin oldu\u011funa dair g\u00f6r\u00fc\u015fler hakim. Bu olaylar\u0131 \u0130srail ve Amerika&#8217;n\u0131n \u00e7\u0131karlar\u0131 do\u011frultusunda bir anla\u015fma olarak g\u00f6r\u00fcyorum&#8221; \u015feklinde konu\u015ftu. Yenmi\u015f, Ortado\u011fu&#8217;da bar\u0131\u015f\u0131n sa\u011flanmas\u0131n\u0131n \u00f6nemine vurgu yaparak, &#8220;Ortado\u011fu demek T\u00fcrkiye &hellip;","og_url":"https:\/\/denizcankizil.tr\/en\/haberler\/gundem\/suriyedeki-alevilere-yonelik-saldirilara-dur-denmeli\/","og_site_name":"Av. Deniz Can K\u0131z\u0131l","article_published_time":"2025-03-13T08:42:51+00:00","article_modified_time":"2025-03-15T21:43:27+00:00","author":"admin","twitter_card":"summary_large_image","twitter_misc":{"Written by":"admin","Estimated reading time":"2 minutes"},"schema":{"@context":"https:\/\/schema.org","@graph":[{"@type":"Article","@id":"https:\/\/denizcankizil.tr\/en\/haberler\/gundem\/suriyedeki-alevilere-yonelik-saldirilara-dur-denmeli\/#article","isPartOf":{"@id":"https:\/\/denizcankizil.tr\/en\/haberler\/gundem\/suriyedeki-alevilere-yonelik-saldirilara-dur-denmeli\/"},"author":{"name":"admin","@id":"https:\/\/denizcankizil.tr\/de\/#\/schema\/person\/be3c05fe6a12686905512445d8185489"},"headline":"&#8220;Suriye&#8217;deki Alevilere Y\u00f6nelik Sald\u0131r\u0131lara Dur Denmeli&#8221;","datePublished":"2025-03-13T08:42:51+00:00","dateModified":"2025-03-15T21:43:27+00:00","mainEntityOfPage":{"@id":"https:\/\/denizcankizil.tr\/en\/haberler\/gundem\/suriyedeki-alevilere-yonelik-saldirilara-dur-denmeli\/"},"wordCount":456,"publisher":{"@id":"https:\/\/denizcankizil.tr\/de\/#organization"},"articleSection":["G\u00fcndem"],"inLanguage":"en-GB"},{"@type":"WebPage","@id":"https:\/\/denizcankizil.tr\/en\/haberler\/gundem\/suriyedeki-alevilere-yonelik-saldirilara-dur-denmeli\/","url":"https:\/\/denizcankizil.tr\/en\/haberler\/gundem\/suriyedeki-alevilere-yonelik-saldirilara-dur-denmeli\/","name":"\"Suriye'deki Alevilere Y\u00f6nelik Sald\u0131r\u0131lara Dur Denmeli\" - Av. Deniz Can K\u0131z\u0131l","isPartOf":{"@id":"https:\/\/denizcankizil.tr\/de\/#website"},"datePublished":"2025-03-13T08:42:51+00:00","dateModified":"2025-03-15T21:43:27+00:00","breadcrumb":{"@id":"https:\/\/denizcankizil.tr\/en\/haberler\/gundem\/suriyedeki-alevilere-yonelik-saldirilara-dur-denmeli\/#breadcrumb"},"inLanguage":"en-GB","potentialAction":[{"@type":"ReadAction","target":["https:\/\/denizcankizil.tr\/en\/haberler\/gundem\/suriyedeki-alevilere-yonelik-saldirilara-dur-denmeli\/"]}]},{"@type":"BreadcrumbList","@id":"https:\/\/denizcankizil.tr\/en\/haberler\/gundem\/suriyedeki-alevilere-yonelik-saldirilara-dur-denmeli\/#breadcrumb","itemListElement":[{"@type":"ListItem","position":1,"name":"Home","item":"https:\/\/denizcankizil.tr\/de\/"},{"@type":"ListItem","position":2,"name":"&#8220;Suriye&#8217;deki Alevilere Y\u00f6nelik Sald\u0131r\u0131lara Dur Denmeli&#8221;"}]},{"@type":"WebSite","@id":"https:\/\/denizcankizil.tr\/de\/#website","url":"https:\/\/denizcankizil.tr\/de\/","name":"Av. Deniz Can K\u0131z\u0131l","description":"Avukat Deniz Can K\u0131z\u0131l Antalya Barosu","publisher":{"@id":"https:\/\/denizcankizil.tr\/de\/#organization"},"potentialAction":[{"@type":"SearchAction","target":{"@type":"EntryPoint","urlTemplate":"https:\/\/denizcankizil.tr\/de\/?s={search_term_string}"},"query-input":{"@type":"PropertyValueSpecification","valueRequired":true,"valueName":"search_term_string"}}],"inLanguage":"en-GB"},{"@type":"Organization","@id":"https:\/\/denizcankizil.tr\/de\/#organization","name":"Av. Deniz Can K\u0131z\u0131l","url":"https:\/\/denizcankizil.tr\/de\/","logo":{"@type":"ImageObject","inLanguage":"en-GB","@id":"https:\/\/denizcankizil.tr\/de\/#\/schema\/logo\/image\/","url":"https:\/\/denizcankizil.tr\/wp-content\/uploads\/2024\/10\/siyah-logo-svg.svg","contentUrl":"https:\/\/denizcankizil.tr\/wp-content\/uploads\/2024\/10\/siyah-logo-svg.svg","width":1080,"height":1080,"caption":"Av. Deniz Can K\u0131z\u0131l"},"image":{"@id":"https:\/\/denizcankizil.tr\/de\/#\/schema\/logo\/image\/"}},{"@type":"Person","@id":"https:\/\/denizcankizil.tr\/de\/#\/schema\/person\/be3c05fe6a12686905512445d8185489","name":"admin","image":{"@type":"ImageObject","inLanguage":"en-GB","@id":"https:\/\/denizcankizil.tr\/de\/#\/schema\/person\/image\/","url":"https:\/\/secure.gravatar.com\/avatar\/c1fce94c830dc79107e174f890d7210541c4a63e8e5d816341794a2151c9d58c?s=96&d=mm&r=g","contentUrl":"https:\/\/secure.gravatar.com\/avatar\/c1fce94c830dc79107e174f890d7210541c4a63e8e5d816341794a2151c9d58c?s=96&d=mm&r=g","caption":"admin"},"sameAs":["http:\/\/denizcankizil.tr"],"url":"https:\/\/www.iskenderun.org\/suriyedeki-alevilere-yonelik-saldirilara-dur-denmeli"}]}},"_links":{"self":[{"href":"https:\/\/denizcankizil.tr\/en\/wp-json\/wp\/v2\/posts\/35582","targetHints":{"allow":["GET"]}}],"collection":[{"href":"https:\/\/denizcankizil.tr\/en\/wp-json\/wp\/v2\/posts"}],"about":[{"href":"https:\/\/denizcankizil.tr\/en\/wp-json\/wp\/v2\/types\/post"}],"author":[{"embeddable":true,"href":"https:\/\/denizcankizil.tr\/en\/wp-json\/wp\/v2\/users\/1"}],"replies":[{"embeddable":true,"href":"https:\/\/denizcankizil.tr\/en\/wp-json\/wp\/v2\/comments?post=35582"}],"version-history":[{"count":1,"href":"https:\/\/denizcankizil.tr\/en\/wp-json\/wp\/v2\/posts\/35582\/revisions"}],"predecessor-version":[{"id":35913,"href":"https:\/\/denizcankizil.tr\/en\/wp-json\/wp\/v2\/posts\/35582\/revisions\/35913"}],"wp:attachment":[{"href":"https:\/\/denizcankizil.tr\/en\/wp-json\/wp\/v2\/media?parent=35582"}],"wp:term":[{"taxonomy":"category","embeddable":true,"href":"https:\/\/denizcankizil.tr\/en\/wp-json\/wp\/v2\/categories?post=35582"},{"taxonomy":"post_tag","embeddable":true,"href":"https:\/\/denizcankizil.tr\/en\/wp-json\/wp\/v2\/tags?post=35582"}],"curies":[{"name":"wp","href":"https:\/\/api.w.org\/{rel}","templated":true}]}}