{"id":35519,"date":"2025-03-12T17:41:15","date_gmt":"2025-03-12T14:41:15","guid":{"rendered":"https:\/\/denizcankizil.tr\/uncategorized-tr\/chpli-kaya-antalyada-olum-kopruleri-tehlike-saciyor\/"},"modified":"2025-03-16T00:44:03","modified_gmt":"2025-03-15T21:44:03","slug":"chpli-kaya-antalyada-olum-kopruleri-tehlike-saciyor","status":"publish","type":"post","link":"https:\/\/denizcankizil.tr\/en\/haberler\/gundem\/chpli-kaya-antalyada-olum-kopruleri-tehlike-saciyor\/","title":{"rendered":"CHP\u2019li Kaya: Antalya\u2019da \u00f6l\u00fcm k\u00f6pr\u00fcleri tehlike sa\u00e7\u0131yor"},"content":{"rendered":"<p>CHP Antalya Milletvekili Aykut Kaya, T\u00fcrkiye B\u00fcy\u00fck Millet Meclisi\u2019nde yapt\u0131\u011f\u0131 konu\u015fmas\u0131nda Antalya\u2019n\u0131n Elmal\u0131 il\u00e7esinde bulunan dar ve tehlikeli k\u00f6pr\u00fclere dikkat \u00e7ekti. Kaya, Tar\u0131m ve Orman Bakanl\u0131\u011f\u0131\u2019na seslenerek il\u00e7ede bulunan ve vatanda\u015flar taraf\u0131ndan \u201c\u00f6l\u00fcm k\u00f6pr\u00fcleri\u201d olarak adland\u0131r\u0131lan k\u00f6pr\u00fclerin geni\u015fletilip yenilenmesini talep etti.\u00a0<\/p>\n<p>\u201c\u00d6L\u00dcM K\u00d6PR\u00dcLER\u0130 TEHL\u0130KE SA\u00c7IYOR\u201d\u00a0<\/p>\n<p>Kaya, \u00f6l\u00fcm k\u00f6pr\u00fclerinin b\u00fcy\u00fck tehlike olu\u015fturdu\u011funa belirterek, \u201cElmal\u0131 il\u00e7emizde bir di\u011fer tehlike ise \u00f6l\u00fcm sa\u00e7an k\u00f6pr\u00fcler. Avlan G\u00f6l\u00fc bitiminden Karamik Mahallesi\u2019ne giden yolda bulunan ve \u2018\u00f6l\u00fcm k\u00f6pr\u00fcs\u00fc olarak adland\u0131r\u0131lan\u2019 k\u00f6pr\u00fc b\u00fcy\u00fck tehlike sa\u00e7\u0131yor. Ayn\u0131 g\u00fczergahta, \u0130ncebel mevkiindeki k\u00f6pr\u00fc, Bayralar Mahallesi\u2019ni ovalara ba\u011flayan k\u00f6pr\u00fc ve Ak\u00e7ay mahallesini Armutlu, Av\u015far ve Z\u00fcmr\u00fctova mahallelerine ba\u011flayan At Alan\u0131 mevkiindeki k\u00f6pr\u00fcler dar ve tehlikeli. Tar\u0131m ve Orman Bakanl\u0131\u011f\u0131\u2019ndan k\u00f6pr\u00fclerin geni\u015fletilip yenilenmesini talep ediyoruz\u201d dedi.\u00a0<\/p>\n<p>\u201cOKUL YIKILMA TEHL\u0130KES\u0130 ALTINDA\u201d<\/p>\n<p>Aykut Kaya, il\u00e7enin bir ba\u015fka sorununa da dikkat \u00e7ekti. Elmal\u0131\u2019da bulunan Yuva \u0130lkokulu&#8217;nun hasarl\u0131 durumda oldu\u011funu ve binana y\u0131k\u0131lmas\u0131 halinde \u00f6\u011frencilerin ile \u00f6\u011fretmenlerin y\u0131k\u0131lan duvarlar\u0131n alt\u0131nda kalabilece\u011fini vurgulayarak, \u201cElmal\u0131 il\u00e7emizin Yuva Mahallesi\u2019ndeki Yuva \u0130lkokulu hasarl\u0131 durumda ve risk alt\u0131nda. Kuzuk\u00f6y, Mursal, Tavullar, \u0130mircik ve Ge\u00e7it mahallelerinden gelen \u00f6\u011frencilerimiz burada e\u011fitim g\u00f6rmekteler. Milli E\u011fitim Bakanl\u0131\u011f\u0131\u2019nda \u00f6\u011frencilerimizi ve \u00f6\u011fretmenlerimizin can g\u00fcvenli\u011fi i\u00e7in buradaki binan\u0131n bir an \u00f6nce y\u0131k\u0131l\u0131p, yerine depreme dayan\u0131kl\u0131 bir bina in\u015fa edilmesini talep ediyoruz\u201d diye konu\u015ftu.\u00a0<\/p>\n<p>\u00a0<\/p>\n<p>\u200bCHP Milletvekili Aykut Kaya, Antalya\u2019n\u0131n Elmal\u0131 il\u00e7esindeki Avlan G\u00f6l\u00fc&#8217;n\u00fcn bitiminden Karamik Mahallesi\u2019ne giden yolda bulunan ve \u201c\u00f6l\u00fcm k\u00f6pr\u00fcs\u00fc\u201d olarak bilinen k\u00f6pr\u00fclerin olu\u015fturdu\u011fu tehlikeyi TBMM g\u00fcndemine ta\u015f\u0131d\u0131.\u00a0<\/p>\n<p>\u200bHaberin Al\u0131nt\u0131land\u0131\u011f\u0131 Kaynak: www.antalyakorfez.com<\/p>","protected":false},"excerpt":{"rendered":"<p>CHP Antalya Milletvekili Aykut Kaya, T\u00fcrkiye B\u00fcy\u00fck Millet Meclisi\u2019nde yapt\u0131\u011f\u0131 konu\u015fmas\u0131nda Antalya\u2019n\u0131n Elmal\u0131 il\u00e7esinde bulunan dar ve tehlikeli k\u00f6pr\u00fclere dikkat \u00e7ekti. Kaya, Tar\u0131m ve Orman Bakanl\u0131\u011f\u0131\u2019na seslenerek il\u00e7ede bulunan ve vatanda\u015flar taraf\u0131ndan \u201c\u00f6l\u00fcm k\u00f6pr\u00fcleri\u201d olarak adland\u0131r\u0131lan k\u00f6pr\u00fclerin geni\u015fletilip yenilenmesini talep etti.\u00a0 \u201c\u00d6L\u00dcM K\u00d6PR\u00dcLER\u0130 TEHL\u0130KE SA\u00c7IYOR\u201d\u00a0 Kaya, \u00f6l\u00fcm k\u00f6pr\u00fclerinin b\u00fcy\u00fck tehlike olu\u015fturdu\u011funa belirterek, \u201cElmal\u0131 il\u00e7emizde bir di\u011fer tehlike ise \u00f6l\u00fcm sa\u00e7an k\u00f6pr\u00fcler. Avlan G\u00f6l\u00fc bitiminden Karamik Mahallesi\u2019ne giden yolda bulunan ve \u2018\u00f6l\u00fcm k\u00f6pr\u00fcs\u00fc olarak adland\u0131r\u0131lan\u2019 k\u00f6pr\u00fc b\u00fcy\u00fck tehlike sa\u00e7\u0131yor. Ayn\u0131 g\u00fczergahta, \u0130ncebel mevkiindeki k\u00f6pr\u00fc, Bayralar Mahallesi\u2019ni ovalara ba\u011flayan k\u00f6pr\u00fc ve Ak\u00e7ay mahallesini Armutlu, Av\u015far ve Z\u00fcmr\u00fctova mahallelerine ba\u011flayan At Alan\u0131 mevkiindeki k\u00f6pr\u00fcler dar ve tehlikeli. Tar\u0131m ve Orman Bakanl\u0131\u011f\u0131\u2019ndan k\u00f6pr\u00fclerin geni\u015fletilip yenilenmesini talep ediyoruz\u201d dedi.\u00a0 \u201cOKUL YIKILMA TEHL\u0130KES\u0130 ALTINDA\u201d Aykut Kaya, il\u00e7enin bir ba\u015fka sorununa da dikkat \u00e7ekti. Elmal\u0131\u2019da bulunan Yuva \u0130lkokulu&#8217;nun hasarl\u0131 durumda oldu\u011funu ve binana y\u0131k\u0131lmas\u0131 halinde \u00f6\u011frencilerin ile \u00f6\u011fretmenlerin y\u0131k\u0131lan duvarlar\u0131n alt\u0131nda kalabilece\u011fini vurgulayarak, \u201cElmal\u0131 il\u00e7emizin Yuva Mahallesi\u2019ndeki Yuva \u0130lkokulu hasarl\u0131 durumda ve risk alt\u0131nda. Kuzuk\u00f6y, Mursal, Tavullar, \u0130mircik ve Ge\u00e7it mahallelerinden gelen \u00f6\u011frencilerimiz burada e\u011fitim g\u00f6rmekteler. Milli E\u011fitim Bakanl\u0131\u011f\u0131\u2019nda \u00f6\u011frencilerimizi ve \u00f6\u011fretmenlerimizin can g\u00fcvenli\u011fi i\u00e7in buradaki binan\u0131n bir an \u00f6nce y\u0131k\u0131l\u0131p, yerine depreme dayan\u0131kl\u0131 bir bina in\u015fa edilmesini talep ediyoruz\u201d diye konu\u015ftu.\u00a0 \u00a0 \u200bCHP Milletvekili Aykut Kaya, &hellip;<\/p>","protected":false},"author":5,"featured_media":0,"comment_status":"closed","ping_status":"open","sticky":false,"template":"","format":"standard","meta":{"_acf_changed":false,"footnotes":""},"categories":[24],"tags":[],"class_list":["post-35519","post","type-post","status-publish","format-standard","has-post-thumbnail","hentry","category-gundem"],"acf":[],"yoast_head":"<!-- This site is optimized with the Yoast SEO Premium plugin v26.6 (Yoast SEO v27.1.1) - https:\/\/yoast.com\/product\/yoast-seo-premium-wordpress\/ -->\n<title>CHP\u2019li Kaya: Antalya\u2019da \u00f6l\u00fcm k\u00f6pr\u00fcleri tehlike sa\u00e7\u0131yor - Av. Deniz Can K\u0131z\u0131l<\/title>\n<meta name=\"robots\" content=\"index, follow, max-snippet:-1, max-image-preview:large, max-video-preview:-1\" \/>\n<link rel=\"canonical\" href=\"http:\/\/denizcankizil.tr\/en\/haberler\/gundem\/chpli-kaya-antalyada-olum-kopruleri-tehlike-saciyor\/\" \/>\n<meta property=\"og:locale\" content=\"en_GB\" \/>\n<meta property=\"og:type\" content=\"article\" \/>\n<meta property=\"og:title\" content=\"CHP\u2019li Kaya: Antalya\u2019da \u00f6l\u00fcm k\u00f6pr\u00fcleri tehlike sa\u00e7\u0131yor\" \/>\n<meta property=\"og:description\" content=\"CHP Antalya Milletvekili Aykut Kaya, T\u00fcrkiye B\u00fcy\u00fck Millet Meclisi\u2019nde yapt\u0131\u011f\u0131 konu\u015fmas\u0131nda Antalya\u2019n\u0131n Elmal\u0131 il\u00e7esinde bulunan dar ve tehlikeli k\u00f6pr\u00fclere dikkat \u00e7ekti. Kaya, Tar\u0131m ve Orman Bakanl\u0131\u011f\u0131\u2019na seslenerek il\u00e7ede bulunan ve vatanda\u015flar taraf\u0131ndan \u201c\u00f6l\u00fcm k\u00f6pr\u00fcleri\u201d olarak adland\u0131r\u0131lan k\u00f6pr\u00fclerin geni\u015fletilip yenilenmesini talep etti.\u00a0 \u201c\u00d6L\u00dcM K\u00d6PR\u00dcLER\u0130 TEHL\u0130KE SA\u00c7IYOR\u201d\u00a0 Kaya, \u00f6l\u00fcm k\u00f6pr\u00fclerinin b\u00fcy\u00fck tehlike olu\u015fturdu\u011funa belirterek, \u201cElmal\u0131 il\u00e7emizde bir di\u011fer tehlike ise \u00f6l\u00fcm sa\u00e7an k\u00f6pr\u00fcler. Avlan G\u00f6l\u00fc bitiminden Karamik Mahallesi\u2019ne giden yolda bulunan ve \u2018\u00f6l\u00fcm k\u00f6pr\u00fcs\u00fc olarak adland\u0131r\u0131lan\u2019 k\u00f6pr\u00fc b\u00fcy\u00fck tehlike sa\u00e7\u0131yor. Ayn\u0131 g\u00fczergahta, \u0130ncebel mevkiindeki k\u00f6pr\u00fc, Bayralar Mahallesi\u2019ni ovalara ba\u011flayan k\u00f6pr\u00fc ve Ak\u00e7ay mahallesini Armutlu, Av\u015far ve Z\u00fcmr\u00fctova mahallelerine ba\u011flayan At Alan\u0131 mevkiindeki k\u00f6pr\u00fcler dar ve tehlikeli. Tar\u0131m ve Orman Bakanl\u0131\u011f\u0131\u2019ndan k\u00f6pr\u00fclerin geni\u015fletilip yenilenmesini talep ediyoruz\u201d dedi.\u00a0 \u201cOKUL YIKILMA TEHL\u0130KES\u0130 ALTINDA\u201d Aykut Kaya, il\u00e7enin bir ba\u015fka sorununa da dikkat \u00e7ekti. Elmal\u0131\u2019da bulunan Yuva \u0130lkokulu&#8217;nun hasarl\u0131 durumda oldu\u011funu ve binana y\u0131k\u0131lmas\u0131 halinde \u00f6\u011frencilerin ile \u00f6\u011fretmenlerin y\u0131k\u0131lan duvarlar\u0131n alt\u0131nda kalabilece\u011fini vurgulayarak, \u201cElmal\u0131 il\u00e7emizin Yuva Mahallesi\u2019ndeki Yuva \u0130lkokulu hasarl\u0131 durumda ve risk alt\u0131nda. Kuzuk\u00f6y, Mursal, Tavullar, \u0130mircik ve Ge\u00e7it mahallelerinden gelen \u00f6\u011frencilerimiz burada e\u011fitim g\u00f6rmekteler. Milli E\u011fitim Bakanl\u0131\u011f\u0131\u2019nda \u00f6\u011frencilerimizi ve \u00f6\u011fretmenlerimizin can g\u00fcvenli\u011fi i\u00e7in buradaki binan\u0131n bir an \u00f6nce y\u0131k\u0131l\u0131p, yerine depreme dayan\u0131kl\u0131 bir bina in\u015fa edilmesini talep ediyoruz\u201d diye konu\u015ftu.\u00a0 \u00a0 \u200bCHP Milletvekili Aykut Kaya, &hellip;\" \/>\n<meta property=\"og:url\" content=\"http:\/\/denizcankizil.tr\/en\/haberler\/gundem\/chpli-kaya-antalyada-olum-kopruleri-tehlike-saciyor\/\" \/>\n<meta property=\"og:site_name\" content=\"Av. Deniz Can K\u0131z\u0131l\" \/>\n<meta property=\"article:published_time\" content=\"2025-03-12T14:41:15+00:00\" \/>\n<meta property=\"article:modified_time\" content=\"2025-03-15T21:44:03+00:00\" \/>\n<meta name=\"author\" content=\"Antalya K\u00f6rfez\" \/>\n<meta name=\"twitter:card\" content=\"summary_large_image\" \/>\n<meta name=\"twitter:label1\" content=\"Written by\" \/>\n\t<meta name=\"twitter:data1\" content=\"Antalya K\u00f6rfez\" \/>\n\t<meta name=\"twitter:label2\" content=\"Estimated reading time\" \/>\n\t<meta name=\"twitter:data2\" content=\"2 minutes\" \/>\n<script type=\"application\/ld+json\" class=\"yoast-schema-graph\">{\"@context\":\"https:\/\/schema.org\",\"@graph\":[{\"@type\":\"Article\",\"@id\":\"http:\/\/denizcankizil.tr\/ru\/haberler\/gundem\/chpli-kaya-antalyada-olum-kopruleri-tehlike-saciyor\/#article\",\"isPartOf\":{\"@id\":\"http:\/\/denizcankizil.tr\/ru\/haberler\/gundem\/chpli-kaya-antalyada-olum-kopruleri-tehlike-saciyor\/\"},\"author\":{\"name\":\"Antalya K\u00f6rfez\",\"@id\":\"https:\/\/denizcankizil.tr\/de\/#\/schema\/person\/e1eb71bb4dd684d46563f0af307e1234\"},\"headline\":\"CHP\u2019li Kaya: Antalya\u2019da \u00f6l\u00fcm k\u00f6pr\u00fcleri tehlike sa\u00e7\u0131yor\",\"datePublished\":\"2025-03-12T14:41:15+00:00\",\"dateModified\":\"2025-03-15T21:44:03+00:00\",\"mainEntityOfPage\":{\"@id\":\"http:\/\/denizcankizil.tr\/ru\/haberler\/gundem\/chpli-kaya-antalyada-olum-kopruleri-tehlike-saciyor\/\"},\"wordCount\":360,\"publisher\":{\"@id\":\"https:\/\/denizcankizil.tr\/de\/#organization\"},\"articleSection\":[\"G\u00fcndem\"],\"inLanguage\":\"en-GB\"},{\"@type\":\"WebPage\",\"@id\":\"http:\/\/denizcankizil.tr\/ru\/haberler\/gundem\/chpli-kaya-antalyada-olum-kopruleri-tehlike-saciyor\/\",\"url\":\"http:\/\/denizcankizil.tr\/ru\/haberler\/gundem\/chpli-kaya-antalyada-olum-kopruleri-tehlike-saciyor\/\",\"name\":\"CHP\u2019li Kaya: Antalya\u2019da \u00f6l\u00fcm k\u00f6pr\u00fcleri tehlike sa\u00e7\u0131yor - Av. Deniz Can K\u0131z\u0131l\",\"isPartOf\":{\"@id\":\"https:\/\/denizcankizil.tr\/de\/#website\"},\"datePublished\":\"2025-03-12T14:41:15+00:00\",\"dateModified\":\"2025-03-15T21:44:03+00:00\",\"breadcrumb\":{\"@id\":\"http:\/\/denizcankizil.tr\/ru\/haberler\/gundem\/chpli-kaya-antalyada-olum-kopruleri-tehlike-saciyor\/#breadcrumb\"},\"inLanguage\":\"en-GB\",\"potentialAction\":[{\"@type\":\"ReadAction\",\"target\":[\"http:\/\/denizcankizil.tr\/ru\/haberler\/gundem\/chpli-kaya-antalyada-olum-kopruleri-tehlike-saciyor\/\"]}]},{\"@type\":\"BreadcrumbList\",\"@id\":\"http:\/\/denizcankizil.tr\/ru\/haberler\/gundem\/chpli-kaya-antalyada-olum-kopruleri-tehlike-saciyor\/#breadcrumb\",\"itemListElement\":[{\"@type\":\"ListItem\",\"position\":1,\"name\":\"Home\",\"item\":\"https:\/\/denizcankizil.tr\/de\/\"},{\"@type\":\"ListItem\",\"position\":2,\"name\":\"CHP\u2019li Kaya: Antalya\u2019da \u00f6l\u00fcm k\u00f6pr\u00fcleri tehlike sa\u00e7\u0131yor\"}]},{\"@type\":\"WebSite\",\"@id\":\"https:\/\/denizcankizil.tr\/de\/#website\",\"url\":\"https:\/\/denizcankizil.tr\/de\/\",\"name\":\"Av. Deniz Can K\u0131z\u0131l\",\"description\":\"Avukat Deniz Can K\u0131z\u0131l Antalya Barosu\",\"publisher\":{\"@id\":\"https:\/\/denizcankizil.tr\/de\/#organization\"},\"potentialAction\":[{\"@type\":\"SearchAction\",\"target\":{\"@type\":\"EntryPoint\",\"urlTemplate\":\"https:\/\/denizcankizil.tr\/de\/?s={search_term_string}\"},\"query-input\":{\"@type\":\"PropertyValueSpecification\",\"valueRequired\":true,\"valueName\":\"search_term_string\"}}],\"inLanguage\":\"en-GB\"},{\"@type\":\"Organization\",\"@id\":\"https:\/\/denizcankizil.tr\/de\/#organization\",\"name\":\"Av. Deniz Can K\u0131z\u0131l\",\"url\":\"https:\/\/denizcankizil.tr\/de\/\",\"logo\":{\"@type\":\"ImageObject\",\"inLanguage\":\"en-GB\",\"@id\":\"https:\/\/denizcankizil.tr\/de\/#\/schema\/logo\/image\/\",\"url\":\"https:\/\/denizcankizil.tr\/wp-content\/uploads\/2024\/10\/siyah-logo-svg.svg\",\"contentUrl\":\"https:\/\/denizcankizil.tr\/wp-content\/uploads\/2024\/10\/siyah-logo-svg.svg\",\"width\":1080,\"height\":1080,\"caption\":\"Av. Deniz Can K\u0131z\u0131l\"},\"image\":{\"@id\":\"https:\/\/denizcankizil.tr\/de\/#\/schema\/logo\/image\/\"}},{\"@type\":\"Person\",\"@id\":\"https:\/\/denizcankizil.tr\/de\/#\/schema\/person\/e1eb71bb4dd684d46563f0af307e1234\",\"name\":\"Antalya K\u00f6rfez\",\"image\":{\"@type\":\"ImageObject\",\"inLanguage\":\"en-GB\",\"@id\":\"https:\/\/denizcankizil.tr\/de\/#\/schema\/person\/image\/\",\"url\":\"https:\/\/secure.gravatar.com\/avatar\/42b01982558a48a0b501fdcab6a408d3717ea5919095ee2e67b0e521799c5905?s=96&d=mm&r=g\",\"contentUrl\":\"https:\/\/secure.gravatar.com\/avatar\/42b01982558a48a0b501fdcab6a408d3717ea5919095ee2e67b0e521799c5905?s=96&d=mm&r=g\",\"caption\":\"Antalya K\u00f6rfez\"},\"sameAs\":[\"http:\/\/www.antalyakorfez.com\"],\"url\":\"https:\/\/www.antalyakorfez.com\/chpli-kaya-antalyada-olum-kopruleri-tehlike-saciyor\"}]}<\/script>\n<!-- \/ Yoast SEO Premium plugin. -->","yoast_head_json":{"title":"CHP\u2019li Kaya: Antalya\u2019da \u00f6l\u00fcm k\u00f6pr\u00fcleri tehlike sa\u00e7\u0131yor - Av. Deniz Can K\u0131z\u0131l","robots":{"index":"index","follow":"follow","max-snippet":"max-snippet:-1","max-image-preview":"max-image-preview:large","max-video-preview":"max-video-preview:-1"},"canonical":"http:\/\/denizcankizil.tr\/en\/haberler\/gundem\/chpli-kaya-antalyada-olum-kopruleri-tehlike-saciyor\/","og_locale":"en_GB","og_type":"article","og_title":"CHP\u2019li Kaya: Antalya\u2019da \u00f6l\u00fcm k\u00f6pr\u00fcleri tehlike sa\u00e7\u0131yor","og_description":"CHP Antalya Milletvekili Aykut Kaya, T\u00fcrkiye B\u00fcy\u00fck Millet Meclisi\u2019nde yapt\u0131\u011f\u0131 konu\u015fmas\u0131nda Antalya\u2019n\u0131n Elmal\u0131 il\u00e7esinde bulunan dar ve tehlikeli k\u00f6pr\u00fclere dikkat \u00e7ekti. Kaya, Tar\u0131m ve Orman Bakanl\u0131\u011f\u0131\u2019na seslenerek il\u00e7ede bulunan ve vatanda\u015flar taraf\u0131ndan \u201c\u00f6l\u00fcm k\u00f6pr\u00fcleri\u201d olarak adland\u0131r\u0131lan k\u00f6pr\u00fclerin geni\u015fletilip yenilenmesini talep etti.\u00a0 \u201c\u00d6L\u00dcM K\u00d6PR\u00dcLER\u0130 TEHL\u0130KE SA\u00c7IYOR\u201d\u00a0 Kaya, \u00f6l\u00fcm k\u00f6pr\u00fclerinin b\u00fcy\u00fck tehlike olu\u015fturdu\u011funa belirterek, \u201cElmal\u0131 il\u00e7emizde bir di\u011fer tehlike ise \u00f6l\u00fcm sa\u00e7an k\u00f6pr\u00fcler. Avlan G\u00f6l\u00fc bitiminden Karamik Mahallesi\u2019ne giden yolda bulunan ve \u2018\u00f6l\u00fcm k\u00f6pr\u00fcs\u00fc olarak adland\u0131r\u0131lan\u2019 k\u00f6pr\u00fc b\u00fcy\u00fck tehlike sa\u00e7\u0131yor. Ayn\u0131 g\u00fczergahta, \u0130ncebel mevkiindeki k\u00f6pr\u00fc, Bayralar Mahallesi\u2019ni ovalara ba\u011flayan k\u00f6pr\u00fc ve Ak\u00e7ay mahallesini Armutlu, Av\u015far ve Z\u00fcmr\u00fctova mahallelerine ba\u011flayan At Alan\u0131 mevkiindeki k\u00f6pr\u00fcler dar ve tehlikeli. Tar\u0131m ve Orman Bakanl\u0131\u011f\u0131\u2019ndan k\u00f6pr\u00fclerin geni\u015fletilip yenilenmesini talep ediyoruz\u201d dedi.\u00a0 \u201cOKUL YIKILMA TEHL\u0130KES\u0130 ALTINDA\u201d Aykut Kaya, il\u00e7enin bir ba\u015fka sorununa da dikkat \u00e7ekti. Elmal\u0131\u2019da bulunan Yuva \u0130lkokulu&#8217;nun hasarl\u0131 durumda oldu\u011funu ve binana y\u0131k\u0131lmas\u0131 halinde \u00f6\u011frencilerin ile \u00f6\u011fretmenlerin y\u0131k\u0131lan duvarlar\u0131n alt\u0131nda kalabilece\u011fini vurgulayarak, \u201cElmal\u0131 il\u00e7emizin Yuva Mahallesi\u2019ndeki Yuva \u0130lkokulu hasarl\u0131 durumda ve risk alt\u0131nda. Kuzuk\u00f6y, Mursal, Tavullar, \u0130mircik ve Ge\u00e7it mahallelerinden gelen \u00f6\u011frencilerimiz burada e\u011fitim g\u00f6rmekteler. Milli E\u011fitim Bakanl\u0131\u011f\u0131\u2019nda \u00f6\u011frencilerimizi ve \u00f6\u011fretmenlerimizin can g\u00fcvenli\u011fi i\u00e7in buradaki binan\u0131n bir an \u00f6nce y\u0131k\u0131l\u0131p, yerine depreme dayan\u0131kl\u0131 bir bina in\u015fa edilmesini talep ediyoruz\u201d diye konu\u015ftu.\u00a0 \u00a0 \u200bCHP Milletvekili Aykut Kaya, &hellip;","og_url":"http:\/\/denizcankizil.tr\/en\/haberler\/gundem\/chpli-kaya-antalyada-olum-kopruleri-tehlike-saciyor\/","og_site_name":"Av. Deniz Can K\u0131z\u0131l","article_published_time":"2025-03-12T14:41:15+00:00","article_modified_time":"2025-03-15T21:44:03+00:00","author":"Antalya K\u00f6rfez","twitter_card":"summary_large_image","twitter_misc":{"Written by":"Antalya K\u00f6rfez","Estimated reading time":"2 minutes"},"schema":{"@context":"https:\/\/schema.org","@graph":[{"@type":"Article","@id":"http:\/\/denizcankizil.tr\/ru\/haberler\/gundem\/chpli-kaya-antalyada-olum-kopruleri-tehlike-saciyor\/#article","isPartOf":{"@id":"http:\/\/denizcankizil.tr\/ru\/haberler\/gundem\/chpli-kaya-antalyada-olum-kopruleri-tehlike-saciyor\/"},"author":{"name":"Antalya K\u00f6rfez","@id":"https:\/\/denizcankizil.tr\/de\/#\/schema\/person\/e1eb71bb4dd684d46563f0af307e1234"},"headline":"CHP\u2019li Kaya: Antalya\u2019da \u00f6l\u00fcm k\u00f6pr\u00fcleri tehlike sa\u00e7\u0131yor","datePublished":"2025-03-12T14:41:15+00:00","dateModified":"2025-03-15T21:44:03+00:00","mainEntityOfPage":{"@id":"http:\/\/denizcankizil.tr\/ru\/haberler\/gundem\/chpli-kaya-antalyada-olum-kopruleri-tehlike-saciyor\/"},"wordCount":360,"publisher":{"@id":"https:\/\/denizcankizil.tr\/de\/#organization"},"articleSection":["G\u00fcndem"],"inLanguage":"en-GB"},{"@type":"WebPage","@id":"http:\/\/denizcankizil.tr\/ru\/haberler\/gundem\/chpli-kaya-antalyada-olum-kopruleri-tehlike-saciyor\/","url":"http:\/\/denizcankizil.tr\/ru\/haberler\/gundem\/chpli-kaya-antalyada-olum-kopruleri-tehlike-saciyor\/","name":"CHP\u2019li Kaya: Antalya\u2019da \u00f6l\u00fcm k\u00f6pr\u00fcleri tehlike sa\u00e7\u0131yor - Av. Deniz Can K\u0131z\u0131l","isPartOf":{"@id":"https:\/\/denizcankizil.tr\/de\/#website"},"datePublished":"2025-03-12T14:41:15+00:00","dateModified":"2025-03-15T21:44:03+00:00","breadcrumb":{"@id":"http:\/\/denizcankizil.tr\/ru\/haberler\/gundem\/chpli-kaya-antalyada-olum-kopruleri-tehlike-saciyor\/#breadcrumb"},"inLanguage":"en-GB","potentialAction":[{"@type":"ReadAction","target":["http:\/\/denizcankizil.tr\/ru\/haberler\/gundem\/chpli-kaya-antalyada-olum-kopruleri-tehlike-saciyor\/"]}]},{"@type":"BreadcrumbList","@id":"http:\/\/denizcankizil.tr\/ru\/haberler\/gundem\/chpli-kaya-antalyada-olum-kopruleri-tehlike-saciyor\/#breadcrumb","itemListElement":[{"@type":"ListItem","position":1,"name":"Home","item":"https:\/\/denizcankizil.tr\/de\/"},{"@type":"ListItem","position":2,"name":"CHP\u2019li Kaya: Antalya\u2019da \u00f6l\u00fcm k\u00f6pr\u00fcleri tehlike sa\u00e7\u0131yor"}]},{"@type":"WebSite","@id":"https:\/\/denizcankizil.tr\/de\/#website","url":"https:\/\/denizcankizil.tr\/de\/","name":"Av. Deniz Can K\u0131z\u0131l","description":"Avukat Deniz Can K\u0131z\u0131l Antalya Barosu","publisher":{"@id":"https:\/\/denizcankizil.tr\/de\/#organization"},"potentialAction":[{"@type":"SearchAction","target":{"@type":"EntryPoint","urlTemplate":"https:\/\/denizcankizil.tr\/de\/?s={search_term_string}"},"query-input":{"@type":"PropertyValueSpecification","valueRequired":true,"valueName":"search_term_string"}}],"inLanguage":"en-GB"},{"@type":"Organization","@id":"https:\/\/denizcankizil.tr\/de\/#organization","name":"Av. Deniz Can K\u0131z\u0131l","url":"https:\/\/denizcankizil.tr\/de\/","logo":{"@type":"ImageObject","inLanguage":"en-GB","@id":"https:\/\/denizcankizil.tr\/de\/#\/schema\/logo\/image\/","url":"https:\/\/denizcankizil.tr\/wp-content\/uploads\/2024\/10\/siyah-logo-svg.svg","contentUrl":"https:\/\/denizcankizil.tr\/wp-content\/uploads\/2024\/10\/siyah-logo-svg.svg","width":1080,"height":1080,"caption":"Av. Deniz Can K\u0131z\u0131l"},"image":{"@id":"https:\/\/denizcankizil.tr\/de\/#\/schema\/logo\/image\/"}},{"@type":"Person","@id":"https:\/\/denizcankizil.tr\/de\/#\/schema\/person\/e1eb71bb4dd684d46563f0af307e1234","name":"Antalya K\u00f6rfez","image":{"@type":"ImageObject","inLanguage":"en-GB","@id":"https:\/\/denizcankizil.tr\/de\/#\/schema\/person\/image\/","url":"https:\/\/secure.gravatar.com\/avatar\/42b01982558a48a0b501fdcab6a408d3717ea5919095ee2e67b0e521799c5905?s=96&d=mm&r=g","contentUrl":"https:\/\/secure.gravatar.com\/avatar\/42b01982558a48a0b501fdcab6a408d3717ea5919095ee2e67b0e521799c5905?s=96&d=mm&r=g","caption":"Antalya K\u00f6rfez"},"sameAs":["http:\/\/www.antalyakorfez.com"],"url":"https:\/\/www.antalyakorfez.com\/chpli-kaya-antalyada-olum-kopruleri-tehlike-saciyor"}]}},"_links":{"self":[{"href":"https:\/\/denizcankizil.tr\/en\/wp-json\/wp\/v2\/posts\/35519","targetHints":{"allow":["GET"]}}],"collection":[{"href":"https:\/\/denizcankizil.tr\/en\/wp-json\/wp\/v2\/posts"}],"about":[{"href":"https:\/\/denizcankizil.tr\/en\/wp-json\/wp\/v2\/types\/post"}],"author":[{"embeddable":true,"href":"https:\/\/denizcankizil.tr\/en\/wp-json\/wp\/v2\/users\/5"}],"replies":[{"embeddable":true,"href":"https:\/\/denizcankizil.tr\/en\/wp-json\/wp\/v2\/comments?post=35519"}],"version-history":[{"count":1,"href":"https:\/\/denizcankizil.tr\/en\/wp-json\/wp\/v2\/posts\/35519\/revisions"}],"predecessor-version":[{"id":35957,"href":"https:\/\/denizcankizil.tr\/en\/wp-json\/wp\/v2\/posts\/35519\/revisions\/35957"}],"wp:attachment":[{"href":"https:\/\/denizcankizil.tr\/en\/wp-json\/wp\/v2\/media?parent=35519"}],"wp:term":[{"taxonomy":"category","embeddable":true,"href":"https:\/\/denizcankizil.tr\/en\/wp-json\/wp\/v2\/categories?post=35519"},{"taxonomy":"post_tag","embeddable":true,"href":"https:\/\/denizcankizil.tr\/en\/wp-json\/wp\/v2\/tags?post=35519"}],"curies":[{"name":"wp","href":"https:\/\/api.w.org\/{rel}","templated":true}]}}