{"id":35427,"date":"2025-03-11T19:41:37","date_gmt":"2025-03-11T16:41:37","guid":{"rendered":"https:\/\/denizcankizil.tr\/uncategorized-tr\/conrad-istanbul-bosphorus-ramazan-menusu-ile-gida-israfini-azaltmaya-devam-ediyor\/"},"modified":"2025-03-11T19:41:37","modified_gmt":"2025-03-11T16:41:37","slug":"conrad-istanbul-bosphorus-ramazan-menusu-ile-gida-israfini-azaltmaya-devam-ediyor","status":"publish","type":"post","link":"https:\/\/denizcankizil.tr\/en\/haberler\/gundem\/conrad-istanbul-bosphorus-ramazan-menusu-ile-gida-israfini-azaltmaya-devam-ediyor\/","title":{"rendered":"Conrad Istanbul Bosphorus Ramazan Men\u00fcs\u00fc \u0130le\u00a0  G\u0131da Israf\u0131n\u0131 Azaltmaya Devam Ediyor!"},"content":{"rendered":"<p>Conrad Istanbul Bosphorus Ramazan Men\u00fcs\u00fc \u0130le\u00a0<\/p>\n<p>G\u0131da Israf\u0131n\u0131 Azaltmaya Devam Ediyor!<\/p>\n<p>\u00a0<\/p>\n<p>Conrad Istanbul Bosphorus, sahiplendi\u011fi s\u00fcrd\u00fcr\u00fclebilir gastronomi yakla\u015f\u0131m\u0131yla hayata ge\u00e7irdi\u011fi\u00a0<\/p>\n<p>\u201cGreen Ramadan\u201d program\u0131n\u0131n Ramazan men\u00fcs\u00fc ile g\u0131da israf\u0131n\u0131 azaltmaya devam ediyor.<\/p>\n<p>\u200bConrad Istanbul Bosphorus Ramazan Men\u00fcs\u00fc \u0130le\u00a0<\/p>\n<p>G\u0131da Israf\u0131n\u0131 Azaltmaya Devam Ediyor!<\/p>\n<p>\u00a0<\/p>\n<p>Conrad Istanbul Bosphorus, sahiplendi\u011fi s\u00fcrd\u00fcr\u00fclebilir gastronomi yakla\u015f\u0131m\u0131yla hayata ge\u00e7irdi\u011fi\u00a0<\/p>\n<p>\u201cGreen Ramadan\u201d program\u0131n\u0131n Ramazan men\u00fcs\u00fc ile g\u0131da israf\u0131n\u0131 azaltmaya devam ediyor.\u00a0<\/p>\n<p>\u200bHaberin Al\u0131nt\u0131land\u0131\u011f\u0131 Kaynak: www.iskenderun.org<\/p>","protected":false},"excerpt":{"rendered":"<p>Conrad Istanbul Bosphorus Ramazan Men\u00fcs\u00fc \u0130le\u00a0 G\u0131da Israf\u0131n\u0131 Azaltmaya Devam Ediyor! \u00a0 Conrad Istanbul Bosphorus, sahiplendi\u011fi s\u00fcrd\u00fcr\u00fclebilir gastronomi yakla\u015f\u0131m\u0131yla hayata ge\u00e7irdi\u011fi\u00a0 \u201cGreen Ramadan\u201d program\u0131n\u0131n Ramazan men\u00fcs\u00fc ile g\u0131da israf\u0131n\u0131 azaltmaya devam ediyor. \u200bConrad Istanbul Bosphorus Ramazan Men\u00fcs\u00fc \u0130le\u00a0 G\u0131da Israf\u0131n\u0131 Azaltmaya Devam Ediyor! \u00a0 Conrad Istanbul Bosphorus, sahiplendi\u011fi s\u00fcrd\u00fcr\u00fclebilir gastronomi yakla\u015f\u0131m\u0131yla hayata ge\u00e7irdi\u011fi\u00a0 \u201cGreen Ramadan\u201d program\u0131n\u0131n Ramazan men\u00fcs\u00fc ile g\u0131da israf\u0131n\u0131 azaltmaya devam ediyor.\u00a0 \u200bHaberin Al\u0131nt\u0131land\u0131\u011f\u0131 Kaynak: www.iskenderun.org<\/p>","protected":false},"author":1,"featured_media":0,"comment_status":"open","ping_status":"open","sticky":false,"template":"","format":"standard","meta":{"_acf_changed":false,"footnotes":""},"categories":[24],"tags":[],"class_list":["post-35427","post","type-post","status-publish","format-standard","has-post-thumbnail","hentry","category-gundem"],"acf":[],"yoast_head":"<!-- This site is optimized with the Yoast SEO Premium plugin v26.6 (Yoast SEO v27.1.1) - https:\/\/yoast.com\/product\/yoast-seo-premium-wordpress\/ -->\n<title>Conrad Istanbul Bosphorus Ramazan Men\u00fcs\u00fc \u0130le\u00a0 G\u0131da Israf\u0131n\u0131 Azaltmaya Devam Ediyor! - Av. Deniz Can K\u0131z\u0131l<\/title>\n<meta name=\"robots\" content=\"index, follow, max-snippet:-1, max-image-preview:large, max-video-preview:-1\" \/>\n<link rel=\"canonical\" href=\"https:\/\/denizcankizil.tr\/en\/haberler\/gundem\/conrad-istanbul-bosphorus-ramazan-menusu-ile-gida-israfini-azaltmaya-devam-ediyor\/\" \/>\n<meta property=\"og:locale\" content=\"en_GB\" \/>\n<meta property=\"og:type\" content=\"article\" \/>\n<meta property=\"og:title\" content=\"Conrad Istanbul Bosphorus Ramazan Men\u00fcs\u00fc \u0130le\u00a0 G\u0131da Israf\u0131n\u0131 Azaltmaya Devam Ediyor!\" \/>\n<meta property=\"og:description\" content=\"Conrad Istanbul Bosphorus Ramazan Men\u00fcs\u00fc \u0130le\u00a0 G\u0131da Israf\u0131n\u0131 Azaltmaya Devam Ediyor! \u00a0 Conrad Istanbul Bosphorus, sahiplendi\u011fi s\u00fcrd\u00fcr\u00fclebilir gastronomi yakla\u015f\u0131m\u0131yla hayata ge\u00e7irdi\u011fi\u00a0 \u201cGreen Ramadan\u201d program\u0131n\u0131n Ramazan men\u00fcs\u00fc ile g\u0131da israf\u0131n\u0131 azaltmaya devam ediyor. \u200bConrad Istanbul Bosphorus Ramazan Men\u00fcs\u00fc \u0130le\u00a0 G\u0131da Israf\u0131n\u0131 Azaltmaya Devam Ediyor! \u00a0 Conrad Istanbul Bosphorus, sahiplendi\u011fi s\u00fcrd\u00fcr\u00fclebilir gastronomi yakla\u015f\u0131m\u0131yla hayata ge\u00e7irdi\u011fi\u00a0 \u201cGreen Ramadan\u201d program\u0131n\u0131n Ramazan men\u00fcs\u00fc ile g\u0131da israf\u0131n\u0131 azaltmaya devam ediyor.\u00a0 \u200bHaberin Al\u0131nt\u0131land\u0131\u011f\u0131 Kaynak: www.iskenderun.org\" \/>\n<meta property=\"og:url\" content=\"https:\/\/denizcankizil.tr\/en\/haberler\/gundem\/conrad-istanbul-bosphorus-ramazan-menusu-ile-gida-israfini-azaltmaya-devam-ediyor\/\" \/>\n<meta property=\"og:site_name\" content=\"Av. Deniz Can K\u0131z\u0131l\" \/>\n<meta property=\"article:published_time\" content=\"2025-03-11T16:41:37+00:00\" \/>\n<meta name=\"author\" content=\"admin\" \/>\n<meta name=\"twitter:card\" content=\"summary_large_image\" \/>\n<meta name=\"twitter:label1\" content=\"Written by\" \/>\n\t<meta name=\"twitter:data1\" content=\"admin\" \/>\n\t<meta name=\"twitter:label2\" content=\"Estimated reading time\" \/>\n\t<meta name=\"twitter:data2\" content=\"1 minute\" \/>\n<script type=\"application\/ld+json\" class=\"yoast-schema-graph\">{\"@context\":\"https:\/\/schema.org\",\"@graph\":[{\"@type\":\"Article\",\"@id\":\"https:\/\/denizcankizil.tr\/en\/haberler\/gundem\/conrad-istanbul-bosphorus-ramazan-menusu-ile-gida-israfini-azaltmaya-devam-ediyor\/#article\",\"isPartOf\":{\"@id\":\"https:\/\/denizcankizil.tr\/en\/haberler\/gundem\/conrad-istanbul-bosphorus-ramazan-menusu-ile-gida-israfini-azaltmaya-devam-ediyor\/\"},\"author\":{\"name\":\"admin\",\"@id\":\"https:\/\/denizcankizil.tr\/#\/schema\/person\/be3c05fe6a12686905512445d8185489\"},\"headline\":\"Conrad Istanbul Bosphorus Ramazan Men\u00fcs\u00fc \u0130le\u00a0 G\u0131da Israf\u0131n\u0131 Azaltmaya Devam Ediyor!\",\"datePublished\":\"2025-03-11T16:41:37+00:00\",\"mainEntityOfPage\":{\"@id\":\"https:\/\/denizcankizil.tr\/en\/haberler\/gundem\/conrad-istanbul-bosphorus-ramazan-menusu-ile-gida-israfini-azaltmaya-devam-ediyor\/\"},\"wordCount\":116,\"commentCount\":0,\"publisher\":{\"@id\":\"https:\/\/denizcankizil.tr\/#organization\"},\"articleSection\":[\"G\u00fcndem\"],\"inLanguage\":\"en-GB\",\"potentialAction\":[{\"@type\":\"CommentAction\",\"name\":\"Comment\",\"target\":[\"https:\/\/denizcankizil.tr\/en\/haberler\/gundem\/conrad-istanbul-bosphorus-ramazan-menusu-ile-gida-israfini-azaltmaya-devam-ediyor\/#respond\"]}]},{\"@type\":\"WebPage\",\"@id\":\"https:\/\/denizcankizil.tr\/en\/haberler\/gundem\/conrad-istanbul-bosphorus-ramazan-menusu-ile-gida-israfini-azaltmaya-devam-ediyor\/\",\"url\":\"https:\/\/denizcankizil.tr\/en\/haberler\/gundem\/conrad-istanbul-bosphorus-ramazan-menusu-ile-gida-israfini-azaltmaya-devam-ediyor\/\",\"name\":\"Conrad Istanbul Bosphorus Ramazan Men\u00fcs\u00fc \u0130le\u00a0 G\u0131da Israf\u0131n\u0131 Azaltmaya Devam Ediyor! - Av. Deniz Can K\u0131z\u0131l\",\"isPartOf\":{\"@id\":\"https:\/\/denizcankizil.tr\/#website\"},\"datePublished\":\"2025-03-11T16:41:37+00:00\",\"breadcrumb\":{\"@id\":\"https:\/\/denizcankizil.tr\/en\/haberler\/gundem\/conrad-istanbul-bosphorus-ramazan-menusu-ile-gida-israfini-azaltmaya-devam-ediyor\/#breadcrumb\"},\"inLanguage\":\"en-GB\",\"potentialAction\":[{\"@type\":\"ReadAction\",\"target\":[\"https:\/\/denizcankizil.tr\/en\/haberler\/gundem\/conrad-istanbul-bosphorus-ramazan-menusu-ile-gida-israfini-azaltmaya-devam-ediyor\/\"]}]},{\"@type\":\"BreadcrumbList\",\"@id\":\"https:\/\/denizcankizil.tr\/en\/haberler\/gundem\/conrad-istanbul-bosphorus-ramazan-menusu-ile-gida-israfini-azaltmaya-devam-ediyor\/#breadcrumb\",\"itemListElement\":[{\"@type\":\"ListItem\",\"position\":1,\"name\":\"Home\",\"item\":\"https:\/\/denizcankizil.tr\/de\/\"},{\"@type\":\"ListItem\",\"position\":2,\"name\":\"Conrad Istanbul Bosphorus Ramazan Men\u00fcs\u00fc \u0130le\u00a0 G\u0131da Israf\u0131n\u0131 Azaltmaya Devam Ediyor!\"}]},{\"@type\":\"WebSite\",\"@id\":\"https:\/\/denizcankizil.tr\/#website\",\"url\":\"https:\/\/denizcankizil.tr\/\",\"name\":\"Av. Deniz Can K\u0131z\u0131l\",\"description\":\"Avukat Deniz Can K\u0131z\u0131l Antalya Barosu\",\"publisher\":{\"@id\":\"https:\/\/denizcankizil.tr\/#organization\"},\"potentialAction\":[{\"@type\":\"SearchAction\",\"target\":{\"@type\":\"EntryPoint\",\"urlTemplate\":\"https:\/\/denizcankizil.tr\/?s={search_term_string}\"},\"query-input\":{\"@type\":\"PropertyValueSpecification\",\"valueRequired\":true,\"valueName\":\"search_term_string\"}}],\"inLanguage\":\"en-GB\"},{\"@type\":\"Organization\",\"@id\":\"https:\/\/denizcankizil.tr\/#organization\",\"name\":\"Av. Deniz Can K\u0131z\u0131l\",\"url\":\"https:\/\/denizcankizil.tr\/\",\"logo\":{\"@type\":\"ImageObject\",\"inLanguage\":\"en-GB\",\"@id\":\"https:\/\/denizcankizil.tr\/#\/schema\/logo\/image\/\",\"url\":\"https:\/\/denizcankizil.tr\/wp-content\/uploads\/2024\/10\/siyah-logo-svg.svg\",\"contentUrl\":\"https:\/\/denizcankizil.tr\/wp-content\/uploads\/2024\/10\/siyah-logo-svg.svg\",\"width\":1080,\"height\":1080,\"caption\":\"Av. Deniz Can K\u0131z\u0131l\"},\"image\":{\"@id\":\"https:\/\/denizcankizil.tr\/#\/schema\/logo\/image\/\"}},{\"@type\":\"Person\",\"@id\":\"https:\/\/denizcankizil.tr\/#\/schema\/person\/be3c05fe6a12686905512445d8185489\",\"name\":\"admin\",\"image\":{\"@type\":\"ImageObject\",\"inLanguage\":\"en-GB\",\"@id\":\"https:\/\/denizcankizil.tr\/#\/schema\/person\/image\/\",\"url\":\"https:\/\/secure.gravatar.com\/avatar\/c1fce94c830dc79107e174f890d7210541c4a63e8e5d816341794a2151c9d58c?s=96&d=mm&r=g\",\"contentUrl\":\"https:\/\/secure.gravatar.com\/avatar\/c1fce94c830dc79107e174f890d7210541c4a63e8e5d816341794a2151c9d58c?s=96&d=mm&r=g\",\"caption\":\"admin\"},\"sameAs\":[\"http:\/\/denizcankizil.tr\"],\"url\":\"https:\/\/www.iskenderun.org\/conrad-istanbul-bosphorus-ramazan-menusu-ile-gida-israfini-azaltmaya-devam-ediyor\"}]}<\/script>\n<!-- \/ Yoast SEO Premium plugin. -->","yoast_head_json":{"title":"Conrad Istanbul Bosphorus Ramazan Men\u00fcs\u00fc \u0130le\u00a0 G\u0131da Israf\u0131n\u0131 Azaltmaya Devam Ediyor! - Av. Deniz Can K\u0131z\u0131l","robots":{"index":"index","follow":"follow","max-snippet":"max-snippet:-1","max-image-preview":"max-image-preview:large","max-video-preview":"max-video-preview:-1"},"canonical":"https:\/\/denizcankizil.tr\/en\/haberler\/gundem\/conrad-istanbul-bosphorus-ramazan-menusu-ile-gida-israfini-azaltmaya-devam-ediyor\/","og_locale":"en_GB","og_type":"article","og_title":"Conrad Istanbul Bosphorus Ramazan Men\u00fcs\u00fc \u0130le\u00a0 G\u0131da Israf\u0131n\u0131 Azaltmaya Devam Ediyor!","og_description":"Conrad Istanbul Bosphorus Ramazan Men\u00fcs\u00fc \u0130le\u00a0 G\u0131da Israf\u0131n\u0131 Azaltmaya Devam Ediyor! \u00a0 Conrad Istanbul Bosphorus, sahiplendi\u011fi s\u00fcrd\u00fcr\u00fclebilir gastronomi yakla\u015f\u0131m\u0131yla hayata ge\u00e7irdi\u011fi\u00a0 \u201cGreen Ramadan\u201d program\u0131n\u0131n Ramazan men\u00fcs\u00fc ile g\u0131da israf\u0131n\u0131 azaltmaya devam ediyor. \u200bConrad Istanbul Bosphorus Ramazan Men\u00fcs\u00fc \u0130le\u00a0 G\u0131da Israf\u0131n\u0131 Azaltmaya Devam Ediyor! \u00a0 Conrad Istanbul Bosphorus, sahiplendi\u011fi s\u00fcrd\u00fcr\u00fclebilir gastronomi yakla\u015f\u0131m\u0131yla hayata ge\u00e7irdi\u011fi\u00a0 \u201cGreen Ramadan\u201d program\u0131n\u0131n Ramazan men\u00fcs\u00fc ile g\u0131da israf\u0131n\u0131 azaltmaya devam ediyor.\u00a0 \u200bHaberin Al\u0131nt\u0131land\u0131\u011f\u0131 Kaynak: www.iskenderun.org","og_url":"https:\/\/denizcankizil.tr\/en\/haberler\/gundem\/conrad-istanbul-bosphorus-ramazan-menusu-ile-gida-israfini-azaltmaya-devam-ediyor\/","og_site_name":"Av. Deniz Can K\u0131z\u0131l","article_published_time":"2025-03-11T16:41:37+00:00","author":"admin","twitter_card":"summary_large_image","twitter_misc":{"Written by":"admin","Estimated reading time":"1 minute"},"schema":{"@context":"https:\/\/schema.org","@graph":[{"@type":"Article","@id":"https:\/\/denizcankizil.tr\/en\/haberler\/gundem\/conrad-istanbul-bosphorus-ramazan-menusu-ile-gida-israfini-azaltmaya-devam-ediyor\/#article","isPartOf":{"@id":"https:\/\/denizcankizil.tr\/en\/haberler\/gundem\/conrad-istanbul-bosphorus-ramazan-menusu-ile-gida-israfini-azaltmaya-devam-ediyor\/"},"author":{"name":"admin","@id":"https:\/\/denizcankizil.tr\/#\/schema\/person\/be3c05fe6a12686905512445d8185489"},"headline":"Conrad Istanbul Bosphorus Ramazan Men\u00fcs\u00fc \u0130le\u00a0 G\u0131da Israf\u0131n\u0131 Azaltmaya Devam Ediyor!","datePublished":"2025-03-11T16:41:37+00:00","mainEntityOfPage":{"@id":"https:\/\/denizcankizil.tr\/en\/haberler\/gundem\/conrad-istanbul-bosphorus-ramazan-menusu-ile-gida-israfini-azaltmaya-devam-ediyor\/"},"wordCount":116,"commentCount":0,"publisher":{"@id":"https:\/\/denizcankizil.tr\/#organization"},"articleSection":["G\u00fcndem"],"inLanguage":"en-GB","potentialAction":[{"@type":"CommentAction","name":"Comment","target":["https:\/\/denizcankizil.tr\/en\/haberler\/gundem\/conrad-istanbul-bosphorus-ramazan-menusu-ile-gida-israfini-azaltmaya-devam-ediyor\/#respond"]}]},{"@type":"WebPage","@id":"https:\/\/denizcankizil.tr\/en\/haberler\/gundem\/conrad-istanbul-bosphorus-ramazan-menusu-ile-gida-israfini-azaltmaya-devam-ediyor\/","url":"https:\/\/denizcankizil.tr\/en\/haberler\/gundem\/conrad-istanbul-bosphorus-ramazan-menusu-ile-gida-israfini-azaltmaya-devam-ediyor\/","name":"Conrad Istanbul Bosphorus Ramazan Men\u00fcs\u00fc \u0130le\u00a0 G\u0131da Israf\u0131n\u0131 Azaltmaya Devam Ediyor! - Av. Deniz Can K\u0131z\u0131l","isPartOf":{"@id":"https:\/\/denizcankizil.tr\/#website"},"datePublished":"2025-03-11T16:41:37+00:00","breadcrumb":{"@id":"https:\/\/denizcankizil.tr\/en\/haberler\/gundem\/conrad-istanbul-bosphorus-ramazan-menusu-ile-gida-israfini-azaltmaya-devam-ediyor\/#breadcrumb"},"inLanguage":"en-GB","potentialAction":[{"@type":"ReadAction","target":["https:\/\/denizcankizil.tr\/en\/haberler\/gundem\/conrad-istanbul-bosphorus-ramazan-menusu-ile-gida-israfini-azaltmaya-devam-ediyor\/"]}]},{"@type":"BreadcrumbList","@id":"https:\/\/denizcankizil.tr\/en\/haberler\/gundem\/conrad-istanbul-bosphorus-ramazan-menusu-ile-gida-israfini-azaltmaya-devam-ediyor\/#breadcrumb","itemListElement":[{"@type":"ListItem","position":1,"name":"Home","item":"https:\/\/denizcankizil.tr\/de\/"},{"@type":"ListItem","position":2,"name":"Conrad Istanbul Bosphorus Ramazan Men\u00fcs\u00fc \u0130le\u00a0 G\u0131da Israf\u0131n\u0131 Azaltmaya Devam Ediyor!"}]},{"@type":"WebSite","@id":"https:\/\/denizcankizil.tr\/#website","url":"https:\/\/denizcankizil.tr\/","name":"Av. Deniz Can K\u0131z\u0131l","description":"Avukat Deniz Can K\u0131z\u0131l Antalya Barosu","publisher":{"@id":"https:\/\/denizcankizil.tr\/#organization"},"potentialAction":[{"@type":"SearchAction","target":{"@type":"EntryPoint","urlTemplate":"https:\/\/denizcankizil.tr\/?s={search_term_string}"},"query-input":{"@type":"PropertyValueSpecification","valueRequired":true,"valueName":"search_term_string"}}],"inLanguage":"en-GB"},{"@type":"Organization","@id":"https:\/\/denizcankizil.tr\/#organization","name":"Av. Deniz Can K\u0131z\u0131l","url":"https:\/\/denizcankizil.tr\/","logo":{"@type":"ImageObject","inLanguage":"en-GB","@id":"https:\/\/denizcankizil.tr\/#\/schema\/logo\/image\/","url":"https:\/\/denizcankizil.tr\/wp-content\/uploads\/2024\/10\/siyah-logo-svg.svg","contentUrl":"https:\/\/denizcankizil.tr\/wp-content\/uploads\/2024\/10\/siyah-logo-svg.svg","width":1080,"height":1080,"caption":"Av. Deniz Can K\u0131z\u0131l"},"image":{"@id":"https:\/\/denizcankizil.tr\/#\/schema\/logo\/image\/"}},{"@type":"Person","@id":"https:\/\/denizcankizil.tr\/#\/schema\/person\/be3c05fe6a12686905512445d8185489","name":"admin","image":{"@type":"ImageObject","inLanguage":"en-GB","@id":"https:\/\/denizcankizil.tr\/#\/schema\/person\/image\/","url":"https:\/\/secure.gravatar.com\/avatar\/c1fce94c830dc79107e174f890d7210541c4a63e8e5d816341794a2151c9d58c?s=96&d=mm&r=g","contentUrl":"https:\/\/secure.gravatar.com\/avatar\/c1fce94c830dc79107e174f890d7210541c4a63e8e5d816341794a2151c9d58c?s=96&d=mm&r=g","caption":"admin"},"sameAs":["http:\/\/denizcankizil.tr"],"url":"https:\/\/www.iskenderun.org\/conrad-istanbul-bosphorus-ramazan-menusu-ile-gida-israfini-azaltmaya-devam-ediyor"}]}},"_links":{"self":[{"href":"https:\/\/denizcankizil.tr\/en\/wp-json\/wp\/v2\/posts\/35427","targetHints":{"allow":["GET"]}}],"collection":[{"href":"https:\/\/denizcankizil.tr\/en\/wp-json\/wp\/v2\/posts"}],"about":[{"href":"https:\/\/denizcankizil.tr\/en\/wp-json\/wp\/v2\/types\/post"}],"author":[{"embeddable":true,"href":"https:\/\/denizcankizil.tr\/en\/wp-json\/wp\/v2\/users\/1"}],"replies":[{"embeddable":true,"href":"https:\/\/denizcankizil.tr\/en\/wp-json\/wp\/v2\/comments?post=35427"}],"version-history":[{"count":0,"href":"https:\/\/denizcankizil.tr\/en\/wp-json\/wp\/v2\/posts\/35427\/revisions"}],"wp:attachment":[{"href":"https:\/\/denizcankizil.tr\/en\/wp-json\/wp\/v2\/media?parent=35427"}],"wp:term":[{"taxonomy":"category","embeddable":true,"href":"https:\/\/denizcankizil.tr\/en\/wp-json\/wp\/v2\/categories?post=35427"},{"taxonomy":"post_tag","embeddable":true,"href":"https:\/\/denizcankizil.tr\/en\/wp-json\/wp\/v2\/tags?post=35427"}],"curies":[{"name":"wp","href":"https:\/\/api.w.org\/{rel}","templated":true}]}}