{"id":35418,"date":"2025-03-11T18:41:25","date_gmt":"2025-03-11T15:41:25","guid":{"rendered":"https:\/\/denizcankizil.tr\/uncategorized-tr\/kadinlar-gununde-depremzede-yararina-konser\/"},"modified":"2025-03-11T18:41:25","modified_gmt":"2025-03-11T15:41:25","slug":"kadinlar-gununde-depremzede-yararina-konser","status":"publish","type":"post","link":"https:\/\/denizcankizil.tr\/en\/haberler\/gundem\/kadinlar-gununde-depremzede-yararina-konser\/","title":{"rendered":"Kad\u0131nlar G\u00fcn\u00fcnde depremzede yarar\u0131na konser"},"content":{"rendered":"<p>Boston\u2019da ya\u015fayan T\u00fcrk vatanda\u015flar\u0131n\u0131n organize etti\u011fi etkinlikte, kat\u0131l\u0131mc\u0131lar e\u011flenceli bir ak\u015fam ge\u00e7irirken, deprem b\u00f6lgesindeki yaralar\u0131n sar\u0131lmas\u0131na katk\u0131 sa\u011flamay\u0131 ama\u00e7lad\u0131lar. Hatayl\u0131 Serkan \u00c7imen, konseriyle ilgili olarak, &#8220;Depremzedeler i\u00e7in d\u00fczenlenen bu konserde sahne almaktan olduk\u00e7a mutluyum. Memleketime ve hem\u015ferilerime katk\u0131 sa\u011flamaktan onur duydum&#8221; dedi.<\/p>\n<p>Konserde elde edilen gelir, Zeru Foundation arac\u0131l\u0131\u011f\u0131yla depremden etkilenen Hatayl\u0131 \u00fcretici kad\u0131nlara ula\u015ft\u0131r\u0131lacak. Bu anlaml\u0131 etkinlik, kat\u0131l\u0131mc\u0131lara hem e\u011flenceli anlar ya\u015fat\u0131rken hem de depremzedelere umut olmay\u0131 ba\u015fard\u0131.<\/p>\n<p>\u200b\u0130skenderun Adliyesi&#8217;nde psikolog olarak g\u00f6rev yapan Hatayl\u0131 Serkan \u00c7imen, Amerika Birle\u015fik Devletleri&#8217;nin Boston \u015fehrinde kad\u0131nlar g\u00fcn\u00fc etkinli\u011fi kapsam\u0131nda konser verdi. Konserin geliri, Hatay&#8217;daki depremzedelere yard\u0131m amac\u0131yla d\u00fczenlendi.\u00a0<\/p>\n<p>\u200bHaberin Al\u0131nt\u0131land\u0131\u011f\u0131 Kaynak: www.iskenderun.org<\/p>","protected":false},"excerpt":{"rendered":"<p>Boston\u2019da ya\u015fayan T\u00fcrk vatanda\u015flar\u0131n\u0131n organize etti\u011fi etkinlikte, kat\u0131l\u0131mc\u0131lar e\u011flenceli bir ak\u015fam ge\u00e7irirken, deprem b\u00f6lgesindeki yaralar\u0131n sar\u0131lmas\u0131na katk\u0131 sa\u011flamay\u0131 ama\u00e7lad\u0131lar. Hatayl\u0131 Serkan \u00c7imen, konseriyle ilgili olarak, &#8220;Depremzedeler i\u00e7in d\u00fczenlenen bu konserde sahne almaktan olduk\u00e7a mutluyum. Memleketime ve hem\u015ferilerime katk\u0131 sa\u011flamaktan onur duydum&#8221; dedi. Konserde elde edilen gelir, Zeru Foundation arac\u0131l\u0131\u011f\u0131yla depremden etkilenen Hatayl\u0131 \u00fcretici kad\u0131nlara ula\u015ft\u0131r\u0131lacak. Bu anlaml\u0131 etkinlik, kat\u0131l\u0131mc\u0131lara hem e\u011flenceli anlar ya\u015fat\u0131rken hem de depremzedelere umut olmay\u0131 ba\u015fard\u0131. \u200b\u0130skenderun Adliyesi&#8217;nde psikolog olarak g\u00f6rev yapan Hatayl\u0131 Serkan \u00c7imen, Amerika Birle\u015fik Devletleri&#8217;nin Boston \u015fehrinde kad\u0131nlar g\u00fcn\u00fc etkinli\u011fi kapsam\u0131nda konser verdi. Konserin geliri, Hatay&#8217;daki depremzedelere yard\u0131m amac\u0131yla d\u00fczenlendi.\u00a0 \u200bHaberin Al\u0131nt\u0131land\u0131\u011f\u0131 Kaynak: www.iskenderun.org<\/p>","protected":false},"author":1,"featured_media":0,"comment_status":"open","ping_status":"open","sticky":false,"template":"","format":"standard","meta":{"_acf_changed":false,"footnotes":""},"categories":[24],"tags":[],"class_list":["post-35418","post","type-post","status-publish","format-standard","has-post-thumbnail","hentry","category-gundem"],"acf":[],"yoast_head":"<!-- This site is optimized with the Yoast SEO Premium plugin v26.6 (Yoast SEO v27.1.1) - https:\/\/yoast.com\/product\/yoast-seo-premium-wordpress\/ -->\n<title>Kad\u0131nlar G\u00fcn\u00fcnde depremzede yarar\u0131na konser - Av. Deniz Can K\u0131z\u0131l<\/title>\n<meta name=\"robots\" content=\"index, follow, max-snippet:-1, max-image-preview:large, max-video-preview:-1\" \/>\n<link rel=\"canonical\" href=\"https:\/\/denizcankizil.tr\/en\/haberler\/gundem\/kadinlar-gununde-depremzede-yararina-konser\/\" \/>\n<meta property=\"og:locale\" content=\"en_GB\" \/>\n<meta property=\"og:type\" content=\"article\" \/>\n<meta property=\"og:title\" content=\"Kad\u0131nlar G\u00fcn\u00fcnde depremzede yarar\u0131na konser\" \/>\n<meta property=\"og:description\" content=\"Boston\u2019da ya\u015fayan T\u00fcrk vatanda\u015flar\u0131n\u0131n organize etti\u011fi etkinlikte, kat\u0131l\u0131mc\u0131lar e\u011flenceli bir ak\u015fam ge\u00e7irirken, deprem b\u00f6lgesindeki yaralar\u0131n sar\u0131lmas\u0131na katk\u0131 sa\u011flamay\u0131 ama\u00e7lad\u0131lar. Hatayl\u0131 Serkan \u00c7imen, konseriyle ilgili olarak, &#8220;Depremzedeler i\u00e7in d\u00fczenlenen bu konserde sahne almaktan olduk\u00e7a mutluyum. Memleketime ve hem\u015ferilerime katk\u0131 sa\u011flamaktan onur duydum&#8221; dedi. Konserde elde edilen gelir, Zeru Foundation arac\u0131l\u0131\u011f\u0131yla depremden etkilenen Hatayl\u0131 \u00fcretici kad\u0131nlara ula\u015ft\u0131r\u0131lacak. Bu anlaml\u0131 etkinlik, kat\u0131l\u0131mc\u0131lara hem e\u011flenceli anlar ya\u015fat\u0131rken hem de depremzedelere umut olmay\u0131 ba\u015fard\u0131. \u200b\u0130skenderun Adliyesi&#8217;nde psikolog olarak g\u00f6rev yapan Hatayl\u0131 Serkan \u00c7imen, Amerika Birle\u015fik Devletleri&#8217;nin Boston \u015fehrinde kad\u0131nlar g\u00fcn\u00fc etkinli\u011fi kapsam\u0131nda konser verdi. Konserin geliri, Hatay&#8217;daki depremzedelere yard\u0131m amac\u0131yla d\u00fczenlendi.\u00a0 \u200bHaberin Al\u0131nt\u0131land\u0131\u011f\u0131 Kaynak: www.iskenderun.org\" \/>\n<meta property=\"og:url\" content=\"https:\/\/denizcankizil.tr\/en\/haberler\/gundem\/kadinlar-gununde-depremzede-yararina-konser\/\" \/>\n<meta property=\"og:site_name\" content=\"Av. Deniz Can K\u0131z\u0131l\" \/>\n<meta property=\"article:published_time\" content=\"2025-03-11T15:41:25+00:00\" \/>\n<meta name=\"author\" content=\"admin\" \/>\n<meta name=\"twitter:card\" content=\"summary_large_image\" \/>\n<meta name=\"twitter:label1\" content=\"Written by\" \/>\n\t<meta name=\"twitter:data1\" content=\"admin\" \/>\n\t<meta name=\"twitter:label2\" content=\"Estimated reading time\" \/>\n\t<meta name=\"twitter:data2\" content=\"1 minute\" \/>\n<script type=\"application\/ld+json\" class=\"yoast-schema-graph\">{\"@context\":\"https:\/\/schema.org\",\"@graph\":[{\"@type\":\"Article\",\"@id\":\"https:\/\/denizcankizil.tr\/en\/haberler\/gundem\/kadinlar-gununde-depremzede-yararina-konser\/#article\",\"isPartOf\":{\"@id\":\"https:\/\/denizcankizil.tr\/en\/haberler\/gundem\/kadinlar-gununde-depremzede-yararina-konser\/\"},\"author\":{\"name\":\"admin\",\"@id\":\"https:\/\/denizcankizil.tr\/de\/#\/schema\/person\/be3c05fe6a12686905512445d8185489\"},\"headline\":\"Kad\u0131nlar G\u00fcn\u00fcnde depremzede yarar\u0131na konser\",\"datePublished\":\"2025-03-11T15:41:25+00:00\",\"mainEntityOfPage\":{\"@id\":\"https:\/\/denizcankizil.tr\/en\/haberler\/gundem\/kadinlar-gununde-depremzede-yararina-konser\/\"},\"wordCount\":163,\"commentCount\":0,\"publisher\":{\"@id\":\"https:\/\/denizcankizil.tr\/de\/#organization\"},\"articleSection\":[\"G\u00fcndem\"],\"inLanguage\":\"en-GB\",\"potentialAction\":[{\"@type\":\"CommentAction\",\"name\":\"Comment\",\"target\":[\"https:\/\/denizcankizil.tr\/en\/haberler\/gundem\/kadinlar-gununde-depremzede-yararina-konser\/#respond\"]}]},{\"@type\":\"WebPage\",\"@id\":\"https:\/\/denizcankizil.tr\/en\/haberler\/gundem\/kadinlar-gununde-depremzede-yararina-konser\/\",\"url\":\"https:\/\/denizcankizil.tr\/en\/haberler\/gundem\/kadinlar-gununde-depremzede-yararina-konser\/\",\"name\":\"Kad\u0131nlar G\u00fcn\u00fcnde depremzede yarar\u0131na konser - Av. Deniz Can K\u0131z\u0131l\",\"isPartOf\":{\"@id\":\"https:\/\/denizcankizil.tr\/de\/#website\"},\"datePublished\":\"2025-03-11T15:41:25+00:00\",\"breadcrumb\":{\"@id\":\"https:\/\/denizcankizil.tr\/en\/haberler\/gundem\/kadinlar-gununde-depremzede-yararina-konser\/#breadcrumb\"},\"inLanguage\":\"en-GB\",\"potentialAction\":[{\"@type\":\"ReadAction\",\"target\":[\"https:\/\/denizcankizil.tr\/en\/haberler\/gundem\/kadinlar-gununde-depremzede-yararina-konser\/\"]}]},{\"@type\":\"BreadcrumbList\",\"@id\":\"https:\/\/denizcankizil.tr\/en\/haberler\/gundem\/kadinlar-gununde-depremzede-yararina-konser\/#breadcrumb\",\"itemListElement\":[{\"@type\":\"ListItem\",\"position\":1,\"name\":\"Home\",\"item\":\"https:\/\/denizcankizil.tr\/de\/\"},{\"@type\":\"ListItem\",\"position\":2,\"name\":\"Kad\u0131nlar G\u00fcn\u00fcnde depremzede yarar\u0131na konser\"}]},{\"@type\":\"WebSite\",\"@id\":\"https:\/\/denizcankizil.tr\/de\/#website\",\"url\":\"https:\/\/denizcankizil.tr\/de\/\",\"name\":\"Av. Deniz Can K\u0131z\u0131l\",\"description\":\"Avukat Deniz Can K\u0131z\u0131l Antalya Barosu\",\"publisher\":{\"@id\":\"https:\/\/denizcankizil.tr\/de\/#organization\"},\"potentialAction\":[{\"@type\":\"SearchAction\",\"target\":{\"@type\":\"EntryPoint\",\"urlTemplate\":\"https:\/\/denizcankizil.tr\/de\/?s={search_term_string}\"},\"query-input\":{\"@type\":\"PropertyValueSpecification\",\"valueRequired\":true,\"valueName\":\"search_term_string\"}}],\"inLanguage\":\"en-GB\"},{\"@type\":\"Organization\",\"@id\":\"https:\/\/denizcankizil.tr\/de\/#organization\",\"name\":\"Av. Deniz Can K\u0131z\u0131l\",\"url\":\"https:\/\/denizcankizil.tr\/de\/\",\"logo\":{\"@type\":\"ImageObject\",\"inLanguage\":\"en-GB\",\"@id\":\"https:\/\/denizcankizil.tr\/de\/#\/schema\/logo\/image\/\",\"url\":\"https:\/\/denizcankizil.tr\/wp-content\/uploads\/2024\/10\/siyah-logo-svg.svg\",\"contentUrl\":\"https:\/\/denizcankizil.tr\/wp-content\/uploads\/2024\/10\/siyah-logo-svg.svg\",\"width\":1080,\"height\":1080,\"caption\":\"Av. Deniz Can K\u0131z\u0131l\"},\"image\":{\"@id\":\"https:\/\/denizcankizil.tr\/de\/#\/schema\/logo\/image\/\"}},{\"@type\":\"Person\",\"@id\":\"https:\/\/denizcankizil.tr\/de\/#\/schema\/person\/be3c05fe6a12686905512445d8185489\",\"name\":\"admin\",\"image\":{\"@type\":\"ImageObject\",\"inLanguage\":\"en-GB\",\"@id\":\"https:\/\/denizcankizil.tr\/de\/#\/schema\/person\/image\/\",\"url\":\"https:\/\/secure.gravatar.com\/avatar\/c1fce94c830dc79107e174f890d7210541c4a63e8e5d816341794a2151c9d58c?s=96&d=mm&r=g\",\"contentUrl\":\"https:\/\/secure.gravatar.com\/avatar\/c1fce94c830dc79107e174f890d7210541c4a63e8e5d816341794a2151c9d58c?s=96&d=mm&r=g\",\"caption\":\"admin\"},\"sameAs\":[\"http:\/\/denizcankizil.tr\"],\"url\":\"https:\/\/www.iskenderun.org\/kadinlar-gununde-depremzede-yararina-konser\"}]}<\/script>\n<!-- \/ Yoast SEO Premium plugin. -->","yoast_head_json":{"title":"Kad\u0131nlar G\u00fcn\u00fcnde depremzede yarar\u0131na konser - Av. Deniz Can K\u0131z\u0131l","robots":{"index":"index","follow":"follow","max-snippet":"max-snippet:-1","max-image-preview":"max-image-preview:large","max-video-preview":"max-video-preview:-1"},"canonical":"https:\/\/denizcankizil.tr\/en\/haberler\/gundem\/kadinlar-gununde-depremzede-yararina-konser\/","og_locale":"en_GB","og_type":"article","og_title":"Kad\u0131nlar G\u00fcn\u00fcnde depremzede yarar\u0131na konser","og_description":"Boston\u2019da ya\u015fayan T\u00fcrk vatanda\u015flar\u0131n\u0131n organize etti\u011fi etkinlikte, kat\u0131l\u0131mc\u0131lar e\u011flenceli bir ak\u015fam ge\u00e7irirken, deprem b\u00f6lgesindeki yaralar\u0131n sar\u0131lmas\u0131na katk\u0131 sa\u011flamay\u0131 ama\u00e7lad\u0131lar. Hatayl\u0131 Serkan \u00c7imen, konseriyle ilgili olarak, &#8220;Depremzedeler i\u00e7in d\u00fczenlenen bu konserde sahne almaktan olduk\u00e7a mutluyum. Memleketime ve hem\u015ferilerime katk\u0131 sa\u011flamaktan onur duydum&#8221; dedi. Konserde elde edilen gelir, Zeru Foundation arac\u0131l\u0131\u011f\u0131yla depremden etkilenen Hatayl\u0131 \u00fcretici kad\u0131nlara ula\u015ft\u0131r\u0131lacak. Bu anlaml\u0131 etkinlik, kat\u0131l\u0131mc\u0131lara hem e\u011flenceli anlar ya\u015fat\u0131rken hem de depremzedelere umut olmay\u0131 ba\u015fard\u0131. \u200b\u0130skenderun Adliyesi&#8217;nde psikolog olarak g\u00f6rev yapan Hatayl\u0131 Serkan \u00c7imen, Amerika Birle\u015fik Devletleri&#8217;nin Boston \u015fehrinde kad\u0131nlar g\u00fcn\u00fc etkinli\u011fi kapsam\u0131nda konser verdi. Konserin geliri, Hatay&#8217;daki depremzedelere yard\u0131m amac\u0131yla d\u00fczenlendi.\u00a0 \u200bHaberin Al\u0131nt\u0131land\u0131\u011f\u0131 Kaynak: www.iskenderun.org","og_url":"https:\/\/denizcankizil.tr\/en\/haberler\/gundem\/kadinlar-gununde-depremzede-yararina-konser\/","og_site_name":"Av. Deniz Can K\u0131z\u0131l","article_published_time":"2025-03-11T15:41:25+00:00","author":"admin","twitter_card":"summary_large_image","twitter_misc":{"Written by":"admin","Estimated reading time":"1 minute"},"schema":{"@context":"https:\/\/schema.org","@graph":[{"@type":"Article","@id":"https:\/\/denizcankizil.tr\/en\/haberler\/gundem\/kadinlar-gununde-depremzede-yararina-konser\/#article","isPartOf":{"@id":"https:\/\/denizcankizil.tr\/en\/haberler\/gundem\/kadinlar-gununde-depremzede-yararina-konser\/"},"author":{"name":"admin","@id":"https:\/\/denizcankizil.tr\/de\/#\/schema\/person\/be3c05fe6a12686905512445d8185489"},"headline":"Kad\u0131nlar G\u00fcn\u00fcnde depremzede yarar\u0131na konser","datePublished":"2025-03-11T15:41:25+00:00","mainEntityOfPage":{"@id":"https:\/\/denizcankizil.tr\/en\/haberler\/gundem\/kadinlar-gununde-depremzede-yararina-konser\/"},"wordCount":163,"commentCount":0,"publisher":{"@id":"https:\/\/denizcankizil.tr\/de\/#organization"},"articleSection":["G\u00fcndem"],"inLanguage":"en-GB","potentialAction":[{"@type":"CommentAction","name":"Comment","target":["https:\/\/denizcankizil.tr\/en\/haberler\/gundem\/kadinlar-gununde-depremzede-yararina-konser\/#respond"]}]},{"@type":"WebPage","@id":"https:\/\/denizcankizil.tr\/en\/haberler\/gundem\/kadinlar-gununde-depremzede-yararina-konser\/","url":"https:\/\/denizcankizil.tr\/en\/haberler\/gundem\/kadinlar-gununde-depremzede-yararina-konser\/","name":"Kad\u0131nlar G\u00fcn\u00fcnde depremzede yarar\u0131na konser - Av. Deniz Can K\u0131z\u0131l","isPartOf":{"@id":"https:\/\/denizcankizil.tr\/de\/#website"},"datePublished":"2025-03-11T15:41:25+00:00","breadcrumb":{"@id":"https:\/\/denizcankizil.tr\/en\/haberler\/gundem\/kadinlar-gununde-depremzede-yararina-konser\/#breadcrumb"},"inLanguage":"en-GB","potentialAction":[{"@type":"ReadAction","target":["https:\/\/denizcankizil.tr\/en\/haberler\/gundem\/kadinlar-gununde-depremzede-yararina-konser\/"]}]},{"@type":"BreadcrumbList","@id":"https:\/\/denizcankizil.tr\/en\/haberler\/gundem\/kadinlar-gununde-depremzede-yararina-konser\/#breadcrumb","itemListElement":[{"@type":"ListItem","position":1,"name":"Home","item":"https:\/\/denizcankizil.tr\/de\/"},{"@type":"ListItem","position":2,"name":"Kad\u0131nlar G\u00fcn\u00fcnde depremzede yarar\u0131na konser"}]},{"@type":"WebSite","@id":"https:\/\/denizcankizil.tr\/de\/#website","url":"https:\/\/denizcankizil.tr\/de\/","name":"Av. Deniz Can K\u0131z\u0131l","description":"Avukat Deniz Can K\u0131z\u0131l Antalya Barosu","publisher":{"@id":"https:\/\/denizcankizil.tr\/de\/#organization"},"potentialAction":[{"@type":"SearchAction","target":{"@type":"EntryPoint","urlTemplate":"https:\/\/denizcankizil.tr\/de\/?s={search_term_string}"},"query-input":{"@type":"PropertyValueSpecification","valueRequired":true,"valueName":"search_term_string"}}],"inLanguage":"en-GB"},{"@type":"Organization","@id":"https:\/\/denizcankizil.tr\/de\/#organization","name":"Av. Deniz Can K\u0131z\u0131l","url":"https:\/\/denizcankizil.tr\/de\/","logo":{"@type":"ImageObject","inLanguage":"en-GB","@id":"https:\/\/denizcankizil.tr\/de\/#\/schema\/logo\/image\/","url":"https:\/\/denizcankizil.tr\/wp-content\/uploads\/2024\/10\/siyah-logo-svg.svg","contentUrl":"https:\/\/denizcankizil.tr\/wp-content\/uploads\/2024\/10\/siyah-logo-svg.svg","width":1080,"height":1080,"caption":"Av. Deniz Can K\u0131z\u0131l"},"image":{"@id":"https:\/\/denizcankizil.tr\/de\/#\/schema\/logo\/image\/"}},{"@type":"Person","@id":"https:\/\/denizcankizil.tr\/de\/#\/schema\/person\/be3c05fe6a12686905512445d8185489","name":"admin","image":{"@type":"ImageObject","inLanguage":"en-GB","@id":"https:\/\/denizcankizil.tr\/de\/#\/schema\/person\/image\/","url":"https:\/\/secure.gravatar.com\/avatar\/c1fce94c830dc79107e174f890d7210541c4a63e8e5d816341794a2151c9d58c?s=96&d=mm&r=g","contentUrl":"https:\/\/secure.gravatar.com\/avatar\/c1fce94c830dc79107e174f890d7210541c4a63e8e5d816341794a2151c9d58c?s=96&d=mm&r=g","caption":"admin"},"sameAs":["http:\/\/denizcankizil.tr"],"url":"https:\/\/www.iskenderun.org\/kadinlar-gununde-depremzede-yararina-konser"}]}},"_links":{"self":[{"href":"https:\/\/denizcankizil.tr\/en\/wp-json\/wp\/v2\/posts\/35418","targetHints":{"allow":["GET"]}}],"collection":[{"href":"https:\/\/denizcankizil.tr\/en\/wp-json\/wp\/v2\/posts"}],"about":[{"href":"https:\/\/denizcankizil.tr\/en\/wp-json\/wp\/v2\/types\/post"}],"author":[{"embeddable":true,"href":"https:\/\/denizcankizil.tr\/en\/wp-json\/wp\/v2\/users\/1"}],"replies":[{"embeddable":true,"href":"https:\/\/denizcankizil.tr\/en\/wp-json\/wp\/v2\/comments?post=35418"}],"version-history":[{"count":0,"href":"https:\/\/denizcankizil.tr\/en\/wp-json\/wp\/v2\/posts\/35418\/revisions"}],"wp:attachment":[{"href":"https:\/\/denizcankizil.tr\/en\/wp-json\/wp\/v2\/media?parent=35418"}],"wp:term":[{"taxonomy":"category","embeddable":true,"href":"https:\/\/denizcankizil.tr\/en\/wp-json\/wp\/v2\/categories?post=35418"},{"taxonomy":"post_tag","embeddable":true,"href":"https:\/\/denizcankizil.tr\/en\/wp-json\/wp\/v2\/tags?post=35418"}],"curies":[{"name":"wp","href":"https:\/\/api.w.org\/{rel}","templated":true}]}}